{"id":1102,"date":"2016-06-24T12:00:28","date_gmt":"2016-06-24T10:00:28","guid":{"rendered":"http:\/\/21-grad.vaillant.de\/?p=1102"},"modified":"2019-02-19T09:57:36","modified_gmt":"2019-02-19T08:57:36","slug":"heizen-im-sommer-infos-tipps","status":"publish","type":"post","link":"https:\/\/www.vaillant.de\/21-grad\/rat-und-tat\/heizen-im-sommer-infos-tipps\/","title":{"rendered":"Heizen im Sommer:  Infos &#038; Tipps f\u00fcr Eigent\u00fcmer und Mieter"},"content":{"rendered":"<h2><strong>M\u00fcssen Vermieter laut Mietrecht im Sommer heizen?<\/strong><\/h2>\n<p>\u201eJa, das m\u00fcssen Vermieter! Und zwar immer dann, wenn die Au\u00dfentemperatur drei Tage lang weniger als 12 Grad betr\u00e4gt. Ist es nur mal einen Tag k\u00fchl, dann muss die Heizung im Sommer nicht extra eingeschaltet werden, da sich die Innenraumtemperatur in der Regel einige Tage h\u00e4lt\u201c, erl\u00e4utert Mietrechtsexperte J\u00fcrgen Becher vom Mieterverein K\u00f6ln.<\/p>\n<h2><strong>Auf welche Innenraumtemperaturen muss im Sommer mindestens geheizt werden?<\/strong><\/h2>\n<p>Dazu J\u00fcrgen Becher: \u201eJe nach Raum m\u00fcssen in der Wohnung mindestens 20 Grad erreicht werden. In der Nacht d\u00fcrfen die Temperaturen 18 Grad nicht unterschreiten.\u201c<\/p>\n<h2><strong>Welche Rechte haben Mieter, wenn die Heizung im Sommer kalt bleibt?<\/strong><\/h2>\n<p>\u201eStellt der Vermieter die Heizung trotz Aufforderung nicht an, dann kann der Mieter die Miete mindern. Sinkt die Innenraumtemperatur zum Beispiel an zwei Tagen auf 15 Grad, dann ist eine Mietminderung von zwei Prozent angemessen. Diese darf sich jedoch nur auf den Anteil der Miete f\u00fcr die beiden kalten Tage beziehen,\u201c so Becher.<\/p>\n<h2><strong>Nur einer der Nachbarn im Mehrfamilienhaus m\u00f6chte im kalten Sommer heizen. Kommen dann auf alle Mieter Kosten zu?<\/strong><\/h2>\n<p>\u201eWenn der Vermieter das Heizsystem anschaltet, entstehen Grundkosten \u2013 zum Beispiel durch den Stromverbrauch. Diese Grundkosten werden im Rahmen der Betriebskostenabrechnung auf alle Mieter umgelegt,\u201c sagt J\u00fcrgen Becher. Insofern fallen bei allen Parteien Kosten an \u2013 unabh\u00e4ngig vom individuellen Heizverhalten.<\/p>\n<h2><strong>Umschaltung Sommer-\/Winterbetrieb oder Heizung im Sommer ausschalten &#8211; was ist sinnvoller?<br \/>\n<\/strong><\/h2>\n<p>\u201eDas h\u00e4ngt vom Heizungstyp ab,\u201c erkl\u00e4rt J\u00f6rg Halbich von der <a href=\"http:\/\/www.reitz-topmann.de\/\">Reitz-Topmann GmbH<\/a>. \u201e<a href=\"https:\/\/www.vaillant.de\/heizung\/heizung-verstehen\/heiztechniklexikon\/begriffe-t-z\/zentralheizung\/\">Zentralheizungen<\/a> ohne Warmwasserbereitung sollten in jedem Fall abgeschaltet werden, um unn\u00f6tige Kosten zu vermeiden. Dies gilt jedoch nicht, wenn mit der Heizung auch warmes Wasser erzeugt wird. Denn moderne Ger\u00e4te wie die unseres Partners Vaillant schalten bei entsprechender Voreinstellung automatisch in den Sommerbetrieb. In diesem Modus wird kein Heizungswasser mehr bereitgestellt, sondern nur noch Warmwasser f\u00fcr K\u00fcche und Bad.\u201c Detaillierte Infos zur Einrichtung des Sommerbetriebs an Eurem Vaillant Heizsystem findet Ihr in der <a href=\"https:\/\/www.vaillant.de\/heizung\/service\/dokumente\/bedienungsanleitungen\/\">Betriebsanleitung<\/a>.<\/p>\n<h2><strong>Was ist bei Heizungen mit au\u00dfentemperaturgef\u00fchrter Regelungstechnik beachten?<\/strong><\/h2>\n<p>Je nach Au\u00dfentemperatur schalten sich diese Heizungen automatisch ein oder aus. \u201eHier legt der Eigent\u00fcmer fest, bei wie viel Grad dies geschieht. Herstellerseitig sind die Ger\u00e4te in der Regel auf 21 Grad Werkseinstellung voreingestellt,\u201c erl\u00e4utert J\u00f6rg Halbich. \u201eBei gut ged\u00e4mmten H\u00e4usern empfehlen wir, die Abschaltgrenze auf 12 Grad abzusenken.\u201c Da die H\u00e4user nur langsam ausk\u00fchlen, muss nicht so schnell nachgeheizt werden.\u201c<\/p>\n<h2><strong>Und wie geht man mit manuell zu bedienenden Konstanttemperaturkesseln um?<\/strong><\/h2>\n<p>\u201e\u00c4ltere Heizungsmodelle ohne automatische Regelung arbeiten in der kalten Jahreszeit h\u00e4ufig mit konstant hohen Vorlauftemperaturen von 70 bis 80 Grad. Diese kann schon im Fr\u00fchjahr heruntergeregelt werden. Im Sommer kann die Heizung dann manuell abgeschaltet werden. Dient sie auch zur Warmwasserbereitung, dann sollte die Brennerregelung oder die Speichertemperatur angepasst werden,\u201c so J\u00f6rg Halbich. \u201eWir empfehlen, sich dies beim ersten Mal von seinem Heizungsexperten am Ger\u00e4t zeigen zu lassen.\u201c<\/p>\n<p>Dar\u00fcber hinaus gilt: Fr\u00fchjahr und Sommer sind die idealen Jahreszeiten, um eine veraltete Heizung auszutauschen. Warum dies so ist und sich lohnt, erfahrt Ihr im Artikel <a href=\"https:\/\/www.vaillant.de\/21-grad\/rat-und-tat\/heizung-erneuern-aber-wann\/\">\u201eHeizung erneuern \u2013 Aber wann?\u201c<\/a>.<\/p>\n<h2><strong>J\u00f6rg Halbich Mitarbeiter des Vaillant Kompetenzpartner Reitz-Topmann Haustechnik im Interview:<\/strong><\/h2>\n<audio class=\"wp-audio-shortcode\" id=\"audio-1102-1\" preload=\"none\" style=\"width: 100%;\" controls=\"controls\"><source type=\"audio\/mpeg\" src=\"https:\/\/www.vaillant.de\/21-grad\/wp-content\/uploads\/2016\/06\/Podcast_Heizen_im_Sommer.mp3?_=1\" \/><a href=\"https:\/\/www.vaillant.de\/21-grad\/wp-content\/uploads\/2016\/06\/Podcast_Heizen_im_Sommer.mp3\">https:\/\/www.vaillant.de\/21-grad\/wp-content\/uploads\/2016\/06\/Podcast_Heizen_im_Sommer.mp3<\/a><\/audio>\n","protected":false},"excerpt":{"rendered":"<p>Die Heizung ausschalten und Energie sparen \u2013 ganz so einfach ist es nicht, denn beim Heizen im Sommer ist mietrechtlich und heizungstechnisch Einiges zu beachten. Wir haben J\u00fcrgen Becher vom Mieterverein K\u00f6ln und J\u00f6rg Halbich von Firma Reitz-Topmann Haustechnik aus Gie\u00dfen danach befragt. <\/p>\n","protected":false},"author":19,"featured_media":1466,"comment_status":"closed","ping_status":"open","sticky":false,"template":"","format":"standard","meta":{"footnotes":""},"categories":[2],"tags":[137,176],"coauthors":[243],"class_list":["post-1102","post","type-post","status-publish","format-standard","has-post-thumbnail","hentry","category-rat-und-tat","tag-heiztipps","tag-interviews"],"yoast_head":"<!-- This site is optimized with the Yoast SEO plugin v27.4 - https:\/\/yoast.com\/product\/yoast-seo-wordpress\/ -->\n<title>Heizen im Sommer: Infos &amp; Tipps f\u00fcr Mieter &amp; Vermieter | 21 grad<\/title>\n<meta name=\"description\" content=\"Im Sommer wird die Heizung ausgeschaltet \u2013 ist doch klar, oder? Nicht ganz. Was Mieter &amp; Vermieter beim Heizen im Sommer beachten m\u00fcssen, erfahrt ihr hier!\" \/>\n<meta name=\"robots\" content=\"index, follow, max-snippet:-1, max-image-preview:large, max-video-preview:-1\" \/>\n<link rel=\"canonical\" href=\"https:\/\/www.vaillant.de\/21-grad\/rat-und-tat\/heizen-im-sommer-infos-tipps\/\" \/>\n<meta property=\"og:locale\" content=\"de_DE\" \/>\n<meta property=\"og:type\" content=\"article\" \/>\n<meta property=\"og:title\" content=\"Heizen im Sommer: Infos &amp; Tipps f\u00fcr Mieter &amp; Vermieter | 21 grad\" \/>\n<meta property=\"og:description\" content=\"Im Sommer wird die Heizung ausgeschaltet \u2013 ist doch klar, oder? Nicht ganz. Was Mieter &amp; Vermieter beim Heizen im Sommer beachten m\u00fcssen, erfahrt ihr hier!\" \/>\n<meta property=\"og:url\" content=\"https:\/\/www.vaillant.de\/21-grad\/rat-und-tat\/heizen-im-sommer-infos-tipps\/\" \/>\n<meta property=\"og:site_name\" content=\"21 grad\" \/>\n<meta property=\"article:publisher\" content=\"https:\/\/www.facebook.com\/21grad\/\" \/>\n<meta property=\"article:published_time\" content=\"2016-06-24T10:00:28+00:00\" \/>\n<meta property=\"article:modified_time\" content=\"2019-02-19T08:57:36+00:00\" \/>\n<meta property=\"og:image\" content=\"https:\/\/www.vaillant.de\/21-grad\/wp-content\/uploads\/2016\/08\/Heizen-im-Sommer_940.jpg\" \/>\n\t<meta property=\"og:image:width\" content=\"940\" \/>\n\t<meta property=\"og:image:height\" content=\"480\" \/>\n\t<meta property=\"og:image:type\" content=\"image\/jpeg\" \/>\n<meta name=\"author\" content=\"Tim\" \/>\n<meta name=\"twitter:card\" content=\"summary_large_image\" \/>\n<meta name=\"twitter:creator\" content=\"@vaillant_de\" \/>\n<meta name=\"twitter:site\" content=\"@vaillant_de\" \/>\n<meta name=\"twitter:label1\" content=\"Verfasst von\" \/>\n\t<meta name=\"twitter:data1\" content=\"Tim\" \/>\n\t<meta name=\"twitter:label2\" content=\"Gesch\u00e4tzte Lesezeit\" \/>\n\t<meta name=\"twitter:data2\" content=\"3\u00a0Minuten\" \/>\n\t<meta name=\"twitter:label3\" content=\"Written by\" \/>\n\t<meta name=\"twitter:data3\" content=\"Tim\" \/>\n<script type=\"application\/ld+json\" class=\"yoast-schema-graph\">{\"@context\":\"https:\\\/\\\/schema.org\",\"@graph\":[{\"@type\":\"Article\",\"@id\":\"https:\\\/\\\/www.vaillant.de\\\/21-grad\\\/rat-und-tat\\\/heizen-im-sommer-infos-tipps\\\/#article\",\"isPartOf\":{\"@id\":\"https:\\\/\\\/www.vaillant.de\\\/21-grad\\\/rat-und-tat\\\/heizen-im-sommer-infos-tipps\\\/\"},\"author\":{\"name\":\"Tim\",\"@id\":\"https:\\\/\\\/www.vaillant.de\\\/21-grad\\\/#\\\/schema\\\/person\\\/6c5f5a4071f0c7be145a9df11dac0709\"},\"headline\":\"Heizen im Sommer: Infos &#038; Tipps f\u00fcr Eigent\u00fcmer und Mieter\",\"datePublished\":\"2016-06-24T10:00:28+00:00\",\"dateModified\":\"2019-02-19T08:57:36+00:00\",\"mainEntityOfPage\":{\"@id\":\"https:\\\/\\\/www.vaillant.de\\\/21-grad\\\/rat-und-tat\\\/heizen-im-sommer-infos-tipps\\\/\"},\"wordCount\":558,\"image\":{\"@id\":\"https:\\\/\\\/www.vaillant.de\\\/21-grad\\\/rat-und-tat\\\/heizen-im-sommer-infos-tipps\\\/#primaryimage\"},\"thumbnailUrl\":\"https:\\\/\\\/www.vaillant.de\\\/21-grad\\\/wp-content\\\/uploads\\\/2016\\\/08\\\/Heizen-im-Sommer_940.jpg\",\"keywords\":[\"Heiztipps\",\"Interviews\"],\"articleSection\":[\"Rat &amp; Tat\"],\"inLanguage\":\"de\"},{\"@type\":\"WebPage\",\"@id\":\"https:\\\/\\\/www.vaillant.de\\\/21-grad\\\/rat-und-tat\\\/heizen-im-sommer-infos-tipps\\\/\",\"url\":\"https:\\\/\\\/www.vaillant.de\\\/21-grad\\\/rat-und-tat\\\/heizen-im-sommer-infos-tipps\\\/\",\"name\":\"Heizen im Sommer: Infos & Tipps f\u00fcr Mieter & Vermieter | 21 grad\",\"isPartOf\":{\"@id\":\"https:\\\/\\\/www.vaillant.de\\\/21-grad\\\/#website\"},\"primaryImageOfPage\":{\"@id\":\"https:\\\/\\\/www.vaillant.de\\\/21-grad\\\/rat-und-tat\\\/heizen-im-sommer-infos-tipps\\\/#primaryimage\"},\"image\":{\"@id\":\"https:\\\/\\\/www.vaillant.de\\\/21-grad\\\/rat-und-tat\\\/heizen-im-sommer-infos-tipps\\\/#primaryimage\"},\"thumbnailUrl\":\"https:\\\/\\\/www.vaillant.de\\\/21-grad\\\/wp-content\\\/uploads\\\/2016\\\/08\\\/Heizen-im-Sommer_940.jpg\",\"datePublished\":\"2016-06-24T10:00:28+00:00\",\"dateModified\":\"2019-02-19T08:57:36+00:00\",\"author\":{\"@id\":\"https:\\\/\\\/www.vaillant.de\\\/21-grad\\\/#\\\/schema\\\/person\\\/6c5f5a4071f0c7be145a9df11dac0709\"},\"description\":\"Im Sommer wird die Heizung ausgeschaltet \u2013 ist doch klar, oder? Nicht ganz. Was Mieter & Vermieter beim Heizen im Sommer beachten m\u00fcssen, erfahrt ihr hier!\",\"breadcrumb\":{\"@id\":\"https:\\\/\\\/www.vaillant.de\\\/21-grad\\\/rat-und-tat\\\/heizen-im-sommer-infos-tipps\\\/#breadcrumb\"},\"inLanguage\":\"de\",\"potentialAction\":[{\"@type\":\"ReadAction\",\"target\":[\"https:\\\/\\\/www.vaillant.de\\\/21-grad\\\/rat-und-tat\\\/heizen-im-sommer-infos-tipps\\\/\"]}]},{\"@type\":\"ImageObject\",\"inLanguage\":\"de\",\"@id\":\"https:\\\/\\\/www.vaillant.de\\\/21-grad\\\/rat-und-tat\\\/heizen-im-sommer-infos-tipps\\\/#primaryimage\",\"url\":\"https:\\\/\\\/www.vaillant.de\\\/21-grad\\\/wp-content\\\/uploads\\\/2016\\\/08\\\/Heizen-im-Sommer_940.jpg\",\"contentUrl\":\"https:\\\/\\\/www.vaillant.de\\\/21-grad\\\/wp-content\\\/uploads\\\/2016\\\/08\\\/Heizen-im-Sommer_940.jpg\",\"width\":940,\"height\":480},{\"@type\":\"BreadcrumbList\",\"@id\":\"https:\\\/\\\/www.vaillant.de\\\/21-grad\\\/rat-und-tat\\\/heizen-im-sommer-infos-tipps\\\/#breadcrumb\",\"itemListElement\":[{\"@type\":\"ListItem\",\"position\":1,\"name\":\"Startseite\",\"item\":\"https:\\\/\\\/www.vaillant.de\\\/21-grad\\\/\"},{\"@type\":\"ListItem\",\"position\":2,\"name\":\"Heizen im Sommer: Infos &#038; Tipps f\u00fcr Eigent\u00fcmer und Mieter\"}]},{\"@type\":\"WebSite\",\"@id\":\"https:\\\/\\\/www.vaillant.de\\\/21-grad\\\/#website\",\"url\":\"https:\\\/\\\/www.vaillant.de\\\/21-grad\\\/\",\"name\":\"21 grad\",\"description\":\"Der Blog f\u00fcr Menschen, die weiterdenken\",\"potentialAction\":[{\"@type\":\"SearchAction\",\"target\":{\"@type\":\"EntryPoint\",\"urlTemplate\":\"https:\\\/\\\/www.vaillant.de\\\/21-grad\\\/?s={search_term_string}\"},\"query-input\":{\"@type\":\"PropertyValueSpecification\",\"valueRequired\":true,\"valueName\":\"search_term_string\"}}],\"inLanguage\":\"de\"},{\"@type\":\"Person\",\"@id\":\"https:\\\/\\\/www.vaillant.de\\\/21-grad\\\/#\\\/schema\\\/person\\\/6c5f5a4071f0c7be145a9df11dac0709\",\"name\":\"Tim\",\"image\":{\"@type\":\"ImageObject\",\"inLanguage\":\"de\",\"@id\":\"https:\\\/\\\/www.vaillant.de\\\/21-grad\\\/wp-content\\\/uploads\\\/2025\\\/04\\\/20230516_Vaillant-Mitarbeitershooting-Lennep_0005_MKP-1-125x125.jpg9c05c6497faaba75d1eddfe0b2afcc63\",\"url\":\"https:\\\/\\\/www.vaillant.de\\\/21-grad\\\/wp-content\\\/uploads\\\/2025\\\/04\\\/20230516_Vaillant-Mitarbeitershooting-Lennep_0005_MKP-1-125x125.jpg\",\"contentUrl\":\"https:\\\/\\\/www.vaillant.de\\\/21-grad\\\/wp-content\\\/uploads\\\/2025\\\/04\\\/20230516_Vaillant-Mitarbeitershooting-Lennep_0005_MKP-1-125x125.jpg\",\"caption\":\"Tim\"},\"description\":\"Ob Facebook oder Twitter, ob # oder @, ob Like oder Share \u2013 in meinem Arbeitsalltag dreht sich alles um Social Media. Ich sorge daf\u00fcr, dass unsere Zielgruppen sowohl informative als auch unterhaltsame und interaktive Inhalte mit Mehrwert auf unseren Kan\u00e4len finden. Nachhaltigkeit Nachhaltigkeit spielt vor allem in meiner Bewegung eine Rolle, da ich so viele Wege wie m\u00f6glich mit dem Rad zur\u00fccklege, u.a. den Weg zur Arbeit. Meiner Meinung nach wird viel zu oft auf das Auto zur\u00fcckgegriffen, vor allem f\u00fcr unn\u00f6tige Kurzstrecken unter 10 oder sogar weniger Minuten. Interessen Fu\u00dfball, Skifahren, Fitness, Unternehmungen in der Natur, Musik. Was w\u00fcrdest du mit auf eine einsame Insel nehmen? Einen Plattenspieler, ein gutes Buch und einen erfrischenden Drink. Wenn du eine Superkraft h\u00e4ttest, welche w\u00e4re das und warum? Ich w\u00fcrde mit meiner Superkraft gerne den Klimawandel aufhalten, da wir zwar viel reden, aber noch viel zu wenig daf\u00fcr tun.\",\"url\":\"https:\\\/\\\/www.vaillant.de\\\/21-grad\\\/autor\\\/tim\\\/\"}]}<\/script>\n<!-- \/ Yoast SEO plugin. -->","yoast_head_json":{"title":"Heizen im Sommer: Infos & Tipps f\u00fcr Mieter & Vermieter | 21 grad","description":"Im Sommer wird die Heizung ausgeschaltet \u2013 ist doch klar, oder? Nicht ganz. Was Mieter & Vermieter beim Heizen im Sommer beachten m\u00fcssen, erfahrt ihr hier!","robots":{"index":"index","follow":"follow","max-snippet":"max-snippet:-1","max-image-preview":"max-image-preview:large","max-video-preview":"max-video-preview:-1"},"canonical":"https:\/\/www.vaillant.de\/21-grad\/rat-und-tat\/heizen-im-sommer-infos-tipps\/","og_locale":"de_DE","og_type":"article","og_title":"Heizen im Sommer: Infos & Tipps f\u00fcr Mieter & Vermieter | 21 grad","og_description":"Im Sommer wird die Heizung ausgeschaltet \u2013 ist doch klar, oder? Nicht ganz. Was Mieter & Vermieter beim Heizen im Sommer beachten m\u00fcssen, erfahrt ihr hier!","og_url":"https:\/\/www.vaillant.de\/21-grad\/rat-und-tat\/heizen-im-sommer-infos-tipps\/","og_site_name":"21 grad","article_publisher":"https:\/\/www.facebook.com\/21grad\/","article_published_time":"2016-06-24T10:00:28+00:00","article_modified_time":"2019-02-19T08:57:36+00:00","og_image":[{"width":940,"height":480,"url":"https:\/\/www.vaillant.de\/21-grad\/wp-content\/uploads\/2016\/08\/Heizen-im-Sommer_940.jpg","type":"image\/jpeg"}],"author":"Tim","twitter_card":"summary_large_image","twitter_creator":"@vaillant_de","twitter_site":"@vaillant_de","twitter_misc":{"Verfasst von":"Tim","Gesch\u00e4tzte Lesezeit":"3\u00a0Minuten","Written by":"Tim"},"schema":{"@context":"https:\/\/schema.org","@graph":[{"@type":"Article","@id":"https:\/\/www.vaillant.de\/21-grad\/rat-und-tat\/heizen-im-sommer-infos-tipps\/#article","isPartOf":{"@id":"https:\/\/www.vaillant.de\/21-grad\/rat-und-tat\/heizen-im-sommer-infos-tipps\/"},"author":{"name":"Tim","@id":"https:\/\/www.vaillant.de\/21-grad\/#\/schema\/person\/6c5f5a4071f0c7be145a9df11dac0709"},"headline":"Heizen im Sommer: Infos &#038; Tipps f\u00fcr Eigent\u00fcmer und Mieter","datePublished":"2016-06-24T10:00:28+00:00","dateModified":"2019-02-19T08:57:36+00:00","mainEntityOfPage":{"@id":"https:\/\/www.vaillant.de\/21-grad\/rat-und-tat\/heizen-im-sommer-infos-tipps\/"},"wordCount":558,"image":{"@id":"https:\/\/www.vaillant.de\/21-grad\/rat-und-tat\/heizen-im-sommer-infos-tipps\/#primaryimage"},"thumbnailUrl":"https:\/\/www.vaillant.de\/21-grad\/wp-content\/uploads\/2016\/08\/Heizen-im-Sommer_940.jpg","keywords":["Heiztipps","Interviews"],"articleSection":["Rat &amp; Tat"],"inLanguage":"de"},{"@type":"WebPage","@id":"https:\/\/www.vaillant.de\/21-grad\/rat-und-tat\/heizen-im-sommer-infos-tipps\/","url":"https:\/\/www.vaillant.de\/21-grad\/rat-und-tat\/heizen-im-sommer-infos-tipps\/","name":"Heizen im Sommer: Infos & Tipps f\u00fcr Mieter & Vermieter | 21 grad","isPartOf":{"@id":"https:\/\/www.vaillant.de\/21-grad\/#website"},"primaryImageOfPage":{"@id":"https:\/\/www.vaillant.de\/21-grad\/rat-und-tat\/heizen-im-sommer-infos-tipps\/#primaryimage"},"image":{"@id":"https:\/\/www.vaillant.de\/21-grad\/rat-und-tat\/heizen-im-sommer-infos-tipps\/#primaryimage"},"thumbnailUrl":"https:\/\/www.vaillant.de\/21-grad\/wp-content\/uploads\/2016\/08\/Heizen-im-Sommer_940.jpg","datePublished":"2016-06-24T10:00:28+00:00","dateModified":"2019-02-19T08:57:36+00:00","author":{"@id":"https:\/\/www.vaillant.de\/21-grad\/#\/schema\/person\/6c5f5a4071f0c7be145a9df11dac0709"},"description":"Im Sommer wird die Heizung ausgeschaltet \u2013 ist doch klar, oder? Nicht ganz. Was Mieter & Vermieter beim Heizen im Sommer beachten m\u00fcssen, erfahrt ihr hier!","breadcrumb":{"@id":"https:\/\/www.vaillant.de\/21-grad\/rat-und-tat\/heizen-im-sommer-infos-tipps\/#breadcrumb"},"inLanguage":"de","potentialAction":[{"@type":"ReadAction","target":["https:\/\/www.vaillant.de\/21-grad\/rat-und-tat\/heizen-im-sommer-infos-tipps\/"]}]},{"@type":"ImageObject","inLanguage":"de","@id":"https:\/\/www.vaillant.de\/21-grad\/rat-und-tat\/heizen-im-sommer-infos-tipps\/#primaryimage","url":"https:\/\/www.vaillant.de\/21-grad\/wp-content\/uploads\/2016\/08\/Heizen-im-Sommer_940.jpg","contentUrl":"https:\/\/www.vaillant.de\/21-grad\/wp-content\/uploads\/2016\/08\/Heizen-im-Sommer_940.jpg","width":940,"height":480},{"@type":"BreadcrumbList","@id":"https:\/\/www.vaillant.de\/21-grad\/rat-und-tat\/heizen-im-sommer-infos-tipps\/#breadcrumb","itemListElement":[{"@type":"ListItem","position":1,"name":"Startseite","item":"https:\/\/www.vaillant.de\/21-grad\/"},{"@type":"ListItem","position":2,"name":"Heizen im Sommer: Infos &#038; Tipps f\u00fcr Eigent\u00fcmer und Mieter"}]},{"@type":"WebSite","@id":"https:\/\/www.vaillant.de\/21-grad\/#website","url":"https:\/\/www.vaillant.de\/21-grad\/","name":"21 grad","description":"Der Blog f\u00fcr Menschen, die weiterdenken","potentialAction":[{"@type":"SearchAction","target":{"@type":"EntryPoint","urlTemplate":"https:\/\/www.vaillant.de\/21-grad\/?s={search_term_string}"},"query-input":{"@type":"PropertyValueSpecification","valueRequired":true,"valueName":"search_term_string"}}],"inLanguage":"de"},{"@type":"Person","@id":"https:\/\/www.vaillant.de\/21-grad\/#\/schema\/person\/6c5f5a4071f0c7be145a9df11dac0709","name":"Tim","image":{"@type":"ImageObject","inLanguage":"de","@id":"https:\/\/www.vaillant.de\/21-grad\/wp-content\/uploads\/2025\/04\/20230516_Vaillant-Mitarbeitershooting-Lennep_0005_MKP-1-125x125.jpg9c05c6497faaba75d1eddfe0b2afcc63","url":"https:\/\/www.vaillant.de\/21-grad\/wp-content\/uploads\/2025\/04\/20230516_Vaillant-Mitarbeitershooting-Lennep_0005_MKP-1-125x125.jpg","contentUrl":"https:\/\/www.vaillant.de\/21-grad\/wp-content\/uploads\/2025\/04\/20230516_Vaillant-Mitarbeitershooting-Lennep_0005_MKP-1-125x125.jpg","caption":"Tim"},"description":"Ob Facebook oder Twitter, ob # oder @, ob Like oder Share \u2013 in meinem Arbeitsalltag dreht sich alles um Social Media. Ich sorge daf\u00fcr, dass unsere Zielgruppen sowohl informative als auch unterhaltsame und interaktive Inhalte mit Mehrwert auf unseren Kan\u00e4len finden. Nachhaltigkeit Nachhaltigkeit spielt vor allem in meiner Bewegung eine Rolle, da ich so viele Wege wie m\u00f6glich mit dem Rad zur\u00fccklege, u.a. den Weg zur Arbeit. Meiner Meinung nach wird viel zu oft auf das Auto zur\u00fcckgegriffen, vor allem f\u00fcr unn\u00f6tige Kurzstrecken unter 10 oder sogar weniger Minuten. Interessen Fu\u00dfball, Skifahren, Fitness, Unternehmungen in der Natur, Musik. Was w\u00fcrdest du mit auf eine einsame Insel nehmen? Einen Plattenspieler, ein gutes Buch und einen erfrischenden Drink. Wenn du eine Superkraft h\u00e4ttest, welche w\u00e4re das und warum? Ich w\u00fcrde mit meiner Superkraft gerne den Klimawandel aufhalten, da wir zwar viel reden, aber noch viel zu wenig daf\u00fcr tun.","url":"https:\/\/www.vaillant.de\/21-grad\/autor\/tim\/"}]}},"_links":{"self":[{"href":"https:\/\/www.vaillant.de\/21-grad\/wp-json\/wp\/v2\/posts\/1102","targetHints":{"allow":["GET"]}}],"collection":[{"href":"https:\/\/www.vaillant.de\/21-grad\/wp-json\/wp\/v2\/posts"}],"about":[{"href":"https:\/\/www.vaillant.de\/21-grad\/wp-json\/wp\/v2\/types\/post"}],"author":[{"embeddable":true,"href":"https:\/\/www.vaillant.de\/21-grad\/wp-json\/wp\/v2\/users\/19"}],"replies":[{"embeddable":true,"href":"https:\/\/www.vaillant.de\/21-grad\/wp-json\/wp\/v2\/comments?post=1102"}],"version-history":[{"count":8,"href":"https:\/\/www.vaillant.de\/21-grad\/wp-json\/wp\/v2\/posts\/1102\/revisions"}],"predecessor-version":[{"id":4103,"href":"https:\/\/www.vaillant.de\/21-grad\/wp-json\/wp\/v2\/posts\/1102\/revisions\/4103"}],"wp:featuredmedia":[{"embeddable":true,"href":"https:\/\/www.vaillant.de\/21-grad\/wp-json\/wp\/v2\/media\/1466"}],"wp:attachment":[{"href":"https:\/\/www.vaillant.de\/21-grad\/wp-json\/wp\/v2\/media?parent=1102"}],"wp:term":[{"taxonomy":"category","embeddable":true,"href":"https:\/\/www.vaillant.de\/21-grad\/wp-json\/wp\/v2\/categories?post=1102"},{"taxonomy":"post_tag","embeddable":true,"href":"https:\/\/www.vaillant.de\/21-grad\/wp-json\/wp\/v2\/tags?post=1102"},{"taxonomy":"author","embeddable":true,"href":"https:\/\/www.vaillant.de\/21-grad\/wp-json\/wp\/v2\/coauthors?post=1102"}],"curies":[{"name":"wp","href":"https:\/\/api.w.org\/{rel}","templated":true}]}}