{"id":1110,"date":"2016-06-21T12:00:11","date_gmt":"2016-06-21T10:00:11","guid":{"rendered":"http:\/\/21-grad.vaillant.de\/?p=1110"},"modified":"2026-01-28T09:52:57","modified_gmt":"2026-01-28T08:52:57","slug":"sommeranfang-ab-in-die-nachhaltigen-ferien","status":"publish","type":"post","link":"https:\/\/www.vaillant.de\/21-grad\/bewusst-und-sein\/sommeranfang-ab-in-die-nachhaltigen-ferien\/","title":{"rendered":"Sommeranfang: Ab in die nachhaltigen Ferien!"},"content":{"rendered":"<h2 style=\"text-align: justify;\"><strong>F\u00fcr Wellness-Fans <\/strong><\/h2>\n<p style=\"text-align: justify;\">Viele \u00d6ko-Hotels liefern Euch ein tolles Rundum-Wellnesspaket: von Panoramatherme und Kneippkur bis zur Beautybehandlung. Dabei greifen die Anbieter vor allem zu traditionellen Produkten aus der Region wie zum Beispiel Heilpflanzen und Kr\u00e4utern, die sie wohltuender Naturkosmetik verarbeiten. Vor allem Heilb\u00e4der aus lokalem Honig und hauseigener Milch sorgen f\u00fcr ein ganz besonderes Entspannungserlebnis.<\/p>\n<h2 style=\"text-align: justify;\"><strong>F\u00fcr Sportbegeisterte<\/strong><\/h2>\n<div id=\"attachment_1117\" style=\"width: 358px\" class=\"wp-caption alignright\"><img loading=\"lazy\" decoding=\"async\" aria-describedby=\"caption-attachment-1117\" class=\"wp-image-1117 size-medium\" src=\"https:\/\/www.vaillant.de\/21-grad\/wp-content\/uploads\/2016\/06\/Sommeranfang_1-348x232.jpg\" alt=\"Sommeranfang_1\" width=\"348\" height=\"232\" srcset=\"https:\/\/www.vaillant.de\/21-grad\/wp-content\/uploads\/2016\/06\/Sommeranfang_1-348x232.jpg 348w, https:\/\/www.vaillant.de\/21-grad\/wp-content\/uploads\/2016\/06\/Sommeranfang_1-768x512.jpg 768w, https:\/\/www.vaillant.de\/21-grad\/wp-content\/uploads\/2016\/06\/Sommeranfang_1-720x480.jpg 720w, https:\/\/www.vaillant.de\/21-grad\/wp-content\/uploads\/2016\/06\/Sommeranfang_1.jpg 2000w\" sizes=\"auto, (max-width: 348px) 100vw, 348px\" \/><p id=\"caption-attachment-1117\" class=\"wp-caption-text\">\u00a9 iStock<\/p><\/div>\n<p style=\"text-align: justify;\">Alpenpanorama und Waldlandschaften sind eine tolle Naturkulisse f\u00fcr sportliche Aktivit\u00e4ten. Einige Hotels haben t\u00e4glich gef\u00fchrte Fahrradtouren oder Wanderungen im Angebot, andere kooperieren mit \u00f6rtlichen Sportanbietern. Wenn Ihr es lieber etwas ruhiger angehen m\u00f6chtet, k\u00f6nnt Ihr in vielen Regionen Golfen oder Seen mit dem Boot erkunden. F\u00fcr Freunde der Mediation geben Yogakurse Raum f\u00fcr innere Ruhe.<\/p>\n<h2 style=\"text-align: justify;\"><strong>F\u00fcr Genie\u00dfer<\/strong><\/h2>\n<p style=\"text-align: justify;\">Wer bewusst und lecker essen will, ist bei einer Vielzahl der \u00d6ko-Hotels genau richtig. Auch hier gilt: Regionale Produkte haben oberste Priorit\u00e4t. Das Biofleisch kommt aus eigener Zucht oder vom Bauern um die Ecke, Br\u00f6tchen und Brotspezialit\u00e4ten frisch aus dem Holzbackofen. Zahlreiche Hotels haben zudem Gerichte f\u00fcr Vegetarier und Veganer auf dem Speiseplan, andere bieten Weinverkostungen an.<\/p>\n<h2 style=\"text-align: justify;\"><strong>F\u00fcr die ganze Familie<\/strong><\/h2>\n<p style=\"text-align: justify;\">Wer mit Kindern Urlaub macht, m\u00f6chte Spa\u00df f\u00fcr die ganze Familie. Kein Problem in \u00d6ko-Hotels mit kinderfreundlichem Angebot. Betreutes Ponyreiten auf dem Biobauernhof, Spielger\u00e4te und Kletterspielplatz erm\u00f6glichen es den Kleinen, sich richtig auszutoben. Praktisch f\u00fcr diejenigen, die zwischendurch einmal eine Auszeit von ihrem Nachwuchs ben\u00f6tigen: Einige Hotels bieten eine Kinderbetreuung rund um die Uhr an.<\/p>\n<h2 style=\"text-align: justify;\"><strong>F\u00fcr Trendsetter<\/strong><\/h2>\n<div id=\"attachment_1114\" style=\"width: 359px\" class=\"wp-caption alignleft\"><img loading=\"lazy\" decoding=\"async\" aria-describedby=\"caption-attachment-1114\" class=\"wp-image-1114 size-medium\" src=\"https:\/\/www.vaillant.de\/21-grad\/wp-content\/uploads\/2016\/06\/Sommeranfang_2-349x232.jpg\" alt=\"Sommeranfang\" width=\"349\" height=\"232\" srcset=\"https:\/\/www.vaillant.de\/21-grad\/wp-content\/uploads\/2016\/06\/Sommeranfang_2-349x232.jpg 349w, https:\/\/www.vaillant.de\/21-grad\/wp-content\/uploads\/2016\/06\/Sommeranfang_2-768x510.jpg 768w, https:\/\/www.vaillant.de\/21-grad\/wp-content\/uploads\/2016\/06\/Sommeranfang_2-723x480.jpg 723w, https:\/\/www.vaillant.de\/21-grad\/wp-content\/uploads\/2016\/06\/Sommeranfang_2.jpg 2000w\" sizes=\"auto, (max-width: 349px) 100vw, 349px\" \/><p id=\"caption-attachment-1114\" class=\"wp-caption-text\">\u00a9 iStock<\/p><\/div>\n<p style=\"text-align: justify;\">Im Trend liegt das \u201eGlamping\u201c. Die Kombination aus \u201eglamorous\u201c und \u201ecamping\u201c verbindet luxuri\u00f6sen Zeltspa\u00df mit Nachhaltigkeit. Auf verschiedenen Campingpl\u00e4tzen findet ihr Lodgezelte oder Lodgesuiten mit besonderer Einrichtung. Es gibt Wohnbereiche, eine vollst\u00e4ndige K\u00fcche und Schlafzimmer mit Betten. Das steht nicht im Widerspruch zum Umweltbewusstsein: Denn die Unterk\u00fcnfte sind naturvertr\u00e4glich gestaltet, energieeffizient und ressourcenschonend.<\/p>\n<p style=\"text-align: justify;\">Internetportale geben euch weitere Informationen zu den Bio-Unterk\u00fcnften. Neben der Auflistung und ausf\u00fchrlichen Beschreibungen zu den Hotels findet Ihr Erkl\u00e4rungen zu Zertifizierungen und weitere n\u00fctzliche Hinweise auf<\/p>\n<p><a href=\"http:\/\/www.biohotels.info\/\" target=\"_blank\" rel=\"noopener\">www.biohotels.info<\/a><\/p>\n<p><a href=\"http:\/\/www.biohotels.de\/\" target=\"_blank\" rel=\"noopener\">www.biohotels.de<\/a><\/p>\n<p><a href=\"https:\/\/faircations.de\" target=\"_blank\" rel=\"noopener\">https:\/\/faircations.de<\/a><\/p>\n<p>&nbsp;<\/p>\n","protected":false},"excerpt":{"rendered":"<p>Umweltbewusst leben im Urlaub? Bio-Hotels machen es m\u00f6glich \u2013 mit \u00f6kologischer Bauweise, regionaler K\u00fcche und einem Wellnessangebot auf nat\u00fcrlicher Basis. P\u00fcnktlich zum offiziellen Sommeranfang haben wir f\u00fcr Euch die wichtigsten Informationen zu nachhaltigen Ferienunterk\u00fcnften zusammengestellt. <\/p>\n","protected":false},"author":26,"featured_media":1454,"comment_status":"open","ping_status":"open","sticky":false,"template":"","format":"standard","meta":{"footnotes":""},"categories":[5],"tags":[86,171,173],"coauthors":[253],"class_list":["post-1110","post","type-post","status-publish","format-standard","has-post-thumbnail","hentry","category-bewusst-und-sein","tag-leben","tag-lifestyle","tag-nachhaltigkeitstipps"],"yoast_head":"<!-- This site is optimized with the Yoast SEO plugin v27.4 - https:\/\/yoast.com\/product\/yoast-seo-wordpress\/ -->\n<title>Nachhaltig in die Sommerferien - mit Bio- &amp; \u00d6ko-Hotels | 21 grad<\/title>\n<meta name=\"description\" content=\"Sommerferien sind zum Genie\u00dfen da, doch die Nachhaltigkeit muss nicht leiden \u2713 Wir stellen euch Bio-Hotels vor, in denen \u00f6ko Spa\u00df macht \u27a8 Mehr erfahren!\" \/>\n<meta name=\"robots\" content=\"index, follow, max-snippet:-1, max-image-preview:large, max-video-preview:-1\" \/>\n<link rel=\"canonical\" href=\"https:\/\/www.vaillant.de\/21-grad\/bewusst-und-sein\/sommeranfang-ab-in-die-nachhaltigen-ferien\/\" \/>\n<meta property=\"og:locale\" content=\"de_DE\" \/>\n<meta property=\"og:type\" content=\"article\" \/>\n<meta property=\"og:title\" content=\"Nachhaltig in die Sommerferien - mit Bio- &amp; \u00d6ko-Hotels | 21 grad\" \/>\n<meta property=\"og:description\" content=\"Sommerferien sind zum Genie\u00dfen da, doch die Nachhaltigkeit muss nicht leiden \u2713 Wir stellen euch Bio-Hotels vor, in denen \u00f6ko Spa\u00df macht \u27a8 Mehr erfahren!\" \/>\n<meta property=\"og:url\" content=\"https:\/\/www.vaillant.de\/21-grad\/bewusst-und-sein\/sommeranfang-ab-in-die-nachhaltigen-ferien\/\" \/>\n<meta property=\"og:site_name\" content=\"21 grad\" \/>\n<meta property=\"article:publisher\" content=\"https:\/\/www.facebook.com\/21grad\/\" \/>\n<meta property=\"article:published_time\" content=\"2016-06-21T10:00:11+00:00\" \/>\n<meta property=\"article:modified_time\" content=\"2026-01-28T08:52:57+00:00\" \/>\n<meta property=\"og:image\" content=\"https:\/\/www.vaillant.de\/21-grad\/wp-content\/uploads\/2016\/08\/Sommeranfang_940x480.jpg\" \/>\n\t<meta property=\"og:image:width\" content=\"940\" \/>\n\t<meta property=\"og:image:height\" content=\"480\" \/>\n\t<meta property=\"og:image:type\" content=\"image\/jpeg\" \/>\n<meta name=\"author\" content=\"Lorena\" \/>\n<meta name=\"twitter:card\" content=\"summary_large_image\" \/>\n<meta name=\"twitter:creator\" content=\"@vaillant_de\" \/>\n<meta name=\"twitter:site\" content=\"@vaillant_de\" \/>\n<meta name=\"twitter:label1\" content=\"Verfasst von\" \/>\n\t<meta name=\"twitter:data1\" content=\"Lorena\" \/>\n\t<meta name=\"twitter:label2\" content=\"Gesch\u00e4tzte Lesezeit\" \/>\n\t<meta name=\"twitter:data2\" content=\"3\u00a0Minuten\" \/>\n\t<meta name=\"twitter:label3\" content=\"Written by\" \/>\n\t<meta name=\"twitter:data3\" content=\"Lorena\" \/>\n<script type=\"application\/ld+json\" class=\"yoast-schema-graph\">{\"@context\":\"https:\\\/\\\/schema.org\",\"@graph\":[{\"@type\":\"Article\",\"@id\":\"https:\\\/\\\/www.vaillant.de\\\/21-grad\\\/bewusst-und-sein\\\/sommeranfang-ab-in-die-nachhaltigen-ferien\\\/#article\",\"isPartOf\":{\"@id\":\"https:\\\/\\\/www.vaillant.de\\\/21-grad\\\/bewusst-und-sein\\\/sommeranfang-ab-in-die-nachhaltigen-ferien\\\/\"},\"author\":{\"name\":\"Lorena\",\"@id\":\"https:\\\/\\\/www.vaillant.de\\\/21-grad\\\/#\\\/schema\\\/person\\\/64bb3ed01d8d62d6fc3b965454e1d031\"},\"headline\":\"Sommeranfang: Ab in die nachhaltigen Ferien!\",\"datePublished\":\"2016-06-21T10:00:11+00:00\",\"dateModified\":\"2026-01-28T08:52:57+00:00\",\"mainEntityOfPage\":{\"@id\":\"https:\\\/\\\/www.vaillant.de\\\/21-grad\\\/bewusst-und-sein\\\/sommeranfang-ab-in-die-nachhaltigen-ferien\\\/\"},\"wordCount\":380,\"commentCount\":0,\"image\":{\"@id\":\"https:\\\/\\\/www.vaillant.de\\\/21-grad\\\/bewusst-und-sein\\\/sommeranfang-ab-in-die-nachhaltigen-ferien\\\/#primaryimage\"},\"thumbnailUrl\":\"https:\\\/\\\/www.vaillant.de\\\/21-grad\\\/wp-content\\\/uploads\\\/2016\\\/08\\\/Sommeranfang_940x480.jpg\",\"keywords\":[\"Leben\",\"Lifestyle\",\"Nachhaltigkeitstipps\"],\"articleSection\":[\"Bewusst &amp; Sein\"],\"inLanguage\":\"de\",\"potentialAction\":[{\"@type\":\"CommentAction\",\"name\":\"Comment\",\"target\":[\"https:\\\/\\\/www.vaillant.de\\\/21-grad\\\/bewusst-und-sein\\\/sommeranfang-ab-in-die-nachhaltigen-ferien\\\/#respond\"]}]},{\"@type\":\"WebPage\",\"@id\":\"https:\\\/\\\/www.vaillant.de\\\/21-grad\\\/bewusst-und-sein\\\/sommeranfang-ab-in-die-nachhaltigen-ferien\\\/\",\"url\":\"https:\\\/\\\/www.vaillant.de\\\/21-grad\\\/bewusst-und-sein\\\/sommeranfang-ab-in-die-nachhaltigen-ferien\\\/\",\"name\":\"Nachhaltig in die Sommerferien - mit Bio- & \u00d6ko-Hotels | 21 grad\",\"isPartOf\":{\"@id\":\"https:\\\/\\\/www.vaillant.de\\\/21-grad\\\/#website\"},\"primaryImageOfPage\":{\"@id\":\"https:\\\/\\\/www.vaillant.de\\\/21-grad\\\/bewusst-und-sein\\\/sommeranfang-ab-in-die-nachhaltigen-ferien\\\/#primaryimage\"},\"image\":{\"@id\":\"https:\\\/\\\/www.vaillant.de\\\/21-grad\\\/bewusst-und-sein\\\/sommeranfang-ab-in-die-nachhaltigen-ferien\\\/#primaryimage\"},\"thumbnailUrl\":\"https:\\\/\\\/www.vaillant.de\\\/21-grad\\\/wp-content\\\/uploads\\\/2016\\\/08\\\/Sommeranfang_940x480.jpg\",\"datePublished\":\"2016-06-21T10:00:11+00:00\",\"dateModified\":\"2026-01-28T08:52:57+00:00\",\"author\":{\"@id\":\"https:\\\/\\\/www.vaillant.de\\\/21-grad\\\/#\\\/schema\\\/person\\\/64bb3ed01d8d62d6fc3b965454e1d031\"},\"description\":\"Sommerferien sind zum Genie\u00dfen da, doch die Nachhaltigkeit muss nicht leiden \u2713 Wir stellen euch Bio-Hotels vor, in denen \u00f6ko Spa\u00df macht \u27a8 Mehr erfahren!\",\"breadcrumb\":{\"@id\":\"https:\\\/\\\/www.vaillant.de\\\/21-grad\\\/bewusst-und-sein\\\/sommeranfang-ab-in-die-nachhaltigen-ferien\\\/#breadcrumb\"},\"inLanguage\":\"de\",\"potentialAction\":[{\"@type\":\"ReadAction\",\"target\":[\"https:\\\/\\\/www.vaillant.de\\\/21-grad\\\/bewusst-und-sein\\\/sommeranfang-ab-in-die-nachhaltigen-ferien\\\/\"]}]},{\"@type\":\"ImageObject\",\"inLanguage\":\"de\",\"@id\":\"https:\\\/\\\/www.vaillant.de\\\/21-grad\\\/bewusst-und-sein\\\/sommeranfang-ab-in-die-nachhaltigen-ferien\\\/#primaryimage\",\"url\":\"https:\\\/\\\/www.vaillant.de\\\/21-grad\\\/wp-content\\\/uploads\\\/2016\\\/08\\\/Sommeranfang_940x480.jpg\",\"contentUrl\":\"https:\\\/\\\/www.vaillant.de\\\/21-grad\\\/wp-content\\\/uploads\\\/2016\\\/08\\\/Sommeranfang_940x480.jpg\",\"width\":940,\"height\":480,\"caption\":\"Sommeranfang\"},{\"@type\":\"BreadcrumbList\",\"@id\":\"https:\\\/\\\/www.vaillant.de\\\/21-grad\\\/bewusst-und-sein\\\/sommeranfang-ab-in-die-nachhaltigen-ferien\\\/#breadcrumb\",\"itemListElement\":[{\"@type\":\"ListItem\",\"position\":1,\"name\":\"Startseite\",\"item\":\"https:\\\/\\\/www.vaillant.de\\\/21-grad\\\/\"},{\"@type\":\"ListItem\",\"position\":2,\"name\":\"Sommeranfang: Ab in die nachhaltigen Ferien!\"}]},{\"@type\":\"WebSite\",\"@id\":\"https:\\\/\\\/www.vaillant.de\\\/21-grad\\\/#website\",\"url\":\"https:\\\/\\\/www.vaillant.de\\\/21-grad\\\/\",\"name\":\"21 grad\",\"description\":\"Der Blog f\u00fcr Menschen, die weiterdenken\",\"potentialAction\":[{\"@type\":\"SearchAction\",\"target\":{\"@type\":\"EntryPoint\",\"urlTemplate\":\"https:\\\/\\\/www.vaillant.de\\\/21-grad\\\/?s={search_term_string}\"},\"query-input\":{\"@type\":\"PropertyValueSpecification\",\"valueRequired\":true,\"valueName\":\"search_term_string\"}}],\"inLanguage\":\"de\"},{\"@type\":\"Person\",\"@id\":\"https:\\\/\\\/www.vaillant.de\\\/21-grad\\\/#\\\/schema\\\/person\\\/64bb3ed01d8d62d6fc3b965454e1d031\",\"name\":\"Lorena\",\"image\":{\"@type\":\"ImageObject\",\"inLanguage\":\"de\",\"@id\":\"https:\\\/\\\/www.vaillant.de\\\/21-grad\\\/wp-content\\\/uploads\\\/2025\\\/04\\\/20230502_Vaillant-Mitarbeitershooting-Lennep_0045_MKP_100-125x125.jpg3845af5a66923cc212a0c6c57ae1c3a4\",\"url\":\"https:\\\/\\\/www.vaillant.de\\\/21-grad\\\/wp-content\\\/uploads\\\/2025\\\/04\\\/20230502_Vaillant-Mitarbeitershooting-Lennep_0045_MKP_100-125x125.jpg\",\"contentUrl\":\"https:\\\/\\\/www.vaillant.de\\\/21-grad\\\/wp-content\\\/uploads\\\/2025\\\/04\\\/20230502_Vaillant-Mitarbeitershooting-Lennep_0045_MKP_100-125x125.jpg\",\"caption\":\"Lorena\"},\"description\":\"In meiner Rolle als E-Mail-Marketing-Manager B2C liegt mein Fokus darauf, eine effektive und ansprechende E-Mail-Kommunikation mit unseren Kunden zu gestalten. Von der sorgf\u00e4ltigen Auswahl der relevanten Daten bis hin zur kreativen Erstellung und dem pr\u00e4zisen Versand der E-Mails sorge ich daf\u00fcr, dass unsere Botschaften genau dort ankommen, wo sie sollen. Nachhaltigkeit Nachhaltigkeit ist mir wichtig, und ich versuche, in meinem Alltag bewusst darauf zu achten. Zum Beispiel benutze ich Jutebeutel, wenn ich einkaufen gehe. Au\u00dferdem erledige ich so viel wie m\u00f6glich zu Fu\u00df. Das schont nicht nur die Umwelt, sondern tut auch meiner Gesundheit gut. Beim Einkaufen achte ich darauf, nur die Lebensmittel zu kaufen, die ich tats\u00e4chlich verbrauchen kann. Interessen Ich liebe es, mit Freunden beim Fu\u00dfball unterwegs zu sein, um unsere Mannschaft zu unterst\u00fctzen. In den Bergen f\u00fchle ich mich besonders wohl, sei es beim Skifahren, beim Wandern oder einfach beim Genie\u00dfen der beeindruckenden Aussicht. Dar\u00fcber hinaus finde ich gro\u00dfe Freude am Basteln, wo ich meiner Kreativit\u00e4t freien Lauf lasse, und am Backen, bei dem ich gerne meine Lieblingsrezepte aber auch neue ausprobiere. Was bringt dich auf die Palme? Tickende Uhren k\u00f6nnen mich wahnsinnig machen. Dieses konstante Ger\u00e4usch im Hintergrund, st\u00f6rt meine Konzentration und bringt mich aus der Ruhe.\",\"url\":\"https:\\\/\\\/www.vaillant.de\\\/21-grad\\\/autor\\\/lorena\\\/\"}]}<\/script>\n<!-- \/ Yoast SEO plugin. -->","yoast_head_json":{"title":"Nachhaltig in die Sommerferien - mit Bio- & \u00d6ko-Hotels | 21 grad","description":"Sommerferien sind zum Genie\u00dfen da, doch die Nachhaltigkeit muss nicht leiden \u2713 Wir stellen euch Bio-Hotels vor, in denen \u00f6ko Spa\u00df macht \u27a8 Mehr erfahren!","robots":{"index":"index","follow":"follow","max-snippet":"max-snippet:-1","max-image-preview":"max-image-preview:large","max-video-preview":"max-video-preview:-1"},"canonical":"https:\/\/www.vaillant.de\/21-grad\/bewusst-und-sein\/sommeranfang-ab-in-die-nachhaltigen-ferien\/","og_locale":"de_DE","og_type":"article","og_title":"Nachhaltig in die Sommerferien - mit Bio- & \u00d6ko-Hotels | 21 grad","og_description":"Sommerferien sind zum Genie\u00dfen da, doch die Nachhaltigkeit muss nicht leiden \u2713 Wir stellen euch Bio-Hotels vor, in denen \u00f6ko Spa\u00df macht \u27a8 Mehr erfahren!","og_url":"https:\/\/www.vaillant.de\/21-grad\/bewusst-und-sein\/sommeranfang-ab-in-die-nachhaltigen-ferien\/","og_site_name":"21 grad","article_publisher":"https:\/\/www.facebook.com\/21grad\/","article_published_time":"2016-06-21T10:00:11+00:00","article_modified_time":"2026-01-28T08:52:57+00:00","og_image":[{"width":940,"height":480,"url":"https:\/\/www.vaillant.de\/21-grad\/wp-content\/uploads\/2016\/08\/Sommeranfang_940x480.jpg","type":"image\/jpeg"}],"author":"Lorena","twitter_card":"summary_large_image","twitter_creator":"@vaillant_de","twitter_site":"@vaillant_de","twitter_misc":{"Verfasst von":"Lorena","Gesch\u00e4tzte Lesezeit":"3\u00a0Minuten","Written by":"Lorena"},"schema":{"@context":"https:\/\/schema.org","@graph":[{"@type":"Article","@id":"https:\/\/www.vaillant.de\/21-grad\/bewusst-und-sein\/sommeranfang-ab-in-die-nachhaltigen-ferien\/#article","isPartOf":{"@id":"https:\/\/www.vaillant.de\/21-grad\/bewusst-und-sein\/sommeranfang-ab-in-die-nachhaltigen-ferien\/"},"author":{"name":"Lorena","@id":"https:\/\/www.vaillant.de\/21-grad\/#\/schema\/person\/64bb3ed01d8d62d6fc3b965454e1d031"},"headline":"Sommeranfang: Ab in die nachhaltigen Ferien!","datePublished":"2016-06-21T10:00:11+00:00","dateModified":"2026-01-28T08:52:57+00:00","mainEntityOfPage":{"@id":"https:\/\/www.vaillant.de\/21-grad\/bewusst-und-sein\/sommeranfang-ab-in-die-nachhaltigen-ferien\/"},"wordCount":380,"commentCount":0,"image":{"@id":"https:\/\/www.vaillant.de\/21-grad\/bewusst-und-sein\/sommeranfang-ab-in-die-nachhaltigen-ferien\/#primaryimage"},"thumbnailUrl":"https:\/\/www.vaillant.de\/21-grad\/wp-content\/uploads\/2016\/08\/Sommeranfang_940x480.jpg","keywords":["Leben","Lifestyle","Nachhaltigkeitstipps"],"articleSection":["Bewusst &amp; Sein"],"inLanguage":"de","potentialAction":[{"@type":"CommentAction","name":"Comment","target":["https:\/\/www.vaillant.de\/21-grad\/bewusst-und-sein\/sommeranfang-ab-in-die-nachhaltigen-ferien\/#respond"]}]},{"@type":"WebPage","@id":"https:\/\/www.vaillant.de\/21-grad\/bewusst-und-sein\/sommeranfang-ab-in-die-nachhaltigen-ferien\/","url":"https:\/\/www.vaillant.de\/21-grad\/bewusst-und-sein\/sommeranfang-ab-in-die-nachhaltigen-ferien\/","name":"Nachhaltig in die Sommerferien - mit Bio- & \u00d6ko-Hotels | 21 grad","isPartOf":{"@id":"https:\/\/www.vaillant.de\/21-grad\/#website"},"primaryImageOfPage":{"@id":"https:\/\/www.vaillant.de\/21-grad\/bewusst-und-sein\/sommeranfang-ab-in-die-nachhaltigen-ferien\/#primaryimage"},"image":{"@id":"https:\/\/www.vaillant.de\/21-grad\/bewusst-und-sein\/sommeranfang-ab-in-die-nachhaltigen-ferien\/#primaryimage"},"thumbnailUrl":"https:\/\/www.vaillant.de\/21-grad\/wp-content\/uploads\/2016\/08\/Sommeranfang_940x480.jpg","datePublished":"2016-06-21T10:00:11+00:00","dateModified":"2026-01-28T08:52:57+00:00","author":{"@id":"https:\/\/www.vaillant.de\/21-grad\/#\/schema\/person\/64bb3ed01d8d62d6fc3b965454e1d031"},"description":"Sommerferien sind zum Genie\u00dfen da, doch die Nachhaltigkeit muss nicht leiden \u2713 Wir stellen euch Bio-Hotels vor, in denen \u00f6ko Spa\u00df macht \u27a8 Mehr erfahren!","breadcrumb":{"@id":"https:\/\/www.vaillant.de\/21-grad\/bewusst-und-sein\/sommeranfang-ab-in-die-nachhaltigen-ferien\/#breadcrumb"},"inLanguage":"de","potentialAction":[{"@type":"ReadAction","target":["https:\/\/www.vaillant.de\/21-grad\/bewusst-und-sein\/sommeranfang-ab-in-die-nachhaltigen-ferien\/"]}]},{"@type":"ImageObject","inLanguage":"de","@id":"https:\/\/www.vaillant.de\/21-grad\/bewusst-und-sein\/sommeranfang-ab-in-die-nachhaltigen-ferien\/#primaryimage","url":"https:\/\/www.vaillant.de\/21-grad\/wp-content\/uploads\/2016\/08\/Sommeranfang_940x480.jpg","contentUrl":"https:\/\/www.vaillant.de\/21-grad\/wp-content\/uploads\/2016\/08\/Sommeranfang_940x480.jpg","width":940,"height":480,"caption":"Sommeranfang"},{"@type":"BreadcrumbList","@id":"https:\/\/www.vaillant.de\/21-grad\/bewusst-und-sein\/sommeranfang-ab-in-die-nachhaltigen-ferien\/#breadcrumb","itemListElement":[{"@type":"ListItem","position":1,"name":"Startseite","item":"https:\/\/www.vaillant.de\/21-grad\/"},{"@type":"ListItem","position":2,"name":"Sommeranfang: Ab in die nachhaltigen Ferien!"}]},{"@type":"WebSite","@id":"https:\/\/www.vaillant.de\/21-grad\/#website","url":"https:\/\/www.vaillant.de\/21-grad\/","name":"21 grad","description":"Der Blog f\u00fcr Menschen, die weiterdenken","potentialAction":[{"@type":"SearchAction","target":{"@type":"EntryPoint","urlTemplate":"https:\/\/www.vaillant.de\/21-grad\/?s={search_term_string}"},"query-input":{"@type":"PropertyValueSpecification","valueRequired":true,"valueName":"search_term_string"}}],"inLanguage":"de"},{"@type":"Person","@id":"https:\/\/www.vaillant.de\/21-grad\/#\/schema\/person\/64bb3ed01d8d62d6fc3b965454e1d031","name":"Lorena","image":{"@type":"ImageObject","inLanguage":"de","@id":"https:\/\/www.vaillant.de\/21-grad\/wp-content\/uploads\/2025\/04\/20230502_Vaillant-Mitarbeitershooting-Lennep_0045_MKP_100-125x125.jpg3845af5a66923cc212a0c6c57ae1c3a4","url":"https:\/\/www.vaillant.de\/21-grad\/wp-content\/uploads\/2025\/04\/20230502_Vaillant-Mitarbeitershooting-Lennep_0045_MKP_100-125x125.jpg","contentUrl":"https:\/\/www.vaillant.de\/21-grad\/wp-content\/uploads\/2025\/04\/20230502_Vaillant-Mitarbeitershooting-Lennep_0045_MKP_100-125x125.jpg","caption":"Lorena"},"description":"In meiner Rolle als E-Mail-Marketing-Manager B2C liegt mein Fokus darauf, eine effektive und ansprechende E-Mail-Kommunikation mit unseren Kunden zu gestalten. Von der sorgf\u00e4ltigen Auswahl der relevanten Daten bis hin zur kreativen Erstellung und dem pr\u00e4zisen Versand der E-Mails sorge ich daf\u00fcr, dass unsere Botschaften genau dort ankommen, wo sie sollen. Nachhaltigkeit Nachhaltigkeit ist mir wichtig, und ich versuche, in meinem Alltag bewusst darauf zu achten. Zum Beispiel benutze ich Jutebeutel, wenn ich einkaufen gehe. Au\u00dferdem erledige ich so viel wie m\u00f6glich zu Fu\u00df. Das schont nicht nur die Umwelt, sondern tut auch meiner Gesundheit gut. Beim Einkaufen achte ich darauf, nur die Lebensmittel zu kaufen, die ich tats\u00e4chlich verbrauchen kann. Interessen Ich liebe es, mit Freunden beim Fu\u00dfball unterwegs zu sein, um unsere Mannschaft zu unterst\u00fctzen. In den Bergen f\u00fchle ich mich besonders wohl, sei es beim Skifahren, beim Wandern oder einfach beim Genie\u00dfen der beeindruckenden Aussicht. Dar\u00fcber hinaus finde ich gro\u00dfe Freude am Basteln, wo ich meiner Kreativit\u00e4t freien Lauf lasse, und am Backen, bei dem ich gerne meine Lieblingsrezepte aber auch neue ausprobiere. Was bringt dich auf die Palme? Tickende Uhren k\u00f6nnen mich wahnsinnig machen. Dieses konstante Ger\u00e4usch im Hintergrund, st\u00f6rt meine Konzentration und bringt mich aus der Ruhe.","url":"https:\/\/www.vaillant.de\/21-grad\/autor\/lorena\/"}]}},"_links":{"self":[{"href":"https:\/\/www.vaillant.de\/21-grad\/wp-json\/wp\/v2\/posts\/1110","targetHints":{"allow":["GET"]}}],"collection":[{"href":"https:\/\/www.vaillant.de\/21-grad\/wp-json\/wp\/v2\/posts"}],"about":[{"href":"https:\/\/www.vaillant.de\/21-grad\/wp-json\/wp\/v2\/types\/post"}],"author":[{"embeddable":true,"href":"https:\/\/www.vaillant.de\/21-grad\/wp-json\/wp\/v2\/users\/26"}],"replies":[{"embeddable":true,"href":"https:\/\/www.vaillant.de\/21-grad\/wp-json\/wp\/v2\/comments?post=1110"}],"version-history":[{"count":10,"href":"https:\/\/www.vaillant.de\/21-grad\/wp-json\/wp\/v2\/posts\/1110\/revisions"}],"predecessor-version":[{"id":7276,"href":"https:\/\/www.vaillant.de\/21-grad\/wp-json\/wp\/v2\/posts\/1110\/revisions\/7276"}],"wp:featuredmedia":[{"embeddable":true,"href":"https:\/\/www.vaillant.de\/21-grad\/wp-json\/wp\/v2\/media\/1454"}],"wp:attachment":[{"href":"https:\/\/www.vaillant.de\/21-grad\/wp-json\/wp\/v2\/media?parent=1110"}],"wp:term":[{"taxonomy":"category","embeddable":true,"href":"https:\/\/www.vaillant.de\/21-grad\/wp-json\/wp\/v2\/categories?post=1110"},{"taxonomy":"post_tag","embeddable":true,"href":"https:\/\/www.vaillant.de\/21-grad\/wp-json\/wp\/v2\/tags?post=1110"},{"taxonomy":"author","embeddable":true,"href":"https:\/\/www.vaillant.de\/21-grad\/wp-json\/wp\/v2\/coauthors?post=1110"}],"curies":[{"name":"wp","href":"https:\/\/api.w.org\/{rel}","templated":true}]}}