{"id":1323,"date":"2016-07-20T08:00:12","date_gmt":"2016-07-20T06:00:12","guid":{"rendered":"http:\/\/21-grad.vaillant.de\/?p=1323"},"modified":"2022-04-22T13:40:55","modified_gmt":"2022-04-22T11:40:55","slug":"weltraumforschung","status":"publish","type":"post","link":"https:\/\/www.vaillant.de\/21-grad\/technik-und-trends\/weltraumforschung\/","title":{"rendered":"Was wir aus der Weltraumforschung lernen k\u00f6nnen"},"content":{"rendered":"<h2><strong>Mehrere Monate im Weltraum zu verbringen, ist in vielerlei Hinsicht eine Herausforderung. Welche Auswirkungen hat ein solcher Aufenthalt auf die Astronauten? <\/strong><\/h2>\n<div id=\"attachment_1329\" style=\"width: 330px\" class=\"wp-caption alignleft\"><a href=\"https:\/\/www.vaillant.de\/21-grad\/wp-content\/uploads\/2016\/07\/Rittweger____small.jpg\"><img loading=\"lazy\" decoding=\"async\" aria-describedby=\"caption-attachment-1329\" class=\"wp-image-1329 size-vaillant-thumb-gallery\" src=\"https:\/\/www.vaillant.de\/21-grad\/wp-content\/uploads\/2016\/07\/Rittweger____small-320x320.jpg\" alt=\"Erforscht medizinische Auswirkungen von Aufenthalten im All: Prof. Dr. med. J\u00f6rn Rittweger, Leiter der Weltraumphysiologie am Institut f\u00fcr Luft- und Raumfahrtmedizin des DLR\" width=\"320\" height=\"320\" srcset=\"https:\/\/www.vaillant.de\/21-grad\/wp-content\/uploads\/2016\/07\/Rittweger____small-320x320.jpg 320w, https:\/\/www.vaillant.de\/21-grad\/wp-content\/uploads\/2016\/07\/Rittweger____small-150x150.jpg 150w, https:\/\/www.vaillant.de\/21-grad\/wp-content\/uploads\/2016\/07\/Rittweger____small-125x125.jpg 125w\" sizes=\"auto, (max-width: 320px) 100vw, 320px\" \/><\/a><p id=\"caption-attachment-1329\" class=\"wp-caption-text\">Erforscht medizinische Auswirkungen von Aufenthalten im All:<br \/>Prof. Dr. med. J\u00f6rn Rittweger, Leiter der Weltraumphysiologie am Institut f\u00fcr Luft- und Raumfahrtmedizin des DLR<\/p><\/div>\n<p style=\"text-align: justify;\"><strong>Rittweger:<\/strong> Im All unterwegs zu sein wirkt sich auf die Psyche aus, die Isolation ist mental sehr fordernd. Gleichzeitig kann es wegen der fehlenden Belastung und Bewegung unter anderem zu Herz-Kreislauf-Problemen kommen und zu Abbauprozessen an Knochen, Muskeln, Sehnen und B\u00e4ndern. Wir beobachten Muskelschwund und die Knochendichte nimmt ab. Grund daf\u00fcr ist vor allem der fehlende Widerstand in der Schwerelosigkeit.<\/p>\n<h2><strong>Was tun die Astronauten, um das zu verhindern?<\/strong><\/h2>\n<p style=\"text-align: justify;\"><strong>Rittweger:<\/strong> Um in der Schwerelosigkeit zu trainieren, gibt es spezielle Sportger\u00e4te. Auf der ISS ist derzeit ein Vibrationstrainingsger\u00e4t im Einsatz, das den Muskel durch Vibration mehr als 20 Mal pro Sekunde kontrahieren l\u00e4sst. Im :envihab, unserer Forschungseinrichtung im DLR-Institut f\u00fcr Luft- und Raumfahrtmedizin, wird au\u00dferdem gerade einen Sprungschlitten getestet, der Spr\u00fcnge in der Schwerelosigkeit erm\u00f6glicht. Denn Springen ist die Bewegung, bei der der K\u00f6rper die meiste Kraft aufbringen muss. Den Schlitten wurde in einer sechzigt\u00e4gigen Bettruhestudie mit freiwilligen Probanden eingesetzt, die sich in sogenannter Kopf-Tieflage befanden. Ihr Kopf liegt dabei permanent um sechs Grad tiefer als die F\u00fc\u00dfe, was \u00e4hnliche Auswirkungen auf die Fl\u00fcssigkeiten im K\u00f6rper hat wie ein Aufenthalt im All. Ein Teil der Gruppe trainiert t\u00e4glich mit dem Sprungschlitten, der Rest f\u00fchrt kein Training durch. Derzeit werden die Ergebnisse ausgewertet, und bereits die ersten Beobachtungen waren sehr positiv.<\/p>\n<h2><strong>Wie ist der aktuelle Stand der Forschung?<\/strong><\/h2>\n<div id=\"attachment_1328\" style=\"width: 422px\" class=\"wp-caption alignleft\"><a href=\"https:\/\/www.vaillant.de\/21-grad\/wp-content\/uploads\/2016\/07\/105.jpg\"><img loading=\"lazy\" decoding=\"async\" aria-describedby=\"caption-attachment-1328\" class=\"wp-image-1328 size-medium\" src=\"https:\/\/www.vaillant.de\/21-grad\/wp-content\/uploads\/2016\/07\/105-412x232.jpg\" alt=\"105\" width=\"412\" height=\"232\" srcset=\"https:\/\/www.vaillant.de\/21-grad\/wp-content\/uploads\/2016\/07\/105-412x232.jpg 412w, https:\/\/www.vaillant.de\/21-grad\/wp-content\/uploads\/2016\/07\/105-768x432.jpg 768w, https:\/\/www.vaillant.de\/21-grad\/wp-content\/uploads\/2016\/07\/105-853x480.jpg 853w, https:\/\/www.vaillant.de\/21-grad\/wp-content\/uploads\/2016\/07\/105.jpg 2000w\" sizes=\"auto, (max-width: 412px) 100vw, 412px\" \/><\/a><p id=\"caption-attachment-1328\" class=\"wp-caption-text\">Copyright: Deutsches Zentrum f\u00fcr Luft- und Raumfahrt (DLR)<\/p><\/div>\n<p style=\"text-align: justify;\"><strong>Rittweger:<\/strong> Aus fr\u00fcheren Untersuchungen mit dem Vibrationstraining wissen wir, dass wir durch regelm\u00e4\u00dfiges Training Knochen- und Muskelmasse vollst\u00e4ndig erhalten k\u00f6nnen. Zu diesem Ergebnis kommen auch unsere Untersuchungen an den Astronauten auf der ISS: Je besser die Betroffenen trainieren, desto h\u00f6her ist ihre Knochendichte. Wir hoffen, dass das Training bald so effizient ist, dass auch Langzeitaufenthalte im All m\u00f6glich sein werden. Lediglich der Muskelkater nach der R\u00fcckkehr zur Erde w\u00fcrde dann noch st\u00f6ren.<\/p>\n<h2><strong>Inwiefern lassen sich Ihre Forschungsergebnisse auch auf der Erde nutzen?<\/strong><\/h2>\n<div id=\"attachment_1325\" style=\"width: 422px\" class=\"wp-caption alignright\"><a href=\"https:\/\/www.vaillant.de\/21-grad\/wp-content\/uploads\/2016\/07\/RSL_Studie_10_09_2015_103.jpg\"><img loading=\"lazy\" decoding=\"async\" aria-describedby=\"caption-attachment-1325\" class=\"wp-image-1325 size-medium\" src=\"https:\/\/www.vaillant.de\/21-grad\/wp-content\/uploads\/2016\/07\/RSL_Studie_10_09_2015_103-412x232.jpg\" width=\"412\" height=\"232\" srcset=\"https:\/\/www.vaillant.de\/21-grad\/wp-content\/uploads\/2016\/07\/RSL_Studie_10_09_2015_103-412x232.jpg 412w, https:\/\/www.vaillant.de\/21-grad\/wp-content\/uploads\/2016\/07\/RSL_Studie_10_09_2015_103-768x432.jpg 768w, https:\/\/www.vaillant.de\/21-grad\/wp-content\/uploads\/2016\/07\/RSL_Studie_10_09_2015_103-853x480.jpg 853w\" sizes=\"auto, (max-width: 412px) 100vw, 412px\" \/><\/a><p id=\"caption-attachment-1325\" class=\"wp-caption-text\">Copyright: Deutsches Zentrum f\u00fcr Luft- und Raumfahrt (DLR)<\/p><\/div>\n<p style=\"text-align: justify;\"><strong>Rittweger:<\/strong> Dazu ein Beispiel: W\u00e4hrend meines Studiums war der Stand der Wissenschaft, dass Osteoporosepatienten keinesfalls Sport machen sollten. Heute wissen wir, dass eine gesunde Muskulatur zum Teil die typischen osteoporotischen Br\u00fcche verhindern kann. Daher ist Training Bestandteil der Therapie. Zu diesem Paradigmenwechsel hat die Weltraumforschung beigetragen. In vielerlei Hinsicht hilft sie uns, klinische Fragestellungen besser zu verstehen.<\/p>\n<h2><strong>Welche Forschungsbereiche k\u00f6nnten zuk\u00fcnftig interessant werden?<\/strong><\/h2>\n<div id=\"attachment_1327\" style=\"width: 359px\" class=\"wp-caption alignleft\"><a href=\"https:\/\/www.vaillant.de\/21-grad\/wp-content\/uploads\/2016\/07\/RSL_Studie_10_09_2015_083.jpg\"><img loading=\"lazy\" decoding=\"async\" aria-describedby=\"caption-attachment-1327\" class=\"wp-image-1327 size-medium\" src=\"https:\/\/www.vaillant.de\/21-grad\/wp-content\/uploads\/2016\/07\/RSL_Studie_10_09_2015_083-349x232.jpg\" alt=\"RSL_Studie_10_09_2015_083\" width=\"349\" height=\"232\" srcset=\"https:\/\/www.vaillant.de\/21-grad\/wp-content\/uploads\/2016\/07\/RSL_Studie_10_09_2015_083-349x232.jpg 349w, https:\/\/www.vaillant.de\/21-grad\/wp-content\/uploads\/2016\/07\/RSL_Studie_10_09_2015_083-768x511.jpg 768w, https:\/\/www.vaillant.de\/21-grad\/wp-content\/uploads\/2016\/07\/RSL_Studie_10_09_2015_083-721x480.jpg 721w, https:\/\/www.vaillant.de\/21-grad\/wp-content\/uploads\/2016\/07\/RSL_Studie_10_09_2015_083.jpg 2000w\" sizes=\"auto, (max-width: 349px) 100vw, 349px\" \/><\/a><p id=\"caption-attachment-1327\" class=\"wp-caption-text\">Copyright: Deutsches Zentrum f\u00fcr Luft- und Raumfahrt (DLR)<\/p><\/div>\n<p style=\"text-align: justify;\"><strong>Rittweger:<\/strong> Neben der Strahlung gilt derzeit erh\u00f6hter Hirndruck als gr\u00f6\u00dftes Hindernis f\u00fcr Langzeitaufenthalte im Weltraum. In diesem Feld beginnen wir gerade zu forschen. Von den Ergebnissen k\u00f6nnen beispielsweise Patienten profitieren, die an dauerhaft erh\u00f6htem Hirndruck leiden. Hier hat sich sogar schon etwas getan: Aus der Weltraumforschung wissen wir n\u00e4mlich, dass die ge\u00e4nderten Druckverh\u00e4ltnisse Auswirkungen auf das Sehverm\u00f6gen haben und zum Beispiel zu Weitsichtigkeit f\u00fchren. Deshalb beziehen Augen\u00e4rzte inzwischen den Druck auf der R\u00fcckseite des Auges in ihre Untersuchungen ein. Da hat vorher niemand dr\u00fcber nachgedacht.<\/p>\n","protected":false},"excerpt":{"rendered":"<p>Handstaubsauger, Gel-Einlagen f\u00fcr Schuhe, Klettverschl\u00fcsse \u2013 von zahlreichen Erfindungen, die urspr\u00fcnglich das Leben im All besser machen sollten, profitieren wir auch im Alltag. Doch lassen sich auch medizinische Erkenntnisse aus der Weltraumforschung auf das Leben auf der Erde \u00fcbertragen? Wir haben nachgefragt \u2013 bei Professor J\u00f6rn Rittweger vom Deutschen Zentrum f\u00fcr Luft- und Raumfahrt. In der medizinischen Forschungseinrichtung \u201e:envihab\u201c untersuchen der Weltraumphysiologe und sein Team unter anderem, wie Astronauten dem Knochen- und Muskelabbau im All vorbeugen k\u00f6nnen.<\/p>\n","protected":false},"author":6,"featured_media":1326,"comment_status":"open","ping_status":"open","sticky":false,"template":"","format":"standard","meta":{"footnotes":""},"categories":[4],"tags":[176,86],"coauthors":[70],"class_list":["post-1323","post","type-post","status-publish","format-standard","has-post-thumbnail","hentry","category-technik-und-trends","tag-interviews","tag-leben"],"yoast_head":"<!-- This site is optimized with the Yoast SEO plugin v27.4 - https:\/\/yoast.com\/product\/yoast-seo-wordpress\/ -->\n<title>Weltraumforschung: Was k\u00f6nnen wir im Alltag nutzen? | 21 grad<\/title>\n<meta name=\"description\" content=\"K\u00f6nnen wir aus der Weltraumforschung lernen? Wir haben nachgefragt \u2013 bei einem Forscher vom Deutschen Zentrum f\u00fcr Luft- und Raumfahrt.\" \/>\n<meta name=\"robots\" content=\"index, follow, max-snippet:-1, max-image-preview:large, max-video-preview:-1\" \/>\n<link rel=\"canonical\" href=\"https:\/\/www.vaillant.de\/21-grad\/technik-und-trends\/weltraumforschung\/\" \/>\n<meta property=\"og:locale\" content=\"de_DE\" \/>\n<meta property=\"og:type\" content=\"article\" \/>\n<meta property=\"og:title\" content=\"Weltraumforschung: Was k\u00f6nnen wir im Alltag nutzen? | 21 grad\" \/>\n<meta property=\"og:description\" content=\"K\u00f6nnen wir aus der Weltraumforschung lernen? Wir haben nachgefragt \u2013 bei einem Forscher vom Deutschen Zentrum f\u00fcr Luft- und Raumfahrt.\" \/>\n<meta property=\"og:url\" content=\"https:\/\/www.vaillant.de\/21-grad\/technik-und-trends\/weltraumforschung\/\" \/>\n<meta property=\"og:site_name\" content=\"21 grad\" \/>\n<meta property=\"article:publisher\" content=\"https:\/\/www.facebook.com\/21grad\/\" \/>\n<meta property=\"article:published_time\" content=\"2016-07-20T06:00:12+00:00\" \/>\n<meta property=\"article:modified_time\" content=\"2022-04-22T11:40:55+00:00\" \/>\n<meta property=\"og:image\" content=\"https:\/\/www.vaillant.de\/21-grad\/wp-content\/uploads\/2016\/07\/Titelbild-Weltraumforschung.png\" \/>\n\t<meta property=\"og:image:width\" content=\"940\" \/>\n\t<meta property=\"og:image:height\" content=\"480\" \/>\n\t<meta property=\"og:image:type\" content=\"image\/png\" \/>\n<meta name=\"author\" content=\"Marcus\" \/>\n<meta name=\"twitter:card\" content=\"summary_large_image\" \/>\n<meta name=\"twitter:creator\" content=\"@vaillant_de\" \/>\n<meta name=\"twitter:site\" content=\"@vaillant_de\" \/>\n<meta name=\"twitter:label1\" content=\"Verfasst von\" \/>\n\t<meta name=\"twitter:data1\" content=\"Marcus\" \/>\n\t<meta name=\"twitter:label2\" content=\"Gesch\u00e4tzte Lesezeit\" \/>\n\t<meta name=\"twitter:data2\" content=\"3\u00a0Minuten\" \/>\n\t<meta name=\"twitter:label3\" content=\"Written by\" \/>\n\t<meta name=\"twitter:data3\" content=\"Marcus\" \/>\n<script type=\"application\/ld+json\" class=\"yoast-schema-graph\">{\"@context\":\"https:\\\/\\\/schema.org\",\"@graph\":[{\"@type\":\"Article\",\"@id\":\"https:\\\/\\\/www.vaillant.de\\\/21-grad\\\/technik-und-trends\\\/weltraumforschung\\\/#article\",\"isPartOf\":{\"@id\":\"https:\\\/\\\/www.vaillant.de\\\/21-grad\\\/technik-und-trends\\\/weltraumforschung\\\/\"},\"author\":{\"name\":\"Marcus\",\"@id\":\"https:\\\/\\\/www.vaillant.de\\\/21-grad\\\/#\\\/schema\\\/person\\\/d79d2ba98cd3da7ae5877706050352da\"},\"headline\":\"Was wir aus der Weltraumforschung lernen k\u00f6nnen\",\"datePublished\":\"2016-07-20T06:00:12+00:00\",\"dateModified\":\"2022-04-22T11:40:55+00:00\",\"mainEntityOfPage\":{\"@id\":\"https:\\\/\\\/www.vaillant.de\\\/21-grad\\\/technik-und-trends\\\/weltraumforschung\\\/\"},\"wordCount\":595,\"commentCount\":0,\"image\":{\"@id\":\"https:\\\/\\\/www.vaillant.de\\\/21-grad\\\/technik-und-trends\\\/weltraumforschung\\\/#primaryimage\"},\"thumbnailUrl\":\"https:\\\/\\\/www.vaillant.de\\\/21-grad\\\/wp-content\\\/uploads\\\/2016\\\/07\\\/Titelbild-Weltraumforschung.png\",\"keywords\":[\"Interviews\",\"Leben\"],\"articleSection\":[\"Technik &amp; Trends\"],\"inLanguage\":\"de\",\"potentialAction\":[{\"@type\":\"CommentAction\",\"name\":\"Comment\",\"target\":[\"https:\\\/\\\/www.vaillant.de\\\/21-grad\\\/technik-und-trends\\\/weltraumforschung\\\/#respond\"]}]},{\"@type\":\"WebPage\",\"@id\":\"https:\\\/\\\/www.vaillant.de\\\/21-grad\\\/technik-und-trends\\\/weltraumforschung\\\/\",\"url\":\"https:\\\/\\\/www.vaillant.de\\\/21-grad\\\/technik-und-trends\\\/weltraumforschung\\\/\",\"name\":\"Weltraumforschung: Was k\u00f6nnen wir im Alltag nutzen? | 21 grad\",\"isPartOf\":{\"@id\":\"https:\\\/\\\/www.vaillant.de\\\/21-grad\\\/#website\"},\"primaryImageOfPage\":{\"@id\":\"https:\\\/\\\/www.vaillant.de\\\/21-grad\\\/technik-und-trends\\\/weltraumforschung\\\/#primaryimage\"},\"image\":{\"@id\":\"https:\\\/\\\/www.vaillant.de\\\/21-grad\\\/technik-und-trends\\\/weltraumforschung\\\/#primaryimage\"},\"thumbnailUrl\":\"https:\\\/\\\/www.vaillant.de\\\/21-grad\\\/wp-content\\\/uploads\\\/2016\\\/07\\\/Titelbild-Weltraumforschung.png\",\"datePublished\":\"2016-07-20T06:00:12+00:00\",\"dateModified\":\"2022-04-22T11:40:55+00:00\",\"author\":{\"@id\":\"https:\\\/\\\/www.vaillant.de\\\/21-grad\\\/#\\\/schema\\\/person\\\/d79d2ba98cd3da7ae5877706050352da\"},\"description\":\"K\u00f6nnen wir aus der Weltraumforschung lernen? Wir haben nachgefragt \u2013 bei einem Forscher vom Deutschen Zentrum f\u00fcr Luft- und Raumfahrt.\",\"breadcrumb\":{\"@id\":\"https:\\\/\\\/www.vaillant.de\\\/21-grad\\\/technik-und-trends\\\/weltraumforschung\\\/#breadcrumb\"},\"inLanguage\":\"de\",\"potentialAction\":[{\"@type\":\"ReadAction\",\"target\":[\"https:\\\/\\\/www.vaillant.de\\\/21-grad\\\/technik-und-trends\\\/weltraumforschung\\\/\"]}]},{\"@type\":\"ImageObject\",\"inLanguage\":\"de\",\"@id\":\"https:\\\/\\\/www.vaillant.de\\\/21-grad\\\/technik-und-trends\\\/weltraumforschung\\\/#primaryimage\",\"url\":\"https:\\\/\\\/www.vaillant.de\\\/21-grad\\\/wp-content\\\/uploads\\\/2016\\\/07\\\/Titelbild-Weltraumforschung.png\",\"contentUrl\":\"https:\\\/\\\/www.vaillant.de\\\/21-grad\\\/wp-content\\\/uploads\\\/2016\\\/07\\\/Titelbild-Weltraumforschung.png\",\"width\":940,\"height\":480,\"caption\":\"Copyright: Deutsches Zentrum f\u00fcr Luft- und Raumfahrt (DLR)\"},{\"@type\":\"BreadcrumbList\",\"@id\":\"https:\\\/\\\/www.vaillant.de\\\/21-grad\\\/technik-und-trends\\\/weltraumforschung\\\/#breadcrumb\",\"itemListElement\":[{\"@type\":\"ListItem\",\"position\":1,\"name\":\"Startseite\",\"item\":\"https:\\\/\\\/www.vaillant.de\\\/21-grad\\\/\"},{\"@type\":\"ListItem\",\"position\":2,\"name\":\"Was wir aus der Weltraumforschung lernen k\u00f6nnen\"}]},{\"@type\":\"WebSite\",\"@id\":\"https:\\\/\\\/www.vaillant.de\\\/21-grad\\\/#website\",\"url\":\"https:\\\/\\\/www.vaillant.de\\\/21-grad\\\/\",\"name\":\"21 grad\",\"description\":\"Der Blog f\u00fcr Menschen, die weiterdenken\",\"potentialAction\":[{\"@type\":\"SearchAction\",\"target\":{\"@type\":\"EntryPoint\",\"urlTemplate\":\"https:\\\/\\\/www.vaillant.de\\\/21-grad\\\/?s={search_term_string}\"},\"query-input\":{\"@type\":\"PropertyValueSpecification\",\"valueRequired\":true,\"valueName\":\"search_term_string\"}}],\"inLanguage\":\"de\"},{\"@type\":\"Person\",\"@id\":\"https:\\\/\\\/www.vaillant.de\\\/21-grad\\\/#\\\/schema\\\/person\\\/d79d2ba98cd3da7ae5877706050352da\",\"name\":\"Marcus\",\"image\":{\"@type\":\"ImageObject\",\"inLanguage\":\"de\",\"@id\":\"https:\\\/\\\/www.vaillant.de\\\/21-grad\\\/wp-content\\\/uploads\\\/2026\\\/01\\\/Marcus-125x125.jpg9d3430f1bc55d5a5d47a1162a14ae1af\",\"url\":\"https:\\\/\\\/www.vaillant.de\\\/21-grad\\\/wp-content\\\/uploads\\\/2026\\\/01\\\/Marcus-125x125.jpg\",\"contentUrl\":\"https:\\\/\\\/www.vaillant.de\\\/21-grad\\\/wp-content\\\/uploads\\\/2026\\\/01\\\/Marcus-125x125.jpg\",\"caption\":\"Marcus\"},\"description\":\"Willkommen in der wunderbaren Welt des 21grad Blogs. Als Medien- und Kooperationsmanager bin ich bei Vaillant Deutschland u.a. f\u00fcr unsere Fach- und Branchenkommunikation zust\u00e4ndig. Ich freue mich auf den Dialog mit Euch. :-) Nachhaltigkeit Bewusster Konsum und soziales Engagement liegen mir sehr am Herzen. Zuhause nutze ich \u00d6kostrom und Biogas, bei Lebensmitteln sind mir Labels wie Fair-Trade oder Bio sehr wichtig. Ich bin Sportwart beim Tennisclub Gr\u00fcn-Wei\u00df Lennep und engagiere mich auch f\u00fcr Aktion Mensch oder SOS-Kinderdorf. Interessen Unternehmungen mit Familie und Freunden, Tennis, Rock-Konzerte, Kino, B\u00fccher (z.B. Hornby, Eschbach, Uschmann) Was wolltest du als Kind gerne werden? Um es mit den \u00c4rzten zu sagen: Popstar, Bademeister oder Astronaut Was bringt dich auf die Palme? Menschen, die Schuld immer bei anderen suchen oder auch nat\u00fcrlich eine leckere Kokosnuss Was war der beste Rat, den du jemals erhalten hast? \u201eDenke in L\u00f6sungen, nicht in Problemen.\u201c\",\"url\":\"https:\\\/\\\/www.vaillant.de\\\/21-grad\\\/autor\\\/marcus\\\/\"}]}<\/script>\n<!-- \/ Yoast SEO plugin. -->","yoast_head_json":{"title":"Weltraumforschung: Was k\u00f6nnen wir im Alltag nutzen? | 21 grad","description":"K\u00f6nnen wir aus der Weltraumforschung lernen? Wir haben nachgefragt \u2013 bei einem Forscher vom Deutschen Zentrum f\u00fcr Luft- und Raumfahrt.","robots":{"index":"index","follow":"follow","max-snippet":"max-snippet:-1","max-image-preview":"max-image-preview:large","max-video-preview":"max-video-preview:-1"},"canonical":"https:\/\/www.vaillant.de\/21-grad\/technik-und-trends\/weltraumforschung\/","og_locale":"de_DE","og_type":"article","og_title":"Weltraumforschung: Was k\u00f6nnen wir im Alltag nutzen? | 21 grad","og_description":"K\u00f6nnen wir aus der Weltraumforschung lernen? Wir haben nachgefragt \u2013 bei einem Forscher vom Deutschen Zentrum f\u00fcr Luft- und Raumfahrt.","og_url":"https:\/\/www.vaillant.de\/21-grad\/technik-und-trends\/weltraumforschung\/","og_site_name":"21 grad","article_publisher":"https:\/\/www.facebook.com\/21grad\/","article_published_time":"2016-07-20T06:00:12+00:00","article_modified_time":"2022-04-22T11:40:55+00:00","og_image":[{"width":940,"height":480,"url":"https:\/\/www.vaillant.de\/21-grad\/wp-content\/uploads\/2016\/07\/Titelbild-Weltraumforschung.png","type":"image\/png"}],"author":"Marcus","twitter_card":"summary_large_image","twitter_creator":"@vaillant_de","twitter_site":"@vaillant_de","twitter_misc":{"Verfasst von":"Marcus","Gesch\u00e4tzte Lesezeit":"3\u00a0Minuten","Written by":"Marcus"},"schema":{"@context":"https:\/\/schema.org","@graph":[{"@type":"Article","@id":"https:\/\/www.vaillant.de\/21-grad\/technik-und-trends\/weltraumforschung\/#article","isPartOf":{"@id":"https:\/\/www.vaillant.de\/21-grad\/technik-und-trends\/weltraumforschung\/"},"author":{"name":"Marcus","@id":"https:\/\/www.vaillant.de\/21-grad\/#\/schema\/person\/d79d2ba98cd3da7ae5877706050352da"},"headline":"Was wir aus der Weltraumforschung lernen k\u00f6nnen","datePublished":"2016-07-20T06:00:12+00:00","dateModified":"2022-04-22T11:40:55+00:00","mainEntityOfPage":{"@id":"https:\/\/www.vaillant.de\/21-grad\/technik-und-trends\/weltraumforschung\/"},"wordCount":595,"commentCount":0,"image":{"@id":"https:\/\/www.vaillant.de\/21-grad\/technik-und-trends\/weltraumforschung\/#primaryimage"},"thumbnailUrl":"https:\/\/www.vaillant.de\/21-grad\/wp-content\/uploads\/2016\/07\/Titelbild-Weltraumforschung.png","keywords":["Interviews","Leben"],"articleSection":["Technik &amp; Trends"],"inLanguage":"de","potentialAction":[{"@type":"CommentAction","name":"Comment","target":["https:\/\/www.vaillant.de\/21-grad\/technik-und-trends\/weltraumforschung\/#respond"]}]},{"@type":"WebPage","@id":"https:\/\/www.vaillant.de\/21-grad\/technik-und-trends\/weltraumforschung\/","url":"https:\/\/www.vaillant.de\/21-grad\/technik-und-trends\/weltraumforschung\/","name":"Weltraumforschung: Was k\u00f6nnen wir im Alltag nutzen? | 21 grad","isPartOf":{"@id":"https:\/\/www.vaillant.de\/21-grad\/#website"},"primaryImageOfPage":{"@id":"https:\/\/www.vaillant.de\/21-grad\/technik-und-trends\/weltraumforschung\/#primaryimage"},"image":{"@id":"https:\/\/www.vaillant.de\/21-grad\/technik-und-trends\/weltraumforschung\/#primaryimage"},"thumbnailUrl":"https:\/\/www.vaillant.de\/21-grad\/wp-content\/uploads\/2016\/07\/Titelbild-Weltraumforschung.png","datePublished":"2016-07-20T06:00:12+00:00","dateModified":"2022-04-22T11:40:55+00:00","author":{"@id":"https:\/\/www.vaillant.de\/21-grad\/#\/schema\/person\/d79d2ba98cd3da7ae5877706050352da"},"description":"K\u00f6nnen wir aus der Weltraumforschung lernen? Wir haben nachgefragt \u2013 bei einem Forscher vom Deutschen Zentrum f\u00fcr Luft- und Raumfahrt.","breadcrumb":{"@id":"https:\/\/www.vaillant.de\/21-grad\/technik-und-trends\/weltraumforschung\/#breadcrumb"},"inLanguage":"de","potentialAction":[{"@type":"ReadAction","target":["https:\/\/www.vaillant.de\/21-grad\/technik-und-trends\/weltraumforschung\/"]}]},{"@type":"ImageObject","inLanguage":"de","@id":"https:\/\/www.vaillant.de\/21-grad\/technik-und-trends\/weltraumforschung\/#primaryimage","url":"https:\/\/www.vaillant.de\/21-grad\/wp-content\/uploads\/2016\/07\/Titelbild-Weltraumforschung.png","contentUrl":"https:\/\/www.vaillant.de\/21-grad\/wp-content\/uploads\/2016\/07\/Titelbild-Weltraumforschung.png","width":940,"height":480,"caption":"Copyright: Deutsches Zentrum f\u00fcr Luft- und Raumfahrt (DLR)"},{"@type":"BreadcrumbList","@id":"https:\/\/www.vaillant.de\/21-grad\/technik-und-trends\/weltraumforschung\/#breadcrumb","itemListElement":[{"@type":"ListItem","position":1,"name":"Startseite","item":"https:\/\/www.vaillant.de\/21-grad\/"},{"@type":"ListItem","position":2,"name":"Was wir aus der Weltraumforschung lernen k\u00f6nnen"}]},{"@type":"WebSite","@id":"https:\/\/www.vaillant.de\/21-grad\/#website","url":"https:\/\/www.vaillant.de\/21-grad\/","name":"21 grad","description":"Der Blog f\u00fcr Menschen, die weiterdenken","potentialAction":[{"@type":"SearchAction","target":{"@type":"EntryPoint","urlTemplate":"https:\/\/www.vaillant.de\/21-grad\/?s={search_term_string}"},"query-input":{"@type":"PropertyValueSpecification","valueRequired":true,"valueName":"search_term_string"}}],"inLanguage":"de"},{"@type":"Person","@id":"https:\/\/www.vaillant.de\/21-grad\/#\/schema\/person\/d79d2ba98cd3da7ae5877706050352da","name":"Marcus","image":{"@type":"ImageObject","inLanguage":"de","@id":"https:\/\/www.vaillant.de\/21-grad\/wp-content\/uploads\/2026\/01\/Marcus-125x125.jpg9d3430f1bc55d5a5d47a1162a14ae1af","url":"https:\/\/www.vaillant.de\/21-grad\/wp-content\/uploads\/2026\/01\/Marcus-125x125.jpg","contentUrl":"https:\/\/www.vaillant.de\/21-grad\/wp-content\/uploads\/2026\/01\/Marcus-125x125.jpg","caption":"Marcus"},"description":"Willkommen in der wunderbaren Welt des 21grad Blogs. Als Medien- und Kooperationsmanager bin ich bei Vaillant Deutschland u.a. f\u00fcr unsere Fach- und Branchenkommunikation zust\u00e4ndig. Ich freue mich auf den Dialog mit Euch. :-) Nachhaltigkeit Bewusster Konsum und soziales Engagement liegen mir sehr am Herzen. Zuhause nutze ich \u00d6kostrom und Biogas, bei Lebensmitteln sind mir Labels wie Fair-Trade oder Bio sehr wichtig. Ich bin Sportwart beim Tennisclub Gr\u00fcn-Wei\u00df Lennep und engagiere mich auch f\u00fcr Aktion Mensch oder SOS-Kinderdorf. Interessen Unternehmungen mit Familie und Freunden, Tennis, Rock-Konzerte, Kino, B\u00fccher (z.B. Hornby, Eschbach, Uschmann) Was wolltest du als Kind gerne werden? Um es mit den \u00c4rzten zu sagen: Popstar, Bademeister oder Astronaut Was bringt dich auf die Palme? Menschen, die Schuld immer bei anderen suchen oder auch nat\u00fcrlich eine leckere Kokosnuss Was war der beste Rat, den du jemals erhalten hast? \u201eDenke in L\u00f6sungen, nicht in Problemen.\u201c","url":"https:\/\/www.vaillant.de\/21-grad\/autor\/marcus\/"}]}},"_links":{"self":[{"href":"https:\/\/www.vaillant.de\/21-grad\/wp-json\/wp\/v2\/posts\/1323","targetHints":{"allow":["GET"]}}],"collection":[{"href":"https:\/\/www.vaillant.de\/21-grad\/wp-json\/wp\/v2\/posts"}],"about":[{"href":"https:\/\/www.vaillant.de\/21-grad\/wp-json\/wp\/v2\/types\/post"}],"author":[{"embeddable":true,"href":"https:\/\/www.vaillant.de\/21-grad\/wp-json\/wp\/v2\/users\/6"}],"replies":[{"embeddable":true,"href":"https:\/\/www.vaillant.de\/21-grad\/wp-json\/wp\/v2\/comments?post=1323"}],"version-history":[{"count":6,"href":"https:\/\/www.vaillant.de\/21-grad\/wp-json\/wp\/v2\/posts\/1323\/revisions"}],"predecessor-version":[{"id":7122,"href":"https:\/\/www.vaillant.de\/21-grad\/wp-json\/wp\/v2\/posts\/1323\/revisions\/7122"}],"wp:featuredmedia":[{"embeddable":true,"href":"https:\/\/www.vaillant.de\/21-grad\/wp-json\/wp\/v2\/media\/1326"}],"wp:attachment":[{"href":"https:\/\/www.vaillant.de\/21-grad\/wp-json\/wp\/v2\/media?parent=1323"}],"wp:term":[{"taxonomy":"category","embeddable":true,"href":"https:\/\/www.vaillant.de\/21-grad\/wp-json\/wp\/v2\/categories?post=1323"},{"taxonomy":"post_tag","embeddable":true,"href":"https:\/\/www.vaillant.de\/21-grad\/wp-json\/wp\/v2\/tags?post=1323"},{"taxonomy":"author","embeddable":true,"href":"https:\/\/www.vaillant.de\/21-grad\/wp-json\/wp\/v2\/coauthors?post=1323"}],"curies":[{"name":"wp","href":"https:\/\/api.w.org\/{rel}","templated":true}]}}