{"id":1400,"date":"2016-08-19T12:00:13","date_gmt":"2016-08-19T10:00:13","guid":{"rendered":"http:\/\/21-grad.vaillant.de\/?p=1400"},"modified":"2019-02-20T10:11:57","modified_gmt":"2019-02-20T09:11:57","slug":"groundfridge","status":"publish","type":"post","link":"https:\/\/www.vaillant.de\/21-grad\/bewusst-und-sein\/groundfridge\/","title":{"rendered":"Groundfridge: Gr\u00fcn k\u00fchlen ohne Kosten"},"content":{"rendered":"<div id=\"attachment_1404\" style=\"width: 358px\" class=\"wp-caption alignright\"><img loading=\"lazy\" decoding=\"async\" aria-describedby=\"caption-attachment-1404\" class=\"wp-image-1404 size-medium\" src=\"https:\/\/www.vaillant.de\/21-grad\/wp-content\/uploads\/2016\/08\/IMG_2866-348x232.jpg\" alt=\"IMG_2866\" width=\"348\" height=\"232\" srcset=\"https:\/\/www.vaillant.de\/21-grad\/wp-content\/uploads\/2016\/08\/IMG_2866-348x232.jpg 348w, https:\/\/www.vaillant.de\/21-grad\/wp-content\/uploads\/2016\/08\/IMG_2866-768x512.jpg 768w, https:\/\/www.vaillant.de\/21-grad\/wp-content\/uploads\/2016\/08\/IMG_2866-720x480.jpg 720w, https:\/\/www.vaillant.de\/21-grad\/wp-content\/uploads\/2016\/08\/IMG_2866.jpg 2000w\" sizes=\"auto, (max-width: 348px) 100vw, 348px\" \/><p id=\"caption-attachment-1404\" class=\"wp-caption-text\">Foto: Weltevree<\/p><\/div>\n<p style=\"text-align: justify;\">Damit erf\u00fcllt der Produktdesigner die Bed\u00fcrfnisse von Menschen mit eigenem Garten, die ihre Ernte besonders umweltschonend lagern und frisch halten m\u00f6chten: Der Groundfridge ist ein aktiv k\u00fchlender Keller, der so gut wie ohne Strom auskommt. Stattdessen nutzt er die isolierende Wirkung der Erde sowie die niedrigen Lufttemperaturen der Nacht. Dies alleine gen\u00fcgt, um die Kerntemperatur im Inneren ganzj\u00e4hrig stabil zu halten. Der Groundfridge selbst besteht aus leichtem Polyester und ist daher einfach zu transportieren und zu installieren. Eine Baugenehmigung? Ben\u00f6tigt er nicht.<\/p>\n<h2><strong>Mutter Erde wird\u2019s schon richten <\/strong><\/h2>\n<p style=\"text-align: justify;\">Der Groundfridge wird im Garten aufgestellt und mit einer ca. ein Meter dicken Schicht Erde ummantelt, um die Grundk\u00fchlung sicherzustellen. Sofern m\u00f6glich, kann erg\u00e4nzend dazu noch die K\u00fchlwirkung des Grundwassers genutzt werden. Den Rest leistet ein analog oder auch digital regelbares Luftk\u00fchlungssystem, das die Luft in dem innovativen Erdkeller st\u00fcndlich auswechseln kann \u2013 vorzugsweise in der k\u00fchleren Nacht.<\/p>\n<h2><strong>Raum f\u00fcr die Ernte eines 250 m2 gro\u00dfen Gartens<\/strong><\/h2>\n<div id=\"attachment_1406\" style=\"width: 357px\" class=\"wp-caption alignleft\"><img loading=\"lazy\" decoding=\"async\" aria-describedby=\"caption-attachment-1406\" class=\"wp-image-1406 size-medium\" src=\"https:\/\/www.vaillant.de\/21-grad\/wp-content\/uploads\/2016\/08\/DSC_3463JPG-347x232.jpg\" alt=\"DSC_3463JPG\" width=\"347\" height=\"232\" srcset=\"https:\/\/www.vaillant.de\/21-grad\/wp-content\/uploads\/2016\/08\/DSC_3463JPG-347x232.jpg 347w, https:\/\/www.vaillant.de\/21-grad\/wp-content\/uploads\/2016\/08\/DSC_3463JPG-768x514.jpg 768w, https:\/\/www.vaillant.de\/21-grad\/wp-content\/uploads\/2016\/08\/DSC_3463JPG-717x480.jpg 717w, https:\/\/www.vaillant.de\/21-grad\/wp-content\/uploads\/2016\/08\/DSC_3463JPG.jpg 2000w\" sizes=\"auto, (max-width: 347px) 100vw, 347px\" \/><p id=\"caption-attachment-1406\" class=\"wp-caption-text\">Foto: Weltevree<\/p><\/div>\n<p style=\"text-align: justify;\">Der Groundfridge hat ein Volumen von 7,85 m3. Er ist so gro\u00df, dass zwei Leute bequem darin stehen k\u00f6nnen. Seine Speicherkapazit\u00e4t entspricht mit 3.000 Litern dem Inhalt von 12 gro\u00dfen K\u00fchlschr\u00e4nken. Diese ben\u00f6tigen im Jahr durchschnittlich 3.750 kWh Strom \u2013 der Groundfridge ben\u00f6tigt nur 40 kWh f\u00fcr die Bel\u00fcftung. Eine Menge, die m\u00fchelos mit einem kleinen Solarpanel generiert werden kann. Aktuell ist der Groundfridge in Holland und Belgien ab 9.900 $ bei <a href=\"http:\/\/www.weltevree.nl\/US\/collectie\/groundfridge\">Weltevree<\/a> erh\u00e4ltlich. Der weltweite Vertrieb soll Ende 2016 starten.<\/p>\n<p>&nbsp;<\/p>\n<p><br style=\"clear:both;\"><\/p>\n<h2><strong>Der Do-it-yourself Erdk\u00fchlschrank<\/strong><\/h2>\n<div id=\"attachment_1405\" style=\"width: 330px\" class=\"wp-caption alignright\"><img loading=\"lazy\" decoding=\"async\" aria-describedby=\"caption-attachment-1405\" class=\"wp-image-1405 size-vaillant-thumb-gallery\" src=\"https:\/\/www.vaillant.de\/21-grad\/wp-content\/uploads\/2016\/08\/DSC6091-320x320.jpg\" alt=\"_DSC6091\" width=\"320\" height=\"320\" srcset=\"https:\/\/www.vaillant.de\/21-grad\/wp-content\/uploads\/2016\/08\/DSC6091-320x320.jpg 320w, https:\/\/www.vaillant.de\/21-grad\/wp-content\/uploads\/2016\/08\/DSC6091-150x150.jpg 150w, https:\/\/www.vaillant.de\/21-grad\/wp-content\/uploads\/2016\/08\/DSC6091-125x125.jpg 125w\" sizes=\"auto, (max-width: 320px) 100vw, 320px\" \/><p id=\"caption-attachment-1405\" class=\"wp-caption-text\">Foto: Weltevree<\/p><\/div>\n<p style=\"text-align: justify;\">Wer nicht so viel Geld ausgeben m\u00f6chte, baut sich einen Mini-Erdkeller \u2013 zum Beispiel mithilfe eines alten gro\u00dfen Topfes. Dazu unterhalb des Topfrandes kleine L\u00f6cher mit zehn Zentimetern Abstand bohren, damit die Bel\u00fcftung stimmt. Um Kondenswasser abzuhalten, einfach einen Blumenuntersetzer mit L\u00f6chern verkehrt herum in den Topf einlegen. Der Topfdeckel sollte gut schlie\u00dfen, damit kein Regen hineinlaufen kann. Im Winter einfach mit Stroh oder Bambusmatten abdecken, um den Inhalt vor Frostsch\u00e4den zu bewahren.<\/p>\n<p style=\"text-align: justify;\">Webseite: <a href=\"http:\/\/www.weltevree.nl\/\">www.weltevree.nl<\/a><\/p>\n","protected":false},"excerpt":{"rendered":"<p>Obst, Gem\u00fcse, K\u00e4se &#038; Wein \u2013 emissionsfrei frisch halten im eigenen Garten: Der Holl\u00e4nder Floris Schoonderbeek hat mit dem Groundfridge ein innovatives und nachhaltiges K\u00fchlsystem entwickelt, das auf einem Jahrhunderte alten Prinzip beruht \u2013 dem Erdkeller.  <\/p>\n","protected":false},"author":19,"featured_media":1402,"comment_status":"open","ping_status":"open","sticky":false,"template":"","format":"standard","meta":{"footnotes":""},"categories":[5],"tags":[51,46,106],"coauthors":[243],"class_list":["post-1400","post","type-post","status-publish","format-standard","has-post-thumbnail","hentry","category-bewusst-und-sein","tag-energie-sparen","tag-klimaschutz","tag-konsum"],"yoast_head":"<!-- This site is optimized with the Yoast SEO plugin v27.4 - https:\/\/yoast.com\/product\/yoast-seo-wordpress\/ -->\n<title>Groundfridge: Gr\u00fcn k\u00fchlen ohne Kosten | 21 grad<\/title>\n<meta name=\"description\" content=\"Cool! Obst, Gem\u00fcse, K\u00e4se &amp; Wein \u2013 emissionsfrei frisch halten im eigenen Garten: Der Groundfridge macht\u2019s m\u00f6glich. Jetzt mehr erfahren!\" \/>\n<meta name=\"robots\" content=\"index, follow, max-snippet:-1, max-image-preview:large, max-video-preview:-1\" \/>\n<link rel=\"canonical\" href=\"https:\/\/www.vaillant.de\/21-grad\/bewusst-und-sein\/groundfridge\/\" \/>\n<meta property=\"og:locale\" content=\"de_DE\" \/>\n<meta property=\"og:type\" content=\"article\" \/>\n<meta property=\"og:title\" content=\"Groundfridge: Gr\u00fcn k\u00fchlen ohne Kosten | 21 grad\" \/>\n<meta property=\"og:description\" content=\"Cool! Obst, Gem\u00fcse, K\u00e4se &amp; Wein \u2013 emissionsfrei frisch halten im eigenen Garten: Der Groundfridge macht\u2019s m\u00f6glich. Jetzt mehr erfahren!\" \/>\n<meta property=\"og:url\" content=\"https:\/\/www.vaillant.de\/21-grad\/bewusst-und-sein\/groundfridge\/\" \/>\n<meta property=\"og:site_name\" content=\"21 grad\" \/>\n<meta property=\"article:publisher\" content=\"https:\/\/www.facebook.com\/21grad\/\" \/>\n<meta property=\"article:published_time\" content=\"2016-08-19T10:00:13+00:00\" \/>\n<meta property=\"article:modified_time\" content=\"2019-02-20T09:11:57+00:00\" \/>\n<meta property=\"og:image\" content=\"https:\/\/www.vaillant.de\/21-grad\/wp-content\/uploads\/2016\/08\/groundfridge_940.jpg\" \/>\n\t<meta property=\"og:image:width\" content=\"940\" \/>\n\t<meta property=\"og:image:height\" content=\"481\" \/>\n\t<meta property=\"og:image:type\" content=\"image\/jpeg\" \/>\n<meta name=\"author\" content=\"Tim\" \/>\n<meta name=\"twitter:card\" content=\"summary_large_image\" \/>\n<meta name=\"twitter:creator\" content=\"@vaillant_de\" \/>\n<meta name=\"twitter:site\" content=\"@vaillant_de\" \/>\n<meta name=\"twitter:label1\" content=\"Verfasst von\" \/>\n\t<meta name=\"twitter:data1\" content=\"Tim\" \/>\n\t<meta name=\"twitter:label2\" content=\"Gesch\u00e4tzte Lesezeit\" \/>\n\t<meta name=\"twitter:data2\" content=\"2\u00a0Minuten\" \/>\n\t<meta name=\"twitter:label3\" content=\"Written by\" \/>\n\t<meta name=\"twitter:data3\" content=\"Tim\" \/>\n<script type=\"application\/ld+json\" class=\"yoast-schema-graph\">{\"@context\":\"https:\\\/\\\/schema.org\",\"@graph\":[{\"@type\":\"Article\",\"@id\":\"https:\\\/\\\/www.vaillant.de\\\/21-grad\\\/bewusst-und-sein\\\/groundfridge\\\/#article\",\"isPartOf\":{\"@id\":\"https:\\\/\\\/www.vaillant.de\\\/21-grad\\\/bewusst-und-sein\\\/groundfridge\\\/\"},\"author\":{\"name\":\"Tim\",\"@id\":\"https:\\\/\\\/www.vaillant.de\\\/21-grad\\\/#\\\/schema\\\/person\\\/6c5f5a4071f0c7be145a9df11dac0709\"},\"headline\":\"Groundfridge: Gr\u00fcn k\u00fchlen ohne Kosten\",\"datePublished\":\"2016-08-19T10:00:13+00:00\",\"dateModified\":\"2019-02-20T09:11:57+00:00\",\"mainEntityOfPage\":{\"@id\":\"https:\\\/\\\/www.vaillant.de\\\/21-grad\\\/bewusst-und-sein\\\/groundfridge\\\/\"},\"wordCount\":374,\"commentCount\":5,\"image\":{\"@id\":\"https:\\\/\\\/www.vaillant.de\\\/21-grad\\\/bewusst-und-sein\\\/groundfridge\\\/#primaryimage\"},\"thumbnailUrl\":\"https:\\\/\\\/www.vaillant.de\\\/21-grad\\\/wp-content\\\/uploads\\\/2016\\\/08\\\/groundfridge_940.jpg\",\"keywords\":[\"Energie sparen\",\"Klimaschutz\",\"Konsum\"],\"articleSection\":[\"Bewusst &amp; Sein\"],\"inLanguage\":\"de\",\"potentialAction\":[{\"@type\":\"CommentAction\",\"name\":\"Comment\",\"target\":[\"https:\\\/\\\/www.vaillant.de\\\/21-grad\\\/bewusst-und-sein\\\/groundfridge\\\/#respond\"]}]},{\"@type\":\"WebPage\",\"@id\":\"https:\\\/\\\/www.vaillant.de\\\/21-grad\\\/bewusst-und-sein\\\/groundfridge\\\/\",\"url\":\"https:\\\/\\\/www.vaillant.de\\\/21-grad\\\/bewusst-und-sein\\\/groundfridge\\\/\",\"name\":\"Groundfridge: Gr\u00fcn k\u00fchlen ohne Kosten | 21 grad\",\"isPartOf\":{\"@id\":\"https:\\\/\\\/www.vaillant.de\\\/21-grad\\\/#website\"},\"primaryImageOfPage\":{\"@id\":\"https:\\\/\\\/www.vaillant.de\\\/21-grad\\\/bewusst-und-sein\\\/groundfridge\\\/#primaryimage\"},\"image\":{\"@id\":\"https:\\\/\\\/www.vaillant.de\\\/21-grad\\\/bewusst-und-sein\\\/groundfridge\\\/#primaryimage\"},\"thumbnailUrl\":\"https:\\\/\\\/www.vaillant.de\\\/21-grad\\\/wp-content\\\/uploads\\\/2016\\\/08\\\/groundfridge_940.jpg\",\"datePublished\":\"2016-08-19T10:00:13+00:00\",\"dateModified\":\"2019-02-20T09:11:57+00:00\",\"author\":{\"@id\":\"https:\\\/\\\/www.vaillant.de\\\/21-grad\\\/#\\\/schema\\\/person\\\/6c5f5a4071f0c7be145a9df11dac0709\"},\"description\":\"Cool! Obst, Gem\u00fcse, K\u00e4se & Wein \u2013 emissionsfrei frisch halten im eigenen Garten: Der Groundfridge macht\u2019s m\u00f6glich. Jetzt mehr erfahren!\",\"breadcrumb\":{\"@id\":\"https:\\\/\\\/www.vaillant.de\\\/21-grad\\\/bewusst-und-sein\\\/groundfridge\\\/#breadcrumb\"},\"inLanguage\":\"de\",\"potentialAction\":[{\"@type\":\"ReadAction\",\"target\":[\"https:\\\/\\\/www.vaillant.de\\\/21-grad\\\/bewusst-und-sein\\\/groundfridge\\\/\"]}]},{\"@type\":\"ImageObject\",\"inLanguage\":\"de\",\"@id\":\"https:\\\/\\\/www.vaillant.de\\\/21-grad\\\/bewusst-und-sein\\\/groundfridge\\\/#primaryimage\",\"url\":\"https:\\\/\\\/www.vaillant.de\\\/21-grad\\\/wp-content\\\/uploads\\\/2016\\\/08\\\/groundfridge_940.jpg\",\"contentUrl\":\"https:\\\/\\\/www.vaillant.de\\\/21-grad\\\/wp-content\\\/uploads\\\/2016\\\/08\\\/groundfridge_940.jpg\",\"width\":940,\"height\":481,\"caption\":\"Groundfridge: Gr\u00fcn k\u00fchlen ohne Kosten\"},{\"@type\":\"BreadcrumbList\",\"@id\":\"https:\\\/\\\/www.vaillant.de\\\/21-grad\\\/bewusst-und-sein\\\/groundfridge\\\/#breadcrumb\",\"itemListElement\":[{\"@type\":\"ListItem\",\"position\":1,\"name\":\"Startseite\",\"item\":\"https:\\\/\\\/www.vaillant.de\\\/21-grad\\\/\"},{\"@type\":\"ListItem\",\"position\":2,\"name\":\"Groundfridge: Gr\u00fcn k\u00fchlen ohne Kosten\"}]},{\"@type\":\"WebSite\",\"@id\":\"https:\\\/\\\/www.vaillant.de\\\/21-grad\\\/#website\",\"url\":\"https:\\\/\\\/www.vaillant.de\\\/21-grad\\\/\",\"name\":\"21 grad\",\"description\":\"Der Blog f\u00fcr Menschen, die weiterdenken\",\"potentialAction\":[{\"@type\":\"SearchAction\",\"target\":{\"@type\":\"EntryPoint\",\"urlTemplate\":\"https:\\\/\\\/www.vaillant.de\\\/21-grad\\\/?s={search_term_string}\"},\"query-input\":{\"@type\":\"PropertyValueSpecification\",\"valueRequired\":true,\"valueName\":\"search_term_string\"}}],\"inLanguage\":\"de\"},{\"@type\":\"Person\",\"@id\":\"https:\\\/\\\/www.vaillant.de\\\/21-grad\\\/#\\\/schema\\\/person\\\/6c5f5a4071f0c7be145a9df11dac0709\",\"name\":\"Tim\",\"image\":{\"@type\":\"ImageObject\",\"inLanguage\":\"de\",\"@id\":\"https:\\\/\\\/www.vaillant.de\\\/21-grad\\\/wp-content\\\/uploads\\\/2025\\\/04\\\/20230516_Vaillant-Mitarbeitershooting-Lennep_0005_MKP-1-125x125.jpg9c05c6497faaba75d1eddfe0b2afcc63\",\"url\":\"https:\\\/\\\/www.vaillant.de\\\/21-grad\\\/wp-content\\\/uploads\\\/2025\\\/04\\\/20230516_Vaillant-Mitarbeitershooting-Lennep_0005_MKP-1-125x125.jpg\",\"contentUrl\":\"https:\\\/\\\/www.vaillant.de\\\/21-grad\\\/wp-content\\\/uploads\\\/2025\\\/04\\\/20230516_Vaillant-Mitarbeitershooting-Lennep_0005_MKP-1-125x125.jpg\",\"caption\":\"Tim\"},\"description\":\"Ob Facebook oder Twitter, ob # oder @, ob Like oder Share \u2013 in meinem Arbeitsalltag dreht sich alles um Social Media. Ich sorge daf\u00fcr, dass unsere Zielgruppen sowohl informative als auch unterhaltsame und interaktive Inhalte mit Mehrwert auf unseren Kan\u00e4len finden. Nachhaltigkeit Nachhaltigkeit spielt vor allem in meiner Bewegung eine Rolle, da ich so viele Wege wie m\u00f6glich mit dem Rad zur\u00fccklege, u.a. den Weg zur Arbeit. Meiner Meinung nach wird viel zu oft auf das Auto zur\u00fcckgegriffen, vor allem f\u00fcr unn\u00f6tige Kurzstrecken unter 10 oder sogar weniger Minuten. Interessen Fu\u00dfball, Skifahren, Fitness, Unternehmungen in der Natur, Musik. Was w\u00fcrdest du mit auf eine einsame Insel nehmen? Einen Plattenspieler, ein gutes Buch und einen erfrischenden Drink. Wenn du eine Superkraft h\u00e4ttest, welche w\u00e4re das und warum? Ich w\u00fcrde mit meiner Superkraft gerne den Klimawandel aufhalten, da wir zwar viel reden, aber noch viel zu wenig daf\u00fcr tun.\",\"url\":\"https:\\\/\\\/www.vaillant.de\\\/21-grad\\\/autor\\\/tim\\\/\"}]}<\/script>\n<!-- \/ Yoast SEO plugin. -->","yoast_head_json":{"title":"Groundfridge: Gr\u00fcn k\u00fchlen ohne Kosten | 21 grad","description":"Cool! Obst, Gem\u00fcse, K\u00e4se & Wein \u2013 emissionsfrei frisch halten im eigenen Garten: Der Groundfridge macht\u2019s m\u00f6glich. Jetzt mehr erfahren!","robots":{"index":"index","follow":"follow","max-snippet":"max-snippet:-1","max-image-preview":"max-image-preview:large","max-video-preview":"max-video-preview:-1"},"canonical":"https:\/\/www.vaillant.de\/21-grad\/bewusst-und-sein\/groundfridge\/","og_locale":"de_DE","og_type":"article","og_title":"Groundfridge: Gr\u00fcn k\u00fchlen ohne Kosten | 21 grad","og_description":"Cool! Obst, Gem\u00fcse, K\u00e4se & Wein \u2013 emissionsfrei frisch halten im eigenen Garten: Der Groundfridge macht\u2019s m\u00f6glich. Jetzt mehr erfahren!","og_url":"https:\/\/www.vaillant.de\/21-grad\/bewusst-und-sein\/groundfridge\/","og_site_name":"21 grad","article_publisher":"https:\/\/www.facebook.com\/21grad\/","article_published_time":"2016-08-19T10:00:13+00:00","article_modified_time":"2019-02-20T09:11:57+00:00","og_image":[{"width":940,"height":481,"url":"https:\/\/www.vaillant.de\/21-grad\/wp-content\/uploads\/2016\/08\/groundfridge_940.jpg","type":"image\/jpeg"}],"author":"Tim","twitter_card":"summary_large_image","twitter_creator":"@vaillant_de","twitter_site":"@vaillant_de","twitter_misc":{"Verfasst von":"Tim","Gesch\u00e4tzte Lesezeit":"2\u00a0Minuten","Written by":"Tim"},"schema":{"@context":"https:\/\/schema.org","@graph":[{"@type":"Article","@id":"https:\/\/www.vaillant.de\/21-grad\/bewusst-und-sein\/groundfridge\/#article","isPartOf":{"@id":"https:\/\/www.vaillant.de\/21-grad\/bewusst-und-sein\/groundfridge\/"},"author":{"name":"Tim","@id":"https:\/\/www.vaillant.de\/21-grad\/#\/schema\/person\/6c5f5a4071f0c7be145a9df11dac0709"},"headline":"Groundfridge: Gr\u00fcn k\u00fchlen ohne Kosten","datePublished":"2016-08-19T10:00:13+00:00","dateModified":"2019-02-20T09:11:57+00:00","mainEntityOfPage":{"@id":"https:\/\/www.vaillant.de\/21-grad\/bewusst-und-sein\/groundfridge\/"},"wordCount":374,"commentCount":5,"image":{"@id":"https:\/\/www.vaillant.de\/21-grad\/bewusst-und-sein\/groundfridge\/#primaryimage"},"thumbnailUrl":"https:\/\/www.vaillant.de\/21-grad\/wp-content\/uploads\/2016\/08\/groundfridge_940.jpg","keywords":["Energie sparen","Klimaschutz","Konsum"],"articleSection":["Bewusst &amp; Sein"],"inLanguage":"de","potentialAction":[{"@type":"CommentAction","name":"Comment","target":["https:\/\/www.vaillant.de\/21-grad\/bewusst-und-sein\/groundfridge\/#respond"]}]},{"@type":"WebPage","@id":"https:\/\/www.vaillant.de\/21-grad\/bewusst-und-sein\/groundfridge\/","url":"https:\/\/www.vaillant.de\/21-grad\/bewusst-und-sein\/groundfridge\/","name":"Groundfridge: Gr\u00fcn k\u00fchlen ohne Kosten | 21 grad","isPartOf":{"@id":"https:\/\/www.vaillant.de\/21-grad\/#website"},"primaryImageOfPage":{"@id":"https:\/\/www.vaillant.de\/21-grad\/bewusst-und-sein\/groundfridge\/#primaryimage"},"image":{"@id":"https:\/\/www.vaillant.de\/21-grad\/bewusst-und-sein\/groundfridge\/#primaryimage"},"thumbnailUrl":"https:\/\/www.vaillant.de\/21-grad\/wp-content\/uploads\/2016\/08\/groundfridge_940.jpg","datePublished":"2016-08-19T10:00:13+00:00","dateModified":"2019-02-20T09:11:57+00:00","author":{"@id":"https:\/\/www.vaillant.de\/21-grad\/#\/schema\/person\/6c5f5a4071f0c7be145a9df11dac0709"},"description":"Cool! Obst, Gem\u00fcse, K\u00e4se & Wein \u2013 emissionsfrei frisch halten im eigenen Garten: Der Groundfridge macht\u2019s m\u00f6glich. Jetzt mehr erfahren!","breadcrumb":{"@id":"https:\/\/www.vaillant.de\/21-grad\/bewusst-und-sein\/groundfridge\/#breadcrumb"},"inLanguage":"de","potentialAction":[{"@type":"ReadAction","target":["https:\/\/www.vaillant.de\/21-grad\/bewusst-und-sein\/groundfridge\/"]}]},{"@type":"ImageObject","inLanguage":"de","@id":"https:\/\/www.vaillant.de\/21-grad\/bewusst-und-sein\/groundfridge\/#primaryimage","url":"https:\/\/www.vaillant.de\/21-grad\/wp-content\/uploads\/2016\/08\/groundfridge_940.jpg","contentUrl":"https:\/\/www.vaillant.de\/21-grad\/wp-content\/uploads\/2016\/08\/groundfridge_940.jpg","width":940,"height":481,"caption":"Groundfridge: Gr\u00fcn k\u00fchlen ohne Kosten"},{"@type":"BreadcrumbList","@id":"https:\/\/www.vaillant.de\/21-grad\/bewusst-und-sein\/groundfridge\/#breadcrumb","itemListElement":[{"@type":"ListItem","position":1,"name":"Startseite","item":"https:\/\/www.vaillant.de\/21-grad\/"},{"@type":"ListItem","position":2,"name":"Groundfridge: Gr\u00fcn k\u00fchlen ohne Kosten"}]},{"@type":"WebSite","@id":"https:\/\/www.vaillant.de\/21-grad\/#website","url":"https:\/\/www.vaillant.de\/21-grad\/","name":"21 grad","description":"Der Blog f\u00fcr Menschen, die weiterdenken","potentialAction":[{"@type":"SearchAction","target":{"@type":"EntryPoint","urlTemplate":"https:\/\/www.vaillant.de\/21-grad\/?s={search_term_string}"},"query-input":{"@type":"PropertyValueSpecification","valueRequired":true,"valueName":"search_term_string"}}],"inLanguage":"de"},{"@type":"Person","@id":"https:\/\/www.vaillant.de\/21-grad\/#\/schema\/person\/6c5f5a4071f0c7be145a9df11dac0709","name":"Tim","image":{"@type":"ImageObject","inLanguage":"de","@id":"https:\/\/www.vaillant.de\/21-grad\/wp-content\/uploads\/2025\/04\/20230516_Vaillant-Mitarbeitershooting-Lennep_0005_MKP-1-125x125.jpg9c05c6497faaba75d1eddfe0b2afcc63","url":"https:\/\/www.vaillant.de\/21-grad\/wp-content\/uploads\/2025\/04\/20230516_Vaillant-Mitarbeitershooting-Lennep_0005_MKP-1-125x125.jpg","contentUrl":"https:\/\/www.vaillant.de\/21-grad\/wp-content\/uploads\/2025\/04\/20230516_Vaillant-Mitarbeitershooting-Lennep_0005_MKP-1-125x125.jpg","caption":"Tim"},"description":"Ob Facebook oder Twitter, ob # oder @, ob Like oder Share \u2013 in meinem Arbeitsalltag dreht sich alles um Social Media. Ich sorge daf\u00fcr, dass unsere Zielgruppen sowohl informative als auch unterhaltsame und interaktive Inhalte mit Mehrwert auf unseren Kan\u00e4len finden. Nachhaltigkeit Nachhaltigkeit spielt vor allem in meiner Bewegung eine Rolle, da ich so viele Wege wie m\u00f6glich mit dem Rad zur\u00fccklege, u.a. den Weg zur Arbeit. Meiner Meinung nach wird viel zu oft auf das Auto zur\u00fcckgegriffen, vor allem f\u00fcr unn\u00f6tige Kurzstrecken unter 10 oder sogar weniger Minuten. Interessen Fu\u00dfball, Skifahren, Fitness, Unternehmungen in der Natur, Musik. Was w\u00fcrdest du mit auf eine einsame Insel nehmen? Einen Plattenspieler, ein gutes Buch und einen erfrischenden Drink. Wenn du eine Superkraft h\u00e4ttest, welche w\u00e4re das und warum? Ich w\u00fcrde mit meiner Superkraft gerne den Klimawandel aufhalten, da wir zwar viel reden, aber noch viel zu wenig daf\u00fcr tun.","url":"https:\/\/www.vaillant.de\/21-grad\/autor\/tim\/"}]}},"_links":{"self":[{"href":"https:\/\/www.vaillant.de\/21-grad\/wp-json\/wp\/v2\/posts\/1400","targetHints":{"allow":["GET"]}}],"collection":[{"href":"https:\/\/www.vaillant.de\/21-grad\/wp-json\/wp\/v2\/posts"}],"about":[{"href":"https:\/\/www.vaillant.de\/21-grad\/wp-json\/wp\/v2\/types\/post"}],"author":[{"embeddable":true,"href":"https:\/\/www.vaillant.de\/21-grad\/wp-json\/wp\/v2\/users\/19"}],"replies":[{"embeddable":true,"href":"https:\/\/www.vaillant.de\/21-grad\/wp-json\/wp\/v2\/comments?post=1400"}],"version-history":[{"count":11,"href":"https:\/\/www.vaillant.de\/21-grad\/wp-json\/wp\/v2\/posts\/1400\/revisions"}],"predecessor-version":[{"id":4170,"href":"https:\/\/www.vaillant.de\/21-grad\/wp-json\/wp\/v2\/posts\/1400\/revisions\/4170"}],"wp:featuredmedia":[{"embeddable":true,"href":"https:\/\/www.vaillant.de\/21-grad\/wp-json\/wp\/v2\/media\/1402"}],"wp:attachment":[{"href":"https:\/\/www.vaillant.de\/21-grad\/wp-json\/wp\/v2\/media?parent=1400"}],"wp:term":[{"taxonomy":"category","embeddable":true,"href":"https:\/\/www.vaillant.de\/21-grad\/wp-json\/wp\/v2\/categories?post=1400"},{"taxonomy":"post_tag","embeddable":true,"href":"https:\/\/www.vaillant.de\/21-grad\/wp-json\/wp\/v2\/tags?post=1400"},{"taxonomy":"author","embeddable":true,"href":"https:\/\/www.vaillant.de\/21-grad\/wp-json\/wp\/v2\/coauthors?post=1400"}],"curies":[{"name":"wp","href":"https:\/\/api.w.org\/{rel}","templated":true}]}}