{"id":1524,"date":"2016-09-02T13:13:59","date_gmt":"2016-09-02T11:13:59","guid":{"rendered":"http:\/\/21-grad.vaillant.de\/?p=1524"},"modified":"2021-03-02T12:13:48","modified_gmt":"2021-03-02T11:13:48","slug":"vaillantsmile-vaillant-sammelt-laecheln-auf-dem-nrw-tag","status":"publish","type":"post","link":"https:\/\/www.vaillant.de\/21-grad\/bewusst-und-sein\/vaillantsmile-vaillant-sammelt-laecheln-auf-dem-nrw-tag\/","title":{"rendered":"#vaillantsmile: Vaillant sammelt L\u00e4cheln auf dem NRW-Tag"},"content":{"rendered":"<p style=\"text-align: justify;\">16 B\u00fchnen, 33 Grad, 70 Jahre NRW, 900 Musiker und 600.000 freudige Besucher \u2013 gibt es einen besseren Ort zum L\u00e4cheln? F\u00fcr den Auftakt von #vaillantsmile bildete der NRW-Tag in D\u00fcsseldorf zum 70-j\u00e4hrigen Landesbestehen die perfekte B\u00fchne.<\/p>\n<div id=\"attachment_1529\" style=\"width: 358px\" class=\"wp-caption alignright\"><a href=\"https:\/\/www.vaillant.de\/21-grad\/wp-content\/uploads\/2016\/09\/vaillantsmile1.jpg\"><img loading=\"lazy\" decoding=\"async\" aria-describedby=\"caption-attachment-1529\" class=\"wp-image-1529 size-medium\" src=\"https:\/\/www.vaillant.de\/21-grad\/wp-content\/uploads\/2016\/09\/vaillantsmile1-348x232.jpg\" alt=\"#vaillantsmile\" width=\"348\" height=\"232\" srcset=\"https:\/\/www.vaillant.de\/21-grad\/wp-content\/uploads\/2016\/09\/vaillantsmile1-348x232.jpg 348w, https:\/\/www.vaillant.de\/21-grad\/wp-content\/uploads\/2016\/09\/vaillantsmile1-719x480.jpg 719w, https:\/\/www.vaillant.de\/21-grad\/wp-content\/uploads\/2016\/09\/vaillantsmile1.jpg 743w\" sizes=\"auto, (max-width: 348px) 100vw, 348px\" \/><\/a><p id=\"caption-attachment-1529\" class=\"wp-caption-text\">Auch Petra Horn aus dem Vorstand von &#8222;SOS-Kinderd\u00f6rfer weltweit&#8220; sowie D\u00fcsseldorfs Ober\u00fcrgermeister Thomas Geisel lie\u00dfen sich f\u00fcr die Kamera gerne zu einem breiten \u201eCheese!\u201c ermuntern. \u201eUnser Dank gilt allen Unterst\u00fctzern auf dem NRW-Tag\u201c, sagte Petra Horn. (Copyright: &#8222;SOS-Kinderd\u00f6rfer weltweit&#8220;\/Judith B\u00fcthe)<\/p><\/div>\n<p style=\"text-align: justify;\">Noch bis Fr\u00fchjahr 2017 sammeln Vaillant und SOS Kinderd\u00f6rfer unter dem Motto \u201eWeil L\u00e4cheln W\u00e4rme erzeugt\u201c Spenden f\u00fcr verschiedene soziale Projekte. Jedes L\u00e4cheln entspricht dabei einer zuvor festgelegten Spendensumme. Unter <a href=\"http:\/\/www.vaillantsmile.de\" target=\"_blank\" rel=\"noopener\">www.vaillantsmile.de<\/a> werden alle L\u00e4cheln gez\u00e4hlt und jedes Foto ver\u00f6ffentlicht. Das Ziel: ein Band des L\u00e4chelns, das Menschen verbindet und Kinder konkret unterst\u00fctzt.<\/p>\n<p style=\"text-align: justify;\">Am 27. August wurde es schlie\u00dflich ernst \u2013 oder eben genau das nicht: Am SOS-Stand auf der Festwiese am linken Rheinufer gaben Stefanie Kordts und Sarah Hofmann aus dem Eventmanagement, zusammen mit zwei Hostessen in Vaillant-Hasenkost\u00fcmen, den Startschuss f\u00fcr #vaillantsmile. Bei hochsommerlichen Temperaturen fotografierte das Team insgesamt 319 L\u00e4cheln \u2013 f\u00fcr jedes spendet Vaillant 20 Euro f\u00fcr den Bau von Familienh\u00e4usern sowie den Ausbau eines Berufsbildungszentrums im SOS-Kinderdorf Cap Haitien auf Haiti.\u00a0 Im Fortgang der Kampagne werden drei weitere Projekte in Deutschland unterst\u00fctzt.<\/p>\n<div id=\"attachment_1526\" style=\"width: 358px\" class=\"wp-caption alignleft\"><a href=\"https:\/\/www.vaillant.de\/21-grad\/wp-content\/uploads\/2016\/09\/vaillantsmile2.jpg\"><img loading=\"lazy\" decoding=\"async\" aria-describedby=\"caption-attachment-1526\" class=\"wp-image-1526 size-medium\" src=\"https:\/\/www.vaillant.de\/21-grad\/wp-content\/uploads\/2016\/09\/vaillantsmile2-348x232.jpg\" alt=\"#vaillantsmile\" width=\"348\" height=\"232\" srcset=\"https:\/\/www.vaillant.de\/21-grad\/wp-content\/uploads\/2016\/09\/vaillantsmile2-348x232.jpg 348w, https:\/\/www.vaillant.de\/21-grad\/wp-content\/uploads\/2016\/09\/vaillantsmile2-768x512.jpg 768w, https:\/\/www.vaillant.de\/21-grad\/wp-content\/uploads\/2016\/09\/vaillantsmile2-720x480.jpg 720w, https:\/\/www.vaillant.de\/21-grad\/wp-content\/uploads\/2016\/09\/vaillantsmile2.jpg 1024w\" sizes=\"auto, (max-width: 348px) 100vw, 348px\" \/><\/a><p id=\"caption-attachment-1526\" class=\"wp-caption-text\">\u201eDie Aktion kam sehr gut an, ein L\u00e4cheln f\u00fcr Kinder schenkt jeder gern\u201c, so das Fazit von Stefanie Kordts, Vaillant (links), die mit Kollegin Sarah Hofmann am Stand von SOS-Kinderd\u00f6rfer flei\u00dfig L\u00e4cheln sammelte. (Copyright: Lukas H\u00fcller)<\/p><\/div>\n<p style=\"text-align: justify;\">F\u00fcr Sarah Hofmann war der Auftritt auf dem NRW-Tag ein voller Erfolg: \u201eAuch wenn unsere Helfer bei den hohen Temperaturen nicht im kompletten Kost\u00fcm unterwegs waren: Die Kinder brachte der Vaillant-Hase nat\u00fcrlich schnell zum Lachen.\u201c<\/p>\n<p style=\"text-align: justify;\">Dazu geh\u00f6rten auch die Sch\u00fclerinnen Fine und Lilly, die nicht z\u00f6gerten, ihr L\u00e4cheln f\u00fcr den guten Zweck zu spenden. Als zwei von insgesamt 250 D\u00fcsseldorfer Sch\u00fclern hatten sie im Rahmen mehrerer Kunstworkshops von SOS-Kinderd\u00f6rfer und der Bildungsinitiative Child of Play ein riesiges Wimmelbild zum Thema Kinderrechte auf dem Burgplatz in D\u00fcsseldorf erschaffen.<\/p>\n<div id=\"attachment_1527\" style=\"width: 353px\" class=\"wp-caption aligncenter\"><a href=\"https:\/\/www.vaillant.de\/21-grad\/wp-content\/uploads\/2016\/09\/vaillantsmile3.jpg\"><img loading=\"lazy\" decoding=\"async\" aria-describedby=\"caption-attachment-1527\" class=\"wp-image-1527 size-medium\" src=\"https:\/\/www.vaillant.de\/21-grad\/wp-content\/uploads\/2016\/09\/vaillantsmile3-343x232.jpg\" alt=\"#vaillantsmile\" width=\"343\" height=\"232\" srcset=\"https:\/\/www.vaillant.de\/21-grad\/wp-content\/uploads\/2016\/09\/vaillantsmile3-343x232.jpg 343w, https:\/\/www.vaillant.de\/21-grad\/wp-content\/uploads\/2016\/09\/vaillantsmile3-768x520.jpg 768w, https:\/\/www.vaillant.de\/21-grad\/wp-content\/uploads\/2016\/09\/vaillantsmile3-710x480.jpg 710w, https:\/\/www.vaillant.de\/21-grad\/wp-content\/uploads\/2016\/09\/vaillantsmile3.jpg 921w\" sizes=\"auto, (max-width: 343px) 100vw, 343px\" \/><\/a><p id=\"caption-attachment-1527\" class=\"wp-caption-text\">Im Rahmen des NRW-Tages entwickelten Sch\u00fcler aus D\u00fcsseldorf das gr\u00f6\u00dfte Wimmelbild der Welt zum Thema Kinderrechte \u2013 ein gro\u00dfartiger Hintergrund f\u00fcr die Fotos von #vaillantsmile. (Copyright: Child of Play)<\/p><\/div>\n<p>&nbsp;<\/p>\n<div id=\"attachment_1528\" style=\"width: 288px\" class=\"wp-caption alignright\"><a href=\"https:\/\/www.vaillant.de\/21-grad\/wp-content\/uploads\/2016\/09\/vaillantsmile4-e1614683323635.jpg\"><img loading=\"lazy\" decoding=\"async\" aria-describedby=\"caption-attachment-1528\" class=\"wp-image-1528 size-medium\" src=\"https:\/\/www.vaillant.de\/21-grad\/wp-content\/uploads\/2016\/09\/vaillantsmile4-e1614683323635-278x232.jpg\" alt=\"#vaillantsmile\" width=\"278\" height=\"232\" srcset=\"https:\/\/www.vaillant.de\/21-grad\/wp-content\/uploads\/2016\/09\/vaillantsmile4-e1614683323635-278x232.jpg 278w, https:\/\/www.vaillant.de\/21-grad\/wp-content\/uploads\/2016\/09\/vaillantsmile4-e1614683323635.jpg 438w\" sizes=\"auto, (max-width: 278px) 100vw, 278px\" \/><\/a><p id=\"caption-attachment-1528\" class=\"wp-caption-text\">Doppelt h\u00e4lt besser: Zusammen mit dem Vaillant-Hasen l\u00e4cheln die Sch\u00fclerinnen Fine (links) und Yvonne f\u00fcr mehr Bildung in Haiti. Am Wimmelbild im Hintergrund waren beide Nachwuchsk\u00fcnstlerinnen selbst beteiligt. (Copyright: Lukas H\u00fcller)<\/p><\/div>\n<p style=\"text-align: justify;\">Das Motiv diente ebenso als Hintergrund f\u00fcr die Fotos des NRW-Tags zu #vaillantsmile. \u201eF\u00fcr die Aktion haben wir zum ersten Mal mit Child of Play zusammengearbeitet\u201c, erkl\u00e4rt Petra Horn. \u201eIhr Ansatz, Wissen spielerisch zu vermitteln, hat uns sofort begeistert.\u201c Und auch die Sch\u00fclerinnen waren angetan von den spannenden Erkenntnissen der Workshops: \u201eIch wei\u00df jetzt, dass das Recht auf Bildung besonders wichtig ist, weil es unser ganzes Leben bestimmt\u201c, so die 10-j\u00e4hrige Lilly.<\/p>\n<p style=\"text-align: justify;\">Weitere Informationen unter: <a href=\"http:\/\/www.vaillantsmile.de\" target=\"_blank\" rel=\"noopener\">www.vaillantsmile.de<\/a><\/p>\n<p>&nbsp;<\/p>\n<p style=\"text-align: justify;\"><strong>Bildergalerie<\/strong><br \/>\n(Copyright: \u201eSOS-Kinderd\u00f6rfer weltweit\u201c\/Judith B\u00fcthe)<\/p>\n\n\t\t<style type=\"text\/css\">\n\t\t\t#gallery-1 {\n\t\t\t\tmargin: auto;\n\t\t\t}\n\t\t\t#gallery-1 .gallery-item {\n\t\t\t\tfloat: left;\n\t\t\t\tmargin-top: 10px;\n\t\t\t\ttext-align: center;\n\t\t\t\twidth: 25%;\n\t\t\t}\n\t\t\t#gallery-1 img {\n\t\t\t\tborder: 2px solid #cfcfcf;\n\t\t\t}\n\t\t\t#gallery-1 .gallery-caption {\n\t\t\t\tmargin-left: 0;\n\t\t\t}\n\t\t\t\/* see gallery_shortcode() in wp-includes\/media.php *\/\n\t\t<\/style>\n\t\t<div id='gallery-1' class='gallery galleryid-1524 gallery-columns-4 gallery-size-thumbnail'><dl class='gallery-item'>\n\t\t\t<dt class='gallery-icon landscape'>\n\t\t\t\t<a href='https:\/\/www.vaillant.de\/21-grad\/wp-content\/uploads\/2016\/09\/sos_kinderdoerfer_nrw_fest-636.jpg'><img loading=\"lazy\" decoding=\"async\" width=\"150\" height=\"150\" src=\"https:\/\/www.vaillant.de\/21-grad\/wp-content\/uploads\/2016\/09\/sos_kinderdoerfer_nrw_fest-636-150x150.jpg\" class=\"attachment-thumbnail size-thumbnail\" alt=\"\" srcset=\"https:\/\/www.vaillant.de\/21-grad\/wp-content\/uploads\/2016\/09\/sos_kinderdoerfer_nrw_fest-636-150x150.jpg 150w, https:\/\/www.vaillant.de\/21-grad\/wp-content\/uploads\/2016\/09\/sos_kinderdoerfer_nrw_fest-636-320x320.jpg 320w, https:\/\/www.vaillant.de\/21-grad\/wp-content\/uploads\/2016\/09\/sos_kinderdoerfer_nrw_fest-636-125x125.jpg 125w, https:\/\/www.vaillant.de\/21-grad\/wp-content\/uploads\/2016\/09\/sos_kinderdoerfer_nrw_fest-636-32x32.jpg 32w, https:\/\/www.vaillant.de\/21-grad\/wp-content\/uploads\/2016\/09\/sos_kinderdoerfer_nrw_fest-636-50x50.jpg 50w, https:\/\/www.vaillant.de\/21-grad\/wp-content\/uploads\/2016\/09\/sos_kinderdoerfer_nrw_fest-636-64x64.jpg 64w, https:\/\/www.vaillant.de\/21-grad\/wp-content\/uploads\/2016\/09\/sos_kinderdoerfer_nrw_fest-636-96x96.jpg 96w, https:\/\/www.vaillant.de\/21-grad\/wp-content\/uploads\/2016\/09\/sos_kinderdoerfer_nrw_fest-636-128x128.jpg 128w\" sizes=\"auto, (max-width: 150px) 100vw, 150px\" \/><\/a>\n\t\t\t<\/dt><\/dl><dl class='gallery-item'>\n\t\t\t<dt class='gallery-icon landscape'>\n\t\t\t\t<a href='https:\/\/www.vaillant.de\/21-grad\/wp-content\/uploads\/2016\/09\/sos_kinderdoerfer_nrw_fest-328.jpg'><img loading=\"lazy\" decoding=\"async\" width=\"150\" height=\"150\" src=\"https:\/\/www.vaillant.de\/21-grad\/wp-content\/uploads\/2016\/09\/sos_kinderdoerfer_nrw_fest-328-150x150.jpg\" class=\"attachment-thumbnail size-thumbnail\" alt=\"\" srcset=\"https:\/\/www.vaillant.de\/21-grad\/wp-content\/uploads\/2016\/09\/sos_kinderdoerfer_nrw_fest-328-150x150.jpg 150w, https:\/\/www.vaillant.de\/21-grad\/wp-content\/uploads\/2016\/09\/sos_kinderdoerfer_nrw_fest-328-320x320.jpg 320w, https:\/\/www.vaillant.de\/21-grad\/wp-content\/uploads\/2016\/09\/sos_kinderdoerfer_nrw_fest-328-125x125.jpg 125w, https:\/\/www.vaillant.de\/21-grad\/wp-content\/uploads\/2016\/09\/sos_kinderdoerfer_nrw_fest-328-32x32.jpg 32w, https:\/\/www.vaillant.de\/21-grad\/wp-content\/uploads\/2016\/09\/sos_kinderdoerfer_nrw_fest-328-50x50.jpg 50w, https:\/\/www.vaillant.de\/21-grad\/wp-content\/uploads\/2016\/09\/sos_kinderdoerfer_nrw_fest-328-64x64.jpg 64w, https:\/\/www.vaillant.de\/21-grad\/wp-content\/uploads\/2016\/09\/sos_kinderdoerfer_nrw_fest-328-96x96.jpg 96w, https:\/\/www.vaillant.de\/21-grad\/wp-content\/uploads\/2016\/09\/sos_kinderdoerfer_nrw_fest-328-128x128.jpg 128w\" sizes=\"auto, (max-width: 150px) 100vw, 150px\" \/><\/a>\n\t\t\t<\/dt><\/dl><dl class='gallery-item'>\n\t\t\t<dt class='gallery-icon landscape'>\n\t\t\t\t<a href='https:\/\/www.vaillant.de\/21-grad\/wp-content\/uploads\/2016\/09\/sos_kinderdoerfer_nrw_fest-30.jpg'><img loading=\"lazy\" decoding=\"async\" width=\"150\" height=\"150\" src=\"https:\/\/www.vaillant.de\/21-grad\/wp-content\/uploads\/2016\/09\/sos_kinderdoerfer_nrw_fest-30-150x150.jpg\" class=\"attachment-thumbnail size-thumbnail\" alt=\"\" srcset=\"https:\/\/www.vaillant.de\/21-grad\/wp-content\/uploads\/2016\/09\/sos_kinderdoerfer_nrw_fest-30-150x150.jpg 150w, https:\/\/www.vaillant.de\/21-grad\/wp-content\/uploads\/2016\/09\/sos_kinderdoerfer_nrw_fest-30-320x320.jpg 320w, https:\/\/www.vaillant.de\/21-grad\/wp-content\/uploads\/2016\/09\/sos_kinderdoerfer_nrw_fest-30-125x125.jpg 125w, https:\/\/www.vaillant.de\/21-grad\/wp-content\/uploads\/2016\/09\/sos_kinderdoerfer_nrw_fest-30-32x32.jpg 32w, https:\/\/www.vaillant.de\/21-grad\/wp-content\/uploads\/2016\/09\/sos_kinderdoerfer_nrw_fest-30-50x50.jpg 50w, https:\/\/www.vaillant.de\/21-grad\/wp-content\/uploads\/2016\/09\/sos_kinderdoerfer_nrw_fest-30-64x64.jpg 64w, https:\/\/www.vaillant.de\/21-grad\/wp-content\/uploads\/2016\/09\/sos_kinderdoerfer_nrw_fest-30-96x96.jpg 96w, https:\/\/www.vaillant.de\/21-grad\/wp-content\/uploads\/2016\/09\/sos_kinderdoerfer_nrw_fest-30-128x128.jpg 128w\" sizes=\"auto, (max-width: 150px) 100vw, 150px\" \/><\/a>\n\t\t\t<\/dt><\/dl><dl class='gallery-item'>\n\t\t\t<dt class='gallery-icon landscape'>\n\t\t\t\t<a href='https:\/\/www.vaillant.de\/21-grad\/wp-content\/uploads\/2016\/09\/sos_kinderdoerfer_nrw_fest-551.jpg'><img loading=\"lazy\" decoding=\"async\" width=\"150\" height=\"150\" src=\"https:\/\/www.vaillant.de\/21-grad\/wp-content\/uploads\/2016\/09\/sos_kinderdoerfer_nrw_fest-551-150x150.jpg\" class=\"attachment-thumbnail size-thumbnail\" alt=\"\" srcset=\"https:\/\/www.vaillant.de\/21-grad\/wp-content\/uploads\/2016\/09\/sos_kinderdoerfer_nrw_fest-551-150x150.jpg 150w, https:\/\/www.vaillant.de\/21-grad\/wp-content\/uploads\/2016\/09\/sos_kinderdoerfer_nrw_fest-551-320x320.jpg 320w, https:\/\/www.vaillant.de\/21-grad\/wp-content\/uploads\/2016\/09\/sos_kinderdoerfer_nrw_fest-551-125x125.jpg 125w, https:\/\/www.vaillant.de\/21-grad\/wp-content\/uploads\/2016\/09\/sos_kinderdoerfer_nrw_fest-551-32x32.jpg 32w, https:\/\/www.vaillant.de\/21-grad\/wp-content\/uploads\/2016\/09\/sos_kinderdoerfer_nrw_fest-551-50x50.jpg 50w, https:\/\/www.vaillant.de\/21-grad\/wp-content\/uploads\/2016\/09\/sos_kinderdoerfer_nrw_fest-551-64x64.jpg 64w, https:\/\/www.vaillant.de\/21-grad\/wp-content\/uploads\/2016\/09\/sos_kinderdoerfer_nrw_fest-551-96x96.jpg 96w, https:\/\/www.vaillant.de\/21-grad\/wp-content\/uploads\/2016\/09\/sos_kinderdoerfer_nrw_fest-551-128x128.jpg 128w\" sizes=\"auto, (max-width: 150px) 100vw, 150px\" \/><\/a>\n\t\t\t<\/dt><\/dl><br style=\"clear: both\" \/><dl class='gallery-item'>\n\t\t\t<dt class='gallery-icon portrait'>\n\t\t\t\t<a href='https:\/\/www.vaillant.de\/21-grad\/wp-content\/uploads\/2016\/09\/sos_kinderdoerfer_nrw_fest-718.jpg'><img loading=\"lazy\" decoding=\"async\" width=\"150\" height=\"150\" src=\"https:\/\/www.vaillant.de\/21-grad\/wp-content\/uploads\/2016\/09\/sos_kinderdoerfer_nrw_fest-718-150x150.jpg\" class=\"attachment-thumbnail size-thumbnail\" alt=\"\" srcset=\"https:\/\/www.vaillant.de\/21-grad\/wp-content\/uploads\/2016\/09\/sos_kinderdoerfer_nrw_fest-718-150x150.jpg 150w, https:\/\/www.vaillant.de\/21-grad\/wp-content\/uploads\/2016\/09\/sos_kinderdoerfer_nrw_fest-718-320x320.jpg 320w, https:\/\/www.vaillant.de\/21-grad\/wp-content\/uploads\/2016\/09\/sos_kinderdoerfer_nrw_fest-718-125x125.jpg 125w, https:\/\/www.vaillant.de\/21-grad\/wp-content\/uploads\/2016\/09\/sos_kinderdoerfer_nrw_fest-718-32x32.jpg 32w, https:\/\/www.vaillant.de\/21-grad\/wp-content\/uploads\/2016\/09\/sos_kinderdoerfer_nrw_fest-718-50x50.jpg 50w, https:\/\/www.vaillant.de\/21-grad\/wp-content\/uploads\/2016\/09\/sos_kinderdoerfer_nrw_fest-718-64x64.jpg 64w, https:\/\/www.vaillant.de\/21-grad\/wp-content\/uploads\/2016\/09\/sos_kinderdoerfer_nrw_fest-718-96x96.jpg 96w, https:\/\/www.vaillant.de\/21-grad\/wp-content\/uploads\/2016\/09\/sos_kinderdoerfer_nrw_fest-718-128x128.jpg 128w\" sizes=\"auto, (max-width: 150px) 100vw, 150px\" \/><\/a>\n\t\t\t<\/dt><\/dl><dl class='gallery-item'>\n\t\t\t<dt class='gallery-icon landscape'>\n\t\t\t\t<a href='https:\/\/www.vaillant.de\/21-grad\/wp-content\/uploads\/2016\/09\/sos_kinderdoerfer_nrw_fest-64.jpg'><img loading=\"lazy\" decoding=\"async\" width=\"150\" height=\"150\" src=\"https:\/\/www.vaillant.de\/21-grad\/wp-content\/uploads\/2016\/09\/sos_kinderdoerfer_nrw_fest-64-150x150.jpg\" class=\"attachment-thumbnail size-thumbnail\" alt=\"\" srcset=\"https:\/\/www.vaillant.de\/21-grad\/wp-content\/uploads\/2016\/09\/sos_kinderdoerfer_nrw_fest-64-150x150.jpg 150w, https:\/\/www.vaillant.de\/21-grad\/wp-content\/uploads\/2016\/09\/sos_kinderdoerfer_nrw_fest-64-320x320.jpg 320w, https:\/\/www.vaillant.de\/21-grad\/wp-content\/uploads\/2016\/09\/sos_kinderdoerfer_nrw_fest-64-125x125.jpg 125w, https:\/\/www.vaillant.de\/21-grad\/wp-content\/uploads\/2016\/09\/sos_kinderdoerfer_nrw_fest-64-32x32.jpg 32w, https:\/\/www.vaillant.de\/21-grad\/wp-content\/uploads\/2016\/09\/sos_kinderdoerfer_nrw_fest-64-50x50.jpg 50w, https:\/\/www.vaillant.de\/21-grad\/wp-content\/uploads\/2016\/09\/sos_kinderdoerfer_nrw_fest-64-64x64.jpg 64w, https:\/\/www.vaillant.de\/21-grad\/wp-content\/uploads\/2016\/09\/sos_kinderdoerfer_nrw_fest-64-96x96.jpg 96w, https:\/\/www.vaillant.de\/21-grad\/wp-content\/uploads\/2016\/09\/sos_kinderdoerfer_nrw_fest-64-128x128.jpg 128w\" sizes=\"auto, (max-width: 150px) 100vw, 150px\" \/><\/a>\n\t\t\t<\/dt><\/dl><dl class='gallery-item'>\n\t\t\t<dt class='gallery-icon landscape'>\n\t\t\t\t<a href='https:\/\/www.vaillant.de\/21-grad\/wp-content\/uploads\/2016\/09\/sos_kinderdoerfer_nrw_fest-610.jpg'><img loading=\"lazy\" decoding=\"async\" width=\"150\" height=\"150\" src=\"https:\/\/www.vaillant.de\/21-grad\/wp-content\/uploads\/2016\/09\/sos_kinderdoerfer_nrw_fest-610-150x150.jpg\" class=\"attachment-thumbnail size-thumbnail\" alt=\"\" srcset=\"https:\/\/www.vaillant.de\/21-grad\/wp-content\/uploads\/2016\/09\/sos_kinderdoerfer_nrw_fest-610-150x150.jpg 150w, https:\/\/www.vaillant.de\/21-grad\/wp-content\/uploads\/2016\/09\/sos_kinderdoerfer_nrw_fest-610-320x320.jpg 320w, https:\/\/www.vaillant.de\/21-grad\/wp-content\/uploads\/2016\/09\/sos_kinderdoerfer_nrw_fest-610-125x125.jpg 125w, https:\/\/www.vaillant.de\/21-grad\/wp-content\/uploads\/2016\/09\/sos_kinderdoerfer_nrw_fest-610-32x32.jpg 32w, https:\/\/www.vaillant.de\/21-grad\/wp-content\/uploads\/2016\/09\/sos_kinderdoerfer_nrw_fest-610-50x50.jpg 50w, https:\/\/www.vaillant.de\/21-grad\/wp-content\/uploads\/2016\/09\/sos_kinderdoerfer_nrw_fest-610-64x64.jpg 64w, https:\/\/www.vaillant.de\/21-grad\/wp-content\/uploads\/2016\/09\/sos_kinderdoerfer_nrw_fest-610-96x96.jpg 96w, https:\/\/www.vaillant.de\/21-grad\/wp-content\/uploads\/2016\/09\/sos_kinderdoerfer_nrw_fest-610-128x128.jpg 128w\" sizes=\"auto, (max-width: 150px) 100vw, 150px\" \/><\/a>\n\t\t\t<\/dt><\/dl><dl class='gallery-item'>\n\t\t\t<dt class='gallery-icon portrait'>\n\t\t\t\t<a href='https:\/\/www.vaillant.de\/21-grad\/wp-content\/uploads\/2016\/09\/sos_kinderdoerfer_nrw_fest-31.jpg'><img loading=\"lazy\" decoding=\"async\" width=\"150\" height=\"150\" src=\"https:\/\/www.vaillant.de\/21-grad\/wp-content\/uploads\/2016\/09\/sos_kinderdoerfer_nrw_fest-31-150x150.jpg\" class=\"attachment-thumbnail size-thumbnail\" alt=\"\" srcset=\"https:\/\/www.vaillant.de\/21-grad\/wp-content\/uploads\/2016\/09\/sos_kinderdoerfer_nrw_fest-31-150x150.jpg 150w, https:\/\/www.vaillant.de\/21-grad\/wp-content\/uploads\/2016\/09\/sos_kinderdoerfer_nrw_fest-31-320x320.jpg 320w, https:\/\/www.vaillant.de\/21-grad\/wp-content\/uploads\/2016\/09\/sos_kinderdoerfer_nrw_fest-31-125x125.jpg 125w, https:\/\/www.vaillant.de\/21-grad\/wp-content\/uploads\/2016\/09\/sos_kinderdoerfer_nrw_fest-31-32x32.jpg 32w, https:\/\/www.vaillant.de\/21-grad\/wp-content\/uploads\/2016\/09\/sos_kinderdoerfer_nrw_fest-31-50x50.jpg 50w, https:\/\/www.vaillant.de\/21-grad\/wp-content\/uploads\/2016\/09\/sos_kinderdoerfer_nrw_fest-31-64x64.jpg 64w, https:\/\/www.vaillant.de\/21-grad\/wp-content\/uploads\/2016\/09\/sos_kinderdoerfer_nrw_fest-31-96x96.jpg 96w, https:\/\/www.vaillant.de\/21-grad\/wp-content\/uploads\/2016\/09\/sos_kinderdoerfer_nrw_fest-31-128x128.jpg 128w\" sizes=\"auto, (max-width: 150px) 100vw, 150px\" \/><\/a>\n\t\t\t<\/dt><\/dl><br style=\"clear: both\" \/><dl class='gallery-item'>\n\t\t\t<dt class='gallery-icon landscape'>\n\t\t\t\t<a href='https:\/\/www.vaillant.de\/21-grad\/wp-content\/uploads\/2016\/09\/sos_kinderdoerfer_nrw_fest-339.jpg'><img loading=\"lazy\" decoding=\"async\" width=\"150\" height=\"150\" src=\"https:\/\/www.vaillant.de\/21-grad\/wp-content\/uploads\/2016\/09\/sos_kinderdoerfer_nrw_fest-339-150x150.jpg\" class=\"attachment-thumbnail size-thumbnail\" alt=\"\" srcset=\"https:\/\/www.vaillant.de\/21-grad\/wp-content\/uploads\/2016\/09\/sos_kinderdoerfer_nrw_fest-339-150x150.jpg 150w, https:\/\/www.vaillant.de\/21-grad\/wp-content\/uploads\/2016\/09\/sos_kinderdoerfer_nrw_fest-339-320x320.jpg 320w, https:\/\/www.vaillant.de\/21-grad\/wp-content\/uploads\/2016\/09\/sos_kinderdoerfer_nrw_fest-339-125x125.jpg 125w, https:\/\/www.vaillant.de\/21-grad\/wp-content\/uploads\/2016\/09\/sos_kinderdoerfer_nrw_fest-339-32x32.jpg 32w, https:\/\/www.vaillant.de\/21-grad\/wp-content\/uploads\/2016\/09\/sos_kinderdoerfer_nrw_fest-339-50x50.jpg 50w, https:\/\/www.vaillant.de\/21-grad\/wp-content\/uploads\/2016\/09\/sos_kinderdoerfer_nrw_fest-339-64x64.jpg 64w, https:\/\/www.vaillant.de\/21-grad\/wp-content\/uploads\/2016\/09\/sos_kinderdoerfer_nrw_fest-339-96x96.jpg 96w, https:\/\/www.vaillant.de\/21-grad\/wp-content\/uploads\/2016\/09\/sos_kinderdoerfer_nrw_fest-339-128x128.jpg 128w\" sizes=\"auto, (max-width: 150px) 100vw, 150px\" \/><\/a>\n\t\t\t<\/dt><\/dl><dl class='gallery-item'>\n\t\t\t<dt class='gallery-icon landscape'>\n\t\t\t\t<a href='https:\/\/www.vaillant.de\/21-grad\/wp-content\/uploads\/2016\/09\/sos_kinderdoerfer_nrw_fest-607.jpg'><img loading=\"lazy\" decoding=\"async\" width=\"150\" height=\"150\" src=\"https:\/\/www.vaillant.de\/21-grad\/wp-content\/uploads\/2016\/09\/sos_kinderdoerfer_nrw_fest-607-150x150.jpg\" class=\"attachment-thumbnail size-thumbnail\" alt=\"\" srcset=\"https:\/\/www.vaillant.de\/21-grad\/wp-content\/uploads\/2016\/09\/sos_kinderdoerfer_nrw_fest-607-150x150.jpg 150w, https:\/\/www.vaillant.de\/21-grad\/wp-content\/uploads\/2016\/09\/sos_kinderdoerfer_nrw_fest-607-320x320.jpg 320w, https:\/\/www.vaillant.de\/21-grad\/wp-content\/uploads\/2016\/09\/sos_kinderdoerfer_nrw_fest-607-125x125.jpg 125w, https:\/\/www.vaillant.de\/21-grad\/wp-content\/uploads\/2016\/09\/sos_kinderdoerfer_nrw_fest-607-32x32.jpg 32w, https:\/\/www.vaillant.de\/21-grad\/wp-content\/uploads\/2016\/09\/sos_kinderdoerfer_nrw_fest-607-50x50.jpg 50w, https:\/\/www.vaillant.de\/21-grad\/wp-content\/uploads\/2016\/09\/sos_kinderdoerfer_nrw_fest-607-64x64.jpg 64w, https:\/\/www.vaillant.de\/21-grad\/wp-content\/uploads\/2016\/09\/sos_kinderdoerfer_nrw_fest-607-96x96.jpg 96w, https:\/\/www.vaillant.de\/21-grad\/wp-content\/uploads\/2016\/09\/sos_kinderdoerfer_nrw_fest-607-128x128.jpg 128w\" sizes=\"auto, (max-width: 150px) 100vw, 150px\" \/><\/a>\n\t\t\t<\/dt><\/dl><dl class='gallery-item'>\n\t\t\t<dt class='gallery-icon landscape'>\n\t\t\t\t<a href='https:\/\/www.vaillant.de\/21-grad\/wp-content\/uploads\/2016\/09\/sos_kinderdoerfer_nrw_fest-417.jpg'><img loading=\"lazy\" decoding=\"async\" width=\"150\" height=\"150\" src=\"https:\/\/www.vaillant.de\/21-grad\/wp-content\/uploads\/2016\/09\/sos_kinderdoerfer_nrw_fest-417-150x150.jpg\" class=\"attachment-thumbnail size-thumbnail\" alt=\"\" srcset=\"https:\/\/www.vaillant.de\/21-grad\/wp-content\/uploads\/2016\/09\/sos_kinderdoerfer_nrw_fest-417-150x150.jpg 150w, https:\/\/www.vaillant.de\/21-grad\/wp-content\/uploads\/2016\/09\/sos_kinderdoerfer_nrw_fest-417-320x320.jpg 320w, https:\/\/www.vaillant.de\/21-grad\/wp-content\/uploads\/2016\/09\/sos_kinderdoerfer_nrw_fest-417-125x125.jpg 125w, https:\/\/www.vaillant.de\/21-grad\/wp-content\/uploads\/2016\/09\/sos_kinderdoerfer_nrw_fest-417-32x32.jpg 32w, https:\/\/www.vaillant.de\/21-grad\/wp-content\/uploads\/2016\/09\/sos_kinderdoerfer_nrw_fest-417-50x50.jpg 50w, https:\/\/www.vaillant.de\/21-grad\/wp-content\/uploads\/2016\/09\/sos_kinderdoerfer_nrw_fest-417-64x64.jpg 64w, https:\/\/www.vaillant.de\/21-grad\/wp-content\/uploads\/2016\/09\/sos_kinderdoerfer_nrw_fest-417-96x96.jpg 96w, https:\/\/www.vaillant.de\/21-grad\/wp-content\/uploads\/2016\/09\/sos_kinderdoerfer_nrw_fest-417-128x128.jpg 128w\" sizes=\"auto, (max-width: 150px) 100vw, 150px\" \/><\/a>\n\t\t\t<\/dt><\/dl><dl class='gallery-item'>\n\t\t\t<dt class='gallery-icon landscape'>\n\t\t\t\t<a href='https:\/\/www.vaillant.de\/21-grad\/wp-content\/uploads\/2016\/09\/sos_kinderdoerfer_nrw_fest-632.jpg'><img loading=\"lazy\" decoding=\"async\" width=\"150\" height=\"150\" src=\"https:\/\/www.vaillant.de\/21-grad\/wp-content\/uploads\/2016\/09\/sos_kinderdoerfer_nrw_fest-632-150x150.jpg\" class=\"attachment-thumbnail size-thumbnail\" alt=\"\" srcset=\"https:\/\/www.vaillant.de\/21-grad\/wp-content\/uploads\/2016\/09\/sos_kinderdoerfer_nrw_fest-632-150x150.jpg 150w, https:\/\/www.vaillant.de\/21-grad\/wp-content\/uploads\/2016\/09\/sos_kinderdoerfer_nrw_fest-632-320x320.jpg 320w, https:\/\/www.vaillant.de\/21-grad\/wp-content\/uploads\/2016\/09\/sos_kinderdoerfer_nrw_fest-632-125x125.jpg 125w, https:\/\/www.vaillant.de\/21-grad\/wp-content\/uploads\/2016\/09\/sos_kinderdoerfer_nrw_fest-632-32x32.jpg 32w, https:\/\/www.vaillant.de\/21-grad\/wp-content\/uploads\/2016\/09\/sos_kinderdoerfer_nrw_fest-632-50x50.jpg 50w, https:\/\/www.vaillant.de\/21-grad\/wp-content\/uploads\/2016\/09\/sos_kinderdoerfer_nrw_fest-632-64x64.jpg 64w, https:\/\/www.vaillant.de\/21-grad\/wp-content\/uploads\/2016\/09\/sos_kinderdoerfer_nrw_fest-632-96x96.jpg 96w, https:\/\/www.vaillant.de\/21-grad\/wp-content\/uploads\/2016\/09\/sos_kinderdoerfer_nrw_fest-632-128x128.jpg 128w\" sizes=\"auto, (max-width: 150px) 100vw, 150px\" \/><\/a>\n\t\t\t<\/dt><\/dl><br style=\"clear: both\" \/><dl class='gallery-item'>\n\t\t\t<dt class='gallery-icon landscape'>\n\t\t\t\t<a href='https:\/\/www.vaillant.de\/21-grad\/wp-content\/uploads\/2016\/09\/sos_kinderdoerfer_nrw_fest-4.jpg'><img loading=\"lazy\" decoding=\"async\" width=\"150\" height=\"150\" src=\"https:\/\/www.vaillant.de\/21-grad\/wp-content\/uploads\/2016\/09\/sos_kinderdoerfer_nrw_fest-4-150x150.jpg\" class=\"attachment-thumbnail size-thumbnail\" alt=\"\" srcset=\"https:\/\/www.vaillant.de\/21-grad\/wp-content\/uploads\/2016\/09\/sos_kinderdoerfer_nrw_fest-4-150x150.jpg 150w, https:\/\/www.vaillant.de\/21-grad\/wp-content\/uploads\/2016\/09\/sos_kinderdoerfer_nrw_fest-4-320x320.jpg 320w, https:\/\/www.vaillant.de\/21-grad\/wp-content\/uploads\/2016\/09\/sos_kinderdoerfer_nrw_fest-4-125x125.jpg 125w, https:\/\/www.vaillant.de\/21-grad\/wp-content\/uploads\/2016\/09\/sos_kinderdoerfer_nrw_fest-4-32x32.jpg 32w, https:\/\/www.vaillant.de\/21-grad\/wp-content\/uploads\/2016\/09\/sos_kinderdoerfer_nrw_fest-4-50x50.jpg 50w, https:\/\/www.vaillant.de\/21-grad\/wp-content\/uploads\/2016\/09\/sos_kinderdoerfer_nrw_fest-4-64x64.jpg 64w, https:\/\/www.vaillant.de\/21-grad\/wp-content\/uploads\/2016\/09\/sos_kinderdoerfer_nrw_fest-4-96x96.jpg 96w, https:\/\/www.vaillant.de\/21-grad\/wp-content\/uploads\/2016\/09\/sos_kinderdoerfer_nrw_fest-4-128x128.jpg 128w\" sizes=\"auto, (max-width: 150px) 100vw, 150px\" \/><\/a>\n\t\t\t<\/dt><\/dl><dl class='gallery-item'>\n\t\t\t<dt class='gallery-icon landscape'>\n\t\t\t\t<a href='https:\/\/www.vaillant.de\/21-grad\/wp-content\/uploads\/2016\/09\/sos_kinderdoerfer_nrw_fest-78.jpg'><img loading=\"lazy\" decoding=\"async\" width=\"150\" height=\"150\" src=\"https:\/\/www.vaillant.de\/21-grad\/wp-content\/uploads\/2016\/09\/sos_kinderdoerfer_nrw_fest-78-150x150.jpg\" class=\"attachment-thumbnail size-thumbnail\" alt=\"\" srcset=\"https:\/\/www.vaillant.de\/21-grad\/wp-content\/uploads\/2016\/09\/sos_kinderdoerfer_nrw_fest-78-150x150.jpg 150w, https:\/\/www.vaillant.de\/21-grad\/wp-content\/uploads\/2016\/09\/sos_kinderdoerfer_nrw_fest-78-320x320.jpg 320w, https:\/\/www.vaillant.de\/21-grad\/wp-content\/uploads\/2016\/09\/sos_kinderdoerfer_nrw_fest-78-125x125.jpg 125w, https:\/\/www.vaillant.de\/21-grad\/wp-content\/uploads\/2016\/09\/sos_kinderdoerfer_nrw_fest-78-32x32.jpg 32w, https:\/\/www.vaillant.de\/21-grad\/wp-content\/uploads\/2016\/09\/sos_kinderdoerfer_nrw_fest-78-50x50.jpg 50w, https:\/\/www.vaillant.de\/21-grad\/wp-content\/uploads\/2016\/09\/sos_kinderdoerfer_nrw_fest-78-64x64.jpg 64w, https:\/\/www.vaillant.de\/21-grad\/wp-content\/uploads\/2016\/09\/sos_kinderdoerfer_nrw_fest-78-96x96.jpg 96w, https:\/\/www.vaillant.de\/21-grad\/wp-content\/uploads\/2016\/09\/sos_kinderdoerfer_nrw_fest-78-128x128.jpg 128w\" sizes=\"auto, (max-width: 150px) 100vw, 150px\" \/><\/a>\n\t\t\t<\/dt><\/dl><dl class='gallery-item'>\n\t\t\t<dt class='gallery-icon landscape'>\n\t\t\t\t<a href='https:\/\/www.vaillant.de\/21-grad\/wp-content\/uploads\/2016\/09\/sos_kinderdoerfer_nrw_fest-18.jpg'><img loading=\"lazy\" decoding=\"async\" width=\"150\" height=\"150\" src=\"https:\/\/www.vaillant.de\/21-grad\/wp-content\/uploads\/2016\/09\/sos_kinderdoerfer_nrw_fest-18-150x150.jpg\" class=\"attachment-thumbnail size-thumbnail\" alt=\"\" srcset=\"https:\/\/www.vaillant.de\/21-grad\/wp-content\/uploads\/2016\/09\/sos_kinderdoerfer_nrw_fest-18-150x150.jpg 150w, https:\/\/www.vaillant.de\/21-grad\/wp-content\/uploads\/2016\/09\/sos_kinderdoerfer_nrw_fest-18-320x320.jpg 320w, https:\/\/www.vaillant.de\/21-grad\/wp-content\/uploads\/2016\/09\/sos_kinderdoerfer_nrw_fest-18-125x125.jpg 125w, https:\/\/www.vaillant.de\/21-grad\/wp-content\/uploads\/2016\/09\/sos_kinderdoerfer_nrw_fest-18-32x32.jpg 32w, https:\/\/www.vaillant.de\/21-grad\/wp-content\/uploads\/2016\/09\/sos_kinderdoerfer_nrw_fest-18-50x50.jpg 50w, https:\/\/www.vaillant.de\/21-grad\/wp-content\/uploads\/2016\/09\/sos_kinderdoerfer_nrw_fest-18-64x64.jpg 64w, https:\/\/www.vaillant.de\/21-grad\/wp-content\/uploads\/2016\/09\/sos_kinderdoerfer_nrw_fest-18-96x96.jpg 96w, https:\/\/www.vaillant.de\/21-grad\/wp-content\/uploads\/2016\/09\/sos_kinderdoerfer_nrw_fest-18-128x128.jpg 128w\" sizes=\"auto, (max-width: 150px) 100vw, 150px\" \/><\/a>\n\t\t\t<\/dt><\/dl><dl class='gallery-item'>\n\t\t\t<dt class='gallery-icon landscape'>\n\t\t\t\t<a href='https:\/\/www.vaillant.de\/21-grad\/wp-content\/uploads\/2016\/09\/sos_kinderdoerfer_nrw_fest-340.jpg'><img loading=\"lazy\" decoding=\"async\" width=\"150\" height=\"150\" src=\"https:\/\/www.vaillant.de\/21-grad\/wp-content\/uploads\/2016\/09\/sos_kinderdoerfer_nrw_fest-340-150x150.jpg\" class=\"attachment-thumbnail size-thumbnail\" alt=\"\" srcset=\"https:\/\/www.vaillant.de\/21-grad\/wp-content\/uploads\/2016\/09\/sos_kinderdoerfer_nrw_fest-340-150x150.jpg 150w, https:\/\/www.vaillant.de\/21-grad\/wp-content\/uploads\/2016\/09\/sos_kinderdoerfer_nrw_fest-340-320x320.jpg 320w, https:\/\/www.vaillant.de\/21-grad\/wp-content\/uploads\/2016\/09\/sos_kinderdoerfer_nrw_fest-340-125x125.jpg 125w, https:\/\/www.vaillant.de\/21-grad\/wp-content\/uploads\/2016\/09\/sos_kinderdoerfer_nrw_fest-340-32x32.jpg 32w, https:\/\/www.vaillant.de\/21-grad\/wp-content\/uploads\/2016\/09\/sos_kinderdoerfer_nrw_fest-340-50x50.jpg 50w, https:\/\/www.vaillant.de\/21-grad\/wp-content\/uploads\/2016\/09\/sos_kinderdoerfer_nrw_fest-340-64x64.jpg 64w, https:\/\/www.vaillant.de\/21-grad\/wp-content\/uploads\/2016\/09\/sos_kinderdoerfer_nrw_fest-340-96x96.jpg 96w, https:\/\/www.vaillant.de\/21-grad\/wp-content\/uploads\/2016\/09\/sos_kinderdoerfer_nrw_fest-340-128x128.jpg 128w\" sizes=\"auto, (max-width: 150px) 100vw, 150px\" \/><\/a>\n\t\t\t<\/dt><\/dl><br style=\"clear: both\" \/><dl class='gallery-item'>\n\t\t\t<dt class='gallery-icon portrait'>\n\t\t\t\t<a href='https:\/\/www.vaillant.de\/21-grad\/wp-content\/uploads\/2016\/09\/sos_kinderdoerfer_nrw_fest-635.jpg'><img loading=\"lazy\" decoding=\"async\" width=\"150\" height=\"150\" src=\"https:\/\/www.vaillant.de\/21-grad\/wp-content\/uploads\/2016\/09\/sos_kinderdoerfer_nrw_fest-635-150x150.jpg\" class=\"attachment-thumbnail size-thumbnail\" alt=\"\" srcset=\"https:\/\/www.vaillant.de\/21-grad\/wp-content\/uploads\/2016\/09\/sos_kinderdoerfer_nrw_fest-635-150x150.jpg 150w, https:\/\/www.vaillant.de\/21-grad\/wp-content\/uploads\/2016\/09\/sos_kinderdoerfer_nrw_fest-635-320x320.jpg 320w, https:\/\/www.vaillant.de\/21-grad\/wp-content\/uploads\/2016\/09\/sos_kinderdoerfer_nrw_fest-635-125x125.jpg 125w, https:\/\/www.vaillant.de\/21-grad\/wp-content\/uploads\/2016\/09\/sos_kinderdoerfer_nrw_fest-635-32x32.jpg 32w, https:\/\/www.vaillant.de\/21-grad\/wp-content\/uploads\/2016\/09\/sos_kinderdoerfer_nrw_fest-635-50x50.jpg 50w, https:\/\/www.vaillant.de\/21-grad\/wp-content\/uploads\/2016\/09\/sos_kinderdoerfer_nrw_fest-635-64x64.jpg 64w, https:\/\/www.vaillant.de\/21-grad\/wp-content\/uploads\/2016\/09\/sos_kinderdoerfer_nrw_fest-635-96x96.jpg 96w, https:\/\/www.vaillant.de\/21-grad\/wp-content\/uploads\/2016\/09\/sos_kinderdoerfer_nrw_fest-635-128x128.jpg 128w\" sizes=\"auto, (max-width: 150px) 100vw, 150px\" \/><\/a>\n\t\t\t<\/dt><\/dl><dl class='gallery-item'>\n\t\t\t<dt class='gallery-icon landscape'>\n\t\t\t\t<a href='https:\/\/www.vaillant.de\/21-grad\/wp-content\/uploads\/2016\/09\/sos_kinderdoerfer_nrw_fest-27.jpg'><img loading=\"lazy\" decoding=\"async\" width=\"150\" height=\"150\" src=\"https:\/\/www.vaillant.de\/21-grad\/wp-content\/uploads\/2016\/09\/sos_kinderdoerfer_nrw_fest-27-150x150.jpg\" class=\"attachment-thumbnail size-thumbnail\" alt=\"\" srcset=\"https:\/\/www.vaillant.de\/21-grad\/wp-content\/uploads\/2016\/09\/sos_kinderdoerfer_nrw_fest-27-150x150.jpg 150w, https:\/\/www.vaillant.de\/21-grad\/wp-content\/uploads\/2016\/09\/sos_kinderdoerfer_nrw_fest-27-320x320.jpg 320w, https:\/\/www.vaillant.de\/21-grad\/wp-content\/uploads\/2016\/09\/sos_kinderdoerfer_nrw_fest-27-125x125.jpg 125w, https:\/\/www.vaillant.de\/21-grad\/wp-content\/uploads\/2016\/09\/sos_kinderdoerfer_nrw_fest-27-32x32.jpg 32w, https:\/\/www.vaillant.de\/21-grad\/wp-content\/uploads\/2016\/09\/sos_kinderdoerfer_nrw_fest-27-50x50.jpg 50w, https:\/\/www.vaillant.de\/21-grad\/wp-content\/uploads\/2016\/09\/sos_kinderdoerfer_nrw_fest-27-64x64.jpg 64w, https:\/\/www.vaillant.de\/21-grad\/wp-content\/uploads\/2016\/09\/sos_kinderdoerfer_nrw_fest-27-96x96.jpg 96w, https:\/\/www.vaillant.de\/21-grad\/wp-content\/uploads\/2016\/09\/sos_kinderdoerfer_nrw_fest-27-128x128.jpg 128w\" sizes=\"auto, (max-width: 150px) 100vw, 150px\" \/><\/a>\n\t\t\t<\/dt><\/dl><dl class='gallery-item'>\n\t\t\t<dt class='gallery-icon landscape'>\n\t\t\t\t<a href='https:\/\/www.vaillant.de\/21-grad\/wp-content\/uploads\/2016\/09\/sos_kinderdoerfer_nrw_fest-326.jpg'><img loading=\"lazy\" decoding=\"async\" width=\"150\" height=\"150\" src=\"https:\/\/www.vaillant.de\/21-grad\/wp-content\/uploads\/2016\/09\/sos_kinderdoerfer_nrw_fest-326-150x150.jpg\" class=\"attachment-thumbnail size-thumbnail\" alt=\"\" srcset=\"https:\/\/www.vaillant.de\/21-grad\/wp-content\/uploads\/2016\/09\/sos_kinderdoerfer_nrw_fest-326-150x150.jpg 150w, https:\/\/www.vaillant.de\/21-grad\/wp-content\/uploads\/2016\/09\/sos_kinderdoerfer_nrw_fest-326-320x320.jpg 320w, https:\/\/www.vaillant.de\/21-grad\/wp-content\/uploads\/2016\/09\/sos_kinderdoerfer_nrw_fest-326-125x125.jpg 125w, https:\/\/www.vaillant.de\/21-grad\/wp-content\/uploads\/2016\/09\/sos_kinderdoerfer_nrw_fest-326-32x32.jpg 32w, https:\/\/www.vaillant.de\/21-grad\/wp-content\/uploads\/2016\/09\/sos_kinderdoerfer_nrw_fest-326-50x50.jpg 50w, https:\/\/www.vaillant.de\/21-grad\/wp-content\/uploads\/2016\/09\/sos_kinderdoerfer_nrw_fest-326-64x64.jpg 64w, https:\/\/www.vaillant.de\/21-grad\/wp-content\/uploads\/2016\/09\/sos_kinderdoerfer_nrw_fest-326-96x96.jpg 96w, https:\/\/www.vaillant.de\/21-grad\/wp-content\/uploads\/2016\/09\/sos_kinderdoerfer_nrw_fest-326-128x128.jpg 128w\" sizes=\"auto, (max-width: 150px) 100vw, 150px\" \/><\/a>\n\t\t\t<\/dt><\/dl><dl class='gallery-item'>\n\t\t\t<dt class='gallery-icon landscape'>\n\t\t\t\t<a href='https:\/\/www.vaillant.de\/21-grad\/wp-content\/uploads\/2016\/09\/sos_kinderdoerfer_nrw_fest-53.jpg'><img loading=\"lazy\" decoding=\"async\" width=\"150\" height=\"150\" src=\"https:\/\/www.vaillant.de\/21-grad\/wp-content\/uploads\/2016\/09\/sos_kinderdoerfer_nrw_fest-53-150x150.jpg\" class=\"attachment-thumbnail size-thumbnail\" alt=\"\" srcset=\"https:\/\/www.vaillant.de\/21-grad\/wp-content\/uploads\/2016\/09\/sos_kinderdoerfer_nrw_fest-53-150x150.jpg 150w, https:\/\/www.vaillant.de\/21-grad\/wp-content\/uploads\/2016\/09\/sos_kinderdoerfer_nrw_fest-53-320x320.jpg 320w, https:\/\/www.vaillant.de\/21-grad\/wp-content\/uploads\/2016\/09\/sos_kinderdoerfer_nrw_fest-53-125x125.jpg 125w, https:\/\/www.vaillant.de\/21-grad\/wp-content\/uploads\/2016\/09\/sos_kinderdoerfer_nrw_fest-53-32x32.jpg 32w, https:\/\/www.vaillant.de\/21-grad\/wp-content\/uploads\/2016\/09\/sos_kinderdoerfer_nrw_fest-53-50x50.jpg 50w, https:\/\/www.vaillant.de\/21-grad\/wp-content\/uploads\/2016\/09\/sos_kinderdoerfer_nrw_fest-53-64x64.jpg 64w, https:\/\/www.vaillant.de\/21-grad\/wp-content\/uploads\/2016\/09\/sos_kinderdoerfer_nrw_fest-53-96x96.jpg 96w, https:\/\/www.vaillant.de\/21-grad\/wp-content\/uploads\/2016\/09\/sos_kinderdoerfer_nrw_fest-53-128x128.jpg 128w\" sizes=\"auto, (max-width: 150px) 100vw, 150px\" \/><\/a>\n\t\t\t<\/dt><\/dl><br style=\"clear: both\" \/><dl class='gallery-item'>\n\t\t\t<dt class='gallery-icon landscape'>\n\t\t\t\t<a href='https:\/\/www.vaillant.de\/21-grad\/wp-content\/uploads\/2016\/09\/sos_kinderdoerfer_nrw_fest-631.jpg'><img loading=\"lazy\" decoding=\"async\" width=\"150\" height=\"150\" src=\"https:\/\/www.vaillant.de\/21-grad\/wp-content\/uploads\/2016\/09\/sos_kinderdoerfer_nrw_fest-631-150x150.jpg\" class=\"attachment-thumbnail size-thumbnail\" alt=\"\" srcset=\"https:\/\/www.vaillant.de\/21-grad\/wp-content\/uploads\/2016\/09\/sos_kinderdoerfer_nrw_fest-631-150x150.jpg 150w, https:\/\/www.vaillant.de\/21-grad\/wp-content\/uploads\/2016\/09\/sos_kinderdoerfer_nrw_fest-631-320x320.jpg 320w, https:\/\/www.vaillant.de\/21-grad\/wp-content\/uploads\/2016\/09\/sos_kinderdoerfer_nrw_fest-631-125x125.jpg 125w, https:\/\/www.vaillant.de\/21-grad\/wp-content\/uploads\/2016\/09\/sos_kinderdoerfer_nrw_fest-631-32x32.jpg 32w, https:\/\/www.vaillant.de\/21-grad\/wp-content\/uploads\/2016\/09\/sos_kinderdoerfer_nrw_fest-631-50x50.jpg 50w, https:\/\/www.vaillant.de\/21-grad\/wp-content\/uploads\/2016\/09\/sos_kinderdoerfer_nrw_fest-631-64x64.jpg 64w, https:\/\/www.vaillant.de\/21-grad\/wp-content\/uploads\/2016\/09\/sos_kinderdoerfer_nrw_fest-631-96x96.jpg 96w, https:\/\/www.vaillant.de\/21-grad\/wp-content\/uploads\/2016\/09\/sos_kinderdoerfer_nrw_fest-631-128x128.jpg 128w\" sizes=\"auto, (max-width: 150px) 100vw, 150px\" \/><\/a>\n\t\t\t<\/dt><\/dl><dl class='gallery-item'>\n\t\t\t<dt class='gallery-icon landscape'>\n\t\t\t\t<a href='https:\/\/www.vaillant.de\/21-grad\/wp-content\/uploads\/2016\/09\/sos_kinderdoerfer_nrw_fest-629.jpg'><img loading=\"lazy\" decoding=\"async\" width=\"150\" height=\"150\" src=\"https:\/\/www.vaillant.de\/21-grad\/wp-content\/uploads\/2016\/09\/sos_kinderdoerfer_nrw_fest-629-150x150.jpg\" class=\"attachment-thumbnail size-thumbnail\" alt=\"\" srcset=\"https:\/\/www.vaillant.de\/21-grad\/wp-content\/uploads\/2016\/09\/sos_kinderdoerfer_nrw_fest-629-150x150.jpg 150w, https:\/\/www.vaillant.de\/21-grad\/wp-content\/uploads\/2016\/09\/sos_kinderdoerfer_nrw_fest-629-320x320.jpg 320w, https:\/\/www.vaillant.de\/21-grad\/wp-content\/uploads\/2016\/09\/sos_kinderdoerfer_nrw_fest-629-125x125.jpg 125w, https:\/\/www.vaillant.de\/21-grad\/wp-content\/uploads\/2016\/09\/sos_kinderdoerfer_nrw_fest-629-32x32.jpg 32w, https:\/\/www.vaillant.de\/21-grad\/wp-content\/uploads\/2016\/09\/sos_kinderdoerfer_nrw_fest-629-50x50.jpg 50w, https:\/\/www.vaillant.de\/21-grad\/wp-content\/uploads\/2016\/09\/sos_kinderdoerfer_nrw_fest-629-64x64.jpg 64w, https:\/\/www.vaillant.de\/21-grad\/wp-content\/uploads\/2016\/09\/sos_kinderdoerfer_nrw_fest-629-96x96.jpg 96w, https:\/\/www.vaillant.de\/21-grad\/wp-content\/uploads\/2016\/09\/sos_kinderdoerfer_nrw_fest-629-128x128.jpg 128w\" sizes=\"auto, (max-width: 150px) 100vw, 150px\" \/><\/a>\n\t\t\t<\/dt><\/dl><dl class='gallery-item'>\n\t\t\t<dt class='gallery-icon landscape'>\n\t\t\t\t<a href='https:\/\/www.vaillant.de\/21-grad\/wp-content\/uploads\/2016\/09\/sos_kinderdoerfer_nrw_fest-336.jpg'><img loading=\"lazy\" decoding=\"async\" width=\"150\" height=\"150\" src=\"https:\/\/www.vaillant.de\/21-grad\/wp-content\/uploads\/2016\/09\/sos_kinderdoerfer_nrw_fest-336-150x150.jpg\" class=\"attachment-thumbnail size-thumbnail\" alt=\"\" srcset=\"https:\/\/www.vaillant.de\/21-grad\/wp-content\/uploads\/2016\/09\/sos_kinderdoerfer_nrw_fest-336-150x150.jpg 150w, https:\/\/www.vaillant.de\/21-grad\/wp-content\/uploads\/2016\/09\/sos_kinderdoerfer_nrw_fest-336-320x320.jpg 320w, https:\/\/www.vaillant.de\/21-grad\/wp-content\/uploads\/2016\/09\/sos_kinderdoerfer_nrw_fest-336-125x125.jpg 125w, https:\/\/www.vaillant.de\/21-grad\/wp-content\/uploads\/2016\/09\/sos_kinderdoerfer_nrw_fest-336-32x32.jpg 32w, https:\/\/www.vaillant.de\/21-grad\/wp-content\/uploads\/2016\/09\/sos_kinderdoerfer_nrw_fest-336-50x50.jpg 50w, https:\/\/www.vaillant.de\/21-grad\/wp-content\/uploads\/2016\/09\/sos_kinderdoerfer_nrw_fest-336-64x64.jpg 64w, https:\/\/www.vaillant.de\/21-grad\/wp-content\/uploads\/2016\/09\/sos_kinderdoerfer_nrw_fest-336-96x96.jpg 96w, https:\/\/www.vaillant.de\/21-grad\/wp-content\/uploads\/2016\/09\/sos_kinderdoerfer_nrw_fest-336-128x128.jpg 128w\" sizes=\"auto, (max-width: 150px) 100vw, 150px\" \/><\/a>\n\t\t\t<\/dt><\/dl><dl class='gallery-item'>\n\t\t\t<dt class='gallery-icon landscape'>\n\t\t\t\t<a href='https:\/\/www.vaillant.de\/21-grad\/wp-content\/uploads\/2016\/09\/titelbild_vaillantsmile_940.jpg'><img loading=\"lazy\" decoding=\"async\" width=\"150\" height=\"150\" src=\"https:\/\/www.vaillant.de\/21-grad\/wp-content\/uploads\/2016\/09\/titelbild_vaillantsmile_940-150x150.jpg\" class=\"attachment-thumbnail size-thumbnail\" alt=\"\" srcset=\"https:\/\/www.vaillant.de\/21-grad\/wp-content\/uploads\/2016\/09\/titelbild_vaillantsmile_940-150x150.jpg 150w, https:\/\/www.vaillant.de\/21-grad\/wp-content\/uploads\/2016\/09\/titelbild_vaillantsmile_940-320x320.jpg 320w, https:\/\/www.vaillant.de\/21-grad\/wp-content\/uploads\/2016\/09\/titelbild_vaillantsmile_940-125x125.jpg 125w, https:\/\/www.vaillant.de\/21-grad\/wp-content\/uploads\/2016\/09\/titelbild_vaillantsmile_940-32x32.jpg 32w, https:\/\/www.vaillant.de\/21-grad\/wp-content\/uploads\/2016\/09\/titelbild_vaillantsmile_940-50x50.jpg 50w, https:\/\/www.vaillant.de\/21-grad\/wp-content\/uploads\/2016\/09\/titelbild_vaillantsmile_940-64x64.jpg 64w, https:\/\/www.vaillant.de\/21-grad\/wp-content\/uploads\/2016\/09\/titelbild_vaillantsmile_940-96x96.jpg 96w, https:\/\/www.vaillant.de\/21-grad\/wp-content\/uploads\/2016\/09\/titelbild_vaillantsmile_940-128x128.jpg 128w\" sizes=\"auto, (max-width: 150px) 100vw, 150px\" \/><\/a>\n\t\t\t<\/dt><\/dl><br style=\"clear: both\" \/><dl class='gallery-item'>\n\t\t\t<dt class='gallery-icon landscape'>\n\t\t\t\t<a href='https:\/\/www.vaillant.de\/21-grad\/wp-content\/uploads\/2016\/09\/sos_kinderdoerfer_nrw_fest-14.jpg'><img loading=\"lazy\" decoding=\"async\" width=\"150\" height=\"150\" src=\"https:\/\/www.vaillant.de\/21-grad\/wp-content\/uploads\/2016\/09\/sos_kinderdoerfer_nrw_fest-14-150x150.jpg\" class=\"attachment-thumbnail size-thumbnail\" alt=\"\" srcset=\"https:\/\/www.vaillant.de\/21-grad\/wp-content\/uploads\/2016\/09\/sos_kinderdoerfer_nrw_fest-14-150x150.jpg 150w, https:\/\/www.vaillant.de\/21-grad\/wp-content\/uploads\/2016\/09\/sos_kinderdoerfer_nrw_fest-14-320x320.jpg 320w, https:\/\/www.vaillant.de\/21-grad\/wp-content\/uploads\/2016\/09\/sos_kinderdoerfer_nrw_fest-14-125x125.jpg 125w, https:\/\/www.vaillant.de\/21-grad\/wp-content\/uploads\/2016\/09\/sos_kinderdoerfer_nrw_fest-14-32x32.jpg 32w, https:\/\/www.vaillant.de\/21-grad\/wp-content\/uploads\/2016\/09\/sos_kinderdoerfer_nrw_fest-14-50x50.jpg 50w, https:\/\/www.vaillant.de\/21-grad\/wp-content\/uploads\/2016\/09\/sos_kinderdoerfer_nrw_fest-14-64x64.jpg 64w, https:\/\/www.vaillant.de\/21-grad\/wp-content\/uploads\/2016\/09\/sos_kinderdoerfer_nrw_fest-14-96x96.jpg 96w, https:\/\/www.vaillant.de\/21-grad\/wp-content\/uploads\/2016\/09\/sos_kinderdoerfer_nrw_fest-14-128x128.jpg 128w\" sizes=\"auto, (max-width: 150px) 100vw, 150px\" \/><\/a>\n\t\t\t<\/dt><\/dl><dl class='gallery-item'>\n\t\t\t<dt class='gallery-icon portrait'>\n\t\t\t\t<a href='https:\/\/www.vaillant.de\/21-grad\/wp-content\/uploads\/2016\/09\/sos_kinderdoerfer_nrw_fest-609.jpg'><img loading=\"lazy\" decoding=\"async\" width=\"150\" height=\"150\" src=\"https:\/\/www.vaillant.de\/21-grad\/wp-content\/uploads\/2016\/09\/sos_kinderdoerfer_nrw_fest-609-150x150.jpg\" class=\"attachment-thumbnail size-thumbnail\" alt=\"\" srcset=\"https:\/\/www.vaillant.de\/21-grad\/wp-content\/uploads\/2016\/09\/sos_kinderdoerfer_nrw_fest-609-150x150.jpg 150w, https:\/\/www.vaillant.de\/21-grad\/wp-content\/uploads\/2016\/09\/sos_kinderdoerfer_nrw_fest-609-320x320.jpg 320w, https:\/\/www.vaillant.de\/21-grad\/wp-content\/uploads\/2016\/09\/sos_kinderdoerfer_nrw_fest-609-125x125.jpg 125w, https:\/\/www.vaillant.de\/21-grad\/wp-content\/uploads\/2016\/09\/sos_kinderdoerfer_nrw_fest-609-32x32.jpg 32w, https:\/\/www.vaillant.de\/21-grad\/wp-content\/uploads\/2016\/09\/sos_kinderdoerfer_nrw_fest-609-50x50.jpg 50w, https:\/\/www.vaillant.de\/21-grad\/wp-content\/uploads\/2016\/09\/sos_kinderdoerfer_nrw_fest-609-64x64.jpg 64w, https:\/\/www.vaillant.de\/21-grad\/wp-content\/uploads\/2016\/09\/sos_kinderdoerfer_nrw_fest-609-96x96.jpg 96w, https:\/\/www.vaillant.de\/21-grad\/wp-content\/uploads\/2016\/09\/sos_kinderdoerfer_nrw_fest-609-128x128.jpg 128w\" sizes=\"auto, (max-width: 150px) 100vw, 150px\" \/><\/a>\n\t\t\t<\/dt><\/dl>\n\t\t\t<br style='clear: both' \/>\n\t\t<\/div>\n\n<p>&nbsp;<\/p>\n","protected":false},"excerpt":{"rendered":"<p>Soziale Projekte wortw\u00f6rtlich mit einem L\u00e4cheln unterst\u00fctzen \u2013 das ist die Idee der neuen Kampagne #vaillantsmile, die wir in enger Zusammenarbeit mit unserem langj\u00e4hrigen Partner SOS-Kinderd\u00f6rfer entwickelt haben. Auf dem NRW-Tag am 27. August 2016 sammelten Kollegen die ersten L\u00e4cheln ein. <\/p>\n","protected":false},"author":6,"featured_media":1580,"comment_status":"open","ping_status":"open","sticky":false,"template":"","format":"standard","meta":{"footnotes":""},"categories":[5],"tags":[169,179],"coauthors":[70],"class_list":["post-1524","post","type-post","status-publish","format-standard","has-post-thumbnail","hentry","category-bewusst-und-sein","tag-bildergalerien","tag-soziales-engagement"],"yoast_head":"<!-- This site is optimized with the Yoast SEO plugin v27.4 - https:\/\/yoast.com\/product\/yoast-seo-wordpress\/ -->\n<title>#vaillantsmile: Vaillant sammelt L\u00e4cheln auf dem NRW-Tag | 21 grad<\/title>\n<meta name=\"description\" content=\"Zum Auftakt der Kampagne #vaillantsmile in Zusammenarbeit mit SOS Kinderd\u00f6rfer sammelte Vaillant auf dem NRW-Tag 2016 L\u00e4cheln f\u00fcr Hilfprojekte auf Haiti.\" \/>\n<meta name=\"robots\" content=\"index, follow, max-snippet:-1, max-image-preview:large, max-video-preview:-1\" \/>\n<link rel=\"canonical\" href=\"https:\/\/www.vaillant.de\/21-grad\/bewusst-und-sein\/vaillantsmile-vaillant-sammelt-laecheln-auf-dem-nrw-tag\/\" \/>\n<meta property=\"og:locale\" content=\"de_DE\" \/>\n<meta property=\"og:type\" content=\"article\" \/>\n<meta property=\"og:title\" content=\"#vaillantsmile: Vaillant sammelt L\u00e4cheln auf dem NRW-Tag | 21 grad\" \/>\n<meta property=\"og:description\" content=\"Zum Auftakt der Kampagne #vaillantsmile in Zusammenarbeit mit SOS Kinderd\u00f6rfer sammelte Vaillant auf dem NRW-Tag 2016 L\u00e4cheln f\u00fcr Hilfprojekte auf Haiti.\" \/>\n<meta property=\"og:url\" content=\"https:\/\/www.vaillant.de\/21-grad\/bewusst-und-sein\/vaillantsmile-vaillant-sammelt-laecheln-auf-dem-nrw-tag\/\" \/>\n<meta property=\"og:site_name\" content=\"21 grad\" \/>\n<meta property=\"article:publisher\" content=\"https:\/\/www.facebook.com\/21grad\/\" \/>\n<meta property=\"article:published_time\" content=\"2016-09-02T11:13:59+00:00\" \/>\n<meta property=\"article:modified_time\" content=\"2021-03-02T11:13:48+00:00\" \/>\n<meta property=\"og:image\" content=\"https:\/\/www.vaillant.de\/21-grad\/wp-content\/uploads\/2016\/09\/titelbild_vaillantsmile_940-1.jpg\" \/>\n\t<meta property=\"og:image:width\" content=\"940\" \/>\n\t<meta property=\"og:image:height\" content=\"480\" \/>\n\t<meta property=\"og:image:type\" content=\"image\/jpeg\" \/>\n<meta name=\"author\" content=\"Marcus\" \/>\n<meta name=\"twitter:card\" content=\"summary_large_image\" \/>\n<meta name=\"twitter:creator\" content=\"@vaillant_de\" \/>\n<meta name=\"twitter:site\" content=\"@vaillant_de\" \/>\n<meta name=\"twitter:label1\" content=\"Verfasst von\" \/>\n\t<meta name=\"twitter:data1\" content=\"Marcus\" \/>\n\t<meta name=\"twitter:label2\" content=\"Gesch\u00e4tzte Lesezeit\" \/>\n\t<meta name=\"twitter:data2\" content=\"3\u00a0Minuten\" \/>\n\t<meta name=\"twitter:label3\" content=\"Written by\" \/>\n\t<meta name=\"twitter:data3\" content=\"Marcus\" \/>\n<script type=\"application\/ld+json\" class=\"yoast-schema-graph\">{\"@context\":\"https:\\\/\\\/schema.org\",\"@graph\":[{\"@type\":\"Article\",\"@id\":\"https:\\\/\\\/www.vaillant.de\\\/21-grad\\\/bewusst-und-sein\\\/vaillantsmile-vaillant-sammelt-laecheln-auf-dem-nrw-tag\\\/#article\",\"isPartOf\":{\"@id\":\"https:\\\/\\\/www.vaillant.de\\\/21-grad\\\/bewusst-und-sein\\\/vaillantsmile-vaillant-sammelt-laecheln-auf-dem-nrw-tag\\\/\"},\"author\":{\"name\":\"Marcus\",\"@id\":\"https:\\\/\\\/www.vaillant.de\\\/21-grad\\\/#\\\/schema\\\/person\\\/d79d2ba98cd3da7ae5877706050352da\"},\"headline\":\"#vaillantsmile: Vaillant sammelt L\u00e4cheln auf dem NRW-Tag\",\"datePublished\":\"2016-09-02T11:13:59+00:00\",\"dateModified\":\"2021-03-02T11:13:48+00:00\",\"mainEntityOfPage\":{\"@id\":\"https:\\\/\\\/www.vaillant.de\\\/21-grad\\\/bewusst-und-sein\\\/vaillantsmile-vaillant-sammelt-laecheln-auf-dem-nrw-tag\\\/\"},\"wordCount\":583,\"commentCount\":0,\"image\":{\"@id\":\"https:\\\/\\\/www.vaillant.de\\\/21-grad\\\/bewusst-und-sein\\\/vaillantsmile-vaillant-sammelt-laecheln-auf-dem-nrw-tag\\\/#primaryimage\"},\"thumbnailUrl\":\"https:\\\/\\\/www.vaillant.de\\\/21-grad\\\/wp-content\\\/uploads\\\/2016\\\/09\\\/titelbild_vaillantsmile_940-1.jpg\",\"keywords\":[\"Bildergalerien\",\"Soziales Engagement\"],\"articleSection\":[\"Bewusst &amp; Sein\"],\"inLanguage\":\"de\",\"potentialAction\":[{\"@type\":\"CommentAction\",\"name\":\"Comment\",\"target\":[\"https:\\\/\\\/www.vaillant.de\\\/21-grad\\\/bewusst-und-sein\\\/vaillantsmile-vaillant-sammelt-laecheln-auf-dem-nrw-tag\\\/#respond\"]}]},{\"@type\":\"WebPage\",\"@id\":\"https:\\\/\\\/www.vaillant.de\\\/21-grad\\\/bewusst-und-sein\\\/vaillantsmile-vaillant-sammelt-laecheln-auf-dem-nrw-tag\\\/\",\"url\":\"https:\\\/\\\/www.vaillant.de\\\/21-grad\\\/bewusst-und-sein\\\/vaillantsmile-vaillant-sammelt-laecheln-auf-dem-nrw-tag\\\/\",\"name\":\"#vaillantsmile: Vaillant sammelt L\u00e4cheln auf dem NRW-Tag | 21 grad\",\"isPartOf\":{\"@id\":\"https:\\\/\\\/www.vaillant.de\\\/21-grad\\\/#website\"},\"primaryImageOfPage\":{\"@id\":\"https:\\\/\\\/www.vaillant.de\\\/21-grad\\\/bewusst-und-sein\\\/vaillantsmile-vaillant-sammelt-laecheln-auf-dem-nrw-tag\\\/#primaryimage\"},\"image\":{\"@id\":\"https:\\\/\\\/www.vaillant.de\\\/21-grad\\\/bewusst-und-sein\\\/vaillantsmile-vaillant-sammelt-laecheln-auf-dem-nrw-tag\\\/#primaryimage\"},\"thumbnailUrl\":\"https:\\\/\\\/www.vaillant.de\\\/21-grad\\\/wp-content\\\/uploads\\\/2016\\\/09\\\/titelbild_vaillantsmile_940-1.jpg\",\"datePublished\":\"2016-09-02T11:13:59+00:00\",\"dateModified\":\"2021-03-02T11:13:48+00:00\",\"author\":{\"@id\":\"https:\\\/\\\/www.vaillant.de\\\/21-grad\\\/#\\\/schema\\\/person\\\/d79d2ba98cd3da7ae5877706050352da\"},\"description\":\"Zum Auftakt der Kampagne #vaillantsmile in Zusammenarbeit mit SOS Kinderd\u00f6rfer sammelte Vaillant auf dem NRW-Tag 2016 L\u00e4cheln f\u00fcr Hilfprojekte auf Haiti.\",\"breadcrumb\":{\"@id\":\"https:\\\/\\\/www.vaillant.de\\\/21-grad\\\/bewusst-und-sein\\\/vaillantsmile-vaillant-sammelt-laecheln-auf-dem-nrw-tag\\\/#breadcrumb\"},\"inLanguage\":\"de\",\"potentialAction\":[{\"@type\":\"ReadAction\",\"target\":[\"https:\\\/\\\/www.vaillant.de\\\/21-grad\\\/bewusst-und-sein\\\/vaillantsmile-vaillant-sammelt-laecheln-auf-dem-nrw-tag\\\/\"]}]},{\"@type\":\"ImageObject\",\"inLanguage\":\"de\",\"@id\":\"https:\\\/\\\/www.vaillant.de\\\/21-grad\\\/bewusst-und-sein\\\/vaillantsmile-vaillant-sammelt-laecheln-auf-dem-nrw-tag\\\/#primaryimage\",\"url\":\"https:\\\/\\\/www.vaillant.de\\\/21-grad\\\/wp-content\\\/uploads\\\/2016\\\/09\\\/titelbild_vaillantsmile_940-1.jpg\",\"contentUrl\":\"https:\\\/\\\/www.vaillant.de\\\/21-grad\\\/wp-content\\\/uploads\\\/2016\\\/09\\\/titelbild_vaillantsmile_940-1.jpg\",\"width\":940,\"height\":480},{\"@type\":\"BreadcrumbList\",\"@id\":\"https:\\\/\\\/www.vaillant.de\\\/21-grad\\\/bewusst-und-sein\\\/vaillantsmile-vaillant-sammelt-laecheln-auf-dem-nrw-tag\\\/#breadcrumb\",\"itemListElement\":[{\"@type\":\"ListItem\",\"position\":1,\"name\":\"Startseite\",\"item\":\"https:\\\/\\\/www.vaillant.de\\\/21-grad\\\/\"},{\"@type\":\"ListItem\",\"position\":2,\"name\":\"#vaillantsmile: Vaillant sammelt L\u00e4cheln auf dem NRW-Tag\"}]},{\"@type\":\"WebSite\",\"@id\":\"https:\\\/\\\/www.vaillant.de\\\/21-grad\\\/#website\",\"url\":\"https:\\\/\\\/www.vaillant.de\\\/21-grad\\\/\",\"name\":\"21 grad\",\"description\":\"Der Blog f\u00fcr Menschen, die weiterdenken\",\"potentialAction\":[{\"@type\":\"SearchAction\",\"target\":{\"@type\":\"EntryPoint\",\"urlTemplate\":\"https:\\\/\\\/www.vaillant.de\\\/21-grad\\\/?s={search_term_string}\"},\"query-input\":{\"@type\":\"PropertyValueSpecification\",\"valueRequired\":true,\"valueName\":\"search_term_string\"}}],\"inLanguage\":\"de\"},{\"@type\":\"Person\",\"@id\":\"https:\\\/\\\/www.vaillant.de\\\/21-grad\\\/#\\\/schema\\\/person\\\/d79d2ba98cd3da7ae5877706050352da\",\"name\":\"Marcus\",\"image\":{\"@type\":\"ImageObject\",\"inLanguage\":\"de\",\"@id\":\"https:\\\/\\\/www.vaillant.de\\\/21-grad\\\/wp-content\\\/uploads\\\/2026\\\/01\\\/Marcus-125x125.jpg9d3430f1bc55d5a5d47a1162a14ae1af\",\"url\":\"https:\\\/\\\/www.vaillant.de\\\/21-grad\\\/wp-content\\\/uploads\\\/2026\\\/01\\\/Marcus-125x125.jpg\",\"contentUrl\":\"https:\\\/\\\/www.vaillant.de\\\/21-grad\\\/wp-content\\\/uploads\\\/2026\\\/01\\\/Marcus-125x125.jpg\",\"caption\":\"Marcus\"},\"description\":\"Willkommen in der wunderbaren Welt des 21grad Blogs. Als Medien- und Kooperationsmanager bin ich bei Vaillant Deutschland u.a. f\u00fcr unsere Fach- und Branchenkommunikation zust\u00e4ndig. Ich freue mich auf den Dialog mit Euch. :-) Nachhaltigkeit Bewusster Konsum und soziales Engagement liegen mir sehr am Herzen. Zuhause nutze ich \u00d6kostrom und Biogas, bei Lebensmitteln sind mir Labels wie Fair-Trade oder Bio sehr wichtig. Ich bin Sportwart beim Tennisclub Gr\u00fcn-Wei\u00df Lennep und engagiere mich auch f\u00fcr Aktion Mensch oder SOS-Kinderdorf. Interessen Unternehmungen mit Familie und Freunden, Tennis, Rock-Konzerte, Kino, B\u00fccher (z.B. Hornby, Eschbach, Uschmann) Was wolltest du als Kind gerne werden? Um es mit den \u00c4rzten zu sagen: Popstar, Bademeister oder Astronaut Was bringt dich auf die Palme? Menschen, die Schuld immer bei anderen suchen oder auch nat\u00fcrlich eine leckere Kokosnuss Was war der beste Rat, den du jemals erhalten hast? \u201eDenke in L\u00f6sungen, nicht in Problemen.\u201c\",\"url\":\"https:\\\/\\\/www.vaillant.de\\\/21-grad\\\/autor\\\/marcus\\\/\"}]}<\/script>\n<!-- \/ Yoast SEO plugin. -->","yoast_head_json":{"title":"#vaillantsmile: Vaillant sammelt L\u00e4cheln auf dem NRW-Tag | 21 grad","description":"Zum Auftakt der Kampagne #vaillantsmile in Zusammenarbeit mit SOS Kinderd\u00f6rfer sammelte Vaillant auf dem NRW-Tag 2016 L\u00e4cheln f\u00fcr Hilfprojekte auf Haiti.","robots":{"index":"index","follow":"follow","max-snippet":"max-snippet:-1","max-image-preview":"max-image-preview:large","max-video-preview":"max-video-preview:-1"},"canonical":"https:\/\/www.vaillant.de\/21-grad\/bewusst-und-sein\/vaillantsmile-vaillant-sammelt-laecheln-auf-dem-nrw-tag\/","og_locale":"de_DE","og_type":"article","og_title":"#vaillantsmile: Vaillant sammelt L\u00e4cheln auf dem NRW-Tag | 21 grad","og_description":"Zum Auftakt der Kampagne #vaillantsmile in Zusammenarbeit mit SOS Kinderd\u00f6rfer sammelte Vaillant auf dem NRW-Tag 2016 L\u00e4cheln f\u00fcr Hilfprojekte auf Haiti.","og_url":"https:\/\/www.vaillant.de\/21-grad\/bewusst-und-sein\/vaillantsmile-vaillant-sammelt-laecheln-auf-dem-nrw-tag\/","og_site_name":"21 grad","article_publisher":"https:\/\/www.facebook.com\/21grad\/","article_published_time":"2016-09-02T11:13:59+00:00","article_modified_time":"2021-03-02T11:13:48+00:00","og_image":[{"width":940,"height":480,"url":"https:\/\/www.vaillant.de\/21-grad\/wp-content\/uploads\/2016\/09\/titelbild_vaillantsmile_940-1.jpg","type":"image\/jpeg"}],"author":"Marcus","twitter_card":"summary_large_image","twitter_creator":"@vaillant_de","twitter_site":"@vaillant_de","twitter_misc":{"Verfasst von":"Marcus","Gesch\u00e4tzte Lesezeit":"3\u00a0Minuten","Written by":"Marcus"},"schema":{"@context":"https:\/\/schema.org","@graph":[{"@type":"Article","@id":"https:\/\/www.vaillant.de\/21-grad\/bewusst-und-sein\/vaillantsmile-vaillant-sammelt-laecheln-auf-dem-nrw-tag\/#article","isPartOf":{"@id":"https:\/\/www.vaillant.de\/21-grad\/bewusst-und-sein\/vaillantsmile-vaillant-sammelt-laecheln-auf-dem-nrw-tag\/"},"author":{"name":"Marcus","@id":"https:\/\/www.vaillant.de\/21-grad\/#\/schema\/person\/d79d2ba98cd3da7ae5877706050352da"},"headline":"#vaillantsmile: Vaillant sammelt L\u00e4cheln auf dem NRW-Tag","datePublished":"2016-09-02T11:13:59+00:00","dateModified":"2021-03-02T11:13:48+00:00","mainEntityOfPage":{"@id":"https:\/\/www.vaillant.de\/21-grad\/bewusst-und-sein\/vaillantsmile-vaillant-sammelt-laecheln-auf-dem-nrw-tag\/"},"wordCount":583,"commentCount":0,"image":{"@id":"https:\/\/www.vaillant.de\/21-grad\/bewusst-und-sein\/vaillantsmile-vaillant-sammelt-laecheln-auf-dem-nrw-tag\/#primaryimage"},"thumbnailUrl":"https:\/\/www.vaillant.de\/21-grad\/wp-content\/uploads\/2016\/09\/titelbild_vaillantsmile_940-1.jpg","keywords":["Bildergalerien","Soziales Engagement"],"articleSection":["Bewusst &amp; Sein"],"inLanguage":"de","potentialAction":[{"@type":"CommentAction","name":"Comment","target":["https:\/\/www.vaillant.de\/21-grad\/bewusst-und-sein\/vaillantsmile-vaillant-sammelt-laecheln-auf-dem-nrw-tag\/#respond"]}]},{"@type":"WebPage","@id":"https:\/\/www.vaillant.de\/21-grad\/bewusst-und-sein\/vaillantsmile-vaillant-sammelt-laecheln-auf-dem-nrw-tag\/","url":"https:\/\/www.vaillant.de\/21-grad\/bewusst-und-sein\/vaillantsmile-vaillant-sammelt-laecheln-auf-dem-nrw-tag\/","name":"#vaillantsmile: Vaillant sammelt L\u00e4cheln auf dem NRW-Tag | 21 grad","isPartOf":{"@id":"https:\/\/www.vaillant.de\/21-grad\/#website"},"primaryImageOfPage":{"@id":"https:\/\/www.vaillant.de\/21-grad\/bewusst-und-sein\/vaillantsmile-vaillant-sammelt-laecheln-auf-dem-nrw-tag\/#primaryimage"},"image":{"@id":"https:\/\/www.vaillant.de\/21-grad\/bewusst-und-sein\/vaillantsmile-vaillant-sammelt-laecheln-auf-dem-nrw-tag\/#primaryimage"},"thumbnailUrl":"https:\/\/www.vaillant.de\/21-grad\/wp-content\/uploads\/2016\/09\/titelbild_vaillantsmile_940-1.jpg","datePublished":"2016-09-02T11:13:59+00:00","dateModified":"2021-03-02T11:13:48+00:00","author":{"@id":"https:\/\/www.vaillant.de\/21-grad\/#\/schema\/person\/d79d2ba98cd3da7ae5877706050352da"},"description":"Zum Auftakt der Kampagne #vaillantsmile in Zusammenarbeit mit SOS Kinderd\u00f6rfer sammelte Vaillant auf dem NRW-Tag 2016 L\u00e4cheln f\u00fcr Hilfprojekte auf Haiti.","breadcrumb":{"@id":"https:\/\/www.vaillant.de\/21-grad\/bewusst-und-sein\/vaillantsmile-vaillant-sammelt-laecheln-auf-dem-nrw-tag\/#breadcrumb"},"inLanguage":"de","potentialAction":[{"@type":"ReadAction","target":["https:\/\/www.vaillant.de\/21-grad\/bewusst-und-sein\/vaillantsmile-vaillant-sammelt-laecheln-auf-dem-nrw-tag\/"]}]},{"@type":"ImageObject","inLanguage":"de","@id":"https:\/\/www.vaillant.de\/21-grad\/bewusst-und-sein\/vaillantsmile-vaillant-sammelt-laecheln-auf-dem-nrw-tag\/#primaryimage","url":"https:\/\/www.vaillant.de\/21-grad\/wp-content\/uploads\/2016\/09\/titelbild_vaillantsmile_940-1.jpg","contentUrl":"https:\/\/www.vaillant.de\/21-grad\/wp-content\/uploads\/2016\/09\/titelbild_vaillantsmile_940-1.jpg","width":940,"height":480},{"@type":"BreadcrumbList","@id":"https:\/\/www.vaillant.de\/21-grad\/bewusst-und-sein\/vaillantsmile-vaillant-sammelt-laecheln-auf-dem-nrw-tag\/#breadcrumb","itemListElement":[{"@type":"ListItem","position":1,"name":"Startseite","item":"https:\/\/www.vaillant.de\/21-grad\/"},{"@type":"ListItem","position":2,"name":"#vaillantsmile: Vaillant sammelt L\u00e4cheln auf dem NRW-Tag"}]},{"@type":"WebSite","@id":"https:\/\/www.vaillant.de\/21-grad\/#website","url":"https:\/\/www.vaillant.de\/21-grad\/","name":"21 grad","description":"Der Blog f\u00fcr Menschen, die weiterdenken","potentialAction":[{"@type":"SearchAction","target":{"@type":"EntryPoint","urlTemplate":"https:\/\/www.vaillant.de\/21-grad\/?s={search_term_string}"},"query-input":{"@type":"PropertyValueSpecification","valueRequired":true,"valueName":"search_term_string"}}],"inLanguage":"de"},{"@type":"Person","@id":"https:\/\/www.vaillant.de\/21-grad\/#\/schema\/person\/d79d2ba98cd3da7ae5877706050352da","name":"Marcus","image":{"@type":"ImageObject","inLanguage":"de","@id":"https:\/\/www.vaillant.de\/21-grad\/wp-content\/uploads\/2026\/01\/Marcus-125x125.jpg9d3430f1bc55d5a5d47a1162a14ae1af","url":"https:\/\/www.vaillant.de\/21-grad\/wp-content\/uploads\/2026\/01\/Marcus-125x125.jpg","contentUrl":"https:\/\/www.vaillant.de\/21-grad\/wp-content\/uploads\/2026\/01\/Marcus-125x125.jpg","caption":"Marcus"},"description":"Willkommen in der wunderbaren Welt des 21grad Blogs. Als Medien- und Kooperationsmanager bin ich bei Vaillant Deutschland u.a. f\u00fcr unsere Fach- und Branchenkommunikation zust\u00e4ndig. Ich freue mich auf den Dialog mit Euch. :-) Nachhaltigkeit Bewusster Konsum und soziales Engagement liegen mir sehr am Herzen. Zuhause nutze ich \u00d6kostrom und Biogas, bei Lebensmitteln sind mir Labels wie Fair-Trade oder Bio sehr wichtig. Ich bin Sportwart beim Tennisclub Gr\u00fcn-Wei\u00df Lennep und engagiere mich auch f\u00fcr Aktion Mensch oder SOS-Kinderdorf. Interessen Unternehmungen mit Familie und Freunden, Tennis, Rock-Konzerte, Kino, B\u00fccher (z.B. Hornby, Eschbach, Uschmann) Was wolltest du als Kind gerne werden? Um es mit den \u00c4rzten zu sagen: Popstar, Bademeister oder Astronaut Was bringt dich auf die Palme? Menschen, die Schuld immer bei anderen suchen oder auch nat\u00fcrlich eine leckere Kokosnuss Was war der beste Rat, den du jemals erhalten hast? \u201eDenke in L\u00f6sungen, nicht in Problemen.\u201c","url":"https:\/\/www.vaillant.de\/21-grad\/autor\/marcus\/"}]}},"_links":{"self":[{"href":"https:\/\/www.vaillant.de\/21-grad\/wp-json\/wp\/v2\/posts\/1524","targetHints":{"allow":["GET"]}}],"collection":[{"href":"https:\/\/www.vaillant.de\/21-grad\/wp-json\/wp\/v2\/posts"}],"about":[{"href":"https:\/\/www.vaillant.de\/21-grad\/wp-json\/wp\/v2\/types\/post"}],"author":[{"embeddable":true,"href":"https:\/\/www.vaillant.de\/21-grad\/wp-json\/wp\/v2\/users\/6"}],"replies":[{"embeddable":true,"href":"https:\/\/www.vaillant.de\/21-grad\/wp-json\/wp\/v2\/comments?post=1524"}],"version-history":[{"count":34,"href":"https:\/\/www.vaillant.de\/21-grad\/wp-json\/wp\/v2\/posts\/1524\/revisions"}],"predecessor-version":[{"id":6022,"href":"https:\/\/www.vaillant.de\/21-grad\/wp-json\/wp\/v2\/posts\/1524\/revisions\/6022"}],"wp:featuredmedia":[{"embeddable":true,"href":"https:\/\/www.vaillant.de\/21-grad\/wp-json\/wp\/v2\/media\/1580"}],"wp:attachment":[{"href":"https:\/\/www.vaillant.de\/21-grad\/wp-json\/wp\/v2\/media?parent=1524"}],"wp:term":[{"taxonomy":"category","embeddable":true,"href":"https:\/\/www.vaillant.de\/21-grad\/wp-json\/wp\/v2\/categories?post=1524"},{"taxonomy":"post_tag","embeddable":true,"href":"https:\/\/www.vaillant.de\/21-grad\/wp-json\/wp\/v2\/tags?post=1524"},{"taxonomy":"author","embeddable":true,"href":"https:\/\/www.vaillant.de\/21-grad\/wp-json\/wp\/v2\/coauthors?post=1524"}],"curies":[{"name":"wp","href":"https:\/\/api.w.org\/{rel}","templated":true}]}}