{"id":1669,"date":"2016-09-23T12:00:52","date_gmt":"2016-09-23T10:00:52","guid":{"rendered":"https:\/\/21-grad.vaillant.de\/?p=1669"},"modified":"2022-04-22T13:52:27","modified_gmt":"2022-04-22T11:52:27","slug":"neubau-standard-niedrigstenergiehaus","status":"publish","type":"post","link":"https:\/\/www.vaillant.de\/21-grad\/technik-und-trends\/neubau-standard-niedrigstenergiehaus\/","title":{"rendered":"Ein Ausblick auf den kommenden Neubau-Standard: das Niedrigstenergiehaus"},"content":{"rendered":"<p style=\"text-align: justify;\">Egal ob jetzt ein Geb\u00e4udekonzept wie das Passivhaus, das Plusenergiehaus, das Sonnenhaus, das Aktivhaus oder das KfW-Effizienzhaus 55 oder 40 zum Standard wird \u2013\u00a0 eines ist sicher: Der Energiebedarf wird \u00fcber zus\u00e4tzliche W\u00e4rmeschutzvorgaben reduziert und der Anteil Erneuerbarer Energien an der Heizung wird weiter zunehmen.<\/p>\n<h2>Was fordert die EU-Geb\u00e4uderichtlinie?<\/h2>\n<p style=\"text-align: justify;\">Seit dem Jahr 2010 gibt es bereits die EU-Geb\u00e4uderichtlinie (EPBD), genauer gesagt die European Directive Energy Performance of Buildings (EPBD). Ziel dieser Richtlinie ist es, die Gesamtenergieeffizienz von Geb\u00e4uden in Europa voran zu bringen. Sie fordert, dass die Mitgliedstaaten nationale Standards f\u00fcr die Mindestanforderung der Energieeffizienz von Geb\u00e4uden festlegen und alle f\u00fcnf Jahre \u00fcberpr\u00fcfen. Indikator ist der Prim\u00e4renergieverbrauch. Sp\u00e4testens ab dem Jahr 2021 sind alle neuen Geb\u00e4ude als Niedrigstenergiegeb\u00e4ude zu bauen, so <a href=\"http:\/\/www.enev-online.de\/epbd\/2010\/epbd_2010_09_niedrigstenergie_gebaeude_passivhaus.htm\" target=\"_blank\" rel=\"noopener\">Artikel 9 der EPBD<\/a>.<\/p>\n<p style=\"text-align: justify;\">In <a href=\"http:\/\/www.enev-online.de\/epbd\/2010\/epbd_2010_02_begriffe_begriffsbestimmungen.htm\" target=\"_blank\" rel=\"noopener\">Artikel 2 der Richtlinie<\/a> wird das Niedrigstenergiegeb\u00e4ude definiert als ein Geb\u00e4ude mit einem Energiebedarf, der sehr gering ist oder fast bei Null liegt. Der verbleibende Energiebedarf wird zu einem ganz wesentlichen Teil aus erneuerbaren Quellen gedeckt.<\/p>\n<h2>Was ist ein Niedrigstenergiehaus?<\/h2>\n<p style=\"text-align: justify;\">Eine deutsche Interpretation der noch allgemeinen Forderung findet sich bei dem <a href=\"https:\/\/effizienzhaus.zukunft-haus.info\/aktivitaeten\/cohereno\/definition-niedrigstenergiehaus\/\" target=\"_blank\" rel=\"noopener\">EU Projekt COHERENO<\/a>, das in Deutschland von der dena betreut wurde und sich eigentlich mit Sanierungen besch\u00e4ftigt. Demnach erf\u00fcllen die Niedrigstenergieh\u00e4user mindestens die Anforderungen eines KfW-Effizienzhauses 55 (mit Bezug auf die EnEV 2009). Geb\u00e4ude, die vor 2009 saniert wurden, d\u00fcrfen einen maximalen Jahresprim\u00e4renergiebedarf von 40 kWh\/m\u00b2a haben, bzw. einen Transmissionsw\u00e4rmeverlust von 0,28 kWh\/m\u00b2a.<\/p>\n<p style=\"text-align: justify;\">Andere Definitionen des Niedrigstenergiehaus-Standards gehen weiter und fordern den Standard des KfW-Effizienzhaus 40 mit rund 30 kWh\/m\u00b2a. In Ober\u00f6sterreich gibt es heute schon eine eigene F\u00f6rderung f\u00fcr ein <a href=\"http:\/\/www.energiesparhaus.at\/fachbegriffe\/niedrigstenergiehaus.htm\" target=\"_blank\" rel=\"noopener\">Niedrigstenergiehaus<\/a> mit einer Energiekennzahl von max. 30 kWh\/m\u00b2a. Noch weiter geht die <a href=\"https:\/\/passipedia.de\/grundlagen\/energieeffizienz_als_wichtigste_kuenftige_energiequelle\/nearly_zero_energy_building_das_passivhaus_gibt_eine_antwort\" target=\"_blank\" rel=\"noopener\">Forderung, das Passivhaus als Ma\u00dfstab f\u00fcr Niedrigstenergiegeb\u00e4ude<\/a> zu machen. Hier ist auch die K\u00fchllast und der Strombedarf mit enthalten und der Jahresheizw\u00e4rmebedarf liegt bei nur 15 kWh\/m\u00b2a.<\/p>\n<h2>Welcher Weg f\u00fchrt zum Niedrigstenergiehaus?<\/h2>\n<p style=\"text-align: justify;\">Der Weg zum Niedrigstenergiehaus in Deutschland wird aktuell vom Bundeswirtschaftsministerium in Zusammenarbeit mit dem Bundesumwelt- und Bauministerium diskutiert. Beide erarbeiten zurzeit eine neue Version der Energieeinsparverordnung, die fit ist f\u00fcr den Niedrigstenergiehaus-Standard. Immerhin muss, nach dem <a href=\"http:\/\/www.bbsr-energieeinsparung.de\/EnEVPortal\/DE\/Regelungen\/EnEG\/eneg_node.html\" target=\"_blank\" rel=\"noopener\">Energieeinsparungsgesetz EnEG von 2013 (\u00a72a)<\/a>, die entsprechende Rechtsverordnung vor dem 01.01.2017 erlassen sein.<\/p>\n<h2><strong>Es gibt verschiedene M\u00f6glichkeiten zur Umsetzung<\/strong><\/h2>\n<p style=\"text-align: justify;\"><strong>1.\u00a0\u00a0 \u00a0Weiter wie bisher mit h\u00f6heren Anforderungen:<\/strong><br \/>\nZu Beginn des Jahres 2016 erh\u00f6hten sich die Anforderungen an den Prim\u00e4renergieverbrauch um 25 Prozent und an den W\u00e4rmeschutz um 20 Prozent. Denkbar w\u00e4re dann ab 2019, bzw. ab 2021, eine weitere Versch\u00e4rfung der gleichen H\u00f6he.<\/p>\n<p style=\"text-align: justify;\"><strong>2.\u00a0\u00a0 \u00a0Das Passivhaus wird zum Standard:<\/strong><br \/>\nDas Passivhaus hat ein eigenes Nachweisverfahren, das von der EnEV unabh\u00e4ngig ist und eine umfassendere Energiebilanz erstellt. Aber die Anforderungen sind sehr streng, denn selbst ein KfW Effizienzhaus 40 erf\u00fcllt nicht immer die Anforderung an ein Passivhaus. Daher ist diese Variante eher unwahrscheinlich.<\/p>\n<p style=\"text-align: justify;\"><strong>3.\u00a0\u00a0 \u00a0Absenkung der Prim\u00e4renergiefaktoren:<\/strong><br \/>\nSchon mit der Erh\u00f6hung der Anforderungen zu Beginn des Jahres wurde der Prim\u00e4renergiefaktor f\u00fcr Strom auf 1,8 reduziert. Der Hintergrund ist der Ausbau der erneuerbaren Energien in der Stromversorgung. Dadurch wird zum Beispiel der Einsatz von W\u00e4rmepumpen f\u00fcr die Heizung attraktiver. Geringe Prim\u00e4renergiefaktoren k\u00f6nnen auch bei anderen Heizungen mit einem hohen Anteil an erneuerbaren Energien genutzt werden.<\/p>\n<p style=\"text-align: justify;\">Die genaue Definition f\u00fcr das Niedrigstenergiehaus in Deutschland wird erst im Jahr 2018 erwartet, nach der kommenden Bundestagswahl 2017. Am wahrscheinlichsten ist, nach aktuellem Stand, dass das Niedrigstenergiehaus dem heutigen Effizienzhaus 55 entsprechen wird.<\/p>\n<p style=\"text-align: justify;\">Unabh\u00e4ngig davon, wie das Ziel des Niedrigstenergie-Geb\u00e4udes umgesetzt wird, um einen wesentlich h\u00f6heren Anteil an erneuerbaren Energien in der Heizung wird man nicht herum kommen. Kombinations-L\u00f6sungen mit Photovoltaik f\u00fcr die Heizung und Warmwasserbereitung werden an Bedeutung zunehmen.<\/p>\n<div class=\"infobox hint\"><\/p>\n<h2>Was ist der KfW Neubaustandard?<\/h2>\n<p>Wer neu baut, muss die Anforderungen der aktuellen Energieeinsparverordnung (EnEV) erf\u00fcllen. Wer diese Anforderungen unterschreitet und einen der drei KfW Neubaustandards erreicht, wird von der Kreditanstalt f\u00fcr Neubau (KfW) gef\u00f6rdert \u2013 je nach Programm mit einem zinsverg\u00fcnstigten Darlehen oder einem Zuschuss.<\/p>\n<h2>Welche Kennwerte stehen hinter den KfW Neubaustandards?<\/h2>\n<p>Wichtigste Bemessungskriterien sind der j\u00e4hrliche Prim\u00e4renergiebedarf und der Transmissionsw\u00e4rmeverlust: Der Prim\u00e4renergiebedarf beschreibt die Energiemenge, die n\u00f6tig ist, um den Gesamtenergiebedarf des Neubaus zu decken. Der Transmissionsw\u00e4rmeverlust ist die Energiemenge, die bei einem beheizten Geb\u00e4ude durch die Geb\u00e4udeh\u00fclle nach au\u00dfen entweicht. In der Energieeinsparverordnung (EnEV) hat die Bundesregierung f\u00fcr beide Referenzgr\u00f6\u00dfen H\u00f6chstwerte festgelegt. Diese dienen der KfW als Basis bei der Entwicklung der KfW Neubaustandards.<\/p>\n<h2>Welche KfW Neubaustandards gibt es?<\/h2>\n<p>F\u00fcr Neubauten gelten die Standards KfW-Effizienzhaus 40plus, KfW-Effizienzhaus 40 oder KfW-Effizienzhaus 55. Die verschiedenen Zahlenwerte geben den zul\u00e4ssigen j\u00e4hrlichen Prim\u00e4renergiebedarf an \u2013 bezogen auf ein KfW-Effizienzhaus 100. Ein KfW-Effizienzhaus 40 zum Beispiel verbraucht nur 40 Prozent der Energie eines KfW-Effizienzhauses 100. Es ist also energieeffizienter und wird st\u00e4rker gef\u00f6rdert als das KfW-Effizienzhaus 55.<br \/>\nWeitere Infos \u2013 auch zu den F\u00f6rderprogrammen \u2013 findet Ihr auf <a href=\"https:\/\/www.kfw.de\/inlandsfoerderung\/Privatpersonen\/Neubau\/\" target=\"_blank\" rel=\"noopener\">www.kfw.de<\/a>.<\/p>\n<p><\/div>\n<p>&nbsp;<\/p>\n","protected":false},"excerpt":{"rendered":"<p>Die energetischen Standards von privaten Neubauten haben sich laufend versch\u00e4rft. Heute ist das Niedrigenergiehaus im Neubau vorgeschrieben, mit einem Prim\u00e4renergiebedarf von rund 40 bis 75 kWh\/m\u00b2 im Jahr. Ab 2021 folgen in der EU die Niedrigstenergiegeb\u00e4ude. Jetzt m\u00fcssen die Mitgliedsstaaten festlegen, wie sie den neuen Standard definieren.  <\/p>\n","protected":false},"author":19,"featured_media":1680,"comment_status":"open","ping_status":"open","sticky":false,"template":"","format":"standard","meta":{"footnotes":""},"categories":[4],"tags":[172,51],"coauthors":[61,243],"class_list":["post-1669","post","type-post","status-publish","format-standard","has-post-thumbnail","hentry","category-technik-und-trends","tag-bauen-und-wohnen","tag-energie-sparen"],"yoast_head":"<!-- This site is optimized with the Yoast SEO plugin v27.4 - https:\/\/yoast.com\/product\/yoast-seo-wordpress\/ -->\n<title>Das Niedrigstenergiehaus: ein Ausblick | 21 grad<\/title>\n<meta name=\"description\" content=\"Ab 2021 d\u00fcrfen in der EU nur noch Niedrigstenergiegeb\u00e4ude gebaut werden. Was das f\u00fcr Bauherren bedeutet, erfahrt ihr hier \u25ba Jetzt informieren\" \/>\n<meta name=\"robots\" content=\"index, follow, max-snippet:-1, max-image-preview:large, max-video-preview:-1\" \/>\n<link rel=\"canonical\" href=\"https:\/\/www.vaillant.de\/21-grad\/technik-und-trends\/neubau-standard-niedrigstenergiehaus\/\" \/>\n<meta property=\"og:locale\" content=\"de_DE\" \/>\n<meta property=\"og:type\" content=\"article\" \/>\n<meta property=\"og:title\" content=\"Das Niedrigstenergiehaus: ein Ausblick | 21 grad\" \/>\n<meta property=\"og:description\" content=\"Ab 2021 d\u00fcrfen in der EU nur noch Niedrigstenergiegeb\u00e4ude gebaut werden. Was das f\u00fcr Bauherren bedeutet, erfahrt ihr hier \u25ba Jetzt informieren\" \/>\n<meta property=\"og:url\" content=\"https:\/\/www.vaillant.de\/21-grad\/technik-und-trends\/neubau-standard-niedrigstenergiehaus\/\" \/>\n<meta property=\"og:site_name\" content=\"21 grad\" \/>\n<meta property=\"article:publisher\" content=\"https:\/\/www.facebook.com\/21grad\/\" \/>\n<meta property=\"article:published_time\" content=\"2016-09-23T10:00:52+00:00\" \/>\n<meta property=\"article:modified_time\" content=\"2022-04-22T11:52:27+00:00\" \/>\n<meta property=\"og:image\" content=\"https:\/\/www.vaillant.de\/21-grad\/wp-content\/uploads\/2016\/09\/energiehaus_940.jpg\" \/>\n\t<meta property=\"og:image:width\" content=\"940\" \/>\n\t<meta property=\"og:image:height\" content=\"480\" \/>\n\t<meta property=\"og:image:type\" content=\"image\/jpeg\" \/>\n<meta name=\"author\" content=\"Andreas K\u00fchl, Tim\" \/>\n<meta name=\"twitter:card\" content=\"summary_large_image\" \/>\n<meta name=\"twitter:creator\" content=\"@vaillant_de\" \/>\n<meta name=\"twitter:site\" content=\"@vaillant_de\" \/>\n<meta name=\"twitter:label1\" content=\"Verfasst von\" \/>\n\t<meta name=\"twitter:data1\" content=\"Tim\" \/>\n\t<meta name=\"twitter:label2\" content=\"Gesch\u00e4tzte Lesezeit\" \/>\n\t<meta name=\"twitter:data2\" content=\"4\u00a0Minuten\" \/>\n\t<meta name=\"twitter:label3\" content=\"Written by\" \/>\n\t<meta name=\"twitter:data3\" content=\"Andreas K\u00fchl, Tim\" \/>\n<script type=\"application\/ld+json\" class=\"yoast-schema-graph\">{\"@context\":\"https:\\\/\\\/schema.org\",\"@graph\":[{\"@type\":\"Article\",\"@id\":\"https:\\\/\\\/www.vaillant.de\\\/21-grad\\\/technik-und-trends\\\/neubau-standard-niedrigstenergiehaus\\\/#article\",\"isPartOf\":{\"@id\":\"https:\\\/\\\/www.vaillant.de\\\/21-grad\\\/technik-und-trends\\\/neubau-standard-niedrigstenergiehaus\\\/\"},\"author\":{\"name\":\"Tim\",\"@id\":\"https:\\\/\\\/www.vaillant.de\\\/21-grad\\\/#\\\/schema\\\/person\\\/6c5f5a4071f0c7be145a9df11dac0709\"},\"headline\":\"Ein Ausblick auf den kommenden Neubau-Standard: das Niedrigstenergiehaus\",\"datePublished\":\"2016-09-23T10:00:52+00:00\",\"dateModified\":\"2022-04-22T11:52:27+00:00\",\"mainEntityOfPage\":{\"@id\":\"https:\\\/\\\/www.vaillant.de\\\/21-grad\\\/technik-und-trends\\\/neubau-standard-niedrigstenergiehaus\\\/\"},\"wordCount\":832,\"commentCount\":3,\"image\":{\"@id\":\"https:\\\/\\\/www.vaillant.de\\\/21-grad\\\/technik-und-trends\\\/neubau-standard-niedrigstenergiehaus\\\/#primaryimage\"},\"thumbnailUrl\":\"https:\\\/\\\/www.vaillant.de\\\/21-grad\\\/wp-content\\\/uploads\\\/2016\\\/09\\\/energiehaus_940.jpg\",\"keywords\":[\"Bauen und Wohnen\",\"Energie sparen\"],\"articleSection\":[\"Technik &amp; Trends\"],\"inLanguage\":\"de\",\"potentialAction\":[{\"@type\":\"CommentAction\",\"name\":\"Comment\",\"target\":[\"https:\\\/\\\/www.vaillant.de\\\/21-grad\\\/technik-und-trends\\\/neubau-standard-niedrigstenergiehaus\\\/#respond\"]}]},{\"@type\":\"WebPage\",\"@id\":\"https:\\\/\\\/www.vaillant.de\\\/21-grad\\\/technik-und-trends\\\/neubau-standard-niedrigstenergiehaus\\\/\",\"url\":\"https:\\\/\\\/www.vaillant.de\\\/21-grad\\\/technik-und-trends\\\/neubau-standard-niedrigstenergiehaus\\\/\",\"name\":\"Das Niedrigstenergiehaus: ein Ausblick | 21 grad\",\"isPartOf\":{\"@id\":\"https:\\\/\\\/www.vaillant.de\\\/21-grad\\\/#website\"},\"primaryImageOfPage\":{\"@id\":\"https:\\\/\\\/www.vaillant.de\\\/21-grad\\\/technik-und-trends\\\/neubau-standard-niedrigstenergiehaus\\\/#primaryimage\"},\"image\":{\"@id\":\"https:\\\/\\\/www.vaillant.de\\\/21-grad\\\/technik-und-trends\\\/neubau-standard-niedrigstenergiehaus\\\/#primaryimage\"},\"thumbnailUrl\":\"https:\\\/\\\/www.vaillant.de\\\/21-grad\\\/wp-content\\\/uploads\\\/2016\\\/09\\\/energiehaus_940.jpg\",\"datePublished\":\"2016-09-23T10:00:52+00:00\",\"dateModified\":\"2022-04-22T11:52:27+00:00\",\"author\":{\"@id\":\"https:\\\/\\\/www.vaillant.de\\\/21-grad\\\/#\\\/schema\\\/person\\\/6c5f5a4071f0c7be145a9df11dac0709\"},\"description\":\"Ab 2021 d\u00fcrfen in der EU nur noch Niedrigstenergiegeb\u00e4ude gebaut werden. Was das f\u00fcr Bauherren bedeutet, erfahrt ihr hier \u25ba Jetzt informieren\",\"breadcrumb\":{\"@id\":\"https:\\\/\\\/www.vaillant.de\\\/21-grad\\\/technik-und-trends\\\/neubau-standard-niedrigstenergiehaus\\\/#breadcrumb\"},\"inLanguage\":\"de\",\"potentialAction\":[{\"@type\":\"ReadAction\",\"target\":[\"https:\\\/\\\/www.vaillant.de\\\/21-grad\\\/technik-und-trends\\\/neubau-standard-niedrigstenergiehaus\\\/\"]}]},{\"@type\":\"ImageObject\",\"inLanguage\":\"de\",\"@id\":\"https:\\\/\\\/www.vaillant.de\\\/21-grad\\\/technik-und-trends\\\/neubau-standard-niedrigstenergiehaus\\\/#primaryimage\",\"url\":\"https:\\\/\\\/www.vaillant.de\\\/21-grad\\\/wp-content\\\/uploads\\\/2016\\\/09\\\/energiehaus_940.jpg\",\"contentUrl\":\"https:\\\/\\\/www.vaillant.de\\\/21-grad\\\/wp-content\\\/uploads\\\/2016\\\/09\\\/energiehaus_940.jpg\",\"width\":940,\"height\":480,\"caption\":\"Niedrigstenergiehaus\"},{\"@type\":\"BreadcrumbList\",\"@id\":\"https:\\\/\\\/www.vaillant.de\\\/21-grad\\\/technik-und-trends\\\/neubau-standard-niedrigstenergiehaus\\\/#breadcrumb\",\"itemListElement\":[{\"@type\":\"ListItem\",\"position\":1,\"name\":\"Startseite\",\"item\":\"https:\\\/\\\/www.vaillant.de\\\/21-grad\\\/\"},{\"@type\":\"ListItem\",\"position\":2,\"name\":\"Ein Ausblick auf den kommenden Neubau-Standard: das Niedrigstenergiehaus\"}]},{\"@type\":\"WebSite\",\"@id\":\"https:\\\/\\\/www.vaillant.de\\\/21-grad\\\/#website\",\"url\":\"https:\\\/\\\/www.vaillant.de\\\/21-grad\\\/\",\"name\":\"21 grad\",\"description\":\"Der Blog f\u00fcr Menschen, die weiterdenken\",\"potentialAction\":[{\"@type\":\"SearchAction\",\"target\":{\"@type\":\"EntryPoint\",\"urlTemplate\":\"https:\\\/\\\/www.vaillant.de\\\/21-grad\\\/?s={search_term_string}\"},\"query-input\":{\"@type\":\"PropertyValueSpecification\",\"valueRequired\":true,\"valueName\":\"search_term_string\"}}],\"inLanguage\":\"de\"},{\"@type\":\"Person\",\"@id\":\"https:\\\/\\\/www.vaillant.de\\\/21-grad\\\/#\\\/schema\\\/person\\\/6c5f5a4071f0c7be145a9df11dac0709\",\"name\":\"Tim\",\"image\":{\"@type\":\"ImageObject\",\"inLanguage\":\"de\",\"@id\":\"https:\\\/\\\/www.vaillant.de\\\/21-grad\\\/wp-content\\\/uploads\\\/2025\\\/04\\\/20230516_Vaillant-Mitarbeitershooting-Lennep_0005_MKP-1-125x125.jpg9c05c6497faaba75d1eddfe0b2afcc63\",\"url\":\"https:\\\/\\\/www.vaillant.de\\\/21-grad\\\/wp-content\\\/uploads\\\/2025\\\/04\\\/20230516_Vaillant-Mitarbeitershooting-Lennep_0005_MKP-1-125x125.jpg\",\"contentUrl\":\"https:\\\/\\\/www.vaillant.de\\\/21-grad\\\/wp-content\\\/uploads\\\/2025\\\/04\\\/20230516_Vaillant-Mitarbeitershooting-Lennep_0005_MKP-1-125x125.jpg\",\"caption\":\"Tim\"},\"description\":\"Ob Facebook oder Twitter, ob # oder @, ob Like oder Share \u2013 in meinem Arbeitsalltag dreht sich alles um Social Media. Ich sorge daf\u00fcr, dass unsere Zielgruppen sowohl informative als auch unterhaltsame und interaktive Inhalte mit Mehrwert auf unseren Kan\u00e4len finden. Nachhaltigkeit Nachhaltigkeit spielt vor allem in meiner Bewegung eine Rolle, da ich so viele Wege wie m\u00f6glich mit dem Rad zur\u00fccklege, u.a. den Weg zur Arbeit. Meiner Meinung nach wird viel zu oft auf das Auto zur\u00fcckgegriffen, vor allem f\u00fcr unn\u00f6tige Kurzstrecken unter 10 oder sogar weniger Minuten. Interessen Fu\u00dfball, Skifahren, Fitness, Unternehmungen in der Natur, Musik. Was w\u00fcrdest du mit auf eine einsame Insel nehmen? Einen Plattenspieler, ein gutes Buch und einen erfrischenden Drink. Wenn du eine Superkraft h\u00e4ttest, welche w\u00e4re das und warum? Ich w\u00fcrde mit meiner Superkraft gerne den Klimawandel aufhalten, da wir zwar viel reden, aber noch viel zu wenig daf\u00fcr tun.\",\"url\":\"https:\\\/\\\/www.vaillant.de\\\/21-grad\\\/autor\\\/tim\\\/\"}]}<\/script>\n<!-- \/ Yoast SEO plugin. -->","yoast_head_json":{"title":"Das Niedrigstenergiehaus: ein Ausblick | 21 grad","description":"Ab 2021 d\u00fcrfen in der EU nur noch Niedrigstenergiegeb\u00e4ude gebaut werden. Was das f\u00fcr Bauherren bedeutet, erfahrt ihr hier \u25ba Jetzt informieren","robots":{"index":"index","follow":"follow","max-snippet":"max-snippet:-1","max-image-preview":"max-image-preview:large","max-video-preview":"max-video-preview:-1"},"canonical":"https:\/\/www.vaillant.de\/21-grad\/technik-und-trends\/neubau-standard-niedrigstenergiehaus\/","og_locale":"de_DE","og_type":"article","og_title":"Das Niedrigstenergiehaus: ein Ausblick | 21 grad","og_description":"Ab 2021 d\u00fcrfen in der EU nur noch Niedrigstenergiegeb\u00e4ude gebaut werden. Was das f\u00fcr Bauherren bedeutet, erfahrt ihr hier \u25ba Jetzt informieren","og_url":"https:\/\/www.vaillant.de\/21-grad\/technik-und-trends\/neubau-standard-niedrigstenergiehaus\/","og_site_name":"21 grad","article_publisher":"https:\/\/www.facebook.com\/21grad\/","article_published_time":"2016-09-23T10:00:52+00:00","article_modified_time":"2022-04-22T11:52:27+00:00","og_image":[{"width":940,"height":480,"url":"https:\/\/www.vaillant.de\/21-grad\/wp-content\/uploads\/2016\/09\/energiehaus_940.jpg","type":"image\/jpeg"}],"author":"Andreas K\u00fchl, Tim","twitter_card":"summary_large_image","twitter_creator":"@vaillant_de","twitter_site":"@vaillant_de","twitter_misc":{"Verfasst von":"Tim","Gesch\u00e4tzte Lesezeit":"4\u00a0Minuten","Written by":"Andreas K\u00fchl, Tim"},"schema":{"@context":"https:\/\/schema.org","@graph":[{"@type":"Article","@id":"https:\/\/www.vaillant.de\/21-grad\/technik-und-trends\/neubau-standard-niedrigstenergiehaus\/#article","isPartOf":{"@id":"https:\/\/www.vaillant.de\/21-grad\/technik-und-trends\/neubau-standard-niedrigstenergiehaus\/"},"author":{"name":"Tim","@id":"https:\/\/www.vaillant.de\/21-grad\/#\/schema\/person\/6c5f5a4071f0c7be145a9df11dac0709"},"headline":"Ein Ausblick auf den kommenden Neubau-Standard: das Niedrigstenergiehaus","datePublished":"2016-09-23T10:00:52+00:00","dateModified":"2022-04-22T11:52:27+00:00","mainEntityOfPage":{"@id":"https:\/\/www.vaillant.de\/21-grad\/technik-und-trends\/neubau-standard-niedrigstenergiehaus\/"},"wordCount":832,"commentCount":3,"image":{"@id":"https:\/\/www.vaillant.de\/21-grad\/technik-und-trends\/neubau-standard-niedrigstenergiehaus\/#primaryimage"},"thumbnailUrl":"https:\/\/www.vaillant.de\/21-grad\/wp-content\/uploads\/2016\/09\/energiehaus_940.jpg","keywords":["Bauen und Wohnen","Energie sparen"],"articleSection":["Technik &amp; Trends"],"inLanguage":"de","potentialAction":[{"@type":"CommentAction","name":"Comment","target":["https:\/\/www.vaillant.de\/21-grad\/technik-und-trends\/neubau-standard-niedrigstenergiehaus\/#respond"]}]},{"@type":"WebPage","@id":"https:\/\/www.vaillant.de\/21-grad\/technik-und-trends\/neubau-standard-niedrigstenergiehaus\/","url":"https:\/\/www.vaillant.de\/21-grad\/technik-und-trends\/neubau-standard-niedrigstenergiehaus\/","name":"Das Niedrigstenergiehaus: ein Ausblick | 21 grad","isPartOf":{"@id":"https:\/\/www.vaillant.de\/21-grad\/#website"},"primaryImageOfPage":{"@id":"https:\/\/www.vaillant.de\/21-grad\/technik-und-trends\/neubau-standard-niedrigstenergiehaus\/#primaryimage"},"image":{"@id":"https:\/\/www.vaillant.de\/21-grad\/technik-und-trends\/neubau-standard-niedrigstenergiehaus\/#primaryimage"},"thumbnailUrl":"https:\/\/www.vaillant.de\/21-grad\/wp-content\/uploads\/2016\/09\/energiehaus_940.jpg","datePublished":"2016-09-23T10:00:52+00:00","dateModified":"2022-04-22T11:52:27+00:00","author":{"@id":"https:\/\/www.vaillant.de\/21-grad\/#\/schema\/person\/6c5f5a4071f0c7be145a9df11dac0709"},"description":"Ab 2021 d\u00fcrfen in der EU nur noch Niedrigstenergiegeb\u00e4ude gebaut werden. Was das f\u00fcr Bauherren bedeutet, erfahrt ihr hier \u25ba Jetzt informieren","breadcrumb":{"@id":"https:\/\/www.vaillant.de\/21-grad\/technik-und-trends\/neubau-standard-niedrigstenergiehaus\/#breadcrumb"},"inLanguage":"de","potentialAction":[{"@type":"ReadAction","target":["https:\/\/www.vaillant.de\/21-grad\/technik-und-trends\/neubau-standard-niedrigstenergiehaus\/"]}]},{"@type":"ImageObject","inLanguage":"de","@id":"https:\/\/www.vaillant.de\/21-grad\/technik-und-trends\/neubau-standard-niedrigstenergiehaus\/#primaryimage","url":"https:\/\/www.vaillant.de\/21-grad\/wp-content\/uploads\/2016\/09\/energiehaus_940.jpg","contentUrl":"https:\/\/www.vaillant.de\/21-grad\/wp-content\/uploads\/2016\/09\/energiehaus_940.jpg","width":940,"height":480,"caption":"Niedrigstenergiehaus"},{"@type":"BreadcrumbList","@id":"https:\/\/www.vaillant.de\/21-grad\/technik-und-trends\/neubau-standard-niedrigstenergiehaus\/#breadcrumb","itemListElement":[{"@type":"ListItem","position":1,"name":"Startseite","item":"https:\/\/www.vaillant.de\/21-grad\/"},{"@type":"ListItem","position":2,"name":"Ein Ausblick auf den kommenden Neubau-Standard: das Niedrigstenergiehaus"}]},{"@type":"WebSite","@id":"https:\/\/www.vaillant.de\/21-grad\/#website","url":"https:\/\/www.vaillant.de\/21-grad\/","name":"21 grad","description":"Der Blog f\u00fcr Menschen, die weiterdenken","potentialAction":[{"@type":"SearchAction","target":{"@type":"EntryPoint","urlTemplate":"https:\/\/www.vaillant.de\/21-grad\/?s={search_term_string}"},"query-input":{"@type":"PropertyValueSpecification","valueRequired":true,"valueName":"search_term_string"}}],"inLanguage":"de"},{"@type":"Person","@id":"https:\/\/www.vaillant.de\/21-grad\/#\/schema\/person\/6c5f5a4071f0c7be145a9df11dac0709","name":"Tim","image":{"@type":"ImageObject","inLanguage":"de","@id":"https:\/\/www.vaillant.de\/21-grad\/wp-content\/uploads\/2025\/04\/20230516_Vaillant-Mitarbeitershooting-Lennep_0005_MKP-1-125x125.jpg9c05c6497faaba75d1eddfe0b2afcc63","url":"https:\/\/www.vaillant.de\/21-grad\/wp-content\/uploads\/2025\/04\/20230516_Vaillant-Mitarbeitershooting-Lennep_0005_MKP-1-125x125.jpg","contentUrl":"https:\/\/www.vaillant.de\/21-grad\/wp-content\/uploads\/2025\/04\/20230516_Vaillant-Mitarbeitershooting-Lennep_0005_MKP-1-125x125.jpg","caption":"Tim"},"description":"Ob Facebook oder Twitter, ob # oder @, ob Like oder Share \u2013 in meinem Arbeitsalltag dreht sich alles um Social Media. Ich sorge daf\u00fcr, dass unsere Zielgruppen sowohl informative als auch unterhaltsame und interaktive Inhalte mit Mehrwert auf unseren Kan\u00e4len finden. Nachhaltigkeit Nachhaltigkeit spielt vor allem in meiner Bewegung eine Rolle, da ich so viele Wege wie m\u00f6glich mit dem Rad zur\u00fccklege, u.a. den Weg zur Arbeit. Meiner Meinung nach wird viel zu oft auf das Auto zur\u00fcckgegriffen, vor allem f\u00fcr unn\u00f6tige Kurzstrecken unter 10 oder sogar weniger Minuten. Interessen Fu\u00dfball, Skifahren, Fitness, Unternehmungen in der Natur, Musik. Was w\u00fcrdest du mit auf eine einsame Insel nehmen? Einen Plattenspieler, ein gutes Buch und einen erfrischenden Drink. Wenn du eine Superkraft h\u00e4ttest, welche w\u00e4re das und warum? Ich w\u00fcrde mit meiner Superkraft gerne den Klimawandel aufhalten, da wir zwar viel reden, aber noch viel zu wenig daf\u00fcr tun.","url":"https:\/\/www.vaillant.de\/21-grad\/autor\/tim\/"}]}},"_links":{"self":[{"href":"https:\/\/www.vaillant.de\/21-grad\/wp-json\/wp\/v2\/posts\/1669","targetHints":{"allow":["GET"]}}],"collection":[{"href":"https:\/\/www.vaillant.de\/21-grad\/wp-json\/wp\/v2\/posts"}],"about":[{"href":"https:\/\/www.vaillant.de\/21-grad\/wp-json\/wp\/v2\/types\/post"}],"author":[{"embeddable":true,"href":"https:\/\/www.vaillant.de\/21-grad\/wp-json\/wp\/v2\/users\/19"}],"replies":[{"embeddable":true,"href":"https:\/\/www.vaillant.de\/21-grad\/wp-json\/wp\/v2\/comments?post=1669"}],"version-history":[{"count":13,"href":"https:\/\/www.vaillant.de\/21-grad\/wp-json\/wp\/v2\/posts\/1669\/revisions"}],"predecessor-version":[{"id":3464,"href":"https:\/\/www.vaillant.de\/21-grad\/wp-json\/wp\/v2\/posts\/1669\/revisions\/3464"}],"wp:featuredmedia":[{"embeddable":true,"href":"https:\/\/www.vaillant.de\/21-grad\/wp-json\/wp\/v2\/media\/1680"}],"wp:attachment":[{"href":"https:\/\/www.vaillant.de\/21-grad\/wp-json\/wp\/v2\/media?parent=1669"}],"wp:term":[{"taxonomy":"category","embeddable":true,"href":"https:\/\/www.vaillant.de\/21-grad\/wp-json\/wp\/v2\/categories?post=1669"},{"taxonomy":"post_tag","embeddable":true,"href":"https:\/\/www.vaillant.de\/21-grad\/wp-json\/wp\/v2\/tags?post=1669"},{"taxonomy":"author","embeddable":true,"href":"https:\/\/www.vaillant.de\/21-grad\/wp-json\/wp\/v2\/coauthors?post=1669"}],"curies":[{"name":"wp","href":"https:\/\/api.w.org\/{rel}","templated":true}]}}