{"id":2003,"date":"2016-12-21T12:00:10","date_gmt":"2016-12-21T11:00:10","guid":{"rendered":"https:\/\/21-grad.vaillant.de\/?p=2003"},"modified":"2019-09-09T13:47:30","modified_gmt":"2019-09-09T11:47:30","slug":"hyperloop","status":"publish","type":"post","link":"https:\/\/www.vaillant.de\/21-grad\/technik-und-trends\/hyperloop\/","title":{"rendered":"Hyperloop: Tesla-Genie Elon Musk plant umweltfreundliches Transportwunder"},"content":{"rendered":"<p><a href=\"https:\/\/www.vaillant.de\/21-grad\/wp-content\/uploads\/2016\/12\/hyperloop1.jpg\"><img loading=\"lazy\" decoding=\"async\" class=\"alignright size-medium wp-image-2005\" src=\"https:\/\/www.vaillant.de\/21-grad\/wp-content\/uploads\/2016\/12\/hyperloop1-346x232.jpg\" alt=\"Baustelle Hyperloop\" width=\"346\" height=\"232\" srcset=\"https:\/\/www.vaillant.de\/21-grad\/wp-content\/uploads\/2016\/12\/hyperloop1-346x232.jpg 346w, https:\/\/www.vaillant.de\/21-grad\/wp-content\/uploads\/2016\/12\/hyperloop1-768x514.jpg 768w, https:\/\/www.vaillant.de\/21-grad\/wp-content\/uploads\/2016\/12\/hyperloop1-717x480.jpg 717w\" sizes=\"auto, (max-width: 346px) 100vw, 346px\" \/><\/a>Alles ist machbar \u2013 das ist das Motto, mit dem Elon Musk die Menschheit voranbringen m\u00f6chte. Mit Tesla baut der S\u00fcdafrikaner in Serie Elektrosportwagen, w\u00e4hrend er mit seiner zweiten Firma SpaceX die Weltraumfahrt revolutionieren m\u00f6chte. Doch damit nicht genug: 2013 stellte der Unternehmer f\u00fcr jedermann einsehbar sein <a href=\"http:\/\/www.spacex.com\/sites\/spacex\/files\/hyperloop_alpha-20130812.pdf\" target=\"_blank\" rel=\"noopener noreferrer\">Konzept Hyperloop<\/a> vor. Ein Transportmittel, das uns schnell, leise und umweltfreundlich fortbewegen soll. Er begr\u00fcndete die Ver\u00f6ffentlichung mit dem Hinweis darauf, dass er selbst keine Zeit habe, sich darum zu k\u00fcmmern.<\/p>\n<h2><strong>So funktioniert Hyperloop: Schallgeschwindigkeit &amp; Solarenergie<\/strong><\/h2>\n<p><a href=\"https:\/\/www.vaillant.de\/21-grad\/wp-content\/uploads\/2016\/12\/hyperloop2.jpg\"><img loading=\"lazy\" decoding=\"async\" class=\"alignleft size-medium wp-image-2006\" src=\"https:\/\/www.vaillant.de\/21-grad\/wp-content\/uploads\/2016\/12\/hyperloop2-309x232.jpg\" alt=\"R\u00f6hre\" width=\"309\" height=\"232\" srcset=\"https:\/\/www.vaillant.de\/21-grad\/wp-content\/uploads\/2016\/12\/hyperloop2-309x232.jpg 309w, https:\/\/www.vaillant.de\/21-grad\/wp-content\/uploads\/2016\/12\/hyperloop2-768x576.jpg 768w, https:\/\/www.vaillant.de\/21-grad\/wp-content\/uploads\/2016\/12\/hyperloop2-640x480.jpg 640w\" sizes=\"auto, (max-width: 309px) 100vw, 309px\" \/><\/a>Wie k\u00f6nnen wir uns Hyperloop vorstellen? Es handelt sich um eine Metallr\u00f6hre, die auf Pfeilern steht und in der eine magnetisch angetriebene Transportkapsel unterwegs ist. Im Innenraum der R\u00f6hre herrscht ein Vakuum, das die hohe Geschwindigkeit erm\u00f6glichen soll. Theoretisch kann der Hyperloop ohne den hemmenden Luftwiderstand bis zu 1.200 km\/h schnell werden \u2013 so lie\u00dfe sich die Strecke von Hamburg nach M\u00fcnchen in 45 Minuten zur\u00fccklegen. Als Kr\u00f6nung soll der Hyperloop auch noch ein Selbstversorger sein, was die Energie betrifft. <a href=\"https:\/\/www.vaillant.de\/heizung\/heizung-verstehen\/technologie-verstehen\/solarenergie\/\" target=\"_blank\" rel=\"noopener noreferrer\">Solarenergie<\/a>, hei\u00dft das Zauberwort. Laut Musks Konzept soll die Oberfl\u00e4che der R\u00f6hre mit Solarmodulen gedeckt werden, die sogar mehr Energie produzieren, als f\u00fcr den Betrieb des Hyperlooks ben\u00f6tigt wird. Noch klingt das Projekt eher nach einem alten James Bond Film als nach realisierbarer Technik. Doch weltweit t\u00fcfteln Ingenieure bereits daran, aus der Vision des Tesla-Gr\u00fcnders einen Prototyp zu entwickeln.<\/p>\n<h2><strong>Hyperloop<\/strong>: Zwei Unternehmen, zwei Strategien<\/h2>\n<p>Die beiden vielversprechendsten Firmen kommen aus den USA und verfolgen unterschiedliche Ans\u00e4tze. Das Unternehmen <a href=\"http:\/\/hyperlooptransp.com\" target=\"_blank\" rel=\"noopener noreferrer\">Hyperloop Transportation Technologies<\/a> arbeitet mit einem internationalen Team aus Freiwilligen an einer Strecke in Quay Valley, einer Modellstadt des 21. Jahrhunderts in Kalifornien. Sp\u00e4testens 2019 sollen dort die ersten Passagiere in eine Hyperloop-Kapsel einsteigen. Allerdings nur mit etwa 300 km\/h und ohne vorherige Tests mit dem G\u00fcterverkehr.<\/p>\n<p><a href=\"https:\/\/hyperloop-one.com\" target=\"_blank\" rel=\"noopener noreferrer\">Hyperloop One<\/a> will dagegen zun\u00e4chst nur testen: Das konventionelle Unternehmen, mit einem festen Sitz und angestellten Mitarbeitern, absolvierte Anfang des Jahres eine Teststreckenfahrt \u2013 freilich nur f\u00fcr 1,9 Sekunden und einer Spitzengeschwindigkeit von 160 km\/h. Die Idee ist, das System zuerst im G\u00fcterverkehr auf kurzen Strecken von 80 bis 100 Kilometern zu erproben. 2022 sollen dann die ersten Tickets f\u00fcr den Personenverkehr verkauft werden.<\/p>\n<h2><strong>Offene technische Fragen bei Hyperloop<\/strong><\/h2>\n<p><a href=\"https:\/\/www.vaillant.de\/21-grad\/wp-content\/uploads\/2016\/12\/hyperloop3.jpg\"><img loading=\"lazy\" decoding=\"async\" class=\"alignright size-medium wp-image-2007\" src=\"https:\/\/www.vaillant.de\/21-grad\/wp-content\/uploads\/2016\/12\/hyperloop3-348x232.jpg\" alt=\"Die m\u00f6gliche Kapsel\" width=\"348\" height=\"232\" srcset=\"https:\/\/www.vaillant.de\/21-grad\/wp-content\/uploads\/2016\/12\/hyperloop3-348x232.jpg 348w, https:\/\/www.vaillant.de\/21-grad\/wp-content\/uploads\/2016\/12\/hyperloop3-768x512.jpg 768w, https:\/\/www.vaillant.de\/21-grad\/wp-content\/uploads\/2016\/12\/hyperloop3-720x480.jpg 720w\" sizes=\"auto, (max-width: 348px) 100vw, 348px\" \/><\/a>Doch bevor G\u00fcter und Passagiere durch die R\u00f6hre flitzen, gilt es f\u00fcr die beiden Kontrahenten verschiedene Probleme zu beseitigen. Ob die Pfeilerkonstruktionen erdbebensicher sind, ist bisher noch nicht erl\u00e4utert worden. Ebenfalls offen sind Fragen betreffend der Luftversorgung der Kapseln und der Hitzebelastung in den R\u00f6hren. Denn in den isolierten, fensterlosen R\u00f6hren einen Brand zu bek\u00e4mpfen, sei ohne Noteinstiege extrem schwierig, geben Experten der Technischen Universit\u00e4t Berlin zu bedenken. Ein anderes Problem k\u00f6nnte dem neuen Verkehrsmittel ein altbekanntes Ph\u00e4nomen bereiten: Wie l\u00e4sst sich die Turbo-R\u00f6hre in die bestehende Infrastruktur integrieren? Bis das Rohrpost-Reisen tats\u00e4chlich m\u00f6glich ist, bleibt f\u00fcr die beiden US-Konkurrenten also noch einiges zu tun.<\/p>\n<h2>Hyperloop auf Youtube:<\/h2>\n<div class=\"video-container\"><iframe loading=\"lazy\" width=\"680\" height=\"383\" src=\"https:\/\/www.youtube.com\/embed\/Z-M833m4UuI?feature=oembed\" frameborder=\"0\" allowfullscreen><\/iframe><\/div>\n<p>&nbsp;<\/p>\n","protected":false},"excerpt":{"rendered":"<p>Hyperloop will unseren Transport revolutionieren: Zuk\u00fcnftig sollen Personen und G\u00fcter mit bis zu 1.200 km\/h in einer R\u00f6hre bef\u00f6rdert werden. Bei der Umsetzung des Konzepts von Tesla-Guru Elon Musk liefern sich zwei US-Unternehmen ein Kopf-an-Kopf-Rennen. 21 Grad stellt euch das Projekt vor. <\/p>\n","protected":false},"author":6,"featured_media":2018,"comment_status":"open","ping_status":"open","sticky":false,"template":"","format":"standard","meta":{"footnotes":""},"categories":[4],"tags":[46,177,165],"coauthors":[70],"class_list":["post-2003","post","type-post","status-publish","format-standard","has-post-thumbnail","hentry","category-technik-und-trends","tag-klimaschutz","tag-videos","tag-zukunftstrends"],"yoast_head":"<!-- This site is optimized with the Yoast SEO plugin v27.4 - https:\/\/yoast.com\/product\/yoast-seo-wordpress\/ -->\n<title>Hyperloop: Verkehrsrevolution mit Schallgeschwindigkeit | 21grad<\/title>\n<meta name=\"description\" content=\"Hyperloop soll zuk\u00fcnftig Personen &amp; G\u00fcter transportieren \u2013 mit Schallgeschwindigkeit &amp; Solarenergie \u2192 Bei uns im Blog erfahrt ihr mehr \u00fcber das Projekt!\" \/>\n<meta name=\"robots\" content=\"index, follow, max-snippet:-1, max-image-preview:large, max-video-preview:-1\" \/>\n<link rel=\"canonical\" href=\"https:\/\/www.vaillant.de\/21-grad\/technik-und-trends\/hyperloop\/\" \/>\n<meta property=\"og:locale\" content=\"de_DE\" \/>\n<meta property=\"og:type\" content=\"article\" \/>\n<meta property=\"og:title\" content=\"Hyperloop: Verkehrsrevolution mit Schallgeschwindigkeit | 21grad\" \/>\n<meta property=\"og:description\" content=\"Hyperloop soll zuk\u00fcnftig Personen &amp; G\u00fcter transportieren \u2013 mit Schallgeschwindigkeit &amp; Solarenergie \u2192 Bei uns im Blog erfahrt ihr mehr \u00fcber das Projekt!\" \/>\n<meta property=\"og:url\" content=\"https:\/\/www.vaillant.de\/21-grad\/technik-und-trends\/hyperloop\/\" \/>\n<meta property=\"og:site_name\" content=\"21 grad\" \/>\n<meta property=\"article:publisher\" content=\"https:\/\/www.facebook.com\/21grad\/\" \/>\n<meta property=\"article:published_time\" content=\"2016-12-21T11:00:10+00:00\" \/>\n<meta property=\"article:modified_time\" content=\"2019-09-09T11:47:30+00:00\" \/>\n<meta property=\"og:image\" content=\"https:\/\/www.vaillant.de\/21-grad\/wp-content\/uploads\/2016\/12\/hyperloop_940.jpg\" \/>\n\t<meta property=\"og:image:width\" content=\"940\" \/>\n\t<meta property=\"og:image:height\" content=\"480\" \/>\n\t<meta property=\"og:image:type\" content=\"image\/jpeg\" \/>\n<meta name=\"author\" content=\"Marcus\" \/>\n<meta name=\"twitter:card\" content=\"summary_large_image\" \/>\n<meta name=\"twitter:creator\" content=\"@vaillant_de\" \/>\n<meta name=\"twitter:site\" content=\"@vaillant_de\" \/>\n<meta name=\"twitter:label1\" content=\"Verfasst von\" \/>\n\t<meta name=\"twitter:data1\" content=\"Marcus\" \/>\n\t<meta name=\"twitter:label2\" content=\"Gesch\u00e4tzte Lesezeit\" \/>\n\t<meta name=\"twitter:data2\" content=\"3\u00a0Minuten\" \/>\n\t<meta name=\"twitter:label3\" content=\"Written by\" \/>\n\t<meta name=\"twitter:data3\" content=\"Marcus\" \/>\n<script type=\"application\/ld+json\" class=\"yoast-schema-graph\">{\"@context\":\"https:\\\/\\\/schema.org\",\"@graph\":[{\"@type\":\"Article\",\"@id\":\"https:\\\/\\\/www.vaillant.de\\\/21-grad\\\/technik-und-trends\\\/hyperloop\\\/#article\",\"isPartOf\":{\"@id\":\"https:\\\/\\\/www.vaillant.de\\\/21-grad\\\/technik-und-trends\\\/hyperloop\\\/\"},\"author\":{\"name\":\"Marcus\",\"@id\":\"https:\\\/\\\/www.vaillant.de\\\/21-grad\\\/#\\\/schema\\\/person\\\/d79d2ba98cd3da7ae5877706050352da\"},\"headline\":\"Hyperloop: Tesla-Genie Elon Musk plant umweltfreundliches Transportwunder\",\"datePublished\":\"2016-12-21T11:00:10+00:00\",\"dateModified\":\"2019-09-09T11:47:30+00:00\",\"mainEntityOfPage\":{\"@id\":\"https:\\\/\\\/www.vaillant.de\\\/21-grad\\\/technik-und-trends\\\/hyperloop\\\/\"},\"wordCount\":516,\"commentCount\":3,\"image\":{\"@id\":\"https:\\\/\\\/www.vaillant.de\\\/21-grad\\\/technik-und-trends\\\/hyperloop\\\/#primaryimage\"},\"thumbnailUrl\":\"https:\\\/\\\/www.vaillant.de\\\/21-grad\\\/wp-content\\\/uploads\\\/2016\\\/12\\\/hyperloop_940.jpg\",\"keywords\":[\"Klimaschutz\",\"Videos\",\"Zukunftstrends\"],\"articleSection\":[\"Technik &amp; Trends\"],\"inLanguage\":\"de\",\"potentialAction\":[{\"@type\":\"CommentAction\",\"name\":\"Comment\",\"target\":[\"https:\\\/\\\/www.vaillant.de\\\/21-grad\\\/technik-und-trends\\\/hyperloop\\\/#respond\"]}]},{\"@type\":\"WebPage\",\"@id\":\"https:\\\/\\\/www.vaillant.de\\\/21-grad\\\/technik-und-trends\\\/hyperloop\\\/\",\"url\":\"https:\\\/\\\/www.vaillant.de\\\/21-grad\\\/technik-und-trends\\\/hyperloop\\\/\",\"name\":\"Hyperloop: Verkehrsrevolution mit Schallgeschwindigkeit | 21grad\",\"isPartOf\":{\"@id\":\"https:\\\/\\\/www.vaillant.de\\\/21-grad\\\/#website\"},\"primaryImageOfPage\":{\"@id\":\"https:\\\/\\\/www.vaillant.de\\\/21-grad\\\/technik-und-trends\\\/hyperloop\\\/#primaryimage\"},\"image\":{\"@id\":\"https:\\\/\\\/www.vaillant.de\\\/21-grad\\\/technik-und-trends\\\/hyperloop\\\/#primaryimage\"},\"thumbnailUrl\":\"https:\\\/\\\/www.vaillant.de\\\/21-grad\\\/wp-content\\\/uploads\\\/2016\\\/12\\\/hyperloop_940.jpg\",\"datePublished\":\"2016-12-21T11:00:10+00:00\",\"dateModified\":\"2019-09-09T11:47:30+00:00\",\"author\":{\"@id\":\"https:\\\/\\\/www.vaillant.de\\\/21-grad\\\/#\\\/schema\\\/person\\\/d79d2ba98cd3da7ae5877706050352da\"},\"description\":\"Hyperloop soll zuk\u00fcnftig Personen & G\u00fcter transportieren \u2013 mit Schallgeschwindigkeit & Solarenergie \u2192 Bei uns im Blog erfahrt ihr mehr \u00fcber das Projekt!\",\"breadcrumb\":{\"@id\":\"https:\\\/\\\/www.vaillant.de\\\/21-grad\\\/technik-und-trends\\\/hyperloop\\\/#breadcrumb\"},\"inLanguage\":\"de\",\"potentialAction\":[{\"@type\":\"ReadAction\",\"target\":[\"https:\\\/\\\/www.vaillant.de\\\/21-grad\\\/technik-und-trends\\\/hyperloop\\\/\"]}]},{\"@type\":\"ImageObject\",\"inLanguage\":\"de\",\"@id\":\"https:\\\/\\\/www.vaillant.de\\\/21-grad\\\/technik-und-trends\\\/hyperloop\\\/#primaryimage\",\"url\":\"https:\\\/\\\/www.vaillant.de\\\/21-grad\\\/wp-content\\\/uploads\\\/2016\\\/12\\\/hyperloop_940.jpg\",\"contentUrl\":\"https:\\\/\\\/www.vaillant.de\\\/21-grad\\\/wp-content\\\/uploads\\\/2016\\\/12\\\/hyperloop_940.jpg\",\"width\":940,\"height\":480,\"caption\":\"Hyperloop\"},{\"@type\":\"BreadcrumbList\",\"@id\":\"https:\\\/\\\/www.vaillant.de\\\/21-grad\\\/technik-und-trends\\\/hyperloop\\\/#breadcrumb\",\"itemListElement\":[{\"@type\":\"ListItem\",\"position\":1,\"name\":\"Startseite\",\"item\":\"https:\\\/\\\/www.vaillant.de\\\/21-grad\\\/\"},{\"@type\":\"ListItem\",\"position\":2,\"name\":\"Hyperloop: Tesla-Genie Elon Musk plant umweltfreundliches Transportwunder\"}]},{\"@type\":\"WebSite\",\"@id\":\"https:\\\/\\\/www.vaillant.de\\\/21-grad\\\/#website\",\"url\":\"https:\\\/\\\/www.vaillant.de\\\/21-grad\\\/\",\"name\":\"21 grad\",\"description\":\"Der Blog f\u00fcr Menschen, die weiterdenken\",\"potentialAction\":[{\"@type\":\"SearchAction\",\"target\":{\"@type\":\"EntryPoint\",\"urlTemplate\":\"https:\\\/\\\/www.vaillant.de\\\/21-grad\\\/?s={search_term_string}\"},\"query-input\":{\"@type\":\"PropertyValueSpecification\",\"valueRequired\":true,\"valueName\":\"search_term_string\"}}],\"inLanguage\":\"de\"},{\"@type\":\"Person\",\"@id\":\"https:\\\/\\\/www.vaillant.de\\\/21-grad\\\/#\\\/schema\\\/person\\\/d79d2ba98cd3da7ae5877706050352da\",\"name\":\"Marcus\",\"image\":{\"@type\":\"ImageObject\",\"inLanguage\":\"de\",\"@id\":\"https:\\\/\\\/www.vaillant.de\\\/21-grad\\\/wp-content\\\/uploads\\\/2026\\\/01\\\/Marcus-125x125.jpg9d3430f1bc55d5a5d47a1162a14ae1af\",\"url\":\"https:\\\/\\\/www.vaillant.de\\\/21-grad\\\/wp-content\\\/uploads\\\/2026\\\/01\\\/Marcus-125x125.jpg\",\"contentUrl\":\"https:\\\/\\\/www.vaillant.de\\\/21-grad\\\/wp-content\\\/uploads\\\/2026\\\/01\\\/Marcus-125x125.jpg\",\"caption\":\"Marcus\"},\"description\":\"Willkommen in der wunderbaren Welt des 21grad Blogs. Als Medien- und Kooperationsmanager bin ich bei Vaillant Deutschland u.a. f\u00fcr unsere Fach- und Branchenkommunikation zust\u00e4ndig. Ich freue mich auf den Dialog mit Euch. :-) Nachhaltigkeit Bewusster Konsum und soziales Engagement liegen mir sehr am Herzen. Zuhause nutze ich \u00d6kostrom und Biogas, bei Lebensmitteln sind mir Labels wie Fair-Trade oder Bio sehr wichtig. Ich bin Sportwart beim Tennisclub Gr\u00fcn-Wei\u00df Lennep und engagiere mich auch f\u00fcr Aktion Mensch oder SOS-Kinderdorf. Interessen Unternehmungen mit Familie und Freunden, Tennis, Rock-Konzerte, Kino, B\u00fccher (z.B. Hornby, Eschbach, Uschmann) Was wolltest du als Kind gerne werden? Um es mit den \u00c4rzten zu sagen: Popstar, Bademeister oder Astronaut Was bringt dich auf die Palme? Menschen, die Schuld immer bei anderen suchen oder auch nat\u00fcrlich eine leckere Kokosnuss Was war der beste Rat, den du jemals erhalten hast? \u201eDenke in L\u00f6sungen, nicht in Problemen.\u201c\",\"url\":\"https:\\\/\\\/www.vaillant.de\\\/21-grad\\\/autor\\\/marcus\\\/\"}]}<\/script>\n<!-- \/ Yoast SEO plugin. -->","yoast_head_json":{"title":"Hyperloop: Verkehrsrevolution mit Schallgeschwindigkeit | 21grad","description":"Hyperloop soll zuk\u00fcnftig Personen & G\u00fcter transportieren \u2013 mit Schallgeschwindigkeit & Solarenergie \u2192 Bei uns im Blog erfahrt ihr mehr \u00fcber das Projekt!","robots":{"index":"index","follow":"follow","max-snippet":"max-snippet:-1","max-image-preview":"max-image-preview:large","max-video-preview":"max-video-preview:-1"},"canonical":"https:\/\/www.vaillant.de\/21-grad\/technik-und-trends\/hyperloop\/","og_locale":"de_DE","og_type":"article","og_title":"Hyperloop: Verkehrsrevolution mit Schallgeschwindigkeit | 21grad","og_description":"Hyperloop soll zuk\u00fcnftig Personen & G\u00fcter transportieren \u2013 mit Schallgeschwindigkeit & Solarenergie \u2192 Bei uns im Blog erfahrt ihr mehr \u00fcber das Projekt!","og_url":"https:\/\/www.vaillant.de\/21-grad\/technik-und-trends\/hyperloop\/","og_site_name":"21 grad","article_publisher":"https:\/\/www.facebook.com\/21grad\/","article_published_time":"2016-12-21T11:00:10+00:00","article_modified_time":"2019-09-09T11:47:30+00:00","og_image":[{"width":940,"height":480,"url":"https:\/\/www.vaillant.de\/21-grad\/wp-content\/uploads\/2016\/12\/hyperloop_940.jpg","type":"image\/jpeg"}],"author":"Marcus","twitter_card":"summary_large_image","twitter_creator":"@vaillant_de","twitter_site":"@vaillant_de","twitter_misc":{"Verfasst von":"Marcus","Gesch\u00e4tzte Lesezeit":"3\u00a0Minuten","Written by":"Marcus"},"schema":{"@context":"https:\/\/schema.org","@graph":[{"@type":"Article","@id":"https:\/\/www.vaillant.de\/21-grad\/technik-und-trends\/hyperloop\/#article","isPartOf":{"@id":"https:\/\/www.vaillant.de\/21-grad\/technik-und-trends\/hyperloop\/"},"author":{"name":"Marcus","@id":"https:\/\/www.vaillant.de\/21-grad\/#\/schema\/person\/d79d2ba98cd3da7ae5877706050352da"},"headline":"Hyperloop: Tesla-Genie Elon Musk plant umweltfreundliches Transportwunder","datePublished":"2016-12-21T11:00:10+00:00","dateModified":"2019-09-09T11:47:30+00:00","mainEntityOfPage":{"@id":"https:\/\/www.vaillant.de\/21-grad\/technik-und-trends\/hyperloop\/"},"wordCount":516,"commentCount":3,"image":{"@id":"https:\/\/www.vaillant.de\/21-grad\/technik-und-trends\/hyperloop\/#primaryimage"},"thumbnailUrl":"https:\/\/www.vaillant.de\/21-grad\/wp-content\/uploads\/2016\/12\/hyperloop_940.jpg","keywords":["Klimaschutz","Videos","Zukunftstrends"],"articleSection":["Technik &amp; Trends"],"inLanguage":"de","potentialAction":[{"@type":"CommentAction","name":"Comment","target":["https:\/\/www.vaillant.de\/21-grad\/technik-und-trends\/hyperloop\/#respond"]}]},{"@type":"WebPage","@id":"https:\/\/www.vaillant.de\/21-grad\/technik-und-trends\/hyperloop\/","url":"https:\/\/www.vaillant.de\/21-grad\/technik-und-trends\/hyperloop\/","name":"Hyperloop: Verkehrsrevolution mit Schallgeschwindigkeit | 21grad","isPartOf":{"@id":"https:\/\/www.vaillant.de\/21-grad\/#website"},"primaryImageOfPage":{"@id":"https:\/\/www.vaillant.de\/21-grad\/technik-und-trends\/hyperloop\/#primaryimage"},"image":{"@id":"https:\/\/www.vaillant.de\/21-grad\/technik-und-trends\/hyperloop\/#primaryimage"},"thumbnailUrl":"https:\/\/www.vaillant.de\/21-grad\/wp-content\/uploads\/2016\/12\/hyperloop_940.jpg","datePublished":"2016-12-21T11:00:10+00:00","dateModified":"2019-09-09T11:47:30+00:00","author":{"@id":"https:\/\/www.vaillant.de\/21-grad\/#\/schema\/person\/d79d2ba98cd3da7ae5877706050352da"},"description":"Hyperloop soll zuk\u00fcnftig Personen & G\u00fcter transportieren \u2013 mit Schallgeschwindigkeit & Solarenergie \u2192 Bei uns im Blog erfahrt ihr mehr \u00fcber das Projekt!","breadcrumb":{"@id":"https:\/\/www.vaillant.de\/21-grad\/technik-und-trends\/hyperloop\/#breadcrumb"},"inLanguage":"de","potentialAction":[{"@type":"ReadAction","target":["https:\/\/www.vaillant.de\/21-grad\/technik-und-trends\/hyperloop\/"]}]},{"@type":"ImageObject","inLanguage":"de","@id":"https:\/\/www.vaillant.de\/21-grad\/technik-und-trends\/hyperloop\/#primaryimage","url":"https:\/\/www.vaillant.de\/21-grad\/wp-content\/uploads\/2016\/12\/hyperloop_940.jpg","contentUrl":"https:\/\/www.vaillant.de\/21-grad\/wp-content\/uploads\/2016\/12\/hyperloop_940.jpg","width":940,"height":480,"caption":"Hyperloop"},{"@type":"BreadcrumbList","@id":"https:\/\/www.vaillant.de\/21-grad\/technik-und-trends\/hyperloop\/#breadcrumb","itemListElement":[{"@type":"ListItem","position":1,"name":"Startseite","item":"https:\/\/www.vaillant.de\/21-grad\/"},{"@type":"ListItem","position":2,"name":"Hyperloop: Tesla-Genie Elon Musk plant umweltfreundliches Transportwunder"}]},{"@type":"WebSite","@id":"https:\/\/www.vaillant.de\/21-grad\/#website","url":"https:\/\/www.vaillant.de\/21-grad\/","name":"21 grad","description":"Der Blog f\u00fcr Menschen, die weiterdenken","potentialAction":[{"@type":"SearchAction","target":{"@type":"EntryPoint","urlTemplate":"https:\/\/www.vaillant.de\/21-grad\/?s={search_term_string}"},"query-input":{"@type":"PropertyValueSpecification","valueRequired":true,"valueName":"search_term_string"}}],"inLanguage":"de"},{"@type":"Person","@id":"https:\/\/www.vaillant.de\/21-grad\/#\/schema\/person\/d79d2ba98cd3da7ae5877706050352da","name":"Marcus","image":{"@type":"ImageObject","inLanguage":"de","@id":"https:\/\/www.vaillant.de\/21-grad\/wp-content\/uploads\/2026\/01\/Marcus-125x125.jpg9d3430f1bc55d5a5d47a1162a14ae1af","url":"https:\/\/www.vaillant.de\/21-grad\/wp-content\/uploads\/2026\/01\/Marcus-125x125.jpg","contentUrl":"https:\/\/www.vaillant.de\/21-grad\/wp-content\/uploads\/2026\/01\/Marcus-125x125.jpg","caption":"Marcus"},"description":"Willkommen in der wunderbaren Welt des 21grad Blogs. Als Medien- und Kooperationsmanager bin ich bei Vaillant Deutschland u.a. f\u00fcr unsere Fach- und Branchenkommunikation zust\u00e4ndig. Ich freue mich auf den Dialog mit Euch. :-) Nachhaltigkeit Bewusster Konsum und soziales Engagement liegen mir sehr am Herzen. Zuhause nutze ich \u00d6kostrom und Biogas, bei Lebensmitteln sind mir Labels wie Fair-Trade oder Bio sehr wichtig. Ich bin Sportwart beim Tennisclub Gr\u00fcn-Wei\u00df Lennep und engagiere mich auch f\u00fcr Aktion Mensch oder SOS-Kinderdorf. Interessen Unternehmungen mit Familie und Freunden, Tennis, Rock-Konzerte, Kino, B\u00fccher (z.B. Hornby, Eschbach, Uschmann) Was wolltest du als Kind gerne werden? Um es mit den \u00c4rzten zu sagen: Popstar, Bademeister oder Astronaut Was bringt dich auf die Palme? Menschen, die Schuld immer bei anderen suchen oder auch nat\u00fcrlich eine leckere Kokosnuss Was war der beste Rat, den du jemals erhalten hast? \u201eDenke in L\u00f6sungen, nicht in Problemen.\u201c","url":"https:\/\/www.vaillant.de\/21-grad\/autor\/marcus\/"}]}},"_links":{"self":[{"href":"https:\/\/www.vaillant.de\/21-grad\/wp-json\/wp\/v2\/posts\/2003","targetHints":{"allow":["GET"]}}],"collection":[{"href":"https:\/\/www.vaillant.de\/21-grad\/wp-json\/wp\/v2\/posts"}],"about":[{"href":"https:\/\/www.vaillant.de\/21-grad\/wp-json\/wp\/v2\/types\/post"}],"author":[{"embeddable":true,"href":"https:\/\/www.vaillant.de\/21-grad\/wp-json\/wp\/v2\/users\/6"}],"replies":[{"embeddable":true,"href":"https:\/\/www.vaillant.de\/21-grad\/wp-json\/wp\/v2\/comments?post=2003"}],"version-history":[{"count":14,"href":"https:\/\/www.vaillant.de\/21-grad\/wp-json\/wp\/v2\/posts\/2003\/revisions"}],"predecessor-version":[{"id":4586,"href":"https:\/\/www.vaillant.de\/21-grad\/wp-json\/wp\/v2\/posts\/2003\/revisions\/4586"}],"wp:featuredmedia":[{"embeddable":true,"href":"https:\/\/www.vaillant.de\/21-grad\/wp-json\/wp\/v2\/media\/2018"}],"wp:attachment":[{"href":"https:\/\/www.vaillant.de\/21-grad\/wp-json\/wp\/v2\/media?parent=2003"}],"wp:term":[{"taxonomy":"category","embeddable":true,"href":"https:\/\/www.vaillant.de\/21-grad\/wp-json\/wp\/v2\/categories?post=2003"},{"taxonomy":"post_tag","embeddable":true,"href":"https:\/\/www.vaillant.de\/21-grad\/wp-json\/wp\/v2\/tags?post=2003"},{"taxonomy":"author","embeddable":true,"href":"https:\/\/www.vaillant.de\/21-grad\/wp-json\/wp\/v2\/coauthors?post=2003"}],"curies":[{"name":"wp","href":"https:\/\/api.w.org\/{rel}","templated":true}]}}