{"id":2081,"date":"2017-01-18T11:33:21","date_gmt":"2017-01-18T10:33:21","guid":{"rendered":"https:\/\/21-grad.vaillant.de\/?p=2081"},"modified":"2026-01-28T09:53:59","modified_gmt":"2026-01-28T08:53:59","slug":"schimmel-an-der-wand","status":"publish","type":"post","link":"https:\/\/www.vaillant.de\/21-grad\/wissen-und-wert\/schimmel-an-der-wand\/","title":{"rendered":"Schimmel an der Wand \u2013 das sind die Ursachen von Schimmelpilzen in der Wohnung (Artikel 1\/5)"},"content":{"rendered":"<p>Schimmelpilze lieben viel Feuchtigkeit. Ein \u00dcberma\u00df an Feuchtigkeit in den eigenen vier W\u00e4nden kann verschiedene Ursachen haben. So kann Feuchtigkeit \u00fcber defekte D\u00e4cher, Dachrinnen oder Fallrohre eindringen, \u00fcber Risse im Mauerwerk, durch ungen\u00fcgendes Austrocknen nach Bauma\u00dfnahmen oder als Folge von Rohrbr\u00fcchen oder \u00dcberschwemmungen entstehen. Ein weiterer Grund sind wir Bewohner: Durch Kochen, Waschen, Duschen, Baden, Ausatmen, Verdunsten, Tierhaltung und Pflanzengie\u00dfen geben wir Feuchtigkeit an die Raumluft ab, ohne diese durch sachgem\u00e4\u00dfes Heizen und L\u00fcften wieder abzuf\u00fchren. Dies wird vor allem dann zum Problem, wenn unser Geb\u00e4ude energiesparend \u2013 und somit \u201eluftdicht\u201c \u2013 ged\u00e4mmt ist.\u00a0Die Feuchtigkeit wird zum N\u00e4hrboden f\u00fcr Schimmel an den W\u00e4nden. Wie ihr richtig l\u00fcftet, um Schimmelbildung an der Wand zu vermeiden erfahrt ihr in einem unserer n\u00e4chsten Beitr\u00e4ge.<\/p>\n<h2><strong>Ursachen f\u00fcr Schimmel an der Wand: Zu hohe Luftfeuchtigkeit<\/strong><\/h2>\n<p><a href=\"https:\/\/www.vaillant.de\/21-grad\/wp-content\/uploads\/2017\/01\/Schimmel-an-der-Wand.jpg\"><img loading=\"lazy\" decoding=\"async\" class=\"alignright wp-image-2084 size-medium\" src=\"https:\/\/www.vaillant.de\/21-grad\/wp-content\/uploads\/2017\/01\/Schimmel-an-der-Wand-174x232.jpg\" alt=\"Schimmel an der Wand\" width=\"174\" height=\"232\" srcset=\"https:\/\/www.vaillant.de\/21-grad\/wp-content\/uploads\/2017\/01\/Schimmel-an-der-Wand-174x232.jpg 174w, https:\/\/www.vaillant.de\/21-grad\/wp-content\/uploads\/2017\/01\/Schimmel-an-der-Wand-360x480.jpg 360w, https:\/\/www.vaillant.de\/21-grad\/wp-content\/uploads\/2017\/01\/Schimmel-an-der-Wand.jpg 630w\" sizes=\"auto, (max-width: 174px) 100vw, 174px\" \/><\/a>Die \u00fcberm\u00e4\u00dfig vorhandene Feuchtigkeit der warmen Luft schl\u00e4gt sich auf kalten Wandoberfl\u00e4chen, die aus unzureichender oder fehlerhafter W\u00e4rmed\u00e4mmung resultieren, nieder und kondensiert. Nun kann unter Nutzung der vorhandenen N\u00e4hrstoffe Schimmel in der Wohnung, im Neubau und Altbau entstehen: auf Tapeten, H\u00f6lzern, Spanplatten, Papier, Pappe, Karton (auch Gipskarton), Kunststoffen, Gummi, Silikon, Farben, Lacken oder auch Zement und Beton. Denn ausschlaggebend ist nicht die Gesamtfeuchte eines Materials, sondern nur das den Pilzen zur Verf\u00fcgung stehende \u201efreie\u201c Wasser. Schimmel kann auch auf und in Materialien wachsen, die nicht sichtbar nass sind. Es gen\u00fcgt eine relative Luftfeuchtigkeit von ungef\u00e4hr 80% an der Oberfl\u00e4che des Materials, um Schimmel den perfekten N\u00e4hrboden zu liefern.<\/p>\n<h2><strong>Wie erkenne ich Schimmel in der Wohnung?<\/strong><\/h2>\n<p>Schimmel w\u00e4chst oft im Verborgenen. Ein muffiger Geruch oder dunkle Flecken an W\u00e4nden, Decken oder M\u00f6beln k\u00f6nnt Ihr als erste Anzeichen deuten. Dann m\u00fcssen die betroffenen Zimmer genauer untersucht und Hohlr\u00e4ume hinter Verschalungen, Decken oder W\u00e4nden ge\u00f6ffnet werden, um an die Schimmelpilzquelle zu gelangen. Zur Lokalisation werden h\u00e4ufig speziell ausgebildete Sp\u00fcrhunde eingesetzt, deren feine Nasen die fl\u00fcchtigen organischen Stoffe des Schimmels in der Raumluft deutlich besser wahrnehmen als wir. Diesen Stoffen versucht man auch mit sogenannten \u201eMVOC-Messungen\u201c auf die Spur zu kommen. Jedoch l\u00e4sst diese Methode die Frage offen, ob das gemessene Ergebnis allein mikrobiellen Ursprungs ist.<\/p>\n<h2><strong>Erst Ursachen f\u00fcr Schimmel in der Wohnung kl\u00e4ren, dann sanieren<\/strong><\/h2>\n<p>Ganz klar ist die Sache nat\u00fcrlich, wenn Ihr den Schimmel in der Wohnung schon mit blo\u00dfem Auge erkennen k\u00f6nnt \u2013 zum Beispiel hinter M\u00f6beln. Wenn mehr als ca. 20 bis 50 cm<sup>2<\/sup> Wandfl\u00e4che betroffen sind, handelt es sich um einen gr\u00f6\u00dferen Schaden. Dann solltet Ihr umgehend handeln und in einem ersten Schritt die Ursachen f\u00fcr das Schimmelwachstum beseitigen \u2013 und im zweiten Schritt den betroffenen Bereich sanieren lassen. Als Ursachen kommen bauliche M\u00e4ngel und\/oder fehlerhaftes Heizen und L\u00fcften in Frage.\u00a0Die Ermittlung erfordert fundiertes Know-How und sollte daher unbedingt von einer ausgewiesenen Fachkraft vorgenommen werden.<\/p>\n<h2><strong>Schimmel im Neubau<\/strong><\/h2>\n<p>Aufgrund dieser Problematik kommt ausreichender L\u00fcftung vor allem im Neubau eine besondere Bedeutung zu. Dementsprechend schreibt die <a href=\"https:\/\/www.vaillant.de\/heizung\/heizung-verstehen\/heiztechniklexikon\/begriffe-c-f\/energieeinsparverordnung\/\">Energieeinsparverordnung<\/a> (EnEV) vor, dass neu errichte Geb\u00e4ude mit einer L\u00fcftungsma\u00dfnahme ausgestattet werden m\u00fcssen, um den Luftaustausch sicherzustellen und Schimmel im Neubau zu vermeiden. Daher sind Architekten, Fachplaner oder Energieberater verpflichtet, ein L\u00fcftungskonzept gem\u00e4\u00df DIN 1946-6 zu entwickeln, das passive, nicht ventilatorgest\u00fctzte\u00a0<a href=\"https:\/\/www.vaillant.de\/heizung\/produkte\/produktgruppen\/lueftung\/\">L\u00fcftungssysteme\u00a0<\/a>mit Nutzerunterst\u00fctzung ber\u00fccksichtigt \u2013 oder ventilatorgest\u00fctzte Systeme mit W\u00e4rmer\u00fcckgewinnung ohne Nutzerunterst\u00fctzung, wie zum Beispiel\u00a0<a href=\"https:\/\/www.vaillant.de\/heizung\/produkte\/wohnraumluftung-recovair-wandgerate-966.html\" target=\"_blank\" rel=\"noopener\">recoVAIR.<\/a> Wie ihr Schimmelbildung an W\u00e4nden in Neubau, Altbau und eurer Wohnung durch ein ausgekl\u00fcgeltes L\u00fcftungskonzept unterbindet, erfahrt ihr in unserem Artikel \u201e<a href=\"https:\/\/www.vaillant.de\/21-grad\/rat-und-tat\/richtig-lueften\/\">Richtig L\u00fcften \u2013 so geht\u2019s!<\/a>\u201c.<\/p>\n<h2><strong>L\u00fcftungskonzept auch bei Sanierungen gefragt<\/strong><\/h2>\n<p>Bei der Modernisierung von Altbauten schreibt die EnEV folgendes vor: In einem Einfamilienhaus muss dann ein L\u00fcftungssystem integriert werden, wenn mehr als ein Drittel der Fenster ausgetauscht oder der Dachfl\u00e4che ged\u00e4mmt werden. In Mehrfamilienh\u00e4usern ist ein L\u00fcftungssystem dann vorgeschrieben, wenn der zuvor beschriebene Fensteraustausch durchgef\u00fchrt wird. Lest hierzu auch unseren Blogbeitrag &#8222;<a href=\"https:\/\/www.vaillant.de\/21-grad\/rat-und-tat\/schimmel-vermeiden\/\">Schimmel vermeiden in Geb\u00e4uden mit lufdichter H\u00fclle<\/a>&#8222;.\u00a0Dar\u00fcber hinaus k\u00f6nnen wir den Eigent\u00fcmern unter Euch nur empfehlen, Mieter \u00fcber die Konsequenzen energetischer Ma\u00dfnahmen f\u00fcr das Heiz- und L\u00fcftungsverhalten aufzukl\u00e4ren.<\/p>\n<a href=\"https:\/\/www.vaillant.de\/21-grad\/wp-content\/uploads\/2017\/01\/So-entsteht-Schimmel.jpg\"><img loading=\"lazy\" decoding=\"async\" class=\"aligncenter size-full wp-image-2083\" src=\"https:\/\/www.vaillant.de\/21-grad\/wp-content\/uploads\/2017\/01\/So-entsteht-Schimmel.jpg\" alt=\"Schimmel im Neubau\" width=\"1266\" height=\"868\" srcset=\"https:\/\/www.vaillant.de\/21-grad\/wp-content\/uploads\/2017\/01\/So-entsteht-Schimmel.jpg 1266w, https:\/\/www.vaillant.de\/21-grad\/wp-content\/uploads\/2017\/01\/So-entsteht-Schimmel-338x232.jpg 338w, https:\/\/www.vaillant.de\/21-grad\/wp-content\/uploads\/2017\/01\/So-entsteht-Schimmel-768x527.jpg 768w, https:\/\/www.vaillant.de\/21-grad\/wp-content\/uploads\/2017\/01\/So-entsteht-Schimmel-700x480.jpg 700w\" sizes=\"auto, (max-width: 1266px) 100vw, 1266px\" \/><\/a>\n<h2><strong>Tipp gegen Schimmel an der Wand: Feuchtigkeit in der Wohnung pr\u00fcfen! <\/strong><\/h2>\n<p>Bereits einfache Hygrometer, die ab ca. 10 Euro im Baumarkt erh\u00e4ltlich sind, geben eine Orientierung \u00fcber die relative Luftfeuchtigkeit im Raum. Sie sollte auf Dauer 65 bis 70 % betragen \u2013 im Winter eher weniger \u2013 und entlang von Wandoberfl\u00e4chen 80 % nicht \u00fcberschreiten, um die Gefahr von Schimmelbildung an den W\u00e4nden zu verringern.<\/p>\n","protected":false},"excerpt":{"rendered":"<p>Ihr habt zuhause Schimmel an der Wand? Dann seid Ihr nicht alleine: Jede 5. Wohnung in Deutschland ist davon betroffen. Anlass f\u00fcr uns, euch in einer mehrteiligen Reihe \u00fcber Auswirkungen und Sanierung von Schimmel sowie Pr\u00e4ventionsma\u00dfnahmen inklusive richtigem L\u00fcften zu informieren. Los geht\u2019s mit den Ursachen f\u00fcr Schimmelbildung an der Wand!<\/p>\n","protected":false},"author":27,"featured_media":2087,"comment_status":"open","ping_status":"open","sticky":false,"template":"","format":"standard","meta":{"footnotes":""},"categories":[3],"tags":[172,151],"coauthors":[254],"class_list":["post-2081","post","type-post","status-publish","format-standard","has-post-thumbnail","hentry","category-wissen-und-wert","tag-bauen-und-wohnen","tag-gesundheit"],"yoast_head":"<!-- This site is optimized with the Yoast SEO plugin v27.4 - https:\/\/yoast.com\/product\/yoast-seo-wordpress\/ -->\n<title>Ursachen von Schimmel &amp; Schimmelpilzen an der Wand | 21 Grad<\/title>\n<meta name=\"description\" content=\"Wie entsteht eigentlich Schimmel an der Wand? Ursachen f\u00fcr Schimmelbildung und Schimmelpilze \u2713 Schimmel erkennen \u27a8 Alle Infos \u00fcber Schimmel!\" \/>\n<meta name=\"robots\" content=\"index, follow, max-snippet:-1, max-image-preview:large, max-video-preview:-1\" \/>\n<link rel=\"canonical\" href=\"https:\/\/www.vaillant.de\/21-grad\/wissen-und-wert\/schimmel-an-der-wand\/\" \/>\n<meta property=\"og:locale\" content=\"de_DE\" \/>\n<meta property=\"og:type\" content=\"article\" \/>\n<meta property=\"og:title\" content=\"Ursachen von Schimmel &amp; Schimmelpilzen an der Wand | 21 Grad\" \/>\n<meta property=\"og:description\" content=\"Wie entsteht eigentlich Schimmel an der Wand? Ursachen f\u00fcr Schimmelbildung und Schimmelpilze \u2713 Schimmel erkennen \u27a8 Alle Infos \u00fcber Schimmel!\" \/>\n<meta property=\"og:url\" content=\"https:\/\/www.vaillant.de\/21-grad\/wissen-und-wert\/schimmel-an-der-wand\/\" \/>\n<meta property=\"og:site_name\" content=\"21 grad\" \/>\n<meta property=\"article:publisher\" content=\"https:\/\/www.facebook.com\/21grad\/\" \/>\n<meta property=\"article:published_time\" content=\"2017-01-18T10:33:21+00:00\" \/>\n<meta property=\"article:modified_time\" content=\"2026-01-28T08:53:59+00:00\" \/>\n<meta property=\"og:image\" content=\"https:\/\/www.vaillant.de\/21-grad\/wp-content\/uploads\/2017\/01\/Header_Schimmel-an-der-Wand.jpg\" \/>\n\t<meta property=\"og:image:width\" content=\"940\" \/>\n\t<meta property=\"og:image:height\" content=\"480\" \/>\n\t<meta property=\"og:image:type\" content=\"image\/jpeg\" \/>\n<meta name=\"author\" content=\"Jonas\" \/>\n<meta name=\"twitter:card\" content=\"summary_large_image\" \/>\n<meta name=\"twitter:creator\" content=\"@vaillant_de\" \/>\n<meta name=\"twitter:site\" content=\"@vaillant_de\" \/>\n<meta name=\"twitter:label1\" content=\"Verfasst von\" \/>\n\t<meta name=\"twitter:data1\" content=\"Jonas\" \/>\n\t<meta name=\"twitter:label2\" content=\"Gesch\u00e4tzte Lesezeit\" \/>\n\t<meta name=\"twitter:data2\" content=\"4\u00a0Minuten\" \/>\n\t<meta name=\"twitter:label3\" content=\"Written by\" \/>\n\t<meta name=\"twitter:data3\" content=\"Jonas\" \/>\n<script type=\"application\/ld+json\" class=\"yoast-schema-graph\">{\"@context\":\"https:\\\/\\\/schema.org\",\"@graph\":[{\"@type\":\"Article\",\"@id\":\"https:\\\/\\\/www.vaillant.de\\\/21-grad\\\/wissen-und-wert\\\/schimmel-an-der-wand\\\/#article\",\"isPartOf\":{\"@id\":\"https:\\\/\\\/www.vaillant.de\\\/21-grad\\\/wissen-und-wert\\\/schimmel-an-der-wand\\\/\"},\"author\":{\"name\":\"Jonas\",\"@id\":\"https:\\\/\\\/www.vaillant.de\\\/21-grad\\\/#\\\/schema\\\/person\\\/0688f4a2058918ae82b953244b8160d9\"},\"headline\":\"Schimmel an der Wand \u2013 das sind die Ursachen von Schimmelpilzen in der Wohnung (Artikel 1\\\/5)\",\"datePublished\":\"2017-01-18T10:33:21+00:00\",\"dateModified\":\"2026-01-28T08:53:59+00:00\",\"mainEntityOfPage\":{\"@id\":\"https:\\\/\\\/www.vaillant.de\\\/21-grad\\\/wissen-und-wert\\\/schimmel-an-der-wand\\\/\"},\"wordCount\":791,\"commentCount\":29,\"image\":{\"@id\":\"https:\\\/\\\/www.vaillant.de\\\/21-grad\\\/wissen-und-wert\\\/schimmel-an-der-wand\\\/#primaryimage\"},\"thumbnailUrl\":\"https:\\\/\\\/www.vaillant.de\\\/21-grad\\\/wp-content\\\/uploads\\\/2017\\\/01\\\/Header_Schimmel-an-der-Wand.jpg\",\"keywords\":[\"Bauen und Wohnen\",\"Gesundheit\"],\"articleSection\":[\"Wissen &amp; Wert\"],\"inLanguage\":\"de\",\"potentialAction\":[{\"@type\":\"CommentAction\",\"name\":\"Comment\",\"target\":[\"https:\\\/\\\/www.vaillant.de\\\/21-grad\\\/wissen-und-wert\\\/schimmel-an-der-wand\\\/#respond\"]}]},{\"@type\":\"WebPage\",\"@id\":\"https:\\\/\\\/www.vaillant.de\\\/21-grad\\\/wissen-und-wert\\\/schimmel-an-der-wand\\\/\",\"url\":\"https:\\\/\\\/www.vaillant.de\\\/21-grad\\\/wissen-und-wert\\\/schimmel-an-der-wand\\\/\",\"name\":\"Ursachen von Schimmel & Schimmelpilzen an der Wand | 21 Grad\",\"isPartOf\":{\"@id\":\"https:\\\/\\\/www.vaillant.de\\\/21-grad\\\/#website\"},\"primaryImageOfPage\":{\"@id\":\"https:\\\/\\\/www.vaillant.de\\\/21-grad\\\/wissen-und-wert\\\/schimmel-an-der-wand\\\/#primaryimage\"},\"image\":{\"@id\":\"https:\\\/\\\/www.vaillant.de\\\/21-grad\\\/wissen-und-wert\\\/schimmel-an-der-wand\\\/#primaryimage\"},\"thumbnailUrl\":\"https:\\\/\\\/www.vaillant.de\\\/21-grad\\\/wp-content\\\/uploads\\\/2017\\\/01\\\/Header_Schimmel-an-der-Wand.jpg\",\"datePublished\":\"2017-01-18T10:33:21+00:00\",\"dateModified\":\"2026-01-28T08:53:59+00:00\",\"author\":{\"@id\":\"https:\\\/\\\/www.vaillant.de\\\/21-grad\\\/#\\\/schema\\\/person\\\/0688f4a2058918ae82b953244b8160d9\"},\"description\":\"Wie entsteht eigentlich Schimmel an der Wand? Ursachen f\u00fcr Schimmelbildung und Schimmelpilze \u2713 Schimmel erkennen \u27a8 Alle Infos \u00fcber Schimmel!\",\"breadcrumb\":{\"@id\":\"https:\\\/\\\/www.vaillant.de\\\/21-grad\\\/wissen-und-wert\\\/schimmel-an-der-wand\\\/#breadcrumb\"},\"inLanguage\":\"de\",\"potentialAction\":[{\"@type\":\"ReadAction\",\"target\":[\"https:\\\/\\\/www.vaillant.de\\\/21-grad\\\/wissen-und-wert\\\/schimmel-an-der-wand\\\/\"]}]},{\"@type\":\"ImageObject\",\"inLanguage\":\"de\",\"@id\":\"https:\\\/\\\/www.vaillant.de\\\/21-grad\\\/wissen-und-wert\\\/schimmel-an-der-wand\\\/#primaryimage\",\"url\":\"https:\\\/\\\/www.vaillant.de\\\/21-grad\\\/wp-content\\\/uploads\\\/2017\\\/01\\\/Header_Schimmel-an-der-Wand.jpg\",\"contentUrl\":\"https:\\\/\\\/www.vaillant.de\\\/21-grad\\\/wp-content\\\/uploads\\\/2017\\\/01\\\/Header_Schimmel-an-der-Wand.jpg\",\"width\":940,\"height\":480,\"caption\":\"Schimmel an der Wand Titelbild\"},{\"@type\":\"BreadcrumbList\",\"@id\":\"https:\\\/\\\/www.vaillant.de\\\/21-grad\\\/wissen-und-wert\\\/schimmel-an-der-wand\\\/#breadcrumb\",\"itemListElement\":[{\"@type\":\"ListItem\",\"position\":1,\"name\":\"Startseite\",\"item\":\"https:\\\/\\\/www.vaillant.de\\\/21-grad\\\/\"},{\"@type\":\"ListItem\",\"position\":2,\"name\":\"Schimmel an der Wand \u2013 das sind die Ursachen von Schimmelpilzen in der Wohnung (Artikel 1\\\/5)\"}]},{\"@type\":\"WebSite\",\"@id\":\"https:\\\/\\\/www.vaillant.de\\\/21-grad\\\/#website\",\"url\":\"https:\\\/\\\/www.vaillant.de\\\/21-grad\\\/\",\"name\":\"21 grad\",\"description\":\"Der Blog f\u00fcr Menschen, die weiterdenken\",\"potentialAction\":[{\"@type\":\"SearchAction\",\"target\":{\"@type\":\"EntryPoint\",\"urlTemplate\":\"https:\\\/\\\/www.vaillant.de\\\/21-grad\\\/?s={search_term_string}\"},\"query-input\":{\"@type\":\"PropertyValueSpecification\",\"valueRequired\":true,\"valueName\":\"search_term_string\"}}],\"inLanguage\":\"de\"},{\"@type\":\"Person\",\"@id\":\"https:\\\/\\\/www.vaillant.de\\\/21-grad\\\/#\\\/schema\\\/person\\\/0688f4a2058918ae82b953244b8160d9\",\"name\":\"Jonas\",\"image\":{\"@type\":\"ImageObject\",\"inLanguage\":\"de\",\"@id\":\"https:\\\/\\\/www.vaillant.de\\\/21-grad\\\/wp-content\\\/uploads\\\/2025\\\/04\\\/Jonas-smal-125x125.jpg09a77e2fccb6ed2f064616ea71935c21\",\"url\":\"https:\\\/\\\/www.vaillant.de\\\/21-grad\\\/wp-content\\\/uploads\\\/2025\\\/04\\\/Jonas-smal-125x125.jpg\",\"contentUrl\":\"https:\\\/\\\/www.vaillant.de\\\/21-grad\\\/wp-content\\\/uploads\\\/2025\\\/04\\\/Jonas-smal-125x125.jpg\",\"caption\":\"Jonas\"},\"description\":\"Bei meiner Arbeit befasse ich mich mit der Identifikation, Analyse und Ansprache von Endverbrauchern. Im Team entwickeln wir Strategien zur Zielgruppensegmentierung, um ma\u00dfgeschneiderte Marketingkampagnen zu erstellen. Interessen In meiner Freizeit ist Sport sehr wichtig. Sei es die eigene k\u00f6rperliche Fitness, Fu\u00dfball oder wenn m\u00f6glich Snowboarden in den Bergen. Wenn du eine Superkraft h\u00e4ttest, welche w\u00e4re das und warum? Ich w\u00fcrde aus zwei Gr\u00fcnden gerne fliegen k\u00f6nnen. Erstens: Ich k\u00f6nnte \u00fcberall schnell hinkommen, ohne unn\u00f6tig im Stau zu stehen. Zweitens: Wenn ich fliege, sehe ich die Welt aus einer anderen Perspektive. Was bringt dich auf die Palme? Mein Hund, wenn er versucht, sein K\u00f6rbchen zu zerst\u00f6ren. Was war der beste Rat, den du jemals erhalten hast? \u201eDer R\u00fcckspiegel im Auto ist kleiner als die Windschutzscheibe, also fokussiere dich auf das, was vor dir ist!\u201c\",\"url\":\"https:\\\/\\\/www.vaillant.de\\\/21-grad\\\/autor\\\/jonas\\\/\"}]}<\/script>\n<!-- \/ Yoast SEO plugin. -->","yoast_head_json":{"title":"Ursachen von Schimmel & Schimmelpilzen an der Wand | 21 Grad","description":"Wie entsteht eigentlich Schimmel an der Wand? Ursachen f\u00fcr Schimmelbildung und Schimmelpilze \u2713 Schimmel erkennen \u27a8 Alle Infos \u00fcber Schimmel!","robots":{"index":"index","follow":"follow","max-snippet":"max-snippet:-1","max-image-preview":"max-image-preview:large","max-video-preview":"max-video-preview:-1"},"canonical":"https:\/\/www.vaillant.de\/21-grad\/wissen-und-wert\/schimmel-an-der-wand\/","og_locale":"de_DE","og_type":"article","og_title":"Ursachen von Schimmel & Schimmelpilzen an der Wand | 21 Grad","og_description":"Wie entsteht eigentlich Schimmel an der Wand? Ursachen f\u00fcr Schimmelbildung und Schimmelpilze \u2713 Schimmel erkennen \u27a8 Alle Infos \u00fcber Schimmel!","og_url":"https:\/\/www.vaillant.de\/21-grad\/wissen-und-wert\/schimmel-an-der-wand\/","og_site_name":"21 grad","article_publisher":"https:\/\/www.facebook.com\/21grad\/","article_published_time":"2017-01-18T10:33:21+00:00","article_modified_time":"2026-01-28T08:53:59+00:00","og_image":[{"width":940,"height":480,"url":"https:\/\/www.vaillant.de\/21-grad\/wp-content\/uploads\/2017\/01\/Header_Schimmel-an-der-Wand.jpg","type":"image\/jpeg"}],"author":"Jonas","twitter_card":"summary_large_image","twitter_creator":"@vaillant_de","twitter_site":"@vaillant_de","twitter_misc":{"Verfasst von":"Jonas","Gesch\u00e4tzte Lesezeit":"4\u00a0Minuten","Written by":"Jonas"},"schema":{"@context":"https:\/\/schema.org","@graph":[{"@type":"Article","@id":"https:\/\/www.vaillant.de\/21-grad\/wissen-und-wert\/schimmel-an-der-wand\/#article","isPartOf":{"@id":"https:\/\/www.vaillant.de\/21-grad\/wissen-und-wert\/schimmel-an-der-wand\/"},"author":{"name":"Jonas","@id":"https:\/\/www.vaillant.de\/21-grad\/#\/schema\/person\/0688f4a2058918ae82b953244b8160d9"},"headline":"Schimmel an der Wand \u2013 das sind die Ursachen von Schimmelpilzen in der Wohnung (Artikel 1\/5)","datePublished":"2017-01-18T10:33:21+00:00","dateModified":"2026-01-28T08:53:59+00:00","mainEntityOfPage":{"@id":"https:\/\/www.vaillant.de\/21-grad\/wissen-und-wert\/schimmel-an-der-wand\/"},"wordCount":791,"commentCount":29,"image":{"@id":"https:\/\/www.vaillant.de\/21-grad\/wissen-und-wert\/schimmel-an-der-wand\/#primaryimage"},"thumbnailUrl":"https:\/\/www.vaillant.de\/21-grad\/wp-content\/uploads\/2017\/01\/Header_Schimmel-an-der-Wand.jpg","keywords":["Bauen und Wohnen","Gesundheit"],"articleSection":["Wissen &amp; Wert"],"inLanguage":"de","potentialAction":[{"@type":"CommentAction","name":"Comment","target":["https:\/\/www.vaillant.de\/21-grad\/wissen-und-wert\/schimmel-an-der-wand\/#respond"]}]},{"@type":"WebPage","@id":"https:\/\/www.vaillant.de\/21-grad\/wissen-und-wert\/schimmel-an-der-wand\/","url":"https:\/\/www.vaillant.de\/21-grad\/wissen-und-wert\/schimmel-an-der-wand\/","name":"Ursachen von Schimmel & Schimmelpilzen an der Wand | 21 Grad","isPartOf":{"@id":"https:\/\/www.vaillant.de\/21-grad\/#website"},"primaryImageOfPage":{"@id":"https:\/\/www.vaillant.de\/21-grad\/wissen-und-wert\/schimmel-an-der-wand\/#primaryimage"},"image":{"@id":"https:\/\/www.vaillant.de\/21-grad\/wissen-und-wert\/schimmel-an-der-wand\/#primaryimage"},"thumbnailUrl":"https:\/\/www.vaillant.de\/21-grad\/wp-content\/uploads\/2017\/01\/Header_Schimmel-an-der-Wand.jpg","datePublished":"2017-01-18T10:33:21+00:00","dateModified":"2026-01-28T08:53:59+00:00","author":{"@id":"https:\/\/www.vaillant.de\/21-grad\/#\/schema\/person\/0688f4a2058918ae82b953244b8160d9"},"description":"Wie entsteht eigentlich Schimmel an der Wand? Ursachen f\u00fcr Schimmelbildung und Schimmelpilze \u2713 Schimmel erkennen \u27a8 Alle Infos \u00fcber Schimmel!","breadcrumb":{"@id":"https:\/\/www.vaillant.de\/21-grad\/wissen-und-wert\/schimmel-an-der-wand\/#breadcrumb"},"inLanguage":"de","potentialAction":[{"@type":"ReadAction","target":["https:\/\/www.vaillant.de\/21-grad\/wissen-und-wert\/schimmel-an-der-wand\/"]}]},{"@type":"ImageObject","inLanguage":"de","@id":"https:\/\/www.vaillant.de\/21-grad\/wissen-und-wert\/schimmel-an-der-wand\/#primaryimage","url":"https:\/\/www.vaillant.de\/21-grad\/wp-content\/uploads\/2017\/01\/Header_Schimmel-an-der-Wand.jpg","contentUrl":"https:\/\/www.vaillant.de\/21-grad\/wp-content\/uploads\/2017\/01\/Header_Schimmel-an-der-Wand.jpg","width":940,"height":480,"caption":"Schimmel an der Wand Titelbild"},{"@type":"BreadcrumbList","@id":"https:\/\/www.vaillant.de\/21-grad\/wissen-und-wert\/schimmel-an-der-wand\/#breadcrumb","itemListElement":[{"@type":"ListItem","position":1,"name":"Startseite","item":"https:\/\/www.vaillant.de\/21-grad\/"},{"@type":"ListItem","position":2,"name":"Schimmel an der Wand \u2013 das sind die Ursachen von Schimmelpilzen in der Wohnung (Artikel 1\/5)"}]},{"@type":"WebSite","@id":"https:\/\/www.vaillant.de\/21-grad\/#website","url":"https:\/\/www.vaillant.de\/21-grad\/","name":"21 grad","description":"Der Blog f\u00fcr Menschen, die weiterdenken","potentialAction":[{"@type":"SearchAction","target":{"@type":"EntryPoint","urlTemplate":"https:\/\/www.vaillant.de\/21-grad\/?s={search_term_string}"},"query-input":{"@type":"PropertyValueSpecification","valueRequired":true,"valueName":"search_term_string"}}],"inLanguage":"de"},{"@type":"Person","@id":"https:\/\/www.vaillant.de\/21-grad\/#\/schema\/person\/0688f4a2058918ae82b953244b8160d9","name":"Jonas","image":{"@type":"ImageObject","inLanguage":"de","@id":"https:\/\/www.vaillant.de\/21-grad\/wp-content\/uploads\/2025\/04\/Jonas-smal-125x125.jpg09a77e2fccb6ed2f064616ea71935c21","url":"https:\/\/www.vaillant.de\/21-grad\/wp-content\/uploads\/2025\/04\/Jonas-smal-125x125.jpg","contentUrl":"https:\/\/www.vaillant.de\/21-grad\/wp-content\/uploads\/2025\/04\/Jonas-smal-125x125.jpg","caption":"Jonas"},"description":"Bei meiner Arbeit befasse ich mich mit der Identifikation, Analyse und Ansprache von Endverbrauchern. Im Team entwickeln wir Strategien zur Zielgruppensegmentierung, um ma\u00dfgeschneiderte Marketingkampagnen zu erstellen. Interessen In meiner Freizeit ist Sport sehr wichtig. Sei es die eigene k\u00f6rperliche Fitness, Fu\u00dfball oder wenn m\u00f6glich Snowboarden in den Bergen. Wenn du eine Superkraft h\u00e4ttest, welche w\u00e4re das und warum? Ich w\u00fcrde aus zwei Gr\u00fcnden gerne fliegen k\u00f6nnen. Erstens: Ich k\u00f6nnte \u00fcberall schnell hinkommen, ohne unn\u00f6tig im Stau zu stehen. Zweitens: Wenn ich fliege, sehe ich die Welt aus einer anderen Perspektive. Was bringt dich auf die Palme? Mein Hund, wenn er versucht, sein K\u00f6rbchen zu zerst\u00f6ren. Was war der beste Rat, den du jemals erhalten hast? \u201eDer R\u00fcckspiegel im Auto ist kleiner als die Windschutzscheibe, also fokussiere dich auf das, was vor dir ist!\u201c","url":"https:\/\/www.vaillant.de\/21-grad\/autor\/jonas\/"}]}},"_links":{"self":[{"href":"https:\/\/www.vaillant.de\/21-grad\/wp-json\/wp\/v2\/posts\/2081","targetHints":{"allow":["GET"]}}],"collection":[{"href":"https:\/\/www.vaillant.de\/21-grad\/wp-json\/wp\/v2\/posts"}],"about":[{"href":"https:\/\/www.vaillant.de\/21-grad\/wp-json\/wp\/v2\/types\/post"}],"author":[{"embeddable":true,"href":"https:\/\/www.vaillant.de\/21-grad\/wp-json\/wp\/v2\/users\/27"}],"replies":[{"embeddable":true,"href":"https:\/\/www.vaillant.de\/21-grad\/wp-json\/wp\/v2\/comments?post=2081"}],"version-history":[{"count":14,"href":"https:\/\/www.vaillant.de\/21-grad\/wp-json\/wp\/v2\/posts\/2081\/revisions"}],"predecessor-version":[{"id":6698,"href":"https:\/\/www.vaillant.de\/21-grad\/wp-json\/wp\/v2\/posts\/2081\/revisions\/6698"}],"wp:featuredmedia":[{"embeddable":true,"href":"https:\/\/www.vaillant.de\/21-grad\/wp-json\/wp\/v2\/media\/2087"}],"wp:attachment":[{"href":"https:\/\/www.vaillant.de\/21-grad\/wp-json\/wp\/v2\/media?parent=2081"}],"wp:term":[{"taxonomy":"category","embeddable":true,"href":"https:\/\/www.vaillant.de\/21-grad\/wp-json\/wp\/v2\/categories?post=2081"},{"taxonomy":"post_tag","embeddable":true,"href":"https:\/\/www.vaillant.de\/21-grad\/wp-json\/wp\/v2\/tags?post=2081"},{"taxonomy":"author","embeddable":true,"href":"https:\/\/www.vaillant.de\/21-grad\/wp-json\/wp\/v2\/coauthors?post=2081"}],"curies":[{"name":"wp","href":"https:\/\/api.w.org\/{rel}","templated":true}]}}