{"id":2154,"date":"2017-02-15T15:05:10","date_gmt":"2017-02-15T14:05:10","guid":{"rendered":"https:\/\/21-grad.vaillant.de\/?p=2154"},"modified":"2022-03-30T13:13:44","modified_gmt":"2022-03-30T11:13:44","slug":"kampf-dem-klimawandel-so-wollen-forscher-co2-aus-der-luft-holen","status":"publish","type":"post","link":"https:\/\/www.vaillant.de\/21-grad\/technik-und-trends\/kampf-dem-klimawandel-so-wollen-forscher-co2-aus-der-luft-holen\/","title":{"rendered":"Kampf dem Klimawandel: So wollen Forscher CO2 aus der Luft holen"},"content":{"rendered":"<h2><strong>K\u00fcnstliche B\u00e4ume<a href=\"https:\/\/www.vaillant.de\/21-grad\/wp-content\/uploads\/2017\/02\/K\u00fcnstlicher-Baum.jpg\"><img loading=\"lazy\" decoding=\"async\" class=\"alignright wp-image-2157 size-medium\" src=\"https:\/\/www.vaillant.de\/21-grad\/wp-content\/uploads\/2017\/02\/K\u00fcnstlicher-Baum-349x232.jpg\" width=\"349\" height=\"232\" srcset=\"https:\/\/www.vaillant.de\/21-grad\/wp-content\/uploads\/2017\/02\/K\u00fcnstlicher-Baum-349x232.jpg 349w, https:\/\/www.vaillant.de\/21-grad\/wp-content\/uploads\/2017\/02\/K\u00fcnstlicher-Baum.jpg 640w\" sizes=\"auto, (max-width: 349px) 100vw, 349px\" \/><\/a><\/strong><\/h2>\n<p>Der deutsche Physiker Klaus Lackner von der <a href=\"http:\/\/www.earthinstitute.columbia.edu\/\"><u>Earth Institute der Columbia Universit\u00e4t<\/u><\/a> gilt als Vater der Idee: Er entwickelte einen Luftfilter aus einem Ionen-Austauscher-Harz, der bis zu tausend Mal effizienter sein soll als ein Baum. Str\u00f6mt Kohlendioxid durch den trockenen Filter, wird es von der Kunststoffmembran gebunden und bleibt h\u00e4ngen. Sobald der Filter voll ist, f\u00e4hrt er in eine Feuchtekammer und durch die N\u00e4sse wird das CO<sub>2<\/sub> wieder freigesetzt. Dann beginnt der Zyklus von vorn. Das Konzept ist als Kunstbaum denkbar oder auch als offener Container mit Filterlamellen. Noch ist vor allem unklar, wohin das Kohlendioxid abtransportiert werden soll, vielleicht nach dem Vorbild der Natur unter die Erde in tiefe Gesteinsschichten. Derzeit arbeiten mit <u><a href=\"http:\/\/globalthermostat.com\/\">Global Thermostat<\/a>,<\/u>\u00a0<a href=\"http:\/\/www.carbonengineering.com\"><u>Carbon Engineering<\/u><\/a> und<a href=\"http:\/\/www.climeworks.com\"> <u>Climeworks<\/u><\/a> gleich drei Firmen daran, Lackners Vision in die Wirklichkeit umzusetzen.<\/p>\n<h2><strong>K\u00fcnstliche Bl\u00e4tter<a href=\"https:\/\/www.vaillant.de\/21-grad\/wp-content\/uploads\/2017\/02\/Bionisches-Blatt.jpg\"><img loading=\"lazy\" decoding=\"async\" class=\"wp-image-2158 size-medium alignleft\" src=\"https:\/\/www.vaillant.de\/21-grad\/wp-content\/uploads\/2017\/02\/Bionisches-Blatt-349x232.jpg\" width=\"349\" height=\"232\" srcset=\"https:\/\/www.vaillant.de\/21-grad\/wp-content\/uploads\/2017\/02\/Bionisches-Blatt-349x232.jpg 349w, https:\/\/www.vaillant.de\/21-grad\/wp-content\/uploads\/2017\/02\/Bionisches-Blatt.jpg 640w\" sizes=\"auto, (max-width: 349px) 100vw, 349px\" \/><\/a><\/strong><\/h2>\n<p><a href=\"http:\/\/chemistry.harvard.edu\/people\/daniel-g-nocera\"><u>Daniel Nocera<\/u><\/a> von der Harvard Universit\u00e4t pr\u00e4sentierte vor kurzem sein bionisches Blatt, das die Photosynthese der Pflanzen nachahmt. Es wandelt \u00a0Sonnenlicht, Kohlendioxid und Wasser zun\u00e4chst in Wasserstoff und Sauerstoff um. Dann nehmen genmanipulierte Bakterien den Wasserstoff auf und verarbeiten ihn mit Kohlendioxid zu Biomasse oder anderen CO<sub>2<\/sub>-basierten Produkten. Der Vorteil: Die Methode kann nicht nur 500 Liter Kohlendioxid am Tag verarbeiten, sondern auch brennbare Treibstoffe gewinnen. Experten sehen darin bereits die Zukunft der <a href=\"https:\/\/www.vaillant.de\/heizung\/heizung-verstehen\/technologie-verstehen\/solarenergie\/\" target=\"_blank\" rel=\"noopener\">Solarenergie <\/a>und eine Alternative zu fossilen Brennstoffen.<\/p>\n<h2><strong>K\u00fcnstliche Wolken<a href=\"https:\/\/www.vaillant.de\/21-grad\/wp-content\/uploads\/2017\/02\/K\u00fcnstliche-Wolke.jpg\"><img loading=\"lazy\" decoding=\"async\" class=\"alignright size-medium wp-image-2159\" src=\"https:\/\/www.vaillant.de\/21-grad\/wp-content\/uploads\/2017\/02\/K\u00fcnstliche-Wolke-349x232.jpg\" alt=\"\" width=\"349\" height=\"232\" srcset=\"https:\/\/www.vaillant.de\/21-grad\/wp-content\/uploads\/2017\/02\/K\u00fcnstliche-Wolke-349x232.jpg 349w, https:\/\/www.vaillant.de\/21-grad\/wp-content\/uploads\/2017\/02\/K\u00fcnstliche-Wolke.jpg 640w\" sizes=\"auto, (max-width: 349px) 100vw, 349px\" \/><\/a><\/strong><\/h2>\n<p>Neben dem Ansatz, der Atmosph\u00e4re Kohlendioxid zu entziehen (Carbon Dioxide Removal, CDR) gibt es auch die Verfechter des Solar Radiation Management (SRM): Sie wollen das Sonnenlicht abschirmen und so der Erderw\u00e4rmung entgegenwirken. Das soll zum Beispiel durch Wolken gelingen, die durch Salzkristalle oder Staub besonders hell sind und mehr Licht nach oben reflektieren. In Erw\u00e4gung gezogen wird auch, kleine Partikel \u2013 so genannte Aerosole \u2013 in der Stratosph\u00e4re zu verteilen und sie dort einen Teil des Sonnenlichtes abfangen und zur\u00fcckreflektieren zu lassen. Dass diese Methode funktionieren k\u00f6nnte, zeigte 1991 bereits ein Vulkanausbruch auf den Philippinen: Dort gelangten ebenfalls Partikel in diese Schicht der Erdatmosph\u00e4re und die Temperatur k\u00fchlte im Anschluss um ein halbes Grad ab.<\/p>\n<h2><strong>Climate Engineering: Noch viele Fragen offen<\/strong><\/h2>\n<p>So genial die Ideen auch anmuten: Das k\u00fcnstliche Eingreifen in komplexe Klimaprozesse ist nicht hinreichend erforscht und noch ist nicht klar, ob die Nebenwirkungen nicht gravierender w\u00e4ren, als die Vorteile. Temperatursenkungen k\u00f6nnen zum Beispiel Auswirkungen darauf haben, wie sich Niederschl\u00e4ge auf der Erde verteilen. Schwefelpartikel in der Stratosph\u00e4re k\u00f6nnten die Zerst\u00f6rung der Ozonschicht beschleunigen und die Atmosph\u00e4renzirkulation ver\u00e4ndern. Einige Methoden sind schlicht technologisch zu aufw\u00e4ndig und extrem teuer. Selbst nat\u00fcrliche Ans\u00e4tze, die hinl\u00e4nglich anerkannt sind, wie die Aufforstung sind differenziert zu betrachten: Durch die dunkle Farbe des Waldes kann eine starke Aufforstung unter Umst\u00e4nden zu einer weiteren Aufheizung des Planeten f\u00fchren. Zur Debatte stehen au\u00dferdem ethische und rechtliche Fragen: D\u00fcrfen wir das? Wer tr\u00e4gt die Verantwortung und wer haftet, wenn es schief geht?<\/p>\n<p>Mit genau diesen Fragestellungen und klimatischen Wechselwirkungen besch\u00e4ftigt sich in Deutschland noch bis 2017 das Programm <u>\u201e<a href=\"http:\/\/www.spp-climate-engineering.de\/\">Climate Engineering: Risks, Challenges, Opportunities?<\/a><\/u>\u201c (SPP 1689). Ein Verbund aus 16 Universit\u00e4ten und Forschungseinrichtungen erforscht und bewertet die klimatischen, \u00f6kologischen, gesellschaftlichen Risiken und Chancen anhand von Erdsystemmodellen. Die Experten \u00e4u\u00dfern sich in einem <a href=\"https:\/\/www.adelphi.de\/de\/publikation\/european-transdisciplinary-assessment-climate-engineering-eutrace]\">Zwischenbericht<\/a> verhalten optimistisch und ziehen in Erw\u00e4gung, \u201edass eine oder auch mehrere der gegenw\u00e4rtig diskutierten Climate Engineering Ans\u00e4tze eine Option f\u00fcr die Klimapolitik dieses Jahrhunderts darstellen k\u00f6nnten.\u201c Eins ist sicher: Den CO<sub>2<\/sub>-Aussto\u00df zu senken, ist immer noch das Einfachste.<\/p>\n<div id=\"attachment_2155\" style=\"width: 338px\" class=\"wp-caption alignleft\"><a href=\"https:\/\/www.vaillant.de\/21-grad\/wp-content\/uploads\/2017\/02\/ce_ideen_d.jpg\"><img loading=\"lazy\" decoding=\"async\" aria-describedby=\"caption-attachment-2155\" class=\"wp-image-2155 size-medium\" src=\"https:\/\/www.vaillant.de\/21-grad\/wp-content\/uploads\/2017\/02\/ce_ideen_d-328x232.jpg\" alt=\"CO2 k\u00fcnstlich abbauen\" width=\"328\" height=\"232\" srcset=\"https:\/\/www.vaillant.de\/21-grad\/wp-content\/uploads\/2017\/02\/ce_ideen_d-328x232.jpg 328w, https:\/\/www.vaillant.de\/21-grad\/wp-content\/uploads\/2017\/02\/ce_ideen_d-768x543.jpg 768w, https:\/\/www.vaillant.de\/21-grad\/wp-content\/uploads\/2017\/02\/ce_ideen_d-679x480.jpg 679w, https:\/\/www.vaillant.de\/21-grad\/wp-content\/uploads\/2017\/02\/ce_ideen_d.jpg 1000w\" sizes=\"auto, (max-width: 328px) 100vw, 328px\" \/><\/a><p id=\"caption-attachment-2155\" class=\"wp-caption-text\">Es gibt im Climate Engineering vielf\u00e4ltige Ans\u00e4tze, den CO2-Gehalt in der Luft zu senken und die Erderw\u00e4rmung zu stoppen<\/p><\/div>\n","protected":false},"excerpt":{"rendered":"<p>Die globale Erw\u00e4rmung ist kaum noch aufzuhalten. Klimakiller ist vor allem das Kohlendioxid, das der Mensch in die Luft pumpt. Was w\u00e4re, wenn der Mensch CO2 k\u00fcnstlich abbauen oder die Temperatur auf andere Weise senken k\u00f6nnte? Forscher lassen sich von der Natur inspirieren \u2013 die vielversprechendsten Ideen im \u00dcberblick.<\/p>\n","protected":false},"author":6,"featured_media":2166,"comment_status":"closed","ping_status":"open","sticky":false,"template":"","format":"standard","meta":{"footnotes":""},"categories":[4],"tags":[46,165],"coauthors":[70],"class_list":["post-2154","post","type-post","status-publish","format-standard","has-post-thumbnail","hentry","category-technik-und-trends","tag-klimaschutz","tag-zukunftstrends"],"yoast_head":"<!-- This site is optimized with the Yoast SEO plugin v27.4 - https:\/\/yoast.com\/product\/yoast-seo-wordpress\/ -->\n<title>Forscher wollen CO2 bek\u00e4mpfen - mit Hilfe der Natur | 21 grad<\/title>\n<meta name=\"description\" content=\"CO2 ist der Klimakiller Nummer Eins. Forscher lassen sich von der Natur inspirieren, um dem Kohlendioxid den Kampf anzusagen. Mehr erfahren!\" \/>\n<meta name=\"robots\" content=\"index, follow, max-snippet:-1, max-image-preview:large, max-video-preview:-1\" \/>\n<link rel=\"canonical\" href=\"https:\/\/www.vaillant.de\/21-grad\/technik-und-trends\/kampf-dem-klimawandel-so-wollen-forscher-co2-aus-der-luft-holen\/\" \/>\n<meta property=\"og:locale\" content=\"de_DE\" \/>\n<meta property=\"og:type\" content=\"article\" \/>\n<meta property=\"og:title\" content=\"Forscher wollen CO2 bek\u00e4mpfen - mit Hilfe der Natur | 21 grad\" \/>\n<meta property=\"og:description\" content=\"CO2 ist der Klimakiller Nummer Eins. Forscher lassen sich von der Natur inspirieren, um dem Kohlendioxid den Kampf anzusagen. Mehr erfahren!\" \/>\n<meta property=\"og:url\" content=\"https:\/\/www.vaillant.de\/21-grad\/technik-und-trends\/kampf-dem-klimawandel-so-wollen-forscher-co2-aus-der-luft-holen\/\" \/>\n<meta property=\"og:site_name\" content=\"21 grad\" \/>\n<meta property=\"article:publisher\" content=\"https:\/\/www.facebook.com\/21grad\/\" \/>\n<meta property=\"article:published_time\" content=\"2017-02-15T14:05:10+00:00\" \/>\n<meta property=\"article:modified_time\" content=\"2022-03-30T11:13:44+00:00\" \/>\n<meta property=\"og:image\" content=\"https:\/\/www.vaillant.de\/21-grad\/wp-content\/uploads\/2017\/02\/klimawandel_940.jpg\" \/>\n\t<meta property=\"og:image:width\" content=\"940\" \/>\n\t<meta property=\"og:image:height\" content=\"480\" \/>\n\t<meta property=\"og:image:type\" content=\"image\/jpeg\" \/>\n<meta name=\"author\" content=\"Marcus\" \/>\n<meta name=\"twitter:card\" content=\"summary_large_image\" \/>\n<meta name=\"twitter:creator\" content=\"@vaillant_de\" \/>\n<meta name=\"twitter:site\" content=\"@vaillant_de\" \/>\n<meta name=\"twitter:label1\" content=\"Verfasst von\" \/>\n\t<meta name=\"twitter:data1\" content=\"Marcus\" \/>\n\t<meta name=\"twitter:label2\" content=\"Gesch\u00e4tzte Lesezeit\" \/>\n\t<meta name=\"twitter:data2\" content=\"4\u00a0Minuten\" \/>\n\t<meta name=\"twitter:label3\" content=\"Written by\" \/>\n\t<meta name=\"twitter:data3\" content=\"Marcus\" \/>\n<script type=\"application\/ld+json\" class=\"yoast-schema-graph\">{\"@context\":\"https:\\\/\\\/schema.org\",\"@graph\":[{\"@type\":\"Article\",\"@id\":\"https:\\\/\\\/www.vaillant.de\\\/21-grad\\\/technik-und-trends\\\/kampf-dem-klimawandel-so-wollen-forscher-co2-aus-der-luft-holen\\\/#article\",\"isPartOf\":{\"@id\":\"https:\\\/\\\/www.vaillant.de\\\/21-grad\\\/technik-und-trends\\\/kampf-dem-klimawandel-so-wollen-forscher-co2-aus-der-luft-holen\\\/\"},\"author\":{\"name\":\"Marcus\",\"@id\":\"https:\\\/\\\/www.vaillant.de\\\/21-grad\\\/#\\\/schema\\\/person\\\/d79d2ba98cd3da7ae5877706050352da\"},\"headline\":\"Kampf dem Klimawandel: So wollen Forscher CO2 aus der Luft holen\",\"datePublished\":\"2017-02-15T14:05:10+00:00\",\"dateModified\":\"2022-03-30T11:13:44+00:00\",\"mainEntityOfPage\":{\"@id\":\"https:\\\/\\\/www.vaillant.de\\\/21-grad\\\/technik-und-trends\\\/kampf-dem-klimawandel-so-wollen-forscher-co2-aus-der-luft-holen\\\/\"},\"wordCount\":631,\"image\":{\"@id\":\"https:\\\/\\\/www.vaillant.de\\\/21-grad\\\/technik-und-trends\\\/kampf-dem-klimawandel-so-wollen-forscher-co2-aus-der-luft-holen\\\/#primaryimage\"},\"thumbnailUrl\":\"https:\\\/\\\/www.vaillant.de\\\/21-grad\\\/wp-content\\\/uploads\\\/2017\\\/02\\\/klimawandel_940.jpg\",\"keywords\":[\"Klimaschutz\",\"Zukunftstrends\"],\"articleSection\":[\"Technik &amp; Trends\"],\"inLanguage\":\"de\"},{\"@type\":\"WebPage\",\"@id\":\"https:\\\/\\\/www.vaillant.de\\\/21-grad\\\/technik-und-trends\\\/kampf-dem-klimawandel-so-wollen-forscher-co2-aus-der-luft-holen\\\/\",\"url\":\"https:\\\/\\\/www.vaillant.de\\\/21-grad\\\/technik-und-trends\\\/kampf-dem-klimawandel-so-wollen-forscher-co2-aus-der-luft-holen\\\/\",\"name\":\"Forscher wollen CO2 bek\u00e4mpfen - mit Hilfe der Natur | 21 grad\",\"isPartOf\":{\"@id\":\"https:\\\/\\\/www.vaillant.de\\\/21-grad\\\/#website\"},\"primaryImageOfPage\":{\"@id\":\"https:\\\/\\\/www.vaillant.de\\\/21-grad\\\/technik-und-trends\\\/kampf-dem-klimawandel-so-wollen-forscher-co2-aus-der-luft-holen\\\/#primaryimage\"},\"image\":{\"@id\":\"https:\\\/\\\/www.vaillant.de\\\/21-grad\\\/technik-und-trends\\\/kampf-dem-klimawandel-so-wollen-forscher-co2-aus-der-luft-holen\\\/#primaryimage\"},\"thumbnailUrl\":\"https:\\\/\\\/www.vaillant.de\\\/21-grad\\\/wp-content\\\/uploads\\\/2017\\\/02\\\/klimawandel_940.jpg\",\"datePublished\":\"2017-02-15T14:05:10+00:00\",\"dateModified\":\"2022-03-30T11:13:44+00:00\",\"author\":{\"@id\":\"https:\\\/\\\/www.vaillant.de\\\/21-grad\\\/#\\\/schema\\\/person\\\/d79d2ba98cd3da7ae5877706050352da\"},\"description\":\"CO2 ist der Klimakiller Nummer Eins. Forscher lassen sich von der Natur inspirieren, um dem Kohlendioxid den Kampf anzusagen. Mehr erfahren!\",\"breadcrumb\":{\"@id\":\"https:\\\/\\\/www.vaillant.de\\\/21-grad\\\/technik-und-trends\\\/kampf-dem-klimawandel-so-wollen-forscher-co2-aus-der-luft-holen\\\/#breadcrumb\"},\"inLanguage\":\"de\",\"potentialAction\":[{\"@type\":\"ReadAction\",\"target\":[\"https:\\\/\\\/www.vaillant.de\\\/21-grad\\\/technik-und-trends\\\/kampf-dem-klimawandel-so-wollen-forscher-co2-aus-der-luft-holen\\\/\"]}]},{\"@type\":\"ImageObject\",\"inLanguage\":\"de\",\"@id\":\"https:\\\/\\\/www.vaillant.de\\\/21-grad\\\/technik-und-trends\\\/kampf-dem-klimawandel-so-wollen-forscher-co2-aus-der-luft-holen\\\/#primaryimage\",\"url\":\"https:\\\/\\\/www.vaillant.de\\\/21-grad\\\/wp-content\\\/uploads\\\/2017\\\/02\\\/klimawandel_940.jpg\",\"contentUrl\":\"https:\\\/\\\/www.vaillant.de\\\/21-grad\\\/wp-content\\\/uploads\\\/2017\\\/02\\\/klimawandel_940.jpg\",\"width\":940,\"height\":480,\"caption\":\"Klimawandel\"},{\"@type\":\"BreadcrumbList\",\"@id\":\"https:\\\/\\\/www.vaillant.de\\\/21-grad\\\/technik-und-trends\\\/kampf-dem-klimawandel-so-wollen-forscher-co2-aus-der-luft-holen\\\/#breadcrumb\",\"itemListElement\":[{\"@type\":\"ListItem\",\"position\":1,\"name\":\"Startseite\",\"item\":\"https:\\\/\\\/www.vaillant.de\\\/21-grad\\\/\"},{\"@type\":\"ListItem\",\"position\":2,\"name\":\"Kampf dem Klimawandel: So wollen Forscher CO2 aus der Luft holen\"}]},{\"@type\":\"WebSite\",\"@id\":\"https:\\\/\\\/www.vaillant.de\\\/21-grad\\\/#website\",\"url\":\"https:\\\/\\\/www.vaillant.de\\\/21-grad\\\/\",\"name\":\"21 grad\",\"description\":\"Der Blog f\u00fcr Menschen, die weiterdenken\",\"potentialAction\":[{\"@type\":\"SearchAction\",\"target\":{\"@type\":\"EntryPoint\",\"urlTemplate\":\"https:\\\/\\\/www.vaillant.de\\\/21-grad\\\/?s={search_term_string}\"},\"query-input\":{\"@type\":\"PropertyValueSpecification\",\"valueRequired\":true,\"valueName\":\"search_term_string\"}}],\"inLanguage\":\"de\"},{\"@type\":\"Person\",\"@id\":\"https:\\\/\\\/www.vaillant.de\\\/21-grad\\\/#\\\/schema\\\/person\\\/d79d2ba98cd3da7ae5877706050352da\",\"name\":\"Marcus\",\"image\":{\"@type\":\"ImageObject\",\"inLanguage\":\"de\",\"@id\":\"https:\\\/\\\/www.vaillant.de\\\/21-grad\\\/wp-content\\\/uploads\\\/2026\\\/01\\\/Marcus-125x125.jpg9d3430f1bc55d5a5d47a1162a14ae1af\",\"url\":\"https:\\\/\\\/www.vaillant.de\\\/21-grad\\\/wp-content\\\/uploads\\\/2026\\\/01\\\/Marcus-125x125.jpg\",\"contentUrl\":\"https:\\\/\\\/www.vaillant.de\\\/21-grad\\\/wp-content\\\/uploads\\\/2026\\\/01\\\/Marcus-125x125.jpg\",\"caption\":\"Marcus\"},\"description\":\"Willkommen in der wunderbaren Welt des 21grad Blogs. Als Medien- und Kooperationsmanager bin ich bei Vaillant Deutschland u.a. f\u00fcr unsere Fach- und Branchenkommunikation zust\u00e4ndig. Ich freue mich auf den Dialog mit Euch. :-) Nachhaltigkeit Bewusster Konsum und soziales Engagement liegen mir sehr am Herzen. Zuhause nutze ich \u00d6kostrom und Biogas, bei Lebensmitteln sind mir Labels wie Fair-Trade oder Bio sehr wichtig. Ich bin Sportwart beim Tennisclub Gr\u00fcn-Wei\u00df Lennep und engagiere mich auch f\u00fcr Aktion Mensch oder SOS-Kinderdorf. Interessen Unternehmungen mit Familie und Freunden, Tennis, Rock-Konzerte, Kino, B\u00fccher (z.B. Hornby, Eschbach, Uschmann) Was wolltest du als Kind gerne werden? Um es mit den \u00c4rzten zu sagen: Popstar, Bademeister oder Astronaut Was bringt dich auf die Palme? Menschen, die Schuld immer bei anderen suchen oder auch nat\u00fcrlich eine leckere Kokosnuss Was war der beste Rat, den du jemals erhalten hast? \u201eDenke in L\u00f6sungen, nicht in Problemen.\u201c\",\"url\":\"https:\\\/\\\/www.vaillant.de\\\/21-grad\\\/autor\\\/marcus\\\/\"}]}<\/script>\n<!-- \/ Yoast SEO plugin. -->","yoast_head_json":{"title":"Forscher wollen CO2 bek\u00e4mpfen - mit Hilfe der Natur | 21 grad","description":"CO2 ist der Klimakiller Nummer Eins. Forscher lassen sich von der Natur inspirieren, um dem Kohlendioxid den Kampf anzusagen. Mehr erfahren!","robots":{"index":"index","follow":"follow","max-snippet":"max-snippet:-1","max-image-preview":"max-image-preview:large","max-video-preview":"max-video-preview:-1"},"canonical":"https:\/\/www.vaillant.de\/21-grad\/technik-und-trends\/kampf-dem-klimawandel-so-wollen-forscher-co2-aus-der-luft-holen\/","og_locale":"de_DE","og_type":"article","og_title":"Forscher wollen CO2 bek\u00e4mpfen - mit Hilfe der Natur | 21 grad","og_description":"CO2 ist der Klimakiller Nummer Eins. Forscher lassen sich von der Natur inspirieren, um dem Kohlendioxid den Kampf anzusagen. Mehr erfahren!","og_url":"https:\/\/www.vaillant.de\/21-grad\/technik-und-trends\/kampf-dem-klimawandel-so-wollen-forscher-co2-aus-der-luft-holen\/","og_site_name":"21 grad","article_publisher":"https:\/\/www.facebook.com\/21grad\/","article_published_time":"2017-02-15T14:05:10+00:00","article_modified_time":"2022-03-30T11:13:44+00:00","og_image":[{"width":940,"height":480,"url":"https:\/\/www.vaillant.de\/21-grad\/wp-content\/uploads\/2017\/02\/klimawandel_940.jpg","type":"image\/jpeg"}],"author":"Marcus","twitter_card":"summary_large_image","twitter_creator":"@vaillant_de","twitter_site":"@vaillant_de","twitter_misc":{"Verfasst von":"Marcus","Gesch\u00e4tzte Lesezeit":"4\u00a0Minuten","Written by":"Marcus"},"schema":{"@context":"https:\/\/schema.org","@graph":[{"@type":"Article","@id":"https:\/\/www.vaillant.de\/21-grad\/technik-und-trends\/kampf-dem-klimawandel-so-wollen-forscher-co2-aus-der-luft-holen\/#article","isPartOf":{"@id":"https:\/\/www.vaillant.de\/21-grad\/technik-und-trends\/kampf-dem-klimawandel-so-wollen-forscher-co2-aus-der-luft-holen\/"},"author":{"name":"Marcus","@id":"https:\/\/www.vaillant.de\/21-grad\/#\/schema\/person\/d79d2ba98cd3da7ae5877706050352da"},"headline":"Kampf dem Klimawandel: So wollen Forscher CO2 aus der Luft holen","datePublished":"2017-02-15T14:05:10+00:00","dateModified":"2022-03-30T11:13:44+00:00","mainEntityOfPage":{"@id":"https:\/\/www.vaillant.de\/21-grad\/technik-und-trends\/kampf-dem-klimawandel-so-wollen-forscher-co2-aus-der-luft-holen\/"},"wordCount":631,"image":{"@id":"https:\/\/www.vaillant.de\/21-grad\/technik-und-trends\/kampf-dem-klimawandel-so-wollen-forscher-co2-aus-der-luft-holen\/#primaryimage"},"thumbnailUrl":"https:\/\/www.vaillant.de\/21-grad\/wp-content\/uploads\/2017\/02\/klimawandel_940.jpg","keywords":["Klimaschutz","Zukunftstrends"],"articleSection":["Technik &amp; Trends"],"inLanguage":"de"},{"@type":"WebPage","@id":"https:\/\/www.vaillant.de\/21-grad\/technik-und-trends\/kampf-dem-klimawandel-so-wollen-forscher-co2-aus-der-luft-holen\/","url":"https:\/\/www.vaillant.de\/21-grad\/technik-und-trends\/kampf-dem-klimawandel-so-wollen-forscher-co2-aus-der-luft-holen\/","name":"Forscher wollen CO2 bek\u00e4mpfen - mit Hilfe der Natur | 21 grad","isPartOf":{"@id":"https:\/\/www.vaillant.de\/21-grad\/#website"},"primaryImageOfPage":{"@id":"https:\/\/www.vaillant.de\/21-grad\/technik-und-trends\/kampf-dem-klimawandel-so-wollen-forscher-co2-aus-der-luft-holen\/#primaryimage"},"image":{"@id":"https:\/\/www.vaillant.de\/21-grad\/technik-und-trends\/kampf-dem-klimawandel-so-wollen-forscher-co2-aus-der-luft-holen\/#primaryimage"},"thumbnailUrl":"https:\/\/www.vaillant.de\/21-grad\/wp-content\/uploads\/2017\/02\/klimawandel_940.jpg","datePublished":"2017-02-15T14:05:10+00:00","dateModified":"2022-03-30T11:13:44+00:00","author":{"@id":"https:\/\/www.vaillant.de\/21-grad\/#\/schema\/person\/d79d2ba98cd3da7ae5877706050352da"},"description":"CO2 ist der Klimakiller Nummer Eins. Forscher lassen sich von der Natur inspirieren, um dem Kohlendioxid den Kampf anzusagen. Mehr erfahren!","breadcrumb":{"@id":"https:\/\/www.vaillant.de\/21-grad\/technik-und-trends\/kampf-dem-klimawandel-so-wollen-forscher-co2-aus-der-luft-holen\/#breadcrumb"},"inLanguage":"de","potentialAction":[{"@type":"ReadAction","target":["https:\/\/www.vaillant.de\/21-grad\/technik-und-trends\/kampf-dem-klimawandel-so-wollen-forscher-co2-aus-der-luft-holen\/"]}]},{"@type":"ImageObject","inLanguage":"de","@id":"https:\/\/www.vaillant.de\/21-grad\/technik-und-trends\/kampf-dem-klimawandel-so-wollen-forscher-co2-aus-der-luft-holen\/#primaryimage","url":"https:\/\/www.vaillant.de\/21-grad\/wp-content\/uploads\/2017\/02\/klimawandel_940.jpg","contentUrl":"https:\/\/www.vaillant.de\/21-grad\/wp-content\/uploads\/2017\/02\/klimawandel_940.jpg","width":940,"height":480,"caption":"Klimawandel"},{"@type":"BreadcrumbList","@id":"https:\/\/www.vaillant.de\/21-grad\/technik-und-trends\/kampf-dem-klimawandel-so-wollen-forscher-co2-aus-der-luft-holen\/#breadcrumb","itemListElement":[{"@type":"ListItem","position":1,"name":"Startseite","item":"https:\/\/www.vaillant.de\/21-grad\/"},{"@type":"ListItem","position":2,"name":"Kampf dem Klimawandel: So wollen Forscher CO2 aus der Luft holen"}]},{"@type":"WebSite","@id":"https:\/\/www.vaillant.de\/21-grad\/#website","url":"https:\/\/www.vaillant.de\/21-grad\/","name":"21 grad","description":"Der Blog f\u00fcr Menschen, die weiterdenken","potentialAction":[{"@type":"SearchAction","target":{"@type":"EntryPoint","urlTemplate":"https:\/\/www.vaillant.de\/21-grad\/?s={search_term_string}"},"query-input":{"@type":"PropertyValueSpecification","valueRequired":true,"valueName":"search_term_string"}}],"inLanguage":"de"},{"@type":"Person","@id":"https:\/\/www.vaillant.de\/21-grad\/#\/schema\/person\/d79d2ba98cd3da7ae5877706050352da","name":"Marcus","image":{"@type":"ImageObject","inLanguage":"de","@id":"https:\/\/www.vaillant.de\/21-grad\/wp-content\/uploads\/2026\/01\/Marcus-125x125.jpg9d3430f1bc55d5a5d47a1162a14ae1af","url":"https:\/\/www.vaillant.de\/21-grad\/wp-content\/uploads\/2026\/01\/Marcus-125x125.jpg","contentUrl":"https:\/\/www.vaillant.de\/21-grad\/wp-content\/uploads\/2026\/01\/Marcus-125x125.jpg","caption":"Marcus"},"description":"Willkommen in der wunderbaren Welt des 21grad Blogs. Als Medien- und Kooperationsmanager bin ich bei Vaillant Deutschland u.a. f\u00fcr unsere Fach- und Branchenkommunikation zust\u00e4ndig. Ich freue mich auf den Dialog mit Euch. :-) Nachhaltigkeit Bewusster Konsum und soziales Engagement liegen mir sehr am Herzen. Zuhause nutze ich \u00d6kostrom und Biogas, bei Lebensmitteln sind mir Labels wie Fair-Trade oder Bio sehr wichtig. Ich bin Sportwart beim Tennisclub Gr\u00fcn-Wei\u00df Lennep und engagiere mich auch f\u00fcr Aktion Mensch oder SOS-Kinderdorf. Interessen Unternehmungen mit Familie und Freunden, Tennis, Rock-Konzerte, Kino, B\u00fccher (z.B. Hornby, Eschbach, Uschmann) Was wolltest du als Kind gerne werden? Um es mit den \u00c4rzten zu sagen: Popstar, Bademeister oder Astronaut Was bringt dich auf die Palme? Menschen, die Schuld immer bei anderen suchen oder auch nat\u00fcrlich eine leckere Kokosnuss Was war der beste Rat, den du jemals erhalten hast? \u201eDenke in L\u00f6sungen, nicht in Problemen.\u201c","url":"https:\/\/www.vaillant.de\/21-grad\/autor\/marcus\/"}]}},"_links":{"self":[{"href":"https:\/\/www.vaillant.de\/21-grad\/wp-json\/wp\/v2\/posts\/2154","targetHints":{"allow":["GET"]}}],"collection":[{"href":"https:\/\/www.vaillant.de\/21-grad\/wp-json\/wp\/v2\/posts"}],"about":[{"href":"https:\/\/www.vaillant.de\/21-grad\/wp-json\/wp\/v2\/types\/post"}],"author":[{"embeddable":true,"href":"https:\/\/www.vaillant.de\/21-grad\/wp-json\/wp\/v2\/users\/6"}],"replies":[{"embeddable":true,"href":"https:\/\/www.vaillant.de\/21-grad\/wp-json\/wp\/v2\/comments?post=2154"}],"version-history":[{"count":16,"href":"https:\/\/www.vaillant.de\/21-grad\/wp-json\/wp\/v2\/posts\/2154\/revisions"}],"predecessor-version":[{"id":5999,"href":"https:\/\/www.vaillant.de\/21-grad\/wp-json\/wp\/v2\/posts\/2154\/revisions\/5999"}],"wp:featuredmedia":[{"embeddable":true,"href":"https:\/\/www.vaillant.de\/21-grad\/wp-json\/wp\/v2\/media\/2166"}],"wp:attachment":[{"href":"https:\/\/www.vaillant.de\/21-grad\/wp-json\/wp\/v2\/media?parent=2154"}],"wp:term":[{"taxonomy":"category","embeddable":true,"href":"https:\/\/www.vaillant.de\/21-grad\/wp-json\/wp\/v2\/categories?post=2154"},{"taxonomy":"post_tag","embeddable":true,"href":"https:\/\/www.vaillant.de\/21-grad\/wp-json\/wp\/v2\/tags?post=2154"},{"taxonomy":"author","embeddable":true,"href":"https:\/\/www.vaillant.de\/21-grad\/wp-json\/wp\/v2\/coauthors?post=2154"}],"curies":[{"name":"wp","href":"https:\/\/api.w.org\/{rel}","templated":true}]}}