{"id":2190,"date":"2017-02-23T14:48:22","date_gmt":"2017-02-23T13:48:22","guid":{"rendered":"https:\/\/21-grad.vaillant.de\/?p=2190"},"modified":"2019-04-30T13:41:43","modified_gmt":"2019-04-30T11:41:43","slug":"ein-tag-im-intelligenten-haus-der-zukunft","status":"publish","type":"post","link":"https:\/\/www.vaillant.de\/21-grad\/technik-und-trends\/ein-tag-im-intelligenten-haus-der-zukunft\/","title":{"rendered":"Ein Tag im intelligenten Haus der Zukunft"},"content":{"rendered":"<a href=\"https:\/\/www.vaillant.de\/21-grad\/wp-content\/uploads\/2017\/02\/Infografik-Smart-H.jpg\"><img loading=\"lazy\" decoding=\"async\" class=\"alignright wp-image-2194 size-full\" src=\"https:\/\/www.vaillant.de\/21-grad\/wp-content\/uploads\/2017\/02\/Infografik-Smart-H.jpg\" alt=\"Intelligentes Haus\" width=\"800\" height=\"2400\" srcset=\"https:\/\/www.vaillant.de\/21-grad\/wp-content\/uploads\/2017\/02\/Infografik-Smart-H.jpg 800w, https:\/\/www.vaillant.de\/21-grad\/wp-content\/uploads\/2017\/02\/Infografik-Smart-H-77x232.jpg 77w, https:\/\/www.vaillant.de\/21-grad\/wp-content\/uploads\/2017\/02\/Infografik-Smart-H-768x2304.jpg 768w, https:\/\/www.vaillant.de\/21-grad\/wp-content\/uploads\/2017\/02\/Infografik-Smart-H-160x480.jpg 160w\" sizes=\"auto, (max-width: 800px) 100vw, 800px\" \/><\/a>\n<p><a href=\"https:\/\/www.vaillant.de\/21-grad\/wp-content\/uploads\/2017\/02\/LAY-Vaillant-Infografik-Smart-Home-940-x-2850-Px-20161219.pdf\" target=\"_blank\" rel=\"noopener noreferrer\">Download Infografik &#8222;Ein Tag im intelligenten Haus der Zukunft&#8220;<\/a><\/p>\n","protected":false},"excerpt":{"rendered":"<p>Stellt Euch vor, Ihr werdet morgens von der Sonne geweckt, die Wohnung ist schon sch\u00f6n warm und der Kaffee bereits fertig. So sieht er aus \u2013 der Start in den Tag im intelligenten Haus der Zukunft. Wie komfortabel Wohnen au\u00dferdem wird, zeigt Euch unsere Infografik.<\/p>\n","protected":false},"author":6,"featured_media":2192,"comment_status":"open","ping_status":"open","sticky":false,"template":"","format":"standard","meta":{"footnotes":""},"categories":[4,183],"tags":[172,167,166],"coauthors":[70],"class_list":["post-2190","post","type-post","status-publish","format-standard","has-post-thumbnail","hentry","category-technik-und-trends","category-partner-beitraege","tag-bauen-und-wohnen","tag-digitale-trends","tag-heiztechnik"],"yoast_head":"<!-- This site is optimized with the Yoast SEO plugin v27.4 - https:\/\/yoast.com\/product\/yoast-seo-wordpress\/ -->\n<title>Infografik: Das intelligente Haus der Zukunft | 21 grad<\/title>\n<meta name=\"description\" content=\"Wie k\u00f6nnte ein Tag in einem smarten Haus in der Zukunft aussehen? Unsere Infografik zeigt, wie H\u00e4user unser Leben komfortabler machen k\u00f6nnten.\" \/>\n<meta name=\"robots\" content=\"index, follow, max-snippet:-1, max-image-preview:large, max-video-preview:-1\" \/>\n<link rel=\"canonical\" href=\"https:\/\/www.vaillant.de\/21-grad\/technik-und-trends\/ein-tag-im-intelligenten-haus-der-zukunft\/\" \/>\n<meta property=\"og:locale\" content=\"de_DE\" \/>\n<meta property=\"og:type\" content=\"article\" \/>\n<meta property=\"og:title\" content=\"Infografik: Das intelligente Haus der Zukunft | 21 grad\" \/>\n<meta property=\"og:description\" content=\"Wie k\u00f6nnte ein Tag in einem smarten Haus in der Zukunft aussehen? Unsere Infografik zeigt, wie H\u00e4user unser Leben komfortabler machen k\u00f6nnten.\" \/>\n<meta property=\"og:url\" content=\"https:\/\/www.vaillant.de\/21-grad\/technik-und-trends\/ein-tag-im-intelligenten-haus-der-zukunft\/\" \/>\n<meta property=\"og:site_name\" content=\"21 grad\" \/>\n<meta property=\"article:publisher\" content=\"https:\/\/www.facebook.com\/21grad\/\" \/>\n<meta property=\"article:published_time\" content=\"2017-02-23T13:48:22+00:00\" \/>\n<meta property=\"article:modified_time\" content=\"2019-04-30T11:41:43+00:00\" \/>\n<meta property=\"og:image\" content=\"https:\/\/www.vaillant.de\/21-grad\/wp-content\/uploads\/2017\/02\/Ein-Tag-im-intelligenten-Haus-der-Zukunft.png\" \/>\n\t<meta property=\"og:image:width\" content=\"940\" \/>\n\t<meta property=\"og:image:height\" content=\"480\" \/>\n\t<meta property=\"og:image:type\" content=\"image\/png\" \/>\n<meta name=\"author\" content=\"Marcus\" \/>\n<meta name=\"twitter:card\" content=\"summary_large_image\" \/>\n<meta name=\"twitter:creator\" content=\"@vaillant_de\" \/>\n<meta name=\"twitter:site\" content=\"@vaillant_de\" \/>\n<meta name=\"twitter:label1\" content=\"Verfasst von\" \/>\n\t<meta name=\"twitter:data1\" content=\"Marcus\" \/>\n\t<meta name=\"twitter:label2\" content=\"Written by\" \/>\n\t<meta name=\"twitter:data2\" content=\"Marcus\" \/>\n<script type=\"application\/ld+json\" class=\"yoast-schema-graph\">{\"@context\":\"https:\\\/\\\/schema.org\",\"@graph\":[{\"@type\":\"Article\",\"@id\":\"https:\\\/\\\/www.vaillant.de\\\/21-grad\\\/technik-und-trends\\\/ein-tag-im-intelligenten-haus-der-zukunft\\\/#article\",\"isPartOf\":{\"@id\":\"https:\\\/\\\/www.vaillant.de\\\/21-grad\\\/technik-und-trends\\\/ein-tag-im-intelligenten-haus-der-zukunft\\\/\"},\"author\":{\"name\":\"Marcus\",\"@id\":\"https:\\\/\\\/www.vaillant.de\\\/21-grad\\\/#\\\/schema\\\/person\\\/d79d2ba98cd3da7ae5877706050352da\"},\"headline\":\"Ein Tag im intelligenten Haus der Zukunft\",\"datePublished\":\"2017-02-23T13:48:22+00:00\",\"dateModified\":\"2019-04-30T11:41:43+00:00\",\"mainEntityOfPage\":{\"@id\":\"https:\\\/\\\/www.vaillant.de\\\/21-grad\\\/technik-und-trends\\\/ein-tag-im-intelligenten-haus-der-zukunft\\\/\"},\"wordCount\":16,\"commentCount\":1,\"image\":{\"@id\":\"https:\\\/\\\/www.vaillant.de\\\/21-grad\\\/technik-und-trends\\\/ein-tag-im-intelligenten-haus-der-zukunft\\\/#primaryimage\"},\"thumbnailUrl\":\"https:\\\/\\\/www.vaillant.de\\\/21-grad\\\/wp-content\\\/uploads\\\/2017\\\/02\\\/Ein-Tag-im-intelligenten-Haus-der-Zukunft.png\",\"keywords\":[\"Bauen und Wohnen\",\"digitale Trends\",\"Heiztechnik\"],\"articleSection\":[\"Technik &amp; Trends\",\"X-Partner-Beitr\u00e4ge\"],\"inLanguage\":\"de\",\"potentialAction\":[{\"@type\":\"CommentAction\",\"name\":\"Comment\",\"target\":[\"https:\\\/\\\/www.vaillant.de\\\/21-grad\\\/technik-und-trends\\\/ein-tag-im-intelligenten-haus-der-zukunft\\\/#respond\"]}]},{\"@type\":\"WebPage\",\"@id\":\"https:\\\/\\\/www.vaillant.de\\\/21-grad\\\/technik-und-trends\\\/ein-tag-im-intelligenten-haus-der-zukunft\\\/\",\"url\":\"https:\\\/\\\/www.vaillant.de\\\/21-grad\\\/technik-und-trends\\\/ein-tag-im-intelligenten-haus-der-zukunft\\\/\",\"name\":\"Infografik: Das intelligente Haus der Zukunft | 21 grad\",\"isPartOf\":{\"@id\":\"https:\\\/\\\/www.vaillant.de\\\/21-grad\\\/#website\"},\"primaryImageOfPage\":{\"@id\":\"https:\\\/\\\/www.vaillant.de\\\/21-grad\\\/technik-und-trends\\\/ein-tag-im-intelligenten-haus-der-zukunft\\\/#primaryimage\"},\"image\":{\"@id\":\"https:\\\/\\\/www.vaillant.de\\\/21-grad\\\/technik-und-trends\\\/ein-tag-im-intelligenten-haus-der-zukunft\\\/#primaryimage\"},\"thumbnailUrl\":\"https:\\\/\\\/www.vaillant.de\\\/21-grad\\\/wp-content\\\/uploads\\\/2017\\\/02\\\/Ein-Tag-im-intelligenten-Haus-der-Zukunft.png\",\"datePublished\":\"2017-02-23T13:48:22+00:00\",\"dateModified\":\"2019-04-30T11:41:43+00:00\",\"author\":{\"@id\":\"https:\\\/\\\/www.vaillant.de\\\/21-grad\\\/#\\\/schema\\\/person\\\/d79d2ba98cd3da7ae5877706050352da\"},\"description\":\"Wie k\u00f6nnte ein Tag in einem smarten Haus in der Zukunft aussehen? Unsere Infografik zeigt, wie H\u00e4user unser Leben komfortabler machen k\u00f6nnten.\",\"breadcrumb\":{\"@id\":\"https:\\\/\\\/www.vaillant.de\\\/21-grad\\\/technik-und-trends\\\/ein-tag-im-intelligenten-haus-der-zukunft\\\/#breadcrumb\"},\"inLanguage\":\"de\",\"potentialAction\":[{\"@type\":\"ReadAction\",\"target\":[\"https:\\\/\\\/www.vaillant.de\\\/21-grad\\\/technik-und-trends\\\/ein-tag-im-intelligenten-haus-der-zukunft\\\/\"]}]},{\"@type\":\"ImageObject\",\"inLanguage\":\"de\",\"@id\":\"https:\\\/\\\/www.vaillant.de\\\/21-grad\\\/technik-und-trends\\\/ein-tag-im-intelligenten-haus-der-zukunft\\\/#primaryimage\",\"url\":\"https:\\\/\\\/www.vaillant.de\\\/21-grad\\\/wp-content\\\/uploads\\\/2017\\\/02\\\/Ein-Tag-im-intelligenten-Haus-der-Zukunft.png\",\"contentUrl\":\"https:\\\/\\\/www.vaillant.de\\\/21-grad\\\/wp-content\\\/uploads\\\/2017\\\/02\\\/Ein-Tag-im-intelligenten-Haus-der-Zukunft.png\",\"width\":940,\"height\":480,\"caption\":\"Ein Tag im intelligenten Haus der Zukunft\"},{\"@type\":\"BreadcrumbList\",\"@id\":\"https:\\\/\\\/www.vaillant.de\\\/21-grad\\\/technik-und-trends\\\/ein-tag-im-intelligenten-haus-der-zukunft\\\/#breadcrumb\",\"itemListElement\":[{\"@type\":\"ListItem\",\"position\":1,\"name\":\"Startseite\",\"item\":\"https:\\\/\\\/www.vaillant.de\\\/21-grad\\\/\"},{\"@type\":\"ListItem\",\"position\":2,\"name\":\"Ein Tag im intelligenten Haus der Zukunft\"}]},{\"@type\":\"WebSite\",\"@id\":\"https:\\\/\\\/www.vaillant.de\\\/21-grad\\\/#website\",\"url\":\"https:\\\/\\\/www.vaillant.de\\\/21-grad\\\/\",\"name\":\"21 grad\",\"description\":\"Der Blog f\u00fcr Menschen, die weiterdenken\",\"potentialAction\":[{\"@type\":\"SearchAction\",\"target\":{\"@type\":\"EntryPoint\",\"urlTemplate\":\"https:\\\/\\\/www.vaillant.de\\\/21-grad\\\/?s={search_term_string}\"},\"query-input\":{\"@type\":\"PropertyValueSpecification\",\"valueRequired\":true,\"valueName\":\"search_term_string\"}}],\"inLanguage\":\"de\"},{\"@type\":\"Person\",\"@id\":\"https:\\\/\\\/www.vaillant.de\\\/21-grad\\\/#\\\/schema\\\/person\\\/d79d2ba98cd3da7ae5877706050352da\",\"name\":\"Marcus\",\"image\":{\"@type\":\"ImageObject\",\"inLanguage\":\"de\",\"@id\":\"https:\\\/\\\/www.vaillant.de\\\/21-grad\\\/wp-content\\\/uploads\\\/2026\\\/01\\\/Marcus-125x125.jpg9d3430f1bc55d5a5d47a1162a14ae1af\",\"url\":\"https:\\\/\\\/www.vaillant.de\\\/21-grad\\\/wp-content\\\/uploads\\\/2026\\\/01\\\/Marcus-125x125.jpg\",\"contentUrl\":\"https:\\\/\\\/www.vaillant.de\\\/21-grad\\\/wp-content\\\/uploads\\\/2026\\\/01\\\/Marcus-125x125.jpg\",\"caption\":\"Marcus\"},\"description\":\"Willkommen in der wunderbaren Welt des 21grad Blogs. Als Medien- und Kooperationsmanager bin ich bei Vaillant Deutschland u.a. f\u00fcr unsere Fach- und Branchenkommunikation zust\u00e4ndig. Ich freue mich auf den Dialog mit Euch. :-) Nachhaltigkeit Bewusster Konsum und soziales Engagement liegen mir sehr am Herzen. Zuhause nutze ich \u00d6kostrom und Biogas, bei Lebensmitteln sind mir Labels wie Fair-Trade oder Bio sehr wichtig. Ich bin Sportwart beim Tennisclub Gr\u00fcn-Wei\u00df Lennep und engagiere mich auch f\u00fcr Aktion Mensch oder SOS-Kinderdorf. Interessen Unternehmungen mit Familie und Freunden, Tennis, Rock-Konzerte, Kino, B\u00fccher (z.B. Hornby, Eschbach, Uschmann) Was wolltest du als Kind gerne werden? Um es mit den \u00c4rzten zu sagen: Popstar, Bademeister oder Astronaut Was bringt dich auf die Palme? Menschen, die Schuld immer bei anderen suchen oder auch nat\u00fcrlich eine leckere Kokosnuss Was war der beste Rat, den du jemals erhalten hast? \u201eDenke in L\u00f6sungen, nicht in Problemen.\u201c\",\"url\":\"https:\\\/\\\/www.vaillant.de\\\/21-grad\\\/autor\\\/marcus\\\/\"}]}<\/script>\n<!-- \/ Yoast SEO plugin. -->","yoast_head_json":{"title":"Infografik: Das intelligente Haus der Zukunft | 21 grad","description":"Wie k\u00f6nnte ein Tag in einem smarten Haus in der Zukunft aussehen? Unsere Infografik zeigt, wie H\u00e4user unser Leben komfortabler machen k\u00f6nnten.","robots":{"index":"index","follow":"follow","max-snippet":"max-snippet:-1","max-image-preview":"max-image-preview:large","max-video-preview":"max-video-preview:-1"},"canonical":"https:\/\/www.vaillant.de\/21-grad\/technik-und-trends\/ein-tag-im-intelligenten-haus-der-zukunft\/","og_locale":"de_DE","og_type":"article","og_title":"Infografik: Das intelligente Haus der Zukunft | 21 grad","og_description":"Wie k\u00f6nnte ein Tag in einem smarten Haus in der Zukunft aussehen? Unsere Infografik zeigt, wie H\u00e4user unser Leben komfortabler machen k\u00f6nnten.","og_url":"https:\/\/www.vaillant.de\/21-grad\/technik-und-trends\/ein-tag-im-intelligenten-haus-der-zukunft\/","og_site_name":"21 grad","article_publisher":"https:\/\/www.facebook.com\/21grad\/","article_published_time":"2017-02-23T13:48:22+00:00","article_modified_time":"2019-04-30T11:41:43+00:00","og_image":[{"width":940,"height":480,"url":"https:\/\/www.vaillant.de\/21-grad\/wp-content\/uploads\/2017\/02\/Ein-Tag-im-intelligenten-Haus-der-Zukunft.png","type":"image\/png"}],"author":"Marcus","twitter_card":"summary_large_image","twitter_creator":"@vaillant_de","twitter_site":"@vaillant_de","twitter_misc":{"Verfasst von":"Marcus","Written by":"Marcus"},"schema":{"@context":"https:\/\/schema.org","@graph":[{"@type":"Article","@id":"https:\/\/www.vaillant.de\/21-grad\/technik-und-trends\/ein-tag-im-intelligenten-haus-der-zukunft\/#article","isPartOf":{"@id":"https:\/\/www.vaillant.de\/21-grad\/technik-und-trends\/ein-tag-im-intelligenten-haus-der-zukunft\/"},"author":{"name":"Marcus","@id":"https:\/\/www.vaillant.de\/21-grad\/#\/schema\/person\/d79d2ba98cd3da7ae5877706050352da"},"headline":"Ein Tag im intelligenten Haus der Zukunft","datePublished":"2017-02-23T13:48:22+00:00","dateModified":"2019-04-30T11:41:43+00:00","mainEntityOfPage":{"@id":"https:\/\/www.vaillant.de\/21-grad\/technik-und-trends\/ein-tag-im-intelligenten-haus-der-zukunft\/"},"wordCount":16,"commentCount":1,"image":{"@id":"https:\/\/www.vaillant.de\/21-grad\/technik-und-trends\/ein-tag-im-intelligenten-haus-der-zukunft\/#primaryimage"},"thumbnailUrl":"https:\/\/www.vaillant.de\/21-grad\/wp-content\/uploads\/2017\/02\/Ein-Tag-im-intelligenten-Haus-der-Zukunft.png","keywords":["Bauen und Wohnen","digitale Trends","Heiztechnik"],"articleSection":["Technik &amp; Trends","X-Partner-Beitr\u00e4ge"],"inLanguage":"de","potentialAction":[{"@type":"CommentAction","name":"Comment","target":["https:\/\/www.vaillant.de\/21-grad\/technik-und-trends\/ein-tag-im-intelligenten-haus-der-zukunft\/#respond"]}]},{"@type":"WebPage","@id":"https:\/\/www.vaillant.de\/21-grad\/technik-und-trends\/ein-tag-im-intelligenten-haus-der-zukunft\/","url":"https:\/\/www.vaillant.de\/21-grad\/technik-und-trends\/ein-tag-im-intelligenten-haus-der-zukunft\/","name":"Infografik: Das intelligente Haus der Zukunft | 21 grad","isPartOf":{"@id":"https:\/\/www.vaillant.de\/21-grad\/#website"},"primaryImageOfPage":{"@id":"https:\/\/www.vaillant.de\/21-grad\/technik-und-trends\/ein-tag-im-intelligenten-haus-der-zukunft\/#primaryimage"},"image":{"@id":"https:\/\/www.vaillant.de\/21-grad\/technik-und-trends\/ein-tag-im-intelligenten-haus-der-zukunft\/#primaryimage"},"thumbnailUrl":"https:\/\/www.vaillant.de\/21-grad\/wp-content\/uploads\/2017\/02\/Ein-Tag-im-intelligenten-Haus-der-Zukunft.png","datePublished":"2017-02-23T13:48:22+00:00","dateModified":"2019-04-30T11:41:43+00:00","author":{"@id":"https:\/\/www.vaillant.de\/21-grad\/#\/schema\/person\/d79d2ba98cd3da7ae5877706050352da"},"description":"Wie k\u00f6nnte ein Tag in einem smarten Haus in der Zukunft aussehen? Unsere Infografik zeigt, wie H\u00e4user unser Leben komfortabler machen k\u00f6nnten.","breadcrumb":{"@id":"https:\/\/www.vaillant.de\/21-grad\/technik-und-trends\/ein-tag-im-intelligenten-haus-der-zukunft\/#breadcrumb"},"inLanguage":"de","potentialAction":[{"@type":"ReadAction","target":["https:\/\/www.vaillant.de\/21-grad\/technik-und-trends\/ein-tag-im-intelligenten-haus-der-zukunft\/"]}]},{"@type":"ImageObject","inLanguage":"de","@id":"https:\/\/www.vaillant.de\/21-grad\/technik-und-trends\/ein-tag-im-intelligenten-haus-der-zukunft\/#primaryimage","url":"https:\/\/www.vaillant.de\/21-grad\/wp-content\/uploads\/2017\/02\/Ein-Tag-im-intelligenten-Haus-der-Zukunft.png","contentUrl":"https:\/\/www.vaillant.de\/21-grad\/wp-content\/uploads\/2017\/02\/Ein-Tag-im-intelligenten-Haus-der-Zukunft.png","width":940,"height":480,"caption":"Ein Tag im intelligenten Haus der Zukunft"},{"@type":"BreadcrumbList","@id":"https:\/\/www.vaillant.de\/21-grad\/technik-und-trends\/ein-tag-im-intelligenten-haus-der-zukunft\/#breadcrumb","itemListElement":[{"@type":"ListItem","position":1,"name":"Startseite","item":"https:\/\/www.vaillant.de\/21-grad\/"},{"@type":"ListItem","position":2,"name":"Ein Tag im intelligenten Haus der Zukunft"}]},{"@type":"WebSite","@id":"https:\/\/www.vaillant.de\/21-grad\/#website","url":"https:\/\/www.vaillant.de\/21-grad\/","name":"21 grad","description":"Der Blog f\u00fcr Menschen, die weiterdenken","potentialAction":[{"@type":"SearchAction","target":{"@type":"EntryPoint","urlTemplate":"https:\/\/www.vaillant.de\/21-grad\/?s={search_term_string}"},"query-input":{"@type":"PropertyValueSpecification","valueRequired":true,"valueName":"search_term_string"}}],"inLanguage":"de"},{"@type":"Person","@id":"https:\/\/www.vaillant.de\/21-grad\/#\/schema\/person\/d79d2ba98cd3da7ae5877706050352da","name":"Marcus","image":{"@type":"ImageObject","inLanguage":"de","@id":"https:\/\/www.vaillant.de\/21-grad\/wp-content\/uploads\/2026\/01\/Marcus-125x125.jpg9d3430f1bc55d5a5d47a1162a14ae1af","url":"https:\/\/www.vaillant.de\/21-grad\/wp-content\/uploads\/2026\/01\/Marcus-125x125.jpg","contentUrl":"https:\/\/www.vaillant.de\/21-grad\/wp-content\/uploads\/2026\/01\/Marcus-125x125.jpg","caption":"Marcus"},"description":"Willkommen in der wunderbaren Welt des 21grad Blogs. Als Medien- und Kooperationsmanager bin ich bei Vaillant Deutschland u.a. f\u00fcr unsere Fach- und Branchenkommunikation zust\u00e4ndig. Ich freue mich auf den Dialog mit Euch. :-) Nachhaltigkeit Bewusster Konsum und soziales Engagement liegen mir sehr am Herzen. Zuhause nutze ich \u00d6kostrom und Biogas, bei Lebensmitteln sind mir Labels wie Fair-Trade oder Bio sehr wichtig. Ich bin Sportwart beim Tennisclub Gr\u00fcn-Wei\u00df Lennep und engagiere mich auch f\u00fcr Aktion Mensch oder SOS-Kinderdorf. Interessen Unternehmungen mit Familie und Freunden, Tennis, Rock-Konzerte, Kino, B\u00fccher (z.B. Hornby, Eschbach, Uschmann) Was wolltest du als Kind gerne werden? Um es mit den \u00c4rzten zu sagen: Popstar, Bademeister oder Astronaut Was bringt dich auf die Palme? Menschen, die Schuld immer bei anderen suchen oder auch nat\u00fcrlich eine leckere Kokosnuss Was war der beste Rat, den du jemals erhalten hast? \u201eDenke in L\u00f6sungen, nicht in Problemen.\u201c","url":"https:\/\/www.vaillant.de\/21-grad\/autor\/marcus\/"}]}},"_links":{"self":[{"href":"https:\/\/www.vaillant.de\/21-grad\/wp-json\/wp\/v2\/posts\/2190","targetHints":{"allow":["GET"]}}],"collection":[{"href":"https:\/\/www.vaillant.de\/21-grad\/wp-json\/wp\/v2\/posts"}],"about":[{"href":"https:\/\/www.vaillant.de\/21-grad\/wp-json\/wp\/v2\/types\/post"}],"author":[{"embeddable":true,"href":"https:\/\/www.vaillant.de\/21-grad\/wp-json\/wp\/v2\/users\/6"}],"replies":[{"embeddable":true,"href":"https:\/\/www.vaillant.de\/21-grad\/wp-json\/wp\/v2\/comments?post=2190"}],"version-history":[{"count":8,"href":"https:\/\/www.vaillant.de\/21-grad\/wp-json\/wp\/v2\/posts\/2190\/revisions"}],"predecessor-version":[{"id":4358,"href":"https:\/\/www.vaillant.de\/21-grad\/wp-json\/wp\/v2\/posts\/2190\/revisions\/4358"}],"wp:featuredmedia":[{"embeddable":true,"href":"https:\/\/www.vaillant.de\/21-grad\/wp-json\/wp\/v2\/media\/2192"}],"wp:attachment":[{"href":"https:\/\/www.vaillant.de\/21-grad\/wp-json\/wp\/v2\/media?parent=2190"}],"wp:term":[{"taxonomy":"category","embeddable":true,"href":"https:\/\/www.vaillant.de\/21-grad\/wp-json\/wp\/v2\/categories?post=2190"},{"taxonomy":"post_tag","embeddable":true,"href":"https:\/\/www.vaillant.de\/21-grad\/wp-json\/wp\/v2\/tags?post=2190"},{"taxonomy":"author","embeddable":true,"href":"https:\/\/www.vaillant.de\/21-grad\/wp-json\/wp\/v2\/coauthors?post=2190"}],"curies":[{"name":"wp","href":"https:\/\/api.w.org\/{rel}","templated":true}]}}