{"id":2333,"date":"2017-03-29T14:15:22","date_gmt":"2017-03-29T12:15:22","guid":{"rendered":"https:\/\/21-grad.vaillant.de\/?p=2333"},"modified":"2026-01-28T09:53:59","modified_gmt":"2026-01-28T08:53:59","slug":"schimmel-vermeiden","status":"publish","type":"post","link":"https:\/\/www.vaillant.de\/21-grad\/rat-und-tat\/schimmel-vermeiden\/","title":{"rendered":"Schimmel vermeiden \u2013 so verhindert ihr Schimmel in Haus &#038; Wohnung (Artikel 4\/5)"},"content":{"rendered":"<p>Wer heute nach dem Stand der Technik baut oder saniert, arbeitet schon durch die Auflagen daran, Schimmel zu verhindern: Sowohl Mindestw\u00e4rmeschutz (DIN 4108-2:2001-03), Schutz vor Schlagregen (DIN 4108-3), die Abdichtung gegen\u00fcber aufsteigender Bodenfeuchte (DIN 18195) als auch regelgerechte Dachkonstruktionen und wasserdichte Installationen tragen dazu bei, Schimmelbildung durch Feuchtesch\u00e4den zu vermeiden. Entscheidend ist vor allem die dichte Ausf\u00fchrung und fachgerechte D\u00e4mmung von Au\u00dfenw\u00e4nden, Decken und Dach, um \u00fcberm\u00e4\u00dfige Kondensationsfeuchte zu verhindern. Denn Schimmel ben\u00f6tigt Wasser wie wir die Luft zum Atmen. Dass ein restbaufeuchter Neubau ebenso wie ein frisch saniertes Bestandsgeb\u00e4ude nach Abschluss der Arbeiten verst\u00e4rkt gel\u00fcftet und ausgetrocknet werden muss, versteht sich von selbst.<\/p>\n<h2><strong>Schimmel vermeiden \u2013 nutzerunabh\u00e4ngige Be- und Entl\u00fcftung ist das A und O<\/strong><\/h2>\n<p style=\"margin: 0cm 0cm 18.0pt 0cm;\">Die DIN 1946-6 (L\u00fcftung von Wohnungen) zeigt L\u00f6sungsm\u00f6glichkeiten, wie man anhand eines L\u00fcftungskonzepts einen ausreichenden Luftwechsel in Wohnungen gew\u00e4hrleistet. Die einfachste M\u00f6glichkeit besteht nat\u00fcrlich darin, regelm\u00e4\u00dfig und richtig zu l\u00fcften, um Schimmel zu verhindern. Wie ihr eure vier W\u00e4nde richtig l\u00fcftet, k\u00f6nnt ihr in unserem Ratgeber \u201eRichtig L\u00fcften\u201c nachlesen.<\/p>\n<p>Gerade in den K\u00fcchen und B\u00e4dern von Geb\u00e4uden mit luftdichter H\u00fclle, also gut ged\u00e4mmten Geb\u00e4uden, ist es allerdings kaum machbar, die Luftfeuchte durch regelm\u00e4\u00dfiges \u00d6ffnen der Fenster auf das gew\u00fcnschte Ma\u00df zu reduzieren. Hier kann ein zentrales Zu- und Abluftsystem mit W\u00e4rmer\u00fcckgewinnung wie\u00a0<a href=\"https:\/\/www.vaillant.de\/heizung\/produkte\/produktgruppen\/lueftung\/\">Vaillant recoVAIR<\/a>\u00a0Abhilfe schaffen. Ein solches Wandger\u00e4t sorgt in Einfamilienh\u00e4usern rund um die Uhr f\u00fcr frische, gesunde Luft. Dabei nutzt es die Abw\u00e4rme der Raumluft, um die von au\u00dfen einstr\u00f6mende k\u00fchlere Luft aufzuw\u00e4rmen. Ein Pollenfilter l\u00e4sst Staub und Pollen zur Freude von Allergikern erst gar nicht ins Haus. Dank eines integrierten Luftfeuchtigkeitssensors m\u00fcssen die Fenster gar nicht mehr ge\u00f6ffnet werden, um die Feuchtigkeit aus den R\u00e4umen zu bekommen. Das spart nicht nur im Winter zus\u00e4tzlich Heizkosten, sondern hilft vor allem dabei, die Schimmelbildung zu verhindern. Allerdings solltet Ihr darauf achten, dass eine zentrale\u00a0<a href=\"https:\/\/www.vaillant.de\/heizung\/produkte\/produktgruppen\/lueftung\/\">L\u00fcftungsanlage\u00a0<\/a>\u2013 wie eine Heizung auch \u2013 regelm\u00e4\u00dfig gewartet wird.<\/p>\n<h2 style=\"margin: 0cm 0cm 18.0pt 0cm;\"><strong>Schimmel verhindern\u00a0im unsanierten Geb\u00e4ude \u2013 hier hei\u00dft es richtig L\u00fcften und Heizen<\/strong><\/h2>\n<p>Aber wie hei\u00dft es so sch\u00f6n: Gefahr erkannt, Gefahr gebannt. Schimmel vermeiden ist m\u00f6glich \u2013 durch fachgerechtes Bauen und Sanieren sowie durch Installation eines L\u00fcftungsger\u00e4tes. Wer ein \u00e4lteres Geb\u00e4ude mit weniger luftdichter H\u00fclle bewohnt, muss \u2013 um Schimmel zu vermeiden \u2013 richtig L\u00fcften und Heizen. Wie das funktioniert, erfahrt Ihr in K\u00fcrze in unserem Blogartikel zum Thema \u201eRichtig L\u00fcften\u201c.<\/p>\n","protected":false},"excerpt":{"rendered":"<p>Wer Schimmel vermeiden m\u00f6chte, legt schon beim Bauen und Sanieren seiner vier W\u00e4nde den Grundstein daf\u00fcr. Wie genau ihr Schimmel verhindern k\u00f6nnt,das funktioniert, erfahrt Ihr im letzten Teil unserer Reihe \u00fcber die Ursachen, Auswirkungen und Vermeidung von Schimmel.<\/p>\n","protected":false},"author":27,"featured_media":2334,"comment_status":"open","ping_status":"open","sticky":false,"template":"","format":"standard","meta":{"footnotes":""},"categories":[2],"tags":[172,151,166],"coauthors":[254],"class_list":["post-2333","post","type-post","status-publish","format-standard","has-post-thumbnail","hentry","category-rat-und-tat","tag-bauen-und-wohnen","tag-gesundheit","tag-heiztechnik"],"yoast_head":"<!-- This site is optimized with the Yoast SEO plugin v27.4 - https:\/\/yoast.com\/product\/yoast-seo-wordpress\/ -->\n<title>Schimmel vermeiden! So verhindert ihr Schimmelbildung | 21 grad<\/title>\n<meta name=\"description\" content=\"Wie vermeidet man Schimmel? \u2713 Wohnung \u2713 Geb\u00e4ude \u2713 W\u00e4nde \u2713 M\u00f6bel \u27a8 Hier erfahrt ihr, wie ihr Schimmelsch\u00e4den verhindert!\" \/>\n<meta name=\"robots\" content=\"index, follow, max-snippet:-1, max-image-preview:large, max-video-preview:-1\" \/>\n<link rel=\"canonical\" href=\"https:\/\/www.vaillant.de\/21-grad\/rat-und-tat\/schimmel-vermeiden\/\" \/>\n<meta property=\"og:locale\" content=\"de_DE\" \/>\n<meta property=\"og:type\" content=\"article\" \/>\n<meta property=\"og:title\" content=\"Schimmel vermeiden! So verhindert ihr Schimmelbildung | 21 grad\" \/>\n<meta property=\"og:description\" content=\"Wie vermeidet man Schimmel? \u2713 Wohnung \u2713 Geb\u00e4ude \u2713 W\u00e4nde \u2713 M\u00f6bel \u27a8 Hier erfahrt ihr, wie ihr Schimmelsch\u00e4den verhindert!\" \/>\n<meta property=\"og:url\" content=\"https:\/\/www.vaillant.de\/21-grad\/rat-und-tat\/schimmel-vermeiden\/\" \/>\n<meta property=\"og:site_name\" content=\"21 grad\" \/>\n<meta property=\"article:publisher\" content=\"https:\/\/www.facebook.com\/21grad\/\" \/>\n<meta property=\"article:published_time\" content=\"2017-03-29T12:15:22+00:00\" \/>\n<meta property=\"article:modified_time\" content=\"2026-01-28T08:53:59+00:00\" \/>\n<meta property=\"og:image\" content=\"https:\/\/www.vaillant.de\/21-grad\/wp-content\/uploads\/2017\/03\/Schimmel-vermeiden.jpg\" \/>\n\t<meta property=\"og:image:width\" content=\"940\" \/>\n\t<meta property=\"og:image:height\" content=\"480\" \/>\n\t<meta property=\"og:image:type\" content=\"image\/jpeg\" \/>\n<meta name=\"author\" content=\"Jonas\" \/>\n<meta name=\"twitter:card\" content=\"summary_large_image\" \/>\n<meta name=\"twitter:creator\" content=\"@vaillant_de\" \/>\n<meta name=\"twitter:site\" content=\"@vaillant_de\" \/>\n<meta name=\"twitter:label1\" content=\"Verfasst von\" \/>\n\t<meta name=\"twitter:data1\" content=\"Jonas\" \/>\n\t<meta name=\"twitter:label2\" content=\"Gesch\u00e4tzte Lesezeit\" \/>\n\t<meta name=\"twitter:data2\" content=\"2\u00a0Minuten\" \/>\n\t<meta name=\"twitter:label3\" content=\"Written by\" \/>\n\t<meta name=\"twitter:data3\" content=\"Jonas\" \/>\n<script type=\"application\/ld+json\" class=\"yoast-schema-graph\">{\"@context\":\"https:\\\/\\\/schema.org\",\"@graph\":[{\"@type\":\"Article\",\"@id\":\"https:\\\/\\\/www.vaillant.de\\\/21-grad\\\/rat-und-tat\\\/schimmel-vermeiden\\\/#article\",\"isPartOf\":{\"@id\":\"https:\\\/\\\/www.vaillant.de\\\/21-grad\\\/rat-und-tat\\\/schimmel-vermeiden\\\/\"},\"author\":{\"name\":\"Jonas\",\"@id\":\"https:\\\/\\\/www.vaillant.de\\\/21-grad\\\/#\\\/schema\\\/person\\\/0688f4a2058918ae82b953244b8160d9\"},\"headline\":\"Schimmel vermeiden \u2013 so verhindert ihr Schimmel in Haus &#038; Wohnung (Artikel 4\\\/5)\",\"datePublished\":\"2017-03-29T12:15:22+00:00\",\"dateModified\":\"2026-01-28T08:53:59+00:00\",\"mainEntityOfPage\":{\"@id\":\"https:\\\/\\\/www.vaillant.de\\\/21-grad\\\/rat-und-tat\\\/schimmel-vermeiden\\\/\"},\"wordCount\":451,\"commentCount\":3,\"image\":{\"@id\":\"https:\\\/\\\/www.vaillant.de\\\/21-grad\\\/rat-und-tat\\\/schimmel-vermeiden\\\/#primaryimage\"},\"thumbnailUrl\":\"https:\\\/\\\/www.vaillant.de\\\/21-grad\\\/wp-content\\\/uploads\\\/2017\\\/03\\\/Schimmel-vermeiden.jpg\",\"keywords\":[\"Bauen und Wohnen\",\"Gesundheit\",\"Heiztechnik\"],\"articleSection\":[\"Rat &amp; Tat\"],\"inLanguage\":\"de\",\"potentialAction\":[{\"@type\":\"CommentAction\",\"name\":\"Comment\",\"target\":[\"https:\\\/\\\/www.vaillant.de\\\/21-grad\\\/rat-und-tat\\\/schimmel-vermeiden\\\/#respond\"]}]},{\"@type\":\"WebPage\",\"@id\":\"https:\\\/\\\/www.vaillant.de\\\/21-grad\\\/rat-und-tat\\\/schimmel-vermeiden\\\/\",\"url\":\"https:\\\/\\\/www.vaillant.de\\\/21-grad\\\/rat-und-tat\\\/schimmel-vermeiden\\\/\",\"name\":\"Schimmel vermeiden! So verhindert ihr Schimmelbildung | 21 grad\",\"isPartOf\":{\"@id\":\"https:\\\/\\\/www.vaillant.de\\\/21-grad\\\/#website\"},\"primaryImageOfPage\":{\"@id\":\"https:\\\/\\\/www.vaillant.de\\\/21-grad\\\/rat-und-tat\\\/schimmel-vermeiden\\\/#primaryimage\"},\"image\":{\"@id\":\"https:\\\/\\\/www.vaillant.de\\\/21-grad\\\/rat-und-tat\\\/schimmel-vermeiden\\\/#primaryimage\"},\"thumbnailUrl\":\"https:\\\/\\\/www.vaillant.de\\\/21-grad\\\/wp-content\\\/uploads\\\/2017\\\/03\\\/Schimmel-vermeiden.jpg\",\"datePublished\":\"2017-03-29T12:15:22+00:00\",\"dateModified\":\"2026-01-28T08:53:59+00:00\",\"author\":{\"@id\":\"https:\\\/\\\/www.vaillant.de\\\/21-grad\\\/#\\\/schema\\\/person\\\/0688f4a2058918ae82b953244b8160d9\"},\"description\":\"Wie vermeidet man Schimmel? \u2713 Wohnung \u2713 Geb\u00e4ude \u2713 W\u00e4nde \u2713 M\u00f6bel \u27a8 Hier erfahrt ihr, wie ihr Schimmelsch\u00e4den verhindert!\",\"breadcrumb\":{\"@id\":\"https:\\\/\\\/www.vaillant.de\\\/21-grad\\\/rat-und-tat\\\/schimmel-vermeiden\\\/#breadcrumb\"},\"inLanguage\":\"de\",\"potentialAction\":[{\"@type\":\"ReadAction\",\"target\":[\"https:\\\/\\\/www.vaillant.de\\\/21-grad\\\/rat-und-tat\\\/schimmel-vermeiden\\\/\"]}]},{\"@type\":\"ImageObject\",\"inLanguage\":\"de\",\"@id\":\"https:\\\/\\\/www.vaillant.de\\\/21-grad\\\/rat-und-tat\\\/schimmel-vermeiden\\\/#primaryimage\",\"url\":\"https:\\\/\\\/www.vaillant.de\\\/21-grad\\\/wp-content\\\/uploads\\\/2017\\\/03\\\/Schimmel-vermeiden.jpg\",\"contentUrl\":\"https:\\\/\\\/www.vaillant.de\\\/21-grad\\\/wp-content\\\/uploads\\\/2017\\\/03\\\/Schimmel-vermeiden.jpg\",\"width\":940,\"height\":480},{\"@type\":\"BreadcrumbList\",\"@id\":\"https:\\\/\\\/www.vaillant.de\\\/21-grad\\\/rat-und-tat\\\/schimmel-vermeiden\\\/#breadcrumb\",\"itemListElement\":[{\"@type\":\"ListItem\",\"position\":1,\"name\":\"Startseite\",\"item\":\"https:\\\/\\\/www.vaillant.de\\\/21-grad\\\/\"},{\"@type\":\"ListItem\",\"position\":2,\"name\":\"Schimmel vermeiden \u2013 so verhindert ihr Schimmel in Haus &#038; Wohnung (Artikel 4\\\/5)\"}]},{\"@type\":\"WebSite\",\"@id\":\"https:\\\/\\\/www.vaillant.de\\\/21-grad\\\/#website\",\"url\":\"https:\\\/\\\/www.vaillant.de\\\/21-grad\\\/\",\"name\":\"21 grad\",\"description\":\"Der Blog f\u00fcr Menschen, die weiterdenken\",\"potentialAction\":[{\"@type\":\"SearchAction\",\"target\":{\"@type\":\"EntryPoint\",\"urlTemplate\":\"https:\\\/\\\/www.vaillant.de\\\/21-grad\\\/?s={search_term_string}\"},\"query-input\":{\"@type\":\"PropertyValueSpecification\",\"valueRequired\":true,\"valueName\":\"search_term_string\"}}],\"inLanguage\":\"de\"},{\"@type\":\"Person\",\"@id\":\"https:\\\/\\\/www.vaillant.de\\\/21-grad\\\/#\\\/schema\\\/person\\\/0688f4a2058918ae82b953244b8160d9\",\"name\":\"Jonas\",\"image\":{\"@type\":\"ImageObject\",\"inLanguage\":\"de\",\"@id\":\"https:\\\/\\\/www.vaillant.de\\\/21-grad\\\/wp-content\\\/uploads\\\/2025\\\/04\\\/Jonas-smal-125x125.jpg09a77e2fccb6ed2f064616ea71935c21\",\"url\":\"https:\\\/\\\/www.vaillant.de\\\/21-grad\\\/wp-content\\\/uploads\\\/2025\\\/04\\\/Jonas-smal-125x125.jpg\",\"contentUrl\":\"https:\\\/\\\/www.vaillant.de\\\/21-grad\\\/wp-content\\\/uploads\\\/2025\\\/04\\\/Jonas-smal-125x125.jpg\",\"caption\":\"Jonas\"},\"description\":\"Bei meiner Arbeit befasse ich mich mit der Identifikation, Analyse und Ansprache von Endverbrauchern. Im Team entwickeln wir Strategien zur Zielgruppensegmentierung, um ma\u00dfgeschneiderte Marketingkampagnen zu erstellen. Interessen In meiner Freizeit ist Sport sehr wichtig. Sei es die eigene k\u00f6rperliche Fitness, Fu\u00dfball oder wenn m\u00f6glich Snowboarden in den Bergen. Wenn du eine Superkraft h\u00e4ttest, welche w\u00e4re das und warum? Ich w\u00fcrde aus zwei Gr\u00fcnden gerne fliegen k\u00f6nnen. Erstens: Ich k\u00f6nnte \u00fcberall schnell hinkommen, ohne unn\u00f6tig im Stau zu stehen. Zweitens: Wenn ich fliege, sehe ich die Welt aus einer anderen Perspektive. Was bringt dich auf die Palme? Mein Hund, wenn er versucht, sein K\u00f6rbchen zu zerst\u00f6ren. Was war der beste Rat, den du jemals erhalten hast? \u201eDer R\u00fcckspiegel im Auto ist kleiner als die Windschutzscheibe, also fokussiere dich auf das, was vor dir ist!\u201c\",\"url\":\"https:\\\/\\\/www.vaillant.de\\\/21-grad\\\/autor\\\/jonas\\\/\"}]}<\/script>\n<!-- \/ Yoast SEO plugin. -->","yoast_head_json":{"title":"Schimmel vermeiden! So verhindert ihr Schimmelbildung | 21 grad","description":"Wie vermeidet man Schimmel? \u2713 Wohnung \u2713 Geb\u00e4ude \u2713 W\u00e4nde \u2713 M\u00f6bel \u27a8 Hier erfahrt ihr, wie ihr Schimmelsch\u00e4den verhindert!","robots":{"index":"index","follow":"follow","max-snippet":"max-snippet:-1","max-image-preview":"max-image-preview:large","max-video-preview":"max-video-preview:-1"},"canonical":"https:\/\/www.vaillant.de\/21-grad\/rat-und-tat\/schimmel-vermeiden\/","og_locale":"de_DE","og_type":"article","og_title":"Schimmel vermeiden! So verhindert ihr Schimmelbildung | 21 grad","og_description":"Wie vermeidet man Schimmel? \u2713 Wohnung \u2713 Geb\u00e4ude \u2713 W\u00e4nde \u2713 M\u00f6bel \u27a8 Hier erfahrt ihr, wie ihr Schimmelsch\u00e4den verhindert!","og_url":"https:\/\/www.vaillant.de\/21-grad\/rat-und-tat\/schimmel-vermeiden\/","og_site_name":"21 grad","article_publisher":"https:\/\/www.facebook.com\/21grad\/","article_published_time":"2017-03-29T12:15:22+00:00","article_modified_time":"2026-01-28T08:53:59+00:00","og_image":[{"width":940,"height":480,"url":"https:\/\/www.vaillant.de\/21-grad\/wp-content\/uploads\/2017\/03\/Schimmel-vermeiden.jpg","type":"image\/jpeg"}],"author":"Jonas","twitter_card":"summary_large_image","twitter_creator":"@vaillant_de","twitter_site":"@vaillant_de","twitter_misc":{"Verfasst von":"Jonas","Gesch\u00e4tzte Lesezeit":"2\u00a0Minuten","Written by":"Jonas"},"schema":{"@context":"https:\/\/schema.org","@graph":[{"@type":"Article","@id":"https:\/\/www.vaillant.de\/21-grad\/rat-und-tat\/schimmel-vermeiden\/#article","isPartOf":{"@id":"https:\/\/www.vaillant.de\/21-grad\/rat-und-tat\/schimmel-vermeiden\/"},"author":{"name":"Jonas","@id":"https:\/\/www.vaillant.de\/21-grad\/#\/schema\/person\/0688f4a2058918ae82b953244b8160d9"},"headline":"Schimmel vermeiden \u2013 so verhindert ihr Schimmel in Haus &#038; Wohnung (Artikel 4\/5)","datePublished":"2017-03-29T12:15:22+00:00","dateModified":"2026-01-28T08:53:59+00:00","mainEntityOfPage":{"@id":"https:\/\/www.vaillant.de\/21-grad\/rat-und-tat\/schimmel-vermeiden\/"},"wordCount":451,"commentCount":3,"image":{"@id":"https:\/\/www.vaillant.de\/21-grad\/rat-und-tat\/schimmel-vermeiden\/#primaryimage"},"thumbnailUrl":"https:\/\/www.vaillant.de\/21-grad\/wp-content\/uploads\/2017\/03\/Schimmel-vermeiden.jpg","keywords":["Bauen und Wohnen","Gesundheit","Heiztechnik"],"articleSection":["Rat &amp; Tat"],"inLanguage":"de","potentialAction":[{"@type":"CommentAction","name":"Comment","target":["https:\/\/www.vaillant.de\/21-grad\/rat-und-tat\/schimmel-vermeiden\/#respond"]}]},{"@type":"WebPage","@id":"https:\/\/www.vaillant.de\/21-grad\/rat-und-tat\/schimmel-vermeiden\/","url":"https:\/\/www.vaillant.de\/21-grad\/rat-und-tat\/schimmel-vermeiden\/","name":"Schimmel vermeiden! So verhindert ihr Schimmelbildung | 21 grad","isPartOf":{"@id":"https:\/\/www.vaillant.de\/21-grad\/#website"},"primaryImageOfPage":{"@id":"https:\/\/www.vaillant.de\/21-grad\/rat-und-tat\/schimmel-vermeiden\/#primaryimage"},"image":{"@id":"https:\/\/www.vaillant.de\/21-grad\/rat-und-tat\/schimmel-vermeiden\/#primaryimage"},"thumbnailUrl":"https:\/\/www.vaillant.de\/21-grad\/wp-content\/uploads\/2017\/03\/Schimmel-vermeiden.jpg","datePublished":"2017-03-29T12:15:22+00:00","dateModified":"2026-01-28T08:53:59+00:00","author":{"@id":"https:\/\/www.vaillant.de\/21-grad\/#\/schema\/person\/0688f4a2058918ae82b953244b8160d9"},"description":"Wie vermeidet man Schimmel? \u2713 Wohnung \u2713 Geb\u00e4ude \u2713 W\u00e4nde \u2713 M\u00f6bel \u27a8 Hier erfahrt ihr, wie ihr Schimmelsch\u00e4den verhindert!","breadcrumb":{"@id":"https:\/\/www.vaillant.de\/21-grad\/rat-und-tat\/schimmel-vermeiden\/#breadcrumb"},"inLanguage":"de","potentialAction":[{"@type":"ReadAction","target":["https:\/\/www.vaillant.de\/21-grad\/rat-und-tat\/schimmel-vermeiden\/"]}]},{"@type":"ImageObject","inLanguage":"de","@id":"https:\/\/www.vaillant.de\/21-grad\/rat-und-tat\/schimmel-vermeiden\/#primaryimage","url":"https:\/\/www.vaillant.de\/21-grad\/wp-content\/uploads\/2017\/03\/Schimmel-vermeiden.jpg","contentUrl":"https:\/\/www.vaillant.de\/21-grad\/wp-content\/uploads\/2017\/03\/Schimmel-vermeiden.jpg","width":940,"height":480},{"@type":"BreadcrumbList","@id":"https:\/\/www.vaillant.de\/21-grad\/rat-und-tat\/schimmel-vermeiden\/#breadcrumb","itemListElement":[{"@type":"ListItem","position":1,"name":"Startseite","item":"https:\/\/www.vaillant.de\/21-grad\/"},{"@type":"ListItem","position":2,"name":"Schimmel vermeiden \u2013 so verhindert ihr Schimmel in Haus &#038; Wohnung (Artikel 4\/5)"}]},{"@type":"WebSite","@id":"https:\/\/www.vaillant.de\/21-grad\/#website","url":"https:\/\/www.vaillant.de\/21-grad\/","name":"21 grad","description":"Der Blog f\u00fcr Menschen, die weiterdenken","potentialAction":[{"@type":"SearchAction","target":{"@type":"EntryPoint","urlTemplate":"https:\/\/www.vaillant.de\/21-grad\/?s={search_term_string}"},"query-input":{"@type":"PropertyValueSpecification","valueRequired":true,"valueName":"search_term_string"}}],"inLanguage":"de"},{"@type":"Person","@id":"https:\/\/www.vaillant.de\/21-grad\/#\/schema\/person\/0688f4a2058918ae82b953244b8160d9","name":"Jonas","image":{"@type":"ImageObject","inLanguage":"de","@id":"https:\/\/www.vaillant.de\/21-grad\/wp-content\/uploads\/2025\/04\/Jonas-smal-125x125.jpg09a77e2fccb6ed2f064616ea71935c21","url":"https:\/\/www.vaillant.de\/21-grad\/wp-content\/uploads\/2025\/04\/Jonas-smal-125x125.jpg","contentUrl":"https:\/\/www.vaillant.de\/21-grad\/wp-content\/uploads\/2025\/04\/Jonas-smal-125x125.jpg","caption":"Jonas"},"description":"Bei meiner Arbeit befasse ich mich mit der Identifikation, Analyse und Ansprache von Endverbrauchern. Im Team entwickeln wir Strategien zur Zielgruppensegmentierung, um ma\u00dfgeschneiderte Marketingkampagnen zu erstellen. Interessen In meiner Freizeit ist Sport sehr wichtig. Sei es die eigene k\u00f6rperliche Fitness, Fu\u00dfball oder wenn m\u00f6glich Snowboarden in den Bergen. Wenn du eine Superkraft h\u00e4ttest, welche w\u00e4re das und warum? Ich w\u00fcrde aus zwei Gr\u00fcnden gerne fliegen k\u00f6nnen. Erstens: Ich k\u00f6nnte \u00fcberall schnell hinkommen, ohne unn\u00f6tig im Stau zu stehen. Zweitens: Wenn ich fliege, sehe ich die Welt aus einer anderen Perspektive. Was bringt dich auf die Palme? Mein Hund, wenn er versucht, sein K\u00f6rbchen zu zerst\u00f6ren. Was war der beste Rat, den du jemals erhalten hast? \u201eDer R\u00fcckspiegel im Auto ist kleiner als die Windschutzscheibe, also fokussiere dich auf das, was vor dir ist!\u201c","url":"https:\/\/www.vaillant.de\/21-grad\/autor\/jonas\/"}]}},"_links":{"self":[{"href":"https:\/\/www.vaillant.de\/21-grad\/wp-json\/wp\/v2\/posts\/2333","targetHints":{"allow":["GET"]}}],"collection":[{"href":"https:\/\/www.vaillant.de\/21-grad\/wp-json\/wp\/v2\/posts"}],"about":[{"href":"https:\/\/www.vaillant.de\/21-grad\/wp-json\/wp\/v2\/types\/post"}],"author":[{"embeddable":true,"href":"https:\/\/www.vaillant.de\/21-grad\/wp-json\/wp\/v2\/users\/27"}],"replies":[{"embeddable":true,"href":"https:\/\/www.vaillant.de\/21-grad\/wp-json\/wp\/v2\/comments?post=2333"}],"version-history":[{"count":6,"href":"https:\/\/www.vaillant.de\/21-grad\/wp-json\/wp\/v2\/posts\/2333\/revisions"}],"predecessor-version":[{"id":5042,"href":"https:\/\/www.vaillant.de\/21-grad\/wp-json\/wp\/v2\/posts\/2333\/revisions\/5042"}],"wp:featuredmedia":[{"embeddable":true,"href":"https:\/\/www.vaillant.de\/21-grad\/wp-json\/wp\/v2\/media\/2334"}],"wp:attachment":[{"href":"https:\/\/www.vaillant.de\/21-grad\/wp-json\/wp\/v2\/media?parent=2333"}],"wp:term":[{"taxonomy":"category","embeddable":true,"href":"https:\/\/www.vaillant.de\/21-grad\/wp-json\/wp\/v2\/categories?post=2333"},{"taxonomy":"post_tag","embeddable":true,"href":"https:\/\/www.vaillant.de\/21-grad\/wp-json\/wp\/v2\/tags?post=2333"},{"taxonomy":"author","embeddable":true,"href":"https:\/\/www.vaillant.de\/21-grad\/wp-json\/wp\/v2\/coauthors?post=2333"}],"curies":[{"name":"wp","href":"https:\/\/api.w.org\/{rel}","templated":true}]}}