{"id":2358,"date":"2017-04-12T16:26:13","date_gmt":"2017-04-12T14:26:13","guid":{"rendered":"https:\/\/21-grad.vaillant.de\/?p=2358"},"modified":"2026-02-09T12:02:24","modified_gmt":"2026-02-09T11:02:24","slug":"alternative-energie","status":"publish","type":"post","link":"https:\/\/www.vaillant.de\/21-grad\/bewusst-und-sein\/alternative-energie\/","title":{"rendered":"Alternative Energie: Der Sonne hinterher"},"content":{"rendered":"<h2>Innovation in Polen: der selbstleuchtende Radweg<\/h2>\n<p><a href=\"https:\/\/www.vaillant.de\/21-grad\/wp-content\/uploads\/2017\/04\/Glow02_1200x630.jpg\"><img loading=\"lazy\" decoding=\"async\" class=\"size-medium wp-image-2360 alignright\" src=\"https:\/\/www.vaillant.de\/21-grad\/wp-content\/uploads\/2017\/04\/Glow02_1200x630-442x232.jpg\" alt=\"\" width=\"442\" height=\"232\" srcset=\"https:\/\/www.vaillant.de\/21-grad\/wp-content\/uploads\/2017\/04\/Glow02_1200x630-442x232.jpg 442w, https:\/\/www.vaillant.de\/21-grad\/wp-content\/uploads\/2017\/04\/Glow02_1200x630-768x403.jpg 768w, https:\/\/www.vaillant.de\/21-grad\/wp-content\/uploads\/2017\/04\/Glow02_1200x630-914x480.jpg 914w, https:\/\/www.vaillant.de\/21-grad\/wp-content\/uploads\/2017\/04\/Glow02_1200x630.jpg 1200w\" sizes=\"auto, (max-width: 442px) 100vw, 442px\" \/><\/a>Fahrradfahren bei Nacht? Verbinden die wenigsten mit gro\u00dfem Spa\u00df als vielmehr mit Unsicherheit. H\u00e4ufig sind Strecken schlecht ausgeleuchtet oder die eigene Lichtquelle nicht ausreichend. In Polen arbeiten Verkehrsvision\u00e4re derzeit daran, dass der Gedanke an n\u00e4chtliches Radeln nettere Assoziationen weckt. Durch die polnische Stadt Lidzbark Warminski f\u00fchrt seit Herbst vergangenen Jahres ein Radweg, der im Dunkeln von selbst leuchtet und den Radlern so den Weg erhellt. M\u00f6glich macht das ein blau fluoreszierender Splitt, der in die Oberfl\u00e4che des Radwegs eingearbeitet ist. 30 Minuten Sonnenlicht am Tag gen\u00fcgen und die Fahrbahn strahlt die gesamte Nacht \u2013 das ganze zwanzig Jahre lang ohne externe Energiequelle.<\/p>\n<h2>Premiere in Frankreich: die erste Photovoltaikstra\u00dfe der Welt<\/h2>\n<p><a href=\"https:\/\/www.vaillant.de\/21-grad\/wp-content\/uploads\/2017\/04\/Infografik-1200x630.jpg\"><img loading=\"lazy\" decoding=\"async\" class=\"alignleft size-medium wp-image-2361\" src=\"https:\/\/www.vaillant.de\/21-grad\/wp-content\/uploads\/2017\/04\/Infografik-1200x630-442x232.jpg\" alt=\"\" width=\"442\" height=\"232\" srcset=\"https:\/\/www.vaillant.de\/21-grad\/wp-content\/uploads\/2017\/04\/Infografik-1200x630-442x232.jpg 442w, https:\/\/www.vaillant.de\/21-grad\/wp-content\/uploads\/2017\/04\/Infografik-1200x630-768x403.jpg 768w, https:\/\/www.vaillant.de\/21-grad\/wp-content\/uploads\/2017\/04\/Infografik-1200x630-914x480.jpg 914w, https:\/\/www.vaillant.de\/21-grad\/wp-content\/uploads\/2017\/04\/Infografik-1200x630.jpg 1200w\" sizes=\"auto, (max-width: 442px) 100vw, 442px\" \/><\/a>Im franz\u00f6sischen Tourouvre-au-Perche rollen t\u00e4glich etwa 2.000 Fahrzeuge \u00fcber die erste PV-Stra\u00dfe der Welt \u2013 einen Abschnitt von einem Kilometer L\u00e4nge, best\u00fcckt mit <a href=\"https:\/\/www.vaillant.de\/ratgeber\/heiztechniklexikon\/solarmodul\/\">Photovoltaikmodulen<\/a>. Die Absicht dahinter: Energie alternativ gewinnen. Allein auf den tausend Metern durch die Kleinstadt kommt Strom zusammen, mit dem sich die Stra\u00dfenbeleuchtung einer Gemeinde von rund 5.000 Einwohnern betreiben lie\u00dfe. Die Idee kommt von den Amerikanern Julie und Scott Brusaw aus Idaho. Sie entwarfen bereits 2009 das Konzept einer Stra\u00dfe mit PV-Modulen, \u00fcber deren Fl\u00e4chennutzung sich so <a href=\"https:\/\/www.vaillant.de\/ratgeber\/heiztechniklexikon\/solarstrom\/\">Strom gewinnen<\/a> l\u00e4sst. Zus\u00e4tzlich liefern integrierte LEDs die Stra\u00dfenbeleuchtung und organisieren den Verkehrsfluss \u2013 eine integrierte Heizung schmilzt den Schnee. Und die Hoffnung lebt, dass auch die Ideen der Brusaws irgendwann einmal Realit\u00e4t werden. Per Crowdfunding trug das Ehepaar 2014 f\u00fcr sein Projekt 2,2 Millionen US-Dollar zusammen. 2015 wurde es vom U.S. Department of Transportation zum wiederholten Mal mit F\u00f6rdermitteln in H\u00f6he von 750.000 Dollar unterst\u00fctzt.<\/p>\n<h2>Gesundheitsf\u00f6rderung in Afrika: antibakterielles Sonnenlicht<\/h2>\n<p><a href=\"https:\/\/www.vaillant.de\/21-grad\/wp-content\/uploads\/2017\/04\/BO_2013_S.Opladen_0520.jpg\"><img loading=\"lazy\" decoding=\"async\" class=\"size-medium wp-image-2362 alignright\" src=\"https:\/\/www.vaillant.de\/21-grad\/wp-content\/uploads\/2017\/04\/BO_2013_S.Opladen_0520-349x232.jpg\" alt=\"\" width=\"349\" height=\"232\" srcset=\"https:\/\/www.vaillant.de\/21-grad\/wp-content\/uploads\/2017\/04\/BO_2013_S.Opladen_0520-349x232.jpg 349w, https:\/\/www.vaillant.de\/21-grad\/wp-content\/uploads\/2017\/04\/BO_2013_S.Opladen_0520-768x511.jpg 768w, https:\/\/www.vaillant.de\/21-grad\/wp-content\/uploads\/2017\/04\/BO_2013_S.Opladen_0520-721x480.jpg 721w, https:\/\/www.vaillant.de\/21-grad\/wp-content\/uploads\/2017\/04\/BO_2013_S.Opladen_0520.jpg 1240w\" sizes=\"auto, (max-width: 349px) 100vw, 349px\" \/><\/a>Sechs Stunden in br\u00fctender Hitze? Das kann auch von gesundheitsf\u00f6rdernder Wirkung sein: Millionen Menschen in Afrika, Asien und Lateinamerika unterziehen verseuchtes Wasser einem solch intensiven Sonnenbad, um Bakterien abzut\u00f6ten und es so trinkbar zu machen. SODIS-Methode nennt sich das.<\/p>\n<p>SODIS steht f\u00fcr Solar Water Disinfection. Das hei\u00dft f\u00fcr die Idee, \u00fcber den Einfluss von Sonnenlicht Bakterien im Wasser abzut\u00f6ten. Dazu wird eine UV-lichtdurchl\u00e4ssige PET- oder Glasflasche mit Wasser bef\u00fcllt, dann geht es sechs Stunden unter die Sonne. Weil der Prozess so simpel ist, f\u00e4llt das Verfahren in die Kategorie der Selbsthilfekonzepte. Es stellt so eine Alternative dar zum Ausbau der Trinkwasserstruktur in den betroffenen L\u00e4ndern, der lange Zeit in der Entwicklungshilfe favorisiert wurde. Heute ist das Konzept nach dem Abkochen die zweitpopul\u00e4rste Methode, verseuchtes Wasser zu reinigen.<\/p>\n<h2>\u201eSonnenwege\u201c in Frankreich: reversible PV-Module auf Gleisen<\/h2>\n<p><a href=\"https:\/\/www.vaillant.de\/ratgeber\/technologie-verstehen\/photovoltaik\/\">Photovoltaik<\/a> auf Gleisen? Frankreich testet es. \u201eSolveig\u201c verwandelt ruhende Bahnstrecken in tempor\u00e4re Solarkraftwerke \u2013 mit minimalem Eingriff in Boden und Natur. Statt D\u00e4cher oder Felder zu belegen, nutzt das System die vorhandene Infrastruktur: die Schiene. Leichte Module k\u00f6nnen reversibel auf ruhenden Gleisen montiert und bei Bedarf schnell auf- und abgebaut werden.<\/p>\n<p>\u201eSolveig\u201c bedeutet \u201eSonnenweg\u201c \u2013 passend f\u00fcr eine Technik, die dort gr\u00fcnen Strom liefert, wo etwa wegen Wartung oder Sanierung vor\u00fcbergehend keine Z\u00fcge fahren. Das von AREP, einer Tochter des Bahnkonzerns SNCF, entwickelte System l\u00e4sst sich von zwei bis drei Personen an einem Tag werkzeugfrei installieren \u2013 ohne mechanische oder elektrische Anpassungen an der Bahnstrecke. Transportiert wird es per Bahn oder Lkw in einem 40-Fu\u00df-Standardcontainer, aus dem sich mithilfe eines Hebesystems bis zu 200 Meter PV-Module ausbringen lassen.<\/p>\n<div class=\"video-container\"><iframe src=\"https:\/\/www.youtube.com\/embed\/xNXUAzjv6R4\" frameborder=\"0\" allowfullscreen=\"allowfullscreen\"><\/iframe><\/div>\n<p>&nbsp;<\/p>\n<p>Ein erster sechsmonatiger Praxistest mit acht Solarmodulen fand bis Mitte Juli 2025 im Technicenter Ach\u00e8res bei Paris statt. Untersucht wurde, wie sich Ferrovoltaik \u2013 die Verbindung von Eisenbahn (\u201eferro\u201c) und Photovoltaik \u2013 unter realit\u00e4tsnahen Bedingungen in einem SNCF-Wartungsstandort bew\u00e4hrt. Ergebnisse lagen bei Redaktionsschluss noch nicht vor. Der n\u00e4chste Schritt ist die Industrialisierung mit schnellerem Roll-out und geringerem Materialfu\u00dfabdruck. Ein vielversprechendes Projekt \u2013 und ein Grund mehr, h\u00e4ufiger Bahn zu fahren!<\/p>\n<p>Ihr seht, am Ende strahlt die Sonne doppelt: im Gro\u00dfen, wenn Ideen wie Ferrovoltaik, selbstleuchtende Radwege, Photovoltaikstra\u00dfen oder solare Wasserdesinfektion ganze Systeme ver\u00e4ndern. Und im Kleinen, wenn wir zuhause ansetzen. Mit Photovoltaik f\u00fcr Eigenstrom oder <a href=\"https:\/\/www.vaillant.de\/ratgeber\/technologie-verstehen\/solarthermie\/\">Solarthermie<\/a> f\u00fcr Warmwasser und Heizungsunterst\u00fctzung k\u00f6nnen auch unsere D\u00e4cher und Grundst\u00fccke ein St\u00fcck Zukunft liefern \u2013 sauber und nachhaltig.<\/p>\n<div class=\"infobox alert\"><\/p>\n<p><strong>Neugierig, was bei Euch m\u00f6glich ist?<\/strong><\/p>\n<p>Unser Ratgeber zeigt Euch, wie Ihr <a href=\"https:\/\/www.vaillant.de\/ratgeber\/technologie-verstehen\/solarenergie\/\">in die Solarenergie einsteigen<\/a> und von der nachhaltigen und kostenlosen Energie der Sonne profitieren k\u00f6nnt. Alles Wissenswerte zum Thema Photovoltaik und der cleveren Art, selbst Strom zu erzeugen, <a href=\"https:\/\/www.vaillant.de\/ratgeber\/technologie-verstehen\/photovoltaik\/\">erfahrt Ihr hier<\/a>.<\/p>\n<p><\/div>\n","protected":false},"excerpt":{"rendered":"<p>Mit der Sonne um die Wette strahlen? Wer den gl\u00fchenden Gasball zu seinen Gunsten einzusetzen wei\u00df, kann aus dessen Energie viel Gutes ziehen. \u00dcber vier Projekte, die mit Solarenergie die Welt ein St\u00fcckchen besser machen.<\/p>\n","protected":false},"author":26,"featured_media":2359,"comment_status":"open","ping_status":"open","sticky":false,"template":"","format":"standard","meta":{"footnotes":""},"categories":[5,183],"tags":[46,23,165],"coauthors":[253],"class_list":["post-2358","post","type-post","status-publish","format-standard","has-post-thumbnail","hentry","category-bewusst-und-sein","category-partner-beitraege","tag-klimaschutz","tag-nachhaltigkeit","tag-zukunftstrends"],"yoast_head":"<!-- This site is optimized with the Yoast SEO plugin v27.4 - https:\/\/yoast.com\/product\/yoast-seo-wordpress\/ -->\n<title>Alternative Energie: Der Sonne hinterher | 21 grad<\/title>\n<meta name=\"description\" content=\"Mit der Sonne um die Wette strahlen? Wer den gl\u00fchenden Gasball zu seinen Gunsten einzusetzen wei\u00df, kann aus dessen Energie viel Gutes ziehen.\" \/>\n<meta name=\"robots\" content=\"index, follow, max-snippet:-1, max-image-preview:large, max-video-preview:-1\" \/>\n<link rel=\"canonical\" href=\"https:\/\/www.vaillant.de\/21-grad\/bewusst-und-sein\/alternative-energie\/\" \/>\n<meta property=\"og:locale\" content=\"de_DE\" \/>\n<meta property=\"og:type\" content=\"article\" \/>\n<meta property=\"og:title\" content=\"Alternative Energie: Der Sonne hinterher | 21 grad\" \/>\n<meta property=\"og:description\" content=\"Mit der Sonne um die Wette strahlen? Wer den gl\u00fchenden Gasball zu seinen Gunsten einzusetzen wei\u00df, kann aus dessen Energie viel Gutes ziehen.\" \/>\n<meta property=\"og:url\" content=\"https:\/\/www.vaillant.de\/21-grad\/bewusst-und-sein\/alternative-energie\/\" \/>\n<meta property=\"og:site_name\" content=\"21 grad\" \/>\n<meta property=\"article:publisher\" content=\"https:\/\/www.facebook.com\/21grad\/\" \/>\n<meta property=\"article:published_time\" content=\"2017-04-12T14:26:13+00:00\" \/>\n<meta property=\"article:modified_time\" content=\"2026-02-09T11:02:24+00:00\" \/>\n<meta property=\"og:image\" content=\"https:\/\/www.vaillant.de\/21-grad\/wp-content\/uploads\/2017\/04\/Glow01_940x480.jpg\" \/>\n\t<meta property=\"og:image:width\" content=\"940\" \/>\n\t<meta property=\"og:image:height\" content=\"480\" \/>\n\t<meta property=\"og:image:type\" content=\"image\/jpeg\" \/>\n<meta name=\"author\" content=\"Lorena\" \/>\n<meta name=\"twitter:card\" content=\"summary_large_image\" \/>\n<meta name=\"twitter:creator\" content=\"@vaillant_de\" \/>\n<meta name=\"twitter:site\" content=\"@vaillant_de\" \/>\n<meta name=\"twitter:label1\" content=\"Verfasst von\" \/>\n\t<meta name=\"twitter:data1\" content=\"Lorena\" \/>\n\t<meta name=\"twitter:label2\" content=\"Gesch\u00e4tzte Lesezeit\" \/>\n\t<meta name=\"twitter:data2\" content=\"5\u00a0Minuten\" \/>\n\t<meta name=\"twitter:label3\" content=\"Written by\" \/>\n\t<meta name=\"twitter:data3\" content=\"Lorena\" \/>\n<script type=\"application\/ld+json\" class=\"yoast-schema-graph\">{\"@context\":\"https:\\\/\\\/schema.org\",\"@graph\":[{\"@type\":\"Article\",\"@id\":\"https:\\\/\\\/www.vaillant.de\\\/21-grad\\\/bewusst-und-sein\\\/alternative-energie\\\/#article\",\"isPartOf\":{\"@id\":\"https:\\\/\\\/www.vaillant.de\\\/21-grad\\\/bewusst-und-sein\\\/alternative-energie\\\/\"},\"author\":{\"name\":\"Lorena\",\"@id\":\"https:\\\/\\\/www.vaillant.de\\\/21-grad\\\/#\\\/schema\\\/person\\\/64bb3ed01d8d62d6fc3b965454e1d031\"},\"headline\":\"Alternative Energie: Der Sonne hinterher\",\"datePublished\":\"2017-04-12T14:26:13+00:00\",\"dateModified\":\"2026-02-09T11:02:24+00:00\",\"mainEntityOfPage\":{\"@id\":\"https:\\\/\\\/www.vaillant.de\\\/21-grad\\\/bewusst-und-sein\\\/alternative-energie\\\/\"},\"wordCount\":754,\"commentCount\":3,\"image\":{\"@id\":\"https:\\\/\\\/www.vaillant.de\\\/21-grad\\\/bewusst-und-sein\\\/alternative-energie\\\/#primaryimage\"},\"thumbnailUrl\":\"https:\\\/\\\/www.vaillant.de\\\/21-grad\\\/wp-content\\\/uploads\\\/2017\\\/04\\\/Glow01_940x480.jpg\",\"keywords\":[\"Klimaschutz\",\"Nachhaltigkeit\",\"Zukunftstrends\"],\"articleSection\":[\"Bewusst &amp; Sein\",\"X-Partner-Beitr\u00e4ge\"],\"inLanguage\":\"de\",\"potentialAction\":[{\"@type\":\"CommentAction\",\"name\":\"Comment\",\"target\":[\"https:\\\/\\\/www.vaillant.de\\\/21-grad\\\/bewusst-und-sein\\\/alternative-energie\\\/#respond\"]}]},{\"@type\":\"WebPage\",\"@id\":\"https:\\\/\\\/www.vaillant.de\\\/21-grad\\\/bewusst-und-sein\\\/alternative-energie\\\/\",\"url\":\"https:\\\/\\\/www.vaillant.de\\\/21-grad\\\/bewusst-und-sein\\\/alternative-energie\\\/\",\"name\":\"Alternative Energie: Der Sonne hinterher | 21 grad\",\"isPartOf\":{\"@id\":\"https:\\\/\\\/www.vaillant.de\\\/21-grad\\\/#website\"},\"primaryImageOfPage\":{\"@id\":\"https:\\\/\\\/www.vaillant.de\\\/21-grad\\\/bewusst-und-sein\\\/alternative-energie\\\/#primaryimage\"},\"image\":{\"@id\":\"https:\\\/\\\/www.vaillant.de\\\/21-grad\\\/bewusst-und-sein\\\/alternative-energie\\\/#primaryimage\"},\"thumbnailUrl\":\"https:\\\/\\\/www.vaillant.de\\\/21-grad\\\/wp-content\\\/uploads\\\/2017\\\/04\\\/Glow01_940x480.jpg\",\"datePublished\":\"2017-04-12T14:26:13+00:00\",\"dateModified\":\"2026-02-09T11:02:24+00:00\",\"author\":{\"@id\":\"https:\\\/\\\/www.vaillant.de\\\/21-grad\\\/#\\\/schema\\\/person\\\/64bb3ed01d8d62d6fc3b965454e1d031\"},\"description\":\"Mit der Sonne um die Wette strahlen? Wer den gl\u00fchenden Gasball zu seinen Gunsten einzusetzen wei\u00df, kann aus dessen Energie viel Gutes ziehen.\",\"breadcrumb\":{\"@id\":\"https:\\\/\\\/www.vaillant.de\\\/21-grad\\\/bewusst-und-sein\\\/alternative-energie\\\/#breadcrumb\"},\"inLanguage\":\"de\",\"potentialAction\":[{\"@type\":\"ReadAction\",\"target\":[\"https:\\\/\\\/www.vaillant.de\\\/21-grad\\\/bewusst-und-sein\\\/alternative-energie\\\/\"]}]},{\"@type\":\"ImageObject\",\"inLanguage\":\"de\",\"@id\":\"https:\\\/\\\/www.vaillant.de\\\/21-grad\\\/bewusst-und-sein\\\/alternative-energie\\\/#primaryimage\",\"url\":\"https:\\\/\\\/www.vaillant.de\\\/21-grad\\\/wp-content\\\/uploads\\\/2017\\\/04\\\/Glow01_940x480.jpg\",\"contentUrl\":\"https:\\\/\\\/www.vaillant.de\\\/21-grad\\\/wp-content\\\/uploads\\\/2017\\\/04\\\/Glow01_940x480.jpg\",\"width\":940,\"height\":480},{\"@type\":\"BreadcrumbList\",\"@id\":\"https:\\\/\\\/www.vaillant.de\\\/21-grad\\\/bewusst-und-sein\\\/alternative-energie\\\/#breadcrumb\",\"itemListElement\":[{\"@type\":\"ListItem\",\"position\":1,\"name\":\"Startseite\",\"item\":\"https:\\\/\\\/www.vaillant.de\\\/21-grad\\\/\"},{\"@type\":\"ListItem\",\"position\":2,\"name\":\"Alternative Energie: Der Sonne hinterher\"}]},{\"@type\":\"WebSite\",\"@id\":\"https:\\\/\\\/www.vaillant.de\\\/21-grad\\\/#website\",\"url\":\"https:\\\/\\\/www.vaillant.de\\\/21-grad\\\/\",\"name\":\"21 grad\",\"description\":\"Der Blog f\u00fcr Menschen, die weiterdenken\",\"potentialAction\":[{\"@type\":\"SearchAction\",\"target\":{\"@type\":\"EntryPoint\",\"urlTemplate\":\"https:\\\/\\\/www.vaillant.de\\\/21-grad\\\/?s={search_term_string}\"},\"query-input\":{\"@type\":\"PropertyValueSpecification\",\"valueRequired\":true,\"valueName\":\"search_term_string\"}}],\"inLanguage\":\"de\"},{\"@type\":\"Person\",\"@id\":\"https:\\\/\\\/www.vaillant.de\\\/21-grad\\\/#\\\/schema\\\/person\\\/64bb3ed01d8d62d6fc3b965454e1d031\",\"name\":\"Lorena\",\"image\":{\"@type\":\"ImageObject\",\"inLanguage\":\"de\",\"@id\":\"https:\\\/\\\/www.vaillant.de\\\/21-grad\\\/wp-content\\\/uploads\\\/2025\\\/04\\\/20230502_Vaillant-Mitarbeitershooting-Lennep_0045_MKP_100-125x125.jpg3845af5a66923cc212a0c6c57ae1c3a4\",\"url\":\"https:\\\/\\\/www.vaillant.de\\\/21-grad\\\/wp-content\\\/uploads\\\/2025\\\/04\\\/20230502_Vaillant-Mitarbeitershooting-Lennep_0045_MKP_100-125x125.jpg\",\"contentUrl\":\"https:\\\/\\\/www.vaillant.de\\\/21-grad\\\/wp-content\\\/uploads\\\/2025\\\/04\\\/20230502_Vaillant-Mitarbeitershooting-Lennep_0045_MKP_100-125x125.jpg\",\"caption\":\"Lorena\"},\"description\":\"In meiner Rolle als E-Mail-Marketing-Manager B2C liegt mein Fokus darauf, eine effektive und ansprechende E-Mail-Kommunikation mit unseren Kunden zu gestalten. Von der sorgf\u00e4ltigen Auswahl der relevanten Daten bis hin zur kreativen Erstellung und dem pr\u00e4zisen Versand der E-Mails sorge ich daf\u00fcr, dass unsere Botschaften genau dort ankommen, wo sie sollen. Nachhaltigkeit Nachhaltigkeit ist mir wichtig, und ich versuche, in meinem Alltag bewusst darauf zu achten. Zum Beispiel benutze ich Jutebeutel, wenn ich einkaufen gehe. Au\u00dferdem erledige ich so viel wie m\u00f6glich zu Fu\u00df. Das schont nicht nur die Umwelt, sondern tut auch meiner Gesundheit gut. Beim Einkaufen achte ich darauf, nur die Lebensmittel zu kaufen, die ich tats\u00e4chlich verbrauchen kann. Interessen Ich liebe es, mit Freunden beim Fu\u00dfball unterwegs zu sein, um unsere Mannschaft zu unterst\u00fctzen. In den Bergen f\u00fchle ich mich besonders wohl, sei es beim Skifahren, beim Wandern oder einfach beim Genie\u00dfen der beeindruckenden Aussicht. Dar\u00fcber hinaus finde ich gro\u00dfe Freude am Basteln, wo ich meiner Kreativit\u00e4t freien Lauf lasse, und am Backen, bei dem ich gerne meine Lieblingsrezepte aber auch neue ausprobiere. Was bringt dich auf die Palme? Tickende Uhren k\u00f6nnen mich wahnsinnig machen. Dieses konstante Ger\u00e4usch im Hintergrund, st\u00f6rt meine Konzentration und bringt mich aus der Ruhe.\",\"url\":\"https:\\\/\\\/www.vaillant.de\\\/21-grad\\\/autor\\\/lorena\\\/\"}]}<\/script>\n<!-- \/ Yoast SEO plugin. -->","yoast_head_json":{"title":"Alternative Energie: Der Sonne hinterher | 21 grad","description":"Mit der Sonne um die Wette strahlen? Wer den gl\u00fchenden Gasball zu seinen Gunsten einzusetzen wei\u00df, kann aus dessen Energie viel Gutes ziehen.","robots":{"index":"index","follow":"follow","max-snippet":"max-snippet:-1","max-image-preview":"max-image-preview:large","max-video-preview":"max-video-preview:-1"},"canonical":"https:\/\/www.vaillant.de\/21-grad\/bewusst-und-sein\/alternative-energie\/","og_locale":"de_DE","og_type":"article","og_title":"Alternative Energie: Der Sonne hinterher | 21 grad","og_description":"Mit der Sonne um die Wette strahlen? Wer den gl\u00fchenden Gasball zu seinen Gunsten einzusetzen wei\u00df, kann aus dessen Energie viel Gutes ziehen.","og_url":"https:\/\/www.vaillant.de\/21-grad\/bewusst-und-sein\/alternative-energie\/","og_site_name":"21 grad","article_publisher":"https:\/\/www.facebook.com\/21grad\/","article_published_time":"2017-04-12T14:26:13+00:00","article_modified_time":"2026-02-09T11:02:24+00:00","og_image":[{"width":940,"height":480,"url":"https:\/\/www.vaillant.de\/21-grad\/wp-content\/uploads\/2017\/04\/Glow01_940x480.jpg","type":"image\/jpeg"}],"author":"Lorena","twitter_card":"summary_large_image","twitter_creator":"@vaillant_de","twitter_site":"@vaillant_de","twitter_misc":{"Verfasst von":"Lorena","Gesch\u00e4tzte Lesezeit":"5\u00a0Minuten","Written by":"Lorena"},"schema":{"@context":"https:\/\/schema.org","@graph":[{"@type":"Article","@id":"https:\/\/www.vaillant.de\/21-grad\/bewusst-und-sein\/alternative-energie\/#article","isPartOf":{"@id":"https:\/\/www.vaillant.de\/21-grad\/bewusst-und-sein\/alternative-energie\/"},"author":{"name":"Lorena","@id":"https:\/\/www.vaillant.de\/21-grad\/#\/schema\/person\/64bb3ed01d8d62d6fc3b965454e1d031"},"headline":"Alternative Energie: Der Sonne hinterher","datePublished":"2017-04-12T14:26:13+00:00","dateModified":"2026-02-09T11:02:24+00:00","mainEntityOfPage":{"@id":"https:\/\/www.vaillant.de\/21-grad\/bewusst-und-sein\/alternative-energie\/"},"wordCount":754,"commentCount":3,"image":{"@id":"https:\/\/www.vaillant.de\/21-grad\/bewusst-und-sein\/alternative-energie\/#primaryimage"},"thumbnailUrl":"https:\/\/www.vaillant.de\/21-grad\/wp-content\/uploads\/2017\/04\/Glow01_940x480.jpg","keywords":["Klimaschutz","Nachhaltigkeit","Zukunftstrends"],"articleSection":["Bewusst &amp; Sein","X-Partner-Beitr\u00e4ge"],"inLanguage":"de","potentialAction":[{"@type":"CommentAction","name":"Comment","target":["https:\/\/www.vaillant.de\/21-grad\/bewusst-und-sein\/alternative-energie\/#respond"]}]},{"@type":"WebPage","@id":"https:\/\/www.vaillant.de\/21-grad\/bewusst-und-sein\/alternative-energie\/","url":"https:\/\/www.vaillant.de\/21-grad\/bewusst-und-sein\/alternative-energie\/","name":"Alternative Energie: Der Sonne hinterher | 21 grad","isPartOf":{"@id":"https:\/\/www.vaillant.de\/21-grad\/#website"},"primaryImageOfPage":{"@id":"https:\/\/www.vaillant.de\/21-grad\/bewusst-und-sein\/alternative-energie\/#primaryimage"},"image":{"@id":"https:\/\/www.vaillant.de\/21-grad\/bewusst-und-sein\/alternative-energie\/#primaryimage"},"thumbnailUrl":"https:\/\/www.vaillant.de\/21-grad\/wp-content\/uploads\/2017\/04\/Glow01_940x480.jpg","datePublished":"2017-04-12T14:26:13+00:00","dateModified":"2026-02-09T11:02:24+00:00","author":{"@id":"https:\/\/www.vaillant.de\/21-grad\/#\/schema\/person\/64bb3ed01d8d62d6fc3b965454e1d031"},"description":"Mit der Sonne um die Wette strahlen? Wer den gl\u00fchenden Gasball zu seinen Gunsten einzusetzen wei\u00df, kann aus dessen Energie viel Gutes ziehen.","breadcrumb":{"@id":"https:\/\/www.vaillant.de\/21-grad\/bewusst-und-sein\/alternative-energie\/#breadcrumb"},"inLanguage":"de","potentialAction":[{"@type":"ReadAction","target":["https:\/\/www.vaillant.de\/21-grad\/bewusst-und-sein\/alternative-energie\/"]}]},{"@type":"ImageObject","inLanguage":"de","@id":"https:\/\/www.vaillant.de\/21-grad\/bewusst-und-sein\/alternative-energie\/#primaryimage","url":"https:\/\/www.vaillant.de\/21-grad\/wp-content\/uploads\/2017\/04\/Glow01_940x480.jpg","contentUrl":"https:\/\/www.vaillant.de\/21-grad\/wp-content\/uploads\/2017\/04\/Glow01_940x480.jpg","width":940,"height":480},{"@type":"BreadcrumbList","@id":"https:\/\/www.vaillant.de\/21-grad\/bewusst-und-sein\/alternative-energie\/#breadcrumb","itemListElement":[{"@type":"ListItem","position":1,"name":"Startseite","item":"https:\/\/www.vaillant.de\/21-grad\/"},{"@type":"ListItem","position":2,"name":"Alternative Energie: Der Sonne hinterher"}]},{"@type":"WebSite","@id":"https:\/\/www.vaillant.de\/21-grad\/#website","url":"https:\/\/www.vaillant.de\/21-grad\/","name":"21 grad","description":"Der Blog f\u00fcr Menschen, die weiterdenken","potentialAction":[{"@type":"SearchAction","target":{"@type":"EntryPoint","urlTemplate":"https:\/\/www.vaillant.de\/21-grad\/?s={search_term_string}"},"query-input":{"@type":"PropertyValueSpecification","valueRequired":true,"valueName":"search_term_string"}}],"inLanguage":"de"},{"@type":"Person","@id":"https:\/\/www.vaillant.de\/21-grad\/#\/schema\/person\/64bb3ed01d8d62d6fc3b965454e1d031","name":"Lorena","image":{"@type":"ImageObject","inLanguage":"de","@id":"https:\/\/www.vaillant.de\/21-grad\/wp-content\/uploads\/2025\/04\/20230502_Vaillant-Mitarbeitershooting-Lennep_0045_MKP_100-125x125.jpg3845af5a66923cc212a0c6c57ae1c3a4","url":"https:\/\/www.vaillant.de\/21-grad\/wp-content\/uploads\/2025\/04\/20230502_Vaillant-Mitarbeitershooting-Lennep_0045_MKP_100-125x125.jpg","contentUrl":"https:\/\/www.vaillant.de\/21-grad\/wp-content\/uploads\/2025\/04\/20230502_Vaillant-Mitarbeitershooting-Lennep_0045_MKP_100-125x125.jpg","caption":"Lorena"},"description":"In meiner Rolle als E-Mail-Marketing-Manager B2C liegt mein Fokus darauf, eine effektive und ansprechende E-Mail-Kommunikation mit unseren Kunden zu gestalten. Von der sorgf\u00e4ltigen Auswahl der relevanten Daten bis hin zur kreativen Erstellung und dem pr\u00e4zisen Versand der E-Mails sorge ich daf\u00fcr, dass unsere Botschaften genau dort ankommen, wo sie sollen. Nachhaltigkeit Nachhaltigkeit ist mir wichtig, und ich versuche, in meinem Alltag bewusst darauf zu achten. Zum Beispiel benutze ich Jutebeutel, wenn ich einkaufen gehe. Au\u00dferdem erledige ich so viel wie m\u00f6glich zu Fu\u00df. Das schont nicht nur die Umwelt, sondern tut auch meiner Gesundheit gut. Beim Einkaufen achte ich darauf, nur die Lebensmittel zu kaufen, die ich tats\u00e4chlich verbrauchen kann. Interessen Ich liebe es, mit Freunden beim Fu\u00dfball unterwegs zu sein, um unsere Mannschaft zu unterst\u00fctzen. In den Bergen f\u00fchle ich mich besonders wohl, sei es beim Skifahren, beim Wandern oder einfach beim Genie\u00dfen der beeindruckenden Aussicht. Dar\u00fcber hinaus finde ich gro\u00dfe Freude am Basteln, wo ich meiner Kreativit\u00e4t freien Lauf lasse, und am Backen, bei dem ich gerne meine Lieblingsrezepte aber auch neue ausprobiere. Was bringt dich auf die Palme? Tickende Uhren k\u00f6nnen mich wahnsinnig machen. Dieses konstante Ger\u00e4usch im Hintergrund, st\u00f6rt meine Konzentration und bringt mich aus der Ruhe.","url":"https:\/\/www.vaillant.de\/21-grad\/autor\/lorena\/"}]}},"_links":{"self":[{"href":"https:\/\/www.vaillant.de\/21-grad\/wp-json\/wp\/v2\/posts\/2358","targetHints":{"allow":["GET"]}}],"collection":[{"href":"https:\/\/www.vaillant.de\/21-grad\/wp-json\/wp\/v2\/posts"}],"about":[{"href":"https:\/\/www.vaillant.de\/21-grad\/wp-json\/wp\/v2\/types\/post"}],"author":[{"embeddable":true,"href":"https:\/\/www.vaillant.de\/21-grad\/wp-json\/wp\/v2\/users\/26"}],"replies":[{"embeddable":true,"href":"https:\/\/www.vaillant.de\/21-grad\/wp-json\/wp\/v2\/comments?post=2358"}],"version-history":[{"count":4,"href":"https:\/\/www.vaillant.de\/21-grad\/wp-json\/wp\/v2\/posts\/2358\/revisions"}],"predecessor-version":[{"id":8940,"href":"https:\/\/www.vaillant.de\/21-grad\/wp-json\/wp\/v2\/posts\/2358\/revisions\/8940"}],"wp:featuredmedia":[{"embeddable":true,"href":"https:\/\/www.vaillant.de\/21-grad\/wp-json\/wp\/v2\/media\/2359"}],"wp:attachment":[{"href":"https:\/\/www.vaillant.de\/21-grad\/wp-json\/wp\/v2\/media?parent=2358"}],"wp:term":[{"taxonomy":"category","embeddable":true,"href":"https:\/\/www.vaillant.de\/21-grad\/wp-json\/wp\/v2\/categories?post=2358"},{"taxonomy":"post_tag","embeddable":true,"href":"https:\/\/www.vaillant.de\/21-grad\/wp-json\/wp\/v2\/tags?post=2358"},{"taxonomy":"author","embeddable":true,"href":"https:\/\/www.vaillant.de\/21-grad\/wp-json\/wp\/v2\/coauthors?post=2358"}],"curies":[{"name":"wp","href":"https:\/\/api.w.org\/{rel}","templated":true}]}}