{"id":2387,"date":"2017-04-26T10:48:57","date_gmt":"2017-04-26T08:48:57","guid":{"rendered":"https:\/\/21-grad.vaillant.de\/?p=2387"},"modified":"2026-01-28T09:53:59","modified_gmt":"2026-01-28T08:53:59","slug":"richtig-lueften","status":"publish","type":"post","link":"https:\/\/www.vaillant.de\/21-grad\/rat-und-tat\/richtig-lueften\/","title":{"rendered":"Richtig L\u00fcften \u2013 Luft verbessern, Schimmel vermeiden (Artikel 5\/5)"},"content":{"rendered":"<p>Im Laufe des Tages reichert sich die Luft in Innenr\u00e4umen mit verschiedensten Stoffen an \u2013 sie wird \u201edick\u201c oder abgestanden. Vor allem das CO<sub>2,<\/sub>\u00a0das durch Menschen, Tiere oder Verbrennungsprozesse entsteht, verschlechtert unsere Umgebungsluft deutlich. Und das macht sich bemerkbar: Wir verlieren an Leistungsf\u00e4higkeit und werden m\u00fcde. Richtig L\u00fcften ist daher mitentscheidend f\u00fcr unser Wohlbefinden<\/p>\n<h2><strong>Richtig l\u00fcften \u2013 Wie viel Frischluft brauchen wir?<\/strong><\/h2>\n<div class=\"infobox default\"><\/p>\n<p><u>T\u00e4tigkeit\u00a0\u00a0\u00a0\u00a0\u00a0\u00a0\u00a0\u00a0\u00a0 Luftbedarf pro Person in m<sup>3<\/sup>\/h<\/u><\/p>\n<p>Schlafen\/ruhen\u00a0\u00a0\u00a0\u00a0\u00a0\u00a0\u00a0\u00a0\u00a0\u00a0 17 \u2013 20<\/p>\n<p>Lesen\/fernsehen\u00a0\u00a0\u00a0\u00a0\u00a0\u00a0\u00a0 20 \u2013 26<\/p>\n<p>Schreibtischarbeit\u00a0\u00a0\u00a0\u00a0\u00a0 32 \u2013 42<\/p>\n<p>Haushaltsarbeiten\u00a0\u00a0\u00a0\u00a0\u00a0 55 \u2013 72<\/p>\n<p>1.000 ppm = 0,1 Vol. % = Zielwert der CO<sub>2<\/sub>-Konzentration<\/p>\n<p><strong>Mindestluftwechsel = 30 m<sup>3<\/sup>\/h pro Person<\/strong><\/p>\n<p><\/div>\n<h2><strong>Ein Dreipersonenhaushalt setzt jeden Tag bis zu 14 kg Wasser frei<\/strong><\/h2>\n<p>Beim L\u00fcften geht jedoch nicht nur darum, CO<sub>2<\/sub>, Ger\u00fcche oder Ausd\u00fcnstungen aus Inneneinrichtungs- oder Baumaterialien ins Freie abzuf\u00fchren, sondern auch Feuchtigkeit. Jeder Mensch gibt pro Stunde 30 bis 100 g Wasserdampf ab. Addiert mit den Mengen, die beim Duschen, Waschen, W\u00e4schetrocknen, Kochen sowie durch Pflanzen oder Aquarien freigesetzt werden, dann erreicht ein Haushalt mit drei Personen etwa 6 bis 14 kg Wasser pro Tag. Um jedoch zum Beispiel 10 kg Wasser aus Innenr\u00e4umen abzuf\u00fchren, muss der komplette Luftinhalt der R\u00e4ume im Durchschnitt etwa 7 mal t\u00e4glich komplett ausgetauscht werden. Zum Vergleich: Bei geschlossenen Fenstern und T\u00fcren betr\u00e4gt die Luftaustauschrate ca. 0,2 \u2013 2 pro Stunde (je nach Fenstertyp und Bausituation), bei weit ge\u00f6ffneten Fenstern steigt die Luftaustauschrate auf 10 bis 20 pro Stunde an.<\/p>\n<h2><strong>Richtig L\u00fcften: Wie lange dauert es, die Luft in einem Raum auszutauschen?<\/strong><\/h2>\n<h2><a href=\"https:\/\/www.vaillant.de\/21-grad\/wp-content\/uploads\/2017\/04\/Richtig-L\u00fcften.jpg\"><img loading=\"lazy\" decoding=\"async\" class=\"alignleft wp-image-2388 size-full\" src=\"https:\/\/www.vaillant.de\/21-grad\/wp-content\/uploads\/2017\/04\/Richtig-L\u00fcften.jpg\" alt=\"Richtig L\u00fcften\" width=\"1267\" height=\"772\" srcset=\"https:\/\/www.vaillant.de\/21-grad\/wp-content\/uploads\/2017\/04\/Richtig-L\u00fcften.jpg 1267w, https:\/\/www.vaillant.de\/21-grad\/wp-content\/uploads\/2017\/04\/Richtig-L\u00fcften-381x232.jpg 381w, https:\/\/www.vaillant.de\/21-grad\/wp-content\/uploads\/2017\/04\/Richtig-L\u00fcften-768x468.jpg 768w, https:\/\/www.vaillant.de\/21-grad\/wp-content\/uploads\/2017\/04\/Richtig-L\u00fcften-788x480.jpg 788w\" sizes=\"auto, (max-width: 1267px) 100vw, 1267px\" \/><\/a><strong>Wieso wird bei ge\u00f6ffneten Fenstern \u00fcberhaupt Feuchte abtransportiert?<\/strong><\/h2>\n<p>Dies ist chemisch\u00a0 bedingt: Warme Luft enth\u00e4lt bei gleicher relativer Feuchte viel mehr Wasser als kalte Luft. Str\u00f6mt beim L\u00fcften kalte Au\u00dfenluft in einen Raum, nimmt sie beim Erw\u00e4rmen Feuchtigkeit auf, die mit der erw\u00e4rmten Luft nach au\u00dfen abgef\u00fchrt wird. Da sehr kalte Au\u00dfenluft \u2013 selbst bei Regenwetter \u2013 sehr viel Wasser aufnehmen kann, besteht im Winter sogar die Gefahr, dass R\u00e4ume durchs L\u00fcften austrocknen. Daher gilt auch, dass im Winter durchs richtige L\u00fcften mit kalter Au\u00dfenluft mehr Feuchtigkeit aus der Wohnung entfernt werden kann als im Sommer.<\/p>\n<h2><strong>Richtig l\u00fcften in der K\u00fcche<\/strong><\/h2>\n<p>In der K\u00fcche kann ein Dunstabzug mit Abluftf\u00fchrung ins Freie viel Feuchtigkeit aus dem Raum entfernen. Sch\u00f6ner Nebeneffekt: Kochd\u00fcnste und \u2013 beim Kochen mit Gas \u2013 erzeugte Verbrennungsgase werden gleich mit abgezogen. Aber Vorsicht: Dunstabzugshauben mit Umluftf\u00fchrung verringern die Feuchte in der K\u00fcche nicht!<\/p>\n<h2><strong>Richtig l\u00fcften gegen Schimmel im Bad<\/strong><\/h2>\n<p>Spa\u00df im Bad gehabt? Spritzwasser und Feuchtigkeit solltet ihr nach dem Duschen oder Baden unbedingt von W\u00e4nden und Boden entfernen. Verbleibt die Feuchtigkeit im Raum, liefert ihr den perfekten N\u00e4hrboden f\u00fcr Schimmel im Badezimmer. Hier ist kurzes Sto\u00dfl\u00fcften angezeigt, um die feuchte Luft auszutauschen. Bei fensterlosen Badezimmern achtet bitte darauf, dass die eingebaute Schachtl\u00fcftung einwandfrei funktioniert.\u00a0Auch wenn ihr kurzzeitig gel\u00fcftet habt, k\u00f6nnen Handt\u00fccher und W\u00e4nde nach dem Baden noch viel Wasser enthalten. Am besten legt ihr die Handt\u00fccher \u2013 bei ge\u00f6ffnetem Fenster \u2013 so lange auf die <a href=\"https:\/\/www.vaillant.de\/heizung\/heizung-verstehen\/tipps-rund-um-ihre-heizung\/badezimmerheizung\/\" target=\"_blank\" rel=\"noopener noreferrer\">Heizung<\/a>, bis sie sich wieder halbwegs trocken anf\u00fchlen. Dies gilt \u00fcbrigens auch im Winter! Keine Sorge, die Sache ist in wenigen Minuten erledigt. Wenn ihr richtig l\u00fcftet, braucht ihr euch nicht vor Schimmel im Badezimmer zu f\u00fcrchten.<\/p>\n<h2><strong>Richtig l\u00fcften: So vermeidet ihr Schimmel in nicht oder wenig beheizten R\u00e4umen<\/strong><\/h2>\n<p>Flure oder Schlafzimmer sollten nicht mittels warmer Luft aus anderen R\u00e4umen aufgew\u00e4rmt werden, da dies Schimmelbildung verursachen kann. Wie ist schnell erkl\u00e4rt: Warme Luft ist generell feuchter als kalte Luft. Gelangt die warme Luft in einen k\u00fchleren Raum, kann sich die Feuchtigkeit der warmen Luft an kalten Bauteilen wie Fenstern oder Innenwandoberfl\u00e4chen ablagern. Der ideale N\u00e4hrboden f\u00fcr Schimmel! Daher solltet ihr euer Schlafzimmer auch morgens stets gut l\u00fcften, um die warme, feuchte Luft der Nacht nach drau\u00dfen abzuf\u00fchren. Wenn ihr einen Raum l\u00e4nger nicht benutzt und beheizt habt, solltet ihr ihn vor dem erneuten Gebrauch vermehrt l\u00fcften, um Schimmel vorzubeugen.<\/p>\n<div class=\"infobox hint\"><strong>Tipp!\u00a0<\/strong>Gerade vor den \u201ekalten\u201c Au\u00dfenw\u00e4nden wenig oder unregelm\u00e4\u00dfig beheizter R\u00e4ume sollten M\u00f6bel oder Vorh\u00e4nge einen Mindestabstand von ca. 10 cm zur Wand haben. Auch ist zu \u00fcberdenken, ob Ihr an solchen W\u00e4nden Bilder aufh\u00e4ngt oder nicht.<\/div>\n<h2><strong>Richtig l\u00fcften gegen Schimmel im Keller<\/strong><\/h2>\n<p>In den Kellern von Altbauten sind die W\u00e4nde auch im Sommer h\u00e4ufig k\u00fchl. Da aber die absolute Feuchte der Luft in den hei\u00dfen Monaten hoch ist, w\u00fcrde durch h\u00e4ufiges L\u00fcften noch mehr Feuchtigkeit in den Keller eingetragen, die dann an den kalten Innenw\u00e4nden kondensiert. Auch hier droht die Gefahr von Schimmel \u2013 f\u00fcr diesen ungebetenen Gast sind Keller sehr anf\u00e4llig. Daher solltet ihr euren Keller h\u00f6chstens in den fr\u00fchen Morgenstunden l\u00fcften! Um die Bildung von Schimmel ganz zu vermeiden, m\u00fcsste die W\u00e4rmed\u00e4mmung verbessert werden, Keller beheizt oder die Luft getrocknet werden. Keller mit Schimmelbefall sollten in jedem Fall vom \u00fcbrigen Geb\u00e4ude abgetrennt sein \u2013 zum Beispiel durch T\u00fcren oder abgedichtete \u00d6ffnungen in der Kellerdecke.<\/p>\n<h2><strong>Strategie gegen Schimmel: Richtig l\u00fcften und sorgf\u00e4ltig d\u00e4mmen!<\/strong><\/h2>\n<p>Je schlechter die Au\u00dfenw\u00e4nde ged\u00e4mmt sind oder je mehr Fehler die Geb\u00e4udekonstruktion aufweist \u2013 zum Beispiel in Form von W\u00e4rmebr\u00fccken \u2013, desto geringer ist die Oberfl\u00e4chentemperatur dieser W\u00e4nde und desto gr\u00f6\u00dfer die Gefahr, dass\u00a0sich die Feuchtigkeit warmer Luft anlagert und das Wachstum von Schimmel beg\u00fcnstigt wird. Um dies zu vermeiden, solltet ihr darauf achten, dass warme Raumluft an diesen W\u00e4nden gut zirkulieren und diese abtrocknen k\u00f6nnen.<\/p>\n<div class=\"infobox hint\"><strong>Tipp! <\/strong>Zur Verringerung der Feuchte im Raum solltet Ihr mehrmals t\u00e4glich kurz sto\u00dfl\u00fcften \u2013 also die Fenster 5 bis 10 Minuten weit \u00f6ffnen. In dieser Zeit solltet Ihr die Heizungsventile zudrehen, da sonst zu viel wertvolle W\u00e4rme verloren geht. Direkt nach dem L\u00fcften k\u00f6nnt Ihr die Heizk\u00f6rper wieder aufdrehen.<\/div>\n<h2><strong>Richtig l\u00fcften hei\u00dft auch richtig heizen<\/strong><\/h2>\n<p>Ihr heizt richtig, wenn im Wohn- und Essbereich die Temperatur bei ca. 20 Grad liegt. Wer Energie sparen m\u00f6chte, reguliert die Heizung ein, zwei Grad herunter. In den anderen R\u00e4umen gen\u00fcgen meistens niedrigere Temperaturen. In der K\u00fcche geben bereits Herd und K\u00fchlschrank W\u00e4rme ab, und auch im Schlafzimmer reichen 16 bis 17 Grad f\u00fcr einen guten Schlaf in der Regel aus. In Treppenhaus und Windfang sind 12 Grad angemessen, im Keller reichen 6 Grad. Mit einer ausgekl\u00fcgelten Kombination aus L\u00fcften und Heizen hat Schimmel keine Chance \u2013 und ihr genie\u00dft in euren vier W\u00e4nden die beste Luft.<\/p>\n","protected":false},"excerpt":{"rendered":"<p>Richtig L\u00fcften ist wichtig f\u00fcr unser Wohlbefinden, unsere Leistungsf\u00e4higkeit und die Erhaltung der Bausubstanz. Denn mit dem L\u00fcften entlassen wir nicht nur CO2 in die Umwelt, sondern auch \u00fcberfl\u00fcssige Luftfeuchtigkeit, die sich sonst an kalten Bauteilen niederlassen \u2013 und Schimmel verursachen kann.<\/p>\n","protected":false},"author":27,"featured_media":2398,"comment_status":"open","ping_status":"open","sticky":false,"template":"","format":"standard","meta":{"footnotes":""},"categories":[2,183],"tags":[51,137],"coauthors":[254],"class_list":["post-2387","post","type-post","status-publish","format-standard","has-post-thumbnail","hentry","category-rat-und-tat","category-partner-beitraege","tag-energie-sparen","tag-heiztipps"],"yoast_head":"<!-- This site is optimized with the Yoast SEO plugin v27.4 - https:\/\/yoast.com\/product\/yoast-seo-wordpress\/ -->\n<title>Richtig L\u00fcften \u2013 So vermeidet ihr Schimmel! | 21 Grad<\/title>\n<meta name=\"description\" content=\"Ohne frische Luft geht nichts. Aber wie l\u00fcftet man richtig? Badezimmer \u2713 Keller \u2713 K\u00fcche \u2713 Durch L\u00fcften Schimmel vermeiden \u27a8 jetzt informieren!\" \/>\n<meta name=\"robots\" content=\"index, follow, max-snippet:-1, max-image-preview:large, max-video-preview:-1\" \/>\n<link rel=\"canonical\" href=\"https:\/\/www.vaillant.de\/21-grad\/rat-und-tat\/richtig-lueften\/\" \/>\n<meta property=\"og:locale\" content=\"de_DE\" \/>\n<meta property=\"og:type\" content=\"article\" \/>\n<meta property=\"og:title\" content=\"Richtig L\u00fcften \u2013 So vermeidet ihr Schimmel! | 21 Grad\" \/>\n<meta property=\"og:description\" content=\"Ohne frische Luft geht nichts. Aber wie l\u00fcftet man richtig? Badezimmer \u2713 Keller \u2713 K\u00fcche \u2713 Durch L\u00fcften Schimmel vermeiden \u27a8 jetzt informieren!\" \/>\n<meta property=\"og:url\" content=\"https:\/\/www.vaillant.de\/21-grad\/rat-und-tat\/richtig-lueften\/\" \/>\n<meta property=\"og:site_name\" content=\"21 grad\" \/>\n<meta property=\"article:publisher\" content=\"https:\/\/www.facebook.com\/21grad\/\" \/>\n<meta property=\"article:published_time\" content=\"2017-04-26T08:48:57+00:00\" \/>\n<meta property=\"article:modified_time\" content=\"2026-01-28T08:53:59+00:00\" \/>\n<meta property=\"og:image\" content=\"https:\/\/www.vaillant.de\/21-grad\/wp-content\/uploads\/2017\/04\/Richtig-L\u00fcften_Header.jpg\" \/>\n\t<meta property=\"og:image:width\" content=\"940\" \/>\n\t<meta property=\"og:image:height\" content=\"480\" \/>\n\t<meta property=\"og:image:type\" content=\"image\/jpeg\" \/>\n<meta name=\"author\" content=\"Jonas\" \/>\n<meta name=\"twitter:card\" content=\"summary_large_image\" \/>\n<meta name=\"twitter:creator\" content=\"@vaillant_de\" \/>\n<meta name=\"twitter:site\" content=\"@vaillant_de\" \/>\n<meta name=\"twitter:label1\" content=\"Verfasst von\" \/>\n\t<meta name=\"twitter:data1\" content=\"Jonas\" \/>\n\t<meta name=\"twitter:label2\" content=\"Gesch\u00e4tzte Lesezeit\" \/>\n\t<meta name=\"twitter:data2\" content=\"6\u00a0Minuten\" \/>\n\t<meta name=\"twitter:label3\" content=\"Written by\" \/>\n\t<meta name=\"twitter:data3\" content=\"Jonas\" \/>\n<script type=\"application\/ld+json\" class=\"yoast-schema-graph\">{\"@context\":\"https:\\\/\\\/schema.org\",\"@graph\":[{\"@type\":\"Article\",\"@id\":\"https:\\\/\\\/www.vaillant.de\\\/21-grad\\\/rat-und-tat\\\/richtig-lueften\\\/#article\",\"isPartOf\":{\"@id\":\"https:\\\/\\\/www.vaillant.de\\\/21-grad\\\/rat-und-tat\\\/richtig-lueften\\\/\"},\"author\":{\"name\":\"Jonas\",\"@id\":\"https:\\\/\\\/www.vaillant.de\\\/21-grad\\\/#\\\/schema\\\/person\\\/0688f4a2058918ae82b953244b8160d9\"},\"headline\":\"Richtig L\u00fcften \u2013 Luft verbessern, Schimmel vermeiden (Artikel 5\\\/5)\",\"datePublished\":\"2017-04-26T08:48:57+00:00\",\"dateModified\":\"2026-01-28T08:53:59+00:00\",\"mainEntityOfPage\":{\"@id\":\"https:\\\/\\\/www.vaillant.de\\\/21-grad\\\/rat-und-tat\\\/richtig-lueften\\\/\"},\"wordCount\":1126,\"commentCount\":13,\"image\":{\"@id\":\"https:\\\/\\\/www.vaillant.de\\\/21-grad\\\/rat-und-tat\\\/richtig-lueften\\\/#primaryimage\"},\"thumbnailUrl\":\"https:\\\/\\\/www.vaillant.de\\\/21-grad\\\/wp-content\\\/uploads\\\/2017\\\/04\\\/Richtig-L\u00fcften_Header.jpg\",\"keywords\":[\"Energie sparen\",\"Heiztipps\"],\"articleSection\":[\"Rat &amp; Tat\",\"X-Partner-Beitr\u00e4ge\"],\"inLanguage\":\"de\",\"potentialAction\":[{\"@type\":\"CommentAction\",\"name\":\"Comment\",\"target\":[\"https:\\\/\\\/www.vaillant.de\\\/21-grad\\\/rat-und-tat\\\/richtig-lueften\\\/#respond\"]}]},{\"@type\":\"WebPage\",\"@id\":\"https:\\\/\\\/www.vaillant.de\\\/21-grad\\\/rat-und-tat\\\/richtig-lueften\\\/\",\"url\":\"https:\\\/\\\/www.vaillant.de\\\/21-grad\\\/rat-und-tat\\\/richtig-lueften\\\/\",\"name\":\"Richtig L\u00fcften \u2013 So vermeidet ihr Schimmel! | 21 Grad\",\"isPartOf\":{\"@id\":\"https:\\\/\\\/www.vaillant.de\\\/21-grad\\\/#website\"},\"primaryImageOfPage\":{\"@id\":\"https:\\\/\\\/www.vaillant.de\\\/21-grad\\\/rat-und-tat\\\/richtig-lueften\\\/#primaryimage\"},\"image\":{\"@id\":\"https:\\\/\\\/www.vaillant.de\\\/21-grad\\\/rat-und-tat\\\/richtig-lueften\\\/#primaryimage\"},\"thumbnailUrl\":\"https:\\\/\\\/www.vaillant.de\\\/21-grad\\\/wp-content\\\/uploads\\\/2017\\\/04\\\/Richtig-L\u00fcften_Header.jpg\",\"datePublished\":\"2017-04-26T08:48:57+00:00\",\"dateModified\":\"2026-01-28T08:53:59+00:00\",\"author\":{\"@id\":\"https:\\\/\\\/www.vaillant.de\\\/21-grad\\\/#\\\/schema\\\/person\\\/0688f4a2058918ae82b953244b8160d9\"},\"description\":\"Ohne frische Luft geht nichts. Aber wie l\u00fcftet man richtig? Badezimmer \u2713 Keller \u2713 K\u00fcche \u2713 Durch L\u00fcften Schimmel vermeiden \u27a8 jetzt informieren!\",\"breadcrumb\":{\"@id\":\"https:\\\/\\\/www.vaillant.de\\\/21-grad\\\/rat-und-tat\\\/richtig-lueften\\\/#breadcrumb\"},\"inLanguage\":\"de\",\"potentialAction\":[{\"@type\":\"ReadAction\",\"target\":[\"https:\\\/\\\/www.vaillant.de\\\/21-grad\\\/rat-und-tat\\\/richtig-lueften\\\/\"]}]},{\"@type\":\"ImageObject\",\"inLanguage\":\"de\",\"@id\":\"https:\\\/\\\/www.vaillant.de\\\/21-grad\\\/rat-und-tat\\\/richtig-lueften\\\/#primaryimage\",\"url\":\"https:\\\/\\\/www.vaillant.de\\\/21-grad\\\/wp-content\\\/uploads\\\/2017\\\/04\\\/Richtig-L\u00fcften_Header.jpg\",\"contentUrl\":\"https:\\\/\\\/www.vaillant.de\\\/21-grad\\\/wp-content\\\/uploads\\\/2017\\\/04\\\/Richtig-L\u00fcften_Header.jpg\",\"width\":940,\"height\":480},{\"@type\":\"BreadcrumbList\",\"@id\":\"https:\\\/\\\/www.vaillant.de\\\/21-grad\\\/rat-und-tat\\\/richtig-lueften\\\/#breadcrumb\",\"itemListElement\":[{\"@type\":\"ListItem\",\"position\":1,\"name\":\"Startseite\",\"item\":\"https:\\\/\\\/www.vaillant.de\\\/21-grad\\\/\"},{\"@type\":\"ListItem\",\"position\":2,\"name\":\"Richtig L\u00fcften \u2013 Luft verbessern, Schimmel vermeiden (Artikel 5\\\/5)\"}]},{\"@type\":\"WebSite\",\"@id\":\"https:\\\/\\\/www.vaillant.de\\\/21-grad\\\/#website\",\"url\":\"https:\\\/\\\/www.vaillant.de\\\/21-grad\\\/\",\"name\":\"21 grad\",\"description\":\"Der Blog f\u00fcr Menschen, die weiterdenken\",\"potentialAction\":[{\"@type\":\"SearchAction\",\"target\":{\"@type\":\"EntryPoint\",\"urlTemplate\":\"https:\\\/\\\/www.vaillant.de\\\/21-grad\\\/?s={search_term_string}\"},\"query-input\":{\"@type\":\"PropertyValueSpecification\",\"valueRequired\":true,\"valueName\":\"search_term_string\"}}],\"inLanguage\":\"de\"},{\"@type\":\"Person\",\"@id\":\"https:\\\/\\\/www.vaillant.de\\\/21-grad\\\/#\\\/schema\\\/person\\\/0688f4a2058918ae82b953244b8160d9\",\"name\":\"Jonas\",\"image\":{\"@type\":\"ImageObject\",\"inLanguage\":\"de\",\"@id\":\"https:\\\/\\\/www.vaillant.de\\\/21-grad\\\/wp-content\\\/uploads\\\/2025\\\/04\\\/Jonas-smal-125x125.jpg09a77e2fccb6ed2f064616ea71935c21\",\"url\":\"https:\\\/\\\/www.vaillant.de\\\/21-grad\\\/wp-content\\\/uploads\\\/2025\\\/04\\\/Jonas-smal-125x125.jpg\",\"contentUrl\":\"https:\\\/\\\/www.vaillant.de\\\/21-grad\\\/wp-content\\\/uploads\\\/2025\\\/04\\\/Jonas-smal-125x125.jpg\",\"caption\":\"Jonas\"},\"description\":\"Bei meiner Arbeit befasse ich mich mit der Identifikation, Analyse und Ansprache von Endverbrauchern. Im Team entwickeln wir Strategien zur Zielgruppensegmentierung, um ma\u00dfgeschneiderte Marketingkampagnen zu erstellen. Interessen In meiner Freizeit ist Sport sehr wichtig. Sei es die eigene k\u00f6rperliche Fitness, Fu\u00dfball oder wenn m\u00f6glich Snowboarden in den Bergen. Wenn du eine Superkraft h\u00e4ttest, welche w\u00e4re das und warum? Ich w\u00fcrde aus zwei Gr\u00fcnden gerne fliegen k\u00f6nnen. Erstens: Ich k\u00f6nnte \u00fcberall schnell hinkommen, ohne unn\u00f6tig im Stau zu stehen. Zweitens: Wenn ich fliege, sehe ich die Welt aus einer anderen Perspektive. Was bringt dich auf die Palme? Mein Hund, wenn er versucht, sein K\u00f6rbchen zu zerst\u00f6ren. Was war der beste Rat, den du jemals erhalten hast? \u201eDer R\u00fcckspiegel im Auto ist kleiner als die Windschutzscheibe, also fokussiere dich auf das, was vor dir ist!\u201c\",\"url\":\"https:\\\/\\\/www.vaillant.de\\\/21-grad\\\/autor\\\/jonas\\\/\"}]}<\/script>\n<!-- \/ Yoast SEO plugin. -->","yoast_head_json":{"title":"Richtig L\u00fcften \u2013 So vermeidet ihr Schimmel! | 21 Grad","description":"Ohne frische Luft geht nichts. Aber wie l\u00fcftet man richtig? Badezimmer \u2713 Keller \u2713 K\u00fcche \u2713 Durch L\u00fcften Schimmel vermeiden \u27a8 jetzt informieren!","robots":{"index":"index","follow":"follow","max-snippet":"max-snippet:-1","max-image-preview":"max-image-preview:large","max-video-preview":"max-video-preview:-1"},"canonical":"https:\/\/www.vaillant.de\/21-grad\/rat-und-tat\/richtig-lueften\/","og_locale":"de_DE","og_type":"article","og_title":"Richtig L\u00fcften \u2013 So vermeidet ihr Schimmel! | 21 Grad","og_description":"Ohne frische Luft geht nichts. Aber wie l\u00fcftet man richtig? Badezimmer \u2713 Keller \u2713 K\u00fcche \u2713 Durch L\u00fcften Schimmel vermeiden \u27a8 jetzt informieren!","og_url":"https:\/\/www.vaillant.de\/21-grad\/rat-und-tat\/richtig-lueften\/","og_site_name":"21 grad","article_publisher":"https:\/\/www.facebook.com\/21grad\/","article_published_time":"2017-04-26T08:48:57+00:00","article_modified_time":"2026-01-28T08:53:59+00:00","og_image":[{"width":940,"height":480,"url":"https:\/\/www.vaillant.de\/21-grad\/wp-content\/uploads\/2017\/04\/Richtig-L\u00fcften_Header.jpg","type":"image\/jpeg"}],"author":"Jonas","twitter_card":"summary_large_image","twitter_creator":"@vaillant_de","twitter_site":"@vaillant_de","twitter_misc":{"Verfasst von":"Jonas","Gesch\u00e4tzte Lesezeit":"6\u00a0Minuten","Written by":"Jonas"},"schema":{"@context":"https:\/\/schema.org","@graph":[{"@type":"Article","@id":"https:\/\/www.vaillant.de\/21-grad\/rat-und-tat\/richtig-lueften\/#article","isPartOf":{"@id":"https:\/\/www.vaillant.de\/21-grad\/rat-und-tat\/richtig-lueften\/"},"author":{"name":"Jonas","@id":"https:\/\/www.vaillant.de\/21-grad\/#\/schema\/person\/0688f4a2058918ae82b953244b8160d9"},"headline":"Richtig L\u00fcften \u2013 Luft verbessern, Schimmel vermeiden (Artikel 5\/5)","datePublished":"2017-04-26T08:48:57+00:00","dateModified":"2026-01-28T08:53:59+00:00","mainEntityOfPage":{"@id":"https:\/\/www.vaillant.de\/21-grad\/rat-und-tat\/richtig-lueften\/"},"wordCount":1126,"commentCount":13,"image":{"@id":"https:\/\/www.vaillant.de\/21-grad\/rat-und-tat\/richtig-lueften\/#primaryimage"},"thumbnailUrl":"https:\/\/www.vaillant.de\/21-grad\/wp-content\/uploads\/2017\/04\/Richtig-L\u00fcften_Header.jpg","keywords":["Energie sparen","Heiztipps"],"articleSection":["Rat &amp; Tat","X-Partner-Beitr\u00e4ge"],"inLanguage":"de","potentialAction":[{"@type":"CommentAction","name":"Comment","target":["https:\/\/www.vaillant.de\/21-grad\/rat-und-tat\/richtig-lueften\/#respond"]}]},{"@type":"WebPage","@id":"https:\/\/www.vaillant.de\/21-grad\/rat-und-tat\/richtig-lueften\/","url":"https:\/\/www.vaillant.de\/21-grad\/rat-und-tat\/richtig-lueften\/","name":"Richtig L\u00fcften \u2013 So vermeidet ihr Schimmel! | 21 Grad","isPartOf":{"@id":"https:\/\/www.vaillant.de\/21-grad\/#website"},"primaryImageOfPage":{"@id":"https:\/\/www.vaillant.de\/21-grad\/rat-und-tat\/richtig-lueften\/#primaryimage"},"image":{"@id":"https:\/\/www.vaillant.de\/21-grad\/rat-und-tat\/richtig-lueften\/#primaryimage"},"thumbnailUrl":"https:\/\/www.vaillant.de\/21-grad\/wp-content\/uploads\/2017\/04\/Richtig-L\u00fcften_Header.jpg","datePublished":"2017-04-26T08:48:57+00:00","dateModified":"2026-01-28T08:53:59+00:00","author":{"@id":"https:\/\/www.vaillant.de\/21-grad\/#\/schema\/person\/0688f4a2058918ae82b953244b8160d9"},"description":"Ohne frische Luft geht nichts. Aber wie l\u00fcftet man richtig? Badezimmer \u2713 Keller \u2713 K\u00fcche \u2713 Durch L\u00fcften Schimmel vermeiden \u27a8 jetzt informieren!","breadcrumb":{"@id":"https:\/\/www.vaillant.de\/21-grad\/rat-und-tat\/richtig-lueften\/#breadcrumb"},"inLanguage":"de","potentialAction":[{"@type":"ReadAction","target":["https:\/\/www.vaillant.de\/21-grad\/rat-und-tat\/richtig-lueften\/"]}]},{"@type":"ImageObject","inLanguage":"de","@id":"https:\/\/www.vaillant.de\/21-grad\/rat-und-tat\/richtig-lueften\/#primaryimage","url":"https:\/\/www.vaillant.de\/21-grad\/wp-content\/uploads\/2017\/04\/Richtig-L\u00fcften_Header.jpg","contentUrl":"https:\/\/www.vaillant.de\/21-grad\/wp-content\/uploads\/2017\/04\/Richtig-L\u00fcften_Header.jpg","width":940,"height":480},{"@type":"BreadcrumbList","@id":"https:\/\/www.vaillant.de\/21-grad\/rat-und-tat\/richtig-lueften\/#breadcrumb","itemListElement":[{"@type":"ListItem","position":1,"name":"Startseite","item":"https:\/\/www.vaillant.de\/21-grad\/"},{"@type":"ListItem","position":2,"name":"Richtig L\u00fcften \u2013 Luft verbessern, Schimmel vermeiden (Artikel 5\/5)"}]},{"@type":"WebSite","@id":"https:\/\/www.vaillant.de\/21-grad\/#website","url":"https:\/\/www.vaillant.de\/21-grad\/","name":"21 grad","description":"Der Blog f\u00fcr Menschen, die weiterdenken","potentialAction":[{"@type":"SearchAction","target":{"@type":"EntryPoint","urlTemplate":"https:\/\/www.vaillant.de\/21-grad\/?s={search_term_string}"},"query-input":{"@type":"PropertyValueSpecification","valueRequired":true,"valueName":"search_term_string"}}],"inLanguage":"de"},{"@type":"Person","@id":"https:\/\/www.vaillant.de\/21-grad\/#\/schema\/person\/0688f4a2058918ae82b953244b8160d9","name":"Jonas","image":{"@type":"ImageObject","inLanguage":"de","@id":"https:\/\/www.vaillant.de\/21-grad\/wp-content\/uploads\/2025\/04\/Jonas-smal-125x125.jpg09a77e2fccb6ed2f064616ea71935c21","url":"https:\/\/www.vaillant.de\/21-grad\/wp-content\/uploads\/2025\/04\/Jonas-smal-125x125.jpg","contentUrl":"https:\/\/www.vaillant.de\/21-grad\/wp-content\/uploads\/2025\/04\/Jonas-smal-125x125.jpg","caption":"Jonas"},"description":"Bei meiner Arbeit befasse ich mich mit der Identifikation, Analyse und Ansprache von Endverbrauchern. Im Team entwickeln wir Strategien zur Zielgruppensegmentierung, um ma\u00dfgeschneiderte Marketingkampagnen zu erstellen. Interessen In meiner Freizeit ist Sport sehr wichtig. Sei es die eigene k\u00f6rperliche Fitness, Fu\u00dfball oder wenn m\u00f6glich Snowboarden in den Bergen. Wenn du eine Superkraft h\u00e4ttest, welche w\u00e4re das und warum? Ich w\u00fcrde aus zwei Gr\u00fcnden gerne fliegen k\u00f6nnen. Erstens: Ich k\u00f6nnte \u00fcberall schnell hinkommen, ohne unn\u00f6tig im Stau zu stehen. Zweitens: Wenn ich fliege, sehe ich die Welt aus einer anderen Perspektive. Was bringt dich auf die Palme? Mein Hund, wenn er versucht, sein K\u00f6rbchen zu zerst\u00f6ren. Was war der beste Rat, den du jemals erhalten hast? \u201eDer R\u00fcckspiegel im Auto ist kleiner als die Windschutzscheibe, also fokussiere dich auf das, was vor dir ist!\u201c","url":"https:\/\/www.vaillant.de\/21-grad\/autor\/jonas\/"}]}},"_links":{"self":[{"href":"https:\/\/www.vaillant.de\/21-grad\/wp-json\/wp\/v2\/posts\/2387","targetHints":{"allow":["GET"]}}],"collection":[{"href":"https:\/\/www.vaillant.de\/21-grad\/wp-json\/wp\/v2\/posts"}],"about":[{"href":"https:\/\/www.vaillant.de\/21-grad\/wp-json\/wp\/v2\/types\/post"}],"author":[{"embeddable":true,"href":"https:\/\/www.vaillant.de\/21-grad\/wp-json\/wp\/v2\/users\/27"}],"replies":[{"embeddable":true,"href":"https:\/\/www.vaillant.de\/21-grad\/wp-json\/wp\/v2\/comments?post=2387"}],"version-history":[{"count":14,"href":"https:\/\/www.vaillant.de\/21-grad\/wp-json\/wp\/v2\/posts\/2387\/revisions"}],"predecessor-version":[{"id":5043,"href":"https:\/\/www.vaillant.de\/21-grad\/wp-json\/wp\/v2\/posts\/2387\/revisions\/5043"}],"wp:featuredmedia":[{"embeddable":true,"href":"https:\/\/www.vaillant.de\/21-grad\/wp-json\/wp\/v2\/media\/2398"}],"wp:attachment":[{"href":"https:\/\/www.vaillant.de\/21-grad\/wp-json\/wp\/v2\/media?parent=2387"}],"wp:term":[{"taxonomy":"category","embeddable":true,"href":"https:\/\/www.vaillant.de\/21-grad\/wp-json\/wp\/v2\/categories?post=2387"},{"taxonomy":"post_tag","embeddable":true,"href":"https:\/\/www.vaillant.de\/21-grad\/wp-json\/wp\/v2\/tags?post=2387"},{"taxonomy":"author","embeddable":true,"href":"https:\/\/www.vaillant.de\/21-grad\/wp-json\/wp\/v2\/coauthors?post=2387"}],"curies":[{"name":"wp","href":"https:\/\/api.w.org\/{rel}","templated":true}]}}