{"id":2559,"date":"2017-06-30T12:00:09","date_gmt":"2017-06-30T10:00:09","guid":{"rendered":"https:\/\/21-grad.vaillant.de\/?p=2559"},"modified":"2017-09-05T13:58:21","modified_gmt":"2017-09-05T11:58:21","slug":"so-uebersteht-ihr-den-heissesten-tag-des-jahres","status":"publish","type":"post","link":"https:\/\/www.vaillant.de\/21-grad\/rat-und-tat\/so-uebersteht-ihr-den-heissesten-tag-des-jahres\/","title":{"rendered":"Meine kleine Farm"},"content":{"rendered":"<p>Regional, saisonal und bio \u2013 immer mehr Verbraucher m\u00f6chten wissen, woher ihre Lebensmittel stammen und unter welchen Bedingungen sie produziert werden. Ein neuer Trend im nachhaltigen Landbau stellt nun eine direkte Verbindung zwischen Landwirten und Kunden her: Crowdfarming. Bei diesem Konzept werden Verbraucher zu Paten f\u00fcr Pflanzen und Tiere. So tritt an die Stelle eines anonymen Einkaufs ein Projekt, mit dem sich die Beteiligten identifizieren k\u00f6nnen. Ob sie Anbau und Aufzucht weiterhin professionellen Erzeugern \u00fcberlassen oder selbst Hand anlegen, entscheiden die Konsumenten in vielen F\u00e4llen selbst.<\/p>\n<h2><strong>Schreberg\u00e4rten f\u00fcr alle<\/strong><\/h2>\n<p>Spr\u00f6sslinge setzen, Beete gie\u00dfen, Abl\u00e4ufe planen: Richard Hagedorn hat zur Saisoner\u00f6ffnung einiges zu tun. Der 30-J\u00e4hrige ist Gr\u00fcnder des Unternehmens <a href=\"http:\/\/www.erntemich.de\"><u>Ernte-mich<\/u><\/a>, das in Leipzig individuellen Gem\u00fcseanbau erm\u00f6glicht. Die Idee dahinter ist simpel: Verbraucher k\u00f6nnen \u00fcber die Website von Ernte-mich eine beliebig gro\u00dfe Gartenfl\u00e4che mieten und mit einem digitalen Beetbaukasten ihre individuelle Mischkultur zusammenstellen. Rund 50 verschiedene Pflanzenarten stehen zur Auswahl \u2013 von Basilikum bis Zucchini. Der Boden ist bereits biologisch ged\u00fcngt und f\u00fcr die Aussaat vorbereitet, Gartenger\u00e4te sind ebenfalls vor Ort verf\u00fcgbar. Wer sich beraten lassen m\u00f6chte, nimmt an einem der regelm\u00e4\u00dfigen Workshops teil oder sucht einfach das Gespr\u00e4ch mit den Beetnachbarn. Fehlt die Zeit f\u00fcr eine eigene Parzelle, l\u00e4sst sich direkt mit einem Gemeinschaftsbeet starten, das sich bis zu zehn Personen teilen. Inzwischen hat Richard Hagedorn den Gem\u00fcseanbau um eine Streuobstwiese mit nachhaltiger G\u00e4nsehaltung erweitert. \u201eIch w\u00fcrde mir w\u00fcnschen, dass in Zukunft noch mehr Menschen von den Vorteilen des Crowdfarming f\u00fcr Umwelt und Gesellschaft profitieren\u201c, sagt der Jungunternehmer.<\/p>\n<h2><strong>Orangen-Adoption per Mausklick<\/strong><\/h2>\n<p>Eine der erfolgreichsten Crowfarming-Initiativen kommt aus Spanien: Das Familienunternehmen <a href=\"http:\/\/www.naranjasdelcarmen.com\"><u>Naranjas del Carmen<\/u><\/a>\u00a0vergibt seit 2010 Patenschaften f\u00fcr Orangenb\u00e4ume. Als Gegenleistung f\u00fcr einen Jahresbeitrag von 60 bis 80 Euro erhalten Verbraucher die Ernte ihres Baumes nach Hause geliefert. Durch dieses Prinzip werden nur so viele Fr\u00fcchte angebaut, wie Obstliebhaber tats\u00e4chlich nachfragen. Das spart Lagerkosten, verhindert \u00dcberproduktion und verringert die Lebensmittelverschwendung. Auf der anderen Seite vergr\u00f6\u00dfert der Paketversand den CO<sub>2<\/sub>-Fu\u00dfabdruck des Erzeugers. Die Finca verweist demgegen\u00fcber auf eine Studie des Deutschen CleanTech-Instituts (DCTI), wonach bei einem Einkauf im Internet nur etwa halb so viele Emissionen entstehen wie im station\u00e4ren Einzelhandel.<\/p>\n<h2><strong>Kuh-Sharing f\u00fcr Gourmets<\/strong><\/h2>\n<p>Zur\u00fcckverfolgbares Rindfleisch von artgerecht gehaltenen Tieren \u2013 das verspricht die Plattform <a href=\"http:\/\/www.kaufnekuh.de\"><u>Kaufnekuh<\/u><\/a>. Verbraucher w\u00e4hlen daf\u00fcr online einen Teil des Rinds aus, den sie bestellen m\u00f6chten. Zur Auswahl stehen zwei Paketgr\u00f6\u00dfen, die 28 oder 14 Mahlzeiten entsprechen \u2013 von Steaks bis zu Rouladen und Bratw\u00fcrsten. Der Clou: Erst wenn das gesamte Fleisch einer Kuh verkauft ist, wird das Tier geschlachtet. Im Gegensatz zu einer Kuhpatenschaft m\u00fcssen Kunden bei diesem \u201eCrowdbutching\u201c bis dahin keinen monatlichen Beitrag leisten. Durchschnittlich leben die Tiere acht Jahre auf Kleinbauernh\u00f6fen in S\u00fcddeutschland, deutlich l\u00e4nger als Schlachtrinder aus der Massentierhaltung.<\/p>\n<h2><strong>Bauernhof auf dem Smartphone<\/strong><\/h2>\n<p>Mit einer App Schafe und Ziegen in Ostafrika kaufen? Das Crowdfarming-Startup <a href=\"https:\/\/www.ari.farm\/\"><u>Ari.farm<\/u><\/a>\u00a0erlaubt Menschen aus aller Welt, Nutztiere in Somalia zu erwerben \u2013 und damit einheimische Nomaden zu unterst\u00fctzen. Diese haben oftmals Schwierigkeiten, ihr Vieh vor Ort zu verkaufen. Ein Grund daf\u00fcr ist das Klima: In Trockenphasen fehlt den Tieren die Nahrungsgrundlage, sodass die lokale Nachfrage f\u00fcr sie f\u00e4llt. Hier kommt Ari.farm ins Spiel: \u00dcber die Anwendung kaufen Nutzer Vieh von sechs Nomadenfamilien, die es weiterhin aufziehen und versorgen. Wird der Bestand weiterverkauft oder bekommt Nachwuchs, teilen sich Hirten und Investoren den Gewinn. Mehr als 700 Kunden aus 15 L\u00e4ndern haben sich bereits auf der Plattform registriert.<\/p>\n<h2><strong>Mehr regionale Crowdfarming-Projekte:<\/strong><\/h2>\n<div class=\"infobox default\"><\/p>\n<p><a href=\"http:\/\/hof-gasswies.de\/\"><strong>Bauernhof Gasswies (Klettgau)<\/strong><\/a><\/p>\n<p>Das Gut im S\u00fcden Baden-W\u00fcrttembergs bietet Patenschaften f\u00fcr Obstb\u00e4ume und Milchk\u00fche an. Als Gegenwert gibt es ein Fotoalbum mit Steckbriefen der Sch\u00fctzlinge.<\/p>\n<p><a href=\"http:\/\/www.diakonisches-werk.de\/leben-arbeiten-mit-behinderung\/qualifizierung-arbeit\/werkstaetten\/rotthoffs-hof\/\"><strong>Rotthoffs Hof (Bottrop)<\/strong><\/a><\/p>\n<p>Verbraucher kaufen f\u00fcr rund 240 Euro eine Aktie im Wert eines halben Bio-Schweins aus dem Ruhrgebiet. Sp\u00e4ter stehen den Aktion\u00e4ren jeweils 45 Kilogramm Fleisch zu.<\/p>\n<p><a href=\"http:\/\/www.imker-hans.de\/\"><strong>Imkerei Thomas Hans (Herzheim)<\/strong><\/a><\/p>\n<p>Wer ein Bienenvolk aus der Pfalz adoptieren m\u00f6chte, ist hier richtig. Daf\u00fcr erhalten Paten ein Foto ihres Bienenstocks und einen Teil des Honigertrags.<\/p>\n<p><\/div>\n","protected":false},"excerpt":{"rendered":"<p>Einfach mal selbst G\u00e4rtner oder Bauer werden: Beim \u201eCrowdfarming\u201c \u00fcbernehmen Verbraucher Patenschaften f\u00fcr Pflanzen und Tiere. Damit unterst\u00fctzen Sie den \u00f6kologischen Landbau, f\u00f6rdern soziale Projekte und greifen auf Wunsch selbst zum Spaten. Wir werfen f\u00fcr Euch einen Blick auf die interessantesten Angebote im In- und Ausland. <\/p>\n","protected":false},"author":19,"featured_media":2564,"comment_status":"open","ping_status":"open","sticky":false,"template":"","format":"standard","meta":{"footnotes":""},"categories":[2,183],"tags":[106,173],"coauthors":[243],"class_list":["post-2559","post","type-post","status-publish","format-standard","has-post-thumbnail","hentry","category-rat-und-tat","category-partner-beitraege","tag-konsum","tag-nachhaltigkeitstipps"],"yoast_head":"<!-- This site is optimized with the Yoast SEO plugin v27.4 - https:\/\/yoast.com\/product\/yoast-seo-wordpress\/ -->\n<title>Meine kleine Farm | 21 grad<\/title>\n<meta name=\"description\" content=\"Beim Crowdfarming \u00fcbernehmen Verbraucher Patenschaften f\u00fcr Pflanzen und Tiere. Der Vaillant-Blog stellt nachhaltige Projekte vor.\" \/>\n<meta name=\"robots\" content=\"index, follow, max-snippet:-1, max-image-preview:large, max-video-preview:-1\" \/>\n<link rel=\"canonical\" href=\"https:\/\/www.vaillant.de\/21-grad\/rat-und-tat\/so-uebersteht-ihr-den-heissesten-tag-des-jahres\/\" \/>\n<meta property=\"og:locale\" content=\"de_DE\" \/>\n<meta property=\"og:type\" content=\"article\" \/>\n<meta property=\"og:title\" content=\"Meine kleine Farm | 21 grad\" \/>\n<meta property=\"og:description\" content=\"Beim Crowdfarming \u00fcbernehmen Verbraucher Patenschaften f\u00fcr Pflanzen und Tiere. Der Vaillant-Blog stellt nachhaltige Projekte vor.\" \/>\n<meta property=\"og:url\" content=\"https:\/\/www.vaillant.de\/21-grad\/rat-und-tat\/so-uebersteht-ihr-den-heissesten-tag-des-jahres\/\" \/>\n<meta property=\"og:site_name\" content=\"21 grad\" \/>\n<meta property=\"article:publisher\" content=\"https:\/\/www.facebook.com\/21grad\/\" \/>\n<meta property=\"article:published_time\" content=\"2017-06-30T10:00:09+00:00\" \/>\n<meta property=\"article:modified_time\" content=\"2017-09-05T11:58:21+00:00\" \/>\n<meta property=\"og:image\" content=\"https:\/\/www.vaillant.de\/21-grad\/wp-content\/uploads\/2017\/06\/Meine-kleine-Farm.jpg\" \/>\n\t<meta property=\"og:image:width\" content=\"940\" \/>\n\t<meta property=\"og:image:height\" content=\"480\" \/>\n\t<meta property=\"og:image:type\" content=\"image\/jpeg\" \/>\n<meta name=\"author\" content=\"Tim\" \/>\n<meta name=\"twitter:card\" content=\"summary_large_image\" \/>\n<meta name=\"twitter:creator\" content=\"@vaillant_de\" \/>\n<meta name=\"twitter:site\" content=\"@vaillant_de\" \/>\n<meta name=\"twitter:label1\" content=\"Verfasst von\" \/>\n\t<meta name=\"twitter:data1\" content=\"Tim\" \/>\n\t<meta name=\"twitter:label2\" content=\"Gesch\u00e4tzte Lesezeit\" \/>\n\t<meta name=\"twitter:data2\" content=\"3\u00a0Minuten\" \/>\n\t<meta name=\"twitter:label3\" content=\"Written by\" \/>\n\t<meta name=\"twitter:data3\" content=\"Tim\" \/>\n<script type=\"application\/ld+json\" class=\"yoast-schema-graph\">{\"@context\":\"https:\\\/\\\/schema.org\",\"@graph\":[{\"@type\":\"Article\",\"@id\":\"https:\\\/\\\/www.vaillant.de\\\/21-grad\\\/rat-und-tat\\\/so-uebersteht-ihr-den-heissesten-tag-des-jahres\\\/#article\",\"isPartOf\":{\"@id\":\"https:\\\/\\\/www.vaillant.de\\\/21-grad\\\/rat-und-tat\\\/so-uebersteht-ihr-den-heissesten-tag-des-jahres\\\/\"},\"author\":{\"name\":\"Tim\",\"@id\":\"https:\\\/\\\/www.vaillant.de\\\/21-grad\\\/#\\\/schema\\\/person\\\/6c5f5a4071f0c7be145a9df11dac0709\"},\"headline\":\"Meine kleine Farm\",\"datePublished\":\"2017-06-30T10:00:09+00:00\",\"dateModified\":\"2017-09-05T11:58:21+00:00\",\"mainEntityOfPage\":{\"@id\":\"https:\\\/\\\/www.vaillant.de\\\/21-grad\\\/rat-und-tat\\\/so-uebersteht-ihr-den-heissesten-tag-des-jahres\\\/\"},\"wordCount\":700,\"commentCount\":2,\"image\":{\"@id\":\"https:\\\/\\\/www.vaillant.de\\\/21-grad\\\/rat-und-tat\\\/so-uebersteht-ihr-den-heissesten-tag-des-jahres\\\/#primaryimage\"},\"thumbnailUrl\":\"https:\\\/\\\/www.vaillant.de\\\/21-grad\\\/wp-content\\\/uploads\\\/2017\\\/06\\\/Meine-kleine-Farm.jpg\",\"keywords\":[\"Konsum\",\"Nachhaltigkeitstipps\"],\"articleSection\":[\"Rat &amp; Tat\",\"X-Partner-Beitr\u00e4ge\"],\"inLanguage\":\"de\",\"potentialAction\":[{\"@type\":\"CommentAction\",\"name\":\"Comment\",\"target\":[\"https:\\\/\\\/www.vaillant.de\\\/21-grad\\\/rat-und-tat\\\/so-uebersteht-ihr-den-heissesten-tag-des-jahres\\\/#respond\"]}]},{\"@type\":\"WebPage\",\"@id\":\"https:\\\/\\\/www.vaillant.de\\\/21-grad\\\/rat-und-tat\\\/so-uebersteht-ihr-den-heissesten-tag-des-jahres\\\/\",\"url\":\"https:\\\/\\\/www.vaillant.de\\\/21-grad\\\/rat-und-tat\\\/so-uebersteht-ihr-den-heissesten-tag-des-jahres\\\/\",\"name\":\"Meine kleine Farm | 21 grad\",\"isPartOf\":{\"@id\":\"https:\\\/\\\/www.vaillant.de\\\/21-grad\\\/#website\"},\"primaryImageOfPage\":{\"@id\":\"https:\\\/\\\/www.vaillant.de\\\/21-grad\\\/rat-und-tat\\\/so-uebersteht-ihr-den-heissesten-tag-des-jahres\\\/#primaryimage\"},\"image\":{\"@id\":\"https:\\\/\\\/www.vaillant.de\\\/21-grad\\\/rat-und-tat\\\/so-uebersteht-ihr-den-heissesten-tag-des-jahres\\\/#primaryimage\"},\"thumbnailUrl\":\"https:\\\/\\\/www.vaillant.de\\\/21-grad\\\/wp-content\\\/uploads\\\/2017\\\/06\\\/Meine-kleine-Farm.jpg\",\"datePublished\":\"2017-06-30T10:00:09+00:00\",\"dateModified\":\"2017-09-05T11:58:21+00:00\",\"author\":{\"@id\":\"https:\\\/\\\/www.vaillant.de\\\/21-grad\\\/#\\\/schema\\\/person\\\/6c5f5a4071f0c7be145a9df11dac0709\"},\"description\":\"Beim Crowdfarming \u00fcbernehmen Verbraucher Patenschaften f\u00fcr Pflanzen und Tiere. Der Vaillant-Blog stellt nachhaltige Projekte vor.\",\"breadcrumb\":{\"@id\":\"https:\\\/\\\/www.vaillant.de\\\/21-grad\\\/rat-und-tat\\\/so-uebersteht-ihr-den-heissesten-tag-des-jahres\\\/#breadcrumb\"},\"inLanguage\":\"de\",\"potentialAction\":[{\"@type\":\"ReadAction\",\"target\":[\"https:\\\/\\\/www.vaillant.de\\\/21-grad\\\/rat-und-tat\\\/so-uebersteht-ihr-den-heissesten-tag-des-jahres\\\/\"]}]},{\"@type\":\"ImageObject\",\"inLanguage\":\"de\",\"@id\":\"https:\\\/\\\/www.vaillant.de\\\/21-grad\\\/rat-und-tat\\\/so-uebersteht-ihr-den-heissesten-tag-des-jahres\\\/#primaryimage\",\"url\":\"https:\\\/\\\/www.vaillant.de\\\/21-grad\\\/wp-content\\\/uploads\\\/2017\\\/06\\\/Meine-kleine-Farm.jpg\",\"contentUrl\":\"https:\\\/\\\/www.vaillant.de\\\/21-grad\\\/wp-content\\\/uploads\\\/2017\\\/06\\\/Meine-kleine-Farm.jpg\",\"width\":940,\"height\":480},{\"@type\":\"BreadcrumbList\",\"@id\":\"https:\\\/\\\/www.vaillant.de\\\/21-grad\\\/rat-und-tat\\\/so-uebersteht-ihr-den-heissesten-tag-des-jahres\\\/#breadcrumb\",\"itemListElement\":[{\"@type\":\"ListItem\",\"position\":1,\"name\":\"Startseite\",\"item\":\"https:\\\/\\\/www.vaillant.de\\\/21-grad\\\/\"},{\"@type\":\"ListItem\",\"position\":2,\"name\":\"Meine kleine Farm\"}]},{\"@type\":\"WebSite\",\"@id\":\"https:\\\/\\\/www.vaillant.de\\\/21-grad\\\/#website\",\"url\":\"https:\\\/\\\/www.vaillant.de\\\/21-grad\\\/\",\"name\":\"21 grad\",\"description\":\"Der Blog f\u00fcr Menschen, die weiterdenken\",\"potentialAction\":[{\"@type\":\"SearchAction\",\"target\":{\"@type\":\"EntryPoint\",\"urlTemplate\":\"https:\\\/\\\/www.vaillant.de\\\/21-grad\\\/?s={search_term_string}\"},\"query-input\":{\"@type\":\"PropertyValueSpecification\",\"valueRequired\":true,\"valueName\":\"search_term_string\"}}],\"inLanguage\":\"de\"},{\"@type\":\"Person\",\"@id\":\"https:\\\/\\\/www.vaillant.de\\\/21-grad\\\/#\\\/schema\\\/person\\\/6c5f5a4071f0c7be145a9df11dac0709\",\"name\":\"Tim\",\"image\":{\"@type\":\"ImageObject\",\"inLanguage\":\"de\",\"@id\":\"https:\\\/\\\/www.vaillant.de\\\/21-grad\\\/wp-content\\\/uploads\\\/2025\\\/04\\\/20230516_Vaillant-Mitarbeitershooting-Lennep_0005_MKP-1-125x125.jpg9c05c6497faaba75d1eddfe0b2afcc63\",\"url\":\"https:\\\/\\\/www.vaillant.de\\\/21-grad\\\/wp-content\\\/uploads\\\/2025\\\/04\\\/20230516_Vaillant-Mitarbeitershooting-Lennep_0005_MKP-1-125x125.jpg\",\"contentUrl\":\"https:\\\/\\\/www.vaillant.de\\\/21-grad\\\/wp-content\\\/uploads\\\/2025\\\/04\\\/20230516_Vaillant-Mitarbeitershooting-Lennep_0005_MKP-1-125x125.jpg\",\"caption\":\"Tim\"},\"description\":\"Ob Facebook oder Twitter, ob # oder @, ob Like oder Share \u2013 in meinem Arbeitsalltag dreht sich alles um Social Media. Ich sorge daf\u00fcr, dass unsere Zielgruppen sowohl informative als auch unterhaltsame und interaktive Inhalte mit Mehrwert auf unseren Kan\u00e4len finden. Nachhaltigkeit Nachhaltigkeit spielt vor allem in meiner Bewegung eine Rolle, da ich so viele Wege wie m\u00f6glich mit dem Rad zur\u00fccklege, u.a. den Weg zur Arbeit. Meiner Meinung nach wird viel zu oft auf das Auto zur\u00fcckgegriffen, vor allem f\u00fcr unn\u00f6tige Kurzstrecken unter 10 oder sogar weniger Minuten. Interessen Fu\u00dfball, Skifahren, Fitness, Unternehmungen in der Natur, Musik. Was w\u00fcrdest du mit auf eine einsame Insel nehmen? Einen Plattenspieler, ein gutes Buch und einen erfrischenden Drink. Wenn du eine Superkraft h\u00e4ttest, welche w\u00e4re das und warum? Ich w\u00fcrde mit meiner Superkraft gerne den Klimawandel aufhalten, da wir zwar viel reden, aber noch viel zu wenig daf\u00fcr tun.\",\"url\":\"https:\\\/\\\/www.vaillant.de\\\/21-grad\\\/autor\\\/tim\\\/\"}]}<\/script>\n<!-- \/ Yoast SEO plugin. -->","yoast_head_json":{"title":"Meine kleine Farm | 21 grad","description":"Beim Crowdfarming \u00fcbernehmen Verbraucher Patenschaften f\u00fcr Pflanzen und Tiere. Der Vaillant-Blog stellt nachhaltige Projekte vor.","robots":{"index":"index","follow":"follow","max-snippet":"max-snippet:-1","max-image-preview":"max-image-preview:large","max-video-preview":"max-video-preview:-1"},"canonical":"https:\/\/www.vaillant.de\/21-grad\/rat-und-tat\/so-uebersteht-ihr-den-heissesten-tag-des-jahres\/","og_locale":"de_DE","og_type":"article","og_title":"Meine kleine Farm | 21 grad","og_description":"Beim Crowdfarming \u00fcbernehmen Verbraucher Patenschaften f\u00fcr Pflanzen und Tiere. Der Vaillant-Blog stellt nachhaltige Projekte vor.","og_url":"https:\/\/www.vaillant.de\/21-grad\/rat-und-tat\/so-uebersteht-ihr-den-heissesten-tag-des-jahres\/","og_site_name":"21 grad","article_publisher":"https:\/\/www.facebook.com\/21grad\/","article_published_time":"2017-06-30T10:00:09+00:00","article_modified_time":"2017-09-05T11:58:21+00:00","og_image":[{"width":940,"height":480,"url":"https:\/\/www.vaillant.de\/21-grad\/wp-content\/uploads\/2017\/06\/Meine-kleine-Farm.jpg","type":"image\/jpeg"}],"author":"Tim","twitter_card":"summary_large_image","twitter_creator":"@vaillant_de","twitter_site":"@vaillant_de","twitter_misc":{"Verfasst von":"Tim","Gesch\u00e4tzte Lesezeit":"3\u00a0Minuten","Written by":"Tim"},"schema":{"@context":"https:\/\/schema.org","@graph":[{"@type":"Article","@id":"https:\/\/www.vaillant.de\/21-grad\/rat-und-tat\/so-uebersteht-ihr-den-heissesten-tag-des-jahres\/#article","isPartOf":{"@id":"https:\/\/www.vaillant.de\/21-grad\/rat-und-tat\/so-uebersteht-ihr-den-heissesten-tag-des-jahres\/"},"author":{"name":"Tim","@id":"https:\/\/www.vaillant.de\/21-grad\/#\/schema\/person\/6c5f5a4071f0c7be145a9df11dac0709"},"headline":"Meine kleine Farm","datePublished":"2017-06-30T10:00:09+00:00","dateModified":"2017-09-05T11:58:21+00:00","mainEntityOfPage":{"@id":"https:\/\/www.vaillant.de\/21-grad\/rat-und-tat\/so-uebersteht-ihr-den-heissesten-tag-des-jahres\/"},"wordCount":700,"commentCount":2,"image":{"@id":"https:\/\/www.vaillant.de\/21-grad\/rat-und-tat\/so-uebersteht-ihr-den-heissesten-tag-des-jahres\/#primaryimage"},"thumbnailUrl":"https:\/\/www.vaillant.de\/21-grad\/wp-content\/uploads\/2017\/06\/Meine-kleine-Farm.jpg","keywords":["Konsum","Nachhaltigkeitstipps"],"articleSection":["Rat &amp; Tat","X-Partner-Beitr\u00e4ge"],"inLanguage":"de","potentialAction":[{"@type":"CommentAction","name":"Comment","target":["https:\/\/www.vaillant.de\/21-grad\/rat-und-tat\/so-uebersteht-ihr-den-heissesten-tag-des-jahres\/#respond"]}]},{"@type":"WebPage","@id":"https:\/\/www.vaillant.de\/21-grad\/rat-und-tat\/so-uebersteht-ihr-den-heissesten-tag-des-jahres\/","url":"https:\/\/www.vaillant.de\/21-grad\/rat-und-tat\/so-uebersteht-ihr-den-heissesten-tag-des-jahres\/","name":"Meine kleine Farm | 21 grad","isPartOf":{"@id":"https:\/\/www.vaillant.de\/21-grad\/#website"},"primaryImageOfPage":{"@id":"https:\/\/www.vaillant.de\/21-grad\/rat-und-tat\/so-uebersteht-ihr-den-heissesten-tag-des-jahres\/#primaryimage"},"image":{"@id":"https:\/\/www.vaillant.de\/21-grad\/rat-und-tat\/so-uebersteht-ihr-den-heissesten-tag-des-jahres\/#primaryimage"},"thumbnailUrl":"https:\/\/www.vaillant.de\/21-grad\/wp-content\/uploads\/2017\/06\/Meine-kleine-Farm.jpg","datePublished":"2017-06-30T10:00:09+00:00","dateModified":"2017-09-05T11:58:21+00:00","author":{"@id":"https:\/\/www.vaillant.de\/21-grad\/#\/schema\/person\/6c5f5a4071f0c7be145a9df11dac0709"},"description":"Beim Crowdfarming \u00fcbernehmen Verbraucher Patenschaften f\u00fcr Pflanzen und Tiere. Der Vaillant-Blog stellt nachhaltige Projekte vor.","breadcrumb":{"@id":"https:\/\/www.vaillant.de\/21-grad\/rat-und-tat\/so-uebersteht-ihr-den-heissesten-tag-des-jahres\/#breadcrumb"},"inLanguage":"de","potentialAction":[{"@type":"ReadAction","target":["https:\/\/www.vaillant.de\/21-grad\/rat-und-tat\/so-uebersteht-ihr-den-heissesten-tag-des-jahres\/"]}]},{"@type":"ImageObject","inLanguage":"de","@id":"https:\/\/www.vaillant.de\/21-grad\/rat-und-tat\/so-uebersteht-ihr-den-heissesten-tag-des-jahres\/#primaryimage","url":"https:\/\/www.vaillant.de\/21-grad\/wp-content\/uploads\/2017\/06\/Meine-kleine-Farm.jpg","contentUrl":"https:\/\/www.vaillant.de\/21-grad\/wp-content\/uploads\/2017\/06\/Meine-kleine-Farm.jpg","width":940,"height":480},{"@type":"BreadcrumbList","@id":"https:\/\/www.vaillant.de\/21-grad\/rat-und-tat\/so-uebersteht-ihr-den-heissesten-tag-des-jahres\/#breadcrumb","itemListElement":[{"@type":"ListItem","position":1,"name":"Startseite","item":"https:\/\/www.vaillant.de\/21-grad\/"},{"@type":"ListItem","position":2,"name":"Meine kleine Farm"}]},{"@type":"WebSite","@id":"https:\/\/www.vaillant.de\/21-grad\/#website","url":"https:\/\/www.vaillant.de\/21-grad\/","name":"21 grad","description":"Der Blog f\u00fcr Menschen, die weiterdenken","potentialAction":[{"@type":"SearchAction","target":{"@type":"EntryPoint","urlTemplate":"https:\/\/www.vaillant.de\/21-grad\/?s={search_term_string}"},"query-input":{"@type":"PropertyValueSpecification","valueRequired":true,"valueName":"search_term_string"}}],"inLanguage":"de"},{"@type":"Person","@id":"https:\/\/www.vaillant.de\/21-grad\/#\/schema\/person\/6c5f5a4071f0c7be145a9df11dac0709","name":"Tim","image":{"@type":"ImageObject","inLanguage":"de","@id":"https:\/\/www.vaillant.de\/21-grad\/wp-content\/uploads\/2025\/04\/20230516_Vaillant-Mitarbeitershooting-Lennep_0005_MKP-1-125x125.jpg9c05c6497faaba75d1eddfe0b2afcc63","url":"https:\/\/www.vaillant.de\/21-grad\/wp-content\/uploads\/2025\/04\/20230516_Vaillant-Mitarbeitershooting-Lennep_0005_MKP-1-125x125.jpg","contentUrl":"https:\/\/www.vaillant.de\/21-grad\/wp-content\/uploads\/2025\/04\/20230516_Vaillant-Mitarbeitershooting-Lennep_0005_MKP-1-125x125.jpg","caption":"Tim"},"description":"Ob Facebook oder Twitter, ob # oder @, ob Like oder Share \u2013 in meinem Arbeitsalltag dreht sich alles um Social Media. Ich sorge daf\u00fcr, dass unsere Zielgruppen sowohl informative als auch unterhaltsame und interaktive Inhalte mit Mehrwert auf unseren Kan\u00e4len finden. Nachhaltigkeit Nachhaltigkeit spielt vor allem in meiner Bewegung eine Rolle, da ich so viele Wege wie m\u00f6glich mit dem Rad zur\u00fccklege, u.a. den Weg zur Arbeit. Meiner Meinung nach wird viel zu oft auf das Auto zur\u00fcckgegriffen, vor allem f\u00fcr unn\u00f6tige Kurzstrecken unter 10 oder sogar weniger Minuten. Interessen Fu\u00dfball, Skifahren, Fitness, Unternehmungen in der Natur, Musik. Was w\u00fcrdest du mit auf eine einsame Insel nehmen? Einen Plattenspieler, ein gutes Buch und einen erfrischenden Drink. Wenn du eine Superkraft h\u00e4ttest, welche w\u00e4re das und warum? Ich w\u00fcrde mit meiner Superkraft gerne den Klimawandel aufhalten, da wir zwar viel reden, aber noch viel zu wenig daf\u00fcr tun.","url":"https:\/\/www.vaillant.de\/21-grad\/autor\/tim\/"}]}},"_links":{"self":[{"href":"https:\/\/www.vaillant.de\/21-grad\/wp-json\/wp\/v2\/posts\/2559","targetHints":{"allow":["GET"]}}],"collection":[{"href":"https:\/\/www.vaillant.de\/21-grad\/wp-json\/wp\/v2\/posts"}],"about":[{"href":"https:\/\/www.vaillant.de\/21-grad\/wp-json\/wp\/v2\/types\/post"}],"author":[{"embeddable":true,"href":"https:\/\/www.vaillant.de\/21-grad\/wp-json\/wp\/v2\/users\/19"}],"replies":[{"embeddable":true,"href":"https:\/\/www.vaillant.de\/21-grad\/wp-json\/wp\/v2\/comments?post=2559"}],"version-history":[{"count":2,"href":"https:\/\/www.vaillant.de\/21-grad\/wp-json\/wp\/v2\/posts\/2559\/revisions"}],"predecessor-version":[{"id":2561,"href":"https:\/\/www.vaillant.de\/21-grad\/wp-json\/wp\/v2\/posts\/2559\/revisions\/2561"}],"wp:featuredmedia":[{"embeddable":true,"href":"https:\/\/www.vaillant.de\/21-grad\/wp-json\/wp\/v2\/media\/2564"}],"wp:attachment":[{"href":"https:\/\/www.vaillant.de\/21-grad\/wp-json\/wp\/v2\/media?parent=2559"}],"wp:term":[{"taxonomy":"category","embeddable":true,"href":"https:\/\/www.vaillant.de\/21-grad\/wp-json\/wp\/v2\/categories?post=2559"},{"taxonomy":"post_tag","embeddable":true,"href":"https:\/\/www.vaillant.de\/21-grad\/wp-json\/wp\/v2\/tags?post=2559"},{"taxonomy":"author","embeddable":true,"href":"https:\/\/www.vaillant.de\/21-grad\/wp-json\/wp\/v2\/coauthors?post=2559"}],"curies":[{"name":"wp","href":"https:\/\/api.w.org\/{rel}","templated":true}]}}