{"id":2565,"date":"2017-06-21T18:03:41","date_gmt":"2017-06-21T16:03:41","guid":{"rendered":"https:\/\/21-grad.vaillant.de\/?p=2565"},"modified":"2026-01-30T14:10:36","modified_gmt":"2026-01-30T13:10:36","slug":"die-acht-groessten-heizmythen-entkraeftet","status":"publish","type":"post","link":"https:\/\/www.vaillant.de\/21-grad\/rat-und-tat\/die-acht-groessten-heizmythen-entkraeftet\/","title":{"rendered":"Die acht gro\u00dfen Heizmythen \u2013 was ist wirklich dran?"},"content":{"rendered":"<h2><strong>Mythos 1: Bei Strom kann ich am meisten sparen.<\/strong><\/h2>\n<p>Das ist eindeutig \u2013 falsch! Denn ungef\u00e4hr 70 Prozent der Energie daheim verbraucht Ihr f\u00fcr Raumw\u00e4rme. Die wird \u00fcberwiegend (laut Bundesministerium f\u00fcr Wirtschaft und Klimaschutz zu 75 Prozent) noch durch eine Gas- oder \u00d6lheizung erzeugt, also mit fossilen Brennstoffen. Rund 15 Prozent Energie ben\u00f6tigt Ihr f\u00fcr Warmwasser (kommt meist auch aus dem Heizungskeller), und nur 15 Prozent bleiben dann noch an Strom, beispielsweise f\u00fcr Beleuchtung oder Informations- und Kommunikationstechnik, wie Fernsehen und Internet. (Quelle: Umweltbundesamt; Stand: 02\/23)<\/p>\n<p>Die Konsequenz: Wenn Ihr Energie sparen wollt, fangt bei Eurem Heizverhalten an. Das geht \u00fcbrigens ebenso einfach wie effektiv. Wer die Raumtemperatur um nur <a href=\"https:\/\/www.vaillant.de\/21-grad\/rat-und-tat\/energiesparen-jetzt-sofort-und-wirksam-hier-die-tipps\/\" target=\"_blank\" rel=\"noopener\">1 \u00b0C absenkt<\/a>, spart bereits etwa 6 Prozent Energie. Aber es gibt noch mehr Ans\u00e4tze.<\/p>\n<p><strong>Mythos 2: Jeder Raum sollte dieselbe Temperatur haben.<\/strong><\/p>\n<p>Das ist eindeutig \u2013 auch falsch! 21 \u00b0C ist die Temperatur, bei der sich der Mensch am wohlsten f\u00fchlt. Das hei\u00dft aber noch lange nicht, dass jeder Raum in Eurem Haus oder in Eurer Wohnung so warm sein muss. Das DWD-Zentrum f\u00fcr Medizin-Meteorologische Forschung Freiburg empfiehlt zum Beispiel besser 18 \u00b0C in der K\u00fcche und 17 \u00b0C im Schlafzimmer. Auch der Flur braucht eigentlich nicht w\u00e4rmer sein, da h\u00e4lt sich ja niemand f\u00fcr l\u00e4ngere Zeit auf. Nur im Bad, da sind selbst f\u00fcr die Energiefachleute der Verbraucherberatung 21 bis 23 \u00b0C angemessen. Ihr seht: Wer raumweise bedarfsgerecht heizt (und sich an die 6 Prozent Einsparung pro 1 \u00b0C Temperaturunterschied von oben erinnert), kann hier nochmals richtig viel Energie einsparen.<\/p>\n<p>Vor allem, wenn \u00fcber die <a href=\"https:\/\/www.vaillant.de\/heizung\/heizung-verstehen\/tipps-rund-um-ihre-heizung\/nachtabsenkung\/\" target=\"_blank\" rel=\"noopener\">Nachtabsenkung<\/a> der Heizung von etwa 22 Uhr am Abend bis 5 Uhr am Morgen die Raumtemperatur nochmals etwas verringert wird. Die damit verbundene Komforteinbu\u00dfe durch etwas k\u00e4ltere R\u00e4ume sp\u00fcrt man kaum, die Ersparnis bei den Heizkosten umso mehr.<\/p>\n<p>Wenig Sinn macht es in diesem Zusammenhang allerdings, die R\u00e4ume durch deutliches Auf- oder Abdrehen des Thermostatventils an den Heizk\u00f6rpern stark ausk\u00fchlen zu lassen und dann wieder aufzuheizen. Die Physik l\u00e4sst sich nicht \u00fcberlisten: F\u00fcr eine bestimmte Temperatur braucht Ihr einfach eine gewisse Menge Energie \u2013 und das schlie\u00dft beim Wohnen zum Beispiel die warmen (oder eben ausgek\u00fchlten) W\u00e4nde mit ein, die Ihr nach l\u00e4ngerem Nicht-Heizen nat\u00fcrlich auch wieder \u201eerw\u00e4rmen\u201c m\u00fcsst. Bei zu starkem Ausk\u00fchlen der W\u00e4nde steigt au\u00dferdem das Schimmelrisiko, weil sich dort die Luftfeuchte schneller niederschl\u00e4gt.<\/p>\n<p><strong>Mythos 3: Den Heizk\u00f6rper voll aufdrehen, damit es schneller warm wird.<\/strong><\/p>\n<div id=\"attachment_8180\" style=\"width: 423px\" class=\"wp-caption alignright\"><a href=\"https:\/\/www.vaillant.de\/21-grad\/wp-content\/uploads\/2017\/06\/20230521_200101.jpg\"><img loading=\"lazy\" decoding=\"async\" aria-describedby=\"caption-attachment-8180\" class=\"size-medium wp-image-8180\" src=\"https:\/\/www.vaillant.de\/21-grad\/wp-content\/uploads\/2017\/06\/20230521_200101-413x232.jpg\" alt=\"Auf dem Thermostatventil einer Heizung sind in einem Info-Kasten die Einstellungen in Grad abgedruckt.\" width=\"413\" height=\"232\" srcset=\"https:\/\/www.vaillant.de\/21-grad\/wp-content\/uploads\/2017\/06\/20230521_200101-413x232.jpg 413w, https:\/\/www.vaillant.de\/21-grad\/wp-content\/uploads\/2017\/06\/20230521_200101.jpg 502w\" sizes=\"auto, (max-width: 413px) 100vw, 413px\" \/><\/a><p id=\"caption-attachment-8180\" class=\"wp-caption-text\">Mit der bedarfsgerechten Einstellung der Thermostatventile l\u00e4sst sich eine Menge Heizenergie sparen.<\/p><\/div>\n<p>Das ist eindeutig \u2013 richtig! Auch wenn man korrekterweise sagen m\u00fcsste: Das Thermostatventil am Heizk\u00f6rper voll aufdrehen, damit es schneller warm wird &#8230;<\/p>\n<p>Um diesen Effekt zu erkl\u00e4ren, muss man sich die Konstruktion eines solchen <a href=\"https:\/\/www.vaillant.de\/heizung\/heizung-verstehen\/tipps-rund-um-ihre-heizung\/heizungsthermostat\/\" target=\"_blank\" rel=\"noopener\">Heizk\u00f6rperventils<\/a> anschauen. Vereinfacht gesagt funktioniert es wie ein Wasserhahn: In Stellung 1 (was etwa 12 \u00b0C Raumtemperatur entspricht), flie\u00dft nur wenig warmes Heizungswasser in den Heizk\u00f6rper. In Stellung 5 \u2013 also voll aufgedreht, mit etwa 28 \u00b0C Zieltemperatur \u2013 l\u00e4sst das Thermostatventil viel Heizungswasser durch. Der Heizk\u00f6rper kann dadurch deutlich mehr W\u00e4rme an den Raum abgeben \u2013 und es wird schneller warm.<\/p>\n<p>Allerdings solltet Ihr darauf achten, das Thermostatventil m\u00f6glichst bald wieder auf die gew\u00fcnschte Raumtemperatur \u2013 meist Stellung 3 f\u00fcr ca. 20 \u00b0C \u2013 herunterzudrehen. Sonst wird der Raum unangenehm \u00fcberhitzt, und Ihr vergeudet Energie.<\/p>\n<p><strong>Mythos 4: Ein Heizk\u00f6rper beheizt am besten mehrere R\u00e4ume.<\/strong><\/p>\n<p><a href=\"https:\/\/www.vaillant.de\/21-grad\/wp-content\/uploads\/2017\/06\/Mitheizen-der-R\u00e4ume.jpg\"><img loading=\"lazy\" decoding=\"async\" class=\"size-medium wp-image-2569 alignleft\" src=\"https:\/\/www.vaillant.de\/21-grad\/wp-content\/uploads\/2017\/06\/Mitheizen-der-R\u00e4ume-360x232.jpg\" alt=\"\" width=\"360\" height=\"232\" srcset=\"https:\/\/www.vaillant.de\/21-grad\/wp-content\/uploads\/2017\/06\/Mitheizen-der-R\u00e4ume-360x232.jpg 360w, https:\/\/www.vaillant.de\/21-grad\/wp-content\/uploads\/2017\/06\/Mitheizen-der-R\u00e4ume-768x495.jpg 768w, https:\/\/www.vaillant.de\/21-grad\/wp-content\/uploads\/2017\/06\/Mitheizen-der-R\u00e4ume-744x480.jpg 744w\" sizes=\"auto, (max-width: 360px) 100vw, 360px\" \/><\/a>Das ist eindeutig \u2013 wenig sinnvoll! Grunds\u00e4tzlich ist es zwar m\u00f6glich, mit den Heizk\u00f6rpern beispielsweise des Wohnzimmers auch die anderen Zimmer zu erw\u00e4rmen. Das macht aber aus mehreren Gr\u00fcnden keinen Sinn: Erstens sind Heizk\u00f6rper passend f\u00fcr den Raum dimensioniert, den sie versorgen sollen \u2013 etwa 20 \u00b0C Raumtemperatur in Stellung 3 am Thermostatventil. Soll ein anderer Raum mitversorgt werden, m\u00fcsste die Temperatur am Thermostatventil h\u00f6her eingestellt werden, weil f\u00fcr mehr Raumvolumen mehr W\u00e4rme ben\u00f6tigt wird. Das f\u00fchlt sich schnell ausgesprochen unkomfortabel an \u2013 hier zu warm, im Nebenraum zu kalt.<\/p>\n<p>Zum Zweiten hat jeder Raum eine andere Idealtemperatur, wie oben beschrieben. 18 \u00b0C beispielsweise in der K\u00fcche, bis 23 \u00b0C im Bad. Das l\u00e4sst sich definitiv nicht \u00fcber einen einzigen, riesig dimensionierten Heizk\u00f6rper erreichen, der irgendwo zentral in der Wohnung steht.<\/p>\n<p>Und drittens steigt in den k\u00fchleren R\u00e4umen wieder das Schimmelrisiko, weil die Warmluft aus dem \u201eHeizk\u00f6rper-Raum\u201c eventuell viel Feuchtigkeit enth\u00e4lt, die sich in den k\u00fchleren Nebenr\u00e4umen dann speziell an den Au\u00dfenw\u00e4nden niederschlagen kann.<\/p>\n<h2>Mythos 5: Wer das Haus verl\u00e4sst, dreht das Thermostatventil am Heizk\u00f6rper am besten komplett zu.<\/h2>\n<p>Das ist eindeutig \u2013 falsch! Denn f\u00fcr das Haus gilt genauso wie f\u00fcr den einzelnen Raum das Grundprinzip der Physik, dass f\u00fcr eine bestimmte Menge W\u00e4rme immer eine entsprechende Menge Energie bereitgestellt werden muss. Das bedeutet: Wenn keiner zuhause ist, kann die Raumtemperatur in dieser Zeit statt 18 oder 20 \u00b0C zwar problemlos auf 16 oder 17 \u00b0C abgesenkt werden. Dann spart Ihr durchaus Energie. Die Ventile am Heizk\u00f6rper aber komplett zu schlie\u00dfen, ist kontraproduktiv. Zum einen, weil Ihr sp\u00e4ter viel der (vermeintlich) eingesparten Energie aufwenden m\u00fcsst, um wieder auf Eure Wunschtemperatur zu kommen. Und zum anderen, weil speziell in schlecht ged\u00e4mmten Altbauten das Schimmelrisiko steigt. Der Grund: Hier k\u00fchlen die Au\u00dfenw\u00e4nde viel schneller aus als bei einem gut ged\u00e4mmten Neubau. Sinkt die Oberfl\u00e4chentemperatur der Wand auf etwa 14 \u00b0C, schl\u00e4gt sich die in der warmen Raumluft \u00fcblicherweise enthaltene Luftfeuchte auf der Wand nieder, und es bildet sich schwarzer Schimmel. Wie oft und wie schnell das genau passiert, h\u00e4ngt dabei aber von verschiedenen Faktoren ab. Unter anderem von Eurem L\u00fcftungsverhalten, das den Grad der Luftfeuchtigkeit beeinflusst. Also betrachtet die genannten Werte hier bitte nur als Richtschnur. Wer es genau wissen m\u00f6chte: Das sogenannte Molli\u00e9r-Diagramm (oder hx-Diagramm) stellt die Zusammenh\u00e4nge im Detail dar.<\/p>\n<h2 class=\"Zwischentitel\">Mythos 6: Regenerative Energien sind nichts f\u00fcr Altbauten.<\/h2>\n<div id=\"attachment_8179\" style=\"width: 423px\" class=\"wp-caption alignright\"><a href=\"https:\/\/www.vaillant.de\/21-grad\/wp-content\/uploads\/2017\/06\/20200904_182911.jpg\"><img loading=\"lazy\" decoding=\"async\" aria-describedby=\"caption-attachment-8179\" class=\"size-medium wp-image-8179\" src=\"https:\/\/www.vaillant.de\/21-grad\/wp-content\/uploads\/2017\/06\/20200904_182911-413x232.jpg\" alt=\"Unter einem Fenster sind zwei gro\u00dfe, alte Guss-Radiatoren montiert.\" width=\"413\" height=\"232\" srcset=\"https:\/\/www.vaillant.de\/21-grad\/wp-content\/uploads\/2017\/06\/20200904_182911-413x232.jpg 413w, https:\/\/www.vaillant.de\/21-grad\/wp-content\/uploads\/2017\/06\/20200904_182911.jpg 502w\" sizes=\"auto, (max-width: 413px) 100vw, 413px\" \/><\/a><p id=\"caption-attachment-8179\" class=\"wp-caption-text\">Mit einer Heizlastberechnung kann Euer Heizungsfachmann ermitteln, ob die Leistung der vorhandenen Heizk\u00f6rper auch bei geringeren Vorlauftemperaturen die ben\u00f6tigte W\u00e4rme in den Raum abgibt.<\/p><\/div>\n<p>Das ist eindeutig \u2013 falsch! Zu den alten Mythen rund um richtiges Heizverhalten gesellen sich also seit geraumer Zeit auch ein paar neue &#8230; Einer der ganz gro\u00dfen Mythen ist die pauschale Aussage, dass regenerative Energien nicht in H\u00e4usern mit Heizk\u00f6rpern (statt Fl\u00e4chenheizung) funktionieren. Das ist so allgemein gesprochen einfach Unsinn!<\/p>\n<p>Richtig ist: Regenerative W\u00e4rmeerzeuger, wie zum Beispiel ressourcenschonende W\u00e4rmepumpen oder auch bestimmte W\u00e4rmenetze, stellen in der Regel etwas niedrigere Vorlauftemperaturen bereit als Gas-, \u00d6l- oder Pelletheizungen. An den Heizk\u00f6rpern kommt damit nicht so hei\u00dfes Heizwasser an; sie k\u00f6nnen zwangsl\u00e4ufig nicht mehr so viel W\u00e4rme an den Raum abgeben wie vorher. Oft sind aber gerade in Altbauten die Heizk\u00f6rper sehr gro\u00df dimensioniert. Diese zus\u00e4tzliche \u201eW\u00e4rme\u00fcbertragerfl\u00e4che\u201c gleicht die niedrigere Vorlauftemperatur h\u00e4ufig problemlos aus. Oder es wird mit wenig Aufwand ein zus\u00e4tzlicher Heizk\u00f6rper montiert.<\/p>\n<p>Denn das Prinzip dahinter ist ganz einfach: Entweder habe ich nur eine kleine W\u00e4rme\u00fcbertragerfl\u00e4che \u2013 dann brauche ich h\u00f6here Vorlauftemperaturen, ca. 65 oder 70 \u00b0C. Oder ich habe gro\u00dfe W\u00e4rme\u00fcbertragerfl\u00e4chen \u2013 dann kann das Heizwasser durchaus etwas k\u00fchler sein, etwa 35 \u00b0C oder sogar nur 33 \u00b0C. Deswegen ist in Neubauten auch die Kombination W\u00e4rmepumpe plus Fl\u00e4chenheizung so beliebt, da diese \u2013 wie der Name schon sagt \u2013 eine m\u00f6glichst gro\u00dfe Fl\u00e4che des Fu\u00dfbodens, oder auch der Wand bzw. der Decke, f\u00fcr die W\u00e4rme\u00fcbertragung nutzt.<\/p>\n<h2><strong>Mythos 7: Sanieren lohnt energetisch nicht. <\/strong><\/h2>\n<div id=\"attachment_8178\" style=\"width: 358px\" class=\"wp-caption alignleft\"><a href=\"https:\/\/www.vaillant.de\/21-grad\/wp-content\/uploads\/2017\/06\/230503_0141.jpg\"><img loading=\"lazy\" decoding=\"async\" aria-describedby=\"caption-attachment-8178\" class=\"size-medium wp-image-8178\" src=\"https:\/\/www.vaillant.de\/21-grad\/wp-content\/uploads\/2017\/06\/230503_0141-348x232.jpg\" alt=\"Vor einem Stadthaus im Jugendstil ist unter bl\u00fchenden Kirschb\u00e4umen eine aroTHERM plus Luft\/Wasser-W\u00e4rmepumpe montiert.\" width=\"348\" height=\"232\" srcset=\"https:\/\/www.vaillant.de\/21-grad\/wp-content\/uploads\/2017\/06\/230503_0141-348x232.jpg 348w, https:\/\/www.vaillant.de\/21-grad\/wp-content\/uploads\/2017\/06\/230503_0141.jpg 502w\" sizes=\"auto, (max-width: 348px) 100vw, 348px\" \/><\/a><p id=\"caption-attachment-8178\" class=\"wp-caption-text\">Moderne W\u00e4rmepumpen sind auch f\u00fcr Altbauten eine wirtschaftliche und nachhaltige L\u00f6sung.<\/p><\/div>\n<p>Das ist eindeutig \u2013 falsch! Warum, zeigt schon ein Blick auf die Verbrauchsdaten der H\u00e4user aus verschiedenen Baujahren. In der Gr\u00fcnderzeit, also um 1920, lag der Energiebedarf pro Quadratmeter bei etwa 140 bis 150 Kilowattstunden pro Quadratmeter und Jahr (kWh\/m\u00b2a). In den Nachkriegsjahren, um 1960, stieg er teilweise sogar auf \u00fcber 250 kWh\/m\u00b2a. Erst mit der \u00d6lkrise in den 80-er Jahren setzte ein Umdenken ein, es wurde energiesparender gebaut \u2013 und der Bedarf sank von etwa 160 kWh\/m\u00b2a kontinuierlich auf heute unter 50 kWh\/m\u00b2a (Quelle: Arbeitsgemeinschaft f\u00fcr sparsamen und umweltfreundlichen Energieverbrauch; ASUE). Ziel ist ein klimaneutraler Geb\u00e4udebestand. Also H\u00e4user, in denen kaum noch Energie verbraucht wird.<\/p>\n<p>Das ist auch deswegen sinnvoll, weil fossile Energie immer teurer wird. Stichwort: CO2-Bepreisung. Wenn Ihr ein \u00e4lteres Haus besitzt, solltet Ihr also dringend dar\u00fcber nachdenken, wie Ihr den W\u00e4rmebedarf senken k\u00f6nnt. Ausgesprochen wirkungsvoll ist dabei die D\u00e4mmung der Geb\u00e4udeh\u00fclle und des Daches inklusive neuer Fenster. Dann geht weniger teuer erzeugte Heizw\u00e4rme durch die W\u00e4nde an die Au\u00dfenluft verloren. Zudem solltet Ihr alte (fossile) Heizungen durch nachhaltigere L\u00f6sungen, wie eine Luft\/Wasser-W\u00e4rmepumpe, ersetzen.<\/p>\n<p>Beide Ma\u00dfnahmen setzen zwar Investitionen voraus. Euer Heizungsbauer, der Euch idealerweise einen <a href=\"https:\/\/www.vaillant.de\/heizung\/klima-foerderung\/foerderung-finanzierung\/individueller-sanierungsfahrplan\/\" target=\"_blank\" rel=\"noopener\">individuellen Sanierungsfahrplan (iSFP)<\/a> entwickelt, kann Euch aber genau vorrechnen, wie schnell sich das amortisiert. Und das gute Gewissen, ressourcenschonend etwas f\u00fcr die Umwelt zu tun, gibt es kostenlos dazu. Au\u00dferdem finanziert der Staat viele dieser energetischen Sanierungsma\u00dfnahmen \u00fcber attraktive F\u00f6rderprogramme mit. Eine genaue \u00dcbersicht findet Ihr <a href=\"https:\/\/www.vaillant.de\/heizung\/klima-foerderung\/foerderung-finanzierung\/\" target=\"_blank\" rel=\"noopener\">hier<\/a>.<\/p>\n<h2>Mythos 8: Wenn es kalt ist, heizt die W\u00e4rmepumpe nicht.<\/h2>\n<div id=\"attachment_8177\" style=\"width: 332px\" class=\"wp-caption alignright\"><a href=\"https:\/\/www.vaillant.de\/21-grad\/wp-content\/uploads\/2017\/06\/HP18-35870_02.jpg\"><img loading=\"lazy\" decoding=\"async\" aria-describedby=\"caption-attachment-8177\" class=\"size-medium wp-image-8177\" src=\"https:\/\/www.vaillant.de\/21-grad\/wp-content\/uploads\/2017\/06\/HP18-35870_02-322x232.jpg\" alt=\"Vor einem Neubau steht eine aroTHERM plus Luft\/Wasser-W\u00e4rmepumpe im Schnee.\" width=\"322\" height=\"232\" srcset=\"https:\/\/www.vaillant.de\/21-grad\/wp-content\/uploads\/2017\/06\/HP18-35870_02-322x232.jpg 322w, https:\/\/www.vaillant.de\/21-grad\/wp-content\/uploads\/2017\/06\/HP18-35870_02-667x480.jpg 667w, https:\/\/www.vaillant.de\/21-grad\/wp-content\/uploads\/2017\/06\/HP18-35870_02-768x553.jpg 768w, https:\/\/www.vaillant.de\/21-grad\/wp-content\/uploads\/2017\/06\/HP18-35870_02-1536x1106.jpg 1536w, https:\/\/www.vaillant.de\/21-grad\/wp-content\/uploads\/2017\/06\/HP18-35870_02-2048x1475.jpg 2048w\" sizes=\"auto, (max-width: 322px) 100vw, 322px\" \/><\/a><p id=\"caption-attachment-8177\" class=\"wp-caption-text\">Der Mythos, W\u00e4rmepumpen erzeugen im Winter nicht genug W\u00e4rme, ist falsch. Und die Stromkosten f\u00fcr eine W\u00e4rmepumpe m\u00fcssen \u00fcber das Jahr gerechnet werden \u2013 wie der Brennstoffverbrauch bei jedem anderen W\u00e4rmeerzeuger auch.<\/p><\/div>\n<p>Das ist eindeutig \u2013 falsch! Und zwar richtig falsch, obwohl der Mythos speziell im Zusammenhang mit Luft\/Wasser-W\u00e4rmepumpen regelm\u00e4\u00dfig wiederholt wird, sobald es drau\u00dfen k\u00e4lter wird.<\/p>\n<p>Woher der Irrtum kommt, ist schnell erkl\u00e4rt: <a href=\"https:\/\/www.vaillant.de\/heizung\/heizung-verstehen\/technologie-verstehen\/waermepumpe\/luft-wasser-waermepumpe\/\" target=\"_blank\" rel=\"noopener\">Luft\/Wasser-W\u00e4rmepumpen<\/a> ziehen die Energie \u2013 wie ihr Name schon sagt \u2013 aus der Umgebungsluft. Nach dem gleichen Funktionsprinzip wie ein K\u00fchlschrank, nur umgekehrt, verdichten sie \u00fcber einen Kompressor die angesaugte Luft und bringen sie auf ein h\u00f6heres Temperaturniveau. Damit kann man dann heizen. Oder das Trinkwasser im Speicher aufw\u00e4rmen.<\/p>\n<p>Auch f\u00fcr technische Laien ist dieser Prozess noch durchaus nachvollziehbar, wenn drau\u00dfen 20 oder 25 \u00b0C herrschen. Aber bei Frost? Dann ist doch gar keine W\u00e4rme mehr in der Au\u00dfenluft &#8230; Soweit der Irrtum.<\/p>\n<p>Denn genau der Gedanke stimmt so nicht. Im Vergleich zum absoluten Nullpunkt (minus 273,15 \u00b0C; gibt es nur im Weltall) ist in unserer Umgebungsluft selbst bei minus 5 \u00b0C oder weniger noch jede Menge nutzbare Energie enthalten. Die W\u00e4rmepumpe muss nur deutlich mehr Leistung einsetzen, um diese Energie beispielsweise auf etwa 32 \u00b0C f\u00fcr eine Fu\u00dfbodenheizung anzuheben. Die daf\u00fcr notwendige Mehrleistung hat Euer Heizungsbauer aber bei der Auslegung der W\u00e4rmepumpe schon \u00fcber die Heizlastberechnung ber\u00fccksichtigt. \u00dcbrigens genau wie bei jedem anderen W\u00e4rmeerzeuger, zum Beispiel einem Gas-Brennwertger\u00e4t. Das muss im Winter bei minus 5 oder minus 10 \u00b0C ja auch \u201emehr Leistung bringen\u201c als im Sommer. Das bedeutet also: \u00dcber die W\u00e4rmepumpe gibt es im Winter bei Frostgraden genauso zuverl\u00e4ssig Raumw\u00e4rme und Warmwasser wie im Sommer.<\/p>\n<p>Dass die W\u00e4rmepumpe daf\u00fcr mehr Antriebsstrom ben\u00f6tigt als bei h\u00f6heren Au\u00dfentemperaturen, ist allerdings nachvollziehbar. Schlie\u00dflich verbraucht auch eine Gas- oder \u00d6lheizung im Winter mehr Brennstoff als im Sommer. Aufs Jahr gerechnet gleicht sich das aber wieder aus, wie Ihr ganz einfach nach sechs oder zw\u00f6lf Monaten an der Energieverbrauchs- und Effizienzanzeige Eurer W\u00e4rmepumpe ablesen k\u00f6nnt.<\/p>\n<p>Damit ist gleichzeitig die Aussage falsch, die W\u00e4rmepumpe sei im Winter eine \u201eStromheizung\u201c. Selbst unter ung\u00fcnstigen Bedingungen, bei gro\u00dfer K\u00e4lte und einem entsprechenden Hub auf Raumtemperatur, liegt die Menge der erzeugten Energie in aller Regel mindestens um den Faktor 2,x oder 3,0 h\u00f6her als der eingesetzte Strom. Ihr und die Umwelt profitieren also selbst dann noch von dieser nachhaltigen W\u00e4rmetechnologie.<\/p>\n","protected":false},"excerpt":{"rendered":"<p>Es gibt ja Leute, die sagen: Fr\u00fcher war alles besser. Mag sein, das eine oder andere war vielleicht besser. Vieles war es aber auch nicht. Denn Heizen ist beispielsweise heute deutlich nachhaltiger als noch vor ein paar Jahren. Weil lange Zeit galt: Viel hilft viel \u2013 auch in Sachen \u201ewarmes Wohnzimmer\u201c. Und genau aus der Zeit stammen ein paar Heizmythen, von denen wir hier die acht popul\u00e4rsten n\u00e4her unter die Lupe genommen haben.<\/p>\n","protected":false},"author":6,"featured_media":2566,"comment_status":"open","ping_status":"open","sticky":false,"template":"","format":"standard","meta":{"footnotes":""},"categories":[2,183],"tags":[51,137],"coauthors":[70],"class_list":["post-2565","post","type-post","status-publish","format-standard","has-post-thumbnail","hentry","category-rat-und-tat","category-partner-beitraege","tag-energie-sparen","tag-heiztipps"],"yoast_head":"<!-- This site is optimized with the Yoast SEO plugin v27.4 - https:\/\/yoast.com\/product\/yoast-seo-wordpress\/ -->\n<title>Die 8 gr\u00f6\u00dften Heizmythen: Wir entkr\u00e4ften Irrt\u00fcmer | 21 grad<\/title>\n<meta name=\"description\" content=\"Je h\u00f6her ihr die Heizung dreht, desto schneller wird es warm? Falsch! Wir r\u00e4umen auf mit den gr\u00f6\u00dften Mythn &amp; Irrt\u00fcmern rund ums Heizen. Jetzt lesen!\" \/>\n<meta name=\"robots\" content=\"index, follow, max-snippet:-1, max-image-preview:large, max-video-preview:-1\" \/>\n<link rel=\"canonical\" href=\"https:\/\/www.vaillant.de\/21-grad\/rat-und-tat\/die-acht-groessten-heizmythen-entkraeftet\/\" \/>\n<meta property=\"og:locale\" content=\"de_DE\" \/>\n<meta property=\"og:type\" content=\"article\" \/>\n<meta property=\"og:title\" content=\"Die 8 gr\u00f6\u00dften Heizmythen: Wir entkr\u00e4ften Irrt\u00fcmer | 21 grad\" \/>\n<meta property=\"og:description\" content=\"Je h\u00f6her ihr die Heizung dreht, desto schneller wird es warm? Falsch! Wir r\u00e4umen auf mit den gr\u00f6\u00dften Mythn &amp; Irrt\u00fcmern rund ums Heizen. Jetzt lesen!\" \/>\n<meta property=\"og:url\" content=\"https:\/\/www.vaillant.de\/21-grad\/rat-und-tat\/die-acht-groessten-heizmythen-entkraeftet\/\" \/>\n<meta property=\"og:site_name\" content=\"21 grad\" \/>\n<meta property=\"article:publisher\" content=\"https:\/\/www.facebook.com\/21grad\/\" \/>\n<meta property=\"article:published_time\" content=\"2017-06-21T16:03:41+00:00\" \/>\n<meta property=\"article:modified_time\" content=\"2026-01-30T13:10:36+00:00\" \/>\n<meta property=\"og:image\" content=\"https:\/\/www.vaillant.de\/21-grad\/wp-content\/uploads\/2017\/06\/Heizmythen.jpg\" \/>\n\t<meta property=\"og:image:width\" content=\"940\" \/>\n\t<meta property=\"og:image:height\" content=\"480\" \/>\n\t<meta property=\"og:image:type\" content=\"image\/jpeg\" \/>\n<meta name=\"author\" content=\"Marcus\" \/>\n<meta name=\"twitter:card\" content=\"summary_large_image\" \/>\n<meta name=\"twitter:creator\" content=\"@vaillant_de\" \/>\n<meta name=\"twitter:site\" content=\"@vaillant_de\" \/>\n<meta name=\"twitter:label1\" content=\"Verfasst von\" \/>\n\t<meta name=\"twitter:data1\" content=\"Marcus\" \/>\n\t<meta name=\"twitter:label2\" content=\"Gesch\u00e4tzte Lesezeit\" \/>\n\t<meta name=\"twitter:data2\" content=\"12\u00a0Minuten\" \/>\n\t<meta name=\"twitter:label3\" content=\"Written by\" \/>\n\t<meta name=\"twitter:data3\" content=\"Marcus\" \/>\n<script type=\"application\/ld+json\" class=\"yoast-schema-graph\">{\"@context\":\"https:\\\/\\\/schema.org\",\"@graph\":[{\"@type\":\"Article\",\"@id\":\"https:\\\/\\\/www.vaillant.de\\\/21-grad\\\/rat-und-tat\\\/die-acht-groessten-heizmythen-entkraeftet\\\/#article\",\"isPartOf\":{\"@id\":\"https:\\\/\\\/www.vaillant.de\\\/21-grad\\\/rat-und-tat\\\/die-acht-groessten-heizmythen-entkraeftet\\\/\"},\"author\":{\"name\":\"Marcus\",\"@id\":\"https:\\\/\\\/www.vaillant.de\\\/21-grad\\\/#\\\/schema\\\/person\\\/d79d2ba98cd3da7ae5877706050352da\"},\"headline\":\"Die acht gro\u00dfen Heizmythen \u2013 was ist wirklich dran?\",\"datePublished\":\"2017-06-21T16:03:41+00:00\",\"dateModified\":\"2026-01-30T13:10:36+00:00\",\"mainEntityOfPage\":{\"@id\":\"https:\\\/\\\/www.vaillant.de\\\/21-grad\\\/rat-und-tat\\\/die-acht-groessten-heizmythen-entkraeftet\\\/\"},\"wordCount\":2001,\"commentCount\":94,\"image\":{\"@id\":\"https:\\\/\\\/www.vaillant.de\\\/21-grad\\\/rat-und-tat\\\/die-acht-groessten-heizmythen-entkraeftet\\\/#primaryimage\"},\"thumbnailUrl\":\"https:\\\/\\\/www.vaillant.de\\\/21-grad\\\/wp-content\\\/uploads\\\/2017\\\/06\\\/Heizmythen.jpg\",\"keywords\":[\"Energie sparen\",\"Heiztipps\"],\"articleSection\":[\"Rat &amp; Tat\",\"X-Partner-Beitr\u00e4ge\"],\"inLanguage\":\"de\",\"potentialAction\":[{\"@type\":\"CommentAction\",\"name\":\"Comment\",\"target\":[\"https:\\\/\\\/www.vaillant.de\\\/21-grad\\\/rat-und-tat\\\/die-acht-groessten-heizmythen-entkraeftet\\\/#respond\"]}]},{\"@type\":\"WebPage\",\"@id\":\"https:\\\/\\\/www.vaillant.de\\\/21-grad\\\/rat-und-tat\\\/die-acht-groessten-heizmythen-entkraeftet\\\/\",\"url\":\"https:\\\/\\\/www.vaillant.de\\\/21-grad\\\/rat-und-tat\\\/die-acht-groessten-heizmythen-entkraeftet\\\/\",\"name\":\"Die 8 gr\u00f6\u00dften Heizmythen: Wir entkr\u00e4ften Irrt\u00fcmer | 21 grad\",\"isPartOf\":{\"@id\":\"https:\\\/\\\/www.vaillant.de\\\/21-grad\\\/#website\"},\"primaryImageOfPage\":{\"@id\":\"https:\\\/\\\/www.vaillant.de\\\/21-grad\\\/rat-und-tat\\\/die-acht-groessten-heizmythen-entkraeftet\\\/#primaryimage\"},\"image\":{\"@id\":\"https:\\\/\\\/www.vaillant.de\\\/21-grad\\\/rat-und-tat\\\/die-acht-groessten-heizmythen-entkraeftet\\\/#primaryimage\"},\"thumbnailUrl\":\"https:\\\/\\\/www.vaillant.de\\\/21-grad\\\/wp-content\\\/uploads\\\/2017\\\/06\\\/Heizmythen.jpg\",\"datePublished\":\"2017-06-21T16:03:41+00:00\",\"dateModified\":\"2026-01-30T13:10:36+00:00\",\"author\":{\"@id\":\"https:\\\/\\\/www.vaillant.de\\\/21-grad\\\/#\\\/schema\\\/person\\\/d79d2ba98cd3da7ae5877706050352da\"},\"description\":\"Je h\u00f6her ihr die Heizung dreht, desto schneller wird es warm? Falsch! Wir r\u00e4umen auf mit den gr\u00f6\u00dften Mythn & Irrt\u00fcmern rund ums Heizen. Jetzt lesen!\",\"breadcrumb\":{\"@id\":\"https:\\\/\\\/www.vaillant.de\\\/21-grad\\\/rat-und-tat\\\/die-acht-groessten-heizmythen-entkraeftet\\\/#breadcrumb\"},\"inLanguage\":\"de\",\"potentialAction\":[{\"@type\":\"ReadAction\",\"target\":[\"https:\\\/\\\/www.vaillant.de\\\/21-grad\\\/rat-und-tat\\\/die-acht-groessten-heizmythen-entkraeftet\\\/\"]}]},{\"@type\":\"ImageObject\",\"inLanguage\":\"de\",\"@id\":\"https:\\\/\\\/www.vaillant.de\\\/21-grad\\\/rat-und-tat\\\/die-acht-groessten-heizmythen-entkraeftet\\\/#primaryimage\",\"url\":\"https:\\\/\\\/www.vaillant.de\\\/21-grad\\\/wp-content\\\/uploads\\\/2017\\\/06\\\/Heizmythen.jpg\",\"contentUrl\":\"https:\\\/\\\/www.vaillant.de\\\/21-grad\\\/wp-content\\\/uploads\\\/2017\\\/06\\\/Heizmythen.jpg\",\"width\":940,\"height\":480},{\"@type\":\"BreadcrumbList\",\"@id\":\"https:\\\/\\\/www.vaillant.de\\\/21-grad\\\/rat-und-tat\\\/die-acht-groessten-heizmythen-entkraeftet\\\/#breadcrumb\",\"itemListElement\":[{\"@type\":\"ListItem\",\"position\":1,\"name\":\"Startseite\",\"item\":\"https:\\\/\\\/www.vaillant.de\\\/21-grad\\\/\"},{\"@type\":\"ListItem\",\"position\":2,\"name\":\"Die acht gro\u00dfen Heizmythen \u2013 was ist wirklich dran?\"}]},{\"@type\":\"WebSite\",\"@id\":\"https:\\\/\\\/www.vaillant.de\\\/21-grad\\\/#website\",\"url\":\"https:\\\/\\\/www.vaillant.de\\\/21-grad\\\/\",\"name\":\"21 grad\",\"description\":\"Der Blog f\u00fcr Menschen, die weiterdenken\",\"potentialAction\":[{\"@type\":\"SearchAction\",\"target\":{\"@type\":\"EntryPoint\",\"urlTemplate\":\"https:\\\/\\\/www.vaillant.de\\\/21-grad\\\/?s={search_term_string}\"},\"query-input\":{\"@type\":\"PropertyValueSpecification\",\"valueRequired\":true,\"valueName\":\"search_term_string\"}}],\"inLanguage\":\"de\"},{\"@type\":\"Person\",\"@id\":\"https:\\\/\\\/www.vaillant.de\\\/21-grad\\\/#\\\/schema\\\/person\\\/d79d2ba98cd3da7ae5877706050352da\",\"name\":\"Marcus\",\"image\":{\"@type\":\"ImageObject\",\"inLanguage\":\"de\",\"@id\":\"https:\\\/\\\/www.vaillant.de\\\/21-grad\\\/wp-content\\\/uploads\\\/2026\\\/01\\\/Marcus-125x125.jpg9d3430f1bc55d5a5d47a1162a14ae1af\",\"url\":\"https:\\\/\\\/www.vaillant.de\\\/21-grad\\\/wp-content\\\/uploads\\\/2026\\\/01\\\/Marcus-125x125.jpg\",\"contentUrl\":\"https:\\\/\\\/www.vaillant.de\\\/21-grad\\\/wp-content\\\/uploads\\\/2026\\\/01\\\/Marcus-125x125.jpg\",\"caption\":\"Marcus\"},\"description\":\"Willkommen in der wunderbaren Welt des 21grad Blogs. Als Medien- und Kooperationsmanager bin ich bei Vaillant Deutschland u.a. f\u00fcr unsere Fach- und Branchenkommunikation zust\u00e4ndig. Ich freue mich auf den Dialog mit Euch. :-) Nachhaltigkeit Bewusster Konsum und soziales Engagement liegen mir sehr am Herzen. Zuhause nutze ich \u00d6kostrom und Biogas, bei Lebensmitteln sind mir Labels wie Fair-Trade oder Bio sehr wichtig. Ich bin Sportwart beim Tennisclub Gr\u00fcn-Wei\u00df Lennep und engagiere mich auch f\u00fcr Aktion Mensch oder SOS-Kinderdorf. Interessen Unternehmungen mit Familie und Freunden, Tennis, Rock-Konzerte, Kino, B\u00fccher (z.B. Hornby, Eschbach, Uschmann) Was wolltest du als Kind gerne werden? Um es mit den \u00c4rzten zu sagen: Popstar, Bademeister oder Astronaut Was bringt dich auf die Palme? Menschen, die Schuld immer bei anderen suchen oder auch nat\u00fcrlich eine leckere Kokosnuss Was war der beste Rat, den du jemals erhalten hast? \u201eDenke in L\u00f6sungen, nicht in Problemen.\u201c\",\"url\":\"https:\\\/\\\/www.vaillant.de\\\/21-grad\\\/autor\\\/marcus\\\/\"}]}<\/script>\n<!-- \/ Yoast SEO plugin. -->","yoast_head_json":{"title":"Die 8 gr\u00f6\u00dften Heizmythen: Wir entkr\u00e4ften Irrt\u00fcmer | 21 grad","description":"Je h\u00f6her ihr die Heizung dreht, desto schneller wird es warm? Falsch! Wir r\u00e4umen auf mit den gr\u00f6\u00dften Mythn & Irrt\u00fcmern rund ums Heizen. Jetzt lesen!","robots":{"index":"index","follow":"follow","max-snippet":"max-snippet:-1","max-image-preview":"max-image-preview:large","max-video-preview":"max-video-preview:-1"},"canonical":"https:\/\/www.vaillant.de\/21-grad\/rat-und-tat\/die-acht-groessten-heizmythen-entkraeftet\/","og_locale":"de_DE","og_type":"article","og_title":"Die 8 gr\u00f6\u00dften Heizmythen: Wir entkr\u00e4ften Irrt\u00fcmer | 21 grad","og_description":"Je h\u00f6her ihr die Heizung dreht, desto schneller wird es warm? Falsch! Wir r\u00e4umen auf mit den gr\u00f6\u00dften Mythn & Irrt\u00fcmern rund ums Heizen. Jetzt lesen!","og_url":"https:\/\/www.vaillant.de\/21-grad\/rat-und-tat\/die-acht-groessten-heizmythen-entkraeftet\/","og_site_name":"21 grad","article_publisher":"https:\/\/www.facebook.com\/21grad\/","article_published_time":"2017-06-21T16:03:41+00:00","article_modified_time":"2026-01-30T13:10:36+00:00","og_image":[{"width":940,"height":480,"url":"https:\/\/www.vaillant.de\/21-grad\/wp-content\/uploads\/2017\/06\/Heizmythen.jpg","type":"image\/jpeg"}],"author":"Marcus","twitter_card":"summary_large_image","twitter_creator":"@vaillant_de","twitter_site":"@vaillant_de","twitter_misc":{"Verfasst von":"Marcus","Gesch\u00e4tzte Lesezeit":"12\u00a0Minuten","Written by":"Marcus"},"schema":{"@context":"https:\/\/schema.org","@graph":[{"@type":"Article","@id":"https:\/\/www.vaillant.de\/21-grad\/rat-und-tat\/die-acht-groessten-heizmythen-entkraeftet\/#article","isPartOf":{"@id":"https:\/\/www.vaillant.de\/21-grad\/rat-und-tat\/die-acht-groessten-heizmythen-entkraeftet\/"},"author":{"name":"Marcus","@id":"https:\/\/www.vaillant.de\/21-grad\/#\/schema\/person\/d79d2ba98cd3da7ae5877706050352da"},"headline":"Die acht gro\u00dfen Heizmythen \u2013 was ist wirklich dran?","datePublished":"2017-06-21T16:03:41+00:00","dateModified":"2026-01-30T13:10:36+00:00","mainEntityOfPage":{"@id":"https:\/\/www.vaillant.de\/21-grad\/rat-und-tat\/die-acht-groessten-heizmythen-entkraeftet\/"},"wordCount":2001,"commentCount":94,"image":{"@id":"https:\/\/www.vaillant.de\/21-grad\/rat-und-tat\/die-acht-groessten-heizmythen-entkraeftet\/#primaryimage"},"thumbnailUrl":"https:\/\/www.vaillant.de\/21-grad\/wp-content\/uploads\/2017\/06\/Heizmythen.jpg","keywords":["Energie sparen","Heiztipps"],"articleSection":["Rat &amp; Tat","X-Partner-Beitr\u00e4ge"],"inLanguage":"de","potentialAction":[{"@type":"CommentAction","name":"Comment","target":["https:\/\/www.vaillant.de\/21-grad\/rat-und-tat\/die-acht-groessten-heizmythen-entkraeftet\/#respond"]}]},{"@type":"WebPage","@id":"https:\/\/www.vaillant.de\/21-grad\/rat-und-tat\/die-acht-groessten-heizmythen-entkraeftet\/","url":"https:\/\/www.vaillant.de\/21-grad\/rat-und-tat\/die-acht-groessten-heizmythen-entkraeftet\/","name":"Die 8 gr\u00f6\u00dften Heizmythen: Wir entkr\u00e4ften Irrt\u00fcmer | 21 grad","isPartOf":{"@id":"https:\/\/www.vaillant.de\/21-grad\/#website"},"primaryImageOfPage":{"@id":"https:\/\/www.vaillant.de\/21-grad\/rat-und-tat\/die-acht-groessten-heizmythen-entkraeftet\/#primaryimage"},"image":{"@id":"https:\/\/www.vaillant.de\/21-grad\/rat-und-tat\/die-acht-groessten-heizmythen-entkraeftet\/#primaryimage"},"thumbnailUrl":"https:\/\/www.vaillant.de\/21-grad\/wp-content\/uploads\/2017\/06\/Heizmythen.jpg","datePublished":"2017-06-21T16:03:41+00:00","dateModified":"2026-01-30T13:10:36+00:00","author":{"@id":"https:\/\/www.vaillant.de\/21-grad\/#\/schema\/person\/d79d2ba98cd3da7ae5877706050352da"},"description":"Je h\u00f6her ihr die Heizung dreht, desto schneller wird es warm? Falsch! Wir r\u00e4umen auf mit den gr\u00f6\u00dften Mythn & Irrt\u00fcmern rund ums Heizen. Jetzt lesen!","breadcrumb":{"@id":"https:\/\/www.vaillant.de\/21-grad\/rat-und-tat\/die-acht-groessten-heizmythen-entkraeftet\/#breadcrumb"},"inLanguage":"de","potentialAction":[{"@type":"ReadAction","target":["https:\/\/www.vaillant.de\/21-grad\/rat-und-tat\/die-acht-groessten-heizmythen-entkraeftet\/"]}]},{"@type":"ImageObject","inLanguage":"de","@id":"https:\/\/www.vaillant.de\/21-grad\/rat-und-tat\/die-acht-groessten-heizmythen-entkraeftet\/#primaryimage","url":"https:\/\/www.vaillant.de\/21-grad\/wp-content\/uploads\/2017\/06\/Heizmythen.jpg","contentUrl":"https:\/\/www.vaillant.de\/21-grad\/wp-content\/uploads\/2017\/06\/Heizmythen.jpg","width":940,"height":480},{"@type":"BreadcrumbList","@id":"https:\/\/www.vaillant.de\/21-grad\/rat-und-tat\/die-acht-groessten-heizmythen-entkraeftet\/#breadcrumb","itemListElement":[{"@type":"ListItem","position":1,"name":"Startseite","item":"https:\/\/www.vaillant.de\/21-grad\/"},{"@type":"ListItem","position":2,"name":"Die acht gro\u00dfen Heizmythen \u2013 was ist wirklich dran?"}]},{"@type":"WebSite","@id":"https:\/\/www.vaillant.de\/21-grad\/#website","url":"https:\/\/www.vaillant.de\/21-grad\/","name":"21 grad","description":"Der Blog f\u00fcr Menschen, die weiterdenken","potentialAction":[{"@type":"SearchAction","target":{"@type":"EntryPoint","urlTemplate":"https:\/\/www.vaillant.de\/21-grad\/?s={search_term_string}"},"query-input":{"@type":"PropertyValueSpecification","valueRequired":true,"valueName":"search_term_string"}}],"inLanguage":"de"},{"@type":"Person","@id":"https:\/\/www.vaillant.de\/21-grad\/#\/schema\/person\/d79d2ba98cd3da7ae5877706050352da","name":"Marcus","image":{"@type":"ImageObject","inLanguage":"de","@id":"https:\/\/www.vaillant.de\/21-grad\/wp-content\/uploads\/2026\/01\/Marcus-125x125.jpg9d3430f1bc55d5a5d47a1162a14ae1af","url":"https:\/\/www.vaillant.de\/21-grad\/wp-content\/uploads\/2026\/01\/Marcus-125x125.jpg","contentUrl":"https:\/\/www.vaillant.de\/21-grad\/wp-content\/uploads\/2026\/01\/Marcus-125x125.jpg","caption":"Marcus"},"description":"Willkommen in der wunderbaren Welt des 21grad Blogs. Als Medien- und Kooperationsmanager bin ich bei Vaillant Deutschland u.a. f\u00fcr unsere Fach- und Branchenkommunikation zust\u00e4ndig. Ich freue mich auf den Dialog mit Euch. :-) Nachhaltigkeit Bewusster Konsum und soziales Engagement liegen mir sehr am Herzen. Zuhause nutze ich \u00d6kostrom und Biogas, bei Lebensmitteln sind mir Labels wie Fair-Trade oder Bio sehr wichtig. Ich bin Sportwart beim Tennisclub Gr\u00fcn-Wei\u00df Lennep und engagiere mich auch f\u00fcr Aktion Mensch oder SOS-Kinderdorf. Interessen Unternehmungen mit Familie und Freunden, Tennis, Rock-Konzerte, Kino, B\u00fccher (z.B. Hornby, Eschbach, Uschmann) Was wolltest du als Kind gerne werden? Um es mit den \u00c4rzten zu sagen: Popstar, Bademeister oder Astronaut Was bringt dich auf die Palme? Menschen, die Schuld immer bei anderen suchen oder auch nat\u00fcrlich eine leckere Kokosnuss Was war der beste Rat, den du jemals erhalten hast? \u201eDenke in L\u00f6sungen, nicht in Problemen.\u201c","url":"https:\/\/www.vaillant.de\/21-grad\/autor\/marcus\/"}]}},"_links":{"self":[{"href":"https:\/\/www.vaillant.de\/21-grad\/wp-json\/wp\/v2\/posts\/2565","targetHints":{"allow":["GET"]}}],"collection":[{"href":"https:\/\/www.vaillant.de\/21-grad\/wp-json\/wp\/v2\/posts"}],"about":[{"href":"https:\/\/www.vaillant.de\/21-grad\/wp-json\/wp\/v2\/types\/post"}],"author":[{"embeddable":true,"href":"https:\/\/www.vaillant.de\/21-grad\/wp-json\/wp\/v2\/users\/6"}],"replies":[{"embeddable":true,"href":"https:\/\/www.vaillant.de\/21-grad\/wp-json\/wp\/v2\/comments?post=2565"}],"version-history":[{"count":20,"href":"https:\/\/www.vaillant.de\/21-grad\/wp-json\/wp\/v2\/posts\/2565\/revisions"}],"predecessor-version":[{"id":4027,"href":"https:\/\/www.vaillant.de\/21-grad\/wp-json\/wp\/v2\/posts\/2565\/revisions\/4027"}],"wp:featuredmedia":[{"embeddable":true,"href":"https:\/\/www.vaillant.de\/21-grad\/wp-json\/wp\/v2\/media\/2566"}],"wp:attachment":[{"href":"https:\/\/www.vaillant.de\/21-grad\/wp-json\/wp\/v2\/media?parent=2565"}],"wp:term":[{"taxonomy":"category","embeddable":true,"href":"https:\/\/www.vaillant.de\/21-grad\/wp-json\/wp\/v2\/categories?post=2565"},{"taxonomy":"post_tag","embeddable":true,"href":"https:\/\/www.vaillant.de\/21-grad\/wp-json\/wp\/v2\/tags?post=2565"},{"taxonomy":"author","embeddable":true,"href":"https:\/\/www.vaillant.de\/21-grad\/wp-json\/wp\/v2\/coauthors?post=2565"}],"curies":[{"name":"wp","href":"https:\/\/api.w.org\/{rel}","templated":true}]}}