{"id":2664,"date":"2017-08-10T15:09:49","date_gmt":"2017-08-10T13:09:49","guid":{"rendered":"https:\/\/21-grad.vaillant.de\/?p=2664"},"modified":"2026-01-28T09:53:40","modified_gmt":"2026-01-28T08:53:40","slug":"heizungstausch-im-sommer","status":"publish","type":"post","link":"https:\/\/www.vaillant.de\/21-grad\/rat-und-tat\/heizungstausch-im-sommer\/","title":{"rendered":"Diese Vorteile bringt der Heizungstausch im Sommer!"},"content":{"rendered":"<p>Im Sommer mag kaum jemand an den Winter denken. Endlich ist es warm und die Heizung hat hitzefrei. Hausbesitzer sollten sich aber gerade jetzt Gedanken um die Heizungsanlage machen. Denn in der warmen Jahreszeit, wenn man die Heizung nicht braucht, kann man in Ruhe Wartung und Instandhaltung betreiben. Insbesondere wenn ein Heizungstausch ansteht oder gar zur Pflicht wird, bietet der Sommer zwei elementare Vorteile:<\/p>\n<h2><strong>Heizkessel Tauschen im Sommer &#8211; kein Frieren im Winter<\/strong><\/h2>\n<p>F\u00e4llt die Heizung mitten im Winter aus, muss alles ziemlich schnell gehen. Schlie\u00dflich m\u00f6chte niemand in den eigenen vier W\u00e4nden fr\u00f6steln. Allerdings sind Heizungsmontagen mitunter aufwendig und die Monteure gegebenenfalls nicht sofort abk\u00f6mmlich. Dann hei\u00dft es leider doch \u2013 frieren. Bei einem Heizungstausch im Sommer kann man dem Winter v\u00f6llig gelassen entgegenblicken.<\/p>\n<h2><strong>Beim Heizungstausch im Sommer gilt: Viel Zeit beim Planen einkalkulieren<\/strong><\/h2>\n<p>Wie sagt man so sch\u00f6n: \u201eGut Ding, will Weile haben.\u201c Wer unter Druck steht, weil mitten im Winter die Heizung ausf\u00e4llt, muss in kurzer Zeit wichtige Entscheidungen \u00fcber die Haustechnik treffen. Tauscht man im Sommer die Heizung aus, kann man ganz in Ruhe das neue, passende System ausw\u00e4hlen und mit dem Fachmann den Einbau besprechen.<\/p>\n<p>In vielen F\u00e4llen haben Eigent\u00fcmer gar nicht mehr die Wahl, sondern die Pflicht, den Heizkessel auszutauschen. Denn das <a href=\"https:\/\/www.vaillant.de\/heizung\/heizung-verstehen\/gesetze-verordnungen\/geg2020\/\" target=\"_blank\" rel=\"noopener\">Geb\u00e4udeenergiegesetz (GEG)<\/a> gibt daf\u00fcr einen gesetzlichen Rahmen vor. Demnach m\u00fcssen Heizkessel, die \u00e4lter als 30 Jahre sind, ausgetauscht werden. Das gilt f\u00fcr \u00d6l- und Gasheizungen mit einem Konstanttemperatur-Kessel und einer Nennleistung von 4 bis 400 kW.<\/p>\n<p>Ausgenommen sind Niedertemperaturkessel oder Brennwertkessel ebenso wie Anlagen, die ausschlie\u00dflich f\u00fcr die Warmwasserbereitung verwendet werden.<\/p>\n<p>Ausnahmen bestehen au\u00dferdem f\u00fcr Eigent\u00fcmer von Ein- oder Zweifamilienh\u00e4usern mit maximal zwei Wohnungen, die am Stichtag, dem 1.2.2002, ihr Haus selbst bewohnt haben. Sch\u00e4tzungen zufolge sind von der Austausch-Pflicht etwa 2 Millionen Heizkessel betroffen, die im Jahr 1987 eingebaut wurden. F\u00fcr <a href=\"https:\/\/www.vaillant.de\/heizung\/klima-foerderung\/oelheizung-austauschen\/\" target=\"_blank\" rel=\"noopener\">\u00d6lheizungen<\/a> legt das GEG au\u00dferdem zus\u00e4tzlich fest, dass sie ab 2026 nicht mehr alleiniger W\u00e4rmeerzeuger eingebaut werden d\u00fcrfen.<\/p>\n<h2><strong>Effizienzlabel beachten<\/strong><\/h2>\n<p>Auch wenn keine Pflicht zum Heizungstausch besteht, kann es durchaus sinnvoll sein, die eigene <a href=\"https:\/\/www.vaillant.de\/heizung\/heizung-verstehen\/heizung-modernisieren\/\" target=\"_blank\" rel=\"noopener noreferrer\">Heizungsanlage zu modernisieren<\/a>. Seit Januar 2016 gilt das <a href=\"https:\/\/www.vaillant.de\/heizung\/heizung-verstehen\/gesetze-verordnungen\/effizienzlabel-fur-heizungsaltanlagen\/\">Effizienzlabel<\/a> f\u00fcr Heizkessel, die mehr als 15 Jahre auf dem Buckel haben. Die Skala reicht von A+++ bis G. Rund 70 Prozent dieser Heizkessel kommen \u00fcber ein C nicht hinaus \u2013 sie sind ineffizient. Eine neue Heizung ist zwar stets zun\u00e4chst eine Investition, die Energieeinsparung einer neuen Anlage bringt jedoch schnell eine sp\u00fcrbare Entlastung. Wer seinen Heizungstausch im Sommer mit ausreichend Vorlauf plant, hat au\u00dferdem Zeit, <a href=\"https:\/\/www.vaillant.de\/heizung\/klima-foerderung\/foerderung-finanzierung\/beg-em\/\" target=\"_blank\" rel=\"noopener\">staatliche F\u00f6rderprogramme<\/a> zu pr\u00fcfen. Die Zusch\u00fcsse betragen bis zu 70 Prozent.<\/p>\n","protected":false},"excerpt":{"rendered":"<p>Alte Heizungen verbrauchen immens viel Energie. Aber nicht nur das, die Heizleistung kann mit den Jahren deutlich sinken. Wer also im Winter nicht im Kalten sitzen m\u00f6chte, sollte sich jetzt k\u00fcmmern: Der Sommer ist die beste Zeit f\u00fcr einen Heizungstausch.<\/p>\n","protected":false},"author":27,"featured_media":8654,"comment_status":"open","ping_status":"open","sticky":false,"template":"","format":"standard","meta":{"footnotes":""},"categories":[2,183],"tags":[166,137],"coauthors":[254],"class_list":["post-2664","post","type-post","status-publish","format-standard","has-post-thumbnail","hentry","category-rat-und-tat","category-partner-beitraege","tag-heiztechnik","tag-heiztipps"],"yoast_head":"<!-- This site is optimized with the Yoast SEO plugin v27.4 - https:\/\/yoast.com\/product\/yoast-seo-wordpress\/ -->\n<title>Heizungstausch im Sommer \u2013 Vorteile und Pflichten! | 21 grad<\/title>\n<meta name=\"description\" content=\"Wer im Sommer die Heizung tauscht, friert im Winter nicht. Wann ist der Kesseltausch Pflicht und welche Vorteile bringt er? Hier erfahrt ihr es!\" \/>\n<meta name=\"robots\" content=\"index, follow, max-snippet:-1, max-image-preview:large, max-video-preview:-1\" \/>\n<link rel=\"canonical\" href=\"https:\/\/www.vaillant.de\/21-grad\/rat-und-tat\/heizungstausch-im-sommer\/\" \/>\n<meta property=\"og:locale\" content=\"de_DE\" \/>\n<meta property=\"og:type\" content=\"article\" \/>\n<meta property=\"og:title\" content=\"Heizungstausch im Sommer \u2013 Vorteile und Pflichten! | 21 grad\" \/>\n<meta property=\"og:description\" content=\"Wer im Sommer die Heizung tauscht, friert im Winter nicht. Wann ist der Kesseltausch Pflicht und welche Vorteile bringt er? Hier erfahrt ihr es!\" \/>\n<meta property=\"og:url\" content=\"https:\/\/www.vaillant.de\/21-grad\/rat-und-tat\/heizungstausch-im-sommer\/\" \/>\n<meta property=\"og:site_name\" content=\"21 grad\" \/>\n<meta property=\"article:publisher\" content=\"https:\/\/www.facebook.com\/21grad\/\" \/>\n<meta property=\"article:published_time\" content=\"2017-08-10T13:09:49+00:00\" \/>\n<meta property=\"article:modified_time\" content=\"2026-01-28T08:53:40+00:00\" \/>\n<meta property=\"og:image\" content=\"https:\/\/www.vaillant.de\/21-grad\/wp-content\/uploads\/2017\/08\/WHBC20-309487_02-scaled.jpg\" \/>\n\t<meta property=\"og:image:width\" content=\"2560\" \/>\n\t<meta property=\"og:image:height\" content=\"1755\" \/>\n\t<meta property=\"og:image:type\" content=\"image\/jpeg\" \/>\n<meta name=\"author\" content=\"Jonas\" \/>\n<meta name=\"twitter:card\" content=\"summary_large_image\" \/>\n<meta name=\"twitter:creator\" content=\"@vaillant_de\" \/>\n<meta name=\"twitter:site\" content=\"@vaillant_de\" \/>\n<meta name=\"twitter:label1\" content=\"Verfasst von\" \/>\n\t<meta name=\"twitter:data1\" content=\"Jonas\" \/>\n\t<meta name=\"twitter:label2\" content=\"Gesch\u00e4tzte Lesezeit\" \/>\n\t<meta name=\"twitter:data2\" content=\"3\u00a0Minuten\" \/>\n\t<meta name=\"twitter:label3\" content=\"Written by\" \/>\n\t<meta name=\"twitter:data3\" content=\"Jonas\" \/>\n<script type=\"application\/ld+json\" class=\"yoast-schema-graph\">{\"@context\":\"https:\\\/\\\/schema.org\",\"@graph\":[{\"@type\":\"Article\",\"@id\":\"https:\\\/\\\/www.vaillant.de\\\/21-grad\\\/rat-und-tat\\\/heizungstausch-im-sommer\\\/#article\",\"isPartOf\":{\"@id\":\"https:\\\/\\\/www.vaillant.de\\\/21-grad\\\/rat-und-tat\\\/heizungstausch-im-sommer\\\/\"},\"author\":{\"name\":\"Jonas\",\"@id\":\"https:\\\/\\\/www.vaillant.de\\\/21-grad\\\/#\\\/schema\\\/person\\\/0688f4a2058918ae82b953244b8160d9\"},\"headline\":\"Diese Vorteile bringt der Heizungstausch im Sommer!\",\"datePublished\":\"2017-08-10T13:09:49+00:00\",\"dateModified\":\"2026-01-28T08:53:40+00:00\",\"mainEntityOfPage\":{\"@id\":\"https:\\\/\\\/www.vaillant.de\\\/21-grad\\\/rat-und-tat\\\/heizungstausch-im-sommer\\\/\"},\"wordCount\":449,\"commentCount\":4,\"image\":{\"@id\":\"https:\\\/\\\/www.vaillant.de\\\/21-grad\\\/rat-und-tat\\\/heizungstausch-im-sommer\\\/#primaryimage\"},\"thumbnailUrl\":\"https:\\\/\\\/www.vaillant.de\\\/21-grad\\\/wp-content\\\/uploads\\\/2017\\\/08\\\/WHBC20-309487_02-scaled.jpg\",\"keywords\":[\"Heiztechnik\",\"Heiztipps\"],\"articleSection\":[\"Rat &amp; Tat\",\"X-Partner-Beitr\u00e4ge\"],\"inLanguage\":\"de\",\"potentialAction\":[{\"@type\":\"CommentAction\",\"name\":\"Comment\",\"target\":[\"https:\\\/\\\/www.vaillant.de\\\/21-grad\\\/rat-und-tat\\\/heizungstausch-im-sommer\\\/#respond\"]}]},{\"@type\":\"WebPage\",\"@id\":\"https:\\\/\\\/www.vaillant.de\\\/21-grad\\\/rat-und-tat\\\/heizungstausch-im-sommer\\\/\",\"url\":\"https:\\\/\\\/www.vaillant.de\\\/21-grad\\\/rat-und-tat\\\/heizungstausch-im-sommer\\\/\",\"name\":\"Heizungstausch im Sommer \u2013 Vorteile und Pflichten! | 21 grad\",\"isPartOf\":{\"@id\":\"https:\\\/\\\/www.vaillant.de\\\/21-grad\\\/#website\"},\"primaryImageOfPage\":{\"@id\":\"https:\\\/\\\/www.vaillant.de\\\/21-grad\\\/rat-und-tat\\\/heizungstausch-im-sommer\\\/#primaryimage\"},\"image\":{\"@id\":\"https:\\\/\\\/www.vaillant.de\\\/21-grad\\\/rat-und-tat\\\/heizungstausch-im-sommer\\\/#primaryimage\"},\"thumbnailUrl\":\"https:\\\/\\\/www.vaillant.de\\\/21-grad\\\/wp-content\\\/uploads\\\/2017\\\/08\\\/WHBC20-309487_02-scaled.jpg\",\"datePublished\":\"2017-08-10T13:09:49+00:00\",\"dateModified\":\"2026-01-28T08:53:40+00:00\",\"author\":{\"@id\":\"https:\\\/\\\/www.vaillant.de\\\/21-grad\\\/#\\\/schema\\\/person\\\/0688f4a2058918ae82b953244b8160d9\"},\"description\":\"Wer im Sommer die Heizung tauscht, friert im Winter nicht. Wann ist der Kesseltausch Pflicht und welche Vorteile bringt er? Hier erfahrt ihr es!\",\"breadcrumb\":{\"@id\":\"https:\\\/\\\/www.vaillant.de\\\/21-grad\\\/rat-und-tat\\\/heizungstausch-im-sommer\\\/#breadcrumb\"},\"inLanguage\":\"de\",\"potentialAction\":[{\"@type\":\"ReadAction\",\"target\":[\"https:\\\/\\\/www.vaillant.de\\\/21-grad\\\/rat-und-tat\\\/heizungstausch-im-sommer\\\/\"]}]},{\"@type\":\"ImageObject\",\"inLanguage\":\"de\",\"@id\":\"https:\\\/\\\/www.vaillant.de\\\/21-grad\\\/rat-und-tat\\\/heizungstausch-im-sommer\\\/#primaryimage\",\"url\":\"https:\\\/\\\/www.vaillant.de\\\/21-grad\\\/wp-content\\\/uploads\\\/2017\\\/08\\\/WHBC20-309487_02-scaled.jpg\",\"contentUrl\":\"https:\\\/\\\/www.vaillant.de\\\/21-grad\\\/wp-content\\\/uploads\\\/2017\\\/08\\\/WHBC20-309487_02-scaled.jpg\",\"width\":2560,\"height\":1755,\"caption\":\"Ein Fachhandwerker entfernt die Abdeckung von einem Vaillant Gast-Brennwertger\u00e4t\"},{\"@type\":\"BreadcrumbList\",\"@id\":\"https:\\\/\\\/www.vaillant.de\\\/21-grad\\\/rat-und-tat\\\/heizungstausch-im-sommer\\\/#breadcrumb\",\"itemListElement\":[{\"@type\":\"ListItem\",\"position\":1,\"name\":\"Startseite\",\"item\":\"https:\\\/\\\/www.vaillant.de\\\/21-grad\\\/\"},{\"@type\":\"ListItem\",\"position\":2,\"name\":\"Diese Vorteile bringt der Heizungstausch im Sommer!\"}]},{\"@type\":\"WebSite\",\"@id\":\"https:\\\/\\\/www.vaillant.de\\\/21-grad\\\/#website\",\"url\":\"https:\\\/\\\/www.vaillant.de\\\/21-grad\\\/\",\"name\":\"21 grad\",\"description\":\"Der Blog f\u00fcr Menschen, die weiterdenken\",\"potentialAction\":[{\"@type\":\"SearchAction\",\"target\":{\"@type\":\"EntryPoint\",\"urlTemplate\":\"https:\\\/\\\/www.vaillant.de\\\/21-grad\\\/?s={search_term_string}\"},\"query-input\":{\"@type\":\"PropertyValueSpecification\",\"valueRequired\":true,\"valueName\":\"search_term_string\"}}],\"inLanguage\":\"de\"},{\"@type\":\"Person\",\"@id\":\"https:\\\/\\\/www.vaillant.de\\\/21-grad\\\/#\\\/schema\\\/person\\\/0688f4a2058918ae82b953244b8160d9\",\"name\":\"Jonas\",\"image\":{\"@type\":\"ImageObject\",\"inLanguage\":\"de\",\"@id\":\"https:\\\/\\\/www.vaillant.de\\\/21-grad\\\/wp-content\\\/uploads\\\/2025\\\/04\\\/Jonas-smal-125x125.jpg09a77e2fccb6ed2f064616ea71935c21\",\"url\":\"https:\\\/\\\/www.vaillant.de\\\/21-grad\\\/wp-content\\\/uploads\\\/2025\\\/04\\\/Jonas-smal-125x125.jpg\",\"contentUrl\":\"https:\\\/\\\/www.vaillant.de\\\/21-grad\\\/wp-content\\\/uploads\\\/2025\\\/04\\\/Jonas-smal-125x125.jpg\",\"caption\":\"Jonas\"},\"description\":\"Bei meiner Arbeit befasse ich mich mit der Identifikation, Analyse und Ansprache von Endverbrauchern. Im Team entwickeln wir Strategien zur Zielgruppensegmentierung, um ma\u00dfgeschneiderte Marketingkampagnen zu erstellen. Interessen In meiner Freizeit ist Sport sehr wichtig. Sei es die eigene k\u00f6rperliche Fitness, Fu\u00dfball oder wenn m\u00f6glich Snowboarden in den Bergen. Wenn du eine Superkraft h\u00e4ttest, welche w\u00e4re das und warum? Ich w\u00fcrde aus zwei Gr\u00fcnden gerne fliegen k\u00f6nnen. Erstens: Ich k\u00f6nnte \u00fcberall schnell hinkommen, ohne unn\u00f6tig im Stau zu stehen. Zweitens: Wenn ich fliege, sehe ich die Welt aus einer anderen Perspektive. Was bringt dich auf die Palme? Mein Hund, wenn er versucht, sein K\u00f6rbchen zu zerst\u00f6ren. Was war der beste Rat, den du jemals erhalten hast? \u201eDer R\u00fcckspiegel im Auto ist kleiner als die Windschutzscheibe, also fokussiere dich auf das, was vor dir ist!\u201c\",\"url\":\"https:\\\/\\\/www.vaillant.de\\\/21-grad\\\/autor\\\/jonas\\\/\"}]}<\/script>\n<!-- \/ Yoast SEO plugin. -->","yoast_head_json":{"title":"Heizungstausch im Sommer \u2013 Vorteile und Pflichten! | 21 grad","description":"Wer im Sommer die Heizung tauscht, friert im Winter nicht. Wann ist der Kesseltausch Pflicht und welche Vorteile bringt er? Hier erfahrt ihr es!","robots":{"index":"index","follow":"follow","max-snippet":"max-snippet:-1","max-image-preview":"max-image-preview:large","max-video-preview":"max-video-preview:-1"},"canonical":"https:\/\/www.vaillant.de\/21-grad\/rat-und-tat\/heizungstausch-im-sommer\/","og_locale":"de_DE","og_type":"article","og_title":"Heizungstausch im Sommer \u2013 Vorteile und Pflichten! | 21 grad","og_description":"Wer im Sommer die Heizung tauscht, friert im Winter nicht. Wann ist der Kesseltausch Pflicht und welche Vorteile bringt er? Hier erfahrt ihr es!","og_url":"https:\/\/www.vaillant.de\/21-grad\/rat-und-tat\/heizungstausch-im-sommer\/","og_site_name":"21 grad","article_publisher":"https:\/\/www.facebook.com\/21grad\/","article_published_time":"2017-08-10T13:09:49+00:00","article_modified_time":"2026-01-28T08:53:40+00:00","og_image":[{"width":2560,"height":1755,"url":"https:\/\/www.vaillant.de\/21-grad\/wp-content\/uploads\/2017\/08\/WHBC20-309487_02-scaled.jpg","type":"image\/jpeg"}],"author":"Jonas","twitter_card":"summary_large_image","twitter_creator":"@vaillant_de","twitter_site":"@vaillant_de","twitter_misc":{"Verfasst von":"Jonas","Gesch\u00e4tzte Lesezeit":"3\u00a0Minuten","Written by":"Jonas"},"schema":{"@context":"https:\/\/schema.org","@graph":[{"@type":"Article","@id":"https:\/\/www.vaillant.de\/21-grad\/rat-und-tat\/heizungstausch-im-sommer\/#article","isPartOf":{"@id":"https:\/\/www.vaillant.de\/21-grad\/rat-und-tat\/heizungstausch-im-sommer\/"},"author":{"name":"Jonas","@id":"https:\/\/www.vaillant.de\/21-grad\/#\/schema\/person\/0688f4a2058918ae82b953244b8160d9"},"headline":"Diese Vorteile bringt der Heizungstausch im Sommer!","datePublished":"2017-08-10T13:09:49+00:00","dateModified":"2026-01-28T08:53:40+00:00","mainEntityOfPage":{"@id":"https:\/\/www.vaillant.de\/21-grad\/rat-und-tat\/heizungstausch-im-sommer\/"},"wordCount":449,"commentCount":4,"image":{"@id":"https:\/\/www.vaillant.de\/21-grad\/rat-und-tat\/heizungstausch-im-sommer\/#primaryimage"},"thumbnailUrl":"https:\/\/www.vaillant.de\/21-grad\/wp-content\/uploads\/2017\/08\/WHBC20-309487_02-scaled.jpg","keywords":["Heiztechnik","Heiztipps"],"articleSection":["Rat &amp; Tat","X-Partner-Beitr\u00e4ge"],"inLanguage":"de","potentialAction":[{"@type":"CommentAction","name":"Comment","target":["https:\/\/www.vaillant.de\/21-grad\/rat-und-tat\/heizungstausch-im-sommer\/#respond"]}]},{"@type":"WebPage","@id":"https:\/\/www.vaillant.de\/21-grad\/rat-und-tat\/heizungstausch-im-sommer\/","url":"https:\/\/www.vaillant.de\/21-grad\/rat-und-tat\/heizungstausch-im-sommer\/","name":"Heizungstausch im Sommer \u2013 Vorteile und Pflichten! | 21 grad","isPartOf":{"@id":"https:\/\/www.vaillant.de\/21-grad\/#website"},"primaryImageOfPage":{"@id":"https:\/\/www.vaillant.de\/21-grad\/rat-und-tat\/heizungstausch-im-sommer\/#primaryimage"},"image":{"@id":"https:\/\/www.vaillant.de\/21-grad\/rat-und-tat\/heizungstausch-im-sommer\/#primaryimage"},"thumbnailUrl":"https:\/\/www.vaillant.de\/21-grad\/wp-content\/uploads\/2017\/08\/WHBC20-309487_02-scaled.jpg","datePublished":"2017-08-10T13:09:49+00:00","dateModified":"2026-01-28T08:53:40+00:00","author":{"@id":"https:\/\/www.vaillant.de\/21-grad\/#\/schema\/person\/0688f4a2058918ae82b953244b8160d9"},"description":"Wer im Sommer die Heizung tauscht, friert im Winter nicht. Wann ist der Kesseltausch Pflicht und welche Vorteile bringt er? Hier erfahrt ihr es!","breadcrumb":{"@id":"https:\/\/www.vaillant.de\/21-grad\/rat-und-tat\/heizungstausch-im-sommer\/#breadcrumb"},"inLanguage":"de","potentialAction":[{"@type":"ReadAction","target":["https:\/\/www.vaillant.de\/21-grad\/rat-und-tat\/heizungstausch-im-sommer\/"]}]},{"@type":"ImageObject","inLanguage":"de","@id":"https:\/\/www.vaillant.de\/21-grad\/rat-und-tat\/heizungstausch-im-sommer\/#primaryimage","url":"https:\/\/www.vaillant.de\/21-grad\/wp-content\/uploads\/2017\/08\/WHBC20-309487_02-scaled.jpg","contentUrl":"https:\/\/www.vaillant.de\/21-grad\/wp-content\/uploads\/2017\/08\/WHBC20-309487_02-scaled.jpg","width":2560,"height":1755,"caption":"Ein Fachhandwerker entfernt die Abdeckung von einem Vaillant Gast-Brennwertger\u00e4t"},{"@type":"BreadcrumbList","@id":"https:\/\/www.vaillant.de\/21-grad\/rat-und-tat\/heizungstausch-im-sommer\/#breadcrumb","itemListElement":[{"@type":"ListItem","position":1,"name":"Startseite","item":"https:\/\/www.vaillant.de\/21-grad\/"},{"@type":"ListItem","position":2,"name":"Diese Vorteile bringt der Heizungstausch im Sommer!"}]},{"@type":"WebSite","@id":"https:\/\/www.vaillant.de\/21-grad\/#website","url":"https:\/\/www.vaillant.de\/21-grad\/","name":"21 grad","description":"Der Blog f\u00fcr Menschen, die weiterdenken","potentialAction":[{"@type":"SearchAction","target":{"@type":"EntryPoint","urlTemplate":"https:\/\/www.vaillant.de\/21-grad\/?s={search_term_string}"},"query-input":{"@type":"PropertyValueSpecification","valueRequired":true,"valueName":"search_term_string"}}],"inLanguage":"de"},{"@type":"Person","@id":"https:\/\/www.vaillant.de\/21-grad\/#\/schema\/person\/0688f4a2058918ae82b953244b8160d9","name":"Jonas","image":{"@type":"ImageObject","inLanguage":"de","@id":"https:\/\/www.vaillant.de\/21-grad\/wp-content\/uploads\/2025\/04\/Jonas-smal-125x125.jpg09a77e2fccb6ed2f064616ea71935c21","url":"https:\/\/www.vaillant.de\/21-grad\/wp-content\/uploads\/2025\/04\/Jonas-smal-125x125.jpg","contentUrl":"https:\/\/www.vaillant.de\/21-grad\/wp-content\/uploads\/2025\/04\/Jonas-smal-125x125.jpg","caption":"Jonas"},"description":"Bei meiner Arbeit befasse ich mich mit der Identifikation, Analyse und Ansprache von Endverbrauchern. Im Team entwickeln wir Strategien zur Zielgruppensegmentierung, um ma\u00dfgeschneiderte Marketingkampagnen zu erstellen. Interessen In meiner Freizeit ist Sport sehr wichtig. Sei es die eigene k\u00f6rperliche Fitness, Fu\u00dfball oder wenn m\u00f6glich Snowboarden in den Bergen. Wenn du eine Superkraft h\u00e4ttest, welche w\u00e4re das und warum? Ich w\u00fcrde aus zwei Gr\u00fcnden gerne fliegen k\u00f6nnen. Erstens: Ich k\u00f6nnte \u00fcberall schnell hinkommen, ohne unn\u00f6tig im Stau zu stehen. Zweitens: Wenn ich fliege, sehe ich die Welt aus einer anderen Perspektive. Was bringt dich auf die Palme? Mein Hund, wenn er versucht, sein K\u00f6rbchen zu zerst\u00f6ren. Was war der beste Rat, den du jemals erhalten hast? \u201eDer R\u00fcckspiegel im Auto ist kleiner als die Windschutzscheibe, also fokussiere dich auf das, was vor dir ist!\u201c","url":"https:\/\/www.vaillant.de\/21-grad\/autor\/jonas\/"}]}},"_links":{"self":[{"href":"https:\/\/www.vaillant.de\/21-grad\/wp-json\/wp\/v2\/posts\/2664","targetHints":{"allow":["GET"]}}],"collection":[{"href":"https:\/\/www.vaillant.de\/21-grad\/wp-json\/wp\/v2\/posts"}],"about":[{"href":"https:\/\/www.vaillant.de\/21-grad\/wp-json\/wp\/v2\/types\/post"}],"author":[{"embeddable":true,"href":"https:\/\/www.vaillant.de\/21-grad\/wp-json\/wp\/v2\/users\/27"}],"replies":[{"embeddable":true,"href":"https:\/\/www.vaillant.de\/21-grad\/wp-json\/wp\/v2\/comments?post=2664"}],"version-history":[{"count":5,"href":"https:\/\/www.vaillant.de\/21-grad\/wp-json\/wp\/v2\/posts\/2664\/revisions"}],"predecessor-version":[{"id":8655,"href":"https:\/\/www.vaillant.de\/21-grad\/wp-json\/wp\/v2\/posts\/2664\/revisions\/8655"}],"wp:featuredmedia":[{"embeddable":true,"href":"https:\/\/www.vaillant.de\/21-grad\/wp-json\/wp\/v2\/media\/8654"}],"wp:attachment":[{"href":"https:\/\/www.vaillant.de\/21-grad\/wp-json\/wp\/v2\/media?parent=2664"}],"wp:term":[{"taxonomy":"category","embeddable":true,"href":"https:\/\/www.vaillant.de\/21-grad\/wp-json\/wp\/v2\/categories?post=2664"},{"taxonomy":"post_tag","embeddable":true,"href":"https:\/\/www.vaillant.de\/21-grad\/wp-json\/wp\/v2\/tags?post=2664"},{"taxonomy":"author","embeddable":true,"href":"https:\/\/www.vaillant.de\/21-grad\/wp-json\/wp\/v2\/coauthors?post=2664"}],"curies":[{"name":"wp","href":"https:\/\/api.w.org\/{rel}","templated":true}]}}