{"id":2687,"date":"2017-08-15T17:26:30","date_gmt":"2017-08-15T15:26:30","guid":{"rendered":"https:\/\/21-grad.vaillant.de\/?p=2687"},"modified":"2026-01-28T09:52:39","modified_gmt":"2026-01-28T08:52:39","slug":"nachhaltig-leben","status":"publish","type":"post","link":"https:\/\/www.vaillant.de\/21-grad\/rat-und-tat\/nachhaltig-leben\/","title":{"rendered":"Nachhaltig leben \u2013 Dinge, die du sofort tun kannst"},"content":{"rendered":"<h2><strong>Nachhaltig kochen mit links erledigt: Strom sparen in der K\u00fcche <\/strong><\/h2>\n<p><a href=\"https:\/\/www.vaillant.de\/21-grad\/wp-content\/uploads\/2017\/08\/pot-544071_1920.jpg\"><img loading=\"lazy\" decoding=\"async\" class=\"alignright wp-image-2691 size-medium\" src=\"https:\/\/www.vaillant.de\/21-grad\/wp-content\/uploads\/2017\/08\/pot-544071_1920-325x232.jpg\" alt=\"Nachhaltig leben: kochen\" width=\"325\" height=\"232\" srcset=\"https:\/\/www.vaillant.de\/21-grad\/wp-content\/uploads\/2017\/08\/pot-544071_1920-325x232.jpg 325w, https:\/\/www.vaillant.de\/21-grad\/wp-content\/uploads\/2017\/08\/pot-544071_1920-768x548.jpg 768w, https:\/\/www.vaillant.de\/21-grad\/wp-content\/uploads\/2017\/08\/pot-544071_1920-673x480.jpg 673w, https:\/\/www.vaillant.de\/21-grad\/wp-content\/uploads\/2017\/08\/pot-544071_1920.jpg 1920w\" sizes=\"auto, (max-width: 325px) 100vw, 325px\" \/><\/a>Strom sparen gelingt besonders leicht in der K\u00fcche. Ein 3-Personen-Haushalt kann j\u00e4hrlich fast 100 Euro und rund 180 kg CO<sub>2<\/sub> sparen. Und so funktioniert\u2019s: Achtet darauf, dass Herdplatte, Topf und Deckel die gleiche Gr\u00f6\u00dfe haben. Lasst den Deckel beim Kochvorgang m\u00f6glichst lange auf dem Topf, damit nicht unn\u00f6tig Hitze entweicht. Kochendes Wasser produziert Ihr am g\u00fcnstigsten mit dem Wasserkocher \u2013 1 Liter f\u00fcr 3,3 Cent. Hunger auf etwas Leckeres aus dem Ofen? Vorheizen muss nicht sein, auch wenn es h\u00e4ufig in Rezepten oder auf Verpackungen steht. Backt und gart bevorzugt mit Umluft und reduziert die Hitze lieber fr\u00fcher als sp\u00e4ter. Eine Sp\u00fclmaschine macht auch schon bei 50 \u00b0C prima sauber \u2013 die meisten Modelle sind mittlerweile standardm\u00e4\u00dfig mit einem Eco-Programm ausgestattet. Diese Sparprogramme dauern zwar etwas l\u00e4nger, sparen pro Waschgang aber 10 Cent! Und der K\u00fchlschrank? Steht nicht neben dem Backofen, der Heizung oder in der Sonne \u2013 das ist klar. Doch wie kalt muss er sein? +7\u00b0 C sind ideal. Beim Gefrierger\u00e4t sind es -18\u00b0 C. Und wenn Ihr in Urlaub macht? Macht auch Euer K\u00fchlschrank bestm\u00f6glich eine Pause: Seid ihr \u00fcber einen l\u00e4ngeren Zeitraum weg, empfiehlt sich diesen vorher zu leeren und erst wieder anzuschalten, wenn Ihr wieder zuhause seid.<\/p>\n<h2><strong>Nachhaltig putzen mit den richtigen Mittelchen: \u00f6ko-korrektes Gro\u00dfreinemachen <\/strong><\/h2>\n<p><a href=\"https:\/\/www.vaillant.de\/21-grad\/wp-content\/uploads\/2017\/08\/sponge-2541251_1920.jpg\"><img loading=\"lazy\" decoding=\"async\" class=\"alignleft wp-image-2692 size-medium\" src=\"https:\/\/www.vaillant.de\/21-grad\/wp-content\/uploads\/2017\/08\/sponge-2541251_1920-366x232.jpg\" alt=\"Nachhaltig leben: Putzen\" width=\"366\" height=\"232\" srcset=\"https:\/\/www.vaillant.de\/21-grad\/wp-content\/uploads\/2017\/08\/sponge-2541251_1920-366x232.jpg 366w, https:\/\/www.vaillant.de\/21-grad\/wp-content\/uploads\/2017\/08\/sponge-2541251_1920-768x487.jpg 768w, https:\/\/www.vaillant.de\/21-grad\/wp-content\/uploads\/2017\/08\/sponge-2541251_1920-757x480.jpg 757w, https:\/\/www.vaillant.de\/21-grad\/wp-content\/uploads\/2017\/08\/sponge-2541251_1920.jpg 1920w\" sizes=\"auto, (max-width: 366px) 100vw, 366px\" \/><\/a>Laut Umweltbundesamt verbrauchen Privathaushalte in Deutschland pro Jahr ca. 480.000 Tonnen Reinigungs- und Pflegemittel. Die meisten davon enthalten Tenside, Phosphate, synthetische Farb-, Duft- und Konservierungsstoffe, Schaumverst\u00e4rker oder optische Aufheller, die wir ins Abwasser sch\u00fctten. Wer die Umwelt entlasten m\u00f6chte, sollte Haushaltsreiniger daher sparsam verwenden oder auf biologisch abbaubare Reiniger zur\u00fcckgreifen. Viel braucht es sowieso nicht, um unser Zuhause zum Blinken zu bringen und dadurch nachhaltiger zu leben: Oft reichen eine Scheuermilch, ein saurer Reiniger auf Zitronens\u00e4ure-Basis und ein Sp\u00fclmittel aus. Noch besser ist es nat\u00fcrlich, auf umweltschonende Haushaltshelfer aus dem Vorratsschrank zur\u00fcckzugreifen: Mit Wasser vermischt eignet sich Essig sehr gut, um Haushaltsger\u00e4te wie Kaffeemaschinen oder Wasserkocher zu entkalken. Zitronensaft wirkt ebenfalls kalkl\u00f6send und kann wie Essig zum Reinigen von Armaturen und unempfindlichen B\u00f6den verwendet werden. Der Saft der Zitrusfrucht eignet sich au\u00dferdem zum Schrubben von Fliesen- und Kachelfugen. Mit etwas Wasser zu einer Paste vermischt, reinigt das Wundermittel Natron Armaturen in K\u00fcche und Bad sowie angelaufenes Silber. Um die Abfl\u00fcsse zu reinigen, gebt ihr etwas Natron-Pulver hinein und sp\u00fclt anschlie\u00dfend mit Wasser nach. Eure Echtholzm\u00f6bel d\u00fcrsten nach Pflege? Oliven\u00f6l eignet sich hervorragend als nat\u00fcrliche Politur. Au\u00dferdem gilt grunds\u00e4tzlich: Je mehr Ihr schrubbt, desto weniger Reiniger ben\u00f6tigt Ihr. Au\u00dferdem lohnt es sich, Schmutz sofort zu entfernen \u2013 bevor er verkrustet und hartn\u00e4ckig wird.<\/p>\n<h2><strong>Nat\u00fcrliche Reinigung ohne Chemiekeulen!<\/strong><\/h2>\n<div class=\"infobox default\"><\/p>\n<ul>\n<li><strong>Desinfektionsmittel<\/strong> braucht kein Mensch, zumindest kein gesunder. Sie sind Gift f\u00fcr die Umwelt und k\u00f6nnen Allergien sowie Antibiotika-Resistenzen sogar f\u00f6rdern.<\/li>\n<li><strong>Chemische Abflussreiniger<\/strong> gelangen direkt ins Abwasser. 100 % umweltfreundlich ist die mechanische Reinigung mit dem guten alten P\u00f6mpel (Saugglocke). Und damit es gar nicht erst zur Abflussverstopfung kommt, k\u00f6nnt ihr Ablagerungen regelm\u00e4\u00dfig mit Natron entfernen.<\/li>\n<li><strong>WC-Duftsteine<\/strong> auf chemischer Basis tragen nicht viel zur Hygiene bei und belasten das Abwasser eher unn\u00f6tig. Die Alternative: Bio WC-Reiniger!<\/li>\n<li><strong>Raumsprays<\/strong> \u00fcbert\u00fcnchen schlechte Ger\u00fcche nur. Sie k\u00f6nnen die Atemwege reizen und zu Allergien f\u00fchren. Daher l\u00fcftet lieber gut durch und entfernt die Geruchsursache mit umweltfreundlichen Reinigungsmitteln.<\/li>\n<li><strong>Backofensprays<\/strong> k\u00f6nnen giftige D\u00e4mpfe entwickeln und auch ihre R\u00fcckst\u00e4nde sind alles andere als gesundheitsf\u00f6rderlich. R\u00fchrt lieber eine Paste aus Natron und Wasser an, die Ihr mehrere Stunden einwirken lasst. Rezept zum selber machen:\n<ul>\n<li>1 EL Kochsalz<\/li>\n<li>2 EL Natron-Pulver<\/li>\n<li>1-2 EL Mineralwasser<\/li>\n<li>Schwamm, Lappen oder Mikrofasertuch<\/li>\n<li>Zeitaufwand: 10 min. + 20 min. Einwirkzeit<\/li>\n<li>Wichtig zu beachten: Heizst\u00e4be d\u00fcrfen mit der Paste nicht in Ber\u00fchrung kommen! Backofen w\u00e4hrend des Einwirkens schlie\u00dfen! Feucht abwischen!<\/li>\n<\/ul>\n<\/li>\n<\/ul>\n<p><\/div>\n<h2><strong>Nachhaltig waschen: Waschgang f\u00fcr Waschgang <\/strong><\/h2>\n<p><a href=\"https:\/\/www.vaillant.de\/21-grad\/wp-content\/uploads\/2017\/08\/switch-1033640_1920.jpg\"><img loading=\"lazy\" decoding=\"async\" class=\"alignright wp-image-2693 size-medium\" src=\"https:\/\/www.vaillant.de\/21-grad\/wp-content\/uploads\/2017\/08\/switch-1033640_1920-337x232.jpg\" alt=\"Nachhaltig leben: waschen\" width=\"337\" height=\"232\" srcset=\"https:\/\/www.vaillant.de\/21-grad\/wp-content\/uploads\/2017\/08\/switch-1033640_1920-337x232.jpg 337w, https:\/\/www.vaillant.de\/21-grad\/wp-content\/uploads\/2017\/08\/switch-1033640_1920-768x529.jpg 768w, https:\/\/www.vaillant.de\/21-grad\/wp-content\/uploads\/2017\/08\/switch-1033640_1920-697x480.jpg 697w, https:\/\/www.vaillant.de\/21-grad\/wp-content\/uploads\/2017\/08\/switch-1033640_1920.jpg 1920w\" sizes=\"auto, (max-width: 337px) 100vw, 337px\" \/><\/a>In Deutschland waschen wir durchschnittlich 4 kg W\u00e4sche pro Person und Woche. Dabei verbrauchen wir j\u00e4hrlich ca. 600.000 Tonnen Waschmittel und 220.000 Tonnen Weichsp\u00fcler. Hinzu kommen ca. 5,6 Mrd. kW Stunden Strom sowie etwa 450 Millionen m<sup>3<\/sup> Wasser. Eine Waschmaschine verbraucht dabei viel Energie und produziert CO<sub>2<\/sub>, was vorrangig von der Wahl der Waschtemperatur abh\u00e4ngig ist. Denn das Aufheizen des Wassers verursacht den h\u00f6chsten Energiebedarf. Wandert die W\u00e4sche anschlie\u00dfend in den Trockner statt auf die Leine, erfordert dies noch mehr Energie als das Waschen selbst. Wer Energie sparen und nachhaltig leben m\u00f6chte, sollte daher unbedingt darauf achten, auch im Sinne der Umwelt \u201esauber\u201c zu waschen. Hier unsere Tipps:<\/p>\n<p>Mit den heutigen Waschmitteln erzielt ihr sogar schon bei niedrigen Temperaturen von 20 bis 40 \u00b0C eine gute Hygiene. Das spart Strom und CO<sub>2<\/sub>. Lasst au\u00dferdem die T\u00fcre und Dosierkammer ge\u00f6ffnet, damit die Maschine nach dem Entleeren trocknen kann. Achtet auf eine genaue Dosierung des Waschmittels \u2013 am besten nicht mehr als n\u00f6tig und wie auf der Packung\u00a0 angegeben. Den H\u00e4rtegrad des Wassers erfahrt Ihr auf der Webseite Eures Wasserwerks. Moderne Waschmaschinen verf\u00fcgen zudem in der Regel \u00fcber stromsparende Eco-Programme.<\/p>\n<h2>Ist das Eco-Programm wirklich sparsamer?<\/h2>\n<p>Eindeutig: Ja! Der Waschgang im Eco-Programm dauert zwar l\u00e4nger, verbraucht aber deutlich weniger Strom und Wasser. Der Grund: Die Maschine kommt im Sparprogramm mit niedrigeren Temperaturen aus. Das Eco-Programm nutzt weniger Energie, um das Wasser zu erhitzen. Auch wird unter Umst\u00e4nden weniger Wasser ben\u00f6tigt, was den Energiebedarf zus\u00e4tzlich senkt. Damit die W\u00e4sche trotz k\u00e4lterem und weniger Wasser sauber wird, muss sie l\u00e4nger behandelt werden. So entfaltet das Waschmittel die gleiche Wirkung wie im normalen Waschprogramm.<\/p>\n<h2><strong>Nachhaltig waschen \u2013 nicht unbedingt bei 90\u00b0C!<\/strong><\/h2>\n<div class=\"infobox default\"><\/p>\n<ul>\n<li><strong>Kurzwaschprogramme<\/strong> verbrauchen mehr Wasser und Strom als l\u00e4ngere Waschg\u00e4nge bei niedrigeren Temperaturen. Macht die Maschine immer voll \u2013 au\u00dfer, es handelt sich um empfindliche Materialien wie Wolle oder Seide.<\/li>\n<li><strong>Flecken<\/strong> behandelt ihr am besten vor, um sie auch bei niedriger Waschtemperatur entfernen zu k\u00f6nnen: 60 \u00b0C statt 90 \u00b0C spart die H\u00e4lfte des Stroms.<\/li>\n<li><strong>Den Trockner<\/strong> nur nutzen, wenn unbedingt notwendig. Strom und Energie sparen l\u00e4sst sich am besten beim Lufttrocknen. Wer doch einen Trockner nutzt, kann die Waschmaschine bei hoher Drehzahl vorschleudern, um die Laufzeit des Trockners zu reduzieren.<\/li>\n<li><strong>Eco-Programme <\/strong>verbrauchen ca. 40 % weniger Energie. Ab und zu solltet Ihr aber ein Programm mit h\u00f6herer Temperatur (60 oder 90\u00b0C) und Vollwaschmittel laufen lassen. So k\u00f6nnen Waschmittelr\u00fcckst\u00e4nde und Bioorganismen vollst\u00e4ndig weggesp\u00fclt und unangenehme Ger\u00fcche vermieden werden.<\/li>\n<li><strong>\u00dcbrigens: <\/strong>Auch bei Sp\u00fclmaschinen reicht das Eco-Programm aus, um selbst hartn\u00e4ckige Verkrustungen zu entfernen!<\/li>\n<\/ul>\n<p><\/div>\n<p>Haben wir Tipps zum Thema &#8222;nachhaltig leben&#8220; vergessen? Was unternehmt Ihr, um im Alltag nachhaltiger zu leben? Wir freuen uns auf Eure Kommentare! Weitere Infos rund ums nachhaltige Reinigen, Abwaschen und Waschen findet Ihr auf <a href=\"http:\/\/www.forum-waschen.de\">www.forum-waschen.de<\/a>.<\/p>\n","protected":false},"excerpt":{"rendered":"<p>Die Umwelt schonen und f\u00fcr sp\u00e4tere Generationen erhalten \u2013 das funktioniert am besten, wenn wir Nachhaltigkeit in unseren Alltag integrieren. Zum Beispiel k\u00f6nnen wir beim waschen j\u00e4hrlich fast 40 Euro und ca. 74 kg CO2 sparen, in der K\u00fcche sogar bis zu 100 Euro und rund 180 kg CO2. Mit kleinen Handgriffen ist hier schon viel erreicht! Nachfolgend ein paar Tipps\u2026<\/p>\n","protected":false},"author":26,"featured_media":2696,"comment_status":"open","ping_status":"open","sticky":false,"template":"","format":"standard","meta":{"footnotes":""},"categories":[2,183],"tags":[172,171],"coauthors":[253],"class_list":["post-2687","post","type-post","status-publish","format-standard","has-post-thumbnail","hentry","category-rat-und-tat","category-partner-beitraege","tag-bauen-und-wohnen","tag-lifestyle"],"yoast_head":"<!-- This site is optimized with the Yoast SEO plugin v27.4 - https:\/\/yoast.com\/product\/yoast-seo-wordpress\/ -->\n<title>Nachhaltig leben \u2013 35 Dinge, die du sofort tun kannst<\/title>\n<meta name=\"description\" content=\"Nachhaltig leben: das funktioniert am besten, wenn wir Umweltschutz in unseren Alltag integrieren. Nachfolgend ein paar Tipps\u2026\" \/>\n<meta name=\"robots\" content=\"index, follow, max-snippet:-1, max-image-preview:large, max-video-preview:-1\" \/>\n<link rel=\"canonical\" href=\"https:\/\/www.vaillant.de\/21-grad\/rat-und-tat\/nachhaltig-leben\/\" \/>\n<meta property=\"og:locale\" content=\"de_DE\" \/>\n<meta property=\"og:type\" content=\"article\" \/>\n<meta property=\"og:title\" content=\"Nachhaltig leben \u2013 35 Dinge, die du sofort tun kannst\" \/>\n<meta property=\"og:description\" content=\"Nachhaltig leben: das funktioniert am besten, wenn wir Umweltschutz in unseren Alltag integrieren. Nachfolgend ein paar Tipps\u2026\" \/>\n<meta property=\"og:url\" content=\"https:\/\/www.vaillant.de\/21-grad\/rat-und-tat\/nachhaltig-leben\/\" \/>\n<meta property=\"og:site_name\" content=\"21 grad\" \/>\n<meta property=\"article:publisher\" content=\"https:\/\/www.facebook.com\/21grad\/\" \/>\n<meta property=\"article:published_time\" content=\"2017-08-15T15:26:30+00:00\" \/>\n<meta property=\"article:modified_time\" content=\"2026-01-28T08:52:39+00:00\" \/>\n<meta property=\"og:image\" content=\"https:\/\/www.vaillant.de\/21-grad\/wp-content\/uploads\/2017\/08\/NAchhaltig-leben.jpg\" \/>\n\t<meta property=\"og:image:width\" content=\"940\" \/>\n\t<meta property=\"og:image:height\" content=\"480\" \/>\n\t<meta property=\"og:image:type\" content=\"image\/jpeg\" \/>\n<meta name=\"author\" content=\"Lorena\" \/>\n<meta name=\"twitter:card\" content=\"summary_large_image\" \/>\n<meta name=\"twitter:creator\" content=\"@vaillant_de\" \/>\n<meta name=\"twitter:site\" content=\"@vaillant_de\" \/>\n<meta name=\"twitter:label1\" content=\"Verfasst von\" \/>\n\t<meta name=\"twitter:data1\" content=\"Lorena\" \/>\n\t<meta name=\"twitter:label2\" content=\"Gesch\u00e4tzte Lesezeit\" \/>\n\t<meta name=\"twitter:data2\" content=\"7\u00a0Minuten\" \/>\n\t<meta name=\"twitter:label3\" content=\"Written by\" \/>\n\t<meta name=\"twitter:data3\" content=\"Lorena\" \/>\n<script type=\"application\/ld+json\" class=\"yoast-schema-graph\">{\"@context\":\"https:\\\/\\\/schema.org\",\"@graph\":[{\"@type\":\"Article\",\"@id\":\"https:\\\/\\\/www.vaillant.de\\\/21-grad\\\/rat-und-tat\\\/nachhaltig-leben\\\/#article\",\"isPartOf\":{\"@id\":\"https:\\\/\\\/www.vaillant.de\\\/21-grad\\\/rat-und-tat\\\/nachhaltig-leben\\\/\"},\"author\":{\"name\":\"Lorena\",\"@id\":\"https:\\\/\\\/www.vaillant.de\\\/21-grad\\\/#\\\/schema\\\/person\\\/64bb3ed01d8d62d6fc3b965454e1d031\"},\"headline\":\"Nachhaltig leben \u2013 Dinge, die du sofort tun kannst\",\"datePublished\":\"2017-08-15T15:26:30+00:00\",\"dateModified\":\"2026-01-28T08:52:39+00:00\",\"mainEntityOfPage\":{\"@id\":\"https:\\\/\\\/www.vaillant.de\\\/21-grad\\\/rat-und-tat\\\/nachhaltig-leben\\\/\"},\"wordCount\":1157,\"commentCount\":17,\"image\":{\"@id\":\"https:\\\/\\\/www.vaillant.de\\\/21-grad\\\/rat-und-tat\\\/nachhaltig-leben\\\/#primaryimage\"},\"thumbnailUrl\":\"https:\\\/\\\/www.vaillant.de\\\/21-grad\\\/wp-content\\\/uploads\\\/2017\\\/08\\\/NAchhaltig-leben.jpg\",\"keywords\":[\"Bauen und Wohnen\",\"Lifestyle\"],\"articleSection\":[\"Rat &amp; Tat\",\"X-Partner-Beitr\u00e4ge\"],\"inLanguage\":\"de\",\"potentialAction\":[{\"@type\":\"CommentAction\",\"name\":\"Comment\",\"target\":[\"https:\\\/\\\/www.vaillant.de\\\/21-grad\\\/rat-und-tat\\\/nachhaltig-leben\\\/#respond\"]}]},{\"@type\":\"WebPage\",\"@id\":\"https:\\\/\\\/www.vaillant.de\\\/21-grad\\\/rat-und-tat\\\/nachhaltig-leben\\\/\",\"url\":\"https:\\\/\\\/www.vaillant.de\\\/21-grad\\\/rat-und-tat\\\/nachhaltig-leben\\\/\",\"name\":\"Nachhaltig leben \u2013 35 Dinge, die du sofort tun kannst\",\"isPartOf\":{\"@id\":\"https:\\\/\\\/www.vaillant.de\\\/21-grad\\\/#website\"},\"primaryImageOfPage\":{\"@id\":\"https:\\\/\\\/www.vaillant.de\\\/21-grad\\\/rat-und-tat\\\/nachhaltig-leben\\\/#primaryimage\"},\"image\":{\"@id\":\"https:\\\/\\\/www.vaillant.de\\\/21-grad\\\/rat-und-tat\\\/nachhaltig-leben\\\/#primaryimage\"},\"thumbnailUrl\":\"https:\\\/\\\/www.vaillant.de\\\/21-grad\\\/wp-content\\\/uploads\\\/2017\\\/08\\\/NAchhaltig-leben.jpg\",\"datePublished\":\"2017-08-15T15:26:30+00:00\",\"dateModified\":\"2026-01-28T08:52:39+00:00\",\"author\":{\"@id\":\"https:\\\/\\\/www.vaillant.de\\\/21-grad\\\/#\\\/schema\\\/person\\\/64bb3ed01d8d62d6fc3b965454e1d031\"},\"description\":\"Nachhaltig leben: das funktioniert am besten, wenn wir Umweltschutz in unseren Alltag integrieren. Nachfolgend ein paar Tipps\u2026\",\"breadcrumb\":{\"@id\":\"https:\\\/\\\/www.vaillant.de\\\/21-grad\\\/rat-und-tat\\\/nachhaltig-leben\\\/#breadcrumb\"},\"inLanguage\":\"de\",\"potentialAction\":[{\"@type\":\"ReadAction\",\"target\":[\"https:\\\/\\\/www.vaillant.de\\\/21-grad\\\/rat-und-tat\\\/nachhaltig-leben\\\/\"]}]},{\"@type\":\"ImageObject\",\"inLanguage\":\"de\",\"@id\":\"https:\\\/\\\/www.vaillant.de\\\/21-grad\\\/rat-und-tat\\\/nachhaltig-leben\\\/#primaryimage\",\"url\":\"https:\\\/\\\/www.vaillant.de\\\/21-grad\\\/wp-content\\\/uploads\\\/2017\\\/08\\\/NAchhaltig-leben.jpg\",\"contentUrl\":\"https:\\\/\\\/www.vaillant.de\\\/21-grad\\\/wp-content\\\/uploads\\\/2017\\\/08\\\/NAchhaltig-leben.jpg\",\"width\":940,\"height\":480},{\"@type\":\"BreadcrumbList\",\"@id\":\"https:\\\/\\\/www.vaillant.de\\\/21-grad\\\/rat-und-tat\\\/nachhaltig-leben\\\/#breadcrumb\",\"itemListElement\":[{\"@type\":\"ListItem\",\"position\":1,\"name\":\"Startseite\",\"item\":\"https:\\\/\\\/www.vaillant.de\\\/21-grad\\\/\"},{\"@type\":\"ListItem\",\"position\":2,\"name\":\"Nachhaltig leben \u2013 Dinge, die du sofort tun kannst\"}]},{\"@type\":\"WebSite\",\"@id\":\"https:\\\/\\\/www.vaillant.de\\\/21-grad\\\/#website\",\"url\":\"https:\\\/\\\/www.vaillant.de\\\/21-grad\\\/\",\"name\":\"21 grad\",\"description\":\"Der Blog f\u00fcr Menschen, die weiterdenken\",\"potentialAction\":[{\"@type\":\"SearchAction\",\"target\":{\"@type\":\"EntryPoint\",\"urlTemplate\":\"https:\\\/\\\/www.vaillant.de\\\/21-grad\\\/?s={search_term_string}\"},\"query-input\":{\"@type\":\"PropertyValueSpecification\",\"valueRequired\":true,\"valueName\":\"search_term_string\"}}],\"inLanguage\":\"de\"},{\"@type\":\"Person\",\"@id\":\"https:\\\/\\\/www.vaillant.de\\\/21-grad\\\/#\\\/schema\\\/person\\\/64bb3ed01d8d62d6fc3b965454e1d031\",\"name\":\"Lorena\",\"image\":{\"@type\":\"ImageObject\",\"inLanguage\":\"de\",\"@id\":\"https:\\\/\\\/www.vaillant.de\\\/21-grad\\\/wp-content\\\/uploads\\\/2025\\\/04\\\/20230502_Vaillant-Mitarbeitershooting-Lennep_0045_MKP_100-125x125.jpg3845af5a66923cc212a0c6c57ae1c3a4\",\"url\":\"https:\\\/\\\/www.vaillant.de\\\/21-grad\\\/wp-content\\\/uploads\\\/2025\\\/04\\\/20230502_Vaillant-Mitarbeitershooting-Lennep_0045_MKP_100-125x125.jpg\",\"contentUrl\":\"https:\\\/\\\/www.vaillant.de\\\/21-grad\\\/wp-content\\\/uploads\\\/2025\\\/04\\\/20230502_Vaillant-Mitarbeitershooting-Lennep_0045_MKP_100-125x125.jpg\",\"caption\":\"Lorena\"},\"description\":\"In meiner Rolle als E-Mail-Marketing-Manager B2C liegt mein Fokus darauf, eine effektive und ansprechende E-Mail-Kommunikation mit unseren Kunden zu gestalten. Von der sorgf\u00e4ltigen Auswahl der relevanten Daten bis hin zur kreativen Erstellung und dem pr\u00e4zisen Versand der E-Mails sorge ich daf\u00fcr, dass unsere Botschaften genau dort ankommen, wo sie sollen. Nachhaltigkeit Nachhaltigkeit ist mir wichtig, und ich versuche, in meinem Alltag bewusst darauf zu achten. Zum Beispiel benutze ich Jutebeutel, wenn ich einkaufen gehe. Au\u00dferdem erledige ich so viel wie m\u00f6glich zu Fu\u00df. Das schont nicht nur die Umwelt, sondern tut auch meiner Gesundheit gut. Beim Einkaufen achte ich darauf, nur die Lebensmittel zu kaufen, die ich tats\u00e4chlich verbrauchen kann. Interessen Ich liebe es, mit Freunden beim Fu\u00dfball unterwegs zu sein, um unsere Mannschaft zu unterst\u00fctzen. In den Bergen f\u00fchle ich mich besonders wohl, sei es beim Skifahren, beim Wandern oder einfach beim Genie\u00dfen der beeindruckenden Aussicht. Dar\u00fcber hinaus finde ich gro\u00dfe Freude am Basteln, wo ich meiner Kreativit\u00e4t freien Lauf lasse, und am Backen, bei dem ich gerne meine Lieblingsrezepte aber auch neue ausprobiere. Was bringt dich auf die Palme? Tickende Uhren k\u00f6nnen mich wahnsinnig machen. Dieses konstante Ger\u00e4usch im Hintergrund, st\u00f6rt meine Konzentration und bringt mich aus der Ruhe.\",\"url\":\"https:\\\/\\\/www.vaillant.de\\\/21-grad\\\/autor\\\/lorena\\\/\"}]}<\/script>\n<!-- \/ Yoast SEO plugin. -->","yoast_head_json":{"title":"Nachhaltig leben \u2013 35 Dinge, die du sofort tun kannst","description":"Nachhaltig leben: das funktioniert am besten, wenn wir Umweltschutz in unseren Alltag integrieren. Nachfolgend ein paar Tipps\u2026","robots":{"index":"index","follow":"follow","max-snippet":"max-snippet:-1","max-image-preview":"max-image-preview:large","max-video-preview":"max-video-preview:-1"},"canonical":"https:\/\/www.vaillant.de\/21-grad\/rat-und-tat\/nachhaltig-leben\/","og_locale":"de_DE","og_type":"article","og_title":"Nachhaltig leben \u2013 35 Dinge, die du sofort tun kannst","og_description":"Nachhaltig leben: das funktioniert am besten, wenn wir Umweltschutz in unseren Alltag integrieren. Nachfolgend ein paar Tipps\u2026","og_url":"https:\/\/www.vaillant.de\/21-grad\/rat-und-tat\/nachhaltig-leben\/","og_site_name":"21 grad","article_publisher":"https:\/\/www.facebook.com\/21grad\/","article_published_time":"2017-08-15T15:26:30+00:00","article_modified_time":"2026-01-28T08:52:39+00:00","og_image":[{"width":940,"height":480,"url":"https:\/\/www.vaillant.de\/21-grad\/wp-content\/uploads\/2017\/08\/NAchhaltig-leben.jpg","type":"image\/jpeg"}],"author":"Lorena","twitter_card":"summary_large_image","twitter_creator":"@vaillant_de","twitter_site":"@vaillant_de","twitter_misc":{"Verfasst von":"Lorena","Gesch\u00e4tzte Lesezeit":"7\u00a0Minuten","Written by":"Lorena"},"schema":{"@context":"https:\/\/schema.org","@graph":[{"@type":"Article","@id":"https:\/\/www.vaillant.de\/21-grad\/rat-und-tat\/nachhaltig-leben\/#article","isPartOf":{"@id":"https:\/\/www.vaillant.de\/21-grad\/rat-und-tat\/nachhaltig-leben\/"},"author":{"name":"Lorena","@id":"https:\/\/www.vaillant.de\/21-grad\/#\/schema\/person\/64bb3ed01d8d62d6fc3b965454e1d031"},"headline":"Nachhaltig leben \u2013 Dinge, die du sofort tun kannst","datePublished":"2017-08-15T15:26:30+00:00","dateModified":"2026-01-28T08:52:39+00:00","mainEntityOfPage":{"@id":"https:\/\/www.vaillant.de\/21-grad\/rat-und-tat\/nachhaltig-leben\/"},"wordCount":1157,"commentCount":17,"image":{"@id":"https:\/\/www.vaillant.de\/21-grad\/rat-und-tat\/nachhaltig-leben\/#primaryimage"},"thumbnailUrl":"https:\/\/www.vaillant.de\/21-grad\/wp-content\/uploads\/2017\/08\/NAchhaltig-leben.jpg","keywords":["Bauen und Wohnen","Lifestyle"],"articleSection":["Rat &amp; Tat","X-Partner-Beitr\u00e4ge"],"inLanguage":"de","potentialAction":[{"@type":"CommentAction","name":"Comment","target":["https:\/\/www.vaillant.de\/21-grad\/rat-und-tat\/nachhaltig-leben\/#respond"]}]},{"@type":"WebPage","@id":"https:\/\/www.vaillant.de\/21-grad\/rat-und-tat\/nachhaltig-leben\/","url":"https:\/\/www.vaillant.de\/21-grad\/rat-und-tat\/nachhaltig-leben\/","name":"Nachhaltig leben \u2013 35 Dinge, die du sofort tun kannst","isPartOf":{"@id":"https:\/\/www.vaillant.de\/21-grad\/#website"},"primaryImageOfPage":{"@id":"https:\/\/www.vaillant.de\/21-grad\/rat-und-tat\/nachhaltig-leben\/#primaryimage"},"image":{"@id":"https:\/\/www.vaillant.de\/21-grad\/rat-und-tat\/nachhaltig-leben\/#primaryimage"},"thumbnailUrl":"https:\/\/www.vaillant.de\/21-grad\/wp-content\/uploads\/2017\/08\/NAchhaltig-leben.jpg","datePublished":"2017-08-15T15:26:30+00:00","dateModified":"2026-01-28T08:52:39+00:00","author":{"@id":"https:\/\/www.vaillant.de\/21-grad\/#\/schema\/person\/64bb3ed01d8d62d6fc3b965454e1d031"},"description":"Nachhaltig leben: das funktioniert am besten, wenn wir Umweltschutz in unseren Alltag integrieren. Nachfolgend ein paar Tipps\u2026","breadcrumb":{"@id":"https:\/\/www.vaillant.de\/21-grad\/rat-und-tat\/nachhaltig-leben\/#breadcrumb"},"inLanguage":"de","potentialAction":[{"@type":"ReadAction","target":["https:\/\/www.vaillant.de\/21-grad\/rat-und-tat\/nachhaltig-leben\/"]}]},{"@type":"ImageObject","inLanguage":"de","@id":"https:\/\/www.vaillant.de\/21-grad\/rat-und-tat\/nachhaltig-leben\/#primaryimage","url":"https:\/\/www.vaillant.de\/21-grad\/wp-content\/uploads\/2017\/08\/NAchhaltig-leben.jpg","contentUrl":"https:\/\/www.vaillant.de\/21-grad\/wp-content\/uploads\/2017\/08\/NAchhaltig-leben.jpg","width":940,"height":480},{"@type":"BreadcrumbList","@id":"https:\/\/www.vaillant.de\/21-grad\/rat-und-tat\/nachhaltig-leben\/#breadcrumb","itemListElement":[{"@type":"ListItem","position":1,"name":"Startseite","item":"https:\/\/www.vaillant.de\/21-grad\/"},{"@type":"ListItem","position":2,"name":"Nachhaltig leben \u2013 Dinge, die du sofort tun kannst"}]},{"@type":"WebSite","@id":"https:\/\/www.vaillant.de\/21-grad\/#website","url":"https:\/\/www.vaillant.de\/21-grad\/","name":"21 grad","description":"Der Blog f\u00fcr Menschen, die weiterdenken","potentialAction":[{"@type":"SearchAction","target":{"@type":"EntryPoint","urlTemplate":"https:\/\/www.vaillant.de\/21-grad\/?s={search_term_string}"},"query-input":{"@type":"PropertyValueSpecification","valueRequired":true,"valueName":"search_term_string"}}],"inLanguage":"de"},{"@type":"Person","@id":"https:\/\/www.vaillant.de\/21-grad\/#\/schema\/person\/64bb3ed01d8d62d6fc3b965454e1d031","name":"Lorena","image":{"@type":"ImageObject","inLanguage":"de","@id":"https:\/\/www.vaillant.de\/21-grad\/wp-content\/uploads\/2025\/04\/20230502_Vaillant-Mitarbeitershooting-Lennep_0045_MKP_100-125x125.jpg3845af5a66923cc212a0c6c57ae1c3a4","url":"https:\/\/www.vaillant.de\/21-grad\/wp-content\/uploads\/2025\/04\/20230502_Vaillant-Mitarbeitershooting-Lennep_0045_MKP_100-125x125.jpg","contentUrl":"https:\/\/www.vaillant.de\/21-grad\/wp-content\/uploads\/2025\/04\/20230502_Vaillant-Mitarbeitershooting-Lennep_0045_MKP_100-125x125.jpg","caption":"Lorena"},"description":"In meiner Rolle als E-Mail-Marketing-Manager B2C liegt mein Fokus darauf, eine effektive und ansprechende E-Mail-Kommunikation mit unseren Kunden zu gestalten. Von der sorgf\u00e4ltigen Auswahl der relevanten Daten bis hin zur kreativen Erstellung und dem pr\u00e4zisen Versand der E-Mails sorge ich daf\u00fcr, dass unsere Botschaften genau dort ankommen, wo sie sollen. Nachhaltigkeit Nachhaltigkeit ist mir wichtig, und ich versuche, in meinem Alltag bewusst darauf zu achten. Zum Beispiel benutze ich Jutebeutel, wenn ich einkaufen gehe. Au\u00dferdem erledige ich so viel wie m\u00f6glich zu Fu\u00df. Das schont nicht nur die Umwelt, sondern tut auch meiner Gesundheit gut. Beim Einkaufen achte ich darauf, nur die Lebensmittel zu kaufen, die ich tats\u00e4chlich verbrauchen kann. Interessen Ich liebe es, mit Freunden beim Fu\u00dfball unterwegs zu sein, um unsere Mannschaft zu unterst\u00fctzen. In den Bergen f\u00fchle ich mich besonders wohl, sei es beim Skifahren, beim Wandern oder einfach beim Genie\u00dfen der beeindruckenden Aussicht. Dar\u00fcber hinaus finde ich gro\u00dfe Freude am Basteln, wo ich meiner Kreativit\u00e4t freien Lauf lasse, und am Backen, bei dem ich gerne meine Lieblingsrezepte aber auch neue ausprobiere. Was bringt dich auf die Palme? Tickende Uhren k\u00f6nnen mich wahnsinnig machen. Dieses konstante Ger\u00e4usch im Hintergrund, st\u00f6rt meine Konzentration und bringt mich aus der Ruhe.","url":"https:\/\/www.vaillant.de\/21-grad\/autor\/lorena\/"}]}},"_links":{"self":[{"href":"https:\/\/www.vaillant.de\/21-grad\/wp-json\/wp\/v2\/posts\/2687","targetHints":{"allow":["GET"]}}],"collection":[{"href":"https:\/\/www.vaillant.de\/21-grad\/wp-json\/wp\/v2\/posts"}],"about":[{"href":"https:\/\/www.vaillant.de\/21-grad\/wp-json\/wp\/v2\/types\/post"}],"author":[{"embeddable":true,"href":"https:\/\/www.vaillant.de\/21-grad\/wp-json\/wp\/v2\/users\/26"}],"replies":[{"embeddable":true,"href":"https:\/\/www.vaillant.de\/21-grad\/wp-json\/wp\/v2\/comments?post=2687"}],"version-history":[{"count":10,"href":"https:\/\/www.vaillant.de\/21-grad\/wp-json\/wp\/v2\/posts\/2687\/revisions"}],"predecessor-version":[{"id":7879,"href":"https:\/\/www.vaillant.de\/21-grad\/wp-json\/wp\/v2\/posts\/2687\/revisions\/7879"}],"wp:featuredmedia":[{"embeddable":true,"href":"https:\/\/www.vaillant.de\/21-grad\/wp-json\/wp\/v2\/media\/2696"}],"wp:attachment":[{"href":"https:\/\/www.vaillant.de\/21-grad\/wp-json\/wp\/v2\/media?parent=2687"}],"wp:term":[{"taxonomy":"category","embeddable":true,"href":"https:\/\/www.vaillant.de\/21-grad\/wp-json\/wp\/v2\/categories?post=2687"},{"taxonomy":"post_tag","embeddable":true,"href":"https:\/\/www.vaillant.de\/21-grad\/wp-json\/wp\/v2\/tags?post=2687"},{"taxonomy":"author","embeddable":true,"href":"https:\/\/www.vaillant.de\/21-grad\/wp-json\/wp\/v2\/coauthors?post=2687"}],"curies":[{"name":"wp","href":"https:\/\/api.w.org\/{rel}","templated":true}]}}