{"id":2740,"date":"2017-09-06T09:16:05","date_gmt":"2017-09-06T07:16:05","guid":{"rendered":"https:\/\/21-grad.vaillant.de\/?p=2740"},"modified":"2026-01-28T09:53:40","modified_gmt":"2026-01-28T08:53:40","slug":"fair-trade-was-hinter-den-siegeln-steckt","status":"publish","type":"post","link":"https:\/\/www.vaillant.de\/21-grad\/bewusst-und-sein\/fair-trade-was-hinter-den-siegeln-steckt\/","title":{"rendered":"Fair Trade: Was hinter den Siegeln steckt"},"content":{"rendered":"<h2><a href=\"https:\/\/www.vaillant.de\/21-grad\/wp-content\/uploads\/2017\/09\/fair_trade.jpg\"><img loading=\"lazy\" decoding=\"async\" class=\"alignright wp-image-2747 size-medium\" src=\"https:\/\/www.vaillant.de\/21-grad\/wp-content\/uploads\/2017\/09\/fair_trade-206x232.jpg\" alt=\"Fairtrade\" width=\"206\" height=\"232\" srcset=\"https:\/\/www.vaillant.de\/21-grad\/wp-content\/uploads\/2017\/09\/fair_trade-206x232.jpg 206w, https:\/\/www.vaillant.de\/21-grad\/wp-content\/uploads\/2017\/09\/fair_trade-426x480.jpg 426w, https:\/\/www.vaillant.de\/21-grad\/wp-content\/uploads\/2017\/09\/fair_trade.jpg 509w\" sizes=\"auto, (max-width: 206px) 100vw, 206px\" \/><\/a><strong>Das bekannteste Fairtraide-Siegel: Fairtrade<\/strong><strong> International<\/strong><\/h2>\n<p><strong>Die Mission<\/strong><br \/>\nDen Handel gerechter gestalten. Vor allem f\u00fcr die Menschen, die am Anfang der Produktionskette stehen. Daf\u00fcr folgt <a href=\"https:\/\/www.fairtrade.net\/\" target=\"_blank\" rel=\"noopener noreferrer\">Fairtrade<\/a> f\u00fcnf Punkten. Diese umfassen bessere Bedingungen f\u00fcr die Produzenten und ihre Arbeitskr\u00e4fte, h\u00f6here soziale und \u00f6kologische Standards, neue Kooperationen mit M\u00e4rkten, Einflussnahme auf die Politik sowie den Aufbau eines internationalen, transparenten Systems.<\/p>\n<p><strong>Die Kriterien<\/strong><br \/>\nFairtrade setzt soziale, \u00f6kologische und \u00f6konomische Standards. Dazu geh\u00f6ren zum Beispiel demokratische Strukturen, Umweltschutz und transparente Handelsbeziehungen. Damit ein Produkt das Siegel tragen darf, gelten unterschiedliche Bedingungen: Monoprodukte aus einem Rohstoff wie Kaffee, Reis, Baumwolle oder Zucker d\u00fcrfen das Siegel nur tragen, wenn sie zu 100 Prozent nach den vorgegebenen Standards gehandelt sind. Bei Mischprodukten wie Schokolade, Limonade oder M\u00fcsli stellt die Organisation den maximal m\u00f6glichen Anteil an Fairtrade-Zutaten bereit. Das hei\u00dft aber auch: Die Zutaten, die es nicht fair gehandelt gibt zum Beispiel Mehl und Milch, d\u00fcrfen zu bis zu 80 Prozent konventionell ins Produkt.<\/p>\n<h2><a href=\"https:\/\/www.vaillant.de\/21-grad\/wp-content\/uploads\/2017\/09\/wfto.jpg\"><img loading=\"lazy\" decoding=\"async\" class=\"alignright wp-image-2748 size-medium\" src=\"https:\/\/www.vaillant.de\/21-grad\/wp-content\/uploads\/2017\/09\/wfto-234x232.jpg\" alt=\"World Fair Trade Organization\" width=\"234\" height=\"232\" srcset=\"https:\/\/www.vaillant.de\/21-grad\/wp-content\/uploads\/2017\/09\/wfto-234x232.jpg 234w, https:\/\/www.vaillant.de\/21-grad\/wp-content\/uploads\/2017\/09\/wfto-150x150.jpg 150w, https:\/\/www.vaillant.de\/21-grad\/wp-content\/uploads\/2017\/09\/wfto.jpg 484w, https:\/\/www.vaillant.de\/21-grad\/wp-content\/uploads\/2017\/09\/wfto-125x125.jpg 125w, https:\/\/www.vaillant.de\/21-grad\/wp-content\/uploads\/2017\/09\/wfto-32x32.jpg 32w, https:\/\/www.vaillant.de\/21-grad\/wp-content\/uploads\/2017\/09\/wfto-50x50.jpg 50w, https:\/\/www.vaillant.de\/21-grad\/wp-content\/uploads\/2017\/09\/wfto-64x64.jpg 64w, https:\/\/www.vaillant.de\/21-grad\/wp-content\/uploads\/2017\/09\/wfto-96x96.jpg 96w, https:\/\/www.vaillant.de\/21-grad\/wp-content\/uploads\/2017\/09\/wfto-128x128.jpg 128w\" sizes=\"auto, (max-width: 234px) 100vw, 234px\" \/><\/a><strong>Fairtrade-Siegel der Word Fair Trade Organization: Ein Siegel in drei Stufen<\/strong><\/h2>\n<p><strong>Die Mission<\/strong><br \/>\nGegen Armut, Klimawandel und globale Wirtschaftskrisen k\u00e4mpfen. Dabei sollen weltweit nachhaltige Handelsbeziehungen entstehen. Das Siegel verspricht 100 Prozent fairen Handel w\u00e4hrend der gesamten Produktionskette.<\/p>\n<p><strong>Die Kriterien<\/strong><br \/>\nBevor Institutionen Mitglied der <a href=\"http:\/\/wfto.com\/\" target=\"_blank\" rel=\"noopener noreferrer\">WFTO<\/a> werden, durchlaufen sie ein dreistufiges Garantiesystem. Zuerst m\u00fcssen sie einen Bericht zu ihren Produktionsbedingungen einreichen. Im zweiten Schritt pr\u00fcft ein Branchenexperte die Aussagen vor Ort und gibt Anst\u00f6\u00dfe, wie das Unternehmen seine Bedingungen weiter verbessern kann. Im dritten Schritt wird der Betrieb von der WFTO gepr\u00fcft. Anschlie\u00dfend darf das neue Mitglied seine Produkte unter dem WFTO-Siegel verkaufen. Die Institution misst faire Produktionsbedingungen anhand von zehn Kriterien. Dazu geh\u00f6ren zum Beispiel Gleichberechtigung, das Verbot von Kinder- und Zwangsarbeit, Umweltschutz und Preise, die vom Produzenten selbst als \u201efair\u201c bewertet werden.<\/p>\n<h2><a href=\"https:\/\/www.vaillant.de\/21-grad\/wp-content\/uploads\/2017\/09\/gepa.jpg\"><img loading=\"lazy\" decoding=\"async\" class=\"alignright wp-image-2751 size-medium\" src=\"https:\/\/www.vaillant.de\/21-grad\/wp-content\/uploads\/2017\/09\/gepa-201x232.jpg\" alt=\"Fair Plus\" width=\"201\" height=\"232\" srcset=\"https:\/\/www.vaillant.de\/21-grad\/wp-content\/uploads\/2017\/09\/gepa-201x232.jpg 201w, https:\/\/www.vaillant.de\/21-grad\/wp-content\/uploads\/2017\/09\/gepa-768x886.jpg 768w, https:\/\/www.vaillant.de\/21-grad\/wp-content\/uploads\/2017\/09\/gepa-416x480.jpg 416w, https:\/\/www.vaillant.de\/21-grad\/wp-content\/uploads\/2017\/09\/gepa.jpg 1024w\" sizes=\"auto, (max-width: 201px) 100vw, 201px\" \/><\/a><strong>Fair Plus: Das Fairtrade-Siegel der GEPA<\/strong><\/h2>\n<p><strong>Die Mission<\/strong><br \/>\nDie \u201eweltweite Abw\u00e4rtsspirale auf der Suche nach dem billigsten Produkt\u201c durchbrechen und \u00fcber \u00fcbliche Fair-Handelskriterien hinausgehen. Daf\u00fcr m\u00f6chte <a href=\"http:\/\/fair-plus.de\/\" target=\"_blank\" rel=\"noopener noreferrer\">Fair Plus<\/a> wirtschaftliche Handelsbedingungen und die Bed\u00fcrfnisse der Handelspartner im globalen S\u00fcden auf einen Nenner bringen.<\/p>\n<p><strong>Die Kriterien<\/strong><br \/>\nFair Plus folgt den Kriterien von Fairtrade International und der WFTO und will somit ebenfalls soziale, \u00f6kologische und \u00f6konomische Nachhaltigkeit sicherstellen. Die organisatorischen Abl\u00e4ufe zwischen Produzent und H\u00e4ndler sind bei Fair Plus genauer gekl\u00e4rt als bei anderen Siegeln. Zum Beispiel m\u00fcssen H\u00e4ndler die Ernte der Bauern vorfinanzieren. Damit haben diese ein Kapital, um ihre Ware \u00fcberhaupt zu exportieren. Die Zusammenarbeit muss gemeinsam mit den Erzeugern mit der Vorlaufzeit von mindestens einer Ernte geplant werden, damit die Produzenten eine kalkulierbare Einkommensquelle haben.<\/p>\n<h2><a href=\"https:\/\/www.vaillant.de\/21-grad\/wp-content\/uploads\/2017\/09\/fair_for_life.png\"><img loading=\"lazy\" decoding=\"async\" class=\"alignright wp-image-2749 size-medium\" src=\"https:\/\/www.vaillant.de\/21-grad\/wp-content\/uploads\/2017\/09\/fair_for_life-195x232.png\" alt=\"fair for life\" width=\"195\" height=\"232\" srcset=\"https:\/\/www.vaillant.de\/21-grad\/wp-content\/uploads\/2017\/09\/fair_for_life-195x232.png 195w, https:\/\/www.vaillant.de\/21-grad\/wp-content\/uploads\/2017\/09\/fair_for_life-403x480.png 403w, https:\/\/www.vaillant.de\/21-grad\/wp-content\/uploads\/2017\/09\/fair_for_life.png 653w\" sizes=\"auto, (max-width: 195px) 100vw, 195px\" \/><\/a><strong>Fairtrade-Siegel f\u00fcr soziale Produktionsbedingungen: Fair for life<\/strong><\/h2>\n<p><strong>Die Mission<\/strong><br \/>\nH\u00f6here soziale Standards bei der Produktion von Lebensmitteln. Die Organisation <a href=\"http:\/\/www.fairforlife.org\/pmws\/indexDOM.php?client_id=fairforlife&amp;page_id=home\" target=\"_blank\" rel=\"noopener noreferrer\">Fair for life<\/a> setzt sich besonders stark f\u00fcr gerechtere Bedingungen von Arbeitnehmern ein.<\/p>\n<p><strong>Die Kriterien<\/strong><br \/>\nWer das Fair for life Siegel verwenden will, muss die Arbeitnehmerrechte der Internationalen Arbeitsorganisation einhalten. Das hei\u00dft: Verbot von Kinderarbeit, Dumpingl\u00f6hnen und unrechtm\u00e4\u00dfiger Arbeitszeiten. Das Ziel der Organisation: Alle Mitglieder sollen ihre Produkte vollkommen fair produzieren. Daf\u00fcr folgen sie einem Drei-Jahres-Plan. W\u00e4hrend der Produzent im ersten Jahr nur 90 Prozent der Standards erreichen muss, sind es im zweiten Jahr bereits 95 Prozent. Im dritten Jahr muss der Teilnehmer dann 100 Prozent der Kriterien erf\u00fcllen. Eine externe Organisation pr\u00fcft, ob das auch tats\u00e4chlich eingehalten wird. Das Siegel wird anschlie\u00dfend vom Zertifizierungsb\u00fcro vergeben und ist ein Jahr lang g\u00fcltig. Wenn bei den j\u00e4hrlichen Kontrollen und Stichproben eine Missachtung der Vorgaben auff\u00e4llt, verliert der Produzent das Siegel, oder muss seine Bedingungen sofort nachbessern.<\/p>\n<div class=\"infobox default\"><\/p>\n<h2>Weitere Fairtrade-Siegel<\/h2>\n<p>Ihr habt ein Siegel entdeckt, das ihr nicht kennt und wollt wissen, was dahinter steckt? Hier findet ihr Antworten: <a href=\"https:\/\/label-online.de\/\">https:\/\/label-online.de\/<\/a><\/p>\n<p>Genauere Informationen zum Thema gibt\u2019s auch hier:<\/p>\n<ul>\n<li><a href=\"http:\/\/www.bpb.de\/apuz\/146110\/fairer-handel-suesse-schokolade-aus-bitteren-bohnen?p=all\">http:\/\/www.bpb.de\/<\/a><\/li>\n<li><a href=\"https:\/\/www.forum-fairer-handel.de\/fairer-handel\/faire-produkte-erkennen\/\">https:\/\/www.forum-fairer-handel.de\/<\/a><\/li>\n<li><a href=\"https:\/\/www.verbraucherzentrale.de\/fairer-handel?i=1\">https:\/\/www.verbraucherzentrale.de\/<\/a><\/li>\n<\/ul>\n<p><\/div>\n","protected":false},"excerpt":{"rendered":"<p>Im Supermarkt begegnen uns immer h\u00e4ufiger Produkte, auf denen Siegel fairen Handel versprechen. Oft sind das die Produkte, an denen wir lieber schnell vorbeigehen \u2013 sie kosten oft mehr als vergleichbare Ware im Regal. Aber was steckt eigentlich hinter den verschiedenen Siegeln? Antworten findet ihr hier.<\/p>\n","protected":false},"author":27,"featured_media":2742,"comment_status":"open","ping_status":"open","sticky":false,"template":"","format":"standard","meta":{"footnotes":""},"categories":[5],"tags":[106,23],"coauthors":[254],"class_list":["post-2740","post","type-post","status-publish","format-standard","has-post-thumbnail","hentry","category-bewusst-und-sein","tag-konsum","tag-nachhaltigkeit"],"yoast_head":"<!-- This site is optimized with the Yoast SEO plugin v27.4 - https:\/\/yoast.com\/product\/yoast-seo-wordpress\/ -->\n<title>Fairtrade-Siegel: Bedeutung, Erkl\u00e4rung &amp; Kriterien | 21 grad<\/title>\n<meta name=\"description\" content=\"Zahlreiche Fairtrade-Siegel versprechen faire Produktionsbedingungen. Was bedeuten die Siegel? Nach welchen Kriterien werden sie vergeben? \u2192 Mehr erfahren!\" \/>\n<meta name=\"robots\" content=\"index, follow, max-snippet:-1, max-image-preview:large, max-video-preview:-1\" \/>\n<link rel=\"canonical\" href=\"https:\/\/www.vaillant.de\/21-grad\/bewusst-und-sein\/fair-trade-was-hinter-den-siegeln-steckt\/\" \/>\n<meta property=\"og:locale\" content=\"de_DE\" \/>\n<meta property=\"og:type\" content=\"article\" \/>\n<meta property=\"og:title\" content=\"Fairtrade-Siegel: Bedeutung, Erkl\u00e4rung &amp; Kriterien | 21 grad\" \/>\n<meta property=\"og:description\" content=\"Zahlreiche Fairtrade-Siegel versprechen faire Produktionsbedingungen. Was bedeuten die Siegel? Nach welchen Kriterien werden sie vergeben? \u2192 Mehr erfahren!\" \/>\n<meta property=\"og:url\" content=\"https:\/\/www.vaillant.de\/21-grad\/bewusst-und-sein\/fair-trade-was-hinter-den-siegeln-steckt\/\" \/>\n<meta property=\"og:site_name\" content=\"21 grad\" \/>\n<meta property=\"article:publisher\" content=\"https:\/\/www.facebook.com\/21grad\/\" \/>\n<meta property=\"article:published_time\" content=\"2017-09-06T07:16:05+00:00\" \/>\n<meta property=\"article:modified_time\" content=\"2026-01-28T08:53:40+00:00\" \/>\n<meta property=\"og:image\" content=\"https:\/\/www.vaillant.de\/21-grad\/wp-content\/uploads\/2017\/09\/fair_trade_940.jpg\" \/>\n\t<meta property=\"og:image:width\" content=\"940\" \/>\n\t<meta property=\"og:image:height\" content=\"480\" \/>\n\t<meta property=\"og:image:type\" content=\"image\/jpeg\" \/>\n<meta name=\"author\" content=\"Jonas\" \/>\n<meta name=\"twitter:card\" content=\"summary_large_image\" \/>\n<meta name=\"twitter:creator\" content=\"@vaillant_de\" \/>\n<meta name=\"twitter:site\" content=\"@vaillant_de\" \/>\n<meta name=\"twitter:label1\" content=\"Verfasst von\" \/>\n\t<meta name=\"twitter:data1\" content=\"Jonas\" \/>\n\t<meta name=\"twitter:label2\" content=\"Gesch\u00e4tzte Lesezeit\" \/>\n\t<meta name=\"twitter:data2\" content=\"3\u00a0Minuten\" \/>\n\t<meta name=\"twitter:label3\" content=\"Written by\" \/>\n\t<meta name=\"twitter:data3\" content=\"Jonas\" \/>\n<script type=\"application\/ld+json\" class=\"yoast-schema-graph\">{\"@context\":\"https:\\\/\\\/schema.org\",\"@graph\":[{\"@type\":\"Article\",\"@id\":\"https:\\\/\\\/www.vaillant.de\\\/21-grad\\\/bewusst-und-sein\\\/fair-trade-was-hinter-den-siegeln-steckt\\\/#article\",\"isPartOf\":{\"@id\":\"https:\\\/\\\/www.vaillant.de\\\/21-grad\\\/bewusst-und-sein\\\/fair-trade-was-hinter-den-siegeln-steckt\\\/\"},\"author\":{\"name\":\"Jonas\",\"@id\":\"https:\\\/\\\/www.vaillant.de\\\/21-grad\\\/#\\\/schema\\\/person\\\/0688f4a2058918ae82b953244b8160d9\"},\"headline\":\"Fair Trade: Was hinter den Siegeln steckt\",\"datePublished\":\"2017-09-06T07:16:05+00:00\",\"dateModified\":\"2026-01-28T08:53:40+00:00\",\"mainEntityOfPage\":{\"@id\":\"https:\\\/\\\/www.vaillant.de\\\/21-grad\\\/bewusst-und-sein\\\/fair-trade-was-hinter-den-siegeln-steckt\\\/\"},\"wordCount\":662,\"commentCount\":4,\"image\":{\"@id\":\"https:\\\/\\\/www.vaillant.de\\\/21-grad\\\/bewusst-und-sein\\\/fair-trade-was-hinter-den-siegeln-steckt\\\/#primaryimage\"},\"thumbnailUrl\":\"https:\\\/\\\/www.vaillant.de\\\/21-grad\\\/wp-content\\\/uploads\\\/2017\\\/09\\\/fair_trade_940.jpg\",\"keywords\":[\"Konsum\",\"Nachhaltigkeit\"],\"articleSection\":[\"Bewusst &amp; Sein\"],\"inLanguage\":\"de\",\"potentialAction\":[{\"@type\":\"CommentAction\",\"name\":\"Comment\",\"target\":[\"https:\\\/\\\/www.vaillant.de\\\/21-grad\\\/bewusst-und-sein\\\/fair-trade-was-hinter-den-siegeln-steckt\\\/#respond\"]}]},{\"@type\":\"WebPage\",\"@id\":\"https:\\\/\\\/www.vaillant.de\\\/21-grad\\\/bewusst-und-sein\\\/fair-trade-was-hinter-den-siegeln-steckt\\\/\",\"url\":\"https:\\\/\\\/www.vaillant.de\\\/21-grad\\\/bewusst-und-sein\\\/fair-trade-was-hinter-den-siegeln-steckt\\\/\",\"name\":\"Fairtrade-Siegel: Bedeutung, Erkl\u00e4rung & Kriterien | 21 grad\",\"isPartOf\":{\"@id\":\"https:\\\/\\\/www.vaillant.de\\\/21-grad\\\/#website\"},\"primaryImageOfPage\":{\"@id\":\"https:\\\/\\\/www.vaillant.de\\\/21-grad\\\/bewusst-und-sein\\\/fair-trade-was-hinter-den-siegeln-steckt\\\/#primaryimage\"},\"image\":{\"@id\":\"https:\\\/\\\/www.vaillant.de\\\/21-grad\\\/bewusst-und-sein\\\/fair-trade-was-hinter-den-siegeln-steckt\\\/#primaryimage\"},\"thumbnailUrl\":\"https:\\\/\\\/www.vaillant.de\\\/21-grad\\\/wp-content\\\/uploads\\\/2017\\\/09\\\/fair_trade_940.jpg\",\"datePublished\":\"2017-09-06T07:16:05+00:00\",\"dateModified\":\"2026-01-28T08:53:40+00:00\",\"author\":{\"@id\":\"https:\\\/\\\/www.vaillant.de\\\/21-grad\\\/#\\\/schema\\\/person\\\/0688f4a2058918ae82b953244b8160d9\"},\"description\":\"Zahlreiche Fairtrade-Siegel versprechen faire Produktionsbedingungen. Was bedeuten die Siegel? Nach welchen Kriterien werden sie vergeben? \u2192 Mehr erfahren!\",\"breadcrumb\":{\"@id\":\"https:\\\/\\\/www.vaillant.de\\\/21-grad\\\/bewusst-und-sein\\\/fair-trade-was-hinter-den-siegeln-steckt\\\/#breadcrumb\"},\"inLanguage\":\"de\",\"potentialAction\":[{\"@type\":\"ReadAction\",\"target\":[\"https:\\\/\\\/www.vaillant.de\\\/21-grad\\\/bewusst-und-sein\\\/fair-trade-was-hinter-den-siegeln-steckt\\\/\"]}]},{\"@type\":\"ImageObject\",\"inLanguage\":\"de\",\"@id\":\"https:\\\/\\\/www.vaillant.de\\\/21-grad\\\/bewusst-und-sein\\\/fair-trade-was-hinter-den-siegeln-steckt\\\/#primaryimage\",\"url\":\"https:\\\/\\\/www.vaillant.de\\\/21-grad\\\/wp-content\\\/uploads\\\/2017\\\/09\\\/fair_trade_940.jpg\",\"contentUrl\":\"https:\\\/\\\/www.vaillant.de\\\/21-grad\\\/wp-content\\\/uploads\\\/2017\\\/09\\\/fair_trade_940.jpg\",\"width\":940,\"height\":480,\"caption\":\"Fair Trade: Was hinter den Siegeln steckt\"},{\"@type\":\"BreadcrumbList\",\"@id\":\"https:\\\/\\\/www.vaillant.de\\\/21-grad\\\/bewusst-und-sein\\\/fair-trade-was-hinter-den-siegeln-steckt\\\/#breadcrumb\",\"itemListElement\":[{\"@type\":\"ListItem\",\"position\":1,\"name\":\"Startseite\",\"item\":\"https:\\\/\\\/www.vaillant.de\\\/21-grad\\\/\"},{\"@type\":\"ListItem\",\"position\":2,\"name\":\"Fair Trade: Was hinter den Siegeln steckt\"}]},{\"@type\":\"WebSite\",\"@id\":\"https:\\\/\\\/www.vaillant.de\\\/21-grad\\\/#website\",\"url\":\"https:\\\/\\\/www.vaillant.de\\\/21-grad\\\/\",\"name\":\"21 grad\",\"description\":\"Der Blog f\u00fcr Menschen, die weiterdenken\",\"potentialAction\":[{\"@type\":\"SearchAction\",\"target\":{\"@type\":\"EntryPoint\",\"urlTemplate\":\"https:\\\/\\\/www.vaillant.de\\\/21-grad\\\/?s={search_term_string}\"},\"query-input\":{\"@type\":\"PropertyValueSpecification\",\"valueRequired\":true,\"valueName\":\"search_term_string\"}}],\"inLanguage\":\"de\"},{\"@type\":\"Person\",\"@id\":\"https:\\\/\\\/www.vaillant.de\\\/21-grad\\\/#\\\/schema\\\/person\\\/0688f4a2058918ae82b953244b8160d9\",\"name\":\"Jonas\",\"image\":{\"@type\":\"ImageObject\",\"inLanguage\":\"de\",\"@id\":\"https:\\\/\\\/www.vaillant.de\\\/21-grad\\\/wp-content\\\/uploads\\\/2025\\\/04\\\/Jonas-smal-125x125.jpg09a77e2fccb6ed2f064616ea71935c21\",\"url\":\"https:\\\/\\\/www.vaillant.de\\\/21-grad\\\/wp-content\\\/uploads\\\/2025\\\/04\\\/Jonas-smal-125x125.jpg\",\"contentUrl\":\"https:\\\/\\\/www.vaillant.de\\\/21-grad\\\/wp-content\\\/uploads\\\/2025\\\/04\\\/Jonas-smal-125x125.jpg\",\"caption\":\"Jonas\"},\"description\":\"Bei meiner Arbeit befasse ich mich mit der Identifikation, Analyse und Ansprache von Endverbrauchern. Im Team entwickeln wir Strategien zur Zielgruppensegmentierung, um ma\u00dfgeschneiderte Marketingkampagnen zu erstellen. Interessen In meiner Freizeit ist Sport sehr wichtig. Sei es die eigene k\u00f6rperliche Fitness, Fu\u00dfball oder wenn m\u00f6glich Snowboarden in den Bergen. Wenn du eine Superkraft h\u00e4ttest, welche w\u00e4re das und warum? Ich w\u00fcrde aus zwei Gr\u00fcnden gerne fliegen k\u00f6nnen. Erstens: Ich k\u00f6nnte \u00fcberall schnell hinkommen, ohne unn\u00f6tig im Stau zu stehen. Zweitens: Wenn ich fliege, sehe ich die Welt aus einer anderen Perspektive. Was bringt dich auf die Palme? Mein Hund, wenn er versucht, sein K\u00f6rbchen zu zerst\u00f6ren. Was war der beste Rat, den du jemals erhalten hast? \u201eDer R\u00fcckspiegel im Auto ist kleiner als die Windschutzscheibe, also fokussiere dich auf das, was vor dir ist!\u201c\",\"url\":\"https:\\\/\\\/www.vaillant.de\\\/21-grad\\\/autor\\\/jonas\\\/\"}]}<\/script>\n<!-- \/ Yoast SEO plugin. -->","yoast_head_json":{"title":"Fairtrade-Siegel: Bedeutung, Erkl\u00e4rung & Kriterien | 21 grad","description":"Zahlreiche Fairtrade-Siegel versprechen faire Produktionsbedingungen. Was bedeuten die Siegel? Nach welchen Kriterien werden sie vergeben? \u2192 Mehr erfahren!","robots":{"index":"index","follow":"follow","max-snippet":"max-snippet:-1","max-image-preview":"max-image-preview:large","max-video-preview":"max-video-preview:-1"},"canonical":"https:\/\/www.vaillant.de\/21-grad\/bewusst-und-sein\/fair-trade-was-hinter-den-siegeln-steckt\/","og_locale":"de_DE","og_type":"article","og_title":"Fairtrade-Siegel: Bedeutung, Erkl\u00e4rung & Kriterien | 21 grad","og_description":"Zahlreiche Fairtrade-Siegel versprechen faire Produktionsbedingungen. Was bedeuten die Siegel? Nach welchen Kriterien werden sie vergeben? \u2192 Mehr erfahren!","og_url":"https:\/\/www.vaillant.de\/21-grad\/bewusst-und-sein\/fair-trade-was-hinter-den-siegeln-steckt\/","og_site_name":"21 grad","article_publisher":"https:\/\/www.facebook.com\/21grad\/","article_published_time":"2017-09-06T07:16:05+00:00","article_modified_time":"2026-01-28T08:53:40+00:00","og_image":[{"width":940,"height":480,"url":"https:\/\/www.vaillant.de\/21-grad\/wp-content\/uploads\/2017\/09\/fair_trade_940.jpg","type":"image\/jpeg"}],"author":"Jonas","twitter_card":"summary_large_image","twitter_creator":"@vaillant_de","twitter_site":"@vaillant_de","twitter_misc":{"Verfasst von":"Jonas","Gesch\u00e4tzte Lesezeit":"3\u00a0Minuten","Written by":"Jonas"},"schema":{"@context":"https:\/\/schema.org","@graph":[{"@type":"Article","@id":"https:\/\/www.vaillant.de\/21-grad\/bewusst-und-sein\/fair-trade-was-hinter-den-siegeln-steckt\/#article","isPartOf":{"@id":"https:\/\/www.vaillant.de\/21-grad\/bewusst-und-sein\/fair-trade-was-hinter-den-siegeln-steckt\/"},"author":{"name":"Jonas","@id":"https:\/\/www.vaillant.de\/21-grad\/#\/schema\/person\/0688f4a2058918ae82b953244b8160d9"},"headline":"Fair Trade: Was hinter den Siegeln steckt","datePublished":"2017-09-06T07:16:05+00:00","dateModified":"2026-01-28T08:53:40+00:00","mainEntityOfPage":{"@id":"https:\/\/www.vaillant.de\/21-grad\/bewusst-und-sein\/fair-trade-was-hinter-den-siegeln-steckt\/"},"wordCount":662,"commentCount":4,"image":{"@id":"https:\/\/www.vaillant.de\/21-grad\/bewusst-und-sein\/fair-trade-was-hinter-den-siegeln-steckt\/#primaryimage"},"thumbnailUrl":"https:\/\/www.vaillant.de\/21-grad\/wp-content\/uploads\/2017\/09\/fair_trade_940.jpg","keywords":["Konsum","Nachhaltigkeit"],"articleSection":["Bewusst &amp; Sein"],"inLanguage":"de","potentialAction":[{"@type":"CommentAction","name":"Comment","target":["https:\/\/www.vaillant.de\/21-grad\/bewusst-und-sein\/fair-trade-was-hinter-den-siegeln-steckt\/#respond"]}]},{"@type":"WebPage","@id":"https:\/\/www.vaillant.de\/21-grad\/bewusst-und-sein\/fair-trade-was-hinter-den-siegeln-steckt\/","url":"https:\/\/www.vaillant.de\/21-grad\/bewusst-und-sein\/fair-trade-was-hinter-den-siegeln-steckt\/","name":"Fairtrade-Siegel: Bedeutung, Erkl\u00e4rung & Kriterien | 21 grad","isPartOf":{"@id":"https:\/\/www.vaillant.de\/21-grad\/#website"},"primaryImageOfPage":{"@id":"https:\/\/www.vaillant.de\/21-grad\/bewusst-und-sein\/fair-trade-was-hinter-den-siegeln-steckt\/#primaryimage"},"image":{"@id":"https:\/\/www.vaillant.de\/21-grad\/bewusst-und-sein\/fair-trade-was-hinter-den-siegeln-steckt\/#primaryimage"},"thumbnailUrl":"https:\/\/www.vaillant.de\/21-grad\/wp-content\/uploads\/2017\/09\/fair_trade_940.jpg","datePublished":"2017-09-06T07:16:05+00:00","dateModified":"2026-01-28T08:53:40+00:00","author":{"@id":"https:\/\/www.vaillant.de\/21-grad\/#\/schema\/person\/0688f4a2058918ae82b953244b8160d9"},"description":"Zahlreiche Fairtrade-Siegel versprechen faire Produktionsbedingungen. Was bedeuten die Siegel? Nach welchen Kriterien werden sie vergeben? \u2192 Mehr erfahren!","breadcrumb":{"@id":"https:\/\/www.vaillant.de\/21-grad\/bewusst-und-sein\/fair-trade-was-hinter-den-siegeln-steckt\/#breadcrumb"},"inLanguage":"de","potentialAction":[{"@type":"ReadAction","target":["https:\/\/www.vaillant.de\/21-grad\/bewusst-und-sein\/fair-trade-was-hinter-den-siegeln-steckt\/"]}]},{"@type":"ImageObject","inLanguage":"de","@id":"https:\/\/www.vaillant.de\/21-grad\/bewusst-und-sein\/fair-trade-was-hinter-den-siegeln-steckt\/#primaryimage","url":"https:\/\/www.vaillant.de\/21-grad\/wp-content\/uploads\/2017\/09\/fair_trade_940.jpg","contentUrl":"https:\/\/www.vaillant.de\/21-grad\/wp-content\/uploads\/2017\/09\/fair_trade_940.jpg","width":940,"height":480,"caption":"Fair Trade: Was hinter den Siegeln steckt"},{"@type":"BreadcrumbList","@id":"https:\/\/www.vaillant.de\/21-grad\/bewusst-und-sein\/fair-trade-was-hinter-den-siegeln-steckt\/#breadcrumb","itemListElement":[{"@type":"ListItem","position":1,"name":"Startseite","item":"https:\/\/www.vaillant.de\/21-grad\/"},{"@type":"ListItem","position":2,"name":"Fair Trade: Was hinter den Siegeln steckt"}]},{"@type":"WebSite","@id":"https:\/\/www.vaillant.de\/21-grad\/#website","url":"https:\/\/www.vaillant.de\/21-grad\/","name":"21 grad","description":"Der Blog f\u00fcr Menschen, die weiterdenken","potentialAction":[{"@type":"SearchAction","target":{"@type":"EntryPoint","urlTemplate":"https:\/\/www.vaillant.de\/21-grad\/?s={search_term_string}"},"query-input":{"@type":"PropertyValueSpecification","valueRequired":true,"valueName":"search_term_string"}}],"inLanguage":"de"},{"@type":"Person","@id":"https:\/\/www.vaillant.de\/21-grad\/#\/schema\/person\/0688f4a2058918ae82b953244b8160d9","name":"Jonas","image":{"@type":"ImageObject","inLanguage":"de","@id":"https:\/\/www.vaillant.de\/21-grad\/wp-content\/uploads\/2025\/04\/Jonas-smal-125x125.jpg09a77e2fccb6ed2f064616ea71935c21","url":"https:\/\/www.vaillant.de\/21-grad\/wp-content\/uploads\/2025\/04\/Jonas-smal-125x125.jpg","contentUrl":"https:\/\/www.vaillant.de\/21-grad\/wp-content\/uploads\/2025\/04\/Jonas-smal-125x125.jpg","caption":"Jonas"},"description":"Bei meiner Arbeit befasse ich mich mit der Identifikation, Analyse und Ansprache von Endverbrauchern. Im Team entwickeln wir Strategien zur Zielgruppensegmentierung, um ma\u00dfgeschneiderte Marketingkampagnen zu erstellen. Interessen In meiner Freizeit ist Sport sehr wichtig. Sei es die eigene k\u00f6rperliche Fitness, Fu\u00dfball oder wenn m\u00f6glich Snowboarden in den Bergen. Wenn du eine Superkraft h\u00e4ttest, welche w\u00e4re das und warum? Ich w\u00fcrde aus zwei Gr\u00fcnden gerne fliegen k\u00f6nnen. Erstens: Ich k\u00f6nnte \u00fcberall schnell hinkommen, ohne unn\u00f6tig im Stau zu stehen. Zweitens: Wenn ich fliege, sehe ich die Welt aus einer anderen Perspektive. Was bringt dich auf die Palme? Mein Hund, wenn er versucht, sein K\u00f6rbchen zu zerst\u00f6ren. Was war der beste Rat, den du jemals erhalten hast? \u201eDer R\u00fcckspiegel im Auto ist kleiner als die Windschutzscheibe, also fokussiere dich auf das, was vor dir ist!\u201c","url":"https:\/\/www.vaillant.de\/21-grad\/autor\/jonas\/"}]}},"_links":{"self":[{"href":"https:\/\/www.vaillant.de\/21-grad\/wp-json\/wp\/v2\/posts\/2740","targetHints":{"allow":["GET"]}}],"collection":[{"href":"https:\/\/www.vaillant.de\/21-grad\/wp-json\/wp\/v2\/posts"}],"about":[{"href":"https:\/\/www.vaillant.de\/21-grad\/wp-json\/wp\/v2\/types\/post"}],"author":[{"embeddable":true,"href":"https:\/\/www.vaillant.de\/21-grad\/wp-json\/wp\/v2\/users\/27"}],"replies":[{"embeddable":true,"href":"https:\/\/www.vaillant.de\/21-grad\/wp-json\/wp\/v2\/comments?post=2740"}],"version-history":[{"count":9,"href":"https:\/\/www.vaillant.de\/21-grad\/wp-json\/wp\/v2\/posts\/2740\/revisions"}],"predecessor-version":[{"id":4593,"href":"https:\/\/www.vaillant.de\/21-grad\/wp-json\/wp\/v2\/posts\/2740\/revisions\/4593"}],"wp:featuredmedia":[{"embeddable":true,"href":"https:\/\/www.vaillant.de\/21-grad\/wp-json\/wp\/v2\/media\/2742"}],"wp:attachment":[{"href":"https:\/\/www.vaillant.de\/21-grad\/wp-json\/wp\/v2\/media?parent=2740"}],"wp:term":[{"taxonomy":"category","embeddable":true,"href":"https:\/\/www.vaillant.de\/21-grad\/wp-json\/wp\/v2\/categories?post=2740"},{"taxonomy":"post_tag","embeddable":true,"href":"https:\/\/www.vaillant.de\/21-grad\/wp-json\/wp\/v2\/tags?post=2740"},{"taxonomy":"author","embeddable":true,"href":"https:\/\/www.vaillant.de\/21-grad\/wp-json\/wp\/v2\/coauthors?post=2740"}],"curies":[{"name":"wp","href":"https:\/\/api.w.org\/{rel}","templated":true}]}}