{"id":2868,"date":"2017-10-04T08:59:23","date_gmt":"2017-10-04T06:59:23","guid":{"rendered":"https:\/\/21-grad.vaillant.de\/?p=2868"},"modified":"2026-01-28T09:53:39","modified_gmt":"2026-01-28T08:53:39","slug":"waermepumpe-mit-flaechenheizung","status":"publish","type":"post","link":"https:\/\/www.vaillant.de\/21-grad\/wissen-und-wert\/waermepumpe-mit-flaechenheizung\/","title":{"rendered":"W\u00e4rmepumpe mit Fl\u00e4chenheizung? Das ist \u00d6kologie, Komfort und Effizienz pur!"},"content":{"rendered":"<p>Um m\u00f6glichst effizient zu arbeiten, sollte auch die W\u00e4rmeverteilung auf das W\u00e4rmepumpensystem abgestimmt sein, idealerweise mit einer <a href=\"https:\/\/www.vaillant.de\/heizung\/heizung-verstehen\/technologie-verstehen\/fussbodenheizung\/\">Fl\u00e4chenheizung<\/a>. Die hat eine energiesparende, geringere <a href=\"https:\/\/www.vaillant.de\/heizung\/heizung-verstehen\/tipps-rund-um-ihre-heizung\/vorlauf-rucklauftemperatur\/\" target=\"_blank\" rel=\"noopener noreferrer\">Vorlauftemperatur<\/a> als jede Radiatorenheizung. Dann beheizt die <a href=\"https:\/\/www.vaillant.de\/heizung\/heizung-verstehen\/technologie-verstehen\/waermepumpe\/\">W\u00e4rmepumpe<\/a> sogar einen Altbau!<\/p>\n<h2>F\u00fcr jedes Bauvorhaben geeignet<\/h2>\n<div id=\"attachment_2869\" style=\"width: 358px\" class=\"wp-caption alignleft\"><a href=\"https:\/\/www.vaillant.de\/21-grad\/wp-content\/uploads\/2017\/10\/PEOPLE11_4125_01.jpg\"><img loading=\"lazy\" decoding=\"async\" aria-describedby=\"caption-attachment-2869\" class=\"size-medium wp-image-2869\" src=\"https:\/\/www.vaillant.de\/21-grad\/wp-content\/uploads\/2017\/10\/PEOPLE11_4125_01-348x232.jpg\" alt=\"\" width=\"348\" height=\"232\" srcset=\"https:\/\/www.vaillant.de\/21-grad\/wp-content\/uploads\/2017\/10\/PEOPLE11_4125_01-348x232.jpg 348w, https:\/\/www.vaillant.de\/21-grad\/wp-content\/uploads\/2017\/10\/PEOPLE11_4125_01-768x512.jpg 768w, https:\/\/www.vaillant.de\/21-grad\/wp-content\/uploads\/2017\/10\/PEOPLE11_4125_01-720x480.jpg 720w, https:\/\/www.vaillant.de\/21-grad\/wp-content\/uploads\/2017\/10\/PEOPLE11_4125_01.jpg 1200w\" sizes=\"auto, (max-width: 348px) 100vw, 348px\" \/><\/a><p id=\"caption-attachment-2869\" class=\"wp-caption-text\">Wohlige 26 Grad im Badezimmer daheim? Mit der Kombination aus W\u00e4rmepumpe und Fl\u00e4chenheizung ist das ressourcenschonend und energiesparend.<\/p><\/div>\n<p>W\u00e4rmepumpen ziehen die kostenlose Umweltw\u00e4rme zumeist \u00fcber Erdsonden oder Fl\u00e4chenkollektoren aus dem Erdreich bzw. \u00fcber spezielle Au\u00dfeneinheiten aus der Umgebungsluft. Dadurch steht jedem Bauherrn die f\u00fcr sein Projekt optimal geeignete Anlagentechnik zur Verf\u00fcgung: Bei kleinen Grundst\u00fccken wird die W\u00e4rme beispielsweise \u00fcber eine bis knapp 100 Meter tief eingebrachte Erdsonde gewonnen. Bei gro\u00dfen Grundst\u00fccken ist der Fl\u00e4chenkollektor eine Alternative. Der muss nur etwa 80 Zentimeter tief eingegraben werden, was sich bei den Investitionskosten bemerkbar macht. Und dort, wo der Boden keine ausreichende Entzugsleistung bietet oder felsig ist \u2013 da kommt dann eben eine <a href=\"https:\/\/www.vaillant.de\/heizung\/produkte\/luft-wasser-warmepumpe-arotherm-split-137600.html\">Luft\/Wasser-W\u00e4rmepumpe<\/a> zum Einsatz. Deren Au\u00dfeneinheit arbeitet so leise, dass sie nahezu beliebig irgendwo im Garten oder neben dem Haus aufgestellt werden kann.<\/p>\n<p>Die eingesammelte Umweltw\u00e4rme reicht aber in jedem Fall aus, dass der elektrische Kompressor der W\u00e4rmepumpe daraus 100 Prozent Heizw\u00e4rme machen kann. Der Wirkungsgrad ist also hoch genug, um selbst bei zweistelligen Minusgraden dauerhaft Vorlauftemperaturen von bis zu 50 Grad erzielt werden.<\/p>\n<h2>Auch im Bestand effektiv<\/h2>\n<div id=\"attachment_2870\" style=\"width: 358px\" class=\"wp-caption alignright\"><a href=\"https:\/\/www.vaillant.de\/21-grad\/wp-content\/uploads\/2017\/10\/HP11_3375_01.jpg\"><img loading=\"lazy\" decoding=\"async\" aria-describedby=\"caption-attachment-2870\" class=\"size-medium wp-image-2870\" src=\"https:\/\/www.vaillant.de\/21-grad\/wp-content\/uploads\/2017\/10\/HP11_3375_01-348x232.jpg\" alt=\"\" width=\"348\" height=\"232\" srcset=\"https:\/\/www.vaillant.de\/21-grad\/wp-content\/uploads\/2017\/10\/HP11_3375_01-348x232.jpg 348w, https:\/\/www.vaillant.de\/21-grad\/wp-content\/uploads\/2017\/10\/HP11_3375_01-768x512.jpg 768w, https:\/\/www.vaillant.de\/21-grad\/wp-content\/uploads\/2017\/10\/HP11_3375_01-720x480.jpg 720w, https:\/\/www.vaillant.de\/21-grad\/wp-content\/uploads\/2017\/10\/HP11_3375_01.jpg 1200w\" sizes=\"auto, (max-width: 348px) 100vw, 348px\" \/><\/a><p id=\"caption-attachment-2870\" class=\"wp-caption-text\">Kompakt und wandh\u00e4ngend: So sieht heute W\u00e4rmepumpentechnik (hier: <a href=\"https:\/\/www.vaillant.de\/heizung\/produkte\/sole-wasser-warmepumpe-geotherm-3kw-111360.html\">geoTHERM mit 3kW<\/a> von Vaillant) aus, mit der hocheffizient die Fl\u00e4chenheizung versorgt wird.<\/p><\/div>\n<p>Wie \u00fcberzeugend wirtschaftlich und \u00f6kologisch W\u00e4rmepumpen sind, zeigt ein Blick auf die Statistik: Jeder dritte Neubau ist mittlerweile mit dieser Heiztechnik ausgestattet, weil die W\u00e4rmepumpen hier aufgrund der guten D\u00e4mmung besonders effizient arbeiten.<\/p>\n<p>Doch auch im Geb\u00e4udebestand wird beim Heizungstausch selbst in Objekten mit h\u00f6herem Heizw\u00e4rmebedarf mittlerweile immer \u00f6fter eine W\u00e4rmepumpe installiert. Die weniger gut ged\u00e4mmte Geb\u00e4udeh\u00fclle wird dann durch die Installation einer besonders effizienten W\u00e4rmeverteilung, also einer Fl\u00e4chenheizung ausgeglichen. Im Gegensatz zu Radiatorenheizungen arbeitet die ohne Komforteinbu\u00dfen mit einer energiesparenden <a href=\"https:\/\/www.vaillant.de\/heizung\/heizung-verstehen\/tipps-rund-um-ihre-heizung\/vorlauf-rucklauftemperatur\/\" target=\"_blank\" rel=\"noopener noreferrer\">Vorlauftemperatur<\/a> von lediglich 27 bis 32 Grad \u2013 ein f\u00fcr W\u00e4rmepumpen ideales Temperaturniveau. Mehr zum Thema erfahrt Ihr in unserem <a href=\"https:\/\/www.vaillant.de\/heizung\/heizung-verstehen\/technologie-verstehen\/waermepumpe\/waermepumpe-im-altbau\/\" target=\"_blank\" rel=\"noopener\">Ratgeber W\u00e4rmepumpe im Altbau<\/a>.<\/p>\n<p>Und noch ein Tipp zum Schluss: Bei Fl\u00e4chenheizungen kann die Raumtemperatur durch die Strahlungsw\u00e4rme ohne Komforteinbu\u00dfen 2 bis 3 Grad niedriger eingestellt werden als bei Radiatoren. Das spart nochmals Energie (pro Grad etwa 6 Prozent), schont die Umwelt und entlastet Ihren Geldbeutel!<\/p>\n","protected":false},"excerpt":{"rendered":"<p>75 Prozent der W\u00e4rme daheim kostenlos aus der Umwelt gewinnen, und nur noch 25 Prozent als zus\u00e4tzliche Antriebsenergie hinzuf\u00fcgen? Wer sein Zuhause so \u00f6kologisch mit regenerativen Energien beheizen m\u00f6chte, muss beim Neubau oder Heizungstausch f\u00fcr die W\u00e4rme- und Warmwasserbereitung eigentlich nur eine W\u00e4rmepumpe installieren. Dann klappt das problemlos. Vor allem, wenn die Antriebsenergie gleichzeitig durch die Photovoltaikanlage auf dem eigenen Hausdacht erzeugt wird. Wir zeigen Euch, wie \u00f6kologisch und effizient der Einsatz einer W\u00e4rmepumpe und Fl\u00e4chenheizung ist.<\/p>\n","protected":false},"author":27,"featured_media":2872,"comment_status":"open","ping_status":"open","sticky":false,"template":"","format":"standard","meta":{"footnotes":""},"categories":[3],"tags":[166],"coauthors":[254],"class_list":["post-2868","post","type-post","status-publish","format-standard","has-post-thumbnail","hentry","category-wissen-und-wert","tag-heiztechnik"],"yoast_head":"<!-- This site is optimized with the Yoast SEO plugin v27.4 - https:\/\/yoast.com\/product\/yoast-seo-wordpress\/ -->\n<title>W\u00e4rmepumpe mit Fl\u00e4chenheizung? \u00d6kologie &amp; Effizienz | 21 grad<\/title>\n<meta name=\"description\" content=\"Sie m\u00f6chten Ihr Zuhause \u00f6kologisch mit regenerativen Energien beheizen? Dann empfiehlt sich eine W\u00e4rmepumpe beim Neubau oder Heizungstausch. Mehr erfahren!\" \/>\n<meta name=\"robots\" content=\"index, follow, max-snippet:-1, max-image-preview:large, max-video-preview:-1\" \/>\n<link rel=\"canonical\" href=\"https:\/\/www.vaillant.de\/21-grad\/wissen-und-wert\/waermepumpe-mit-flaechenheizung\/\" \/>\n<meta property=\"og:locale\" content=\"de_DE\" \/>\n<meta property=\"og:type\" content=\"article\" \/>\n<meta property=\"og:title\" content=\"W\u00e4rmepumpe mit Fl\u00e4chenheizung? \u00d6kologie &amp; Effizienz | 21 grad\" \/>\n<meta property=\"og:description\" content=\"Sie m\u00f6chten Ihr Zuhause \u00f6kologisch mit regenerativen Energien beheizen? Dann empfiehlt sich eine W\u00e4rmepumpe beim Neubau oder Heizungstausch. Mehr erfahren!\" \/>\n<meta property=\"og:url\" content=\"https:\/\/www.vaillant.de\/21-grad\/wissen-und-wert\/waermepumpe-mit-flaechenheizung\/\" \/>\n<meta property=\"og:site_name\" content=\"21 grad\" \/>\n<meta property=\"article:publisher\" content=\"https:\/\/www.facebook.com\/21grad\/\" \/>\n<meta property=\"article:published_time\" content=\"2017-10-04T06:59:23+00:00\" \/>\n<meta property=\"article:modified_time\" content=\"2026-01-28T08:53:39+00:00\" \/>\n<meta property=\"og:image\" content=\"https:\/\/www.vaillant.de\/21-grad\/wp-content\/uploads\/2017\/10\/Waermepumpe-mit-Flaechenheizung.jpg\" \/>\n\t<meta property=\"og:image:width\" content=\"940\" \/>\n\t<meta property=\"og:image:height\" content=\"480\" \/>\n\t<meta property=\"og:image:type\" content=\"image\/jpeg\" \/>\n<meta name=\"author\" content=\"Jonas\" \/>\n<meta name=\"twitter:card\" content=\"summary_large_image\" \/>\n<meta name=\"twitter:creator\" content=\"@vaillant_de\" \/>\n<meta name=\"twitter:site\" content=\"@vaillant_de\" \/>\n<meta name=\"twitter:label1\" content=\"Verfasst von\" \/>\n\t<meta name=\"twitter:data1\" content=\"Jonas\" \/>\n\t<meta name=\"twitter:label2\" content=\"Gesch\u00e4tzte Lesezeit\" \/>\n\t<meta name=\"twitter:data2\" content=\"3\u00a0Minuten\" \/>\n\t<meta name=\"twitter:label3\" content=\"Written by\" \/>\n\t<meta name=\"twitter:data3\" content=\"Jonas\" \/>\n<script type=\"application\/ld+json\" class=\"yoast-schema-graph\">{\"@context\":\"https:\\\/\\\/schema.org\",\"@graph\":[{\"@type\":\"Article\",\"@id\":\"https:\\\/\\\/www.vaillant.de\\\/21-grad\\\/wissen-und-wert\\\/waermepumpe-mit-flaechenheizung\\\/#article\",\"isPartOf\":{\"@id\":\"https:\\\/\\\/www.vaillant.de\\\/21-grad\\\/wissen-und-wert\\\/waermepumpe-mit-flaechenheizung\\\/\"},\"author\":{\"name\":\"Jonas\",\"@id\":\"https:\\\/\\\/www.vaillant.de\\\/21-grad\\\/#\\\/schema\\\/person\\\/0688f4a2058918ae82b953244b8160d9\"},\"headline\":\"W\u00e4rmepumpe mit Fl\u00e4chenheizung? Das ist \u00d6kologie, Komfort und Effizienz pur!\",\"datePublished\":\"2017-10-04T06:59:23+00:00\",\"dateModified\":\"2026-01-28T08:53:39+00:00\",\"mainEntityOfPage\":{\"@id\":\"https:\\\/\\\/www.vaillant.de\\\/21-grad\\\/wissen-und-wert\\\/waermepumpe-mit-flaechenheizung\\\/\"},\"wordCount\":444,\"commentCount\":2,\"image\":{\"@id\":\"https:\\\/\\\/www.vaillant.de\\\/21-grad\\\/wissen-und-wert\\\/waermepumpe-mit-flaechenheizung\\\/#primaryimage\"},\"thumbnailUrl\":\"https:\\\/\\\/www.vaillant.de\\\/21-grad\\\/wp-content\\\/uploads\\\/2017\\\/10\\\/Waermepumpe-mit-Flaechenheizung.jpg\",\"keywords\":[\"Heiztechnik\"],\"articleSection\":[\"Wissen &amp; Wert\"],\"inLanguage\":\"de\",\"potentialAction\":[{\"@type\":\"CommentAction\",\"name\":\"Comment\",\"target\":[\"https:\\\/\\\/www.vaillant.de\\\/21-grad\\\/wissen-und-wert\\\/waermepumpe-mit-flaechenheizung\\\/#respond\"]}]},{\"@type\":\"WebPage\",\"@id\":\"https:\\\/\\\/www.vaillant.de\\\/21-grad\\\/wissen-und-wert\\\/waermepumpe-mit-flaechenheizung\\\/\",\"url\":\"https:\\\/\\\/www.vaillant.de\\\/21-grad\\\/wissen-und-wert\\\/waermepumpe-mit-flaechenheizung\\\/\",\"name\":\"W\u00e4rmepumpe mit Fl\u00e4chenheizung? \u00d6kologie & Effizienz | 21 grad\",\"isPartOf\":{\"@id\":\"https:\\\/\\\/www.vaillant.de\\\/21-grad\\\/#website\"},\"primaryImageOfPage\":{\"@id\":\"https:\\\/\\\/www.vaillant.de\\\/21-grad\\\/wissen-und-wert\\\/waermepumpe-mit-flaechenheizung\\\/#primaryimage\"},\"image\":{\"@id\":\"https:\\\/\\\/www.vaillant.de\\\/21-grad\\\/wissen-und-wert\\\/waermepumpe-mit-flaechenheizung\\\/#primaryimage\"},\"thumbnailUrl\":\"https:\\\/\\\/www.vaillant.de\\\/21-grad\\\/wp-content\\\/uploads\\\/2017\\\/10\\\/Waermepumpe-mit-Flaechenheizung.jpg\",\"datePublished\":\"2017-10-04T06:59:23+00:00\",\"dateModified\":\"2026-01-28T08:53:39+00:00\",\"author\":{\"@id\":\"https:\\\/\\\/www.vaillant.de\\\/21-grad\\\/#\\\/schema\\\/person\\\/0688f4a2058918ae82b953244b8160d9\"},\"description\":\"Sie m\u00f6chten Ihr Zuhause \u00f6kologisch mit regenerativen Energien beheizen? Dann empfiehlt sich eine W\u00e4rmepumpe beim Neubau oder Heizungstausch. Mehr erfahren!\",\"breadcrumb\":{\"@id\":\"https:\\\/\\\/www.vaillant.de\\\/21-grad\\\/wissen-und-wert\\\/waermepumpe-mit-flaechenheizung\\\/#breadcrumb\"},\"inLanguage\":\"de\",\"potentialAction\":[{\"@type\":\"ReadAction\",\"target\":[\"https:\\\/\\\/www.vaillant.de\\\/21-grad\\\/wissen-und-wert\\\/waermepumpe-mit-flaechenheizung\\\/\"]}]},{\"@type\":\"ImageObject\",\"inLanguage\":\"de\",\"@id\":\"https:\\\/\\\/www.vaillant.de\\\/21-grad\\\/wissen-und-wert\\\/waermepumpe-mit-flaechenheizung\\\/#primaryimage\",\"url\":\"https:\\\/\\\/www.vaillant.de\\\/21-grad\\\/wp-content\\\/uploads\\\/2017\\\/10\\\/Waermepumpe-mit-Flaechenheizung.jpg\",\"contentUrl\":\"https:\\\/\\\/www.vaillant.de\\\/21-grad\\\/wp-content\\\/uploads\\\/2017\\\/10\\\/Waermepumpe-mit-Flaechenheizung.jpg\",\"width\":940,\"height\":480},{\"@type\":\"BreadcrumbList\",\"@id\":\"https:\\\/\\\/www.vaillant.de\\\/21-grad\\\/wissen-und-wert\\\/waermepumpe-mit-flaechenheizung\\\/#breadcrumb\",\"itemListElement\":[{\"@type\":\"ListItem\",\"position\":1,\"name\":\"Startseite\",\"item\":\"https:\\\/\\\/www.vaillant.de\\\/21-grad\\\/\"},{\"@type\":\"ListItem\",\"position\":2,\"name\":\"W\u00e4rmepumpe mit Fl\u00e4chenheizung? Das ist \u00d6kologie, Komfort und Effizienz pur!\"}]},{\"@type\":\"WebSite\",\"@id\":\"https:\\\/\\\/www.vaillant.de\\\/21-grad\\\/#website\",\"url\":\"https:\\\/\\\/www.vaillant.de\\\/21-grad\\\/\",\"name\":\"21 grad\",\"description\":\"Der Blog f\u00fcr Menschen, die weiterdenken\",\"potentialAction\":[{\"@type\":\"SearchAction\",\"target\":{\"@type\":\"EntryPoint\",\"urlTemplate\":\"https:\\\/\\\/www.vaillant.de\\\/21-grad\\\/?s={search_term_string}\"},\"query-input\":{\"@type\":\"PropertyValueSpecification\",\"valueRequired\":true,\"valueName\":\"search_term_string\"}}],\"inLanguage\":\"de\"},{\"@type\":\"Person\",\"@id\":\"https:\\\/\\\/www.vaillant.de\\\/21-grad\\\/#\\\/schema\\\/person\\\/0688f4a2058918ae82b953244b8160d9\",\"name\":\"Jonas\",\"image\":{\"@type\":\"ImageObject\",\"inLanguage\":\"de\",\"@id\":\"https:\\\/\\\/www.vaillant.de\\\/21-grad\\\/wp-content\\\/uploads\\\/2025\\\/04\\\/Jonas-smal-125x125.jpg09a77e2fccb6ed2f064616ea71935c21\",\"url\":\"https:\\\/\\\/www.vaillant.de\\\/21-grad\\\/wp-content\\\/uploads\\\/2025\\\/04\\\/Jonas-smal-125x125.jpg\",\"contentUrl\":\"https:\\\/\\\/www.vaillant.de\\\/21-grad\\\/wp-content\\\/uploads\\\/2025\\\/04\\\/Jonas-smal-125x125.jpg\",\"caption\":\"Jonas\"},\"description\":\"Bei meiner Arbeit befasse ich mich mit der Identifikation, Analyse und Ansprache von Endverbrauchern. Im Team entwickeln wir Strategien zur Zielgruppensegmentierung, um ma\u00dfgeschneiderte Marketingkampagnen zu erstellen. Interessen In meiner Freizeit ist Sport sehr wichtig. Sei es die eigene k\u00f6rperliche Fitness, Fu\u00dfball oder wenn m\u00f6glich Snowboarden in den Bergen. Wenn du eine Superkraft h\u00e4ttest, welche w\u00e4re das und warum? Ich w\u00fcrde aus zwei Gr\u00fcnden gerne fliegen k\u00f6nnen. Erstens: Ich k\u00f6nnte \u00fcberall schnell hinkommen, ohne unn\u00f6tig im Stau zu stehen. Zweitens: Wenn ich fliege, sehe ich die Welt aus einer anderen Perspektive. Was bringt dich auf die Palme? Mein Hund, wenn er versucht, sein K\u00f6rbchen zu zerst\u00f6ren. Was war der beste Rat, den du jemals erhalten hast? \u201eDer R\u00fcckspiegel im Auto ist kleiner als die Windschutzscheibe, also fokussiere dich auf das, was vor dir ist!\u201c\",\"url\":\"https:\\\/\\\/www.vaillant.de\\\/21-grad\\\/autor\\\/jonas\\\/\"}]}<\/script>\n<!-- \/ Yoast SEO plugin. -->","yoast_head_json":{"title":"W\u00e4rmepumpe mit Fl\u00e4chenheizung? \u00d6kologie & Effizienz | 21 grad","description":"Sie m\u00f6chten Ihr Zuhause \u00f6kologisch mit regenerativen Energien beheizen? Dann empfiehlt sich eine W\u00e4rmepumpe beim Neubau oder Heizungstausch. Mehr erfahren!","robots":{"index":"index","follow":"follow","max-snippet":"max-snippet:-1","max-image-preview":"max-image-preview:large","max-video-preview":"max-video-preview:-1"},"canonical":"https:\/\/www.vaillant.de\/21-grad\/wissen-und-wert\/waermepumpe-mit-flaechenheizung\/","og_locale":"de_DE","og_type":"article","og_title":"W\u00e4rmepumpe mit Fl\u00e4chenheizung? \u00d6kologie & Effizienz | 21 grad","og_description":"Sie m\u00f6chten Ihr Zuhause \u00f6kologisch mit regenerativen Energien beheizen? Dann empfiehlt sich eine W\u00e4rmepumpe beim Neubau oder Heizungstausch. Mehr erfahren!","og_url":"https:\/\/www.vaillant.de\/21-grad\/wissen-und-wert\/waermepumpe-mit-flaechenheizung\/","og_site_name":"21 grad","article_publisher":"https:\/\/www.facebook.com\/21grad\/","article_published_time":"2017-10-04T06:59:23+00:00","article_modified_time":"2026-01-28T08:53:39+00:00","og_image":[{"width":940,"height":480,"url":"https:\/\/www.vaillant.de\/21-grad\/wp-content\/uploads\/2017\/10\/Waermepumpe-mit-Flaechenheizung.jpg","type":"image\/jpeg"}],"author":"Jonas","twitter_card":"summary_large_image","twitter_creator":"@vaillant_de","twitter_site":"@vaillant_de","twitter_misc":{"Verfasst von":"Jonas","Gesch\u00e4tzte Lesezeit":"3\u00a0Minuten","Written by":"Jonas"},"schema":{"@context":"https:\/\/schema.org","@graph":[{"@type":"Article","@id":"https:\/\/www.vaillant.de\/21-grad\/wissen-und-wert\/waermepumpe-mit-flaechenheizung\/#article","isPartOf":{"@id":"https:\/\/www.vaillant.de\/21-grad\/wissen-und-wert\/waermepumpe-mit-flaechenheizung\/"},"author":{"name":"Jonas","@id":"https:\/\/www.vaillant.de\/21-grad\/#\/schema\/person\/0688f4a2058918ae82b953244b8160d9"},"headline":"W\u00e4rmepumpe mit Fl\u00e4chenheizung? Das ist \u00d6kologie, Komfort und Effizienz pur!","datePublished":"2017-10-04T06:59:23+00:00","dateModified":"2026-01-28T08:53:39+00:00","mainEntityOfPage":{"@id":"https:\/\/www.vaillant.de\/21-grad\/wissen-und-wert\/waermepumpe-mit-flaechenheizung\/"},"wordCount":444,"commentCount":2,"image":{"@id":"https:\/\/www.vaillant.de\/21-grad\/wissen-und-wert\/waermepumpe-mit-flaechenheizung\/#primaryimage"},"thumbnailUrl":"https:\/\/www.vaillant.de\/21-grad\/wp-content\/uploads\/2017\/10\/Waermepumpe-mit-Flaechenheizung.jpg","keywords":["Heiztechnik"],"articleSection":["Wissen &amp; Wert"],"inLanguage":"de","potentialAction":[{"@type":"CommentAction","name":"Comment","target":["https:\/\/www.vaillant.de\/21-grad\/wissen-und-wert\/waermepumpe-mit-flaechenheizung\/#respond"]}]},{"@type":"WebPage","@id":"https:\/\/www.vaillant.de\/21-grad\/wissen-und-wert\/waermepumpe-mit-flaechenheizung\/","url":"https:\/\/www.vaillant.de\/21-grad\/wissen-und-wert\/waermepumpe-mit-flaechenheizung\/","name":"W\u00e4rmepumpe mit Fl\u00e4chenheizung? \u00d6kologie & Effizienz | 21 grad","isPartOf":{"@id":"https:\/\/www.vaillant.de\/21-grad\/#website"},"primaryImageOfPage":{"@id":"https:\/\/www.vaillant.de\/21-grad\/wissen-und-wert\/waermepumpe-mit-flaechenheizung\/#primaryimage"},"image":{"@id":"https:\/\/www.vaillant.de\/21-grad\/wissen-und-wert\/waermepumpe-mit-flaechenheizung\/#primaryimage"},"thumbnailUrl":"https:\/\/www.vaillant.de\/21-grad\/wp-content\/uploads\/2017\/10\/Waermepumpe-mit-Flaechenheizung.jpg","datePublished":"2017-10-04T06:59:23+00:00","dateModified":"2026-01-28T08:53:39+00:00","author":{"@id":"https:\/\/www.vaillant.de\/21-grad\/#\/schema\/person\/0688f4a2058918ae82b953244b8160d9"},"description":"Sie m\u00f6chten Ihr Zuhause \u00f6kologisch mit regenerativen Energien beheizen? Dann empfiehlt sich eine W\u00e4rmepumpe beim Neubau oder Heizungstausch. Mehr erfahren!","breadcrumb":{"@id":"https:\/\/www.vaillant.de\/21-grad\/wissen-und-wert\/waermepumpe-mit-flaechenheizung\/#breadcrumb"},"inLanguage":"de","potentialAction":[{"@type":"ReadAction","target":["https:\/\/www.vaillant.de\/21-grad\/wissen-und-wert\/waermepumpe-mit-flaechenheizung\/"]}]},{"@type":"ImageObject","inLanguage":"de","@id":"https:\/\/www.vaillant.de\/21-grad\/wissen-und-wert\/waermepumpe-mit-flaechenheizung\/#primaryimage","url":"https:\/\/www.vaillant.de\/21-grad\/wp-content\/uploads\/2017\/10\/Waermepumpe-mit-Flaechenheizung.jpg","contentUrl":"https:\/\/www.vaillant.de\/21-grad\/wp-content\/uploads\/2017\/10\/Waermepumpe-mit-Flaechenheizung.jpg","width":940,"height":480},{"@type":"BreadcrumbList","@id":"https:\/\/www.vaillant.de\/21-grad\/wissen-und-wert\/waermepumpe-mit-flaechenheizung\/#breadcrumb","itemListElement":[{"@type":"ListItem","position":1,"name":"Startseite","item":"https:\/\/www.vaillant.de\/21-grad\/"},{"@type":"ListItem","position":2,"name":"W\u00e4rmepumpe mit Fl\u00e4chenheizung? Das ist \u00d6kologie, Komfort und Effizienz pur!"}]},{"@type":"WebSite","@id":"https:\/\/www.vaillant.de\/21-grad\/#website","url":"https:\/\/www.vaillant.de\/21-grad\/","name":"21 grad","description":"Der Blog f\u00fcr Menschen, die weiterdenken","potentialAction":[{"@type":"SearchAction","target":{"@type":"EntryPoint","urlTemplate":"https:\/\/www.vaillant.de\/21-grad\/?s={search_term_string}"},"query-input":{"@type":"PropertyValueSpecification","valueRequired":true,"valueName":"search_term_string"}}],"inLanguage":"de"},{"@type":"Person","@id":"https:\/\/www.vaillant.de\/21-grad\/#\/schema\/person\/0688f4a2058918ae82b953244b8160d9","name":"Jonas","image":{"@type":"ImageObject","inLanguage":"de","@id":"https:\/\/www.vaillant.de\/21-grad\/wp-content\/uploads\/2025\/04\/Jonas-smal-125x125.jpg09a77e2fccb6ed2f064616ea71935c21","url":"https:\/\/www.vaillant.de\/21-grad\/wp-content\/uploads\/2025\/04\/Jonas-smal-125x125.jpg","contentUrl":"https:\/\/www.vaillant.de\/21-grad\/wp-content\/uploads\/2025\/04\/Jonas-smal-125x125.jpg","caption":"Jonas"},"description":"Bei meiner Arbeit befasse ich mich mit der Identifikation, Analyse und Ansprache von Endverbrauchern. Im Team entwickeln wir Strategien zur Zielgruppensegmentierung, um ma\u00dfgeschneiderte Marketingkampagnen zu erstellen. Interessen In meiner Freizeit ist Sport sehr wichtig. Sei es die eigene k\u00f6rperliche Fitness, Fu\u00dfball oder wenn m\u00f6glich Snowboarden in den Bergen. Wenn du eine Superkraft h\u00e4ttest, welche w\u00e4re das und warum? Ich w\u00fcrde aus zwei Gr\u00fcnden gerne fliegen k\u00f6nnen. Erstens: Ich k\u00f6nnte \u00fcberall schnell hinkommen, ohne unn\u00f6tig im Stau zu stehen. Zweitens: Wenn ich fliege, sehe ich die Welt aus einer anderen Perspektive. Was bringt dich auf die Palme? Mein Hund, wenn er versucht, sein K\u00f6rbchen zu zerst\u00f6ren. Was war der beste Rat, den du jemals erhalten hast? \u201eDer R\u00fcckspiegel im Auto ist kleiner als die Windschutzscheibe, also fokussiere dich auf das, was vor dir ist!\u201c","url":"https:\/\/www.vaillant.de\/21-grad\/autor\/jonas\/"}]}},"_links":{"self":[{"href":"https:\/\/www.vaillant.de\/21-grad\/wp-json\/wp\/v2\/posts\/2868","targetHints":{"allow":["GET"]}}],"collection":[{"href":"https:\/\/www.vaillant.de\/21-grad\/wp-json\/wp\/v2\/posts"}],"about":[{"href":"https:\/\/www.vaillant.de\/21-grad\/wp-json\/wp\/v2\/types\/post"}],"author":[{"embeddable":true,"href":"https:\/\/www.vaillant.de\/21-grad\/wp-json\/wp\/v2\/users\/27"}],"replies":[{"embeddable":true,"href":"https:\/\/www.vaillant.de\/21-grad\/wp-json\/wp\/v2\/comments?post=2868"}],"version-history":[{"count":8,"href":"https:\/\/www.vaillant.de\/21-grad\/wp-json\/wp\/v2\/posts\/2868\/revisions"}],"predecessor-version":[{"id":4467,"href":"https:\/\/www.vaillant.de\/21-grad\/wp-json\/wp\/v2\/posts\/2868\/revisions\/4467"}],"wp:featuredmedia":[{"embeddable":true,"href":"https:\/\/www.vaillant.de\/21-grad\/wp-json\/wp\/v2\/media\/2872"}],"wp:attachment":[{"href":"https:\/\/www.vaillant.de\/21-grad\/wp-json\/wp\/v2\/media?parent=2868"}],"wp:term":[{"taxonomy":"category","embeddable":true,"href":"https:\/\/www.vaillant.de\/21-grad\/wp-json\/wp\/v2\/categories?post=2868"},{"taxonomy":"post_tag","embeddable":true,"href":"https:\/\/www.vaillant.de\/21-grad\/wp-json\/wp\/v2\/tags?post=2868"},{"taxonomy":"author","embeddable":true,"href":"https:\/\/www.vaillant.de\/21-grad\/wp-json\/wp\/v2\/coauthors?post=2868"}],"curies":[{"name":"wp","href":"https:\/\/api.w.org\/{rel}","templated":true}]}}