{"id":2992,"date":"2017-11-20T10:59:06","date_gmt":"2017-11-20T09:59:06","guid":{"rendered":"https:\/\/21-grad.vaillant.de\/?p=2992"},"modified":"2019-04-30T13:46:17","modified_gmt":"2019-04-30T11:46:17","slug":"neue-21-grad-serie-lesenswert","status":"publish","type":"post","link":"https:\/\/www.vaillant.de\/21-grad\/bewusst-und-sein\/neue-21-grad-serie-lesenswert\/","title":{"rendered":"Neue 21 grad-Serie: Lesenswert!"},"content":{"rendered":"<p>\u2026und stellen euch k\u00fcnftig in loser Folge interessante Fundst\u00fccke aus der Medienwelt vor: kurz zusammengefasst mit den wichtigsten Infos und Fakten. Dabei r\u00fccken wir Themen und Beitr\u00e4ge in den Fokus, die uns zum Nachdenken anregen, uns auf neue Ideen bringen \u2013 oder die eben einfach nur \u201eLesenswert!\u201c sind. Folge 1: \u201eGanz junges Gem\u00fcse\u201c \u2013 \u00fcber die Idee, wieder mehr Schulg\u00e4rten einzuf\u00fchren. Gefunden auf <a href=\"http:\/\/www.zeit.de\/2017\/35\/schulgarten-kinder-gemuese-ernte\">www.zeit.de<\/a>.<\/p>\n<h2><strong>Worum geht\u2019s?<\/strong><\/h2>\n<p>Dass Kinder sich immer mehr von der Natur entfremden, ist (leider) inzwischen eine g\u00e4ngige These. Aber fest steht laut der Autorin Christiane Grefe: \u201eSelbst Menschen mit durchdigitalisiertem Alltag bleiben von der Natur abh\u00e4ngig.\u201c Und genau hier setzt das Konzept von Schulg\u00e4rten an, das bei dem Nachwuchs die Wertsch\u00e4tzung f\u00fcr Landwirtschaft und Lebensmittel f\u00f6rdern will. Denn, nein: Obst und Gem\u00fcse wachsen nicht in einer Fabrik. Wer selbst schon mal Kartoffeln ges\u00e4t und Kohlrabi gez\u00fcchtet hat, \u201eder schmei\u00dft nicht mehr so schnell was weg. Und der wird auch mal neugierig auf Staudensellerie und Feuermangold, Pastinake und Schwarzkohl; die ganze gesunde Welt jenseits des Einzelblattes Eisbergsalat auf dem Burger, das zu Hause neben Tomate und M\u00f6hre oft schon das gesamte Gem\u00fcsespektrum abdeckt\u201c, so die Autorin. Mit anderen Worten: Gartenarbeit in Schulen wirkt nachhaltig.<\/p>\n<div class=\"infobox default\"><\/p>\n<h2><strong>Drei interessante Fakten: <\/strong><\/h2>\n<ol>\n<li>In der DDR stand das G\u00e4rtnern auf dem Lehrplan. Die Sch\u00fcler sollten f\u00fcr Ernteeins\u00e4tze ger\u00fcstet werden, zudem wollte man das Interesse an den Naturwissenschaften wecken. Nach der Wende wurden die zwei Regelstunden Gartenarbeit abgeschafft.<\/li>\n<li>Nur in Th\u00fcringen blieb die schulische Ackerarbeit in den Bildungspl\u00e4nen f\u00fcr die Klassen 1 bis 4 bis heute erhalten. M\u00f6glich machten dies \u201estreitbare B\u00fcrger mit dem R\u00fcckhalt der damaligen CDU-Kultusministerin Christine Lieberknecht\u201c.<\/li>\n<li>Schulgartenp\u00e4dagogik kommt in der Lehrerausbildung praktisch nicht vor. Das Thema lastet einzig auf den Schultern von engagierten Lehrern.<\/li>\n<\/ol>\n<p><\/div>\n<p>Wer mehr erfahren m\u00f6chte, kann auf <a href=\"http:\/\/www.gemueseackerdemie.de\">www.gemueseackerdemie.de<\/a> lesen, wie ein gemeinn\u00fctziger Verein es schafft, mehr Ackerarbeit in Schulen und Kitas zu etablieren.<\/p>\n<h2><strong>Was meint ihr? <\/strong><\/h2>\n<p>Tr\u00e4gt ein Schulgarten tats\u00e4chlich dazu bei, dass Kinder heutzutage achtsamer mit Lebensmitteln umgehen? Oder haltet ihr schulische Gartenarbeit f\u00fcr wenig sinnvoll? Und wenn ja: warum? Lasst uns gerne in den Kommentaren wissen, wie ihr zum Thema steht.<\/p>\n","protected":false},"excerpt":{"rendered":"<p>Tageszeitungen, Social Media, Blogs &#038; Co.: Jeden Tag lesen wir verschiedene Artikel und Beitr\u00e4ge, entdecken neue Themen, finden interessante Impulse. Und h\u00e4ufig nehmen wir uns vor: Das muss ich unbedingt noch lesen! Doch oft fehlt die Zeit. Wir wollen das \u00e4ndern\u2026<\/p>\n","protected":false},"author":19,"featured_media":2998,"comment_status":"open","ping_status":"open","sticky":false,"template":"","format":"standard","meta":{"footnotes":""},"categories":[5],"tags":[175,23],"coauthors":[243],"class_list":["post-2992","post","type-post","status-publish","format-standard","has-post-thumbnail","hentry","category-bewusst-und-sein","tag-bildung-und-beruf","tag-nachhaltigkeit"],"yoast_head":"<!-- This site is optimized with the Yoast SEO plugin v27.4 - https:\/\/yoast.com\/product\/yoast-seo-wordpress\/ -->\n<title>Neue 21 grad-Serie: Lesenswert! | 21 grad<\/title>\n<meta name=\"description\" content=\"In unserer neuen Serie teilen wir Fundst\u00fccke und lesenswerte Beitr\u00e4ge zum Thema Nachhaltigkeit &amp; innovative Ideen. Jetzt st\u00f6bern &amp; lesen!\" \/>\n<meta name=\"robots\" content=\"index, follow, max-snippet:-1, max-image-preview:large, max-video-preview:-1\" \/>\n<link rel=\"canonical\" href=\"https:\/\/www.vaillant.de\/21-grad\/bewusst-und-sein\/neue-21-grad-serie-lesenswert\/\" \/>\n<meta property=\"og:locale\" content=\"de_DE\" \/>\n<meta property=\"og:type\" content=\"article\" \/>\n<meta property=\"og:title\" content=\"Neue 21 grad-Serie: Lesenswert! | 21 grad\" \/>\n<meta property=\"og:description\" content=\"In unserer neuen Serie teilen wir Fundst\u00fccke und lesenswerte Beitr\u00e4ge zum Thema Nachhaltigkeit &amp; innovative Ideen. Jetzt st\u00f6bern &amp; lesen!\" \/>\n<meta property=\"og:url\" content=\"https:\/\/www.vaillant.de\/21-grad\/bewusst-und-sein\/neue-21-grad-serie-lesenswert\/\" \/>\n<meta property=\"og:site_name\" content=\"21 grad\" \/>\n<meta property=\"article:publisher\" content=\"https:\/\/www.facebook.com\/21grad\/\" \/>\n<meta property=\"article:published_time\" content=\"2017-11-20T09:59:06+00:00\" \/>\n<meta property=\"article:modified_time\" content=\"2019-04-30T11:46:17+00:00\" \/>\n<meta property=\"og:image\" content=\"https:\/\/www.vaillant.de\/21-grad\/wp-content\/uploads\/2017\/11\/blog_lesenswert_940.jpg\" \/>\n\t<meta property=\"og:image:width\" content=\"940\" \/>\n\t<meta property=\"og:image:height\" content=\"480\" \/>\n\t<meta property=\"og:image:type\" content=\"image\/jpeg\" \/>\n<meta name=\"author\" content=\"Tim\" \/>\n<meta name=\"twitter:card\" content=\"summary_large_image\" \/>\n<meta name=\"twitter:creator\" content=\"@vaillant_de\" \/>\n<meta name=\"twitter:site\" content=\"@vaillant_de\" \/>\n<meta name=\"twitter:label1\" content=\"Verfasst von\" \/>\n\t<meta name=\"twitter:data1\" content=\"Tim\" \/>\n\t<meta name=\"twitter:label2\" content=\"Gesch\u00e4tzte Lesezeit\" \/>\n\t<meta name=\"twitter:data2\" content=\"2\u00a0Minuten\" \/>\n\t<meta name=\"twitter:label3\" content=\"Written by\" \/>\n\t<meta name=\"twitter:data3\" content=\"Tim\" \/>\n<script type=\"application\/ld+json\" class=\"yoast-schema-graph\">{\"@context\":\"https:\\\/\\\/schema.org\",\"@graph\":[{\"@type\":\"Article\",\"@id\":\"https:\\\/\\\/www.vaillant.de\\\/21-grad\\\/bewusst-und-sein\\\/neue-21-grad-serie-lesenswert\\\/#article\",\"isPartOf\":{\"@id\":\"https:\\\/\\\/www.vaillant.de\\\/21-grad\\\/bewusst-und-sein\\\/neue-21-grad-serie-lesenswert\\\/\"},\"author\":{\"name\":\"Tim\",\"@id\":\"https:\\\/\\\/www.vaillant.de\\\/21-grad\\\/#\\\/schema\\\/person\\\/6c5f5a4071f0c7be145a9df11dac0709\"},\"headline\":\"Neue 21 grad-Serie: Lesenswert!\",\"datePublished\":\"2017-11-20T09:59:06+00:00\",\"dateModified\":\"2019-04-30T11:46:17+00:00\",\"mainEntityOfPage\":{\"@id\":\"https:\\\/\\\/www.vaillant.de\\\/21-grad\\\/bewusst-und-sein\\\/neue-21-grad-serie-lesenswert\\\/\"},\"wordCount\":388,\"commentCount\":2,\"image\":{\"@id\":\"https:\\\/\\\/www.vaillant.de\\\/21-grad\\\/bewusst-und-sein\\\/neue-21-grad-serie-lesenswert\\\/#primaryimage\"},\"thumbnailUrl\":\"https:\\\/\\\/www.vaillant.de\\\/21-grad\\\/wp-content\\\/uploads\\\/2017\\\/11\\\/blog_lesenswert_940.jpg\",\"keywords\":[\"Bildung und Beruf\",\"Nachhaltigkeit\"],\"articleSection\":[\"Bewusst &amp; Sein\"],\"inLanguage\":\"de\",\"potentialAction\":[{\"@type\":\"CommentAction\",\"name\":\"Comment\",\"target\":[\"https:\\\/\\\/www.vaillant.de\\\/21-grad\\\/bewusst-und-sein\\\/neue-21-grad-serie-lesenswert\\\/#respond\"]}]},{\"@type\":\"WebPage\",\"@id\":\"https:\\\/\\\/www.vaillant.de\\\/21-grad\\\/bewusst-und-sein\\\/neue-21-grad-serie-lesenswert\\\/\",\"url\":\"https:\\\/\\\/www.vaillant.de\\\/21-grad\\\/bewusst-und-sein\\\/neue-21-grad-serie-lesenswert\\\/\",\"name\":\"Neue 21 grad-Serie: Lesenswert! | 21 grad\",\"isPartOf\":{\"@id\":\"https:\\\/\\\/www.vaillant.de\\\/21-grad\\\/#website\"},\"primaryImageOfPage\":{\"@id\":\"https:\\\/\\\/www.vaillant.de\\\/21-grad\\\/bewusst-und-sein\\\/neue-21-grad-serie-lesenswert\\\/#primaryimage\"},\"image\":{\"@id\":\"https:\\\/\\\/www.vaillant.de\\\/21-grad\\\/bewusst-und-sein\\\/neue-21-grad-serie-lesenswert\\\/#primaryimage\"},\"thumbnailUrl\":\"https:\\\/\\\/www.vaillant.de\\\/21-grad\\\/wp-content\\\/uploads\\\/2017\\\/11\\\/blog_lesenswert_940.jpg\",\"datePublished\":\"2017-11-20T09:59:06+00:00\",\"dateModified\":\"2019-04-30T11:46:17+00:00\",\"author\":{\"@id\":\"https:\\\/\\\/www.vaillant.de\\\/21-grad\\\/#\\\/schema\\\/person\\\/6c5f5a4071f0c7be145a9df11dac0709\"},\"description\":\"In unserer neuen Serie teilen wir Fundst\u00fccke und lesenswerte Beitr\u00e4ge zum Thema Nachhaltigkeit & innovative Ideen. Jetzt st\u00f6bern & lesen!\",\"breadcrumb\":{\"@id\":\"https:\\\/\\\/www.vaillant.de\\\/21-grad\\\/bewusst-und-sein\\\/neue-21-grad-serie-lesenswert\\\/#breadcrumb\"},\"inLanguage\":\"de\",\"potentialAction\":[{\"@type\":\"ReadAction\",\"target\":[\"https:\\\/\\\/www.vaillant.de\\\/21-grad\\\/bewusst-und-sein\\\/neue-21-grad-serie-lesenswert\\\/\"]}]},{\"@type\":\"ImageObject\",\"inLanguage\":\"de\",\"@id\":\"https:\\\/\\\/www.vaillant.de\\\/21-grad\\\/bewusst-und-sein\\\/neue-21-grad-serie-lesenswert\\\/#primaryimage\",\"url\":\"https:\\\/\\\/www.vaillant.de\\\/21-grad\\\/wp-content\\\/uploads\\\/2017\\\/11\\\/blog_lesenswert_940.jpg\",\"contentUrl\":\"https:\\\/\\\/www.vaillant.de\\\/21-grad\\\/wp-content\\\/uploads\\\/2017\\\/11\\\/blog_lesenswert_940.jpg\",\"width\":940,\"height\":480,\"caption\":\"Lesenswert\"},{\"@type\":\"BreadcrumbList\",\"@id\":\"https:\\\/\\\/www.vaillant.de\\\/21-grad\\\/bewusst-und-sein\\\/neue-21-grad-serie-lesenswert\\\/#breadcrumb\",\"itemListElement\":[{\"@type\":\"ListItem\",\"position\":1,\"name\":\"Startseite\",\"item\":\"https:\\\/\\\/www.vaillant.de\\\/21-grad\\\/\"},{\"@type\":\"ListItem\",\"position\":2,\"name\":\"Neue 21 grad-Serie: Lesenswert!\"}]},{\"@type\":\"WebSite\",\"@id\":\"https:\\\/\\\/www.vaillant.de\\\/21-grad\\\/#website\",\"url\":\"https:\\\/\\\/www.vaillant.de\\\/21-grad\\\/\",\"name\":\"21 grad\",\"description\":\"Der Blog f\u00fcr Menschen, die weiterdenken\",\"potentialAction\":[{\"@type\":\"SearchAction\",\"target\":{\"@type\":\"EntryPoint\",\"urlTemplate\":\"https:\\\/\\\/www.vaillant.de\\\/21-grad\\\/?s={search_term_string}\"},\"query-input\":{\"@type\":\"PropertyValueSpecification\",\"valueRequired\":true,\"valueName\":\"search_term_string\"}}],\"inLanguage\":\"de\"},{\"@type\":\"Person\",\"@id\":\"https:\\\/\\\/www.vaillant.de\\\/21-grad\\\/#\\\/schema\\\/person\\\/6c5f5a4071f0c7be145a9df11dac0709\",\"name\":\"Tim\",\"image\":{\"@type\":\"ImageObject\",\"inLanguage\":\"de\",\"@id\":\"https:\\\/\\\/www.vaillant.de\\\/21-grad\\\/wp-content\\\/uploads\\\/2025\\\/04\\\/20230516_Vaillant-Mitarbeitershooting-Lennep_0005_MKP-1-125x125.jpg9c05c6497faaba75d1eddfe0b2afcc63\",\"url\":\"https:\\\/\\\/www.vaillant.de\\\/21-grad\\\/wp-content\\\/uploads\\\/2025\\\/04\\\/20230516_Vaillant-Mitarbeitershooting-Lennep_0005_MKP-1-125x125.jpg\",\"contentUrl\":\"https:\\\/\\\/www.vaillant.de\\\/21-grad\\\/wp-content\\\/uploads\\\/2025\\\/04\\\/20230516_Vaillant-Mitarbeitershooting-Lennep_0005_MKP-1-125x125.jpg\",\"caption\":\"Tim\"},\"description\":\"Ob Facebook oder Twitter, ob # oder @, ob Like oder Share \u2013 in meinem Arbeitsalltag dreht sich alles um Social Media. Ich sorge daf\u00fcr, dass unsere Zielgruppen sowohl informative als auch unterhaltsame und interaktive Inhalte mit Mehrwert auf unseren Kan\u00e4len finden. Nachhaltigkeit Nachhaltigkeit spielt vor allem in meiner Bewegung eine Rolle, da ich so viele Wege wie m\u00f6glich mit dem Rad zur\u00fccklege, u.a. den Weg zur Arbeit. Meiner Meinung nach wird viel zu oft auf das Auto zur\u00fcckgegriffen, vor allem f\u00fcr unn\u00f6tige Kurzstrecken unter 10 oder sogar weniger Minuten. Interessen Fu\u00dfball, Skifahren, Fitness, Unternehmungen in der Natur, Musik. Was w\u00fcrdest du mit auf eine einsame Insel nehmen? Einen Plattenspieler, ein gutes Buch und einen erfrischenden Drink. Wenn du eine Superkraft h\u00e4ttest, welche w\u00e4re das und warum? Ich w\u00fcrde mit meiner Superkraft gerne den Klimawandel aufhalten, da wir zwar viel reden, aber noch viel zu wenig daf\u00fcr tun.\",\"url\":\"https:\\\/\\\/www.vaillant.de\\\/21-grad\\\/autor\\\/tim\\\/\"}]}<\/script>\n<!-- \/ Yoast SEO plugin. -->","yoast_head_json":{"title":"Neue 21 grad-Serie: Lesenswert! | 21 grad","description":"In unserer neuen Serie teilen wir Fundst\u00fccke und lesenswerte Beitr\u00e4ge zum Thema Nachhaltigkeit & innovative Ideen. Jetzt st\u00f6bern & lesen!","robots":{"index":"index","follow":"follow","max-snippet":"max-snippet:-1","max-image-preview":"max-image-preview:large","max-video-preview":"max-video-preview:-1"},"canonical":"https:\/\/www.vaillant.de\/21-grad\/bewusst-und-sein\/neue-21-grad-serie-lesenswert\/","og_locale":"de_DE","og_type":"article","og_title":"Neue 21 grad-Serie: Lesenswert! | 21 grad","og_description":"In unserer neuen Serie teilen wir Fundst\u00fccke und lesenswerte Beitr\u00e4ge zum Thema Nachhaltigkeit & innovative Ideen. Jetzt st\u00f6bern & lesen!","og_url":"https:\/\/www.vaillant.de\/21-grad\/bewusst-und-sein\/neue-21-grad-serie-lesenswert\/","og_site_name":"21 grad","article_publisher":"https:\/\/www.facebook.com\/21grad\/","article_published_time":"2017-11-20T09:59:06+00:00","article_modified_time":"2019-04-30T11:46:17+00:00","og_image":[{"width":940,"height":480,"url":"https:\/\/www.vaillant.de\/21-grad\/wp-content\/uploads\/2017\/11\/blog_lesenswert_940.jpg","type":"image\/jpeg"}],"author":"Tim","twitter_card":"summary_large_image","twitter_creator":"@vaillant_de","twitter_site":"@vaillant_de","twitter_misc":{"Verfasst von":"Tim","Gesch\u00e4tzte Lesezeit":"2\u00a0Minuten","Written by":"Tim"},"schema":{"@context":"https:\/\/schema.org","@graph":[{"@type":"Article","@id":"https:\/\/www.vaillant.de\/21-grad\/bewusst-und-sein\/neue-21-grad-serie-lesenswert\/#article","isPartOf":{"@id":"https:\/\/www.vaillant.de\/21-grad\/bewusst-und-sein\/neue-21-grad-serie-lesenswert\/"},"author":{"name":"Tim","@id":"https:\/\/www.vaillant.de\/21-grad\/#\/schema\/person\/6c5f5a4071f0c7be145a9df11dac0709"},"headline":"Neue 21 grad-Serie: Lesenswert!","datePublished":"2017-11-20T09:59:06+00:00","dateModified":"2019-04-30T11:46:17+00:00","mainEntityOfPage":{"@id":"https:\/\/www.vaillant.de\/21-grad\/bewusst-und-sein\/neue-21-grad-serie-lesenswert\/"},"wordCount":388,"commentCount":2,"image":{"@id":"https:\/\/www.vaillant.de\/21-grad\/bewusst-und-sein\/neue-21-grad-serie-lesenswert\/#primaryimage"},"thumbnailUrl":"https:\/\/www.vaillant.de\/21-grad\/wp-content\/uploads\/2017\/11\/blog_lesenswert_940.jpg","keywords":["Bildung und Beruf","Nachhaltigkeit"],"articleSection":["Bewusst &amp; Sein"],"inLanguage":"de","potentialAction":[{"@type":"CommentAction","name":"Comment","target":["https:\/\/www.vaillant.de\/21-grad\/bewusst-und-sein\/neue-21-grad-serie-lesenswert\/#respond"]}]},{"@type":"WebPage","@id":"https:\/\/www.vaillant.de\/21-grad\/bewusst-und-sein\/neue-21-grad-serie-lesenswert\/","url":"https:\/\/www.vaillant.de\/21-grad\/bewusst-und-sein\/neue-21-grad-serie-lesenswert\/","name":"Neue 21 grad-Serie: Lesenswert! | 21 grad","isPartOf":{"@id":"https:\/\/www.vaillant.de\/21-grad\/#website"},"primaryImageOfPage":{"@id":"https:\/\/www.vaillant.de\/21-grad\/bewusst-und-sein\/neue-21-grad-serie-lesenswert\/#primaryimage"},"image":{"@id":"https:\/\/www.vaillant.de\/21-grad\/bewusst-und-sein\/neue-21-grad-serie-lesenswert\/#primaryimage"},"thumbnailUrl":"https:\/\/www.vaillant.de\/21-grad\/wp-content\/uploads\/2017\/11\/blog_lesenswert_940.jpg","datePublished":"2017-11-20T09:59:06+00:00","dateModified":"2019-04-30T11:46:17+00:00","author":{"@id":"https:\/\/www.vaillant.de\/21-grad\/#\/schema\/person\/6c5f5a4071f0c7be145a9df11dac0709"},"description":"In unserer neuen Serie teilen wir Fundst\u00fccke und lesenswerte Beitr\u00e4ge zum Thema Nachhaltigkeit & innovative Ideen. Jetzt st\u00f6bern & lesen!","breadcrumb":{"@id":"https:\/\/www.vaillant.de\/21-grad\/bewusst-und-sein\/neue-21-grad-serie-lesenswert\/#breadcrumb"},"inLanguage":"de","potentialAction":[{"@type":"ReadAction","target":["https:\/\/www.vaillant.de\/21-grad\/bewusst-und-sein\/neue-21-grad-serie-lesenswert\/"]}]},{"@type":"ImageObject","inLanguage":"de","@id":"https:\/\/www.vaillant.de\/21-grad\/bewusst-und-sein\/neue-21-grad-serie-lesenswert\/#primaryimage","url":"https:\/\/www.vaillant.de\/21-grad\/wp-content\/uploads\/2017\/11\/blog_lesenswert_940.jpg","contentUrl":"https:\/\/www.vaillant.de\/21-grad\/wp-content\/uploads\/2017\/11\/blog_lesenswert_940.jpg","width":940,"height":480,"caption":"Lesenswert"},{"@type":"BreadcrumbList","@id":"https:\/\/www.vaillant.de\/21-grad\/bewusst-und-sein\/neue-21-grad-serie-lesenswert\/#breadcrumb","itemListElement":[{"@type":"ListItem","position":1,"name":"Startseite","item":"https:\/\/www.vaillant.de\/21-grad\/"},{"@type":"ListItem","position":2,"name":"Neue 21 grad-Serie: Lesenswert!"}]},{"@type":"WebSite","@id":"https:\/\/www.vaillant.de\/21-grad\/#website","url":"https:\/\/www.vaillant.de\/21-grad\/","name":"21 grad","description":"Der Blog f\u00fcr Menschen, die weiterdenken","potentialAction":[{"@type":"SearchAction","target":{"@type":"EntryPoint","urlTemplate":"https:\/\/www.vaillant.de\/21-grad\/?s={search_term_string}"},"query-input":{"@type":"PropertyValueSpecification","valueRequired":true,"valueName":"search_term_string"}}],"inLanguage":"de"},{"@type":"Person","@id":"https:\/\/www.vaillant.de\/21-grad\/#\/schema\/person\/6c5f5a4071f0c7be145a9df11dac0709","name":"Tim","image":{"@type":"ImageObject","inLanguage":"de","@id":"https:\/\/www.vaillant.de\/21-grad\/wp-content\/uploads\/2025\/04\/20230516_Vaillant-Mitarbeitershooting-Lennep_0005_MKP-1-125x125.jpg9c05c6497faaba75d1eddfe0b2afcc63","url":"https:\/\/www.vaillant.de\/21-grad\/wp-content\/uploads\/2025\/04\/20230516_Vaillant-Mitarbeitershooting-Lennep_0005_MKP-1-125x125.jpg","contentUrl":"https:\/\/www.vaillant.de\/21-grad\/wp-content\/uploads\/2025\/04\/20230516_Vaillant-Mitarbeitershooting-Lennep_0005_MKP-1-125x125.jpg","caption":"Tim"},"description":"Ob Facebook oder Twitter, ob # oder @, ob Like oder Share \u2013 in meinem Arbeitsalltag dreht sich alles um Social Media. Ich sorge daf\u00fcr, dass unsere Zielgruppen sowohl informative als auch unterhaltsame und interaktive Inhalte mit Mehrwert auf unseren Kan\u00e4len finden. Nachhaltigkeit Nachhaltigkeit spielt vor allem in meiner Bewegung eine Rolle, da ich so viele Wege wie m\u00f6glich mit dem Rad zur\u00fccklege, u.a. den Weg zur Arbeit. Meiner Meinung nach wird viel zu oft auf das Auto zur\u00fcckgegriffen, vor allem f\u00fcr unn\u00f6tige Kurzstrecken unter 10 oder sogar weniger Minuten. Interessen Fu\u00dfball, Skifahren, Fitness, Unternehmungen in der Natur, Musik. Was w\u00fcrdest du mit auf eine einsame Insel nehmen? Einen Plattenspieler, ein gutes Buch und einen erfrischenden Drink. Wenn du eine Superkraft h\u00e4ttest, welche w\u00e4re das und warum? Ich w\u00fcrde mit meiner Superkraft gerne den Klimawandel aufhalten, da wir zwar viel reden, aber noch viel zu wenig daf\u00fcr tun.","url":"https:\/\/www.vaillant.de\/21-grad\/autor\/tim\/"}]}},"_links":{"self":[{"href":"https:\/\/www.vaillant.de\/21-grad\/wp-json\/wp\/v2\/posts\/2992","targetHints":{"allow":["GET"]}}],"collection":[{"href":"https:\/\/www.vaillant.de\/21-grad\/wp-json\/wp\/v2\/posts"}],"about":[{"href":"https:\/\/www.vaillant.de\/21-grad\/wp-json\/wp\/v2\/types\/post"}],"author":[{"embeddable":true,"href":"https:\/\/www.vaillant.de\/21-grad\/wp-json\/wp\/v2\/users\/19"}],"replies":[{"embeddable":true,"href":"https:\/\/www.vaillant.de\/21-grad\/wp-json\/wp\/v2\/comments?post=2992"}],"version-history":[{"count":5,"href":"https:\/\/www.vaillant.de\/21-grad\/wp-json\/wp\/v2\/posts\/2992\/revisions"}],"predecessor-version":[{"id":2999,"href":"https:\/\/www.vaillant.de\/21-grad\/wp-json\/wp\/v2\/posts\/2992\/revisions\/2999"}],"wp:featuredmedia":[{"embeddable":true,"href":"https:\/\/www.vaillant.de\/21-grad\/wp-json\/wp\/v2\/media\/2998"}],"wp:attachment":[{"href":"https:\/\/www.vaillant.de\/21-grad\/wp-json\/wp\/v2\/media?parent=2992"}],"wp:term":[{"taxonomy":"category","embeddable":true,"href":"https:\/\/www.vaillant.de\/21-grad\/wp-json\/wp\/v2\/categories?post=2992"},{"taxonomy":"post_tag","embeddable":true,"href":"https:\/\/www.vaillant.de\/21-grad\/wp-json\/wp\/v2\/tags?post=2992"},{"taxonomy":"author","embeddable":true,"href":"https:\/\/www.vaillant.de\/21-grad\/wp-json\/wp\/v2\/coauthors?post=2992"}],"curies":[{"name":"wp","href":"https:\/\/api.w.org\/{rel}","templated":true}]}}