{"id":3026,"date":"2017-11-29T16:15:39","date_gmt":"2017-11-29T15:15:39","guid":{"rendered":"https:\/\/21-grad.vaillant.de\/?p=3026"},"modified":"2021-10-20T14:48:55","modified_gmt":"2021-10-20T12:48:55","slug":"haertetest-wie-gruen-sind-green-iq-geraete","status":"publish","type":"post","link":"https:\/\/www.vaillant.de\/21-grad\/technik-und-trends\/haertetest-wie-gruen-sind-green-iq-geraete\/","title":{"rendered":"H\u00e4rtetest \u2013 wie gr\u00fcn sind Green iQ-Ger\u00e4te"},"content":{"rendered":"<p>Unser Nachhaltigkeitsprogramm hei\u00dft S.E.E.D.S. und versucht seit mehr als einem halben Jahrzehnt, Produkte, Mitarbeiter, Entwicklung und Gesellschaft nachhaltiger werden zu lassen. Ein Ergebnis ist unsere erste gr\u00fcne Produktlinie \u2013 die <a href=\"https:\/\/www.vaillant.de\/21-grad\/technik-und-trends\/die-geraetegeneration-green-iq\/\" target=\"_blank\" rel=\"noopener\">Green iQ-Ger\u00e4te<\/a>. Hinter Green iQ verbergen sich besonders umweltfreundliche und effiziente Produkte, die \u00fcber den ganzen Produktlebenszyklus hinweg \u2013 vom ersten Entwicklungsschritt bis hin zur Wiederverwertung nach der Nutzung \u2013 hohen Nachhaltigkeitsanspr\u00fcchen gen\u00fcgen m\u00fcssen. Wir haben ein Ger\u00e4t auf Herz und Nieren getestet: Wie gr\u00fcn ist es wirklich \u2013 passt es zu unserem S.E.E.D.S.-Programm?<\/p>\n\n\t\t<style type=\"text\/css\">\n\t\t\t#gallery-1 {\n\t\t\t\tmargin: auto;\n\t\t\t}\n\t\t\t#gallery-1 .gallery-item {\n\t\t\t\tfloat: left;\n\t\t\t\tmargin-top: 10px;\n\t\t\t\ttext-align: center;\n\t\t\t\twidth: 16%;\n\t\t\t}\n\t\t\t#gallery-1 img {\n\t\t\t\tborder: 2px solid #cfcfcf;\n\t\t\t}\n\t\t\t#gallery-1 .gallery-caption {\n\t\t\t\tmargin-left: 0;\n\t\t\t}\n\t\t\t\/* see gallery_shortcode() in wp-includes\/media.php *\/\n\t\t<\/style>\n\t\t<div id='gallery-1' class='gallery galleryid-3026 gallery-columns-6 gallery-size-thumbnail'><dl class='gallery-item'>\n\t\t\t<dt class='gallery-icon landscape'>\n\t\t\t\t<a href='https:\/\/www.vaillant.de\/21-grad\/wp-content\/uploads\/2017\/11\/Lieferkette.jpg'><img loading=\"lazy\" decoding=\"async\" width=\"150\" height=\"150\" src=\"https:\/\/www.vaillant.de\/21-grad\/wp-content\/uploads\/2017\/11\/Lieferkette-150x150.jpg\" class=\"attachment-thumbnail size-thumbnail\" alt=\"Lieferkette\" aria-describedby=\"gallery-1-3027\" srcset=\"https:\/\/www.vaillant.de\/21-grad\/wp-content\/uploads\/2017\/11\/Lieferkette-150x150.jpg 150w, https:\/\/www.vaillant.de\/21-grad\/wp-content\/uploads\/2017\/11\/Lieferkette-125x125.jpg 125w, https:\/\/www.vaillant.de\/21-grad\/wp-content\/uploads\/2017\/11\/Lieferkette-32x32.jpg 32w, https:\/\/www.vaillant.de\/21-grad\/wp-content\/uploads\/2017\/11\/Lieferkette-50x50.jpg 50w, https:\/\/www.vaillant.de\/21-grad\/wp-content\/uploads\/2017\/11\/Lieferkette-64x64.jpg 64w, https:\/\/www.vaillant.de\/21-grad\/wp-content\/uploads\/2017\/11\/Lieferkette-96x96.jpg 96w, https:\/\/www.vaillant.de\/21-grad\/wp-content\/uploads\/2017\/11\/Lieferkette-128x128.jpg 128w\" sizes=\"auto, (max-width: 150px) 100vw, 150px\" \/><\/a>\n\t\t\t<\/dt>\n\t\t\t\t<dd class='wp-caption-text gallery-caption' id='gallery-1-3027'>\n\t\t\t\tZu Anfang steht der Lieferant \u2013 auch er muss nachhaltig wirtschaften, um ein Ger\u00e4t wirklich gr\u00fcn zu machen.\n\t\t\t\t<\/dd><\/dl><dl class='gallery-item'>\n\t\t\t<dt class='gallery-icon portrait'>\n\t\t\t\t<a href='https:\/\/www.vaillant.de\/21-grad\/wp-content\/uploads\/2017\/11\/Produktion.jpg'><img loading=\"lazy\" decoding=\"async\" width=\"150\" height=\"150\" src=\"https:\/\/www.vaillant.de\/21-grad\/wp-content\/uploads\/2017\/11\/Produktion-150x150.jpg\" class=\"attachment-thumbnail size-thumbnail\" alt=\"Produktion\" aria-describedby=\"gallery-1-3028\" srcset=\"https:\/\/www.vaillant.de\/21-grad\/wp-content\/uploads\/2017\/11\/Produktion-150x150.jpg 150w, https:\/\/www.vaillant.de\/21-grad\/wp-content\/uploads\/2017\/11\/Produktion-320x320.jpg 320w, https:\/\/www.vaillant.de\/21-grad\/wp-content\/uploads\/2017\/11\/Produktion-125x125.jpg 125w, https:\/\/www.vaillant.de\/21-grad\/wp-content\/uploads\/2017\/11\/Produktion-32x32.jpg 32w, https:\/\/www.vaillant.de\/21-grad\/wp-content\/uploads\/2017\/11\/Produktion-50x50.jpg 50w, https:\/\/www.vaillant.de\/21-grad\/wp-content\/uploads\/2017\/11\/Produktion-64x64.jpg 64w, https:\/\/www.vaillant.de\/21-grad\/wp-content\/uploads\/2017\/11\/Produktion-96x96.jpg 96w, https:\/\/www.vaillant.de\/21-grad\/wp-content\/uploads\/2017\/11\/Produktion-128x128.jpg 128w\" sizes=\"auto, (max-width: 150px) 100vw, 150px\" \/><\/a>\n\t\t\t<\/dt>\n\t\t\t\t<dd class='wp-caption-text gallery-caption' id='gallery-1-3028'>\n\t\t\t\tEine gro\u00dfe Herausforderung bildet die Produktion: Auch wenn wir hier das Heft hier selbst in der Hand haben, bedarf es eines immensen Aufwands und zahlreicher Umstellungen, um die Produktion nachhaltiger zu gestalten.\n\t\t\t\t<\/dd><\/dl><dl class='gallery-item'>\n\t\t\t<dt class='gallery-icon landscape'>\n\t\t\t\t<a href='https:\/\/www.vaillant.de\/21-grad\/wp-content\/uploads\/2017\/11\/Nutzungsphase.jpg'><img loading=\"lazy\" decoding=\"async\" width=\"150\" height=\"150\" src=\"https:\/\/www.vaillant.de\/21-grad\/wp-content\/uploads\/2017\/11\/Nutzungsphase-150x150.jpg\" class=\"attachment-thumbnail size-thumbnail\" alt=\"Nutzungsphase\" aria-describedby=\"gallery-1-3029\" srcset=\"https:\/\/www.vaillant.de\/21-grad\/wp-content\/uploads\/2017\/11\/Nutzungsphase-150x150.jpg 150w, https:\/\/www.vaillant.de\/21-grad\/wp-content\/uploads\/2017\/11\/Nutzungsphase-320x320.jpg 320w, https:\/\/www.vaillant.de\/21-grad\/wp-content\/uploads\/2017\/11\/Nutzungsphase-125x125.jpg 125w, https:\/\/www.vaillant.de\/21-grad\/wp-content\/uploads\/2017\/11\/Nutzungsphase-32x32.jpg 32w, https:\/\/www.vaillant.de\/21-grad\/wp-content\/uploads\/2017\/11\/Nutzungsphase-50x50.jpg 50w, https:\/\/www.vaillant.de\/21-grad\/wp-content\/uploads\/2017\/11\/Nutzungsphase-64x64.jpg 64w, https:\/\/www.vaillant.de\/21-grad\/wp-content\/uploads\/2017\/11\/Nutzungsphase-96x96.jpg 96w, https:\/\/www.vaillant.de\/21-grad\/wp-content\/uploads\/2017\/11\/Nutzungsphase-128x128.jpg 128w\" sizes=\"auto, (max-width: 150px) 100vw, 150px\" \/><\/a>\n\t\t\t<\/dt>\n\t\t\t\t<dd class='wp-caption-text gallery-caption' id='gallery-1-3029'>\n\t\t\t\tDem Nutzer ist daran gelegen, das Ger\u00e4t m\u00f6glichst effizient zu betreiben \u2013 denn das spart ihm bares Geld. Trotzdem m\u00fcssen wir hier mitdenken. Nur, wer die Heizung richtig bedienen kann, wird sie auch richtig einstellen k\u00f6nnen.\n\t\t\t\t<\/dd><\/dl><dl class='gallery-item'>\n\t\t\t<dt class='gallery-icon landscape'>\n\t\t\t\t<a href='https:\/\/www.vaillant.de\/21-grad\/wp-content\/uploads\/2017\/11\/Service.jpg'><img loading=\"lazy\" decoding=\"async\" width=\"150\" height=\"150\" src=\"https:\/\/www.vaillant.de\/21-grad\/wp-content\/uploads\/2017\/11\/Service-150x150.jpg\" class=\"attachment-thumbnail size-thumbnail\" alt=\"Service\" aria-describedby=\"gallery-1-3030\" srcset=\"https:\/\/www.vaillant.de\/21-grad\/wp-content\/uploads\/2017\/11\/Service-150x150.jpg 150w, https:\/\/www.vaillant.de\/21-grad\/wp-content\/uploads\/2017\/11\/Service-320x320.jpg 320w, https:\/\/www.vaillant.de\/21-grad\/wp-content\/uploads\/2017\/11\/Service-125x125.jpg 125w, https:\/\/www.vaillant.de\/21-grad\/wp-content\/uploads\/2017\/11\/Service-32x32.jpg 32w, https:\/\/www.vaillant.de\/21-grad\/wp-content\/uploads\/2017\/11\/Service-50x50.jpg 50w, https:\/\/www.vaillant.de\/21-grad\/wp-content\/uploads\/2017\/11\/Service-64x64.jpg 64w, https:\/\/www.vaillant.de\/21-grad\/wp-content\/uploads\/2017\/11\/Service-96x96.jpg 96w, https:\/\/www.vaillant.de\/21-grad\/wp-content\/uploads\/2017\/11\/Service-128x128.jpg 128w\" sizes=\"auto, (max-width: 150px) 100vw, 150px\" \/><\/a>\n\t\t\t<\/dt>\n\t\t\t\t<dd class='wp-caption-text gallery-caption' id='gallery-1-3030'>\n\t\t\t\tModerne Technologien machen hier den feinen Unterschied. Nur wenn wir den Fachhandwerker unterst\u00fctzen und ihm unn\u00f6tige Wege ersparen, k\u00f6nnen wir unsere Ger\u00e4te auch im Service noch umweltfreundlicher gestalten.\n\t\t\t\t<\/dd><\/dl><dl class='gallery-item'>\n\t\t\t<dt class='gallery-icon landscape'>\n\t\t\t\t<a href='https:\/\/www.vaillant.de\/21-grad\/wp-content\/uploads\/2017\/11\/Recycling.jpg'><img loading=\"lazy\" decoding=\"async\" width=\"150\" height=\"150\" src=\"https:\/\/www.vaillant.de\/21-grad\/wp-content\/uploads\/2017\/11\/Recycling-150x150.jpg\" class=\"attachment-thumbnail size-thumbnail\" alt=\"Recycling\" aria-describedby=\"gallery-1-3031\" srcset=\"https:\/\/www.vaillant.de\/21-grad\/wp-content\/uploads\/2017\/11\/Recycling-150x150.jpg 150w, https:\/\/www.vaillant.de\/21-grad\/wp-content\/uploads\/2017\/11\/Recycling-125x125.jpg 125w, https:\/\/www.vaillant.de\/21-grad\/wp-content\/uploads\/2017\/11\/Recycling-32x32.jpg 32w, https:\/\/www.vaillant.de\/21-grad\/wp-content\/uploads\/2017\/11\/Recycling-50x50.jpg 50w, https:\/\/www.vaillant.de\/21-grad\/wp-content\/uploads\/2017\/11\/Recycling-64x64.jpg 64w, https:\/\/www.vaillant.de\/21-grad\/wp-content\/uploads\/2017\/11\/Recycling-96x96.jpg 96w, https:\/\/www.vaillant.de\/21-grad\/wp-content\/uploads\/2017\/11\/Recycling-128x128.jpg 128w\" sizes=\"auto, (max-width: 150px) 100vw, 150px\" \/><\/a>\n\t\t\t<\/dt>\n\t\t\t\t<dd class='wp-caption-text gallery-caption' id='gallery-1-3031'>\n\t\t\t\tAm Ende steht die Entsorgung \u2013 wir wollen m\u00f6glichst viel von dem, was einmal verwendet wurde, auch noch ein zweites oder drittes Mal verwenden. Deswegen nehmen wir unsere Ger\u00e4te stets zur\u00fcck und verwerten zahlreiche Bauteile wieder.\n\t\t\t\t<\/dd><\/dl><dl class='gallery-item'>\n\t\t\t<dt class='gallery-icon landscape'>\n\t\t\t\t<a href='https:\/\/www.vaillant.de\/21-grad\/wp-content\/uploads\/2017\/11\/NH16-Seite-22-23.jpg'><img loading=\"lazy\" decoding=\"async\" width=\"150\" height=\"150\" src=\"https:\/\/www.vaillant.de\/21-grad\/wp-content\/uploads\/2017\/11\/NH16-Seite-22-23-150x150.jpg\" class=\"attachment-thumbnail size-thumbnail\" alt=\"Green iQ-Ger\u00e4teserie\" aria-describedby=\"gallery-1-3032\" srcset=\"https:\/\/www.vaillant.de\/21-grad\/wp-content\/uploads\/2017\/11\/NH16-Seite-22-23-150x150.jpg 150w, https:\/\/www.vaillant.de\/21-grad\/wp-content\/uploads\/2017\/11\/NH16-Seite-22-23-320x320.jpg 320w, https:\/\/www.vaillant.de\/21-grad\/wp-content\/uploads\/2017\/11\/NH16-Seite-22-23-125x125.jpg 125w, https:\/\/www.vaillant.de\/21-grad\/wp-content\/uploads\/2017\/11\/NH16-Seite-22-23-32x32.jpg 32w, https:\/\/www.vaillant.de\/21-grad\/wp-content\/uploads\/2017\/11\/NH16-Seite-22-23-50x50.jpg 50w, https:\/\/www.vaillant.de\/21-grad\/wp-content\/uploads\/2017\/11\/NH16-Seite-22-23-64x64.jpg 64w, https:\/\/www.vaillant.de\/21-grad\/wp-content\/uploads\/2017\/11\/NH16-Seite-22-23-96x96.jpg 96w, https:\/\/www.vaillant.de\/21-grad\/wp-content\/uploads\/2017\/11\/NH16-Seite-22-23-128x128.jpg 128w\" sizes=\"auto, (max-width: 150px) 100vw, 150px\" \/><\/a>\n\t\t\t<\/dt>\n\t\t\t\t<dd class='wp-caption-text gallery-caption' id='gallery-1-3032'>\n\t\t\t\tTest bestanden \u2013 die neue Green iQ-Ger\u00e4teserie sorgt tats\u00e4chlich f\u00fcr ein besseres Klima \u2013 zu Hause und in der Welt drumherum.\n\t\t\t\t<\/dd><\/dl><br style=\"clear: both\" \/>\n\t\t<\/div>\n\n","protected":false},"excerpt":{"rendered":"<p>Die Vaillant Group hat sich eine ambitionierte Vision gesetzt: Wir sorgen f\u00fcr ein besseres Klima. Das ist mal eine Hausnummer. Wir haben uns daraufhin eins unserer Ger\u00e4te vorgenommen: K\u00f6nnen wir das schaffen? Seht selbst.<\/p>\n","protected":false},"author":6,"featured_media":3038,"comment_status":"open","ping_status":"open","sticky":false,"template":"","format":"standard","meta":{"footnotes":""},"categories":[4],"tags":[166],"coauthors":[70],"class_list":["post-3026","post","type-post","status-publish","format-standard","has-post-thumbnail","hentry","category-technik-und-trends","tag-heiztechnik"],"yoast_head":"<!-- This site is optimized with the Yoast SEO plugin v27.4 - https:\/\/yoast.com\/product\/yoast-seo-wordpress\/ -->\n<title>Der H\u00e4rtetest: Wie gr\u00fcn ist Green iQ | 21 grad<\/title>\n<meta name=\"description\" content=\"Die neue Green iQ-Linie von Vaillant macht den Umwelttest. Wie viel Energie sparen die Ger\u00e4te ein?\" \/>\n<meta name=\"robots\" content=\"index, follow, max-snippet:-1, max-image-preview:large, max-video-preview:-1\" \/>\n<link rel=\"canonical\" href=\"https:\/\/www.vaillant.de\/21-grad\/technik-und-trends\/haertetest-wie-gruen-sind-green-iq-geraete\/\" \/>\n<meta property=\"og:locale\" content=\"de_DE\" \/>\n<meta property=\"og:type\" content=\"article\" \/>\n<meta property=\"og:title\" content=\"Der H\u00e4rtetest: Wie gr\u00fcn ist Green iQ | 21 grad\" \/>\n<meta property=\"og:description\" content=\"Die neue Green iQ-Linie von Vaillant macht den Umwelttest. Wie viel Energie sparen die Ger\u00e4te ein?\" \/>\n<meta property=\"og:url\" content=\"https:\/\/www.vaillant.de\/21-grad\/technik-und-trends\/haertetest-wie-gruen-sind-green-iq-geraete\/\" \/>\n<meta property=\"og:site_name\" content=\"21 grad\" \/>\n<meta property=\"article:publisher\" content=\"https:\/\/www.facebook.com\/21grad\/\" \/>\n<meta property=\"article:published_time\" content=\"2017-11-29T15:15:39+00:00\" \/>\n<meta property=\"article:modified_time\" content=\"2021-10-20T12:48:55+00:00\" \/>\n<meta property=\"og:image\" content=\"https:\/\/www.vaillant.de\/21-grad\/wp-content\/uploads\/2017\/11\/seeds-940.jpg\" \/>\n\t<meta property=\"og:image:width\" content=\"940\" \/>\n\t<meta property=\"og:image:height\" content=\"480\" \/>\n\t<meta property=\"og:image:type\" content=\"image\/jpeg\" \/>\n<meta name=\"author\" content=\"Marcus\" \/>\n<meta name=\"twitter:card\" content=\"summary_large_image\" \/>\n<meta name=\"twitter:creator\" content=\"@vaillant_de\" \/>\n<meta name=\"twitter:site\" content=\"@vaillant_de\" \/>\n<meta name=\"twitter:label1\" content=\"Verfasst von\" \/>\n\t<meta name=\"twitter:data1\" content=\"Marcus\" \/>\n\t<meta name=\"twitter:label2\" content=\"Gesch\u00e4tzte Lesezeit\" \/>\n\t<meta name=\"twitter:data2\" content=\"1\u00a0Minute\" \/>\n\t<meta name=\"twitter:label3\" content=\"Written by\" \/>\n\t<meta name=\"twitter:data3\" content=\"Marcus\" \/>\n<script type=\"application\/ld+json\" class=\"yoast-schema-graph\">{\"@context\":\"https:\\\/\\\/schema.org\",\"@graph\":[{\"@type\":\"Article\",\"@id\":\"https:\\\/\\\/www.vaillant.de\\\/21-grad\\\/technik-und-trends\\\/haertetest-wie-gruen-sind-green-iq-geraete\\\/#article\",\"isPartOf\":{\"@id\":\"https:\\\/\\\/www.vaillant.de\\\/21-grad\\\/technik-und-trends\\\/haertetest-wie-gruen-sind-green-iq-geraete\\\/\"},\"author\":{\"name\":\"Marcus\",\"@id\":\"https:\\\/\\\/www.vaillant.de\\\/21-grad\\\/#\\\/schema\\\/person\\\/d79d2ba98cd3da7ae5877706050352da\"},\"headline\":\"H\u00e4rtetest \u2013 wie gr\u00fcn sind Green iQ-Ger\u00e4te\",\"datePublished\":\"2017-11-29T15:15:39+00:00\",\"dateModified\":\"2021-10-20T12:48:55+00:00\",\"mainEntityOfPage\":{\"@id\":\"https:\\\/\\\/www.vaillant.de\\\/21-grad\\\/technik-und-trends\\\/haertetest-wie-gruen-sind-green-iq-geraete\\\/\"},\"wordCount\":111,\"commentCount\":1,\"image\":{\"@id\":\"https:\\\/\\\/www.vaillant.de\\\/21-grad\\\/technik-und-trends\\\/haertetest-wie-gruen-sind-green-iq-geraete\\\/#primaryimage\"},\"thumbnailUrl\":\"https:\\\/\\\/www.vaillant.de\\\/21-grad\\\/wp-content\\\/uploads\\\/2017\\\/11\\\/seeds-940.jpg\",\"keywords\":[\"Heiztechnik\"],\"articleSection\":[\"Technik &amp; Trends\"],\"inLanguage\":\"de\",\"potentialAction\":[{\"@type\":\"CommentAction\",\"name\":\"Comment\",\"target\":[\"https:\\\/\\\/www.vaillant.de\\\/21-grad\\\/technik-und-trends\\\/haertetest-wie-gruen-sind-green-iq-geraete\\\/#respond\"]}]},{\"@type\":\"WebPage\",\"@id\":\"https:\\\/\\\/www.vaillant.de\\\/21-grad\\\/technik-und-trends\\\/haertetest-wie-gruen-sind-green-iq-geraete\\\/\",\"url\":\"https:\\\/\\\/www.vaillant.de\\\/21-grad\\\/technik-und-trends\\\/haertetest-wie-gruen-sind-green-iq-geraete\\\/\",\"name\":\"Der H\u00e4rtetest: Wie gr\u00fcn ist Green iQ | 21 grad\",\"isPartOf\":{\"@id\":\"https:\\\/\\\/www.vaillant.de\\\/21-grad\\\/#website\"},\"primaryImageOfPage\":{\"@id\":\"https:\\\/\\\/www.vaillant.de\\\/21-grad\\\/technik-und-trends\\\/haertetest-wie-gruen-sind-green-iq-geraete\\\/#primaryimage\"},\"image\":{\"@id\":\"https:\\\/\\\/www.vaillant.de\\\/21-grad\\\/technik-und-trends\\\/haertetest-wie-gruen-sind-green-iq-geraete\\\/#primaryimage\"},\"thumbnailUrl\":\"https:\\\/\\\/www.vaillant.de\\\/21-grad\\\/wp-content\\\/uploads\\\/2017\\\/11\\\/seeds-940.jpg\",\"datePublished\":\"2017-11-29T15:15:39+00:00\",\"dateModified\":\"2021-10-20T12:48:55+00:00\",\"author\":{\"@id\":\"https:\\\/\\\/www.vaillant.de\\\/21-grad\\\/#\\\/schema\\\/person\\\/d79d2ba98cd3da7ae5877706050352da\"},\"description\":\"Die neue Green iQ-Linie von Vaillant macht den Umwelttest. Wie viel Energie sparen die Ger\u00e4te ein?\",\"breadcrumb\":{\"@id\":\"https:\\\/\\\/www.vaillant.de\\\/21-grad\\\/technik-und-trends\\\/haertetest-wie-gruen-sind-green-iq-geraete\\\/#breadcrumb\"},\"inLanguage\":\"de\",\"potentialAction\":[{\"@type\":\"ReadAction\",\"target\":[\"https:\\\/\\\/www.vaillant.de\\\/21-grad\\\/technik-und-trends\\\/haertetest-wie-gruen-sind-green-iq-geraete\\\/\"]}]},{\"@type\":\"ImageObject\",\"inLanguage\":\"de\",\"@id\":\"https:\\\/\\\/www.vaillant.de\\\/21-grad\\\/technik-und-trends\\\/haertetest-wie-gruen-sind-green-iq-geraete\\\/#primaryimage\",\"url\":\"https:\\\/\\\/www.vaillant.de\\\/21-grad\\\/wp-content\\\/uploads\\\/2017\\\/11\\\/seeds-940.jpg\",\"contentUrl\":\"https:\\\/\\\/www.vaillant.de\\\/21-grad\\\/wp-content\\\/uploads\\\/2017\\\/11\\\/seeds-940.jpg\",\"width\":940,\"height\":480,\"caption\":\"S.E.E.D.S.\"},{\"@type\":\"BreadcrumbList\",\"@id\":\"https:\\\/\\\/www.vaillant.de\\\/21-grad\\\/technik-und-trends\\\/haertetest-wie-gruen-sind-green-iq-geraete\\\/#breadcrumb\",\"itemListElement\":[{\"@type\":\"ListItem\",\"position\":1,\"name\":\"Startseite\",\"item\":\"https:\\\/\\\/www.vaillant.de\\\/21-grad\\\/\"},{\"@type\":\"ListItem\",\"position\":2,\"name\":\"H\u00e4rtetest \u2013 wie gr\u00fcn sind Green iQ-Ger\u00e4te\"}]},{\"@type\":\"WebSite\",\"@id\":\"https:\\\/\\\/www.vaillant.de\\\/21-grad\\\/#website\",\"url\":\"https:\\\/\\\/www.vaillant.de\\\/21-grad\\\/\",\"name\":\"21 grad\",\"description\":\"Der Blog f\u00fcr Menschen, die weiterdenken\",\"potentialAction\":[{\"@type\":\"SearchAction\",\"target\":{\"@type\":\"EntryPoint\",\"urlTemplate\":\"https:\\\/\\\/www.vaillant.de\\\/21-grad\\\/?s={search_term_string}\"},\"query-input\":{\"@type\":\"PropertyValueSpecification\",\"valueRequired\":true,\"valueName\":\"search_term_string\"}}],\"inLanguage\":\"de\"},{\"@type\":\"Person\",\"@id\":\"https:\\\/\\\/www.vaillant.de\\\/21-grad\\\/#\\\/schema\\\/person\\\/d79d2ba98cd3da7ae5877706050352da\",\"name\":\"Marcus\",\"image\":{\"@type\":\"ImageObject\",\"inLanguage\":\"de\",\"@id\":\"https:\\\/\\\/www.vaillant.de\\\/21-grad\\\/wp-content\\\/uploads\\\/2026\\\/01\\\/Marcus-125x125.jpg9d3430f1bc55d5a5d47a1162a14ae1af\",\"url\":\"https:\\\/\\\/www.vaillant.de\\\/21-grad\\\/wp-content\\\/uploads\\\/2026\\\/01\\\/Marcus-125x125.jpg\",\"contentUrl\":\"https:\\\/\\\/www.vaillant.de\\\/21-grad\\\/wp-content\\\/uploads\\\/2026\\\/01\\\/Marcus-125x125.jpg\",\"caption\":\"Marcus\"},\"description\":\"Willkommen in der wunderbaren Welt des 21grad Blogs. Als Medien- und Kooperationsmanager bin ich bei Vaillant Deutschland u.a. f\u00fcr unsere Fach- und Branchenkommunikation zust\u00e4ndig. Ich freue mich auf den Dialog mit Euch. :-) Nachhaltigkeit Bewusster Konsum und soziales Engagement liegen mir sehr am Herzen. Zuhause nutze ich \u00d6kostrom und Biogas, bei Lebensmitteln sind mir Labels wie Fair-Trade oder Bio sehr wichtig. Ich bin Sportwart beim Tennisclub Gr\u00fcn-Wei\u00df Lennep und engagiere mich auch f\u00fcr Aktion Mensch oder SOS-Kinderdorf. Interessen Unternehmungen mit Familie und Freunden, Tennis, Rock-Konzerte, Kino, B\u00fccher (z.B. Hornby, Eschbach, Uschmann) Was wolltest du als Kind gerne werden? Um es mit den \u00c4rzten zu sagen: Popstar, Bademeister oder Astronaut Was bringt dich auf die Palme? Menschen, die Schuld immer bei anderen suchen oder auch nat\u00fcrlich eine leckere Kokosnuss Was war der beste Rat, den du jemals erhalten hast? \u201eDenke in L\u00f6sungen, nicht in Problemen.\u201c\",\"url\":\"https:\\\/\\\/www.vaillant.de\\\/21-grad\\\/autor\\\/marcus\\\/\"}]}<\/script>\n<!-- \/ Yoast SEO plugin. -->","yoast_head_json":{"title":"Der H\u00e4rtetest: Wie gr\u00fcn ist Green iQ | 21 grad","description":"Die neue Green iQ-Linie von Vaillant macht den Umwelttest. Wie viel Energie sparen die Ger\u00e4te ein?","robots":{"index":"index","follow":"follow","max-snippet":"max-snippet:-1","max-image-preview":"max-image-preview:large","max-video-preview":"max-video-preview:-1"},"canonical":"https:\/\/www.vaillant.de\/21-grad\/technik-und-trends\/haertetest-wie-gruen-sind-green-iq-geraete\/","og_locale":"de_DE","og_type":"article","og_title":"Der H\u00e4rtetest: Wie gr\u00fcn ist Green iQ | 21 grad","og_description":"Die neue Green iQ-Linie von Vaillant macht den Umwelttest. Wie viel Energie sparen die Ger\u00e4te ein?","og_url":"https:\/\/www.vaillant.de\/21-grad\/technik-und-trends\/haertetest-wie-gruen-sind-green-iq-geraete\/","og_site_name":"21 grad","article_publisher":"https:\/\/www.facebook.com\/21grad\/","article_published_time":"2017-11-29T15:15:39+00:00","article_modified_time":"2021-10-20T12:48:55+00:00","og_image":[{"width":940,"height":480,"url":"https:\/\/www.vaillant.de\/21-grad\/wp-content\/uploads\/2017\/11\/seeds-940.jpg","type":"image\/jpeg"}],"author":"Marcus","twitter_card":"summary_large_image","twitter_creator":"@vaillant_de","twitter_site":"@vaillant_de","twitter_misc":{"Verfasst von":"Marcus","Gesch\u00e4tzte Lesezeit":"1\u00a0Minute","Written by":"Marcus"},"schema":{"@context":"https:\/\/schema.org","@graph":[{"@type":"Article","@id":"https:\/\/www.vaillant.de\/21-grad\/technik-und-trends\/haertetest-wie-gruen-sind-green-iq-geraete\/#article","isPartOf":{"@id":"https:\/\/www.vaillant.de\/21-grad\/technik-und-trends\/haertetest-wie-gruen-sind-green-iq-geraete\/"},"author":{"name":"Marcus","@id":"https:\/\/www.vaillant.de\/21-grad\/#\/schema\/person\/d79d2ba98cd3da7ae5877706050352da"},"headline":"H\u00e4rtetest \u2013 wie gr\u00fcn sind Green iQ-Ger\u00e4te","datePublished":"2017-11-29T15:15:39+00:00","dateModified":"2021-10-20T12:48:55+00:00","mainEntityOfPage":{"@id":"https:\/\/www.vaillant.de\/21-grad\/technik-und-trends\/haertetest-wie-gruen-sind-green-iq-geraete\/"},"wordCount":111,"commentCount":1,"image":{"@id":"https:\/\/www.vaillant.de\/21-grad\/technik-und-trends\/haertetest-wie-gruen-sind-green-iq-geraete\/#primaryimage"},"thumbnailUrl":"https:\/\/www.vaillant.de\/21-grad\/wp-content\/uploads\/2017\/11\/seeds-940.jpg","keywords":["Heiztechnik"],"articleSection":["Technik &amp; Trends"],"inLanguage":"de","potentialAction":[{"@type":"CommentAction","name":"Comment","target":["https:\/\/www.vaillant.de\/21-grad\/technik-und-trends\/haertetest-wie-gruen-sind-green-iq-geraete\/#respond"]}]},{"@type":"WebPage","@id":"https:\/\/www.vaillant.de\/21-grad\/technik-und-trends\/haertetest-wie-gruen-sind-green-iq-geraete\/","url":"https:\/\/www.vaillant.de\/21-grad\/technik-und-trends\/haertetest-wie-gruen-sind-green-iq-geraete\/","name":"Der H\u00e4rtetest: Wie gr\u00fcn ist Green iQ | 21 grad","isPartOf":{"@id":"https:\/\/www.vaillant.de\/21-grad\/#website"},"primaryImageOfPage":{"@id":"https:\/\/www.vaillant.de\/21-grad\/technik-und-trends\/haertetest-wie-gruen-sind-green-iq-geraete\/#primaryimage"},"image":{"@id":"https:\/\/www.vaillant.de\/21-grad\/technik-und-trends\/haertetest-wie-gruen-sind-green-iq-geraete\/#primaryimage"},"thumbnailUrl":"https:\/\/www.vaillant.de\/21-grad\/wp-content\/uploads\/2017\/11\/seeds-940.jpg","datePublished":"2017-11-29T15:15:39+00:00","dateModified":"2021-10-20T12:48:55+00:00","author":{"@id":"https:\/\/www.vaillant.de\/21-grad\/#\/schema\/person\/d79d2ba98cd3da7ae5877706050352da"},"description":"Die neue Green iQ-Linie von Vaillant macht den Umwelttest. Wie viel Energie sparen die Ger\u00e4te ein?","breadcrumb":{"@id":"https:\/\/www.vaillant.de\/21-grad\/technik-und-trends\/haertetest-wie-gruen-sind-green-iq-geraete\/#breadcrumb"},"inLanguage":"de","potentialAction":[{"@type":"ReadAction","target":["https:\/\/www.vaillant.de\/21-grad\/technik-und-trends\/haertetest-wie-gruen-sind-green-iq-geraete\/"]}]},{"@type":"ImageObject","inLanguage":"de","@id":"https:\/\/www.vaillant.de\/21-grad\/technik-und-trends\/haertetest-wie-gruen-sind-green-iq-geraete\/#primaryimage","url":"https:\/\/www.vaillant.de\/21-grad\/wp-content\/uploads\/2017\/11\/seeds-940.jpg","contentUrl":"https:\/\/www.vaillant.de\/21-grad\/wp-content\/uploads\/2017\/11\/seeds-940.jpg","width":940,"height":480,"caption":"S.E.E.D.S."},{"@type":"BreadcrumbList","@id":"https:\/\/www.vaillant.de\/21-grad\/technik-und-trends\/haertetest-wie-gruen-sind-green-iq-geraete\/#breadcrumb","itemListElement":[{"@type":"ListItem","position":1,"name":"Startseite","item":"https:\/\/www.vaillant.de\/21-grad\/"},{"@type":"ListItem","position":2,"name":"H\u00e4rtetest \u2013 wie gr\u00fcn sind Green iQ-Ger\u00e4te"}]},{"@type":"WebSite","@id":"https:\/\/www.vaillant.de\/21-grad\/#website","url":"https:\/\/www.vaillant.de\/21-grad\/","name":"21 grad","description":"Der Blog f\u00fcr Menschen, die weiterdenken","potentialAction":[{"@type":"SearchAction","target":{"@type":"EntryPoint","urlTemplate":"https:\/\/www.vaillant.de\/21-grad\/?s={search_term_string}"},"query-input":{"@type":"PropertyValueSpecification","valueRequired":true,"valueName":"search_term_string"}}],"inLanguage":"de"},{"@type":"Person","@id":"https:\/\/www.vaillant.de\/21-grad\/#\/schema\/person\/d79d2ba98cd3da7ae5877706050352da","name":"Marcus","image":{"@type":"ImageObject","inLanguage":"de","@id":"https:\/\/www.vaillant.de\/21-grad\/wp-content\/uploads\/2026\/01\/Marcus-125x125.jpg9d3430f1bc55d5a5d47a1162a14ae1af","url":"https:\/\/www.vaillant.de\/21-grad\/wp-content\/uploads\/2026\/01\/Marcus-125x125.jpg","contentUrl":"https:\/\/www.vaillant.de\/21-grad\/wp-content\/uploads\/2026\/01\/Marcus-125x125.jpg","caption":"Marcus"},"description":"Willkommen in der wunderbaren Welt des 21grad Blogs. Als Medien- und Kooperationsmanager bin ich bei Vaillant Deutschland u.a. f\u00fcr unsere Fach- und Branchenkommunikation zust\u00e4ndig. Ich freue mich auf den Dialog mit Euch. :-) Nachhaltigkeit Bewusster Konsum und soziales Engagement liegen mir sehr am Herzen. Zuhause nutze ich \u00d6kostrom und Biogas, bei Lebensmitteln sind mir Labels wie Fair-Trade oder Bio sehr wichtig. Ich bin Sportwart beim Tennisclub Gr\u00fcn-Wei\u00df Lennep und engagiere mich auch f\u00fcr Aktion Mensch oder SOS-Kinderdorf. Interessen Unternehmungen mit Familie und Freunden, Tennis, Rock-Konzerte, Kino, B\u00fccher (z.B. Hornby, Eschbach, Uschmann) Was wolltest du als Kind gerne werden? Um es mit den \u00c4rzten zu sagen: Popstar, Bademeister oder Astronaut Was bringt dich auf die Palme? Menschen, die Schuld immer bei anderen suchen oder auch nat\u00fcrlich eine leckere Kokosnuss Was war der beste Rat, den du jemals erhalten hast? \u201eDenke in L\u00f6sungen, nicht in Problemen.\u201c","url":"https:\/\/www.vaillant.de\/21-grad\/autor\/marcus\/"}]}},"_links":{"self":[{"href":"https:\/\/www.vaillant.de\/21-grad\/wp-json\/wp\/v2\/posts\/3026","targetHints":{"allow":["GET"]}}],"collection":[{"href":"https:\/\/www.vaillant.de\/21-grad\/wp-json\/wp\/v2\/posts"}],"about":[{"href":"https:\/\/www.vaillant.de\/21-grad\/wp-json\/wp\/v2\/types\/post"}],"author":[{"embeddable":true,"href":"https:\/\/www.vaillant.de\/21-grad\/wp-json\/wp\/v2\/users\/6"}],"replies":[{"embeddable":true,"href":"https:\/\/www.vaillant.de\/21-grad\/wp-json\/wp\/v2\/comments?post=3026"}],"version-history":[{"count":6,"href":"https:\/\/www.vaillant.de\/21-grad\/wp-json\/wp\/v2\/posts\/3026\/revisions"}],"predecessor-version":[{"id":6702,"href":"https:\/\/www.vaillant.de\/21-grad\/wp-json\/wp\/v2\/posts\/3026\/revisions\/6702"}],"wp:featuredmedia":[{"embeddable":true,"href":"https:\/\/www.vaillant.de\/21-grad\/wp-json\/wp\/v2\/media\/3038"}],"wp:attachment":[{"href":"https:\/\/www.vaillant.de\/21-grad\/wp-json\/wp\/v2\/media?parent=3026"}],"wp:term":[{"taxonomy":"category","embeddable":true,"href":"https:\/\/www.vaillant.de\/21-grad\/wp-json\/wp\/v2\/categories?post=3026"},{"taxonomy":"post_tag","embeddable":true,"href":"https:\/\/www.vaillant.de\/21-grad\/wp-json\/wp\/v2\/tags?post=3026"},{"taxonomy":"author","embeddable":true,"href":"https:\/\/www.vaillant.de\/21-grad\/wp-json\/wp\/v2\/coauthors?post=3026"}],"curies":[{"name":"wp","href":"https:\/\/api.w.org\/{rel}","templated":true}]}}