{"id":3051,"date":"2017-12-07T10:54:44","date_gmt":"2017-12-07T09:54:44","guid":{"rendered":"https:\/\/21-grad.vaillant.de\/?p=3051"},"modified":"2017-12-07T10:54:44","modified_gmt":"2017-12-07T09:54:44","slug":"8-fakten-zur-verschwendung-in-deutschland","status":"publish","type":"post","link":"https:\/\/www.vaillant.de\/21-grad\/bewusst-und-sein\/8-fakten-zur-verschwendung-in-deutschland\/","title":{"rendered":"8 Fakten zur Verschwendung in Deutschland"},"content":{"rendered":"<p><a href=\"https:\/\/www.vaillant.de\/21-grad\/wp-content\/uploads\/2017\/12\/plate-2549069_1920.jpg\"><img loading=\"lazy\" decoding=\"async\" class=\"alignright wp-image-3054 size-thumbnail\" src=\"https:\/\/www.vaillant.de\/21-grad\/wp-content\/uploads\/2017\/12\/plate-2549069_1920-150x150.jpg\" alt=\"\" width=\"150\" height=\"150\" srcset=\"https:\/\/www.vaillant.de\/21-grad\/wp-content\/uploads\/2017\/12\/plate-2549069_1920-150x150.jpg 150w, https:\/\/www.vaillant.de\/21-grad\/wp-content\/uploads\/2017\/12\/plate-2549069_1920-320x320.jpg 320w, https:\/\/www.vaillant.de\/21-grad\/wp-content\/uploads\/2017\/12\/plate-2549069_1920-125x125.jpg 125w, https:\/\/www.vaillant.de\/21-grad\/wp-content\/uploads\/2017\/12\/plate-2549069_1920-32x32.jpg 32w, https:\/\/www.vaillant.de\/21-grad\/wp-content\/uploads\/2017\/12\/plate-2549069_1920-50x50.jpg 50w, https:\/\/www.vaillant.de\/21-grad\/wp-content\/uploads\/2017\/12\/plate-2549069_1920-64x64.jpg 64w, https:\/\/www.vaillant.de\/21-grad\/wp-content\/uploads\/2017\/12\/plate-2549069_1920-96x96.jpg 96w, https:\/\/www.vaillant.de\/21-grad\/wp-content\/uploads\/2017\/12\/plate-2549069_1920-128x128.jpg 128w\" sizes=\"auto, (max-width: 150px) 100vw, 150px\" \/><\/a>Laut einer aktuellen Studie sind ein Drittel der Speiseabf\u00e4lle in Schulmensen unn\u00f6tig. Schon einfache Ma\u00dfnahmen k\u00f6nnten helfen: kindgerechtere Menus, kleinere Portionen oder das Thema Lebensmittelverschwendung im Unterricht zu behandeln.<br \/>\n<em>Quelle: Bundesministerium f\u00fcr Bildung und Forschung, Pressemitteilung, 24.10.2017<\/em><\/p>\n<p><a href=\"https:\/\/www.vaillant.de\/21-grad\/wp-content\/uploads\/2017\/12\/pexels-photo-220996.jpeg\"><img loading=\"lazy\" decoding=\"async\" class=\"alignleft wp-image-3056 size-thumbnail\" src=\"https:\/\/www.vaillant.de\/21-grad\/wp-content\/uploads\/2017\/12\/pexels-photo-220996-150x150.jpeg\" alt=\"\" width=\"150\" height=\"150\" srcset=\"https:\/\/www.vaillant.de\/21-grad\/wp-content\/uploads\/2017\/12\/pexels-photo-220996-150x150.jpeg 150w, https:\/\/www.vaillant.de\/21-grad\/wp-content\/uploads\/2017\/12\/pexels-photo-220996-320x320.jpeg 320w, https:\/\/www.vaillant.de\/21-grad\/wp-content\/uploads\/2017\/12\/pexels-photo-220996-125x125.jpeg 125w, https:\/\/www.vaillant.de\/21-grad\/wp-content\/uploads\/2017\/12\/pexels-photo-220996-32x32.jpeg 32w, https:\/\/www.vaillant.de\/21-grad\/wp-content\/uploads\/2017\/12\/pexels-photo-220996-50x50.jpeg 50w, https:\/\/www.vaillant.de\/21-grad\/wp-content\/uploads\/2017\/12\/pexels-photo-220996-64x64.jpeg 64w, https:\/\/www.vaillant.de\/21-grad\/wp-content\/uploads\/2017\/12\/pexels-photo-220996-96x96.jpeg 96w, https:\/\/www.vaillant.de\/21-grad\/wp-content\/uploads\/2017\/12\/pexels-photo-220996-128x128.jpeg 128w\" sizes=\"auto, (max-width: 150px) 100vw, 150px\" \/><\/a>Autos stehen die meiste Zeit herum. Aber noch viel schlimmer ist die Verschwendung im Stau. In 2010 kamen so laut Experten 288 Millionen Liter Treibstoff zusammen. Das Bundesforschungsministerium geht sogar von 33 Millionen Litern Benzin pro Tag aus, die in Staus verschwendet werden.<br \/>\n<em>Quelle: S\u00fcddeutsche Zeitung, 31. Juli 2011<\/em><\/p>\n<p><a href=\"https:\/\/www.vaillant.de\/21-grad\/wp-content\/uploads\/2017\/12\/labeling-pflicht.jpg\"><img loading=\"lazy\" decoding=\"async\" class=\"alignright wp-image-3063 size-thumbnail\" src=\"https:\/\/www.vaillant.de\/21-grad\/wp-content\/uploads\/2017\/12\/labeling-pflicht-150x150.jpg\" alt=\"\" width=\"150\" height=\"150\" srcset=\"https:\/\/www.vaillant.de\/21-grad\/wp-content\/uploads\/2017\/12\/labeling-pflicht-150x150.jpg 150w, https:\/\/www.vaillant.de\/21-grad\/wp-content\/uploads\/2017\/12\/labeling-pflicht-320x320.jpg 320w, https:\/\/www.vaillant.de\/21-grad\/wp-content\/uploads\/2017\/12\/labeling-pflicht-125x125.jpg 125w, https:\/\/www.vaillant.de\/21-grad\/wp-content\/uploads\/2017\/12\/labeling-pflicht-32x32.jpg 32w, https:\/\/www.vaillant.de\/21-grad\/wp-content\/uploads\/2017\/12\/labeling-pflicht-50x50.jpg 50w, https:\/\/www.vaillant.de\/21-grad\/wp-content\/uploads\/2017\/12\/labeling-pflicht-64x64.jpg 64w, https:\/\/www.vaillant.de\/21-grad\/wp-content\/uploads\/2017\/12\/labeling-pflicht-96x96.jpg 96w, https:\/\/www.vaillant.de\/21-grad\/wp-content\/uploads\/2017\/12\/labeling-pflicht-128x128.jpg 128w\" sizes=\"auto, (max-width: 150px) 100vw, 150px\" \/><\/a>In Deutschland gelten 14,5 Millionen heimische Heizungen als veraltet. Durch die Modernisierung dieser Anlagen ko\u0308nnten ja\u0308hrlich bis zu 55 Millionen Tonnen CO2 eingespart werden. Das entspricht dem ja\u0308hrlichen CO2-Aussto\u00df von 25 Mio. Mittelklassewagen.<br \/>\n<em>Quelle:Vaillant: Pressemitteilung 4. Januar 2016<\/em><\/p>\n<p><a href=\"https:\/\/www.vaillant.de\/21-grad\/wp-content\/uploads\/2017\/12\/pocket-2324214_1920.jpg\"><img loading=\"lazy\" decoding=\"async\" class=\"alignleft wp-image-3057 size-thumbnail\" src=\"https:\/\/www.vaillant.de\/21-grad\/wp-content\/uploads\/2017\/12\/pocket-2324214_1920-150x150.jpg\" alt=\"\" width=\"150\" height=\"150\" srcset=\"https:\/\/www.vaillant.de\/21-grad\/wp-content\/uploads\/2017\/12\/pocket-2324214_1920-150x150.jpg 150w, https:\/\/www.vaillant.de\/21-grad\/wp-content\/uploads\/2017\/12\/pocket-2324214_1920-320x320.jpg 320w, https:\/\/www.vaillant.de\/21-grad\/wp-content\/uploads\/2017\/12\/pocket-2324214_1920-125x125.jpg 125w, https:\/\/www.vaillant.de\/21-grad\/wp-content\/uploads\/2017\/12\/pocket-2324214_1920-32x32.jpg 32w, https:\/\/www.vaillant.de\/21-grad\/wp-content\/uploads\/2017\/12\/pocket-2324214_1920-50x50.jpg 50w, https:\/\/www.vaillant.de\/21-grad\/wp-content\/uploads\/2017\/12\/pocket-2324214_1920-64x64.jpg 64w, https:\/\/www.vaillant.de\/21-grad\/wp-content\/uploads\/2017\/12\/pocket-2324214_1920-96x96.jpg 96w, https:\/\/www.vaillant.de\/21-grad\/wp-content\/uploads\/2017\/12\/pocket-2324214_1920-128x128.jpg 128w\" sizes=\"auto, (max-width: 150px) 100vw, 150px\" \/><\/a>Eine rasche Genesung oder Angst vor Nebenwirkungen &#8211; schon landen Medikamente im M\u00fcll. Allein die Barmer-Krankenversicherung hat im Jahr 2015 zehn Millionen Euro f\u00fcr ungenutzte Arzneimittel ausgegeben. Eine \u00e4ltere Sch\u00e4tzung des Umweltbundesamts geht sogar von 30 Prozent aller Medikamente aus.<br \/>\n<em>Quelle: BARMER-Arzneimittelreport 2017, Greenpeace Magazin 5.01.: Die Apotheke im Untergrund<\/em><\/p>\n<p><a href=\"https:\/\/www.vaillant.de\/21-grad\/wp-content\/uploads\/2017\/12\/dresses-816033_1920.jpg\"><img loading=\"lazy\" decoding=\"async\" class=\"alignright wp-image-3058 size-thumbnail\" src=\"https:\/\/www.vaillant.de\/21-grad\/wp-content\/uploads\/2017\/12\/dresses-816033_1920-150x150.jpg\" alt=\"\" width=\"150\" height=\"150\" srcset=\"https:\/\/www.vaillant.de\/21-grad\/wp-content\/uploads\/2017\/12\/dresses-816033_1920-150x150.jpg 150w, https:\/\/www.vaillant.de\/21-grad\/wp-content\/uploads\/2017\/12\/dresses-816033_1920-320x320.jpg 320w, https:\/\/www.vaillant.de\/21-grad\/wp-content\/uploads\/2017\/12\/dresses-816033_1920-125x125.jpg 125w, https:\/\/www.vaillant.de\/21-grad\/wp-content\/uploads\/2017\/12\/dresses-816033_1920-32x32.jpg 32w, https:\/\/www.vaillant.de\/21-grad\/wp-content\/uploads\/2017\/12\/dresses-816033_1920-50x50.jpg 50w, https:\/\/www.vaillant.de\/21-grad\/wp-content\/uploads\/2017\/12\/dresses-816033_1920-64x64.jpg 64w, https:\/\/www.vaillant.de\/21-grad\/wp-content\/uploads\/2017\/12\/dresses-816033_1920-96x96.jpg 96w, https:\/\/www.vaillant.de\/21-grad\/wp-content\/uploads\/2017\/12\/dresses-816033_1920-128x128.jpg 128w\" sizes=\"auto, (max-width: 150px) 100vw, 150px\" \/><\/a>Jedes fu\u0308nfte Kleidungsst\u00fcck in Deutschland wird nie getragen. Zusammen mit Kleidung, die selten getragen wird, kommt man auf 2 Milliarden Kleidungsstu\u0308cke, die \u00fcberwiegend ungenutzt im Schrank liegen. Wenn man bedenkt, dass allein die Produktion einer einzigen Jeans 7.000 Liter Wasser verbraucht, ist die so verursachte Ressourcen-Verschwendung enorm.<br \/>\n<em>Quelle: Wegwerfware Kleidung &#8211; Repra\u0308sentative Greenpeace-Umfrage zu Kaufverhalten, Tragedauer und der Entsorgung von Mode, November 2015<\/em><\/p>\n<p><a href=\"https:\/\/www.vaillant.de\/21-grad\/wp-content\/uploads\/2017\/12\/supermarket-949913_1920.jpg\"><img loading=\"lazy\" decoding=\"async\" class=\"alignleft wp-image-3059 size-thumbnail\" src=\"https:\/\/www.vaillant.de\/21-grad\/wp-content\/uploads\/2017\/12\/supermarket-949913_1920-150x150.jpg\" alt=\"\" width=\"150\" height=\"150\" srcset=\"https:\/\/www.vaillant.de\/21-grad\/wp-content\/uploads\/2017\/12\/supermarket-949913_1920-150x150.jpg 150w, https:\/\/www.vaillant.de\/21-grad\/wp-content\/uploads\/2017\/12\/supermarket-949913_1920-320x320.jpg 320w, https:\/\/www.vaillant.de\/21-grad\/wp-content\/uploads\/2017\/12\/supermarket-949913_1920-125x125.jpg 125w, https:\/\/www.vaillant.de\/21-grad\/wp-content\/uploads\/2017\/12\/supermarket-949913_1920-32x32.jpg 32w, https:\/\/www.vaillant.de\/21-grad\/wp-content\/uploads\/2017\/12\/supermarket-949913_1920-50x50.jpg 50w, https:\/\/www.vaillant.de\/21-grad\/wp-content\/uploads\/2017\/12\/supermarket-949913_1920-64x64.jpg 64w, https:\/\/www.vaillant.de\/21-grad\/wp-content\/uploads\/2017\/12\/supermarket-949913_1920-96x96.jpg 96w, https:\/\/www.vaillant.de\/21-grad\/wp-content\/uploads\/2017\/12\/supermarket-949913_1920-128x128.jpg 128w\" sizes=\"auto, (max-width: 150px) 100vw, 150px\" \/><\/a>Jeder Dritte Deutsche wirft mindestens einmal pro Woche Lebensmittel weg. Das sind zusammen genommen j\u00e4hrlich rund 18 Millionen Tonnen. Dabei werden wichtige Umweltressourcen verschwendet, schlie\u00dflich verbraucht die Lebensmittelproduktion viele Rohstoffe, Energie und Wasser.<br \/>\n<em>Quelle: YouGov f\u00fcr Aldi S\u00fcd, Oktober 2017 (<a href=\"https:\/\/www.energiezukunft.eu\/umwelt\/leben\/18-mio-tonnen-lebensmittel-landen-jaehrlich-auf-dem-muell-gn104042\/\" target=\"_blank\" rel=\"noopener\">https:\/\/www.energiezukunft.eu\/umwelt\/leben\/18-mio-tonnen-lebensmittel-landen-jaehrlich-auf-dem-muell-gn104042\/<\/a>) abgerufen am 20.11.2017<\/em><\/p>\n<p><a href=\"https:\/\/www.vaillant.de\/21-grad\/wp-content\/uploads\/2017\/12\/altpapier.jpg\"><img loading=\"lazy\" decoding=\"async\" class=\"alignright wp-image-3060 size-thumbnail\" src=\"https:\/\/www.vaillant.de\/21-grad\/wp-content\/uploads\/2017\/12\/altpapier-150x150.jpg\" alt=\"\" width=\"150\" height=\"150\" srcset=\"https:\/\/www.vaillant.de\/21-grad\/wp-content\/uploads\/2017\/12\/altpapier-150x150.jpg 150w, https:\/\/www.vaillant.de\/21-grad\/wp-content\/uploads\/2017\/12\/altpapier-320x320.jpg 320w, https:\/\/www.vaillant.de\/21-grad\/wp-content\/uploads\/2017\/12\/altpapier-125x125.jpg 125w, https:\/\/www.vaillant.de\/21-grad\/wp-content\/uploads\/2017\/12\/altpapier-32x32.jpg 32w, https:\/\/www.vaillant.de\/21-grad\/wp-content\/uploads\/2017\/12\/altpapier-50x50.jpg 50w, https:\/\/www.vaillant.de\/21-grad\/wp-content\/uploads\/2017\/12\/altpapier-64x64.jpg 64w, https:\/\/www.vaillant.de\/21-grad\/wp-content\/uploads\/2017\/12\/altpapier-96x96.jpg 96w, https:\/\/www.vaillant.de\/21-grad\/wp-content\/uploads\/2017\/12\/altpapier-128x128.jpg 128w\" sizes=\"auto, (max-width: 150px) 100vw, 150px\" \/><\/a>Im Jahr 2015 verbrauchte jeder Deutsche \u00fcber 250 Kilogramm Papier. Das ist so viel wie die Kontinente Afrika und S\u00fcdamerika zusammen. Vieles davon ist Einwegware: St\u00fcndlich wandern in Deutschland allein 320.000 Coffee to go-Becher in den M\u00fcll &#8211; und das nach nur 15 Minuten Benutzung.<br \/>\n<em>Quelle: Deutsche Umwelthilfe: Coffee to go-Einwegbecher \u2013 Umweltauswirkungen und Alternativen, September 2015, Umweltbundesamt: Deutschland ist Spitzenreiter &#8211; beim Papierverbrauch, Oktober 2015<\/em><\/p>\n<p><a href=\"https:\/\/www.vaillant.de\/21-grad\/wp-content\/uploads\/2017\/12\/mobile-phone-2510529_1920.jpg\"><img loading=\"lazy\" decoding=\"async\" class=\"alignleft wp-image-3061 size-thumbnail\" src=\"https:\/\/www.vaillant.de\/21-grad\/wp-content\/uploads\/2017\/12\/mobile-phone-2510529_1920-150x150.jpg\" alt=\"\" width=\"150\" height=\"150\" srcset=\"https:\/\/www.vaillant.de\/21-grad\/wp-content\/uploads\/2017\/12\/mobile-phone-2510529_1920-150x150.jpg 150w, https:\/\/www.vaillant.de\/21-grad\/wp-content\/uploads\/2017\/12\/mobile-phone-2510529_1920-320x320.jpg 320w, https:\/\/www.vaillant.de\/21-grad\/wp-content\/uploads\/2017\/12\/mobile-phone-2510529_1920-125x125.jpg 125w, https:\/\/www.vaillant.de\/21-grad\/wp-content\/uploads\/2017\/12\/mobile-phone-2510529_1920-32x32.jpg 32w, https:\/\/www.vaillant.de\/21-grad\/wp-content\/uploads\/2017\/12\/mobile-phone-2510529_1920-50x50.jpg 50w, https:\/\/www.vaillant.de\/21-grad\/wp-content\/uploads\/2017\/12\/mobile-phone-2510529_1920-64x64.jpg 64w, https:\/\/www.vaillant.de\/21-grad\/wp-content\/uploads\/2017\/12\/mobile-phone-2510529_1920-96x96.jpg 96w, https:\/\/www.vaillant.de\/21-grad\/wp-content\/uploads\/2017\/12\/mobile-phone-2510529_1920-128x128.jpg 128w\" sizes=\"auto, (max-width: 150px) 100vw, 150px\" \/><\/a>Die Deutschen kaufen 30 Millionen Smartphones und Handys pro Jahr, allerdings landen sie nach nur durchschnittlich 18 Monaten in der Schublade. Laut Sch\u00e4tzungen sind dies aktuell rund 106 Millionen \u2013 oft v\u00f6llig funktionst\u00fcchtige &#8211; Mobiltelefone.<br \/>\n<em>Quelle: Umweltbundesamt, Presseinfo Nr. 05 vom 15.02.2016<\/em><\/p>\n<p>&nbsp;<\/p>\n<p>&nbsp;<\/p>\n","protected":false},"excerpt":{"rendered":"<p>Lebensmittel, Handys, Papier oder Energie \u2013 es gibt eigentlich nichts, was in Deutschland nicht vergeudet wird. Wir k\u00f6nnten nahezu mit allem viel sparsamer und umsichtiger umgehen, und damit nicht nur unser Portemonnaie sondern auch die Umwelt schonen. H\u00f6chste Zeit ein paar Gedanken daran zu verschwenden. <\/p>\n","protected":false},"author":6,"featured_media":3066,"comment_status":"open","ping_status":"open","sticky":false,"template":"","format":"standard","meta":{"footnotes":""},"categories":[5],"tags":[23],"coauthors":[70],"class_list":["post-3051","post","type-post","status-publish","format-standard","has-post-thumbnail","hentry","category-bewusst-und-sein","tag-nachhaltigkeit"],"yoast_head":"<!-- This site is optimized with the Yoast SEO plugin v27.4 - https:\/\/yoast.com\/product\/yoast-seo-wordpress\/ -->\n<title>Verschwendung in Deutschland | 21 grad<\/title>\n<meta name=\"description\" content=\"Von Papier \u00fcber Lebensmittel bis hin zu Smartphones: Die Verschwendung ist gro\u00df in Deutschland. Lesen Sie 8 beeindruckende Fakten.\" \/>\n<meta name=\"robots\" content=\"index, follow, max-snippet:-1, max-image-preview:large, max-video-preview:-1\" \/>\n<link rel=\"canonical\" href=\"https:\/\/www.vaillant.de\/21-grad\/bewusst-und-sein\/8-fakten-zur-verschwendung-in-deutschland\/\" \/>\n<meta property=\"og:locale\" content=\"de_DE\" \/>\n<meta property=\"og:type\" content=\"article\" \/>\n<meta property=\"og:title\" content=\"Verschwendung in Deutschland | 21 grad\" \/>\n<meta property=\"og:description\" content=\"Von Papier \u00fcber Lebensmittel bis hin zu Smartphones: Die Verschwendung ist gro\u00df in Deutschland. Lesen Sie 8 beeindruckende Fakten.\" \/>\n<meta property=\"og:url\" content=\"https:\/\/www.vaillant.de\/21-grad\/bewusst-und-sein\/8-fakten-zur-verschwendung-in-deutschland\/\" \/>\n<meta property=\"og:site_name\" content=\"21 grad\" \/>\n<meta property=\"article:publisher\" content=\"https:\/\/www.facebook.com\/21grad\/\" \/>\n<meta property=\"article:published_time\" content=\"2017-12-07T09:54:44+00:00\" \/>\n<meta property=\"og:image\" content=\"https:\/\/www.vaillant.de\/21-grad\/wp-content\/uploads\/2017\/12\/header_940.jpg\" \/>\n\t<meta property=\"og:image:width\" content=\"940\" \/>\n\t<meta property=\"og:image:height\" content=\"480\" \/>\n\t<meta property=\"og:image:type\" content=\"image\/jpeg\" \/>\n<meta name=\"author\" content=\"Marcus\" \/>\n<meta name=\"twitter:card\" content=\"summary_large_image\" \/>\n<meta name=\"twitter:creator\" content=\"@vaillant_de\" \/>\n<meta name=\"twitter:site\" content=\"@vaillant_de\" \/>\n<meta name=\"twitter:label1\" content=\"Verfasst von\" \/>\n\t<meta name=\"twitter:data1\" content=\"Marcus\" \/>\n\t<meta name=\"twitter:label2\" content=\"Gesch\u00e4tzte Lesezeit\" \/>\n\t<meta name=\"twitter:data2\" content=\"2\u00a0Minuten\" \/>\n\t<meta name=\"twitter:label3\" content=\"Written by\" \/>\n\t<meta name=\"twitter:data3\" content=\"Marcus\" \/>\n<script type=\"application\/ld+json\" class=\"yoast-schema-graph\">{\"@context\":\"https:\\\/\\\/schema.org\",\"@graph\":[{\"@type\":\"Article\",\"@id\":\"https:\\\/\\\/www.vaillant.de\\\/21-grad\\\/bewusst-und-sein\\\/8-fakten-zur-verschwendung-in-deutschland\\\/#article\",\"isPartOf\":{\"@id\":\"https:\\\/\\\/www.vaillant.de\\\/21-grad\\\/bewusst-und-sein\\\/8-fakten-zur-verschwendung-in-deutschland\\\/\"},\"author\":{\"name\":\"Marcus\",\"@id\":\"https:\\\/\\\/www.vaillant.de\\\/21-grad\\\/#\\\/schema\\\/person\\\/d79d2ba98cd3da7ae5877706050352da\"},\"headline\":\"8 Fakten zur Verschwendung in Deutschland\",\"datePublished\":\"2017-12-07T09:54:44+00:00\",\"mainEntityOfPage\":{\"@id\":\"https:\\\/\\\/www.vaillant.de\\\/21-grad\\\/bewusst-und-sein\\\/8-fakten-zur-verschwendung-in-deutschland\\\/\"},\"wordCount\":396,\"commentCount\":0,\"image\":{\"@id\":\"https:\\\/\\\/www.vaillant.de\\\/21-grad\\\/bewusst-und-sein\\\/8-fakten-zur-verschwendung-in-deutschland\\\/#primaryimage\"},\"thumbnailUrl\":\"https:\\\/\\\/www.vaillant.de\\\/21-grad\\\/wp-content\\\/uploads\\\/2017\\\/12\\\/header_940.jpg\",\"keywords\":[\"Nachhaltigkeit\"],\"articleSection\":[\"Bewusst &amp; Sein\"],\"inLanguage\":\"de\",\"potentialAction\":[{\"@type\":\"CommentAction\",\"name\":\"Comment\",\"target\":[\"https:\\\/\\\/www.vaillant.de\\\/21-grad\\\/bewusst-und-sein\\\/8-fakten-zur-verschwendung-in-deutschland\\\/#respond\"]}]},{\"@type\":\"WebPage\",\"@id\":\"https:\\\/\\\/www.vaillant.de\\\/21-grad\\\/bewusst-und-sein\\\/8-fakten-zur-verschwendung-in-deutschland\\\/\",\"url\":\"https:\\\/\\\/www.vaillant.de\\\/21-grad\\\/bewusst-und-sein\\\/8-fakten-zur-verschwendung-in-deutschland\\\/\",\"name\":\"Verschwendung in Deutschland | 21 grad\",\"isPartOf\":{\"@id\":\"https:\\\/\\\/www.vaillant.de\\\/21-grad\\\/#website\"},\"primaryImageOfPage\":{\"@id\":\"https:\\\/\\\/www.vaillant.de\\\/21-grad\\\/bewusst-und-sein\\\/8-fakten-zur-verschwendung-in-deutschland\\\/#primaryimage\"},\"image\":{\"@id\":\"https:\\\/\\\/www.vaillant.de\\\/21-grad\\\/bewusst-und-sein\\\/8-fakten-zur-verschwendung-in-deutschland\\\/#primaryimage\"},\"thumbnailUrl\":\"https:\\\/\\\/www.vaillant.de\\\/21-grad\\\/wp-content\\\/uploads\\\/2017\\\/12\\\/header_940.jpg\",\"datePublished\":\"2017-12-07T09:54:44+00:00\",\"author\":{\"@id\":\"https:\\\/\\\/www.vaillant.de\\\/21-grad\\\/#\\\/schema\\\/person\\\/d79d2ba98cd3da7ae5877706050352da\"},\"description\":\"Von Papier \u00fcber Lebensmittel bis hin zu Smartphones: Die Verschwendung ist gro\u00df in Deutschland. Lesen Sie 8 beeindruckende Fakten.\",\"breadcrumb\":{\"@id\":\"https:\\\/\\\/www.vaillant.de\\\/21-grad\\\/bewusst-und-sein\\\/8-fakten-zur-verschwendung-in-deutschland\\\/#breadcrumb\"},\"inLanguage\":\"de\",\"potentialAction\":[{\"@type\":\"ReadAction\",\"target\":[\"https:\\\/\\\/www.vaillant.de\\\/21-grad\\\/bewusst-und-sein\\\/8-fakten-zur-verschwendung-in-deutschland\\\/\"]}]},{\"@type\":\"ImageObject\",\"inLanguage\":\"de\",\"@id\":\"https:\\\/\\\/www.vaillant.de\\\/21-grad\\\/bewusst-und-sein\\\/8-fakten-zur-verschwendung-in-deutschland\\\/#primaryimage\",\"url\":\"https:\\\/\\\/www.vaillant.de\\\/21-grad\\\/wp-content\\\/uploads\\\/2017\\\/12\\\/header_940.jpg\",\"contentUrl\":\"https:\\\/\\\/www.vaillant.de\\\/21-grad\\\/wp-content\\\/uploads\\\/2017\\\/12\\\/header_940.jpg\",\"width\":940,\"height\":480,\"caption\":\"Lebensmittel Verschwendung\"},{\"@type\":\"BreadcrumbList\",\"@id\":\"https:\\\/\\\/www.vaillant.de\\\/21-grad\\\/bewusst-und-sein\\\/8-fakten-zur-verschwendung-in-deutschland\\\/#breadcrumb\",\"itemListElement\":[{\"@type\":\"ListItem\",\"position\":1,\"name\":\"Startseite\",\"item\":\"https:\\\/\\\/www.vaillant.de\\\/21-grad\\\/\"},{\"@type\":\"ListItem\",\"position\":2,\"name\":\"8 Fakten zur Verschwendung in Deutschland\"}]},{\"@type\":\"WebSite\",\"@id\":\"https:\\\/\\\/www.vaillant.de\\\/21-grad\\\/#website\",\"url\":\"https:\\\/\\\/www.vaillant.de\\\/21-grad\\\/\",\"name\":\"21 grad\",\"description\":\"Der Blog f\u00fcr Menschen, die weiterdenken\",\"potentialAction\":[{\"@type\":\"SearchAction\",\"target\":{\"@type\":\"EntryPoint\",\"urlTemplate\":\"https:\\\/\\\/www.vaillant.de\\\/21-grad\\\/?s={search_term_string}\"},\"query-input\":{\"@type\":\"PropertyValueSpecification\",\"valueRequired\":true,\"valueName\":\"search_term_string\"}}],\"inLanguage\":\"de\"},{\"@type\":\"Person\",\"@id\":\"https:\\\/\\\/www.vaillant.de\\\/21-grad\\\/#\\\/schema\\\/person\\\/d79d2ba98cd3da7ae5877706050352da\",\"name\":\"Marcus\",\"image\":{\"@type\":\"ImageObject\",\"inLanguage\":\"de\",\"@id\":\"https:\\\/\\\/www.vaillant.de\\\/21-grad\\\/wp-content\\\/uploads\\\/2026\\\/01\\\/Marcus-125x125.jpg9d3430f1bc55d5a5d47a1162a14ae1af\",\"url\":\"https:\\\/\\\/www.vaillant.de\\\/21-grad\\\/wp-content\\\/uploads\\\/2026\\\/01\\\/Marcus-125x125.jpg\",\"contentUrl\":\"https:\\\/\\\/www.vaillant.de\\\/21-grad\\\/wp-content\\\/uploads\\\/2026\\\/01\\\/Marcus-125x125.jpg\",\"caption\":\"Marcus\"},\"description\":\"Willkommen in der wunderbaren Welt des 21grad Blogs. Als Medien- und Kooperationsmanager bin ich bei Vaillant Deutschland u.a. f\u00fcr unsere Fach- und Branchenkommunikation zust\u00e4ndig. Ich freue mich auf den Dialog mit Euch. :-) Nachhaltigkeit Bewusster Konsum und soziales Engagement liegen mir sehr am Herzen. Zuhause nutze ich \u00d6kostrom und Biogas, bei Lebensmitteln sind mir Labels wie Fair-Trade oder Bio sehr wichtig. Ich bin Sportwart beim Tennisclub Gr\u00fcn-Wei\u00df Lennep und engagiere mich auch f\u00fcr Aktion Mensch oder SOS-Kinderdorf. Interessen Unternehmungen mit Familie und Freunden, Tennis, Rock-Konzerte, Kino, B\u00fccher (z.B. Hornby, Eschbach, Uschmann) Was wolltest du als Kind gerne werden? Um es mit den \u00c4rzten zu sagen: Popstar, Bademeister oder Astronaut Was bringt dich auf die Palme? Menschen, die Schuld immer bei anderen suchen oder auch nat\u00fcrlich eine leckere Kokosnuss Was war der beste Rat, den du jemals erhalten hast? \u201eDenke in L\u00f6sungen, nicht in Problemen.\u201c\",\"url\":\"https:\\\/\\\/www.vaillant.de\\\/21-grad\\\/autor\\\/marcus\\\/\"}]}<\/script>\n<!-- \/ Yoast SEO plugin. -->","yoast_head_json":{"title":"Verschwendung in Deutschland | 21 grad","description":"Von Papier \u00fcber Lebensmittel bis hin zu Smartphones: Die Verschwendung ist gro\u00df in Deutschland. Lesen Sie 8 beeindruckende Fakten.","robots":{"index":"index","follow":"follow","max-snippet":"max-snippet:-1","max-image-preview":"max-image-preview:large","max-video-preview":"max-video-preview:-1"},"canonical":"https:\/\/www.vaillant.de\/21-grad\/bewusst-und-sein\/8-fakten-zur-verschwendung-in-deutschland\/","og_locale":"de_DE","og_type":"article","og_title":"Verschwendung in Deutschland | 21 grad","og_description":"Von Papier \u00fcber Lebensmittel bis hin zu Smartphones: Die Verschwendung ist gro\u00df in Deutschland. Lesen Sie 8 beeindruckende Fakten.","og_url":"https:\/\/www.vaillant.de\/21-grad\/bewusst-und-sein\/8-fakten-zur-verschwendung-in-deutschland\/","og_site_name":"21 grad","article_publisher":"https:\/\/www.facebook.com\/21grad\/","article_published_time":"2017-12-07T09:54:44+00:00","og_image":[{"width":940,"height":480,"url":"https:\/\/www.vaillant.de\/21-grad\/wp-content\/uploads\/2017\/12\/header_940.jpg","type":"image\/jpeg"}],"author":"Marcus","twitter_card":"summary_large_image","twitter_creator":"@vaillant_de","twitter_site":"@vaillant_de","twitter_misc":{"Verfasst von":"Marcus","Gesch\u00e4tzte Lesezeit":"2\u00a0Minuten","Written by":"Marcus"},"schema":{"@context":"https:\/\/schema.org","@graph":[{"@type":"Article","@id":"https:\/\/www.vaillant.de\/21-grad\/bewusst-und-sein\/8-fakten-zur-verschwendung-in-deutschland\/#article","isPartOf":{"@id":"https:\/\/www.vaillant.de\/21-grad\/bewusst-und-sein\/8-fakten-zur-verschwendung-in-deutschland\/"},"author":{"name":"Marcus","@id":"https:\/\/www.vaillant.de\/21-grad\/#\/schema\/person\/d79d2ba98cd3da7ae5877706050352da"},"headline":"8 Fakten zur Verschwendung in Deutschland","datePublished":"2017-12-07T09:54:44+00:00","mainEntityOfPage":{"@id":"https:\/\/www.vaillant.de\/21-grad\/bewusst-und-sein\/8-fakten-zur-verschwendung-in-deutschland\/"},"wordCount":396,"commentCount":0,"image":{"@id":"https:\/\/www.vaillant.de\/21-grad\/bewusst-und-sein\/8-fakten-zur-verschwendung-in-deutschland\/#primaryimage"},"thumbnailUrl":"https:\/\/www.vaillant.de\/21-grad\/wp-content\/uploads\/2017\/12\/header_940.jpg","keywords":["Nachhaltigkeit"],"articleSection":["Bewusst &amp; Sein"],"inLanguage":"de","potentialAction":[{"@type":"CommentAction","name":"Comment","target":["https:\/\/www.vaillant.de\/21-grad\/bewusst-und-sein\/8-fakten-zur-verschwendung-in-deutschland\/#respond"]}]},{"@type":"WebPage","@id":"https:\/\/www.vaillant.de\/21-grad\/bewusst-und-sein\/8-fakten-zur-verschwendung-in-deutschland\/","url":"https:\/\/www.vaillant.de\/21-grad\/bewusst-und-sein\/8-fakten-zur-verschwendung-in-deutschland\/","name":"Verschwendung in Deutschland | 21 grad","isPartOf":{"@id":"https:\/\/www.vaillant.de\/21-grad\/#website"},"primaryImageOfPage":{"@id":"https:\/\/www.vaillant.de\/21-grad\/bewusst-und-sein\/8-fakten-zur-verschwendung-in-deutschland\/#primaryimage"},"image":{"@id":"https:\/\/www.vaillant.de\/21-grad\/bewusst-und-sein\/8-fakten-zur-verschwendung-in-deutschland\/#primaryimage"},"thumbnailUrl":"https:\/\/www.vaillant.de\/21-grad\/wp-content\/uploads\/2017\/12\/header_940.jpg","datePublished":"2017-12-07T09:54:44+00:00","author":{"@id":"https:\/\/www.vaillant.de\/21-grad\/#\/schema\/person\/d79d2ba98cd3da7ae5877706050352da"},"description":"Von Papier \u00fcber Lebensmittel bis hin zu Smartphones: Die Verschwendung ist gro\u00df in Deutschland. Lesen Sie 8 beeindruckende Fakten.","breadcrumb":{"@id":"https:\/\/www.vaillant.de\/21-grad\/bewusst-und-sein\/8-fakten-zur-verschwendung-in-deutschland\/#breadcrumb"},"inLanguage":"de","potentialAction":[{"@type":"ReadAction","target":["https:\/\/www.vaillant.de\/21-grad\/bewusst-und-sein\/8-fakten-zur-verschwendung-in-deutschland\/"]}]},{"@type":"ImageObject","inLanguage":"de","@id":"https:\/\/www.vaillant.de\/21-grad\/bewusst-und-sein\/8-fakten-zur-verschwendung-in-deutschland\/#primaryimage","url":"https:\/\/www.vaillant.de\/21-grad\/wp-content\/uploads\/2017\/12\/header_940.jpg","contentUrl":"https:\/\/www.vaillant.de\/21-grad\/wp-content\/uploads\/2017\/12\/header_940.jpg","width":940,"height":480,"caption":"Lebensmittel Verschwendung"},{"@type":"BreadcrumbList","@id":"https:\/\/www.vaillant.de\/21-grad\/bewusst-und-sein\/8-fakten-zur-verschwendung-in-deutschland\/#breadcrumb","itemListElement":[{"@type":"ListItem","position":1,"name":"Startseite","item":"https:\/\/www.vaillant.de\/21-grad\/"},{"@type":"ListItem","position":2,"name":"8 Fakten zur Verschwendung in Deutschland"}]},{"@type":"WebSite","@id":"https:\/\/www.vaillant.de\/21-grad\/#website","url":"https:\/\/www.vaillant.de\/21-grad\/","name":"21 grad","description":"Der Blog f\u00fcr Menschen, die weiterdenken","potentialAction":[{"@type":"SearchAction","target":{"@type":"EntryPoint","urlTemplate":"https:\/\/www.vaillant.de\/21-grad\/?s={search_term_string}"},"query-input":{"@type":"PropertyValueSpecification","valueRequired":true,"valueName":"search_term_string"}}],"inLanguage":"de"},{"@type":"Person","@id":"https:\/\/www.vaillant.de\/21-grad\/#\/schema\/person\/d79d2ba98cd3da7ae5877706050352da","name":"Marcus","image":{"@type":"ImageObject","inLanguage":"de","@id":"https:\/\/www.vaillant.de\/21-grad\/wp-content\/uploads\/2026\/01\/Marcus-125x125.jpg9d3430f1bc55d5a5d47a1162a14ae1af","url":"https:\/\/www.vaillant.de\/21-grad\/wp-content\/uploads\/2026\/01\/Marcus-125x125.jpg","contentUrl":"https:\/\/www.vaillant.de\/21-grad\/wp-content\/uploads\/2026\/01\/Marcus-125x125.jpg","caption":"Marcus"},"description":"Willkommen in der wunderbaren Welt des 21grad Blogs. Als Medien- und Kooperationsmanager bin ich bei Vaillant Deutschland u.a. f\u00fcr unsere Fach- und Branchenkommunikation zust\u00e4ndig. Ich freue mich auf den Dialog mit Euch. :-) Nachhaltigkeit Bewusster Konsum und soziales Engagement liegen mir sehr am Herzen. Zuhause nutze ich \u00d6kostrom und Biogas, bei Lebensmitteln sind mir Labels wie Fair-Trade oder Bio sehr wichtig. Ich bin Sportwart beim Tennisclub Gr\u00fcn-Wei\u00df Lennep und engagiere mich auch f\u00fcr Aktion Mensch oder SOS-Kinderdorf. Interessen Unternehmungen mit Familie und Freunden, Tennis, Rock-Konzerte, Kino, B\u00fccher (z.B. Hornby, Eschbach, Uschmann) Was wolltest du als Kind gerne werden? Um es mit den \u00c4rzten zu sagen: Popstar, Bademeister oder Astronaut Was bringt dich auf die Palme? Menschen, die Schuld immer bei anderen suchen oder auch nat\u00fcrlich eine leckere Kokosnuss Was war der beste Rat, den du jemals erhalten hast? \u201eDenke in L\u00f6sungen, nicht in Problemen.\u201c","url":"https:\/\/www.vaillant.de\/21-grad\/autor\/marcus\/"}]}},"_links":{"self":[{"href":"https:\/\/www.vaillant.de\/21-grad\/wp-json\/wp\/v2\/posts\/3051","targetHints":{"allow":["GET"]}}],"collection":[{"href":"https:\/\/www.vaillant.de\/21-grad\/wp-json\/wp\/v2\/posts"}],"about":[{"href":"https:\/\/www.vaillant.de\/21-grad\/wp-json\/wp\/v2\/types\/post"}],"author":[{"embeddable":true,"href":"https:\/\/www.vaillant.de\/21-grad\/wp-json\/wp\/v2\/users\/6"}],"replies":[{"embeddable":true,"href":"https:\/\/www.vaillant.de\/21-grad\/wp-json\/wp\/v2\/comments?post=3051"}],"version-history":[{"count":5,"href":"https:\/\/www.vaillant.de\/21-grad\/wp-json\/wp\/v2\/posts\/3051\/revisions"}],"predecessor-version":[{"id":3067,"href":"https:\/\/www.vaillant.de\/21-grad\/wp-json\/wp\/v2\/posts\/3051\/revisions\/3067"}],"wp:featuredmedia":[{"embeddable":true,"href":"https:\/\/www.vaillant.de\/21-grad\/wp-json\/wp\/v2\/media\/3066"}],"wp:attachment":[{"href":"https:\/\/www.vaillant.de\/21-grad\/wp-json\/wp\/v2\/media?parent=3051"}],"wp:term":[{"taxonomy":"category","embeddable":true,"href":"https:\/\/www.vaillant.de\/21-grad\/wp-json\/wp\/v2\/categories?post=3051"},{"taxonomy":"post_tag","embeddable":true,"href":"https:\/\/www.vaillant.de\/21-grad\/wp-json\/wp\/v2\/tags?post=3051"},{"taxonomy":"author","embeddable":true,"href":"https:\/\/www.vaillant.de\/21-grad\/wp-json\/wp\/v2\/coauthors?post=3051"}],"curies":[{"name":"wp","href":"https:\/\/api.w.org\/{rel}","templated":true}]}}