{"id":316,"date":"2016-02-11T07:00:34","date_gmt":"2016-02-11T06:00:34","guid":{"rendered":"http:\/\/10.14.45.41\/?p=316"},"modified":"2026-01-28T09:52:58","modified_gmt":"2026-01-28T08:52:58","slug":"effizientes-bauen-lohnt-sich-fuer-die-umwelt-und-fuer-jeden-einzelnen","status":"publish","type":"post","link":"https:\/\/www.vaillant.de\/21-grad\/wissen-und-wert\/effizientes-bauen-lohnt-sich-fuer-die-umwelt-und-fuer-jeden-einzelnen\/","title":{"rendered":"Lohnt sich ein klimafreundlicher Neubau \u2013 f\u00fcr Euch und die Umwelt? (Artikel 1\/2)"},"content":{"rendered":"<p><a href=\"https:\/\/www.vaillant.de\/21-grad\/wp-content\/uploads\/2016\/02\/exterior19-45990_01.jpg\"><img loading=\"lazy\" decoding=\"async\" class=\"alignright size-medium wp-image-7723\" src=\"https:\/\/www.vaillant.de\/21-grad\/wp-content\/uploads\/2016\/02\/exterior19-45990_01-356x232.jpg\" alt=\"\" width=\"356\" height=\"232\" srcset=\"https:\/\/www.vaillant.de\/21-grad\/wp-content\/uploads\/2016\/02\/exterior19-45990_01-356x232.jpg 356w, https:\/\/www.vaillant.de\/21-grad\/wp-content\/uploads\/2016\/02\/exterior19-45990_01-737x480.jpg 737w, https:\/\/www.vaillant.de\/21-grad\/wp-content\/uploads\/2016\/02\/exterior19-45990_01-768x500.jpg 768w, https:\/\/www.vaillant.de\/21-grad\/wp-content\/uploads\/2016\/02\/exterior19-45990_01.jpg 1000w\" sizes=\"auto, (max-width: 356px) 100vw, 356px\" \/><\/a>Trockene Sommer, verregnete Winter, Sturm, Hagel und schwere Gewitter: Die schwerwiegenden Folgen der Klimaerw\u00e4rmung sind deutlich zu sp\u00fcren. Das einzig wirksame Mittel gegen diese Entwicklung ist die langfristige Minimierung des CO\u2082-Aussto\u00dfes. Der Bau effizienter H\u00e4user spielt dabei eine entscheidende Rolle, denn rund 28 Prozent der Endenergie verbrauchen wir in Geb\u00e4uden. Davon wiederum flie\u00dfen etwa 83 Prozent in die Erzeugung von Wohnw\u00e4rme und Warmwasser. Umso wichtiger ist es, beim <a href=\"https:\/\/www.vaillant.de\/heizung\/heizung-verstehen\/heizung-im-neubau\/\" target=\"_blank\" rel=\"noopener\">Neubau<\/a> auf <a href=\"https:\/\/www.vaillant.de\/heizung\/heizung-verstehen\/heiztechniklexikon\/begriffe-c-f\/erneuerbare-energie\/\" target=\"_blank\" rel=\"noopener\">erneuerbare Energien<\/a>, effiziente Heiztechnik und baulichen W\u00e4rmeschutz zu setzen. Die gute Nachricht: Energieeffizienz ist planbar und finanziell attraktiv, da der Staat Euer energieeffizientes Haus f\u00f6rdert.<\/p>\n<h2>Die Vorteile: In einem energieeffizienten Neubau lebt es sich einfach besser<\/h2>\n<ul>\n<li>Ihr ben\u00f6tigt weniger Energie und seid unabh\u00e4ngiger von fossilen Brennstoffen.<\/li>\n<li>Den Baumehrkosten Eures energieeffizienten Hauses stehen geringere Heiz- und Betriebskosten entgegen.<\/li>\n<li>Ihr erzielt h\u00f6here Erl\u00f6se bei Vermietung und Verkauf.<\/li>\n<li>Ihr genie\u00dft hohen Wohnkomfort und ein angenehmes Wohnklima.<\/li>\n<li>Ihr betreibt Euer energieeffizientes Haus langfristig wirtschaftlich dank ausgereifter Heizungs-, L\u00fcftungs- und D\u00e4mmtechnik.<\/li>\n<li>Ihr erhaltet F\u00f6rdermittel, da Ihr die Mindestanforderungen des GEG unterschreitet.<\/li>\n<\/ul>\n<h2>Die Pflicht: Als Bauherr m\u00fcsst Ihr das GEG einhalten<\/h2>\n<p>Wer ein neues Haus baut, f\u00fcr den gilt das Geb\u00e4udeenergiegesetz (GEG): Es gibt vor, was Geb\u00e4ude bei der Bauabnahme erf\u00fcllen m\u00fcssen. Zwei Werte sind hier entscheidend: der Prim\u00e4renergiebedarf und der Transmissionsw\u00e4rmeverlust. Der Prim\u00e4renergiebedarf gibt an, wie viel Energie erforderlich ist, um Euer Haus \u00fcber das Jahr gerechnet zu beheizen und den Warmwasserbedarf zu decken. Je weniger W\u00e4rme durch Fassade und Dach verloren gehen \u2013 also je geringer die Transmissionsw\u00e4rmeverluste sind \u2013 umso besser die Energiebilanz. Ein weiterer wesentlicher Faktor ist eine Heizung, die erneuerbare Energien statt fossile Brennstoffe nutzt. Auf Platz eins der nachhaltigen Heiztechnik steht die <a href=\"https:\/\/www.vaillant.de\/21-grad\/wissen-und-wert\/nachteile-von-waermepumpen-was-ist-dran\/\" target=\"_blank\" rel=\"noopener\">W\u00e4rmepumpe<\/a>.<\/p>\n<p><a href=\"https:\/\/www.vaillant.de\/21-grad\/wp-content\/uploads\/2016\/02\/Interior09-4976_01.jpg\"><img loading=\"lazy\" decoding=\"async\" class=\"alignleft size-medium wp-image-7724\" src=\"https:\/\/www.vaillant.de\/21-grad\/wp-content\/uploads\/2016\/02\/Interior09-4976_01-350x232.jpg\" alt=\"\" width=\"350\" height=\"232\" srcset=\"https:\/\/www.vaillant.de\/21-grad\/wp-content\/uploads\/2016\/02\/Interior09-4976_01-350x232.jpg 350w, https:\/\/www.vaillant.de\/21-grad\/wp-content\/uploads\/2016\/02\/Interior09-4976_01-725x480.jpg 725w, https:\/\/www.vaillant.de\/21-grad\/wp-content\/uploads\/2016\/02\/Interior09-4976_01-768x508.jpg 768w, https:\/\/www.vaillant.de\/21-grad\/wp-content\/uploads\/2016\/02\/Interior09-4976_01.jpg 1000w\" sizes=\"auto, (max-width: 350px) 100vw, 350px\" \/><\/a>Ab 2023 definiert das Geb\u00e4udeenergiegesetz das Effizienzhaus 55 als Mindeststandard f\u00fcr Neubauten. Je geringer die Zahl umso geringer der Prim\u00e4renergiebedarf pro Quadratmeter Wohnfl\u00e4che und Jahr \u2013 und umso niedriger die Umweltbelastung durch den Aussto\u00df von CO\u2082-Emissionen. Berechnet wird die Effizienzhaus-Stufe Eures Hauses im Verh\u00e4ltnis zu einem vergleichbaren Referenzgeb\u00e4ude, das die Effizienzhaus-Stufe 100 markiert. Euer Architekt berechnet den Energiebedarf eures Neubaus also zweimal: Zun\u00e4chst mit den baulichen Standardwerten gem\u00e4\u00df dem GEG f\u00fcr das Referenzgeb\u00e4ude. Und dann mit energetischen Verbesserungen wie beispielsweise h\u00f6heren D\u00e4mmwerten f\u00fcr Fassade und Dach und einer nachhaltigen Heizung wie zum Beispiel einer W\u00e4rmepumpe.<\/p>\n<h2>Die K\u00fcr: Wer effizienter baut als er muss, wird gef\u00f6rdert<\/h2>\n<p>Eine Neubauf\u00f6rderung gibt es nur f\u00fcr die Effizienzhaus-Stufe 40. Diese bessere Effizienz kann sich durchaus lohnen. Denn den Mehrinvestitionen stehen deutlich geringere Folgekosten gegen\u00fcber \u2013 nicht nur bei den Heizkosten. Die attraktiven Finanzierungsm\u00f6glichkeiten der Bundesf\u00f6rderung f\u00fcr effiziente Geb\u00e4ude f\u00fcr klimafreundliche Neubauten (BEG KFN) k\u00f6nnen auch die monatliche Belastung der Hausfinanzierung senken. Bis zu 150.000 Euro pro Wohneinheit k\u00f6nnt Ihr als F\u00f6rderkredit bei der Kreditanstalt f\u00fcr Wiederaufbau (KfW) beantragen. Die KfW-Bank bietet daf\u00fcr verschiedene R\u00fcckzahlungsmodelle an: von tilgungsfreien Anlaufzeiten bis endf\u00e4llige Darlehen, die erst am Ende der Laufzeit in einer Summe zu begleichen sind, beispielsweise mit einer ausbezahlten Lebensversicherung.<\/p>\n<div class=\"infobox hint\"><\/p>\n<h2>Voraussetzung f\u00fcr eine Neubauf\u00f6rderung<\/h2>\n<p>Hier einige wesentliche <strong>F\u00f6rderbedingungen<\/strong> der BEG-Richtlinie \u201eKlimafreundlicher Neubau\u201c:<\/p>\n<ul>\n<li>Effizienzhaus-Stufe 40<\/li>\n<li>Keine Heizung mit fossilen Brennstoffen<\/li>\n<li>L\u00fcftungsanlage mit W\u00e4rmer\u00fcckgewinnung<\/li>\n<li>Ermittlung des Prim\u00e4renergieverbrauchs \u00fcber den gesamten Lebenszyklus des Geb\u00e4udes<\/li>\n<\/ul>\n<p>Die Neubauf\u00f6rderung besteht aus einem zinsverbilligten Darlehn, das bei der staatlichen KfW-Bank zu beantragen ist. Das sind die m\u00f6glichen <strong>F\u00f6rderkredite<\/strong>:<\/p>\n<ul>\n<li>Effizienzhaus 40: 100.000 \u20ac pro Wohneinheit<\/li>\n<li>Effizienzhaus 40 mit Nachhaltigkeitsklasse (NH): 150.000 \u20ac pro Wohneinheit<\/li>\n<\/ul>\n<p>Ein Effizienzhaus 40 mit Nachhaltigkeitsklasse (EH 40 NH) zeichnet sich durch besonders geringe Treibhausgas-Emissionen aus. Dazu werden alle Lebensphasen des Geb\u00e4udes betrachtet und durch ein \u201eQualit\u00e4tssiegel Nachhaltiges Geb\u00e4ude\u201c (QNG) zertifiziert. Mehr dazu erfahrt Ihr <a href=\"https:\/\/www.vaillant.de\/heizung\/klima-foerderung\/bundesforderung-effiziente-gebaude\/\" target=\"_blank\" rel=\"noopener\">hier<\/a>.<\/p>\n<p><\/div>\n<p>&nbsp;<\/p>\n<p><strong>Fazit:<\/strong> Ein energieeffizienter Neubau ist nicht nur gut f\u00fcr die Umwelt, sondern auch f\u00fcr Euch und Euren Geldbeutel. Denn das, was der h\u00f6here Wohnkomfort mehr kostet, k\u00f6nnt Ihr bei einem durchdacht geplanten energieeffizienten Haus langfristig an Energie- und Finanzierungskosten einsparen.<\/p>\n","protected":false},"excerpt":{"rendered":"<p>Wer neu bauen m\u00f6chte, muss das Geb\u00e4udeenergiegesetz (GEG) beachten. Es formuliert die vorgeschriebenen Mindestanforderungen an die Energieeffizienz eines Geb\u00e4udes. Doch lohnt es sich f\u00fcr Euch, diese Anforderungen sogar zu unterschreiten und ein gef\u00f6rdertes Effizienzhaus zu bauen? Das haben wir f\u00fcr Euch recherchiert!<\/p>\n","protected":false},"author":26,"featured_media":373,"comment_status":"open","ping_status":"open","sticky":false,"template":"","format":"standard","meta":{"footnotes":""},"categories":[3],"tags":[172,51,17,46],"coauthors":[253],"class_list":["post-316","post","type-post","status-publish","format-standard","has-post-thumbnail","hentry","category-wissen-und-wert","tag-bauen-und-wohnen","tag-energie-sparen","tag-foerderung","tag-klimaschutz"],"yoast_head":"<!-- This site is optimized with the Yoast SEO plugin v27.4 - https:\/\/yoast.com\/product\/yoast-seo-wordpress\/ -->\n<title>Lohnt sich ein klimafreundlicher Neubau<\/title>\n<meta name=\"description\" content=\"Lohnt sich die Bundesf\u00f6rderung KFN f\u00fcr den Neubau? Hier die Details, was geht... | 21 grad\" \/>\n<meta name=\"robots\" content=\"index, follow, max-snippet:-1, max-image-preview:large, max-video-preview:-1\" \/>\n<link rel=\"canonical\" href=\"https:\/\/www.vaillant.de\/21-grad\/wissen-und-wert\/effizientes-bauen-lohnt-sich-fuer-die-umwelt-und-fuer-jeden-einzelnen\/\" \/>\n<meta property=\"og:locale\" content=\"de_DE\" \/>\n<meta property=\"og:type\" content=\"article\" \/>\n<meta property=\"og:title\" content=\"Lohnt sich ein klimafreundlicher Neubau\" \/>\n<meta property=\"og:description\" content=\"Lohnt sich die Bundesf\u00f6rderung KFN f\u00fcr den Neubau? Hier die Details, was geht... | 21 grad\" \/>\n<meta property=\"og:url\" content=\"https:\/\/www.vaillant.de\/21-grad\/wissen-und-wert\/effizientes-bauen-lohnt-sich-fuer-die-umwelt-und-fuer-jeden-einzelnen\/\" \/>\n<meta property=\"og:site_name\" content=\"21 grad\" \/>\n<meta property=\"article:publisher\" content=\"https:\/\/www.facebook.com\/21grad\/\" \/>\n<meta property=\"article:published_time\" content=\"2016-02-11T06:00:34+00:00\" \/>\n<meta property=\"article:modified_time\" content=\"2026-01-28T08:52:58+00:00\" \/>\n<meta property=\"og:image\" content=\"https:\/\/www.vaillant.de\/21-grad\/wp-content\/uploads\/2016\/02\/Energieeffizientes-Bauen-696x480.jpg\" \/>\n\t<meta property=\"og:image:width\" content=\"696\" \/>\n\t<meta property=\"og:image:height\" content=\"480\" \/>\n\t<meta property=\"og:image:type\" content=\"image\/jpeg\" \/>\n<meta name=\"author\" content=\"Lorena\" \/>\n<meta name=\"twitter:card\" content=\"summary_large_image\" \/>\n<meta name=\"twitter:creator\" content=\"@vaillant_de\" \/>\n<meta name=\"twitter:site\" content=\"@vaillant_de\" \/>\n<meta name=\"twitter:label1\" content=\"Verfasst von\" \/>\n\t<meta name=\"twitter:data1\" content=\"Lorena\" \/>\n\t<meta name=\"twitter:label2\" content=\"Gesch\u00e4tzte Lesezeit\" \/>\n\t<meta name=\"twitter:data2\" content=\"4\u00a0Minuten\" \/>\n\t<meta name=\"twitter:label3\" content=\"Written by\" \/>\n\t<meta name=\"twitter:data3\" content=\"Lorena\" \/>\n<script type=\"application\/ld+json\" class=\"yoast-schema-graph\">{\"@context\":\"https:\\\/\\\/schema.org\",\"@graph\":[{\"@type\":\"Article\",\"@id\":\"https:\\\/\\\/www.vaillant.de\\\/21-grad\\\/wissen-und-wert\\\/effizientes-bauen-lohnt-sich-fuer-die-umwelt-und-fuer-jeden-einzelnen\\\/#article\",\"isPartOf\":{\"@id\":\"https:\\\/\\\/www.vaillant.de\\\/21-grad\\\/wissen-und-wert\\\/effizientes-bauen-lohnt-sich-fuer-die-umwelt-und-fuer-jeden-einzelnen\\\/\"},\"author\":{\"name\":\"Lorena\",\"@id\":\"https:\\\/\\\/www.vaillant.de\\\/21-grad\\\/#\\\/schema\\\/person\\\/64bb3ed01d8d62d6fc3b965454e1d031\"},\"headline\":\"Lohnt sich ein klimafreundlicher Neubau \u2013 f\u00fcr Euch und die Umwelt? (Artikel 1\\\/2)\",\"datePublished\":\"2016-02-11T06:00:34+00:00\",\"dateModified\":\"2026-01-28T08:52:58+00:00\",\"mainEntityOfPage\":{\"@id\":\"https:\\\/\\\/www.vaillant.de\\\/21-grad\\\/wissen-und-wert\\\/effizientes-bauen-lohnt-sich-fuer-die-umwelt-und-fuer-jeden-einzelnen\\\/\"},\"wordCount\":693,\"commentCount\":17,\"image\":{\"@id\":\"https:\\\/\\\/www.vaillant.de\\\/21-grad\\\/wissen-und-wert\\\/effizientes-bauen-lohnt-sich-fuer-die-umwelt-und-fuer-jeden-einzelnen\\\/#primaryimage\"},\"thumbnailUrl\":\"https:\\\/\\\/www.vaillant.de\\\/21-grad\\\/wp-content\\\/uploads\\\/2016\\\/02\\\/Energieeffizientes-Bauen.jpg\",\"keywords\":[\"Bauen und Wohnen\",\"Energie sparen\",\"F\u00f6rderung\",\"Klimaschutz\"],\"articleSection\":[\"Wissen &amp; Wert\"],\"inLanguage\":\"de\",\"potentialAction\":[{\"@type\":\"CommentAction\",\"name\":\"Comment\",\"target\":[\"https:\\\/\\\/www.vaillant.de\\\/21-grad\\\/wissen-und-wert\\\/effizientes-bauen-lohnt-sich-fuer-die-umwelt-und-fuer-jeden-einzelnen\\\/#respond\"]}]},{\"@type\":\"WebPage\",\"@id\":\"https:\\\/\\\/www.vaillant.de\\\/21-grad\\\/wissen-und-wert\\\/effizientes-bauen-lohnt-sich-fuer-die-umwelt-und-fuer-jeden-einzelnen\\\/\",\"url\":\"https:\\\/\\\/www.vaillant.de\\\/21-grad\\\/wissen-und-wert\\\/effizientes-bauen-lohnt-sich-fuer-die-umwelt-und-fuer-jeden-einzelnen\\\/\",\"name\":\"Lohnt sich ein klimafreundlicher Neubau\",\"isPartOf\":{\"@id\":\"https:\\\/\\\/www.vaillant.de\\\/21-grad\\\/#website\"},\"primaryImageOfPage\":{\"@id\":\"https:\\\/\\\/www.vaillant.de\\\/21-grad\\\/wissen-und-wert\\\/effizientes-bauen-lohnt-sich-fuer-die-umwelt-und-fuer-jeden-einzelnen\\\/#primaryimage\"},\"image\":{\"@id\":\"https:\\\/\\\/www.vaillant.de\\\/21-grad\\\/wissen-und-wert\\\/effizientes-bauen-lohnt-sich-fuer-die-umwelt-und-fuer-jeden-einzelnen\\\/#primaryimage\"},\"thumbnailUrl\":\"https:\\\/\\\/www.vaillant.de\\\/21-grad\\\/wp-content\\\/uploads\\\/2016\\\/02\\\/Energieeffizientes-Bauen.jpg\",\"datePublished\":\"2016-02-11T06:00:34+00:00\",\"dateModified\":\"2026-01-28T08:52:58+00:00\",\"author\":{\"@id\":\"https:\\\/\\\/www.vaillant.de\\\/21-grad\\\/#\\\/schema\\\/person\\\/64bb3ed01d8d62d6fc3b965454e1d031\"},\"description\":\"Lohnt sich die Bundesf\u00f6rderung KFN f\u00fcr den Neubau? Hier die Details, was geht... | 21 grad\",\"breadcrumb\":{\"@id\":\"https:\\\/\\\/www.vaillant.de\\\/21-grad\\\/wissen-und-wert\\\/effizientes-bauen-lohnt-sich-fuer-die-umwelt-und-fuer-jeden-einzelnen\\\/#breadcrumb\"},\"inLanguage\":\"de\",\"potentialAction\":[{\"@type\":\"ReadAction\",\"target\":[\"https:\\\/\\\/www.vaillant.de\\\/21-grad\\\/wissen-und-wert\\\/effizientes-bauen-lohnt-sich-fuer-die-umwelt-und-fuer-jeden-einzelnen\\\/\"]}]},{\"@type\":\"ImageObject\",\"inLanguage\":\"de\",\"@id\":\"https:\\\/\\\/www.vaillant.de\\\/21-grad\\\/wissen-und-wert\\\/effizientes-bauen-lohnt-sich-fuer-die-umwelt-und-fuer-jeden-einzelnen\\\/#primaryimage\",\"url\":\"https:\\\/\\\/www.vaillant.de\\\/21-grad\\\/wp-content\\\/uploads\\\/2016\\\/02\\\/Energieeffizientes-Bauen.jpg\",\"contentUrl\":\"https:\\\/\\\/www.vaillant.de\\\/21-grad\\\/wp-content\\\/uploads\\\/2016\\\/02\\\/Energieeffizientes-Bauen.jpg\",\"width\":1946,\"height\":1343,\"caption\":\"Energieeffizientes Bauen\"},{\"@type\":\"BreadcrumbList\",\"@id\":\"https:\\\/\\\/www.vaillant.de\\\/21-grad\\\/wissen-und-wert\\\/effizientes-bauen-lohnt-sich-fuer-die-umwelt-und-fuer-jeden-einzelnen\\\/#breadcrumb\",\"itemListElement\":[{\"@type\":\"ListItem\",\"position\":1,\"name\":\"Startseite\",\"item\":\"https:\\\/\\\/www.vaillant.de\\\/21-grad\\\/\"},{\"@type\":\"ListItem\",\"position\":2,\"name\":\"Lohnt sich ein klimafreundlicher Neubau \u2013 f\u00fcr Euch und die Umwelt? (Artikel 1\\\/2)\"}]},{\"@type\":\"WebSite\",\"@id\":\"https:\\\/\\\/www.vaillant.de\\\/21-grad\\\/#website\",\"url\":\"https:\\\/\\\/www.vaillant.de\\\/21-grad\\\/\",\"name\":\"21 grad\",\"description\":\"Der Blog f\u00fcr Menschen, die weiterdenken\",\"potentialAction\":[{\"@type\":\"SearchAction\",\"target\":{\"@type\":\"EntryPoint\",\"urlTemplate\":\"https:\\\/\\\/www.vaillant.de\\\/21-grad\\\/?s={search_term_string}\"},\"query-input\":{\"@type\":\"PropertyValueSpecification\",\"valueRequired\":true,\"valueName\":\"search_term_string\"}}],\"inLanguage\":\"de\"},{\"@type\":\"Person\",\"@id\":\"https:\\\/\\\/www.vaillant.de\\\/21-grad\\\/#\\\/schema\\\/person\\\/64bb3ed01d8d62d6fc3b965454e1d031\",\"name\":\"Lorena\",\"image\":{\"@type\":\"ImageObject\",\"inLanguage\":\"de\",\"@id\":\"https:\\\/\\\/www.vaillant.de\\\/21-grad\\\/wp-content\\\/uploads\\\/2025\\\/04\\\/20230502_Vaillant-Mitarbeitershooting-Lennep_0045_MKP_100-125x125.jpg3845af5a66923cc212a0c6c57ae1c3a4\",\"url\":\"https:\\\/\\\/www.vaillant.de\\\/21-grad\\\/wp-content\\\/uploads\\\/2025\\\/04\\\/20230502_Vaillant-Mitarbeitershooting-Lennep_0045_MKP_100-125x125.jpg\",\"contentUrl\":\"https:\\\/\\\/www.vaillant.de\\\/21-grad\\\/wp-content\\\/uploads\\\/2025\\\/04\\\/20230502_Vaillant-Mitarbeitershooting-Lennep_0045_MKP_100-125x125.jpg\",\"caption\":\"Lorena\"},\"description\":\"In meiner Rolle als E-Mail-Marketing-Manager B2C liegt mein Fokus darauf, eine effektive und ansprechende E-Mail-Kommunikation mit unseren Kunden zu gestalten. Von der sorgf\u00e4ltigen Auswahl der relevanten Daten bis hin zur kreativen Erstellung und dem pr\u00e4zisen Versand der E-Mails sorge ich daf\u00fcr, dass unsere Botschaften genau dort ankommen, wo sie sollen. Nachhaltigkeit Nachhaltigkeit ist mir wichtig, und ich versuche, in meinem Alltag bewusst darauf zu achten. Zum Beispiel benutze ich Jutebeutel, wenn ich einkaufen gehe. Au\u00dferdem erledige ich so viel wie m\u00f6glich zu Fu\u00df. Das schont nicht nur die Umwelt, sondern tut auch meiner Gesundheit gut. Beim Einkaufen achte ich darauf, nur die Lebensmittel zu kaufen, die ich tats\u00e4chlich verbrauchen kann. Interessen Ich liebe es, mit Freunden beim Fu\u00dfball unterwegs zu sein, um unsere Mannschaft zu unterst\u00fctzen. In den Bergen f\u00fchle ich mich besonders wohl, sei es beim Skifahren, beim Wandern oder einfach beim Genie\u00dfen der beeindruckenden Aussicht. Dar\u00fcber hinaus finde ich gro\u00dfe Freude am Basteln, wo ich meiner Kreativit\u00e4t freien Lauf lasse, und am Backen, bei dem ich gerne meine Lieblingsrezepte aber auch neue ausprobiere. Was bringt dich auf die Palme? Tickende Uhren k\u00f6nnen mich wahnsinnig machen. Dieses konstante Ger\u00e4usch im Hintergrund, st\u00f6rt meine Konzentration und bringt mich aus der Ruhe.\",\"url\":\"https:\\\/\\\/www.vaillant.de\\\/21-grad\\\/autor\\\/lorena\\\/\"}]}<\/script>\n<!-- \/ Yoast SEO plugin. -->","yoast_head_json":{"title":"Lohnt sich ein klimafreundlicher Neubau","description":"Lohnt sich die Bundesf\u00f6rderung KFN f\u00fcr den Neubau? Hier die Details, was geht... | 21 grad","robots":{"index":"index","follow":"follow","max-snippet":"max-snippet:-1","max-image-preview":"max-image-preview:large","max-video-preview":"max-video-preview:-1"},"canonical":"https:\/\/www.vaillant.de\/21-grad\/wissen-und-wert\/effizientes-bauen-lohnt-sich-fuer-die-umwelt-und-fuer-jeden-einzelnen\/","og_locale":"de_DE","og_type":"article","og_title":"Lohnt sich ein klimafreundlicher Neubau","og_description":"Lohnt sich die Bundesf\u00f6rderung KFN f\u00fcr den Neubau? Hier die Details, was geht... | 21 grad","og_url":"https:\/\/www.vaillant.de\/21-grad\/wissen-und-wert\/effizientes-bauen-lohnt-sich-fuer-die-umwelt-und-fuer-jeden-einzelnen\/","og_site_name":"21 grad","article_publisher":"https:\/\/www.facebook.com\/21grad\/","article_published_time":"2016-02-11T06:00:34+00:00","article_modified_time":"2026-01-28T08:52:58+00:00","og_image":[{"width":696,"height":480,"url":"https:\/\/www.vaillant.de\/21-grad\/wp-content\/uploads\/2016\/02\/Energieeffizientes-Bauen-696x480.jpg","type":"image\/jpeg"}],"author":"Lorena","twitter_card":"summary_large_image","twitter_creator":"@vaillant_de","twitter_site":"@vaillant_de","twitter_misc":{"Verfasst von":"Lorena","Gesch\u00e4tzte Lesezeit":"4\u00a0Minuten","Written by":"Lorena"},"schema":{"@context":"https:\/\/schema.org","@graph":[{"@type":"Article","@id":"https:\/\/www.vaillant.de\/21-grad\/wissen-und-wert\/effizientes-bauen-lohnt-sich-fuer-die-umwelt-und-fuer-jeden-einzelnen\/#article","isPartOf":{"@id":"https:\/\/www.vaillant.de\/21-grad\/wissen-und-wert\/effizientes-bauen-lohnt-sich-fuer-die-umwelt-und-fuer-jeden-einzelnen\/"},"author":{"name":"Lorena","@id":"https:\/\/www.vaillant.de\/21-grad\/#\/schema\/person\/64bb3ed01d8d62d6fc3b965454e1d031"},"headline":"Lohnt sich ein klimafreundlicher Neubau \u2013 f\u00fcr Euch und die Umwelt? (Artikel 1\/2)","datePublished":"2016-02-11T06:00:34+00:00","dateModified":"2026-01-28T08:52:58+00:00","mainEntityOfPage":{"@id":"https:\/\/www.vaillant.de\/21-grad\/wissen-und-wert\/effizientes-bauen-lohnt-sich-fuer-die-umwelt-und-fuer-jeden-einzelnen\/"},"wordCount":693,"commentCount":17,"image":{"@id":"https:\/\/www.vaillant.de\/21-grad\/wissen-und-wert\/effizientes-bauen-lohnt-sich-fuer-die-umwelt-und-fuer-jeden-einzelnen\/#primaryimage"},"thumbnailUrl":"https:\/\/www.vaillant.de\/21-grad\/wp-content\/uploads\/2016\/02\/Energieeffizientes-Bauen.jpg","keywords":["Bauen und Wohnen","Energie sparen","F\u00f6rderung","Klimaschutz"],"articleSection":["Wissen &amp; Wert"],"inLanguage":"de","potentialAction":[{"@type":"CommentAction","name":"Comment","target":["https:\/\/www.vaillant.de\/21-grad\/wissen-und-wert\/effizientes-bauen-lohnt-sich-fuer-die-umwelt-und-fuer-jeden-einzelnen\/#respond"]}]},{"@type":"WebPage","@id":"https:\/\/www.vaillant.de\/21-grad\/wissen-und-wert\/effizientes-bauen-lohnt-sich-fuer-die-umwelt-und-fuer-jeden-einzelnen\/","url":"https:\/\/www.vaillant.de\/21-grad\/wissen-und-wert\/effizientes-bauen-lohnt-sich-fuer-die-umwelt-und-fuer-jeden-einzelnen\/","name":"Lohnt sich ein klimafreundlicher Neubau","isPartOf":{"@id":"https:\/\/www.vaillant.de\/21-grad\/#website"},"primaryImageOfPage":{"@id":"https:\/\/www.vaillant.de\/21-grad\/wissen-und-wert\/effizientes-bauen-lohnt-sich-fuer-die-umwelt-und-fuer-jeden-einzelnen\/#primaryimage"},"image":{"@id":"https:\/\/www.vaillant.de\/21-grad\/wissen-und-wert\/effizientes-bauen-lohnt-sich-fuer-die-umwelt-und-fuer-jeden-einzelnen\/#primaryimage"},"thumbnailUrl":"https:\/\/www.vaillant.de\/21-grad\/wp-content\/uploads\/2016\/02\/Energieeffizientes-Bauen.jpg","datePublished":"2016-02-11T06:00:34+00:00","dateModified":"2026-01-28T08:52:58+00:00","author":{"@id":"https:\/\/www.vaillant.de\/21-grad\/#\/schema\/person\/64bb3ed01d8d62d6fc3b965454e1d031"},"description":"Lohnt sich die Bundesf\u00f6rderung KFN f\u00fcr den Neubau? Hier die Details, was geht... | 21 grad","breadcrumb":{"@id":"https:\/\/www.vaillant.de\/21-grad\/wissen-und-wert\/effizientes-bauen-lohnt-sich-fuer-die-umwelt-und-fuer-jeden-einzelnen\/#breadcrumb"},"inLanguage":"de","potentialAction":[{"@type":"ReadAction","target":["https:\/\/www.vaillant.de\/21-grad\/wissen-und-wert\/effizientes-bauen-lohnt-sich-fuer-die-umwelt-und-fuer-jeden-einzelnen\/"]}]},{"@type":"ImageObject","inLanguage":"de","@id":"https:\/\/www.vaillant.de\/21-grad\/wissen-und-wert\/effizientes-bauen-lohnt-sich-fuer-die-umwelt-und-fuer-jeden-einzelnen\/#primaryimage","url":"https:\/\/www.vaillant.de\/21-grad\/wp-content\/uploads\/2016\/02\/Energieeffizientes-Bauen.jpg","contentUrl":"https:\/\/www.vaillant.de\/21-grad\/wp-content\/uploads\/2016\/02\/Energieeffizientes-Bauen.jpg","width":1946,"height":1343,"caption":"Energieeffizientes Bauen"},{"@type":"BreadcrumbList","@id":"https:\/\/www.vaillant.de\/21-grad\/wissen-und-wert\/effizientes-bauen-lohnt-sich-fuer-die-umwelt-und-fuer-jeden-einzelnen\/#breadcrumb","itemListElement":[{"@type":"ListItem","position":1,"name":"Startseite","item":"https:\/\/www.vaillant.de\/21-grad\/"},{"@type":"ListItem","position":2,"name":"Lohnt sich ein klimafreundlicher Neubau \u2013 f\u00fcr Euch und die Umwelt? (Artikel 1\/2)"}]},{"@type":"WebSite","@id":"https:\/\/www.vaillant.de\/21-grad\/#website","url":"https:\/\/www.vaillant.de\/21-grad\/","name":"21 grad","description":"Der Blog f\u00fcr Menschen, die weiterdenken","potentialAction":[{"@type":"SearchAction","target":{"@type":"EntryPoint","urlTemplate":"https:\/\/www.vaillant.de\/21-grad\/?s={search_term_string}"},"query-input":{"@type":"PropertyValueSpecification","valueRequired":true,"valueName":"search_term_string"}}],"inLanguage":"de"},{"@type":"Person","@id":"https:\/\/www.vaillant.de\/21-grad\/#\/schema\/person\/64bb3ed01d8d62d6fc3b965454e1d031","name":"Lorena","image":{"@type":"ImageObject","inLanguage":"de","@id":"https:\/\/www.vaillant.de\/21-grad\/wp-content\/uploads\/2025\/04\/20230502_Vaillant-Mitarbeitershooting-Lennep_0045_MKP_100-125x125.jpg3845af5a66923cc212a0c6c57ae1c3a4","url":"https:\/\/www.vaillant.de\/21-grad\/wp-content\/uploads\/2025\/04\/20230502_Vaillant-Mitarbeitershooting-Lennep_0045_MKP_100-125x125.jpg","contentUrl":"https:\/\/www.vaillant.de\/21-grad\/wp-content\/uploads\/2025\/04\/20230502_Vaillant-Mitarbeitershooting-Lennep_0045_MKP_100-125x125.jpg","caption":"Lorena"},"description":"In meiner Rolle als E-Mail-Marketing-Manager B2C liegt mein Fokus darauf, eine effektive und ansprechende E-Mail-Kommunikation mit unseren Kunden zu gestalten. Von der sorgf\u00e4ltigen Auswahl der relevanten Daten bis hin zur kreativen Erstellung und dem pr\u00e4zisen Versand der E-Mails sorge ich daf\u00fcr, dass unsere Botschaften genau dort ankommen, wo sie sollen. Nachhaltigkeit Nachhaltigkeit ist mir wichtig, und ich versuche, in meinem Alltag bewusst darauf zu achten. Zum Beispiel benutze ich Jutebeutel, wenn ich einkaufen gehe. Au\u00dferdem erledige ich so viel wie m\u00f6glich zu Fu\u00df. Das schont nicht nur die Umwelt, sondern tut auch meiner Gesundheit gut. Beim Einkaufen achte ich darauf, nur die Lebensmittel zu kaufen, die ich tats\u00e4chlich verbrauchen kann. Interessen Ich liebe es, mit Freunden beim Fu\u00dfball unterwegs zu sein, um unsere Mannschaft zu unterst\u00fctzen. In den Bergen f\u00fchle ich mich besonders wohl, sei es beim Skifahren, beim Wandern oder einfach beim Genie\u00dfen der beeindruckenden Aussicht. Dar\u00fcber hinaus finde ich gro\u00dfe Freude am Basteln, wo ich meiner Kreativit\u00e4t freien Lauf lasse, und am Backen, bei dem ich gerne meine Lieblingsrezepte aber auch neue ausprobiere. Was bringt dich auf die Palme? Tickende Uhren k\u00f6nnen mich wahnsinnig machen. Dieses konstante Ger\u00e4usch im Hintergrund, st\u00f6rt meine Konzentration und bringt mich aus der Ruhe.","url":"https:\/\/www.vaillant.de\/21-grad\/autor\/lorena\/"}]}},"_links":{"self":[{"href":"https:\/\/www.vaillant.de\/21-grad\/wp-json\/wp\/v2\/posts\/316","targetHints":{"allow":["GET"]}}],"collection":[{"href":"https:\/\/www.vaillant.de\/21-grad\/wp-json\/wp\/v2\/posts"}],"about":[{"href":"https:\/\/www.vaillant.de\/21-grad\/wp-json\/wp\/v2\/types\/post"}],"author":[{"embeddable":true,"href":"https:\/\/www.vaillant.de\/21-grad\/wp-json\/wp\/v2\/users\/26"}],"replies":[{"embeddable":true,"href":"https:\/\/www.vaillant.de\/21-grad\/wp-json\/wp\/v2\/comments?post=316"}],"version-history":[{"count":26,"href":"https:\/\/www.vaillant.de\/21-grad\/wp-json\/wp\/v2\/posts\/316\/revisions"}],"predecessor-version":[{"id":3482,"href":"https:\/\/www.vaillant.de\/21-grad\/wp-json\/wp\/v2\/posts\/316\/revisions\/3482"}],"wp:featuredmedia":[{"embeddable":true,"href":"https:\/\/www.vaillant.de\/21-grad\/wp-json\/wp\/v2\/media\/373"}],"wp:attachment":[{"href":"https:\/\/www.vaillant.de\/21-grad\/wp-json\/wp\/v2\/media?parent=316"}],"wp:term":[{"taxonomy":"category","embeddable":true,"href":"https:\/\/www.vaillant.de\/21-grad\/wp-json\/wp\/v2\/categories?post=316"},{"taxonomy":"post_tag","embeddable":true,"href":"https:\/\/www.vaillant.de\/21-grad\/wp-json\/wp\/v2\/tags?post=316"},{"taxonomy":"author","embeddable":true,"href":"https:\/\/www.vaillant.de\/21-grad\/wp-json\/wp\/v2\/coauthors?post=316"}],"curies":[{"name":"wp","href":"https:\/\/api.w.org\/{rel}","templated":true}]}}