{"id":325,"date":"2016-02-11T06:30:57","date_gmt":"2016-02-11T05:30:57","guid":{"rendered":"http:\/\/10.14.45.41\/?p=325"},"modified":"2026-01-28T09:52:58","modified_gmt":"2026-01-28T08:52:58","slug":"5-tipps-zum-bauen-nach-kfw-effizienzhausstandard","status":"publish","type":"post","link":"https:\/\/www.vaillant.de\/21-grad\/rat-und-tat\/5-tipps-zum-bauen-nach-kfw-effizienzhausstandard\/","title":{"rendered":"4 Tipps zum Bauen nach KfW-Effizienzhausstandard (Artikel 2\/2)"},"content":{"rendered":"<p>Damit die Erderw\u00e4rmung nicht weiter ansteigt, verkraftet die Erde maximal 10 Mrd. Tonnen CO<sub>2<\/sub>-Aussto\u00df weltweit. Das haben wissenschaftliche Auswertungen ergeben. Bei einer Weltbev\u00f6lkerung von 10 Mrd. Menschen im Jahr 2050 d\u00fcrfen wir pro Kopf also h\u00f6chstens 1 Tonne verursachen. F\u00fcr uns in Deutschland bedeutet dies, dass wir unseren Aussto\u00df bis dahin um 90 Prozent reduzieren m\u00fcssen. Umso wichtiger ist es, dass wir bei Neubau und Modernisierung auf baulichen W\u00e4rmeschutz, erneuerbare Energien und effiziente Heiztechnik zu setzen.<\/p>\n<h2><strong>1. D\u00e4mmung: W\u00e4rmeverluste vermeiden<\/strong><\/h2>\n<p>Durch eine gute Baukonstruktion und Baustoffwahl k\u00f6nnt Ihr\u00a0die W\u00e4rmeverluste, die zum Beispiel an Fenster- oder T\u00fcranschl\u00fcssen entstehen, so stark minimieren, dass\u00a0Ihr die EnEV-Mindeststandards deutlich \u00fcbertrefft und KfW-Standards erreicht.<\/p>\n<h2><strong>2. Luftdichtheit und L\u00fcftung: Nur mit fachm\u00e4nnischer Planung<\/strong><\/h2>\n<p>Um W\u00e4rmeverluste zu vermeiden, schreibt die <a href=\"https:\/\/www.vaillant.de\/heizung\/heizung-verstehen\/heiztechniklexikon\/begriffe-c-f\/energieeinsparverordnung\/\">EnEV<\/a> die Dichtheit der Geb\u00e4udeh\u00fclle vor. Um trotzdem eine ausreichende Frischluftzufuhr zu gew\u00e4hrleisten, ist bei Effizienzh\u00e4usern die Entwicklung eines L\u00fcftungskonzepts Pflicht. Ziel dieses Konzepts ist es, die Luftdichtheit und die <a href=\"https:\/\/www.vaillant.de\/heizung\/produkte\/produktgruppen\/lueftung\/\">L\u00fcftung <\/a>optimal aufeinander abzustimmen. Im Ergebnis profitiert\u00a0Ihr damit aber nicht nur von KfW-F\u00f6rdermitteln, sondern auch von Wohnkomfort, Schallschutz und nachhaltiger Bauqualit\u00e4t.<\/p>\n<h2><strong>3. Lage und Ausrichtung des Geb\u00e4udes: Solarnutzung mit bedenken<\/strong><\/h2>\n<p>Energieeffizientes Bauen beginnt schon mit der Wahl des Standorts: Der Nutzungsgrad erneuerbarer Energien h\u00e4ngt nicht nur vom lokalen Klima und der Verschattung ab, sondern vor allem auch von der Ausrichtung des Hauses. So erm\u00f6glicht\u00a0Euch eine S\u00fcddachneigung von 30\u00b0 beste Wirkungsgrade und h\u00f6chste Ertr\u00e4ge f\u00fcr <a href=\"https:\/\/www.vaillant.de\/heizung\/produkte\/produktgruppen\/photovoltaik\/\">Photovoltaik <\/a>sowie <a href=\"https:\/\/www.vaillant.de\/heizung\/produkte\/produktgruppen\/solar\/\">Solarthermie<\/a>. Am besten bedenkt\u00a0Ihr beim Kauf des Grundst\u00fcck zuk\u00fcnftige Verschattung durch Nachbarbebauung oder neu gepflanzte B\u00e4ume sogar mit.<\/p>\n<h2><strong>4. Heiztechnik: Kostenlose Umweltenergie nutzen<\/strong><\/h2>\n<p>Durch das <a href=\"https:\/\/www.vaillant.de\/heizung\/klima-foerderung\/klimapaket\/\" target=\"_blank\" rel=\"noopener noreferrer\">Klimapaket der Bundesregierung<\/a> f\u00fcrfen ab 2026 keine reinen \u00d6lheizungen mehr im Neubau installiert werden. Stattdessen f\u00f6rdert der Staat umweltfreundliche Heizsysteme, um den CO2-Aussto\u00df zu reduzieren. Mit einer W\u00e4rmepumpe erf\u00fcllt Ihr nicht nur die EnEV-Anforderungen, sondern auch die Anforderungen der KfW-Effizienzh\u00e4user 70, 55 und 40. Denn eine W\u00e4rmepumpe nutzt die in Luft, Erde und Grundwasser gespeicherte Sonnenenergie zum Heizen und spart so bis 75 Prozent an fossilen Brennstoffen. Bei einer Entscheidung f\u00fcr <a href=\"https:\/\/www.vaillant.de\/heizung\/heizung-verstehen\/technologie-verstehen\/brennwert\/\" target=\"_blank\" rel=\"noopener noreferrer\">Brennwerttechnik<\/a> m\u00fcsstet Ihr\u00a0zur Erf\u00fcllung der EnEV-Anforderungen zus\u00e4tzlich Solarthermie als Systemerg\u00e4nzung nutzen. Hinzu kommt, dass der Strom, der die <a href=\"https:\/\/www.vaillant.de\/heizung\/produkte\/produktgruppen\/waermepumpe\/\">W\u00e4rmepumpe <\/a>antreibt, zu immer gr\u00f6\u00dferen Teilen mit erneuerbaren Energien gewonnen wird. Erfahrt in unserem <a href=\"https:\/\/www.vaillant.de\/heizung\/heizung-verstehen\/technologie-verstehen\/waermepumpe\/\" target=\"_blank\" rel=\"noopener noreferrer\">Rategber W\u00e4rmepumpe\u00a0<\/a> u. a., wie eine W\u00e4rmepumpe funktioniert.<\/p>\n<h3><strong>Ihr\u00a0m\u00f6chtet mehr zum Thema energieeffizientes Bauen erfahren? Hier werdet Ihr\u00a0f\u00fcndig! <\/strong><\/h3>\n<h2><strong>Allgemeine Infos<\/strong><\/h2>\n<ul>\n<li><a href=\"http:\/\/www.dena.de\" target=\"_blank\" rel=\"noopener noreferrer\">Deutsche Energie-Agentur<\/a><\/li>\n<li><a href=\"http:\/\/www.bmwi.de\" target=\"_blank\" rel=\"noopener noreferrer\">Bundesministerium f\u00fcr Wirtschaft und Energie<\/a><\/li>\n<li><a href=\"http:\/\/www.bmub.de\" target=\"_blank\" rel=\"noopener noreferrer\">Bundesministerium f\u00fcr Umwelt, Naturschutz, Bau und Reaktorsicherheit<\/a><\/li>\n<li><a href=\"http:\/\/www.co2online.de\/\" target=\"_blank\" rel=\"noopener noreferrer\">co2 online<\/a><\/li>\n<\/ul>\n<h2><strong>F\u00f6rderung<\/strong><\/h2>\n<ul>\n<li><a href=\"http:\/\/www.kfw.de\" target=\"_blank\" rel=\"noopener noreferrer\">KfW-F\u00f6rderbank<\/a><\/li>\n<li><a href=\"http:\/\/www.bafa.de\" target=\"_blank\" rel=\"noopener noreferrer\">Bundesamt f\u00fcr Wirtschaft und Ausfuhrkontrolle<\/a><\/li>\n<li><a href=\"http:\/\/www.vzbv.de\" target=\"_blank\" rel=\"noopener noreferrer\">Verbraucherzentrale Bundesverband<\/a><\/li>\n<li><a href=\"https:\/\/www.vaillant.de\/heizung\/klima-foerderung\/foerderung-finanzierung\/foerdermittelsuche\/\" target=\"_blank\" rel=\"noopener noreferrer\">Vaillant F\u00f6rdermittelsuche<\/a><\/li>\n<\/ul>\n<h2><strong>Expertensuche<\/strong><\/h2>\n<ul>\n<li><a href=\"http:\/\/www.energie-effizienz-experten.de\" target=\"_blank\" rel=\"noopener noreferrer\">Expertendatenbank des Bundes<\/a><\/li>\n<li><a href=\"http:\/\/www.den-ev.de\" target=\"_blank\" rel=\"noopener noreferrer\">Deutsches Energieberater Netzwerk<\/a><\/li>\n<li><a href=\"http:\/\/www.energieberater-datenbank.de\" target=\"_blank\" rel=\"noopener noreferrer\">GIH Bundesverband<\/a><\/li>\n<\/ul>\n<h2><strong>Wissen<\/strong><\/h2>\n<ul>\n<li><a href=\"http:\/\/www.zukunft-haus.info\" target=\"_blank\" rel=\"noopener noreferrer\">Infoplattform Energieeffizienz<\/a><\/li>\n<li><a href=\"http:\/\/www.dibt.de\" target=\"_blank\" rel=\"noopener noreferrer\">Deutsches Institut f\u00fcr Bautechnik<\/a><\/li>\n<li><a href=\"http:\/\/www.kompetenzzentrum-iemb.de\" target=\"_blank\" rel=\"noopener noreferrer\">Kompetenzzentrum kosteng\u00fcnstig qualit\u00e4tsbewusst Bauen<\/a><\/li>\n<li><a href=\"http:\/\/www.enev-online.de\" target=\"_blank\" rel=\"noopener noreferrer\">Expertenportal zur EnEV und EEW\u00e4rmeG<\/a><\/li>\n<li><a href=\"http:\/\/www.bine.info\" target=\"_blank\" rel=\"noopener noreferrer\">Informationsdienst zur Energieeffizienzforschung<\/a><\/li>\n<\/ul>\n","protected":false},"excerpt":{"rendered":"<p>Bei einem Neubau oder einer Modernisierung m\u00fcsst Ihr schon heute gesetzliche Richtlinien wie die Energieeinsparverordnung (EnEV) beachten. Doch wenn Ihr vorausschauend plant, kann es leicht gelingen, die h\u00f6heren Standards der KfW-Effizienzh\u00e4user zu erf\u00fcllen \u2013 und daf\u00fcr mit h\u00f6herer F\u00f6rderung belohnt zu werden! Wir haben Euch die Tipps zusammengestellt.<\/p>\n","protected":false},"author":26,"featured_media":317,"comment_status":"open","ping_status":"open","sticky":false,"template":"","format":"standard","meta":{"footnotes":""},"categories":[2],"tags":[172,51,46],"coauthors":[253],"class_list":["post-325","post","type-post","status-publish","format-standard","has-post-thumbnail","hentry","category-rat-und-tat","tag-bauen-und-wohnen","tag-energie-sparen","tag-klimaschutz"],"yoast_head":"<!-- This site is optimized with the Yoast SEO plugin v27.4 - https:\/\/yoast.com\/product\/yoast-seo-wordpress\/ -->\n<title>4 Tipps zum Bauen nach KfW-Effizienzhausstandard | 21 grad<\/title>\n<meta name=\"description\" content=\"Beim Neubau gibt es einiges zu beachten. Doch wer die Auflagen des KfW-Effizienzstandards erf\u00fcllt, wird mit F\u00f6rderungen belohnt. \u27a8 Erfahrt mehr!\" \/>\n<meta name=\"robots\" content=\"index, follow, max-snippet:-1, max-image-preview:large, max-video-preview:-1\" \/>\n<link rel=\"canonical\" href=\"https:\/\/www.vaillant.de\/21-grad\/rat-und-tat\/5-tipps-zum-bauen-nach-kfw-effizienzhausstandard\/\" \/>\n<meta property=\"og:locale\" content=\"de_DE\" \/>\n<meta property=\"og:type\" content=\"article\" \/>\n<meta property=\"og:title\" content=\"4 Tipps zum Bauen nach KfW-Effizienzhausstandard | 21 grad\" \/>\n<meta property=\"og:description\" content=\"Beim Neubau gibt es einiges zu beachten. Doch wer die Auflagen des KfW-Effizienzstandards erf\u00fcllt, wird mit F\u00f6rderungen belohnt. \u27a8 Erfahrt mehr!\" \/>\n<meta property=\"og:url\" content=\"https:\/\/www.vaillant.de\/21-grad\/rat-und-tat\/5-tipps-zum-bauen-nach-kfw-effizienzhausstandard\/\" \/>\n<meta property=\"og:site_name\" content=\"21 grad\" \/>\n<meta property=\"article:publisher\" content=\"https:\/\/www.facebook.com\/21grad\/\" \/>\n<meta property=\"article:published_time\" content=\"2016-02-11T05:30:57+00:00\" \/>\n<meta property=\"article:modified_time\" content=\"2026-01-28T08:52:58+00:00\" \/>\n<meta property=\"og:image\" content=\"https:\/\/www.vaillant.de\/21-grad\/wp-content\/uploads\/2016\/02\/Tipps-zum-Bauen-nach-KFW-Standard.jpg\" \/>\n\t<meta property=\"og:image:width\" content=\"845\" \/>\n\t<meta property=\"og:image:height\" content=\"568\" \/>\n\t<meta property=\"og:image:type\" content=\"image\/jpeg\" \/>\n<meta name=\"author\" content=\"Lorena\" \/>\n<meta name=\"twitter:card\" content=\"summary_large_image\" \/>\n<meta name=\"twitter:creator\" content=\"@vaillant_de\" \/>\n<meta name=\"twitter:site\" content=\"@vaillant_de\" \/>\n<meta name=\"twitter:label1\" content=\"Verfasst von\" \/>\n\t<meta name=\"twitter:data1\" content=\"Lorena\" \/>\n\t<meta name=\"twitter:label2\" content=\"Gesch\u00e4tzte Lesezeit\" \/>\n\t<meta name=\"twitter:data2\" content=\"2\u00a0Minuten\" \/>\n\t<meta name=\"twitter:label3\" content=\"Written by\" \/>\n\t<meta name=\"twitter:data3\" content=\"Lorena\" \/>\n<script type=\"application\/ld+json\" class=\"yoast-schema-graph\">{\"@context\":\"https:\\\/\\\/schema.org\",\"@graph\":[{\"@type\":\"Article\",\"@id\":\"https:\\\/\\\/www.vaillant.de\\\/21-grad\\\/rat-und-tat\\\/5-tipps-zum-bauen-nach-kfw-effizienzhausstandard\\\/#article\",\"isPartOf\":{\"@id\":\"https:\\\/\\\/www.vaillant.de\\\/21-grad\\\/rat-und-tat\\\/5-tipps-zum-bauen-nach-kfw-effizienzhausstandard\\\/\"},\"author\":{\"name\":\"Lorena\",\"@id\":\"https:\\\/\\\/www.vaillant.de\\\/21-grad\\\/#\\\/schema\\\/person\\\/64bb3ed01d8d62d6fc3b965454e1d031\"},\"headline\":\"4 Tipps zum Bauen nach KfW-Effizienzhausstandard (Artikel 2\\\/2)\",\"datePublished\":\"2016-02-11T05:30:57+00:00\",\"dateModified\":\"2026-01-28T08:52:58+00:00\",\"mainEntityOfPage\":{\"@id\":\"https:\\\/\\\/www.vaillant.de\\\/21-grad\\\/rat-und-tat\\\/5-tipps-zum-bauen-nach-kfw-effizienzhausstandard\\\/\"},\"wordCount\":493,\"commentCount\":1,\"image\":{\"@id\":\"https:\\\/\\\/www.vaillant.de\\\/21-grad\\\/rat-und-tat\\\/5-tipps-zum-bauen-nach-kfw-effizienzhausstandard\\\/#primaryimage\"},\"thumbnailUrl\":\"https:\\\/\\\/www.vaillant.de\\\/21-grad\\\/wp-content\\\/uploads\\\/2016\\\/02\\\/Tipps-zum-Bauen-nach-KFW-Standard.jpg\",\"keywords\":[\"Bauen und Wohnen\",\"Energie sparen\",\"Klimaschutz\"],\"articleSection\":[\"Rat &amp; Tat\"],\"inLanguage\":\"de\",\"potentialAction\":[{\"@type\":\"CommentAction\",\"name\":\"Comment\",\"target\":[\"https:\\\/\\\/www.vaillant.de\\\/21-grad\\\/rat-und-tat\\\/5-tipps-zum-bauen-nach-kfw-effizienzhausstandard\\\/#respond\"]}]},{\"@type\":\"WebPage\",\"@id\":\"https:\\\/\\\/www.vaillant.de\\\/21-grad\\\/rat-und-tat\\\/5-tipps-zum-bauen-nach-kfw-effizienzhausstandard\\\/\",\"url\":\"https:\\\/\\\/www.vaillant.de\\\/21-grad\\\/rat-und-tat\\\/5-tipps-zum-bauen-nach-kfw-effizienzhausstandard\\\/\",\"name\":\"4 Tipps zum Bauen nach KfW-Effizienzhausstandard | 21 grad\",\"isPartOf\":{\"@id\":\"https:\\\/\\\/www.vaillant.de\\\/21-grad\\\/#website\"},\"primaryImageOfPage\":{\"@id\":\"https:\\\/\\\/www.vaillant.de\\\/21-grad\\\/rat-und-tat\\\/5-tipps-zum-bauen-nach-kfw-effizienzhausstandard\\\/#primaryimage\"},\"image\":{\"@id\":\"https:\\\/\\\/www.vaillant.de\\\/21-grad\\\/rat-und-tat\\\/5-tipps-zum-bauen-nach-kfw-effizienzhausstandard\\\/#primaryimage\"},\"thumbnailUrl\":\"https:\\\/\\\/www.vaillant.de\\\/21-grad\\\/wp-content\\\/uploads\\\/2016\\\/02\\\/Tipps-zum-Bauen-nach-KFW-Standard.jpg\",\"datePublished\":\"2016-02-11T05:30:57+00:00\",\"dateModified\":\"2026-01-28T08:52:58+00:00\",\"author\":{\"@id\":\"https:\\\/\\\/www.vaillant.de\\\/21-grad\\\/#\\\/schema\\\/person\\\/64bb3ed01d8d62d6fc3b965454e1d031\"},\"description\":\"Beim Neubau gibt es einiges zu beachten. Doch wer die Auflagen des KfW-Effizienzstandards erf\u00fcllt, wird mit F\u00f6rderungen belohnt. \u27a8 Erfahrt mehr!\",\"breadcrumb\":{\"@id\":\"https:\\\/\\\/www.vaillant.de\\\/21-grad\\\/rat-und-tat\\\/5-tipps-zum-bauen-nach-kfw-effizienzhausstandard\\\/#breadcrumb\"},\"inLanguage\":\"de\",\"potentialAction\":[{\"@type\":\"ReadAction\",\"target\":[\"https:\\\/\\\/www.vaillant.de\\\/21-grad\\\/rat-und-tat\\\/5-tipps-zum-bauen-nach-kfw-effizienzhausstandard\\\/\"]}]},{\"@type\":\"ImageObject\",\"inLanguage\":\"de\",\"@id\":\"https:\\\/\\\/www.vaillant.de\\\/21-grad\\\/rat-und-tat\\\/5-tipps-zum-bauen-nach-kfw-effizienzhausstandard\\\/#primaryimage\",\"url\":\"https:\\\/\\\/www.vaillant.de\\\/21-grad\\\/wp-content\\\/uploads\\\/2016\\\/02\\\/Tipps-zum-Bauen-nach-KFW-Standard.jpg\",\"contentUrl\":\"https:\\\/\\\/www.vaillant.de\\\/21-grad\\\/wp-content\\\/uploads\\\/2016\\\/02\\\/Tipps-zum-Bauen-nach-KFW-Standard.jpg\",\"width\":845,\"height\":568,\"caption\":\"Bauen nach KfW-Standard\"},{\"@type\":\"BreadcrumbList\",\"@id\":\"https:\\\/\\\/www.vaillant.de\\\/21-grad\\\/rat-und-tat\\\/5-tipps-zum-bauen-nach-kfw-effizienzhausstandard\\\/#breadcrumb\",\"itemListElement\":[{\"@type\":\"ListItem\",\"position\":1,\"name\":\"Startseite\",\"item\":\"https:\\\/\\\/www.vaillant.de\\\/21-grad\\\/\"},{\"@type\":\"ListItem\",\"position\":2,\"name\":\"4 Tipps zum Bauen nach KfW-Effizienzhausstandard (Artikel 2\\\/2)\"}]},{\"@type\":\"WebSite\",\"@id\":\"https:\\\/\\\/www.vaillant.de\\\/21-grad\\\/#website\",\"url\":\"https:\\\/\\\/www.vaillant.de\\\/21-grad\\\/\",\"name\":\"21 grad\",\"description\":\"Der Blog f\u00fcr Menschen, die weiterdenken\",\"potentialAction\":[{\"@type\":\"SearchAction\",\"target\":{\"@type\":\"EntryPoint\",\"urlTemplate\":\"https:\\\/\\\/www.vaillant.de\\\/21-grad\\\/?s={search_term_string}\"},\"query-input\":{\"@type\":\"PropertyValueSpecification\",\"valueRequired\":true,\"valueName\":\"search_term_string\"}}],\"inLanguage\":\"de\"},{\"@type\":\"Person\",\"@id\":\"https:\\\/\\\/www.vaillant.de\\\/21-grad\\\/#\\\/schema\\\/person\\\/64bb3ed01d8d62d6fc3b965454e1d031\",\"name\":\"Lorena\",\"image\":{\"@type\":\"ImageObject\",\"inLanguage\":\"de\",\"@id\":\"https:\\\/\\\/www.vaillant.de\\\/21-grad\\\/wp-content\\\/uploads\\\/2025\\\/04\\\/20230502_Vaillant-Mitarbeitershooting-Lennep_0045_MKP_100-125x125.jpg3845af5a66923cc212a0c6c57ae1c3a4\",\"url\":\"https:\\\/\\\/www.vaillant.de\\\/21-grad\\\/wp-content\\\/uploads\\\/2025\\\/04\\\/20230502_Vaillant-Mitarbeitershooting-Lennep_0045_MKP_100-125x125.jpg\",\"contentUrl\":\"https:\\\/\\\/www.vaillant.de\\\/21-grad\\\/wp-content\\\/uploads\\\/2025\\\/04\\\/20230502_Vaillant-Mitarbeitershooting-Lennep_0045_MKP_100-125x125.jpg\",\"caption\":\"Lorena\"},\"description\":\"In meiner Rolle als E-Mail-Marketing-Manager B2C liegt mein Fokus darauf, eine effektive und ansprechende E-Mail-Kommunikation mit unseren Kunden zu gestalten. Von der sorgf\u00e4ltigen Auswahl der relevanten Daten bis hin zur kreativen Erstellung und dem pr\u00e4zisen Versand der E-Mails sorge ich daf\u00fcr, dass unsere Botschaften genau dort ankommen, wo sie sollen. Nachhaltigkeit Nachhaltigkeit ist mir wichtig, und ich versuche, in meinem Alltag bewusst darauf zu achten. Zum Beispiel benutze ich Jutebeutel, wenn ich einkaufen gehe. Au\u00dferdem erledige ich so viel wie m\u00f6glich zu Fu\u00df. Das schont nicht nur die Umwelt, sondern tut auch meiner Gesundheit gut. Beim Einkaufen achte ich darauf, nur die Lebensmittel zu kaufen, die ich tats\u00e4chlich verbrauchen kann. Interessen Ich liebe es, mit Freunden beim Fu\u00dfball unterwegs zu sein, um unsere Mannschaft zu unterst\u00fctzen. In den Bergen f\u00fchle ich mich besonders wohl, sei es beim Skifahren, beim Wandern oder einfach beim Genie\u00dfen der beeindruckenden Aussicht. Dar\u00fcber hinaus finde ich gro\u00dfe Freude am Basteln, wo ich meiner Kreativit\u00e4t freien Lauf lasse, und am Backen, bei dem ich gerne meine Lieblingsrezepte aber auch neue ausprobiere. Was bringt dich auf die Palme? Tickende Uhren k\u00f6nnen mich wahnsinnig machen. Dieses konstante Ger\u00e4usch im Hintergrund, st\u00f6rt meine Konzentration und bringt mich aus der Ruhe.\",\"url\":\"https:\\\/\\\/www.vaillant.de\\\/21-grad\\\/autor\\\/lorena\\\/\"}]}<\/script>\n<!-- \/ Yoast SEO plugin. -->","yoast_head_json":{"title":"4 Tipps zum Bauen nach KfW-Effizienzhausstandard | 21 grad","description":"Beim Neubau gibt es einiges zu beachten. Doch wer die Auflagen des KfW-Effizienzstandards erf\u00fcllt, wird mit F\u00f6rderungen belohnt. \u27a8 Erfahrt mehr!","robots":{"index":"index","follow":"follow","max-snippet":"max-snippet:-1","max-image-preview":"max-image-preview:large","max-video-preview":"max-video-preview:-1"},"canonical":"https:\/\/www.vaillant.de\/21-grad\/rat-und-tat\/5-tipps-zum-bauen-nach-kfw-effizienzhausstandard\/","og_locale":"de_DE","og_type":"article","og_title":"4 Tipps zum Bauen nach KfW-Effizienzhausstandard | 21 grad","og_description":"Beim Neubau gibt es einiges zu beachten. Doch wer die Auflagen des KfW-Effizienzstandards erf\u00fcllt, wird mit F\u00f6rderungen belohnt. \u27a8 Erfahrt mehr!","og_url":"https:\/\/www.vaillant.de\/21-grad\/rat-und-tat\/5-tipps-zum-bauen-nach-kfw-effizienzhausstandard\/","og_site_name":"21 grad","article_publisher":"https:\/\/www.facebook.com\/21grad\/","article_published_time":"2016-02-11T05:30:57+00:00","article_modified_time":"2026-01-28T08:52:58+00:00","og_image":[{"width":845,"height":568,"url":"https:\/\/www.vaillant.de\/21-grad\/wp-content\/uploads\/2016\/02\/Tipps-zum-Bauen-nach-KFW-Standard.jpg","type":"image\/jpeg"}],"author":"Lorena","twitter_card":"summary_large_image","twitter_creator":"@vaillant_de","twitter_site":"@vaillant_de","twitter_misc":{"Verfasst von":"Lorena","Gesch\u00e4tzte Lesezeit":"2\u00a0Minuten","Written by":"Lorena"},"schema":{"@context":"https:\/\/schema.org","@graph":[{"@type":"Article","@id":"https:\/\/www.vaillant.de\/21-grad\/rat-und-tat\/5-tipps-zum-bauen-nach-kfw-effizienzhausstandard\/#article","isPartOf":{"@id":"https:\/\/www.vaillant.de\/21-grad\/rat-und-tat\/5-tipps-zum-bauen-nach-kfw-effizienzhausstandard\/"},"author":{"name":"Lorena","@id":"https:\/\/www.vaillant.de\/21-grad\/#\/schema\/person\/64bb3ed01d8d62d6fc3b965454e1d031"},"headline":"4 Tipps zum Bauen nach KfW-Effizienzhausstandard (Artikel 2\/2)","datePublished":"2016-02-11T05:30:57+00:00","dateModified":"2026-01-28T08:52:58+00:00","mainEntityOfPage":{"@id":"https:\/\/www.vaillant.de\/21-grad\/rat-und-tat\/5-tipps-zum-bauen-nach-kfw-effizienzhausstandard\/"},"wordCount":493,"commentCount":1,"image":{"@id":"https:\/\/www.vaillant.de\/21-grad\/rat-und-tat\/5-tipps-zum-bauen-nach-kfw-effizienzhausstandard\/#primaryimage"},"thumbnailUrl":"https:\/\/www.vaillant.de\/21-grad\/wp-content\/uploads\/2016\/02\/Tipps-zum-Bauen-nach-KFW-Standard.jpg","keywords":["Bauen und Wohnen","Energie sparen","Klimaschutz"],"articleSection":["Rat &amp; Tat"],"inLanguage":"de","potentialAction":[{"@type":"CommentAction","name":"Comment","target":["https:\/\/www.vaillant.de\/21-grad\/rat-und-tat\/5-tipps-zum-bauen-nach-kfw-effizienzhausstandard\/#respond"]}]},{"@type":"WebPage","@id":"https:\/\/www.vaillant.de\/21-grad\/rat-und-tat\/5-tipps-zum-bauen-nach-kfw-effizienzhausstandard\/","url":"https:\/\/www.vaillant.de\/21-grad\/rat-und-tat\/5-tipps-zum-bauen-nach-kfw-effizienzhausstandard\/","name":"4 Tipps zum Bauen nach KfW-Effizienzhausstandard | 21 grad","isPartOf":{"@id":"https:\/\/www.vaillant.de\/21-grad\/#website"},"primaryImageOfPage":{"@id":"https:\/\/www.vaillant.de\/21-grad\/rat-und-tat\/5-tipps-zum-bauen-nach-kfw-effizienzhausstandard\/#primaryimage"},"image":{"@id":"https:\/\/www.vaillant.de\/21-grad\/rat-und-tat\/5-tipps-zum-bauen-nach-kfw-effizienzhausstandard\/#primaryimage"},"thumbnailUrl":"https:\/\/www.vaillant.de\/21-grad\/wp-content\/uploads\/2016\/02\/Tipps-zum-Bauen-nach-KFW-Standard.jpg","datePublished":"2016-02-11T05:30:57+00:00","dateModified":"2026-01-28T08:52:58+00:00","author":{"@id":"https:\/\/www.vaillant.de\/21-grad\/#\/schema\/person\/64bb3ed01d8d62d6fc3b965454e1d031"},"description":"Beim Neubau gibt es einiges zu beachten. Doch wer die Auflagen des KfW-Effizienzstandards erf\u00fcllt, wird mit F\u00f6rderungen belohnt. \u27a8 Erfahrt mehr!","breadcrumb":{"@id":"https:\/\/www.vaillant.de\/21-grad\/rat-und-tat\/5-tipps-zum-bauen-nach-kfw-effizienzhausstandard\/#breadcrumb"},"inLanguage":"de","potentialAction":[{"@type":"ReadAction","target":["https:\/\/www.vaillant.de\/21-grad\/rat-und-tat\/5-tipps-zum-bauen-nach-kfw-effizienzhausstandard\/"]}]},{"@type":"ImageObject","inLanguage":"de","@id":"https:\/\/www.vaillant.de\/21-grad\/rat-und-tat\/5-tipps-zum-bauen-nach-kfw-effizienzhausstandard\/#primaryimage","url":"https:\/\/www.vaillant.de\/21-grad\/wp-content\/uploads\/2016\/02\/Tipps-zum-Bauen-nach-KFW-Standard.jpg","contentUrl":"https:\/\/www.vaillant.de\/21-grad\/wp-content\/uploads\/2016\/02\/Tipps-zum-Bauen-nach-KFW-Standard.jpg","width":845,"height":568,"caption":"Bauen nach KfW-Standard"},{"@type":"BreadcrumbList","@id":"https:\/\/www.vaillant.de\/21-grad\/rat-und-tat\/5-tipps-zum-bauen-nach-kfw-effizienzhausstandard\/#breadcrumb","itemListElement":[{"@type":"ListItem","position":1,"name":"Startseite","item":"https:\/\/www.vaillant.de\/21-grad\/"},{"@type":"ListItem","position":2,"name":"4 Tipps zum Bauen nach KfW-Effizienzhausstandard (Artikel 2\/2)"}]},{"@type":"WebSite","@id":"https:\/\/www.vaillant.de\/21-grad\/#website","url":"https:\/\/www.vaillant.de\/21-grad\/","name":"21 grad","description":"Der Blog f\u00fcr Menschen, die weiterdenken","potentialAction":[{"@type":"SearchAction","target":{"@type":"EntryPoint","urlTemplate":"https:\/\/www.vaillant.de\/21-grad\/?s={search_term_string}"},"query-input":{"@type":"PropertyValueSpecification","valueRequired":true,"valueName":"search_term_string"}}],"inLanguage":"de"},{"@type":"Person","@id":"https:\/\/www.vaillant.de\/21-grad\/#\/schema\/person\/64bb3ed01d8d62d6fc3b965454e1d031","name":"Lorena","image":{"@type":"ImageObject","inLanguage":"de","@id":"https:\/\/www.vaillant.de\/21-grad\/wp-content\/uploads\/2025\/04\/20230502_Vaillant-Mitarbeitershooting-Lennep_0045_MKP_100-125x125.jpg3845af5a66923cc212a0c6c57ae1c3a4","url":"https:\/\/www.vaillant.de\/21-grad\/wp-content\/uploads\/2025\/04\/20230502_Vaillant-Mitarbeitershooting-Lennep_0045_MKP_100-125x125.jpg","contentUrl":"https:\/\/www.vaillant.de\/21-grad\/wp-content\/uploads\/2025\/04\/20230502_Vaillant-Mitarbeitershooting-Lennep_0045_MKP_100-125x125.jpg","caption":"Lorena"},"description":"In meiner Rolle als E-Mail-Marketing-Manager B2C liegt mein Fokus darauf, eine effektive und ansprechende E-Mail-Kommunikation mit unseren Kunden zu gestalten. Von der sorgf\u00e4ltigen Auswahl der relevanten Daten bis hin zur kreativen Erstellung und dem pr\u00e4zisen Versand der E-Mails sorge ich daf\u00fcr, dass unsere Botschaften genau dort ankommen, wo sie sollen. Nachhaltigkeit Nachhaltigkeit ist mir wichtig, und ich versuche, in meinem Alltag bewusst darauf zu achten. Zum Beispiel benutze ich Jutebeutel, wenn ich einkaufen gehe. Au\u00dferdem erledige ich so viel wie m\u00f6glich zu Fu\u00df. Das schont nicht nur die Umwelt, sondern tut auch meiner Gesundheit gut. Beim Einkaufen achte ich darauf, nur die Lebensmittel zu kaufen, die ich tats\u00e4chlich verbrauchen kann. Interessen Ich liebe es, mit Freunden beim Fu\u00dfball unterwegs zu sein, um unsere Mannschaft zu unterst\u00fctzen. In den Bergen f\u00fchle ich mich besonders wohl, sei es beim Skifahren, beim Wandern oder einfach beim Genie\u00dfen der beeindruckenden Aussicht. Dar\u00fcber hinaus finde ich gro\u00dfe Freude am Basteln, wo ich meiner Kreativit\u00e4t freien Lauf lasse, und am Backen, bei dem ich gerne meine Lieblingsrezepte aber auch neue ausprobiere. Was bringt dich auf die Palme? Tickende Uhren k\u00f6nnen mich wahnsinnig machen. Dieses konstante Ger\u00e4usch im Hintergrund, st\u00f6rt meine Konzentration und bringt mich aus der Ruhe.","url":"https:\/\/www.vaillant.de\/21-grad\/autor\/lorena\/"}]}},"_links":{"self":[{"href":"https:\/\/www.vaillant.de\/21-grad\/wp-json\/wp\/v2\/posts\/325","targetHints":{"allow":["GET"]}}],"collection":[{"href":"https:\/\/www.vaillant.de\/21-grad\/wp-json\/wp\/v2\/posts"}],"about":[{"href":"https:\/\/www.vaillant.de\/21-grad\/wp-json\/wp\/v2\/types\/post"}],"author":[{"embeddable":true,"href":"https:\/\/www.vaillant.de\/21-grad\/wp-json\/wp\/v2\/users\/26"}],"replies":[{"embeddable":true,"href":"https:\/\/www.vaillant.de\/21-grad\/wp-json\/wp\/v2\/comments?post=325"}],"version-history":[{"count":21,"href":"https:\/\/www.vaillant.de\/21-grad\/wp-json\/wp\/v2\/posts\/325\/revisions"}],"predecessor-version":[{"id":6674,"href":"https:\/\/www.vaillant.de\/21-grad\/wp-json\/wp\/v2\/posts\/325\/revisions\/6674"}],"wp:featuredmedia":[{"embeddable":true,"href":"https:\/\/www.vaillant.de\/21-grad\/wp-json\/wp\/v2\/media\/317"}],"wp:attachment":[{"href":"https:\/\/www.vaillant.de\/21-grad\/wp-json\/wp\/v2\/media?parent=325"}],"wp:term":[{"taxonomy":"category","embeddable":true,"href":"https:\/\/www.vaillant.de\/21-grad\/wp-json\/wp\/v2\/categories?post=325"},{"taxonomy":"post_tag","embeddable":true,"href":"https:\/\/www.vaillant.de\/21-grad\/wp-json\/wp\/v2\/tags?post=325"},{"taxonomy":"author","embeddable":true,"href":"https:\/\/www.vaillant.de\/21-grad\/wp-json\/wp\/v2\/coauthors?post=325"}],"curies":[{"name":"wp","href":"https:\/\/api.w.org\/{rel}","templated":true}]}}