{"id":3292,"date":"2018-03-14T12:19:19","date_gmt":"2018-03-14T11:19:19","guid":{"rendered":"https:\/\/21-grad.vaillant.de\/?p=3292"},"modified":"2021-10-20T11:20:47","modified_gmt":"2021-10-20T09:20:47","slug":"die-heizkostenverordnung-gruener-als-gedacht","status":"publish","type":"post","link":"https:\/\/www.vaillant.de\/21-grad\/wissen-und-wert\/die-heizkostenverordnung-gruener-als-gedacht\/","title":{"rendered":"Die Heizkostenverordnung: Gr\u00fcner als gedacht"},"content":{"rendered":"<p>Die Heizkostenverordnung ist zwar nichts Neues, aber aktuell wie eh und je: Sie ist nach wie vor ein wichtiges Instrument zur Reduzierung des CO2-Austo\u00dfes in Deutschland. Denn durch die Erh\u00f6hung des verbrauchsabh\u00e4ngigen Anteils in der Heizkostenabrechnung motiviert sie Mieter seit ihrer letzten Novelle im Jahr 2009 nachhaltig, weniger Energie zu verbrauchen. Getreu dem Motto: Je weniger Du heizt und je weniger Warmwasser Du verbrauchst, desto geringer Deine Kosten.<\/p>\n<h2>Heizkostenabrechnung: 70 Prozent nach Verbrauch, 30 Prozent nach Fl\u00e4che<\/h2>\n<p>Heute legen Vermieter die Heizkosten in den meisten F\u00e4llen zu 70 Prozent nach Verbrauch und zu 30 Prozent nach Wohn- und Nutzfl\u00e4che um. Vor der letzten Novelle der Heizkostenverordnung legten sie das Verh\u00e4ltnis in der Regel selbst fest: Die Abrechnung im Verh\u00e4ltnis 50 zu 50 war durchaus g\u00e4ngige Praxis. Ergo waren hohe Heizkosten eher ein Problem der Mietergemeinschaft als des einzelnen Haushalts. Heute k\u00f6nnen Mieter einem hohen Verbrauch fr\u00fchzeitig entgegenwirken: Der Einsatz von W\u00e4rmez\u00e4hlern ist seit dem Jahr 2014 Pflicht, so dass sie ihren Verbrauch besser im Blick haben und ihr Heizverhalten bei Bedarf anpassen k\u00f6nnen.<\/p>\n<h2>Passivh\u00e4user sind von der verbrauchsabh\u00e4ngigen Abrechnung befreit<\/h2>\n<p>Doch die Heizkostenverordnung motiviert nicht nur Mieter zu nachhaltigem Verhalten, sondern auch die Vermieter: Eigent\u00fcmer von Passivh\u00e4usern mit Heizw\u00e4rmebedarf unter 15 Kilowattstunden pro Quadratmeter und Jahr sind von der verbrauchsabh\u00e4ngigen Abrechnung befreit. Warum? Weil deren H\u00e4user so wenig Energie verbrauchen, dass eine solch aufwendige Abrechnung unwirtschaftlich w\u00e4re. Somit liefert die Heizkostenverordnung einen Anreiz zum Bau von Passivh\u00e4usern! Und davon profitieren nicht nur die k\u00fcnftigen Mieter, sondern auch die Umwelt.<\/p>\n<h2>Der Gesetzgeber motiviert und verpflichtet zu mehr Umweltschutz<\/h2>\n<p>Die Heizkostenverordnung erweitert das Spektrum der Gesetze zur F\u00f6rderung des Klimaschutzes in Deutschland: Hat die Verordnung doch vor allem zum Ziel, Mieter zu bewusstem Heizverhalten zu motivieren. Andere Gesetze wie die <a href=\"https:\/\/www.vaillant.de\/heizung\/heizung-verstehen\/heiztechniklexikon\/begriffe-c-f\/energieeinsparverordnung\/\">Energieeinsparverordnung<\/a> (EnEV) oder das <a href=\"https:\/\/www.vaillant.de\/heizung\/heizung-verstehen\/gesetze-verordnungen\/erneuerbare-energien-gesetz\/\" target=\"_blank\" rel=\"noopener\">Erneuerbare-Energien-Gesetz<\/a> (EEG) richten sich an die Eigent\u00fcmer und Vermieter von Immobilien, indem sie bei <a href=\"https:\/\/www.vaillant.de\/heizung\/heizung-verstehen\/heizung-im-neubau\/\">Neubau<\/a> oder <a href=\"https:\/\/www.vaillant.de\/heizung\/heizung-verstehen\/heizung-modernisieren\/\">Modernisierung<\/a> zur Einhaltung energetischer Mindeststandards oder Nutzung von <a href=\"https:\/\/www.vaillant.de\/heizung\/heizung-verstehen\/heiztechniklexikon\/begriffe-c-f\/erneuerbare-energie\/\">erneuerbarer Energien<\/a> bei der Erzeugung von W\u00e4rme verpflichten.<\/p>\n<h2>Die wichtigsten Regelungen der Heizkostenverordnung (HeizkostenV)<\/h2>\n<p><strong>\u00a7 2 HeizkostenV: Vorrangklausel<\/strong><br \/>\nVermieter m\u00fcssen die Vorgaben der Heizkostenverordnung beachten \u2013 au\u00dfer bei Geb\u00e4uden mit nur zwei Wohnungen, von denen der Vermieter eine selbst bewohnt. In diesem Fall sind Vermieter berechtigt, die Verteilung der Heiz- und Warmwasserkosten im Mietvertrag zu regeln.<\/p>\n<p><strong>\u00a7 4 HeizkostenV: Pflicht zur Verbrauchserfassung<\/strong><br \/>\nVermieter sind verpflichtet, den anteiligen Verbrauch an W\u00e4rme und Warmwasser zu erfassen. Daher sind sie berechtigt, die vermieteten R\u00e4ume mit Ger\u00e4ten zur Verbrauchserfassung auszustatten; dies m\u00fcssen die Mieter dulden. Sollen diese Ger\u00e4te gemietet werden, so m\u00fcssen die Mieter vorher \u00fcber die entstehenden Kosten informiert werden. Gemeinschaftlich genutzte R\u00e4ume sind von der Pflicht zur Verbrauchserfassung ausgenommen \u2013 au\u00dfer bei R\u00e4umen mit hohem Verbrauch, wie Schwimmb\u00e4der oder Saunen. Mieter sind grunds\u00e4tzlich berechtigt, die Erf\u00fcllung der Pflicht zur Verbrauchserfassung von den Vermietern zu verlangen.<\/p>\n<p><strong>\u00a7 5 HeizkostenV: Pflicht zur verbrauchsabh\u00e4ngigen Kostenverteilung<\/strong><br \/>\nVermieter m\u00fcssen die Kosten der W\u00e4rme- und Warmwasserversorgung auf Grundlage der Verbrauchserfassung gem\u00e4\u00df \u00a7\u00a7 7 bis 9 auf die einzelnen Mieter verteilen. Das Ergebnis der Ablesung muss innerhalb eines Monats mitgeteilt werden \u2013 au\u00dfer, die Mieter k\u00f6nnen das Ableseergebnis f\u00fcr l\u00e4ngere Zeit selbst abrufen oder ablesen. Au\u00dferdem regelt dieser Paragraph u. a. die Wahl der Abrechnungsma\u00dfst\u00e4be durch die Vermieter, welche diese durch Erkl\u00e4rung gegen\u00fcber den Mietern mit Wirkung zum Beginn eines Abrechnungszeitraumes unter Umst\u00e4nden \u00e4ndern k\u00f6nnen.<\/p>\n<p><strong>\u00a7 7 HeizkostenV: Verteilung der Kosten der Versorgung mit W\u00e4rme<\/strong><br \/>\nVermieter m\u00fcssen die Betriebskosten der zentralen Heizung mindestens zu 50 Prozent und h\u00f6chstens zu 70 Prozent nach erfasstem W\u00e4rmebrauch auf die Mieter verteilen. In Geb\u00e4uden, die die W\u00e4rmeschutzverordnung vom 16. August 1994 nicht erf\u00fcllen, die von einer \u00d6l- oder Gasheizung versorgt werden und in denen die freiliegenden Leitungen der W\u00e4rmeverteilung \u00fcberwiegend ged\u00e4mmt sind, m\u00fcssen die Heizkosten zu 70 Prozent nach Verbrauch verteilt werden. Die \u00fcbrigen Kosten sind nach Wohn- oder Nutzfl\u00e4che oder nach umbautem Raum zu verteilen. Aufgeteilt werden k\u00f6nnen u. a. die Kosten f\u00fcr Brennstoffe und deren Lieferung, Betriebsstrom, Heizungswartung, Miete und Eichung von Verbrauchsmessger\u00e4ten sowie Berechnung, Aufteilung und Verbrauchsanalyse der Kosten. Bez\u00fcglich der Verbrauchsanalyse fordert die Verordnung, dass insbesondere die Entwicklung der Kosten f\u00fcr die Heizw\u00e4rme- und Warmwasserversorgung der vergangenen drei Jahre dargestellt werden soll.<\/p>\n<p><strong>\u00a7 8 Verteilung der Kosten der Warmwasserversorgung<\/strong><br \/>\nVon den Kosten des Betriebs der zentralen Warmwasserversorgung m\u00fcssen Vermieter mindestens 50 Prozent und maximal 70 Prozent nach dem erfassten Verbrauch abrechnen. Die \u00fcbrigen Kosten sind nach Wohn- oder Nutzfl\u00e4che zu verteilen.<\/p>\n<p><strong>\u00a7 9 Verteilung der Kosten der Versorgung mit W\u00e4rme und Warmwasser bei verbundenen Anlagen<\/strong><br \/>\nIst die zentrale Anlage zur Versorgung mit W\u00e4rme mit der zentralen Warmwasserversorgungsanlage verbunden, so sind die einheitlich entstandenen Kosten des Betriebs aufzuteilen. Wie diese aufzuteilen sind, erfahrt Ihr <a href=\"https:\/\/www.gesetze-im-internet.de\/heizkostenv\/__9.html\" target=\"_blank\" rel=\"noopener\">hier<\/a> \u2013 Formeln zur Berechnung inklusive.<\/p>\n<p><strong>\u00a7 10 \u00dcberschreitung der H\u00f6chsts\u00e4tze<\/strong><br \/>\nVermieter, die mehr als 70 Prozent der Kosten f\u00fcr W\u00e4rme und Warmwasser nach Verbrauch abrechnen m\u00f6chten, k\u00f6nnen dies im Mietvertrag vereinbaren.<\/p>\n<p><strong>\u00a7 11 Ausnahmen<\/strong><\/p>\n<p>Die Heizkostenverordnung gilt u. a. nicht<\/p>\n<ul>\n<li>f\u00fcr Passivh\u00e4user mit einem geringen Heizw\u00e4rmebedarf als 15 kWh pro Quadratmeter und Jahr<\/li>\n<li>f\u00fcr Alters- und Pflegeheime, Studenten- und Lehrlingsheime<\/li>\n<li>f\u00fcr Geb\u00e4ude mit Anlagen zur W\u00e4rmer\u00fcckgewinnung, W\u00e4rmepumpen-, Solar- und KWK-Anlagen<\/li>\n<li>f\u00fcr Geb\u00e4ude, die vor dem 1. Juli 1981 gebaut wurden und in denen die Heizung nicht reguliert werden kann<\/li>\n<li>in Geb\u00e4uden, in denen die verbrauchsabh\u00e4ngige Heizkostenabrechnung technisch unm\u00f6glich oder unwirtschaftlich ist.<\/li>\n<\/ul>\n<p>Die vollst\u00e4ndige Fassung der aktuellen Heizkostenverordnung findet Ihr auf <a href=\"https:\/\/www.gesetze-im-internet.de\/heizkostenv\/\" target=\"_blank\" rel=\"noopener\">www.gesetze-im-internet.de<\/a>.<\/p>\n<h2>Heizkostenverordnung hin oder her: Woran erkenne ich eine zu hohe Abrechnung?<\/h2>\n<p>Ihr habt den Eindruck, dass die Heizkosten in Eurer Abrechnung zu hoch sind? Dann lohnt sich ein Blick auf die Vergleichswerte des <a href=\"https:\/\/www.vaillant.de\/21-grad\/rat-und-tat\/jetzt-heizkosten-sparen\/\" target=\"_blank\" rel=\"noopener\">Heizspiegels f\u00fcr Deutschland<\/a>, die Euch bei der realistischen Einsch\u00e4tzung Eurer Abrechnung helfen. Sollte sich der Verdacht best\u00e4tigen, so habt Ihr die Chance, innerhalb von vier Wochen nach Zugang der Heiz- bzw. Nebenkostenabrechnung Einsicht in die Unterlagen zu nehmen. Dass Fehler bei der Abrechnung der Heizkosten gar nicht so selten sind, zeigt ein Blick in die Beratungsstatistiken der Mietervereine: In K\u00f6ln zum Beispiel wurden die Mitglieder im Jahr 2017 knapp 800 Mal zu diesem Thema beraten. Hier w\u00fcrdet Ihr im Falle eines Falles gegen einen geringen Mitgliedsbeitrag auch beraten werden und Unterst\u00fctzung erhalten.<\/p>\n","protected":false},"excerpt":{"rendered":"<p>Die Heizkostenverordnung hat eine gr\u00fcne Seele, denn sie motiviert Mieter zum sparsamen Verbrauch von W\u00e4rme und Warmwasser. Wie sie das schafft und was sie beinhaltet, erfahrt Ihr hier! <\/p>\n","protected":false},"author":19,"featured_media":3296,"comment_status":"open","ping_status":"open","sticky":false,"template":"","format":"standard","meta":{"footnotes":""},"categories":[3],"tags":[172,166],"coauthors":[243],"class_list":["post-3292","post","type-post","status-publish","format-standard","has-post-thumbnail","hentry","category-wissen-und-wert","tag-bauen-und-wohnen","tag-heiztechnik"],"yoast_head":"<!-- This site is optimized with the Yoast SEO plugin v27.4 - https:\/\/yoast.com\/product\/yoast-seo-wordpress\/ -->\n<title>Die Heizkostenverordnung: Gr\u00fcner als gedacht | 21 grad<\/title>\n<meta name=\"description\" content=\"Die Heizkostenverordnung motiviert Mieter zum sparsamen Verbrauch von W\u00e4rme und Warmwasser. Wie sie das schafft und was sie beinhaltet, erfahrt Ihr hier!\" \/>\n<meta name=\"robots\" content=\"index, follow, max-snippet:-1, max-image-preview:large, max-video-preview:-1\" \/>\n<link rel=\"canonical\" href=\"https:\/\/www.vaillant.de\/21-grad\/wissen-und-wert\/die-heizkostenverordnung-gruener-als-gedacht\/\" \/>\n<meta property=\"og:locale\" content=\"de_DE\" \/>\n<meta property=\"og:type\" content=\"article\" \/>\n<meta property=\"og:title\" content=\"Die Heizkostenverordnung: Gr\u00fcner als gedacht | 21 grad\" \/>\n<meta property=\"og:description\" content=\"Die Heizkostenverordnung motiviert Mieter zum sparsamen Verbrauch von W\u00e4rme und Warmwasser. Wie sie das schafft und was sie beinhaltet, erfahrt Ihr hier!\" \/>\n<meta property=\"og:url\" content=\"https:\/\/www.vaillant.de\/21-grad\/wissen-und-wert\/die-heizkostenverordnung-gruener-als-gedacht\/\" \/>\n<meta property=\"og:site_name\" content=\"21 grad\" \/>\n<meta property=\"article:publisher\" content=\"https:\/\/www.facebook.com\/21grad\/\" \/>\n<meta property=\"article:published_time\" content=\"2018-03-14T11:19:19+00:00\" \/>\n<meta property=\"article:modified_time\" content=\"2021-10-20T09:20:47+00:00\" \/>\n<meta property=\"og:image\" content=\"https:\/\/www.vaillant.de\/21-grad\/wp-content\/uploads\/2018\/03\/heizkostenv_940.jpg\" \/>\n\t<meta property=\"og:image:width\" content=\"940\" \/>\n\t<meta property=\"og:image:height\" content=\"480\" \/>\n\t<meta property=\"og:image:type\" content=\"image\/jpeg\" \/>\n<meta name=\"author\" content=\"Tim\" \/>\n<meta name=\"twitter:card\" content=\"summary_large_image\" \/>\n<meta name=\"twitter:creator\" content=\"@vaillant_de\" \/>\n<meta name=\"twitter:site\" content=\"@vaillant_de\" \/>\n<meta name=\"twitter:label1\" content=\"Verfasst von\" \/>\n\t<meta name=\"twitter:data1\" content=\"Tim\" \/>\n\t<meta name=\"twitter:label2\" content=\"Gesch\u00e4tzte Lesezeit\" \/>\n\t<meta name=\"twitter:data2\" content=\"5\u00a0Minuten\" \/>\n\t<meta name=\"twitter:label3\" content=\"Written by\" \/>\n\t<meta name=\"twitter:data3\" content=\"Tim\" \/>\n<script type=\"application\/ld+json\" class=\"yoast-schema-graph\">{\"@context\":\"https:\\\/\\\/schema.org\",\"@graph\":[{\"@type\":\"Article\",\"@id\":\"https:\\\/\\\/www.vaillant.de\\\/21-grad\\\/wissen-und-wert\\\/die-heizkostenverordnung-gruener-als-gedacht\\\/#article\",\"isPartOf\":{\"@id\":\"https:\\\/\\\/www.vaillant.de\\\/21-grad\\\/wissen-und-wert\\\/die-heizkostenverordnung-gruener-als-gedacht\\\/\"},\"author\":{\"name\":\"Tim\",\"@id\":\"https:\\\/\\\/www.vaillant.de\\\/21-grad\\\/#\\\/schema\\\/person\\\/6c5f5a4071f0c7be145a9df11dac0709\"},\"headline\":\"Die Heizkostenverordnung: Gr\u00fcner als gedacht\",\"datePublished\":\"2018-03-14T11:19:19+00:00\",\"dateModified\":\"2021-10-20T09:20:47+00:00\",\"mainEntityOfPage\":{\"@id\":\"https:\\\/\\\/www.vaillant.de\\\/21-grad\\\/wissen-und-wert\\\/die-heizkostenverordnung-gruener-als-gedacht\\\/\"},\"wordCount\":1065,\"commentCount\":0,\"image\":{\"@id\":\"https:\\\/\\\/www.vaillant.de\\\/21-grad\\\/wissen-und-wert\\\/die-heizkostenverordnung-gruener-als-gedacht\\\/#primaryimage\"},\"thumbnailUrl\":\"https:\\\/\\\/www.vaillant.de\\\/21-grad\\\/wp-content\\\/uploads\\\/2018\\\/03\\\/heizkostenv_940.jpg\",\"keywords\":[\"Bauen und Wohnen\",\"Heiztechnik\"],\"articleSection\":[\"Wissen &amp; Wert\"],\"inLanguage\":\"de\",\"potentialAction\":[{\"@type\":\"CommentAction\",\"name\":\"Comment\",\"target\":[\"https:\\\/\\\/www.vaillant.de\\\/21-grad\\\/wissen-und-wert\\\/die-heizkostenverordnung-gruener-als-gedacht\\\/#respond\"]}]},{\"@type\":\"WebPage\",\"@id\":\"https:\\\/\\\/www.vaillant.de\\\/21-grad\\\/wissen-und-wert\\\/die-heizkostenverordnung-gruener-als-gedacht\\\/\",\"url\":\"https:\\\/\\\/www.vaillant.de\\\/21-grad\\\/wissen-und-wert\\\/die-heizkostenverordnung-gruener-als-gedacht\\\/\",\"name\":\"Die Heizkostenverordnung: Gr\u00fcner als gedacht | 21 grad\",\"isPartOf\":{\"@id\":\"https:\\\/\\\/www.vaillant.de\\\/21-grad\\\/#website\"},\"primaryImageOfPage\":{\"@id\":\"https:\\\/\\\/www.vaillant.de\\\/21-grad\\\/wissen-und-wert\\\/die-heizkostenverordnung-gruener-als-gedacht\\\/#primaryimage\"},\"image\":{\"@id\":\"https:\\\/\\\/www.vaillant.de\\\/21-grad\\\/wissen-und-wert\\\/die-heizkostenverordnung-gruener-als-gedacht\\\/#primaryimage\"},\"thumbnailUrl\":\"https:\\\/\\\/www.vaillant.de\\\/21-grad\\\/wp-content\\\/uploads\\\/2018\\\/03\\\/heizkostenv_940.jpg\",\"datePublished\":\"2018-03-14T11:19:19+00:00\",\"dateModified\":\"2021-10-20T09:20:47+00:00\",\"author\":{\"@id\":\"https:\\\/\\\/www.vaillant.de\\\/21-grad\\\/#\\\/schema\\\/person\\\/6c5f5a4071f0c7be145a9df11dac0709\"},\"description\":\"Die Heizkostenverordnung motiviert Mieter zum sparsamen Verbrauch von W\u00e4rme und Warmwasser. Wie sie das schafft und was sie beinhaltet, erfahrt Ihr hier!\",\"breadcrumb\":{\"@id\":\"https:\\\/\\\/www.vaillant.de\\\/21-grad\\\/wissen-und-wert\\\/die-heizkostenverordnung-gruener-als-gedacht\\\/#breadcrumb\"},\"inLanguage\":\"de\",\"potentialAction\":[{\"@type\":\"ReadAction\",\"target\":[\"https:\\\/\\\/www.vaillant.de\\\/21-grad\\\/wissen-und-wert\\\/die-heizkostenverordnung-gruener-als-gedacht\\\/\"]}]},{\"@type\":\"ImageObject\",\"inLanguage\":\"de\",\"@id\":\"https:\\\/\\\/www.vaillant.de\\\/21-grad\\\/wissen-und-wert\\\/die-heizkostenverordnung-gruener-als-gedacht\\\/#primaryimage\",\"url\":\"https:\\\/\\\/www.vaillant.de\\\/21-grad\\\/wp-content\\\/uploads\\\/2018\\\/03\\\/heizkostenv_940.jpg\",\"contentUrl\":\"https:\\\/\\\/www.vaillant.de\\\/21-grad\\\/wp-content\\\/uploads\\\/2018\\\/03\\\/heizkostenv_940.jpg\",\"width\":940,\"height\":480,\"caption\":\"Heizkostenverordnung\"},{\"@type\":\"BreadcrumbList\",\"@id\":\"https:\\\/\\\/www.vaillant.de\\\/21-grad\\\/wissen-und-wert\\\/die-heizkostenverordnung-gruener-als-gedacht\\\/#breadcrumb\",\"itemListElement\":[{\"@type\":\"ListItem\",\"position\":1,\"name\":\"Startseite\",\"item\":\"https:\\\/\\\/www.vaillant.de\\\/21-grad\\\/\"},{\"@type\":\"ListItem\",\"position\":2,\"name\":\"Die Heizkostenverordnung: Gr\u00fcner als gedacht\"}]},{\"@type\":\"WebSite\",\"@id\":\"https:\\\/\\\/www.vaillant.de\\\/21-grad\\\/#website\",\"url\":\"https:\\\/\\\/www.vaillant.de\\\/21-grad\\\/\",\"name\":\"21 grad\",\"description\":\"Der Blog f\u00fcr Menschen, die weiterdenken\",\"potentialAction\":[{\"@type\":\"SearchAction\",\"target\":{\"@type\":\"EntryPoint\",\"urlTemplate\":\"https:\\\/\\\/www.vaillant.de\\\/21-grad\\\/?s={search_term_string}\"},\"query-input\":{\"@type\":\"PropertyValueSpecification\",\"valueRequired\":true,\"valueName\":\"search_term_string\"}}],\"inLanguage\":\"de\"},{\"@type\":\"Person\",\"@id\":\"https:\\\/\\\/www.vaillant.de\\\/21-grad\\\/#\\\/schema\\\/person\\\/6c5f5a4071f0c7be145a9df11dac0709\",\"name\":\"Tim\",\"image\":{\"@type\":\"ImageObject\",\"inLanguage\":\"de\",\"@id\":\"https:\\\/\\\/www.vaillant.de\\\/21-grad\\\/wp-content\\\/uploads\\\/2025\\\/04\\\/20230516_Vaillant-Mitarbeitershooting-Lennep_0005_MKP-1-125x125.jpg9c05c6497faaba75d1eddfe0b2afcc63\",\"url\":\"https:\\\/\\\/www.vaillant.de\\\/21-grad\\\/wp-content\\\/uploads\\\/2025\\\/04\\\/20230516_Vaillant-Mitarbeitershooting-Lennep_0005_MKP-1-125x125.jpg\",\"contentUrl\":\"https:\\\/\\\/www.vaillant.de\\\/21-grad\\\/wp-content\\\/uploads\\\/2025\\\/04\\\/20230516_Vaillant-Mitarbeitershooting-Lennep_0005_MKP-1-125x125.jpg\",\"caption\":\"Tim\"},\"description\":\"Ob Facebook oder Twitter, ob # oder @, ob Like oder Share \u2013 in meinem Arbeitsalltag dreht sich alles um Social Media. Ich sorge daf\u00fcr, dass unsere Zielgruppen sowohl informative als auch unterhaltsame und interaktive Inhalte mit Mehrwert auf unseren Kan\u00e4len finden. Nachhaltigkeit Nachhaltigkeit spielt vor allem in meiner Bewegung eine Rolle, da ich so viele Wege wie m\u00f6glich mit dem Rad zur\u00fccklege, u.a. den Weg zur Arbeit. Meiner Meinung nach wird viel zu oft auf das Auto zur\u00fcckgegriffen, vor allem f\u00fcr unn\u00f6tige Kurzstrecken unter 10 oder sogar weniger Minuten. Interessen Fu\u00dfball, Skifahren, Fitness, Unternehmungen in der Natur, Musik. Was w\u00fcrdest du mit auf eine einsame Insel nehmen? Einen Plattenspieler, ein gutes Buch und einen erfrischenden Drink. Wenn du eine Superkraft h\u00e4ttest, welche w\u00e4re das und warum? Ich w\u00fcrde mit meiner Superkraft gerne den Klimawandel aufhalten, da wir zwar viel reden, aber noch viel zu wenig daf\u00fcr tun.\",\"url\":\"https:\\\/\\\/www.vaillant.de\\\/21-grad\\\/autor\\\/tim\\\/\"}]}<\/script>\n<!-- \/ Yoast SEO plugin. -->","yoast_head_json":{"title":"Die Heizkostenverordnung: Gr\u00fcner als gedacht | 21 grad","description":"Die Heizkostenverordnung motiviert Mieter zum sparsamen Verbrauch von W\u00e4rme und Warmwasser. Wie sie das schafft und was sie beinhaltet, erfahrt Ihr hier!","robots":{"index":"index","follow":"follow","max-snippet":"max-snippet:-1","max-image-preview":"max-image-preview:large","max-video-preview":"max-video-preview:-1"},"canonical":"https:\/\/www.vaillant.de\/21-grad\/wissen-und-wert\/die-heizkostenverordnung-gruener-als-gedacht\/","og_locale":"de_DE","og_type":"article","og_title":"Die Heizkostenverordnung: Gr\u00fcner als gedacht | 21 grad","og_description":"Die Heizkostenverordnung motiviert Mieter zum sparsamen Verbrauch von W\u00e4rme und Warmwasser. Wie sie das schafft und was sie beinhaltet, erfahrt Ihr hier!","og_url":"https:\/\/www.vaillant.de\/21-grad\/wissen-und-wert\/die-heizkostenverordnung-gruener-als-gedacht\/","og_site_name":"21 grad","article_publisher":"https:\/\/www.facebook.com\/21grad\/","article_published_time":"2018-03-14T11:19:19+00:00","article_modified_time":"2021-10-20T09:20:47+00:00","og_image":[{"width":940,"height":480,"url":"https:\/\/www.vaillant.de\/21-grad\/wp-content\/uploads\/2018\/03\/heizkostenv_940.jpg","type":"image\/jpeg"}],"author":"Tim","twitter_card":"summary_large_image","twitter_creator":"@vaillant_de","twitter_site":"@vaillant_de","twitter_misc":{"Verfasst von":"Tim","Gesch\u00e4tzte Lesezeit":"5\u00a0Minuten","Written by":"Tim"},"schema":{"@context":"https:\/\/schema.org","@graph":[{"@type":"Article","@id":"https:\/\/www.vaillant.de\/21-grad\/wissen-und-wert\/die-heizkostenverordnung-gruener-als-gedacht\/#article","isPartOf":{"@id":"https:\/\/www.vaillant.de\/21-grad\/wissen-und-wert\/die-heizkostenverordnung-gruener-als-gedacht\/"},"author":{"name":"Tim","@id":"https:\/\/www.vaillant.de\/21-grad\/#\/schema\/person\/6c5f5a4071f0c7be145a9df11dac0709"},"headline":"Die Heizkostenverordnung: Gr\u00fcner als gedacht","datePublished":"2018-03-14T11:19:19+00:00","dateModified":"2021-10-20T09:20:47+00:00","mainEntityOfPage":{"@id":"https:\/\/www.vaillant.de\/21-grad\/wissen-und-wert\/die-heizkostenverordnung-gruener-als-gedacht\/"},"wordCount":1065,"commentCount":0,"image":{"@id":"https:\/\/www.vaillant.de\/21-grad\/wissen-und-wert\/die-heizkostenverordnung-gruener-als-gedacht\/#primaryimage"},"thumbnailUrl":"https:\/\/www.vaillant.de\/21-grad\/wp-content\/uploads\/2018\/03\/heizkostenv_940.jpg","keywords":["Bauen und Wohnen","Heiztechnik"],"articleSection":["Wissen &amp; Wert"],"inLanguage":"de","potentialAction":[{"@type":"CommentAction","name":"Comment","target":["https:\/\/www.vaillant.de\/21-grad\/wissen-und-wert\/die-heizkostenverordnung-gruener-als-gedacht\/#respond"]}]},{"@type":"WebPage","@id":"https:\/\/www.vaillant.de\/21-grad\/wissen-und-wert\/die-heizkostenverordnung-gruener-als-gedacht\/","url":"https:\/\/www.vaillant.de\/21-grad\/wissen-und-wert\/die-heizkostenverordnung-gruener-als-gedacht\/","name":"Die Heizkostenverordnung: Gr\u00fcner als gedacht | 21 grad","isPartOf":{"@id":"https:\/\/www.vaillant.de\/21-grad\/#website"},"primaryImageOfPage":{"@id":"https:\/\/www.vaillant.de\/21-grad\/wissen-und-wert\/die-heizkostenverordnung-gruener-als-gedacht\/#primaryimage"},"image":{"@id":"https:\/\/www.vaillant.de\/21-grad\/wissen-und-wert\/die-heizkostenverordnung-gruener-als-gedacht\/#primaryimage"},"thumbnailUrl":"https:\/\/www.vaillant.de\/21-grad\/wp-content\/uploads\/2018\/03\/heizkostenv_940.jpg","datePublished":"2018-03-14T11:19:19+00:00","dateModified":"2021-10-20T09:20:47+00:00","author":{"@id":"https:\/\/www.vaillant.de\/21-grad\/#\/schema\/person\/6c5f5a4071f0c7be145a9df11dac0709"},"description":"Die Heizkostenverordnung motiviert Mieter zum sparsamen Verbrauch von W\u00e4rme und Warmwasser. Wie sie das schafft und was sie beinhaltet, erfahrt Ihr hier!","breadcrumb":{"@id":"https:\/\/www.vaillant.de\/21-grad\/wissen-und-wert\/die-heizkostenverordnung-gruener-als-gedacht\/#breadcrumb"},"inLanguage":"de","potentialAction":[{"@type":"ReadAction","target":["https:\/\/www.vaillant.de\/21-grad\/wissen-und-wert\/die-heizkostenverordnung-gruener-als-gedacht\/"]}]},{"@type":"ImageObject","inLanguage":"de","@id":"https:\/\/www.vaillant.de\/21-grad\/wissen-und-wert\/die-heizkostenverordnung-gruener-als-gedacht\/#primaryimage","url":"https:\/\/www.vaillant.de\/21-grad\/wp-content\/uploads\/2018\/03\/heizkostenv_940.jpg","contentUrl":"https:\/\/www.vaillant.de\/21-grad\/wp-content\/uploads\/2018\/03\/heizkostenv_940.jpg","width":940,"height":480,"caption":"Heizkostenverordnung"},{"@type":"BreadcrumbList","@id":"https:\/\/www.vaillant.de\/21-grad\/wissen-und-wert\/die-heizkostenverordnung-gruener-als-gedacht\/#breadcrumb","itemListElement":[{"@type":"ListItem","position":1,"name":"Startseite","item":"https:\/\/www.vaillant.de\/21-grad\/"},{"@type":"ListItem","position":2,"name":"Die Heizkostenverordnung: Gr\u00fcner als gedacht"}]},{"@type":"WebSite","@id":"https:\/\/www.vaillant.de\/21-grad\/#website","url":"https:\/\/www.vaillant.de\/21-grad\/","name":"21 grad","description":"Der Blog f\u00fcr Menschen, die weiterdenken","potentialAction":[{"@type":"SearchAction","target":{"@type":"EntryPoint","urlTemplate":"https:\/\/www.vaillant.de\/21-grad\/?s={search_term_string}"},"query-input":{"@type":"PropertyValueSpecification","valueRequired":true,"valueName":"search_term_string"}}],"inLanguage":"de"},{"@type":"Person","@id":"https:\/\/www.vaillant.de\/21-grad\/#\/schema\/person\/6c5f5a4071f0c7be145a9df11dac0709","name":"Tim","image":{"@type":"ImageObject","inLanguage":"de","@id":"https:\/\/www.vaillant.de\/21-grad\/wp-content\/uploads\/2025\/04\/20230516_Vaillant-Mitarbeitershooting-Lennep_0005_MKP-1-125x125.jpg9c05c6497faaba75d1eddfe0b2afcc63","url":"https:\/\/www.vaillant.de\/21-grad\/wp-content\/uploads\/2025\/04\/20230516_Vaillant-Mitarbeitershooting-Lennep_0005_MKP-1-125x125.jpg","contentUrl":"https:\/\/www.vaillant.de\/21-grad\/wp-content\/uploads\/2025\/04\/20230516_Vaillant-Mitarbeitershooting-Lennep_0005_MKP-1-125x125.jpg","caption":"Tim"},"description":"Ob Facebook oder Twitter, ob # oder @, ob Like oder Share \u2013 in meinem Arbeitsalltag dreht sich alles um Social Media. Ich sorge daf\u00fcr, dass unsere Zielgruppen sowohl informative als auch unterhaltsame und interaktive Inhalte mit Mehrwert auf unseren Kan\u00e4len finden. Nachhaltigkeit Nachhaltigkeit spielt vor allem in meiner Bewegung eine Rolle, da ich so viele Wege wie m\u00f6glich mit dem Rad zur\u00fccklege, u.a. den Weg zur Arbeit. Meiner Meinung nach wird viel zu oft auf das Auto zur\u00fcckgegriffen, vor allem f\u00fcr unn\u00f6tige Kurzstrecken unter 10 oder sogar weniger Minuten. Interessen Fu\u00dfball, Skifahren, Fitness, Unternehmungen in der Natur, Musik. Was w\u00fcrdest du mit auf eine einsame Insel nehmen? Einen Plattenspieler, ein gutes Buch und einen erfrischenden Drink. Wenn du eine Superkraft h\u00e4ttest, welche w\u00e4re das und warum? Ich w\u00fcrde mit meiner Superkraft gerne den Klimawandel aufhalten, da wir zwar viel reden, aber noch viel zu wenig daf\u00fcr tun.","url":"https:\/\/www.vaillant.de\/21-grad\/autor\/tim\/"}]}},"_links":{"self":[{"href":"https:\/\/www.vaillant.de\/21-grad\/wp-json\/wp\/v2\/posts\/3292","targetHints":{"allow":["GET"]}}],"collection":[{"href":"https:\/\/www.vaillant.de\/21-grad\/wp-json\/wp\/v2\/posts"}],"about":[{"href":"https:\/\/www.vaillant.de\/21-grad\/wp-json\/wp\/v2\/types\/post"}],"author":[{"embeddable":true,"href":"https:\/\/www.vaillant.de\/21-grad\/wp-json\/wp\/v2\/users\/19"}],"replies":[{"embeddable":true,"href":"https:\/\/www.vaillant.de\/21-grad\/wp-json\/wp\/v2\/comments?post=3292"}],"version-history":[{"count":6,"href":"https:\/\/www.vaillant.de\/21-grad\/wp-json\/wp\/v2\/posts\/3292\/revisions"}],"predecessor-version":[{"id":6690,"href":"https:\/\/www.vaillant.de\/21-grad\/wp-json\/wp\/v2\/posts\/3292\/revisions\/6690"}],"wp:featuredmedia":[{"embeddable":true,"href":"https:\/\/www.vaillant.de\/21-grad\/wp-json\/wp\/v2\/media\/3296"}],"wp:attachment":[{"href":"https:\/\/www.vaillant.de\/21-grad\/wp-json\/wp\/v2\/media?parent=3292"}],"wp:term":[{"taxonomy":"category","embeddable":true,"href":"https:\/\/www.vaillant.de\/21-grad\/wp-json\/wp\/v2\/categories?post=3292"},{"taxonomy":"post_tag","embeddable":true,"href":"https:\/\/www.vaillant.de\/21-grad\/wp-json\/wp\/v2\/tags?post=3292"},{"taxonomy":"author","embeddable":true,"href":"https:\/\/www.vaillant.de\/21-grad\/wp-json\/wp\/v2\/coauthors?post=3292"}],"curies":[{"name":"wp","href":"https:\/\/api.w.org\/{rel}","templated":true}]}}