{"id":3707,"date":"2018-08-30T09:19:21","date_gmt":"2018-08-30T07:19:21","guid":{"rendered":"https:\/\/21-grad.vaillant.de\/?p=3707"},"modified":"2018-09-04T11:50:55","modified_gmt":"2018-09-04T09:50:55","slug":"auf-dem-weg-zum-mars","status":"publish","type":"post","link":"https:\/\/www.vaillant.de\/21-grad\/technik-und-trends\/auf-dem-weg-zum-mars\/","title":{"rendered":"Auf dem Weg zum Mars"},"content":{"rendered":"<p>Am 27. Juli stand er uns so nah wie selten: Rund 57 Millionen Kilometer war der Mars in dieser Nacht von der Erde entfernt und mit blo\u00dfem Auge zu beobachten. Der Grund: die sogenannte Marsopposition. Dabei steht die Erde auf einer Linie zwischen Mars und Sonne \u2013 und hat so die beste Aussicht auf den Roten Planeten. Diese g\u00fcnstige Konstellation wiederholt sich rund alle 15 Jahre, allerdings variiert die Entfernung wegen der ovalen Marsumlaufbahn stark. N\u00e4her als in diesem Jahr wird uns der Mars deshalb erst wieder 2287 kommen. So lange m\u00f6chten Wissenschaftler jedoch nicht warten: Ein Blick auf den aktuellen Stand der Marsforschung verr\u00e4t, wie Sonden und bemannte Marsfl\u00fcge den Roten Planeten erkunden sollen.<\/p>\n<h2>Wasser auf dem W\u00fcstenplaneten<\/h2>\n<p><a href=\"https:\/\/www.vaillant.de\/21-grad\/wp-content\/uploads\/2018\/08\/mars_galerie09_xl.jpg\"><img loading=\"lazy\" decoding=\"async\" class=\"size-medium wp-image-3712 alignright\" src=\"https:\/\/www.vaillant.de\/21-grad\/wp-content\/uploads\/2018\/08\/mars_galerie09_xl-412x232.jpg\" alt=\"Wasser auf dem Mars\" width=\"412\" height=\"232\" srcset=\"https:\/\/www.vaillant.de\/21-grad\/wp-content\/uploads\/2018\/08\/mars_galerie09_xl-412x232.jpg 412w, https:\/\/www.vaillant.de\/21-grad\/wp-content\/uploads\/2018\/08\/mars_galerie09_xl-768x432.jpg 768w, https:\/\/www.vaillant.de\/21-grad\/wp-content\/uploads\/2018\/08\/mars_galerie09_xl-853x480.jpg 853w, https:\/\/www.vaillant.de\/21-grad\/wp-content\/uploads\/2018\/08\/mars_galerie09_xl.jpg 1440w\" sizes=\"auto, (max-width: 412px) 100vw, 412px\" \/><\/a>Fl\u00fcssiges Wasser gilt als Voraussetzung f\u00fcr Leben auf dem Mars. Im Juli 2018 entdeckte ein italienisches Forschungsteam erstmals einen ausgedehnten See unter der Oberfl\u00e4che. Mit einer L\u00e4nge von 20 Kilometer ist es die gr\u00f6\u00dfte Ansammlung von fl\u00fcssigem Wasser, die jemals auf dem Roten Planeten aufgesp\u00fcrt wurde. Drei Jahre lang werteten die Wissenschaftler daf\u00fcr Daten der europ\u00e4ischen Sonde \u201e<a href=\"https:\/\/www.dlr.de\/dlr\/desktopdefault.aspx\/tabid-10333\/\" target=\"_blank\" rel=\"noopener\">Mars Express<\/a>\u201c\u00a0 aus. Sie hatte den S\u00fcdpol des Planeten mit Radarwellen untersucht. Ob im unterirdischen Gletschersee Leben m\u00f6glich ist, bleibt aber vorerst ungekl\u00e4rt: Die Wassertemperatur liegt n\u00e4mlich bei rund minus 70 Grad Celsius. Mehr Klarheit k\u00f6nnten die folgenden Marsmissionen bringen. Am 26. November 2018 soll die Sonde \u201e<a href=\"https:\/\/www.dlr.de\/dlr\/desktopdefault.aspx\/tabid-11031\/\" target=\"_blank\" rel=\"noopener\">InSight<\/a>\u201c der US-Raumfahrtbeh\u00f6rde NASA den Erdnachbarn erreichen. Ein station\u00e4rer Lander wird dann die Struktur und Zusammensetzung des Marsinneren untersuchen.<\/p>\n<h2>Probewohnen auf dem Mars<\/h2>\n<p><a href=\"https:\/\/www.vaillant.de\/21-grad\/wp-content\/uploads\/2018\/08\/Astronauten.jpg\"><img loading=\"lazy\" decoding=\"async\" class=\"alignleft size-medium wp-image-3714\" src=\"https:\/\/www.vaillant.de\/21-grad\/wp-content\/uploads\/2018\/08\/Astronauten-325x232.jpg\" alt=\"Astronauten\" width=\"325\" height=\"232\" srcset=\"https:\/\/www.vaillant.de\/21-grad\/wp-content\/uploads\/2018\/08\/Astronauten-325x232.jpg 325w, https:\/\/www.vaillant.de\/21-grad\/wp-content\/uploads\/2018\/08\/Astronauten-768x548.jpg 768w, https:\/\/www.vaillant.de\/21-grad\/wp-content\/uploads\/2018\/08\/Astronauten-672x480.jpg 672w, https:\/\/www.vaillant.de\/21-grad\/wp-content\/uploads\/2018\/08\/Astronauten.jpg 1500w\" sizes=\"auto, (max-width: 325px) 100vw, 325px\" \/><\/a>Sechs bis acht Monate \u2013 so lange w\u00fcrde ein Flug zum Mars dauern. Doch der monotone Aufenthalt an Bord w\u00e4re nicht die einzige Herausforderung f\u00fcr die Astronauten. Hinzu kommen die gesundheitlichen Gefahren kosmischer und solarer Strahlung. Ein Tag auf der Marsoberfl\u00e4che bringt zudem so viel Strahlungsbelastung aus nat\u00fcrlichen Quellen mit sich wie ein Jahr in Deutschland. Um die Besatzung auf k\u00fcnftige Marsexpeditionen vorzubereiten, simulieren Forscher deshalb die Umgebungsbedingungen auf der Erde. Ein Beispiel: Das Projekt \u201eAMADEE-18\u201c des <a href=\"https:\/\/oewf.org\/portfolio\/amadee-18\" target=\"_blank\" rel=\"noopener\">\u00d6sterreichischen Weltraum Forums (\u00d6WF)<\/a>. Im Februar 2018 f\u00fchrte das Team eine vierw\u00f6chige Marssimulation in der W\u00fcste des Sultanats Oman durch. F\u00fcr die 15-k\u00f6pfige Feldcrew standen dabei geologische und biologische Experimente unter extremen Bedingungen auf der Tagesordnung. So testeten die Analog-Astronauten unter anderem ein aufblasbares Gew\u00e4chshaus und Fahrzeuge mit Elektroantrieb.<\/p>\n<h2>Raumfahrt von morgen<\/h2>\n<p><a href=\"https:\/\/www.vaillant.de\/21-grad\/wp-content\/uploads\/2018\/08\/rakete.jpg\"><img loading=\"lazy\" decoding=\"async\" class=\"size-medium wp-image-3715 alignright\" src=\"https:\/\/www.vaillant.de\/21-grad\/wp-content\/uploads\/2018\/08\/rakete-348x232.jpg\" alt=\"Rakete\" width=\"348\" height=\"232\" srcset=\"https:\/\/www.vaillant.de\/21-grad\/wp-content\/uploads\/2018\/08\/rakete-348x232.jpg 348w, https:\/\/www.vaillant.de\/21-grad\/wp-content\/uploads\/2018\/08\/rakete-768x512.jpg 768w, https:\/\/www.vaillant.de\/21-grad\/wp-content\/uploads\/2018\/08\/rakete-720x480.jpg 720w, https:\/\/www.vaillant.de\/21-grad\/wp-content\/uploads\/2018\/08\/rakete.jpg 900w\" sizes=\"auto, (max-width: 348px) 100vw, 348px\" \/><\/a>Bis zur ersten bemannten Marsmission der internationalen Raumfahrtagenturen d\u00fcrfte es noch einige Jahre dauern. Sch\u00e4tzungen der NASA gehen fr\u00fchestens 2039 von der ersten Landung auf dem W\u00fcstenplaneten aus. Ambitionierter ist das US-amerikanische <a href=\"https:\/\/www.spacex.com\/mars\" target=\"_blank\" rel=\"noopener\">Raumfahrtunternehmen SpaceX<\/a>. Bereits 2025 sollen Menschen nach Angaben des Gr\u00fcnders Elon Musk erstmals einen Fu\u00df auf den Mars setzen. M\u00f6glich machen k\u00f6nnte das ein innovatives Raketenkonzept, die \u201eBig Falcon Rocket\u201c (BFR). Die Idee dahinter: Anders als bei herk\u00f6mmlichen Modellen sollen sich die Raketenstufen wiederverwenden lassen. Die Erststufe dient als Hauptantrieb, um rund 150 Tonnen Nutzlast ins All zu bef\u00f6rdern. Die abtrennbare Oberstufe soll daraufhin Passagiere und Ausr\u00fcstung auf den Mond transportieren. Anschlie\u00dfend kehren beide Module zur Erde zur\u00fcck, um Treibstoff und neue Ladung aufzunehmen. Das w\u00fcrde Kosten sparen und eine flexiblere Raumfahrt erm\u00f6glichen.<\/p>\n<div class=\"infobox hint\"><\/p>\n<p><strong>Zeitplan f\u00fcr eine m\u00f6gliche Marsbesiedelung<\/strong><\/p>\n<p>Noch ist Leben auf dem Mars eine Zukunftsvision. So k\u00f6nnten die ersten 1.000 Jahre der Menschheit auf dem Roten Planeten verlaufen.<\/p>\n<p><strong>Ankunft<\/strong>: Die ersten Siedler installieren eine Wohneinheit auf dem Mars.<\/p>\n<p><strong>100 Jahre:<\/strong> Um die Atmosph\u00e4re zu verdichten, m\u00fcssen die Marsbewohner das an den Polkappen gebundene CO2 freisetzen. Mit Spiegeln konzentriertes Sonnenlicht taut das Eis auf.<\/p>\n<p><strong>200 Jahre:<\/strong> Regen f\u00e4llt und Wasser flie\u00dft, sobald genug CO2 in der Atmosph\u00e4re die mittlere Temperatur \u00fcber den Gefrierpunkt angehoben hat. Bakterien, Algen und Flechten beginnen, die steinige W\u00fcste <strong>zu besiedeln.<\/strong><\/p>\n<p><strong>600 Jahre:<\/strong> Bl\u00fctenpflanzen lassen sich auss\u00e4en, wenn Mikroben eine Bodendecke geschaffen und Sauerstoff produziert haben. Bald schlagen irdische B\u00e4ume aus n\u00f6rdlichen Breiten Wurzeln.<\/p>\n<p><strong>900 Jahre:<\/strong> Energie f\u00fcr wachsende St\u00e4dte wird zun\u00e4chst von Atomkraftwerken und Windkraftanlagen produziert.<\/p>\n<p><strong>1.000 Jahre:<\/strong> Der Sauerstoffgehalt der Luft steigt langsam an. Allerdings k\u00f6nnen Marsbewohner weiterhin nur mit Atemger\u00e4ten ins Freie.<\/p>\n<p><\/div>\n<p>Mehr Informationen zu einem m\u00f6glichen Umzug auf den Mars finden Sie <a href=\"https:\/\/www.nationalgeographic.de\/wissenschaft\/der-mars-bald-eine-reise-wert\" target=\"_blank\" rel=\"noopener\">hier.<\/a><\/p>\n","protected":false},"excerpt":{"rendered":"<p>Bis vor kurzem leuchtete er besonders hell am Nachthimmel: der Mars. Doch nicht nur durch das Teleskop ist der Erdnachbar einen Blick wert. Forscher weltweit arbeiten daran, dem Roten Planeten seine Geheimnisse zu entlocken \u2013 mit Raumsonden, Simulationen und bemannten Missionen.<\/p>\n","protected":false},"author":6,"featured_media":3710,"comment_status":"open","ping_status":"open","sticky":false,"template":"","format":"standard","meta":{"footnotes":""},"categories":[4],"tags":[165],"coauthors":[70],"class_list":["post-3707","post","type-post","status-publish","format-standard","has-post-thumbnail","hentry","category-technik-und-trends","tag-zukunftstrends"],"yoast_head":"<!-- This site is optimized with the Yoast SEO plugin v27.4 - https:\/\/yoast.com\/product\/yoast-seo-wordpress\/ -->\n<title>Auf dem Weg zum Mars<\/title>\n<meta name=\"description\" content=\"Die Erde ist dem Mars so nah wie selten. Der Vaillant Blog 21grad zeigt, wie Forscher den Erdnachbarn mit innovativen Technologien erkunden wollen.\" \/>\n<meta name=\"robots\" content=\"index, follow, max-snippet:-1, max-image-preview:large, max-video-preview:-1\" \/>\n<link rel=\"canonical\" href=\"https:\/\/www.vaillant.de\/21-grad\/technik-und-trends\/auf-dem-weg-zum-mars\/\" \/>\n<meta property=\"og:locale\" content=\"de_DE\" \/>\n<meta property=\"og:type\" content=\"article\" \/>\n<meta property=\"og:title\" content=\"Auf dem Weg zum Mars\" \/>\n<meta property=\"og:description\" content=\"Die Erde ist dem Mars so nah wie selten. Der Vaillant Blog 21grad zeigt, wie Forscher den Erdnachbarn mit innovativen Technologien erkunden wollen.\" \/>\n<meta property=\"og:url\" content=\"https:\/\/www.vaillant.de\/21-grad\/technik-und-trends\/auf-dem-weg-zum-mars\/\" \/>\n<meta property=\"og:site_name\" content=\"21 grad\" \/>\n<meta property=\"article:publisher\" content=\"https:\/\/www.facebook.com\/21grad\/\" \/>\n<meta property=\"article:published_time\" content=\"2018-08-30T07:19:21+00:00\" \/>\n<meta property=\"article:modified_time\" content=\"2018-09-04T09:50:55+00:00\" \/>\n<meta property=\"og:image\" content=\"https:\/\/www.vaillant.de\/21-grad\/wp-content\/uploads\/2018\/08\/mars_940.jpg\" \/>\n\t<meta property=\"og:image:width\" content=\"940\" \/>\n\t<meta property=\"og:image:height\" content=\"480\" \/>\n\t<meta property=\"og:image:type\" content=\"image\/jpeg\" \/>\n<meta name=\"author\" content=\"Marcus\" \/>\n<meta name=\"twitter:card\" content=\"summary_large_image\" \/>\n<meta name=\"twitter:creator\" content=\"@vaillant_de\" \/>\n<meta name=\"twitter:site\" content=\"@vaillant_de\" \/>\n<meta name=\"twitter:label1\" content=\"Verfasst von\" \/>\n\t<meta name=\"twitter:data1\" content=\"Marcus\" \/>\n\t<meta name=\"twitter:label2\" content=\"Gesch\u00e4tzte Lesezeit\" \/>\n\t<meta name=\"twitter:data2\" content=\"4\u00a0Minuten\" \/>\n\t<meta name=\"twitter:label3\" content=\"Written by\" \/>\n\t<meta name=\"twitter:data3\" content=\"Marcus\" \/>\n<script type=\"application\/ld+json\" class=\"yoast-schema-graph\">{\"@context\":\"https:\\\/\\\/schema.org\",\"@graph\":[{\"@type\":\"Article\",\"@id\":\"https:\\\/\\\/www.vaillant.de\\\/21-grad\\\/technik-und-trends\\\/auf-dem-weg-zum-mars\\\/#article\",\"isPartOf\":{\"@id\":\"https:\\\/\\\/www.vaillant.de\\\/21-grad\\\/technik-und-trends\\\/auf-dem-weg-zum-mars\\\/\"},\"author\":{\"name\":\"Marcus\",\"@id\":\"https:\\\/\\\/www.vaillant.de\\\/21-grad\\\/#\\\/schema\\\/person\\\/d79d2ba98cd3da7ae5877706050352da\"},\"headline\":\"Auf dem Weg zum Mars\",\"datePublished\":\"2018-08-30T07:19:21+00:00\",\"dateModified\":\"2018-09-04T09:50:55+00:00\",\"mainEntityOfPage\":{\"@id\":\"https:\\\/\\\/www.vaillant.de\\\/21-grad\\\/technik-und-trends\\\/auf-dem-weg-zum-mars\\\/\"},\"wordCount\":714,\"commentCount\":0,\"image\":{\"@id\":\"https:\\\/\\\/www.vaillant.de\\\/21-grad\\\/technik-und-trends\\\/auf-dem-weg-zum-mars\\\/#primaryimage\"},\"thumbnailUrl\":\"https:\\\/\\\/www.vaillant.de\\\/21-grad\\\/wp-content\\\/uploads\\\/2018\\\/08\\\/mars_940.jpg\",\"keywords\":[\"Zukunftstrends\"],\"articleSection\":[\"Technik &amp; Trends\"],\"inLanguage\":\"de\",\"potentialAction\":[{\"@type\":\"CommentAction\",\"name\":\"Comment\",\"target\":[\"https:\\\/\\\/www.vaillant.de\\\/21-grad\\\/technik-und-trends\\\/auf-dem-weg-zum-mars\\\/#respond\"]}]},{\"@type\":\"WebPage\",\"@id\":\"https:\\\/\\\/www.vaillant.de\\\/21-grad\\\/technik-und-trends\\\/auf-dem-weg-zum-mars\\\/\",\"url\":\"https:\\\/\\\/www.vaillant.de\\\/21-grad\\\/technik-und-trends\\\/auf-dem-weg-zum-mars\\\/\",\"name\":\"Auf dem Weg zum Mars\",\"isPartOf\":{\"@id\":\"https:\\\/\\\/www.vaillant.de\\\/21-grad\\\/#website\"},\"primaryImageOfPage\":{\"@id\":\"https:\\\/\\\/www.vaillant.de\\\/21-grad\\\/technik-und-trends\\\/auf-dem-weg-zum-mars\\\/#primaryimage\"},\"image\":{\"@id\":\"https:\\\/\\\/www.vaillant.de\\\/21-grad\\\/technik-und-trends\\\/auf-dem-weg-zum-mars\\\/#primaryimage\"},\"thumbnailUrl\":\"https:\\\/\\\/www.vaillant.de\\\/21-grad\\\/wp-content\\\/uploads\\\/2018\\\/08\\\/mars_940.jpg\",\"datePublished\":\"2018-08-30T07:19:21+00:00\",\"dateModified\":\"2018-09-04T09:50:55+00:00\",\"author\":{\"@id\":\"https:\\\/\\\/www.vaillant.de\\\/21-grad\\\/#\\\/schema\\\/person\\\/d79d2ba98cd3da7ae5877706050352da\"},\"description\":\"Die Erde ist dem Mars so nah wie selten. Der Vaillant Blog 21grad zeigt, wie Forscher den Erdnachbarn mit innovativen Technologien erkunden wollen.\",\"breadcrumb\":{\"@id\":\"https:\\\/\\\/www.vaillant.de\\\/21-grad\\\/technik-und-trends\\\/auf-dem-weg-zum-mars\\\/#breadcrumb\"},\"inLanguage\":\"de\",\"potentialAction\":[{\"@type\":\"ReadAction\",\"target\":[\"https:\\\/\\\/www.vaillant.de\\\/21-grad\\\/technik-und-trends\\\/auf-dem-weg-zum-mars\\\/\"]}]},{\"@type\":\"ImageObject\",\"inLanguage\":\"de\",\"@id\":\"https:\\\/\\\/www.vaillant.de\\\/21-grad\\\/technik-und-trends\\\/auf-dem-weg-zum-mars\\\/#primaryimage\",\"url\":\"https:\\\/\\\/www.vaillant.de\\\/21-grad\\\/wp-content\\\/uploads\\\/2018\\\/08\\\/mars_940.jpg\",\"contentUrl\":\"https:\\\/\\\/www.vaillant.de\\\/21-grad\\\/wp-content\\\/uploads\\\/2018\\\/08\\\/mars_940.jpg\",\"width\":940,\"height\":480,\"caption\":\"Mars\"},{\"@type\":\"BreadcrumbList\",\"@id\":\"https:\\\/\\\/www.vaillant.de\\\/21-grad\\\/technik-und-trends\\\/auf-dem-weg-zum-mars\\\/#breadcrumb\",\"itemListElement\":[{\"@type\":\"ListItem\",\"position\":1,\"name\":\"Startseite\",\"item\":\"https:\\\/\\\/www.vaillant.de\\\/21-grad\\\/\"},{\"@type\":\"ListItem\",\"position\":2,\"name\":\"Auf dem Weg zum Mars\"}]},{\"@type\":\"WebSite\",\"@id\":\"https:\\\/\\\/www.vaillant.de\\\/21-grad\\\/#website\",\"url\":\"https:\\\/\\\/www.vaillant.de\\\/21-grad\\\/\",\"name\":\"21 grad\",\"description\":\"Der Blog f\u00fcr Menschen, die weiterdenken\",\"potentialAction\":[{\"@type\":\"SearchAction\",\"target\":{\"@type\":\"EntryPoint\",\"urlTemplate\":\"https:\\\/\\\/www.vaillant.de\\\/21-grad\\\/?s={search_term_string}\"},\"query-input\":{\"@type\":\"PropertyValueSpecification\",\"valueRequired\":true,\"valueName\":\"search_term_string\"}}],\"inLanguage\":\"de\"},{\"@type\":\"Person\",\"@id\":\"https:\\\/\\\/www.vaillant.de\\\/21-grad\\\/#\\\/schema\\\/person\\\/d79d2ba98cd3da7ae5877706050352da\",\"name\":\"Marcus\",\"image\":{\"@type\":\"ImageObject\",\"inLanguage\":\"de\",\"@id\":\"https:\\\/\\\/www.vaillant.de\\\/21-grad\\\/wp-content\\\/uploads\\\/2026\\\/01\\\/Marcus-125x125.jpg9d3430f1bc55d5a5d47a1162a14ae1af\",\"url\":\"https:\\\/\\\/www.vaillant.de\\\/21-grad\\\/wp-content\\\/uploads\\\/2026\\\/01\\\/Marcus-125x125.jpg\",\"contentUrl\":\"https:\\\/\\\/www.vaillant.de\\\/21-grad\\\/wp-content\\\/uploads\\\/2026\\\/01\\\/Marcus-125x125.jpg\",\"caption\":\"Marcus\"},\"description\":\"Willkommen in der wunderbaren Welt des 21grad Blogs. Als Medien- und Kooperationsmanager bin ich bei Vaillant Deutschland u.a. f\u00fcr unsere Fach- und Branchenkommunikation zust\u00e4ndig. Ich freue mich auf den Dialog mit Euch. :-) Nachhaltigkeit Bewusster Konsum und soziales Engagement liegen mir sehr am Herzen. Zuhause nutze ich \u00d6kostrom und Biogas, bei Lebensmitteln sind mir Labels wie Fair-Trade oder Bio sehr wichtig. Ich bin Sportwart beim Tennisclub Gr\u00fcn-Wei\u00df Lennep und engagiere mich auch f\u00fcr Aktion Mensch oder SOS-Kinderdorf. Interessen Unternehmungen mit Familie und Freunden, Tennis, Rock-Konzerte, Kino, B\u00fccher (z.B. Hornby, Eschbach, Uschmann) Was wolltest du als Kind gerne werden? Um es mit den \u00c4rzten zu sagen: Popstar, Bademeister oder Astronaut Was bringt dich auf die Palme? Menschen, die Schuld immer bei anderen suchen oder auch nat\u00fcrlich eine leckere Kokosnuss Was war der beste Rat, den du jemals erhalten hast? \u201eDenke in L\u00f6sungen, nicht in Problemen.\u201c\",\"url\":\"https:\\\/\\\/www.vaillant.de\\\/21-grad\\\/autor\\\/marcus\\\/\"}]}<\/script>\n<!-- \/ Yoast SEO plugin. -->","yoast_head_json":{"title":"Auf dem Weg zum Mars","description":"Die Erde ist dem Mars so nah wie selten. Der Vaillant Blog 21grad zeigt, wie Forscher den Erdnachbarn mit innovativen Technologien erkunden wollen.","robots":{"index":"index","follow":"follow","max-snippet":"max-snippet:-1","max-image-preview":"max-image-preview:large","max-video-preview":"max-video-preview:-1"},"canonical":"https:\/\/www.vaillant.de\/21-grad\/technik-und-trends\/auf-dem-weg-zum-mars\/","og_locale":"de_DE","og_type":"article","og_title":"Auf dem Weg zum Mars","og_description":"Die Erde ist dem Mars so nah wie selten. Der Vaillant Blog 21grad zeigt, wie Forscher den Erdnachbarn mit innovativen Technologien erkunden wollen.","og_url":"https:\/\/www.vaillant.de\/21-grad\/technik-und-trends\/auf-dem-weg-zum-mars\/","og_site_name":"21 grad","article_publisher":"https:\/\/www.facebook.com\/21grad\/","article_published_time":"2018-08-30T07:19:21+00:00","article_modified_time":"2018-09-04T09:50:55+00:00","og_image":[{"width":940,"height":480,"url":"https:\/\/www.vaillant.de\/21-grad\/wp-content\/uploads\/2018\/08\/mars_940.jpg","type":"image\/jpeg"}],"author":"Marcus","twitter_card":"summary_large_image","twitter_creator":"@vaillant_de","twitter_site":"@vaillant_de","twitter_misc":{"Verfasst von":"Marcus","Gesch\u00e4tzte Lesezeit":"4\u00a0Minuten","Written by":"Marcus"},"schema":{"@context":"https:\/\/schema.org","@graph":[{"@type":"Article","@id":"https:\/\/www.vaillant.de\/21-grad\/technik-und-trends\/auf-dem-weg-zum-mars\/#article","isPartOf":{"@id":"https:\/\/www.vaillant.de\/21-grad\/technik-und-trends\/auf-dem-weg-zum-mars\/"},"author":{"name":"Marcus","@id":"https:\/\/www.vaillant.de\/21-grad\/#\/schema\/person\/d79d2ba98cd3da7ae5877706050352da"},"headline":"Auf dem Weg zum Mars","datePublished":"2018-08-30T07:19:21+00:00","dateModified":"2018-09-04T09:50:55+00:00","mainEntityOfPage":{"@id":"https:\/\/www.vaillant.de\/21-grad\/technik-und-trends\/auf-dem-weg-zum-mars\/"},"wordCount":714,"commentCount":0,"image":{"@id":"https:\/\/www.vaillant.de\/21-grad\/technik-und-trends\/auf-dem-weg-zum-mars\/#primaryimage"},"thumbnailUrl":"https:\/\/www.vaillant.de\/21-grad\/wp-content\/uploads\/2018\/08\/mars_940.jpg","keywords":["Zukunftstrends"],"articleSection":["Technik &amp; Trends"],"inLanguage":"de","potentialAction":[{"@type":"CommentAction","name":"Comment","target":["https:\/\/www.vaillant.de\/21-grad\/technik-und-trends\/auf-dem-weg-zum-mars\/#respond"]}]},{"@type":"WebPage","@id":"https:\/\/www.vaillant.de\/21-grad\/technik-und-trends\/auf-dem-weg-zum-mars\/","url":"https:\/\/www.vaillant.de\/21-grad\/technik-und-trends\/auf-dem-weg-zum-mars\/","name":"Auf dem Weg zum Mars","isPartOf":{"@id":"https:\/\/www.vaillant.de\/21-grad\/#website"},"primaryImageOfPage":{"@id":"https:\/\/www.vaillant.de\/21-grad\/technik-und-trends\/auf-dem-weg-zum-mars\/#primaryimage"},"image":{"@id":"https:\/\/www.vaillant.de\/21-grad\/technik-und-trends\/auf-dem-weg-zum-mars\/#primaryimage"},"thumbnailUrl":"https:\/\/www.vaillant.de\/21-grad\/wp-content\/uploads\/2018\/08\/mars_940.jpg","datePublished":"2018-08-30T07:19:21+00:00","dateModified":"2018-09-04T09:50:55+00:00","author":{"@id":"https:\/\/www.vaillant.de\/21-grad\/#\/schema\/person\/d79d2ba98cd3da7ae5877706050352da"},"description":"Die Erde ist dem Mars so nah wie selten. Der Vaillant Blog 21grad zeigt, wie Forscher den Erdnachbarn mit innovativen Technologien erkunden wollen.","breadcrumb":{"@id":"https:\/\/www.vaillant.de\/21-grad\/technik-und-trends\/auf-dem-weg-zum-mars\/#breadcrumb"},"inLanguage":"de","potentialAction":[{"@type":"ReadAction","target":["https:\/\/www.vaillant.de\/21-grad\/technik-und-trends\/auf-dem-weg-zum-mars\/"]}]},{"@type":"ImageObject","inLanguage":"de","@id":"https:\/\/www.vaillant.de\/21-grad\/technik-und-trends\/auf-dem-weg-zum-mars\/#primaryimage","url":"https:\/\/www.vaillant.de\/21-grad\/wp-content\/uploads\/2018\/08\/mars_940.jpg","contentUrl":"https:\/\/www.vaillant.de\/21-grad\/wp-content\/uploads\/2018\/08\/mars_940.jpg","width":940,"height":480,"caption":"Mars"},{"@type":"BreadcrumbList","@id":"https:\/\/www.vaillant.de\/21-grad\/technik-und-trends\/auf-dem-weg-zum-mars\/#breadcrumb","itemListElement":[{"@type":"ListItem","position":1,"name":"Startseite","item":"https:\/\/www.vaillant.de\/21-grad\/"},{"@type":"ListItem","position":2,"name":"Auf dem Weg zum Mars"}]},{"@type":"WebSite","@id":"https:\/\/www.vaillant.de\/21-grad\/#website","url":"https:\/\/www.vaillant.de\/21-grad\/","name":"21 grad","description":"Der Blog f\u00fcr Menschen, die weiterdenken","potentialAction":[{"@type":"SearchAction","target":{"@type":"EntryPoint","urlTemplate":"https:\/\/www.vaillant.de\/21-grad\/?s={search_term_string}"},"query-input":{"@type":"PropertyValueSpecification","valueRequired":true,"valueName":"search_term_string"}}],"inLanguage":"de"},{"@type":"Person","@id":"https:\/\/www.vaillant.de\/21-grad\/#\/schema\/person\/d79d2ba98cd3da7ae5877706050352da","name":"Marcus","image":{"@type":"ImageObject","inLanguage":"de","@id":"https:\/\/www.vaillant.de\/21-grad\/wp-content\/uploads\/2026\/01\/Marcus-125x125.jpg9d3430f1bc55d5a5d47a1162a14ae1af","url":"https:\/\/www.vaillant.de\/21-grad\/wp-content\/uploads\/2026\/01\/Marcus-125x125.jpg","contentUrl":"https:\/\/www.vaillant.de\/21-grad\/wp-content\/uploads\/2026\/01\/Marcus-125x125.jpg","caption":"Marcus"},"description":"Willkommen in der wunderbaren Welt des 21grad Blogs. Als Medien- und Kooperationsmanager bin ich bei Vaillant Deutschland u.a. f\u00fcr unsere Fach- und Branchenkommunikation zust\u00e4ndig. Ich freue mich auf den Dialog mit Euch. :-) Nachhaltigkeit Bewusster Konsum und soziales Engagement liegen mir sehr am Herzen. Zuhause nutze ich \u00d6kostrom und Biogas, bei Lebensmitteln sind mir Labels wie Fair-Trade oder Bio sehr wichtig. Ich bin Sportwart beim Tennisclub Gr\u00fcn-Wei\u00df Lennep und engagiere mich auch f\u00fcr Aktion Mensch oder SOS-Kinderdorf. Interessen Unternehmungen mit Familie und Freunden, Tennis, Rock-Konzerte, Kino, B\u00fccher (z.B. Hornby, Eschbach, Uschmann) Was wolltest du als Kind gerne werden? Um es mit den \u00c4rzten zu sagen: Popstar, Bademeister oder Astronaut Was bringt dich auf die Palme? Menschen, die Schuld immer bei anderen suchen oder auch nat\u00fcrlich eine leckere Kokosnuss Was war der beste Rat, den du jemals erhalten hast? \u201eDenke in L\u00f6sungen, nicht in Problemen.\u201c","url":"https:\/\/www.vaillant.de\/21-grad\/autor\/marcus\/"}]}},"_links":{"self":[{"href":"https:\/\/www.vaillant.de\/21-grad\/wp-json\/wp\/v2\/posts\/3707","targetHints":{"allow":["GET"]}}],"collection":[{"href":"https:\/\/www.vaillant.de\/21-grad\/wp-json\/wp\/v2\/posts"}],"about":[{"href":"https:\/\/www.vaillant.de\/21-grad\/wp-json\/wp\/v2\/types\/post"}],"author":[{"embeddable":true,"href":"https:\/\/www.vaillant.de\/21-grad\/wp-json\/wp\/v2\/users\/6"}],"replies":[{"embeddable":true,"href":"https:\/\/www.vaillant.de\/21-grad\/wp-json\/wp\/v2\/comments?post=3707"}],"version-history":[{"count":3,"href":"https:\/\/www.vaillant.de\/21-grad\/wp-json\/wp\/v2\/posts\/3707\/revisions"}],"predecessor-version":[{"id":3717,"href":"https:\/\/www.vaillant.de\/21-grad\/wp-json\/wp\/v2\/posts\/3707\/revisions\/3717"}],"wp:featuredmedia":[{"embeddable":true,"href":"https:\/\/www.vaillant.de\/21-grad\/wp-json\/wp\/v2\/media\/3710"}],"wp:attachment":[{"href":"https:\/\/www.vaillant.de\/21-grad\/wp-json\/wp\/v2\/media?parent=3707"}],"wp:term":[{"taxonomy":"category","embeddable":true,"href":"https:\/\/www.vaillant.de\/21-grad\/wp-json\/wp\/v2\/categories?post=3707"},{"taxonomy":"post_tag","embeddable":true,"href":"https:\/\/www.vaillant.de\/21-grad\/wp-json\/wp\/v2\/tags?post=3707"},{"taxonomy":"author","embeddable":true,"href":"https:\/\/www.vaillant.de\/21-grad\/wp-json\/wp\/v2\/coauthors?post=3707"}],"curies":[{"name":"wp","href":"https:\/\/api.w.org\/{rel}","templated":true}]}}