{"id":3819,"date":"2018-10-16T16:20:28","date_gmt":"2018-10-16T14:20:28","guid":{"rendered":"https:\/\/21-grad.vaillant.de\/?p=3819"},"modified":"2026-01-28T09:52:06","modified_gmt":"2026-01-28T08:52:06","slug":"waermepumpe-und-pv","status":"publish","type":"post","link":"https:\/\/www.vaillant.de\/21-grad\/rat-und-tat\/waermepumpe-und-pv\/","title":{"rendered":"Nachhaltig heizen: Kombination W\u00e4rmepumpe und PV passt perfekt"},"content":{"rendered":"<p>Nach der Ausbildung oder dem Studium und ein paar Jahren im Beruf steht irgendwann wohl jeder vor derselben Frage: Will ich, wollen wir k\u00fcnftig weiter teure Miete zahlen oder nicht doch besser das Geld in eine eigene Immobilie investieren? Gute Gr\u00fcnde gibt es daf\u00fcr gerade in der momentanen Niedrigzinsphase genug. Also ran an das gr\u00f6\u00dfte Investitionsprojekt, das die meisten von uns in ihrem Leben stemmen werden.<\/p>\n<p>Dabei nur auf den Kaufpreis und die entsprechende Finanzierung zu achten, ist allerdings zu kurz gegriffen. Nach Berechnungen von Fachleuten macht der Kaufpreis n\u00e4mlich nur etwa 20 Prozent der Gesamtkosten einer Immobilie aus, 80 Prozent entstehen, w\u00e4hrend man darin wohnt. Beispielsweise f\u00fcr Umbauten und Renovierungen, vor allem aber durch laufende Kosten, unter anderem die Erzeugung von W\u00e4rme und Warmwasser.<\/p>\n<p>Noch bis vor wenigen Jahren musste man diese Kosten gewisserma\u00dfen hinnehmen, weil fast nur mit \u00d6l oder Gas geheizt wurde \u2013 und das ist teuer. Heute kann man hingegen mit der Kombination W\u00e4rmepumpe und Photovoltaik, also Strom aus Sonnenenergie, nachhaltig heizen und Warmwasser erzeugen.<\/p>\n<h2>Clevere Kombination: W\u00e4rmepumpe und PV<\/h2>\n<p>Wie das funktioniert, ist eigentlich ganz einfach: Eine <a href=\"https:\/\/www.vaillant.de\/heizung\/heizung-verstehen\/technologie-verstehen\/waermepumpe\/\">W\u00e4rmepumpe<\/a> gewinnt etwa 75 Prozent ihrer Energie aus Umweltw\u00e4rme. Also aus der Luft, dem Boden oder aus dem Grundwasser. Nur 25 Prozent sind als (elektrische) Antriebsenergie n\u00f6tig. Diesen Strom kann man ganz einfach \u00fcber die eigene <a href=\"https:\/\/www.vaillant.de\/heizung\/heizung-verstehen\/technologie-verstehen\/solarenergie\/photovoltaik\/\">Photovoltaikanlage<\/a> (PV) auf dem Hausdach erzeugen. Je nach Anwendung decken 10 bis 12 PV-Module den Bedarf eines 4-Personenhaushaltes gut ab. Mit etwa 20 m\u00b2 Gesamtfl\u00e4che passen die einfach zu montierenden Module sogar auf ein kleines Hausdach. Selbst wenn dieses Modulfeld nur nach S\u00fcden ausgerichtet ist, kann es zu einem guten Ergebnis f\u00fchren. Idealerweise werden sie jedoch unterschiedlich ausgerichtet und beispielsweise auf zwei Dachfl\u00e4chen montiert (Ost\/West-Ausrichtung), um m\u00f6glichst viele Sonnenstunden auszunutzen.<\/p>\n<h2><strong>Mit Batteriespeicher noch effizienter<\/strong><\/h2>\n<p>Leider scheint die Sonne aber nur tags\u00fcber. Am meisten Energie wird \u00fcblicherweise jedoch fr\u00fchmorgens oder abends gebraucht, f\u00fcr Beleuchtung, zum Kochen, die Waschmaschine und ein warmes Bad. Der Sonnenstrom muss also gespeichert werden, um ihn m\u00f6glichst effizient ausnutzen zu k\u00f6nnen. Daf\u00fcr liefern die Hersteller f\u00fcr das nachhaltige System aus W\u00e4rmepumpe und PV spezielle <a href=\"https:\/\/www.vaillant.de\/heizung\/produkte\/produktgruppen\/photovoltaik\/\" target=\"_blank\" rel=\"noopener\">Batteriespeicher<\/a>. Sie sehen aus wie ein mittelgro\u00dfer K\u00fchlschrank und lassen sich genauso einfach im Keller oder im Hauswirtschaftsraum aufstellen.<\/p>\n<p>Eine intelligente Elektronik k\u00fcmmert sich dann darum, den auf dem Hausdach erzeugten Strom m\u00f6glichst wirtschaftlich zu nutzen. Beispielsweise wird entweder die W\u00e4rmepumpe eingeschaltet, um auf Vorrat Warmwasser im Speicher zu erzeugen oder der Strom wird direkt in den Batteriespeicher geleitet. So wird der gespeicherte Strom vor allem morgens und abends eingesetzt, wenn andere elektronische Haushaltsger\u00e4te, wie zum Beispiel der Fernseher oder die W\u00e4rmepumpe, Strom ben\u00f6tigen. Das steigert die PV-Eigenverbrauchsquote und spart je nach Stromtarif ca. 30 Cent pro Kilowattstunde (kWh)!<\/p>\n<p>Und sollte der PV-Ertrag noch h\u00f6her liegen \u2013 dann wird der Strom eben in das \u00f6ffentliche Netz eingespeist und aktuell mit ca. 12 Cent\/kWh verg\u00fctet.<\/p>\n","protected":false},"excerpt":{"rendered":"<p>Wer zum ersten Mal in seinem Leben ein Haus kauft oder baut, muss eine unglaubliche Menge wichtiger Entscheidungen treffen. Wo soll es stehen, wie soll es aufgeteilt sein, und nicht zuletzt: Wie viel darf es kosten? Dann z\u00e4hlen aber nicht nur der Kaufpreis und die Nebenkosten! Auch das Geld, das k\u00fcnftig jeden Monat f\u00fcr Heizen und Warmwasser n\u00f6tig ist, muss eingeplant werden. Hier eine clevere L\u00f6sung, die sowohl den Geldbeutel entlastet als auch die Unabh\u00e4ngigkeit steigert: die Kombination aus einer W\u00e4rmepumpe und PV (Photovoltaik). <\/p>\n","protected":false},"author":26,"featured_media":3832,"comment_status":"open","ping_status":"open","sticky":false,"template":"","format":"standard","meta":{"footnotes":""},"categories":[2],"tags":[172,166,137],"coauthors":[253],"class_list":["post-3819","post","type-post","status-publish","format-standard","has-post-thumbnail","hentry","category-rat-und-tat","tag-bauen-und-wohnen","tag-heiztechnik","tag-heiztipps"],"yoast_head":"<!-- This site is optimized with the Yoast SEO plugin v27.4 - https:\/\/yoast.com\/product\/yoast-seo-wordpress\/ -->\n<title>Nachhaltig heizen - mit W\u00e4rmepumpe &amp; Photovoltaik | 21 grad<\/title>\n<meta name=\"description\" content=\"Nachhaltigkeit im Neubau dank cleverer Technik: Die Kombination aus Photovoltaik und W\u00e4rmepumpe erspart Bauherren Kosten und Energie. \u27a8 Mehr erfahren!\" \/>\n<meta name=\"robots\" content=\"index, follow, max-snippet:-1, max-image-preview:large, max-video-preview:-1\" \/>\n<link rel=\"canonical\" href=\"https:\/\/www.vaillant.de\/21-grad\/rat-und-tat\/waermepumpe-und-pv\/\" \/>\n<meta property=\"og:locale\" content=\"de_DE\" \/>\n<meta property=\"og:type\" content=\"article\" \/>\n<meta property=\"og:title\" content=\"Nachhaltig heizen - mit W\u00e4rmepumpe &amp; Photovoltaik | 21 grad\" \/>\n<meta property=\"og:description\" content=\"Nachhaltigkeit im Neubau dank cleverer Technik: Die Kombination aus Photovoltaik und W\u00e4rmepumpe erspart Bauherren Kosten und Energie. \u27a8 Mehr erfahren!\" \/>\n<meta property=\"og:url\" content=\"https:\/\/www.vaillant.de\/21-grad\/rat-und-tat\/waermepumpe-und-pv\/\" \/>\n<meta property=\"og:site_name\" content=\"21 grad\" \/>\n<meta property=\"article:publisher\" content=\"https:\/\/www.facebook.com\/21grad\/\" \/>\n<meta property=\"article:published_time\" content=\"2018-10-16T14:20:28+00:00\" \/>\n<meta property=\"article:modified_time\" content=\"2026-01-28T08:52:06+00:00\" \/>\n<meta property=\"og:image\" content=\"https:\/\/www.vaillant.de\/21-grad\/wp-content\/uploads\/2018\/10\/W\u00e4rmepumpe-und-PV.jpg\" \/>\n\t<meta property=\"og:image:width\" content=\"940\" \/>\n\t<meta property=\"og:image:height\" content=\"480\" \/>\n\t<meta property=\"og:image:type\" content=\"image\/jpeg\" \/>\n<meta name=\"author\" content=\"Lorena\" \/>\n<meta name=\"twitter:card\" content=\"summary_large_image\" \/>\n<meta name=\"twitter:creator\" content=\"@vaillant_de\" \/>\n<meta name=\"twitter:site\" content=\"@vaillant_de\" \/>\n<meta name=\"twitter:label1\" content=\"Verfasst von\" \/>\n\t<meta name=\"twitter:data1\" content=\"Lorena\" \/>\n\t<meta name=\"twitter:label2\" content=\"Gesch\u00e4tzte Lesezeit\" \/>\n\t<meta name=\"twitter:data2\" content=\"3\u00a0Minuten\" \/>\n\t<meta name=\"twitter:label3\" content=\"Written by\" \/>\n\t<meta name=\"twitter:data3\" content=\"Lorena\" \/>\n<script type=\"application\/ld+json\" class=\"yoast-schema-graph\">{\"@context\":\"https:\\\/\\\/schema.org\",\"@graph\":[{\"@type\":\"Article\",\"@id\":\"https:\\\/\\\/www.vaillant.de\\\/21-grad\\\/rat-und-tat\\\/waermepumpe-und-pv\\\/#article\",\"isPartOf\":{\"@id\":\"https:\\\/\\\/www.vaillant.de\\\/21-grad\\\/rat-und-tat\\\/waermepumpe-und-pv\\\/\"},\"author\":{\"name\":\"Lorena\",\"@id\":\"https:\\\/\\\/www.vaillant.de\\\/21-grad\\\/#\\\/schema\\\/person\\\/64bb3ed01d8d62d6fc3b965454e1d031\"},\"headline\":\"Nachhaltig heizen: Kombination W\u00e4rmepumpe und PV passt perfekt\",\"datePublished\":\"2018-10-16T14:20:28+00:00\",\"dateModified\":\"2026-01-28T08:52:06+00:00\",\"mainEntityOfPage\":{\"@id\":\"https:\\\/\\\/www.vaillant.de\\\/21-grad\\\/rat-und-tat\\\/waermepumpe-und-pv\\\/\"},\"wordCount\":506,\"commentCount\":7,\"image\":{\"@id\":\"https:\\\/\\\/www.vaillant.de\\\/21-grad\\\/rat-und-tat\\\/waermepumpe-und-pv\\\/#primaryimage\"},\"thumbnailUrl\":\"https:\\\/\\\/www.vaillant.de\\\/21-grad\\\/wp-content\\\/uploads\\\/2018\\\/10\\\/W\u00e4rmepumpe-und-PV.jpg\",\"keywords\":[\"Bauen und Wohnen\",\"Heiztechnik\",\"Heiztipps\"],\"articleSection\":[\"Rat &amp; Tat\"],\"inLanguage\":\"de\",\"potentialAction\":[{\"@type\":\"CommentAction\",\"name\":\"Comment\",\"target\":[\"https:\\\/\\\/www.vaillant.de\\\/21-grad\\\/rat-und-tat\\\/waermepumpe-und-pv\\\/#respond\"]}]},{\"@type\":\"WebPage\",\"@id\":\"https:\\\/\\\/www.vaillant.de\\\/21-grad\\\/rat-und-tat\\\/waermepumpe-und-pv\\\/\",\"url\":\"https:\\\/\\\/www.vaillant.de\\\/21-grad\\\/rat-und-tat\\\/waermepumpe-und-pv\\\/\",\"name\":\"Nachhaltig heizen - mit W\u00e4rmepumpe & Photovoltaik | 21 grad\",\"isPartOf\":{\"@id\":\"https:\\\/\\\/www.vaillant.de\\\/21-grad\\\/#website\"},\"primaryImageOfPage\":{\"@id\":\"https:\\\/\\\/www.vaillant.de\\\/21-grad\\\/rat-und-tat\\\/waermepumpe-und-pv\\\/#primaryimage\"},\"image\":{\"@id\":\"https:\\\/\\\/www.vaillant.de\\\/21-grad\\\/rat-und-tat\\\/waermepumpe-und-pv\\\/#primaryimage\"},\"thumbnailUrl\":\"https:\\\/\\\/www.vaillant.de\\\/21-grad\\\/wp-content\\\/uploads\\\/2018\\\/10\\\/W\u00e4rmepumpe-und-PV.jpg\",\"datePublished\":\"2018-10-16T14:20:28+00:00\",\"dateModified\":\"2026-01-28T08:52:06+00:00\",\"author\":{\"@id\":\"https:\\\/\\\/www.vaillant.de\\\/21-grad\\\/#\\\/schema\\\/person\\\/64bb3ed01d8d62d6fc3b965454e1d031\"},\"description\":\"Nachhaltigkeit im Neubau dank cleverer Technik: Die Kombination aus Photovoltaik und W\u00e4rmepumpe erspart Bauherren Kosten und Energie. \u27a8 Mehr erfahren!\",\"breadcrumb\":{\"@id\":\"https:\\\/\\\/www.vaillant.de\\\/21-grad\\\/rat-und-tat\\\/waermepumpe-und-pv\\\/#breadcrumb\"},\"inLanguage\":\"de\",\"potentialAction\":[{\"@type\":\"ReadAction\",\"target\":[\"https:\\\/\\\/www.vaillant.de\\\/21-grad\\\/rat-und-tat\\\/waermepumpe-und-pv\\\/\"]}]},{\"@type\":\"ImageObject\",\"inLanguage\":\"de\",\"@id\":\"https:\\\/\\\/www.vaillant.de\\\/21-grad\\\/rat-und-tat\\\/waermepumpe-und-pv\\\/#primaryimage\",\"url\":\"https:\\\/\\\/www.vaillant.de\\\/21-grad\\\/wp-content\\\/uploads\\\/2018\\\/10\\\/W\u00e4rmepumpe-und-PV.jpg\",\"contentUrl\":\"https:\\\/\\\/www.vaillant.de\\\/21-grad\\\/wp-content\\\/uploads\\\/2018\\\/10\\\/W\u00e4rmepumpe-und-PV.jpg\",\"width\":940,\"height\":480},{\"@type\":\"BreadcrumbList\",\"@id\":\"https:\\\/\\\/www.vaillant.de\\\/21-grad\\\/rat-und-tat\\\/waermepumpe-und-pv\\\/#breadcrumb\",\"itemListElement\":[{\"@type\":\"ListItem\",\"position\":1,\"name\":\"Startseite\",\"item\":\"https:\\\/\\\/www.vaillant.de\\\/21-grad\\\/\"},{\"@type\":\"ListItem\",\"position\":2,\"name\":\"Nachhaltig heizen: Kombination W\u00e4rmepumpe und PV passt perfekt\"}]},{\"@type\":\"WebSite\",\"@id\":\"https:\\\/\\\/www.vaillant.de\\\/21-grad\\\/#website\",\"url\":\"https:\\\/\\\/www.vaillant.de\\\/21-grad\\\/\",\"name\":\"21 grad\",\"description\":\"Der Blog f\u00fcr Menschen, die weiterdenken\",\"potentialAction\":[{\"@type\":\"SearchAction\",\"target\":{\"@type\":\"EntryPoint\",\"urlTemplate\":\"https:\\\/\\\/www.vaillant.de\\\/21-grad\\\/?s={search_term_string}\"},\"query-input\":{\"@type\":\"PropertyValueSpecification\",\"valueRequired\":true,\"valueName\":\"search_term_string\"}}],\"inLanguage\":\"de\"},{\"@type\":\"Person\",\"@id\":\"https:\\\/\\\/www.vaillant.de\\\/21-grad\\\/#\\\/schema\\\/person\\\/64bb3ed01d8d62d6fc3b965454e1d031\",\"name\":\"Lorena\",\"image\":{\"@type\":\"ImageObject\",\"inLanguage\":\"de\",\"@id\":\"https:\\\/\\\/www.vaillant.de\\\/21-grad\\\/wp-content\\\/uploads\\\/2025\\\/04\\\/20230502_Vaillant-Mitarbeitershooting-Lennep_0045_MKP_100-125x125.jpg3845af5a66923cc212a0c6c57ae1c3a4\",\"url\":\"https:\\\/\\\/www.vaillant.de\\\/21-grad\\\/wp-content\\\/uploads\\\/2025\\\/04\\\/20230502_Vaillant-Mitarbeitershooting-Lennep_0045_MKP_100-125x125.jpg\",\"contentUrl\":\"https:\\\/\\\/www.vaillant.de\\\/21-grad\\\/wp-content\\\/uploads\\\/2025\\\/04\\\/20230502_Vaillant-Mitarbeitershooting-Lennep_0045_MKP_100-125x125.jpg\",\"caption\":\"Lorena\"},\"description\":\"In meiner Rolle als E-Mail-Marketing-Manager B2C liegt mein Fokus darauf, eine effektive und ansprechende E-Mail-Kommunikation mit unseren Kunden zu gestalten. Von der sorgf\u00e4ltigen Auswahl der relevanten Daten bis hin zur kreativen Erstellung und dem pr\u00e4zisen Versand der E-Mails sorge ich daf\u00fcr, dass unsere Botschaften genau dort ankommen, wo sie sollen. Nachhaltigkeit Nachhaltigkeit ist mir wichtig, und ich versuche, in meinem Alltag bewusst darauf zu achten. Zum Beispiel benutze ich Jutebeutel, wenn ich einkaufen gehe. Au\u00dferdem erledige ich so viel wie m\u00f6glich zu Fu\u00df. Das schont nicht nur die Umwelt, sondern tut auch meiner Gesundheit gut. Beim Einkaufen achte ich darauf, nur die Lebensmittel zu kaufen, die ich tats\u00e4chlich verbrauchen kann. Interessen Ich liebe es, mit Freunden beim Fu\u00dfball unterwegs zu sein, um unsere Mannschaft zu unterst\u00fctzen. In den Bergen f\u00fchle ich mich besonders wohl, sei es beim Skifahren, beim Wandern oder einfach beim Genie\u00dfen der beeindruckenden Aussicht. Dar\u00fcber hinaus finde ich gro\u00dfe Freude am Basteln, wo ich meiner Kreativit\u00e4t freien Lauf lasse, und am Backen, bei dem ich gerne meine Lieblingsrezepte aber auch neue ausprobiere. Was bringt dich auf die Palme? Tickende Uhren k\u00f6nnen mich wahnsinnig machen. Dieses konstante Ger\u00e4usch im Hintergrund, st\u00f6rt meine Konzentration und bringt mich aus der Ruhe.\",\"url\":\"https:\\\/\\\/www.vaillant.de\\\/21-grad\\\/autor\\\/lorena\\\/\"}]}<\/script>\n<!-- \/ Yoast SEO plugin. -->","yoast_head_json":{"title":"Nachhaltig heizen - mit W\u00e4rmepumpe & Photovoltaik | 21 grad","description":"Nachhaltigkeit im Neubau dank cleverer Technik: Die Kombination aus Photovoltaik und W\u00e4rmepumpe erspart Bauherren Kosten und Energie. \u27a8 Mehr erfahren!","robots":{"index":"index","follow":"follow","max-snippet":"max-snippet:-1","max-image-preview":"max-image-preview:large","max-video-preview":"max-video-preview:-1"},"canonical":"https:\/\/www.vaillant.de\/21-grad\/rat-und-tat\/waermepumpe-und-pv\/","og_locale":"de_DE","og_type":"article","og_title":"Nachhaltig heizen - mit W\u00e4rmepumpe & Photovoltaik | 21 grad","og_description":"Nachhaltigkeit im Neubau dank cleverer Technik: Die Kombination aus Photovoltaik und W\u00e4rmepumpe erspart Bauherren Kosten und Energie. \u27a8 Mehr erfahren!","og_url":"https:\/\/www.vaillant.de\/21-grad\/rat-und-tat\/waermepumpe-und-pv\/","og_site_name":"21 grad","article_publisher":"https:\/\/www.facebook.com\/21grad\/","article_published_time":"2018-10-16T14:20:28+00:00","article_modified_time":"2026-01-28T08:52:06+00:00","og_image":[{"width":940,"height":480,"url":"https:\/\/www.vaillant.de\/21-grad\/wp-content\/uploads\/2018\/10\/W\u00e4rmepumpe-und-PV.jpg","type":"image\/jpeg"}],"author":"Lorena","twitter_card":"summary_large_image","twitter_creator":"@vaillant_de","twitter_site":"@vaillant_de","twitter_misc":{"Verfasst von":"Lorena","Gesch\u00e4tzte Lesezeit":"3\u00a0Minuten","Written by":"Lorena"},"schema":{"@context":"https:\/\/schema.org","@graph":[{"@type":"Article","@id":"https:\/\/www.vaillant.de\/21-grad\/rat-und-tat\/waermepumpe-und-pv\/#article","isPartOf":{"@id":"https:\/\/www.vaillant.de\/21-grad\/rat-und-tat\/waermepumpe-und-pv\/"},"author":{"name":"Lorena","@id":"https:\/\/www.vaillant.de\/21-grad\/#\/schema\/person\/64bb3ed01d8d62d6fc3b965454e1d031"},"headline":"Nachhaltig heizen: Kombination W\u00e4rmepumpe und PV passt perfekt","datePublished":"2018-10-16T14:20:28+00:00","dateModified":"2026-01-28T08:52:06+00:00","mainEntityOfPage":{"@id":"https:\/\/www.vaillant.de\/21-grad\/rat-und-tat\/waermepumpe-und-pv\/"},"wordCount":506,"commentCount":7,"image":{"@id":"https:\/\/www.vaillant.de\/21-grad\/rat-und-tat\/waermepumpe-und-pv\/#primaryimage"},"thumbnailUrl":"https:\/\/www.vaillant.de\/21-grad\/wp-content\/uploads\/2018\/10\/W\u00e4rmepumpe-und-PV.jpg","keywords":["Bauen und Wohnen","Heiztechnik","Heiztipps"],"articleSection":["Rat &amp; Tat"],"inLanguage":"de","potentialAction":[{"@type":"CommentAction","name":"Comment","target":["https:\/\/www.vaillant.de\/21-grad\/rat-und-tat\/waermepumpe-und-pv\/#respond"]}]},{"@type":"WebPage","@id":"https:\/\/www.vaillant.de\/21-grad\/rat-und-tat\/waermepumpe-und-pv\/","url":"https:\/\/www.vaillant.de\/21-grad\/rat-und-tat\/waermepumpe-und-pv\/","name":"Nachhaltig heizen - mit W\u00e4rmepumpe & Photovoltaik | 21 grad","isPartOf":{"@id":"https:\/\/www.vaillant.de\/21-grad\/#website"},"primaryImageOfPage":{"@id":"https:\/\/www.vaillant.de\/21-grad\/rat-und-tat\/waermepumpe-und-pv\/#primaryimage"},"image":{"@id":"https:\/\/www.vaillant.de\/21-grad\/rat-und-tat\/waermepumpe-und-pv\/#primaryimage"},"thumbnailUrl":"https:\/\/www.vaillant.de\/21-grad\/wp-content\/uploads\/2018\/10\/W\u00e4rmepumpe-und-PV.jpg","datePublished":"2018-10-16T14:20:28+00:00","dateModified":"2026-01-28T08:52:06+00:00","author":{"@id":"https:\/\/www.vaillant.de\/21-grad\/#\/schema\/person\/64bb3ed01d8d62d6fc3b965454e1d031"},"description":"Nachhaltigkeit im Neubau dank cleverer Technik: Die Kombination aus Photovoltaik und W\u00e4rmepumpe erspart Bauherren Kosten und Energie. \u27a8 Mehr erfahren!","breadcrumb":{"@id":"https:\/\/www.vaillant.de\/21-grad\/rat-und-tat\/waermepumpe-und-pv\/#breadcrumb"},"inLanguage":"de","potentialAction":[{"@type":"ReadAction","target":["https:\/\/www.vaillant.de\/21-grad\/rat-und-tat\/waermepumpe-und-pv\/"]}]},{"@type":"ImageObject","inLanguage":"de","@id":"https:\/\/www.vaillant.de\/21-grad\/rat-und-tat\/waermepumpe-und-pv\/#primaryimage","url":"https:\/\/www.vaillant.de\/21-grad\/wp-content\/uploads\/2018\/10\/W\u00e4rmepumpe-und-PV.jpg","contentUrl":"https:\/\/www.vaillant.de\/21-grad\/wp-content\/uploads\/2018\/10\/W\u00e4rmepumpe-und-PV.jpg","width":940,"height":480},{"@type":"BreadcrumbList","@id":"https:\/\/www.vaillant.de\/21-grad\/rat-und-tat\/waermepumpe-und-pv\/#breadcrumb","itemListElement":[{"@type":"ListItem","position":1,"name":"Startseite","item":"https:\/\/www.vaillant.de\/21-grad\/"},{"@type":"ListItem","position":2,"name":"Nachhaltig heizen: Kombination W\u00e4rmepumpe und PV passt perfekt"}]},{"@type":"WebSite","@id":"https:\/\/www.vaillant.de\/21-grad\/#website","url":"https:\/\/www.vaillant.de\/21-grad\/","name":"21 grad","description":"Der Blog f\u00fcr Menschen, die weiterdenken","potentialAction":[{"@type":"SearchAction","target":{"@type":"EntryPoint","urlTemplate":"https:\/\/www.vaillant.de\/21-grad\/?s={search_term_string}"},"query-input":{"@type":"PropertyValueSpecification","valueRequired":true,"valueName":"search_term_string"}}],"inLanguage":"de"},{"@type":"Person","@id":"https:\/\/www.vaillant.de\/21-grad\/#\/schema\/person\/64bb3ed01d8d62d6fc3b965454e1d031","name":"Lorena","image":{"@type":"ImageObject","inLanguage":"de","@id":"https:\/\/www.vaillant.de\/21-grad\/wp-content\/uploads\/2025\/04\/20230502_Vaillant-Mitarbeitershooting-Lennep_0045_MKP_100-125x125.jpg3845af5a66923cc212a0c6c57ae1c3a4","url":"https:\/\/www.vaillant.de\/21-grad\/wp-content\/uploads\/2025\/04\/20230502_Vaillant-Mitarbeitershooting-Lennep_0045_MKP_100-125x125.jpg","contentUrl":"https:\/\/www.vaillant.de\/21-grad\/wp-content\/uploads\/2025\/04\/20230502_Vaillant-Mitarbeitershooting-Lennep_0045_MKP_100-125x125.jpg","caption":"Lorena"},"description":"In meiner Rolle als E-Mail-Marketing-Manager B2C liegt mein Fokus darauf, eine effektive und ansprechende E-Mail-Kommunikation mit unseren Kunden zu gestalten. Von der sorgf\u00e4ltigen Auswahl der relevanten Daten bis hin zur kreativen Erstellung und dem pr\u00e4zisen Versand der E-Mails sorge ich daf\u00fcr, dass unsere Botschaften genau dort ankommen, wo sie sollen. Nachhaltigkeit Nachhaltigkeit ist mir wichtig, und ich versuche, in meinem Alltag bewusst darauf zu achten. Zum Beispiel benutze ich Jutebeutel, wenn ich einkaufen gehe. Au\u00dferdem erledige ich so viel wie m\u00f6glich zu Fu\u00df. Das schont nicht nur die Umwelt, sondern tut auch meiner Gesundheit gut. Beim Einkaufen achte ich darauf, nur die Lebensmittel zu kaufen, die ich tats\u00e4chlich verbrauchen kann. Interessen Ich liebe es, mit Freunden beim Fu\u00dfball unterwegs zu sein, um unsere Mannschaft zu unterst\u00fctzen. In den Bergen f\u00fchle ich mich besonders wohl, sei es beim Skifahren, beim Wandern oder einfach beim Genie\u00dfen der beeindruckenden Aussicht. Dar\u00fcber hinaus finde ich gro\u00dfe Freude am Basteln, wo ich meiner Kreativit\u00e4t freien Lauf lasse, und am Backen, bei dem ich gerne meine Lieblingsrezepte aber auch neue ausprobiere. Was bringt dich auf die Palme? Tickende Uhren k\u00f6nnen mich wahnsinnig machen. Dieses konstante Ger\u00e4usch im Hintergrund, st\u00f6rt meine Konzentration und bringt mich aus der Ruhe.","url":"https:\/\/www.vaillant.de\/21-grad\/autor\/lorena\/"}]}},"_links":{"self":[{"href":"https:\/\/www.vaillant.de\/21-grad\/wp-json\/wp\/v2\/posts\/3819","targetHints":{"allow":["GET"]}}],"collection":[{"href":"https:\/\/www.vaillant.de\/21-grad\/wp-json\/wp\/v2\/posts"}],"about":[{"href":"https:\/\/www.vaillant.de\/21-grad\/wp-json\/wp\/v2\/types\/post"}],"author":[{"embeddable":true,"href":"https:\/\/www.vaillant.de\/21-grad\/wp-json\/wp\/v2\/users\/26"}],"replies":[{"embeddable":true,"href":"https:\/\/www.vaillant.de\/21-grad\/wp-json\/wp\/v2\/comments?post=3819"}],"version-history":[{"count":6,"href":"https:\/\/www.vaillant.de\/21-grad\/wp-json\/wp\/v2\/posts\/3819\/revisions"}],"predecessor-version":[{"id":6672,"href":"https:\/\/www.vaillant.de\/21-grad\/wp-json\/wp\/v2\/posts\/3819\/revisions\/6672"}],"wp:featuredmedia":[{"embeddable":true,"href":"https:\/\/www.vaillant.de\/21-grad\/wp-json\/wp\/v2\/media\/3832"}],"wp:attachment":[{"href":"https:\/\/www.vaillant.de\/21-grad\/wp-json\/wp\/v2\/media?parent=3819"}],"wp:term":[{"taxonomy":"category","embeddable":true,"href":"https:\/\/www.vaillant.de\/21-grad\/wp-json\/wp\/v2\/categories?post=3819"},{"taxonomy":"post_tag","embeddable":true,"href":"https:\/\/www.vaillant.de\/21-grad\/wp-json\/wp\/v2\/tags?post=3819"},{"taxonomy":"author","embeddable":true,"href":"https:\/\/www.vaillant.de\/21-grad\/wp-json\/wp\/v2\/coauthors?post=3819"}],"curies":[{"name":"wp","href":"https:\/\/api.w.org\/{rel}","templated":true}]}}