{"id":3864,"date":"2018-11-05T16:16:01","date_gmt":"2018-11-05T15:16:01","guid":{"rendered":"https:\/\/21-grad.vaillant.de\/?p=3864"},"modified":"2019-02-12T13:11:37","modified_gmt":"2019-02-12T12:11:37","slug":"ein-skatepark-fuer-kinder-in-syrien-jetzt-unterstuetzen","status":"publish","type":"post","link":"https:\/\/www.vaillant.de\/21-grad\/bewusst-und-sein\/ein-skatepark-fuer-kinder-in-syrien-jetzt-unterstuetzen\/","title":{"rendered":"Ein Skatepark f\u00fcr Kinder in Syrien \u2013 jetzt unterst\u00fctzen!"},"content":{"rendered":"<div id=\"attachment_3867\" style=\"width: 358px\" class=\"wp-caption alignright\"><a href=\"https:\/\/www.vaillant.de\/21-grad\/wp-content\/uploads\/2018\/11\/skaterpark_1.jpg\"><img loading=\"lazy\" decoding=\"async\" aria-describedby=\"caption-attachment-3867\" class=\"wp-image-3867 size-medium\" src=\"https:\/\/www.vaillant.de\/21-grad\/wp-content\/uploads\/2018\/11\/skaterpark_1-348x232.jpg\" alt=\"Foto: SOS-Kinderd\u00f6rfer weltweit \" width=\"348\" height=\"232\" srcset=\"https:\/\/www.vaillant.de\/21-grad\/wp-content\/uploads\/2018\/11\/skaterpark_1-348x232.jpg 348w, https:\/\/www.vaillant.de\/21-grad\/wp-content\/uploads\/2018\/11\/skaterpark_1-768x512.jpg 768w, https:\/\/www.vaillant.de\/21-grad\/wp-content\/uploads\/2018\/11\/skaterpark_1-720x480.jpg 720w, https:\/\/www.vaillant.de\/21-grad\/wp-content\/uploads\/2018\/11\/skaterpark_1.jpg 1500w\" sizes=\"auto, (max-width: 348px) 100vw, 348px\" \/><\/a><p id=\"caption-attachment-3867\" class=\"wp-caption-text\">Foto: SOS-Kinderd\u00f6rfer weltweit<\/p><\/div>\n<p>Kindern eine echte Kindheit zu erm\u00f6glichen und sie in ihrer Entwicklung zu unterst\u00fctzen \u2013 das ist das Ziel von skate-aid, 2009 von Titus Dittmann gegr\u00fcndet. Der Vater der deutschen Skateboard-Szene ist von der Kraft des Rollbretts \u00fcberzeugt: \u201eWir machen Kinder stark! Skateboarding ist Selbstbestimmung pur\u201c, so der Unternehmer . Denn die Kids setzen sich selbst Ziele, geben alles daf\u00fcr und erleben schlie\u00dflich das tolle Gef\u00fchl, aus eigener Kraft etwas zu erreichen. Doch Skateboarding f\u00f6rdert nicht nur Selbstvertrauen, Eigenverantwortung und Zielstrebigkeit. Als Jugendkultur st\u00e4rkt es den Zusammenhalt der jungen Menschen untereinander, bietet ihnen Orientierungshilfe und tr\u00e4gt zur Gleichberechtigung der Geschlechter bei.<\/p>\n<h2>Kleine Rolle, gro\u00dfer Effekt<\/h2>\n<div id=\"attachment_3868\" style=\"width: 422px\" class=\"wp-caption alignleft\"><a href=\"https:\/\/www.vaillant.de\/21-grad\/wp-content\/uploads\/2018\/11\/skaterpark_2.jpg\"><img loading=\"lazy\" decoding=\"async\" aria-describedby=\"caption-attachment-3868\" class=\"size-medium wp-image-3868\" src=\"https:\/\/www.vaillant.de\/21-grad\/wp-content\/uploads\/2018\/11\/skaterpark_2-412x232.jpg\" alt=\"Foto: skate-aid\" width=\"412\" height=\"232\" srcset=\"https:\/\/www.vaillant.de\/21-grad\/wp-content\/uploads\/2018\/11\/skaterpark_2-412x232.jpg 412w, https:\/\/www.vaillant.de\/21-grad\/wp-content\/uploads\/2018\/11\/skaterpark_2-768x432.jpg 768w, https:\/\/www.vaillant.de\/21-grad\/wp-content\/uploads\/2018\/11\/skaterpark_2-853x480.jpg 853w, https:\/\/www.vaillant.de\/21-grad\/wp-content\/uploads\/2018\/11\/skaterpark_2.jpg 1500w\" sizes=\"auto, (max-width: 412px) 100vw, 412px\" \/><\/a><p id=\"caption-attachment-3868\" class=\"wp-caption-text\">Foto: SOS-Kinderd\u00f6rfer weltweit<\/p><\/div>\n<p>Die p\u00e4dagogischen Vorteile des Sports hat skate-aid inzwischen in 18 L\u00e4nder gebracht und auf vier Kontinente \u2013 Afrika, Asien, Europa und Amerika. In Pal\u00e4stina und Ruanda hat die Organisation bereits erfolgreich mit SOS-Kinderd\u00f6rfern weltweit kooperiert und vom Netzwerk des Hilfswerks profitiert. Jetzt m\u00f6chten die beiden Partner den Sport auch nach Syrien bringen und dem teilweise grausamen Alltag etwas entgegensetzen. Ziel ist es, den Skatepark im Fr\u00fchjahr 2019 zu er\u00f6ffnen und langfristige Entwicklungshilfe zu leisten: P\u00e4dagogisch betreute Workshops erg\u00e4nzen das Angebot und skate-aid Volunteers begleiten die Kinder und Jugendlichen langfristig.<\/p>\n<p>Um das Projekt umsetzen zu k\u00f6nnen, sind die Initiatoren auf Eure Mithilfe angewiesen: Auf der Crowdfunding-Plattform <a href=\"https:\/\/www.startnext.com\/skatepark-syrien\" target=\"_blank\" rel=\"noopener\">startnext<\/a> sammeln sie noch bis zum 14. November Spenden und freuen sich \u00fcber jeden Unterst\u00fctzer.<\/p>\n<div class=\"infobox hint\"><\/p>\n<h2>\u00dcber die Zusammenarbeit zwischen Vaillant und den SOS-Kinderd\u00f6rfern weltweit<\/h2>\n<p>Seit 2013 unterst\u00fctzt die Vaillant Group SOS-Kinderd\u00f6rfer weltweit: Das Familienunternehmen stattet die H\u00e4user mit modernen Heiz- und Warmwassersystemen aus und sorgt damit daf\u00fcr, dass die Kinder sp\u00fcrbar an Lebensqualit\u00e4t gewinnen. In rund 20 L\u00e4ndern wurden bereits Projekte umgesetzt.<\/p>\n<p><\/div>\n","protected":false},"excerpt":{"rendered":"<p>Sport verbindet und bietet jungen Menschen Perspektiven. Und das gilt l\u00e4ngst nicht nur f\u00fcr den Fu\u00dfball: Die Organisation skate-aid betreibt Entwicklungshilfe auf vier Rollen \u2013 mit dem Skateboard. Gemeinsam mit unserem Partner, den SOS-Kinderd\u00f6rfern weltweit, soll jetzt ein Skatepark in Damaskus entstehen.<\/p>\n","protected":false},"author":6,"featured_media":3877,"comment_status":"open","ping_status":"open","sticky":false,"template":"","format":"standard","meta":{"footnotes":""},"categories":[5],"tags":[179],"coauthors":[70],"class_list":["post-3864","post","type-post","status-publish","format-standard","has-post-thumbnail","hentry","category-bewusst-und-sein","tag-soziales-engagement"],"yoast_head":"<!-- This site is optimized with the Yoast SEO plugin v27.4 - https:\/\/yoast.com\/product\/yoast-seo-wordpress\/ -->\n<title>Ein Skatepark f\u00fcr Kinder in Syrien | 21grad<\/title>\n<meta name=\"description\" content=\"skate-aid betreibt Entwicklungshilfe auf vier Rollen \u2013 mit dem Skateboard. F\u00fcr einen Skatepark sucht die Organisation noch Unterst\u00fctzer. Mehr auf 21-grad.de\" \/>\n<meta name=\"robots\" content=\"index, follow, max-snippet:-1, max-image-preview:large, max-video-preview:-1\" \/>\n<link rel=\"canonical\" href=\"https:\/\/www.vaillant.de\/21-grad\/bewusst-und-sein\/ein-skatepark-fuer-kinder-in-syrien-jetzt-unterstuetzen\/\" \/>\n<meta property=\"og:locale\" content=\"de_DE\" \/>\n<meta property=\"og:type\" content=\"article\" \/>\n<meta property=\"og:title\" content=\"Ein Skatepark f\u00fcr Kinder in Syrien | 21grad\" \/>\n<meta property=\"og:description\" content=\"skate-aid betreibt Entwicklungshilfe auf vier Rollen \u2013 mit dem Skateboard. F\u00fcr einen Skatepark sucht die Organisation noch Unterst\u00fctzer. Mehr auf 21-grad.de\" \/>\n<meta property=\"og:url\" content=\"https:\/\/www.vaillant.de\/21-grad\/bewusst-und-sein\/ein-skatepark-fuer-kinder-in-syrien-jetzt-unterstuetzen\/\" \/>\n<meta property=\"og:site_name\" content=\"21 grad\" \/>\n<meta property=\"article:publisher\" content=\"https:\/\/www.facebook.com\/21grad\/\" \/>\n<meta property=\"article:published_time\" content=\"2018-11-05T15:16:01+00:00\" \/>\n<meta property=\"article:modified_time\" content=\"2019-02-12T12:11:37+00:00\" \/>\n<meta property=\"og:image\" content=\"https:\/\/www.vaillant.de\/21-grad\/wp-content\/uploads\/2018\/11\/skaterpark_940.jpg\" \/>\n\t<meta property=\"og:image:width\" content=\"940\" \/>\n\t<meta property=\"og:image:height\" content=\"480\" \/>\n\t<meta property=\"og:image:type\" content=\"image\/jpeg\" \/>\n<meta name=\"author\" content=\"Marcus\" \/>\n<meta name=\"twitter:card\" content=\"summary_large_image\" \/>\n<meta name=\"twitter:creator\" content=\"@vaillant_de\" \/>\n<meta name=\"twitter:site\" content=\"@vaillant_de\" \/>\n<meta name=\"twitter:label1\" content=\"Verfasst von\" \/>\n\t<meta name=\"twitter:data1\" content=\"Marcus\" \/>\n\t<meta name=\"twitter:label2\" content=\"Gesch\u00e4tzte Lesezeit\" \/>\n\t<meta name=\"twitter:data2\" content=\"2\u00a0Minuten\" \/>\n\t<meta name=\"twitter:label3\" content=\"Written by\" \/>\n\t<meta name=\"twitter:data3\" content=\"Marcus\" \/>\n<script type=\"application\/ld+json\" class=\"yoast-schema-graph\">{\"@context\":\"https:\\\/\\\/schema.org\",\"@graph\":[{\"@type\":\"Article\",\"@id\":\"https:\\\/\\\/www.vaillant.de\\\/21-grad\\\/bewusst-und-sein\\\/ein-skatepark-fuer-kinder-in-syrien-jetzt-unterstuetzen\\\/#article\",\"isPartOf\":{\"@id\":\"https:\\\/\\\/www.vaillant.de\\\/21-grad\\\/bewusst-und-sein\\\/ein-skatepark-fuer-kinder-in-syrien-jetzt-unterstuetzen\\\/\"},\"author\":{\"name\":\"Marcus\",\"@id\":\"https:\\\/\\\/www.vaillant.de\\\/21-grad\\\/#\\\/schema\\\/person\\\/d79d2ba98cd3da7ae5877706050352da\"},\"headline\":\"Ein Skatepark f\u00fcr Kinder in Syrien \u2013 jetzt unterst\u00fctzen!\",\"datePublished\":\"2018-11-05T15:16:01+00:00\",\"dateModified\":\"2019-02-12T12:11:37+00:00\",\"mainEntityOfPage\":{\"@id\":\"https:\\\/\\\/www.vaillant.de\\\/21-grad\\\/bewusst-und-sein\\\/ein-skatepark-fuer-kinder-in-syrien-jetzt-unterstuetzen\\\/\"},\"wordCount\":327,\"commentCount\":0,\"image\":{\"@id\":\"https:\\\/\\\/www.vaillant.de\\\/21-grad\\\/bewusst-und-sein\\\/ein-skatepark-fuer-kinder-in-syrien-jetzt-unterstuetzen\\\/#primaryimage\"},\"thumbnailUrl\":\"https:\\\/\\\/www.vaillant.de\\\/21-grad\\\/wp-content\\\/uploads\\\/2018\\\/11\\\/skaterpark_940.jpg\",\"keywords\":[\"Soziales Engagement\"],\"articleSection\":[\"Bewusst &amp; Sein\"],\"inLanguage\":\"de\",\"potentialAction\":[{\"@type\":\"CommentAction\",\"name\":\"Comment\",\"target\":[\"https:\\\/\\\/www.vaillant.de\\\/21-grad\\\/bewusst-und-sein\\\/ein-skatepark-fuer-kinder-in-syrien-jetzt-unterstuetzen\\\/#respond\"]}]},{\"@type\":\"WebPage\",\"@id\":\"https:\\\/\\\/www.vaillant.de\\\/21-grad\\\/bewusst-und-sein\\\/ein-skatepark-fuer-kinder-in-syrien-jetzt-unterstuetzen\\\/\",\"url\":\"https:\\\/\\\/www.vaillant.de\\\/21-grad\\\/bewusst-und-sein\\\/ein-skatepark-fuer-kinder-in-syrien-jetzt-unterstuetzen\\\/\",\"name\":\"Ein Skatepark f\u00fcr Kinder in Syrien | 21grad\",\"isPartOf\":{\"@id\":\"https:\\\/\\\/www.vaillant.de\\\/21-grad\\\/#website\"},\"primaryImageOfPage\":{\"@id\":\"https:\\\/\\\/www.vaillant.de\\\/21-grad\\\/bewusst-und-sein\\\/ein-skatepark-fuer-kinder-in-syrien-jetzt-unterstuetzen\\\/#primaryimage\"},\"image\":{\"@id\":\"https:\\\/\\\/www.vaillant.de\\\/21-grad\\\/bewusst-und-sein\\\/ein-skatepark-fuer-kinder-in-syrien-jetzt-unterstuetzen\\\/#primaryimage\"},\"thumbnailUrl\":\"https:\\\/\\\/www.vaillant.de\\\/21-grad\\\/wp-content\\\/uploads\\\/2018\\\/11\\\/skaterpark_940.jpg\",\"datePublished\":\"2018-11-05T15:16:01+00:00\",\"dateModified\":\"2019-02-12T12:11:37+00:00\",\"author\":{\"@id\":\"https:\\\/\\\/www.vaillant.de\\\/21-grad\\\/#\\\/schema\\\/person\\\/d79d2ba98cd3da7ae5877706050352da\"},\"description\":\"skate-aid betreibt Entwicklungshilfe auf vier Rollen \u2013 mit dem Skateboard. F\u00fcr einen Skatepark sucht die Organisation noch Unterst\u00fctzer. Mehr auf 21-grad.de\",\"breadcrumb\":{\"@id\":\"https:\\\/\\\/www.vaillant.de\\\/21-grad\\\/bewusst-und-sein\\\/ein-skatepark-fuer-kinder-in-syrien-jetzt-unterstuetzen\\\/#breadcrumb\"},\"inLanguage\":\"de\",\"potentialAction\":[{\"@type\":\"ReadAction\",\"target\":[\"https:\\\/\\\/www.vaillant.de\\\/21-grad\\\/bewusst-und-sein\\\/ein-skatepark-fuer-kinder-in-syrien-jetzt-unterstuetzen\\\/\"]}]},{\"@type\":\"ImageObject\",\"inLanguage\":\"de\",\"@id\":\"https:\\\/\\\/www.vaillant.de\\\/21-grad\\\/bewusst-und-sein\\\/ein-skatepark-fuer-kinder-in-syrien-jetzt-unterstuetzen\\\/#primaryimage\",\"url\":\"https:\\\/\\\/www.vaillant.de\\\/21-grad\\\/wp-content\\\/uploads\\\/2018\\\/11\\\/skaterpark_940.jpg\",\"contentUrl\":\"https:\\\/\\\/www.vaillant.de\\\/21-grad\\\/wp-content\\\/uploads\\\/2018\\\/11\\\/skaterpark_940.jpg\",\"width\":940,\"height\":480,\"caption\":\"Foto: skate-aid\"},{\"@type\":\"BreadcrumbList\",\"@id\":\"https:\\\/\\\/www.vaillant.de\\\/21-grad\\\/bewusst-und-sein\\\/ein-skatepark-fuer-kinder-in-syrien-jetzt-unterstuetzen\\\/#breadcrumb\",\"itemListElement\":[{\"@type\":\"ListItem\",\"position\":1,\"name\":\"Startseite\",\"item\":\"https:\\\/\\\/www.vaillant.de\\\/21-grad\\\/\"},{\"@type\":\"ListItem\",\"position\":2,\"name\":\"Ein Skatepark f\u00fcr Kinder in Syrien \u2013 jetzt unterst\u00fctzen!\"}]},{\"@type\":\"WebSite\",\"@id\":\"https:\\\/\\\/www.vaillant.de\\\/21-grad\\\/#website\",\"url\":\"https:\\\/\\\/www.vaillant.de\\\/21-grad\\\/\",\"name\":\"21 grad\",\"description\":\"Der Blog f\u00fcr Menschen, die weiterdenken\",\"potentialAction\":[{\"@type\":\"SearchAction\",\"target\":{\"@type\":\"EntryPoint\",\"urlTemplate\":\"https:\\\/\\\/www.vaillant.de\\\/21-grad\\\/?s={search_term_string}\"},\"query-input\":{\"@type\":\"PropertyValueSpecification\",\"valueRequired\":true,\"valueName\":\"search_term_string\"}}],\"inLanguage\":\"de\"},{\"@type\":\"Person\",\"@id\":\"https:\\\/\\\/www.vaillant.de\\\/21-grad\\\/#\\\/schema\\\/person\\\/d79d2ba98cd3da7ae5877706050352da\",\"name\":\"Marcus\",\"image\":{\"@type\":\"ImageObject\",\"inLanguage\":\"de\",\"@id\":\"https:\\\/\\\/www.vaillant.de\\\/21-grad\\\/wp-content\\\/uploads\\\/2026\\\/01\\\/Marcus-125x125.jpg9d3430f1bc55d5a5d47a1162a14ae1af\",\"url\":\"https:\\\/\\\/www.vaillant.de\\\/21-grad\\\/wp-content\\\/uploads\\\/2026\\\/01\\\/Marcus-125x125.jpg\",\"contentUrl\":\"https:\\\/\\\/www.vaillant.de\\\/21-grad\\\/wp-content\\\/uploads\\\/2026\\\/01\\\/Marcus-125x125.jpg\",\"caption\":\"Marcus\"},\"description\":\"Willkommen in der wunderbaren Welt des 21grad Blogs. Als Medien- und Kooperationsmanager bin ich bei Vaillant Deutschland u.a. f\u00fcr unsere Fach- und Branchenkommunikation zust\u00e4ndig. Ich freue mich auf den Dialog mit Euch. :-) Nachhaltigkeit Bewusster Konsum und soziales Engagement liegen mir sehr am Herzen. Zuhause nutze ich \u00d6kostrom und Biogas, bei Lebensmitteln sind mir Labels wie Fair-Trade oder Bio sehr wichtig. Ich bin Sportwart beim Tennisclub Gr\u00fcn-Wei\u00df Lennep und engagiere mich auch f\u00fcr Aktion Mensch oder SOS-Kinderdorf. Interessen Unternehmungen mit Familie und Freunden, Tennis, Rock-Konzerte, Kino, B\u00fccher (z.B. Hornby, Eschbach, Uschmann) Was wolltest du als Kind gerne werden? Um es mit den \u00c4rzten zu sagen: Popstar, Bademeister oder Astronaut Was bringt dich auf die Palme? Menschen, die Schuld immer bei anderen suchen oder auch nat\u00fcrlich eine leckere Kokosnuss Was war der beste Rat, den du jemals erhalten hast? \u201eDenke in L\u00f6sungen, nicht in Problemen.\u201c\",\"url\":\"https:\\\/\\\/www.vaillant.de\\\/21-grad\\\/autor\\\/marcus\\\/\"}]}<\/script>\n<!-- \/ Yoast SEO plugin. -->","yoast_head_json":{"title":"Ein Skatepark f\u00fcr Kinder in Syrien | 21grad","description":"skate-aid betreibt Entwicklungshilfe auf vier Rollen \u2013 mit dem Skateboard. F\u00fcr einen Skatepark sucht die Organisation noch Unterst\u00fctzer. Mehr auf 21-grad.de","robots":{"index":"index","follow":"follow","max-snippet":"max-snippet:-1","max-image-preview":"max-image-preview:large","max-video-preview":"max-video-preview:-1"},"canonical":"https:\/\/www.vaillant.de\/21-grad\/bewusst-und-sein\/ein-skatepark-fuer-kinder-in-syrien-jetzt-unterstuetzen\/","og_locale":"de_DE","og_type":"article","og_title":"Ein Skatepark f\u00fcr Kinder in Syrien | 21grad","og_description":"skate-aid betreibt Entwicklungshilfe auf vier Rollen \u2013 mit dem Skateboard. F\u00fcr einen Skatepark sucht die Organisation noch Unterst\u00fctzer. Mehr auf 21-grad.de","og_url":"https:\/\/www.vaillant.de\/21-grad\/bewusst-und-sein\/ein-skatepark-fuer-kinder-in-syrien-jetzt-unterstuetzen\/","og_site_name":"21 grad","article_publisher":"https:\/\/www.facebook.com\/21grad\/","article_published_time":"2018-11-05T15:16:01+00:00","article_modified_time":"2019-02-12T12:11:37+00:00","og_image":[{"width":940,"height":480,"url":"https:\/\/www.vaillant.de\/21-grad\/wp-content\/uploads\/2018\/11\/skaterpark_940.jpg","type":"image\/jpeg"}],"author":"Marcus","twitter_card":"summary_large_image","twitter_creator":"@vaillant_de","twitter_site":"@vaillant_de","twitter_misc":{"Verfasst von":"Marcus","Gesch\u00e4tzte Lesezeit":"2\u00a0Minuten","Written by":"Marcus"},"schema":{"@context":"https:\/\/schema.org","@graph":[{"@type":"Article","@id":"https:\/\/www.vaillant.de\/21-grad\/bewusst-und-sein\/ein-skatepark-fuer-kinder-in-syrien-jetzt-unterstuetzen\/#article","isPartOf":{"@id":"https:\/\/www.vaillant.de\/21-grad\/bewusst-und-sein\/ein-skatepark-fuer-kinder-in-syrien-jetzt-unterstuetzen\/"},"author":{"name":"Marcus","@id":"https:\/\/www.vaillant.de\/21-grad\/#\/schema\/person\/d79d2ba98cd3da7ae5877706050352da"},"headline":"Ein Skatepark f\u00fcr Kinder in Syrien \u2013 jetzt unterst\u00fctzen!","datePublished":"2018-11-05T15:16:01+00:00","dateModified":"2019-02-12T12:11:37+00:00","mainEntityOfPage":{"@id":"https:\/\/www.vaillant.de\/21-grad\/bewusst-und-sein\/ein-skatepark-fuer-kinder-in-syrien-jetzt-unterstuetzen\/"},"wordCount":327,"commentCount":0,"image":{"@id":"https:\/\/www.vaillant.de\/21-grad\/bewusst-und-sein\/ein-skatepark-fuer-kinder-in-syrien-jetzt-unterstuetzen\/#primaryimage"},"thumbnailUrl":"https:\/\/www.vaillant.de\/21-grad\/wp-content\/uploads\/2018\/11\/skaterpark_940.jpg","keywords":["Soziales Engagement"],"articleSection":["Bewusst &amp; Sein"],"inLanguage":"de","potentialAction":[{"@type":"CommentAction","name":"Comment","target":["https:\/\/www.vaillant.de\/21-grad\/bewusst-und-sein\/ein-skatepark-fuer-kinder-in-syrien-jetzt-unterstuetzen\/#respond"]}]},{"@type":"WebPage","@id":"https:\/\/www.vaillant.de\/21-grad\/bewusst-und-sein\/ein-skatepark-fuer-kinder-in-syrien-jetzt-unterstuetzen\/","url":"https:\/\/www.vaillant.de\/21-grad\/bewusst-und-sein\/ein-skatepark-fuer-kinder-in-syrien-jetzt-unterstuetzen\/","name":"Ein Skatepark f\u00fcr Kinder in Syrien | 21grad","isPartOf":{"@id":"https:\/\/www.vaillant.de\/21-grad\/#website"},"primaryImageOfPage":{"@id":"https:\/\/www.vaillant.de\/21-grad\/bewusst-und-sein\/ein-skatepark-fuer-kinder-in-syrien-jetzt-unterstuetzen\/#primaryimage"},"image":{"@id":"https:\/\/www.vaillant.de\/21-grad\/bewusst-und-sein\/ein-skatepark-fuer-kinder-in-syrien-jetzt-unterstuetzen\/#primaryimage"},"thumbnailUrl":"https:\/\/www.vaillant.de\/21-grad\/wp-content\/uploads\/2018\/11\/skaterpark_940.jpg","datePublished":"2018-11-05T15:16:01+00:00","dateModified":"2019-02-12T12:11:37+00:00","author":{"@id":"https:\/\/www.vaillant.de\/21-grad\/#\/schema\/person\/d79d2ba98cd3da7ae5877706050352da"},"description":"skate-aid betreibt Entwicklungshilfe auf vier Rollen \u2013 mit dem Skateboard. F\u00fcr einen Skatepark sucht die Organisation noch Unterst\u00fctzer. Mehr auf 21-grad.de","breadcrumb":{"@id":"https:\/\/www.vaillant.de\/21-grad\/bewusst-und-sein\/ein-skatepark-fuer-kinder-in-syrien-jetzt-unterstuetzen\/#breadcrumb"},"inLanguage":"de","potentialAction":[{"@type":"ReadAction","target":["https:\/\/www.vaillant.de\/21-grad\/bewusst-und-sein\/ein-skatepark-fuer-kinder-in-syrien-jetzt-unterstuetzen\/"]}]},{"@type":"ImageObject","inLanguage":"de","@id":"https:\/\/www.vaillant.de\/21-grad\/bewusst-und-sein\/ein-skatepark-fuer-kinder-in-syrien-jetzt-unterstuetzen\/#primaryimage","url":"https:\/\/www.vaillant.de\/21-grad\/wp-content\/uploads\/2018\/11\/skaterpark_940.jpg","contentUrl":"https:\/\/www.vaillant.de\/21-grad\/wp-content\/uploads\/2018\/11\/skaterpark_940.jpg","width":940,"height":480,"caption":"Foto: skate-aid"},{"@type":"BreadcrumbList","@id":"https:\/\/www.vaillant.de\/21-grad\/bewusst-und-sein\/ein-skatepark-fuer-kinder-in-syrien-jetzt-unterstuetzen\/#breadcrumb","itemListElement":[{"@type":"ListItem","position":1,"name":"Startseite","item":"https:\/\/www.vaillant.de\/21-grad\/"},{"@type":"ListItem","position":2,"name":"Ein Skatepark f\u00fcr Kinder in Syrien \u2013 jetzt unterst\u00fctzen!"}]},{"@type":"WebSite","@id":"https:\/\/www.vaillant.de\/21-grad\/#website","url":"https:\/\/www.vaillant.de\/21-grad\/","name":"21 grad","description":"Der Blog f\u00fcr Menschen, die weiterdenken","potentialAction":[{"@type":"SearchAction","target":{"@type":"EntryPoint","urlTemplate":"https:\/\/www.vaillant.de\/21-grad\/?s={search_term_string}"},"query-input":{"@type":"PropertyValueSpecification","valueRequired":true,"valueName":"search_term_string"}}],"inLanguage":"de"},{"@type":"Person","@id":"https:\/\/www.vaillant.de\/21-grad\/#\/schema\/person\/d79d2ba98cd3da7ae5877706050352da","name":"Marcus","image":{"@type":"ImageObject","inLanguage":"de","@id":"https:\/\/www.vaillant.de\/21-grad\/wp-content\/uploads\/2026\/01\/Marcus-125x125.jpg9d3430f1bc55d5a5d47a1162a14ae1af","url":"https:\/\/www.vaillant.de\/21-grad\/wp-content\/uploads\/2026\/01\/Marcus-125x125.jpg","contentUrl":"https:\/\/www.vaillant.de\/21-grad\/wp-content\/uploads\/2026\/01\/Marcus-125x125.jpg","caption":"Marcus"},"description":"Willkommen in der wunderbaren Welt des 21grad Blogs. Als Medien- und Kooperationsmanager bin ich bei Vaillant Deutschland u.a. f\u00fcr unsere Fach- und Branchenkommunikation zust\u00e4ndig. Ich freue mich auf den Dialog mit Euch. :-) Nachhaltigkeit Bewusster Konsum und soziales Engagement liegen mir sehr am Herzen. Zuhause nutze ich \u00d6kostrom und Biogas, bei Lebensmitteln sind mir Labels wie Fair-Trade oder Bio sehr wichtig. Ich bin Sportwart beim Tennisclub Gr\u00fcn-Wei\u00df Lennep und engagiere mich auch f\u00fcr Aktion Mensch oder SOS-Kinderdorf. Interessen Unternehmungen mit Familie und Freunden, Tennis, Rock-Konzerte, Kino, B\u00fccher (z.B. Hornby, Eschbach, Uschmann) Was wolltest du als Kind gerne werden? Um es mit den \u00c4rzten zu sagen: Popstar, Bademeister oder Astronaut Was bringt dich auf die Palme? Menschen, die Schuld immer bei anderen suchen oder auch nat\u00fcrlich eine leckere Kokosnuss Was war der beste Rat, den du jemals erhalten hast? \u201eDenke in L\u00f6sungen, nicht in Problemen.\u201c","url":"https:\/\/www.vaillant.de\/21-grad\/autor\/marcus\/"}]}},"_links":{"self":[{"href":"https:\/\/www.vaillant.de\/21-grad\/wp-json\/wp\/v2\/posts\/3864","targetHints":{"allow":["GET"]}}],"collection":[{"href":"https:\/\/www.vaillant.de\/21-grad\/wp-json\/wp\/v2\/posts"}],"about":[{"href":"https:\/\/www.vaillant.de\/21-grad\/wp-json\/wp\/v2\/types\/post"}],"author":[{"embeddable":true,"href":"https:\/\/www.vaillant.de\/21-grad\/wp-json\/wp\/v2\/users\/6"}],"replies":[{"embeddable":true,"href":"https:\/\/www.vaillant.de\/21-grad\/wp-json\/wp\/v2\/comments?post=3864"}],"version-history":[{"count":6,"href":"https:\/\/www.vaillant.de\/21-grad\/wp-json\/wp\/v2\/posts\/3864\/revisions"}],"predecessor-version":[{"id":3879,"href":"https:\/\/www.vaillant.de\/21-grad\/wp-json\/wp\/v2\/posts\/3864\/revisions\/3879"}],"wp:featuredmedia":[{"embeddable":true,"href":"https:\/\/www.vaillant.de\/21-grad\/wp-json\/wp\/v2\/media\/3877"}],"wp:attachment":[{"href":"https:\/\/www.vaillant.de\/21-grad\/wp-json\/wp\/v2\/media?parent=3864"}],"wp:term":[{"taxonomy":"category","embeddable":true,"href":"https:\/\/www.vaillant.de\/21-grad\/wp-json\/wp\/v2\/categories?post=3864"},{"taxonomy":"post_tag","embeddable":true,"href":"https:\/\/www.vaillant.de\/21-grad\/wp-json\/wp\/v2\/tags?post=3864"},{"taxonomy":"author","embeddable":true,"href":"https:\/\/www.vaillant.de\/21-grad\/wp-json\/wp\/v2\/coauthors?post=3864"}],"curies":[{"name":"wp","href":"https:\/\/api.w.org\/{rel}","templated":true}]}}