{"id":3880,"date":"2018-11-07T12:00:05","date_gmt":"2018-11-07T11:00:05","guid":{"rendered":"https:\/\/21-grad.vaillant.de\/?p=3880"},"modified":"2019-02-19T10:18:59","modified_gmt":"2019-02-19T09:18:59","slug":"es-gibt-tolle-aufstiegschancen-im-handwerk","status":"publish","type":"post","link":"https:\/\/www.vaillant.de\/21-grad\/wissen-und-wert\/es-gibt-tolle-aufstiegschancen-im-handwerk\/","title":{"rendered":"\u201eEs gibt tolle Aufstiegschancen im Handwerk\u201d"},"content":{"rendered":"<h2><strong>21Grad: Paul, die diesj\u00e4hrigen EuroSkills waren ein voller Erfolg f\u00fcr das deutsche Team. Darunter eine Silbermedaille f\u00fcr Sie \u2013 Gl\u00fcckwunsch! Haben Sie damit gerechnet?<\/strong><\/h2>\n<p>Herzlichen Dank. Gerechnet habe ich damit nicht. Ich wusste aber, dass wir sehr gut vorbereitet waren und ich habe bis zum Schluss auf Edelmetall gehofft. Die Medaille steht f\u00fcr viel harte Arbeit im Vorfeld und somit ist sie mir sehr wichtig.<\/p>\n<h2><strong>21Grad: Wie bereitet man sich eigentlich auf so einen Wettbewerb vor?<\/strong><\/h2>\n<p>Wir haben uns zehn Wochen intensiv vorbereitet und anhand eines Testprojektes, trainiert. Die Trainingszeit war verteilt auf ein Jahr und fand im Bundesleistungszentrum SHK in Schweinfurt und in der Handwerkskammer Leipzig statt. Ich wurde vorab sehr gut unterst\u00fctzt, besonders von meinem Trainer Andr\u00e9 Schnabel, der mit mir viel get\u00fcftelt und mir alle seine Erfahrungen mit auf den Weg gegeben hat. Die Zeit werde ich nie wieder vergessen.<\/p>\n<div id=\"attachment_3884\" style=\"width: 358px\" class=\"wp-caption alignright\"><a href=\"https:\/\/www.vaillant.de\/21-grad\/wp-content\/uploads\/2018\/11\/Paul_Schnabel_2.jpg\"><img loading=\"lazy\" decoding=\"async\" aria-describedby=\"caption-attachment-3884\" class=\"size-medium wp-image-3884\" src=\"https:\/\/www.vaillant.de\/21-grad\/wp-content\/uploads\/2018\/11\/Paul_Schnabel_2-348x232.jpg\" alt=\"Paul Schnabel\" width=\"348\" height=\"232\" srcset=\"https:\/\/www.vaillant.de\/21-grad\/wp-content\/uploads\/2018\/11\/Paul_Schnabel_2-348x232.jpg 348w, https:\/\/www.vaillant.de\/21-grad\/wp-content\/uploads\/2018\/11\/Paul_Schnabel_2-768x512.jpg 768w, https:\/\/www.vaillant.de\/21-grad\/wp-content\/uploads\/2018\/11\/Paul_Schnabel_2-720x480.jpg 720w, https:\/\/www.vaillant.de\/21-grad\/wp-content\/uploads\/2018\/11\/Paul_Schnabel_2.jpg 1500w\" sizes=\"auto, (max-width: 348px) 100vw, 348px\" \/><\/a><p id=\"caption-attachment-3884\" class=\"wp-caption-text\">\u00a9 Frank Erpinar<\/p><\/div>\n<h2><strong>21Grad: Ihre Aufgabe war es unter anderem, in einem Bad s\u00e4mtliche Leitungen zu verlegen und einen Heizk\u00f6rper aus einer Kupferstange zu erstellen. Was war f\u00fcr Sie die gr\u00f6\u00dfte Herausforderung?<\/strong><\/h2>\n<p>Die Ablenkung durch das Publikum. Ich habe aber einen recht guten Platz gelost bekommen und war ein wenig abgeschottet. Aber die Zuschauer k\u00f6nnen schon recht nah herantreten und einem ganz genau auf die Finger schauen. Deswegen haben wir auch Geh\u00f6rschutz getragen, um sich nicht zu sehr durch die Ger\u00e4usche in der Halle ablenken zu lassen.<\/p>\n<h2><strong>21Grad: Gab es einen anderen Dienstleisterbereich, der Sie besonders beeindruckt hat?<\/strong><\/h2>\n<p>Ich habe mit unserem Spengler Benno Uhlmann zusammen in Schweinfurt trainiert und konnte ihm somit immer mal beim Arbeiten zuschauen. Dieser Beruf w\u00fcrde mich reizen, weil man D\u00e4cher f\u00fcr die Ewigkeit deckt und es kunstvoll aussieht. Benno hat Blech wie Papier gefaltet, damit hat er mich begeistert.<\/p>\n<h2><strong>21Grad: W\u00fcrden Sie junge Menschen ermutigen, diesen Beruf zu ergreifen?<\/strong><\/h2>\n<p>Ja. Ich finde, dass ich eine sehr gute Ausbildung genossen habe und bin daf\u00fcr auch dankbar. Die Silbermedaille ist ein Beleg f\u00fcr die Qualit\u00e4t unseres Dualen Ausbildungssystems in Deutschland. Sie soll aber auch Ansporn sein f\u00fcr junge Menschen, selbst etwas mit ihren H\u00e4nden zu schaffen. Und es gibt tolle Aufstiegschancen im Handwerk. Der Meister ist m\u00f6glich oder, eine eigene Firma, in der man sein Wissen an Lehrlinge weitergeben kann.<\/p>\n<h2><strong>21Grad: Was nehmen Sie f\u00fcr Ihren Arbeitsalltag, aber auch pers\u00f6nlich, aus diesen intensiven drei Wettbewerbstagen mit?<\/strong><\/h2>\n<p>Pers\u00f6nlich nehme ich eine gro\u00dfartige Zeit mit vielen neuen Leuten, Freundschaften und Erfahrungen mit. F\u00fcr den Arbeitsalltag nehme ich das \u00f6konomische Arbeiten aus dem Wettbewerb mit und nat\u00fcrlich das Auge f\u00fcrs Detail.<\/p>\n<h2><strong>21Grad: Herzlichen Dank f\u00fcr das Gespr\u00e4ch und weiterhin alles Gute!<\/strong><\/h2>\n","protected":false},"excerpt":{"rendered":"<p>Zwei Tage. 28 Nationen. Und eine ganze Menge junger, talentierter Handwerker aus den verschiedensten Bereichen: Das waren sie, die EuroSkills 2018 in Budapest, bei denen Young Professionals ihr Geschick zeigen konnten. Mit insgesamt 17 Medaillen hat das deutsche Team einen Riesenerfolg errungen. Wir haben mit Paul Sch\u00e4rschmidt gesprochen \u2013 Vaillant Exzellenz Partner und Gewinner der Silbermedaille im Bereich Sanit\u00e4r-Heizung.<\/p>\n","protected":false},"author":6,"featured_media":3882,"comment_status":"open","ping_status":"open","sticky":false,"template":"","format":"standard","meta":{"footnotes":""},"categories":[3],"tags":[175],"coauthors":[70],"class_list":["post-3880","post","type-post","status-publish","format-standard","has-post-thumbnail","hentry","category-wissen-und-wert","tag-bildung-und-beruf"],"yoast_head":"<!-- This site is optimized with the Yoast SEO plugin v27.4 - https:\/\/yoast.com\/product\/yoast-seo-wordpress\/ -->\n<title>\u201eEs gibt tolle Aufstiegschancen im Handwerk\u201d | 21 grad<\/title>\n<meta name=\"description\" content=\"Gro\u00dfe Erfolge f\u00fcr das Deutsche Handwerk bei den EuroSkills 2018. Der Vaillant Blog 21grad hat mit SilbermedaillenGewinner Paul Sch\u00e4rschmidt gesprochen.\" \/>\n<meta name=\"robots\" content=\"index, follow, max-snippet:-1, max-image-preview:large, max-video-preview:-1\" \/>\n<link rel=\"canonical\" href=\"https:\/\/www.vaillant.de\/21-grad\/wissen-und-wert\/es-gibt-tolle-aufstiegschancen-im-handwerk\/\" \/>\n<meta property=\"og:locale\" content=\"de_DE\" \/>\n<meta property=\"og:type\" content=\"article\" \/>\n<meta property=\"og:title\" content=\"\u201eEs gibt tolle Aufstiegschancen im Handwerk\u201d | 21 grad\" \/>\n<meta property=\"og:description\" content=\"Gro\u00dfe Erfolge f\u00fcr das Deutsche Handwerk bei den EuroSkills 2018. Der Vaillant Blog 21grad hat mit SilbermedaillenGewinner Paul Sch\u00e4rschmidt gesprochen.\" \/>\n<meta property=\"og:url\" content=\"https:\/\/www.vaillant.de\/21-grad\/wissen-und-wert\/es-gibt-tolle-aufstiegschancen-im-handwerk\/\" \/>\n<meta property=\"og:site_name\" content=\"21 grad\" \/>\n<meta property=\"article:publisher\" content=\"https:\/\/www.facebook.com\/21grad\/\" \/>\n<meta property=\"article:published_time\" content=\"2018-11-07T11:00:05+00:00\" \/>\n<meta property=\"article:modified_time\" content=\"2019-02-19T09:18:59+00:00\" \/>\n<meta property=\"og:image\" content=\"https:\/\/www.vaillant.de\/21-grad\/wp-content\/uploads\/2018\/11\/Paul_und_Andre_940.jpg\" \/>\n\t<meta property=\"og:image:width\" content=\"940\" \/>\n\t<meta property=\"og:image:height\" content=\"480\" \/>\n\t<meta property=\"og:image:type\" content=\"image\/jpeg\" \/>\n<meta name=\"author\" content=\"Marcus\" \/>\n<meta name=\"twitter:card\" content=\"summary_large_image\" \/>\n<meta name=\"twitter:creator\" content=\"@vaillant_de\" \/>\n<meta name=\"twitter:site\" content=\"@vaillant_de\" \/>\n<meta name=\"twitter:label1\" content=\"Verfasst von\" \/>\n\t<meta name=\"twitter:data1\" content=\"Marcus\" \/>\n\t<meta name=\"twitter:label2\" content=\"Gesch\u00e4tzte Lesezeit\" \/>\n\t<meta name=\"twitter:data2\" content=\"2\u00a0Minuten\" \/>\n\t<meta name=\"twitter:label3\" content=\"Written by\" \/>\n\t<meta name=\"twitter:data3\" content=\"Marcus\" \/>\n<script type=\"application\/ld+json\" class=\"yoast-schema-graph\">{\"@context\":\"https:\\\/\\\/schema.org\",\"@graph\":[{\"@type\":\"Article\",\"@id\":\"https:\\\/\\\/www.vaillant.de\\\/21-grad\\\/wissen-und-wert\\\/es-gibt-tolle-aufstiegschancen-im-handwerk\\\/#article\",\"isPartOf\":{\"@id\":\"https:\\\/\\\/www.vaillant.de\\\/21-grad\\\/wissen-und-wert\\\/es-gibt-tolle-aufstiegschancen-im-handwerk\\\/\"},\"author\":{\"name\":\"Marcus\",\"@id\":\"https:\\\/\\\/www.vaillant.de\\\/21-grad\\\/#\\\/schema\\\/person\\\/d79d2ba98cd3da7ae5877706050352da\"},\"headline\":\"\u201eEs gibt tolle Aufstiegschancen im Handwerk\u201d\",\"datePublished\":\"2018-11-07T11:00:05+00:00\",\"dateModified\":\"2019-02-19T09:18:59+00:00\",\"mainEntityOfPage\":{\"@id\":\"https:\\\/\\\/www.vaillant.de\\\/21-grad\\\/wissen-und-wert\\\/es-gibt-tolle-aufstiegschancen-im-handwerk\\\/\"},\"wordCount\":469,\"commentCount\":1,\"image\":{\"@id\":\"https:\\\/\\\/www.vaillant.de\\\/21-grad\\\/wissen-und-wert\\\/es-gibt-tolle-aufstiegschancen-im-handwerk\\\/#primaryimage\"},\"thumbnailUrl\":\"https:\\\/\\\/www.vaillant.de\\\/21-grad\\\/wp-content\\\/uploads\\\/2018\\\/11\\\/Paul_und_Andre_940.jpg\",\"keywords\":[\"Bildung und Beruf\"],\"articleSection\":[\"Wissen &amp; Wert\"],\"inLanguage\":\"de\",\"potentialAction\":[{\"@type\":\"CommentAction\",\"name\":\"Comment\",\"target\":[\"https:\\\/\\\/www.vaillant.de\\\/21-grad\\\/wissen-und-wert\\\/es-gibt-tolle-aufstiegschancen-im-handwerk\\\/#respond\"]}]},{\"@type\":\"WebPage\",\"@id\":\"https:\\\/\\\/www.vaillant.de\\\/21-grad\\\/wissen-und-wert\\\/es-gibt-tolle-aufstiegschancen-im-handwerk\\\/\",\"url\":\"https:\\\/\\\/www.vaillant.de\\\/21-grad\\\/wissen-und-wert\\\/es-gibt-tolle-aufstiegschancen-im-handwerk\\\/\",\"name\":\"\u201eEs gibt tolle Aufstiegschancen im Handwerk\u201d | 21 grad\",\"isPartOf\":{\"@id\":\"https:\\\/\\\/www.vaillant.de\\\/21-grad\\\/#website\"},\"primaryImageOfPage\":{\"@id\":\"https:\\\/\\\/www.vaillant.de\\\/21-grad\\\/wissen-und-wert\\\/es-gibt-tolle-aufstiegschancen-im-handwerk\\\/#primaryimage\"},\"image\":{\"@id\":\"https:\\\/\\\/www.vaillant.de\\\/21-grad\\\/wissen-und-wert\\\/es-gibt-tolle-aufstiegschancen-im-handwerk\\\/#primaryimage\"},\"thumbnailUrl\":\"https:\\\/\\\/www.vaillant.de\\\/21-grad\\\/wp-content\\\/uploads\\\/2018\\\/11\\\/Paul_und_Andre_940.jpg\",\"datePublished\":\"2018-11-07T11:00:05+00:00\",\"dateModified\":\"2019-02-19T09:18:59+00:00\",\"author\":{\"@id\":\"https:\\\/\\\/www.vaillant.de\\\/21-grad\\\/#\\\/schema\\\/person\\\/d79d2ba98cd3da7ae5877706050352da\"},\"description\":\"Gro\u00dfe Erfolge f\u00fcr das Deutsche Handwerk bei den EuroSkills 2018. Der Vaillant Blog 21grad hat mit SilbermedaillenGewinner Paul Sch\u00e4rschmidt gesprochen.\",\"breadcrumb\":{\"@id\":\"https:\\\/\\\/www.vaillant.de\\\/21-grad\\\/wissen-und-wert\\\/es-gibt-tolle-aufstiegschancen-im-handwerk\\\/#breadcrumb\"},\"inLanguage\":\"de\",\"potentialAction\":[{\"@type\":\"ReadAction\",\"target\":[\"https:\\\/\\\/www.vaillant.de\\\/21-grad\\\/wissen-und-wert\\\/es-gibt-tolle-aufstiegschancen-im-handwerk\\\/\"]}]},{\"@type\":\"ImageObject\",\"inLanguage\":\"de\",\"@id\":\"https:\\\/\\\/www.vaillant.de\\\/21-grad\\\/wissen-und-wert\\\/es-gibt-tolle-aufstiegschancen-im-handwerk\\\/#primaryimage\",\"url\":\"https:\\\/\\\/www.vaillant.de\\\/21-grad\\\/wp-content\\\/uploads\\\/2018\\\/11\\\/Paul_und_Andre_940.jpg\",\"contentUrl\":\"https:\\\/\\\/www.vaillant.de\\\/21-grad\\\/wp-content\\\/uploads\\\/2018\\\/11\\\/Paul_und_Andre_940.jpg\",\"width\":940,\"height\":480,\"caption\":\"Paul und Andre Schnabel\"},{\"@type\":\"BreadcrumbList\",\"@id\":\"https:\\\/\\\/www.vaillant.de\\\/21-grad\\\/wissen-und-wert\\\/es-gibt-tolle-aufstiegschancen-im-handwerk\\\/#breadcrumb\",\"itemListElement\":[{\"@type\":\"ListItem\",\"position\":1,\"name\":\"Startseite\",\"item\":\"https:\\\/\\\/www.vaillant.de\\\/21-grad\\\/\"},{\"@type\":\"ListItem\",\"position\":2,\"name\":\"\u201eEs gibt tolle Aufstiegschancen im Handwerk\u201d\"}]},{\"@type\":\"WebSite\",\"@id\":\"https:\\\/\\\/www.vaillant.de\\\/21-grad\\\/#website\",\"url\":\"https:\\\/\\\/www.vaillant.de\\\/21-grad\\\/\",\"name\":\"21 grad\",\"description\":\"Der Blog f\u00fcr Menschen, die weiterdenken\",\"potentialAction\":[{\"@type\":\"SearchAction\",\"target\":{\"@type\":\"EntryPoint\",\"urlTemplate\":\"https:\\\/\\\/www.vaillant.de\\\/21-grad\\\/?s={search_term_string}\"},\"query-input\":{\"@type\":\"PropertyValueSpecification\",\"valueRequired\":true,\"valueName\":\"search_term_string\"}}],\"inLanguage\":\"de\"},{\"@type\":\"Person\",\"@id\":\"https:\\\/\\\/www.vaillant.de\\\/21-grad\\\/#\\\/schema\\\/person\\\/d79d2ba98cd3da7ae5877706050352da\",\"name\":\"Marcus\",\"image\":{\"@type\":\"ImageObject\",\"inLanguage\":\"de\",\"@id\":\"https:\\\/\\\/www.vaillant.de\\\/21-grad\\\/wp-content\\\/uploads\\\/2026\\\/01\\\/Marcus-125x125.jpg9d3430f1bc55d5a5d47a1162a14ae1af\",\"url\":\"https:\\\/\\\/www.vaillant.de\\\/21-grad\\\/wp-content\\\/uploads\\\/2026\\\/01\\\/Marcus-125x125.jpg\",\"contentUrl\":\"https:\\\/\\\/www.vaillant.de\\\/21-grad\\\/wp-content\\\/uploads\\\/2026\\\/01\\\/Marcus-125x125.jpg\",\"caption\":\"Marcus\"},\"description\":\"Willkommen in der wunderbaren Welt des 21grad Blogs. Als Medien- und Kooperationsmanager bin ich bei Vaillant Deutschland u.a. f\u00fcr unsere Fach- und Branchenkommunikation zust\u00e4ndig. Ich freue mich auf den Dialog mit Euch. :-) Nachhaltigkeit Bewusster Konsum und soziales Engagement liegen mir sehr am Herzen. Zuhause nutze ich \u00d6kostrom und Biogas, bei Lebensmitteln sind mir Labels wie Fair-Trade oder Bio sehr wichtig. Ich bin Sportwart beim Tennisclub Gr\u00fcn-Wei\u00df Lennep und engagiere mich auch f\u00fcr Aktion Mensch oder SOS-Kinderdorf. Interessen Unternehmungen mit Familie und Freunden, Tennis, Rock-Konzerte, Kino, B\u00fccher (z.B. Hornby, Eschbach, Uschmann) Was wolltest du als Kind gerne werden? Um es mit den \u00c4rzten zu sagen: Popstar, Bademeister oder Astronaut Was bringt dich auf die Palme? Menschen, die Schuld immer bei anderen suchen oder auch nat\u00fcrlich eine leckere Kokosnuss Was war der beste Rat, den du jemals erhalten hast? \u201eDenke in L\u00f6sungen, nicht in Problemen.\u201c\",\"url\":\"https:\\\/\\\/www.vaillant.de\\\/21-grad\\\/autor\\\/marcus\\\/\"}]}<\/script>\n<!-- \/ Yoast SEO plugin. -->","yoast_head_json":{"title":"\u201eEs gibt tolle Aufstiegschancen im Handwerk\u201d | 21 grad","description":"Gro\u00dfe Erfolge f\u00fcr das Deutsche Handwerk bei den EuroSkills 2018. Der Vaillant Blog 21grad hat mit SilbermedaillenGewinner Paul Sch\u00e4rschmidt gesprochen.","robots":{"index":"index","follow":"follow","max-snippet":"max-snippet:-1","max-image-preview":"max-image-preview:large","max-video-preview":"max-video-preview:-1"},"canonical":"https:\/\/www.vaillant.de\/21-grad\/wissen-und-wert\/es-gibt-tolle-aufstiegschancen-im-handwerk\/","og_locale":"de_DE","og_type":"article","og_title":"\u201eEs gibt tolle Aufstiegschancen im Handwerk\u201d | 21 grad","og_description":"Gro\u00dfe Erfolge f\u00fcr das Deutsche Handwerk bei den EuroSkills 2018. Der Vaillant Blog 21grad hat mit SilbermedaillenGewinner Paul Sch\u00e4rschmidt gesprochen.","og_url":"https:\/\/www.vaillant.de\/21-grad\/wissen-und-wert\/es-gibt-tolle-aufstiegschancen-im-handwerk\/","og_site_name":"21 grad","article_publisher":"https:\/\/www.facebook.com\/21grad\/","article_published_time":"2018-11-07T11:00:05+00:00","article_modified_time":"2019-02-19T09:18:59+00:00","og_image":[{"width":940,"height":480,"url":"https:\/\/www.vaillant.de\/21-grad\/wp-content\/uploads\/2018\/11\/Paul_und_Andre_940.jpg","type":"image\/jpeg"}],"author":"Marcus","twitter_card":"summary_large_image","twitter_creator":"@vaillant_de","twitter_site":"@vaillant_de","twitter_misc":{"Verfasst von":"Marcus","Gesch\u00e4tzte Lesezeit":"2\u00a0Minuten","Written by":"Marcus"},"schema":{"@context":"https:\/\/schema.org","@graph":[{"@type":"Article","@id":"https:\/\/www.vaillant.de\/21-grad\/wissen-und-wert\/es-gibt-tolle-aufstiegschancen-im-handwerk\/#article","isPartOf":{"@id":"https:\/\/www.vaillant.de\/21-grad\/wissen-und-wert\/es-gibt-tolle-aufstiegschancen-im-handwerk\/"},"author":{"name":"Marcus","@id":"https:\/\/www.vaillant.de\/21-grad\/#\/schema\/person\/d79d2ba98cd3da7ae5877706050352da"},"headline":"\u201eEs gibt tolle Aufstiegschancen im Handwerk\u201d","datePublished":"2018-11-07T11:00:05+00:00","dateModified":"2019-02-19T09:18:59+00:00","mainEntityOfPage":{"@id":"https:\/\/www.vaillant.de\/21-grad\/wissen-und-wert\/es-gibt-tolle-aufstiegschancen-im-handwerk\/"},"wordCount":469,"commentCount":1,"image":{"@id":"https:\/\/www.vaillant.de\/21-grad\/wissen-und-wert\/es-gibt-tolle-aufstiegschancen-im-handwerk\/#primaryimage"},"thumbnailUrl":"https:\/\/www.vaillant.de\/21-grad\/wp-content\/uploads\/2018\/11\/Paul_und_Andre_940.jpg","keywords":["Bildung und Beruf"],"articleSection":["Wissen &amp; Wert"],"inLanguage":"de","potentialAction":[{"@type":"CommentAction","name":"Comment","target":["https:\/\/www.vaillant.de\/21-grad\/wissen-und-wert\/es-gibt-tolle-aufstiegschancen-im-handwerk\/#respond"]}]},{"@type":"WebPage","@id":"https:\/\/www.vaillant.de\/21-grad\/wissen-und-wert\/es-gibt-tolle-aufstiegschancen-im-handwerk\/","url":"https:\/\/www.vaillant.de\/21-grad\/wissen-und-wert\/es-gibt-tolle-aufstiegschancen-im-handwerk\/","name":"\u201eEs gibt tolle Aufstiegschancen im Handwerk\u201d | 21 grad","isPartOf":{"@id":"https:\/\/www.vaillant.de\/21-grad\/#website"},"primaryImageOfPage":{"@id":"https:\/\/www.vaillant.de\/21-grad\/wissen-und-wert\/es-gibt-tolle-aufstiegschancen-im-handwerk\/#primaryimage"},"image":{"@id":"https:\/\/www.vaillant.de\/21-grad\/wissen-und-wert\/es-gibt-tolle-aufstiegschancen-im-handwerk\/#primaryimage"},"thumbnailUrl":"https:\/\/www.vaillant.de\/21-grad\/wp-content\/uploads\/2018\/11\/Paul_und_Andre_940.jpg","datePublished":"2018-11-07T11:00:05+00:00","dateModified":"2019-02-19T09:18:59+00:00","author":{"@id":"https:\/\/www.vaillant.de\/21-grad\/#\/schema\/person\/d79d2ba98cd3da7ae5877706050352da"},"description":"Gro\u00dfe Erfolge f\u00fcr das Deutsche Handwerk bei den EuroSkills 2018. Der Vaillant Blog 21grad hat mit SilbermedaillenGewinner Paul Sch\u00e4rschmidt gesprochen.","breadcrumb":{"@id":"https:\/\/www.vaillant.de\/21-grad\/wissen-und-wert\/es-gibt-tolle-aufstiegschancen-im-handwerk\/#breadcrumb"},"inLanguage":"de","potentialAction":[{"@type":"ReadAction","target":["https:\/\/www.vaillant.de\/21-grad\/wissen-und-wert\/es-gibt-tolle-aufstiegschancen-im-handwerk\/"]}]},{"@type":"ImageObject","inLanguage":"de","@id":"https:\/\/www.vaillant.de\/21-grad\/wissen-und-wert\/es-gibt-tolle-aufstiegschancen-im-handwerk\/#primaryimage","url":"https:\/\/www.vaillant.de\/21-grad\/wp-content\/uploads\/2018\/11\/Paul_und_Andre_940.jpg","contentUrl":"https:\/\/www.vaillant.de\/21-grad\/wp-content\/uploads\/2018\/11\/Paul_und_Andre_940.jpg","width":940,"height":480,"caption":"Paul und Andre Schnabel"},{"@type":"BreadcrumbList","@id":"https:\/\/www.vaillant.de\/21-grad\/wissen-und-wert\/es-gibt-tolle-aufstiegschancen-im-handwerk\/#breadcrumb","itemListElement":[{"@type":"ListItem","position":1,"name":"Startseite","item":"https:\/\/www.vaillant.de\/21-grad\/"},{"@type":"ListItem","position":2,"name":"\u201eEs gibt tolle Aufstiegschancen im Handwerk\u201d"}]},{"@type":"WebSite","@id":"https:\/\/www.vaillant.de\/21-grad\/#website","url":"https:\/\/www.vaillant.de\/21-grad\/","name":"21 grad","description":"Der Blog f\u00fcr Menschen, die weiterdenken","potentialAction":[{"@type":"SearchAction","target":{"@type":"EntryPoint","urlTemplate":"https:\/\/www.vaillant.de\/21-grad\/?s={search_term_string}"},"query-input":{"@type":"PropertyValueSpecification","valueRequired":true,"valueName":"search_term_string"}}],"inLanguage":"de"},{"@type":"Person","@id":"https:\/\/www.vaillant.de\/21-grad\/#\/schema\/person\/d79d2ba98cd3da7ae5877706050352da","name":"Marcus","image":{"@type":"ImageObject","inLanguage":"de","@id":"https:\/\/www.vaillant.de\/21-grad\/wp-content\/uploads\/2026\/01\/Marcus-125x125.jpg9d3430f1bc55d5a5d47a1162a14ae1af","url":"https:\/\/www.vaillant.de\/21-grad\/wp-content\/uploads\/2026\/01\/Marcus-125x125.jpg","contentUrl":"https:\/\/www.vaillant.de\/21-grad\/wp-content\/uploads\/2026\/01\/Marcus-125x125.jpg","caption":"Marcus"},"description":"Willkommen in der wunderbaren Welt des 21grad Blogs. Als Medien- und Kooperationsmanager bin ich bei Vaillant Deutschland u.a. f\u00fcr unsere Fach- und Branchenkommunikation zust\u00e4ndig. Ich freue mich auf den Dialog mit Euch. :-) Nachhaltigkeit Bewusster Konsum und soziales Engagement liegen mir sehr am Herzen. Zuhause nutze ich \u00d6kostrom und Biogas, bei Lebensmitteln sind mir Labels wie Fair-Trade oder Bio sehr wichtig. Ich bin Sportwart beim Tennisclub Gr\u00fcn-Wei\u00df Lennep und engagiere mich auch f\u00fcr Aktion Mensch oder SOS-Kinderdorf. Interessen Unternehmungen mit Familie und Freunden, Tennis, Rock-Konzerte, Kino, B\u00fccher (z.B. Hornby, Eschbach, Uschmann) Was wolltest du als Kind gerne werden? Um es mit den \u00c4rzten zu sagen: Popstar, Bademeister oder Astronaut Was bringt dich auf die Palme? Menschen, die Schuld immer bei anderen suchen oder auch nat\u00fcrlich eine leckere Kokosnuss Was war der beste Rat, den du jemals erhalten hast? \u201eDenke in L\u00f6sungen, nicht in Problemen.\u201c","url":"https:\/\/www.vaillant.de\/21-grad\/autor\/marcus\/"}]}},"_links":{"self":[{"href":"https:\/\/www.vaillant.de\/21-grad\/wp-json\/wp\/v2\/posts\/3880","targetHints":{"allow":["GET"]}}],"collection":[{"href":"https:\/\/www.vaillant.de\/21-grad\/wp-json\/wp\/v2\/posts"}],"about":[{"href":"https:\/\/www.vaillant.de\/21-grad\/wp-json\/wp\/v2\/types\/post"}],"author":[{"embeddable":true,"href":"https:\/\/www.vaillant.de\/21-grad\/wp-json\/wp\/v2\/users\/6"}],"replies":[{"embeddable":true,"href":"https:\/\/www.vaillant.de\/21-grad\/wp-json\/wp\/v2\/comments?post=3880"}],"version-history":[{"count":5,"href":"https:\/\/www.vaillant.de\/21-grad\/wp-json\/wp\/v2\/posts\/3880\/revisions"}],"predecessor-version":[{"id":4110,"href":"https:\/\/www.vaillant.de\/21-grad\/wp-json\/wp\/v2\/posts\/3880\/revisions\/4110"}],"wp:featuredmedia":[{"embeddable":true,"href":"https:\/\/www.vaillant.de\/21-grad\/wp-json\/wp\/v2\/media\/3882"}],"wp:attachment":[{"href":"https:\/\/www.vaillant.de\/21-grad\/wp-json\/wp\/v2\/media?parent=3880"}],"wp:term":[{"taxonomy":"category","embeddable":true,"href":"https:\/\/www.vaillant.de\/21-grad\/wp-json\/wp\/v2\/categories?post=3880"},{"taxonomy":"post_tag","embeddable":true,"href":"https:\/\/www.vaillant.de\/21-grad\/wp-json\/wp\/v2\/tags?post=3880"},{"taxonomy":"author","embeddable":true,"href":"https:\/\/www.vaillant.de\/21-grad\/wp-json\/wp\/v2\/coauthors?post=3880"}],"curies":[{"name":"wp","href":"https:\/\/api.w.org\/{rel}","templated":true}]}}