{"id":3983,"date":"2019-01-30T16:13:49","date_gmt":"2019-01-30T15:13:49","guid":{"rendered":"https:\/\/www.vaillant.de\/21-grad\/?p=3983"},"modified":"2021-10-15T16:03:56","modified_gmt":"2021-10-15T14:03:56","slug":"schwankende-heizoelpreise-was-steckt-dahinter","status":"publish","type":"post","link":"https:\/\/www.vaillant.de\/21-grad\/wissen-und-wert\/schwankende-heizoelpreise-was-steckt-dahinter\/","title":{"rendered":"Schwankende Heiz\u00f6lpreise \u2013 Was steckt dahinter?"},"content":{"rendered":"<p>Als Colonel Edwin L. Drake 1859 im amerikanischen Pennsylvania auf Erd\u00f6l stie\u00df und damit den Spatenstich f\u00fcr die moderne \u00d6lindustrie setze, ahnte er wohl kaum, dass der \u00d6lpreis eines Tages zu den Schl\u00fcsselfaktoren der Weltwirtschaft z\u00e4hlen w\u00fcrde. Was heute noch an damals erinnert, ist wenig: Die \u00d6lmenge wird immer noch in \u201eBarrel\u201c angegeben. Ein solches \u201eFass\u201c entspricht 159 Litern \u00d6l. Ansonsten ist alles anders: Das \u00d6l wird in Tankern um die Welt geschickt und an internationalen B\u00f6rsen gehandelt. Sein Preis folgt den Gesetzen der M\u00e4rkte und spiegelt neben den Vorr\u00e4ten in der Erdkruste vor allem politische und wirtschaftliche Krisen sowie die F\u00f6rderpolitik der produzierenden L\u00e4nder wider.<\/p>\n<div class=\"infobox default\"><\/p>\n<p><strong>Die f\u00fchrenden Erd\u00f6lf\u00f6rderl\u00e4nder 2018 (in Millionen Barrel pro Tag)<\/strong><\/p>\n<ol>\n<li><strong>OPEC (ohne Iran): 34,6<\/strong><\/li>\n<li><strong>USA: 14,9<\/strong><\/li>\n<li><strong>Russland: 11,4<\/strong><\/li>\n<li><strong>Iran: 3,8<\/strong><\/li>\n<\/ol>\n<p>Quelle: <a href=\"https:\/\/de.statista.com\/statistik\/daten\/studie\/417436\/umfrage\/erdoelfoerderung-weltweit-nach-laendern\/\">https:\/\/de.statista.com\/<\/a><\/p>\n<p>Die OPEC ist die Organisation erd\u00f6lexportierender L\u00e4nder. Sie ist eines der gr\u00f6\u00dften Kartelle der Welt und verfolgt das Ziel, die Erd\u00f6lpolitiken seiner Mitgliedsstaaten zu koordinieren und die Weltmarktpreise f\u00fcr Roh\u00f6l unter anderem durch Regulierung der F\u00f6rdermengen zu stabilisieren. Zur OPEC geh\u00f6ren aktuell 15 L\u00e4nder, darunter politisch instabile Staaten wie Irak, Iran, Algerien, Angola, Libyen, Nigeria oder Venezuela.<\/p>\n<p><\/div>\n<h2><strong>Heute kontrolliert die OPEC die \u00d6lpreise nicht mehr <\/strong><\/h2>\n<p>Von ihrer Gr\u00fcndung 1960 bis in die Mitte der achtziger Jahre steuerte die OPEC die \u00d6lpreise. Da jedoch alle \u00d6lproduzenten \u2013 OPEC-Mitglieder oder nicht \u2013 an stabilen, der Weltwirtschaft und somit der Nachfrage f\u00f6rderlichen \u00d6lpreisen interessiert sind, hat sie an Einfluss verloren. Hinzu kommt, dass die USA als weltweit gr\u00f6\u00dfter \u00d6lnachfrager in den letzten Jahren zum zweitgr\u00f6\u00dften \u00d6lproduzenten aufgestiegen sind. Durch Ausbeutung des Schiefer\u00f6l-Vorkommens hat sie die Marktdominanz der Golfstaaten und auch Russlands verringert.<\/p>\n<h2><strong>OPEC-Korbpreis ist aber nach wie vor eine Leitgr\u00f6\u00dfe<\/strong><\/h2>\n<p>Der sogenannte OPEC-Korbpreis, der sich aus allen \u00d6lsorten und Preisen der OPEC-Mitglieder zusammensetzt, gilt aber nach wie vor als eine Art Leitgr\u00f6\u00dfe auf dem Markt. Warum? Ist schnell erkl\u00e4rt: 2017 betrug der Anteil der OPEC-Staaten an der weltweiten Roh\u00f6lproduktion knapp 43 Prozent. 13,5 Prozent f\u00f6rderte alleine Saudi-Arabien, welches wie wenige L\u00e4nder in der Lage ist, seine F\u00f6rdermenge kurzfristig zu ver\u00e4ndern, ohne die heimische Wirtschaft zu gef\u00e4hrden. Russland zum Beispiel kann das nicht. Der Export von \u00d6l ist f\u00fcr das Land noch bedeutender als der von Gas \u2013 obwohl es der weltweit gr\u00f6\u00dfte Erd\u00f6lproduzent ist.<\/p>\n<div id=\"attachment_3984\" style=\"width: 441px\" class=\"wp-caption aligncenter\"><a href=\"https:\/\/www.vaillant.de\/21-grad\/wp-content\/uploads\/2019\/01\/\u00d6lpreisentwicklung.png\"><img loading=\"lazy\" decoding=\"async\" aria-describedby=\"caption-attachment-3984\" class=\"wp-image-3984 size-medium\" src=\"https:\/\/www.vaillant.de\/21-grad\/wp-content\/uploads\/2019\/01\/\u00d6lpreisentwicklung-431x232.png\" alt=\"Entwicklung der Roh\u00f6lpreise\" width=\"431\" height=\"232\" srcset=\"https:\/\/www.vaillant.de\/21-grad\/wp-content\/uploads\/2019\/01\/\u00d6lpreisentwicklung-431x232.png 431w, https:\/\/www.vaillant.de\/21-grad\/wp-content\/uploads\/2019\/01\/\u00d6lpreisentwicklung.png 604w\" sizes=\"auto, (max-width: 431px) 100vw, 431px\" \/><\/a><p id=\"caption-attachment-3984\" class=\"wp-caption-text\">Quelle: <a href=\"https:\/\/www.fastenergy.de\/heizoel-preis\/oelpreis.htm\">https:\/\/www.fastenergy.de\/heizoel-preis\/oelpreis.htm<\/a><\/p><\/div>\n<h2><strong>Ein Gro\u00dfteil des Handels mit \u00d6l spielt sich an der B\u00f6rse ab <\/strong><\/h2>\n<p>\u00d6l wird an New York Mercantile Exchange (NYMEX) und der International Petroleum Exchange (IPE) in London gehandelt. Die Preise orientieren sich vor allem an zwei Roh\u00f6lsorten: dem Brent Blend (BRENT) aus der Nordsee und dem West Texas Intermediary (WTI) aus den USA. Erd\u00f6l wird an der B\u00f6rse haupts\u00e4chlich in Form von Futures gehandelt. Bei diesen Kontrakten geht es darum, an einem bestimmten Zeitpunkt in der Zukunft \u2013 meistens in einem Monat \u2013 eine bestimmte Menge Roh\u00f6l zu kaufen oder zu verkaufen.<\/p>\n<div class=\"infobox hint\">Die Mehrheit der Teilnehmer an den B\u00f6rsen versucht, durch Einsch\u00e4tzung der Marktentwicklung kurzfristige Gewinne zu erzielen. Sie spekuliert also.<\/div>\n<h2><strong>Die Stimmung an den B\u00f6rsen beeinflusst die \u00d6lpreise stark<\/strong><\/h2>\n<p>Diese Stimmung wird von drohenden politischen Unruhen ebenso gesteuert wird wie von erwarteten Ver\u00e4nderungen bei Angebot und Nachfrage. St\u00fcrme und Tornados, die die Produktion und den Transport von \u00d6l erschweren? Ein kalter Winter in Europa? Die Roadtrips der Amerikaner in der \u201edriving season\u201c zwischen Ende Mai und Anfang September? Schlagen sich in den \u00d6lpreisen nieder. Gleiches gilt f\u00fcr besonders hohe oder niedrige Lagerbest\u00e4nde in wichtigen Abnehmerl\u00e4ndern. Schwellenl\u00e4nder wie China und Indien, die der USA als Spitzenreiter unter den \u00d6lverbrauchern folgen, spielen hier eine wichtige Rolle. Und selbstverst\u00e4ndlich \u00fcbt auch der Dollarkurs einen direkten Einfluss auf den \u00d6lpreis aus, da \u00d6l in Dollar abgerechnet wird. Wer keine besitzt, muss seine Landesw\u00e4hrung gegen Dollar eintauschen.<\/p>\n<div class=\"infobox hint\">Politische Unruhen, Angebot und Nachfrage, Wetterereignisse, nationale Lagerbest\u00e4nde und der US-Dollarkurs n\u00e4hrt die Spekulationen.<\/div>\n<h2><strong>Ver\u00e4ndert sich der \u00d6lpreis, ver\u00e4ndern sich auch die Heiz\u00f6lpreise <\/strong><\/h2>\n<p>Und zwar \u00fcber den Gas\u00f6lpreis. Gas\u00f6l ist das unversteuerte, chemisch identische Vorprodukt von Heiz\u00f6l. Es wird wie Roh\u00f6l an den internationalen Warenterminm\u00e4rkten gehandelt. \u201eReales\u201c Roh\u00f6l wechselt h\u00e4ufig im Rahmen von langfristig geschlossenen Liefervertr\u00e4gen seine Besitzer. Wollen H\u00e4ndler kurzfristig \u00d6l umschlagen, zum Beispiel um Gewinne durch Preisschwankungen mitzunehmen, wird die Ware \u201eon the spot\u201c verschoben: in gro\u00dfen \u00d6lh\u00e4fen wie Rotterdam, New York, Houston am Golf von Mexiko, Singapur und im Persischen Golf.<\/p>\n<div class=\"infobox hint\">Die Preise f\u00fcr reales \u00d6l orientieren sich stark an den B\u00f6rsenhandelspreisen f\u00fcr Futures.<\/div>\n<div id=\"attachment_3985\" style=\"width: 408px\" class=\"wp-caption aligncenter\"><a href=\"https:\/\/www.vaillant.de\/21-grad\/wp-content\/uploads\/2019\/01\/Entwicklung-der-Indexwerte.png\"><img loading=\"lazy\" decoding=\"async\" aria-describedby=\"caption-attachment-3985\" class=\"wp-image-3985 size-medium\" src=\"https:\/\/www.vaillant.de\/21-grad\/wp-content\/uploads\/2019\/01\/Entwicklung-der-Indexwerte-398x232.png\" alt=\"Entwicklung der Index-Werte\" width=\"398\" height=\"232\" srcset=\"https:\/\/www.vaillant.de\/21-grad\/wp-content\/uploads\/2019\/01\/Entwicklung-der-Indexwerte-398x232.png 398w, https:\/\/www.vaillant.de\/21-grad\/wp-content\/uploads\/2019\/01\/Entwicklung-der-Indexwerte-768x448.png 768w, https:\/\/www.vaillant.de\/21-grad\/wp-content\/uploads\/2019\/01\/Entwicklung-der-Indexwerte-823x480.png 823w, https:\/\/www.vaillant.de\/21-grad\/wp-content\/uploads\/2019\/01\/Entwicklung-der-Indexwerte.png 1200w\" sizes=\"auto, (max-width: 398px) 100vw, 398px\" \/><\/a><p id=\"caption-attachment-3985\" class=\"wp-caption-text\">Quelle: <a href=\"https:\/\/www.fastenergy.de\/heizoel-preis\/oelpreis.htm\">https:\/\/www.fastenergy.de\/heizoel-preis\/oelpreis.htm<\/a><\/p><\/div>\n<h2><strong>Warum hat Niedersachsen zum Beispiel andere Heiz\u00f6lpreise als NRW? <\/strong><\/h2>\n<p>Das Roh\u00f6l, das wir in Deutschland nach erfolgter Raffination als Heiz\u00f6l nutzen, erreicht uns auf unterschiedlichen Transportwegen. Nordwest- und Teile Norddeutschlands werden \u00fcberwiegend aus Rotterdam beliefert. In Ostdeutschland wird vor allem russisches \u00d6l genutzt, das uns \u00fcber eine durch Polen f\u00fchrende Pipeline erreicht. Eine Leitung aus dem Hafen in Genua versorgt Raffinerien in und um Ingolstadt, die Heiz\u00f6l und Kraftstoffe f\u00fcr das s\u00fcd\u00f6stliche Deutschland herstellen. Karlsruhe, das aus S\u00fcdfrankreich und Rotterdam mit Roh\u00f6l versorgt wird, ist ein wichtiger Umschlagplatz f\u00fcr den S\u00fcdwesten.<\/p>\n<div class=\"infobox hint\">So verschieden die Wege und Entfernungen von H\u00e4fen, Raffinerien oder Tanklagern zu uns, den Verbrauchern, so unterschiedlich sind die Heiz\u00f6lpreise.<\/div>\n<h2><strong>Weitere Einflussgr\u00f6\u00dfen sind Hersteller, Handel und Staat\u00a0\u00a0\u00a0\u00a0 <\/strong><\/h2>\n<p>Die vielen Unternehmen, die an der Herstellung und dem Handel mit Heiz\u00f6l beteiligt sind, tragen ebenfalls zur Preisbildung bei. Dass auch die Binnenschifffahrt die Preise f\u00fcr Erd\u00f6lprodukte stark bewegen kann, hat der D\u00fcrresommer 2018 j\u00fcngst gezeigt.<\/p>\n<div class=\"infobox hint\">Unsere Heiz\u00f6lpreise sind nicht nur vom Geschehen an den internationalen \u00d6lm\u00e4rkten und vom Wechselkurs zum US-Dollar abh\u00e4ngig, sondern auch von Begebenheiten in den Regionen.<\/div>\n<p>Preisunterschiede von 2 bis 5 Cent pro Liter sind gang und g\u00e4be. Die t\u00e4glichen Entwicklungen k\u00f6nnt Ihr hier verfolgen: <a href=\"https:\/\/www.fastenergy.de\/heizoelpreis-tendenz.htm#tabelle\">www.fastenergy.de<\/a>. Und nat\u00fcrlich profitiert auch der Staat von unseren Heiz\u00f6lk\u00e4ufen. Er erh\u00e4lt aktuell 6,14 Cent pro Liter gesetzliche Energiesteuer f\u00fcr leichtes Heiz\u00f6l sowie 19 % Mehrwertsteuer auf den Nettopreis inklusive Energiesteuer.<\/p>\n<h2>Auch wenn die Heiz\u00f6lpreise schwanken:<br \/>\nTipps zum Heiz\u00f6lkauf und -verbrauch haben wir trotzdem<\/h2>\n<div class=\"infobox alert\"><\/p>\n<h2><strong>Wann ist Heiz\u00f6l am g\u00fcnstigsten? <\/strong><\/h2>\n<p>Aufgrund der vielen und gr\u00f6\u00dftenteils unvorhersehbaren Einflussfaktoren unterliegen die Heiz\u00f6lpreise zum Teil erheblichen Schwankungen \u2013 sogar im Sommer, wenn die Nachfrage am niedrigsten sein sollte. Daher lohnt es sich f\u00fcr Euch, die Preise \u00fcber einen l\u00e4ngeren Zeitraum im Auge zu behalten \u2013 um dann in einem g\u00fcnstigen Moment zuzuschlagen. Viele H\u00e4ndler unterst\u00fctzen dies mit Online-Services wie zum Beispiel einem \u201eWunschpreisalarm\u201c.<\/p>\n<h2><strong>Lohnen sich Heiz\u00f6l-Sammelbestellungen?<\/strong><\/h2>\n<p>Das kommt darauf an. Als Besteller mit einem kleineren Bedarf von weniger als 2.000 Litern k\u00f6nnt Ihr zwischen 2 und 5 Prozent sparen \u2013 sofern die Gesamtbestellmenge 30.000 Liter nicht \u00fcbersteigt. Denn mehr Heiz\u00f6l kann ein H\u00e4ngerzug in einer Fuhre nicht transportieren. Wichtig zu wissen ist, dass Sammelbesteller gesamtschuldnerisch f\u00fcr die Bezahlung der Rechnung haften: Sollte also einer Eurer Mitbesteller nicht zahlen, muss die Gemeinschaft seinen Anteil \u00fcbernehmen. Und: Abnehmer von gr\u00f6\u00dferen Mengen subventionieren die mit kleineren Mengen, da sie vergleichsweise weniger sparen: Eine Einzelbestellung von 5.000 Litern kostet weniger als die Bestellung von 5 x 1.000 Litern.<\/p>\n<h2><strong>Was ist die optimale Bestellmenge f\u00fcr Heiz\u00f6l? <\/strong><\/h2>\n<p>Hier gilt das Gleiche wie zuvor erl\u00e4utert: Ihr fahrt g\u00fcnstiger damit, eine gro\u00dfe Menge Heiz\u00f6l zu bestellen und Euren Tank vollst\u00e4ndig zu f\u00fcllen, als mehrmals im Jahr zu ordern. Vorausgesetzt nat\u00fcrlich, Ihr habt den \u00d6lpreis beobachtet und erwischt einen guten Bestellzeitpunkt.<\/p>\n<h2><strong>Ist es an der Zeit, die \u00d6lheizung zu ersetzen? <\/strong><\/h2>\n<p>Der \u00d6lpreis ist ein Faktor f\u00fcr hohe Heizkosten, die Effizienz Eurer Heiztechnik ein anderer. Daher die Frage: Holt Eure \u00d6lheizung die maximal m\u00f6gliche W\u00e4rmemenge aus der eingesetzten Energie heraus? Wenn nicht, lohnt sich ein Kesseltausch. Der Einbau einer modernen \u00d6l-Brennwertheizung ist in maximal zwei bis drei Tagen erledigt, verursacht nur wenig Schmutz und kann Euren \u00d6lverbrauch um bis zu 15 Prozent senken \u2013 bei Einbindung von Solarthermie sogar noch deutlich mehr. Beachtet jedoch, dass ab 2026 keine reinen \u00d6lheizungen mehr neu installiert werden d\u00fcrfen. Mehr dazu erfahrt ihr in unserem Ratgeber zum <a href=\"https:\/\/www.vaillant.de\/heizung\/klima-foerderung\/klimapaket\/\" target=\"_blank\" rel=\"noopener noreferrer\">Klimapaket der Bundesregierung.<\/a> Ihr m\u00f6chtet wissen, wie viel Ihr beim Ersetzen Eurer \u00d6lheizung sparen k\u00f6nnt? Ihr m\u00f6chtet wissen, wie viel Ihr sparen k\u00f6nnt? Die Heizungspartner von Vaillant <a href=\"https:\/\/www.vaillant.de\/heizung\/heizung-finden\/heizung-kaufen\/beratung-anfordern\/\"><u>beraten kostenlos &amp; unverbindlich<\/u><\/a>. Infos zum effizienten Vaillant \u00d6l-Brennkessel icoVIT findet Ihr <a href=\"https:\/\/www.vaillant.de\/heizung\/produkte\/ol-brennwertkessel-icovit-exclusiv-1090.html\"><u>hier.<\/u><\/a><\/p>\n<p><\/div>\n","protected":false},"excerpt":{"rendered":"<p>Der Preis f\u00fcr Heiz\u00f6l ist schwer vorhersehbar. Er \u00e4ndert sich t\u00e4glich \u2013 vor allem, weil er eng an den \u00d6lpreis gekoppelt ist. Hier erfahrt Ihr, wie der \u00d6lpreis zustande kommt \u2013 und wie Ihr trotz Preisschwankungen m\u00f6glichst g\u00fcnstig an Heiz\u00f6l kommt. <\/p>\n","protected":false},"author":6,"featured_media":3988,"comment_status":"open","ping_status":"open","sticky":false,"template":"","format":"standard","meta":{"footnotes":""},"categories":[3],"tags":[137,174],"coauthors":[70],"class_list":["post-3983","post","type-post","status-publish","format-standard","has-post-thumbnail","hentry","category-wissen-und-wert","tag-heiztipps","tag-marktinfos"],"yoast_head":"<!-- This site is optimized with the Yoast SEO plugin v27.4 - https:\/\/yoast.com\/product\/yoast-seo-wordpress\/ -->\n<title>Schwankende Heiz\u00f6lpreise - Was steckt dahinter? | 21 grad<\/title>\n<meta name=\"description\" content=\"Die Heiz\u00f6lpreise steigen. Aber warum? Wie setzen sich \u00d6lpreise zusammen, welche Auswirkungen hat das, wie k\u00f6nnt ihr trotzdem sparen? Hier erfahrt ihr es!\" \/>\n<meta name=\"robots\" content=\"index, follow, max-snippet:-1, max-image-preview:large, max-video-preview:-1\" \/>\n<link rel=\"canonical\" href=\"https:\/\/www.vaillant.de\/21-grad\/wissen-und-wert\/schwankende-heizoelpreise-was-steckt-dahinter\/\" \/>\n<meta property=\"og:locale\" content=\"de_DE\" \/>\n<meta property=\"og:type\" content=\"article\" \/>\n<meta property=\"og:title\" content=\"Schwankende Heiz\u00f6lpreise - Was steckt dahinter? | 21 grad\" \/>\n<meta property=\"og:description\" content=\"Die Heiz\u00f6lpreise steigen. Aber warum? Wie setzen sich \u00d6lpreise zusammen, welche Auswirkungen hat das, wie k\u00f6nnt ihr trotzdem sparen? Hier erfahrt ihr es!\" \/>\n<meta property=\"og:url\" content=\"https:\/\/www.vaillant.de\/21-grad\/wissen-und-wert\/schwankende-heizoelpreise-was-steckt-dahinter\/\" \/>\n<meta property=\"og:site_name\" content=\"21 grad\" \/>\n<meta property=\"article:publisher\" content=\"https:\/\/www.facebook.com\/21grad\/\" \/>\n<meta property=\"article:published_time\" content=\"2019-01-30T15:13:49+00:00\" \/>\n<meta property=\"article:modified_time\" content=\"2021-10-15T14:03:56+00:00\" \/>\n<meta property=\"og:image\" content=\"https:\/\/www.vaillant.de\/21-grad\/wp-content\/uploads\/2019\/01\/\u00d6lpreise.jpg\" \/>\n\t<meta property=\"og:image:width\" content=\"940\" \/>\n\t<meta property=\"og:image:height\" content=\"480\" \/>\n\t<meta property=\"og:image:type\" content=\"image\/jpeg\" \/>\n<meta name=\"author\" content=\"Marcus\" \/>\n<meta name=\"twitter:card\" content=\"summary_large_image\" \/>\n<meta name=\"twitter:creator\" content=\"@vaillant_de\" \/>\n<meta name=\"twitter:site\" content=\"@vaillant_de\" \/>\n<meta name=\"twitter:label1\" content=\"Verfasst von\" \/>\n\t<meta name=\"twitter:data1\" content=\"Marcus\" \/>\n\t<meta name=\"twitter:label2\" content=\"Gesch\u00e4tzte Lesezeit\" \/>\n\t<meta name=\"twitter:data2\" content=\"7\u00a0Minuten\" \/>\n\t<meta name=\"twitter:label3\" content=\"Written by\" \/>\n\t<meta name=\"twitter:data3\" content=\"Marcus\" \/>\n<script type=\"application\/ld+json\" class=\"yoast-schema-graph\">{\"@context\":\"https:\\\/\\\/schema.org\",\"@graph\":[{\"@type\":\"Article\",\"@id\":\"https:\\\/\\\/www.vaillant.de\\\/21-grad\\\/wissen-und-wert\\\/schwankende-heizoelpreise-was-steckt-dahinter\\\/#article\",\"isPartOf\":{\"@id\":\"https:\\\/\\\/www.vaillant.de\\\/21-grad\\\/wissen-und-wert\\\/schwankende-heizoelpreise-was-steckt-dahinter\\\/\"},\"author\":{\"name\":\"Marcus\",\"@id\":\"https:\\\/\\\/www.vaillant.de\\\/21-grad\\\/#\\\/schema\\\/person\\\/d79d2ba98cd3da7ae5877706050352da\"},\"headline\":\"Schwankende Heiz\u00f6lpreise \u2013 Was steckt dahinter?\",\"datePublished\":\"2019-01-30T15:13:49+00:00\",\"dateModified\":\"2021-10-15T14:03:56+00:00\",\"mainEntityOfPage\":{\"@id\":\"https:\\\/\\\/www.vaillant.de\\\/21-grad\\\/wissen-und-wert\\\/schwankende-heizoelpreise-was-steckt-dahinter\\\/\"},\"wordCount\":1481,\"commentCount\":5,\"image\":{\"@id\":\"https:\\\/\\\/www.vaillant.de\\\/21-grad\\\/wissen-und-wert\\\/schwankende-heizoelpreise-was-steckt-dahinter\\\/#primaryimage\"},\"thumbnailUrl\":\"https:\\\/\\\/www.vaillant.de\\\/21-grad\\\/wp-content\\\/uploads\\\/2019\\\/01\\\/\u00d6lpreise.jpg\",\"keywords\":[\"Heiztipps\",\"Marktinfos\"],\"articleSection\":[\"Wissen &amp; Wert\"],\"inLanguage\":\"de\",\"potentialAction\":[{\"@type\":\"CommentAction\",\"name\":\"Comment\",\"target\":[\"https:\\\/\\\/www.vaillant.de\\\/21-grad\\\/wissen-und-wert\\\/schwankende-heizoelpreise-was-steckt-dahinter\\\/#respond\"]}]},{\"@type\":\"WebPage\",\"@id\":\"https:\\\/\\\/www.vaillant.de\\\/21-grad\\\/wissen-und-wert\\\/schwankende-heizoelpreise-was-steckt-dahinter\\\/\",\"url\":\"https:\\\/\\\/www.vaillant.de\\\/21-grad\\\/wissen-und-wert\\\/schwankende-heizoelpreise-was-steckt-dahinter\\\/\",\"name\":\"Schwankende Heiz\u00f6lpreise - Was steckt dahinter? | 21 grad\",\"isPartOf\":{\"@id\":\"https:\\\/\\\/www.vaillant.de\\\/21-grad\\\/#website\"},\"primaryImageOfPage\":{\"@id\":\"https:\\\/\\\/www.vaillant.de\\\/21-grad\\\/wissen-und-wert\\\/schwankende-heizoelpreise-was-steckt-dahinter\\\/#primaryimage\"},\"image\":{\"@id\":\"https:\\\/\\\/www.vaillant.de\\\/21-grad\\\/wissen-und-wert\\\/schwankende-heizoelpreise-was-steckt-dahinter\\\/#primaryimage\"},\"thumbnailUrl\":\"https:\\\/\\\/www.vaillant.de\\\/21-grad\\\/wp-content\\\/uploads\\\/2019\\\/01\\\/\u00d6lpreise.jpg\",\"datePublished\":\"2019-01-30T15:13:49+00:00\",\"dateModified\":\"2021-10-15T14:03:56+00:00\",\"author\":{\"@id\":\"https:\\\/\\\/www.vaillant.de\\\/21-grad\\\/#\\\/schema\\\/person\\\/d79d2ba98cd3da7ae5877706050352da\"},\"description\":\"Die Heiz\u00f6lpreise steigen. Aber warum? Wie setzen sich \u00d6lpreise zusammen, welche Auswirkungen hat das, wie k\u00f6nnt ihr trotzdem sparen? Hier erfahrt ihr es!\",\"breadcrumb\":{\"@id\":\"https:\\\/\\\/www.vaillant.de\\\/21-grad\\\/wissen-und-wert\\\/schwankende-heizoelpreise-was-steckt-dahinter\\\/#breadcrumb\"},\"inLanguage\":\"de\",\"potentialAction\":[{\"@type\":\"ReadAction\",\"target\":[\"https:\\\/\\\/www.vaillant.de\\\/21-grad\\\/wissen-und-wert\\\/schwankende-heizoelpreise-was-steckt-dahinter\\\/\"]}]},{\"@type\":\"ImageObject\",\"inLanguage\":\"de\",\"@id\":\"https:\\\/\\\/www.vaillant.de\\\/21-grad\\\/wissen-und-wert\\\/schwankende-heizoelpreise-was-steckt-dahinter\\\/#primaryimage\",\"url\":\"https:\\\/\\\/www.vaillant.de\\\/21-grad\\\/wp-content\\\/uploads\\\/2019\\\/01\\\/\u00d6lpreise.jpg\",\"contentUrl\":\"https:\\\/\\\/www.vaillant.de\\\/21-grad\\\/wp-content\\\/uploads\\\/2019\\\/01\\\/\u00d6lpreise.jpg\",\"width\":940,\"height\":480,\"caption\":\"Heiz\u00f6lpreise\"},{\"@type\":\"BreadcrumbList\",\"@id\":\"https:\\\/\\\/www.vaillant.de\\\/21-grad\\\/wissen-und-wert\\\/schwankende-heizoelpreise-was-steckt-dahinter\\\/#breadcrumb\",\"itemListElement\":[{\"@type\":\"ListItem\",\"position\":1,\"name\":\"Startseite\",\"item\":\"https:\\\/\\\/www.vaillant.de\\\/21-grad\\\/\"},{\"@type\":\"ListItem\",\"position\":2,\"name\":\"Schwankende Heiz\u00f6lpreise \u2013 Was steckt dahinter?\"}]},{\"@type\":\"WebSite\",\"@id\":\"https:\\\/\\\/www.vaillant.de\\\/21-grad\\\/#website\",\"url\":\"https:\\\/\\\/www.vaillant.de\\\/21-grad\\\/\",\"name\":\"21 grad\",\"description\":\"Der Blog f\u00fcr Menschen, die weiterdenken\",\"potentialAction\":[{\"@type\":\"SearchAction\",\"target\":{\"@type\":\"EntryPoint\",\"urlTemplate\":\"https:\\\/\\\/www.vaillant.de\\\/21-grad\\\/?s={search_term_string}\"},\"query-input\":{\"@type\":\"PropertyValueSpecification\",\"valueRequired\":true,\"valueName\":\"search_term_string\"}}],\"inLanguage\":\"de\"},{\"@type\":\"Person\",\"@id\":\"https:\\\/\\\/www.vaillant.de\\\/21-grad\\\/#\\\/schema\\\/person\\\/d79d2ba98cd3da7ae5877706050352da\",\"name\":\"Marcus\",\"image\":{\"@type\":\"ImageObject\",\"inLanguage\":\"de\",\"@id\":\"https:\\\/\\\/www.vaillant.de\\\/21-grad\\\/wp-content\\\/uploads\\\/2026\\\/01\\\/Marcus-125x125.jpg9d3430f1bc55d5a5d47a1162a14ae1af\",\"url\":\"https:\\\/\\\/www.vaillant.de\\\/21-grad\\\/wp-content\\\/uploads\\\/2026\\\/01\\\/Marcus-125x125.jpg\",\"contentUrl\":\"https:\\\/\\\/www.vaillant.de\\\/21-grad\\\/wp-content\\\/uploads\\\/2026\\\/01\\\/Marcus-125x125.jpg\",\"caption\":\"Marcus\"},\"description\":\"Willkommen in der wunderbaren Welt des 21grad Blogs. Als Medien- und Kooperationsmanager bin ich bei Vaillant Deutschland u.a. f\u00fcr unsere Fach- und Branchenkommunikation zust\u00e4ndig. Ich freue mich auf den Dialog mit Euch. :-) Nachhaltigkeit Bewusster Konsum und soziales Engagement liegen mir sehr am Herzen. Zuhause nutze ich \u00d6kostrom und Biogas, bei Lebensmitteln sind mir Labels wie Fair-Trade oder Bio sehr wichtig. Ich bin Sportwart beim Tennisclub Gr\u00fcn-Wei\u00df Lennep und engagiere mich auch f\u00fcr Aktion Mensch oder SOS-Kinderdorf. Interessen Unternehmungen mit Familie und Freunden, Tennis, Rock-Konzerte, Kino, B\u00fccher (z.B. Hornby, Eschbach, Uschmann) Was wolltest du als Kind gerne werden? Um es mit den \u00c4rzten zu sagen: Popstar, Bademeister oder Astronaut Was bringt dich auf die Palme? Menschen, die Schuld immer bei anderen suchen oder auch nat\u00fcrlich eine leckere Kokosnuss Was war der beste Rat, den du jemals erhalten hast? \u201eDenke in L\u00f6sungen, nicht in Problemen.\u201c\",\"url\":\"https:\\\/\\\/www.vaillant.de\\\/21-grad\\\/autor\\\/marcus\\\/\"}]}<\/script>\n<!-- \/ Yoast SEO plugin. -->","yoast_head_json":{"title":"Schwankende Heiz\u00f6lpreise - Was steckt dahinter? | 21 grad","description":"Die Heiz\u00f6lpreise steigen. Aber warum? Wie setzen sich \u00d6lpreise zusammen, welche Auswirkungen hat das, wie k\u00f6nnt ihr trotzdem sparen? Hier erfahrt ihr es!","robots":{"index":"index","follow":"follow","max-snippet":"max-snippet:-1","max-image-preview":"max-image-preview:large","max-video-preview":"max-video-preview:-1"},"canonical":"https:\/\/www.vaillant.de\/21-grad\/wissen-und-wert\/schwankende-heizoelpreise-was-steckt-dahinter\/","og_locale":"de_DE","og_type":"article","og_title":"Schwankende Heiz\u00f6lpreise - Was steckt dahinter? | 21 grad","og_description":"Die Heiz\u00f6lpreise steigen. Aber warum? Wie setzen sich \u00d6lpreise zusammen, welche Auswirkungen hat das, wie k\u00f6nnt ihr trotzdem sparen? Hier erfahrt ihr es!","og_url":"https:\/\/www.vaillant.de\/21-grad\/wissen-und-wert\/schwankende-heizoelpreise-was-steckt-dahinter\/","og_site_name":"21 grad","article_publisher":"https:\/\/www.facebook.com\/21grad\/","article_published_time":"2019-01-30T15:13:49+00:00","article_modified_time":"2021-10-15T14:03:56+00:00","og_image":[{"width":940,"height":480,"url":"https:\/\/www.vaillant.de\/21-grad\/wp-content\/uploads\/2019\/01\/\u00d6lpreise.jpg","type":"image\/jpeg"}],"author":"Marcus","twitter_card":"summary_large_image","twitter_creator":"@vaillant_de","twitter_site":"@vaillant_de","twitter_misc":{"Verfasst von":"Marcus","Gesch\u00e4tzte Lesezeit":"7\u00a0Minuten","Written by":"Marcus"},"schema":{"@context":"https:\/\/schema.org","@graph":[{"@type":"Article","@id":"https:\/\/www.vaillant.de\/21-grad\/wissen-und-wert\/schwankende-heizoelpreise-was-steckt-dahinter\/#article","isPartOf":{"@id":"https:\/\/www.vaillant.de\/21-grad\/wissen-und-wert\/schwankende-heizoelpreise-was-steckt-dahinter\/"},"author":{"name":"Marcus","@id":"https:\/\/www.vaillant.de\/21-grad\/#\/schema\/person\/d79d2ba98cd3da7ae5877706050352da"},"headline":"Schwankende Heiz\u00f6lpreise \u2013 Was steckt dahinter?","datePublished":"2019-01-30T15:13:49+00:00","dateModified":"2021-10-15T14:03:56+00:00","mainEntityOfPage":{"@id":"https:\/\/www.vaillant.de\/21-grad\/wissen-und-wert\/schwankende-heizoelpreise-was-steckt-dahinter\/"},"wordCount":1481,"commentCount":5,"image":{"@id":"https:\/\/www.vaillant.de\/21-grad\/wissen-und-wert\/schwankende-heizoelpreise-was-steckt-dahinter\/#primaryimage"},"thumbnailUrl":"https:\/\/www.vaillant.de\/21-grad\/wp-content\/uploads\/2019\/01\/\u00d6lpreise.jpg","keywords":["Heiztipps","Marktinfos"],"articleSection":["Wissen &amp; Wert"],"inLanguage":"de","potentialAction":[{"@type":"CommentAction","name":"Comment","target":["https:\/\/www.vaillant.de\/21-grad\/wissen-und-wert\/schwankende-heizoelpreise-was-steckt-dahinter\/#respond"]}]},{"@type":"WebPage","@id":"https:\/\/www.vaillant.de\/21-grad\/wissen-und-wert\/schwankende-heizoelpreise-was-steckt-dahinter\/","url":"https:\/\/www.vaillant.de\/21-grad\/wissen-und-wert\/schwankende-heizoelpreise-was-steckt-dahinter\/","name":"Schwankende Heiz\u00f6lpreise - Was steckt dahinter? | 21 grad","isPartOf":{"@id":"https:\/\/www.vaillant.de\/21-grad\/#website"},"primaryImageOfPage":{"@id":"https:\/\/www.vaillant.de\/21-grad\/wissen-und-wert\/schwankende-heizoelpreise-was-steckt-dahinter\/#primaryimage"},"image":{"@id":"https:\/\/www.vaillant.de\/21-grad\/wissen-und-wert\/schwankende-heizoelpreise-was-steckt-dahinter\/#primaryimage"},"thumbnailUrl":"https:\/\/www.vaillant.de\/21-grad\/wp-content\/uploads\/2019\/01\/\u00d6lpreise.jpg","datePublished":"2019-01-30T15:13:49+00:00","dateModified":"2021-10-15T14:03:56+00:00","author":{"@id":"https:\/\/www.vaillant.de\/21-grad\/#\/schema\/person\/d79d2ba98cd3da7ae5877706050352da"},"description":"Die Heiz\u00f6lpreise steigen. Aber warum? Wie setzen sich \u00d6lpreise zusammen, welche Auswirkungen hat das, wie k\u00f6nnt ihr trotzdem sparen? Hier erfahrt ihr es!","breadcrumb":{"@id":"https:\/\/www.vaillant.de\/21-grad\/wissen-und-wert\/schwankende-heizoelpreise-was-steckt-dahinter\/#breadcrumb"},"inLanguage":"de","potentialAction":[{"@type":"ReadAction","target":["https:\/\/www.vaillant.de\/21-grad\/wissen-und-wert\/schwankende-heizoelpreise-was-steckt-dahinter\/"]}]},{"@type":"ImageObject","inLanguage":"de","@id":"https:\/\/www.vaillant.de\/21-grad\/wissen-und-wert\/schwankende-heizoelpreise-was-steckt-dahinter\/#primaryimage","url":"https:\/\/www.vaillant.de\/21-grad\/wp-content\/uploads\/2019\/01\/\u00d6lpreise.jpg","contentUrl":"https:\/\/www.vaillant.de\/21-grad\/wp-content\/uploads\/2019\/01\/\u00d6lpreise.jpg","width":940,"height":480,"caption":"Heiz\u00f6lpreise"},{"@type":"BreadcrumbList","@id":"https:\/\/www.vaillant.de\/21-grad\/wissen-und-wert\/schwankende-heizoelpreise-was-steckt-dahinter\/#breadcrumb","itemListElement":[{"@type":"ListItem","position":1,"name":"Startseite","item":"https:\/\/www.vaillant.de\/21-grad\/"},{"@type":"ListItem","position":2,"name":"Schwankende Heiz\u00f6lpreise \u2013 Was steckt dahinter?"}]},{"@type":"WebSite","@id":"https:\/\/www.vaillant.de\/21-grad\/#website","url":"https:\/\/www.vaillant.de\/21-grad\/","name":"21 grad","description":"Der Blog f\u00fcr Menschen, die weiterdenken","potentialAction":[{"@type":"SearchAction","target":{"@type":"EntryPoint","urlTemplate":"https:\/\/www.vaillant.de\/21-grad\/?s={search_term_string}"},"query-input":{"@type":"PropertyValueSpecification","valueRequired":true,"valueName":"search_term_string"}}],"inLanguage":"de"},{"@type":"Person","@id":"https:\/\/www.vaillant.de\/21-grad\/#\/schema\/person\/d79d2ba98cd3da7ae5877706050352da","name":"Marcus","image":{"@type":"ImageObject","inLanguage":"de","@id":"https:\/\/www.vaillant.de\/21-grad\/wp-content\/uploads\/2026\/01\/Marcus-125x125.jpg9d3430f1bc55d5a5d47a1162a14ae1af","url":"https:\/\/www.vaillant.de\/21-grad\/wp-content\/uploads\/2026\/01\/Marcus-125x125.jpg","contentUrl":"https:\/\/www.vaillant.de\/21-grad\/wp-content\/uploads\/2026\/01\/Marcus-125x125.jpg","caption":"Marcus"},"description":"Willkommen in der wunderbaren Welt des 21grad Blogs. Als Medien- und Kooperationsmanager bin ich bei Vaillant Deutschland u.a. f\u00fcr unsere Fach- und Branchenkommunikation zust\u00e4ndig. Ich freue mich auf den Dialog mit Euch. :-) Nachhaltigkeit Bewusster Konsum und soziales Engagement liegen mir sehr am Herzen. Zuhause nutze ich \u00d6kostrom und Biogas, bei Lebensmitteln sind mir Labels wie Fair-Trade oder Bio sehr wichtig. Ich bin Sportwart beim Tennisclub Gr\u00fcn-Wei\u00df Lennep und engagiere mich auch f\u00fcr Aktion Mensch oder SOS-Kinderdorf. Interessen Unternehmungen mit Familie und Freunden, Tennis, Rock-Konzerte, Kino, B\u00fccher (z.B. Hornby, Eschbach, Uschmann) Was wolltest du als Kind gerne werden? Um es mit den \u00c4rzten zu sagen: Popstar, Bademeister oder Astronaut Was bringt dich auf die Palme? Menschen, die Schuld immer bei anderen suchen oder auch nat\u00fcrlich eine leckere Kokosnuss Was war der beste Rat, den du jemals erhalten hast? \u201eDenke in L\u00f6sungen, nicht in Problemen.\u201c","url":"https:\/\/www.vaillant.de\/21-grad\/autor\/marcus\/"}]}},"_links":{"self":[{"href":"https:\/\/www.vaillant.de\/21-grad\/wp-json\/wp\/v2\/posts\/3983","targetHints":{"allow":["GET"]}}],"collection":[{"href":"https:\/\/www.vaillant.de\/21-grad\/wp-json\/wp\/v2\/posts"}],"about":[{"href":"https:\/\/www.vaillant.de\/21-grad\/wp-json\/wp\/v2\/types\/post"}],"author":[{"embeddable":true,"href":"https:\/\/www.vaillant.de\/21-grad\/wp-json\/wp\/v2\/users\/6"}],"replies":[{"embeddable":true,"href":"https:\/\/www.vaillant.de\/21-grad\/wp-json\/wp\/v2\/comments?post=3983"}],"version-history":[{"count":11,"href":"https:\/\/www.vaillant.de\/21-grad\/wp-json\/wp\/v2\/posts\/3983\/revisions"}],"predecessor-version":[{"id":6675,"href":"https:\/\/www.vaillant.de\/21-grad\/wp-json\/wp\/v2\/posts\/3983\/revisions\/6675"}],"wp:featuredmedia":[{"embeddable":true,"href":"https:\/\/www.vaillant.de\/21-grad\/wp-json\/wp\/v2\/media\/3988"}],"wp:attachment":[{"href":"https:\/\/www.vaillant.de\/21-grad\/wp-json\/wp\/v2\/media?parent=3983"}],"wp:term":[{"taxonomy":"category","embeddable":true,"href":"https:\/\/www.vaillant.de\/21-grad\/wp-json\/wp\/v2\/categories?post=3983"},{"taxonomy":"post_tag","embeddable":true,"href":"https:\/\/www.vaillant.de\/21-grad\/wp-json\/wp\/v2\/tags?post=3983"},{"taxonomy":"author","embeddable":true,"href":"https:\/\/www.vaillant.de\/21-grad\/wp-json\/wp\/v2\/coauthors?post=3983"}],"curies":[{"name":"wp","href":"https:\/\/api.w.org\/{rel}","templated":true}]}}