{"id":4209,"date":"2019-03-08T13:41:13","date_gmt":"2019-03-08T12:41:13","guid":{"rendered":"https:\/\/www.vaillant.de\/21-grad\/?p=4209"},"modified":"2026-01-28T09:52:05","modified_gmt":"2026-01-28T08:52:05","slug":"warmes-wasser-macht-die-waermepumpe-aus-der-luft","status":"publish","type":"post","link":"https:\/\/www.vaillant.de\/21-grad\/wissen-und-wert\/warmes-wasser-macht-die-waermepumpe-aus-der-luft\/","title":{"rendered":"Warmes Wasser? Macht die W\u00e4rmepumpe \u2013 aus der Luft."},"content":{"rendered":"<p>Kennt Ihr das auch? Bei einem netten Abend unter Freunden, stellt irgendwann immer einer (oder eine!) die Frage: \u201eWei\u00dft Du noch, damals, als wir\u2026?\u201c Auf was sich \u201edamals\u201c bezieht, kann man sich meist aussuchen. Vielleicht auf die gemeinsame Zeit im Kindergarten, oder auf der Krabbeldecke, oder in der Grundschule. Gef\u00fchlt geht es immer um mindestens ein ganzes Menschengedenken an Vergangenheit\u2026<\/p>\n<div id=\"attachment_4212\" style=\"width: 300px\" class=\"wp-caption alignright\"><a href=\"https:\/\/www.vaillant.de\/21-grad\/wp-content\/uploads\/2019\/03\/Badetag.jpg\"><img loading=\"lazy\" decoding=\"async\" aria-describedby=\"caption-attachment-4212\" class=\"wp-image-4212 size-medium\" src=\"https:\/\/www.vaillant.de\/21-grad\/wp-content\/uploads\/2019\/03\/Badetag-290x232.jpg\" alt=\"Badetag\" width=\"290\" height=\"232\" srcset=\"https:\/\/www.vaillant.de\/21-grad\/wp-content\/uploads\/2019\/03\/Badetag-290x232.jpg 290w, https:\/\/www.vaillant.de\/21-grad\/wp-content\/uploads\/2019\/03\/Badetag-768x614.jpg 768w, https:\/\/www.vaillant.de\/21-grad\/wp-content\/uploads\/2019\/03\/Badetag-600x480.jpg 600w\" sizes=\"auto, (max-width: 290px) 100vw, 290px\" \/><\/a><p id=\"caption-attachment-4212\" class=\"wp-caption-text\">Erinnert ihr euch auch noch? Damals, in den 70ern war alles irgendwie anders, auch am Badetag ;-)\u2026<\/p><\/div>\n<p>So eine Erinnerung kann wirklich lustig sein. Oft fallen einem aber auch Dinge ein, die einfach nur nervend oder unbequem oder l\u00e4stig waren. Wie beispielsweise der allseits beliebte \u201eBadetag\u201c, an dem das Hei\u00dfwasser f\u00fcr die Wanne aus dem alten Durchlauferhitzer kam. Entweder es war zu hei\u00df oder zu kalt. Oder man wurde als Kind nur lau abgeduscht, \u201eweil warmes Wasser so viel Energie kostet und deswegen sehr teuer ist!\u201c<\/p>\n<h2>Warmes Wasser aus Umweltw\u00e4rme \u2013 M\u00f6glich macht das die W\u00e4rmpumpe<\/h2>\n<p>Tatsache ist: Warmwasser zu erzeugen, war bei alten Zentralheizungen wirklich energieintensiv und damit teuer. Mit einer Luft\/Wasser-W\u00e4rmepumpe, die 75 Prozent der Energie aus der Umgebungsluft zieht, kostet das heute nur noch einen Bruchteil. Denn hier m\u00fcssen lediglich 25 Prozent der Energie als elektrische Leistung zugef\u00fchrt werden. Bei etwa 27 Cent pro Kilowattstunde sprechen wir also selbst beim Wannen-Vollbad nur noch \u00fcber kleine Cent-Betr\u00e4ge!<\/p>\n<p>Und sogar die lassen sich weiter einsparen, wenn der Strom vor Ort selber erzeugt wird, zum Beispiel \u00fcber eine eigene Photovoltaikanlage. Werft hierzu auch einen Blick in unseren Blogbeitrag: <a href=\"https:\/\/www.vaillant.de\/21-grad\/rat-und-tat\/waermepumpe-und-pv\/\">https:\/\/www.vaillant.de\/21-grad\/rat-und-tat\/waermepumpe-und-pv\/<\/a><\/p>\n<p>Wichtig ist es also nur, sich fr\u00fchzeitig Gedanken \u00fcber einen entsprechend ausgestatteten Warmwasserspeicher zu machen. Bei vielen W\u00e4rmepumpen ist der bereits integriert. Das macht die Montage besonders einfach, und alle Komponenten sind aufeinander abgestimmt.<\/p>\n<p>Wenn ihr aber mehr Warmwasserkomfort braucht oder den Speicher auch noch durch eine thermische Solaranlage mit Sonnenw\u00e4rme f\u00fcttern k\u00f6nnt, sollte ihr \u00fcber eine W\u00e4rmepumpe mit nebenstehendem Speicher nachdenken. Der hat deutlich mehr Volumen und kann zus\u00e4tzlich beispielsweise \u00fcber eine thermische Solaranlage gef\u00fcttert werden. Dann braucht ihr fast gar keinen Strom mehr zum Nachheizen.<\/p>\n<h2>Auch hygienisch sauber bleiben<\/h2>\n<p>In gro\u00dfen Warmwasserspeichern lauert \u00fcbrigens immer eine Gefahr: Legionellen. Das sind kleine Bakterien, die eine Art Lungenentz\u00fcndung ausl\u00f6sen k\u00f6nnen. Sie wachsen besonders gut, wenn das Wasser nicht regelm\u00e4\u00dfig ausgetauscht wird oder Temperaturen zwischen 20 und 55 \u00b0C hat.<\/p>\n<p>Die perfekte L\u00f6sung f\u00fcr \u00f6kologische Warmwasserbereitung und perfekte Hygiene sind deswegen sogenannte Trinkwasserstationen.\u00a0 Sie werden an den Warmwasserspeicher (oder in Mehrfamilienh\u00e4usern in der Wohnung) montiert und erw\u00e4rmen nach dem Durchflussprinzip immer nur so viel Hei\u00dfwasser, wie zum Baden, Duschen oder H\u00e4ndewaschen ben\u00f6tigt wird.<\/p>\n","protected":false},"excerpt":{"rendered":"<p>Wer fr\u00fcher gerne lange hei\u00df geduscht hat, war schnell als Energieverschwender gebrandmarkt. Umso verbl\u00fcffender ist es, wie ressourcenschonend Warmwasser heute mit Solarenergie oder mit einer Luft\/Wasser-W\u00e4rmepumpe erzeugt werden kann.<\/p>\n","protected":false},"author":26,"featured_media":4210,"comment_status":"open","ping_status":"open","sticky":false,"template":"","format":"standard","meta":{"footnotes":""},"categories":[3],"tags":[166],"coauthors":[253],"class_list":["post-4209","post","type-post","status-publish","format-standard","has-post-thumbnail","hentry","category-wissen-und-wert","tag-heiztechnik"],"yoast_head":"<!-- This site is optimized with the Yoast SEO plugin v27.4 - https:\/\/yoast.com\/product\/yoast-seo-wordpress\/ -->\n<title>Warmes Wasser? Macht die W\u00e4rmepumpe \u2013 aus der Luft. | 21 grad<\/title>\n<meta name=\"description\" content=\"Fr\u00fcher war langes hei\u00dfes Duschen Energieverschwendung. Heute kann Warmwasser ressourcenschonend mit einer Luft\/Wasser-W\u00e4rmepumpe erzeugt werden.\" \/>\n<meta name=\"robots\" content=\"index, follow, max-snippet:-1, max-image-preview:large, max-video-preview:-1\" \/>\n<link rel=\"canonical\" href=\"https:\/\/www.vaillant.de\/21-grad\/wissen-und-wert\/warmes-wasser-macht-die-waermepumpe-aus-der-luft\/\" \/>\n<meta property=\"og:locale\" content=\"de_DE\" \/>\n<meta property=\"og:type\" content=\"article\" \/>\n<meta property=\"og:title\" content=\"Warmes Wasser? Macht die W\u00e4rmepumpe \u2013 aus der Luft. | 21 grad\" \/>\n<meta property=\"og:description\" content=\"Fr\u00fcher war langes hei\u00dfes Duschen Energieverschwendung. Heute kann Warmwasser ressourcenschonend mit einer Luft\/Wasser-W\u00e4rmepumpe erzeugt werden.\" \/>\n<meta property=\"og:url\" content=\"https:\/\/www.vaillant.de\/21-grad\/wissen-und-wert\/warmes-wasser-macht-die-waermepumpe-aus-der-luft\/\" \/>\n<meta property=\"og:site_name\" content=\"21 grad\" \/>\n<meta property=\"article:publisher\" content=\"https:\/\/www.facebook.com\/21grad\/\" \/>\n<meta property=\"article:published_time\" content=\"2019-03-08T12:41:13+00:00\" \/>\n<meta property=\"article:modified_time\" content=\"2026-01-28T08:52:05+00:00\" \/>\n<meta property=\"og:image\" content=\"https:\/\/www.vaillant.de\/21-grad\/wp-content\/uploads\/2019\/03\/Warmepumpe-Warmwasser_Header.jpg\" \/>\n\t<meta property=\"og:image:width\" content=\"940\" \/>\n\t<meta property=\"og:image:height\" content=\"480\" \/>\n\t<meta property=\"og:image:type\" content=\"image\/jpeg\" \/>\n<meta name=\"author\" content=\"Lorena\" \/>\n<meta name=\"twitter:card\" content=\"summary_large_image\" \/>\n<meta name=\"twitter:creator\" content=\"@vaillant_de\" \/>\n<meta name=\"twitter:site\" content=\"@vaillant_de\" \/>\n<meta name=\"twitter:label1\" content=\"Verfasst von\" \/>\n\t<meta name=\"twitter:data1\" content=\"Lorena\" \/>\n\t<meta name=\"twitter:label2\" content=\"Gesch\u00e4tzte Lesezeit\" \/>\n\t<meta name=\"twitter:data2\" content=\"2\u00a0Minuten\" \/>\n\t<meta name=\"twitter:label3\" content=\"Written by\" \/>\n\t<meta name=\"twitter:data3\" content=\"Lorena\" \/>\n<script type=\"application\/ld+json\" class=\"yoast-schema-graph\">{\"@context\":\"https:\\\/\\\/schema.org\",\"@graph\":[{\"@type\":\"Article\",\"@id\":\"https:\\\/\\\/www.vaillant.de\\\/21-grad\\\/wissen-und-wert\\\/warmes-wasser-macht-die-waermepumpe-aus-der-luft\\\/#article\",\"isPartOf\":{\"@id\":\"https:\\\/\\\/www.vaillant.de\\\/21-grad\\\/wissen-und-wert\\\/warmes-wasser-macht-die-waermepumpe-aus-der-luft\\\/\"},\"author\":{\"name\":\"Lorena\",\"@id\":\"https:\\\/\\\/www.vaillant.de\\\/21-grad\\\/#\\\/schema\\\/person\\\/64bb3ed01d8d62d6fc3b965454e1d031\"},\"headline\":\"Warmes Wasser? Macht die W\u00e4rmepumpe \u2013 aus der Luft.\",\"datePublished\":\"2019-03-08T12:41:13+00:00\",\"dateModified\":\"2026-01-28T08:52:05+00:00\",\"mainEntityOfPage\":{\"@id\":\"https:\\\/\\\/www.vaillant.de\\\/21-grad\\\/wissen-und-wert\\\/warmes-wasser-macht-die-waermepumpe-aus-der-luft\\\/\"},\"wordCount\":470,\"commentCount\":0,\"image\":{\"@id\":\"https:\\\/\\\/www.vaillant.de\\\/21-grad\\\/wissen-und-wert\\\/warmes-wasser-macht-die-waermepumpe-aus-der-luft\\\/#primaryimage\"},\"thumbnailUrl\":\"https:\\\/\\\/www.vaillant.de\\\/21-grad\\\/wp-content\\\/uploads\\\/2019\\\/03\\\/Warmepumpe-Warmwasser_Header.jpg\",\"keywords\":[\"Heiztechnik\"],\"articleSection\":[\"Wissen &amp; Wert\"],\"inLanguage\":\"de\",\"potentialAction\":[{\"@type\":\"CommentAction\",\"name\":\"Comment\",\"target\":[\"https:\\\/\\\/www.vaillant.de\\\/21-grad\\\/wissen-und-wert\\\/warmes-wasser-macht-die-waermepumpe-aus-der-luft\\\/#respond\"]}]},{\"@type\":\"WebPage\",\"@id\":\"https:\\\/\\\/www.vaillant.de\\\/21-grad\\\/wissen-und-wert\\\/warmes-wasser-macht-die-waermepumpe-aus-der-luft\\\/\",\"url\":\"https:\\\/\\\/www.vaillant.de\\\/21-grad\\\/wissen-und-wert\\\/warmes-wasser-macht-die-waermepumpe-aus-der-luft\\\/\",\"name\":\"Warmes Wasser? Macht die W\u00e4rmepumpe \u2013 aus der Luft. | 21 grad\",\"isPartOf\":{\"@id\":\"https:\\\/\\\/www.vaillant.de\\\/21-grad\\\/#website\"},\"primaryImageOfPage\":{\"@id\":\"https:\\\/\\\/www.vaillant.de\\\/21-grad\\\/wissen-und-wert\\\/warmes-wasser-macht-die-waermepumpe-aus-der-luft\\\/#primaryimage\"},\"image\":{\"@id\":\"https:\\\/\\\/www.vaillant.de\\\/21-grad\\\/wissen-und-wert\\\/warmes-wasser-macht-die-waermepumpe-aus-der-luft\\\/#primaryimage\"},\"thumbnailUrl\":\"https:\\\/\\\/www.vaillant.de\\\/21-grad\\\/wp-content\\\/uploads\\\/2019\\\/03\\\/Warmepumpe-Warmwasser_Header.jpg\",\"datePublished\":\"2019-03-08T12:41:13+00:00\",\"dateModified\":\"2026-01-28T08:52:05+00:00\",\"author\":{\"@id\":\"https:\\\/\\\/www.vaillant.de\\\/21-grad\\\/#\\\/schema\\\/person\\\/64bb3ed01d8d62d6fc3b965454e1d031\"},\"description\":\"Fr\u00fcher war langes hei\u00dfes Duschen Energieverschwendung. Heute kann Warmwasser ressourcenschonend mit einer Luft\\\/Wasser-W\u00e4rmepumpe erzeugt werden.\",\"breadcrumb\":{\"@id\":\"https:\\\/\\\/www.vaillant.de\\\/21-grad\\\/wissen-und-wert\\\/warmes-wasser-macht-die-waermepumpe-aus-der-luft\\\/#breadcrumb\"},\"inLanguage\":\"de\",\"potentialAction\":[{\"@type\":\"ReadAction\",\"target\":[\"https:\\\/\\\/www.vaillant.de\\\/21-grad\\\/wissen-und-wert\\\/warmes-wasser-macht-die-waermepumpe-aus-der-luft\\\/\"]}]},{\"@type\":\"ImageObject\",\"inLanguage\":\"de\",\"@id\":\"https:\\\/\\\/www.vaillant.de\\\/21-grad\\\/wissen-und-wert\\\/warmes-wasser-macht-die-waermepumpe-aus-der-luft\\\/#primaryimage\",\"url\":\"https:\\\/\\\/www.vaillant.de\\\/21-grad\\\/wp-content\\\/uploads\\\/2019\\\/03\\\/Warmepumpe-Warmwasser_Header.jpg\",\"contentUrl\":\"https:\\\/\\\/www.vaillant.de\\\/21-grad\\\/wp-content\\\/uploads\\\/2019\\\/03\\\/Warmepumpe-Warmwasser_Header.jpg\",\"width\":940,\"height\":480,\"caption\":\"Warmepumpe Warmwasser\"},{\"@type\":\"BreadcrumbList\",\"@id\":\"https:\\\/\\\/www.vaillant.de\\\/21-grad\\\/wissen-und-wert\\\/warmes-wasser-macht-die-waermepumpe-aus-der-luft\\\/#breadcrumb\",\"itemListElement\":[{\"@type\":\"ListItem\",\"position\":1,\"name\":\"Startseite\",\"item\":\"https:\\\/\\\/www.vaillant.de\\\/21-grad\\\/\"},{\"@type\":\"ListItem\",\"position\":2,\"name\":\"Warmes Wasser? Macht die W\u00e4rmepumpe \u2013 aus der Luft.\"}]},{\"@type\":\"WebSite\",\"@id\":\"https:\\\/\\\/www.vaillant.de\\\/21-grad\\\/#website\",\"url\":\"https:\\\/\\\/www.vaillant.de\\\/21-grad\\\/\",\"name\":\"21 grad\",\"description\":\"Der Blog f\u00fcr Menschen, die weiterdenken\",\"potentialAction\":[{\"@type\":\"SearchAction\",\"target\":{\"@type\":\"EntryPoint\",\"urlTemplate\":\"https:\\\/\\\/www.vaillant.de\\\/21-grad\\\/?s={search_term_string}\"},\"query-input\":{\"@type\":\"PropertyValueSpecification\",\"valueRequired\":true,\"valueName\":\"search_term_string\"}}],\"inLanguage\":\"de\"},{\"@type\":\"Person\",\"@id\":\"https:\\\/\\\/www.vaillant.de\\\/21-grad\\\/#\\\/schema\\\/person\\\/64bb3ed01d8d62d6fc3b965454e1d031\",\"name\":\"Lorena\",\"image\":{\"@type\":\"ImageObject\",\"inLanguage\":\"de\",\"@id\":\"https:\\\/\\\/www.vaillant.de\\\/21-grad\\\/wp-content\\\/uploads\\\/2025\\\/04\\\/20230502_Vaillant-Mitarbeitershooting-Lennep_0045_MKP_100-125x125.jpg3845af5a66923cc212a0c6c57ae1c3a4\",\"url\":\"https:\\\/\\\/www.vaillant.de\\\/21-grad\\\/wp-content\\\/uploads\\\/2025\\\/04\\\/20230502_Vaillant-Mitarbeitershooting-Lennep_0045_MKP_100-125x125.jpg\",\"contentUrl\":\"https:\\\/\\\/www.vaillant.de\\\/21-grad\\\/wp-content\\\/uploads\\\/2025\\\/04\\\/20230502_Vaillant-Mitarbeitershooting-Lennep_0045_MKP_100-125x125.jpg\",\"caption\":\"Lorena\"},\"description\":\"In meiner Rolle als E-Mail-Marketing-Manager B2C liegt mein Fokus darauf, eine effektive und ansprechende E-Mail-Kommunikation mit unseren Kunden zu gestalten. Von der sorgf\u00e4ltigen Auswahl der relevanten Daten bis hin zur kreativen Erstellung und dem pr\u00e4zisen Versand der E-Mails sorge ich daf\u00fcr, dass unsere Botschaften genau dort ankommen, wo sie sollen. Nachhaltigkeit Nachhaltigkeit ist mir wichtig, und ich versuche, in meinem Alltag bewusst darauf zu achten. Zum Beispiel benutze ich Jutebeutel, wenn ich einkaufen gehe. Au\u00dferdem erledige ich so viel wie m\u00f6glich zu Fu\u00df. Das schont nicht nur die Umwelt, sondern tut auch meiner Gesundheit gut. Beim Einkaufen achte ich darauf, nur die Lebensmittel zu kaufen, die ich tats\u00e4chlich verbrauchen kann. Interessen Ich liebe es, mit Freunden beim Fu\u00dfball unterwegs zu sein, um unsere Mannschaft zu unterst\u00fctzen. In den Bergen f\u00fchle ich mich besonders wohl, sei es beim Skifahren, beim Wandern oder einfach beim Genie\u00dfen der beeindruckenden Aussicht. Dar\u00fcber hinaus finde ich gro\u00dfe Freude am Basteln, wo ich meiner Kreativit\u00e4t freien Lauf lasse, und am Backen, bei dem ich gerne meine Lieblingsrezepte aber auch neue ausprobiere. Was bringt dich auf die Palme? Tickende Uhren k\u00f6nnen mich wahnsinnig machen. Dieses konstante Ger\u00e4usch im Hintergrund, st\u00f6rt meine Konzentration und bringt mich aus der Ruhe.\",\"url\":\"https:\\\/\\\/www.vaillant.de\\\/21-grad\\\/autor\\\/lorena\\\/\"}]}<\/script>\n<!-- \/ Yoast SEO plugin. -->","yoast_head_json":{"title":"Warmes Wasser? Macht die W\u00e4rmepumpe \u2013 aus der Luft. | 21 grad","description":"Fr\u00fcher war langes hei\u00dfes Duschen Energieverschwendung. Heute kann Warmwasser ressourcenschonend mit einer Luft\/Wasser-W\u00e4rmepumpe erzeugt werden.","robots":{"index":"index","follow":"follow","max-snippet":"max-snippet:-1","max-image-preview":"max-image-preview:large","max-video-preview":"max-video-preview:-1"},"canonical":"https:\/\/www.vaillant.de\/21-grad\/wissen-und-wert\/warmes-wasser-macht-die-waermepumpe-aus-der-luft\/","og_locale":"de_DE","og_type":"article","og_title":"Warmes Wasser? Macht die W\u00e4rmepumpe \u2013 aus der Luft. | 21 grad","og_description":"Fr\u00fcher war langes hei\u00dfes Duschen Energieverschwendung. Heute kann Warmwasser ressourcenschonend mit einer Luft\/Wasser-W\u00e4rmepumpe erzeugt werden.","og_url":"https:\/\/www.vaillant.de\/21-grad\/wissen-und-wert\/warmes-wasser-macht-die-waermepumpe-aus-der-luft\/","og_site_name":"21 grad","article_publisher":"https:\/\/www.facebook.com\/21grad\/","article_published_time":"2019-03-08T12:41:13+00:00","article_modified_time":"2026-01-28T08:52:05+00:00","og_image":[{"width":940,"height":480,"url":"https:\/\/www.vaillant.de\/21-grad\/wp-content\/uploads\/2019\/03\/Warmepumpe-Warmwasser_Header.jpg","type":"image\/jpeg"}],"author":"Lorena","twitter_card":"summary_large_image","twitter_creator":"@vaillant_de","twitter_site":"@vaillant_de","twitter_misc":{"Verfasst von":"Lorena","Gesch\u00e4tzte Lesezeit":"2\u00a0Minuten","Written by":"Lorena"},"schema":{"@context":"https:\/\/schema.org","@graph":[{"@type":"Article","@id":"https:\/\/www.vaillant.de\/21-grad\/wissen-und-wert\/warmes-wasser-macht-die-waermepumpe-aus-der-luft\/#article","isPartOf":{"@id":"https:\/\/www.vaillant.de\/21-grad\/wissen-und-wert\/warmes-wasser-macht-die-waermepumpe-aus-der-luft\/"},"author":{"name":"Lorena","@id":"https:\/\/www.vaillant.de\/21-grad\/#\/schema\/person\/64bb3ed01d8d62d6fc3b965454e1d031"},"headline":"Warmes Wasser? Macht die W\u00e4rmepumpe \u2013 aus der Luft.","datePublished":"2019-03-08T12:41:13+00:00","dateModified":"2026-01-28T08:52:05+00:00","mainEntityOfPage":{"@id":"https:\/\/www.vaillant.de\/21-grad\/wissen-und-wert\/warmes-wasser-macht-die-waermepumpe-aus-der-luft\/"},"wordCount":470,"commentCount":0,"image":{"@id":"https:\/\/www.vaillant.de\/21-grad\/wissen-und-wert\/warmes-wasser-macht-die-waermepumpe-aus-der-luft\/#primaryimage"},"thumbnailUrl":"https:\/\/www.vaillant.de\/21-grad\/wp-content\/uploads\/2019\/03\/Warmepumpe-Warmwasser_Header.jpg","keywords":["Heiztechnik"],"articleSection":["Wissen &amp; Wert"],"inLanguage":"de","potentialAction":[{"@type":"CommentAction","name":"Comment","target":["https:\/\/www.vaillant.de\/21-grad\/wissen-und-wert\/warmes-wasser-macht-die-waermepumpe-aus-der-luft\/#respond"]}]},{"@type":"WebPage","@id":"https:\/\/www.vaillant.de\/21-grad\/wissen-und-wert\/warmes-wasser-macht-die-waermepumpe-aus-der-luft\/","url":"https:\/\/www.vaillant.de\/21-grad\/wissen-und-wert\/warmes-wasser-macht-die-waermepumpe-aus-der-luft\/","name":"Warmes Wasser? Macht die W\u00e4rmepumpe \u2013 aus der Luft. | 21 grad","isPartOf":{"@id":"https:\/\/www.vaillant.de\/21-grad\/#website"},"primaryImageOfPage":{"@id":"https:\/\/www.vaillant.de\/21-grad\/wissen-und-wert\/warmes-wasser-macht-die-waermepumpe-aus-der-luft\/#primaryimage"},"image":{"@id":"https:\/\/www.vaillant.de\/21-grad\/wissen-und-wert\/warmes-wasser-macht-die-waermepumpe-aus-der-luft\/#primaryimage"},"thumbnailUrl":"https:\/\/www.vaillant.de\/21-grad\/wp-content\/uploads\/2019\/03\/Warmepumpe-Warmwasser_Header.jpg","datePublished":"2019-03-08T12:41:13+00:00","dateModified":"2026-01-28T08:52:05+00:00","author":{"@id":"https:\/\/www.vaillant.de\/21-grad\/#\/schema\/person\/64bb3ed01d8d62d6fc3b965454e1d031"},"description":"Fr\u00fcher war langes hei\u00dfes Duschen Energieverschwendung. Heute kann Warmwasser ressourcenschonend mit einer Luft\/Wasser-W\u00e4rmepumpe erzeugt werden.","breadcrumb":{"@id":"https:\/\/www.vaillant.de\/21-grad\/wissen-und-wert\/warmes-wasser-macht-die-waermepumpe-aus-der-luft\/#breadcrumb"},"inLanguage":"de","potentialAction":[{"@type":"ReadAction","target":["https:\/\/www.vaillant.de\/21-grad\/wissen-und-wert\/warmes-wasser-macht-die-waermepumpe-aus-der-luft\/"]}]},{"@type":"ImageObject","inLanguage":"de","@id":"https:\/\/www.vaillant.de\/21-grad\/wissen-und-wert\/warmes-wasser-macht-die-waermepumpe-aus-der-luft\/#primaryimage","url":"https:\/\/www.vaillant.de\/21-grad\/wp-content\/uploads\/2019\/03\/Warmepumpe-Warmwasser_Header.jpg","contentUrl":"https:\/\/www.vaillant.de\/21-grad\/wp-content\/uploads\/2019\/03\/Warmepumpe-Warmwasser_Header.jpg","width":940,"height":480,"caption":"Warmepumpe Warmwasser"},{"@type":"BreadcrumbList","@id":"https:\/\/www.vaillant.de\/21-grad\/wissen-und-wert\/warmes-wasser-macht-die-waermepumpe-aus-der-luft\/#breadcrumb","itemListElement":[{"@type":"ListItem","position":1,"name":"Startseite","item":"https:\/\/www.vaillant.de\/21-grad\/"},{"@type":"ListItem","position":2,"name":"Warmes Wasser? Macht die W\u00e4rmepumpe \u2013 aus der Luft."}]},{"@type":"WebSite","@id":"https:\/\/www.vaillant.de\/21-grad\/#website","url":"https:\/\/www.vaillant.de\/21-grad\/","name":"21 grad","description":"Der Blog f\u00fcr Menschen, die weiterdenken","potentialAction":[{"@type":"SearchAction","target":{"@type":"EntryPoint","urlTemplate":"https:\/\/www.vaillant.de\/21-grad\/?s={search_term_string}"},"query-input":{"@type":"PropertyValueSpecification","valueRequired":true,"valueName":"search_term_string"}}],"inLanguage":"de"},{"@type":"Person","@id":"https:\/\/www.vaillant.de\/21-grad\/#\/schema\/person\/64bb3ed01d8d62d6fc3b965454e1d031","name":"Lorena","image":{"@type":"ImageObject","inLanguage":"de","@id":"https:\/\/www.vaillant.de\/21-grad\/wp-content\/uploads\/2025\/04\/20230502_Vaillant-Mitarbeitershooting-Lennep_0045_MKP_100-125x125.jpg3845af5a66923cc212a0c6c57ae1c3a4","url":"https:\/\/www.vaillant.de\/21-grad\/wp-content\/uploads\/2025\/04\/20230502_Vaillant-Mitarbeitershooting-Lennep_0045_MKP_100-125x125.jpg","contentUrl":"https:\/\/www.vaillant.de\/21-grad\/wp-content\/uploads\/2025\/04\/20230502_Vaillant-Mitarbeitershooting-Lennep_0045_MKP_100-125x125.jpg","caption":"Lorena"},"description":"In meiner Rolle als E-Mail-Marketing-Manager B2C liegt mein Fokus darauf, eine effektive und ansprechende E-Mail-Kommunikation mit unseren Kunden zu gestalten. Von der sorgf\u00e4ltigen Auswahl der relevanten Daten bis hin zur kreativen Erstellung und dem pr\u00e4zisen Versand der E-Mails sorge ich daf\u00fcr, dass unsere Botschaften genau dort ankommen, wo sie sollen. Nachhaltigkeit Nachhaltigkeit ist mir wichtig, und ich versuche, in meinem Alltag bewusst darauf zu achten. Zum Beispiel benutze ich Jutebeutel, wenn ich einkaufen gehe. Au\u00dferdem erledige ich so viel wie m\u00f6glich zu Fu\u00df. Das schont nicht nur die Umwelt, sondern tut auch meiner Gesundheit gut. Beim Einkaufen achte ich darauf, nur die Lebensmittel zu kaufen, die ich tats\u00e4chlich verbrauchen kann. Interessen Ich liebe es, mit Freunden beim Fu\u00dfball unterwegs zu sein, um unsere Mannschaft zu unterst\u00fctzen. In den Bergen f\u00fchle ich mich besonders wohl, sei es beim Skifahren, beim Wandern oder einfach beim Genie\u00dfen der beeindruckenden Aussicht. Dar\u00fcber hinaus finde ich gro\u00dfe Freude am Basteln, wo ich meiner Kreativit\u00e4t freien Lauf lasse, und am Backen, bei dem ich gerne meine Lieblingsrezepte aber auch neue ausprobiere. Was bringt dich auf die Palme? Tickende Uhren k\u00f6nnen mich wahnsinnig machen. Dieses konstante Ger\u00e4usch im Hintergrund, st\u00f6rt meine Konzentration und bringt mich aus der Ruhe.","url":"https:\/\/www.vaillant.de\/21-grad\/autor\/lorena\/"}]}},"_links":{"self":[{"href":"https:\/\/www.vaillant.de\/21-grad\/wp-json\/wp\/v2\/posts\/4209","targetHints":{"allow":["GET"]}}],"collection":[{"href":"https:\/\/www.vaillant.de\/21-grad\/wp-json\/wp\/v2\/posts"}],"about":[{"href":"https:\/\/www.vaillant.de\/21-grad\/wp-json\/wp\/v2\/types\/post"}],"author":[{"embeddable":true,"href":"https:\/\/www.vaillant.de\/21-grad\/wp-json\/wp\/v2\/users\/26"}],"replies":[{"embeddable":true,"href":"https:\/\/www.vaillant.de\/21-grad\/wp-json\/wp\/v2\/comments?post=4209"}],"version-history":[{"count":2,"href":"https:\/\/www.vaillant.de\/21-grad\/wp-json\/wp\/v2\/posts\/4209\/revisions"}],"predecessor-version":[{"id":4214,"href":"https:\/\/www.vaillant.de\/21-grad\/wp-json\/wp\/v2\/posts\/4209\/revisions\/4214"}],"wp:featuredmedia":[{"embeddable":true,"href":"https:\/\/www.vaillant.de\/21-grad\/wp-json\/wp\/v2\/media\/4210"}],"wp:attachment":[{"href":"https:\/\/www.vaillant.de\/21-grad\/wp-json\/wp\/v2\/media?parent=4209"}],"wp:term":[{"taxonomy":"category","embeddable":true,"href":"https:\/\/www.vaillant.de\/21-grad\/wp-json\/wp\/v2\/categories?post=4209"},{"taxonomy":"post_tag","embeddable":true,"href":"https:\/\/www.vaillant.de\/21-grad\/wp-json\/wp\/v2\/tags?post=4209"},{"taxonomy":"author","embeddable":true,"href":"https:\/\/www.vaillant.de\/21-grad\/wp-json\/wp\/v2\/coauthors?post=4209"}],"curies":[{"name":"wp","href":"https:\/\/api.w.org\/{rel}","templated":true}]}}