{"id":446,"date":"2016-03-02T12:00:08","date_gmt":"2016-03-02T11:00:08","guid":{"rendered":"http:\/\/21-grad.vaillant.de\/?p=446"},"modified":"2022-02-11T15:46:06","modified_gmt":"2022-02-11T14:46:06","slug":"gewusst-wie-energetische-sanierung-nach-mass","status":"publish","type":"post","link":"https:\/\/www.vaillant.de\/21-grad\/rat-und-tat\/gewusst-wie-energetische-sanierung-nach-mass\/","title":{"rendered":"Gewusst wie: Energetische Sanierung nach Ma\u00df"},"content":{"rendered":"<h2><strong>1. Basis-Information: So n\u00e4hert\u00a0Ihr\u00a0Euch dem Thema an<\/strong><\/h2>\n<p>Mit dem <a href=\"https:\/\/www.vaillant.de\/heizung\/heizung-verstehen\/haus-sanieren\/\">Vaillant Ratgeber zur Sanierung<\/a> k\u00f6nnt ihr euch erste Informationen zum Thema energetische Sanierung einholen: Was spricht daf\u00fcr? Welche Ma\u00dfnahmen kann ich ergreifen: Modernisiere ich meine Heizung und nutze ich erneuerbare Energien? Wie finanziere ich mein Projekt? Wer ber\u00e4t mich? Welche <a href=\"https:\/\/www.vaillant.de\/heizung\/klima-foerderung\/foerderung-finanzierung\/\" target=\"_blank\" rel=\"noopener\">F\u00f6rderm\u00f6glichkeiten<\/a> gibt es?<\/p>\n<h2><strong style=\"line-height: 1.5;\">2. Ein erster \u00dcberblick \u00fcber Kosten, Nutzen, F\u00f6rdermittel<\/strong><\/h2>\n<p>Der <strong><a href=\"http:\/\/www.sanierungskonfigurator.de\" target=\"_blank\" rel=\"noopener noreferrer\">Sanierungskonfigurator<\/a><\/strong> des Bundeswirtschaftsministeriums f\u00fcr Wirtschaft und Energie (BMWi) bietet eine erste Orientierung: Welche Sanierungen sparen wie viel Energie ein? Welche Kosten fallen jeweils an? Was wird staatlich gef\u00f6rdert? Eine professionelle Energieberatung ersetzt er jedoch nicht!<\/p>\n<h2><strong>3. Energieberatung vor Ort<\/strong><\/h2>\n<p>Das Fundament f\u00fcr den Erfolg\u00a0Eurer energetischen Sanierung legt Ihr\u00a0mit einer qualifizierten Energieberatung vor Ort. Dabei werden die Substanz\u00a0Eures Geb\u00e4udes und\u00a0Eurer Heiztechnik analysiert und sinnvolle energetische Ma\u00dfnahmen abgeleitet. Auf der Seite der <strong><a href=\"http:\/\/www.energie-effizienz-experten.de\" target=\"_blank\" rel=\"noopener noreferrer\">Energieeffizienz-Expertenliste f\u00fcr F\u00f6rderprogramme des Bundes<\/a><\/strong> findet Ihr Energieberater mit Qualifikation f\u00fcr die Bundesf\u00f6rderprogramme (BAFA), f\u00fcr die energetische Fachplanung und Baubegleitung von KfW-Effizienzh\u00e4usern und Einzelma\u00dfnahmen sowie f\u00fcr Baudenkmale. Um von der KfW gef\u00f6rdert zu werden, m\u00fcsst Ihr einen solchen Experten beanspruchen.<\/p>\n<h2><strong>4. \u00dcber Mindestanforderungen sowie KfW-F\u00f6rderung informieren<\/strong><\/h2>\n<p>Das <a href=\"https:\/\/www.vaillant.de\/heizung\/heizung-verstehen\/gesetze-verordnungen\/geg2020\/\">Geb\u00e4udeenergiegesetz (GEG)<\/a> schreibt die Mindestanforderungen an die Energieeffizienz von H\u00e4usern vor, die\u00a0Ihr als Modernisierer erf\u00fcllen m\u00fcsst. Unterschreitet\u00a0Ihr diese Mindestanforderungen und modernisiert auf KfW-Effizienzhausstandard, spart\u00a0Ihr zus\u00e4tzlich Energie und werdet daf\u00fcr mit F\u00f6rdermitteln belohnt. Erfahrt\u00a0mehr in diesem <strong><a href=\"https:\/\/www.vaillant.de\/21-grad\/wissen-und-wert\/effizientes-bauen-lohnt-sich-fuer-die-umwelt-und-fuer-jeden-einzelnen\/\" target=\"_blank\" rel=\"noopener noreferrer\">Blogartikel<\/a><\/strong>!<\/p>\n<h2><strong style=\"line-height: 1.5;\">5. \u00dcber F\u00f6rderung informieren<\/strong><strong style=\"line-height: 1.5;\">:<\/strong><\/h2>\n<p>Steigt Ihr im Zuge Eurer Modernisierung auf erneuerbare Energien um und nutzt Solarthermie oder eine effiziente W\u00e4rmepumpe, dann erhaltet Ihr hohe F\u00f6rderungen. Informationen zur Bundesf\u00f6rderung f\u00fcr effiziente Geb\u00e4ude (BEG) findet Ihr <strong><a href=\"https:\/\/www.vaillant.de\/heizung\/klima-foerderung\/bundesforderung-effiziente-gebaude\/\" target=\"_blank\" rel=\"noopener noreferrer\">hier<\/a><\/strong>!<\/p>\n<h2><strong style=\"line-height: 1.5;\">6. \u00dcber Heiztechnik informieren &amp; Fachpartner finden<\/strong><\/h2>\n<p><span style=\"line-height: 1.5;\">Einige Heiztechnikhersteller betreiben regionale Ausstellungsr\u00e4ume, in denen Ihr Heiztechnik live erleben k\u00f6nnt. So trefft\u00a0Ihr\u00a0zum Beispiel in den bundesweit <\/span><strong style=\"line-height: 1.5;\"><a href=\"https:\/\/www.vaillant.de\/heizung\/service\/kontakt\/standorte\/\" target=\"_blank\" rel=\"noopener noreferrer\">20 Kundenforen<\/a><\/strong><span style=\"line-height: 1.5;\"> von Vaillant auf T\u00dcV-zertifizierte Fachberater f\u00fcr Energieoptimierung, die\u00a0Euch die M\u00f6glichkeiten moderner Vaillant Heiztechnik erl\u00e4utern. Hier k\u00f6nnt Ihr \u00a0alle Ger\u00e4te anfassen \u2013 von der W\u00e4rmepumpe \u00fcber die Gas-Brennwertheizung bis hin zur KWK-Anlage. Alternativ k\u00f6nnt\u00a0Ihr einen <\/span><strong style=\"line-height: 1.5;\"><a href=\"https:\/\/www.vaillant.de\/heizung\/heizung-finden\/partner-finden\/\" target=\"_blank\" rel=\"noopener noreferrer\">Fachpartner in\u00a0Eurer N\u00e4he<\/a> <\/strong><span style=\"line-height: 1.5;\">kontaktieren, der\u00a0Euch auch gleich ein konkretes Angebot erstellen kann. <\/span><\/p>\n<h2><strong style=\"line-height: 1.5;\">7. Heiztechnikmesse besuchen<\/strong><\/h2>\n<p><span style=\"line-height: 1.5;\">Um das Angebot der verschiedenen Hersteller von Heiz- und L\u00fcftungstechnik zu vergleichen, lohnt sich der Besuch einer Fachmesse in\u00a0Eurer N\u00e4he. Auf <\/span><strong style=\"line-height: 1.5;\"><a href=\"http:\/\/www.messen.de\/de\/1091\/branche\/heizungstechnik\" target=\"_blank\" rel=\"noopener noreferrer\">messen.de<\/a><\/strong><span style=\"line-height: 1.5;\"> findet\u00a0Ihr alle Termine zu Branchenmessen bundesweit.<\/span><\/p>\n","protected":false},"excerpt":{"rendered":"<p>Ihr m\u00f6chtet eine Immobilie nach Euren Vorstellungen modernisieren? Dabei gibt es viel zu beachten \u2013 gerade in Bezug auf Wohnw\u00e4rme, Warmwasser und die effiziente Nutzung von Energie. Schlie\u00dflich m\u00f6chtet Ihr komfortabel und g\u00fcnstig wohnen \u2013 und f\u00fcr die Nutzung moderner Heiztechnik und erneuerbarer Energien gef\u00f6rdert werden. Erfahrt, wer Euch mit Rat und Tat unterst\u00fctzt!<\/p>\n","protected":false},"author":19,"featured_media":460,"comment_status":"open","ping_status":"open","sticky":false,"template":"","format":"standard","meta":{"footnotes":""},"categories":[2],"tags":[172,51,17],"coauthors":[243],"class_list":["post-446","post","type-post","status-publish","format-standard","has-post-thumbnail","hentry","category-rat-und-tat","tag-bauen-und-wohnen","tag-energie-sparen","tag-foerderung"],"yoast_head":"<!-- This site is optimized with the Yoast SEO plugin v27.4 - https:\/\/yoast.com\/product\/yoast-seo-wordpress\/ -->\n<title>Energetische Sanierung: Worauf m\u00fcsst ihr achten? | 21 grad<\/title>\n<meta name=\"description\" content=\"Bei einer Geb\u00e4ude-Modernisierung gibt es viel zu beachten. Wie ihr dank erneuerbarer Energien kosten spart &amp; sogar F\u00f6rderungen erhaltet? Lest es hier!\" \/>\n<meta name=\"robots\" content=\"index, follow, max-snippet:-1, max-image-preview:large, max-video-preview:-1\" \/>\n<link rel=\"canonical\" href=\"https:\/\/www.vaillant.de\/21-grad\/rat-und-tat\/gewusst-wie-energetische-sanierung-nach-mass\/\" \/>\n<meta property=\"og:locale\" content=\"de_DE\" \/>\n<meta property=\"og:type\" content=\"article\" \/>\n<meta property=\"og:title\" content=\"Energetische Sanierung: Worauf m\u00fcsst ihr achten? | 21 grad\" \/>\n<meta property=\"og:description\" content=\"Bei einer Geb\u00e4ude-Modernisierung gibt es viel zu beachten. Wie ihr dank erneuerbarer Energien kosten spart &amp; sogar F\u00f6rderungen erhaltet? Lest es hier!\" \/>\n<meta property=\"og:url\" content=\"https:\/\/www.vaillant.de\/21-grad\/rat-und-tat\/gewusst-wie-energetische-sanierung-nach-mass\/\" \/>\n<meta property=\"og:site_name\" content=\"21 grad\" \/>\n<meta property=\"article:publisher\" content=\"https:\/\/www.facebook.com\/21grad\/\" \/>\n<meta property=\"article:published_time\" content=\"2016-03-02T11:00:08+00:00\" \/>\n<meta property=\"article:modified_time\" content=\"2022-02-11T14:46:06+00:00\" \/>\n<meta property=\"og:image\" content=\"https:\/\/www.vaillant.de\/21-grad\/wp-content\/uploads\/2016\/03\/So-modernisiere-ich-richtig.png\" \/>\n\t<meta property=\"og:image:width\" content=\"940\" \/>\n\t<meta property=\"og:image:height\" content=\"480\" \/>\n\t<meta property=\"og:image:type\" content=\"image\/png\" \/>\n<meta name=\"author\" content=\"Tim\" \/>\n<meta name=\"twitter:card\" content=\"summary_large_image\" \/>\n<meta name=\"twitter:creator\" content=\"@vaillant_de\" \/>\n<meta name=\"twitter:site\" content=\"@vaillant_de\" \/>\n<meta name=\"twitter:label1\" content=\"Verfasst von\" \/>\n\t<meta name=\"twitter:data1\" content=\"Tim\" \/>\n\t<meta name=\"twitter:label2\" content=\"Gesch\u00e4tzte Lesezeit\" \/>\n\t<meta name=\"twitter:data2\" content=\"2\u00a0Minuten\" \/>\n\t<meta name=\"twitter:label3\" content=\"Written by\" \/>\n\t<meta name=\"twitter:data3\" content=\"Tim\" \/>\n<script type=\"application\/ld+json\" class=\"yoast-schema-graph\">{\"@context\":\"https:\\\/\\\/schema.org\",\"@graph\":[{\"@type\":\"Article\",\"@id\":\"https:\\\/\\\/www.vaillant.de\\\/21-grad\\\/rat-und-tat\\\/gewusst-wie-energetische-sanierung-nach-mass\\\/#article\",\"isPartOf\":{\"@id\":\"https:\\\/\\\/www.vaillant.de\\\/21-grad\\\/rat-und-tat\\\/gewusst-wie-energetische-sanierung-nach-mass\\\/\"},\"author\":{\"name\":\"Tim\",\"@id\":\"https:\\\/\\\/www.vaillant.de\\\/21-grad\\\/#\\\/schema\\\/person\\\/6c5f5a4071f0c7be145a9df11dac0709\"},\"headline\":\"Gewusst wie: Energetische Sanierung nach Ma\u00df\",\"datePublished\":\"2016-03-02T11:00:08+00:00\",\"dateModified\":\"2022-02-11T14:46:06+00:00\",\"mainEntityOfPage\":{\"@id\":\"https:\\\/\\\/www.vaillant.de\\\/21-grad\\\/rat-und-tat\\\/gewusst-wie-energetische-sanierung-nach-mass\\\/\"},\"wordCount\":420,\"commentCount\":0,\"image\":{\"@id\":\"https:\\\/\\\/www.vaillant.de\\\/21-grad\\\/rat-und-tat\\\/gewusst-wie-energetische-sanierung-nach-mass\\\/#primaryimage\"},\"thumbnailUrl\":\"https:\\\/\\\/www.vaillant.de\\\/21-grad\\\/wp-content\\\/uploads\\\/2016\\\/03\\\/So-modernisiere-ich-richtig.png\",\"keywords\":[\"Bauen und Wohnen\",\"Energie sparen\",\"F\u00f6rderung\"],\"articleSection\":[\"Rat &amp; Tat\"],\"inLanguage\":\"de\",\"potentialAction\":[{\"@type\":\"CommentAction\",\"name\":\"Comment\",\"target\":[\"https:\\\/\\\/www.vaillant.de\\\/21-grad\\\/rat-und-tat\\\/gewusst-wie-energetische-sanierung-nach-mass\\\/#respond\"]}]},{\"@type\":\"WebPage\",\"@id\":\"https:\\\/\\\/www.vaillant.de\\\/21-grad\\\/rat-und-tat\\\/gewusst-wie-energetische-sanierung-nach-mass\\\/\",\"url\":\"https:\\\/\\\/www.vaillant.de\\\/21-grad\\\/rat-und-tat\\\/gewusst-wie-energetische-sanierung-nach-mass\\\/\",\"name\":\"Energetische Sanierung: Worauf m\u00fcsst ihr achten? | 21 grad\",\"isPartOf\":{\"@id\":\"https:\\\/\\\/www.vaillant.de\\\/21-grad\\\/#website\"},\"primaryImageOfPage\":{\"@id\":\"https:\\\/\\\/www.vaillant.de\\\/21-grad\\\/rat-und-tat\\\/gewusst-wie-energetische-sanierung-nach-mass\\\/#primaryimage\"},\"image\":{\"@id\":\"https:\\\/\\\/www.vaillant.de\\\/21-grad\\\/rat-und-tat\\\/gewusst-wie-energetische-sanierung-nach-mass\\\/#primaryimage\"},\"thumbnailUrl\":\"https:\\\/\\\/www.vaillant.de\\\/21-grad\\\/wp-content\\\/uploads\\\/2016\\\/03\\\/So-modernisiere-ich-richtig.png\",\"datePublished\":\"2016-03-02T11:00:08+00:00\",\"dateModified\":\"2022-02-11T14:46:06+00:00\",\"author\":{\"@id\":\"https:\\\/\\\/www.vaillant.de\\\/21-grad\\\/#\\\/schema\\\/person\\\/6c5f5a4071f0c7be145a9df11dac0709\"},\"description\":\"Bei einer Geb\u00e4ude-Modernisierung gibt es viel zu beachten. Wie ihr dank erneuerbarer Energien kosten spart & sogar F\u00f6rderungen erhaltet? Lest es hier!\",\"breadcrumb\":{\"@id\":\"https:\\\/\\\/www.vaillant.de\\\/21-grad\\\/rat-und-tat\\\/gewusst-wie-energetische-sanierung-nach-mass\\\/#breadcrumb\"},\"inLanguage\":\"de\",\"potentialAction\":[{\"@type\":\"ReadAction\",\"target\":[\"https:\\\/\\\/www.vaillant.de\\\/21-grad\\\/rat-und-tat\\\/gewusst-wie-energetische-sanierung-nach-mass\\\/\"]}]},{\"@type\":\"ImageObject\",\"inLanguage\":\"de\",\"@id\":\"https:\\\/\\\/www.vaillant.de\\\/21-grad\\\/rat-und-tat\\\/gewusst-wie-energetische-sanierung-nach-mass\\\/#primaryimage\",\"url\":\"https:\\\/\\\/www.vaillant.de\\\/21-grad\\\/wp-content\\\/uploads\\\/2016\\\/03\\\/So-modernisiere-ich-richtig.png\",\"contentUrl\":\"https:\\\/\\\/www.vaillant.de\\\/21-grad\\\/wp-content\\\/uploads\\\/2016\\\/03\\\/So-modernisiere-ich-richtig.png\",\"width\":940,\"height\":480,\"caption\":\"So modernisiere ich richtig\"},{\"@type\":\"BreadcrumbList\",\"@id\":\"https:\\\/\\\/www.vaillant.de\\\/21-grad\\\/rat-und-tat\\\/gewusst-wie-energetische-sanierung-nach-mass\\\/#breadcrumb\",\"itemListElement\":[{\"@type\":\"ListItem\",\"position\":1,\"name\":\"Startseite\",\"item\":\"https:\\\/\\\/www.vaillant.de\\\/21-grad\\\/\"},{\"@type\":\"ListItem\",\"position\":2,\"name\":\"Gewusst wie: Energetische Sanierung nach Ma\u00df\"}]},{\"@type\":\"WebSite\",\"@id\":\"https:\\\/\\\/www.vaillant.de\\\/21-grad\\\/#website\",\"url\":\"https:\\\/\\\/www.vaillant.de\\\/21-grad\\\/\",\"name\":\"21 grad\",\"description\":\"Der Blog f\u00fcr Menschen, die weiterdenken\",\"potentialAction\":[{\"@type\":\"SearchAction\",\"target\":{\"@type\":\"EntryPoint\",\"urlTemplate\":\"https:\\\/\\\/www.vaillant.de\\\/21-grad\\\/?s={search_term_string}\"},\"query-input\":{\"@type\":\"PropertyValueSpecification\",\"valueRequired\":true,\"valueName\":\"search_term_string\"}}],\"inLanguage\":\"de\"},{\"@type\":\"Person\",\"@id\":\"https:\\\/\\\/www.vaillant.de\\\/21-grad\\\/#\\\/schema\\\/person\\\/6c5f5a4071f0c7be145a9df11dac0709\",\"name\":\"Tim\",\"image\":{\"@type\":\"ImageObject\",\"inLanguage\":\"de\",\"@id\":\"https:\\\/\\\/www.vaillant.de\\\/21-grad\\\/wp-content\\\/uploads\\\/2025\\\/04\\\/20230516_Vaillant-Mitarbeitershooting-Lennep_0005_MKP-1-125x125.jpg9c05c6497faaba75d1eddfe0b2afcc63\",\"url\":\"https:\\\/\\\/www.vaillant.de\\\/21-grad\\\/wp-content\\\/uploads\\\/2025\\\/04\\\/20230516_Vaillant-Mitarbeitershooting-Lennep_0005_MKP-1-125x125.jpg\",\"contentUrl\":\"https:\\\/\\\/www.vaillant.de\\\/21-grad\\\/wp-content\\\/uploads\\\/2025\\\/04\\\/20230516_Vaillant-Mitarbeitershooting-Lennep_0005_MKP-1-125x125.jpg\",\"caption\":\"Tim\"},\"description\":\"Ob Facebook oder Twitter, ob # oder @, ob Like oder Share \u2013 in meinem Arbeitsalltag dreht sich alles um Social Media. Ich sorge daf\u00fcr, dass unsere Zielgruppen sowohl informative als auch unterhaltsame und interaktive Inhalte mit Mehrwert auf unseren Kan\u00e4len finden. Nachhaltigkeit Nachhaltigkeit spielt vor allem in meiner Bewegung eine Rolle, da ich so viele Wege wie m\u00f6glich mit dem Rad zur\u00fccklege, u.a. den Weg zur Arbeit. Meiner Meinung nach wird viel zu oft auf das Auto zur\u00fcckgegriffen, vor allem f\u00fcr unn\u00f6tige Kurzstrecken unter 10 oder sogar weniger Minuten. Interessen Fu\u00dfball, Skifahren, Fitness, Unternehmungen in der Natur, Musik. Was w\u00fcrdest du mit auf eine einsame Insel nehmen? Einen Plattenspieler, ein gutes Buch und einen erfrischenden Drink. Wenn du eine Superkraft h\u00e4ttest, welche w\u00e4re das und warum? Ich w\u00fcrde mit meiner Superkraft gerne den Klimawandel aufhalten, da wir zwar viel reden, aber noch viel zu wenig daf\u00fcr tun.\",\"url\":\"https:\\\/\\\/www.vaillant.de\\\/21-grad\\\/autor\\\/tim\\\/\"}]}<\/script>\n<!-- \/ Yoast SEO plugin. -->","yoast_head_json":{"title":"Energetische Sanierung: Worauf m\u00fcsst ihr achten? | 21 grad","description":"Bei einer Geb\u00e4ude-Modernisierung gibt es viel zu beachten. Wie ihr dank erneuerbarer Energien kosten spart & sogar F\u00f6rderungen erhaltet? Lest es hier!","robots":{"index":"index","follow":"follow","max-snippet":"max-snippet:-1","max-image-preview":"max-image-preview:large","max-video-preview":"max-video-preview:-1"},"canonical":"https:\/\/www.vaillant.de\/21-grad\/rat-und-tat\/gewusst-wie-energetische-sanierung-nach-mass\/","og_locale":"de_DE","og_type":"article","og_title":"Energetische Sanierung: Worauf m\u00fcsst ihr achten? | 21 grad","og_description":"Bei einer Geb\u00e4ude-Modernisierung gibt es viel zu beachten. Wie ihr dank erneuerbarer Energien kosten spart & sogar F\u00f6rderungen erhaltet? Lest es hier!","og_url":"https:\/\/www.vaillant.de\/21-grad\/rat-und-tat\/gewusst-wie-energetische-sanierung-nach-mass\/","og_site_name":"21 grad","article_publisher":"https:\/\/www.facebook.com\/21grad\/","article_published_time":"2016-03-02T11:00:08+00:00","article_modified_time":"2022-02-11T14:46:06+00:00","og_image":[{"width":940,"height":480,"url":"https:\/\/www.vaillant.de\/21-grad\/wp-content\/uploads\/2016\/03\/So-modernisiere-ich-richtig.png","type":"image\/png"}],"author":"Tim","twitter_card":"summary_large_image","twitter_creator":"@vaillant_de","twitter_site":"@vaillant_de","twitter_misc":{"Verfasst von":"Tim","Gesch\u00e4tzte Lesezeit":"2\u00a0Minuten","Written by":"Tim"},"schema":{"@context":"https:\/\/schema.org","@graph":[{"@type":"Article","@id":"https:\/\/www.vaillant.de\/21-grad\/rat-und-tat\/gewusst-wie-energetische-sanierung-nach-mass\/#article","isPartOf":{"@id":"https:\/\/www.vaillant.de\/21-grad\/rat-und-tat\/gewusst-wie-energetische-sanierung-nach-mass\/"},"author":{"name":"Tim","@id":"https:\/\/www.vaillant.de\/21-grad\/#\/schema\/person\/6c5f5a4071f0c7be145a9df11dac0709"},"headline":"Gewusst wie: Energetische Sanierung nach Ma\u00df","datePublished":"2016-03-02T11:00:08+00:00","dateModified":"2022-02-11T14:46:06+00:00","mainEntityOfPage":{"@id":"https:\/\/www.vaillant.de\/21-grad\/rat-und-tat\/gewusst-wie-energetische-sanierung-nach-mass\/"},"wordCount":420,"commentCount":0,"image":{"@id":"https:\/\/www.vaillant.de\/21-grad\/rat-und-tat\/gewusst-wie-energetische-sanierung-nach-mass\/#primaryimage"},"thumbnailUrl":"https:\/\/www.vaillant.de\/21-grad\/wp-content\/uploads\/2016\/03\/So-modernisiere-ich-richtig.png","keywords":["Bauen und Wohnen","Energie sparen","F\u00f6rderung"],"articleSection":["Rat &amp; Tat"],"inLanguage":"de","potentialAction":[{"@type":"CommentAction","name":"Comment","target":["https:\/\/www.vaillant.de\/21-grad\/rat-und-tat\/gewusst-wie-energetische-sanierung-nach-mass\/#respond"]}]},{"@type":"WebPage","@id":"https:\/\/www.vaillant.de\/21-grad\/rat-und-tat\/gewusst-wie-energetische-sanierung-nach-mass\/","url":"https:\/\/www.vaillant.de\/21-grad\/rat-und-tat\/gewusst-wie-energetische-sanierung-nach-mass\/","name":"Energetische Sanierung: Worauf m\u00fcsst ihr achten? | 21 grad","isPartOf":{"@id":"https:\/\/www.vaillant.de\/21-grad\/#website"},"primaryImageOfPage":{"@id":"https:\/\/www.vaillant.de\/21-grad\/rat-und-tat\/gewusst-wie-energetische-sanierung-nach-mass\/#primaryimage"},"image":{"@id":"https:\/\/www.vaillant.de\/21-grad\/rat-und-tat\/gewusst-wie-energetische-sanierung-nach-mass\/#primaryimage"},"thumbnailUrl":"https:\/\/www.vaillant.de\/21-grad\/wp-content\/uploads\/2016\/03\/So-modernisiere-ich-richtig.png","datePublished":"2016-03-02T11:00:08+00:00","dateModified":"2022-02-11T14:46:06+00:00","author":{"@id":"https:\/\/www.vaillant.de\/21-grad\/#\/schema\/person\/6c5f5a4071f0c7be145a9df11dac0709"},"description":"Bei einer Geb\u00e4ude-Modernisierung gibt es viel zu beachten. Wie ihr dank erneuerbarer Energien kosten spart & sogar F\u00f6rderungen erhaltet? Lest es hier!","breadcrumb":{"@id":"https:\/\/www.vaillant.de\/21-grad\/rat-und-tat\/gewusst-wie-energetische-sanierung-nach-mass\/#breadcrumb"},"inLanguage":"de","potentialAction":[{"@type":"ReadAction","target":["https:\/\/www.vaillant.de\/21-grad\/rat-und-tat\/gewusst-wie-energetische-sanierung-nach-mass\/"]}]},{"@type":"ImageObject","inLanguage":"de","@id":"https:\/\/www.vaillant.de\/21-grad\/rat-und-tat\/gewusst-wie-energetische-sanierung-nach-mass\/#primaryimage","url":"https:\/\/www.vaillant.de\/21-grad\/wp-content\/uploads\/2016\/03\/So-modernisiere-ich-richtig.png","contentUrl":"https:\/\/www.vaillant.de\/21-grad\/wp-content\/uploads\/2016\/03\/So-modernisiere-ich-richtig.png","width":940,"height":480,"caption":"So modernisiere ich richtig"},{"@type":"BreadcrumbList","@id":"https:\/\/www.vaillant.de\/21-grad\/rat-und-tat\/gewusst-wie-energetische-sanierung-nach-mass\/#breadcrumb","itemListElement":[{"@type":"ListItem","position":1,"name":"Startseite","item":"https:\/\/www.vaillant.de\/21-grad\/"},{"@type":"ListItem","position":2,"name":"Gewusst wie: Energetische Sanierung nach Ma\u00df"}]},{"@type":"WebSite","@id":"https:\/\/www.vaillant.de\/21-grad\/#website","url":"https:\/\/www.vaillant.de\/21-grad\/","name":"21 grad","description":"Der Blog f\u00fcr Menschen, die weiterdenken","potentialAction":[{"@type":"SearchAction","target":{"@type":"EntryPoint","urlTemplate":"https:\/\/www.vaillant.de\/21-grad\/?s={search_term_string}"},"query-input":{"@type":"PropertyValueSpecification","valueRequired":true,"valueName":"search_term_string"}}],"inLanguage":"de"},{"@type":"Person","@id":"https:\/\/www.vaillant.de\/21-grad\/#\/schema\/person\/6c5f5a4071f0c7be145a9df11dac0709","name":"Tim","image":{"@type":"ImageObject","inLanguage":"de","@id":"https:\/\/www.vaillant.de\/21-grad\/wp-content\/uploads\/2025\/04\/20230516_Vaillant-Mitarbeitershooting-Lennep_0005_MKP-1-125x125.jpg9c05c6497faaba75d1eddfe0b2afcc63","url":"https:\/\/www.vaillant.de\/21-grad\/wp-content\/uploads\/2025\/04\/20230516_Vaillant-Mitarbeitershooting-Lennep_0005_MKP-1-125x125.jpg","contentUrl":"https:\/\/www.vaillant.de\/21-grad\/wp-content\/uploads\/2025\/04\/20230516_Vaillant-Mitarbeitershooting-Lennep_0005_MKP-1-125x125.jpg","caption":"Tim"},"description":"Ob Facebook oder Twitter, ob # oder @, ob Like oder Share \u2013 in meinem Arbeitsalltag dreht sich alles um Social Media. Ich sorge daf\u00fcr, dass unsere Zielgruppen sowohl informative als auch unterhaltsame und interaktive Inhalte mit Mehrwert auf unseren Kan\u00e4len finden. Nachhaltigkeit Nachhaltigkeit spielt vor allem in meiner Bewegung eine Rolle, da ich so viele Wege wie m\u00f6glich mit dem Rad zur\u00fccklege, u.a. den Weg zur Arbeit. Meiner Meinung nach wird viel zu oft auf das Auto zur\u00fcckgegriffen, vor allem f\u00fcr unn\u00f6tige Kurzstrecken unter 10 oder sogar weniger Minuten. Interessen Fu\u00dfball, Skifahren, Fitness, Unternehmungen in der Natur, Musik. Was w\u00fcrdest du mit auf eine einsame Insel nehmen? Einen Plattenspieler, ein gutes Buch und einen erfrischenden Drink. Wenn du eine Superkraft h\u00e4ttest, welche w\u00e4re das und warum? Ich w\u00fcrde mit meiner Superkraft gerne den Klimawandel aufhalten, da wir zwar viel reden, aber noch viel zu wenig daf\u00fcr tun.","url":"https:\/\/www.vaillant.de\/21-grad\/autor\/tim\/"}]}},"_links":{"self":[{"href":"https:\/\/www.vaillant.de\/21-grad\/wp-json\/wp\/v2\/posts\/446","targetHints":{"allow":["GET"]}}],"collection":[{"href":"https:\/\/www.vaillant.de\/21-grad\/wp-json\/wp\/v2\/posts"}],"about":[{"href":"https:\/\/www.vaillant.de\/21-grad\/wp-json\/wp\/v2\/types\/post"}],"author":[{"embeddable":true,"href":"https:\/\/www.vaillant.de\/21-grad\/wp-json\/wp\/v2\/users\/19"}],"replies":[{"embeddable":true,"href":"https:\/\/www.vaillant.de\/21-grad\/wp-json\/wp\/v2\/comments?post=446"}],"version-history":[{"count":26,"href":"https:\/\/www.vaillant.de\/21-grad\/wp-json\/wp\/v2\/posts\/446\/revisions"}],"predecessor-version":[{"id":6952,"href":"https:\/\/www.vaillant.de\/21-grad\/wp-json\/wp\/v2\/posts\/446\/revisions\/6952"}],"wp:featuredmedia":[{"embeddable":true,"href":"https:\/\/www.vaillant.de\/21-grad\/wp-json\/wp\/v2\/media\/460"}],"wp:attachment":[{"href":"https:\/\/www.vaillant.de\/21-grad\/wp-json\/wp\/v2\/media?parent=446"}],"wp:term":[{"taxonomy":"category","embeddable":true,"href":"https:\/\/www.vaillant.de\/21-grad\/wp-json\/wp\/v2\/categories?post=446"},{"taxonomy":"post_tag","embeddable":true,"href":"https:\/\/www.vaillant.de\/21-grad\/wp-json\/wp\/v2\/tags?post=446"},{"taxonomy":"author","embeddable":true,"href":"https:\/\/www.vaillant.de\/21-grad\/wp-json\/wp\/v2\/coauthors?post=446"}],"curies":[{"name":"wp","href":"https:\/\/api.w.org\/{rel}","templated":true}]}}