{"id":4496,"date":"2019-07-26T13:28:23","date_gmt":"2019-07-26T11:28:23","guid":{"rendered":"https:\/\/www.vaillant.de\/21-grad\/?p=4496"},"modified":"2021-10-20T15:57:45","modified_gmt":"2021-10-20T13:57:45","slug":"la-famiglia-eine-ruine-wird-zu-einem-neuen-zu-hause","status":"publish","type":"post","link":"https:\/\/www.vaillant.de\/21-grad\/technik-und-trends\/la-famiglia-eine-ruine-wird-zu-einem-neuen-zu-hause\/","title":{"rendered":"\u201eLa famiglia\u201c \u2013 eine Ruine wird zu einem neuen zu Hause"},"content":{"rendered":"<p>In der sogenannten Oberstadt, der Vomero, hat man einen fantastischen Blick auf die antike Stadt Napoli, ebenso auf den Hafen und das Meer. Beide Stadtregionen sind seit dem 19. Jahrhundert mit einer Seilzugbahn verbunden, der \u201eFunicolare\u201c. Zuvor war die alte Vomero nur \u00fcber Treppenwege erreichbar. Bis heute sind das die einzigen Wege zu den Anwesen des Vomero-H\u00fcgels.<\/p>\n<p><a href=\"https:\/\/www.vaillant.de\/21-grad\/wp-content\/uploads\/2019\/07\/2_Rudere_I_45.jpg\"><img loading=\"lazy\" decoding=\"async\" class=\"alignright size-medium wp-image-4500\" src=\"https:\/\/www.vaillant.de\/21-grad\/wp-content\/uploads\/2019\/07\/2_Rudere_I_45-348x232.jpg\" alt=\"Ruine\" width=\"348\" height=\"232\" srcset=\"https:\/\/www.vaillant.de\/21-grad\/wp-content\/uploads\/2019\/07\/2_Rudere_I_45-348x232.jpg 348w, https:\/\/www.vaillant.de\/21-grad\/wp-content\/uploads\/2019\/07\/2_Rudere_I_45-768x512.jpg 768w, https:\/\/www.vaillant.de\/21-grad\/wp-content\/uploads\/2019\/07\/2_Rudere_I_45-720x480.jpg 720w, https:\/\/www.vaillant.de\/21-grad\/wp-content\/uploads\/2019\/07\/2_Rudere_I_45.jpg 1500w\" sizes=\"auto, (max-width: 348px) 100vw, 348px\" \/><\/a>Als sein Vater ein Haus auf dem Vomero-H\u00fcgel kaufte, war Giovanni 15 Jahre alt. F\u00fcr ihn bedeutete das: sieben Hektar Weinberge um ihn herum, Olivenhaine, Zitrusb\u00e4ume und Bauern, denen er helfen und von denen er lernen konnte. Der Weg dorthin f\u00fchrte immer \u00fcber die Ruine. Schon damals sagte er sich: \u201eHier m\u00f6chte ich wohnen, wenn ich eine Familie habe.\u201c<\/p>\n<p>Nach dem Studium der Botanik trat Giovanni in die elterliche Firma ein, und berufliche Reisen f\u00fchrten ihn um die Welt. In S\u00fcdamerika lernte er seine heutige Frau Janine kennen, eine Deutsche mit portugiesischen Wurzeln. Zur\u00fcck in Italien blieb die Suche nach einem passenden Haus oder einer Wohnung mit Garten zwei Jahre erfolglos. \u201eIn Neapel ein Haus mit Garten zur freien Gestaltung zu finden \u2013 nahezu unm\u00f6glich\u201c, erkl\u00e4rt Janine. So fasste Giovanni einen Entschluss: \u201eZeit, Tr\u00e4ume wahr werden zu lassen.\u201c<\/p>\n<h2>Die Erf\u00fcllung eines Traums<\/h2>\n<p><a href=\"https:\/\/www.vaillant.de\/21-grad\/wp-content\/uploads\/2019\/07\/1_Hausbau_Familienportrait_.jpg\"><img loading=\"lazy\" decoding=\"async\" class=\"alignleft size-medium wp-image-4501\" src=\"https:\/\/www.vaillant.de\/21-grad\/wp-content\/uploads\/2019\/07\/1_Hausbau_Familienportrait_-155x232.jpg\" alt=\"La famiglia\" width=\"155\" height=\"232\" srcset=\"https:\/\/www.vaillant.de\/21-grad\/wp-content\/uploads\/2019\/07\/1_Hausbau_Familienportrait_-155x232.jpg 155w, https:\/\/www.vaillant.de\/21-grad\/wp-content\/uploads\/2019\/07\/1_Hausbau_Familienportrait_-768x1152.jpg 768w, https:\/\/www.vaillant.de\/21-grad\/wp-content\/uploads\/2019\/07\/1_Hausbau_Familienportrait_-320x480.jpg 320w, https:\/\/www.vaillant.de\/21-grad\/wp-content\/uploads\/2019\/07\/1_Hausbau_Familienportrait_.jpg 1000w\" sizes=\"auto, (max-width: 155px) 100vw, 155px\" \/><\/a>Nachdem er sich bei Architekten, bei Ingenieuren, dann noch bei Historikern und zu guter Letzt bei Juristen vergewissert hatte, dass die Ruine trotz hoher Auflagen des Denkmalschutzes restaurierbar sei. Dann kam die b\u00f6se \u00dcberraschung: \u201eWir durften die Ruine zwar nach strengen Vorgaben restaurieren. Aber nur bewohnen, wenn wir nachweisen konnten, dass sie zuvor schon einmal als Wohngeb\u00e4ude gedient hat\u201c, berichtet Janine. Nach sechsmonatiger Recherche in alten Dokumenten war das Gesuchte tats\u00e4chlich gefunden: M\u00f6nche des Klosters hatten die Ruine als Herberge genutzt, und auch eine Familie Mandara hatte sie einst bewohnt.<\/p>\n<p>Bei der Restaurierung der Ruine galt es, die Herausforderungen des Denkmalschutzes, aber auch die spezielle Lage im schlecht zug\u00e4nglichen Weinberg zu meistern. So musste der Wiederaufbau der Ruine in der exakt gleichen Bauweise erfolgen mit den exakt gleichen Materialien. Eine t\u00e4gliche Herausforderung auf der Baustelle: der Transport der Baustoffe und Produkte. \u201eEs gibt keine Stra\u00dfe, die direkt zu unserem Anwesen f\u00fchrt\u201c, erl\u00e4utert Giovanni. Die Seilzugbahn war keine Option. Das gesamte ben\u00f6tigte Material 150 Stufen hochzutragen ebenfalls nicht. Die Bauherren mieteten sich ein spezielles Kettenfahrzeug, mit dem man Treppen hochfahren kann.<\/p>\n<h2>Am liebsten energetisch autark<\/h2>\n<p><a href=\"https:\/\/www.vaillant.de\/21-grad\/wp-content\/uploads\/2019\/07\/3_Transport_Treppen_MG_5775.jpg\"><img loading=\"lazy\" decoding=\"async\" class=\"alignright size-medium wp-image-4502\" src=\"https:\/\/www.vaillant.de\/21-grad\/wp-content\/uploads\/2019\/07\/3_Transport_Treppen_MG_5775-348x232.jpg\" alt=\"Transport\" width=\"348\" height=\"232\" srcset=\"https:\/\/www.vaillant.de\/21-grad\/wp-content\/uploads\/2019\/07\/3_Transport_Treppen_MG_5775-348x232.jpg 348w, https:\/\/www.vaillant.de\/21-grad\/wp-content\/uploads\/2019\/07\/3_Transport_Treppen_MG_5775-768x512.jpg 768w, https:\/\/www.vaillant.de\/21-grad\/wp-content\/uploads\/2019\/07\/3_Transport_Treppen_MG_5775-720x480.jpg 720w, https:\/\/www.vaillant.de\/21-grad\/wp-content\/uploads\/2019\/07\/3_Transport_Treppen_MG_5775.jpg 1500w\" sizes=\"auto, (max-width: 348px) 100vw, 348px\" \/><\/a>F\u00fcr Janine und Giovanni stand fest: Ihr neues Heim soll energieeffizient und nachhaltig sein, mit umweltschonender Technik f\u00fcr die Beheizung und K\u00fchlung, die Warmwasserbereitung und die Stromerzeugung. Denkmalschutz und innovative Haustechnik galt es optimal zu verbinden.<\/p>\n<p>Bei Vaillant bekam der Bauherr eine <a href=\"https:\/\/www.vaillant.de\/heizung\/heizung-finden\/heizung-kaufen\/beratung-anfordern\/\" target=\"_blank\" rel=\"noopener noreferrer\">umfassende Beratung<\/a> und die Wahl fiel schlie\u00dflich auf ein Hybridsystem, das eine Luft\/Wasser-W\u00e4rmepumpe, frei von CO2-Emissionen, mit einem Gas-Brennwertger\u00e4t kombiniert. F\u00fcr warmes Wasser sorgt zus\u00e4tzlich eine thermische Solaranlage. \u201eDie Vaillant L\u00f6sung hat uns aufgrund ihrer \u00f6kologischen und \u00f6konomischen Vorteile \u00fcberzeugt\u201c, erl\u00e4utert Giovanni. \u201eDie meiste Zeit des Jahres \u00fcbernimmt die W\u00e4rmepumpe die Beheizung der R\u00e4ume. Wenn die Umweltw\u00e4rme im Winter nicht mehr ausreicht, ben\u00f6tigen W\u00e4rmepumpen zus\u00e4tzlich Strom. Nicht unsere Anlage. Sie schaltet dann automatisch das Gas-Brennwertger\u00e4t zu. Sehr wirtschaftlich, denn die Kosten f\u00fcr das Gas sind g\u00fcnstig. Auch die CO2-Bilanz ist unter dem Strich besser, trotz des fossilen Brennstoffs \u2013 wenn man bedenkt, wie viel CO2 in Italien bei der Stromproduktion anf\u00e4llt.\u201c<\/p>\n<h2>Mit Blick in die Zukunft<\/h2>\n<p>\u201eLeider lassen die derzeitigen Bestimmungen des Denkmalschutzes Solarzellen zur Stromerzeugung nicht zu\u201c, berichtet die Bauherrin. \u201eAber das kann sich ja auch mal \u00e4ndern. Unser System ist schon heute so ausgerichtet, dass es mit einer Photovoltaikanlage erweitert werden kann.\u201c<\/p>\n<p><a href=\"https:\/\/www.vaillant.de\/21-grad\/wp-content\/uploads\/2019\/07\/5_Ruine_MG_3493.jpg\"><img loading=\"lazy\" decoding=\"async\" class=\"alignleft size-medium wp-image-4503\" src=\"https:\/\/www.vaillant.de\/21-grad\/wp-content\/uploads\/2019\/07\/5_Ruine_MG_3493-348x232.jpg\" alt=\"Ruine\" width=\"348\" height=\"232\" srcset=\"https:\/\/www.vaillant.de\/21-grad\/wp-content\/uploads\/2019\/07\/5_Ruine_MG_3493-348x232.jpg 348w, https:\/\/www.vaillant.de\/21-grad\/wp-content\/uploads\/2019\/07\/5_Ruine_MG_3493-768x512.jpg 768w, https:\/\/www.vaillant.de\/21-grad\/wp-content\/uploads\/2019\/07\/5_Ruine_MG_3493-720x480.jpg 720w, https:\/\/www.vaillant.de\/21-grad\/wp-content\/uploads\/2019\/07\/5_Ruine_MG_3493.jpg 1500w\" sizes=\"auto, (max-width: 348px) 100vw, 348px\" \/><\/a>Die W\u00e4rmeverteilung in den R\u00e4umen erfolgt \u00fcber eine Fu\u00dfbodenheizung. Da man mit modernen W\u00e4rmepumpen nicht nur heizen, sondern auch k\u00fchlen kann, wurden entsprechende Gebl\u00e4sekonvektoren in die Decke eingebaut. Lediglich die L\u00fcftungsgitter sind sichtbar. \u201eSomit mussten wir f\u00fcr die K\u00fchlung der R\u00e4ume an sommerlich hei\u00dfen Tagen nicht zus\u00e4tzlich eine kostenintensivere Klimaanlage installieren lassen.\u201c<\/p>\n<p>Kreativit\u00e4t bewiesen die Bauherren bei der Platzierung des Gas-Brennwertger\u00e4ts. Es wurde drau\u00dfen unter der Terrassentreppe installiert, anschlie\u00dfend ummauert und mit einer T\u00fcr versehen, um es vor Witterungseinfl\u00fcssen zu sch\u00fctzen. \u201eDadurch haben wir mehr Wohnraum.\u201c Im M\u00e4rz 2019, nach eineinhalb Jahren Bauzeit, war es dann so weit. Die junge Familie konnte endlich in ihre denkmalgesch\u00fctzte restaurierte Ruine einziehen. Inklusive Garten zum Tomatenanpflanzen und g\u00e4rtnerischen Austoben \u2013 und der Hoffnung, irgendwann das autarke Wohnen \u00fcber Solarstrom ohne Hinderung durch den Denkmalschutz weiter ausbauen zu d\u00fcrfen. Denn (auch) daf\u00fcr sind die Bedingungen im sonnigen S\u00fcditalien optimal.<\/p>\n<p><strong>Dies ist ein Artikel aus dem Vaillant Group <a href=\"https:\/\/www.vaillant-group.com\/newsroom\/publikationen\/tc-magazin\/2019-1\/firstspirit-1558041646055vaillant-group-taking-care-magazin-2018-19-de-1490738.pdf\" target=\"_blank\" rel=\"noopener noreferrer\">Taking Care Magazin<\/a>. Mehr Informationen und weitere Artikel finden Sie hier: <a href=\"https:\/\/www.vaillant-group.com\/\" target=\"_blank\" rel=\"noopener noreferrer\">www.vaillant-group.com<\/a><\/strong><\/p>\n","protected":false},"excerpt":{"rendered":"<p>Im Herzen der s\u00fcditalienischen Hafenstadt Neapel liegt eine gr\u00fcne Oase. Doch warum kommt jemand auf die Idee, hier eine Ruine aus dem 15. Jahrhundert zu renovieren? Wegen der Familie!<\/p>\n","protected":false},"author":6,"featured_media":4499,"comment_status":"open","ping_status":"open","sticky":false,"template":"","format":"standard","meta":{"footnotes":""},"categories":[4],"tags":[172,166],"coauthors":[70],"class_list":["post-4496","post","type-post","status-publish","format-standard","has-post-thumbnail","hentry","category-technik-und-trends","tag-bauen-und-wohnen","tag-heiztechnik"],"yoast_head":"<!-- This site is optimized with the Yoast SEO plugin v27.4 - https:\/\/yoast.com\/product\/yoast-seo-wordpress\/ -->\n<title>\u201eLa famiglia\u201c \u2013 eine Ruine wird zu einem neuen zu Hause | 21grad<\/title>\n<meta name=\"description\" content=\"Im Herzen der italienischen Hafenstadt Neapel liegt eine gr\u00fcne Oase. Doch warum kommt jemand auf die Idee, hier eine Ruine aus dem 15. Jh. zu renovieren?\" \/>\n<meta name=\"robots\" content=\"index, follow, max-snippet:-1, max-image-preview:large, max-video-preview:-1\" \/>\n<link rel=\"canonical\" href=\"https:\/\/www.vaillant.de\/21-grad\/technik-und-trends\/la-famiglia-eine-ruine-wird-zu-einem-neuen-zu-hause\/\" \/>\n<meta property=\"og:locale\" content=\"de_DE\" \/>\n<meta property=\"og:type\" content=\"article\" \/>\n<meta property=\"og:title\" content=\"\u201eLa famiglia\u201c \u2013 eine Ruine wird zu einem neuen zu Hause | 21grad\" \/>\n<meta property=\"og:description\" content=\"Im Herzen der italienischen Hafenstadt Neapel liegt eine gr\u00fcne Oase. Doch warum kommt jemand auf die Idee, hier eine Ruine aus dem 15. Jh. zu renovieren?\" \/>\n<meta property=\"og:url\" content=\"https:\/\/www.vaillant.de\/21-grad\/technik-und-trends\/la-famiglia-eine-ruine-wird-zu-einem-neuen-zu-hause\/\" \/>\n<meta property=\"og:site_name\" content=\"21 grad\" \/>\n<meta property=\"article:publisher\" content=\"https:\/\/www.facebook.com\/21grad\/\" \/>\n<meta property=\"article:published_time\" content=\"2019-07-26T11:28:23+00:00\" \/>\n<meta property=\"article:modified_time\" content=\"2021-10-20T13:57:45+00:00\" \/>\n<meta property=\"og:image\" content=\"https:\/\/www.vaillant.de\/21-grad\/wp-content\/uploads\/2019\/07\/header_neapel.jpg\" \/>\n\t<meta property=\"og:image:width\" content=\"940\" \/>\n\t<meta property=\"og:image:height\" content=\"481\" \/>\n\t<meta property=\"og:image:type\" content=\"image\/jpeg\" \/>\n<meta name=\"author\" content=\"Marcus\" \/>\n<meta name=\"twitter:card\" content=\"summary_large_image\" \/>\n<meta name=\"twitter:creator\" content=\"@vaillant_de\" \/>\n<meta name=\"twitter:site\" content=\"@vaillant_de\" \/>\n<meta name=\"twitter:label1\" content=\"Verfasst von\" \/>\n\t<meta name=\"twitter:data1\" content=\"Marcus\" \/>\n\t<meta name=\"twitter:label2\" content=\"Gesch\u00e4tzte Lesezeit\" \/>\n\t<meta name=\"twitter:data2\" content=\"5\u00a0Minuten\" \/>\n\t<meta name=\"twitter:label3\" content=\"Written by\" \/>\n\t<meta name=\"twitter:data3\" content=\"Marcus\" \/>\n<script type=\"application\/ld+json\" class=\"yoast-schema-graph\">{\"@context\":\"https:\\\/\\\/schema.org\",\"@graph\":[{\"@type\":\"Article\",\"@id\":\"https:\\\/\\\/www.vaillant.de\\\/21-grad\\\/technik-und-trends\\\/la-famiglia-eine-ruine-wird-zu-einem-neuen-zu-hause\\\/#article\",\"isPartOf\":{\"@id\":\"https:\\\/\\\/www.vaillant.de\\\/21-grad\\\/technik-und-trends\\\/la-famiglia-eine-ruine-wird-zu-einem-neuen-zu-hause\\\/\"},\"author\":{\"name\":\"Marcus\",\"@id\":\"https:\\\/\\\/www.vaillant.de\\\/21-grad\\\/#\\\/schema\\\/person\\\/d79d2ba98cd3da7ae5877706050352da\"},\"headline\":\"\u201eLa famiglia\u201c \u2013 eine Ruine wird zu einem neuen zu Hause\",\"datePublished\":\"2019-07-26T11:28:23+00:00\",\"dateModified\":\"2021-10-20T13:57:45+00:00\",\"mainEntityOfPage\":{\"@id\":\"https:\\\/\\\/www.vaillant.de\\\/21-grad\\\/technik-und-trends\\\/la-famiglia-eine-ruine-wird-zu-einem-neuen-zu-hause\\\/\"},\"wordCount\":820,\"commentCount\":0,\"image\":{\"@id\":\"https:\\\/\\\/www.vaillant.de\\\/21-grad\\\/technik-und-trends\\\/la-famiglia-eine-ruine-wird-zu-einem-neuen-zu-hause\\\/#primaryimage\"},\"thumbnailUrl\":\"https:\\\/\\\/www.vaillant.de\\\/21-grad\\\/wp-content\\\/uploads\\\/2019\\\/07\\\/header_neapel.jpg\",\"keywords\":[\"Bauen und Wohnen\",\"Heiztechnik\"],\"articleSection\":[\"Technik &amp; Trends\"],\"inLanguage\":\"de\",\"potentialAction\":[{\"@type\":\"CommentAction\",\"name\":\"Comment\",\"target\":[\"https:\\\/\\\/www.vaillant.de\\\/21-grad\\\/technik-und-trends\\\/la-famiglia-eine-ruine-wird-zu-einem-neuen-zu-hause\\\/#respond\"]}]},{\"@type\":\"WebPage\",\"@id\":\"https:\\\/\\\/www.vaillant.de\\\/21-grad\\\/technik-und-trends\\\/la-famiglia-eine-ruine-wird-zu-einem-neuen-zu-hause\\\/\",\"url\":\"https:\\\/\\\/www.vaillant.de\\\/21-grad\\\/technik-und-trends\\\/la-famiglia-eine-ruine-wird-zu-einem-neuen-zu-hause\\\/\",\"name\":\"\u201eLa famiglia\u201c \u2013 eine Ruine wird zu einem neuen zu Hause | 21grad\",\"isPartOf\":{\"@id\":\"https:\\\/\\\/www.vaillant.de\\\/21-grad\\\/#website\"},\"primaryImageOfPage\":{\"@id\":\"https:\\\/\\\/www.vaillant.de\\\/21-grad\\\/technik-und-trends\\\/la-famiglia-eine-ruine-wird-zu-einem-neuen-zu-hause\\\/#primaryimage\"},\"image\":{\"@id\":\"https:\\\/\\\/www.vaillant.de\\\/21-grad\\\/technik-und-trends\\\/la-famiglia-eine-ruine-wird-zu-einem-neuen-zu-hause\\\/#primaryimage\"},\"thumbnailUrl\":\"https:\\\/\\\/www.vaillant.de\\\/21-grad\\\/wp-content\\\/uploads\\\/2019\\\/07\\\/header_neapel.jpg\",\"datePublished\":\"2019-07-26T11:28:23+00:00\",\"dateModified\":\"2021-10-20T13:57:45+00:00\",\"author\":{\"@id\":\"https:\\\/\\\/www.vaillant.de\\\/21-grad\\\/#\\\/schema\\\/person\\\/d79d2ba98cd3da7ae5877706050352da\"},\"description\":\"Im Herzen der italienischen Hafenstadt Neapel liegt eine gr\u00fcne Oase. Doch warum kommt jemand auf die Idee, hier eine Ruine aus dem 15. Jh. zu renovieren?\",\"breadcrumb\":{\"@id\":\"https:\\\/\\\/www.vaillant.de\\\/21-grad\\\/technik-und-trends\\\/la-famiglia-eine-ruine-wird-zu-einem-neuen-zu-hause\\\/#breadcrumb\"},\"inLanguage\":\"de\",\"potentialAction\":[{\"@type\":\"ReadAction\",\"target\":[\"https:\\\/\\\/www.vaillant.de\\\/21-grad\\\/technik-und-trends\\\/la-famiglia-eine-ruine-wird-zu-einem-neuen-zu-hause\\\/\"]}]},{\"@type\":\"ImageObject\",\"inLanguage\":\"de\",\"@id\":\"https:\\\/\\\/www.vaillant.de\\\/21-grad\\\/technik-und-trends\\\/la-famiglia-eine-ruine-wird-zu-einem-neuen-zu-hause\\\/#primaryimage\",\"url\":\"https:\\\/\\\/www.vaillant.de\\\/21-grad\\\/wp-content\\\/uploads\\\/2019\\\/07\\\/header_neapel.jpg\",\"contentUrl\":\"https:\\\/\\\/www.vaillant.de\\\/21-grad\\\/wp-content\\\/uploads\\\/2019\\\/07\\\/header_neapel.jpg\",\"width\":940,\"height\":481,\"caption\":\"\u201eLa famiglia\u201c \u2013 eine Ruine wird zu einem neuen zu Hause\"},{\"@type\":\"BreadcrumbList\",\"@id\":\"https:\\\/\\\/www.vaillant.de\\\/21-grad\\\/technik-und-trends\\\/la-famiglia-eine-ruine-wird-zu-einem-neuen-zu-hause\\\/#breadcrumb\",\"itemListElement\":[{\"@type\":\"ListItem\",\"position\":1,\"name\":\"Startseite\",\"item\":\"https:\\\/\\\/www.vaillant.de\\\/21-grad\\\/\"},{\"@type\":\"ListItem\",\"position\":2,\"name\":\"\u201eLa famiglia\u201c \u2013 eine Ruine wird zu einem neuen zu Hause\"}]},{\"@type\":\"WebSite\",\"@id\":\"https:\\\/\\\/www.vaillant.de\\\/21-grad\\\/#website\",\"url\":\"https:\\\/\\\/www.vaillant.de\\\/21-grad\\\/\",\"name\":\"21 grad\",\"description\":\"Der Blog f\u00fcr Menschen, die weiterdenken\",\"potentialAction\":[{\"@type\":\"SearchAction\",\"target\":{\"@type\":\"EntryPoint\",\"urlTemplate\":\"https:\\\/\\\/www.vaillant.de\\\/21-grad\\\/?s={search_term_string}\"},\"query-input\":{\"@type\":\"PropertyValueSpecification\",\"valueRequired\":true,\"valueName\":\"search_term_string\"}}],\"inLanguage\":\"de\"},{\"@type\":\"Person\",\"@id\":\"https:\\\/\\\/www.vaillant.de\\\/21-grad\\\/#\\\/schema\\\/person\\\/d79d2ba98cd3da7ae5877706050352da\",\"name\":\"Marcus\",\"image\":{\"@type\":\"ImageObject\",\"inLanguage\":\"de\",\"@id\":\"https:\\\/\\\/www.vaillant.de\\\/21-grad\\\/wp-content\\\/uploads\\\/2026\\\/01\\\/Marcus-125x125.jpg9d3430f1bc55d5a5d47a1162a14ae1af\",\"url\":\"https:\\\/\\\/www.vaillant.de\\\/21-grad\\\/wp-content\\\/uploads\\\/2026\\\/01\\\/Marcus-125x125.jpg\",\"contentUrl\":\"https:\\\/\\\/www.vaillant.de\\\/21-grad\\\/wp-content\\\/uploads\\\/2026\\\/01\\\/Marcus-125x125.jpg\",\"caption\":\"Marcus\"},\"description\":\"Willkommen in der wunderbaren Welt des 21grad Blogs. Als Medien- und Kooperationsmanager bin ich bei Vaillant Deutschland u.a. f\u00fcr unsere Fach- und Branchenkommunikation zust\u00e4ndig. Ich freue mich auf den Dialog mit Euch. :-) Nachhaltigkeit Bewusster Konsum und soziales Engagement liegen mir sehr am Herzen. Zuhause nutze ich \u00d6kostrom und Biogas, bei Lebensmitteln sind mir Labels wie Fair-Trade oder Bio sehr wichtig. Ich bin Sportwart beim Tennisclub Gr\u00fcn-Wei\u00df Lennep und engagiere mich auch f\u00fcr Aktion Mensch oder SOS-Kinderdorf. Interessen Unternehmungen mit Familie und Freunden, Tennis, Rock-Konzerte, Kino, B\u00fccher (z.B. Hornby, Eschbach, Uschmann) Was wolltest du als Kind gerne werden? Um es mit den \u00c4rzten zu sagen: Popstar, Bademeister oder Astronaut Was bringt dich auf die Palme? Menschen, die Schuld immer bei anderen suchen oder auch nat\u00fcrlich eine leckere Kokosnuss Was war der beste Rat, den du jemals erhalten hast? \u201eDenke in L\u00f6sungen, nicht in Problemen.\u201c\",\"url\":\"https:\\\/\\\/www.vaillant.de\\\/21-grad\\\/autor\\\/marcus\\\/\"}]}<\/script>\n<!-- \/ Yoast SEO plugin. -->","yoast_head_json":{"title":"\u201eLa famiglia\u201c \u2013 eine Ruine wird zu einem neuen zu Hause | 21grad","description":"Im Herzen der italienischen Hafenstadt Neapel liegt eine gr\u00fcne Oase. Doch warum kommt jemand auf die Idee, hier eine Ruine aus dem 15. Jh. zu renovieren?","robots":{"index":"index","follow":"follow","max-snippet":"max-snippet:-1","max-image-preview":"max-image-preview:large","max-video-preview":"max-video-preview:-1"},"canonical":"https:\/\/www.vaillant.de\/21-grad\/technik-und-trends\/la-famiglia-eine-ruine-wird-zu-einem-neuen-zu-hause\/","og_locale":"de_DE","og_type":"article","og_title":"\u201eLa famiglia\u201c \u2013 eine Ruine wird zu einem neuen zu Hause | 21grad","og_description":"Im Herzen der italienischen Hafenstadt Neapel liegt eine gr\u00fcne Oase. Doch warum kommt jemand auf die Idee, hier eine Ruine aus dem 15. Jh. zu renovieren?","og_url":"https:\/\/www.vaillant.de\/21-grad\/technik-und-trends\/la-famiglia-eine-ruine-wird-zu-einem-neuen-zu-hause\/","og_site_name":"21 grad","article_publisher":"https:\/\/www.facebook.com\/21grad\/","article_published_time":"2019-07-26T11:28:23+00:00","article_modified_time":"2021-10-20T13:57:45+00:00","og_image":[{"width":940,"height":481,"url":"https:\/\/www.vaillant.de\/21-grad\/wp-content\/uploads\/2019\/07\/header_neapel.jpg","type":"image\/jpeg"}],"author":"Marcus","twitter_card":"summary_large_image","twitter_creator":"@vaillant_de","twitter_site":"@vaillant_de","twitter_misc":{"Verfasst von":"Marcus","Gesch\u00e4tzte Lesezeit":"5\u00a0Minuten","Written by":"Marcus"},"schema":{"@context":"https:\/\/schema.org","@graph":[{"@type":"Article","@id":"https:\/\/www.vaillant.de\/21-grad\/technik-und-trends\/la-famiglia-eine-ruine-wird-zu-einem-neuen-zu-hause\/#article","isPartOf":{"@id":"https:\/\/www.vaillant.de\/21-grad\/technik-und-trends\/la-famiglia-eine-ruine-wird-zu-einem-neuen-zu-hause\/"},"author":{"name":"Marcus","@id":"https:\/\/www.vaillant.de\/21-grad\/#\/schema\/person\/d79d2ba98cd3da7ae5877706050352da"},"headline":"\u201eLa famiglia\u201c \u2013 eine Ruine wird zu einem neuen zu Hause","datePublished":"2019-07-26T11:28:23+00:00","dateModified":"2021-10-20T13:57:45+00:00","mainEntityOfPage":{"@id":"https:\/\/www.vaillant.de\/21-grad\/technik-und-trends\/la-famiglia-eine-ruine-wird-zu-einem-neuen-zu-hause\/"},"wordCount":820,"commentCount":0,"image":{"@id":"https:\/\/www.vaillant.de\/21-grad\/technik-und-trends\/la-famiglia-eine-ruine-wird-zu-einem-neuen-zu-hause\/#primaryimage"},"thumbnailUrl":"https:\/\/www.vaillant.de\/21-grad\/wp-content\/uploads\/2019\/07\/header_neapel.jpg","keywords":["Bauen und Wohnen","Heiztechnik"],"articleSection":["Technik &amp; Trends"],"inLanguage":"de","potentialAction":[{"@type":"CommentAction","name":"Comment","target":["https:\/\/www.vaillant.de\/21-grad\/technik-und-trends\/la-famiglia-eine-ruine-wird-zu-einem-neuen-zu-hause\/#respond"]}]},{"@type":"WebPage","@id":"https:\/\/www.vaillant.de\/21-grad\/technik-und-trends\/la-famiglia-eine-ruine-wird-zu-einem-neuen-zu-hause\/","url":"https:\/\/www.vaillant.de\/21-grad\/technik-und-trends\/la-famiglia-eine-ruine-wird-zu-einem-neuen-zu-hause\/","name":"\u201eLa famiglia\u201c \u2013 eine Ruine wird zu einem neuen zu Hause | 21grad","isPartOf":{"@id":"https:\/\/www.vaillant.de\/21-grad\/#website"},"primaryImageOfPage":{"@id":"https:\/\/www.vaillant.de\/21-grad\/technik-und-trends\/la-famiglia-eine-ruine-wird-zu-einem-neuen-zu-hause\/#primaryimage"},"image":{"@id":"https:\/\/www.vaillant.de\/21-grad\/technik-und-trends\/la-famiglia-eine-ruine-wird-zu-einem-neuen-zu-hause\/#primaryimage"},"thumbnailUrl":"https:\/\/www.vaillant.de\/21-grad\/wp-content\/uploads\/2019\/07\/header_neapel.jpg","datePublished":"2019-07-26T11:28:23+00:00","dateModified":"2021-10-20T13:57:45+00:00","author":{"@id":"https:\/\/www.vaillant.de\/21-grad\/#\/schema\/person\/d79d2ba98cd3da7ae5877706050352da"},"description":"Im Herzen der italienischen Hafenstadt Neapel liegt eine gr\u00fcne Oase. Doch warum kommt jemand auf die Idee, hier eine Ruine aus dem 15. Jh. zu renovieren?","breadcrumb":{"@id":"https:\/\/www.vaillant.de\/21-grad\/technik-und-trends\/la-famiglia-eine-ruine-wird-zu-einem-neuen-zu-hause\/#breadcrumb"},"inLanguage":"de","potentialAction":[{"@type":"ReadAction","target":["https:\/\/www.vaillant.de\/21-grad\/technik-und-trends\/la-famiglia-eine-ruine-wird-zu-einem-neuen-zu-hause\/"]}]},{"@type":"ImageObject","inLanguage":"de","@id":"https:\/\/www.vaillant.de\/21-grad\/technik-und-trends\/la-famiglia-eine-ruine-wird-zu-einem-neuen-zu-hause\/#primaryimage","url":"https:\/\/www.vaillant.de\/21-grad\/wp-content\/uploads\/2019\/07\/header_neapel.jpg","contentUrl":"https:\/\/www.vaillant.de\/21-grad\/wp-content\/uploads\/2019\/07\/header_neapel.jpg","width":940,"height":481,"caption":"\u201eLa famiglia\u201c \u2013 eine Ruine wird zu einem neuen zu Hause"},{"@type":"BreadcrumbList","@id":"https:\/\/www.vaillant.de\/21-grad\/technik-und-trends\/la-famiglia-eine-ruine-wird-zu-einem-neuen-zu-hause\/#breadcrumb","itemListElement":[{"@type":"ListItem","position":1,"name":"Startseite","item":"https:\/\/www.vaillant.de\/21-grad\/"},{"@type":"ListItem","position":2,"name":"\u201eLa famiglia\u201c \u2013 eine Ruine wird zu einem neuen zu Hause"}]},{"@type":"WebSite","@id":"https:\/\/www.vaillant.de\/21-grad\/#website","url":"https:\/\/www.vaillant.de\/21-grad\/","name":"21 grad","description":"Der Blog f\u00fcr Menschen, die weiterdenken","potentialAction":[{"@type":"SearchAction","target":{"@type":"EntryPoint","urlTemplate":"https:\/\/www.vaillant.de\/21-grad\/?s={search_term_string}"},"query-input":{"@type":"PropertyValueSpecification","valueRequired":true,"valueName":"search_term_string"}}],"inLanguage":"de"},{"@type":"Person","@id":"https:\/\/www.vaillant.de\/21-grad\/#\/schema\/person\/d79d2ba98cd3da7ae5877706050352da","name":"Marcus","image":{"@type":"ImageObject","inLanguage":"de","@id":"https:\/\/www.vaillant.de\/21-grad\/wp-content\/uploads\/2026\/01\/Marcus-125x125.jpg9d3430f1bc55d5a5d47a1162a14ae1af","url":"https:\/\/www.vaillant.de\/21-grad\/wp-content\/uploads\/2026\/01\/Marcus-125x125.jpg","contentUrl":"https:\/\/www.vaillant.de\/21-grad\/wp-content\/uploads\/2026\/01\/Marcus-125x125.jpg","caption":"Marcus"},"description":"Willkommen in der wunderbaren Welt des 21grad Blogs. Als Medien- und Kooperationsmanager bin ich bei Vaillant Deutschland u.a. f\u00fcr unsere Fach- und Branchenkommunikation zust\u00e4ndig. Ich freue mich auf den Dialog mit Euch. :-) Nachhaltigkeit Bewusster Konsum und soziales Engagement liegen mir sehr am Herzen. Zuhause nutze ich \u00d6kostrom und Biogas, bei Lebensmitteln sind mir Labels wie Fair-Trade oder Bio sehr wichtig. Ich bin Sportwart beim Tennisclub Gr\u00fcn-Wei\u00df Lennep und engagiere mich auch f\u00fcr Aktion Mensch oder SOS-Kinderdorf. Interessen Unternehmungen mit Familie und Freunden, Tennis, Rock-Konzerte, Kino, B\u00fccher (z.B. Hornby, Eschbach, Uschmann) Was wolltest du als Kind gerne werden? Um es mit den \u00c4rzten zu sagen: Popstar, Bademeister oder Astronaut Was bringt dich auf die Palme? Menschen, die Schuld immer bei anderen suchen oder auch nat\u00fcrlich eine leckere Kokosnuss Was war der beste Rat, den du jemals erhalten hast? \u201eDenke in L\u00f6sungen, nicht in Problemen.\u201c","url":"https:\/\/www.vaillant.de\/21-grad\/autor\/marcus\/"}]}},"_links":{"self":[{"href":"https:\/\/www.vaillant.de\/21-grad\/wp-json\/wp\/v2\/posts\/4496","targetHints":{"allow":["GET"]}}],"collection":[{"href":"https:\/\/www.vaillant.de\/21-grad\/wp-json\/wp\/v2\/posts"}],"about":[{"href":"https:\/\/www.vaillant.de\/21-grad\/wp-json\/wp\/v2\/types\/post"}],"author":[{"embeddable":true,"href":"https:\/\/www.vaillant.de\/21-grad\/wp-json\/wp\/v2\/users\/6"}],"replies":[{"embeddable":true,"href":"https:\/\/www.vaillant.de\/21-grad\/wp-json\/wp\/v2\/comments?post=4496"}],"version-history":[{"count":4,"href":"https:\/\/www.vaillant.de\/21-grad\/wp-json\/wp\/v2\/posts\/4496\/revisions"}],"predecessor-version":[{"id":6733,"href":"https:\/\/www.vaillant.de\/21-grad\/wp-json\/wp\/v2\/posts\/4496\/revisions\/6733"}],"wp:featuredmedia":[{"embeddable":true,"href":"https:\/\/www.vaillant.de\/21-grad\/wp-json\/wp\/v2\/media\/4499"}],"wp:attachment":[{"href":"https:\/\/www.vaillant.de\/21-grad\/wp-json\/wp\/v2\/media?parent=4496"}],"wp:term":[{"taxonomy":"category","embeddable":true,"href":"https:\/\/www.vaillant.de\/21-grad\/wp-json\/wp\/v2\/categories?post=4496"},{"taxonomy":"post_tag","embeddable":true,"href":"https:\/\/www.vaillant.de\/21-grad\/wp-json\/wp\/v2\/tags?post=4496"},{"taxonomy":"author","embeddable":true,"href":"https:\/\/www.vaillant.de\/21-grad\/wp-json\/wp\/v2\/coauthors?post=4496"}],"curies":[{"name":"wp","href":"https:\/\/api.w.org\/{rel}","templated":true}]}}