{"id":4524,"date":"2019-08-05T15:30:10","date_gmt":"2019-08-05T13:30:10","guid":{"rendered":"https:\/\/www.vaillant.de\/21-grad\/?p=4524"},"modified":"2021-10-22T15:51:50","modified_gmt":"2021-10-22T13:51:50","slug":"einfach-drucken-3d-druck-und-nachhaltige-produktion","status":"publish","type":"post","link":"https:\/\/www.vaillant.de\/21-grad\/technik-und-trends\/einfach-drucken-3d-druck-und-nachhaltige-produktion\/","title":{"rendered":"Einfach Drucken: 3D-Druck und nachhaltige Produktion"},"content":{"rendered":"<h2>Funktionsweise und Anwendung<\/h2>\n<p>Der Begriff 3D-Druck bezeichnet eine Vielzahl von Druckverfahren, die sich anhand ihrer technischen Prozesse und der eingesetzten Materialien jedoch stark unterscheiden. Allen gemeinsam ist, dass mit der Hilfe von Computern entworfene dreidimensionale, virtuelle Modelle direkt hergestellt werden k\u00f6nnen. Der Anwendungsbereich der Technologie ist breit gef\u00e4chert und erstreckt sich \u00fcber viele verschiedene Branchen. Am weitesten verbreitet sind 3D-Druckverfahren zurzeit in der Konsumg\u00fcterindustrie (26%), der Medizinischen Industrie (15%) und der Luft- und Raumfahrindustrie (11%). Nach der erfolgreichen Erzeugung eines Mini-Herzens aus menschlichem Gewebe in Israel erhielt die Technologie auch medial gro\u00dfe Aufmerksamkeit.<\/p>\n<h2>Umweltfreundlich produzieren<\/h2>\n<p>Immer mehr Experten sind der Meinung, dass 3D-Druckverfahren ma\u00dfgeblich zu einer nachhaltigen und umweltfreundlichen Wirtschaft beitragen k\u00f6nnen. So soll der innovative Herstellungsprozess kaum Abfall generieren, da der Drucker nur tats\u00e4chlich ben\u00f6tigtes Rohmaterial verarbeite. Besonders f\u00fcr Leichtbaustrukturen, wie zum Beispiel Flugzeugersatzteile, werde durch optimierte Strukturen bei gleicher oder h\u00f6herer Qualit\u00e4t weniger Material ben\u00f6tigt. Das geringere Gewicht senkt daraufhin den Energiebedarf in der Nutzungsphase, beispielsweise durch Reduzierung des Treibstoffverbrauchs. Auch w\u00e4hrend der Produktion soll mit 3D-Druckverfahren Energie gespart werden: Schlie\u00dflich werden weder zus\u00e4tzliche Maschinen ben\u00f6tigt, noch m\u00fcssen Zwischenprodukte in langen globalen Herstellungsketten hin und her transportiert oder teuer zwischengelagert werden. Die genannten Vorteile f\u00fchren auf vielen Seiten zur Euphorie \u2013 aber ist das zu vorschnell? Studien vom Bundesumweltamt und dem Institut f\u00fcr \u00d6kologische Wirtschaftsforschung (I\u00d6W) mahnen zur Vorsicht: Denn 3D-Druck bedeutet nicht zwingend weniger Umweltbelastung.<\/p>\n<h2>Bedenken und Unklarheiten<\/h2>\n<p>\u201eZu kurz gedacht\u201c, meinen einige Forscher zu den gro\u00dfen Hoffnungen f\u00fcr die Umwelt, die andere mit dem 3D-Druck verbinden. In Bezug auf den Energieaufwand pro Produktionseinheit w\u00fcrde das neue Produktionsverfahren beispielsweise noch schlechter abschneiden als herk\u00f6mmliche Methoden, stellt eine Studie des I\u00d6W fest. Grund zur Sorge bietet auch die M\u00f6glichkeit von falsch eingestellten Maschinen: Unter Umst\u00e4nden k\u00f6nnen Fehlprogrammierungen zu ganzen Ladungen von unbrauchbaren Produkten f\u00fchren, die anschlie\u00dfend entsorgt werden m\u00fcssen. Gerade weil die Herstellung mit 3D-Druckern verh\u00e4ltnism\u00e4\u00dfig einfach ist, muss verst\u00e4rkt darauf geachtet werden, dass \u2013 vor allem durch die zunehmende Nutzung von Privatpersonen und kleineren Unternehmen \u2013 keine Mehrproduktion entsteht. Unsicherheit besteht zudem \u00fcber die Recyclebarkeit der verwendeten Materialien. Fest steht: 3D-Drucktechnologien k\u00f6nnen potenziell zu einer Entlastung der Umwelt f\u00fchren. Daf\u00fcr m\u00fcssen mittel- und langfristige Chancen wie Risiken genauer erforscht und umweltpolitisch auf ihre Nutzung bzw. Vermeidung hingearbeitet werden.<\/p>\n<h2>Blick in die Zukunft<\/h2>\n<p>3D-Drucktechnologien sind aktuell auf dem Vormarsch. So kommen Werkzeuge und Ersatzteile bereits in jedem dritten Industrieunternehmen in Deutschland aus dem 3D-Drucker. Dar\u00fcber hinaus erschlie\u00dfen viele Unternehmen neue Nutzungsfelder: Zum Beispiel das Schweizer Institut f\u00fcr Werkstofftechnik und Kunststoffverarbeitung (IWK). Das IWK nutzt die harte Schale abgelegter Skischuhe als \u201eTinte\u201c des 3D-Druckers. Nachdem das Material zun\u00e4chst geschreddert und geschmelzt wurde, wird es dann weiter zu Kunststoffgranulat verarbeitet. Aus dem Granulat werden im Druck dann zu 100% recycelte Skischuhe hergestellt. Sogar auf der Internationalen Raumstation befindet sich inzwischen ein 3D-Drucker. Aktuell nutzt ihn die NASA zum Recycling von Plastik, doch in Zukunft k\u00f6nnte er Vorr\u00e4te produzieren, um Menschen beispielsweise auf einer Reise zum Mars zu versorgen.<\/p>\n","protected":false},"excerpt":{"rendered":"<p>3D-Druck gilt als eine der relevantesten Innovationen in der industriellen Produktion. Experten haben gro\u00dfe Hoffnungen an die neue Technologie: Sie soll v\u00f6llig neue Designfreiheiten schaffen, Produktion noch schneller, einfacher, und individueller werden lassen und au\u00dferdem die Umwelt entlasten. Aber was genau ist eigentlich 3D-Druck, und wie nachhaltig ist das Verfahren wirklich?<\/p>\n","protected":false},"author":19,"featured_media":4525,"comment_status":"open","ping_status":"open","sticky":false,"template":"","format":"standard","meta":{"footnotes":""},"categories":[4],"tags":[23,165],"coauthors":[243],"class_list":["post-4524","post","type-post","status-publish","format-standard","has-post-thumbnail","hentry","category-technik-und-trends","tag-nachhaltigkeit","tag-zukunftstrends"],"yoast_head":"<!-- This site is optimized with the Yoast SEO plugin v27.4 - https:\/\/yoast.com\/product\/yoast-seo-wordpress\/ -->\n<title>Einfach Drucken: 3D-Druck und nachhaltige Produktion | 21 grad<\/title>\n<meta name=\"description\" content=\"Wie funktionieren 3D-Drucker? Was sind die Potentiale &amp; Risiken der Technologie f\u00fcr nachhaltige Produktion? Erfahrt es hier im Vaillant Blog 21 grad!\" \/>\n<meta name=\"robots\" content=\"index, follow, max-snippet:-1, max-image-preview:large, max-video-preview:-1\" \/>\n<link rel=\"canonical\" href=\"https:\/\/www.vaillant.de\/21-grad\/technik-und-trends\/einfach-drucken-3d-druck-und-nachhaltige-produktion\/\" \/>\n<meta property=\"og:locale\" content=\"de_DE\" \/>\n<meta property=\"og:type\" content=\"article\" \/>\n<meta property=\"og:title\" content=\"Einfach Drucken: 3D-Druck und nachhaltige Produktion | 21 grad\" \/>\n<meta property=\"og:description\" content=\"Wie funktionieren 3D-Drucker? Was sind die Potentiale &amp; Risiken der Technologie f\u00fcr nachhaltige Produktion? Erfahrt es hier im Vaillant Blog 21 grad!\" \/>\n<meta property=\"og:url\" content=\"https:\/\/www.vaillant.de\/21-grad\/technik-und-trends\/einfach-drucken-3d-druck-und-nachhaltige-produktion\/\" \/>\n<meta property=\"og:site_name\" content=\"21 grad\" \/>\n<meta property=\"article:publisher\" content=\"https:\/\/www.facebook.com\/21grad\/\" \/>\n<meta property=\"article:published_time\" content=\"2019-08-05T13:30:10+00:00\" \/>\n<meta property=\"article:modified_time\" content=\"2021-10-22T13:51:50+00:00\" \/>\n<meta property=\"og:image\" content=\"https:\/\/www.vaillant.de\/21-grad\/wp-content\/uploads\/2019\/07\/header_3d-druck.jpg\" \/>\n\t<meta property=\"og:image:width\" content=\"940\" \/>\n\t<meta property=\"og:image:height\" content=\"481\" \/>\n\t<meta property=\"og:image:type\" content=\"image\/jpeg\" \/>\n<meta name=\"author\" content=\"Tim\" \/>\n<meta name=\"twitter:card\" content=\"summary_large_image\" \/>\n<meta name=\"twitter:creator\" content=\"@vaillant_de\" \/>\n<meta name=\"twitter:site\" content=\"@vaillant_de\" \/>\n<meta name=\"twitter:label1\" content=\"Verfasst von\" \/>\n\t<meta name=\"twitter:data1\" content=\"Tim\" \/>\n\t<meta name=\"twitter:label2\" content=\"Gesch\u00e4tzte Lesezeit\" \/>\n\t<meta name=\"twitter:data2\" content=\"3\u00a0Minuten\" \/>\n\t<meta name=\"twitter:label3\" content=\"Written by\" \/>\n\t<meta name=\"twitter:data3\" content=\"Tim\" \/>\n<script type=\"application\/ld+json\" class=\"yoast-schema-graph\">{\"@context\":\"https:\\\/\\\/schema.org\",\"@graph\":[{\"@type\":\"Article\",\"@id\":\"https:\\\/\\\/www.vaillant.de\\\/21-grad\\\/technik-und-trends\\\/einfach-drucken-3d-druck-und-nachhaltige-produktion\\\/#article\",\"isPartOf\":{\"@id\":\"https:\\\/\\\/www.vaillant.de\\\/21-grad\\\/technik-und-trends\\\/einfach-drucken-3d-druck-und-nachhaltige-produktion\\\/\"},\"author\":{\"name\":\"Tim\",\"@id\":\"https:\\\/\\\/www.vaillant.de\\\/21-grad\\\/#\\\/schema\\\/person\\\/6c5f5a4071f0c7be145a9df11dac0709\"},\"headline\":\"Einfach Drucken: 3D-Druck und nachhaltige Produktion\",\"datePublished\":\"2019-08-05T13:30:10+00:00\",\"dateModified\":\"2021-10-22T13:51:50+00:00\",\"mainEntityOfPage\":{\"@id\":\"https:\\\/\\\/www.vaillant.de\\\/21-grad\\\/technik-und-trends\\\/einfach-drucken-3d-druck-und-nachhaltige-produktion\\\/\"},\"wordCount\":531,\"commentCount\":0,\"image\":{\"@id\":\"https:\\\/\\\/www.vaillant.de\\\/21-grad\\\/technik-und-trends\\\/einfach-drucken-3d-druck-und-nachhaltige-produktion\\\/#primaryimage\"},\"thumbnailUrl\":\"https:\\\/\\\/www.vaillant.de\\\/21-grad\\\/wp-content\\\/uploads\\\/2019\\\/07\\\/header_3d-druck.jpg\",\"keywords\":[\"Nachhaltigkeit\",\"Zukunftstrends\"],\"articleSection\":[\"Technik &amp; Trends\"],\"inLanguage\":\"de\",\"potentialAction\":[{\"@type\":\"CommentAction\",\"name\":\"Comment\",\"target\":[\"https:\\\/\\\/www.vaillant.de\\\/21-grad\\\/technik-und-trends\\\/einfach-drucken-3d-druck-und-nachhaltige-produktion\\\/#respond\"]}]},{\"@type\":\"WebPage\",\"@id\":\"https:\\\/\\\/www.vaillant.de\\\/21-grad\\\/technik-und-trends\\\/einfach-drucken-3d-druck-und-nachhaltige-produktion\\\/\",\"url\":\"https:\\\/\\\/www.vaillant.de\\\/21-grad\\\/technik-und-trends\\\/einfach-drucken-3d-druck-und-nachhaltige-produktion\\\/\",\"name\":\"Einfach Drucken: 3D-Druck und nachhaltige Produktion | 21 grad\",\"isPartOf\":{\"@id\":\"https:\\\/\\\/www.vaillant.de\\\/21-grad\\\/#website\"},\"primaryImageOfPage\":{\"@id\":\"https:\\\/\\\/www.vaillant.de\\\/21-grad\\\/technik-und-trends\\\/einfach-drucken-3d-druck-und-nachhaltige-produktion\\\/#primaryimage\"},\"image\":{\"@id\":\"https:\\\/\\\/www.vaillant.de\\\/21-grad\\\/technik-und-trends\\\/einfach-drucken-3d-druck-und-nachhaltige-produktion\\\/#primaryimage\"},\"thumbnailUrl\":\"https:\\\/\\\/www.vaillant.de\\\/21-grad\\\/wp-content\\\/uploads\\\/2019\\\/07\\\/header_3d-druck.jpg\",\"datePublished\":\"2019-08-05T13:30:10+00:00\",\"dateModified\":\"2021-10-22T13:51:50+00:00\",\"author\":{\"@id\":\"https:\\\/\\\/www.vaillant.de\\\/21-grad\\\/#\\\/schema\\\/person\\\/6c5f5a4071f0c7be145a9df11dac0709\"},\"description\":\"Wie funktionieren 3D-Drucker? Was sind die Potentiale & Risiken der Technologie f\u00fcr nachhaltige Produktion? Erfahrt es hier im Vaillant Blog 21 grad!\",\"breadcrumb\":{\"@id\":\"https:\\\/\\\/www.vaillant.de\\\/21-grad\\\/technik-und-trends\\\/einfach-drucken-3d-druck-und-nachhaltige-produktion\\\/#breadcrumb\"},\"inLanguage\":\"de\",\"potentialAction\":[{\"@type\":\"ReadAction\",\"target\":[\"https:\\\/\\\/www.vaillant.de\\\/21-grad\\\/technik-und-trends\\\/einfach-drucken-3d-druck-und-nachhaltige-produktion\\\/\"]}]},{\"@type\":\"ImageObject\",\"inLanguage\":\"de\",\"@id\":\"https:\\\/\\\/www.vaillant.de\\\/21-grad\\\/technik-und-trends\\\/einfach-drucken-3d-druck-und-nachhaltige-produktion\\\/#primaryimage\",\"url\":\"https:\\\/\\\/www.vaillant.de\\\/21-grad\\\/wp-content\\\/uploads\\\/2019\\\/07\\\/header_3d-druck.jpg\",\"contentUrl\":\"https:\\\/\\\/www.vaillant.de\\\/21-grad\\\/wp-content\\\/uploads\\\/2019\\\/07\\\/header_3d-druck.jpg\",\"width\":940,\"height\":481,\"caption\":\"3D-Druck\"},{\"@type\":\"BreadcrumbList\",\"@id\":\"https:\\\/\\\/www.vaillant.de\\\/21-grad\\\/technik-und-trends\\\/einfach-drucken-3d-druck-und-nachhaltige-produktion\\\/#breadcrumb\",\"itemListElement\":[{\"@type\":\"ListItem\",\"position\":1,\"name\":\"Startseite\",\"item\":\"https:\\\/\\\/www.vaillant.de\\\/21-grad\\\/\"},{\"@type\":\"ListItem\",\"position\":2,\"name\":\"Einfach Drucken: 3D-Druck und nachhaltige Produktion\"}]},{\"@type\":\"WebSite\",\"@id\":\"https:\\\/\\\/www.vaillant.de\\\/21-grad\\\/#website\",\"url\":\"https:\\\/\\\/www.vaillant.de\\\/21-grad\\\/\",\"name\":\"21 grad\",\"description\":\"Der Blog f\u00fcr Menschen, die weiterdenken\",\"potentialAction\":[{\"@type\":\"SearchAction\",\"target\":{\"@type\":\"EntryPoint\",\"urlTemplate\":\"https:\\\/\\\/www.vaillant.de\\\/21-grad\\\/?s={search_term_string}\"},\"query-input\":{\"@type\":\"PropertyValueSpecification\",\"valueRequired\":true,\"valueName\":\"search_term_string\"}}],\"inLanguage\":\"de\"},{\"@type\":\"Person\",\"@id\":\"https:\\\/\\\/www.vaillant.de\\\/21-grad\\\/#\\\/schema\\\/person\\\/6c5f5a4071f0c7be145a9df11dac0709\",\"name\":\"Tim\",\"image\":{\"@type\":\"ImageObject\",\"inLanguage\":\"de\",\"@id\":\"https:\\\/\\\/www.vaillant.de\\\/21-grad\\\/wp-content\\\/uploads\\\/2025\\\/04\\\/20230516_Vaillant-Mitarbeitershooting-Lennep_0005_MKP-1-125x125.jpg9c05c6497faaba75d1eddfe0b2afcc63\",\"url\":\"https:\\\/\\\/www.vaillant.de\\\/21-grad\\\/wp-content\\\/uploads\\\/2025\\\/04\\\/20230516_Vaillant-Mitarbeitershooting-Lennep_0005_MKP-1-125x125.jpg\",\"contentUrl\":\"https:\\\/\\\/www.vaillant.de\\\/21-grad\\\/wp-content\\\/uploads\\\/2025\\\/04\\\/20230516_Vaillant-Mitarbeitershooting-Lennep_0005_MKP-1-125x125.jpg\",\"caption\":\"Tim\"},\"description\":\"Ob Facebook oder Twitter, ob # oder @, ob Like oder Share \u2013 in meinem Arbeitsalltag dreht sich alles um Social Media. Ich sorge daf\u00fcr, dass unsere Zielgruppen sowohl informative als auch unterhaltsame und interaktive Inhalte mit Mehrwert auf unseren Kan\u00e4len finden. Nachhaltigkeit Nachhaltigkeit spielt vor allem in meiner Bewegung eine Rolle, da ich so viele Wege wie m\u00f6glich mit dem Rad zur\u00fccklege, u.a. den Weg zur Arbeit. Meiner Meinung nach wird viel zu oft auf das Auto zur\u00fcckgegriffen, vor allem f\u00fcr unn\u00f6tige Kurzstrecken unter 10 oder sogar weniger Minuten. Interessen Fu\u00dfball, Skifahren, Fitness, Unternehmungen in der Natur, Musik. Was w\u00fcrdest du mit auf eine einsame Insel nehmen? Einen Plattenspieler, ein gutes Buch und einen erfrischenden Drink. Wenn du eine Superkraft h\u00e4ttest, welche w\u00e4re das und warum? Ich w\u00fcrde mit meiner Superkraft gerne den Klimawandel aufhalten, da wir zwar viel reden, aber noch viel zu wenig daf\u00fcr tun.\",\"url\":\"https:\\\/\\\/www.vaillant.de\\\/21-grad\\\/autor\\\/tim\\\/\"}]}<\/script>\n<!-- \/ Yoast SEO plugin. -->","yoast_head_json":{"title":"Einfach Drucken: 3D-Druck und nachhaltige Produktion | 21 grad","description":"Wie funktionieren 3D-Drucker? Was sind die Potentiale & Risiken der Technologie f\u00fcr nachhaltige Produktion? Erfahrt es hier im Vaillant Blog 21 grad!","robots":{"index":"index","follow":"follow","max-snippet":"max-snippet:-1","max-image-preview":"max-image-preview:large","max-video-preview":"max-video-preview:-1"},"canonical":"https:\/\/www.vaillant.de\/21-grad\/technik-und-trends\/einfach-drucken-3d-druck-und-nachhaltige-produktion\/","og_locale":"de_DE","og_type":"article","og_title":"Einfach Drucken: 3D-Druck und nachhaltige Produktion | 21 grad","og_description":"Wie funktionieren 3D-Drucker? Was sind die Potentiale & Risiken der Technologie f\u00fcr nachhaltige Produktion? Erfahrt es hier im Vaillant Blog 21 grad!","og_url":"https:\/\/www.vaillant.de\/21-grad\/technik-und-trends\/einfach-drucken-3d-druck-und-nachhaltige-produktion\/","og_site_name":"21 grad","article_publisher":"https:\/\/www.facebook.com\/21grad\/","article_published_time":"2019-08-05T13:30:10+00:00","article_modified_time":"2021-10-22T13:51:50+00:00","og_image":[{"width":940,"height":481,"url":"https:\/\/www.vaillant.de\/21-grad\/wp-content\/uploads\/2019\/07\/header_3d-druck.jpg","type":"image\/jpeg"}],"author":"Tim","twitter_card":"summary_large_image","twitter_creator":"@vaillant_de","twitter_site":"@vaillant_de","twitter_misc":{"Verfasst von":"Tim","Gesch\u00e4tzte Lesezeit":"3\u00a0Minuten","Written by":"Tim"},"schema":{"@context":"https:\/\/schema.org","@graph":[{"@type":"Article","@id":"https:\/\/www.vaillant.de\/21-grad\/technik-und-trends\/einfach-drucken-3d-druck-und-nachhaltige-produktion\/#article","isPartOf":{"@id":"https:\/\/www.vaillant.de\/21-grad\/technik-und-trends\/einfach-drucken-3d-druck-und-nachhaltige-produktion\/"},"author":{"name":"Tim","@id":"https:\/\/www.vaillant.de\/21-grad\/#\/schema\/person\/6c5f5a4071f0c7be145a9df11dac0709"},"headline":"Einfach Drucken: 3D-Druck und nachhaltige Produktion","datePublished":"2019-08-05T13:30:10+00:00","dateModified":"2021-10-22T13:51:50+00:00","mainEntityOfPage":{"@id":"https:\/\/www.vaillant.de\/21-grad\/technik-und-trends\/einfach-drucken-3d-druck-und-nachhaltige-produktion\/"},"wordCount":531,"commentCount":0,"image":{"@id":"https:\/\/www.vaillant.de\/21-grad\/technik-und-trends\/einfach-drucken-3d-druck-und-nachhaltige-produktion\/#primaryimage"},"thumbnailUrl":"https:\/\/www.vaillant.de\/21-grad\/wp-content\/uploads\/2019\/07\/header_3d-druck.jpg","keywords":["Nachhaltigkeit","Zukunftstrends"],"articleSection":["Technik &amp; Trends"],"inLanguage":"de","potentialAction":[{"@type":"CommentAction","name":"Comment","target":["https:\/\/www.vaillant.de\/21-grad\/technik-und-trends\/einfach-drucken-3d-druck-und-nachhaltige-produktion\/#respond"]}]},{"@type":"WebPage","@id":"https:\/\/www.vaillant.de\/21-grad\/technik-und-trends\/einfach-drucken-3d-druck-und-nachhaltige-produktion\/","url":"https:\/\/www.vaillant.de\/21-grad\/technik-und-trends\/einfach-drucken-3d-druck-und-nachhaltige-produktion\/","name":"Einfach Drucken: 3D-Druck und nachhaltige Produktion | 21 grad","isPartOf":{"@id":"https:\/\/www.vaillant.de\/21-grad\/#website"},"primaryImageOfPage":{"@id":"https:\/\/www.vaillant.de\/21-grad\/technik-und-trends\/einfach-drucken-3d-druck-und-nachhaltige-produktion\/#primaryimage"},"image":{"@id":"https:\/\/www.vaillant.de\/21-grad\/technik-und-trends\/einfach-drucken-3d-druck-und-nachhaltige-produktion\/#primaryimage"},"thumbnailUrl":"https:\/\/www.vaillant.de\/21-grad\/wp-content\/uploads\/2019\/07\/header_3d-druck.jpg","datePublished":"2019-08-05T13:30:10+00:00","dateModified":"2021-10-22T13:51:50+00:00","author":{"@id":"https:\/\/www.vaillant.de\/21-grad\/#\/schema\/person\/6c5f5a4071f0c7be145a9df11dac0709"},"description":"Wie funktionieren 3D-Drucker? Was sind die Potentiale & Risiken der Technologie f\u00fcr nachhaltige Produktion? Erfahrt es hier im Vaillant Blog 21 grad!","breadcrumb":{"@id":"https:\/\/www.vaillant.de\/21-grad\/technik-und-trends\/einfach-drucken-3d-druck-und-nachhaltige-produktion\/#breadcrumb"},"inLanguage":"de","potentialAction":[{"@type":"ReadAction","target":["https:\/\/www.vaillant.de\/21-grad\/technik-und-trends\/einfach-drucken-3d-druck-und-nachhaltige-produktion\/"]}]},{"@type":"ImageObject","inLanguage":"de","@id":"https:\/\/www.vaillant.de\/21-grad\/technik-und-trends\/einfach-drucken-3d-druck-und-nachhaltige-produktion\/#primaryimage","url":"https:\/\/www.vaillant.de\/21-grad\/wp-content\/uploads\/2019\/07\/header_3d-druck.jpg","contentUrl":"https:\/\/www.vaillant.de\/21-grad\/wp-content\/uploads\/2019\/07\/header_3d-druck.jpg","width":940,"height":481,"caption":"3D-Druck"},{"@type":"BreadcrumbList","@id":"https:\/\/www.vaillant.de\/21-grad\/technik-und-trends\/einfach-drucken-3d-druck-und-nachhaltige-produktion\/#breadcrumb","itemListElement":[{"@type":"ListItem","position":1,"name":"Startseite","item":"https:\/\/www.vaillant.de\/21-grad\/"},{"@type":"ListItem","position":2,"name":"Einfach Drucken: 3D-Druck und nachhaltige Produktion"}]},{"@type":"WebSite","@id":"https:\/\/www.vaillant.de\/21-grad\/#website","url":"https:\/\/www.vaillant.de\/21-grad\/","name":"21 grad","description":"Der Blog f\u00fcr Menschen, die weiterdenken","potentialAction":[{"@type":"SearchAction","target":{"@type":"EntryPoint","urlTemplate":"https:\/\/www.vaillant.de\/21-grad\/?s={search_term_string}"},"query-input":{"@type":"PropertyValueSpecification","valueRequired":true,"valueName":"search_term_string"}}],"inLanguage":"de"},{"@type":"Person","@id":"https:\/\/www.vaillant.de\/21-grad\/#\/schema\/person\/6c5f5a4071f0c7be145a9df11dac0709","name":"Tim","image":{"@type":"ImageObject","inLanguage":"de","@id":"https:\/\/www.vaillant.de\/21-grad\/wp-content\/uploads\/2025\/04\/20230516_Vaillant-Mitarbeitershooting-Lennep_0005_MKP-1-125x125.jpg9c05c6497faaba75d1eddfe0b2afcc63","url":"https:\/\/www.vaillant.de\/21-grad\/wp-content\/uploads\/2025\/04\/20230516_Vaillant-Mitarbeitershooting-Lennep_0005_MKP-1-125x125.jpg","contentUrl":"https:\/\/www.vaillant.de\/21-grad\/wp-content\/uploads\/2025\/04\/20230516_Vaillant-Mitarbeitershooting-Lennep_0005_MKP-1-125x125.jpg","caption":"Tim"},"description":"Ob Facebook oder Twitter, ob # oder @, ob Like oder Share \u2013 in meinem Arbeitsalltag dreht sich alles um Social Media. Ich sorge daf\u00fcr, dass unsere Zielgruppen sowohl informative als auch unterhaltsame und interaktive Inhalte mit Mehrwert auf unseren Kan\u00e4len finden. Nachhaltigkeit Nachhaltigkeit spielt vor allem in meiner Bewegung eine Rolle, da ich so viele Wege wie m\u00f6glich mit dem Rad zur\u00fccklege, u.a. den Weg zur Arbeit. Meiner Meinung nach wird viel zu oft auf das Auto zur\u00fcckgegriffen, vor allem f\u00fcr unn\u00f6tige Kurzstrecken unter 10 oder sogar weniger Minuten. Interessen Fu\u00dfball, Skifahren, Fitness, Unternehmungen in der Natur, Musik. Was w\u00fcrdest du mit auf eine einsame Insel nehmen? Einen Plattenspieler, ein gutes Buch und einen erfrischenden Drink. Wenn du eine Superkraft h\u00e4ttest, welche w\u00e4re das und warum? Ich w\u00fcrde mit meiner Superkraft gerne den Klimawandel aufhalten, da wir zwar viel reden, aber noch viel zu wenig daf\u00fcr tun.","url":"https:\/\/www.vaillant.de\/21-grad\/autor\/tim\/"}]}},"_links":{"self":[{"href":"https:\/\/www.vaillant.de\/21-grad\/wp-json\/wp\/v2\/posts\/4524","targetHints":{"allow":["GET"]}}],"collection":[{"href":"https:\/\/www.vaillant.de\/21-grad\/wp-json\/wp\/v2\/posts"}],"about":[{"href":"https:\/\/www.vaillant.de\/21-grad\/wp-json\/wp\/v2\/types\/post"}],"author":[{"embeddable":true,"href":"https:\/\/www.vaillant.de\/21-grad\/wp-json\/wp\/v2\/users\/19"}],"replies":[{"embeddable":true,"href":"https:\/\/www.vaillant.de\/21-grad\/wp-json\/wp\/v2\/comments?post=4524"}],"version-history":[{"count":1,"href":"https:\/\/www.vaillant.de\/21-grad\/wp-json\/wp\/v2\/posts\/4524\/revisions"}],"predecessor-version":[{"id":4526,"href":"https:\/\/www.vaillant.de\/21-grad\/wp-json\/wp\/v2\/posts\/4524\/revisions\/4526"}],"wp:featuredmedia":[{"embeddable":true,"href":"https:\/\/www.vaillant.de\/21-grad\/wp-json\/wp\/v2\/media\/4525"}],"wp:attachment":[{"href":"https:\/\/www.vaillant.de\/21-grad\/wp-json\/wp\/v2\/media?parent=4524"}],"wp:term":[{"taxonomy":"category","embeddable":true,"href":"https:\/\/www.vaillant.de\/21-grad\/wp-json\/wp\/v2\/categories?post=4524"},{"taxonomy":"post_tag","embeddable":true,"href":"https:\/\/www.vaillant.de\/21-grad\/wp-json\/wp\/v2\/tags?post=4524"},{"taxonomy":"author","embeddable":true,"href":"https:\/\/www.vaillant.de\/21-grad\/wp-json\/wp\/v2\/coauthors?post=4524"}],"curies":[{"name":"wp","href":"https:\/\/api.w.org\/{rel}","templated":true}]}}