{"id":4598,"date":"2019-09-09T16:56:13","date_gmt":"2019-09-09T14:56:13","guid":{"rendered":"https:\/\/www.vaillant.de\/21-grad\/?p=4598"},"modified":"2021-10-15T16:05:59","modified_gmt":"2021-10-15T14:05:59","slug":"wie-der-klimawandel-den-baugrund-veraendert","status":"publish","type":"post","link":"https:\/\/www.vaillant.de\/21-grad\/wissen-und-wert\/wie-der-klimawandel-den-baugrund-veraendert\/","title":{"rendered":"Wie der Klimawandel den Baugrund ver\u00e4ndert"},"content":{"rendered":"<p>\u00dcber Geb\u00e4ude wird viel gesprochen, wenn es um den Klimawandel geht. Meist denkt man dabei weniger an den Baugrund: Geb\u00e4ude spielen eine gro\u00dfe Rolle im Energieverbrauch und beim Aussto\u00df von CO2. Im Jahr 2010 waren 32 Prozent des weltweiten Energieverbrauchs und 19 Prozent aller Treibhausgasemissionen auf H\u00e4user zur\u00fcckzuf\u00fchren. Folgt man den wissenschaftlichen Modellen k\u00f6nnte sich der Energieverbrauch bis 2050 sogar verdoppeln, denn immer mehr Menschen erhalten erst jetzt \u00fcberhaupt Zugang zu Elektrizit\u00e4t und Wohnh\u00e4usern.<\/p>\n<h2><a href=\"https:\/\/www.vaillant.de\/21-grad\/wp-content\/uploads\/2019\/09\/hochwasser2.jpg\"><img loading=\"lazy\" decoding=\"async\" class=\"alignright size-medium wp-image-4603\" src=\"https:\/\/www.vaillant.de\/21-grad\/wp-content\/uploads\/2019\/09\/hochwasser2-309x232.jpg\" alt=\"Hochwasser\" width=\"309\" height=\"232\" srcset=\"https:\/\/www.vaillant.de\/21-grad\/wp-content\/uploads\/2019\/09\/hochwasser2-309x232.jpg 309w, https:\/\/www.vaillant.de\/21-grad\/wp-content\/uploads\/2019\/09\/hochwasser2-768x576.jpg 768w, https:\/\/www.vaillant.de\/21-grad\/wp-content\/uploads\/2019\/09\/hochwasser2-640x480.jpg 640w, https:\/\/www.vaillant.de\/21-grad\/wp-content\/uploads\/2019\/09\/hochwasser2.jpg 1920w\" sizes=\"auto, (max-width: 309px) 100vw, 309px\" \/><\/a>Klimawandel ver\u00e4ndert den Baugrund<\/h2>\n<p>Ein anderer Aspekt ist jedoch, dass sowohl der Baugrund als auch die Geb\u00e4ude durch die Folgen des Klimawandels direkt betroffen sind. Denn der globale Klimawandel ist in Deutschland angekommen:<\/p>\n<ul>\n<li>Es gibt mehr Hitzewellen im Sommer mit l\u00e4ngeren Trockenphasen; insgesamt steigt die Jahresdurchschnittstemperatur an.<\/li>\n<li>Im Sommer kommt es h\u00e4ufiger zu Starkregen und steigender Hochwassergefahr.<\/li>\n<li>Unwetter wie St\u00fcrme, intensive Schneef\u00e4lle und Gewitter mit Hagel treten regelm\u00e4\u00dfiger auf als fr\u00fcher.<\/li>\n<\/ul>\n<p>Extreme Wettereinfl\u00fcsse haben Auswirkungen auf Fassaden, den Baugrund, die allgemeine Stabilit\u00e4t, die D\u00e4cher und das Raumklima in Geb\u00e4uden. Bauherren m\u00fcssen all das heutzutage mit viel Weitsicht einplanen, damit H\u00e4user in einem ver\u00e4nderten Klima noch dauerhaft Schutz und Sicherheit bieten.<\/p>\n<h2>Auswirkungen des Klimawandels auf Bauwerke<\/h2>\n<p>Die gr\u00f6\u00dften Probleme an H\u00e4usern und Baugrund verursachen Hitze und die ver\u00e4nderten Niederschlagsverh\u00e4ltnisse:<br \/>\nIn langanhaltenden Warmwetter-Perioden heizen sich Geb\u00e4ude besonders in St\u00e4dten stark auf. Die Abk\u00fchlungsphasen \u00fcber Nacht hingegen werden k\u00fcrzer. In den St\u00e4dten entsteht der sogenannte Heat Island Effect, das bedeutet, dass dort deutlich h\u00f6here Temperaturen herrschen als in l\u00e4ndlichen Gegenden. Das liegt an den vielen versiegelten Fl\u00e4chen und der Abw\u00e4rme von Industrie, Heizungen und Verkehr.<\/p>\n<h2>Gr\u00fcne D\u00e4cher halten k\u00fchl<\/h2>\n<p>Die anhaltend hohen Temperaturen in Geb\u00e4uden gef\u00e4hrden die Gesundheit der Bewohner. Klimager\u00e4te, die H\u00e4user herunterk\u00fchlen, sind kontraproduktiv, weil sie durch ihren hohen Stromverbrauch und die hei\u00dfe Abluft, das Klima weiter anheizen. Eine klimafreundliche Bauma\u00dfnahme gegen den Heat Island Effect sind beispielsweise begr\u00fcnte D\u00e4cher und Fassaden.<\/p>\n<h2><a href=\"https:\/\/www.vaillant.de\/21-grad\/wp-content\/uploads\/2019\/09\/koeln.jpg\"><img loading=\"lazy\" decoding=\"async\" class=\"size-medium wp-image-4601 alignleft\" src=\"https:\/\/www.vaillant.de\/21-grad\/wp-content\/uploads\/2019\/09\/koeln-348x232.jpg\" alt=\"Starkregen\" width=\"348\" height=\"232\" srcset=\"https:\/\/www.vaillant.de\/21-grad\/wp-content\/uploads\/2019\/09\/koeln-348x232.jpg 348w, https:\/\/www.vaillant.de\/21-grad\/wp-content\/uploads\/2019\/09\/koeln-768x512.jpg 768w, https:\/\/www.vaillant.de\/21-grad\/wp-content\/uploads\/2019\/09\/koeln-720x480.jpg 720w, https:\/\/www.vaillant.de\/21-grad\/wp-content\/uploads\/2019\/09\/koeln.jpg 1920w\" sizes=\"auto, (max-width: 348px) 100vw, 348px\" \/><\/a>Starkregen ver\u00e4ndert den Baugrund<\/h2>\n<p>Anders als die Sonneneinstrahlung wirkt sich Regen unterhalb eines Geb\u00e4udes aus, n\u00e4mlich im Baugrund. Normalerweise kann die \u00fcber Jahrzehnte hinweg in den St\u00e4dten ausgebaute Kanalisation Niederschl\u00e4ge auffangen und ableiten. Bei Starkregen sind die Abwassersysteme von den Wassermassen \u00fcberfordert. Der Regen kann nicht versickern und es kommt vermehrt zu \u00dcberschwemmungen und Oberfl\u00e4chenerosionen, die als Erdrutsch ganze B\u00f6schungen und sogar Geb\u00e4udeteile hinwegschwemmen k\u00f6nnen.<\/p>\n<div class=\"infobox hint\"><\/p>\n<h2>Was ist Starkregen?<\/h2>\n<p>Starkregen ist definiert als gro\u00dfe Niederschlagsmengen in einer kurzen Zeitspanne. Der Deutsche Wetterdienst (DWD) warnt vor Starkregen in zwei Stufen:<\/p>\n<p><strong>Markante Wetterwarnung:<\/strong> 15 bis 25 Liter pro Quadratmeter in 1 Stunde oder 20 bis 35 Liter pro Quadratmeter in 6 Stunden<\/p>\n<p><strong>Unwetterwarnung:<\/strong> &gt; 25 Liter pro Quadratmeter in 1 Stunde oder &gt; 35 Liter pro Quadratmeter in 6 Stunden<\/p>\n<p><\/div>\n<h2>Der Baugrund wird instabil<\/h2>\n<p>Perioden mit Starkregen stellen f\u00fcr Fl\u00fcsse und kleinere Flie\u00dfgew\u00e4ssern eine Hochwassergefahr da. \u00c4hnlich wie bei der vom Mensch geschaffenen Kanalisation kann ein nat\u00fcrlicher Bach- oder Flusslauf nur eine bestimmte Menge an Wasser aufnehmen. Ist das Fassungsverm\u00f6gen erreicht, entwickelt sich Hochwasser mit \u00dcberschwemmungen als Folge.<br \/>\nHochwasser hat eine andere Auswirkung auf den Baugrund als reiner Starkregen, der eher an der Bodenoberfl\u00e4che wirkt: Bodenschichten, die eigentlich nicht von Wasser durchstr\u00f6mt werden, verlieren in Hochwasserphasen durch das Auf- und Ablaufen ihre Stabilit\u00e4t, weil Teile des Bodens ausgewaschen werden. Diese Prozesse nennt man Suffosion und Erosion.<br \/>\nDurch diese Ver\u00e4nderungen im Baugrund k\u00f6nnen H\u00e4user<\/p>\n<ul>\n<li>im Boden versinken oder zumindest absinken<\/li>\n<li>von H\u00e4ngen rutschen<\/li>\n<li>Risse in den W\u00e4nden bekommen<\/li>\n<li>einst\u00fcrzen.<\/li>\n<\/ul>\n<h2>Klimawandel verst\u00e4rkt Probleme im Baugrund<\/h2>\n<p>Sonne und Wind haben immer schon im Zusammenspiel mit Wasser den Baugrund ver\u00e4ndert: Sonne trocknet den Boden aus, Wind bl\u00e4st Erdoberfl\u00e4che davon, Wasser f\u00fchrt zu \u201eMatsch\u201c. Das st\u00e4ndige Aufquellen des Bodens in Starkregen-Zeiten und das Schrumpfen in den folgenden Trockenperioden ist von je her eine gro\u00dfe Herausforderung f\u00fcr den Bau \u2013 die Wetterextreme vergr\u00f6\u00dfern das Problem.<\/p>\n<h2><a href=\"https:\/\/www.vaillant.de\/21-grad\/wp-content\/uploads\/2019\/09\/hochwasser.jpg\"><img loading=\"lazy\" decoding=\"async\" class=\"size-medium wp-image-4602 alignright\" src=\"https:\/\/www.vaillant.de\/21-grad\/wp-content\/uploads\/2019\/09\/hochwasser-354x232.jpg\" alt=\"Hochwasser\" width=\"354\" height=\"232\" srcset=\"https:\/\/www.vaillant.de\/21-grad\/wp-content\/uploads\/2019\/09\/hochwasser-354x232.jpg 354w, https:\/\/www.vaillant.de\/21-grad\/wp-content\/uploads\/2019\/09\/hochwasser-768x503.jpg 768w, https:\/\/www.vaillant.de\/21-grad\/wp-content\/uploads\/2019\/09\/hochwasser-733x480.jpg 733w, https:\/\/www.vaillant.de\/21-grad\/wp-content\/uploads\/2019\/09\/hochwasser.jpg 1920w\" sizes=\"auto, (max-width: 354px) 100vw, 354px\" \/><\/a>Bauen im Klimawandel: Was tun?<\/h2>\n<p>Je h\u00e4ufiger Phasen mit hohem Niederschlag und Hochwasser auftreten, desto mehr m\u00fcssen die Planer von Bauvorhaben die Reaktionen des Baugrunds darauf ber\u00fccksichtigen. Einer Baugrunduntersuchung kommt daher in Zeiten des Klimawandels eine wichtige Rolle zu. Entsprechende Gutachten k\u00f6nnen ins Geld gehen, manche Bauherren verzichten aus diesem Grund teilweise oder sogar ganz darauf.<br \/>\nAuch die Umgebung des Geb\u00e4udestandortes muss angesichts der klimatischen Ver\u00e4nderungen neu betrachtet werden. Bauprojekte mit Baugrund in Flussauen oder am Hang sind angesichts der Wetterextreme heute eine andere Herausforderung f\u00fcr die Ingenieure als sie es vor einigen Jahrzehnten sowieso schon waren. Ergebnisse von Simulationsberechnungen f\u00fcr Baurisiken wie Hochwasser h\u00e4ngen davon ab, mit welchen Parametern sie bef\u00fcllt werden. Aber: Der Klimawandel ist in weiten Teilen unvorhersehbar. Doch nicht nur der Baugrund selbst wird beim Hausbau im Rahmen des Klimawandels zu einem wichtigen Thema, sondern auch die Frage, welche Heizung dem Neubau W\u00e4rme spenden soll. Durch das Klimapaket der Bundesregierung gibt es hierzu einige neue Auflagen. Mehr zu diesem Thema erfahrt ihr in unserem <a href=\"https:\/\/www.vaillant.de\/heizung\/klima-foerderung\/klimapaket\/\" target=\"_blank\" rel=\"noopener noreferrer\">Ratgeber zum Klimapaket<\/a>.<\/p>\n<h2>Fazit: Klimawandel im Baugrund<\/h2>\n<p>Technische Ma\u00dfnahmen am Geb\u00e4ude k\u00f6nnen Geb\u00e4ude an den Klimawandel anpassen: eine entsprechende Geb\u00e4udeh\u00fclle, eine durchdachte Konstruktion, ein sicherer Standort und moderne Geb\u00e4udetechnik geh\u00f6ren dazu. Mit einer angepassten Architektur, den richtigen Materialien und Technologien k\u00f6nnen H\u00e4user Wetterextremen gegen\u00fcber zumindest widerstandsf\u00e4higer gebaut werden.<\/p>\n","protected":false},"excerpt":{"rendered":"<p>Der Klimawandel ist real. Das hat die Baubranche erkannt. Denn Geb\u00e4ude sind seit eh und je der Witterung ausgesetzt. Neue Wetterph\u00e4nomene wie Starkregen und Dauerhitze k\u00f6nnen H\u00e4usern und ihrem Baugrund schaden. Darum m\u00fcssen schon beim Bau wirksame Vorkehrungen gegen die Folgen des Klimawandels getroffen werden.<\/p>\n","protected":false},"author":19,"featured_media":4604,"comment_status":"open","ping_status":"open","sticky":false,"template":"","format":"standard","meta":{"footnotes":""},"categories":[3],"tags":[172],"coauthors":[243],"class_list":["post-4598","post","type-post","status-publish","format-standard","has-post-thumbnail","hentry","category-wissen-und-wert","tag-bauen-und-wohnen"],"yoast_head":"<!-- This site is optimized with the Yoast SEO plugin v27.4 - https:\/\/yoast.com\/product\/yoast-seo-wordpress\/ -->\n<title>Baugrund im Klimawandel | 21 grad<\/title>\n<meta name=\"description\" content=\"Wetterextreme wie Starkregen schaden H\u00e4usern und ihrem Baugrund. Darum m\u00fcssen Bauherren f\u00fcr den Klimawandel wirksame Vorkehrungen treffen.\" \/>\n<meta name=\"robots\" content=\"index, follow, max-snippet:-1, max-image-preview:large, max-video-preview:-1\" \/>\n<link rel=\"canonical\" href=\"https:\/\/www.vaillant.de\/21-grad\/wissen-und-wert\/wie-der-klimawandel-den-baugrund-veraendert\/\" \/>\n<meta property=\"og:locale\" content=\"de_DE\" \/>\n<meta property=\"og:type\" content=\"article\" \/>\n<meta property=\"og:title\" content=\"Baugrund im Klimawandel | 21 grad\" \/>\n<meta property=\"og:description\" content=\"Wetterextreme wie Starkregen schaden H\u00e4usern und ihrem Baugrund. Darum m\u00fcssen Bauherren f\u00fcr den Klimawandel wirksame Vorkehrungen treffen.\" \/>\n<meta property=\"og:url\" content=\"https:\/\/www.vaillant.de\/21-grad\/wissen-und-wert\/wie-der-klimawandel-den-baugrund-veraendert\/\" \/>\n<meta property=\"og:site_name\" content=\"21 grad\" \/>\n<meta property=\"article:publisher\" content=\"https:\/\/www.facebook.com\/21grad\/\" \/>\n<meta property=\"article:published_time\" content=\"2019-09-09T14:56:13+00:00\" \/>\n<meta property=\"article:modified_time\" content=\"2021-10-15T14:05:59+00:00\" \/>\n<meta property=\"og:image\" content=\"https:\/\/www.vaillant.de\/21-grad\/wp-content\/uploads\/2019\/09\/schubkarre_header.jpg\" \/>\n\t<meta property=\"og:image:width\" content=\"940\" \/>\n\t<meta property=\"og:image:height\" content=\"480\" \/>\n\t<meta property=\"og:image:type\" content=\"image\/jpeg\" \/>\n<meta name=\"author\" content=\"Tim\" \/>\n<meta name=\"twitter:card\" content=\"summary_large_image\" \/>\n<meta name=\"twitter:creator\" content=\"@vaillant_de\" \/>\n<meta name=\"twitter:site\" content=\"@vaillant_de\" \/>\n<meta name=\"twitter:label1\" content=\"Verfasst von\" \/>\n\t<meta name=\"twitter:data1\" content=\"Tim\" \/>\n\t<meta name=\"twitter:label2\" content=\"Gesch\u00e4tzte Lesezeit\" \/>\n\t<meta name=\"twitter:data2\" content=\"5\u00a0Minuten\" \/>\n\t<meta name=\"twitter:label3\" content=\"Written by\" \/>\n\t<meta name=\"twitter:data3\" content=\"Tim\" \/>\n<script type=\"application\/ld+json\" class=\"yoast-schema-graph\">{\"@context\":\"https:\\\/\\\/schema.org\",\"@graph\":[{\"@type\":\"Article\",\"@id\":\"https:\\\/\\\/www.vaillant.de\\\/21-grad\\\/wissen-und-wert\\\/wie-der-klimawandel-den-baugrund-veraendert\\\/#article\",\"isPartOf\":{\"@id\":\"https:\\\/\\\/www.vaillant.de\\\/21-grad\\\/wissen-und-wert\\\/wie-der-klimawandel-den-baugrund-veraendert\\\/\"},\"author\":{\"name\":\"Tim\",\"@id\":\"https:\\\/\\\/www.vaillant.de\\\/21-grad\\\/#\\\/schema\\\/person\\\/6c5f5a4071f0c7be145a9df11dac0709\"},\"headline\":\"Wie der Klimawandel den Baugrund ver\u00e4ndert\",\"datePublished\":\"2019-09-09T14:56:13+00:00\",\"dateModified\":\"2021-10-15T14:05:59+00:00\",\"mainEntityOfPage\":{\"@id\":\"https:\\\/\\\/www.vaillant.de\\\/21-grad\\\/wissen-und-wert\\\/wie-der-klimawandel-den-baugrund-veraendert\\\/\"},\"wordCount\":929,\"commentCount\":0,\"image\":{\"@id\":\"https:\\\/\\\/www.vaillant.de\\\/21-grad\\\/wissen-und-wert\\\/wie-der-klimawandel-den-baugrund-veraendert\\\/#primaryimage\"},\"thumbnailUrl\":\"https:\\\/\\\/www.vaillant.de\\\/21-grad\\\/wp-content\\\/uploads\\\/2019\\\/09\\\/schubkarre_header.jpg\",\"keywords\":[\"Bauen und Wohnen\"],\"articleSection\":[\"Wissen &amp; Wert\"],\"inLanguage\":\"de\",\"potentialAction\":[{\"@type\":\"CommentAction\",\"name\":\"Comment\",\"target\":[\"https:\\\/\\\/www.vaillant.de\\\/21-grad\\\/wissen-und-wert\\\/wie-der-klimawandel-den-baugrund-veraendert\\\/#respond\"]}]},{\"@type\":\"WebPage\",\"@id\":\"https:\\\/\\\/www.vaillant.de\\\/21-grad\\\/wissen-und-wert\\\/wie-der-klimawandel-den-baugrund-veraendert\\\/\",\"url\":\"https:\\\/\\\/www.vaillant.de\\\/21-grad\\\/wissen-und-wert\\\/wie-der-klimawandel-den-baugrund-veraendert\\\/\",\"name\":\"Baugrund im Klimawandel | 21 grad\",\"isPartOf\":{\"@id\":\"https:\\\/\\\/www.vaillant.de\\\/21-grad\\\/#website\"},\"primaryImageOfPage\":{\"@id\":\"https:\\\/\\\/www.vaillant.de\\\/21-grad\\\/wissen-und-wert\\\/wie-der-klimawandel-den-baugrund-veraendert\\\/#primaryimage\"},\"image\":{\"@id\":\"https:\\\/\\\/www.vaillant.de\\\/21-grad\\\/wissen-und-wert\\\/wie-der-klimawandel-den-baugrund-veraendert\\\/#primaryimage\"},\"thumbnailUrl\":\"https:\\\/\\\/www.vaillant.de\\\/21-grad\\\/wp-content\\\/uploads\\\/2019\\\/09\\\/schubkarre_header.jpg\",\"datePublished\":\"2019-09-09T14:56:13+00:00\",\"dateModified\":\"2021-10-15T14:05:59+00:00\",\"author\":{\"@id\":\"https:\\\/\\\/www.vaillant.de\\\/21-grad\\\/#\\\/schema\\\/person\\\/6c5f5a4071f0c7be145a9df11dac0709\"},\"description\":\"Wetterextreme wie Starkregen schaden H\u00e4usern und ihrem Baugrund. Darum m\u00fcssen Bauherren f\u00fcr den Klimawandel wirksame Vorkehrungen treffen.\",\"breadcrumb\":{\"@id\":\"https:\\\/\\\/www.vaillant.de\\\/21-grad\\\/wissen-und-wert\\\/wie-der-klimawandel-den-baugrund-veraendert\\\/#breadcrumb\"},\"inLanguage\":\"de\",\"potentialAction\":[{\"@type\":\"ReadAction\",\"target\":[\"https:\\\/\\\/www.vaillant.de\\\/21-grad\\\/wissen-und-wert\\\/wie-der-klimawandel-den-baugrund-veraendert\\\/\"]}]},{\"@type\":\"ImageObject\",\"inLanguage\":\"de\",\"@id\":\"https:\\\/\\\/www.vaillant.de\\\/21-grad\\\/wissen-und-wert\\\/wie-der-klimawandel-den-baugrund-veraendert\\\/#primaryimage\",\"url\":\"https:\\\/\\\/www.vaillant.de\\\/21-grad\\\/wp-content\\\/uploads\\\/2019\\\/09\\\/schubkarre_header.jpg\",\"contentUrl\":\"https:\\\/\\\/www.vaillant.de\\\/21-grad\\\/wp-content\\\/uploads\\\/2019\\\/09\\\/schubkarre_header.jpg\",\"width\":940,\"height\":480,\"caption\":\"Schubkarre\"},{\"@type\":\"BreadcrumbList\",\"@id\":\"https:\\\/\\\/www.vaillant.de\\\/21-grad\\\/wissen-und-wert\\\/wie-der-klimawandel-den-baugrund-veraendert\\\/#breadcrumb\",\"itemListElement\":[{\"@type\":\"ListItem\",\"position\":1,\"name\":\"Startseite\",\"item\":\"https:\\\/\\\/www.vaillant.de\\\/21-grad\\\/\"},{\"@type\":\"ListItem\",\"position\":2,\"name\":\"Wie der Klimawandel den Baugrund ver\u00e4ndert\"}]},{\"@type\":\"WebSite\",\"@id\":\"https:\\\/\\\/www.vaillant.de\\\/21-grad\\\/#website\",\"url\":\"https:\\\/\\\/www.vaillant.de\\\/21-grad\\\/\",\"name\":\"21 grad\",\"description\":\"Der Blog f\u00fcr Menschen, die weiterdenken\",\"potentialAction\":[{\"@type\":\"SearchAction\",\"target\":{\"@type\":\"EntryPoint\",\"urlTemplate\":\"https:\\\/\\\/www.vaillant.de\\\/21-grad\\\/?s={search_term_string}\"},\"query-input\":{\"@type\":\"PropertyValueSpecification\",\"valueRequired\":true,\"valueName\":\"search_term_string\"}}],\"inLanguage\":\"de\"},{\"@type\":\"Person\",\"@id\":\"https:\\\/\\\/www.vaillant.de\\\/21-grad\\\/#\\\/schema\\\/person\\\/6c5f5a4071f0c7be145a9df11dac0709\",\"name\":\"Tim\",\"image\":{\"@type\":\"ImageObject\",\"inLanguage\":\"de\",\"@id\":\"https:\\\/\\\/www.vaillant.de\\\/21-grad\\\/wp-content\\\/uploads\\\/2025\\\/04\\\/20230516_Vaillant-Mitarbeitershooting-Lennep_0005_MKP-1-125x125.jpg9c05c6497faaba75d1eddfe0b2afcc63\",\"url\":\"https:\\\/\\\/www.vaillant.de\\\/21-grad\\\/wp-content\\\/uploads\\\/2025\\\/04\\\/20230516_Vaillant-Mitarbeitershooting-Lennep_0005_MKP-1-125x125.jpg\",\"contentUrl\":\"https:\\\/\\\/www.vaillant.de\\\/21-grad\\\/wp-content\\\/uploads\\\/2025\\\/04\\\/20230516_Vaillant-Mitarbeitershooting-Lennep_0005_MKP-1-125x125.jpg\",\"caption\":\"Tim\"},\"description\":\"Ob Facebook oder Twitter, ob # oder @, ob Like oder Share \u2013 in meinem Arbeitsalltag dreht sich alles um Social Media. Ich sorge daf\u00fcr, dass unsere Zielgruppen sowohl informative als auch unterhaltsame und interaktive Inhalte mit Mehrwert auf unseren Kan\u00e4len finden. Nachhaltigkeit Nachhaltigkeit spielt vor allem in meiner Bewegung eine Rolle, da ich so viele Wege wie m\u00f6glich mit dem Rad zur\u00fccklege, u.a. den Weg zur Arbeit. Meiner Meinung nach wird viel zu oft auf das Auto zur\u00fcckgegriffen, vor allem f\u00fcr unn\u00f6tige Kurzstrecken unter 10 oder sogar weniger Minuten. Interessen Fu\u00dfball, Skifahren, Fitness, Unternehmungen in der Natur, Musik. Was w\u00fcrdest du mit auf eine einsame Insel nehmen? Einen Plattenspieler, ein gutes Buch und einen erfrischenden Drink. Wenn du eine Superkraft h\u00e4ttest, welche w\u00e4re das und warum? Ich w\u00fcrde mit meiner Superkraft gerne den Klimawandel aufhalten, da wir zwar viel reden, aber noch viel zu wenig daf\u00fcr tun.\",\"url\":\"https:\\\/\\\/www.vaillant.de\\\/21-grad\\\/autor\\\/tim\\\/\"}]}<\/script>\n<!-- \/ Yoast SEO plugin. -->","yoast_head_json":{"title":"Baugrund im Klimawandel | 21 grad","description":"Wetterextreme wie Starkregen schaden H\u00e4usern und ihrem Baugrund. Darum m\u00fcssen Bauherren f\u00fcr den Klimawandel wirksame Vorkehrungen treffen.","robots":{"index":"index","follow":"follow","max-snippet":"max-snippet:-1","max-image-preview":"max-image-preview:large","max-video-preview":"max-video-preview:-1"},"canonical":"https:\/\/www.vaillant.de\/21-grad\/wissen-und-wert\/wie-der-klimawandel-den-baugrund-veraendert\/","og_locale":"de_DE","og_type":"article","og_title":"Baugrund im Klimawandel | 21 grad","og_description":"Wetterextreme wie Starkregen schaden H\u00e4usern und ihrem Baugrund. Darum m\u00fcssen Bauherren f\u00fcr den Klimawandel wirksame Vorkehrungen treffen.","og_url":"https:\/\/www.vaillant.de\/21-grad\/wissen-und-wert\/wie-der-klimawandel-den-baugrund-veraendert\/","og_site_name":"21 grad","article_publisher":"https:\/\/www.facebook.com\/21grad\/","article_published_time":"2019-09-09T14:56:13+00:00","article_modified_time":"2021-10-15T14:05:59+00:00","og_image":[{"width":940,"height":480,"url":"https:\/\/www.vaillant.de\/21-grad\/wp-content\/uploads\/2019\/09\/schubkarre_header.jpg","type":"image\/jpeg"}],"author":"Tim","twitter_card":"summary_large_image","twitter_creator":"@vaillant_de","twitter_site":"@vaillant_de","twitter_misc":{"Verfasst von":"Tim","Gesch\u00e4tzte Lesezeit":"5\u00a0Minuten","Written by":"Tim"},"schema":{"@context":"https:\/\/schema.org","@graph":[{"@type":"Article","@id":"https:\/\/www.vaillant.de\/21-grad\/wissen-und-wert\/wie-der-klimawandel-den-baugrund-veraendert\/#article","isPartOf":{"@id":"https:\/\/www.vaillant.de\/21-grad\/wissen-und-wert\/wie-der-klimawandel-den-baugrund-veraendert\/"},"author":{"name":"Tim","@id":"https:\/\/www.vaillant.de\/21-grad\/#\/schema\/person\/6c5f5a4071f0c7be145a9df11dac0709"},"headline":"Wie der Klimawandel den Baugrund ver\u00e4ndert","datePublished":"2019-09-09T14:56:13+00:00","dateModified":"2021-10-15T14:05:59+00:00","mainEntityOfPage":{"@id":"https:\/\/www.vaillant.de\/21-grad\/wissen-und-wert\/wie-der-klimawandel-den-baugrund-veraendert\/"},"wordCount":929,"commentCount":0,"image":{"@id":"https:\/\/www.vaillant.de\/21-grad\/wissen-und-wert\/wie-der-klimawandel-den-baugrund-veraendert\/#primaryimage"},"thumbnailUrl":"https:\/\/www.vaillant.de\/21-grad\/wp-content\/uploads\/2019\/09\/schubkarre_header.jpg","keywords":["Bauen und Wohnen"],"articleSection":["Wissen &amp; Wert"],"inLanguage":"de","potentialAction":[{"@type":"CommentAction","name":"Comment","target":["https:\/\/www.vaillant.de\/21-grad\/wissen-und-wert\/wie-der-klimawandel-den-baugrund-veraendert\/#respond"]}]},{"@type":"WebPage","@id":"https:\/\/www.vaillant.de\/21-grad\/wissen-und-wert\/wie-der-klimawandel-den-baugrund-veraendert\/","url":"https:\/\/www.vaillant.de\/21-grad\/wissen-und-wert\/wie-der-klimawandel-den-baugrund-veraendert\/","name":"Baugrund im Klimawandel | 21 grad","isPartOf":{"@id":"https:\/\/www.vaillant.de\/21-grad\/#website"},"primaryImageOfPage":{"@id":"https:\/\/www.vaillant.de\/21-grad\/wissen-und-wert\/wie-der-klimawandel-den-baugrund-veraendert\/#primaryimage"},"image":{"@id":"https:\/\/www.vaillant.de\/21-grad\/wissen-und-wert\/wie-der-klimawandel-den-baugrund-veraendert\/#primaryimage"},"thumbnailUrl":"https:\/\/www.vaillant.de\/21-grad\/wp-content\/uploads\/2019\/09\/schubkarre_header.jpg","datePublished":"2019-09-09T14:56:13+00:00","dateModified":"2021-10-15T14:05:59+00:00","author":{"@id":"https:\/\/www.vaillant.de\/21-grad\/#\/schema\/person\/6c5f5a4071f0c7be145a9df11dac0709"},"description":"Wetterextreme wie Starkregen schaden H\u00e4usern und ihrem Baugrund. Darum m\u00fcssen Bauherren f\u00fcr den Klimawandel wirksame Vorkehrungen treffen.","breadcrumb":{"@id":"https:\/\/www.vaillant.de\/21-grad\/wissen-und-wert\/wie-der-klimawandel-den-baugrund-veraendert\/#breadcrumb"},"inLanguage":"de","potentialAction":[{"@type":"ReadAction","target":["https:\/\/www.vaillant.de\/21-grad\/wissen-und-wert\/wie-der-klimawandel-den-baugrund-veraendert\/"]}]},{"@type":"ImageObject","inLanguage":"de","@id":"https:\/\/www.vaillant.de\/21-grad\/wissen-und-wert\/wie-der-klimawandel-den-baugrund-veraendert\/#primaryimage","url":"https:\/\/www.vaillant.de\/21-grad\/wp-content\/uploads\/2019\/09\/schubkarre_header.jpg","contentUrl":"https:\/\/www.vaillant.de\/21-grad\/wp-content\/uploads\/2019\/09\/schubkarre_header.jpg","width":940,"height":480,"caption":"Schubkarre"},{"@type":"BreadcrumbList","@id":"https:\/\/www.vaillant.de\/21-grad\/wissen-und-wert\/wie-der-klimawandel-den-baugrund-veraendert\/#breadcrumb","itemListElement":[{"@type":"ListItem","position":1,"name":"Startseite","item":"https:\/\/www.vaillant.de\/21-grad\/"},{"@type":"ListItem","position":2,"name":"Wie der Klimawandel den Baugrund ver\u00e4ndert"}]},{"@type":"WebSite","@id":"https:\/\/www.vaillant.de\/21-grad\/#website","url":"https:\/\/www.vaillant.de\/21-grad\/","name":"21 grad","description":"Der Blog f\u00fcr Menschen, die weiterdenken","potentialAction":[{"@type":"SearchAction","target":{"@type":"EntryPoint","urlTemplate":"https:\/\/www.vaillant.de\/21-grad\/?s={search_term_string}"},"query-input":{"@type":"PropertyValueSpecification","valueRequired":true,"valueName":"search_term_string"}}],"inLanguage":"de"},{"@type":"Person","@id":"https:\/\/www.vaillant.de\/21-grad\/#\/schema\/person\/6c5f5a4071f0c7be145a9df11dac0709","name":"Tim","image":{"@type":"ImageObject","inLanguage":"de","@id":"https:\/\/www.vaillant.de\/21-grad\/wp-content\/uploads\/2025\/04\/20230516_Vaillant-Mitarbeitershooting-Lennep_0005_MKP-1-125x125.jpg9c05c6497faaba75d1eddfe0b2afcc63","url":"https:\/\/www.vaillant.de\/21-grad\/wp-content\/uploads\/2025\/04\/20230516_Vaillant-Mitarbeitershooting-Lennep_0005_MKP-1-125x125.jpg","contentUrl":"https:\/\/www.vaillant.de\/21-grad\/wp-content\/uploads\/2025\/04\/20230516_Vaillant-Mitarbeitershooting-Lennep_0005_MKP-1-125x125.jpg","caption":"Tim"},"description":"Ob Facebook oder Twitter, ob # oder @, ob Like oder Share \u2013 in meinem Arbeitsalltag dreht sich alles um Social Media. Ich sorge daf\u00fcr, dass unsere Zielgruppen sowohl informative als auch unterhaltsame und interaktive Inhalte mit Mehrwert auf unseren Kan\u00e4len finden. Nachhaltigkeit Nachhaltigkeit spielt vor allem in meiner Bewegung eine Rolle, da ich so viele Wege wie m\u00f6glich mit dem Rad zur\u00fccklege, u.a. den Weg zur Arbeit. Meiner Meinung nach wird viel zu oft auf das Auto zur\u00fcckgegriffen, vor allem f\u00fcr unn\u00f6tige Kurzstrecken unter 10 oder sogar weniger Minuten. Interessen Fu\u00dfball, Skifahren, Fitness, Unternehmungen in der Natur, Musik. Was w\u00fcrdest du mit auf eine einsame Insel nehmen? Einen Plattenspieler, ein gutes Buch und einen erfrischenden Drink. Wenn du eine Superkraft h\u00e4ttest, welche w\u00e4re das und warum? Ich w\u00fcrde mit meiner Superkraft gerne den Klimawandel aufhalten, da wir zwar viel reden, aber noch viel zu wenig daf\u00fcr tun.","url":"https:\/\/www.vaillant.de\/21-grad\/autor\/tim\/"}]}},"_links":{"self":[{"href":"https:\/\/www.vaillant.de\/21-grad\/wp-json\/wp\/v2\/posts\/4598","targetHints":{"allow":["GET"]}}],"collection":[{"href":"https:\/\/www.vaillant.de\/21-grad\/wp-json\/wp\/v2\/posts"}],"about":[{"href":"https:\/\/www.vaillant.de\/21-grad\/wp-json\/wp\/v2\/types\/post"}],"author":[{"embeddable":true,"href":"https:\/\/www.vaillant.de\/21-grad\/wp-json\/wp\/v2\/users\/19"}],"replies":[{"embeddable":true,"href":"https:\/\/www.vaillant.de\/21-grad\/wp-json\/wp\/v2\/comments?post=4598"}],"version-history":[{"count":5,"href":"https:\/\/www.vaillant.de\/21-grad\/wp-json\/wp\/v2\/posts\/4598\/revisions"}],"predecessor-version":[{"id":6676,"href":"https:\/\/www.vaillant.de\/21-grad\/wp-json\/wp\/v2\/posts\/4598\/revisions\/6676"}],"wp:featuredmedia":[{"embeddable":true,"href":"https:\/\/www.vaillant.de\/21-grad\/wp-json\/wp\/v2\/media\/4604"}],"wp:attachment":[{"href":"https:\/\/www.vaillant.de\/21-grad\/wp-json\/wp\/v2\/media?parent=4598"}],"wp:term":[{"taxonomy":"category","embeddable":true,"href":"https:\/\/www.vaillant.de\/21-grad\/wp-json\/wp\/v2\/categories?post=4598"},{"taxonomy":"post_tag","embeddable":true,"href":"https:\/\/www.vaillant.de\/21-grad\/wp-json\/wp\/v2\/tags?post=4598"},{"taxonomy":"author","embeddable":true,"href":"https:\/\/www.vaillant.de\/21-grad\/wp-json\/wp\/v2\/coauthors?post=4598"}],"curies":[{"name":"wp","href":"https:\/\/api.w.org\/{rel}","templated":true}]}}