{"id":4606,"date":"2019-09-30T11:15:18","date_gmt":"2019-09-30T09:15:18","guid":{"rendered":"https:\/\/www.vaillant.de\/21-grad\/?p=4606"},"modified":"2021-10-22T16:15:34","modified_gmt":"2021-10-22T14:15:34","slug":"kein-plastik-bei-storchs-eine-vaillant-mitarbeiterin-hat-dem-plastik-abgeschworen","status":"publish","type":"post","link":"https:\/\/www.vaillant.de\/21-grad\/hasen-und-koepfe\/kein-plastik-bei-storchs-eine-vaillant-mitarbeiterin-hat-dem-plastik-abgeschworen\/","title":{"rendered":"Kein Plastik bei Storchs &#8211; Eine Vaillant Mitarbeiterin hat dem Plastik abgeschworen"},"content":{"rendered":"<p>Ein Strand im fernen Spanien war der ber\u00fchmte Tropfen, der das Fass zum \u00dcberlaufen brachte. Marion und ihre Kinder lieben die Sonne, weite Str\u00e4nde und das Meer. Aber die Weite des Strands glich immer h\u00e4ufiger einer endlos langen M\u00fclldeponie \u2013 angeschwemmter M\u00fcll \u00fcberall, wo das Auge hinsah. \u201eIch erinnere mich an einen Urlaub: Da haben wir erst einmal zusammen mit anderen Mitstreitern den Strand vom M\u00fcll befreit\u201c, schmunzelt sie, auch wenn sie das eigentlich gar nicht lustig findet. Erst danach konnte der Urlaub losgehen und der innere Schalter war umgelegt: So verm\u00fcllt konnte es nicht weitergehen.<\/p>\n<p>Marion ist Realistin. Sie wei\u00df, wo ihre Grenzen liegen. Daher verschrieb sie sich fortan nicht dem weltweiten Kampf gegen Plastik. Sie setzte vielmehr dort an, wo es am einfachsten, aber manchmal vielleicht auch am schmerzhaftesten ist: bei sich selbst. Sie selbst wollte ihren Plastikkonsum auf Null reduzieren, um einen Beitrag gegen die M\u00fcllhalden in den gro\u00dfen Ozeanen zu leisten.<\/p>\n<h2>Der Einkauf als Schnitzeljagd<\/h2>\n<p><a href=\"https:\/\/www.vaillant.de\/21-grad\/wp-content\/uploads\/2019\/09\/Einkaufswagen.jpg\"><img loading=\"lazy\" decoding=\"async\" class=\"alignright wp-image-4613 size-large\" src=\"https:\/\/www.vaillant.de\/21-grad\/wp-content\/uploads\/2019\/09\/Einkaufswagen-360x480.jpg\" alt=\"Einkaufswagen mit Gem\u00fcse und Obst\" width=\"360\" height=\"480\" srcset=\"https:\/\/www.vaillant.de\/21-grad\/wp-content\/uploads\/2019\/09\/Einkaufswagen-360x480.jpg 360w, https:\/\/www.vaillant.de\/21-grad\/wp-content\/uploads\/2019\/09\/Einkaufswagen-174x232.jpg 174w, https:\/\/www.vaillant.de\/21-grad\/wp-content\/uploads\/2019\/09\/Einkaufswagen-768x1024.jpg 768w, https:\/\/www.vaillant.de\/21-grad\/wp-content\/uploads\/2019\/09\/Einkaufswagen.jpg 1125w\" sizes=\"auto, (max-width: 360px) 100vw, 360px\" \/><\/a>Der erste Einkauf nach der R\u00fcckkehr aus dem Urlaub war eine Herausforderung. Der Einkaufswagen sollte plastikfrei sein: \u201eWas k\u00f6nnen wir kaufen, wenn es entweder unverpackt oder in wiederverwertbaren Verpackungen sein soll?\u201c Marions T\u00f6chter waren Feuer und Flamme und machten den Einkauf kurzerhand zur Schnitzeljagd. Wer fand das n\u00e4chste plastikfreie Einkaufsgut?<br \/>\nAufschnitt und K\u00e4se wurden an der Frischetheke in mitgebrachte Dosen gepackt, Obst und Gem\u00fcse lagen lose im Einkaufswagen. Jede Menge Produkte werden in Gl\u00e4sern, Metall oder Papier verpackt. Selbst Nudeln fand sie in einer Pappverpackung. Es geht nicht darum, unverpackt einzukaufen, aber plastikfrei. Manche Produkte wurden auf diese Weise schlichtweg von der Einkaufsliste gestrichen. Joghurt wird nur noch im Glas gekauft, kleine Joghurtbecher aus Plastik finden nicht mehr ihren Weg in Marions K\u00fchlschrank. Am Ende war der Einkaufswagen voll \u2013 ohne ein St\u00fcck Plastik. Bevor es an die Kasse ging, wurde stolz das Ergebnis fotografiert.<\/p>\n<p>Die Lebensmittelversorgung war gesichert, also wendete sie sich der n\u00e4chsten Herausforderung zu: das Badezimmer. Dort ist alles aus Plastik. Zahnb\u00fcrste, Zahncreme, Shampoo, Kosmetika. Es mussten alternative Produkte gefunden werden. Mit ein bisschen Recherche fiel ihr auf, wie viele Produkte durchaus auch als plastikfreie Variante auf dem Markt waren: Die Zahnb\u00fcrste ist aus Bambus, die Zahnpasta kommt als Tabletten in Papier, Kosmetika oder Pflegeprodukte gibt es in Glas oder Metall zu erwerben. Sie selbst verzichtet sogar auf Kosmetika: \u201eKokos\u00f6l ist eine wunderbare Hautpflege. Das gibt es im Schraubglas bei dm.\u201c<\/p>\n<h2>Kreativit\u00e4t und Gelassenheit<\/h2>\n<p>Kreativit\u00e4t ist definitiv gefragt, wenn es um ein plastikfreies Leben geht, aber auch Durchhalteverm\u00f6gen. Das genervte St\u00f6hnen der Hinterm\u00e4nner in der Kassenschlange ignoriert sie gekonnt, wenn sie die Kassenschlange durch das Abwiegen von unverpacktem Obst und Gem\u00fcse ausbremst. Marion sieht es sportlich und st\u00f6rt sich nicht dran: \u201eIch will keinen bekehren, ich mache das f\u00fcr mich und meine Kinder. Das gibt einfach ein gutes Gef\u00fchl\u201c, sagt sie.<\/p>\n<p>Ihr, aber auch ihren T\u00f6chtern, macht es Spa\u00df, immer was zu finden, was man wieder in den Kreislauf geben kann. Die letzte Konsequenz f\u00fcr ein plastikfreies Leben ging auch von Marions \u00e4ltester Tochter aus: Die Abiturientin besch\u00e4ftigte sich schon lange mit nachhaltigem Lebensstil und wollte selbst etwas \u00e4ndern. \u201eDer gelbe Sack eine Farce\u201c, erz\u00e4hlt sie. \u201eEs werden nur 4-7 Prozent des Inhalts wirklich recycled. Der Rest wird f\u00fcr die M\u00fcllverbrennung genutzt.\u201c Das ist ern\u00fcchternd.<\/p>\n<h2>Minimalismus als Ziel<\/h2>\n<p>Marions langfristiges Ziel ist der Minimalismus. Raus mit dem ganzen Plunder, von allem nur das N\u00f6tigste besitzen \u2013 also das, was wirklich gebraucht wird. Das geht nicht von heute auf Morgen. Zu viele Vorr\u00e4te m\u00fcssen erst einmal aufgebraucht werden, und schlie\u00dflich soll die Umstellung nicht sklavisch oder gar dogmatisch enden: \u201eAlles ist denkbar, aber nur aus \u00dcberzeugung, nicht aus Dogmatik\u201c, ist die Leitlinie. Peu \u00e0 peu \u00e4ndern sich Gewohnheiten und Verhaltensweisen: Letztens fiel das Fleisch vom Speiseplan. Die Familie ist komplett auf vegetarische Ern\u00e4hrung. Auch eine vegane Ern\u00e4hrung ist prinzipiell denkbar, aber Marion ist gespannt, was sich in den n\u00e4chsten Monaten und Jahren noch alles \u00e4ndern wird. \u201eDas ist ganz obendrein sch\u00f6n befreiend\u201c, lacht sie. Da kam der j\u00fcngste Umzug ja gerade wie gerufen\u2026<\/p>\n<div id=\"attachment_4612\" style=\"width: 690px\" class=\"wp-caption aligncenter\"><a href=\"https:\/\/www.vaillant.de\/21-grad\/wp-content\/uploads\/2019\/09\/Haushaltstypische-Abfaelle-2015.jpg\"><img loading=\"lazy\" decoding=\"async\" aria-describedby=\"caption-attachment-4612\" class=\"wp-image-4612 size-large\" src=\"https:\/\/www.vaillant.de\/21-grad\/wp-content\/uploads\/2019\/09\/Haushaltstypische-Abfaelle-2015-853x480.jpg\" alt=\"Haushaltstypische Abf\u00e4lle 2015\" width=\"680\" height=\"383\" srcset=\"https:\/\/www.vaillant.de\/21-grad\/wp-content\/uploads\/2019\/09\/Haushaltstypische-Abfaelle-2015-853x480.jpg 853w, https:\/\/www.vaillant.de\/21-grad\/wp-content\/uploads\/2019\/09\/Haushaltstypische-Abfaelle-2015-412x232.jpg 412w, https:\/\/www.vaillant.de\/21-grad\/wp-content\/uploads\/2019\/09\/Haushaltstypische-Abfaelle-2015-768x432.jpg 768w, https:\/\/www.vaillant.de\/21-grad\/wp-content\/uploads\/2019\/09\/Haushaltstypische-Abfaelle-2015.jpg 960w\" sizes=\"auto, (max-width: 680px) 100vw, 680px\" \/><\/a><p id=\"caption-attachment-4612\" class=\"wp-caption-text\">Quelle: Tagesschau<\/p><\/div>\n<p>Wie \u201cgr\u00fcn\u201d bist du?<br \/>\n<a href=\"http:\/\/www.mygreeniq.com\/de\/\" target=\"_blank\" rel=\"noopener noreferrer\">Green IQ Test<\/a><\/p>\n<h2>Plastikfrei einkaufen ist gar nicht so schwer<\/h2>\n<p>Etliche Alltagsprodukte lassen sich ohne Schwierigkeiten durch plastikfreie Alternativen ersetzen. Superm\u00e4rkte und Drogeriem\u00e4rkte haben den Wunsch nach weniger Plastik ebenfalls erkannt und f\u00fchren etliche Produkte in ihrem Sortiment. Aber auch die Einkaufsl\u00e4den, in denen unverpackte oder in Papier verpackte Produkte angeboten werden, werden immer h\u00e4ufig. Hier eine \u2013 leider nicht vollst\u00e4ndige \u2013 \u00dcbersicht \u00fcber plastikfreie Alternativen. Habt ihr noch mehr f\u00fcr uns?<\/p>\n<table>\n<tbody>\n<tr>\n<th>Plastikprodukt<\/th>\n<th>Plastikfreie Alternative<\/th>\n<\/tr>\n<tr>\n<td>Besteck<\/td>\n<td>Besteck aus Holz<\/td>\n<\/tr>\n<tr>\n<td>Obstverpackung<\/td>\n<td>Baumwoll-Einkaufsnetz f\u00fcr Obst und Gem\u00fcse<\/td>\n<\/tr>\n<tr>\n<td>Frischhaltefolie<\/td>\n<td>Bienenwachst\u00fccher<\/td>\n<\/tr>\n<tr>\n<td>M\u00fclls\u00e4cke<\/td>\n<td>Kompostierbare M\u00fclls\u00e4cke<\/td>\n<\/tr>\n<tr>\n<td>Plastik-Klebeband<\/td>\n<td>Papier-Klebeband<\/td>\n<\/tr>\n<tr>\n<td>Schnellhefter aus Plastik<\/td>\n<td>Schnellhefter aus Karton<\/td>\n<\/tr>\n<tr>\n<td>Computermaus<\/td>\n<td>Computermaus aus Holz<\/td>\n<\/tr>\n<tr>\n<td>Zahnb\u00fcrste<\/td>\n<td>Zahnb\u00fcrste aus Bambus<\/td>\n<\/tr>\n<tr>\n<td>Zahncreme<\/td>\n<td>Zahnputztabletten oder Zahnpasta aus dem Glas<\/td>\n<\/tr>\n<tr>\n<td>Wattest\u00e4bchen<\/td>\n<td>Bambus-Wattest\u00e4bchen<\/td>\n<\/tr>\n<tr>\n<td>Duschgel<\/td>\n<td>Seife (unverpackt)<\/td>\n<\/tr>\n<tr>\n<td>Zahnseide<\/td>\n<td>Kompostierbare Zahnseide<\/td>\n<\/tr>\n<tr>\n<td>Styropor<\/td>\n<td>Gepresstes Stroh<\/td>\n<\/tr>\n<tr>\n<td>Kochl\u00f6ffel und Pfannenwender<\/td>\n<td>Kochl\u00f6ffel und Pfannenwender aus Holz<\/td>\n<\/tr>\n<tr>\n<td>Milch und Joghurt<\/td>\n<td>Milch und Joghurt aus der Flasche<\/td>\n<\/tr>\n<tr>\n<td>Windeln<\/td>\n<td>Windelhosen aus Frottee, Schurwolle oder Stoff mit Vlieseins\u00e4tzen zum Wechseln<\/td>\n<\/tr>\n<\/tbody>\n<\/table>\n<p>&nbsp;<\/p>\n<p>&nbsp;<\/p>\n","protected":false},"excerpt":{"rendered":"<p>Das ist unsere Kollegin Marion. Sie wei\u00df, was sie will. Und noch besser: Sie wei\u00df, was sie nicht will: Das ist Plastik. Lange Zeit \u00e4rgerte sie sich bereits \u00fcber die Plastikberge, die sich am Ende eines Einkaufs in der heimischen K\u00fcche t\u00fcrmten. \u201eUnn\u00f6tig, \u00fcberfl\u00fcssig und eine v\u00f6llige Umweltsauerei\u201c, sagt sie ruhig. Und jetzt hat sie ihnen den Rauswurf erteilt. In heimischen Haushalt gibt es kein Plastik mehr.<\/p>\n","protected":false},"author":6,"featured_media":4614,"comment_status":"open","ping_status":"open","sticky":false,"template":"","format":"standard","meta":{"footnotes":""},"categories":[6],"tags":[106,86,171,23],"coauthors":[70],"class_list":["post-4606","post","type-post","status-publish","format-standard","has-post-thumbnail","hentry","category-hasen-und-koepfe","tag-konsum","tag-leben","tag-lifestyle","tag-nachhaltigkeit"],"yoast_head":"<!-- This site is optimized with the Yoast SEO plugin v27.4 - https:\/\/yoast.com\/product\/yoast-seo-wordpress\/ -->\n<title>Kein Plastik bei Storchs | 21grad<\/title>\n<meta name=\"description\" content=\"Vaillant-Mitarbeiterin Marion Storch hat zusammen mit ihren T\u00f6chtern ihren Haushalt vom Plastik befreit \u2714 Wie lebt es sich plastikfrei? \u2794 Mehr erfahren!\" \/>\n<meta name=\"robots\" content=\"index, follow, max-snippet:-1, max-image-preview:large, max-video-preview:-1\" \/>\n<link rel=\"canonical\" href=\"https:\/\/www.vaillant.de\/21-grad\/hasen-und-koepfe\/kein-plastik-bei-storchs-eine-vaillant-mitarbeiterin-hat-dem-plastik-abgeschworen\/\" \/>\n<meta property=\"og:locale\" content=\"de_DE\" \/>\n<meta property=\"og:type\" content=\"article\" \/>\n<meta property=\"og:title\" content=\"Kein Plastik bei Storchs | 21grad\" \/>\n<meta property=\"og:description\" content=\"Vaillant-Mitarbeiterin Marion Storch hat zusammen mit ihren T\u00f6chtern ihren Haushalt vom Plastik befreit \u2714 Wie lebt es sich plastikfrei? \u2794 Mehr erfahren!\" \/>\n<meta property=\"og:url\" content=\"https:\/\/www.vaillant.de\/21-grad\/hasen-und-koepfe\/kein-plastik-bei-storchs-eine-vaillant-mitarbeiterin-hat-dem-plastik-abgeschworen\/\" \/>\n<meta property=\"og:site_name\" content=\"21 grad\" \/>\n<meta property=\"article:publisher\" content=\"https:\/\/www.facebook.com\/21grad\/\" \/>\n<meta property=\"article:published_time\" content=\"2019-09-30T09:15:18+00:00\" \/>\n<meta property=\"article:modified_time\" content=\"2021-10-22T14:15:34+00:00\" \/>\n<meta property=\"og:image\" content=\"https:\/\/www.vaillant.de\/21-grad\/wp-content\/uploads\/2019\/09\/Plastikmuell_940.jpg\" \/>\n\t<meta property=\"og:image:width\" content=\"940\" \/>\n\t<meta property=\"og:image:height\" content=\"481\" \/>\n\t<meta property=\"og:image:type\" content=\"image\/jpeg\" \/>\n<meta name=\"author\" content=\"Marcus\" \/>\n<meta name=\"twitter:card\" content=\"summary_large_image\" \/>\n<meta name=\"twitter:creator\" content=\"@vaillant_de\" \/>\n<meta name=\"twitter:site\" content=\"@vaillant_de\" \/>\n<meta name=\"twitter:label1\" content=\"Verfasst von\" \/>\n\t<meta name=\"twitter:data1\" content=\"Marcus\" \/>\n\t<meta name=\"twitter:label2\" content=\"Gesch\u00e4tzte Lesezeit\" \/>\n\t<meta name=\"twitter:data2\" content=\"4\u00a0Minuten\" \/>\n\t<meta name=\"twitter:label3\" content=\"Written by\" \/>\n\t<meta name=\"twitter:data3\" content=\"Marcus\" \/>\n<script type=\"application\/ld+json\" class=\"yoast-schema-graph\">{\"@context\":\"https:\\\/\\\/schema.org\",\"@graph\":[{\"@type\":\"Article\",\"@id\":\"https:\\\/\\\/www.vaillant.de\\\/21-grad\\\/hasen-und-koepfe\\\/kein-plastik-bei-storchs-eine-vaillant-mitarbeiterin-hat-dem-plastik-abgeschworen\\\/#article\",\"isPartOf\":{\"@id\":\"https:\\\/\\\/www.vaillant.de\\\/21-grad\\\/hasen-und-koepfe\\\/kein-plastik-bei-storchs-eine-vaillant-mitarbeiterin-hat-dem-plastik-abgeschworen\\\/\"},\"author\":{\"name\":\"Marcus\",\"@id\":\"https:\\\/\\\/www.vaillant.de\\\/21-grad\\\/#\\\/schema\\\/person\\\/d79d2ba98cd3da7ae5877706050352da\"},\"headline\":\"Kein Plastik bei Storchs &#8211; Eine Vaillant Mitarbeiterin hat dem Plastik abgeschworen\",\"datePublished\":\"2019-09-30T09:15:18+00:00\",\"dateModified\":\"2021-10-22T14:15:34+00:00\",\"mainEntityOfPage\":{\"@id\":\"https:\\\/\\\/www.vaillant.de\\\/21-grad\\\/hasen-und-koepfe\\\/kein-plastik-bei-storchs-eine-vaillant-mitarbeiterin-hat-dem-plastik-abgeschworen\\\/\"},\"wordCount\":906,\"commentCount\":1,\"image\":{\"@id\":\"https:\\\/\\\/www.vaillant.de\\\/21-grad\\\/hasen-und-koepfe\\\/kein-plastik-bei-storchs-eine-vaillant-mitarbeiterin-hat-dem-plastik-abgeschworen\\\/#primaryimage\"},\"thumbnailUrl\":\"https:\\\/\\\/www.vaillant.de\\\/21-grad\\\/wp-content\\\/uploads\\\/2019\\\/09\\\/Plastikmuell_940.jpg\",\"keywords\":[\"Konsum\",\"Leben\",\"Lifestyle\",\"Nachhaltigkeit\"],\"articleSection\":[\"Hasen &amp; K\u00f6pfe\"],\"inLanguage\":\"de\",\"potentialAction\":[{\"@type\":\"CommentAction\",\"name\":\"Comment\",\"target\":[\"https:\\\/\\\/www.vaillant.de\\\/21-grad\\\/hasen-und-koepfe\\\/kein-plastik-bei-storchs-eine-vaillant-mitarbeiterin-hat-dem-plastik-abgeschworen\\\/#respond\"]}]},{\"@type\":\"WebPage\",\"@id\":\"https:\\\/\\\/www.vaillant.de\\\/21-grad\\\/hasen-und-koepfe\\\/kein-plastik-bei-storchs-eine-vaillant-mitarbeiterin-hat-dem-plastik-abgeschworen\\\/\",\"url\":\"https:\\\/\\\/www.vaillant.de\\\/21-grad\\\/hasen-und-koepfe\\\/kein-plastik-bei-storchs-eine-vaillant-mitarbeiterin-hat-dem-plastik-abgeschworen\\\/\",\"name\":\"Kein Plastik bei Storchs | 21grad\",\"isPartOf\":{\"@id\":\"https:\\\/\\\/www.vaillant.de\\\/21-grad\\\/#website\"},\"primaryImageOfPage\":{\"@id\":\"https:\\\/\\\/www.vaillant.de\\\/21-grad\\\/hasen-und-koepfe\\\/kein-plastik-bei-storchs-eine-vaillant-mitarbeiterin-hat-dem-plastik-abgeschworen\\\/#primaryimage\"},\"image\":{\"@id\":\"https:\\\/\\\/www.vaillant.de\\\/21-grad\\\/hasen-und-koepfe\\\/kein-plastik-bei-storchs-eine-vaillant-mitarbeiterin-hat-dem-plastik-abgeschworen\\\/#primaryimage\"},\"thumbnailUrl\":\"https:\\\/\\\/www.vaillant.de\\\/21-grad\\\/wp-content\\\/uploads\\\/2019\\\/09\\\/Plastikmuell_940.jpg\",\"datePublished\":\"2019-09-30T09:15:18+00:00\",\"dateModified\":\"2021-10-22T14:15:34+00:00\",\"author\":{\"@id\":\"https:\\\/\\\/www.vaillant.de\\\/21-grad\\\/#\\\/schema\\\/person\\\/d79d2ba98cd3da7ae5877706050352da\"},\"description\":\"Vaillant-Mitarbeiterin Marion Storch hat zusammen mit ihren T\u00f6chtern ihren Haushalt vom Plastik befreit \u2714 Wie lebt es sich plastikfrei? \u2794 Mehr erfahren!\",\"breadcrumb\":{\"@id\":\"https:\\\/\\\/www.vaillant.de\\\/21-grad\\\/hasen-und-koepfe\\\/kein-plastik-bei-storchs-eine-vaillant-mitarbeiterin-hat-dem-plastik-abgeschworen\\\/#breadcrumb\"},\"inLanguage\":\"de\",\"potentialAction\":[{\"@type\":\"ReadAction\",\"target\":[\"https:\\\/\\\/www.vaillant.de\\\/21-grad\\\/hasen-und-koepfe\\\/kein-plastik-bei-storchs-eine-vaillant-mitarbeiterin-hat-dem-plastik-abgeschworen\\\/\"]}]},{\"@type\":\"ImageObject\",\"inLanguage\":\"de\",\"@id\":\"https:\\\/\\\/www.vaillant.de\\\/21-grad\\\/hasen-und-koepfe\\\/kein-plastik-bei-storchs-eine-vaillant-mitarbeiterin-hat-dem-plastik-abgeschworen\\\/#primaryimage\",\"url\":\"https:\\\/\\\/www.vaillant.de\\\/21-grad\\\/wp-content\\\/uploads\\\/2019\\\/09\\\/Plastikmuell_940.jpg\",\"contentUrl\":\"https:\\\/\\\/www.vaillant.de\\\/21-grad\\\/wp-content\\\/uploads\\\/2019\\\/09\\\/Plastikmuell_940.jpg\",\"width\":940,\"height\":481,\"caption\":\"Plastikm\u00fcll\"},{\"@type\":\"BreadcrumbList\",\"@id\":\"https:\\\/\\\/www.vaillant.de\\\/21-grad\\\/hasen-und-koepfe\\\/kein-plastik-bei-storchs-eine-vaillant-mitarbeiterin-hat-dem-plastik-abgeschworen\\\/#breadcrumb\",\"itemListElement\":[{\"@type\":\"ListItem\",\"position\":1,\"name\":\"Startseite\",\"item\":\"https:\\\/\\\/www.vaillant.de\\\/21-grad\\\/\"},{\"@type\":\"ListItem\",\"position\":2,\"name\":\"Kein Plastik bei Storchs &#8211; Eine Vaillant Mitarbeiterin hat dem Plastik abgeschworen\"}]},{\"@type\":\"WebSite\",\"@id\":\"https:\\\/\\\/www.vaillant.de\\\/21-grad\\\/#website\",\"url\":\"https:\\\/\\\/www.vaillant.de\\\/21-grad\\\/\",\"name\":\"21 grad\",\"description\":\"Der Blog f\u00fcr Menschen, die weiterdenken\",\"potentialAction\":[{\"@type\":\"SearchAction\",\"target\":{\"@type\":\"EntryPoint\",\"urlTemplate\":\"https:\\\/\\\/www.vaillant.de\\\/21-grad\\\/?s={search_term_string}\"},\"query-input\":{\"@type\":\"PropertyValueSpecification\",\"valueRequired\":true,\"valueName\":\"search_term_string\"}}],\"inLanguage\":\"de\"},{\"@type\":\"Person\",\"@id\":\"https:\\\/\\\/www.vaillant.de\\\/21-grad\\\/#\\\/schema\\\/person\\\/d79d2ba98cd3da7ae5877706050352da\",\"name\":\"Marcus\",\"image\":{\"@type\":\"ImageObject\",\"inLanguage\":\"de\",\"@id\":\"https:\\\/\\\/www.vaillant.de\\\/21-grad\\\/wp-content\\\/uploads\\\/2026\\\/01\\\/Marcus-125x125.jpg9d3430f1bc55d5a5d47a1162a14ae1af\",\"url\":\"https:\\\/\\\/www.vaillant.de\\\/21-grad\\\/wp-content\\\/uploads\\\/2026\\\/01\\\/Marcus-125x125.jpg\",\"contentUrl\":\"https:\\\/\\\/www.vaillant.de\\\/21-grad\\\/wp-content\\\/uploads\\\/2026\\\/01\\\/Marcus-125x125.jpg\",\"caption\":\"Marcus\"},\"description\":\"Willkommen in der wunderbaren Welt des 21grad Blogs. Als Medien- und Kooperationsmanager bin ich bei Vaillant Deutschland u.a. f\u00fcr unsere Fach- und Branchenkommunikation zust\u00e4ndig. Ich freue mich auf den Dialog mit Euch. :-) Nachhaltigkeit Bewusster Konsum und soziales Engagement liegen mir sehr am Herzen. Zuhause nutze ich \u00d6kostrom und Biogas, bei Lebensmitteln sind mir Labels wie Fair-Trade oder Bio sehr wichtig. Ich bin Sportwart beim Tennisclub Gr\u00fcn-Wei\u00df Lennep und engagiere mich auch f\u00fcr Aktion Mensch oder SOS-Kinderdorf. Interessen Unternehmungen mit Familie und Freunden, Tennis, Rock-Konzerte, Kino, B\u00fccher (z.B. Hornby, Eschbach, Uschmann) Was wolltest du als Kind gerne werden? Um es mit den \u00c4rzten zu sagen: Popstar, Bademeister oder Astronaut Was bringt dich auf die Palme? Menschen, die Schuld immer bei anderen suchen oder auch nat\u00fcrlich eine leckere Kokosnuss Was war der beste Rat, den du jemals erhalten hast? \u201eDenke in L\u00f6sungen, nicht in Problemen.\u201c\",\"url\":\"https:\\\/\\\/www.vaillant.de\\\/21-grad\\\/autor\\\/marcus\\\/\"}]}<\/script>\n<!-- \/ Yoast SEO plugin. -->","yoast_head_json":{"title":"Kein Plastik bei Storchs | 21grad","description":"Vaillant-Mitarbeiterin Marion Storch hat zusammen mit ihren T\u00f6chtern ihren Haushalt vom Plastik befreit \u2714 Wie lebt es sich plastikfrei? \u2794 Mehr erfahren!","robots":{"index":"index","follow":"follow","max-snippet":"max-snippet:-1","max-image-preview":"max-image-preview:large","max-video-preview":"max-video-preview:-1"},"canonical":"https:\/\/www.vaillant.de\/21-grad\/hasen-und-koepfe\/kein-plastik-bei-storchs-eine-vaillant-mitarbeiterin-hat-dem-plastik-abgeschworen\/","og_locale":"de_DE","og_type":"article","og_title":"Kein Plastik bei Storchs | 21grad","og_description":"Vaillant-Mitarbeiterin Marion Storch hat zusammen mit ihren T\u00f6chtern ihren Haushalt vom Plastik befreit \u2714 Wie lebt es sich plastikfrei? \u2794 Mehr erfahren!","og_url":"https:\/\/www.vaillant.de\/21-grad\/hasen-und-koepfe\/kein-plastik-bei-storchs-eine-vaillant-mitarbeiterin-hat-dem-plastik-abgeschworen\/","og_site_name":"21 grad","article_publisher":"https:\/\/www.facebook.com\/21grad\/","article_published_time":"2019-09-30T09:15:18+00:00","article_modified_time":"2021-10-22T14:15:34+00:00","og_image":[{"width":940,"height":481,"url":"https:\/\/www.vaillant.de\/21-grad\/wp-content\/uploads\/2019\/09\/Plastikmuell_940.jpg","type":"image\/jpeg"}],"author":"Marcus","twitter_card":"summary_large_image","twitter_creator":"@vaillant_de","twitter_site":"@vaillant_de","twitter_misc":{"Verfasst von":"Marcus","Gesch\u00e4tzte Lesezeit":"4\u00a0Minuten","Written by":"Marcus"},"schema":{"@context":"https:\/\/schema.org","@graph":[{"@type":"Article","@id":"https:\/\/www.vaillant.de\/21-grad\/hasen-und-koepfe\/kein-plastik-bei-storchs-eine-vaillant-mitarbeiterin-hat-dem-plastik-abgeschworen\/#article","isPartOf":{"@id":"https:\/\/www.vaillant.de\/21-grad\/hasen-und-koepfe\/kein-plastik-bei-storchs-eine-vaillant-mitarbeiterin-hat-dem-plastik-abgeschworen\/"},"author":{"name":"Marcus","@id":"https:\/\/www.vaillant.de\/21-grad\/#\/schema\/person\/d79d2ba98cd3da7ae5877706050352da"},"headline":"Kein Plastik bei Storchs &#8211; Eine Vaillant Mitarbeiterin hat dem Plastik abgeschworen","datePublished":"2019-09-30T09:15:18+00:00","dateModified":"2021-10-22T14:15:34+00:00","mainEntityOfPage":{"@id":"https:\/\/www.vaillant.de\/21-grad\/hasen-und-koepfe\/kein-plastik-bei-storchs-eine-vaillant-mitarbeiterin-hat-dem-plastik-abgeschworen\/"},"wordCount":906,"commentCount":1,"image":{"@id":"https:\/\/www.vaillant.de\/21-grad\/hasen-und-koepfe\/kein-plastik-bei-storchs-eine-vaillant-mitarbeiterin-hat-dem-plastik-abgeschworen\/#primaryimage"},"thumbnailUrl":"https:\/\/www.vaillant.de\/21-grad\/wp-content\/uploads\/2019\/09\/Plastikmuell_940.jpg","keywords":["Konsum","Leben","Lifestyle","Nachhaltigkeit"],"articleSection":["Hasen &amp; K\u00f6pfe"],"inLanguage":"de","potentialAction":[{"@type":"CommentAction","name":"Comment","target":["https:\/\/www.vaillant.de\/21-grad\/hasen-und-koepfe\/kein-plastik-bei-storchs-eine-vaillant-mitarbeiterin-hat-dem-plastik-abgeschworen\/#respond"]}]},{"@type":"WebPage","@id":"https:\/\/www.vaillant.de\/21-grad\/hasen-und-koepfe\/kein-plastik-bei-storchs-eine-vaillant-mitarbeiterin-hat-dem-plastik-abgeschworen\/","url":"https:\/\/www.vaillant.de\/21-grad\/hasen-und-koepfe\/kein-plastik-bei-storchs-eine-vaillant-mitarbeiterin-hat-dem-plastik-abgeschworen\/","name":"Kein Plastik bei Storchs | 21grad","isPartOf":{"@id":"https:\/\/www.vaillant.de\/21-grad\/#website"},"primaryImageOfPage":{"@id":"https:\/\/www.vaillant.de\/21-grad\/hasen-und-koepfe\/kein-plastik-bei-storchs-eine-vaillant-mitarbeiterin-hat-dem-plastik-abgeschworen\/#primaryimage"},"image":{"@id":"https:\/\/www.vaillant.de\/21-grad\/hasen-und-koepfe\/kein-plastik-bei-storchs-eine-vaillant-mitarbeiterin-hat-dem-plastik-abgeschworen\/#primaryimage"},"thumbnailUrl":"https:\/\/www.vaillant.de\/21-grad\/wp-content\/uploads\/2019\/09\/Plastikmuell_940.jpg","datePublished":"2019-09-30T09:15:18+00:00","dateModified":"2021-10-22T14:15:34+00:00","author":{"@id":"https:\/\/www.vaillant.de\/21-grad\/#\/schema\/person\/d79d2ba98cd3da7ae5877706050352da"},"description":"Vaillant-Mitarbeiterin Marion Storch hat zusammen mit ihren T\u00f6chtern ihren Haushalt vom Plastik befreit \u2714 Wie lebt es sich plastikfrei? \u2794 Mehr erfahren!","breadcrumb":{"@id":"https:\/\/www.vaillant.de\/21-grad\/hasen-und-koepfe\/kein-plastik-bei-storchs-eine-vaillant-mitarbeiterin-hat-dem-plastik-abgeschworen\/#breadcrumb"},"inLanguage":"de","potentialAction":[{"@type":"ReadAction","target":["https:\/\/www.vaillant.de\/21-grad\/hasen-und-koepfe\/kein-plastik-bei-storchs-eine-vaillant-mitarbeiterin-hat-dem-plastik-abgeschworen\/"]}]},{"@type":"ImageObject","inLanguage":"de","@id":"https:\/\/www.vaillant.de\/21-grad\/hasen-und-koepfe\/kein-plastik-bei-storchs-eine-vaillant-mitarbeiterin-hat-dem-plastik-abgeschworen\/#primaryimage","url":"https:\/\/www.vaillant.de\/21-grad\/wp-content\/uploads\/2019\/09\/Plastikmuell_940.jpg","contentUrl":"https:\/\/www.vaillant.de\/21-grad\/wp-content\/uploads\/2019\/09\/Plastikmuell_940.jpg","width":940,"height":481,"caption":"Plastikm\u00fcll"},{"@type":"BreadcrumbList","@id":"https:\/\/www.vaillant.de\/21-grad\/hasen-und-koepfe\/kein-plastik-bei-storchs-eine-vaillant-mitarbeiterin-hat-dem-plastik-abgeschworen\/#breadcrumb","itemListElement":[{"@type":"ListItem","position":1,"name":"Startseite","item":"https:\/\/www.vaillant.de\/21-grad\/"},{"@type":"ListItem","position":2,"name":"Kein Plastik bei Storchs &#8211; Eine Vaillant Mitarbeiterin hat dem Plastik abgeschworen"}]},{"@type":"WebSite","@id":"https:\/\/www.vaillant.de\/21-grad\/#website","url":"https:\/\/www.vaillant.de\/21-grad\/","name":"21 grad","description":"Der Blog f\u00fcr Menschen, die weiterdenken","potentialAction":[{"@type":"SearchAction","target":{"@type":"EntryPoint","urlTemplate":"https:\/\/www.vaillant.de\/21-grad\/?s={search_term_string}"},"query-input":{"@type":"PropertyValueSpecification","valueRequired":true,"valueName":"search_term_string"}}],"inLanguage":"de"},{"@type":"Person","@id":"https:\/\/www.vaillant.de\/21-grad\/#\/schema\/person\/d79d2ba98cd3da7ae5877706050352da","name":"Marcus","image":{"@type":"ImageObject","inLanguage":"de","@id":"https:\/\/www.vaillant.de\/21-grad\/wp-content\/uploads\/2026\/01\/Marcus-125x125.jpg9d3430f1bc55d5a5d47a1162a14ae1af","url":"https:\/\/www.vaillant.de\/21-grad\/wp-content\/uploads\/2026\/01\/Marcus-125x125.jpg","contentUrl":"https:\/\/www.vaillant.de\/21-grad\/wp-content\/uploads\/2026\/01\/Marcus-125x125.jpg","caption":"Marcus"},"description":"Willkommen in der wunderbaren Welt des 21grad Blogs. Als Medien- und Kooperationsmanager bin ich bei Vaillant Deutschland u.a. f\u00fcr unsere Fach- und Branchenkommunikation zust\u00e4ndig. Ich freue mich auf den Dialog mit Euch. :-) Nachhaltigkeit Bewusster Konsum und soziales Engagement liegen mir sehr am Herzen. Zuhause nutze ich \u00d6kostrom und Biogas, bei Lebensmitteln sind mir Labels wie Fair-Trade oder Bio sehr wichtig. Ich bin Sportwart beim Tennisclub Gr\u00fcn-Wei\u00df Lennep und engagiere mich auch f\u00fcr Aktion Mensch oder SOS-Kinderdorf. Interessen Unternehmungen mit Familie und Freunden, Tennis, Rock-Konzerte, Kino, B\u00fccher (z.B. Hornby, Eschbach, Uschmann) Was wolltest du als Kind gerne werden? Um es mit den \u00c4rzten zu sagen: Popstar, Bademeister oder Astronaut Was bringt dich auf die Palme? Menschen, die Schuld immer bei anderen suchen oder auch nat\u00fcrlich eine leckere Kokosnuss Was war der beste Rat, den du jemals erhalten hast? \u201eDenke in L\u00f6sungen, nicht in Problemen.\u201c","url":"https:\/\/www.vaillant.de\/21-grad\/autor\/marcus\/"}]}},"_links":{"self":[{"href":"https:\/\/www.vaillant.de\/21-grad\/wp-json\/wp\/v2\/posts\/4606","targetHints":{"allow":["GET"]}}],"collection":[{"href":"https:\/\/www.vaillant.de\/21-grad\/wp-json\/wp\/v2\/posts"}],"about":[{"href":"https:\/\/www.vaillant.de\/21-grad\/wp-json\/wp\/v2\/types\/post"}],"author":[{"embeddable":true,"href":"https:\/\/www.vaillant.de\/21-grad\/wp-json\/wp\/v2\/users\/6"}],"replies":[{"embeddable":true,"href":"https:\/\/www.vaillant.de\/21-grad\/wp-json\/wp\/v2\/comments?post=4606"}],"version-history":[{"count":8,"href":"https:\/\/www.vaillant.de\/21-grad\/wp-json\/wp\/v2\/posts\/4606\/revisions"}],"predecessor-version":[{"id":4618,"href":"https:\/\/www.vaillant.de\/21-grad\/wp-json\/wp\/v2\/posts\/4606\/revisions\/4618"}],"wp:featuredmedia":[{"embeddable":true,"href":"https:\/\/www.vaillant.de\/21-grad\/wp-json\/wp\/v2\/media\/4614"}],"wp:attachment":[{"href":"https:\/\/www.vaillant.de\/21-grad\/wp-json\/wp\/v2\/media?parent=4606"}],"wp:term":[{"taxonomy":"category","embeddable":true,"href":"https:\/\/www.vaillant.de\/21-grad\/wp-json\/wp\/v2\/categories?post=4606"},{"taxonomy":"post_tag","embeddable":true,"href":"https:\/\/www.vaillant.de\/21-grad\/wp-json\/wp\/v2\/tags?post=4606"},{"taxonomy":"author","embeddable":true,"href":"https:\/\/www.vaillant.de\/21-grad\/wp-json\/wp\/v2\/coauthors?post=4606"}],"curies":[{"name":"wp","href":"https:\/\/api.w.org\/{rel}","templated":true}]}}