{"id":4628,"date":"2019-10-28T11:16:03","date_gmt":"2019-10-28T10:16:03","guid":{"rendered":"https:\/\/www.vaillant.de\/21-grad\/?p=4628"},"modified":"2019-11-22T16:32:51","modified_gmt":"2019-11-22T15:32:51","slug":"nachhaltige-technik-gruene-technologien-fuer-die-umwelt","status":"publish","type":"post","link":"https:\/\/www.vaillant.de\/21-grad\/technik-und-trends\/nachhaltige-technik-gruene-technologien-fuer-die-umwelt\/","title":{"rendered":"Nachhaltige Technik &#038; gr\u00fcne Technologien f\u00fcr die Umwelt"},"content":{"rendered":"<h2>Das Problem: Technik und Nachhaltigkeit<\/h2>\n<p>Das Smartphone, das Internet, der Strom aus der Steckdose, Autos, Flugzeuge \u2013 Technik wie diese macht unser Leben leichter und bunter! Wir stehen in st\u00e4ndiger Verbindung zu Familie und Freunden, zu den Wikis und dem Wissen der Welt und sind rasch hin und weg: mit dem Verkehrsmittel unserer Wahl. Doch wie ist es um die Nachhaltigkeit dieser Technik bestellt? Treffen wir tagt\u00e4glich die besten aller m\u00f6glichen Konsumentscheidungen? Und wenn nicht: Gibt es gr\u00fcne Alternativen und welche Aussichten bietet die Technologie?<\/p>\n<h2>Inhalt<\/h2>\n<ul>\n<li><a href=\"https:\/\/www.vaillant.de\/21-grad\/technik-und-trends\/nachhaltige-technik-gruene-technologien-fuer-die-umwelt\/#gruene_technologien\">Was sind gr\u00fcne Technologien?<\/a><\/li>\n<li><a href=\"https:\/\/www.vaillant.de\/21-grad\/technik-und-trends\/nachhaltige-technik-gruene-technologien-fuer-die-umwelt\/#gruener_strom\">Gr\u00fcner Strom ist nicht gleich gr\u00fcner Strom<\/a><\/li>\n<li><a href=\"https:\/\/www.vaillant.de\/21-grad\/technik-und-trends\/nachhaltige-technik-gruene-technologien-fuer-die-umwelt\/#handy\">Wohin mit dem alten Handy?<\/a><\/li>\n<li><a href=\"https:\/\/www.vaillant.de\/21-grad\/technik-und-trends\/nachhaltige-technik-gruene-technologien-fuer-die-umwelt\/#nachhaltigkeit\">Wie nachhaltig ist das Internet?<\/a><\/li>\n<li><a href=\"https:\/\/www.vaillant.de\/21-grad\/technik-und-trends\/nachhaltige-technik-gruene-technologien-fuer-die-umwelt\/#smartphone\">Wie nachhaltig sind Smartphones?<\/a><\/li>\n<li><a href=\"https:\/\/www.vaillant.de\/21-grad\/technik-und-trends\/nachhaltige-technik-gruene-technologien-fuer-die-umwelt\/#fairphone\">Deutlich nachhaltiger: das Fairphone<\/a><\/li>\n<li><a href=\"https:\/\/www.vaillant.de\/21-grad\/technik-und-trends\/nachhaltige-technik-gruene-technologien-fuer-die-umwelt\/#kunstsstoffhuelle\">Muss es immer die Handyh\u00fclle aus Kunststoff sein?<\/a><\/li>\n<li><a href=\"https:\/\/www.vaillant.de\/21-grad\/technik-und-trends\/nachhaltige-technik-gruene-technologien-fuer-die-umwelt\/#ki\">K\u00fcnstliche Intelligenz und Apps f\u00fcr mehr Nachhaltigkeit<\/a><\/li>\n<li><a href=\"https:\/\/www.vaillant.de\/21-grad\/technik-und-trends\/nachhaltige-technik-gruene-technologien-fuer-die-umwelt\/#nachhaltig_reisen\">Nachhaltig Reisen von A nach B<\/a><\/li>\n<li><a href=\"https:\/\/www.vaillant.de\/21-grad\/technik-und-trends\/nachhaltige-technik-gruene-technologien-fuer-die-umwelt\/#innovationen\">Technische Innovationen f\u00fcr mehr Nachhaltigkeit<\/a><\/li>\n<\/ul>\n<h2 id=\"gruene_technologien\">Definition: Was sind gr\u00fcne Technologien?<\/h2>\n<div id=\"attachment_4642\" style=\"width: 358px\" class=\"wp-caption alignright\"><a href=\"https:\/\/www.vaillant.de\/21-grad\/wp-content\/uploads\/2019\/10\/windrad.jpg\"><img loading=\"lazy\" decoding=\"async\" aria-describedby=\"caption-attachment-4642\" class=\"size-medium wp-image-4642\" src=\"https:\/\/www.vaillant.de\/21-grad\/wp-content\/uploads\/2019\/10\/windrad-348x232.jpg\" alt=\"\" width=\"348\" height=\"232\" srcset=\"https:\/\/www.vaillant.de\/21-grad\/wp-content\/uploads\/2019\/10\/windrad-348x232.jpg 348w, https:\/\/www.vaillant.de\/21-grad\/wp-content\/uploads\/2019\/10\/windrad-768x512.jpg 768w, https:\/\/www.vaillant.de\/21-grad\/wp-content\/uploads\/2019\/10\/windrad-720x480.jpg 720w, https:\/\/www.vaillant.de\/21-grad\/wp-content\/uploads\/2019\/10\/windrad.jpg 1920w\" sizes=\"auto, (max-width: 348px) 100vw, 348px\" \/><\/a><p id=\"caption-attachment-4642\" class=\"wp-caption-text\">Bild von <a href=\"https:\/\/pixabay.com\/de\/users\/fotoblend-87167\/?utm_source=link-attribution&amp;utm_medium=referral&amp;utm_campaign=image&amp;utm_content=3766015\">Willfried Wende<\/a> auf <a href=\"https:\/\/pixabay.com\/de\/?utm_source=link-attribution&amp;utm_medium=referral&amp;utm_campaign=image&amp;utm_content=3766015\">Pixabay<\/a><\/p><\/div>\n<p>Viele denken sicherlich zuerst an erneuerbare Energie und deren Nutzung mittels Windkraftr\u00e4dern, Wasserkraft- oder Solaranlagen. Neben der umweltfreundlichen Energieerzeugung geh\u00f6ren die Kernbereiche Energie-, Rohstoff- und Materialeffizienz, gr\u00fcnes Bauen, nachhaltige Mobilit\u00e4t, gr\u00fcne Logistik, Wasser-, Abfall- und Kreislaufwirtschaft sowie Finanzierung und Versicherung dazu. Gr\u00fcne Technologie ist also in vielen Sektoren anzutreffen und als Querschnittsbranche aus Umwelttechnologien und -dienstleistungen zu beschreiben. Ziel ist stets die Schonung von Klima, Umwelt und Ressourcen \u2013 was nachhaltiger Technik in der Nutzungsphase auch gelingt. Hergestellt wird sie jedoch h\u00e4ufig aus Rohstoffen, die mit \u00f6kologischen und sozialen Problemen behaftet sind. Zum Beispiel Kobalt aus dem Kongo, Seltene Erden aus China oder Lithium aus S\u00fcdamerika. Gleiches gilt f\u00fcr die Gewinnung von Graphit sowie Grundmetallen wie Eisen, Kupfer und Aluminium, die u. a. in Indien oder Guinea abgebaut werden. Daher w\u00e4re der Schritt in Richtung Nachhaltigkeit noch gr\u00f6\u00dfer, wenn sich Gesetzgeber und Hersteller verst\u00e4rkt darum bem\u00fchten, die negativen Auswirkungen entlang der Lieferkette zu verringern oder zu vermeiden.<\/p>\n<h2>Nachhaltigkeit aus der Steckdose: Strom &amp; Internet<\/h2>\n<h3 id=\"gruener_strom\">\u00d6kostrom: Gr\u00fcner Strom ist nicht gleich gr\u00fcner Strom<\/h3>\n<div id=\"attachment_4641\" style=\"width: 407px\" class=\"wp-caption alignleft\"><a href=\"https:\/\/www.vaillant.de\/21-grad\/wp-content\/uploads\/2019\/10\/gruene-steckdosen.jpg\"><img loading=\"lazy\" decoding=\"async\" aria-describedby=\"caption-attachment-4641\" class=\"size-medium wp-image-4641\" src=\"https:\/\/www.vaillant.de\/21-grad\/wp-content\/uploads\/2019\/10\/gruene-steckdosen-397x232.jpg\" alt=\"\" width=\"397\" height=\"232\" srcset=\"https:\/\/www.vaillant.de\/21-grad\/wp-content\/uploads\/2019\/10\/gruene-steckdosen-397x232.jpg 397w, https:\/\/www.vaillant.de\/21-grad\/wp-content\/uploads\/2019\/10\/gruene-steckdosen-768x449.jpg 768w, https:\/\/www.vaillant.de\/21-grad\/wp-content\/uploads\/2019\/10\/gruene-steckdosen-821x480.jpg 821w, https:\/\/www.vaillant.de\/21-grad\/wp-content\/uploads\/2019\/10\/gruene-steckdosen.jpg 1920w\" sizes=\"auto, (max-width: 397px) 100vw, 397px\" \/><\/a><p id=\"caption-attachment-4641\" class=\"wp-caption-text\">Bild von <a href=\"https:\/\/pixabay.com\/de\/users\/sumanley-2265479\/?utm_source=link-attribution&amp;utm_medium=referral&amp;utm_campaign=image&amp;utm_content=2961681\">Sumanley xulx<\/a> auf <a href=\"https:\/\/pixabay.com\/de\/?utm_source=link-attribution&amp;utm_medium=referral&amp;utm_campaign=image&amp;utm_content=2961681\">Pixabay<\/a><\/p><\/div>\n<p>\u00d6kostrom ist bereits in vielen Haushalten zuhause. Entscheidend ist, \u201ewirksamen\u201c \u00d6kostrom zu kaufen. Denn echter Umweltnutzen entsteht erst, wenn der Tarif konventionellen Strom vom Markt verdr\u00e4ngt. Dies geschieht durch den Bau von neuen \u00d6kokraftwerken. Diese Zubauwirkung lassen sich nachhaltige Stromanbieter mit einem Zertifikat bescheinigen. Die strengsten Ma\u00dfst\u00e4be legen das Ok-power-Label und das Gr\u00fcner-Strom-Label an. Das zur ersten Orientierung. Wenn Ihr bisher dachtet: \u201eHauptsache \u00d6kostrom und alles ist gr\u00fcn\u201c, lagt Ihr leider falsch. Nur ein Problem: Hierzulande gibt es keine verbindliche Definition f\u00fcr \u00d6kostrom. Der Bundesverband Erneuerbare Energien zum Beispiel l\u00e4sst \u00d6kostrom f\u00fcr jeden Strom zu, der wenigstens zur H\u00e4lfte aus Erneuerbaren wie Windenergie, Solarenergie, Hydroenergie und Geothermie stammt \u2013 wenn die andere H\u00e4lfte aus Kraft-W\u00e4rme-Kopplungsanlagen stammt. Die erzeugen Strom und W\u00e4rme und werden h\u00e4ufig mit fossilen Brennstoffen betrieben. Weitere spannende Infos \u2013 auch \u00fcber den zweifelhaften Zertifikate-Handel \u2013 findet Ihr hier: \u201e<a href=\"https:\/\/www.vaillant.de\/21-grad\/bewusst-und-sein\/gruener-strom-fuer-vaillant-oekostrom-in-unternehmen\/\" target=\"_blank\" rel=\"noopener noreferrer\">Gr\u00fcner Strom f\u00fcr Vaillant: \u00d6kostrom in Unternehmen<\/a>\u201c.<\/p>\n<div class=\"infobox hint\"><\/p>\n<h2>Garantiert gr\u00fcn: Photovoltaikstrom vom eigenen Dach<\/h2>\n<p>Wer jetzt dar\u00fcber nachdenkt, selbst zum \u00d6kostromerzeuger zu werden, findet <a href=\"https:\/\/www.vaillant.de\/21-grad\/wissen-und-wert\/nachteile-von-photovoltaik-was-ist-dran\/\" target=\"_blank\" rel=\"noopener noreferrer\">hier<\/a> Antworten auf Fragen, die jeden potentiellen Photovoltaikanlagen-Besitzer besch\u00e4ftigen: Scheint \u00fcberhaupt genug Sonne in unseren Breitengeraden? Erzeuge ich auch dann \u00d6kostrom, wenn die Sonne nicht scheint? Oder: Muss ich meine Photovoltaikanlage erneuern, wenn sie gerade gewinnbringend geworden ist? Alle Infos zu Vorteilen, Funktion, F\u00f6rderung etc. von Solaranlagen findet Ihr im Vaillant Ratgeber zu <a href=\"https:\/\/www.vaillant.de\/heizung\/heizung-verstehen\/technologie-verstehen\/solarenergie\/photovoltaik\/\" target=\"_blank\" rel=\"noopener noreferrer\">Photovoltaik<\/a> und <a href=\"https:\/\/www.vaillant.de\/heizung\/heizung-verstehen\/technologie-verstehen\/solarenergie\/\" target=\"_blank\" rel=\"noopener noreferrer\">Solarthermie<\/a>.<\/p>\n<p><\/div>\n<h3 id=\"nachhaltigkeit\">Wie nachhaltig ist das Internet?<\/h3>\n<div id=\"attachment_4643\" style=\"width: 358px\" class=\"wp-caption alignright\"><a href=\"https:\/\/www.vaillant.de\/21-grad\/wp-content\/uploads\/2019\/10\/intrenet.jpg\"><img loading=\"lazy\" decoding=\"async\" aria-describedby=\"caption-attachment-4643\" class=\"size-medium wp-image-4643\" src=\"https:\/\/www.vaillant.de\/21-grad\/wp-content\/uploads\/2019\/10\/intrenet-348x232.jpg\" alt=\"Internet\" width=\"348\" height=\"232\" srcset=\"https:\/\/www.vaillant.de\/21-grad\/wp-content\/uploads\/2019\/10\/intrenet-348x232.jpg 348w, https:\/\/www.vaillant.de\/21-grad\/wp-content\/uploads\/2019\/10\/intrenet-768x512.jpg 768w, https:\/\/www.vaillant.de\/21-grad\/wp-content\/uploads\/2019\/10\/intrenet-720x480.jpg 720w, https:\/\/www.vaillant.de\/21-grad\/wp-content\/uploads\/2019\/10\/intrenet.jpg 1920w\" sizes=\"auto, (max-width: 348px) 100vw, 348px\" \/><\/a><p id=\"caption-attachment-4643\" class=\"wp-caption-text\">Bild von <a href=\"https:\/\/pixabay.com\/photos\/?utm_source=link-attribution&amp;utm_medium=referral&amp;utm_campaign=image&amp;utm_content=731198\">Free-Photos<\/a> auf <a href=\"https:\/\/pixabay.com\/de\/?utm_source=link-attribution&amp;utm_medium=referral&amp;utm_campaign=image&amp;utm_content=731198\">Pixabay<\/a><\/p><\/div>\n<p>Ein Leben ohne Internet? Ist unvorstellbar! Und w\u00e4hrend Ihr Euch im Netz \u00fcber gr\u00fcne Technik und Technologien informiert, stellt sich die Frage: Wie umweltfreundlich ist das Internet? Wie nachhaltig surfen wir? Um es kurz machen: Der Stromverbrauch ist immens. Bereits vor zw\u00f6lf Jahren rechnete der Autor Nicholas Carr aus, dass eine animierte Figur im Online-Game \u201eSecond Life\u201c fast genauso viel Strom verbraucht wie du und ich: n\u00e4mlich 1.752 kWh pro Jahr. Weltweit verbraucht ein Mensch im Durchschnitt 2.436 kWh. Und nat\u00fcrlich kostet auch Googeln Strom. 200 Millionen Mal wird die Suchmaschine t\u00e4glich genutzt. Eine Suche dauert durchschnittlich 0,2 Sekunden und verursacht nach Unternehmensangaben 0,2 Gramm CO2. Andere Quellen sprechen von einem bis zehn Gramm pro Suche. Schauen wir YouTube, verzehnfacht sich der CO2-Austo\u00df \u2013 mindestens. Ist das viel? Eine Energiesparlampe verursacht sechs Gramm CO2 \u2013 pro Stunde. Bevor wir das d\u00fcstere Szenario weiter ausmalen und die steigende Nachfrage nach Cloud-Diensten bem\u00fchen, schauen wir lieber, wie wir m\u00f6glichst gr\u00fcner durchs Internet kommen, zum Beispiel durch Nutzung umweltfreundlicher Suchmaschinen. Im Post \u201e<a href=\"https:\/\/www.vaillant.de\/21-grad\/rat-und-tat\/nachhaltig-im-netz-unterwegs\/\" target=\"_blank\" rel=\"noopener noreferrer\">Nachhaltig im Netz unterwegs<\/a>\u201c findet Ihr praktische Tipps.<\/p>\n<h2 id=\"smartphone\">Nachhaltigkeit &amp; Handys: Wie gr\u00fcn sind Smartphones?<\/h2>\n<div id=\"attachment_4645\" style=\"width: 396px\" class=\"wp-caption alignleft\"><a href=\"https:\/\/www.vaillant.de\/21-grad\/wp-content\/uploads\/2019\/10\/smart-phone.jpg\"><img loading=\"lazy\" decoding=\"async\" aria-describedby=\"caption-attachment-4645\" class=\"size-medium wp-image-4645\" src=\"https:\/\/www.vaillant.de\/21-grad\/wp-content\/uploads\/2019\/10\/smart-phone-386x232.jpg\" alt=\"Smart Phone\" width=\"386\" height=\"232\" srcset=\"https:\/\/www.vaillant.de\/21-grad\/wp-content\/uploads\/2019\/10\/smart-phone-386x232.jpg 386w, https:\/\/www.vaillant.de\/21-grad\/wp-content\/uploads\/2019\/10\/smart-phone-768x461.jpg 768w, https:\/\/www.vaillant.de\/21-grad\/wp-content\/uploads\/2019\/10\/smart-phone-800x480.jpg 800w, https:\/\/www.vaillant.de\/21-grad\/wp-content\/uploads\/2019\/10\/smart-phone.jpg 1211w\" sizes=\"auto, (max-width: 386px) 100vw, 386px\" \/><\/a><p id=\"caption-attachment-4645\" class=\"wp-caption-text\">Bild von <a href=\"https:\/\/pixabay.com\/de\/users\/6689062-6689062\/?utm_source=link-attribution&amp;utm_medium=referral&amp;utm_campaign=image&amp;utm_content=2846221\">David Schwarzenberg<\/a> auf <a href=\"https:\/\/pixabay.com\/de\/?utm_source=link-attribution&amp;utm_medium=referral&amp;utm_campaign=image&amp;utm_content=2846221\">Pixabay<\/a><\/p><\/div>\n<p>Handys und Smartphones sind eine super Sache! Aber sind sie auch nachhaltig? Leider nein, denn ihre Herstellung ist rohstoff- und energieintensiv \u2013 und hergestellt werden immer mehr Ger\u00e4te: Besa\u00dfen 2011 noch 700 Millionen Menschen weltweit ein Smartphone, waren es 2017 schon drei Milliarden. Drei Milliarden Nutzer, die zudem immer mehr surfen und mit dem Datenvolumen auch den Stromverbrauch in die H\u00f6he treiben. Energieeffiziente Rechenzentren? Sind eher noch die Ausnahme. Auch eine Studie der Deutschen Umwelthilfe (DUH) best\u00e4tigt: Weder Hersteller noch Netzbetreiber r\u00fchmen sich durch ausgepr\u00e4gte Nachhaltigkeit \u2013 zumal viele Vertragsmodelle darauf abzielen, dass Smartphones j\u00e4hrlich erneuert werden. Dadurch schlummern mehr als doppelt so viele Handys in deutschen Haushalten als genutzt werden \u2013 satte 120 Millionen. Smart, wer jetzt seine Altger\u00e4te zum Recyclinghof bringt oder eine der vielen Sammelstellen nutzt: Die professionelle Wiederaufbereitung eines Handys spart bis 48 kg CO2, so die DUH. Ein weiteres Nachhaltigkeitsdefizit von Smartphones sind deren immer k\u00fcrzere Lebenszyklen. Und wir sind einfach zu scharf darauf, immer die neuesten Modelle in der Tasche zu haben. Modelle, die immer sensibler, komplexer und \u2013 reparaturunfreundlicher werden.<\/p>\n<div class=\"infobox hint\"><\/p>\n<h2 id=\"handy\">Wohin mit dem alten Handy?<\/h2>\n<p>Lasst es nicht in der Schublade schlummern, sondern verkauft funktionst\u00fcchtige Ger\u00e4te zur Verl\u00e4ngerung der Gesamtnutzungszeit \u2013 oder f\u00fchrt defekte Telefone in den Wertstoffkreislauf zur\u00fcck. Es gibt viele M\u00f6glichkeiten, alte Handys kostenlos zu recyceln \u2013 auch per Post: zum Beispiel \u00fcber <a href=\"http:\/\/handysammelcenter.de\" target=\"_blank\" rel=\"noopener noreferrer\">handysammelcenter.de<\/a> (Deutsche Telekom), \u00fcber das Projekt \u201e<a href=\"https:\/\/www.nabu.de\/umwelt-und-ressourcen\/aktionen-und-projekte\/alte-handys-fuer-die-havel\/\" target=\"_blank\" rel=\"noopener noreferrer\">Alte Handys zur Renaturierung der Havel<\/a>\u201c Naturschutzbund Deutschland) oder <a href=\"http:\/\/handysfuerdieumwelt.de\" target=\"_blank\" rel=\"noopener noreferrer\">handysfuerdieumwelt.de<\/a> (Deutsche Umwelthilfe).<\/p>\n<p><\/div>\n<h3 id=\"fairphone\">Deutlich nachhaltiger: das Fairphone<\/h3>\n<p>Gerade jetzt, Anfang September 2019, kommt das neue Fairphone 3 auf den Markt \u2013 vier (vier!) Jahre nach dem Fairphone 2. Seine transparente H\u00fclle ist zwar nicht wasserdicht, aber sie gibt den Blick auf den Akku frei. Auf dem steht \u201eChange is in your hands\u201c. Dem Fairphone liegt ein kleiner Kreuzschlitzschraubendreher mit Hebelfunktion bei. Damit liefert der Hersteller die L\u00f6sung zu so manchem Hardware-Problem gleich mit. Denn unter dem mit 13 Schr\u00e4ubchen befestigten Display befinden sich Module, die wir bei Defekt selbst austauschen k\u00f6nnen: zum Beispiel die Lautsprecher, Anschlussbuchsen oder die Kameraabdeckung. Das Display nat\u00fcrlich auch. Wer also plant, sein Smartphone l\u00e4nger als bis zum n\u00e4chsten Vertragsabschluss zu behalten, kann dank der im Online-Shop erh\u00e4tlichen Module nicht nur etwas f\u00fcr die Umwelt tun, sondern auch Geld f\u00fcr Reparaturdienste oder sogar f\u00fcr ein neues Smartphone sparen. Das Fairphone 3 hat zwar kein Top-Multikamerasystem und auch keinen Top-Prozessor, aber gute \u2013 und kostet mit 450 EUR nicht die Welt. Mehr \u00fcber die Produktion des Fairphones erfahrt Ihr hier: \u201e<a href=\"https:\/\/www.vaillant.de\/21-grad\/technik-und-trends\/fairphone-co-alternativen-im-elektro-dschungel\/\" target=\"_blank\" rel=\"noopener noreferrer\">Fairphone &amp; Co.: Alternativen im Elektro-Dschungel<\/a>\u201c.<\/p>\n<div class=\"infobox hint\"><\/p>\n<h2 id=\"kunstsstoffhuelle\">Nachhaltige Handyh\u00fcllen<\/h2>\n<p>Was k\u00f6nnen wir tun, um Smartphones nachhaltiger zu machen? Sie \u00f6fter mal ausschalten \u2013 und sie statt in Kunststoff in Holz, Kork, Leder, Filz oder Bambus h\u00fcllen. Handyh\u00fcllen aus kompostierbarem Material k\u00f6nnen sogar bedenkenlos auf den Komposthaufen geworfen werden, wo sie von Mikroorganismen vernichtet werden. Eine weitere gr\u00fcne Alternative sind Handyh\u00fcllen aus Rizinus\u00f6l. Deren Kunststoff besitzt dieselbe gute Haptik und Schutzfunktion wie herk\u00f6mmliches Plastik \u2013 verursacht aber \u00fcber den Lebenszyklus bis zu 75 % weniger CO2.<\/p>\n<p><\/div>\n<h3 id=\"ki\">K\u00fcnstliche Intelligenz (KI) und Apps f\u00fcr mehr Nachhaltigkeit<\/h3>\n<div id=\"attachment_4644\" style=\"width: 381px\" class=\"wp-caption alignright\"><a href=\"https:\/\/www.vaillant.de\/21-grad\/wp-content\/uploads\/2019\/10\/smart-home.jpg\"><img loading=\"lazy\" decoding=\"async\" aria-describedby=\"caption-attachment-4644\" class=\"size-medium wp-image-4644\" src=\"https:\/\/www.vaillant.de\/21-grad\/wp-content\/uploads\/2019\/10\/smart-home-371x232.jpg\" alt=\"Smart Home\" width=\"371\" height=\"232\" srcset=\"https:\/\/www.vaillant.de\/21-grad\/wp-content\/uploads\/2019\/10\/smart-home-371x232.jpg 371w, https:\/\/www.vaillant.de\/21-grad\/wp-content\/uploads\/2019\/10\/smart-home-768x481.jpg 768w, https:\/\/www.vaillant.de\/21-grad\/wp-content\/uploads\/2019\/10\/smart-home-767x480.jpg 767w, https:\/\/www.vaillant.de\/21-grad\/wp-content\/uploads\/2019\/10\/smart-home.jpg 1920w\" sizes=\"auto, (max-width: 371px) 100vw, 371px\" \/><\/a><p id=\"caption-attachment-4644\" class=\"wp-caption-text\">Bild von <a href=\"https:\/\/pixabay.com\/de\/users\/geralt-9301\/?utm_source=link-attribution&amp;utm_medium=referral&amp;utm_campaign=image&amp;utm_content=3317438\">Gerd Altmann<\/a> auf <a href=\"https:\/\/pixabay.com\/de\/?utm_source=link-attribution&amp;utm_medium=referral&amp;utm_campaign=image&amp;utm_content=3317438\">Pixabay<\/a><\/p><\/div>\n<p>Extreme Wetterereignisse wie St\u00fcrme, monsunartige Regenf\u00e4lle oder extreme Trockenheit nehmen weltweit zu. Die Abholzung der W\u00e4lder schreitet voran, die Arten werden weniger und Luft, B\u00f6den und Gew\u00e4sser schmutziger. Was h\u00e4lt KI in Sachen Nachhaltigkeit f\u00fcr uns bereit? Kann die Automatisierung intelligenten Verhaltens und maschinelles Lernen zur L\u00f6sung dieser Probleme beitragen? Die Fachwelt ist zuversichtlich. Systeme, deren Datenanalysen und -auswertungen zur Optimierung von Arbeits- und Fertigungsprozessen eingesetzt werden, k\u00f6nnten in Zukunft auch verst\u00e4rkt genutzt werden, um Energieverbr\u00e4uche und die Auslastung von Maschinen zu verbessern. Noch Zukunftsmusik ist der breite Einsatz von KI-basierten Analysedaten in der Landwirtschaft: Wenn es gel\u00e4nge, Daten wie die der Bodenbeschaffenheit und der Wetterprognosen miteinander zu verbinden, k\u00f6nnten genau die Mengen an Wasser und N\u00e4hrstoffen auf die Felder gebracht werden, die das Pflanzenwachstum optimal f\u00f6rdern: nicht weniger, aber auch nicht mehr. Die nachhaltige Fl\u00e4chennutzung, \u201eSmart Citys\u201c oder \u201eSmart Homes\u201c sind weitere Wirtschaftsbereiche, in denen die intelligente Aus- und Verwertung von Daten k\u00fcnftig noch st\u00e4rker zum Tragen kommen kann. Wie KI heute schon das Leben von Senioren sicherer gestaltet, lest Ihr <a href=\"https:\/\/www.vaillant.de\/21-grad\/technik-und-trends\/smart-home-fuer-senioren-sicher-und-sorgenfreier-leben-im-alter\/\" target=\"_blank\" rel=\"noopener noreferrer\">hier<\/a>. Im Post \u201e<a href=\"https:\/\/www.vaillant.de\/21-grad\/technik-und-trends\/kuenstliche-intelligenz-echte-nachhaltigkeit\/\" target=\"_blank\" rel=\"noopener noreferrer\">K\u00fcnstliche Intelligenz \u2013 echte Nachhaltigkeit<\/a>\u201c erfahrt Ihr, wie KI dazu beitr\u00e4gt, den Regenwald gr\u00fcner, Patienten sicherer und Weltraumaufenthalte f\u00fcr Astronauten einfacher zu machen. Und auch wir k\u00f6nnen jeden Tag etwas Gutes f\u00fcr Umwelt und Gesellschaft tun: zum Beispiel mithilfe \u201e<a href=\"https:\/\/www.vaillant.de\/21-grad\/rat-und-tat\/gruene-apps-fuer-die-hosentasche\/\" target=\"_blank\" rel=\"noopener noreferrer\">Gr\u00fcner Apps f\u00fcr die Hosentasche<\/a>\u201c.<\/p>\n<h2 id=\"nachhaltig_reisen\">Nachhaltig Reisen von A nach B<\/h2>\n<p>Inzwischen ist es fast schon in jedem Handgep\u00e4ck: das schlechte Gewissen. Denn wir wissen, dass Flugzeuge eine Menge CO2 aussto\u00dfen. Und die dreimal h\u00f6here Klimawirksamkeit des Flugverkehrs macht es nicht besser: In H\u00f6he ausgesto\u00dfene Emissionen richten gr\u00f6\u00dfere Sch\u00e4den an als am Boden. Daher wird der CO2-Aussto\u00df von Flugzeugen \u00fcblicherweise mit dem so genannten RFI-Faktor (Radiative Forcing Index) multipliziert, um deren wahren Klimaschaden zu ermitteln. Auch deshalb steckt in dem gefl\u00fcgelten Wort \u201eWarum in die Ferne schweifen\u2026\u201c mehr Wahrheit denn je! Aber wie sind wir in der N\u00e4he am umweltschonendsten unterwegs? Der \u00f6kologische Verkehrsclub VCD r\u00e4t, beim Vergleich der Verkehrsmittel unbedingt den Auslastungsgrad zu ber\u00fccksichtigen. Denn je st\u00e4rker sie besetzt sind, desto besser ist die CO2-Bilanz pro Person. W\u00e4hrend ein Auto im Durchschnitt zu etwa 30 Prozent ausgelastet ist (1,5 Personen), ist es die Bahn zu 42 Prozent. Reisebusse schneiden im Umweltvergleich sogar noch besser ab, da sie eine durchschnittliche Auslastung von 60 Prozent aufweisen. Im Umkehrschluss bedeutet das aber auch, dass die Fahrt mit einem voll besetzten Pkw theoretisch klimavertr\u00e4glicher sein kann als mit der Bahn. Die \u00f6ffentlichen Verkehrsmittel verkehren jedoch ohnehin nach Fahrplan; jede Strecke, die alternativ zum Pkw mit Bus und Bahn zur\u00fcckgelegt wird, reduziert daher den CO2-Aussto\u00df.<\/p>\n<div id=\"attachment_4631\" style=\"width: 690px\" class=\"wp-caption aligncenter\"><a href=\"https:\/\/www.vaillant.de\/21-grad\/wp-content\/uploads\/2019\/10\/Nachhaltig-reisen.jpg\"><img loading=\"lazy\" decoding=\"async\" aria-describedby=\"caption-attachment-4631\" class=\"wp-image-4631 size-large\" src=\"https:\/\/www.vaillant.de\/21-grad\/wp-content\/uploads\/2019\/10\/Nachhaltig-reisen-940x422.jpg\" alt=\"Vergleich der durchschnittlichen Emissionen einzelner Verkehrsmittel im Personenverkehr\" width=\"680\" height=\"305\" srcset=\"https:\/\/www.vaillant.de\/21-grad\/wp-content\/uploads\/2019\/10\/Nachhaltig-reisen-940x422.jpg 940w, https:\/\/www.vaillant.de\/21-grad\/wp-content\/uploads\/2019\/10\/Nachhaltig-reisen-456x204.jpg 456w, https:\/\/www.vaillant.de\/21-grad\/wp-content\/uploads\/2019\/10\/Nachhaltig-reisen-768x344.jpg 768w, https:\/\/www.vaillant.de\/21-grad\/wp-content\/uploads\/2019\/10\/Nachhaltig-reisen.jpg 1008w\" sizes=\"auto, (max-width: 680px) 100vw, 680px\" \/><\/a><p id=\"caption-attachment-4631\" class=\"wp-caption-text\">Quelle: Umweltbundesamt<\/p><\/div>\n<p>Das Umweltbundesamt sagt sogar: Wer ein Jahr lang mit \u00f6ffentlichen Verkehrsmitteln zur Arbeit f\u00e4hrt statt mit dem Auto, kann bei einer Entfernung von 25 Kilometern rund 320 Kilogramm CO2 sparen und rund 3.700 Euro sparen (Annahme: an 220 Tagen 24 km mit der S-Bahn und zu Fu\u00df statt mit dem Pkw fahren). Wie \u00f6ffentliche Verkehrs- und Transportmittel der Zukunft aussehen k\u00f6nnten, erfahrt Ihr in dem Post \u201e<a href=\"https:\/\/www.vaillant.de\/21-grad\/technik-und-trends\/hyperloop\/\" target=\"_blank\" rel=\"noopener noreferrer\">Hyperloop: Wie Tesla-Genie Elon Musk die n\u00e4chste Verkehrsrevolution plant<\/a>\u201c: Zuk\u00fcnftig sollen Personen und G\u00fcter mit bis 1.200 km\/h in einer R\u00f6hre bef\u00f6rdert werden. Bis diese Serienreife erlangt hat, wird der Umstieg auf Elektromobilit\u00e4t vorangeschritten sein. Denn schon heute geh\u00f6ren E-Autos fast zum allt\u00e4glichen Stra\u00dfenbild: Rekordwert bei der Anzahl in Deutschland zugelassener Elektroautos \u2013 am 1. Januar 2019 waren auf deutschen Stra\u00dfen rund 83.200 Stromer unterwegs. Der Bestand ist im Vergleich zum Vorjahr um mehr als 29.000 St\u00fcck angewachsen.<\/p>\n<div class=\"infobox hint\"><\/p>\n<h2>Wenn schon fliegen, dann atmosfair!<\/h2>\n<p>Auf <a href=\"http:\/\/www.atmosfair.de\" target=\"_blank\" rel=\"noopener noreferrer\">atmosfair<\/a> k\u00f6nnt Ihr Geld in ein Klimaschutz-Projekt investieren, um die CO2-Emissionen auf dem Flug zum Ferienort zu kompensieren. Die einen bezeichnen dies als modernen Ablasshandel \u2013 wir sehen darin einen kleinen Schritt in die richtige Richtung. Vergleichbares bieten <a href=\"http:\/\/www.greenmiles.de\" target=\"_blank\" rel=\"noopener noreferrer\">greenmiles<\/a>, <a href=\"http:\/\/www.prima-klima-weltweit.de\" target=\"_blank\" rel=\"noopener noreferrer\">PrimaKlima-weltweit<\/a> oder <a href=\"http:\/\/www.myclimate.org\" target=\"_blank\" rel=\"noopener noreferrer\">My Climate<\/a>, wo Ihr zum Teil auch gefahrene Autokilometer kompensieren k\u00f6nnt. Bei <a href=\"http:\/\/www.co2ol.de\" target=\"_blank\" rel=\"noopener noreferrer\">CO2OL<\/a> l\u00e4sst sich sogar das gesamte Leben ausgleichen \u2013 einschlie\u00dflich Wohnen und Einkaufen.<\/p>\n<p><\/div>\n<h2 id=\"innovationen\">Technische Innovationen f\u00fcr mehr Nachhaltigkeit<\/h2>\n<p>In Hamburg steht das BIQ \u2013 das weltweit erste Geb\u00e4ude mit einer Bioreaktorfassade. In den Glaselementen seiner \u201eBiohaut\u201c werden Mikroalgen gez\u00fcchtet, die mit Abgasen gef\u00fcttert werden und das darin befindliche CO2 f\u00fcr den Aufbau von Biomasse nutzen. Diese wiederum dient als Energielieferant. Durch Kombination der energiespendenden Algenfassade mit Geothermie und Solarthermie produziert das Algenhaus mehr Energie, als seine Bewohner verbrauchen. Weitere spannende Infos \u00fcber die Talente von Algen stehen im Post \u201e<a href=\"https:\/\/www.vaillant.de\/21-grad\/technik-und-trends\/mikroalgen-kleine-klimaretter\/\" target=\"_blank\" rel=\"noopener noreferrer\">Mikroalgen: Kleine Klimaretter<\/a>\u201c. Apropos gr\u00fcn: Schon mal was von Green iQ geh\u00f6rt? Dahinter verbergen sich Heiz-, L\u00fcftungs- und Klimager\u00e4te von Vaillant, die \u00fcber ihren gesamten Lebenszyklus hinweg \u2013 vom ersten Entwicklungsschritt bis zur Wiederverwertung nach der Nutzung \u2013 besonders hohen Nachhaltigkeitsanspr\u00fcchen gen\u00fcgen m\u00fcssen. Seht selbst: \u201e<a href=\"https:\/\/www.vaillant.de\/21-grad\/technik-und-trends\/haertetest-wie-gruen-sind-green-iq-geraete\/\" target=\"_blank\" rel=\"noopener noreferrer\">H\u00e4rtetest \u2013 wie gr\u00fcn sind Green iQ-Ger\u00e4te<\/a>\u201c. Den Gartenbesitzern unter Euch sei auch dieser Artikel empfohlen: \u201e<a href=\"https:\/\/www.vaillant.de\/21-grad\/bewusst-und-sein\/groundfridge\/\" target=\"_blank\" rel=\"noopener noreferrer\">Groundfridge: Gr\u00fcn k\u00fchlen ohne Kosten<\/a>\u201c. Weitere \u201e<a href=\"https:\/\/www.vaillant.de\/21-grad\/technik-und-trends\/hightech-nach-natuerlichem-vorbild\/\" target=\"_blank\" rel=\"noopener noreferrer\">Hightech nach nat\u00fcrlichem Vorbild<\/a>\u201c stellt der gleichnamige Artikel vor. Viel Spa\u00df!<\/p>\n","protected":false},"excerpt":{"rendered":"<p>Ein Leben ohne Technik ist unvorstellbar. Aber Technik, die uns erst die Umwelt und dann das Leben kostet, ist auch keine L\u00f6sung \u2013 so viel ist klar. Deshalb haben wir uns nach gr\u00fcnen Alternativen umgeschaut.     <\/p>\n","protected":false},"author":19,"featured_media":4646,"comment_status":"open","ping_status":"open","sticky":false,"template":"","format":"standard","meta":{"footnotes":""},"categories":[4],"tags":[86,23,165],"coauthors":[243],"class_list":["post-4628","post","type-post","status-publish","format-standard","has-post-thumbnail","hentry","category-technik-und-trends","tag-leben","tag-nachhaltigkeit","tag-zukunftstrends"],"yoast_head":"<!-- This site is optimized with the Yoast SEO plugin v27.4 - https:\/\/yoast.com\/product\/yoast-seo-wordpress\/ -->\n<title>Nachhaltige Technik: Gr\u00fcne Technologie-Innovationen | 21 grad<\/title>\n<meta name=\"description\" content=\"Technik und Nachhaltigkeit \u2013 das ist kein Widerspruch in sich! \u2605 Wie Technologie die Welt gr\u00fcner machen kann? \u2192 Erfahrt Ihr hier im Blog!\" \/>\n<meta name=\"robots\" content=\"index, follow, max-snippet:-1, max-image-preview:large, max-video-preview:-1\" \/>\n<link rel=\"canonical\" href=\"https:\/\/www.vaillant.de\/21-grad\/technik-und-trends\/nachhaltige-technik-gruene-technologien-fuer-die-umwelt\/\" \/>\n<meta property=\"og:locale\" content=\"de_DE\" \/>\n<meta property=\"og:type\" content=\"article\" \/>\n<meta property=\"og:title\" content=\"Nachhaltige Technik: Gr\u00fcne Technologie-Innovationen | 21 grad\" \/>\n<meta property=\"og:description\" content=\"Technik und Nachhaltigkeit \u2013 das ist kein Widerspruch in sich! \u2605 Wie Technologie die Welt gr\u00fcner machen kann? \u2192 Erfahrt Ihr hier im Blog!\" \/>\n<meta property=\"og:url\" content=\"https:\/\/www.vaillant.de\/21-grad\/technik-und-trends\/nachhaltige-technik-gruene-technologien-fuer-die-umwelt\/\" \/>\n<meta property=\"og:site_name\" content=\"21 grad\" \/>\n<meta property=\"article:publisher\" content=\"https:\/\/www.facebook.com\/21grad\/\" \/>\n<meta property=\"article:published_time\" content=\"2019-10-28T10:16:03+00:00\" \/>\n<meta property=\"article:modified_time\" content=\"2019-11-22T15:32:51+00:00\" \/>\n<meta property=\"og:image\" content=\"https:\/\/www.vaillant.de\/21-grad\/wp-content\/uploads\/2019\/10\/gruene-technik-header.jpg\" \/>\n\t<meta property=\"og:image:width\" content=\"940\" \/>\n\t<meta property=\"og:image:height\" content=\"480\" \/>\n\t<meta property=\"og:image:type\" content=\"image\/jpeg\" \/>\n<meta name=\"author\" content=\"Tim\" \/>\n<meta name=\"twitter:card\" content=\"summary_large_image\" \/>\n<meta name=\"twitter:creator\" content=\"@vaillant_de\" \/>\n<meta name=\"twitter:site\" content=\"@vaillant_de\" \/>\n<meta name=\"twitter:label1\" content=\"Verfasst von\" \/>\n\t<meta name=\"twitter:data1\" content=\"Tim\" \/>\n\t<meta name=\"twitter:label2\" content=\"Gesch\u00e4tzte Lesezeit\" \/>\n\t<meta name=\"twitter:data2\" content=\"11\u00a0Minuten\" \/>\n\t<meta name=\"twitter:label3\" content=\"Written by\" \/>\n\t<meta name=\"twitter:data3\" content=\"Tim\" \/>\n<script type=\"application\/ld+json\" class=\"yoast-schema-graph\">{\"@context\":\"https:\\\/\\\/schema.org\",\"@graph\":[{\"@type\":\"Article\",\"@id\":\"https:\\\/\\\/www.vaillant.de\\\/21-grad\\\/technik-und-trends\\\/nachhaltige-technik-gruene-technologien-fuer-die-umwelt\\\/#article\",\"isPartOf\":{\"@id\":\"https:\\\/\\\/www.vaillant.de\\\/21-grad\\\/technik-und-trends\\\/nachhaltige-technik-gruene-technologien-fuer-die-umwelt\\\/\"},\"author\":{\"name\":\"Tim\",\"@id\":\"https:\\\/\\\/www.vaillant.de\\\/21-grad\\\/#\\\/schema\\\/person\\\/6c5f5a4071f0c7be145a9df11dac0709\"},\"headline\":\"Nachhaltige Technik &#038; gr\u00fcne Technologien f\u00fcr die Umwelt\",\"datePublished\":\"2019-10-28T10:16:03+00:00\",\"dateModified\":\"2019-11-22T15:32:51+00:00\",\"mainEntityOfPage\":{\"@id\":\"https:\\\/\\\/www.vaillant.de\\\/21-grad\\\/technik-und-trends\\\/nachhaltige-technik-gruene-technologien-fuer-die-umwelt\\\/\"},\"wordCount\":2244,\"commentCount\":1,\"image\":{\"@id\":\"https:\\\/\\\/www.vaillant.de\\\/21-grad\\\/technik-und-trends\\\/nachhaltige-technik-gruene-technologien-fuer-die-umwelt\\\/#primaryimage\"},\"thumbnailUrl\":\"https:\\\/\\\/www.vaillant.de\\\/21-grad\\\/wp-content\\\/uploads\\\/2019\\\/10\\\/gruene-technik-header.jpg\",\"keywords\":[\"Leben\",\"Nachhaltigkeit\",\"Zukunftstrends\"],\"articleSection\":[\"Technik &amp; Trends\"],\"inLanguage\":\"de\",\"potentialAction\":[{\"@type\":\"CommentAction\",\"name\":\"Comment\",\"target\":[\"https:\\\/\\\/www.vaillant.de\\\/21-grad\\\/technik-und-trends\\\/nachhaltige-technik-gruene-technologien-fuer-die-umwelt\\\/#respond\"]}]},{\"@type\":\"WebPage\",\"@id\":\"https:\\\/\\\/www.vaillant.de\\\/21-grad\\\/technik-und-trends\\\/nachhaltige-technik-gruene-technologien-fuer-die-umwelt\\\/\",\"url\":\"https:\\\/\\\/www.vaillant.de\\\/21-grad\\\/technik-und-trends\\\/nachhaltige-technik-gruene-technologien-fuer-die-umwelt\\\/\",\"name\":\"Nachhaltige Technik: Gr\u00fcne Technologie-Innovationen | 21 grad\",\"isPartOf\":{\"@id\":\"https:\\\/\\\/www.vaillant.de\\\/21-grad\\\/#website\"},\"primaryImageOfPage\":{\"@id\":\"https:\\\/\\\/www.vaillant.de\\\/21-grad\\\/technik-und-trends\\\/nachhaltige-technik-gruene-technologien-fuer-die-umwelt\\\/#primaryimage\"},\"image\":{\"@id\":\"https:\\\/\\\/www.vaillant.de\\\/21-grad\\\/technik-und-trends\\\/nachhaltige-technik-gruene-technologien-fuer-die-umwelt\\\/#primaryimage\"},\"thumbnailUrl\":\"https:\\\/\\\/www.vaillant.de\\\/21-grad\\\/wp-content\\\/uploads\\\/2019\\\/10\\\/gruene-technik-header.jpg\",\"datePublished\":\"2019-10-28T10:16:03+00:00\",\"dateModified\":\"2019-11-22T15:32:51+00:00\",\"author\":{\"@id\":\"https:\\\/\\\/www.vaillant.de\\\/21-grad\\\/#\\\/schema\\\/person\\\/6c5f5a4071f0c7be145a9df11dac0709\"},\"description\":\"Technik und Nachhaltigkeit \u2013 das ist kein Widerspruch in sich! \u2605 Wie Technologie die Welt gr\u00fcner machen kann? \u2192 Erfahrt Ihr hier im Blog!\",\"breadcrumb\":{\"@id\":\"https:\\\/\\\/www.vaillant.de\\\/21-grad\\\/technik-und-trends\\\/nachhaltige-technik-gruene-technologien-fuer-die-umwelt\\\/#breadcrumb\"},\"inLanguage\":\"de\",\"potentialAction\":[{\"@type\":\"ReadAction\",\"target\":[\"https:\\\/\\\/www.vaillant.de\\\/21-grad\\\/technik-und-trends\\\/nachhaltige-technik-gruene-technologien-fuer-die-umwelt\\\/\"]}]},{\"@type\":\"ImageObject\",\"inLanguage\":\"de\",\"@id\":\"https:\\\/\\\/www.vaillant.de\\\/21-grad\\\/technik-und-trends\\\/nachhaltige-technik-gruene-technologien-fuer-die-umwelt\\\/#primaryimage\",\"url\":\"https:\\\/\\\/www.vaillant.de\\\/21-grad\\\/wp-content\\\/uploads\\\/2019\\\/10\\\/gruene-technik-header.jpg\",\"contentUrl\":\"https:\\\/\\\/www.vaillant.de\\\/21-grad\\\/wp-content\\\/uploads\\\/2019\\\/10\\\/gruene-technik-header.jpg\",\"width\":940,\"height\":480,\"caption\":\"Bild von Alexas_Fotos auf Pixabay\"},{\"@type\":\"BreadcrumbList\",\"@id\":\"https:\\\/\\\/www.vaillant.de\\\/21-grad\\\/technik-und-trends\\\/nachhaltige-technik-gruene-technologien-fuer-die-umwelt\\\/#breadcrumb\",\"itemListElement\":[{\"@type\":\"ListItem\",\"position\":1,\"name\":\"Startseite\",\"item\":\"https:\\\/\\\/www.vaillant.de\\\/21-grad\\\/\"},{\"@type\":\"ListItem\",\"position\":2,\"name\":\"Nachhaltige Technik &#038; gr\u00fcne Technologien f\u00fcr die Umwelt\"}]},{\"@type\":\"WebSite\",\"@id\":\"https:\\\/\\\/www.vaillant.de\\\/21-grad\\\/#website\",\"url\":\"https:\\\/\\\/www.vaillant.de\\\/21-grad\\\/\",\"name\":\"21 grad\",\"description\":\"Der Blog f\u00fcr Menschen, die weiterdenken\",\"potentialAction\":[{\"@type\":\"SearchAction\",\"target\":{\"@type\":\"EntryPoint\",\"urlTemplate\":\"https:\\\/\\\/www.vaillant.de\\\/21-grad\\\/?s={search_term_string}\"},\"query-input\":{\"@type\":\"PropertyValueSpecification\",\"valueRequired\":true,\"valueName\":\"search_term_string\"}}],\"inLanguage\":\"de\"},{\"@type\":\"Person\",\"@id\":\"https:\\\/\\\/www.vaillant.de\\\/21-grad\\\/#\\\/schema\\\/person\\\/6c5f5a4071f0c7be145a9df11dac0709\",\"name\":\"Tim\",\"image\":{\"@type\":\"ImageObject\",\"inLanguage\":\"de\",\"@id\":\"https:\\\/\\\/www.vaillant.de\\\/21-grad\\\/wp-content\\\/uploads\\\/2025\\\/04\\\/20230516_Vaillant-Mitarbeitershooting-Lennep_0005_MKP-1-125x125.jpg9c05c6497faaba75d1eddfe0b2afcc63\",\"url\":\"https:\\\/\\\/www.vaillant.de\\\/21-grad\\\/wp-content\\\/uploads\\\/2025\\\/04\\\/20230516_Vaillant-Mitarbeitershooting-Lennep_0005_MKP-1-125x125.jpg\",\"contentUrl\":\"https:\\\/\\\/www.vaillant.de\\\/21-grad\\\/wp-content\\\/uploads\\\/2025\\\/04\\\/20230516_Vaillant-Mitarbeitershooting-Lennep_0005_MKP-1-125x125.jpg\",\"caption\":\"Tim\"},\"description\":\"Ob Facebook oder Twitter, ob # oder @, ob Like oder Share \u2013 in meinem Arbeitsalltag dreht sich alles um Social Media. Ich sorge daf\u00fcr, dass unsere Zielgruppen sowohl informative als auch unterhaltsame und interaktive Inhalte mit Mehrwert auf unseren Kan\u00e4len finden. Nachhaltigkeit Nachhaltigkeit spielt vor allem in meiner Bewegung eine Rolle, da ich so viele Wege wie m\u00f6glich mit dem Rad zur\u00fccklege, u.a. den Weg zur Arbeit. Meiner Meinung nach wird viel zu oft auf das Auto zur\u00fcckgegriffen, vor allem f\u00fcr unn\u00f6tige Kurzstrecken unter 10 oder sogar weniger Minuten. Interessen Fu\u00dfball, Skifahren, Fitness, Unternehmungen in der Natur, Musik. Was w\u00fcrdest du mit auf eine einsame Insel nehmen? Einen Plattenspieler, ein gutes Buch und einen erfrischenden Drink. Wenn du eine Superkraft h\u00e4ttest, welche w\u00e4re das und warum? Ich w\u00fcrde mit meiner Superkraft gerne den Klimawandel aufhalten, da wir zwar viel reden, aber noch viel zu wenig daf\u00fcr tun.\",\"url\":\"https:\\\/\\\/www.vaillant.de\\\/21-grad\\\/autor\\\/tim\\\/\"}]}<\/script>\n<!-- \/ Yoast SEO plugin. -->","yoast_head_json":{"title":"Nachhaltige Technik: Gr\u00fcne Technologie-Innovationen | 21 grad","description":"Technik und Nachhaltigkeit \u2013 das ist kein Widerspruch in sich! \u2605 Wie Technologie die Welt gr\u00fcner machen kann? \u2192 Erfahrt Ihr hier im Blog!","robots":{"index":"index","follow":"follow","max-snippet":"max-snippet:-1","max-image-preview":"max-image-preview:large","max-video-preview":"max-video-preview:-1"},"canonical":"https:\/\/www.vaillant.de\/21-grad\/technik-und-trends\/nachhaltige-technik-gruene-technologien-fuer-die-umwelt\/","og_locale":"de_DE","og_type":"article","og_title":"Nachhaltige Technik: Gr\u00fcne Technologie-Innovationen | 21 grad","og_description":"Technik und Nachhaltigkeit \u2013 das ist kein Widerspruch in sich! \u2605 Wie Technologie die Welt gr\u00fcner machen kann? \u2192 Erfahrt Ihr hier im Blog!","og_url":"https:\/\/www.vaillant.de\/21-grad\/technik-und-trends\/nachhaltige-technik-gruene-technologien-fuer-die-umwelt\/","og_site_name":"21 grad","article_publisher":"https:\/\/www.facebook.com\/21grad\/","article_published_time":"2019-10-28T10:16:03+00:00","article_modified_time":"2019-11-22T15:32:51+00:00","og_image":[{"width":940,"height":480,"url":"https:\/\/www.vaillant.de\/21-grad\/wp-content\/uploads\/2019\/10\/gruene-technik-header.jpg","type":"image\/jpeg"}],"author":"Tim","twitter_card":"summary_large_image","twitter_creator":"@vaillant_de","twitter_site":"@vaillant_de","twitter_misc":{"Verfasst von":"Tim","Gesch\u00e4tzte Lesezeit":"11\u00a0Minuten","Written by":"Tim"},"schema":{"@context":"https:\/\/schema.org","@graph":[{"@type":"Article","@id":"https:\/\/www.vaillant.de\/21-grad\/technik-und-trends\/nachhaltige-technik-gruene-technologien-fuer-die-umwelt\/#article","isPartOf":{"@id":"https:\/\/www.vaillant.de\/21-grad\/technik-und-trends\/nachhaltige-technik-gruene-technologien-fuer-die-umwelt\/"},"author":{"name":"Tim","@id":"https:\/\/www.vaillant.de\/21-grad\/#\/schema\/person\/6c5f5a4071f0c7be145a9df11dac0709"},"headline":"Nachhaltige Technik &#038; gr\u00fcne Technologien f\u00fcr die Umwelt","datePublished":"2019-10-28T10:16:03+00:00","dateModified":"2019-11-22T15:32:51+00:00","mainEntityOfPage":{"@id":"https:\/\/www.vaillant.de\/21-grad\/technik-und-trends\/nachhaltige-technik-gruene-technologien-fuer-die-umwelt\/"},"wordCount":2244,"commentCount":1,"image":{"@id":"https:\/\/www.vaillant.de\/21-grad\/technik-und-trends\/nachhaltige-technik-gruene-technologien-fuer-die-umwelt\/#primaryimage"},"thumbnailUrl":"https:\/\/www.vaillant.de\/21-grad\/wp-content\/uploads\/2019\/10\/gruene-technik-header.jpg","keywords":["Leben","Nachhaltigkeit","Zukunftstrends"],"articleSection":["Technik &amp; Trends"],"inLanguage":"de","potentialAction":[{"@type":"CommentAction","name":"Comment","target":["https:\/\/www.vaillant.de\/21-grad\/technik-und-trends\/nachhaltige-technik-gruene-technologien-fuer-die-umwelt\/#respond"]}]},{"@type":"WebPage","@id":"https:\/\/www.vaillant.de\/21-grad\/technik-und-trends\/nachhaltige-technik-gruene-technologien-fuer-die-umwelt\/","url":"https:\/\/www.vaillant.de\/21-grad\/technik-und-trends\/nachhaltige-technik-gruene-technologien-fuer-die-umwelt\/","name":"Nachhaltige Technik: Gr\u00fcne Technologie-Innovationen | 21 grad","isPartOf":{"@id":"https:\/\/www.vaillant.de\/21-grad\/#website"},"primaryImageOfPage":{"@id":"https:\/\/www.vaillant.de\/21-grad\/technik-und-trends\/nachhaltige-technik-gruene-technologien-fuer-die-umwelt\/#primaryimage"},"image":{"@id":"https:\/\/www.vaillant.de\/21-grad\/technik-und-trends\/nachhaltige-technik-gruene-technologien-fuer-die-umwelt\/#primaryimage"},"thumbnailUrl":"https:\/\/www.vaillant.de\/21-grad\/wp-content\/uploads\/2019\/10\/gruene-technik-header.jpg","datePublished":"2019-10-28T10:16:03+00:00","dateModified":"2019-11-22T15:32:51+00:00","author":{"@id":"https:\/\/www.vaillant.de\/21-grad\/#\/schema\/person\/6c5f5a4071f0c7be145a9df11dac0709"},"description":"Technik und Nachhaltigkeit \u2013 das ist kein Widerspruch in sich! \u2605 Wie Technologie die Welt gr\u00fcner machen kann? \u2192 Erfahrt Ihr hier im Blog!","breadcrumb":{"@id":"https:\/\/www.vaillant.de\/21-grad\/technik-und-trends\/nachhaltige-technik-gruene-technologien-fuer-die-umwelt\/#breadcrumb"},"inLanguage":"de","potentialAction":[{"@type":"ReadAction","target":["https:\/\/www.vaillant.de\/21-grad\/technik-und-trends\/nachhaltige-technik-gruene-technologien-fuer-die-umwelt\/"]}]},{"@type":"ImageObject","inLanguage":"de","@id":"https:\/\/www.vaillant.de\/21-grad\/technik-und-trends\/nachhaltige-technik-gruene-technologien-fuer-die-umwelt\/#primaryimage","url":"https:\/\/www.vaillant.de\/21-grad\/wp-content\/uploads\/2019\/10\/gruene-technik-header.jpg","contentUrl":"https:\/\/www.vaillant.de\/21-grad\/wp-content\/uploads\/2019\/10\/gruene-technik-header.jpg","width":940,"height":480,"caption":"Bild von Alexas_Fotos auf Pixabay"},{"@type":"BreadcrumbList","@id":"https:\/\/www.vaillant.de\/21-grad\/technik-und-trends\/nachhaltige-technik-gruene-technologien-fuer-die-umwelt\/#breadcrumb","itemListElement":[{"@type":"ListItem","position":1,"name":"Startseite","item":"https:\/\/www.vaillant.de\/21-grad\/"},{"@type":"ListItem","position":2,"name":"Nachhaltige Technik &#038; gr\u00fcne Technologien f\u00fcr die Umwelt"}]},{"@type":"WebSite","@id":"https:\/\/www.vaillant.de\/21-grad\/#website","url":"https:\/\/www.vaillant.de\/21-grad\/","name":"21 grad","description":"Der Blog f\u00fcr Menschen, die weiterdenken","potentialAction":[{"@type":"SearchAction","target":{"@type":"EntryPoint","urlTemplate":"https:\/\/www.vaillant.de\/21-grad\/?s={search_term_string}"},"query-input":{"@type":"PropertyValueSpecification","valueRequired":true,"valueName":"search_term_string"}}],"inLanguage":"de"},{"@type":"Person","@id":"https:\/\/www.vaillant.de\/21-grad\/#\/schema\/person\/6c5f5a4071f0c7be145a9df11dac0709","name":"Tim","image":{"@type":"ImageObject","inLanguage":"de","@id":"https:\/\/www.vaillant.de\/21-grad\/wp-content\/uploads\/2025\/04\/20230516_Vaillant-Mitarbeitershooting-Lennep_0005_MKP-1-125x125.jpg9c05c6497faaba75d1eddfe0b2afcc63","url":"https:\/\/www.vaillant.de\/21-grad\/wp-content\/uploads\/2025\/04\/20230516_Vaillant-Mitarbeitershooting-Lennep_0005_MKP-1-125x125.jpg","contentUrl":"https:\/\/www.vaillant.de\/21-grad\/wp-content\/uploads\/2025\/04\/20230516_Vaillant-Mitarbeitershooting-Lennep_0005_MKP-1-125x125.jpg","caption":"Tim"},"description":"Ob Facebook oder Twitter, ob # oder @, ob Like oder Share \u2013 in meinem Arbeitsalltag dreht sich alles um Social Media. Ich sorge daf\u00fcr, dass unsere Zielgruppen sowohl informative als auch unterhaltsame und interaktive Inhalte mit Mehrwert auf unseren Kan\u00e4len finden. Nachhaltigkeit Nachhaltigkeit spielt vor allem in meiner Bewegung eine Rolle, da ich so viele Wege wie m\u00f6glich mit dem Rad zur\u00fccklege, u.a. den Weg zur Arbeit. Meiner Meinung nach wird viel zu oft auf das Auto zur\u00fcckgegriffen, vor allem f\u00fcr unn\u00f6tige Kurzstrecken unter 10 oder sogar weniger Minuten. Interessen Fu\u00dfball, Skifahren, Fitness, Unternehmungen in der Natur, Musik. Was w\u00fcrdest du mit auf eine einsame Insel nehmen? Einen Plattenspieler, ein gutes Buch und einen erfrischenden Drink. Wenn du eine Superkraft h\u00e4ttest, welche w\u00e4re das und warum? Ich w\u00fcrde mit meiner Superkraft gerne den Klimawandel aufhalten, da wir zwar viel reden, aber noch viel zu wenig daf\u00fcr tun.","url":"https:\/\/www.vaillant.de\/21-grad\/autor\/tim\/"}]}},"_links":{"self":[{"href":"https:\/\/www.vaillant.de\/21-grad\/wp-json\/wp\/v2\/posts\/4628","targetHints":{"allow":["GET"]}}],"collection":[{"href":"https:\/\/www.vaillant.de\/21-grad\/wp-json\/wp\/v2\/posts"}],"about":[{"href":"https:\/\/www.vaillant.de\/21-grad\/wp-json\/wp\/v2\/types\/post"}],"author":[{"embeddable":true,"href":"https:\/\/www.vaillant.de\/21-grad\/wp-json\/wp\/v2\/users\/19"}],"replies":[{"embeddable":true,"href":"https:\/\/www.vaillant.de\/21-grad\/wp-json\/wp\/v2\/comments?post=4628"}],"version-history":[{"count":10,"href":"https:\/\/www.vaillant.de\/21-grad\/wp-json\/wp\/v2\/posts\/4628\/revisions"}],"predecessor-version":[{"id":4736,"href":"https:\/\/www.vaillant.de\/21-grad\/wp-json\/wp\/v2\/posts\/4628\/revisions\/4736"}],"wp:featuredmedia":[{"embeddable":true,"href":"https:\/\/www.vaillant.de\/21-grad\/wp-json\/wp\/v2\/media\/4646"}],"wp:attachment":[{"href":"https:\/\/www.vaillant.de\/21-grad\/wp-json\/wp\/v2\/media?parent=4628"}],"wp:term":[{"taxonomy":"category","embeddable":true,"href":"https:\/\/www.vaillant.de\/21-grad\/wp-json\/wp\/v2\/categories?post=4628"},{"taxonomy":"post_tag","embeddable":true,"href":"https:\/\/www.vaillant.de\/21-grad\/wp-json\/wp\/v2\/tags?post=4628"},{"taxonomy":"author","embeddable":true,"href":"https:\/\/www.vaillant.de\/21-grad\/wp-json\/wp\/v2\/coauthors?post=4628"}],"curies":[{"name":"wp","href":"https:\/\/api.w.org\/{rel}","templated":true}]}}