{"id":4842,"date":"2020-02-04T10:55:19","date_gmt":"2020-02-04T09:55:19","guid":{"rendered":"https:\/\/www.vaillant.de\/21-grad\/?p=4842"},"modified":"2021-10-15T11:28:24","modified_gmt":"2021-10-15T09:28:24","slug":"3-zimmer-kueche-bad-balkon-die-vaillant-studi-wg","status":"publish","type":"post","link":"https:\/\/www.vaillant.de\/21-grad\/hasen-und-koepfe\/3-zimmer-kueche-bad-balkon-die-vaillant-studi-wg\/","title":{"rendered":"3 Zimmer, K\u00fcche, Bad, Balkon \u2013 die Vaillant Studi-WG"},"content":{"rendered":"<p><a href=\"https:\/\/www.vaillant.de\/21-grad\/wp-content\/uploads\/2020\/01\/DualesStudium_Gruppenbild.jpg\"><img loading=\"lazy\" decoding=\"async\" class=\"alignright wp-image-4846 size-medium\" src=\"https:\/\/www.vaillant.de\/21-grad\/wp-content\/uploads\/2020\/01\/DualesStudium_Gruppenbild-348x232.jpg\" alt=\"Studierende\" width=\"348\" height=\"232\" srcset=\"https:\/\/www.vaillant.de\/21-grad\/wp-content\/uploads\/2020\/01\/DualesStudium_Gruppenbild-348x232.jpg 348w, https:\/\/www.vaillant.de\/21-grad\/wp-content\/uploads\/2020\/01\/DualesStudium_Gruppenbild-720x480.jpg 720w, https:\/\/www.vaillant.de\/21-grad\/wp-content\/uploads\/2020\/01\/DualesStudium_Gruppenbild-768x512.jpg 768w, https:\/\/www.vaillant.de\/21-grad\/wp-content\/uploads\/2020\/01\/DualesStudium_Gruppenbild-1536x1024.jpg 1536w, https:\/\/www.vaillant.de\/21-grad\/wp-content\/uploads\/2020\/01\/DualesStudium_Gruppenbild.jpg 1772w\" sizes=\"auto, (max-width: 348px) 100vw, 348px\" \/><\/a>Remscheid statt Karlsruhe. Alle drei Monate wechseln die Studierenden aus einem der vier Studieng\u00e4nge, die Vaillant im Rahmen des Dualen Studiums anbietet, von der Studentenstadt zum Unternehmenssitz. Hier absolvieren sie ihre Praxisphasen. Moritz arbeitet beispielsweise gerade in der Personalentwicklung. Maik wiederum ist zusammen mit Eric, einem kanadischen Austauschstudenten, in der Abteilung Research &amp; Development. Wo die Studierenden die Praxisphasen absolvieren, wird gemeinsam mit der Ausbildungsleitung unter Ber\u00fccksichtigung des Ausbildungsrahmenplans der Hochschule besprochen. \u201eOft ergibt sich das einfach w\u00e4hrend der Arbeit. Man lernt ein Team kennen oder h\u00f6rt von einem Projekt, und dann k\u00f6nnen wir das mit der jeweiligen Abteilung direkt absprechen\u201c, erkl\u00e4rt Annika.<\/p>\n<p>Die Studierenden sind auf zwei Wohnungen mit jeweils drei Schlafzimmern aufgeteilt. Je nach Praxisphase kann man mal in der einen oder in der anderen WG landen. Die Zimmer sind alle gleich m\u00f6bliert, und jeder macht es sich mit ein paar pers\u00f6nlichen Dingen gem\u00fctlich. Das Zusammenleben klappt offensichtlich gut. An der Kreidetafel im Flur steht, dass Sp\u00fclmaschinen-Tabs und M\u00fcllbeutel fehlen \u2013 beides auf Englisch, schlie\u00dflich ist Eric ein vollwertiges WG-Mitglied.<\/p>\n<h2>Ruhig aber flexibel \u2013 so ist Remscheid<\/h2>\n<p>In Remscheid ist das Leben deutlich anders als in Karlsruhe, darin sind sich alle einig. Die Studierenden genie\u00dfen vor allem die Vorz\u00fcge der Gleitzeit. Maik ist oft schon um kurz nach sieben unterwegs ins B\u00fcro, w\u00e4hrend es bei Eric auch mal acht werden kann. Im Studium gibt es diese Flexibilit\u00e4t nicht. Der Stundenplan ist festgelegt, und die Arbeitstage sind oft deutlich l\u00e4nger: Vorlesungen k\u00f6nnen abends um acht enden, oder man muss nach Vorlesungsschluss noch lernen. \u201eIn Remscheid habe ich einfach Feierabend, und das sogar schon am Nachmittag, wenn ich fr\u00fch anfange. In Karlsruhe habe ich eigentlich nie Feierabend. Es gibt immer noch etwas, was man tun k\u00f6nnte\u201c, fasst Maik zusammen.<\/p>\n<p>Die freie Zeit verbringen die WGler mit Sport oder Allt\u00e4glichem wie Einkaufen. Anders als in Karlsruhe gehen sie in Remscheid weniger h\u00e4ufig raus. Stattdessen sitzen sie oft lange in der WG zusammen, essen gemeinsam und unterhalten sich. Am Wochenende unternehmen sie manchmal Ausfl\u00fcge nach K\u00f6ln oder D\u00fcsseldorf. Eric plant, mit Maik ein paar Tage bei dessen Familie zu verbringen, um noch ein bisschen mehr in die deutsche Kultur einzutauchen. Einiges hat ihn schon \u00fcberrascht. Der Kanadier findet die Deutschen beispielsweise viel entspannter als gedacht und auf eine angenehme Art zuverl\u00e4ssig. Wenn seine Zeit bei Vaillant endet, m\u00f6chte er noch ein bisschen durch Europa reisen.<\/p>\n<h2>Ein wichtiger Blick ins Unternehmen<\/h2>\n<p>Moritz bevorzugt grunds\u00e4tzlich die Praxisphasen. Ihm gef\u00e4llt, dass er das Gelernte anwenden und sich pers\u00f6nlich entwickeln kann. F\u00fcr ihn sind die Praxisphasen sehr wertvoll, weil er darin \u201elernt, wie ein Unternehmen tickt\u201c.<\/p>\n<p>Au\u00dferdem hebt Moritz die Weiterbildungen und Seminare wie Telefontraining hervor, an denen die Studierenden teilnehmen. \u201eSolche Angebote sind eine super Erg\u00e4nzung zum theoretischen Studium, denn man wird wirklich auf den Arbeitsalltag vorbereitet\u201c, findet nicht nur Moritz. Der Schalke-Fan hat seinen letzten Tag, bevor es in den Urlaub geht, und daf\u00fcr Kuchen mit ins B\u00fcro genommen. Und das obwohl er bei Vaillant stets von BVB-Anh\u00e4ngern umzingelt ist. Annika moniert, dass er nicht daran gedacht hat, f\u00fcr die WG etwas Kuchen \u00fcbrig zu lassen. Zum Trost planen die f\u00fcnf schon mal das Abendessen: Es soll Currywurst mit selbst gemachter So\u00dfe geben \u2013 und Eric steuert kanadische Wedges bei.<\/p>\n<div class=\"infobox hint\"><\/p>\n<h2>Die Dualen Studieng\u00e4nge<\/h2>\n<p>Vaillant bietet insgesamt vier Bachelorstudieng\u00e4nge an der Dualen Hochschule Baden-W\u00fcrttemberg Karlsruhe an: International Business (B.\u2006A.), Wirtschaftsinformatik (B.\u2006Sc.), Maschinenbau (B.\u2006Eng.) und Elektrotechnik (B.\u2006Eng.). Dabei wechseln sich Theorie und Praxis, und damit Hochschule und Unternehmen, dreimonatlich ab. W\u00e4hrend der Praxisphasen werden verschiedene Abteilungen im Unternehmen durchlaufen. Auf Wunsch ist ein Auslandsaufenthalt m\u00f6glich \u2013 im Studiengang International Business ist er sogar Pflicht.<\/p>\n<p>Weitere Infos unter <a href=\"https:\/\/jobs.vaillant-group.com\/?locale=en_GB\" target=\"_blank\" rel=\"noopener noreferrer\">https:\/\/jobs.vaillant-group.com\/<\/a><\/p>\n<p><\/div>\n","protected":false},"excerpt":{"rendered":"<p>Auf dem Tisch steht ein Pfl\u00e4nzchen, das die Gie\u00dfkanne schon l\u00e4nger nicht mehr gesehen hat. Drum herum sitzen vier junge Leute und plaudern \u00fcber ihren Tag, w\u00e4hrend im Hintergrund die Kaffeemaschine l\u00e4uft. Keine Frage: In der Sensburger Stra\u00dfe in Remscheid sind wieder Studierende aus dem Dualen Studium von Vaillant eingezogen. Wie l\u00e4uft es in der Praxisphase? Ein Besuch in der Vaillant Studi-WG.<\/p>\n","protected":false},"author":6,"featured_media":4844,"comment_status":"open","ping_status":"open","sticky":false,"template":"","format":"standard","meta":{"footnotes":""},"categories":[6],"tags":[175],"coauthors":[70],"class_list":["post-4842","post","type-post","status-publish","format-standard","has-post-thumbnail","hentry","category-hasen-und-koepfe","tag-bildung-und-beruf"],"yoast_head":"<!-- This site is optimized with the Yoast SEO plugin v27.4 - https:\/\/yoast.com\/product\/yoast-seo-wordpress\/ -->\n<title>Studieren und Arbeiten bei Vaillant | 21grad<\/title>\n<meta name=\"description\" content=\"Vaillant bietet vier Bachelorstudieng\u00e4nge an der Dualen Hochschule Baden-W\u00fcrttemberg Karlsruhe an. Im dualen Studium wechseln sich Theorie und Praxis ab.\" \/>\n<meta name=\"robots\" content=\"index, follow, max-snippet:-1, max-image-preview:large, max-video-preview:-1\" \/>\n<link rel=\"canonical\" href=\"https:\/\/www.vaillant.de\/21-grad\/hasen-und-koepfe\/3-zimmer-kueche-bad-balkon-die-vaillant-studi-wg\/\" \/>\n<meta property=\"og:locale\" content=\"de_DE\" \/>\n<meta property=\"og:type\" content=\"article\" \/>\n<meta property=\"og:title\" content=\"Studieren und Arbeiten bei Vaillant | 21grad\" \/>\n<meta property=\"og:description\" content=\"Vaillant bietet vier Bachelorstudieng\u00e4nge an der Dualen Hochschule Baden-W\u00fcrttemberg Karlsruhe an. Im dualen Studium wechseln sich Theorie und Praxis ab.\" \/>\n<meta property=\"og:url\" content=\"https:\/\/www.vaillant.de\/21-grad\/hasen-und-koepfe\/3-zimmer-kueche-bad-balkon-die-vaillant-studi-wg\/\" \/>\n<meta property=\"og:site_name\" content=\"21 grad\" \/>\n<meta property=\"article:publisher\" content=\"https:\/\/www.facebook.com\/21grad\/\" \/>\n<meta property=\"article:published_time\" content=\"2020-02-04T09:55:19+00:00\" \/>\n<meta property=\"article:modified_time\" content=\"2021-10-15T09:28:24+00:00\" \/>\n<meta property=\"og:image\" content=\"https:\/\/www.vaillant.de\/21-grad\/wp-content\/uploads\/2020\/01\/Duales-Studium_Header.jpg\" \/>\n\t<meta property=\"og:image:width\" content=\"941\" \/>\n\t<meta property=\"og:image:height\" content=\"480\" \/>\n\t<meta property=\"og:image:type\" content=\"image\/jpeg\" \/>\n<meta name=\"author\" content=\"Marcus\" \/>\n<meta name=\"twitter:card\" content=\"summary_large_image\" \/>\n<meta name=\"twitter:creator\" content=\"@vaillant_de\" \/>\n<meta name=\"twitter:site\" content=\"@vaillant_de\" \/>\n<meta name=\"twitter:label1\" content=\"Verfasst von\" \/>\n\t<meta name=\"twitter:data1\" content=\"Marcus\" \/>\n\t<meta name=\"twitter:label2\" content=\"Gesch\u00e4tzte Lesezeit\" \/>\n\t<meta name=\"twitter:data2\" content=\"3\u00a0Minuten\" \/>\n\t<meta name=\"twitter:label3\" content=\"Written by\" \/>\n\t<meta name=\"twitter:data3\" content=\"Marcus\" \/>\n<script type=\"application\/ld+json\" class=\"yoast-schema-graph\">{\"@context\":\"https:\\\/\\\/schema.org\",\"@graph\":[{\"@type\":\"Article\",\"@id\":\"https:\\\/\\\/www.vaillant.de\\\/21-grad\\\/hasen-und-koepfe\\\/3-zimmer-kueche-bad-balkon-die-vaillant-studi-wg\\\/#article\",\"isPartOf\":{\"@id\":\"https:\\\/\\\/www.vaillant.de\\\/21-grad\\\/hasen-und-koepfe\\\/3-zimmer-kueche-bad-balkon-die-vaillant-studi-wg\\\/\"},\"author\":{\"name\":\"Marcus\",\"@id\":\"https:\\\/\\\/www.vaillant.de\\\/21-grad\\\/#\\\/schema\\\/person\\\/d79d2ba98cd3da7ae5877706050352da\"},\"headline\":\"3 Zimmer, K\u00fcche, Bad, Balkon \u2013 die Vaillant Studi-WG\",\"datePublished\":\"2020-02-04T09:55:19+00:00\",\"dateModified\":\"2021-10-15T09:28:24+00:00\",\"mainEntityOfPage\":{\"@id\":\"https:\\\/\\\/www.vaillant.de\\\/21-grad\\\/hasen-und-koepfe\\\/3-zimmer-kueche-bad-balkon-die-vaillant-studi-wg\\\/\"},\"wordCount\":662,\"commentCount\":0,\"image\":{\"@id\":\"https:\\\/\\\/www.vaillant.de\\\/21-grad\\\/hasen-und-koepfe\\\/3-zimmer-kueche-bad-balkon-die-vaillant-studi-wg\\\/#primaryimage\"},\"thumbnailUrl\":\"https:\\\/\\\/www.vaillant.de\\\/21-grad\\\/wp-content\\\/uploads\\\/2020\\\/01\\\/Duales-Studium_Header.jpg\",\"keywords\":[\"Bildung und Beruf\"],\"articleSection\":[\"Hasen &amp; K\u00f6pfe\"],\"inLanguage\":\"de\",\"potentialAction\":[{\"@type\":\"CommentAction\",\"name\":\"Comment\",\"target\":[\"https:\\\/\\\/www.vaillant.de\\\/21-grad\\\/hasen-und-koepfe\\\/3-zimmer-kueche-bad-balkon-die-vaillant-studi-wg\\\/#respond\"]}]},{\"@type\":\"WebPage\",\"@id\":\"https:\\\/\\\/www.vaillant.de\\\/21-grad\\\/hasen-und-koepfe\\\/3-zimmer-kueche-bad-balkon-die-vaillant-studi-wg\\\/\",\"url\":\"https:\\\/\\\/www.vaillant.de\\\/21-grad\\\/hasen-und-koepfe\\\/3-zimmer-kueche-bad-balkon-die-vaillant-studi-wg\\\/\",\"name\":\"Studieren und Arbeiten bei Vaillant | 21grad\",\"isPartOf\":{\"@id\":\"https:\\\/\\\/www.vaillant.de\\\/21-grad\\\/#website\"},\"primaryImageOfPage\":{\"@id\":\"https:\\\/\\\/www.vaillant.de\\\/21-grad\\\/hasen-und-koepfe\\\/3-zimmer-kueche-bad-balkon-die-vaillant-studi-wg\\\/#primaryimage\"},\"image\":{\"@id\":\"https:\\\/\\\/www.vaillant.de\\\/21-grad\\\/hasen-und-koepfe\\\/3-zimmer-kueche-bad-balkon-die-vaillant-studi-wg\\\/#primaryimage\"},\"thumbnailUrl\":\"https:\\\/\\\/www.vaillant.de\\\/21-grad\\\/wp-content\\\/uploads\\\/2020\\\/01\\\/Duales-Studium_Header.jpg\",\"datePublished\":\"2020-02-04T09:55:19+00:00\",\"dateModified\":\"2021-10-15T09:28:24+00:00\",\"author\":{\"@id\":\"https:\\\/\\\/www.vaillant.de\\\/21-grad\\\/#\\\/schema\\\/person\\\/d79d2ba98cd3da7ae5877706050352da\"},\"description\":\"Vaillant bietet vier Bachelorstudieng\u00e4nge an der Dualen Hochschule Baden-W\u00fcrttemberg Karlsruhe an. Im dualen Studium wechseln sich Theorie und Praxis ab.\",\"breadcrumb\":{\"@id\":\"https:\\\/\\\/www.vaillant.de\\\/21-grad\\\/hasen-und-koepfe\\\/3-zimmer-kueche-bad-balkon-die-vaillant-studi-wg\\\/#breadcrumb\"},\"inLanguage\":\"de\",\"potentialAction\":[{\"@type\":\"ReadAction\",\"target\":[\"https:\\\/\\\/www.vaillant.de\\\/21-grad\\\/hasen-und-koepfe\\\/3-zimmer-kueche-bad-balkon-die-vaillant-studi-wg\\\/\"]}]},{\"@type\":\"ImageObject\",\"inLanguage\":\"de\",\"@id\":\"https:\\\/\\\/www.vaillant.de\\\/21-grad\\\/hasen-und-koepfe\\\/3-zimmer-kueche-bad-balkon-die-vaillant-studi-wg\\\/#primaryimage\",\"url\":\"https:\\\/\\\/www.vaillant.de\\\/21-grad\\\/wp-content\\\/uploads\\\/2020\\\/01\\\/Duales-Studium_Header.jpg\",\"contentUrl\":\"https:\\\/\\\/www.vaillant.de\\\/21-grad\\\/wp-content\\\/uploads\\\/2020\\\/01\\\/Duales-Studium_Header.jpg\",\"width\":941,\"height\":480,\"caption\":\"Duales Studium Vaillant\"},{\"@type\":\"BreadcrumbList\",\"@id\":\"https:\\\/\\\/www.vaillant.de\\\/21-grad\\\/hasen-und-koepfe\\\/3-zimmer-kueche-bad-balkon-die-vaillant-studi-wg\\\/#breadcrumb\",\"itemListElement\":[{\"@type\":\"ListItem\",\"position\":1,\"name\":\"Startseite\",\"item\":\"https:\\\/\\\/www.vaillant.de\\\/21-grad\\\/\"},{\"@type\":\"ListItem\",\"position\":2,\"name\":\"3 Zimmer, K\u00fcche, Bad, Balkon \u2013 die Vaillant Studi-WG\"}]},{\"@type\":\"WebSite\",\"@id\":\"https:\\\/\\\/www.vaillant.de\\\/21-grad\\\/#website\",\"url\":\"https:\\\/\\\/www.vaillant.de\\\/21-grad\\\/\",\"name\":\"21 grad\",\"description\":\"Der Blog f\u00fcr Menschen, die weiterdenken\",\"potentialAction\":[{\"@type\":\"SearchAction\",\"target\":{\"@type\":\"EntryPoint\",\"urlTemplate\":\"https:\\\/\\\/www.vaillant.de\\\/21-grad\\\/?s={search_term_string}\"},\"query-input\":{\"@type\":\"PropertyValueSpecification\",\"valueRequired\":true,\"valueName\":\"search_term_string\"}}],\"inLanguage\":\"de\"},{\"@type\":\"Person\",\"@id\":\"https:\\\/\\\/www.vaillant.de\\\/21-grad\\\/#\\\/schema\\\/person\\\/d79d2ba98cd3da7ae5877706050352da\",\"name\":\"Marcus\",\"image\":{\"@type\":\"ImageObject\",\"inLanguage\":\"de\",\"@id\":\"https:\\\/\\\/www.vaillant.de\\\/21-grad\\\/wp-content\\\/uploads\\\/2026\\\/01\\\/Marcus-125x125.jpg9d3430f1bc55d5a5d47a1162a14ae1af\",\"url\":\"https:\\\/\\\/www.vaillant.de\\\/21-grad\\\/wp-content\\\/uploads\\\/2026\\\/01\\\/Marcus-125x125.jpg\",\"contentUrl\":\"https:\\\/\\\/www.vaillant.de\\\/21-grad\\\/wp-content\\\/uploads\\\/2026\\\/01\\\/Marcus-125x125.jpg\",\"caption\":\"Marcus\"},\"description\":\"Willkommen in der wunderbaren Welt des 21grad Blogs. Als Medien- und Kooperationsmanager bin ich bei Vaillant Deutschland u.a. f\u00fcr unsere Fach- und Branchenkommunikation zust\u00e4ndig. Ich freue mich auf den Dialog mit Euch. :-) Nachhaltigkeit Bewusster Konsum und soziales Engagement liegen mir sehr am Herzen. Zuhause nutze ich \u00d6kostrom und Biogas, bei Lebensmitteln sind mir Labels wie Fair-Trade oder Bio sehr wichtig. Ich bin Sportwart beim Tennisclub Gr\u00fcn-Wei\u00df Lennep und engagiere mich auch f\u00fcr Aktion Mensch oder SOS-Kinderdorf. Interessen Unternehmungen mit Familie und Freunden, Tennis, Rock-Konzerte, Kino, B\u00fccher (z.B. Hornby, Eschbach, Uschmann) Was wolltest du als Kind gerne werden? Um es mit den \u00c4rzten zu sagen: Popstar, Bademeister oder Astronaut Was bringt dich auf die Palme? Menschen, die Schuld immer bei anderen suchen oder auch nat\u00fcrlich eine leckere Kokosnuss Was war der beste Rat, den du jemals erhalten hast? \u201eDenke in L\u00f6sungen, nicht in Problemen.\u201c\",\"url\":\"https:\\\/\\\/www.vaillant.de\\\/21-grad\\\/autor\\\/marcus\\\/\"}]}<\/script>\n<!-- \/ Yoast SEO plugin. -->","yoast_head_json":{"title":"Studieren und Arbeiten bei Vaillant | 21grad","description":"Vaillant bietet vier Bachelorstudieng\u00e4nge an der Dualen Hochschule Baden-W\u00fcrttemberg Karlsruhe an. Im dualen Studium wechseln sich Theorie und Praxis ab.","robots":{"index":"index","follow":"follow","max-snippet":"max-snippet:-1","max-image-preview":"max-image-preview:large","max-video-preview":"max-video-preview:-1"},"canonical":"https:\/\/www.vaillant.de\/21-grad\/hasen-und-koepfe\/3-zimmer-kueche-bad-balkon-die-vaillant-studi-wg\/","og_locale":"de_DE","og_type":"article","og_title":"Studieren und Arbeiten bei Vaillant | 21grad","og_description":"Vaillant bietet vier Bachelorstudieng\u00e4nge an der Dualen Hochschule Baden-W\u00fcrttemberg Karlsruhe an. Im dualen Studium wechseln sich Theorie und Praxis ab.","og_url":"https:\/\/www.vaillant.de\/21-grad\/hasen-und-koepfe\/3-zimmer-kueche-bad-balkon-die-vaillant-studi-wg\/","og_site_name":"21 grad","article_publisher":"https:\/\/www.facebook.com\/21grad\/","article_published_time":"2020-02-04T09:55:19+00:00","article_modified_time":"2021-10-15T09:28:24+00:00","og_image":[{"width":941,"height":480,"url":"https:\/\/www.vaillant.de\/21-grad\/wp-content\/uploads\/2020\/01\/Duales-Studium_Header.jpg","type":"image\/jpeg"}],"author":"Marcus","twitter_card":"summary_large_image","twitter_creator":"@vaillant_de","twitter_site":"@vaillant_de","twitter_misc":{"Verfasst von":"Marcus","Gesch\u00e4tzte Lesezeit":"3\u00a0Minuten","Written by":"Marcus"},"schema":{"@context":"https:\/\/schema.org","@graph":[{"@type":"Article","@id":"https:\/\/www.vaillant.de\/21-grad\/hasen-und-koepfe\/3-zimmer-kueche-bad-balkon-die-vaillant-studi-wg\/#article","isPartOf":{"@id":"https:\/\/www.vaillant.de\/21-grad\/hasen-und-koepfe\/3-zimmer-kueche-bad-balkon-die-vaillant-studi-wg\/"},"author":{"name":"Marcus","@id":"https:\/\/www.vaillant.de\/21-grad\/#\/schema\/person\/d79d2ba98cd3da7ae5877706050352da"},"headline":"3 Zimmer, K\u00fcche, Bad, Balkon \u2013 die Vaillant Studi-WG","datePublished":"2020-02-04T09:55:19+00:00","dateModified":"2021-10-15T09:28:24+00:00","mainEntityOfPage":{"@id":"https:\/\/www.vaillant.de\/21-grad\/hasen-und-koepfe\/3-zimmer-kueche-bad-balkon-die-vaillant-studi-wg\/"},"wordCount":662,"commentCount":0,"image":{"@id":"https:\/\/www.vaillant.de\/21-grad\/hasen-und-koepfe\/3-zimmer-kueche-bad-balkon-die-vaillant-studi-wg\/#primaryimage"},"thumbnailUrl":"https:\/\/www.vaillant.de\/21-grad\/wp-content\/uploads\/2020\/01\/Duales-Studium_Header.jpg","keywords":["Bildung und Beruf"],"articleSection":["Hasen &amp; K\u00f6pfe"],"inLanguage":"de","potentialAction":[{"@type":"CommentAction","name":"Comment","target":["https:\/\/www.vaillant.de\/21-grad\/hasen-und-koepfe\/3-zimmer-kueche-bad-balkon-die-vaillant-studi-wg\/#respond"]}]},{"@type":"WebPage","@id":"https:\/\/www.vaillant.de\/21-grad\/hasen-und-koepfe\/3-zimmer-kueche-bad-balkon-die-vaillant-studi-wg\/","url":"https:\/\/www.vaillant.de\/21-grad\/hasen-und-koepfe\/3-zimmer-kueche-bad-balkon-die-vaillant-studi-wg\/","name":"Studieren und Arbeiten bei Vaillant | 21grad","isPartOf":{"@id":"https:\/\/www.vaillant.de\/21-grad\/#website"},"primaryImageOfPage":{"@id":"https:\/\/www.vaillant.de\/21-grad\/hasen-und-koepfe\/3-zimmer-kueche-bad-balkon-die-vaillant-studi-wg\/#primaryimage"},"image":{"@id":"https:\/\/www.vaillant.de\/21-grad\/hasen-und-koepfe\/3-zimmer-kueche-bad-balkon-die-vaillant-studi-wg\/#primaryimage"},"thumbnailUrl":"https:\/\/www.vaillant.de\/21-grad\/wp-content\/uploads\/2020\/01\/Duales-Studium_Header.jpg","datePublished":"2020-02-04T09:55:19+00:00","dateModified":"2021-10-15T09:28:24+00:00","author":{"@id":"https:\/\/www.vaillant.de\/21-grad\/#\/schema\/person\/d79d2ba98cd3da7ae5877706050352da"},"description":"Vaillant bietet vier Bachelorstudieng\u00e4nge an der Dualen Hochschule Baden-W\u00fcrttemberg Karlsruhe an. Im dualen Studium wechseln sich Theorie und Praxis ab.","breadcrumb":{"@id":"https:\/\/www.vaillant.de\/21-grad\/hasen-und-koepfe\/3-zimmer-kueche-bad-balkon-die-vaillant-studi-wg\/#breadcrumb"},"inLanguage":"de","potentialAction":[{"@type":"ReadAction","target":["https:\/\/www.vaillant.de\/21-grad\/hasen-und-koepfe\/3-zimmer-kueche-bad-balkon-die-vaillant-studi-wg\/"]}]},{"@type":"ImageObject","inLanguage":"de","@id":"https:\/\/www.vaillant.de\/21-grad\/hasen-und-koepfe\/3-zimmer-kueche-bad-balkon-die-vaillant-studi-wg\/#primaryimage","url":"https:\/\/www.vaillant.de\/21-grad\/wp-content\/uploads\/2020\/01\/Duales-Studium_Header.jpg","contentUrl":"https:\/\/www.vaillant.de\/21-grad\/wp-content\/uploads\/2020\/01\/Duales-Studium_Header.jpg","width":941,"height":480,"caption":"Duales Studium Vaillant"},{"@type":"BreadcrumbList","@id":"https:\/\/www.vaillant.de\/21-grad\/hasen-und-koepfe\/3-zimmer-kueche-bad-balkon-die-vaillant-studi-wg\/#breadcrumb","itemListElement":[{"@type":"ListItem","position":1,"name":"Startseite","item":"https:\/\/www.vaillant.de\/21-grad\/"},{"@type":"ListItem","position":2,"name":"3 Zimmer, K\u00fcche, Bad, Balkon \u2013 die Vaillant Studi-WG"}]},{"@type":"WebSite","@id":"https:\/\/www.vaillant.de\/21-grad\/#website","url":"https:\/\/www.vaillant.de\/21-grad\/","name":"21 grad","description":"Der Blog f\u00fcr Menschen, die weiterdenken","potentialAction":[{"@type":"SearchAction","target":{"@type":"EntryPoint","urlTemplate":"https:\/\/www.vaillant.de\/21-grad\/?s={search_term_string}"},"query-input":{"@type":"PropertyValueSpecification","valueRequired":true,"valueName":"search_term_string"}}],"inLanguage":"de"},{"@type":"Person","@id":"https:\/\/www.vaillant.de\/21-grad\/#\/schema\/person\/d79d2ba98cd3da7ae5877706050352da","name":"Marcus","image":{"@type":"ImageObject","inLanguage":"de","@id":"https:\/\/www.vaillant.de\/21-grad\/wp-content\/uploads\/2026\/01\/Marcus-125x125.jpg9d3430f1bc55d5a5d47a1162a14ae1af","url":"https:\/\/www.vaillant.de\/21-grad\/wp-content\/uploads\/2026\/01\/Marcus-125x125.jpg","contentUrl":"https:\/\/www.vaillant.de\/21-grad\/wp-content\/uploads\/2026\/01\/Marcus-125x125.jpg","caption":"Marcus"},"description":"Willkommen in der wunderbaren Welt des 21grad Blogs. Als Medien- und Kooperationsmanager bin ich bei Vaillant Deutschland u.a. f\u00fcr unsere Fach- und Branchenkommunikation zust\u00e4ndig. Ich freue mich auf den Dialog mit Euch. :-) Nachhaltigkeit Bewusster Konsum und soziales Engagement liegen mir sehr am Herzen. Zuhause nutze ich \u00d6kostrom und Biogas, bei Lebensmitteln sind mir Labels wie Fair-Trade oder Bio sehr wichtig. Ich bin Sportwart beim Tennisclub Gr\u00fcn-Wei\u00df Lennep und engagiere mich auch f\u00fcr Aktion Mensch oder SOS-Kinderdorf. Interessen Unternehmungen mit Familie und Freunden, Tennis, Rock-Konzerte, Kino, B\u00fccher (z.B. Hornby, Eschbach, Uschmann) Was wolltest du als Kind gerne werden? Um es mit den \u00c4rzten zu sagen: Popstar, Bademeister oder Astronaut Was bringt dich auf die Palme? Menschen, die Schuld immer bei anderen suchen oder auch nat\u00fcrlich eine leckere Kokosnuss Was war der beste Rat, den du jemals erhalten hast? \u201eDenke in L\u00f6sungen, nicht in Problemen.\u201c","url":"https:\/\/www.vaillant.de\/21-grad\/autor\/marcus\/"}]}},"_links":{"self":[{"href":"https:\/\/www.vaillant.de\/21-grad\/wp-json\/wp\/v2\/posts\/4842","targetHints":{"allow":["GET"]}}],"collection":[{"href":"https:\/\/www.vaillant.de\/21-grad\/wp-json\/wp\/v2\/posts"}],"about":[{"href":"https:\/\/www.vaillant.de\/21-grad\/wp-json\/wp\/v2\/types\/post"}],"author":[{"embeddable":true,"href":"https:\/\/www.vaillant.de\/21-grad\/wp-json\/wp\/v2\/users\/6"}],"replies":[{"embeddable":true,"href":"https:\/\/www.vaillant.de\/21-grad\/wp-json\/wp\/v2\/comments?post=4842"}],"version-history":[{"count":7,"href":"https:\/\/www.vaillant.de\/21-grad\/wp-json\/wp\/v2\/posts\/4842\/revisions"}],"predecessor-version":[{"id":4845,"href":"https:\/\/www.vaillant.de\/21-grad\/wp-json\/wp\/v2\/posts\/4842\/revisions\/4845"}],"wp:featuredmedia":[{"embeddable":true,"href":"https:\/\/www.vaillant.de\/21-grad\/wp-json\/wp\/v2\/media\/4844"}],"wp:attachment":[{"href":"https:\/\/www.vaillant.de\/21-grad\/wp-json\/wp\/v2\/media?parent=4842"}],"wp:term":[{"taxonomy":"category","embeddable":true,"href":"https:\/\/www.vaillant.de\/21-grad\/wp-json\/wp\/v2\/categories?post=4842"},{"taxonomy":"post_tag","embeddable":true,"href":"https:\/\/www.vaillant.de\/21-grad\/wp-json\/wp\/v2\/tags?post=4842"},{"taxonomy":"author","embeddable":true,"href":"https:\/\/www.vaillant.de\/21-grad\/wp-json\/wp\/v2\/coauthors?post=4842"}],"curies":[{"name":"wp","href":"https:\/\/api.w.org\/{rel}","templated":true}]}}