{"id":491,"date":"2016-02-29T12:00:22","date_gmt":"2016-02-29T11:00:22","guid":{"rendered":"http:\/\/21-grad.vaillant.de\/?p=491"},"modified":"2026-01-28T09:54:21","modified_gmt":"2026-01-28T08:54:21","slug":"vaillant-spendet-waerme-im-sos-kinderdorf-worpswede","status":"publish","type":"post","link":"https:\/\/www.vaillant.de\/21-grad\/bewusst-und-sein\/vaillant-spendet-waerme-im-sos-kinderdorf-worpswede\/","title":{"rendered":"Vaillant spendet W\u00e4rme  im SOS-Kinderdorf Worpswede (Artikel 2\/3)"},"content":{"rendered":"<p><img loading=\"lazy\" decoding=\"async\" class=\"alignleft size-medium wp-image-510\" src=\"https:\/\/www.vaillant.de\/21-grad\/wp-content\/uploads\/2016\/03\/20150512_Vaillant_SOSWorpswede_0002_MKP-348x232.jpg\" alt=\"SOS-Kinderdorf Worpswede\" width=\"348\" height=\"232\" srcset=\"https:\/\/www.vaillant.de\/21-grad\/wp-content\/uploads\/2016\/03\/20150512_Vaillant_SOSWorpswede_0002_MKP-348x232.jpg 348w, https:\/\/www.vaillant.de\/21-grad\/wp-content\/uploads\/2016\/03\/20150512_Vaillant_SOSWorpswede_0002_MKP-768x512.jpg 768w, https:\/\/www.vaillant.de\/21-grad\/wp-content\/uploads\/2016\/03\/20150512_Vaillant_SOSWorpswede_0002_MKP-720x480.jpg 720w\" sizes=\"auto, (max-width: 348px) 100vw, 348px\" \/>400 Kinder sind im Laufe der Jahre im <a href=\"http:\/\/www.sos-kinderdorf.de\/kinderdorf-worpswede\" target=\"_blank\" rel=\"noopener noreferrer\">SOS-Kinderdorf in Worpswede<\/a> nahe Bremen gro\u00df geworden. 2015 feierte man sein 50-j\u00e4hriges Bestehen. Ebenso alt sind die Geb\u00e4ude und die Installationen; der Heizkessel stammt aus dem Jahr 1987. Entsprechend gro\u00df war der Handlungsbedarf bei der Heiztechnik.<\/p>\n<p>\u201eF\u00fcr den dringend notwendigen Ersatz war bisher schlicht und einfach kein Geld da\u201c, erkl\u00e4rte Dorfleiter Joachim Schuch am Tag der offiziellen \u00dcbergabe der neuen Heizanlage. Die Kinderhilfsorganisation ist auf Spenden angewiesen.<\/p>\n<h2><strong>Vaillant spendiert moderne Heiztechnik, Fachhandwerksbetrieb Henning Meyer \u00fcbernimmt Installation<\/strong><\/h2>\n<p>Die Vaillant Group stellte eine moderne, hocheffiziente Gas-Brennwert-Kaskade zur Verf\u00fcgung, um die vorhandene Anlage mit zwei v\u00f6llig veralteten \u00d6lkesseln zu ersetzen.<\/p>\n<p>Installiert wurde die neue Heizungsanlage vom Fachhandwerksbetrieb Henning Meyer aus dem nahe gelegenen Ort Lilienthal. F\u00fcnf <a href=\"https:\/\/www.vaillant.de\/heizung\/produkte\/gas-brennwertgerat-ecotec-exclusive-bis-32-kw-62592.de_de.html\" target=\"_blank\" rel=\"noopener noreferrer\">ecoTEC exclusiv<\/a> wurden in einer Kaskade zu einer Nahw\u00e4rmezentrale f\u00fcr alle 16 H\u00e4user verbunden. Je nach Leistungsanforderung schalten jetzt nach dem Zufallsprinzip nur so viele Ger\u00e4te zu, wie f\u00fcr die Bedarfsdeckung erforderlich sind, um besonders ressourcenschonend zu arbeiten.<\/p>\n<p>Meyer sagte sofort zu, als die Anfrage von Vaillant kam. Als regional ans\u00e4ssiger Betrieb wollte er ebenfalls einen Beitrag f\u00fcr die Kinderhilfsorganisation leisten.<\/p>\n<p>\u201eEs fanden nat\u00fcrlich alle Mitarbeiter spannend, so etwas zu tun. Wir selbst hatten schon einen Auszubildenden aus dem Kinderdorf in Worpswede. Es gab \u00fcberhaupt keine Diskussion, ob wir helfen k\u00f6nnen. Wir haben sofort gesagt: Da sind wir dabei\u201c, erkl\u00e4rte Firmenchef Henning Meyer.<\/p>\n<h2><strong>Kinder brauchen W\u00e4rme: Wohnraumw\u00e4rme, Warmwasser \u2013 und Familienw\u00e4rme<\/strong><\/h2>\n<p>\u201eDas ist ja das Sch\u00f6ne an dieser Partnerschaft: dass sie nicht nur vom Unternehmen ausgeht, sondern sich auch Fachhandwerkspartner und Gro\u00dfhandelspartner beteiligen\u201c, freute sich Dr. Andree Groos \u00fcber das Engagement. Der Gesch\u00e4ftsf\u00fchrer f\u00fcr Marketing, Vertrieb und Service bei der Vaillant Group war pers\u00f6nlich nach Worpswede gereist, um das Dorf und die Kinder kennenzulernen \u2013 und die Heizanlage offiziell zu \u00fcbergeben.<\/p>\n<p>Er traf auf rund 65 Kinder und Jugendliche, die in kleinen familien\u00e4hnlichen Einheiten leben, wo sie die W\u00e4rme und Geborgenheit erhalten, die sie brauchen. In der Erzieherin Nadine Polenz haben viele ihre Kinderdorf-Mutter gefunden. Es geht eben nicht nur um Wohnraumw\u00e4rme und Warmwasser \u2013 sondern vor allem um Familienw\u00e4rme.<\/p>\n<h2><strong>Hilfe, die weiter geht als Heiztechnik und Worpswede<\/strong><\/h2>\n<p><img loading=\"lazy\" decoding=\"async\" class=\"alignleft size-medium wp-image-511\" src=\"https:\/\/www.vaillant.de\/21-grad\/wp-content\/uploads\/2016\/03\/Titelbild_SOS-Kinderdorf-454x232.png\" alt=\"SOS-Kinderdorf\" width=\"454\" height=\"232\" srcset=\"https:\/\/www.vaillant.de\/21-grad\/wp-content\/uploads\/2016\/03\/Titelbild_SOS-Kinderdorf-454x232.png 454w, https:\/\/www.vaillant.de\/21-grad\/wp-content\/uploads\/2016\/03\/Titelbild_SOS-Kinderdorf-768x392.png 768w, https:\/\/www.vaillant.de\/21-grad\/wp-content\/uploads\/2016\/03\/Titelbild_SOS-Kinderdorf-320x163.png 320w, https:\/\/www.vaillant.de\/21-grad\/wp-content\/uploads\/2016\/03\/Titelbild_SOS-Kinderdorf-456x232.png 456w, https:\/\/www.vaillant.de\/21-grad\/wp-content\/uploads\/2016\/03\/Titelbild_SOS-Kinderdorf.png 940w\" sizes=\"auto, (max-width: 454px) 100vw, 454px\" \/>Wie wir alle, m\u00fcssen auch die Jugendlichen aus dem SOS-Kinderdorf irgendwann ihr Nest verlassen. Und der \u00dcbergang ins Erwachsenenleben f\u00e4llt vielen schwer.<\/p>\n<p>Vaillant m\u00f6chte die Jugendlichen weiter begleiten, ihnen Praktikumspl\u00e4tze oder Ausbildungen vermitteln, erkl\u00e4rte Andree Groos. Es gebe viele Ideen, die direkt von Mitarbeitern kommen \u2013 wie etwa Bewerbungstrainings. Man erlebe im Unternehmen immer wieder, wie sich Kollegen auch privat, in ihrer Freizeit, einbringen. Es sei wirklich eine Bewegung im Unternehmen entstanden, und viele sind mitgegangen.<\/p>\n<p>Und das nicht nur in Worpswede und nicht nur in Deutschland \u2013 Vaillant engagiert sich in SOS-Kinderd\u00f6rfern auf der ganzen Welt. Details zur Partnerschaft verr\u00e4t <a href=\"https:\/\/www.vaillant.de\/21-grad\/bewusst-und-sein\/internationale-partnerschaft-vaillant-engagiert-sich-fuer-sos-kinderdoerfer-weltweit\/\" target=\"_blank\" rel=\"noopener noreferrer\">Frederik Lippert, Senior Manager Corporate Communications, im Interview mit 21 grad<\/a>.<\/p>\n","protected":false},"excerpt":{"rendered":"<p>Seit 2013 unterst\u00fctzt die Vaillant Group \u201eSOS-Kinderd\u00f6rfer weltweit\u201c als Heiztechnikpartner. In Deutschland sollen bis zum Jahr 2018 bestehende Anlagen durch moderne Heiztechnik ersetzt werden. Den Anfang machte man unter anderem im SOS-Kinderdorf Worpswede. Dort war Hilfe willkommen \u2013 auch abseits der Heiztechnik.<\/p>\n","protected":false},"author":22,"featured_media":5219,"comment_status":"open","ping_status":"open","sticky":false,"template":"","format":"standard","meta":{"footnotes":""},"categories":[5],"tags":[23,179,177],"coauthors":[246],"class_list":["post-491","post","type-post","status-publish","format-standard","has-post-thumbnail","hentry","category-bewusst-und-sein","tag-nachhaltigkeit","tag-soziales-engagement","tag-videos"],"yoast_head":"<!-- This site is optimized with the Yoast SEO plugin v27.4 - https:\/\/yoast.com\/product\/yoast-seo-wordpress\/ -->\n<title>Vaillant spendet W\u00e4rme im SOS-Kinderdorf Worpswede | 21 grad<\/title>\n<meta name=\"description\" content=\"Die Vaillant Group spendet nicht nur Heiztechnik ans SOS-Kinderdorf Worpswede, sondern f\u00f6rdert auch die Zukunft der Kinder &amp; Jugendlichen. Jetzt lesen!\" \/>\n<meta name=\"robots\" content=\"index, follow, max-snippet:-1, max-image-preview:large, max-video-preview:-1\" \/>\n<link rel=\"canonical\" href=\"https:\/\/www.vaillant.de\/21-grad\/bewusst-und-sein\/vaillant-spendet-waerme-im-sos-kinderdorf-worpswede\/\" \/>\n<meta property=\"og:locale\" content=\"de_DE\" \/>\n<meta property=\"og:type\" content=\"article\" \/>\n<meta property=\"og:title\" content=\"Vaillant spendet W\u00e4rme im SOS-Kinderdorf Worpswede | 21 grad\" \/>\n<meta property=\"og:description\" content=\"Die Vaillant Group spendet nicht nur Heiztechnik ans SOS-Kinderdorf Worpswede, sondern f\u00f6rdert auch die Zukunft der Kinder &amp; Jugendlichen. Jetzt lesen!\" \/>\n<meta property=\"og:url\" content=\"https:\/\/www.vaillant.de\/21-grad\/bewusst-und-sein\/vaillant-spendet-waerme-im-sos-kinderdorf-worpswede\/\" \/>\n<meta property=\"og:site_name\" content=\"21 grad\" \/>\n<meta property=\"article:publisher\" content=\"https:\/\/www.facebook.com\/21grad\/\" \/>\n<meta property=\"article:published_time\" content=\"2016-02-29T11:00:22+00:00\" \/>\n<meta property=\"article:modified_time\" content=\"2026-01-28T08:54:21+00:00\" \/>\n<meta property=\"og:image\" content=\"https:\/\/www.vaillant.de\/21-grad\/wp-content\/uploads\/2020\/05\/20150512_Vaillant_SOSWorpswede_0054_MKP.jpg\" \/>\n\t<meta property=\"og:image:width\" content=\"1731\" \/>\n\t<meta property=\"og:image:height\" content=\"1154\" \/>\n\t<meta property=\"og:image:type\" content=\"image\/jpeg\" \/>\n<meta name=\"author\" content=\"Sibel\" \/>\n<meta name=\"twitter:card\" content=\"summary_large_image\" \/>\n<meta name=\"twitter:creator\" content=\"@vaillant_de\" \/>\n<meta name=\"twitter:site\" content=\"@vaillant_de\" \/>\n<meta name=\"twitter:label1\" content=\"Verfasst von\" \/>\n\t<meta name=\"twitter:data1\" content=\"Sibel\" \/>\n\t<meta name=\"twitter:label2\" content=\"Gesch\u00e4tzte Lesezeit\" \/>\n\t<meta name=\"twitter:data2\" content=\"2\u00a0Minuten\" \/>\n\t<meta name=\"twitter:label3\" content=\"Written by\" \/>\n\t<meta name=\"twitter:data3\" content=\"Sibel\" \/>\n<script type=\"application\/ld+json\" class=\"yoast-schema-graph\">{\"@context\":\"https:\\\/\\\/schema.org\",\"@graph\":[{\"@type\":\"Article\",\"@id\":\"https:\\\/\\\/www.vaillant.de\\\/21-grad\\\/bewusst-und-sein\\\/vaillant-spendet-waerme-im-sos-kinderdorf-worpswede\\\/#article\",\"isPartOf\":{\"@id\":\"https:\\\/\\\/www.vaillant.de\\\/21-grad\\\/bewusst-und-sein\\\/vaillant-spendet-waerme-im-sos-kinderdorf-worpswede\\\/\"},\"author\":{\"name\":\"Sibel\",\"@id\":\"https:\\\/\\\/www.vaillant.de\\\/21-grad\\\/#\\\/schema\\\/person\\\/03b8aa3a9c0a271e0b8fb3012cec586a\"},\"headline\":\"Vaillant spendet W\u00e4rme im SOS-Kinderdorf Worpswede (Artikel 2\\\/3)\",\"datePublished\":\"2016-02-29T11:00:22+00:00\",\"dateModified\":\"2026-01-28T08:54:21+00:00\",\"mainEntityOfPage\":{\"@id\":\"https:\\\/\\\/www.vaillant.de\\\/21-grad\\\/bewusst-und-sein\\\/vaillant-spendet-waerme-im-sos-kinderdorf-worpswede\\\/\"},\"wordCount\":495,\"commentCount\":0,\"image\":{\"@id\":\"https:\\\/\\\/www.vaillant.de\\\/21-grad\\\/bewusst-und-sein\\\/vaillant-spendet-waerme-im-sos-kinderdorf-worpswede\\\/#primaryimage\"},\"thumbnailUrl\":\"https:\\\/\\\/www.vaillant.de\\\/21-grad\\\/wp-content\\\/uploads\\\/2020\\\/05\\\/20150512_Vaillant_SOSWorpswede_0054_MKP.jpg\",\"keywords\":[\"Nachhaltigkeit\",\"Soziales Engagement\",\"Videos\"],\"articleSection\":[\"Bewusst &amp; Sein\"],\"inLanguage\":\"de\",\"potentialAction\":[{\"@type\":\"CommentAction\",\"name\":\"Comment\",\"target\":[\"https:\\\/\\\/www.vaillant.de\\\/21-grad\\\/bewusst-und-sein\\\/vaillant-spendet-waerme-im-sos-kinderdorf-worpswede\\\/#respond\"]}]},{\"@type\":\"WebPage\",\"@id\":\"https:\\\/\\\/www.vaillant.de\\\/21-grad\\\/bewusst-und-sein\\\/vaillant-spendet-waerme-im-sos-kinderdorf-worpswede\\\/\",\"url\":\"https:\\\/\\\/www.vaillant.de\\\/21-grad\\\/bewusst-und-sein\\\/vaillant-spendet-waerme-im-sos-kinderdorf-worpswede\\\/\",\"name\":\"Vaillant spendet W\u00e4rme im SOS-Kinderdorf Worpswede | 21 grad\",\"isPartOf\":{\"@id\":\"https:\\\/\\\/www.vaillant.de\\\/21-grad\\\/#website\"},\"primaryImageOfPage\":{\"@id\":\"https:\\\/\\\/www.vaillant.de\\\/21-grad\\\/bewusst-und-sein\\\/vaillant-spendet-waerme-im-sos-kinderdorf-worpswede\\\/#primaryimage\"},\"image\":{\"@id\":\"https:\\\/\\\/www.vaillant.de\\\/21-grad\\\/bewusst-und-sein\\\/vaillant-spendet-waerme-im-sos-kinderdorf-worpswede\\\/#primaryimage\"},\"thumbnailUrl\":\"https:\\\/\\\/www.vaillant.de\\\/21-grad\\\/wp-content\\\/uploads\\\/2020\\\/05\\\/20150512_Vaillant_SOSWorpswede_0054_MKP.jpg\",\"datePublished\":\"2016-02-29T11:00:22+00:00\",\"dateModified\":\"2026-01-28T08:54:21+00:00\",\"author\":{\"@id\":\"https:\\\/\\\/www.vaillant.de\\\/21-grad\\\/#\\\/schema\\\/person\\\/03b8aa3a9c0a271e0b8fb3012cec586a\"},\"description\":\"Die Vaillant Group spendet nicht nur Heiztechnik ans SOS-Kinderdorf Worpswede, sondern f\u00f6rdert auch die Zukunft der Kinder & Jugendlichen. Jetzt lesen!\",\"breadcrumb\":{\"@id\":\"https:\\\/\\\/www.vaillant.de\\\/21-grad\\\/bewusst-und-sein\\\/vaillant-spendet-waerme-im-sos-kinderdorf-worpswede\\\/#breadcrumb\"},\"inLanguage\":\"de\",\"potentialAction\":[{\"@type\":\"ReadAction\",\"target\":[\"https:\\\/\\\/www.vaillant.de\\\/21-grad\\\/bewusst-und-sein\\\/vaillant-spendet-waerme-im-sos-kinderdorf-worpswede\\\/\"]}]},{\"@type\":\"ImageObject\",\"inLanguage\":\"de\",\"@id\":\"https:\\\/\\\/www.vaillant.de\\\/21-grad\\\/bewusst-und-sein\\\/vaillant-spendet-waerme-im-sos-kinderdorf-worpswede\\\/#primaryimage\",\"url\":\"https:\\\/\\\/www.vaillant.de\\\/21-grad\\\/wp-content\\\/uploads\\\/2020\\\/05\\\/20150512_Vaillant_SOSWorpswede_0054_MKP.jpg\",\"contentUrl\":\"https:\\\/\\\/www.vaillant.de\\\/21-grad\\\/wp-content\\\/uploads\\\/2020\\\/05\\\/20150512_Vaillant_SOSWorpswede_0054_MKP.jpg\",\"width\":1731,\"height\":1154},{\"@type\":\"BreadcrumbList\",\"@id\":\"https:\\\/\\\/www.vaillant.de\\\/21-grad\\\/bewusst-und-sein\\\/vaillant-spendet-waerme-im-sos-kinderdorf-worpswede\\\/#breadcrumb\",\"itemListElement\":[{\"@type\":\"ListItem\",\"position\":1,\"name\":\"Startseite\",\"item\":\"https:\\\/\\\/www.vaillant.de\\\/21-grad\\\/\"},{\"@type\":\"ListItem\",\"position\":2,\"name\":\"Vaillant spendet W\u00e4rme im SOS-Kinderdorf Worpswede (Artikel 2\\\/3)\"}]},{\"@type\":\"WebSite\",\"@id\":\"https:\\\/\\\/www.vaillant.de\\\/21-grad\\\/#website\",\"url\":\"https:\\\/\\\/www.vaillant.de\\\/21-grad\\\/\",\"name\":\"21 grad\",\"description\":\"Der Blog f\u00fcr Menschen, die weiterdenken\",\"potentialAction\":[{\"@type\":\"SearchAction\",\"target\":{\"@type\":\"EntryPoint\",\"urlTemplate\":\"https:\\\/\\\/www.vaillant.de\\\/21-grad\\\/?s={search_term_string}\"},\"query-input\":{\"@type\":\"PropertyValueSpecification\",\"valueRequired\":true,\"valueName\":\"search_term_string\"}}],\"inLanguage\":\"de\"},{\"@type\":\"Person\",\"@id\":\"https:\\\/\\\/www.vaillant.de\\\/21-grad\\\/#\\\/schema\\\/person\\\/03b8aa3a9c0a271e0b8fb3012cec586a\",\"name\":\"Sibel\",\"image\":{\"@type\":\"ImageObject\",\"inLanguage\":\"de\",\"@id\":\"https:\\\/\\\/www.vaillant.de\\\/21-grad\\\/wp-content\\\/uploads\\\/2022\\\/08\\\/Foto_Sibel-125x125.jpg020292b54eaae816635cb20c87eb9958\",\"url\":\"https:\\\/\\\/www.vaillant.de\\\/21-grad\\\/wp-content\\\/uploads\\\/2022\\\/08\\\/Foto_Sibel-125x125.jpg\",\"contentUrl\":\"https:\\\/\\\/www.vaillant.de\\\/21-grad\\\/wp-content\\\/uploads\\\/2022\\\/08\\\/Foto_Sibel-125x125.jpg\",\"caption\":\"Sibel\"},\"description\":\"Als Content Manager dreht sich in meiner Vaillant-Welt alles um Inhalte. Ob Produktbrosch\u00fcren, Flyer, Produktseiten oder Ratgeber auf unserer Webseite, die Inhalte zu den Themenbereichen Photovoltaik, Smart Home sowie unsere Elektro-Produkte liegen in meiner Verantwortung \u2013 ein sch\u00f6ner Mix aus Tradition &amp; Innovation! Nachhaltigkeit Jutebeutel, Eink\u00e4ufe zu Fu\u00df, Fahrgemeinschaften \u2013 kleine Ma\u00dfnahmen, mit denen ich versuche, mehr Nachhaltigkeit in meinen Alltag zu integrieren. Interessen Ganz viel Zeit mit Familie und Freunden, Musik (all day long), Meditation, Marvel\\\/MCU, B\u00fccher (Fantasy) Mit wem w\u00fcrdest du essen gehen und was sollte es geben? Mit Neil Armstrong und wir essen Tr\u00fcffel-Pasta. Was bringt dich auf die Palme? Das Ger\u00e4usch von fallenden Pfandflaschen :-D Was bringt dich zum l\u00e4cheln? Ein sch\u00f6nes Abendessen mit meiner Familie \u2013 und ein sternenklarer Nachthimmel.\",\"url\":\"https:\\\/\\\/www.vaillant.de\\\/21-grad\\\/autor\\\/sibel\\\/\"}]}<\/script>\n<!-- \/ Yoast SEO plugin. -->","yoast_head_json":{"title":"Vaillant spendet W\u00e4rme im SOS-Kinderdorf Worpswede | 21 grad","description":"Die Vaillant Group spendet nicht nur Heiztechnik ans SOS-Kinderdorf Worpswede, sondern f\u00f6rdert auch die Zukunft der Kinder & Jugendlichen. Jetzt lesen!","robots":{"index":"index","follow":"follow","max-snippet":"max-snippet:-1","max-image-preview":"max-image-preview:large","max-video-preview":"max-video-preview:-1"},"canonical":"https:\/\/www.vaillant.de\/21-grad\/bewusst-und-sein\/vaillant-spendet-waerme-im-sos-kinderdorf-worpswede\/","og_locale":"de_DE","og_type":"article","og_title":"Vaillant spendet W\u00e4rme im SOS-Kinderdorf Worpswede | 21 grad","og_description":"Die Vaillant Group spendet nicht nur Heiztechnik ans SOS-Kinderdorf Worpswede, sondern f\u00f6rdert auch die Zukunft der Kinder & Jugendlichen. Jetzt lesen!","og_url":"https:\/\/www.vaillant.de\/21-grad\/bewusst-und-sein\/vaillant-spendet-waerme-im-sos-kinderdorf-worpswede\/","og_site_name":"21 grad","article_publisher":"https:\/\/www.facebook.com\/21grad\/","article_published_time":"2016-02-29T11:00:22+00:00","article_modified_time":"2026-01-28T08:54:21+00:00","og_image":[{"width":1731,"height":1154,"url":"https:\/\/www.vaillant.de\/21-grad\/wp-content\/uploads\/2020\/05\/20150512_Vaillant_SOSWorpswede_0054_MKP.jpg","type":"image\/jpeg"}],"author":"Sibel","twitter_card":"summary_large_image","twitter_creator":"@vaillant_de","twitter_site":"@vaillant_de","twitter_misc":{"Verfasst von":"Sibel","Gesch\u00e4tzte Lesezeit":"2\u00a0Minuten","Written by":"Sibel"},"schema":{"@context":"https:\/\/schema.org","@graph":[{"@type":"Article","@id":"https:\/\/www.vaillant.de\/21-grad\/bewusst-und-sein\/vaillant-spendet-waerme-im-sos-kinderdorf-worpswede\/#article","isPartOf":{"@id":"https:\/\/www.vaillant.de\/21-grad\/bewusst-und-sein\/vaillant-spendet-waerme-im-sos-kinderdorf-worpswede\/"},"author":{"name":"Sibel","@id":"https:\/\/www.vaillant.de\/21-grad\/#\/schema\/person\/03b8aa3a9c0a271e0b8fb3012cec586a"},"headline":"Vaillant spendet W\u00e4rme im SOS-Kinderdorf Worpswede (Artikel 2\/3)","datePublished":"2016-02-29T11:00:22+00:00","dateModified":"2026-01-28T08:54:21+00:00","mainEntityOfPage":{"@id":"https:\/\/www.vaillant.de\/21-grad\/bewusst-und-sein\/vaillant-spendet-waerme-im-sos-kinderdorf-worpswede\/"},"wordCount":495,"commentCount":0,"image":{"@id":"https:\/\/www.vaillant.de\/21-grad\/bewusst-und-sein\/vaillant-spendet-waerme-im-sos-kinderdorf-worpswede\/#primaryimage"},"thumbnailUrl":"https:\/\/www.vaillant.de\/21-grad\/wp-content\/uploads\/2020\/05\/20150512_Vaillant_SOSWorpswede_0054_MKP.jpg","keywords":["Nachhaltigkeit","Soziales Engagement","Videos"],"articleSection":["Bewusst &amp; Sein"],"inLanguage":"de","potentialAction":[{"@type":"CommentAction","name":"Comment","target":["https:\/\/www.vaillant.de\/21-grad\/bewusst-und-sein\/vaillant-spendet-waerme-im-sos-kinderdorf-worpswede\/#respond"]}]},{"@type":"WebPage","@id":"https:\/\/www.vaillant.de\/21-grad\/bewusst-und-sein\/vaillant-spendet-waerme-im-sos-kinderdorf-worpswede\/","url":"https:\/\/www.vaillant.de\/21-grad\/bewusst-und-sein\/vaillant-spendet-waerme-im-sos-kinderdorf-worpswede\/","name":"Vaillant spendet W\u00e4rme im SOS-Kinderdorf Worpswede | 21 grad","isPartOf":{"@id":"https:\/\/www.vaillant.de\/21-grad\/#website"},"primaryImageOfPage":{"@id":"https:\/\/www.vaillant.de\/21-grad\/bewusst-und-sein\/vaillant-spendet-waerme-im-sos-kinderdorf-worpswede\/#primaryimage"},"image":{"@id":"https:\/\/www.vaillant.de\/21-grad\/bewusst-und-sein\/vaillant-spendet-waerme-im-sos-kinderdorf-worpswede\/#primaryimage"},"thumbnailUrl":"https:\/\/www.vaillant.de\/21-grad\/wp-content\/uploads\/2020\/05\/20150512_Vaillant_SOSWorpswede_0054_MKP.jpg","datePublished":"2016-02-29T11:00:22+00:00","dateModified":"2026-01-28T08:54:21+00:00","author":{"@id":"https:\/\/www.vaillant.de\/21-grad\/#\/schema\/person\/03b8aa3a9c0a271e0b8fb3012cec586a"},"description":"Die Vaillant Group spendet nicht nur Heiztechnik ans SOS-Kinderdorf Worpswede, sondern f\u00f6rdert auch die Zukunft der Kinder & Jugendlichen. Jetzt lesen!","breadcrumb":{"@id":"https:\/\/www.vaillant.de\/21-grad\/bewusst-und-sein\/vaillant-spendet-waerme-im-sos-kinderdorf-worpswede\/#breadcrumb"},"inLanguage":"de","potentialAction":[{"@type":"ReadAction","target":["https:\/\/www.vaillant.de\/21-grad\/bewusst-und-sein\/vaillant-spendet-waerme-im-sos-kinderdorf-worpswede\/"]}]},{"@type":"ImageObject","inLanguage":"de","@id":"https:\/\/www.vaillant.de\/21-grad\/bewusst-und-sein\/vaillant-spendet-waerme-im-sos-kinderdorf-worpswede\/#primaryimage","url":"https:\/\/www.vaillant.de\/21-grad\/wp-content\/uploads\/2020\/05\/20150512_Vaillant_SOSWorpswede_0054_MKP.jpg","contentUrl":"https:\/\/www.vaillant.de\/21-grad\/wp-content\/uploads\/2020\/05\/20150512_Vaillant_SOSWorpswede_0054_MKP.jpg","width":1731,"height":1154},{"@type":"BreadcrumbList","@id":"https:\/\/www.vaillant.de\/21-grad\/bewusst-und-sein\/vaillant-spendet-waerme-im-sos-kinderdorf-worpswede\/#breadcrumb","itemListElement":[{"@type":"ListItem","position":1,"name":"Startseite","item":"https:\/\/www.vaillant.de\/21-grad\/"},{"@type":"ListItem","position":2,"name":"Vaillant spendet W\u00e4rme im SOS-Kinderdorf Worpswede (Artikel 2\/3)"}]},{"@type":"WebSite","@id":"https:\/\/www.vaillant.de\/21-grad\/#website","url":"https:\/\/www.vaillant.de\/21-grad\/","name":"21 grad","description":"Der Blog f\u00fcr Menschen, die weiterdenken","potentialAction":[{"@type":"SearchAction","target":{"@type":"EntryPoint","urlTemplate":"https:\/\/www.vaillant.de\/21-grad\/?s={search_term_string}"},"query-input":{"@type":"PropertyValueSpecification","valueRequired":true,"valueName":"search_term_string"}}],"inLanguage":"de"},{"@type":"Person","@id":"https:\/\/www.vaillant.de\/21-grad\/#\/schema\/person\/03b8aa3a9c0a271e0b8fb3012cec586a","name":"Sibel","image":{"@type":"ImageObject","inLanguage":"de","@id":"https:\/\/www.vaillant.de\/21-grad\/wp-content\/uploads\/2022\/08\/Foto_Sibel-125x125.jpg020292b54eaae816635cb20c87eb9958","url":"https:\/\/www.vaillant.de\/21-grad\/wp-content\/uploads\/2022\/08\/Foto_Sibel-125x125.jpg","contentUrl":"https:\/\/www.vaillant.de\/21-grad\/wp-content\/uploads\/2022\/08\/Foto_Sibel-125x125.jpg","caption":"Sibel"},"description":"Als Content Manager dreht sich in meiner Vaillant-Welt alles um Inhalte. Ob Produktbrosch\u00fcren, Flyer, Produktseiten oder Ratgeber auf unserer Webseite, die Inhalte zu den Themenbereichen Photovoltaik, Smart Home sowie unsere Elektro-Produkte liegen in meiner Verantwortung \u2013 ein sch\u00f6ner Mix aus Tradition &amp; Innovation! Nachhaltigkeit Jutebeutel, Eink\u00e4ufe zu Fu\u00df, Fahrgemeinschaften \u2013 kleine Ma\u00dfnahmen, mit denen ich versuche, mehr Nachhaltigkeit in meinen Alltag zu integrieren. Interessen Ganz viel Zeit mit Familie und Freunden, Musik (all day long), Meditation, Marvel\/MCU, B\u00fccher (Fantasy) Mit wem w\u00fcrdest du essen gehen und was sollte es geben? Mit Neil Armstrong und wir essen Tr\u00fcffel-Pasta. Was bringt dich auf die Palme? Das Ger\u00e4usch von fallenden Pfandflaschen :-D Was bringt dich zum l\u00e4cheln? Ein sch\u00f6nes Abendessen mit meiner Familie \u2013 und ein sternenklarer Nachthimmel.","url":"https:\/\/www.vaillant.de\/21-grad\/autor\/sibel\/"}]}},"_links":{"self":[{"href":"https:\/\/www.vaillant.de\/21-grad\/wp-json\/wp\/v2\/posts\/491","targetHints":{"allow":["GET"]}}],"collection":[{"href":"https:\/\/www.vaillant.de\/21-grad\/wp-json\/wp\/v2\/posts"}],"about":[{"href":"https:\/\/www.vaillant.de\/21-grad\/wp-json\/wp\/v2\/types\/post"}],"author":[{"embeddable":true,"href":"https:\/\/www.vaillant.de\/21-grad\/wp-json\/wp\/v2\/users\/22"}],"replies":[{"embeddable":true,"href":"https:\/\/www.vaillant.de\/21-grad\/wp-json\/wp\/v2\/comments?post=491"}],"version-history":[{"count":12,"href":"https:\/\/www.vaillant.de\/21-grad\/wp-json\/wp\/v2\/posts\/491\/revisions"}],"predecessor-version":[{"id":5224,"href":"https:\/\/www.vaillant.de\/21-grad\/wp-json\/wp\/v2\/posts\/491\/revisions\/5224"}],"wp:featuredmedia":[{"embeddable":true,"href":"https:\/\/www.vaillant.de\/21-grad\/wp-json\/wp\/v2\/media\/5219"}],"wp:attachment":[{"href":"https:\/\/www.vaillant.de\/21-grad\/wp-json\/wp\/v2\/media?parent=491"}],"wp:term":[{"taxonomy":"category","embeddable":true,"href":"https:\/\/www.vaillant.de\/21-grad\/wp-json\/wp\/v2\/categories?post=491"},{"taxonomy":"post_tag","embeddable":true,"href":"https:\/\/www.vaillant.de\/21-grad\/wp-json\/wp\/v2\/tags?post=491"},{"taxonomy":"author","embeddable":true,"href":"https:\/\/www.vaillant.de\/21-grad\/wp-json\/wp\/v2\/coauthors?post=491"}],"curies":[{"name":"wp","href":"https:\/\/api.w.org\/{rel}","templated":true}]}}