{"id":494,"date":"2016-02-15T12:00:11","date_gmt":"2016-02-15T11:00:11","guid":{"rendered":"http:\/\/21-grad.vaillant.de\/?p=494"},"modified":"2026-01-28T09:54:21","modified_gmt":"2026-01-28T08:54:21","slug":"internationale-partnerschaft-vaillant-engagiert-sich-fuer-sos-kinderdoerfer-weltweit","status":"publish","type":"post","link":"https:\/\/www.vaillant.de\/21-grad\/bewusst-und-sein\/internationale-partnerschaft-vaillant-engagiert-sich-fuer-sos-kinderdoerfer-weltweit\/","title":{"rendered":"Internationale Partnerschaft \u2013  Vaillant engagiert sich f\u00fcr \u201eSOS-Kinderd\u00f6rfer weltweit\u201c (1\/3)"},"content":{"rendered":"<p>Die <a href=\"http:\/\/www.sos-kinderdoerfer.de\/\" target=\"_blank\" rel=\"noopener noreferrer\">SOS-Kinderd\u00f6rfer<\/a> sind ein Hilfswerk f\u00fcr Kinder in Not, das heute in 134 L\u00e4ndern aktiv ist. Weltweit gibt es 560 SOS-Kinderd\u00f6rfer und mehr als 1.893 SOS-Zusatzeinrichtungen wie Kinderg\u00e4rten, Schulen, Krankenstationen oder Ausbildungs- und Sozialzentren.<\/p>\n<p>Gegr\u00fcndet wurde die Organisation bereits 1949 von Hermann Gmeiner. Seine Idee: Jedes verlassene, Not leidende Kind sollte wieder eine Mutter, Geschwister, ein Haus und ein Dorf haben, in dem es wie andere Kinder in Geborgenheit heranwachsen kann.<\/p>\n<h2><strong>Vaillant Heiztechnik sorgt f\u00fcr W\u00e4rme in Kinderd\u00f6rfern auf der ganzen Welt<\/strong><\/h2>\n<p>Vaillant m\u00f6chte als Heiztechnikpartner mithelfen, den Kindern und Jugendlichen in den SOS-Kinderd\u00f6rfern ein warmes Zuhause zu schaffen \u2013 ganz buchst\u00e4blich. Im Rahmen der Partnerschaft mit \u201eSOS-Kinderd\u00f6rfer weltweit\u201c haben bereits zahlreiche Vaillant L\u00e4nderniederlassungen Projekte initiiert, etwa von Frankreich und Belgien, \u00fcber Kroatien, Polen, Ungarn bis nach China.<\/p>\n<p>Seit 2015 engagiert sich Vaillant auch in Deutschland. Hier sollen bis 2018 bestehende Anlagen durch energieeffiziente Heiztechnik ersetzt werden. In den Kinderd\u00f6rfern in Worpswede, im Schwarzwald und in Bockum ist dies bereits geschehen.<\/p>\n<p>Besonders das <a href=\"https:\/\/www.vaillant.de\/21-grad\/bewusst-und-sein\/vaillant-spendet-waerme-im-sos-kinderdorf-worpswede\/\" target=\"_blank\" rel=\"noopener noreferrer\">Beispiel Worpswede<\/a> zeigt, dass es bei der Partnerschaft nicht einfach darum geht, das Scheckbuch zu z\u00fccken: Die Vaillant Fachhandwerkspartner und Gro\u00dfhandelspartner sowie einzelne Vaillant Mitarbeiter haben dort eine Menge guter Ideen und pers\u00f6nliches Engagement eingebracht.<\/p>\n<h2><strong>\u201eKindern in eine bessere Zukunft zu helfen \u2013 das ist f\u00fcr uns etwas ganz Wesentliches\u201c<\/strong><\/h2>\n<p><img loading=\"lazy\" decoding=\"async\" class=\"size-thumbnail wp-image-500 alignleft\" src=\"https:\/\/www.vaillant.de\/21-grad\/wp-content\/uploads\/2016\/03\/Frederik-Lippert-150x150.jpg\" alt=\"Frederik Lippert\" width=\"150\" height=\"150\" srcset=\"https:\/\/www.vaillant.de\/21-grad\/wp-content\/uploads\/2016\/03\/Frederik-Lippert-150x150.jpg 150w, https:\/\/www.vaillant.de\/21-grad\/wp-content\/uploads\/2016\/03\/Frederik-Lippert-125x125.jpg 125w\" sizes=\"auto, (max-width: 150px) 100vw, 150px\" \/>Frederik Lippert ist als Senior Manager Corporate Communications gruppenweit verantwortlich f\u00fcr diese bisher so fruchtbare Partnerschaft. Im Interview mit 21 grad erkl\u00e4rt er weitere Hintergr\u00fcnde und blickt in die Zukunft.<\/p>\n<p>&nbsp;<\/p>\n<p>&nbsp;<\/p>\n<h2><strong>Herr Lippert, wie kam es zu der Partnerschaft der Vaillant Group mit \u201eSOS-Kinderd\u00f6rfer weltweit\u201c?<\/strong><\/h2>\n<p><strong>Frederik Lippert:<\/strong> Wir m\u00f6chten ganz gezielt Klima- und Umweltschutz f\u00f6rdern. Als Familienunternehmen richten wir uns dabei bewusst an Familien und soziale Einrichtungen. Wir waren gerade auf der Suche nach einem geeigneten Leuchtturmprojekt f\u00fcr dieses Engagement, als ein Bericht aus Ungarn eintraf. Dort hatten sich die Kollegen engagiert, als im SOS-Kinderdorf Battonya die Heizanlage ausgefallen war, und das kurz vor dem Wintereinbruch im Herbst 2011.<\/p>\n<p>Die Kollegen haben schnell gehandelt und alles organisiert. Das Projekt ist sehr gut gelaufen \u2013 so gut, dass wir die Idee hatten, aus dieser einmaligen Aktion etwas Gr\u00f6\u00dferes werden zu lassen. In mehreren Gespr\u00e4chen haben wir dann mit der Kinderhilfsorganisation gemeinsame Ziele ausgelotet.<\/p>\n<h2><strong>Was genau ist Inhalt der Partnerschaft?<\/strong><\/h2>\n<p><strong>Lippert:<\/strong> Die Partnerschaft basiert auf zwei S\u00e4ulen. Die erste S\u00e4ule ist eine gruppenweite Vereinbarung, die uns zum herausragenden Partner f\u00fcr die Bereitstellung von Heiztechnik macht. Die einzelnen Vertriebsgesellschaften setzen sie in Form lokaler Projekte in ihren L\u00e4ndern um. Herzst\u00fcck dabei ist immer Heiztechnik.<\/p>\n<p>Dazu k\u00f6nnen aber als zweite S\u00e4ule weitere Formen der Unterst\u00fctzung kommen. Wir wollen keine Strohfeuer im Sinne eines einmaligen Engagements, sondern mit einem fundierten Techniksupport den Grundstein f\u00fcr eine langfristige Partnerschaft legen.<\/p>\n<h2><strong>Wie geht es weiter mit der Partnerschaft?<\/strong><\/h2>\n<p><strong>Lippert:<\/strong> Zurzeit laufen einige Technikprojekte, etwa in Mazedonien, Russland oder Deutschland. Weitere sind in Planung. Aber auch die zweite S\u00e4ule der Partnerschaft, bei der es um die F\u00f6rderung sozialer Projekte geht, entwickelt sich sehr positiv. Unsere L\u00e4ndergesellschaften bieten z.B. Bewerbungstrainings an und veranstalten Spendenl\u00e4ufe. In Deutschland k\u00f6nnen unsere Mitarbeiter seit Kurzem unb\u00fcrokratisch den Centbetrag ihres Monatsgehalts spenden. Im Moment arbeiten wir an weiteren Mechaniken, um unsere Mitarbeiter noch pers\u00f6nlicher in die Partnerschaft zu involvieren.<\/p>\n<h2><strong>Von wem kommen diese Ideen?<\/strong><\/h2>\n<p><strong>Lippert:<\/strong> Das Sch\u00f6ne ist: von allen Seiten! Wir sp\u00fcren immer wieder, wie wir mit dieser strategischen Entscheidung f\u00fcr SOS-Kinderd\u00f6rfer ins Schwarze getroffen haben. Bei unseren Mitarbeitern, aber auch bei unseren Partnern im Fachhandwerk, und zwar in allen L\u00e4ndern.<\/p>\n<p>Die <a href=\"https:\/\/www.vaillant-group.com\/\" target=\"_blank\" rel=\"noopener noreferrer\">Vaillant Group<\/a> ist ein klassisches Familienunternehmen, genau wie die meisten Fachhandwerkspartner. Die Bereitschaft, Kindern zu helfen und sich daf\u00fcr zu engagieren, dass sie eine gute Zukunft haben, ist deshalb einfach sehr gro\u00df. Das ist f\u00fcr uns etwas ganz Wesentliches.<\/p>\n<h2><strong>Vielen Dank f\u00fcr das Interview!<\/strong><\/h2>\n","protected":false},"excerpt":{"rendered":"<p>Seit 2013 unterst\u00fctzt die Vaillant Group \u201eSOS-Kinderd\u00f6rfer weltweit\u201c mit modernster Heiztechnik, Ideen und Engagement. Frederik Lippert ist im Unternehmen gruppenweit f\u00fcr diese Partnerschaft verantwortlich: Wie ist sie entstanden? Was passiert konkret? Und wie sieht der Plan f\u00fcr die Zukunft aus? Diese und weitere Fragen beantwortet Lippert im Interview mit 21 grad.<\/p>\n","protected":false},"author":22,"featured_media":497,"comment_status":"open","ping_status":"open","sticky":false,"template":"","format":"standard","meta":{"footnotes":""},"categories":[5],"tags":[176,86,23,179],"coauthors":[246],"class_list":["post-494","post","type-post","status-publish","format-standard","has-post-thumbnail","hentry","category-bewusst-und-sein","tag-interviews","tag-leben","tag-nachhaltigkeit","tag-soziales-engagement"],"yoast_head":"<!-- This site is optimized with the Yoast SEO plugin v27.4 - https:\/\/yoast.com\/product\/yoast-seo-wordpress\/ -->\n<title>Vaillant engagiert sich f\u00fcr &quot;SOS-Kinderd\u00f6rfer&quot; weltweit | 21 grad<\/title>\n<meta name=\"description\" content=\"Vaillant unterst\u00fctzt die SOS-Kinderd\u00f6rfer mit Heiztechnik, Ideen &amp; Engagement. Wie es zu dieser Zusammenarbeit gekommen ist? Erfahrt es hier!\" \/>\n<meta name=\"robots\" content=\"index, follow, max-snippet:-1, max-image-preview:large, max-video-preview:-1\" \/>\n<link rel=\"canonical\" href=\"https:\/\/www.vaillant.de\/21-grad\/bewusst-und-sein\/internationale-partnerschaft-vaillant-engagiert-sich-fuer-sos-kinderdoerfer-weltweit\/\" \/>\n<meta property=\"og:locale\" content=\"de_DE\" \/>\n<meta property=\"og:type\" content=\"article\" \/>\n<meta property=\"og:title\" content=\"Vaillant engagiert sich f\u00fcr &quot;SOS-Kinderd\u00f6rfer&quot; weltweit | 21 grad\" \/>\n<meta property=\"og:description\" content=\"Vaillant unterst\u00fctzt die SOS-Kinderd\u00f6rfer mit Heiztechnik, Ideen &amp; Engagement. Wie es zu dieser Zusammenarbeit gekommen ist? Erfahrt es hier!\" \/>\n<meta property=\"og:url\" content=\"https:\/\/www.vaillant.de\/21-grad\/bewusst-und-sein\/internationale-partnerschaft-vaillant-engagiert-sich-fuer-sos-kinderdoerfer-weltweit\/\" \/>\n<meta property=\"og:site_name\" content=\"21 grad\" \/>\n<meta property=\"article:publisher\" content=\"https:\/\/www.facebook.com\/21grad\/\" \/>\n<meta property=\"article:published_time\" content=\"2016-02-15T11:00:11+00:00\" \/>\n<meta property=\"article:modified_time\" content=\"2026-01-28T08:54:21+00:00\" \/>\n<meta property=\"og:image\" content=\"https:\/\/www.vaillant.de\/21-grad\/wp-content\/uploads\/2016\/03\/Titelbild-Internationale-Partnerschaft-SOS-Kinderdorf.png\" \/>\n\t<meta property=\"og:image:width\" content=\"940\" \/>\n\t<meta property=\"og:image:height\" content=\"480\" \/>\n\t<meta property=\"og:image:type\" content=\"image\/png\" \/>\n<meta name=\"author\" content=\"Sibel\" \/>\n<meta name=\"twitter:card\" content=\"summary_large_image\" \/>\n<meta name=\"twitter:creator\" content=\"@vaillant_de\" \/>\n<meta name=\"twitter:site\" content=\"@vaillant_de\" \/>\n<meta name=\"twitter:label1\" content=\"Verfasst von\" \/>\n\t<meta name=\"twitter:data1\" content=\"Sibel\" \/>\n\t<meta name=\"twitter:label2\" content=\"Gesch\u00e4tzte Lesezeit\" \/>\n\t<meta name=\"twitter:data2\" content=\"3\u00a0Minuten\" \/>\n\t<meta name=\"twitter:label3\" content=\"Written by\" \/>\n\t<meta name=\"twitter:data3\" content=\"Sibel\" \/>\n<script type=\"application\/ld+json\" class=\"yoast-schema-graph\">{\"@context\":\"https:\\\/\\\/schema.org\",\"@graph\":[{\"@type\":\"Article\",\"@id\":\"https:\\\/\\\/www.vaillant.de\\\/21-grad\\\/bewusst-und-sein\\\/internationale-partnerschaft-vaillant-engagiert-sich-fuer-sos-kinderdoerfer-weltweit\\\/#article\",\"isPartOf\":{\"@id\":\"https:\\\/\\\/www.vaillant.de\\\/21-grad\\\/bewusst-und-sein\\\/internationale-partnerschaft-vaillant-engagiert-sich-fuer-sos-kinderdoerfer-weltweit\\\/\"},\"author\":{\"name\":\"Sibel\",\"@id\":\"https:\\\/\\\/www.vaillant.de\\\/21-grad\\\/#\\\/schema\\\/person\\\/03b8aa3a9c0a271e0b8fb3012cec586a\"},\"headline\":\"Internationale Partnerschaft \u2013 Vaillant engagiert sich f\u00fcr \u201eSOS-Kinderd\u00f6rfer weltweit\u201c (1\\\/3)\",\"datePublished\":\"2016-02-15T11:00:11+00:00\",\"dateModified\":\"2026-01-28T08:54:21+00:00\",\"mainEntityOfPage\":{\"@id\":\"https:\\\/\\\/www.vaillant.de\\\/21-grad\\\/bewusst-und-sein\\\/internationale-partnerschaft-vaillant-engagiert-sich-fuer-sos-kinderdoerfer-weltweit\\\/\"},\"wordCount\":668,\"commentCount\":1,\"image\":{\"@id\":\"https:\\\/\\\/www.vaillant.de\\\/21-grad\\\/bewusst-und-sein\\\/internationale-partnerschaft-vaillant-engagiert-sich-fuer-sos-kinderdoerfer-weltweit\\\/#primaryimage\"},\"thumbnailUrl\":\"https:\\\/\\\/www.vaillant.de\\\/21-grad\\\/wp-content\\\/uploads\\\/2016\\\/03\\\/Titelbild-Internationale-Partnerschaft-SOS-Kinderdorf.png\",\"keywords\":[\"Interviews\",\"Leben\",\"Nachhaltigkeit\",\"Soziales Engagement\"],\"articleSection\":[\"Bewusst &amp; Sein\"],\"inLanguage\":\"de\",\"potentialAction\":[{\"@type\":\"CommentAction\",\"name\":\"Comment\",\"target\":[\"https:\\\/\\\/www.vaillant.de\\\/21-grad\\\/bewusst-und-sein\\\/internationale-partnerschaft-vaillant-engagiert-sich-fuer-sos-kinderdoerfer-weltweit\\\/#respond\"]}]},{\"@type\":\"WebPage\",\"@id\":\"https:\\\/\\\/www.vaillant.de\\\/21-grad\\\/bewusst-und-sein\\\/internationale-partnerschaft-vaillant-engagiert-sich-fuer-sos-kinderdoerfer-weltweit\\\/\",\"url\":\"https:\\\/\\\/www.vaillant.de\\\/21-grad\\\/bewusst-und-sein\\\/internationale-partnerschaft-vaillant-engagiert-sich-fuer-sos-kinderdoerfer-weltweit\\\/\",\"name\":\"Vaillant engagiert sich f\u00fcr \\\"SOS-Kinderd\u00f6rfer\\\" weltweit | 21 grad\",\"isPartOf\":{\"@id\":\"https:\\\/\\\/www.vaillant.de\\\/21-grad\\\/#website\"},\"primaryImageOfPage\":{\"@id\":\"https:\\\/\\\/www.vaillant.de\\\/21-grad\\\/bewusst-und-sein\\\/internationale-partnerschaft-vaillant-engagiert-sich-fuer-sos-kinderdoerfer-weltweit\\\/#primaryimage\"},\"image\":{\"@id\":\"https:\\\/\\\/www.vaillant.de\\\/21-grad\\\/bewusst-und-sein\\\/internationale-partnerschaft-vaillant-engagiert-sich-fuer-sos-kinderdoerfer-weltweit\\\/#primaryimage\"},\"thumbnailUrl\":\"https:\\\/\\\/www.vaillant.de\\\/21-grad\\\/wp-content\\\/uploads\\\/2016\\\/03\\\/Titelbild-Internationale-Partnerschaft-SOS-Kinderdorf.png\",\"datePublished\":\"2016-02-15T11:00:11+00:00\",\"dateModified\":\"2026-01-28T08:54:21+00:00\",\"author\":{\"@id\":\"https:\\\/\\\/www.vaillant.de\\\/21-grad\\\/#\\\/schema\\\/person\\\/03b8aa3a9c0a271e0b8fb3012cec586a\"},\"description\":\"Vaillant unterst\u00fctzt die SOS-Kinderd\u00f6rfer mit Heiztechnik, Ideen & Engagement. Wie es zu dieser Zusammenarbeit gekommen ist? Erfahrt es hier!\",\"breadcrumb\":{\"@id\":\"https:\\\/\\\/www.vaillant.de\\\/21-grad\\\/bewusst-und-sein\\\/internationale-partnerschaft-vaillant-engagiert-sich-fuer-sos-kinderdoerfer-weltweit\\\/#breadcrumb\"},\"inLanguage\":\"de\",\"potentialAction\":[{\"@type\":\"ReadAction\",\"target\":[\"https:\\\/\\\/www.vaillant.de\\\/21-grad\\\/bewusst-und-sein\\\/internationale-partnerschaft-vaillant-engagiert-sich-fuer-sos-kinderdoerfer-weltweit\\\/\"]}]},{\"@type\":\"ImageObject\",\"inLanguage\":\"de\",\"@id\":\"https:\\\/\\\/www.vaillant.de\\\/21-grad\\\/bewusst-und-sein\\\/internationale-partnerschaft-vaillant-engagiert-sich-fuer-sos-kinderdoerfer-weltweit\\\/#primaryimage\",\"url\":\"https:\\\/\\\/www.vaillant.de\\\/21-grad\\\/wp-content\\\/uploads\\\/2016\\\/03\\\/Titelbild-Internationale-Partnerschaft-SOS-Kinderdorf.png\",\"contentUrl\":\"https:\\\/\\\/www.vaillant.de\\\/21-grad\\\/wp-content\\\/uploads\\\/2016\\\/03\\\/Titelbild-Internationale-Partnerschaft-SOS-Kinderdorf.png\",\"width\":940,\"height\":480,\"caption\":\"nternationale Partnerschaft SOS-Kinderdorf\"},{\"@type\":\"BreadcrumbList\",\"@id\":\"https:\\\/\\\/www.vaillant.de\\\/21-grad\\\/bewusst-und-sein\\\/internationale-partnerschaft-vaillant-engagiert-sich-fuer-sos-kinderdoerfer-weltweit\\\/#breadcrumb\",\"itemListElement\":[{\"@type\":\"ListItem\",\"position\":1,\"name\":\"Startseite\",\"item\":\"https:\\\/\\\/www.vaillant.de\\\/21-grad\\\/\"},{\"@type\":\"ListItem\",\"position\":2,\"name\":\"Internationale Partnerschaft \u2013 Vaillant engagiert sich f\u00fcr \u201eSOS-Kinderd\u00f6rfer weltweit\u201c (1\\\/3)\"}]},{\"@type\":\"WebSite\",\"@id\":\"https:\\\/\\\/www.vaillant.de\\\/21-grad\\\/#website\",\"url\":\"https:\\\/\\\/www.vaillant.de\\\/21-grad\\\/\",\"name\":\"21 grad\",\"description\":\"Der Blog f\u00fcr Menschen, die weiterdenken\",\"potentialAction\":[{\"@type\":\"SearchAction\",\"target\":{\"@type\":\"EntryPoint\",\"urlTemplate\":\"https:\\\/\\\/www.vaillant.de\\\/21-grad\\\/?s={search_term_string}\"},\"query-input\":{\"@type\":\"PropertyValueSpecification\",\"valueRequired\":true,\"valueName\":\"search_term_string\"}}],\"inLanguage\":\"de\"},{\"@type\":\"Person\",\"@id\":\"https:\\\/\\\/www.vaillant.de\\\/21-grad\\\/#\\\/schema\\\/person\\\/03b8aa3a9c0a271e0b8fb3012cec586a\",\"name\":\"Sibel\",\"image\":{\"@type\":\"ImageObject\",\"inLanguage\":\"de\",\"@id\":\"https:\\\/\\\/www.vaillant.de\\\/21-grad\\\/wp-content\\\/uploads\\\/2022\\\/08\\\/Foto_Sibel-125x125.jpg020292b54eaae816635cb20c87eb9958\",\"url\":\"https:\\\/\\\/www.vaillant.de\\\/21-grad\\\/wp-content\\\/uploads\\\/2022\\\/08\\\/Foto_Sibel-125x125.jpg\",\"contentUrl\":\"https:\\\/\\\/www.vaillant.de\\\/21-grad\\\/wp-content\\\/uploads\\\/2022\\\/08\\\/Foto_Sibel-125x125.jpg\",\"caption\":\"Sibel\"},\"description\":\"Als Content Manager dreht sich in meiner Vaillant-Welt alles um Inhalte. Ob Produktbrosch\u00fcren, Flyer, Produktseiten oder Ratgeber auf unserer Webseite, die Inhalte zu den Themenbereichen Photovoltaik, Smart Home sowie unsere Elektro-Produkte liegen in meiner Verantwortung \u2013 ein sch\u00f6ner Mix aus Tradition &amp; Innovation! Nachhaltigkeit Jutebeutel, Eink\u00e4ufe zu Fu\u00df, Fahrgemeinschaften \u2013 kleine Ma\u00dfnahmen, mit denen ich versuche, mehr Nachhaltigkeit in meinen Alltag zu integrieren. Interessen Ganz viel Zeit mit Familie und Freunden, Musik (all day long), Meditation, Marvel\\\/MCU, B\u00fccher (Fantasy) Mit wem w\u00fcrdest du essen gehen und was sollte es geben? Mit Neil Armstrong und wir essen Tr\u00fcffel-Pasta. Was bringt dich auf die Palme? Das Ger\u00e4usch von fallenden Pfandflaschen :-D Was bringt dich zum l\u00e4cheln? Ein sch\u00f6nes Abendessen mit meiner Familie \u2013 und ein sternenklarer Nachthimmel.\",\"url\":\"https:\\\/\\\/www.vaillant.de\\\/21-grad\\\/autor\\\/sibel\\\/\"}]}<\/script>\n<!-- \/ Yoast SEO plugin. -->","yoast_head_json":{"title":"Vaillant engagiert sich f\u00fcr \"SOS-Kinderd\u00f6rfer\" weltweit | 21 grad","description":"Vaillant unterst\u00fctzt die SOS-Kinderd\u00f6rfer mit Heiztechnik, Ideen & Engagement. Wie es zu dieser Zusammenarbeit gekommen ist? Erfahrt es hier!","robots":{"index":"index","follow":"follow","max-snippet":"max-snippet:-1","max-image-preview":"max-image-preview:large","max-video-preview":"max-video-preview:-1"},"canonical":"https:\/\/www.vaillant.de\/21-grad\/bewusst-und-sein\/internationale-partnerschaft-vaillant-engagiert-sich-fuer-sos-kinderdoerfer-weltweit\/","og_locale":"de_DE","og_type":"article","og_title":"Vaillant engagiert sich f\u00fcr \"SOS-Kinderd\u00f6rfer\" weltweit | 21 grad","og_description":"Vaillant unterst\u00fctzt die SOS-Kinderd\u00f6rfer mit Heiztechnik, Ideen & Engagement. Wie es zu dieser Zusammenarbeit gekommen ist? Erfahrt es hier!","og_url":"https:\/\/www.vaillant.de\/21-grad\/bewusst-und-sein\/internationale-partnerschaft-vaillant-engagiert-sich-fuer-sos-kinderdoerfer-weltweit\/","og_site_name":"21 grad","article_publisher":"https:\/\/www.facebook.com\/21grad\/","article_published_time":"2016-02-15T11:00:11+00:00","article_modified_time":"2026-01-28T08:54:21+00:00","og_image":[{"width":940,"height":480,"url":"https:\/\/www.vaillant.de\/21-grad\/wp-content\/uploads\/2016\/03\/Titelbild-Internationale-Partnerschaft-SOS-Kinderdorf.png","type":"image\/png"}],"author":"Sibel","twitter_card":"summary_large_image","twitter_creator":"@vaillant_de","twitter_site":"@vaillant_de","twitter_misc":{"Verfasst von":"Sibel","Gesch\u00e4tzte Lesezeit":"3\u00a0Minuten","Written by":"Sibel"},"schema":{"@context":"https:\/\/schema.org","@graph":[{"@type":"Article","@id":"https:\/\/www.vaillant.de\/21-grad\/bewusst-und-sein\/internationale-partnerschaft-vaillant-engagiert-sich-fuer-sos-kinderdoerfer-weltweit\/#article","isPartOf":{"@id":"https:\/\/www.vaillant.de\/21-grad\/bewusst-und-sein\/internationale-partnerschaft-vaillant-engagiert-sich-fuer-sos-kinderdoerfer-weltweit\/"},"author":{"name":"Sibel","@id":"https:\/\/www.vaillant.de\/21-grad\/#\/schema\/person\/03b8aa3a9c0a271e0b8fb3012cec586a"},"headline":"Internationale Partnerschaft \u2013 Vaillant engagiert sich f\u00fcr \u201eSOS-Kinderd\u00f6rfer weltweit\u201c (1\/3)","datePublished":"2016-02-15T11:00:11+00:00","dateModified":"2026-01-28T08:54:21+00:00","mainEntityOfPage":{"@id":"https:\/\/www.vaillant.de\/21-grad\/bewusst-und-sein\/internationale-partnerschaft-vaillant-engagiert-sich-fuer-sos-kinderdoerfer-weltweit\/"},"wordCount":668,"commentCount":1,"image":{"@id":"https:\/\/www.vaillant.de\/21-grad\/bewusst-und-sein\/internationale-partnerschaft-vaillant-engagiert-sich-fuer-sos-kinderdoerfer-weltweit\/#primaryimage"},"thumbnailUrl":"https:\/\/www.vaillant.de\/21-grad\/wp-content\/uploads\/2016\/03\/Titelbild-Internationale-Partnerschaft-SOS-Kinderdorf.png","keywords":["Interviews","Leben","Nachhaltigkeit","Soziales Engagement"],"articleSection":["Bewusst &amp; Sein"],"inLanguage":"de","potentialAction":[{"@type":"CommentAction","name":"Comment","target":["https:\/\/www.vaillant.de\/21-grad\/bewusst-und-sein\/internationale-partnerschaft-vaillant-engagiert-sich-fuer-sos-kinderdoerfer-weltweit\/#respond"]}]},{"@type":"WebPage","@id":"https:\/\/www.vaillant.de\/21-grad\/bewusst-und-sein\/internationale-partnerschaft-vaillant-engagiert-sich-fuer-sos-kinderdoerfer-weltweit\/","url":"https:\/\/www.vaillant.de\/21-grad\/bewusst-und-sein\/internationale-partnerschaft-vaillant-engagiert-sich-fuer-sos-kinderdoerfer-weltweit\/","name":"Vaillant engagiert sich f\u00fcr \"SOS-Kinderd\u00f6rfer\" weltweit | 21 grad","isPartOf":{"@id":"https:\/\/www.vaillant.de\/21-grad\/#website"},"primaryImageOfPage":{"@id":"https:\/\/www.vaillant.de\/21-grad\/bewusst-und-sein\/internationale-partnerschaft-vaillant-engagiert-sich-fuer-sos-kinderdoerfer-weltweit\/#primaryimage"},"image":{"@id":"https:\/\/www.vaillant.de\/21-grad\/bewusst-und-sein\/internationale-partnerschaft-vaillant-engagiert-sich-fuer-sos-kinderdoerfer-weltweit\/#primaryimage"},"thumbnailUrl":"https:\/\/www.vaillant.de\/21-grad\/wp-content\/uploads\/2016\/03\/Titelbild-Internationale-Partnerschaft-SOS-Kinderdorf.png","datePublished":"2016-02-15T11:00:11+00:00","dateModified":"2026-01-28T08:54:21+00:00","author":{"@id":"https:\/\/www.vaillant.de\/21-grad\/#\/schema\/person\/03b8aa3a9c0a271e0b8fb3012cec586a"},"description":"Vaillant unterst\u00fctzt die SOS-Kinderd\u00f6rfer mit Heiztechnik, Ideen & Engagement. Wie es zu dieser Zusammenarbeit gekommen ist? Erfahrt es hier!","breadcrumb":{"@id":"https:\/\/www.vaillant.de\/21-grad\/bewusst-und-sein\/internationale-partnerschaft-vaillant-engagiert-sich-fuer-sos-kinderdoerfer-weltweit\/#breadcrumb"},"inLanguage":"de","potentialAction":[{"@type":"ReadAction","target":["https:\/\/www.vaillant.de\/21-grad\/bewusst-und-sein\/internationale-partnerschaft-vaillant-engagiert-sich-fuer-sos-kinderdoerfer-weltweit\/"]}]},{"@type":"ImageObject","inLanguage":"de","@id":"https:\/\/www.vaillant.de\/21-grad\/bewusst-und-sein\/internationale-partnerschaft-vaillant-engagiert-sich-fuer-sos-kinderdoerfer-weltweit\/#primaryimage","url":"https:\/\/www.vaillant.de\/21-grad\/wp-content\/uploads\/2016\/03\/Titelbild-Internationale-Partnerschaft-SOS-Kinderdorf.png","contentUrl":"https:\/\/www.vaillant.de\/21-grad\/wp-content\/uploads\/2016\/03\/Titelbild-Internationale-Partnerschaft-SOS-Kinderdorf.png","width":940,"height":480,"caption":"nternationale Partnerschaft SOS-Kinderdorf"},{"@type":"BreadcrumbList","@id":"https:\/\/www.vaillant.de\/21-grad\/bewusst-und-sein\/internationale-partnerschaft-vaillant-engagiert-sich-fuer-sos-kinderdoerfer-weltweit\/#breadcrumb","itemListElement":[{"@type":"ListItem","position":1,"name":"Startseite","item":"https:\/\/www.vaillant.de\/21-grad\/"},{"@type":"ListItem","position":2,"name":"Internationale Partnerschaft \u2013 Vaillant engagiert sich f\u00fcr \u201eSOS-Kinderd\u00f6rfer weltweit\u201c (1\/3)"}]},{"@type":"WebSite","@id":"https:\/\/www.vaillant.de\/21-grad\/#website","url":"https:\/\/www.vaillant.de\/21-grad\/","name":"21 grad","description":"Der Blog f\u00fcr Menschen, die weiterdenken","potentialAction":[{"@type":"SearchAction","target":{"@type":"EntryPoint","urlTemplate":"https:\/\/www.vaillant.de\/21-grad\/?s={search_term_string}"},"query-input":{"@type":"PropertyValueSpecification","valueRequired":true,"valueName":"search_term_string"}}],"inLanguage":"de"},{"@type":"Person","@id":"https:\/\/www.vaillant.de\/21-grad\/#\/schema\/person\/03b8aa3a9c0a271e0b8fb3012cec586a","name":"Sibel","image":{"@type":"ImageObject","inLanguage":"de","@id":"https:\/\/www.vaillant.de\/21-grad\/wp-content\/uploads\/2022\/08\/Foto_Sibel-125x125.jpg020292b54eaae816635cb20c87eb9958","url":"https:\/\/www.vaillant.de\/21-grad\/wp-content\/uploads\/2022\/08\/Foto_Sibel-125x125.jpg","contentUrl":"https:\/\/www.vaillant.de\/21-grad\/wp-content\/uploads\/2022\/08\/Foto_Sibel-125x125.jpg","caption":"Sibel"},"description":"Als Content Manager dreht sich in meiner Vaillant-Welt alles um Inhalte. Ob Produktbrosch\u00fcren, Flyer, Produktseiten oder Ratgeber auf unserer Webseite, die Inhalte zu den Themenbereichen Photovoltaik, Smart Home sowie unsere Elektro-Produkte liegen in meiner Verantwortung \u2013 ein sch\u00f6ner Mix aus Tradition &amp; Innovation! Nachhaltigkeit Jutebeutel, Eink\u00e4ufe zu Fu\u00df, Fahrgemeinschaften \u2013 kleine Ma\u00dfnahmen, mit denen ich versuche, mehr Nachhaltigkeit in meinen Alltag zu integrieren. Interessen Ganz viel Zeit mit Familie und Freunden, Musik (all day long), Meditation, Marvel\/MCU, B\u00fccher (Fantasy) Mit wem w\u00fcrdest du essen gehen und was sollte es geben? Mit Neil Armstrong und wir essen Tr\u00fcffel-Pasta. Was bringt dich auf die Palme? Das Ger\u00e4usch von fallenden Pfandflaschen :-D Was bringt dich zum l\u00e4cheln? Ein sch\u00f6nes Abendessen mit meiner Familie \u2013 und ein sternenklarer Nachthimmel.","url":"https:\/\/www.vaillant.de\/21-grad\/autor\/sibel\/"}]}},"_links":{"self":[{"href":"https:\/\/www.vaillant.de\/21-grad\/wp-json\/wp\/v2\/posts\/494","targetHints":{"allow":["GET"]}}],"collection":[{"href":"https:\/\/www.vaillant.de\/21-grad\/wp-json\/wp\/v2\/posts"}],"about":[{"href":"https:\/\/www.vaillant.de\/21-grad\/wp-json\/wp\/v2\/types\/post"}],"author":[{"embeddable":true,"href":"https:\/\/www.vaillant.de\/21-grad\/wp-json\/wp\/v2\/users\/22"}],"replies":[{"embeddable":true,"href":"https:\/\/www.vaillant.de\/21-grad\/wp-json\/wp\/v2\/comments?post=494"}],"version-history":[{"count":15,"href":"https:\/\/www.vaillant.de\/21-grad\/wp-json\/wp\/v2\/posts\/494\/revisions"}],"predecessor-version":[{"id":6734,"href":"https:\/\/www.vaillant.de\/21-grad\/wp-json\/wp\/v2\/posts\/494\/revisions\/6734"}],"wp:featuredmedia":[{"embeddable":true,"href":"https:\/\/www.vaillant.de\/21-grad\/wp-json\/wp\/v2\/media\/497"}],"wp:attachment":[{"href":"https:\/\/www.vaillant.de\/21-grad\/wp-json\/wp\/v2\/media?parent=494"}],"wp:term":[{"taxonomy":"category","embeddable":true,"href":"https:\/\/www.vaillant.de\/21-grad\/wp-json\/wp\/v2\/categories?post=494"},{"taxonomy":"post_tag","embeddable":true,"href":"https:\/\/www.vaillant.de\/21-grad\/wp-json\/wp\/v2\/tags?post=494"},{"taxonomy":"author","embeddable":true,"href":"https:\/\/www.vaillant.de\/21-grad\/wp-json\/wp\/v2\/coauthors?post=494"}],"curies":[{"name":"wp","href":"https:\/\/api.w.org\/{rel}","templated":true}]}}