{"id":5068,"date":"2020-04-07T11:42:21","date_gmt":"2020-04-07T09:42:21","guid":{"rendered":"https:\/\/www.vaillant.de\/21-grad\/?p=5068"},"modified":"2022-04-22T13:21:53","modified_gmt":"2022-04-22T11:21:53","slug":"drei-wochen-homeoffice-eine-geschichte-von-hungrigen-hunden-und-ungewohnten-arbeitsplaetzen","status":"publish","type":"post","link":"https:\/\/www.vaillant.de\/21-grad\/hasen-und-koepfe\/drei-wochen-homeoffice-eine-geschichte-von-hungrigen-hunden-und-ungewohnten-arbeitsplaetzen\/","title":{"rendered":"Drei Wochen Homeoffice: eine Geschichte von hungrigen Hunden und ungewohnten Arbeitspl\u00e4tzen"},"content":{"rendered":"<h2>Der Partykeller wird zum Arbeitsplatz<\/h2>\n<p>Wer derzeit den Kollegen Dominik kontaktiert, der trifft ihn im schummerigen Licht des heimischen Partykellers. Nein, der Kollege hat nicht umgeschult und w\u00e4hnt sich auch nicht in den Corona-Ferien: Der Keller ist schlichtweg der beste Ort, um in Ruhe, konzentriert und mit stabiler Internetverbindung arbeiten zu k\u00f6nnen. Letztere ist in diesen Zeiten das A und O f\u00fcr ein funktionierendes Homeoffice. \u201eIch musste erst ein bisschen suchen, bis ich einen Raum fand, der alle Anforderungen erf\u00fcllte. Dass es ausgerechnet unser Partykeller wurde, ist ein dummer Zufall\u201c, lacht er verschmitzt. Und hat auch keine Auswirkungen auf die gute Qualit\u00e4t seiner Arbeit. Ein weiterer Vorteil: Im Keller taucht sein kleiner Sohn deutlich seltener auf als im heimischen Wohnzimmer.<\/p>\n<h2>Alles unter einen Hut bringen<\/h2>\n<p>Die Herausforderung, Familie und Beruf unter einen Hut zu bringen, best\u00e4tigen etliche Eltern im Homeoffice. Der Vorteil: Gerade sie sind h\u00e4ufig schon heimarbeitserfahren. Zahlreiche M\u00fctter und V\u00e4ter arbeiteten bei Vaillant auch schon vor Corona regelm\u00e4\u00dfig im Homeoffice. \u201eDie Ausstattung war von Anfang an gut. Laptop, Skype, Bildschirm und Handy hatte ich \u2013 mehr brauche ich f\u00fcr meinen Arbeitsalltag nicht\u201c, best\u00e4tigt uns Kollege Alex, der als Vater eines Zweij\u00e4hrigen immer wieder von zu Hause arbeitet. Die gro\u00dfe Herausforderung ist die fehlende Kinderbetreuung: \u201eNormalerweise sind die Kinder in der Kita, wenn ich zu Hause arbeite. Jetzt ist einer von uns immer mit den Kindern besch\u00e4ftigt, w\u00e4hrend der andere arbeitet\u201c, erz\u00e4hlt Meike, die als Mutter von zwei T\u00f6chtern ebenfalls regelm\u00e4\u00dfig Homeoffice macht. Die neuen Homeoffice-Tage beginnen f\u00fcr Meike um 6 Uhr, nach dem Mittagessen mit der Familie ist \u201eSchichtwechsel\u201c: Dann legt ihr Mann mit der Arbeit los und Meike k\u00fcmmert sich um die Kinder. Die gemeinsame Freizeit beginnt erst sehr, sehr sp\u00e4t. Eine andere Meike wurde hingegen nicht von den Kindern, sondern vom Hund aus dem Call geschmissen. W\u00e4hrend ihre Schulkinder artig warten, bis die Mama aufgelegt hat, zeigte der heimische Vierbeiner kein Einsehen, seine t\u00e4gliche F\u00fctterungszeit um eine halbe Stunde nach hinten zu verschieben&#8230;<\/p>\n<h2>Homeoffice im Schlafanzug &#8211; ein No-Go<\/h2>\n<p>Alle Kollegen best\u00e4tigen: Die Arbeit l\u00e4uft reibungslos weiter, rein technisch und operativ gesehen funktioniert das Homeoffice an manchen Stellen fast noch besser als die B\u00fcroarbeit. Die Ausstattung ist gut, die Umstellung war nicht so gro\u00df. Die Calls und der Austausch funktionieren problemlos. Konzentriertes Arbeiten ist ausgezeichnet m\u00f6glich und die Meeting-Disziplin in Calls ist bei vielen sogar h\u00f6her als in der Offline-Welt. \u201eF\u00fcr mich ist eine feste Struktur sehr wichtig. Daf\u00fcr habe ich ein wenig gebraucht. Mittlerweile achte ich auf die strikte Trennung von Arbeitszeit und Freizeit\u201c, berichtet Claudia. Daf\u00fcr sorgt sie auch durch ihre Kleidung. Homeoffice im Schlafanzug kommt bei ihr nicht vor. Die Kollegin Kristin handhabt dies \u00e4hnlich und sorgt zudem f\u00fcr feste Pausen. Das Essen wird nicht vor dem Rechner eingenommen und \u00fcberdies frisch gekocht. So h\u00e4lt es auch ein anderer Kollege: \u201eDie Kantine ist erstaunlich gut\u201c, schmunzelt er. Bislang hatte er wohl nicht so gro\u00dfes Vertrauen in die eigenen Kochk\u00fcnste. Insgesamt sind die Mitarbeiter froh, dass Vaillant fr\u00fch und umsichtig reagiert hat, indem die Teams, denen es m\u00f6glich war, bereits Mitte M\u00e4rz ins Homeoffice geschickt wurden. Etlichen Mitarbeitenden erspart das Homeoffice obendrein die t\u00e4gliche Pendelei auf der Autobahn \u2013 was viele als eine echte Alltagserleichterung empfinden. Nicht selten verbringen die Kollegen pro Tag bis zu zwei Stunden im Auto. So auch Nachhaltigkeitsmanager Jens, der t\u00e4glich \u00fcber die A1 pendelt: \u201eJetzt kann ich nach Feierabend mit Familie und Hund noch einen sch\u00f6nen Spaziergang durch die Felder machen, reduziere meine CO<sub>2<\/sub>-Emissionen und spare obendrein Geld.\u201c<\/p>\n<h2>Wir fehlen uns!<\/h2>\n<p>Aber eines fehlt dann allen doch: die echten Kollegen. Wie sch\u00f6n w\u00e4re es, wenn die Kaffeetassen-Challenge in der Kaffeek\u00fcche und nicht vor dem Monitor stattfinden w\u00fcrde. Wie sehr fehlen die bl\u00f6den Spr\u00fcche des Lieblingskollegen, das gemeinsame Lachen, das aufmunternde Wort oder der spontane Rat von B\u00fcrokameraden, die privaten Gespr\u00e4che in der Teek\u00fcche und der kurze Schnack zwischen Telefonaten mit physisch anwesenden Menschen. Bei aller technischen Brillanz des Homeoffice, k\u00f6nnen wir es nicht verheimlichen: Wir fehlen uns!<\/p>\n<div class=\"infobox alert\"><\/p>\n<h3><strong>Tipps und Tricks f\u00fcr die Arbeit im Homeoffice<\/strong><\/h3>\n<ul>\n<li>Sorgt f\u00fcr feste Zeiten \u2013 und auch f\u00fcr ausreichend Pausen. Homeoffice bedeutet keinesfalls 24\/7.<\/li>\n<li>Nicht einen Call an den n\u00e4chsten reihen, sondern dazwischen Zeit f\u00fcr Toiletteng\u00e4nge, Mahlzeiten und Frischluft einplanen.<\/li>\n<li>Nicht l\u00e4nger als vier bis f\u00fcnf Stunden am Tag in Calls verbringen. Der Rest sollte ohne Kopfh\u00f6rer auf den Ohren verbracht werden.<\/li>\n<li>Zwei Stunden vor dem Schlafen gehen den Bildschirm abschalten. Sonst drohen Schlafst\u00f6rungen.<\/li>\n<li>Virtuelle Kaffeetrinken und Lunch Breaks mit Kollegen vereinbaren. Noch besser: Team\u00fcbergreifende \u201eBlind Dates\u201c mit einer Handvoll Kollegen arrangieren. So droht nicht die Gefahr, dass der virtuelle Kaffee in ein Arbeitstreffen ausartet.<\/li>\n<li>Handy statt Skype: Nicht alle Meetings m\u00fcssen in den einschl\u00e4gigen Conferencing Tools stattfinden. Mit dem Handy kann man auch einmal aufstehen oder gar auf dem Balkon telefonieren.<\/li>\n<li>Sport einplanen. Daf\u00fcr reicht schon ein strammer Spaziergang nach dem Arbeitstag. L\u00e4ngst nicht jeder hat ein ergonomisch g\u00fcnstig ausgestattetes Arbeitszimmer. Sport wirkt Verspannungen und R\u00fcckenproblemen entgegen.<\/li>\n<li>Macht euch feste Arbeitspl\u00e4ne f\u00fcr den Tag und arbeitet diese ab.<\/li>\n<\/ul>\n<p><\/div>\n<h3>Wir gr\u00fc\u00dfen Euch aus dem Homeoffice. Bleibt alle gesund!<\/h3>\n\n\t\t<style type=\"text\/css\">\n\t\t\t#gallery-1 {\n\t\t\t\tmargin: auto;\n\t\t\t}\n\t\t\t#gallery-1 .gallery-item {\n\t\t\t\tfloat: left;\n\t\t\t\tmargin-top: 10px;\n\t\t\t\ttext-align: center;\n\t\t\t\twidth: 33%;\n\t\t\t}\n\t\t\t#gallery-1 img {\n\t\t\t\tborder: 2px solid #cfcfcf;\n\t\t\t}\n\t\t\t#gallery-1 .gallery-caption {\n\t\t\t\tmargin-left: 0;\n\t\t\t}\n\t\t\t\/* see gallery_shortcode() in wp-includes\/media.php *\/\n\t\t<\/style>\n\t\t<div id='gallery-1' class='gallery galleryid-5068 gallery-columns-3 gallery-size-thumbnail'><dl class='gallery-item'>\n\t\t\t<dt class='gallery-icon portrait'>\n\t\t\t\t<a href='https:\/\/www.vaillant.de\/21-grad\/wp-content\/uploads\/2020\/04\/homeoffice_marcus.jpg'><img loading=\"lazy\" decoding=\"async\" width=\"150\" height=\"150\" src=\"https:\/\/www.vaillant.de\/21-grad\/wp-content\/uploads\/2020\/04\/homeoffice_marcus-150x150.jpg\" class=\"attachment-thumbnail size-thumbnail\" alt=\"\" srcset=\"https:\/\/www.vaillant.de\/21-grad\/wp-content\/uploads\/2020\/04\/homeoffice_marcus-150x150.jpg 150w, https:\/\/www.vaillant.de\/21-grad\/wp-content\/uploads\/2020\/04\/homeoffice_marcus-320x320.jpg 320w, https:\/\/www.vaillant.de\/21-grad\/wp-content\/uploads\/2020\/04\/homeoffice_marcus-125x125.jpg 125w\" sizes=\"auto, (max-width: 150px) 100vw, 150px\" \/><\/a>\n\t\t\t<\/dt><\/dl><dl class='gallery-item'>\n\t\t\t<dt class='gallery-icon portrait'>\n\t\t\t\t<a href='https:\/\/www.vaillant.de\/21-grad\/wp-content\/uploads\/2020\/04\/Home-Office-scaled.jpg'><img loading=\"lazy\" decoding=\"async\" width=\"150\" height=\"150\" src=\"https:\/\/www.vaillant.de\/21-grad\/wp-content\/uploads\/2020\/04\/Home-Office-150x150.jpg\" class=\"attachment-thumbnail size-thumbnail\" alt=\"\" srcset=\"https:\/\/www.vaillant.de\/21-grad\/wp-content\/uploads\/2020\/04\/Home-Office-150x150.jpg 150w, https:\/\/www.vaillant.de\/21-grad\/wp-content\/uploads\/2020\/04\/Home-Office-320x320.jpg 320w, https:\/\/www.vaillant.de\/21-grad\/wp-content\/uploads\/2020\/04\/Home-Office-125x125.jpg 125w\" sizes=\"auto, (max-width: 150px) 100vw, 150px\" \/><\/a>\n\t\t\t<\/dt><\/dl><dl class='gallery-item'>\n\t\t\t<dt class='gallery-icon landscape'>\n\t\t\t\t<a href='https:\/\/www.vaillant.de\/21-grad\/wp-content\/uploads\/2020\/04\/CW_Homeoffice.jpg'><img loading=\"lazy\" decoding=\"async\" width=\"150\" height=\"150\" src=\"https:\/\/www.vaillant.de\/21-grad\/wp-content\/uploads\/2020\/04\/CW_Homeoffice-150x150.jpg\" class=\"attachment-thumbnail size-thumbnail\" alt=\"\" srcset=\"https:\/\/www.vaillant.de\/21-grad\/wp-content\/uploads\/2020\/04\/CW_Homeoffice-150x150.jpg 150w, https:\/\/www.vaillant.de\/21-grad\/wp-content\/uploads\/2020\/04\/CW_Homeoffice-320x320.jpg 320w, https:\/\/www.vaillant.de\/21-grad\/wp-content\/uploads\/2020\/04\/CW_Homeoffice-125x125.jpg 125w\" sizes=\"auto, (max-width: 150px) 100vw, 150px\" \/><\/a>\n\t\t\t<\/dt><\/dl><br style=\"clear: both\" \/><dl class='gallery-item'>\n\t\t\t<dt class='gallery-icon portrait'>\n\t\t\t\t<a href='https:\/\/www.vaillant.de\/21-grad\/wp-content\/uploads\/2020\/04\/IMG_20200402_112015-scaled.jpg'><img loading=\"lazy\" decoding=\"async\" width=\"150\" height=\"150\" src=\"https:\/\/www.vaillant.de\/21-grad\/wp-content\/uploads\/2020\/04\/IMG_20200402_112015-150x150.jpg\" class=\"attachment-thumbnail size-thumbnail\" alt=\"\" srcset=\"https:\/\/www.vaillant.de\/21-grad\/wp-content\/uploads\/2020\/04\/IMG_20200402_112015-150x150.jpg 150w, https:\/\/www.vaillant.de\/21-grad\/wp-content\/uploads\/2020\/04\/IMG_20200402_112015-320x320.jpg 320w, https:\/\/www.vaillant.de\/21-grad\/wp-content\/uploads\/2020\/04\/IMG_20200402_112015-125x125.jpg 125w\" sizes=\"auto, (max-width: 150px) 100vw, 150px\" \/><\/a>\n\t\t\t<\/dt><\/dl><dl class='gallery-item'>\n\t\t\t<dt class='gallery-icon portrait'>\n\t\t\t\t<a href='https:\/\/www.vaillant.de\/21-grad\/wp-content\/uploads\/2020\/04\/IMG_8655.jpeg'><img loading=\"lazy\" decoding=\"async\" width=\"150\" height=\"150\" src=\"https:\/\/www.vaillant.de\/21-grad\/wp-content\/uploads\/2020\/04\/IMG_8655-150x150.jpeg\" class=\"attachment-thumbnail size-thumbnail\" alt=\"\" srcset=\"https:\/\/www.vaillant.de\/21-grad\/wp-content\/uploads\/2020\/04\/IMG_8655-150x150.jpeg 150w, https:\/\/www.vaillant.de\/21-grad\/wp-content\/uploads\/2020\/04\/IMG_8655-320x320.jpeg 320w, https:\/\/www.vaillant.de\/21-grad\/wp-content\/uploads\/2020\/04\/IMG_8655-125x125.jpeg 125w\" sizes=\"auto, (max-width: 150px) 100vw, 150px\" \/><\/a>\n\t\t\t<\/dt><\/dl>\n\t\t\t<br style='clear: both' \/>\n\t\t<\/div>\n\n","protected":false},"excerpt":{"rendered":"<p>Wir befinden uns im Homeoffice \u2013 und das schon in der dritten Woche. Daran l\u00e4sst sich so schnell auch nichts \u00e4ndern. Aber vielleicht doch etwas verbessern. Wir haben uns bei den Kollegen einmal umgeh\u00f6rt, wie sie zurechtkommen.<\/p>\n","protected":false},"author":6,"featured_media":5077,"comment_status":"open","ping_status":"open","sticky":false,"template":"","format":"standard","meta":{"footnotes":""},"categories":[6],"tags":[169,175,176],"coauthors":[70],"class_list":["post-5068","post","type-post","status-publish","format-standard","has-post-thumbnail","hentry","category-hasen-und-koepfe","tag-bildergalerien","tag-bildung-und-beruf","tag-interviews"],"yoast_head":"<!-- This site is optimized with the Yoast SEO plugin v27.4 - https:\/\/yoast.com\/product\/yoast-seo-wordpress\/ -->\n<title>Homeoffice - Anekdoten unserer Redaktion | 21 grad<\/title>\n<meta name=\"description\" content=\"W\u00e4hrend der Pandemie hat es viele Angestellte ins Homeoffice verschlagen - so auch die 21 grad-Redaktion. Wie es uns ergangen ist? Jetzt lesen!\" \/>\n<meta name=\"robots\" content=\"index, follow, max-snippet:-1, max-image-preview:large, max-video-preview:-1\" \/>\n<link rel=\"canonical\" href=\"https:\/\/www.vaillant.de\/21-grad\/hasen-und-koepfe\/drei-wochen-homeoffice-eine-geschichte-von-hungrigen-hunden-und-ungewohnten-arbeitsplaetzen\/\" \/>\n<meta property=\"og:locale\" content=\"de_DE\" \/>\n<meta property=\"og:type\" content=\"article\" \/>\n<meta property=\"og:title\" content=\"Homeoffice - Anekdoten unserer Redaktion | 21 grad\" \/>\n<meta property=\"og:description\" content=\"W\u00e4hrend der Pandemie hat es viele Angestellte ins Homeoffice verschlagen - so auch die 21 grad-Redaktion. Wie es uns ergangen ist? Jetzt lesen!\" \/>\n<meta property=\"og:url\" content=\"https:\/\/www.vaillant.de\/21-grad\/hasen-und-koepfe\/drei-wochen-homeoffice-eine-geschichte-von-hungrigen-hunden-und-ungewohnten-arbeitsplaetzen\/\" \/>\n<meta property=\"og:site_name\" content=\"21 grad\" \/>\n<meta property=\"article:publisher\" content=\"https:\/\/www.facebook.com\/21grad\/\" \/>\n<meta property=\"article:published_time\" content=\"2020-04-07T09:42:21+00:00\" \/>\n<meta property=\"article:modified_time\" content=\"2022-04-22T11:21:53+00:00\" \/>\n<meta property=\"og:image\" content=\"https:\/\/www.vaillant.de\/21-grad\/wp-content\/uploads\/2020\/04\/home-office-4974639_1920.jpg\" \/>\n\t<meta property=\"og:image:width\" content=\"1920\" \/>\n\t<meta property=\"og:image:height\" content=\"1920\" \/>\n\t<meta property=\"og:image:type\" content=\"image\/jpeg\" \/>\n<meta name=\"author\" content=\"Marcus\" \/>\n<meta name=\"twitter:card\" content=\"summary_large_image\" \/>\n<meta name=\"twitter:creator\" content=\"@vaillant_de\" \/>\n<meta name=\"twitter:site\" content=\"@vaillant_de\" \/>\n<meta name=\"twitter:label1\" content=\"Verfasst von\" \/>\n\t<meta name=\"twitter:data1\" content=\"Marcus\" \/>\n\t<meta name=\"twitter:label2\" content=\"Gesch\u00e4tzte Lesezeit\" \/>\n\t<meta name=\"twitter:data2\" content=\"4\u00a0Minuten\" \/>\n\t<meta name=\"twitter:label3\" content=\"Written by\" \/>\n\t<meta name=\"twitter:data3\" content=\"Marcus\" \/>\n<script type=\"application\/ld+json\" class=\"yoast-schema-graph\">{\"@context\":\"https:\\\/\\\/schema.org\",\"@graph\":[{\"@type\":\"Article\",\"@id\":\"https:\\\/\\\/www.vaillant.de\\\/21-grad\\\/hasen-und-koepfe\\\/drei-wochen-homeoffice-eine-geschichte-von-hungrigen-hunden-und-ungewohnten-arbeitsplaetzen\\\/#article\",\"isPartOf\":{\"@id\":\"https:\\\/\\\/www.vaillant.de\\\/21-grad\\\/hasen-und-koepfe\\\/drei-wochen-homeoffice-eine-geschichte-von-hungrigen-hunden-und-ungewohnten-arbeitsplaetzen\\\/\"},\"author\":{\"name\":\"Marcus\",\"@id\":\"https:\\\/\\\/www.vaillant.de\\\/21-grad\\\/#\\\/schema\\\/person\\\/d79d2ba98cd3da7ae5877706050352da\"},\"headline\":\"Drei Wochen Homeoffice: eine Geschichte von hungrigen Hunden und ungewohnten Arbeitspl\u00e4tzen\",\"datePublished\":\"2020-04-07T09:42:21+00:00\",\"dateModified\":\"2022-04-22T11:21:53+00:00\",\"mainEntityOfPage\":{\"@id\":\"https:\\\/\\\/www.vaillant.de\\\/21-grad\\\/hasen-und-koepfe\\\/drei-wochen-homeoffice-eine-geschichte-von-hungrigen-hunden-und-ungewohnten-arbeitsplaetzen\\\/\"},\"wordCount\":923,\"commentCount\":2,\"image\":{\"@id\":\"https:\\\/\\\/www.vaillant.de\\\/21-grad\\\/hasen-und-koepfe\\\/drei-wochen-homeoffice-eine-geschichte-von-hungrigen-hunden-und-ungewohnten-arbeitsplaetzen\\\/#primaryimage\"},\"thumbnailUrl\":\"https:\\\/\\\/www.vaillant.de\\\/21-grad\\\/wp-content\\\/uploads\\\/2020\\\/04\\\/home-office-4974639_1920.jpg\",\"keywords\":[\"Bildergalerien\",\"Bildung und Beruf\",\"Interviews\"],\"articleSection\":[\"Hasen &amp; K\u00f6pfe\"],\"inLanguage\":\"de\",\"potentialAction\":[{\"@type\":\"CommentAction\",\"name\":\"Comment\",\"target\":[\"https:\\\/\\\/www.vaillant.de\\\/21-grad\\\/hasen-und-koepfe\\\/drei-wochen-homeoffice-eine-geschichte-von-hungrigen-hunden-und-ungewohnten-arbeitsplaetzen\\\/#respond\"]}]},{\"@type\":\"WebPage\",\"@id\":\"https:\\\/\\\/www.vaillant.de\\\/21-grad\\\/hasen-und-koepfe\\\/drei-wochen-homeoffice-eine-geschichte-von-hungrigen-hunden-und-ungewohnten-arbeitsplaetzen\\\/\",\"url\":\"https:\\\/\\\/www.vaillant.de\\\/21-grad\\\/hasen-und-koepfe\\\/drei-wochen-homeoffice-eine-geschichte-von-hungrigen-hunden-und-ungewohnten-arbeitsplaetzen\\\/\",\"name\":\"Homeoffice - Anekdoten unserer Redaktion | 21 grad\",\"isPartOf\":{\"@id\":\"https:\\\/\\\/www.vaillant.de\\\/21-grad\\\/#website\"},\"primaryImageOfPage\":{\"@id\":\"https:\\\/\\\/www.vaillant.de\\\/21-grad\\\/hasen-und-koepfe\\\/drei-wochen-homeoffice-eine-geschichte-von-hungrigen-hunden-und-ungewohnten-arbeitsplaetzen\\\/#primaryimage\"},\"image\":{\"@id\":\"https:\\\/\\\/www.vaillant.de\\\/21-grad\\\/hasen-und-koepfe\\\/drei-wochen-homeoffice-eine-geschichte-von-hungrigen-hunden-und-ungewohnten-arbeitsplaetzen\\\/#primaryimage\"},\"thumbnailUrl\":\"https:\\\/\\\/www.vaillant.de\\\/21-grad\\\/wp-content\\\/uploads\\\/2020\\\/04\\\/home-office-4974639_1920.jpg\",\"datePublished\":\"2020-04-07T09:42:21+00:00\",\"dateModified\":\"2022-04-22T11:21:53+00:00\",\"author\":{\"@id\":\"https:\\\/\\\/www.vaillant.de\\\/21-grad\\\/#\\\/schema\\\/person\\\/d79d2ba98cd3da7ae5877706050352da\"},\"description\":\"W\u00e4hrend der Pandemie hat es viele Angestellte ins Homeoffice verschlagen - so auch die 21 grad-Redaktion. Wie es uns ergangen ist? Jetzt lesen!\",\"breadcrumb\":{\"@id\":\"https:\\\/\\\/www.vaillant.de\\\/21-grad\\\/hasen-und-koepfe\\\/drei-wochen-homeoffice-eine-geschichte-von-hungrigen-hunden-und-ungewohnten-arbeitsplaetzen\\\/#breadcrumb\"},\"inLanguage\":\"de\",\"potentialAction\":[{\"@type\":\"ReadAction\",\"target\":[\"https:\\\/\\\/www.vaillant.de\\\/21-grad\\\/hasen-und-koepfe\\\/drei-wochen-homeoffice-eine-geschichte-von-hungrigen-hunden-und-ungewohnten-arbeitsplaetzen\\\/\"]}]},{\"@type\":\"ImageObject\",\"inLanguage\":\"de\",\"@id\":\"https:\\\/\\\/www.vaillant.de\\\/21-grad\\\/hasen-und-koepfe\\\/drei-wochen-homeoffice-eine-geschichte-von-hungrigen-hunden-und-ungewohnten-arbeitsplaetzen\\\/#primaryimage\",\"url\":\"https:\\\/\\\/www.vaillant.de\\\/21-grad\\\/wp-content\\\/uploads\\\/2020\\\/04\\\/home-office-4974639_1920.jpg\",\"contentUrl\":\"https:\\\/\\\/www.vaillant.de\\\/21-grad\\\/wp-content\\\/uploads\\\/2020\\\/04\\\/home-office-4974639_1920.jpg\",\"width\":1920,\"height\":1920},{\"@type\":\"BreadcrumbList\",\"@id\":\"https:\\\/\\\/www.vaillant.de\\\/21-grad\\\/hasen-und-koepfe\\\/drei-wochen-homeoffice-eine-geschichte-von-hungrigen-hunden-und-ungewohnten-arbeitsplaetzen\\\/#breadcrumb\",\"itemListElement\":[{\"@type\":\"ListItem\",\"position\":1,\"name\":\"Startseite\",\"item\":\"https:\\\/\\\/www.vaillant.de\\\/21-grad\\\/\"},{\"@type\":\"ListItem\",\"position\":2,\"name\":\"Drei Wochen Homeoffice: eine Geschichte von hungrigen Hunden und ungewohnten Arbeitspl\u00e4tzen\"}]},{\"@type\":\"WebSite\",\"@id\":\"https:\\\/\\\/www.vaillant.de\\\/21-grad\\\/#website\",\"url\":\"https:\\\/\\\/www.vaillant.de\\\/21-grad\\\/\",\"name\":\"21 grad\",\"description\":\"Der Blog f\u00fcr Menschen, die weiterdenken\",\"potentialAction\":[{\"@type\":\"SearchAction\",\"target\":{\"@type\":\"EntryPoint\",\"urlTemplate\":\"https:\\\/\\\/www.vaillant.de\\\/21-grad\\\/?s={search_term_string}\"},\"query-input\":{\"@type\":\"PropertyValueSpecification\",\"valueRequired\":true,\"valueName\":\"search_term_string\"}}],\"inLanguage\":\"de\"},{\"@type\":\"Person\",\"@id\":\"https:\\\/\\\/www.vaillant.de\\\/21-grad\\\/#\\\/schema\\\/person\\\/d79d2ba98cd3da7ae5877706050352da\",\"name\":\"Marcus\",\"image\":{\"@type\":\"ImageObject\",\"inLanguage\":\"de\",\"@id\":\"https:\\\/\\\/www.vaillant.de\\\/21-grad\\\/wp-content\\\/uploads\\\/2026\\\/01\\\/Marcus-125x125.jpg9d3430f1bc55d5a5d47a1162a14ae1af\",\"url\":\"https:\\\/\\\/www.vaillant.de\\\/21-grad\\\/wp-content\\\/uploads\\\/2026\\\/01\\\/Marcus-125x125.jpg\",\"contentUrl\":\"https:\\\/\\\/www.vaillant.de\\\/21-grad\\\/wp-content\\\/uploads\\\/2026\\\/01\\\/Marcus-125x125.jpg\",\"caption\":\"Marcus\"},\"description\":\"Willkommen in der wunderbaren Welt des 21grad Blogs. Als Medien- und Kooperationsmanager bin ich bei Vaillant Deutschland u.a. f\u00fcr unsere Fach- und Branchenkommunikation zust\u00e4ndig. Ich freue mich auf den Dialog mit Euch. :-) Nachhaltigkeit Bewusster Konsum und soziales Engagement liegen mir sehr am Herzen. Zuhause nutze ich \u00d6kostrom und Biogas, bei Lebensmitteln sind mir Labels wie Fair-Trade oder Bio sehr wichtig. Ich bin Sportwart beim Tennisclub Gr\u00fcn-Wei\u00df Lennep und engagiere mich auch f\u00fcr Aktion Mensch oder SOS-Kinderdorf. Interessen Unternehmungen mit Familie und Freunden, Tennis, Rock-Konzerte, Kino, B\u00fccher (z.B. Hornby, Eschbach, Uschmann) Was wolltest du als Kind gerne werden? Um es mit den \u00c4rzten zu sagen: Popstar, Bademeister oder Astronaut Was bringt dich auf die Palme? Menschen, die Schuld immer bei anderen suchen oder auch nat\u00fcrlich eine leckere Kokosnuss Was war der beste Rat, den du jemals erhalten hast? \u201eDenke in L\u00f6sungen, nicht in Problemen.\u201c\",\"url\":\"https:\\\/\\\/www.vaillant.de\\\/21-grad\\\/autor\\\/marcus\\\/\"}]}<\/script>\n<!-- \/ Yoast SEO plugin. -->","yoast_head_json":{"title":"Homeoffice - Anekdoten unserer Redaktion | 21 grad","description":"W\u00e4hrend der Pandemie hat es viele Angestellte ins Homeoffice verschlagen - so auch die 21 grad-Redaktion. Wie es uns ergangen ist? Jetzt lesen!","robots":{"index":"index","follow":"follow","max-snippet":"max-snippet:-1","max-image-preview":"max-image-preview:large","max-video-preview":"max-video-preview:-1"},"canonical":"https:\/\/www.vaillant.de\/21-grad\/hasen-und-koepfe\/drei-wochen-homeoffice-eine-geschichte-von-hungrigen-hunden-und-ungewohnten-arbeitsplaetzen\/","og_locale":"de_DE","og_type":"article","og_title":"Homeoffice - Anekdoten unserer Redaktion | 21 grad","og_description":"W\u00e4hrend der Pandemie hat es viele Angestellte ins Homeoffice verschlagen - so auch die 21 grad-Redaktion. Wie es uns ergangen ist? Jetzt lesen!","og_url":"https:\/\/www.vaillant.de\/21-grad\/hasen-und-koepfe\/drei-wochen-homeoffice-eine-geschichte-von-hungrigen-hunden-und-ungewohnten-arbeitsplaetzen\/","og_site_name":"21 grad","article_publisher":"https:\/\/www.facebook.com\/21grad\/","article_published_time":"2020-04-07T09:42:21+00:00","article_modified_time":"2022-04-22T11:21:53+00:00","og_image":[{"width":1920,"height":1920,"url":"https:\/\/www.vaillant.de\/21-grad\/wp-content\/uploads\/2020\/04\/home-office-4974639_1920.jpg","type":"image\/jpeg"}],"author":"Marcus","twitter_card":"summary_large_image","twitter_creator":"@vaillant_de","twitter_site":"@vaillant_de","twitter_misc":{"Verfasst von":"Marcus","Gesch\u00e4tzte Lesezeit":"4\u00a0Minuten","Written by":"Marcus"},"schema":{"@context":"https:\/\/schema.org","@graph":[{"@type":"Article","@id":"https:\/\/www.vaillant.de\/21-grad\/hasen-und-koepfe\/drei-wochen-homeoffice-eine-geschichte-von-hungrigen-hunden-und-ungewohnten-arbeitsplaetzen\/#article","isPartOf":{"@id":"https:\/\/www.vaillant.de\/21-grad\/hasen-und-koepfe\/drei-wochen-homeoffice-eine-geschichte-von-hungrigen-hunden-und-ungewohnten-arbeitsplaetzen\/"},"author":{"name":"Marcus","@id":"https:\/\/www.vaillant.de\/21-grad\/#\/schema\/person\/d79d2ba98cd3da7ae5877706050352da"},"headline":"Drei Wochen Homeoffice: eine Geschichte von hungrigen Hunden und ungewohnten Arbeitspl\u00e4tzen","datePublished":"2020-04-07T09:42:21+00:00","dateModified":"2022-04-22T11:21:53+00:00","mainEntityOfPage":{"@id":"https:\/\/www.vaillant.de\/21-grad\/hasen-und-koepfe\/drei-wochen-homeoffice-eine-geschichte-von-hungrigen-hunden-und-ungewohnten-arbeitsplaetzen\/"},"wordCount":923,"commentCount":2,"image":{"@id":"https:\/\/www.vaillant.de\/21-grad\/hasen-und-koepfe\/drei-wochen-homeoffice-eine-geschichte-von-hungrigen-hunden-und-ungewohnten-arbeitsplaetzen\/#primaryimage"},"thumbnailUrl":"https:\/\/www.vaillant.de\/21-grad\/wp-content\/uploads\/2020\/04\/home-office-4974639_1920.jpg","keywords":["Bildergalerien","Bildung und Beruf","Interviews"],"articleSection":["Hasen &amp; K\u00f6pfe"],"inLanguage":"de","potentialAction":[{"@type":"CommentAction","name":"Comment","target":["https:\/\/www.vaillant.de\/21-grad\/hasen-und-koepfe\/drei-wochen-homeoffice-eine-geschichte-von-hungrigen-hunden-und-ungewohnten-arbeitsplaetzen\/#respond"]}]},{"@type":"WebPage","@id":"https:\/\/www.vaillant.de\/21-grad\/hasen-und-koepfe\/drei-wochen-homeoffice-eine-geschichte-von-hungrigen-hunden-und-ungewohnten-arbeitsplaetzen\/","url":"https:\/\/www.vaillant.de\/21-grad\/hasen-und-koepfe\/drei-wochen-homeoffice-eine-geschichte-von-hungrigen-hunden-und-ungewohnten-arbeitsplaetzen\/","name":"Homeoffice - Anekdoten unserer Redaktion | 21 grad","isPartOf":{"@id":"https:\/\/www.vaillant.de\/21-grad\/#website"},"primaryImageOfPage":{"@id":"https:\/\/www.vaillant.de\/21-grad\/hasen-und-koepfe\/drei-wochen-homeoffice-eine-geschichte-von-hungrigen-hunden-und-ungewohnten-arbeitsplaetzen\/#primaryimage"},"image":{"@id":"https:\/\/www.vaillant.de\/21-grad\/hasen-und-koepfe\/drei-wochen-homeoffice-eine-geschichte-von-hungrigen-hunden-und-ungewohnten-arbeitsplaetzen\/#primaryimage"},"thumbnailUrl":"https:\/\/www.vaillant.de\/21-grad\/wp-content\/uploads\/2020\/04\/home-office-4974639_1920.jpg","datePublished":"2020-04-07T09:42:21+00:00","dateModified":"2022-04-22T11:21:53+00:00","author":{"@id":"https:\/\/www.vaillant.de\/21-grad\/#\/schema\/person\/d79d2ba98cd3da7ae5877706050352da"},"description":"W\u00e4hrend der Pandemie hat es viele Angestellte ins Homeoffice verschlagen - so auch die 21 grad-Redaktion. Wie es uns ergangen ist? Jetzt lesen!","breadcrumb":{"@id":"https:\/\/www.vaillant.de\/21-grad\/hasen-und-koepfe\/drei-wochen-homeoffice-eine-geschichte-von-hungrigen-hunden-und-ungewohnten-arbeitsplaetzen\/#breadcrumb"},"inLanguage":"de","potentialAction":[{"@type":"ReadAction","target":["https:\/\/www.vaillant.de\/21-grad\/hasen-und-koepfe\/drei-wochen-homeoffice-eine-geschichte-von-hungrigen-hunden-und-ungewohnten-arbeitsplaetzen\/"]}]},{"@type":"ImageObject","inLanguage":"de","@id":"https:\/\/www.vaillant.de\/21-grad\/hasen-und-koepfe\/drei-wochen-homeoffice-eine-geschichte-von-hungrigen-hunden-und-ungewohnten-arbeitsplaetzen\/#primaryimage","url":"https:\/\/www.vaillant.de\/21-grad\/wp-content\/uploads\/2020\/04\/home-office-4974639_1920.jpg","contentUrl":"https:\/\/www.vaillant.de\/21-grad\/wp-content\/uploads\/2020\/04\/home-office-4974639_1920.jpg","width":1920,"height":1920},{"@type":"BreadcrumbList","@id":"https:\/\/www.vaillant.de\/21-grad\/hasen-und-koepfe\/drei-wochen-homeoffice-eine-geschichte-von-hungrigen-hunden-und-ungewohnten-arbeitsplaetzen\/#breadcrumb","itemListElement":[{"@type":"ListItem","position":1,"name":"Startseite","item":"https:\/\/www.vaillant.de\/21-grad\/"},{"@type":"ListItem","position":2,"name":"Drei Wochen Homeoffice: eine Geschichte von hungrigen Hunden und ungewohnten Arbeitspl\u00e4tzen"}]},{"@type":"WebSite","@id":"https:\/\/www.vaillant.de\/21-grad\/#website","url":"https:\/\/www.vaillant.de\/21-grad\/","name":"21 grad","description":"Der Blog f\u00fcr Menschen, die weiterdenken","potentialAction":[{"@type":"SearchAction","target":{"@type":"EntryPoint","urlTemplate":"https:\/\/www.vaillant.de\/21-grad\/?s={search_term_string}"},"query-input":{"@type":"PropertyValueSpecification","valueRequired":true,"valueName":"search_term_string"}}],"inLanguage":"de"},{"@type":"Person","@id":"https:\/\/www.vaillant.de\/21-grad\/#\/schema\/person\/d79d2ba98cd3da7ae5877706050352da","name":"Marcus","image":{"@type":"ImageObject","inLanguage":"de","@id":"https:\/\/www.vaillant.de\/21-grad\/wp-content\/uploads\/2026\/01\/Marcus-125x125.jpg9d3430f1bc55d5a5d47a1162a14ae1af","url":"https:\/\/www.vaillant.de\/21-grad\/wp-content\/uploads\/2026\/01\/Marcus-125x125.jpg","contentUrl":"https:\/\/www.vaillant.de\/21-grad\/wp-content\/uploads\/2026\/01\/Marcus-125x125.jpg","caption":"Marcus"},"description":"Willkommen in der wunderbaren Welt des 21grad Blogs. Als Medien- und Kooperationsmanager bin ich bei Vaillant Deutschland u.a. f\u00fcr unsere Fach- und Branchenkommunikation zust\u00e4ndig. Ich freue mich auf den Dialog mit Euch. :-) Nachhaltigkeit Bewusster Konsum und soziales Engagement liegen mir sehr am Herzen. Zuhause nutze ich \u00d6kostrom und Biogas, bei Lebensmitteln sind mir Labels wie Fair-Trade oder Bio sehr wichtig. Ich bin Sportwart beim Tennisclub Gr\u00fcn-Wei\u00df Lennep und engagiere mich auch f\u00fcr Aktion Mensch oder SOS-Kinderdorf. Interessen Unternehmungen mit Familie und Freunden, Tennis, Rock-Konzerte, Kino, B\u00fccher (z.B. Hornby, Eschbach, Uschmann) Was wolltest du als Kind gerne werden? Um es mit den \u00c4rzten zu sagen: Popstar, Bademeister oder Astronaut Was bringt dich auf die Palme? Menschen, die Schuld immer bei anderen suchen oder auch nat\u00fcrlich eine leckere Kokosnuss Was war der beste Rat, den du jemals erhalten hast? \u201eDenke in L\u00f6sungen, nicht in Problemen.\u201c","url":"https:\/\/www.vaillant.de\/21-grad\/autor\/marcus\/"}]}},"_links":{"self":[{"href":"https:\/\/www.vaillant.de\/21-grad\/wp-json\/wp\/v2\/posts\/5068","targetHints":{"allow":["GET"]}}],"collection":[{"href":"https:\/\/www.vaillant.de\/21-grad\/wp-json\/wp\/v2\/posts"}],"about":[{"href":"https:\/\/www.vaillant.de\/21-grad\/wp-json\/wp\/v2\/types\/post"}],"author":[{"embeddable":true,"href":"https:\/\/www.vaillant.de\/21-grad\/wp-json\/wp\/v2\/users\/6"}],"replies":[{"embeddable":true,"href":"https:\/\/www.vaillant.de\/21-grad\/wp-json\/wp\/v2\/comments?post=5068"}],"version-history":[{"count":9,"href":"https:\/\/www.vaillant.de\/21-grad\/wp-json\/wp\/v2\/posts\/5068\/revisions"}],"predecessor-version":[{"id":7119,"href":"https:\/\/www.vaillant.de\/21-grad\/wp-json\/wp\/v2\/posts\/5068\/revisions\/7119"}],"wp:featuredmedia":[{"embeddable":true,"href":"https:\/\/www.vaillant.de\/21-grad\/wp-json\/wp\/v2\/media\/5077"}],"wp:attachment":[{"href":"https:\/\/www.vaillant.de\/21-grad\/wp-json\/wp\/v2\/media?parent=5068"}],"wp:term":[{"taxonomy":"category","embeddable":true,"href":"https:\/\/www.vaillant.de\/21-grad\/wp-json\/wp\/v2\/categories?post=5068"},{"taxonomy":"post_tag","embeddable":true,"href":"https:\/\/www.vaillant.de\/21-grad\/wp-json\/wp\/v2\/tags?post=5068"},{"taxonomy":"author","embeddable":true,"href":"https:\/\/www.vaillant.de\/21-grad\/wp-json\/wp\/v2\/coauthors?post=5068"}],"curies":[{"name":"wp","href":"https:\/\/api.w.org\/{rel}","templated":true}]}}