{"id":5242,"date":"2020-06-16T11:09:15","date_gmt":"2020-06-16T09:09:15","guid":{"rendered":"https:\/\/www.vaillant.de\/21-grad\/?p=5242"},"modified":"2020-06-16T11:09:15","modified_gmt":"2020-06-16T09:09:15","slug":"waldspaziergang-aber-nachhaltig","status":"publish","type":"post","link":"https:\/\/www.vaillant.de\/21-grad\/bewusst-und-sein\/waldspaziergang-aber-nachhaltig\/","title":{"rendered":"Waldspaziergang, aber nachhaltig"},"content":{"rendered":"<p>Es gibt in Deutschland eine gro\u00dfartige Regel: Der Wald ist f\u00fcr alle da! Laut Bundeswaldgesetz gilt deutschlandweit freier Zutritt in die W\u00e4lder, selbst wenn das Areal im Privatbesitz ist. Ein jedes Recht kommt mit Pflichten, und dazu geh\u00f6rt es, den Wald und seine Bewohner m\u00f6glichst nicht zu st\u00f6ren oder gar zu gef\u00e4hrden.<\/p>\n<h2>Querfeldein? Besser nicht.<\/h2>\n<p>Los geht es mit der richtigen Anreise. Bei der Anreise mit dem Auto geh\u00f6rt der Wagen auf daf\u00fcr eingerichtete Parkpl\u00e4tze. Wildes Park am Wegesrand oder sogar im Wald ist kein guter Start. Generell wandeln r\u00fccksichtsvolle Waldbesucher auf den offiziellen Pfaden und nicht querfeldein durch das Dickicht. Abgesehen davon, dass Spazierg\u00e4nger sich dabei leicht verletzen oder verlaufen, scheucht man Tiere auf, die abseits der Wege leben.<\/p>\n<p>Auch Prozesse im nat\u00fcrlichen Kreislauf des Waldes geraten leicht aus der Balance. Kleine Pfl\u00e4nzlein sind beispielsweise viel zu schnell zertreten, selbst ohne jegliche Absicht. Auch beim Reiten oder Mountainbiking sollten Sportler der Natur zuliebe nur die daf\u00fcr vorgesehenen Routen benutzen.<\/p>\n<h2>Lass nichts zur\u00fcck au\u00dfer Fu\u00dfspuren!<\/h2>\n<p><a href=\"https:\/\/www.vaillant.de\/21-grad\/wp-content\/uploads\/2020\/06\/pollution-3714969_1920.jpg\"><img loading=\"lazy\" decoding=\"async\" class=\"alignleft wp-image-5239 size-medium\" src=\"https:\/\/www.vaillant.de\/21-grad\/wp-content\/uploads\/2020\/06\/pollution-3714969_1920-348x232.jpg\" alt=\"\" width=\"348\" height=\"232\" srcset=\"https:\/\/www.vaillant.de\/21-grad\/wp-content\/uploads\/2020\/06\/pollution-3714969_1920-348x232.jpg 348w, https:\/\/www.vaillant.de\/21-grad\/wp-content\/uploads\/2020\/06\/pollution-3714969_1920-720x480.jpg 720w, https:\/\/www.vaillant.de\/21-grad\/wp-content\/uploads\/2020\/06\/pollution-3714969_1920-768x512.jpg 768w, https:\/\/www.vaillant.de\/21-grad\/wp-content\/uploads\/2020\/06\/pollution-3714969_1920-1536x1024.jpg 1536w, https:\/\/www.vaillant.de\/21-grad\/wp-content\/uploads\/2020\/06\/pollution-3714969_1920.jpg 1920w\" sizes=\"auto, (max-width: 348px) 100vw, 348px\" \/><\/a>Dass man M\u00fcll nicht zur\u00fcckl\u00e4sst, versteht sich l\u00e4ngst von selbst. \u00dcberbleibsel eines gem\u00fctlichen Picknicks \u2013 selbst noch so appetitliche \u2013 geh\u00f6ren ebenfalls nicht in den Wald. F\u00fcr die Tiere ist eine nat\u00fcrliche Ern\u00e4hrung die mit Abstand beste Variante, und dazu geh\u00f6ren Reste menschlicher Nahrung eher nicht. Ist eine Getr\u00e4nkeflasche vielleicht zu Bruch gegangen? Dann bitte unbedingt die Glasscherben mitnehmen. Die scharfen und spitzen Kanten sind f\u00fcr kleine Waldbewohner gef\u00e4hrlich. Sie k\u00f6nnen sich daran Schnittwunden zuziehen.<\/p>\n<h2>Brandgefahr im Wald<\/h2>\n<p>Eine Entwarnung gibt es: Eine erh\u00f6hte Brandgefahr besteht durch Glasscherben nicht. Zwar kann Glas Sonnenlicht tats\u00e4chlich fokussieren, sodass sich theoretisch ein Feuer entfachen kann. Jedoch sind bei einer herk\u00f6mmlichen Glasscherbe im Wald h\u00f6chstselten die komplexen Bedingungen daf\u00fcr gegeben. Das hat zumindest ein Feldexperiment des Deutschen Wetterdienstes im Sommer 2006 ergeben. Das Rauchen hingegen ist zumindest von M\u00e4rz bis Oktober in allen deutschen W\u00e4ldern untersagt. Grillen ist an daf\u00fcr vorgesehenen und gesicherten Grillpl\u00e4tzen erlaubt.<\/p>\n<h2>Hundekotbeutel geh\u00f6ren in den M\u00fcll<\/h2>\n<p>Ein wachsendes Problem sind Hundekotbeutel im Wald. Die Hundebesitzer nehmen zwar den Kot auf und in einem Beutel mit. Nicht selten landet dieser aber achtlos weggeworfen in der Natur. Das betrifft jeden f\u00fcnften Beutel, sch\u00e4tzt Gerd Geerdes, Einsatzleiter der Stadtreinigung in Wilhelmshaven gegen\u00fcber der S\u00fcddeutschen Zeitung. Das Problem: Die Hundekotbeutel verrotten nicht und sind nicht recyclef\u00e4hig. Im schlimmsten Fall knabbern andere Waldbewohner die Kunststoffbeutel an, wodurch sie schwer erkranken k\u00f6nnen. Jeder Hundebesitzer sollte die Kotbeutel daher unbedingt in den n\u00e4chsten M\u00fclleimer werfen.<\/p>\n<h2>Blumen, Beeren, Pilze \u2013 was darf ich mitnehmen?<\/h2>\n<p><a href=\"https:\/\/www.vaillant.de\/21-grad\/wp-content\/uploads\/2020\/06\/berries-4923701_1920.jpg\"><img loading=\"lazy\" decoding=\"async\" class=\"alignright size-medium wp-image-5240\" src=\"https:\/\/www.vaillant.de\/21-grad\/wp-content\/uploads\/2020\/06\/berries-4923701_1920-371x232.jpg\" alt=\"\" width=\"371\" height=\"232\" srcset=\"https:\/\/www.vaillant.de\/21-grad\/wp-content\/uploads\/2020\/06\/berries-4923701_1920-371x232.jpg 371w, https:\/\/www.vaillant.de\/21-grad\/wp-content\/uploads\/2020\/06\/berries-4923701_1920-768x480.jpg 768w, https:\/\/www.vaillant.de\/21-grad\/wp-content\/uploads\/2020\/06\/berries-4923701_1920-1536x960.jpg 1536w, https:\/\/www.vaillant.de\/21-grad\/wp-content\/uploads\/2020\/06\/berries-4923701_1920.jpg 1920w\" sizes=\"auto, (max-width: 371px) 100vw, 371px\" \/><\/a>Auch wenn man aus dem Wald etwas mitnehmen m\u00f6chte, gilt es Augenma\u00df zu beweisen. \u00c4ste, Laub und Rinden d\u00fcrfen Spazierg\u00e4nger mitnehmen, aber bitte nur, wenn sie bereits auf dem Boden liegen. Bei Beeren und Pilzen d\u00fcrfen sich Waldbesucher gern bedienen, aber nur in Ma\u00dfen. Als Richtwert gilt vielerorts ein Kilo pro Person. Blumen pfl\u00fccken ist ebenfalls erlaubt. Ein \u201eHandstrau\u00df\u201c darf es sein, um sich zuhause noch am Waldesduft zu erfreuen. Pflanzen sollten jedoch niemals ausgegraben werden.<\/p>\n<p>Wer diese Regeln befolgt, kann bei einem Spaziergang neben duftenden Blumen, schmackhaften Waldfr\u00fcchten und freundlichen Bewohnern noch viel mehr finden: Ruhe und Entspannung \u2013 und das noch m\u00f6glichst lange.<\/p>\n","protected":false},"excerpt":{"rendered":"<p>&#8222;And into the forest I go to lose my mind and find my soul&#8220; schrieb einst der schottisch-US-amerikanische Naturphilosoph John Muir. Ein Waldspaziergang ist auch heute noch Balsam f\u00fcr die Seele. Leider verlieren manche Besucher viel mehr als nur ihre Gedanken im Wald. Wir erkl\u00e4ren, wie der Waldspaziergang allen gut tut \u2013 Mensch und Natur.  <\/p>\n","protected":false},"author":14,"featured_media":5241,"comment_status":"open","ping_status":"open","sticky":false,"template":"","format":"standard","meta":{"footnotes":""},"categories":[5],"tags":[151,23],"coauthors":[68],"class_list":["post-5242","post","type-post","status-publish","format-standard","has-post-thumbnail","hentry","category-bewusst-und-sein","tag-gesundheit","tag-nachhaltigkeit"],"yoast_head":"<!-- This site is optimized with the Yoast SEO plugin v27.4 - https:\/\/yoast.com\/product\/yoast-seo-wordpress\/ -->\n<title>Nachhaltiger Waldspaziergang | 21 grad<\/title>\n<meta name=\"description\" content=\"Der Wald ist f\u00fcr alle da \u2013 aber R\u00fccksicht auf Natur und Tier geh\u00f6rt beim Waldspaziergang dazu. Wie verh\u00e4lt man sich richtig?\" \/>\n<meta name=\"robots\" content=\"index, follow, max-snippet:-1, max-image-preview:large, max-video-preview:-1\" \/>\n<link rel=\"canonical\" href=\"https:\/\/www.vaillant.de\/21-grad\/bewusst-und-sein\/waldspaziergang-aber-nachhaltig\/\" \/>\n<meta property=\"og:locale\" content=\"de_DE\" \/>\n<meta property=\"og:type\" content=\"article\" \/>\n<meta property=\"og:title\" content=\"Nachhaltiger Waldspaziergang | 21 grad\" \/>\n<meta property=\"og:description\" content=\"Der Wald ist f\u00fcr alle da \u2013 aber R\u00fccksicht auf Natur und Tier geh\u00f6rt beim Waldspaziergang dazu. Wie verh\u00e4lt man sich richtig?\" \/>\n<meta property=\"og:url\" content=\"https:\/\/www.vaillant.de\/21-grad\/bewusst-und-sein\/waldspaziergang-aber-nachhaltig\/\" \/>\n<meta property=\"og:site_name\" content=\"21 grad\" \/>\n<meta property=\"article:publisher\" content=\"https:\/\/www.facebook.com\/21grad\/\" \/>\n<meta property=\"article:published_time\" content=\"2020-06-16T09:09:15+00:00\" \/>\n<meta property=\"og:image\" content=\"https:\/\/www.vaillant.de\/21-grad\/wp-content\/uploads\/2020\/06\/wood-691629_1920.jpg\" \/>\n\t<meta property=\"og:image:width\" content=\"1920\" \/>\n\t<meta property=\"og:image:height\" content=\"1280\" \/>\n\t<meta property=\"og:image:type\" content=\"image\/jpeg\" \/>\n<meta name=\"author\" content=\"Jacqueline\" \/>\n<meta name=\"twitter:card\" content=\"summary_large_image\" \/>\n<meta name=\"twitter:creator\" content=\"@vaillant_de\" \/>\n<meta name=\"twitter:site\" content=\"@vaillant_de\" \/>\n<meta name=\"twitter:label1\" content=\"Verfasst von\" \/>\n\t<meta name=\"twitter:data1\" content=\"Jacqueline\" \/>\n\t<meta name=\"twitter:label2\" content=\"Gesch\u00e4tzte Lesezeit\" \/>\n\t<meta name=\"twitter:data2\" content=\"3\u00a0Minuten\" \/>\n\t<meta name=\"twitter:label3\" content=\"Written by\" \/>\n\t<meta name=\"twitter:data3\" content=\"Jacqueline\" \/>\n<script type=\"application\/ld+json\" class=\"yoast-schema-graph\">{\"@context\":\"https:\\\/\\\/schema.org\",\"@graph\":[{\"@type\":\"Article\",\"@id\":\"https:\\\/\\\/www.vaillant.de\\\/21-grad\\\/bewusst-und-sein\\\/waldspaziergang-aber-nachhaltig\\\/#article\",\"isPartOf\":{\"@id\":\"https:\\\/\\\/www.vaillant.de\\\/21-grad\\\/bewusst-und-sein\\\/waldspaziergang-aber-nachhaltig\\\/\"},\"author\":{\"name\":\"Jacqueline\",\"@id\":\"https:\\\/\\\/www.vaillant.de\\\/21-grad\\\/#\\\/schema\\\/person\\\/75a8b4aa6c2491a38cf9116850869d58\"},\"headline\":\"Waldspaziergang, aber nachhaltig\",\"datePublished\":\"2020-06-16T09:09:15+00:00\",\"mainEntityOfPage\":{\"@id\":\"https:\\\/\\\/www.vaillant.de\\\/21-grad\\\/bewusst-und-sein\\\/waldspaziergang-aber-nachhaltig\\\/\"},\"wordCount\":573,\"commentCount\":0,\"image\":{\"@id\":\"https:\\\/\\\/www.vaillant.de\\\/21-grad\\\/bewusst-und-sein\\\/waldspaziergang-aber-nachhaltig\\\/#primaryimage\"},\"thumbnailUrl\":\"https:\\\/\\\/www.vaillant.de\\\/21-grad\\\/wp-content\\\/uploads\\\/2020\\\/06\\\/wood-691629_1920.jpg\",\"keywords\":[\"Gesundheit\",\"Nachhaltigkeit\"],\"articleSection\":[\"Bewusst &amp; Sein\"],\"inLanguage\":\"de\",\"potentialAction\":[{\"@type\":\"CommentAction\",\"name\":\"Comment\",\"target\":[\"https:\\\/\\\/www.vaillant.de\\\/21-grad\\\/bewusst-und-sein\\\/waldspaziergang-aber-nachhaltig\\\/#respond\"]}]},{\"@type\":\"WebPage\",\"@id\":\"https:\\\/\\\/www.vaillant.de\\\/21-grad\\\/bewusst-und-sein\\\/waldspaziergang-aber-nachhaltig\\\/\",\"url\":\"https:\\\/\\\/www.vaillant.de\\\/21-grad\\\/bewusst-und-sein\\\/waldspaziergang-aber-nachhaltig\\\/\",\"name\":\"Nachhaltiger Waldspaziergang | 21 grad\",\"isPartOf\":{\"@id\":\"https:\\\/\\\/www.vaillant.de\\\/21-grad\\\/#website\"},\"primaryImageOfPage\":{\"@id\":\"https:\\\/\\\/www.vaillant.de\\\/21-grad\\\/bewusst-und-sein\\\/waldspaziergang-aber-nachhaltig\\\/#primaryimage\"},\"image\":{\"@id\":\"https:\\\/\\\/www.vaillant.de\\\/21-grad\\\/bewusst-und-sein\\\/waldspaziergang-aber-nachhaltig\\\/#primaryimage\"},\"thumbnailUrl\":\"https:\\\/\\\/www.vaillant.de\\\/21-grad\\\/wp-content\\\/uploads\\\/2020\\\/06\\\/wood-691629_1920.jpg\",\"datePublished\":\"2020-06-16T09:09:15+00:00\",\"author\":{\"@id\":\"https:\\\/\\\/www.vaillant.de\\\/21-grad\\\/#\\\/schema\\\/person\\\/75a8b4aa6c2491a38cf9116850869d58\"},\"description\":\"Der Wald ist f\u00fcr alle da \u2013 aber R\u00fccksicht auf Natur und Tier geh\u00f6rt beim Waldspaziergang dazu. Wie verh\u00e4lt man sich richtig?\",\"breadcrumb\":{\"@id\":\"https:\\\/\\\/www.vaillant.de\\\/21-grad\\\/bewusst-und-sein\\\/waldspaziergang-aber-nachhaltig\\\/#breadcrumb\"},\"inLanguage\":\"de\",\"potentialAction\":[{\"@type\":\"ReadAction\",\"target\":[\"https:\\\/\\\/www.vaillant.de\\\/21-grad\\\/bewusst-und-sein\\\/waldspaziergang-aber-nachhaltig\\\/\"]}]},{\"@type\":\"ImageObject\",\"inLanguage\":\"de\",\"@id\":\"https:\\\/\\\/www.vaillant.de\\\/21-grad\\\/bewusst-und-sein\\\/waldspaziergang-aber-nachhaltig\\\/#primaryimage\",\"url\":\"https:\\\/\\\/www.vaillant.de\\\/21-grad\\\/wp-content\\\/uploads\\\/2020\\\/06\\\/wood-691629_1920.jpg\",\"contentUrl\":\"https:\\\/\\\/www.vaillant.de\\\/21-grad\\\/wp-content\\\/uploads\\\/2020\\\/06\\\/wood-691629_1920.jpg\",\"width\":1920,\"height\":1280},{\"@type\":\"BreadcrumbList\",\"@id\":\"https:\\\/\\\/www.vaillant.de\\\/21-grad\\\/bewusst-und-sein\\\/waldspaziergang-aber-nachhaltig\\\/#breadcrumb\",\"itemListElement\":[{\"@type\":\"ListItem\",\"position\":1,\"name\":\"Startseite\",\"item\":\"https:\\\/\\\/www.vaillant.de\\\/21-grad\\\/\"},{\"@type\":\"ListItem\",\"position\":2,\"name\":\"Waldspaziergang, aber nachhaltig\"}]},{\"@type\":\"WebSite\",\"@id\":\"https:\\\/\\\/www.vaillant.de\\\/21-grad\\\/#website\",\"url\":\"https:\\\/\\\/www.vaillant.de\\\/21-grad\\\/\",\"name\":\"21 grad\",\"description\":\"Der Blog f\u00fcr Menschen, die weiterdenken\",\"potentialAction\":[{\"@type\":\"SearchAction\",\"target\":{\"@type\":\"EntryPoint\",\"urlTemplate\":\"https:\\\/\\\/www.vaillant.de\\\/21-grad\\\/?s={search_term_string}\"},\"query-input\":{\"@type\":\"PropertyValueSpecification\",\"valueRequired\":true,\"valueName\":\"search_term_string\"}}],\"inLanguage\":\"de\"},{\"@type\":\"Person\",\"@id\":\"https:\\\/\\\/www.vaillant.de\\\/21-grad\\\/#\\\/schema\\\/person\\\/75a8b4aa6c2491a38cf9116850869d58\",\"name\":\"Jacqueline\",\"image\":{\"@type\":\"ImageObject\",\"inLanguage\":\"de\",\"@id\":\"https:\\\/\\\/www.vaillant.de\\\/21-grad\\\/wp-content\\\/uploads\\\/2018\\\/06\\\/Portrait-250-125x125.jpgfc8ce6b31ae0347d9e261097d2ccecbb\",\"url\":\"https:\\\/\\\/www.vaillant.de\\\/21-grad\\\/wp-content\\\/uploads\\\/2018\\\/06\\\/Portrait-250-125x125.jpg\",\"contentUrl\":\"https:\\\/\\\/www.vaillant.de\\\/21-grad\\\/wp-content\\\/uploads\\\/2018\\\/06\\\/Portrait-250-125x125.jpg\",\"caption\":\"Jacqueline\"},\"description\":\"In meinem Arbeitsalltag dreht sich alles rund um digitale Themen. Ich sorge f\u00fcr die Auffindbarkeit des Unternehmens im Web, indem ich unsere Webseite immer wieder mit neuen und relevanten Inhalten best\u00fccke. Dabei ist mir besonders wichtig, dass Ihr schnell und einfach an gew\u00fcnschte Informationen gelangt. Nachhaltigkeit F\u00fcr mich bedeutet Nachhaltigkeit, auch im Alltag die Umwelt durch kleine Dinge zu entlasten. Ich fahre deswegen morgens mit dem Bus zur Arbeit, nehme zum Einkaufen meine Baumwollbeutel mit und kaufe bevorzugt Bioprodukte. Interessen In meiner Freizeit verbringe ich gerne viel Zeit mit Freuden, liebe meinen Tanzsport und spiele gerne Brettspiele. Zudem reise ich sehr gerne. Was w\u00fcrdest du tun, wenn du noch einen Tag zu leben h\u00e4ttest? Ich w\u00fcrde etwas Verr\u00fccktes wie einen Fallschirmsprung machen. Und anschlie\u00dfend eine gro\u00dfe Party mit Freunden. Wenn du eine Superkraft h\u00e4ttest, welche w\u00e4re das und warum? Ich w\u00fcrde gerne unter Wasser atmen k\u00f6nnen. Ich liebe die endlosen Weiten des Meeres und k\u00f6nnte den ganzen Tag im und unter Wasser verbringen. Was bringt dich zum l\u00e4cheln? Ein warmer Sommertag mit viel Sonne.\",\"url\":\"https:\\\/\\\/www.vaillant.de\\\/21-grad\\\/autor\\\/jacqueline\\\/\"}]}<\/script>\n<!-- \/ Yoast SEO plugin. -->","yoast_head_json":{"title":"Nachhaltiger Waldspaziergang | 21 grad","description":"Der Wald ist f\u00fcr alle da \u2013 aber R\u00fccksicht auf Natur und Tier geh\u00f6rt beim Waldspaziergang dazu. Wie verh\u00e4lt man sich richtig?","robots":{"index":"index","follow":"follow","max-snippet":"max-snippet:-1","max-image-preview":"max-image-preview:large","max-video-preview":"max-video-preview:-1"},"canonical":"https:\/\/www.vaillant.de\/21-grad\/bewusst-und-sein\/waldspaziergang-aber-nachhaltig\/","og_locale":"de_DE","og_type":"article","og_title":"Nachhaltiger Waldspaziergang | 21 grad","og_description":"Der Wald ist f\u00fcr alle da \u2013 aber R\u00fccksicht auf Natur und Tier geh\u00f6rt beim Waldspaziergang dazu. Wie verh\u00e4lt man sich richtig?","og_url":"https:\/\/www.vaillant.de\/21-grad\/bewusst-und-sein\/waldspaziergang-aber-nachhaltig\/","og_site_name":"21 grad","article_publisher":"https:\/\/www.facebook.com\/21grad\/","article_published_time":"2020-06-16T09:09:15+00:00","og_image":[{"width":1920,"height":1280,"url":"https:\/\/www.vaillant.de\/21-grad\/wp-content\/uploads\/2020\/06\/wood-691629_1920.jpg","type":"image\/jpeg"}],"author":"Jacqueline","twitter_card":"summary_large_image","twitter_creator":"@vaillant_de","twitter_site":"@vaillant_de","twitter_misc":{"Verfasst von":"Jacqueline","Gesch\u00e4tzte Lesezeit":"3\u00a0Minuten","Written by":"Jacqueline"},"schema":{"@context":"https:\/\/schema.org","@graph":[{"@type":"Article","@id":"https:\/\/www.vaillant.de\/21-grad\/bewusst-und-sein\/waldspaziergang-aber-nachhaltig\/#article","isPartOf":{"@id":"https:\/\/www.vaillant.de\/21-grad\/bewusst-und-sein\/waldspaziergang-aber-nachhaltig\/"},"author":{"name":"Jacqueline","@id":"https:\/\/www.vaillant.de\/21-grad\/#\/schema\/person\/75a8b4aa6c2491a38cf9116850869d58"},"headline":"Waldspaziergang, aber nachhaltig","datePublished":"2020-06-16T09:09:15+00:00","mainEntityOfPage":{"@id":"https:\/\/www.vaillant.de\/21-grad\/bewusst-und-sein\/waldspaziergang-aber-nachhaltig\/"},"wordCount":573,"commentCount":0,"image":{"@id":"https:\/\/www.vaillant.de\/21-grad\/bewusst-und-sein\/waldspaziergang-aber-nachhaltig\/#primaryimage"},"thumbnailUrl":"https:\/\/www.vaillant.de\/21-grad\/wp-content\/uploads\/2020\/06\/wood-691629_1920.jpg","keywords":["Gesundheit","Nachhaltigkeit"],"articleSection":["Bewusst &amp; Sein"],"inLanguage":"de","potentialAction":[{"@type":"CommentAction","name":"Comment","target":["https:\/\/www.vaillant.de\/21-grad\/bewusst-und-sein\/waldspaziergang-aber-nachhaltig\/#respond"]}]},{"@type":"WebPage","@id":"https:\/\/www.vaillant.de\/21-grad\/bewusst-und-sein\/waldspaziergang-aber-nachhaltig\/","url":"https:\/\/www.vaillant.de\/21-grad\/bewusst-und-sein\/waldspaziergang-aber-nachhaltig\/","name":"Nachhaltiger Waldspaziergang | 21 grad","isPartOf":{"@id":"https:\/\/www.vaillant.de\/21-grad\/#website"},"primaryImageOfPage":{"@id":"https:\/\/www.vaillant.de\/21-grad\/bewusst-und-sein\/waldspaziergang-aber-nachhaltig\/#primaryimage"},"image":{"@id":"https:\/\/www.vaillant.de\/21-grad\/bewusst-und-sein\/waldspaziergang-aber-nachhaltig\/#primaryimage"},"thumbnailUrl":"https:\/\/www.vaillant.de\/21-grad\/wp-content\/uploads\/2020\/06\/wood-691629_1920.jpg","datePublished":"2020-06-16T09:09:15+00:00","author":{"@id":"https:\/\/www.vaillant.de\/21-grad\/#\/schema\/person\/75a8b4aa6c2491a38cf9116850869d58"},"description":"Der Wald ist f\u00fcr alle da \u2013 aber R\u00fccksicht auf Natur und Tier geh\u00f6rt beim Waldspaziergang dazu. Wie verh\u00e4lt man sich richtig?","breadcrumb":{"@id":"https:\/\/www.vaillant.de\/21-grad\/bewusst-und-sein\/waldspaziergang-aber-nachhaltig\/#breadcrumb"},"inLanguage":"de","potentialAction":[{"@type":"ReadAction","target":["https:\/\/www.vaillant.de\/21-grad\/bewusst-und-sein\/waldspaziergang-aber-nachhaltig\/"]}]},{"@type":"ImageObject","inLanguage":"de","@id":"https:\/\/www.vaillant.de\/21-grad\/bewusst-und-sein\/waldspaziergang-aber-nachhaltig\/#primaryimage","url":"https:\/\/www.vaillant.de\/21-grad\/wp-content\/uploads\/2020\/06\/wood-691629_1920.jpg","contentUrl":"https:\/\/www.vaillant.de\/21-grad\/wp-content\/uploads\/2020\/06\/wood-691629_1920.jpg","width":1920,"height":1280},{"@type":"BreadcrumbList","@id":"https:\/\/www.vaillant.de\/21-grad\/bewusst-und-sein\/waldspaziergang-aber-nachhaltig\/#breadcrumb","itemListElement":[{"@type":"ListItem","position":1,"name":"Startseite","item":"https:\/\/www.vaillant.de\/21-grad\/"},{"@type":"ListItem","position":2,"name":"Waldspaziergang, aber nachhaltig"}]},{"@type":"WebSite","@id":"https:\/\/www.vaillant.de\/21-grad\/#website","url":"https:\/\/www.vaillant.de\/21-grad\/","name":"21 grad","description":"Der Blog f\u00fcr Menschen, die weiterdenken","potentialAction":[{"@type":"SearchAction","target":{"@type":"EntryPoint","urlTemplate":"https:\/\/www.vaillant.de\/21-grad\/?s={search_term_string}"},"query-input":{"@type":"PropertyValueSpecification","valueRequired":true,"valueName":"search_term_string"}}],"inLanguage":"de"},{"@type":"Person","@id":"https:\/\/www.vaillant.de\/21-grad\/#\/schema\/person\/75a8b4aa6c2491a38cf9116850869d58","name":"Jacqueline","image":{"@type":"ImageObject","inLanguage":"de","@id":"https:\/\/www.vaillant.de\/21-grad\/wp-content\/uploads\/2018\/06\/Portrait-250-125x125.jpgfc8ce6b31ae0347d9e261097d2ccecbb","url":"https:\/\/www.vaillant.de\/21-grad\/wp-content\/uploads\/2018\/06\/Portrait-250-125x125.jpg","contentUrl":"https:\/\/www.vaillant.de\/21-grad\/wp-content\/uploads\/2018\/06\/Portrait-250-125x125.jpg","caption":"Jacqueline"},"description":"In meinem Arbeitsalltag dreht sich alles rund um digitale Themen. Ich sorge f\u00fcr die Auffindbarkeit des Unternehmens im Web, indem ich unsere Webseite immer wieder mit neuen und relevanten Inhalten best\u00fccke. Dabei ist mir besonders wichtig, dass Ihr schnell und einfach an gew\u00fcnschte Informationen gelangt. Nachhaltigkeit F\u00fcr mich bedeutet Nachhaltigkeit, auch im Alltag die Umwelt durch kleine Dinge zu entlasten. Ich fahre deswegen morgens mit dem Bus zur Arbeit, nehme zum Einkaufen meine Baumwollbeutel mit und kaufe bevorzugt Bioprodukte. Interessen In meiner Freizeit verbringe ich gerne viel Zeit mit Freuden, liebe meinen Tanzsport und spiele gerne Brettspiele. Zudem reise ich sehr gerne. Was w\u00fcrdest du tun, wenn du noch einen Tag zu leben h\u00e4ttest? Ich w\u00fcrde etwas Verr\u00fccktes wie einen Fallschirmsprung machen. Und anschlie\u00dfend eine gro\u00dfe Party mit Freunden. Wenn du eine Superkraft h\u00e4ttest, welche w\u00e4re das und warum? Ich w\u00fcrde gerne unter Wasser atmen k\u00f6nnen. Ich liebe die endlosen Weiten des Meeres und k\u00f6nnte den ganzen Tag im und unter Wasser verbringen. Was bringt dich zum l\u00e4cheln? Ein warmer Sommertag mit viel Sonne.","url":"https:\/\/www.vaillant.de\/21-grad\/autor\/jacqueline\/"}]}},"_links":{"self":[{"href":"https:\/\/www.vaillant.de\/21-grad\/wp-json\/wp\/v2\/posts\/5242","targetHints":{"allow":["GET"]}}],"collection":[{"href":"https:\/\/www.vaillant.de\/21-grad\/wp-json\/wp\/v2\/posts"}],"about":[{"href":"https:\/\/www.vaillant.de\/21-grad\/wp-json\/wp\/v2\/types\/post"}],"author":[{"embeddable":true,"href":"https:\/\/www.vaillant.de\/21-grad\/wp-json\/wp\/v2\/users\/14"}],"replies":[{"embeddable":true,"href":"https:\/\/www.vaillant.de\/21-grad\/wp-json\/wp\/v2\/comments?post=5242"}],"version-history":[{"count":3,"href":"https:\/\/www.vaillant.de\/21-grad\/wp-json\/wp\/v2\/posts\/5242\/revisions"}],"predecessor-version":[{"id":5271,"href":"https:\/\/www.vaillant.de\/21-grad\/wp-json\/wp\/v2\/posts\/5242\/revisions\/5271"}],"wp:featuredmedia":[{"embeddable":true,"href":"https:\/\/www.vaillant.de\/21-grad\/wp-json\/wp\/v2\/media\/5241"}],"wp:attachment":[{"href":"https:\/\/www.vaillant.de\/21-grad\/wp-json\/wp\/v2\/media?parent=5242"}],"wp:term":[{"taxonomy":"category","embeddable":true,"href":"https:\/\/www.vaillant.de\/21-grad\/wp-json\/wp\/v2\/categories?post=5242"},{"taxonomy":"post_tag","embeddable":true,"href":"https:\/\/www.vaillant.de\/21-grad\/wp-json\/wp\/v2\/tags?post=5242"},{"taxonomy":"author","embeddable":true,"href":"https:\/\/www.vaillant.de\/21-grad\/wp-json\/wp\/v2\/coauthors?post=5242"}],"curies":[{"name":"wp","href":"https:\/\/api.w.org\/{rel}","templated":true}]}}