{"id":5277,"date":"2020-06-19T11:27:32","date_gmt":"2020-06-19T09:27:32","guid":{"rendered":"https:\/\/www.vaillant.de\/21-grad\/?p=5277"},"modified":"2026-01-28T09:52:04","modified_gmt":"2026-01-28T08:52:04","slug":"split-klimaanlage-oder-mobiles-klimageraet-welches-ist-das-beste","status":"publish","type":"post","link":"https:\/\/www.vaillant.de\/21-grad\/wissen-und-wert\/split-klimaanlage-oder-mobiles-klimageraet-welches-ist-das-beste\/","title":{"rendered":"Split-Klimaanlage oder mobiles Klimager\u00e4t \u2013 welches ist das beste?"},"content":{"rendered":"<h2>Split-Klimaanlage oder mobiles Klimager\u00e4t \u2013 welche Technik ist besser?<\/h2>\n<p>Wie das Wort Split schon sagt, sind diese Klimaanlagen in zwei Komponenten geteilt: in eine Au\u00dfen- und eine Inneneinheit. In der Au\u00dfeneinheit befinden sich der W\u00e4rmetauscher, ein Kompressor zum Verdichten des K\u00e4ltemittels und ein Ventilator. Die Au\u00dfeneinheit k\u00f6nnt ihr auf der Terrasse, im Garten oder auf dem Balkon aufstellen. Genauso ist aber auch die Befestigung an der Fassade m\u00f6glich.<br \/>\nDie zweite Komponente einer Split-Klimaanlage ist die Inneneinheit. Sie wird in dem zu k\u00fchlenden Raum an der Wand montiert. Die Inneneinheit enth\u00e4lt ebenfalls einen W\u00e4rmetauscher sowie ein Gebl\u00e4se und ein System zum Reinigen der Raumluft. Verbunden werden die beiden Teile durch eine Schlauchleitung, in der das K\u00e4ltemittel zirkuliert. Insgesamt sind also nur zwei L\u00f6cher durch die Au\u00dfenwand zu bohren, um die Innen- und die Au\u00dfeneinheit zu verbinden.<br \/>\nIn einem mobilen Klimager\u00e4t \u2013 auch Monoblock genannt \u2013 sind hingegen alle Komponenten zusammen verbaut. Das Kondensat wird in einem Beh\u00e4lter aufgefangen, den ihr regelm\u00e4\u00dfig entleeren m\u00fcsst. Die warme Luft wird durch einen gro\u00dfen Schlauch \u00fcber ein zumindest einen Spalt ge\u00f6ffnetes Fenster abgef\u00fchrt, \u00e4hnlich wie bei einem Abluftw\u00e4schetrockner. Der Betrieb solcher Ger\u00e4te ist also deutlich aufw\u00e4ndiger als bei fest installierten Split-Klimaanlagen.<\/p>\n<div class=\"infobox hint\"><\/p>\n<h2>Das Funktionsprinzip einer Split-Klimaanlage<\/h2>\n<p><a href=\"https:\/\/www.vaillant.de\/21-grad\/wp-content\/uploads\/2020\/06\/FCTSC_climaVAIR.jpg\"><img loading=\"lazy\" decoding=\"async\" class=\"alignright size-medium wp-image-5280\" src=\"https:\/\/www.vaillant.de\/21-grad\/wp-content\/uploads\/2020\/06\/FCTSC_climaVAIR-216x232.jpg\" alt=\"Die Grafik zeigt schematisch das Funktionsprinzip einer Split-Klimaanlage. Links ist die kleine Inneneinheit an der Zimmerwand zu sehen, rechts die bodenstehende Au\u00dfeneinheit neben dem Haus.\" width=\"216\" height=\"232\" srcset=\"https:\/\/www.vaillant.de\/21-grad\/wp-content\/uploads\/2020\/06\/FCTSC_climaVAIR-216x232.jpg 216w, https:\/\/www.vaillant.de\/21-grad\/wp-content\/uploads\/2020\/06\/FCTSC_climaVAIR-447x480.jpg 447w, https:\/\/www.vaillant.de\/21-grad\/wp-content\/uploads\/2020\/06\/FCTSC_climaVAIR-768x825.jpg 768w, https:\/\/www.vaillant.de\/21-grad\/wp-content\/uploads\/2020\/06\/FCTSC_climaVAIR-1429x1536.jpg 1429w, https:\/\/www.vaillant.de\/21-grad\/wp-content\/uploads\/2020\/06\/FCTSC_climaVAIR.jpg 1434w\" sizes=\"auto, (max-width: 216px) 100vw, 216px\" \/><\/a>Wie bei einem K\u00fchlschrank zirkuliert in jeder Klimaanlage ein <a href=\"https:\/\/www.vaillant.de\/heizung\/heizung-verstehen\/kaltemittel\/\">K\u00e4ltemittel<\/a>. Es hat die Eigenschaft, bei Zimmertemperatur vom fl\u00fcssigen in den gasf\u00f6rmigen Zustand zu wechseln. Bei diesem physikalischen Prozess wird dem Raum W\u00e4rme entnommen. In der Au\u00dfeneinheit der Split-Klimaanlage wird das K\u00e4ltemittel komprimiert, um eine hohe Menge an W\u00e4rme nach drau\u00dfen abzugeben. Dabei wechselt das K\u00e4ltemittel wieder in den fl\u00fcssigen Zustand und der Kreislauf beginnt von neuem. Dieser Ablauf findet zwar prinzipiell auch in einem mobilen Klimager\u00e4t statt. Eine Split-Klimaanlage hat jedoch einige technische Vorteile: Weil sich zum Beispiel der Kompressor in der Au\u00dfeneinheit befindet und so vom Wohnraum getrennt ist, herrscht innen Ruhe. Mit der Split-Konstruktion sind au\u00dferdem h\u00f6here K\u00fchlleistungen m\u00f6glich.<\/p>\n<p><\/div>\n<p>Welche Technik ist nun besser \u2013 die von Split-Klimager\u00e4ten oder die von Monoblocks? Sowohl bei der K\u00fchlleistung als auch der Energieeffizienz schneiden Split-Klimager\u00e4te eindeutig besser ab als mobile Klimager\u00e4te. Ein Beispiel: In nur 10 Minuten ist mit einer fachgerecht abgestimmten Split-Klimaanlage ein Zimmer auf die gew\u00fcnschte Temperatur zu bringen. Das haben Tests gezeigt (Quelle: Stiftung Warentest). Bei manchen Monoblocks ist der K\u00fchleffekt im Raum hingegen kaum sp\u00fcrbar, sondern bestenfalls in direkter N\u00e4he zum Ger\u00e4t. Ein Grund daf\u00fcr: Der Schlauch zum Abf\u00fchren der W\u00e4rme passt nicht durch ein Fenster in Kippstellung. Es muss tats\u00e4chlich ein St\u00fcck ge\u00f6ffnet werden. Dadurch kommt immer wieder warme Luft von au\u00dfen herein und mindert den K\u00fchleffekt erheblich.<br \/>\nIn diesem Zusammenhang ein Tipp, wenn ihr mehrere R\u00e4ume k\u00fchlen wollt, beispielsweise zwei Kinderzimmer oder das Schlafzimmer und das Wohnzimmer. Daf\u00fcr installiert euch der Fachhandwerker eures Vertrauens eine Multi-Split-Klimaanlage: An deren Au\u00dfeneinheit k\u00f6nnt ihr bis zu vier Inneneinheiten anschlie\u00dfen.<\/p>\n<h2>Split-Klimaanlage mit dem besten Komfort<\/h2>\n<p><img loading=\"lazy\" decoding=\"async\" class=\" wp-image-5294 alignleft\" src=\"https:\/\/www.vaillant.de\/21-grad\/wp-content\/uploads\/2020\/06\/AIRCON17_34469_01-349x232.jpg\" alt=\"\" width=\"295\" height=\"196\" srcset=\"https:\/\/www.vaillant.de\/21-grad\/wp-content\/uploads\/2020\/06\/AIRCON17_34469_01-349x232.jpg 349w, https:\/\/www.vaillant.de\/21-grad\/wp-content\/uploads\/2020\/06\/AIRCON17_34469_01.jpg 500w\" sizes=\"auto, (max-width: 295px) 100vw, 295px\" \/>Ein wesentliches Komfortmerkmal von Klimaanlagen ist die Ger\u00e4uschentwicklung. Weil in Monoblock-Klimager\u00e4ten der Kompressor integriert ist, sind sie sehr laut. Je nachdem, wie stark gek\u00fchlt werden soll, \u00fcbertrifft ein mobiles Klimager\u00e4t sogar die Lautst\u00e4rke einer starken Dunstabzugshaube! Das st\u00f6rt nicht nur beim Fernsehen oder entspannten Lesen, sondern vor allem die Nachtruhe.<br \/>\nAuf die Handhabung ist bei der Ger\u00e4tewahl ebenfalls zu achten. Ein mobiles Klimager\u00e4t m\u00fcsst ihr erst aufbauen \u2013 also beispielsweise auch das Fenster abdichten, durch das der Abluftschlauch gef\u00fchrt wird. Wenn das Klimager\u00e4t nicht gebraucht wird \u2013 und das ist die meiste Zeit im Jahr \u2013 muss es einen geeigneten Lagerplatz daf\u00fcr im Haus oder der Wohnung geben. Fest installierte Klimaanlagen hingegen werden einfach nur eingeschaltet. Und sie sind nicht nur im Sommer nutzbar, denn mit Split-Klimaanlagen k\u00f6nnt ihr bei Bedarf sogar heizen! Zum Beispiel in der \u00dcbergangszeit, wenn es nur am Abend frisch wird und es sich nicht lohnt, daf\u00fcr die Heizung hochzufahren.<br \/>\nDer dritte Aspekt hat mehr mit der Gesundheit als mit dem Komfort zu tun: Mobile Klimager\u00e4te k\u00f6nnen von Bakterien befallen werden. Das passiert immer dann, wenn die regelm\u00e4\u00dfige Reinigung fehlt und der Kondensatbeh\u00e4lter der mobilen Ger\u00e4te nicht nach Gebrauch vollst\u00e4ndig entleert und getrocknet wird. Zwar sollten auch festinstallierte Klimaanlagen regelm\u00e4\u00dfig gereinigt und gewartet werden. In Split-Klimaanlagen sammelt sich aber kein Kondensat. Deswegen ist hier ein Befall mit Bakterien oder Schimmel kaum zu bef\u00fcrchten. Im Gegenteil: Die Inneneinheit einer Split-Klilmaanlage reinigt die Luft. Eine bessere Raumluft entlastet dabei besonders Allergiker (mehr zu Klimaanlagen und Gesundheit k\u00f6nnt ihr <a href=\"https:\/\/www.vaillant.de\/21-grad\/wissen-und-wert\/klimaanlagen-und-gesundheit-kuehl-kalt-erkaeltung\/\">hier<\/a> lesen).<\/p>\n<h2>Fazit: Split-Klimaanlage mit besserem Preis-Leistungs-Verh\u00e4ltnis als mobiles Klimager\u00e4t<\/h2>\n<p>In der Anschaffung sind mobile Klimager\u00e4te billiger. Im Gegensatz zu Split-Klimaanlagen m\u00fcssen sie auch nicht von einem Monteur installiert werden. Wer sich jedoch an hei\u00dfen Sommertagen nach echter K\u00fchlung sehnt, f\u00fcr den ist eine festinstallierte Split-Klimaanlage die bessere und wirtschaftlichere Investition. Zumal Hitzeperioden hierzulande nicht ein seltenes Ph\u00e4nomen bleiben, sondern ganz sicher an Intensit\u00e4t zunehmen, prognostiziert der Deutsche Wetterdienst. K\u00fchleffekt, Energieeffizienz, Komfort und die Heizfunktion f\u00fcr die \u00dcbergangszeit sprechen also eindeutig f\u00fcr Split-Klimager\u00e4te. Daher lieber jetzt schon deren Installation planen als am ersten hei\u00dfen Tag in den Baumarkt laufen und sich schon nach ein paar hei\u00dfen Wochen \u00fcber eine am Ende doch kostspielige Billigl\u00f6sung zu \u00e4rgern \u2026<\/p>\n<p>Hat sich jemand von euch schon eine Split-Klimaanlage zugelegt? Teilt doch mal eure Erfahrungen vom letzten Sommer.<\/p>\n","protected":false},"excerpt":{"rendered":"<p>Hitzeperioden nehmen in Deutschland an Intensit\u00e4t zu. Deshalb hat die Bundesregierung zum Gesundheitsschutz der Bev\u00f6lkerung Vorgaben f\u00fcr koordinierte Hitzeaktionspl\u00e4ne erarbeitet. Wie sieht der Hitzeaktionsplan f\u00fcr eure Wohnung aus? In eine Klimaanlage zu investieren, ist dabei eine \u00dcberlegung wert. Aber welche Klimaanlage ist auch ihr Geld wert? Sind preisg\u00fcnstige, mobile Klimager\u00e4te aus dem Baumarkt oder festinstallierte Split-Klimaanlagen besser? Die klare Antwort: Die beste L\u00f6sung ist eine Split-Klimaanlage. Mobile Klimager\u00e4te sind zwar billiger in der Anschaffung. Aber sp\u00e4testens beim Stromverbrauch zahlt ihr drauf. In Sachen Komfort sind Split-Klimaanlagen ohnehin deutlich besser. Die Hintergr\u00fcnde erfahrt ihr in diesem Beitrag.<\/p>\n","protected":false},"author":26,"featured_media":5365,"comment_status":"open","ping_status":"open","sticky":false,"template":"","format":"standard","meta":{"footnotes":""},"categories":[3,183],"tags":[166,137],"coauthors":[253],"class_list":["post-5277","post","type-post","status-publish","format-standard","has-post-thumbnail","hentry","category-wissen-und-wert","category-partner-beitraege","tag-heiztechnik","tag-heiztipps"],"yoast_head":"<!-- This site is optimized with the Yoast SEO plugin v27.4 - https:\/\/yoast.com\/product\/yoast-seo-wordpress\/ -->\n<title>Split-Klimaanlage oder mobiles Klimager\u00e4t? | 21 grad<\/title>\n<meta name=\"description\" content=\"Mobile Klimager\u00e4te oder festinstallierte Split-Klimaanlagen - was ist besser? Vor- &amp; Nachteile, Kosten, Stromverbrauch \u25ba Hier mehr erfahren!\" \/>\n<meta name=\"robots\" content=\"index, follow, max-snippet:-1, max-image-preview:large, max-video-preview:-1\" \/>\n<link rel=\"canonical\" href=\"https:\/\/www.vaillant.de\/21-grad\/wissen-und-wert\/split-klimaanlage-oder-mobiles-klimageraet-welches-ist-das-beste\/\" \/>\n<meta property=\"og:locale\" content=\"de_DE\" \/>\n<meta property=\"og:type\" content=\"article\" \/>\n<meta property=\"og:title\" content=\"Split-Klimaanlage oder mobiles Klimager\u00e4t? | 21 grad\" \/>\n<meta property=\"og:description\" content=\"Mobile Klimager\u00e4te oder festinstallierte Split-Klimaanlagen - was ist besser? Vor- &amp; Nachteile, Kosten, Stromverbrauch \u25ba Hier mehr erfahren!\" \/>\n<meta property=\"og:url\" content=\"https:\/\/www.vaillant.de\/21-grad\/wissen-und-wert\/split-klimaanlage-oder-mobiles-klimageraet-welches-ist-das-beste\/\" \/>\n<meta property=\"og:site_name\" content=\"21 grad\" \/>\n<meta property=\"article:publisher\" content=\"https:\/\/www.facebook.com\/21grad\/\" \/>\n<meta property=\"article:published_time\" content=\"2020-06-19T09:27:32+00:00\" \/>\n<meta property=\"article:modified_time\" content=\"2026-01-28T08:52:04+00:00\" \/>\n<meta property=\"og:image\" content=\"https:\/\/www.vaillant.de\/21-grad\/wp-content\/uploads\/2020\/06\/AIRCON17_34462_01.jpg\" \/>\n\t<meta property=\"og:image:width\" content=\"1694\" \/>\n\t<meta property=\"og:image:height\" content=\"1124\" \/>\n\t<meta property=\"og:image:type\" content=\"image\/jpeg\" \/>\n<meta name=\"author\" content=\"Lorena\" \/>\n<meta name=\"twitter:card\" content=\"summary_large_image\" \/>\n<meta name=\"twitter:creator\" content=\"@vaillant_de\" \/>\n<meta name=\"twitter:site\" content=\"@vaillant_de\" \/>\n<meta name=\"twitter:label1\" content=\"Verfasst von\" \/>\n\t<meta name=\"twitter:data1\" content=\"Lorena\" \/>\n\t<meta name=\"twitter:label2\" content=\"Gesch\u00e4tzte Lesezeit\" \/>\n\t<meta name=\"twitter:data2\" content=\"5\u00a0Minuten\" \/>\n\t<meta name=\"twitter:label3\" content=\"Written by\" \/>\n\t<meta name=\"twitter:data3\" content=\"Lorena\" \/>\n<script type=\"application\/ld+json\" class=\"yoast-schema-graph\">{\"@context\":\"https:\\\/\\\/schema.org\",\"@graph\":[{\"@type\":\"Article\",\"@id\":\"https:\\\/\\\/www.vaillant.de\\\/21-grad\\\/wissen-und-wert\\\/split-klimaanlage-oder-mobiles-klimageraet-welches-ist-das-beste\\\/#article\",\"isPartOf\":{\"@id\":\"https:\\\/\\\/www.vaillant.de\\\/21-grad\\\/wissen-und-wert\\\/split-klimaanlage-oder-mobiles-klimageraet-welches-ist-das-beste\\\/\"},\"author\":{\"name\":\"Lorena\",\"@id\":\"https:\\\/\\\/www.vaillant.de\\\/21-grad\\\/#\\\/schema\\\/person\\\/64bb3ed01d8d62d6fc3b965454e1d031\"},\"headline\":\"Split-Klimaanlage oder mobiles Klimager\u00e4t \u2013 welches ist das beste?\",\"datePublished\":\"2020-06-19T09:27:32+00:00\",\"dateModified\":\"2026-01-28T08:52:04+00:00\",\"mainEntityOfPage\":{\"@id\":\"https:\\\/\\\/www.vaillant.de\\\/21-grad\\\/wissen-und-wert\\\/split-klimaanlage-oder-mobiles-klimageraet-welches-ist-das-beste\\\/\"},\"wordCount\":959,\"commentCount\":5,\"image\":{\"@id\":\"https:\\\/\\\/www.vaillant.de\\\/21-grad\\\/wissen-und-wert\\\/split-klimaanlage-oder-mobiles-klimageraet-welches-ist-das-beste\\\/#primaryimage\"},\"thumbnailUrl\":\"https:\\\/\\\/www.vaillant.de\\\/21-grad\\\/wp-content\\\/uploads\\\/2020\\\/06\\\/AIRCON17_34462_01.jpg\",\"keywords\":[\"Heiztechnik\",\"Heiztipps\"],\"articleSection\":[\"Wissen &amp; Wert\",\"X-Partner-Beitr\u00e4ge\"],\"inLanguage\":\"de\",\"potentialAction\":[{\"@type\":\"CommentAction\",\"name\":\"Comment\",\"target\":[\"https:\\\/\\\/www.vaillant.de\\\/21-grad\\\/wissen-und-wert\\\/split-klimaanlage-oder-mobiles-klimageraet-welches-ist-das-beste\\\/#respond\"]}]},{\"@type\":\"WebPage\",\"@id\":\"https:\\\/\\\/www.vaillant.de\\\/21-grad\\\/wissen-und-wert\\\/split-klimaanlage-oder-mobiles-klimageraet-welches-ist-das-beste\\\/\",\"url\":\"https:\\\/\\\/www.vaillant.de\\\/21-grad\\\/wissen-und-wert\\\/split-klimaanlage-oder-mobiles-klimageraet-welches-ist-das-beste\\\/\",\"name\":\"Split-Klimaanlage oder mobiles Klimager\u00e4t? | 21 grad\",\"isPartOf\":{\"@id\":\"https:\\\/\\\/www.vaillant.de\\\/21-grad\\\/#website\"},\"primaryImageOfPage\":{\"@id\":\"https:\\\/\\\/www.vaillant.de\\\/21-grad\\\/wissen-und-wert\\\/split-klimaanlage-oder-mobiles-klimageraet-welches-ist-das-beste\\\/#primaryimage\"},\"image\":{\"@id\":\"https:\\\/\\\/www.vaillant.de\\\/21-grad\\\/wissen-und-wert\\\/split-klimaanlage-oder-mobiles-klimageraet-welches-ist-das-beste\\\/#primaryimage\"},\"thumbnailUrl\":\"https:\\\/\\\/www.vaillant.de\\\/21-grad\\\/wp-content\\\/uploads\\\/2020\\\/06\\\/AIRCON17_34462_01.jpg\",\"datePublished\":\"2020-06-19T09:27:32+00:00\",\"dateModified\":\"2026-01-28T08:52:04+00:00\",\"author\":{\"@id\":\"https:\\\/\\\/www.vaillant.de\\\/21-grad\\\/#\\\/schema\\\/person\\\/64bb3ed01d8d62d6fc3b965454e1d031\"},\"description\":\"Mobile Klimager\u00e4te oder festinstallierte Split-Klimaanlagen - was ist besser? Vor- & Nachteile, Kosten, Stromverbrauch \u25ba Hier mehr erfahren!\",\"breadcrumb\":{\"@id\":\"https:\\\/\\\/www.vaillant.de\\\/21-grad\\\/wissen-und-wert\\\/split-klimaanlage-oder-mobiles-klimageraet-welches-ist-das-beste\\\/#breadcrumb\"},\"inLanguage\":\"de\",\"potentialAction\":[{\"@type\":\"ReadAction\",\"target\":[\"https:\\\/\\\/www.vaillant.de\\\/21-grad\\\/wissen-und-wert\\\/split-klimaanlage-oder-mobiles-klimageraet-welches-ist-das-beste\\\/\"]}]},{\"@type\":\"ImageObject\",\"inLanguage\":\"de\",\"@id\":\"https:\\\/\\\/www.vaillant.de\\\/21-grad\\\/wissen-und-wert\\\/split-klimaanlage-oder-mobiles-klimageraet-welches-ist-das-beste\\\/#primaryimage\",\"url\":\"https:\\\/\\\/www.vaillant.de\\\/21-grad\\\/wp-content\\\/uploads\\\/2020\\\/06\\\/AIRCON17_34462_01.jpg\",\"contentUrl\":\"https:\\\/\\\/www.vaillant.de\\\/21-grad\\\/wp-content\\\/uploads\\\/2020\\\/06\\\/AIRCON17_34462_01.jpg\",\"width\":1694,\"height\":1124},{\"@type\":\"BreadcrumbList\",\"@id\":\"https:\\\/\\\/www.vaillant.de\\\/21-grad\\\/wissen-und-wert\\\/split-klimaanlage-oder-mobiles-klimageraet-welches-ist-das-beste\\\/#breadcrumb\",\"itemListElement\":[{\"@type\":\"ListItem\",\"position\":1,\"name\":\"Startseite\",\"item\":\"https:\\\/\\\/www.vaillant.de\\\/21-grad\\\/\"},{\"@type\":\"ListItem\",\"position\":2,\"name\":\"Split-Klimaanlage oder mobiles Klimager\u00e4t \u2013 welches ist das beste?\"}]},{\"@type\":\"WebSite\",\"@id\":\"https:\\\/\\\/www.vaillant.de\\\/21-grad\\\/#website\",\"url\":\"https:\\\/\\\/www.vaillant.de\\\/21-grad\\\/\",\"name\":\"21 grad\",\"description\":\"Der Blog f\u00fcr Menschen, die weiterdenken\",\"potentialAction\":[{\"@type\":\"SearchAction\",\"target\":{\"@type\":\"EntryPoint\",\"urlTemplate\":\"https:\\\/\\\/www.vaillant.de\\\/21-grad\\\/?s={search_term_string}\"},\"query-input\":{\"@type\":\"PropertyValueSpecification\",\"valueRequired\":true,\"valueName\":\"search_term_string\"}}],\"inLanguage\":\"de\"},{\"@type\":\"Person\",\"@id\":\"https:\\\/\\\/www.vaillant.de\\\/21-grad\\\/#\\\/schema\\\/person\\\/64bb3ed01d8d62d6fc3b965454e1d031\",\"name\":\"Lorena\",\"image\":{\"@type\":\"ImageObject\",\"inLanguage\":\"de\",\"@id\":\"https:\\\/\\\/www.vaillant.de\\\/21-grad\\\/wp-content\\\/uploads\\\/2025\\\/04\\\/20230502_Vaillant-Mitarbeitershooting-Lennep_0045_MKP_100-125x125.jpg3845af5a66923cc212a0c6c57ae1c3a4\",\"url\":\"https:\\\/\\\/www.vaillant.de\\\/21-grad\\\/wp-content\\\/uploads\\\/2025\\\/04\\\/20230502_Vaillant-Mitarbeitershooting-Lennep_0045_MKP_100-125x125.jpg\",\"contentUrl\":\"https:\\\/\\\/www.vaillant.de\\\/21-grad\\\/wp-content\\\/uploads\\\/2025\\\/04\\\/20230502_Vaillant-Mitarbeitershooting-Lennep_0045_MKP_100-125x125.jpg\",\"caption\":\"Lorena\"},\"description\":\"In meiner Rolle als E-Mail-Marketing-Manager B2C liegt mein Fokus darauf, eine effektive und ansprechende E-Mail-Kommunikation mit unseren Kunden zu gestalten. Von der sorgf\u00e4ltigen Auswahl der relevanten Daten bis hin zur kreativen Erstellung und dem pr\u00e4zisen Versand der E-Mails sorge ich daf\u00fcr, dass unsere Botschaften genau dort ankommen, wo sie sollen. Nachhaltigkeit Nachhaltigkeit ist mir wichtig, und ich versuche, in meinem Alltag bewusst darauf zu achten. Zum Beispiel benutze ich Jutebeutel, wenn ich einkaufen gehe. Au\u00dferdem erledige ich so viel wie m\u00f6glich zu Fu\u00df. Das schont nicht nur die Umwelt, sondern tut auch meiner Gesundheit gut. Beim Einkaufen achte ich darauf, nur die Lebensmittel zu kaufen, die ich tats\u00e4chlich verbrauchen kann. Interessen Ich liebe es, mit Freunden beim Fu\u00dfball unterwegs zu sein, um unsere Mannschaft zu unterst\u00fctzen. In den Bergen f\u00fchle ich mich besonders wohl, sei es beim Skifahren, beim Wandern oder einfach beim Genie\u00dfen der beeindruckenden Aussicht. Dar\u00fcber hinaus finde ich gro\u00dfe Freude am Basteln, wo ich meiner Kreativit\u00e4t freien Lauf lasse, und am Backen, bei dem ich gerne meine Lieblingsrezepte aber auch neue ausprobiere. Was bringt dich auf die Palme? Tickende Uhren k\u00f6nnen mich wahnsinnig machen. Dieses konstante Ger\u00e4usch im Hintergrund, st\u00f6rt meine Konzentration und bringt mich aus der Ruhe.\",\"url\":\"https:\\\/\\\/www.vaillant.de\\\/21-grad\\\/autor\\\/lorena\\\/\"}]}<\/script>\n<!-- \/ Yoast SEO plugin. -->","yoast_head_json":{"title":"Split-Klimaanlage oder mobiles Klimager\u00e4t? | 21 grad","description":"Mobile Klimager\u00e4te oder festinstallierte Split-Klimaanlagen - was ist besser? Vor- & Nachteile, Kosten, Stromverbrauch \u25ba Hier mehr erfahren!","robots":{"index":"index","follow":"follow","max-snippet":"max-snippet:-1","max-image-preview":"max-image-preview:large","max-video-preview":"max-video-preview:-1"},"canonical":"https:\/\/www.vaillant.de\/21-grad\/wissen-und-wert\/split-klimaanlage-oder-mobiles-klimageraet-welches-ist-das-beste\/","og_locale":"de_DE","og_type":"article","og_title":"Split-Klimaanlage oder mobiles Klimager\u00e4t? | 21 grad","og_description":"Mobile Klimager\u00e4te oder festinstallierte Split-Klimaanlagen - was ist besser? Vor- & Nachteile, Kosten, Stromverbrauch \u25ba Hier mehr erfahren!","og_url":"https:\/\/www.vaillant.de\/21-grad\/wissen-und-wert\/split-klimaanlage-oder-mobiles-klimageraet-welches-ist-das-beste\/","og_site_name":"21 grad","article_publisher":"https:\/\/www.facebook.com\/21grad\/","article_published_time":"2020-06-19T09:27:32+00:00","article_modified_time":"2026-01-28T08:52:04+00:00","og_image":[{"width":1694,"height":1124,"url":"https:\/\/www.vaillant.de\/21-grad\/wp-content\/uploads\/2020\/06\/AIRCON17_34462_01.jpg","type":"image\/jpeg"}],"author":"Lorena","twitter_card":"summary_large_image","twitter_creator":"@vaillant_de","twitter_site":"@vaillant_de","twitter_misc":{"Verfasst von":"Lorena","Gesch\u00e4tzte Lesezeit":"5\u00a0Minuten","Written by":"Lorena"},"schema":{"@context":"https:\/\/schema.org","@graph":[{"@type":"Article","@id":"https:\/\/www.vaillant.de\/21-grad\/wissen-und-wert\/split-klimaanlage-oder-mobiles-klimageraet-welches-ist-das-beste\/#article","isPartOf":{"@id":"https:\/\/www.vaillant.de\/21-grad\/wissen-und-wert\/split-klimaanlage-oder-mobiles-klimageraet-welches-ist-das-beste\/"},"author":{"name":"Lorena","@id":"https:\/\/www.vaillant.de\/21-grad\/#\/schema\/person\/64bb3ed01d8d62d6fc3b965454e1d031"},"headline":"Split-Klimaanlage oder mobiles Klimager\u00e4t \u2013 welches ist das beste?","datePublished":"2020-06-19T09:27:32+00:00","dateModified":"2026-01-28T08:52:04+00:00","mainEntityOfPage":{"@id":"https:\/\/www.vaillant.de\/21-grad\/wissen-und-wert\/split-klimaanlage-oder-mobiles-klimageraet-welches-ist-das-beste\/"},"wordCount":959,"commentCount":5,"image":{"@id":"https:\/\/www.vaillant.de\/21-grad\/wissen-und-wert\/split-klimaanlage-oder-mobiles-klimageraet-welches-ist-das-beste\/#primaryimage"},"thumbnailUrl":"https:\/\/www.vaillant.de\/21-grad\/wp-content\/uploads\/2020\/06\/AIRCON17_34462_01.jpg","keywords":["Heiztechnik","Heiztipps"],"articleSection":["Wissen &amp; Wert","X-Partner-Beitr\u00e4ge"],"inLanguage":"de","potentialAction":[{"@type":"CommentAction","name":"Comment","target":["https:\/\/www.vaillant.de\/21-grad\/wissen-und-wert\/split-klimaanlage-oder-mobiles-klimageraet-welches-ist-das-beste\/#respond"]}]},{"@type":"WebPage","@id":"https:\/\/www.vaillant.de\/21-grad\/wissen-und-wert\/split-klimaanlage-oder-mobiles-klimageraet-welches-ist-das-beste\/","url":"https:\/\/www.vaillant.de\/21-grad\/wissen-und-wert\/split-klimaanlage-oder-mobiles-klimageraet-welches-ist-das-beste\/","name":"Split-Klimaanlage oder mobiles Klimager\u00e4t? | 21 grad","isPartOf":{"@id":"https:\/\/www.vaillant.de\/21-grad\/#website"},"primaryImageOfPage":{"@id":"https:\/\/www.vaillant.de\/21-grad\/wissen-und-wert\/split-klimaanlage-oder-mobiles-klimageraet-welches-ist-das-beste\/#primaryimage"},"image":{"@id":"https:\/\/www.vaillant.de\/21-grad\/wissen-und-wert\/split-klimaanlage-oder-mobiles-klimageraet-welches-ist-das-beste\/#primaryimage"},"thumbnailUrl":"https:\/\/www.vaillant.de\/21-grad\/wp-content\/uploads\/2020\/06\/AIRCON17_34462_01.jpg","datePublished":"2020-06-19T09:27:32+00:00","dateModified":"2026-01-28T08:52:04+00:00","author":{"@id":"https:\/\/www.vaillant.de\/21-grad\/#\/schema\/person\/64bb3ed01d8d62d6fc3b965454e1d031"},"description":"Mobile Klimager\u00e4te oder festinstallierte Split-Klimaanlagen - was ist besser? Vor- & Nachteile, Kosten, Stromverbrauch \u25ba Hier mehr erfahren!","breadcrumb":{"@id":"https:\/\/www.vaillant.de\/21-grad\/wissen-und-wert\/split-klimaanlage-oder-mobiles-klimageraet-welches-ist-das-beste\/#breadcrumb"},"inLanguage":"de","potentialAction":[{"@type":"ReadAction","target":["https:\/\/www.vaillant.de\/21-grad\/wissen-und-wert\/split-klimaanlage-oder-mobiles-klimageraet-welches-ist-das-beste\/"]}]},{"@type":"ImageObject","inLanguage":"de","@id":"https:\/\/www.vaillant.de\/21-grad\/wissen-und-wert\/split-klimaanlage-oder-mobiles-klimageraet-welches-ist-das-beste\/#primaryimage","url":"https:\/\/www.vaillant.de\/21-grad\/wp-content\/uploads\/2020\/06\/AIRCON17_34462_01.jpg","contentUrl":"https:\/\/www.vaillant.de\/21-grad\/wp-content\/uploads\/2020\/06\/AIRCON17_34462_01.jpg","width":1694,"height":1124},{"@type":"BreadcrumbList","@id":"https:\/\/www.vaillant.de\/21-grad\/wissen-und-wert\/split-klimaanlage-oder-mobiles-klimageraet-welches-ist-das-beste\/#breadcrumb","itemListElement":[{"@type":"ListItem","position":1,"name":"Startseite","item":"https:\/\/www.vaillant.de\/21-grad\/"},{"@type":"ListItem","position":2,"name":"Split-Klimaanlage oder mobiles Klimager\u00e4t \u2013 welches ist das beste?"}]},{"@type":"WebSite","@id":"https:\/\/www.vaillant.de\/21-grad\/#website","url":"https:\/\/www.vaillant.de\/21-grad\/","name":"21 grad","description":"Der Blog f\u00fcr Menschen, die weiterdenken","potentialAction":[{"@type":"SearchAction","target":{"@type":"EntryPoint","urlTemplate":"https:\/\/www.vaillant.de\/21-grad\/?s={search_term_string}"},"query-input":{"@type":"PropertyValueSpecification","valueRequired":true,"valueName":"search_term_string"}}],"inLanguage":"de"},{"@type":"Person","@id":"https:\/\/www.vaillant.de\/21-grad\/#\/schema\/person\/64bb3ed01d8d62d6fc3b965454e1d031","name":"Lorena","image":{"@type":"ImageObject","inLanguage":"de","@id":"https:\/\/www.vaillant.de\/21-grad\/wp-content\/uploads\/2025\/04\/20230502_Vaillant-Mitarbeitershooting-Lennep_0045_MKP_100-125x125.jpg3845af5a66923cc212a0c6c57ae1c3a4","url":"https:\/\/www.vaillant.de\/21-grad\/wp-content\/uploads\/2025\/04\/20230502_Vaillant-Mitarbeitershooting-Lennep_0045_MKP_100-125x125.jpg","contentUrl":"https:\/\/www.vaillant.de\/21-grad\/wp-content\/uploads\/2025\/04\/20230502_Vaillant-Mitarbeitershooting-Lennep_0045_MKP_100-125x125.jpg","caption":"Lorena"},"description":"In meiner Rolle als E-Mail-Marketing-Manager B2C liegt mein Fokus darauf, eine effektive und ansprechende E-Mail-Kommunikation mit unseren Kunden zu gestalten. Von der sorgf\u00e4ltigen Auswahl der relevanten Daten bis hin zur kreativen Erstellung und dem pr\u00e4zisen Versand der E-Mails sorge ich daf\u00fcr, dass unsere Botschaften genau dort ankommen, wo sie sollen. Nachhaltigkeit Nachhaltigkeit ist mir wichtig, und ich versuche, in meinem Alltag bewusst darauf zu achten. Zum Beispiel benutze ich Jutebeutel, wenn ich einkaufen gehe. Au\u00dferdem erledige ich so viel wie m\u00f6glich zu Fu\u00df. Das schont nicht nur die Umwelt, sondern tut auch meiner Gesundheit gut. Beim Einkaufen achte ich darauf, nur die Lebensmittel zu kaufen, die ich tats\u00e4chlich verbrauchen kann. Interessen Ich liebe es, mit Freunden beim Fu\u00dfball unterwegs zu sein, um unsere Mannschaft zu unterst\u00fctzen. In den Bergen f\u00fchle ich mich besonders wohl, sei es beim Skifahren, beim Wandern oder einfach beim Genie\u00dfen der beeindruckenden Aussicht. Dar\u00fcber hinaus finde ich gro\u00dfe Freude am Basteln, wo ich meiner Kreativit\u00e4t freien Lauf lasse, und am Backen, bei dem ich gerne meine Lieblingsrezepte aber auch neue ausprobiere. Was bringt dich auf die Palme? Tickende Uhren k\u00f6nnen mich wahnsinnig machen. Dieses konstante Ger\u00e4usch im Hintergrund, st\u00f6rt meine Konzentration und bringt mich aus der Ruhe.","url":"https:\/\/www.vaillant.de\/21-grad\/autor\/lorena\/"}]}},"_links":{"self":[{"href":"https:\/\/www.vaillant.de\/21-grad\/wp-json\/wp\/v2\/posts\/5277","targetHints":{"allow":["GET"]}}],"collection":[{"href":"https:\/\/www.vaillant.de\/21-grad\/wp-json\/wp\/v2\/posts"}],"about":[{"href":"https:\/\/www.vaillant.de\/21-grad\/wp-json\/wp\/v2\/types\/post"}],"author":[{"embeddable":true,"href":"https:\/\/www.vaillant.de\/21-grad\/wp-json\/wp\/v2\/users\/26"}],"replies":[{"embeddable":true,"href":"https:\/\/www.vaillant.de\/21-grad\/wp-json\/wp\/v2\/comments?post=5277"}],"version-history":[{"count":8,"href":"https:\/\/www.vaillant.de\/21-grad\/wp-json\/wp\/v2\/posts\/5277\/revisions"}],"predecessor-version":[{"id":5366,"href":"https:\/\/www.vaillant.de\/21-grad\/wp-json\/wp\/v2\/posts\/5277\/revisions\/5366"}],"wp:featuredmedia":[{"embeddable":true,"href":"https:\/\/www.vaillant.de\/21-grad\/wp-json\/wp\/v2\/media\/5365"}],"wp:attachment":[{"href":"https:\/\/www.vaillant.de\/21-grad\/wp-json\/wp\/v2\/media?parent=5277"}],"wp:term":[{"taxonomy":"category","embeddable":true,"href":"https:\/\/www.vaillant.de\/21-grad\/wp-json\/wp\/v2\/categories?post=5277"},{"taxonomy":"post_tag","embeddable":true,"href":"https:\/\/www.vaillant.de\/21-grad\/wp-json\/wp\/v2\/tags?post=5277"},{"taxonomy":"author","embeddable":true,"href":"https:\/\/www.vaillant.de\/21-grad\/wp-json\/wp\/v2\/coauthors?post=5277"}],"curies":[{"name":"wp","href":"https:\/\/api.w.org\/{rel}","templated":true}]}}