{"id":5381,"date":"2020-07-21T11:29:49","date_gmt":"2020-07-21T09:29:49","guid":{"rendered":"https:\/\/www.vaillant.de\/21-grad\/?p=5381"},"modified":"2026-01-28T09:52:04","modified_gmt":"2026-01-28T08:52:04","slug":"klimaanlagen-fuer-zuhause-wie-hoch-ist-der-stromverbrauch-fakten-fuer-kuehle-rechner","status":"publish","type":"post","link":"https:\/\/www.vaillant.de\/21-grad\/rat-und-tat\/klimaanlagen-fuer-zuhause-wie-hoch-ist-der-stromverbrauch-fakten-fuer-kuehle-rechner\/","title":{"rendered":"Klimaanlagen f\u00fcr Zuhause \u2013 wie hoch ist der Stromverbrauch? Fakten f\u00fcr k\u00fchle Rechner &#8230;"},"content":{"rendered":"<h2>Klimaanlage und Stromverbrauch: auf die Energieeffizienzklasse kommt es an<\/h2>\n<div id=\"attachment_5378\" style=\"width: 359px\" class=\"wp-caption alignleft\"><a href=\"https:\/\/www.vaillant.de\/21-grad\/wp-content\/uploads\/2020\/07\/AIRCON17_34461_01_small.jpg\"><img loading=\"lazy\" decoding=\"async\" aria-describedby=\"caption-attachment-5378\" class=\"size-medium wp-image-5378\" src=\"https:\/\/www.vaillant.de\/21-grad\/wp-content\/uploads\/2020\/07\/AIRCON17_34461_01_small-349x232.jpg\" alt=\"In einem Wohnzimmer l\u00e4uft ein Fernsehger\u00e4t; an der Wand ist eine Klimaanlage montiert.\" width=\"349\" height=\"232\" srcset=\"https:\/\/www.vaillant.de\/21-grad\/wp-content\/uploads\/2020\/07\/AIRCON17_34461_01_small-349x232.jpg 349w, https:\/\/www.vaillant.de\/21-grad\/wp-content\/uploads\/2020\/07\/AIRCON17_34461_01_small-721x480.jpg 721w, https:\/\/www.vaillant.de\/21-grad\/wp-content\/uploads\/2020\/07\/AIRCON17_34461_01_small-768x511.jpg 768w, https:\/\/www.vaillant.de\/21-grad\/wp-content\/uploads\/2020\/07\/AIRCON17_34461_01_small.jpg 1500w\" sizes=\"auto, (max-width: 349px) 100vw, 349px\" \/><\/a><p id=\"caption-attachment-5378\" class=\"wp-caption-text\">Die energieeffizientesten Split-Klimaanlagen verbrauchen unter \u00fcblichen Bedingungen nur so wenig Strom wie ein mittelgro\u00dfer Flachbildfernseher.<\/p><\/div>\n<p>Wie bei K\u00fchlschr\u00e4nken zeigt auch bei Klimaanlagen das bekannte Label mit der farbigen Skala von rotem D bis zum gr\u00fcnem A die Effizienzklasse an. Festinstallierte Split-Klimaanlagen sind beispielsweise erheblich energiesparender und komfortabler als <a href=\"https:\/\/www.vaillant.de\/21-grad\/wissen-und-wert\/split-klimaanlage-oder-mobiles-klimageraet-welches-ist-das-beste\/\">mobile Klimager\u00e4te<\/a>. Deshalb konzentrieren wir uns hier auf Split-Klimaanlagen und geben euch ein paar Tipps, wie ihr den Stromverbrauch geringhalten k\u00f6nnt.<\/p>\n<p>Typische Klimaanlagen zum K\u00fchlen von Wohnr\u00e4umen sind nur noch ab Effizienzklasse B erlaubt. Die besten Anlagen sind allerdings um vier Klassen effizienter und deshalb mit A+++ gekennzeichnet. Das kann unterm Strich eine Stromersparnis von etwa 70 Prozent ausmachen.<\/p>\n<p>Auf dem Energieeffizienzlabel ist noch eine weitere Angabe wichtig f\u00fcr den Stromverbrauch: der SEER-Wert. Der gibt an, wieviel Strom die Klimaanlage aufwenden muss, um 1.000 Watt K\u00fchlleistung zu erzeugen. Die beste Energieeffizienz liegt derzeit bei 8,5. Eine Split-Klimaanlage mit einem SEER-Wert von 8,5 w\u00fcrde also f\u00fcr 1.000 Watt K\u00fchlleistung nur 125 W Strom ben\u00f6tigen. Also ungef\u00e4hr so wenig wie ein Flachbildfernseher.<\/p>\n<p>Wie viel K\u00fchlleistung ben\u00f6tigt aber ein Wohnraum? Das h\u00e4ngt nicht nur von der Grundfl\u00e4che ab. Weitere Einflussgr\u00f6\u00dfen sind beispielsweise:<\/p>\n<ul>\n<li>die Intensit\u00e4t der Sonneneinstrahlung,<\/li>\n<li>die Gr\u00f6\u00dfe der Fensterfl\u00e4chen, und<\/li>\n<li>ob die Sonneneinstrahlung mit Jalousien oder \u00e4hnlichem verringert werden kann.<\/li>\n<\/ul>\n<p>Ein Fachmann kann f\u00fcr euch die K\u00fchlleistung \u00fcberschl\u00e4gig ermitteln und die Klimaanlage dazu passend dimensionieren. Ist die Anlage weder zu gro\u00df noch zu klein, spart das ebenfalls Strom und bringt den gew\u00fcnschten Komfort. \u00dcbrigens: An die Au\u00dfeneinheit einer Multi-Split-Klimaanlage k\u00f6nnen Inneneinheiten f\u00fcr bis zu vier R\u00e4ume angeschlossen werden.<\/p>\n<h2>Klimaanlage und Stromerzeugung: mit Sonnenw\u00e4rme k\u00fchlen<\/h2>\n<p>Wer seinen Strom mit einer PV-Anlage auf dem eigenen Haus erzeugt und verbraucht, tut der Umwelt einen gro\u00dfen Gefallen: Die CO<sub>2<\/sub>-Emission ist in dem Fall gleich Null. Gerade f\u00fcr den Betrieb einer Klimaanlage ist Solarstrom dabei perfekt, denn: Wenn die Sonne am h\u00f6chsten steht, muss die Klimaanlage am meisten leisten \u2013 und die Photovoltaik-Anlage liefert genau dann auch den meisten Strom. Ein einziges PV-Standardmodul kann bei bedarfsgerechter Auslegung umgerechnet 2.400 W K\u00fchlleistung produzieren! Mehr als genug also f\u00fcr die meisten R\u00e4ume &#8230;<\/p>\n<h2>Fazit<\/h2>\n<div id=\"attachment_5379\" style=\"width: 242px\" class=\"wp-caption alignright\"><img loading=\"lazy\" decoding=\"async\" aria-describedby=\"caption-attachment-5379\" class=\"size-medium wp-image-5379\" src=\"https:\/\/www.vaillant.de\/21-grad\/wp-content\/uploads\/2020\/07\/AIRCON18_25495_01_small-232x232.jpg\" alt=\"Das Innenleben der Au\u00dfeneinheit einer Split-Klimaanlage. Der W\u00e4rmetauscher ist links und r\u00fcckseitig vom Ventilator. Hier zirkuliert das K\u00e4ltemittel und gibt die Raumw\u00e4rme ab. Der Ventilator transportiert die W\u00e4rme in die Umgebungsluft. Der Kompressor zum Verdichten des K\u00e4ltemittels ist rechts, verdeckt von der Steuerungselektronik.\" width=\"232\" height=\"232\" srcset=\"https:\/\/www.vaillant.de\/21-grad\/wp-content\/uploads\/2020\/07\/AIRCON18_25495_01_small-232x232.jpg 232w, https:\/\/www.vaillant.de\/21-grad\/wp-content\/uploads\/2020\/07\/AIRCON18_25495_01_small-480x480.jpg 480w, https:\/\/www.vaillant.de\/21-grad\/wp-content\/uploads\/2020\/07\/AIRCON18_25495_01_small-150x150.jpg 150w, https:\/\/www.vaillant.de\/21-grad\/wp-content\/uploads\/2020\/07\/AIRCON18_25495_01_small-768x768.jpg 768w, https:\/\/www.vaillant.de\/21-grad\/wp-content\/uploads\/2020\/07\/AIRCON18_25495_01_small-320x320.jpg 320w, https:\/\/www.vaillant.de\/21-grad\/wp-content\/uploads\/2020\/07\/AIRCON18_25495_01_small-125x125.jpg 125w, https:\/\/www.vaillant.de\/21-grad\/wp-content\/uploads\/2020\/07\/AIRCON18_25495_01_small.jpg 1500w\" sizes=\"auto, (max-width: 232px) 100vw, 232px\" \/><p id=\"caption-attachment-5379\" class=\"wp-caption-text\">Wie hochwertig eine Split-Klimaanlage ist, zeigt sich schon in der Ausf\u00fchrung der Au\u00dfeneinheit. Je h\u00f6her die Qualit\u00e4t, umso geringer die Betriebskosten, insbesondere die Stromkosten.<\/p><\/div>\n<p>Klimaanlagen in Autos und Gesch\u00e4ften sind heute selbstverst\u00e4ndlich, oft sogar notwendig. Angesichts zunehmender Hitzeperioden auch in unseren Breitengraden wird die aktive K\u00fchlung von Wohnr\u00e4umen zunehmend sogar ein <a href=\"https:\/\/www.vaillant.de\/21-grad\/wissen-und-wert\/klimaanlagen-und-gesundheit-kuehl-kalt-erkaeltung\/\">Gesundheitsfaktor<\/a>, denn Zuhause halten wir uns am l\u00e4ngsten auf. Energieeffiziente Split-Klimaanlagen von Markenherstellern haben die erforderliche hohe Qualit\u00e4t, um lange zu halten und dabei wenig Strom zu verbrauchen. Billige L\u00f6sungen in der Anschaffung sind in der Regel die kostspieligeren L\u00f6sungen bei den Betriebskosten und vor allem bei den Stromkosten. Rechnet es selbst mal nach\u2026 Die Leistung einer Klimaanlage sollte au\u00dferdem ein Fachmann f\u00fcr jeden Wohnraum gesondert berechnen \u2013 das spart ebenfalls Geld.<\/p>\n<p>Was sind eure Erfahrungen mit Klimaanlagen f\u00fcr Zuhause? Teilt euer Wissen mit unseren Lesern.<\/p>\n","protected":false},"excerpt":{"rendered":"<p>Es wird immer w\u00e4rmer in Deutschland. Deshalb w\u00fcnschen sich immer mehr Hausbesitzer und Mieter eine Klimaanlage. Aber: Was kostet das, wie hoch sind vor allem die Stromkosten? Eine pauschale Antwort gibt es darauf aber leider nicht, denn die Stromkosten h\u00e4ngen im Wesentlich von vier Faktoren ab: An wie vielen Sommertagen wird die Klimaanlage eingeschaltet, wie hoch ist der Unterschied zwischen Au\u00dfen- und Innentemperatur ist, welcher Raum wird gek\u00fchlt und wie effizient ist die Anlagentechnik?<\/p>\n","protected":false},"author":26,"featured_media":5380,"comment_status":"open","ping_status":"open","sticky":false,"template":"","format":"standard","meta":{"footnotes":""},"categories":[2,183],"tags":[51,166,137],"coauthors":[253],"class_list":["post-5381","post","type-post","status-publish","format-standard","has-post-thumbnail","hentry","category-rat-und-tat","category-partner-beitraege","tag-energie-sparen","tag-heiztechnik","tag-heiztipps"],"yoast_head":"<!-- This site is optimized with the Yoast SEO plugin v27.4 - https:\/\/yoast.com\/product\/yoast-seo-wordpress\/ -->\n<title>Stromverbrauch bei Klimaanlagen f\u00fcr Zuhause | 21 grad<\/title>\n<meta name=\"description\" content=\"Lohnt sich eine eigene Klimaanlage f\u00fcr zu Hause? Was kostet ein Klimager\u00e4t? Wie hoch sind vor allem die Stromkosten? Jetzt mehr erfahren!\" \/>\n<meta name=\"robots\" content=\"index, follow, max-snippet:-1, max-image-preview:large, max-video-preview:-1\" \/>\n<link rel=\"canonical\" href=\"https:\/\/www.vaillant.de\/21-grad\/rat-und-tat\/klimaanlagen-fuer-zuhause-wie-hoch-ist-der-stromverbrauch-fakten-fuer-kuehle-rechner\/\" \/>\n<meta property=\"og:locale\" content=\"de_DE\" \/>\n<meta property=\"og:type\" content=\"article\" \/>\n<meta property=\"og:title\" content=\"Stromverbrauch bei Klimaanlagen f\u00fcr Zuhause | 21 grad\" \/>\n<meta property=\"og:description\" content=\"Lohnt sich eine eigene Klimaanlage f\u00fcr zu Hause? Was kostet ein Klimager\u00e4t? Wie hoch sind vor allem die Stromkosten? Jetzt mehr erfahren!\" \/>\n<meta property=\"og:url\" content=\"https:\/\/www.vaillant.de\/21-grad\/rat-und-tat\/klimaanlagen-fuer-zuhause-wie-hoch-ist-der-stromverbrauch-fakten-fuer-kuehle-rechner\/\" \/>\n<meta property=\"og:site_name\" content=\"21 grad\" \/>\n<meta property=\"article:publisher\" content=\"https:\/\/www.facebook.com\/21grad\/\" \/>\n<meta property=\"article:published_time\" content=\"2020-07-21T09:29:49+00:00\" \/>\n<meta property=\"article:modified_time\" content=\"2026-01-28T08:52:04+00:00\" \/>\n<meta property=\"og:image\" content=\"https:\/\/www.vaillant.de\/21-grad\/wp-content\/uploads\/2020\/07\/PEOPLE10_4582_01_small.jpg\" \/>\n\t<meta property=\"og:image:width\" content=\"1500\" \/>\n\t<meta property=\"og:image:height\" content=\"1001\" \/>\n\t<meta property=\"og:image:type\" content=\"image\/jpeg\" \/>\n<meta name=\"author\" content=\"Lorena\" \/>\n<meta name=\"twitter:card\" content=\"summary_large_image\" \/>\n<meta name=\"twitter:creator\" content=\"@vaillant_de\" \/>\n<meta name=\"twitter:site\" content=\"@vaillant_de\" \/>\n<meta name=\"twitter:label1\" content=\"Verfasst von\" \/>\n\t<meta name=\"twitter:data1\" content=\"Lorena\" \/>\n\t<meta name=\"twitter:label2\" content=\"Gesch\u00e4tzte Lesezeit\" \/>\n\t<meta name=\"twitter:data2\" content=\"3\u00a0Minuten\" \/>\n\t<meta name=\"twitter:label3\" content=\"Written by\" \/>\n\t<meta name=\"twitter:data3\" content=\"Lorena\" \/>\n<script type=\"application\/ld+json\" class=\"yoast-schema-graph\">{\"@context\":\"https:\\\/\\\/schema.org\",\"@graph\":[{\"@type\":\"Article\",\"@id\":\"https:\\\/\\\/www.vaillant.de\\\/21-grad\\\/rat-und-tat\\\/klimaanlagen-fuer-zuhause-wie-hoch-ist-der-stromverbrauch-fakten-fuer-kuehle-rechner\\\/#article\",\"isPartOf\":{\"@id\":\"https:\\\/\\\/www.vaillant.de\\\/21-grad\\\/rat-und-tat\\\/klimaanlagen-fuer-zuhause-wie-hoch-ist-der-stromverbrauch-fakten-fuer-kuehle-rechner\\\/\"},\"author\":{\"name\":\"Lorena\",\"@id\":\"https:\\\/\\\/www.vaillant.de\\\/21-grad\\\/#\\\/schema\\\/person\\\/64bb3ed01d8d62d6fc3b965454e1d031\"},\"headline\":\"Klimaanlagen f\u00fcr Zuhause \u2013 wie hoch ist der Stromverbrauch? Fakten f\u00fcr k\u00fchle Rechner &#8230;\",\"datePublished\":\"2020-07-21T09:29:49+00:00\",\"dateModified\":\"2026-01-28T08:52:04+00:00\",\"mainEntityOfPage\":{\"@id\":\"https:\\\/\\\/www.vaillant.de\\\/21-grad\\\/rat-und-tat\\\/klimaanlagen-fuer-zuhause-wie-hoch-ist-der-stromverbrauch-fakten-fuer-kuehle-rechner\\\/\"},\"wordCount\":563,\"commentCount\":9,\"image\":{\"@id\":\"https:\\\/\\\/www.vaillant.de\\\/21-grad\\\/rat-und-tat\\\/klimaanlagen-fuer-zuhause-wie-hoch-ist-der-stromverbrauch-fakten-fuer-kuehle-rechner\\\/#primaryimage\"},\"thumbnailUrl\":\"https:\\\/\\\/www.vaillant.de\\\/21-grad\\\/wp-content\\\/uploads\\\/2020\\\/07\\\/PEOPLE10_4582_01_small.jpg\",\"keywords\":[\"Energie sparen\",\"Heiztechnik\",\"Heiztipps\"],\"articleSection\":[\"Rat &amp; Tat\",\"X-Partner-Beitr\u00e4ge\"],\"inLanguage\":\"de\",\"potentialAction\":[{\"@type\":\"CommentAction\",\"name\":\"Comment\",\"target\":[\"https:\\\/\\\/www.vaillant.de\\\/21-grad\\\/rat-und-tat\\\/klimaanlagen-fuer-zuhause-wie-hoch-ist-der-stromverbrauch-fakten-fuer-kuehle-rechner\\\/#respond\"]}]},{\"@type\":\"WebPage\",\"@id\":\"https:\\\/\\\/www.vaillant.de\\\/21-grad\\\/rat-und-tat\\\/klimaanlagen-fuer-zuhause-wie-hoch-ist-der-stromverbrauch-fakten-fuer-kuehle-rechner\\\/\",\"url\":\"https:\\\/\\\/www.vaillant.de\\\/21-grad\\\/rat-und-tat\\\/klimaanlagen-fuer-zuhause-wie-hoch-ist-der-stromverbrauch-fakten-fuer-kuehle-rechner\\\/\",\"name\":\"Stromverbrauch bei Klimaanlagen f\u00fcr Zuhause | 21 grad\",\"isPartOf\":{\"@id\":\"https:\\\/\\\/www.vaillant.de\\\/21-grad\\\/#website\"},\"primaryImageOfPage\":{\"@id\":\"https:\\\/\\\/www.vaillant.de\\\/21-grad\\\/rat-und-tat\\\/klimaanlagen-fuer-zuhause-wie-hoch-ist-der-stromverbrauch-fakten-fuer-kuehle-rechner\\\/#primaryimage\"},\"image\":{\"@id\":\"https:\\\/\\\/www.vaillant.de\\\/21-grad\\\/rat-und-tat\\\/klimaanlagen-fuer-zuhause-wie-hoch-ist-der-stromverbrauch-fakten-fuer-kuehle-rechner\\\/#primaryimage\"},\"thumbnailUrl\":\"https:\\\/\\\/www.vaillant.de\\\/21-grad\\\/wp-content\\\/uploads\\\/2020\\\/07\\\/PEOPLE10_4582_01_small.jpg\",\"datePublished\":\"2020-07-21T09:29:49+00:00\",\"dateModified\":\"2026-01-28T08:52:04+00:00\",\"author\":{\"@id\":\"https:\\\/\\\/www.vaillant.de\\\/21-grad\\\/#\\\/schema\\\/person\\\/64bb3ed01d8d62d6fc3b965454e1d031\"},\"description\":\"Lohnt sich eine eigene Klimaanlage f\u00fcr zu Hause? Was kostet ein Klimager\u00e4t? Wie hoch sind vor allem die Stromkosten? Jetzt mehr erfahren!\",\"breadcrumb\":{\"@id\":\"https:\\\/\\\/www.vaillant.de\\\/21-grad\\\/rat-und-tat\\\/klimaanlagen-fuer-zuhause-wie-hoch-ist-der-stromverbrauch-fakten-fuer-kuehle-rechner\\\/#breadcrumb\"},\"inLanguage\":\"de\",\"potentialAction\":[{\"@type\":\"ReadAction\",\"target\":[\"https:\\\/\\\/www.vaillant.de\\\/21-grad\\\/rat-und-tat\\\/klimaanlagen-fuer-zuhause-wie-hoch-ist-der-stromverbrauch-fakten-fuer-kuehle-rechner\\\/\"]}]},{\"@type\":\"ImageObject\",\"inLanguage\":\"de\",\"@id\":\"https:\\\/\\\/www.vaillant.de\\\/21-grad\\\/rat-und-tat\\\/klimaanlagen-fuer-zuhause-wie-hoch-ist-der-stromverbrauch-fakten-fuer-kuehle-rechner\\\/#primaryimage\",\"url\":\"https:\\\/\\\/www.vaillant.de\\\/21-grad\\\/wp-content\\\/uploads\\\/2020\\\/07\\\/PEOPLE10_4582_01_small.jpg\",\"contentUrl\":\"https:\\\/\\\/www.vaillant.de\\\/21-grad\\\/wp-content\\\/uploads\\\/2020\\\/07\\\/PEOPLE10_4582_01_small.jpg\",\"width\":1500,\"height\":1001,\"caption\":\"Extreme Hitze in Folge des Klimawandels: Eine Frau steht am Strand in der grellen Sonne und sieht beim Drachensteigen zu.\"},{\"@type\":\"BreadcrumbList\",\"@id\":\"https:\\\/\\\/www.vaillant.de\\\/21-grad\\\/rat-und-tat\\\/klimaanlagen-fuer-zuhause-wie-hoch-ist-der-stromverbrauch-fakten-fuer-kuehle-rechner\\\/#breadcrumb\",\"itemListElement\":[{\"@type\":\"ListItem\",\"position\":1,\"name\":\"Startseite\",\"item\":\"https:\\\/\\\/www.vaillant.de\\\/21-grad\\\/\"},{\"@type\":\"ListItem\",\"position\":2,\"name\":\"Klimaanlagen f\u00fcr Zuhause \u2013 wie hoch ist der Stromverbrauch? Fakten f\u00fcr k\u00fchle Rechner &#8230;\"}]},{\"@type\":\"WebSite\",\"@id\":\"https:\\\/\\\/www.vaillant.de\\\/21-grad\\\/#website\",\"url\":\"https:\\\/\\\/www.vaillant.de\\\/21-grad\\\/\",\"name\":\"21 grad\",\"description\":\"Der Blog f\u00fcr Menschen, die weiterdenken\",\"potentialAction\":[{\"@type\":\"SearchAction\",\"target\":{\"@type\":\"EntryPoint\",\"urlTemplate\":\"https:\\\/\\\/www.vaillant.de\\\/21-grad\\\/?s={search_term_string}\"},\"query-input\":{\"@type\":\"PropertyValueSpecification\",\"valueRequired\":true,\"valueName\":\"search_term_string\"}}],\"inLanguage\":\"de\"},{\"@type\":\"Person\",\"@id\":\"https:\\\/\\\/www.vaillant.de\\\/21-grad\\\/#\\\/schema\\\/person\\\/64bb3ed01d8d62d6fc3b965454e1d031\",\"name\":\"Lorena\",\"image\":{\"@type\":\"ImageObject\",\"inLanguage\":\"de\",\"@id\":\"https:\\\/\\\/www.vaillant.de\\\/21-grad\\\/wp-content\\\/uploads\\\/2025\\\/04\\\/20230502_Vaillant-Mitarbeitershooting-Lennep_0045_MKP_100-125x125.jpg3845af5a66923cc212a0c6c57ae1c3a4\",\"url\":\"https:\\\/\\\/www.vaillant.de\\\/21-grad\\\/wp-content\\\/uploads\\\/2025\\\/04\\\/20230502_Vaillant-Mitarbeitershooting-Lennep_0045_MKP_100-125x125.jpg\",\"contentUrl\":\"https:\\\/\\\/www.vaillant.de\\\/21-grad\\\/wp-content\\\/uploads\\\/2025\\\/04\\\/20230502_Vaillant-Mitarbeitershooting-Lennep_0045_MKP_100-125x125.jpg\",\"caption\":\"Lorena\"},\"description\":\"In meiner Rolle als E-Mail-Marketing-Manager B2C liegt mein Fokus darauf, eine effektive und ansprechende E-Mail-Kommunikation mit unseren Kunden zu gestalten. Von der sorgf\u00e4ltigen Auswahl der relevanten Daten bis hin zur kreativen Erstellung und dem pr\u00e4zisen Versand der E-Mails sorge ich daf\u00fcr, dass unsere Botschaften genau dort ankommen, wo sie sollen. Nachhaltigkeit Nachhaltigkeit ist mir wichtig, und ich versuche, in meinem Alltag bewusst darauf zu achten. Zum Beispiel benutze ich Jutebeutel, wenn ich einkaufen gehe. Au\u00dferdem erledige ich so viel wie m\u00f6glich zu Fu\u00df. Das schont nicht nur die Umwelt, sondern tut auch meiner Gesundheit gut. Beim Einkaufen achte ich darauf, nur die Lebensmittel zu kaufen, die ich tats\u00e4chlich verbrauchen kann. Interessen Ich liebe es, mit Freunden beim Fu\u00dfball unterwegs zu sein, um unsere Mannschaft zu unterst\u00fctzen. In den Bergen f\u00fchle ich mich besonders wohl, sei es beim Skifahren, beim Wandern oder einfach beim Genie\u00dfen der beeindruckenden Aussicht. Dar\u00fcber hinaus finde ich gro\u00dfe Freude am Basteln, wo ich meiner Kreativit\u00e4t freien Lauf lasse, und am Backen, bei dem ich gerne meine Lieblingsrezepte aber auch neue ausprobiere. Was bringt dich auf die Palme? Tickende Uhren k\u00f6nnen mich wahnsinnig machen. Dieses konstante Ger\u00e4usch im Hintergrund, st\u00f6rt meine Konzentration und bringt mich aus der Ruhe.\",\"url\":\"https:\\\/\\\/www.vaillant.de\\\/21-grad\\\/autor\\\/lorena\\\/\"}]}<\/script>\n<!-- \/ Yoast SEO plugin. -->","yoast_head_json":{"title":"Stromverbrauch bei Klimaanlagen f\u00fcr Zuhause | 21 grad","description":"Lohnt sich eine eigene Klimaanlage f\u00fcr zu Hause? Was kostet ein Klimager\u00e4t? Wie hoch sind vor allem die Stromkosten? Jetzt mehr erfahren!","robots":{"index":"index","follow":"follow","max-snippet":"max-snippet:-1","max-image-preview":"max-image-preview:large","max-video-preview":"max-video-preview:-1"},"canonical":"https:\/\/www.vaillant.de\/21-grad\/rat-und-tat\/klimaanlagen-fuer-zuhause-wie-hoch-ist-der-stromverbrauch-fakten-fuer-kuehle-rechner\/","og_locale":"de_DE","og_type":"article","og_title":"Stromverbrauch bei Klimaanlagen f\u00fcr Zuhause | 21 grad","og_description":"Lohnt sich eine eigene Klimaanlage f\u00fcr zu Hause? Was kostet ein Klimager\u00e4t? Wie hoch sind vor allem die Stromkosten? Jetzt mehr erfahren!","og_url":"https:\/\/www.vaillant.de\/21-grad\/rat-und-tat\/klimaanlagen-fuer-zuhause-wie-hoch-ist-der-stromverbrauch-fakten-fuer-kuehle-rechner\/","og_site_name":"21 grad","article_publisher":"https:\/\/www.facebook.com\/21grad\/","article_published_time":"2020-07-21T09:29:49+00:00","article_modified_time":"2026-01-28T08:52:04+00:00","og_image":[{"width":1500,"height":1001,"url":"https:\/\/www.vaillant.de\/21-grad\/wp-content\/uploads\/2020\/07\/PEOPLE10_4582_01_small.jpg","type":"image\/jpeg"}],"author":"Lorena","twitter_card":"summary_large_image","twitter_creator":"@vaillant_de","twitter_site":"@vaillant_de","twitter_misc":{"Verfasst von":"Lorena","Gesch\u00e4tzte Lesezeit":"3\u00a0Minuten","Written by":"Lorena"},"schema":{"@context":"https:\/\/schema.org","@graph":[{"@type":"Article","@id":"https:\/\/www.vaillant.de\/21-grad\/rat-und-tat\/klimaanlagen-fuer-zuhause-wie-hoch-ist-der-stromverbrauch-fakten-fuer-kuehle-rechner\/#article","isPartOf":{"@id":"https:\/\/www.vaillant.de\/21-grad\/rat-und-tat\/klimaanlagen-fuer-zuhause-wie-hoch-ist-der-stromverbrauch-fakten-fuer-kuehle-rechner\/"},"author":{"name":"Lorena","@id":"https:\/\/www.vaillant.de\/21-grad\/#\/schema\/person\/64bb3ed01d8d62d6fc3b965454e1d031"},"headline":"Klimaanlagen f\u00fcr Zuhause \u2013 wie hoch ist der Stromverbrauch? Fakten f\u00fcr k\u00fchle Rechner &#8230;","datePublished":"2020-07-21T09:29:49+00:00","dateModified":"2026-01-28T08:52:04+00:00","mainEntityOfPage":{"@id":"https:\/\/www.vaillant.de\/21-grad\/rat-und-tat\/klimaanlagen-fuer-zuhause-wie-hoch-ist-der-stromverbrauch-fakten-fuer-kuehle-rechner\/"},"wordCount":563,"commentCount":9,"image":{"@id":"https:\/\/www.vaillant.de\/21-grad\/rat-und-tat\/klimaanlagen-fuer-zuhause-wie-hoch-ist-der-stromverbrauch-fakten-fuer-kuehle-rechner\/#primaryimage"},"thumbnailUrl":"https:\/\/www.vaillant.de\/21-grad\/wp-content\/uploads\/2020\/07\/PEOPLE10_4582_01_small.jpg","keywords":["Energie sparen","Heiztechnik","Heiztipps"],"articleSection":["Rat &amp; Tat","X-Partner-Beitr\u00e4ge"],"inLanguage":"de","potentialAction":[{"@type":"CommentAction","name":"Comment","target":["https:\/\/www.vaillant.de\/21-grad\/rat-und-tat\/klimaanlagen-fuer-zuhause-wie-hoch-ist-der-stromverbrauch-fakten-fuer-kuehle-rechner\/#respond"]}]},{"@type":"WebPage","@id":"https:\/\/www.vaillant.de\/21-grad\/rat-und-tat\/klimaanlagen-fuer-zuhause-wie-hoch-ist-der-stromverbrauch-fakten-fuer-kuehle-rechner\/","url":"https:\/\/www.vaillant.de\/21-grad\/rat-und-tat\/klimaanlagen-fuer-zuhause-wie-hoch-ist-der-stromverbrauch-fakten-fuer-kuehle-rechner\/","name":"Stromverbrauch bei Klimaanlagen f\u00fcr Zuhause | 21 grad","isPartOf":{"@id":"https:\/\/www.vaillant.de\/21-grad\/#website"},"primaryImageOfPage":{"@id":"https:\/\/www.vaillant.de\/21-grad\/rat-und-tat\/klimaanlagen-fuer-zuhause-wie-hoch-ist-der-stromverbrauch-fakten-fuer-kuehle-rechner\/#primaryimage"},"image":{"@id":"https:\/\/www.vaillant.de\/21-grad\/rat-und-tat\/klimaanlagen-fuer-zuhause-wie-hoch-ist-der-stromverbrauch-fakten-fuer-kuehle-rechner\/#primaryimage"},"thumbnailUrl":"https:\/\/www.vaillant.de\/21-grad\/wp-content\/uploads\/2020\/07\/PEOPLE10_4582_01_small.jpg","datePublished":"2020-07-21T09:29:49+00:00","dateModified":"2026-01-28T08:52:04+00:00","author":{"@id":"https:\/\/www.vaillant.de\/21-grad\/#\/schema\/person\/64bb3ed01d8d62d6fc3b965454e1d031"},"description":"Lohnt sich eine eigene Klimaanlage f\u00fcr zu Hause? Was kostet ein Klimager\u00e4t? Wie hoch sind vor allem die Stromkosten? Jetzt mehr erfahren!","breadcrumb":{"@id":"https:\/\/www.vaillant.de\/21-grad\/rat-und-tat\/klimaanlagen-fuer-zuhause-wie-hoch-ist-der-stromverbrauch-fakten-fuer-kuehle-rechner\/#breadcrumb"},"inLanguage":"de","potentialAction":[{"@type":"ReadAction","target":["https:\/\/www.vaillant.de\/21-grad\/rat-und-tat\/klimaanlagen-fuer-zuhause-wie-hoch-ist-der-stromverbrauch-fakten-fuer-kuehle-rechner\/"]}]},{"@type":"ImageObject","inLanguage":"de","@id":"https:\/\/www.vaillant.de\/21-grad\/rat-und-tat\/klimaanlagen-fuer-zuhause-wie-hoch-ist-der-stromverbrauch-fakten-fuer-kuehle-rechner\/#primaryimage","url":"https:\/\/www.vaillant.de\/21-grad\/wp-content\/uploads\/2020\/07\/PEOPLE10_4582_01_small.jpg","contentUrl":"https:\/\/www.vaillant.de\/21-grad\/wp-content\/uploads\/2020\/07\/PEOPLE10_4582_01_small.jpg","width":1500,"height":1001,"caption":"Extreme Hitze in Folge des Klimawandels: Eine Frau steht am Strand in der grellen Sonne und sieht beim Drachensteigen zu."},{"@type":"BreadcrumbList","@id":"https:\/\/www.vaillant.de\/21-grad\/rat-und-tat\/klimaanlagen-fuer-zuhause-wie-hoch-ist-der-stromverbrauch-fakten-fuer-kuehle-rechner\/#breadcrumb","itemListElement":[{"@type":"ListItem","position":1,"name":"Startseite","item":"https:\/\/www.vaillant.de\/21-grad\/"},{"@type":"ListItem","position":2,"name":"Klimaanlagen f\u00fcr Zuhause \u2013 wie hoch ist der Stromverbrauch? Fakten f\u00fcr k\u00fchle Rechner &#8230;"}]},{"@type":"WebSite","@id":"https:\/\/www.vaillant.de\/21-grad\/#website","url":"https:\/\/www.vaillant.de\/21-grad\/","name":"21 grad","description":"Der Blog f\u00fcr Menschen, die weiterdenken","potentialAction":[{"@type":"SearchAction","target":{"@type":"EntryPoint","urlTemplate":"https:\/\/www.vaillant.de\/21-grad\/?s={search_term_string}"},"query-input":{"@type":"PropertyValueSpecification","valueRequired":true,"valueName":"search_term_string"}}],"inLanguage":"de"},{"@type":"Person","@id":"https:\/\/www.vaillant.de\/21-grad\/#\/schema\/person\/64bb3ed01d8d62d6fc3b965454e1d031","name":"Lorena","image":{"@type":"ImageObject","inLanguage":"de","@id":"https:\/\/www.vaillant.de\/21-grad\/wp-content\/uploads\/2025\/04\/20230502_Vaillant-Mitarbeitershooting-Lennep_0045_MKP_100-125x125.jpg3845af5a66923cc212a0c6c57ae1c3a4","url":"https:\/\/www.vaillant.de\/21-grad\/wp-content\/uploads\/2025\/04\/20230502_Vaillant-Mitarbeitershooting-Lennep_0045_MKP_100-125x125.jpg","contentUrl":"https:\/\/www.vaillant.de\/21-grad\/wp-content\/uploads\/2025\/04\/20230502_Vaillant-Mitarbeitershooting-Lennep_0045_MKP_100-125x125.jpg","caption":"Lorena"},"description":"In meiner Rolle als E-Mail-Marketing-Manager B2C liegt mein Fokus darauf, eine effektive und ansprechende E-Mail-Kommunikation mit unseren Kunden zu gestalten. Von der sorgf\u00e4ltigen Auswahl der relevanten Daten bis hin zur kreativen Erstellung und dem pr\u00e4zisen Versand der E-Mails sorge ich daf\u00fcr, dass unsere Botschaften genau dort ankommen, wo sie sollen. Nachhaltigkeit Nachhaltigkeit ist mir wichtig, und ich versuche, in meinem Alltag bewusst darauf zu achten. Zum Beispiel benutze ich Jutebeutel, wenn ich einkaufen gehe. Au\u00dferdem erledige ich so viel wie m\u00f6glich zu Fu\u00df. Das schont nicht nur die Umwelt, sondern tut auch meiner Gesundheit gut. Beim Einkaufen achte ich darauf, nur die Lebensmittel zu kaufen, die ich tats\u00e4chlich verbrauchen kann. Interessen Ich liebe es, mit Freunden beim Fu\u00dfball unterwegs zu sein, um unsere Mannschaft zu unterst\u00fctzen. In den Bergen f\u00fchle ich mich besonders wohl, sei es beim Skifahren, beim Wandern oder einfach beim Genie\u00dfen der beeindruckenden Aussicht. Dar\u00fcber hinaus finde ich gro\u00dfe Freude am Basteln, wo ich meiner Kreativit\u00e4t freien Lauf lasse, und am Backen, bei dem ich gerne meine Lieblingsrezepte aber auch neue ausprobiere. Was bringt dich auf die Palme? Tickende Uhren k\u00f6nnen mich wahnsinnig machen. Dieses konstante Ger\u00e4usch im Hintergrund, st\u00f6rt meine Konzentration und bringt mich aus der Ruhe.","url":"https:\/\/www.vaillant.de\/21-grad\/autor\/lorena\/"}]}},"_links":{"self":[{"href":"https:\/\/www.vaillant.de\/21-grad\/wp-json\/wp\/v2\/posts\/5381","targetHints":{"allow":["GET"]}}],"collection":[{"href":"https:\/\/www.vaillant.de\/21-grad\/wp-json\/wp\/v2\/posts"}],"about":[{"href":"https:\/\/www.vaillant.de\/21-grad\/wp-json\/wp\/v2\/types\/post"}],"author":[{"embeddable":true,"href":"https:\/\/www.vaillant.de\/21-grad\/wp-json\/wp\/v2\/users\/26"}],"replies":[{"embeddable":true,"href":"https:\/\/www.vaillant.de\/21-grad\/wp-json\/wp\/v2\/comments?post=5381"}],"version-history":[{"count":8,"href":"https:\/\/www.vaillant.de\/21-grad\/wp-json\/wp\/v2\/posts\/5381\/revisions"}],"predecessor-version":[{"id":5388,"href":"https:\/\/www.vaillant.de\/21-grad\/wp-json\/wp\/v2\/posts\/5381\/revisions\/5388"}],"wp:featuredmedia":[{"embeddable":true,"href":"https:\/\/www.vaillant.de\/21-grad\/wp-json\/wp\/v2\/media\/5380"}],"wp:attachment":[{"href":"https:\/\/www.vaillant.de\/21-grad\/wp-json\/wp\/v2\/media?parent=5381"}],"wp:term":[{"taxonomy":"category","embeddable":true,"href":"https:\/\/www.vaillant.de\/21-grad\/wp-json\/wp\/v2\/categories?post=5381"},{"taxonomy":"post_tag","embeddable":true,"href":"https:\/\/www.vaillant.de\/21-grad\/wp-json\/wp\/v2\/tags?post=5381"},{"taxonomy":"author","embeddable":true,"href":"https:\/\/www.vaillant.de\/21-grad\/wp-json\/wp\/v2\/coauthors?post=5381"}],"curies":[{"name":"wp","href":"https:\/\/api.w.org\/{rel}","templated":true}]}}