{"id":552,"date":"2016-03-30T12:00:29","date_gmt":"2016-03-30T10:00:29","guid":{"rendered":"http:\/\/21-grad.vaillant.de\/?p=552"},"modified":"2021-10-20T16:00:25","modified_gmt":"2021-10-20T14:00:25","slug":"ein-bisschen-gruener-geht-immer","status":"publish","type":"post","link":"https:\/\/www.vaillant.de\/21-grad\/bewusst-und-sein\/ein-bisschen-gruener-geht-immer\/","title":{"rendered":"Ein bisschen gr\u00fcner geht immer"},"content":{"rendered":"<p>Ich spare Wasser, wo ich kann. Meistens jedenfalls. Im Supermarkt greife ich eher zu losem als zu abgepacktem Obst und Gem\u00fcse und achte darauf, dass es nicht um die halbe Welt geflogen wurde. Meinen M\u00fcll trenne ich auch: Neuerdings knibbele ich sogar den Papiermantel von meinem Joghurtbecher, um ihn fachgerecht zu entsorgen. Mit anderen Worten: Ich tue mein Bestes, um m\u00f6glichst gr\u00fcn zu leben. Mehr geht nicht. Oder doch?<\/p>\n<p>Der Selbsttest unter <a href=\"http:\/\/www.mygreenIQ.com\">www.mygreenIQ.com<\/a> soll Aufschluss bringen. Schon bei den ersten Fragen sammele ich fette Minuspunkte. Mobilit\u00e4t ist eindeutig meine Schwachstelle. Es geht ern\u00fcchternd weiter: Verzicht auf Lederprodukte dem Tierschutz zuliebe? Nicht wirklich. Ob ich Produkte meide, die Palm\u00f6l enthalten? \u00c4hm\u2026 Am Ende kommt raus: Ich habe einen Green IQ von 91,5 und bin ein Green Sceptic. Oha. In punkto gr\u00fcnes Verhalten ist also noch jede Menge Luft nach oben.<\/p>\n<p><img loading=\"lazy\" decoding=\"async\" class=\"alignleft wp-image-558 size-medium\" src=\"https:\/\/www.vaillant.de\/21-grad\/wp-content\/uploads\/2016\/03\/Adela_electronics_DE-412x232.jpg\" alt=\"Adela Frankreich\" width=\"412\" height=\"232\" srcset=\"https:\/\/www.vaillant.de\/21-grad\/wp-content\/uploads\/2016\/03\/Adela_electronics_DE-412x232.jpg 412w, https:\/\/www.vaillant.de\/21-grad\/wp-content\/uploads\/2016\/03\/Adela_electronics_DE-768x432.jpg 768w, https:\/\/www.vaillant.de\/21-grad\/wp-content\/uploads\/2016\/03\/Adela_electronics_DE-853x480.jpg 853w, https:\/\/www.vaillant.de\/21-grad\/wp-content\/uploads\/2016\/03\/Adela_electronics_DE.jpg 1920w\" sizes=\"auto, (max-width: 412px) 100vw, 412px\" \/>F\u00fcr die europaweit erste Studie zu gr\u00fcner Intelligenz haben <a href=\"https:\/\/www.vaillant-group.com\/\" target=\"_blank\" rel=\"noopener noreferrer\">Vaillant<\/a> und <a href=\"http:\/\/www.tns-infratest.com\/\" target=\"_blank\" rel=\"noopener noreferrer\">TNS Infratest<\/a> rund 13.000 Menschen in 13 L\u00e4ndern zu ihrem Alltagsverhalten befragt. Auf Grundlage von \u00fcber 100 Fragen aus Bereichen wie Mobilit\u00e4t, Einkaufsgewohnheiten oder Energie- und Heizverhalten wurde der gr\u00fcne Intelligenzquotient, der Green IQ,\u00a0 berechnet. Das Ergebnis: Die T\u00fcrkei, \u00d6sterreich und Italien sind Spitzenreiter in Sachen Nachhaltigkeit, das Schlusslicht im internationalen Vergleich bilden Gro\u00dfbritannien, Russland und Polen. \u00dcberraschend: Deutschland belegt den 7. Rang und ist damit nur gr\u00fcnes Mittelma\u00df. Immerhin scheinen die meisten hierzulande den Slogan \u201eJute statt Plastik\u201c inzwischen verinnerlicht zu haben. Acht von zehn Befragten nehmen immer wiederverwendbare K\u00f6rbe oder Taschen mit zum Einkaufen. Top sind wir Deutschen auch beim Wassersparen. 83 Prozent schalten beim Z\u00e4hneputzen stets den Wasserhahn ab. Beim M\u00fclltrennen ist Deutschland ebenfalls vorbildlich und belegt Platz 2, nur in Belgien ist die \u201eTrennungsrate\u201c noch h\u00f6her. Dagegen h\u00f6rt der Spa\u00df f\u00fcr viele auf, wenn es an den Geldbeutel geht. Nur etwa jeder elfte Deutsche ist beispielsweise bereit, mehr f\u00fcr fair gehandelte Produkte zu bezahlen. Insgesamt scheint es mit dem \u201egr\u00fcnen Gewissen\u201c nicht weit her zu sein. Lediglich rund zehn Prozent der Befragten geben an, ihr Konsumverhalten in den letzten Jahren aufgrund von Klimaerw\u00e4rmung, Reaktorunf\u00e4llen und Lebensmittel-skandalen bewusst ge\u00e4ndert zu haben.<\/p>\n<p><img loading=\"lazy\" decoding=\"async\" class=\"alignright size-medium wp-image-560\" src=\"https:\/\/www.vaillant.de\/21-grad\/wp-content\/uploads\/2016\/03\/Lukas_DE-412x232.jpg\" alt=\"\" width=\"412\" height=\"232\" srcset=\"https:\/\/www.vaillant.de\/21-grad\/wp-content\/uploads\/2016\/03\/Lukas_DE-412x232.jpg 412w, https:\/\/www.vaillant.de\/21-grad\/wp-content\/uploads\/2016\/03\/Lukas_DE-768x432.jpg 768w, https:\/\/www.vaillant.de\/21-grad\/wp-content\/uploads\/2016\/03\/Lukas_DE-853x480.jpg 853w, https:\/\/www.vaillant.de\/21-grad\/wp-content\/uploads\/2016\/03\/Lukas_DE.jpg 1920w\" sizes=\"auto, (max-width: 412px) 100vw, 412px\" \/>Spannend ist auch ein Blick auf die anderen L\u00e4nder. So sind ausgerechnet die Italiener die umweltfreundlichsten Autofahrer, \u00d6sterreicher kaufen die meisten Bio-Eier und in den Niederlanden ist der Anteil derjenigen am h\u00f6chsten, die auf\u00a0 Coffee-to-go und andere Produkte zum Mitnehmen verzichten. Tats\u00e4chlich scheint fast jedes Land sein eigenes \u201egr\u00fcnes Steckenpferd\u201c zu haben. Drei von vier Franzosen nutzen elektronische Ger\u00e4te beispielsweise so lange, bis sie kaputt gehen und ersetzen sie erst dann. In der T\u00fcrkei ist der Anteil der \u00fcberzeugten Veganer mit neun Prozent am h\u00f6chsten.<\/p>\n<p>Dar\u00fcber, dass immer noch ein bisschen mehr geht, herrscht l\u00e4nder\u00fcbergreifend gro\u00dfe Einigkeit. Zwei Drittel aller Befragten glauben, im t\u00e4glichen Leben mehr tun zu k\u00f6nnen, um die Umwelt zu schonen.<\/p>\n<p>So wie ich. Ich nehme mir fest vor, ab sofort noch bewusster einzukaufen, auf meinen Energieverbrauch zu achten und zumindest f\u00fcr kurze Strecken \u00f6fter mal das Fahrrad zu nehmen. Und in ein paar Wochen mache ich den Test nochmal.<\/p>\n<p><strong><a href=\"http:\/\/selbsttest.mygreeniq.com\/index.html?lng=de\" target=\"_blank\" rel=\"noopener noreferrer\">Macht jetzt auch den Selbsttest!<\/a><\/strong><\/p>\n","protected":false},"excerpt":{"rendered":"<p>Die T\u00fcrken leben am umweltfreundlichsten, Deutsche sind dagegen nur gr\u00fcnes Mittelma\u00df \u2013 das hat eine internationale Studie ergeben. Und ich? Bin ich ein gr\u00fcner Superheld oder geht da noch was? Der Selbsttest bringt die Wahrheit ans Licht.<\/p>\n","protected":false},"author":6,"featured_media":555,"comment_status":"open","ping_status":"open","sticky":false,"template":"","format":"standard","meta":{"footnotes":""},"categories":[5],"tags":[106,86,171,23],"coauthors":[70],"class_list":["post-552","post","type-post","status-publish","format-standard","has-post-thumbnail","hentry","category-bewusst-und-sein","tag-konsum","tag-leben","tag-lifestyle","tag-nachhaltigkeit"],"yoast_head":"<!-- This site is optimized with the Yoast SEO plugin v27.4 - https:\/\/yoast.com\/product\/yoast-seo-wordpress\/ -->\n<title>Green-Iq-Selbsttest: Wie gr\u00fcn bist du? | 21 grad<\/title>\n<meta name=\"description\" content=\"Vaillant-Studie ergibt: Die T\u00fcrkei ist das umweltbewussteste Land Eurupas, Deutschland eher Mittelklasse. Und wie gr\u00fcn bist du? \u27a8 Finde es heraus!\" \/>\n<meta name=\"robots\" content=\"index, follow, max-snippet:-1, max-image-preview:large, max-video-preview:-1\" \/>\n<link rel=\"canonical\" href=\"https:\/\/www.vaillant.de\/21-grad\/bewusst-und-sein\/ein-bisschen-gruener-geht-immer\/\" \/>\n<meta property=\"og:locale\" content=\"de_DE\" \/>\n<meta property=\"og:type\" content=\"article\" \/>\n<meta property=\"og:title\" content=\"Green-Iq-Selbsttest: Wie gr\u00fcn bist du? | 21 grad\" \/>\n<meta property=\"og:description\" content=\"Vaillant-Studie ergibt: Die T\u00fcrkei ist das umweltbewussteste Land Eurupas, Deutschland eher Mittelklasse. Und wie gr\u00fcn bist du? \u27a8 Finde es heraus!\" \/>\n<meta property=\"og:url\" content=\"https:\/\/www.vaillant.de\/21-grad\/bewusst-und-sein\/ein-bisschen-gruener-geht-immer\/\" \/>\n<meta property=\"og:site_name\" content=\"21 grad\" \/>\n<meta property=\"article:publisher\" content=\"https:\/\/www.facebook.com\/21grad\/\" \/>\n<meta property=\"article:published_time\" content=\"2016-03-30T10:00:29+00:00\" \/>\n<meta property=\"article:modified_time\" content=\"2021-10-20T14:00:25+00:00\" \/>\n<meta property=\"og:image\" content=\"https:\/\/www.vaillant.de\/21-grad\/wp-content\/uploads\/2016\/03\/Titelbild-Blog-Green-iQ-Studie.png\" \/>\n\t<meta property=\"og:image:width\" content=\"940\" \/>\n\t<meta property=\"og:image:height\" content=\"480\" \/>\n\t<meta property=\"og:image:type\" content=\"image\/png\" \/>\n<meta name=\"author\" content=\"Marcus\" \/>\n<meta name=\"twitter:card\" content=\"summary_large_image\" \/>\n<meta name=\"twitter:creator\" content=\"@vaillant_de\" \/>\n<meta name=\"twitter:site\" content=\"@vaillant_de\" \/>\n<meta name=\"twitter:label1\" content=\"Verfasst von\" \/>\n\t<meta name=\"twitter:data1\" content=\"Marcus\" \/>\n\t<meta name=\"twitter:label2\" content=\"Gesch\u00e4tzte Lesezeit\" \/>\n\t<meta name=\"twitter:data2\" content=\"3\u00a0Minuten\" \/>\n\t<meta name=\"twitter:label3\" content=\"Written by\" \/>\n\t<meta name=\"twitter:data3\" content=\"Marcus\" \/>\n<script type=\"application\/ld+json\" class=\"yoast-schema-graph\">{\"@context\":\"https:\\\/\\\/schema.org\",\"@graph\":[{\"@type\":\"Article\",\"@id\":\"https:\\\/\\\/www.vaillant.de\\\/21-grad\\\/bewusst-und-sein\\\/ein-bisschen-gruener-geht-immer\\\/#article\",\"isPartOf\":{\"@id\":\"https:\\\/\\\/www.vaillant.de\\\/21-grad\\\/bewusst-und-sein\\\/ein-bisschen-gruener-geht-immer\\\/\"},\"author\":{\"name\":\"Marcus\",\"@id\":\"https:\\\/\\\/www.vaillant.de\\\/21-grad\\\/#\\\/schema\\\/person\\\/d79d2ba98cd3da7ae5877706050352da\"},\"headline\":\"Ein bisschen gr\u00fcner geht immer\",\"datePublished\":\"2016-03-30T10:00:29+00:00\",\"dateModified\":\"2021-10-20T14:00:25+00:00\",\"mainEntityOfPage\":{\"@id\":\"https:\\\/\\\/www.vaillant.de\\\/21-grad\\\/bewusst-und-sein\\\/ein-bisschen-gruener-geht-immer\\\/\"},\"wordCount\":544,\"commentCount\":2,\"image\":{\"@id\":\"https:\\\/\\\/www.vaillant.de\\\/21-grad\\\/bewusst-und-sein\\\/ein-bisschen-gruener-geht-immer\\\/#primaryimage\"},\"thumbnailUrl\":\"https:\\\/\\\/www.vaillant.de\\\/21-grad\\\/wp-content\\\/uploads\\\/2016\\\/03\\\/Titelbild-Blog-Green-iQ-Studie.png\",\"keywords\":[\"Konsum\",\"Leben\",\"Lifestyle\",\"Nachhaltigkeit\"],\"articleSection\":[\"Bewusst &amp; Sein\"],\"inLanguage\":\"de\",\"potentialAction\":[{\"@type\":\"CommentAction\",\"name\":\"Comment\",\"target\":[\"https:\\\/\\\/www.vaillant.de\\\/21-grad\\\/bewusst-und-sein\\\/ein-bisschen-gruener-geht-immer\\\/#respond\"]}]},{\"@type\":\"WebPage\",\"@id\":\"https:\\\/\\\/www.vaillant.de\\\/21-grad\\\/bewusst-und-sein\\\/ein-bisschen-gruener-geht-immer\\\/\",\"url\":\"https:\\\/\\\/www.vaillant.de\\\/21-grad\\\/bewusst-und-sein\\\/ein-bisschen-gruener-geht-immer\\\/\",\"name\":\"Green-Iq-Selbsttest: Wie gr\u00fcn bist du? | 21 grad\",\"isPartOf\":{\"@id\":\"https:\\\/\\\/www.vaillant.de\\\/21-grad\\\/#website\"},\"primaryImageOfPage\":{\"@id\":\"https:\\\/\\\/www.vaillant.de\\\/21-grad\\\/bewusst-und-sein\\\/ein-bisschen-gruener-geht-immer\\\/#primaryimage\"},\"image\":{\"@id\":\"https:\\\/\\\/www.vaillant.de\\\/21-grad\\\/bewusst-und-sein\\\/ein-bisschen-gruener-geht-immer\\\/#primaryimage\"},\"thumbnailUrl\":\"https:\\\/\\\/www.vaillant.de\\\/21-grad\\\/wp-content\\\/uploads\\\/2016\\\/03\\\/Titelbild-Blog-Green-iQ-Studie.png\",\"datePublished\":\"2016-03-30T10:00:29+00:00\",\"dateModified\":\"2021-10-20T14:00:25+00:00\",\"author\":{\"@id\":\"https:\\\/\\\/www.vaillant.de\\\/21-grad\\\/#\\\/schema\\\/person\\\/d79d2ba98cd3da7ae5877706050352da\"},\"description\":\"Vaillant-Studie ergibt: Die T\u00fcrkei ist das umweltbewussteste Land Eurupas, Deutschland eher Mittelklasse. Und wie gr\u00fcn bist du? \u27a8 Finde es heraus!\",\"breadcrumb\":{\"@id\":\"https:\\\/\\\/www.vaillant.de\\\/21-grad\\\/bewusst-und-sein\\\/ein-bisschen-gruener-geht-immer\\\/#breadcrumb\"},\"inLanguage\":\"de\",\"potentialAction\":[{\"@type\":\"ReadAction\",\"target\":[\"https:\\\/\\\/www.vaillant.de\\\/21-grad\\\/bewusst-und-sein\\\/ein-bisschen-gruener-geht-immer\\\/\"]}]},{\"@type\":\"ImageObject\",\"inLanguage\":\"de\",\"@id\":\"https:\\\/\\\/www.vaillant.de\\\/21-grad\\\/bewusst-und-sein\\\/ein-bisschen-gruener-geht-immer\\\/#primaryimage\",\"url\":\"https:\\\/\\\/www.vaillant.de\\\/21-grad\\\/wp-content\\\/uploads\\\/2016\\\/03\\\/Titelbild-Blog-Green-iQ-Studie.png\",\"contentUrl\":\"https:\\\/\\\/www.vaillant.de\\\/21-grad\\\/wp-content\\\/uploads\\\/2016\\\/03\\\/Titelbild-Blog-Green-iQ-Studie.png\",\"width\":940,\"height\":480,\"caption\":\"Green iQ Studie\"},{\"@type\":\"BreadcrumbList\",\"@id\":\"https:\\\/\\\/www.vaillant.de\\\/21-grad\\\/bewusst-und-sein\\\/ein-bisschen-gruener-geht-immer\\\/#breadcrumb\",\"itemListElement\":[{\"@type\":\"ListItem\",\"position\":1,\"name\":\"Startseite\",\"item\":\"https:\\\/\\\/www.vaillant.de\\\/21-grad\\\/\"},{\"@type\":\"ListItem\",\"position\":2,\"name\":\"Ein bisschen gr\u00fcner geht immer\"}]},{\"@type\":\"WebSite\",\"@id\":\"https:\\\/\\\/www.vaillant.de\\\/21-grad\\\/#website\",\"url\":\"https:\\\/\\\/www.vaillant.de\\\/21-grad\\\/\",\"name\":\"21 grad\",\"description\":\"Der Blog f\u00fcr Menschen, die weiterdenken\",\"potentialAction\":[{\"@type\":\"SearchAction\",\"target\":{\"@type\":\"EntryPoint\",\"urlTemplate\":\"https:\\\/\\\/www.vaillant.de\\\/21-grad\\\/?s={search_term_string}\"},\"query-input\":{\"@type\":\"PropertyValueSpecification\",\"valueRequired\":true,\"valueName\":\"search_term_string\"}}],\"inLanguage\":\"de\"},{\"@type\":\"Person\",\"@id\":\"https:\\\/\\\/www.vaillant.de\\\/21-grad\\\/#\\\/schema\\\/person\\\/d79d2ba98cd3da7ae5877706050352da\",\"name\":\"Marcus\",\"image\":{\"@type\":\"ImageObject\",\"inLanguage\":\"de\",\"@id\":\"https:\\\/\\\/www.vaillant.de\\\/21-grad\\\/wp-content\\\/uploads\\\/2026\\\/01\\\/Marcus-125x125.jpg9d3430f1bc55d5a5d47a1162a14ae1af\",\"url\":\"https:\\\/\\\/www.vaillant.de\\\/21-grad\\\/wp-content\\\/uploads\\\/2026\\\/01\\\/Marcus-125x125.jpg\",\"contentUrl\":\"https:\\\/\\\/www.vaillant.de\\\/21-grad\\\/wp-content\\\/uploads\\\/2026\\\/01\\\/Marcus-125x125.jpg\",\"caption\":\"Marcus\"},\"description\":\"Willkommen in der wunderbaren Welt des 21grad Blogs. Als Medien- und Kooperationsmanager bin ich bei Vaillant Deutschland u.a. f\u00fcr unsere Fach- und Branchenkommunikation zust\u00e4ndig. Ich freue mich auf den Dialog mit Euch. :-) Nachhaltigkeit Bewusster Konsum und soziales Engagement liegen mir sehr am Herzen. Zuhause nutze ich \u00d6kostrom und Biogas, bei Lebensmitteln sind mir Labels wie Fair-Trade oder Bio sehr wichtig. Ich bin Sportwart beim Tennisclub Gr\u00fcn-Wei\u00df Lennep und engagiere mich auch f\u00fcr Aktion Mensch oder SOS-Kinderdorf. Interessen Unternehmungen mit Familie und Freunden, Tennis, Rock-Konzerte, Kino, B\u00fccher (z.B. Hornby, Eschbach, Uschmann) Was wolltest du als Kind gerne werden? Um es mit den \u00c4rzten zu sagen: Popstar, Bademeister oder Astronaut Was bringt dich auf die Palme? Menschen, die Schuld immer bei anderen suchen oder auch nat\u00fcrlich eine leckere Kokosnuss Was war der beste Rat, den du jemals erhalten hast? \u201eDenke in L\u00f6sungen, nicht in Problemen.\u201c\",\"url\":\"https:\\\/\\\/www.vaillant.de\\\/21-grad\\\/autor\\\/marcus\\\/\"}]}<\/script>\n<!-- \/ Yoast SEO plugin. -->","yoast_head_json":{"title":"Green-Iq-Selbsttest: Wie gr\u00fcn bist du? | 21 grad","description":"Vaillant-Studie ergibt: Die T\u00fcrkei ist das umweltbewussteste Land Eurupas, Deutschland eher Mittelklasse. Und wie gr\u00fcn bist du? \u27a8 Finde es heraus!","robots":{"index":"index","follow":"follow","max-snippet":"max-snippet:-1","max-image-preview":"max-image-preview:large","max-video-preview":"max-video-preview:-1"},"canonical":"https:\/\/www.vaillant.de\/21-grad\/bewusst-und-sein\/ein-bisschen-gruener-geht-immer\/","og_locale":"de_DE","og_type":"article","og_title":"Green-Iq-Selbsttest: Wie gr\u00fcn bist du? | 21 grad","og_description":"Vaillant-Studie ergibt: Die T\u00fcrkei ist das umweltbewussteste Land Eurupas, Deutschland eher Mittelklasse. Und wie gr\u00fcn bist du? \u27a8 Finde es heraus!","og_url":"https:\/\/www.vaillant.de\/21-grad\/bewusst-und-sein\/ein-bisschen-gruener-geht-immer\/","og_site_name":"21 grad","article_publisher":"https:\/\/www.facebook.com\/21grad\/","article_published_time":"2016-03-30T10:00:29+00:00","article_modified_time":"2021-10-20T14:00:25+00:00","og_image":[{"width":940,"height":480,"url":"https:\/\/www.vaillant.de\/21-grad\/wp-content\/uploads\/2016\/03\/Titelbild-Blog-Green-iQ-Studie.png","type":"image\/png"}],"author":"Marcus","twitter_card":"summary_large_image","twitter_creator":"@vaillant_de","twitter_site":"@vaillant_de","twitter_misc":{"Verfasst von":"Marcus","Gesch\u00e4tzte Lesezeit":"3\u00a0Minuten","Written by":"Marcus"},"schema":{"@context":"https:\/\/schema.org","@graph":[{"@type":"Article","@id":"https:\/\/www.vaillant.de\/21-grad\/bewusst-und-sein\/ein-bisschen-gruener-geht-immer\/#article","isPartOf":{"@id":"https:\/\/www.vaillant.de\/21-grad\/bewusst-und-sein\/ein-bisschen-gruener-geht-immer\/"},"author":{"name":"Marcus","@id":"https:\/\/www.vaillant.de\/21-grad\/#\/schema\/person\/d79d2ba98cd3da7ae5877706050352da"},"headline":"Ein bisschen gr\u00fcner geht immer","datePublished":"2016-03-30T10:00:29+00:00","dateModified":"2021-10-20T14:00:25+00:00","mainEntityOfPage":{"@id":"https:\/\/www.vaillant.de\/21-grad\/bewusst-und-sein\/ein-bisschen-gruener-geht-immer\/"},"wordCount":544,"commentCount":2,"image":{"@id":"https:\/\/www.vaillant.de\/21-grad\/bewusst-und-sein\/ein-bisschen-gruener-geht-immer\/#primaryimage"},"thumbnailUrl":"https:\/\/www.vaillant.de\/21-grad\/wp-content\/uploads\/2016\/03\/Titelbild-Blog-Green-iQ-Studie.png","keywords":["Konsum","Leben","Lifestyle","Nachhaltigkeit"],"articleSection":["Bewusst &amp; Sein"],"inLanguage":"de","potentialAction":[{"@type":"CommentAction","name":"Comment","target":["https:\/\/www.vaillant.de\/21-grad\/bewusst-und-sein\/ein-bisschen-gruener-geht-immer\/#respond"]}]},{"@type":"WebPage","@id":"https:\/\/www.vaillant.de\/21-grad\/bewusst-und-sein\/ein-bisschen-gruener-geht-immer\/","url":"https:\/\/www.vaillant.de\/21-grad\/bewusst-und-sein\/ein-bisschen-gruener-geht-immer\/","name":"Green-Iq-Selbsttest: Wie gr\u00fcn bist du? | 21 grad","isPartOf":{"@id":"https:\/\/www.vaillant.de\/21-grad\/#website"},"primaryImageOfPage":{"@id":"https:\/\/www.vaillant.de\/21-grad\/bewusst-und-sein\/ein-bisschen-gruener-geht-immer\/#primaryimage"},"image":{"@id":"https:\/\/www.vaillant.de\/21-grad\/bewusst-und-sein\/ein-bisschen-gruener-geht-immer\/#primaryimage"},"thumbnailUrl":"https:\/\/www.vaillant.de\/21-grad\/wp-content\/uploads\/2016\/03\/Titelbild-Blog-Green-iQ-Studie.png","datePublished":"2016-03-30T10:00:29+00:00","dateModified":"2021-10-20T14:00:25+00:00","author":{"@id":"https:\/\/www.vaillant.de\/21-grad\/#\/schema\/person\/d79d2ba98cd3da7ae5877706050352da"},"description":"Vaillant-Studie ergibt: Die T\u00fcrkei ist das umweltbewussteste Land Eurupas, Deutschland eher Mittelklasse. Und wie gr\u00fcn bist du? \u27a8 Finde es heraus!","breadcrumb":{"@id":"https:\/\/www.vaillant.de\/21-grad\/bewusst-und-sein\/ein-bisschen-gruener-geht-immer\/#breadcrumb"},"inLanguage":"de","potentialAction":[{"@type":"ReadAction","target":["https:\/\/www.vaillant.de\/21-grad\/bewusst-und-sein\/ein-bisschen-gruener-geht-immer\/"]}]},{"@type":"ImageObject","inLanguage":"de","@id":"https:\/\/www.vaillant.de\/21-grad\/bewusst-und-sein\/ein-bisschen-gruener-geht-immer\/#primaryimage","url":"https:\/\/www.vaillant.de\/21-grad\/wp-content\/uploads\/2016\/03\/Titelbild-Blog-Green-iQ-Studie.png","contentUrl":"https:\/\/www.vaillant.de\/21-grad\/wp-content\/uploads\/2016\/03\/Titelbild-Blog-Green-iQ-Studie.png","width":940,"height":480,"caption":"Green iQ Studie"},{"@type":"BreadcrumbList","@id":"https:\/\/www.vaillant.de\/21-grad\/bewusst-und-sein\/ein-bisschen-gruener-geht-immer\/#breadcrumb","itemListElement":[{"@type":"ListItem","position":1,"name":"Startseite","item":"https:\/\/www.vaillant.de\/21-grad\/"},{"@type":"ListItem","position":2,"name":"Ein bisschen gr\u00fcner geht immer"}]},{"@type":"WebSite","@id":"https:\/\/www.vaillant.de\/21-grad\/#website","url":"https:\/\/www.vaillant.de\/21-grad\/","name":"21 grad","description":"Der Blog f\u00fcr Menschen, die weiterdenken","potentialAction":[{"@type":"SearchAction","target":{"@type":"EntryPoint","urlTemplate":"https:\/\/www.vaillant.de\/21-grad\/?s={search_term_string}"},"query-input":{"@type":"PropertyValueSpecification","valueRequired":true,"valueName":"search_term_string"}}],"inLanguage":"de"},{"@type":"Person","@id":"https:\/\/www.vaillant.de\/21-grad\/#\/schema\/person\/d79d2ba98cd3da7ae5877706050352da","name":"Marcus","image":{"@type":"ImageObject","inLanguage":"de","@id":"https:\/\/www.vaillant.de\/21-grad\/wp-content\/uploads\/2026\/01\/Marcus-125x125.jpg9d3430f1bc55d5a5d47a1162a14ae1af","url":"https:\/\/www.vaillant.de\/21-grad\/wp-content\/uploads\/2026\/01\/Marcus-125x125.jpg","contentUrl":"https:\/\/www.vaillant.de\/21-grad\/wp-content\/uploads\/2026\/01\/Marcus-125x125.jpg","caption":"Marcus"},"description":"Willkommen in der wunderbaren Welt des 21grad Blogs. Als Medien- und Kooperationsmanager bin ich bei Vaillant Deutschland u.a. f\u00fcr unsere Fach- und Branchenkommunikation zust\u00e4ndig. Ich freue mich auf den Dialog mit Euch. :-) Nachhaltigkeit Bewusster Konsum und soziales Engagement liegen mir sehr am Herzen. Zuhause nutze ich \u00d6kostrom und Biogas, bei Lebensmitteln sind mir Labels wie Fair-Trade oder Bio sehr wichtig. Ich bin Sportwart beim Tennisclub Gr\u00fcn-Wei\u00df Lennep und engagiere mich auch f\u00fcr Aktion Mensch oder SOS-Kinderdorf. Interessen Unternehmungen mit Familie und Freunden, Tennis, Rock-Konzerte, Kino, B\u00fccher (z.B. Hornby, Eschbach, Uschmann) Was wolltest du als Kind gerne werden? Um es mit den \u00c4rzten zu sagen: Popstar, Bademeister oder Astronaut Was bringt dich auf die Palme? Menschen, die Schuld immer bei anderen suchen oder auch nat\u00fcrlich eine leckere Kokosnuss Was war der beste Rat, den du jemals erhalten hast? \u201eDenke in L\u00f6sungen, nicht in Problemen.\u201c","url":"https:\/\/www.vaillant.de\/21-grad\/autor\/marcus\/"}]}},"_links":{"self":[{"href":"https:\/\/www.vaillant.de\/21-grad\/wp-json\/wp\/v2\/posts\/552","targetHints":{"allow":["GET"]}}],"collection":[{"href":"https:\/\/www.vaillant.de\/21-grad\/wp-json\/wp\/v2\/posts"}],"about":[{"href":"https:\/\/www.vaillant.de\/21-grad\/wp-json\/wp\/v2\/types\/post"}],"author":[{"embeddable":true,"href":"https:\/\/www.vaillant.de\/21-grad\/wp-json\/wp\/v2\/users\/6"}],"replies":[{"embeddable":true,"href":"https:\/\/www.vaillant.de\/21-grad\/wp-json\/wp\/v2\/comments?post=552"}],"version-history":[{"count":7,"href":"https:\/\/www.vaillant.de\/21-grad\/wp-json\/wp\/v2\/posts\/552\/revisions"}],"predecessor-version":[{"id":6735,"href":"https:\/\/www.vaillant.de\/21-grad\/wp-json\/wp\/v2\/posts\/552\/revisions\/6735"}],"wp:featuredmedia":[{"embeddable":true,"href":"https:\/\/www.vaillant.de\/21-grad\/wp-json\/wp\/v2\/media\/555"}],"wp:attachment":[{"href":"https:\/\/www.vaillant.de\/21-grad\/wp-json\/wp\/v2\/media?parent=552"}],"wp:term":[{"taxonomy":"category","embeddable":true,"href":"https:\/\/www.vaillant.de\/21-grad\/wp-json\/wp\/v2\/categories?post=552"},{"taxonomy":"post_tag","embeddable":true,"href":"https:\/\/www.vaillant.de\/21-grad\/wp-json\/wp\/v2\/tags?post=552"},{"taxonomy":"author","embeddable":true,"href":"https:\/\/www.vaillant.de\/21-grad\/wp-json\/wp\/v2\/coauthors?post=552"}],"curies":[{"name":"wp","href":"https:\/\/api.w.org\/{rel}","templated":true}]}}