{"id":5660,"date":"2020-11-10T15:02:12","date_gmt":"2020-11-10T14:02:12","guid":{"rendered":"https:\/\/www.vaillant.de\/21-grad\/?p=5660"},"modified":"2021-07-22T15:54:10","modified_gmt":"2021-07-22T13:54:10","slug":"traumhaftes-wohnen-my-home-is-my-garden","status":"publish","type":"post","link":"https:\/\/www.vaillant.de\/21-grad\/bewusst-und-sein\/traumhaftes-wohnen-my-home-is-my-garden\/","title":{"rendered":"Traumhaftes Wohnen \u2013 \u201eMy Home is my garden\u201d"},"content":{"rendered":"<div id=\"attachment_5664\" style=\"width: 239px\" class=\"wp-caption alignright\"><a href=\"https:\/\/www.vaillant.de\/21-grad\/wp-content\/uploads\/2020\/10\/Das-Geba\u0308ude-spiegelt-seine-gru\u0308ne-Umgebung-wider.-\u00a9HuftonCrow.jpg\"><img loading=\"lazy\" decoding=\"async\" aria-describedby=\"caption-attachment-5664\" class=\"wp-image-5664 size-medium\" src=\"https:\/\/www.vaillant.de\/21-grad\/wp-content\/uploads\/2020\/10\/Das-Geba\u0308ude-spiegelt-seine-gru\u0308ne-Umgebung-wider.-\u00a9HuftonCrow-229x232.jpg\" alt=\"Das Geba\u0308ude spiegelt seine gru\u0308ne Umgebung wider. \u00a9Hufton+Crow\" width=\"229\" height=\"232\" srcset=\"https:\/\/www.vaillant.de\/21-grad\/wp-content\/uploads\/2020\/10\/Das-Geba\u0308ude-spiegelt-seine-gru\u0308ne-Umgebung-wider.-\u00a9HuftonCrow-229x232.jpg 229w, https:\/\/www.vaillant.de\/21-grad\/wp-content\/uploads\/2020\/10\/Das-Geba\u0308ude-spiegelt-seine-gru\u0308ne-Umgebung-wider.-\u00a9HuftonCrow-474x480.jpg 474w, https:\/\/www.vaillant.de\/21-grad\/wp-content\/uploads\/2020\/10\/Das-Geba\u0308ude-spiegelt-seine-gru\u0308ne-Umgebung-wider.-\u00a9HuftonCrow-768x777.jpg 768w, https:\/\/www.vaillant.de\/21-grad\/wp-content\/uploads\/2020\/10\/Das-Geba\u0308ude-spiegelt-seine-gru\u0308ne-Umgebung-wider.-\u00a9HuftonCrow-1518x1536.jpg 1518w, https:\/\/www.vaillant.de\/21-grad\/wp-content\/uploads\/2020\/10\/Das-Geba\u0308ude-spiegelt-seine-gru\u0308ne-Umgebung-wider.-\u00a9HuftonCrow.jpg 1977w\" sizes=\"auto, (max-width: 229px) 100vw, 229px\" \/><\/a><p id=\"caption-attachment-5664\" class=\"wp-caption-text\">Das Geba\u0308ude spiegelt seine gru\u0308ne Umgebung wider. \u00a9Hufton+Crow<\/p><\/div>\n<p>Lee Kuan Yew sah Singapur als \u201eStadt in einem Garten\u201c. Heute, 50 Jahre sp\u00e4ter, ist aus der Vision des langj\u00e4hrigen und inzwischen verstorbenen Premierministers des Stadtstaats ein St\u00fcck weit Wirklichkeit geworden: Die Londoner Architekten um Thomas Heatherwick, Gr\u00fcnder von Heatherwick Studio, entwarfen mit dem \u201eEden\u201c einen Wohnturm, der sich von den typischen Glas- und Stahlt\u00fcrmen in den Metropolen dieser Welt radikal abkehrt.<\/p>\n<h2>Wohnraum, umgeben von tropisch bepflanzten Gartenbalkonen<\/h2>\n<p>In der Lobby des 105 m hohen Geb\u00e4udes befindet sich ein Garten, der die \u00fcppige tropische Umgebung der Orchard Road im Stadtteil Newton aufgreift. Und nicht nur die 18 m hohe die Lobby: Jedes der 20 Apartments besitzt einen gro\u00dfen Wohnraum, der von kleineren Zimmern und breiten, schalenartigen Balkonen umgeben ist. Schalen, die sich hervorragend eignen, um auch sie zu begr\u00fcnen.<\/p>\n\n\t\t<style type=\"text\/css\">\n\t\t\t#gallery-1 {\n\t\t\t\tmargin: auto;\n\t\t\t}\n\t\t\t#gallery-1 .gallery-item {\n\t\t\t\tfloat: left;\n\t\t\t\tmargin-top: 10px;\n\t\t\t\ttext-align: center;\n\t\t\t\twidth: 25%;\n\t\t\t}\n\t\t\t#gallery-1 img {\n\t\t\t\tborder: 2px solid #cfcfcf;\n\t\t\t}\n\t\t\t#gallery-1 .gallery-caption {\n\t\t\t\tmargin-left: 0;\n\t\t\t}\n\t\t\t\/* see gallery_shortcode() in wp-includes\/media.php *\/\n\t\t<\/style>\n\t\t<div id='gallery-1' class='gallery galleryid-5660 gallery-columns-4 gallery-size-thumbnail'><dl class='gallery-item'>\n\t\t\t<dt class='gallery-icon portrait'>\n\t\t\t\t<a href='https:\/\/www.vaillant.de\/21-grad\/wp-content\/uploads\/2020\/10\/Ein-Spaziergang-im-Gru\u0308nen-mitten-in-der-Stadt.-\u00a9HuftonCrow.jpg'><img loading=\"lazy\" decoding=\"async\" width=\"150\" height=\"150\" src=\"https:\/\/www.vaillant.de\/21-grad\/wp-content\/uploads\/2020\/10\/Ein-Spaziergang-im-Gru\u0308nen-mitten-in-der-Stadt.-\u00a9HuftonCrow-150x150.jpg\" class=\"attachment-thumbnail size-thumbnail\" alt=\"Ein Spaziergang im Gru\u0308nen - mitten in der Stadt. \u00a9Hufton+Crow\" aria-describedby=\"gallery-1-5668\" srcset=\"https:\/\/www.vaillant.de\/21-grad\/wp-content\/uploads\/2020\/10\/Ein-Spaziergang-im-Gru\u0308nen-mitten-in-der-Stadt.-\u00a9HuftonCrow-150x150.jpg 150w, https:\/\/www.vaillant.de\/21-grad\/wp-content\/uploads\/2020\/10\/Ein-Spaziergang-im-Gru\u0308nen-mitten-in-der-Stadt.-\u00a9HuftonCrow-231x232.jpg 231w, https:\/\/www.vaillant.de\/21-grad\/wp-content\/uploads\/2020\/10\/Ein-Spaziergang-im-Gru\u0308nen-mitten-in-der-Stadt.-\u00a9HuftonCrow-478x480.jpg 478w, https:\/\/www.vaillant.de\/21-grad\/wp-content\/uploads\/2020\/10\/Ein-Spaziergang-im-Gru\u0308nen-mitten-in-der-Stadt.-\u00a9HuftonCrow-768x771.jpg 768w, https:\/\/www.vaillant.de\/21-grad\/wp-content\/uploads\/2020\/10\/Ein-Spaziergang-im-Gru\u0308nen-mitten-in-der-Stadt.-\u00a9HuftonCrow-1530x1536.jpg 1530w, https:\/\/www.vaillant.de\/21-grad\/wp-content\/uploads\/2020\/10\/Ein-Spaziergang-im-Gru\u0308nen-mitten-in-der-Stadt.-\u00a9HuftonCrow-320x320.jpg 320w, https:\/\/www.vaillant.de\/21-grad\/wp-content\/uploads\/2020\/10\/Ein-Spaziergang-im-Gru\u0308nen-mitten-in-der-Stadt.-\u00a9HuftonCrow-125x125.jpg 125w, https:\/\/www.vaillant.de\/21-grad\/wp-content\/uploads\/2020\/10\/Ein-Spaziergang-im-Gru\u0308nen-mitten-in-der-Stadt.-\u00a9HuftonCrow.jpg 1992w\" sizes=\"auto, (max-width: 150px) 100vw, 150px\" \/><\/a>\n\t\t\t<\/dt>\n\t\t\t\t<dd class='wp-caption-text gallery-caption' id='gallery-1-5668'>\n\t\t\t\tEin Spaziergang im Gru\u0308nen &#8211; mitten in der Stadt.\n\t\t\t\t<\/dd><\/dl><dl class='gallery-item'>\n\t\t\t<dt class='gallery-icon landscape'>\n\t\t\t\t<a href='https:\/\/www.vaillant.de\/21-grad\/wp-content\/uploads\/2020\/10\/Die-Betonoberfla\u0308che-greif-die-Topographie-des-Stadtstaates-auf.-\u00a9HuftonCrow.jpg'><img loading=\"lazy\" decoding=\"async\" width=\"150\" height=\"150\" src=\"https:\/\/www.vaillant.de\/21-grad\/wp-content\/uploads\/2020\/10\/Die-Betonoberfla\u0308che-greif-die-Topographie-des-Stadtstaates-auf.-\u00a9HuftonCrow-150x150.jpg\" class=\"attachment-thumbnail size-thumbnail\" alt=\"Die Betonoberfla\u0308che greift die Topographie des Stadtstaates auf. \u00a9Hufton+Crow\" aria-describedby=\"gallery-1-5669\" srcset=\"https:\/\/www.vaillant.de\/21-grad\/wp-content\/uploads\/2020\/10\/Die-Betonoberfla\u0308che-greif-die-Topographie-des-Stadtstaates-auf.-\u00a9HuftonCrow-150x150.jpg 150w, https:\/\/www.vaillant.de\/21-grad\/wp-content\/uploads\/2020\/10\/Die-Betonoberfla\u0308che-greif-die-Topographie-des-Stadtstaates-auf.-\u00a9HuftonCrow-320x320.jpg 320w, https:\/\/www.vaillant.de\/21-grad\/wp-content\/uploads\/2020\/10\/Die-Betonoberfla\u0308che-greif-die-Topographie-des-Stadtstaates-auf.-\u00a9HuftonCrow-125x125.jpg 125w\" sizes=\"auto, (max-width: 150px) 100vw, 150px\" \/><\/a>\n\t\t\t<\/dt>\n\t\t\t\t<dd class='wp-caption-text gallery-caption' id='gallery-1-5669'>\n\t\t\t\tDie Betonoberfla\u0308che greift die Topographie des Stadtstaates auf. \n\t\t\t\t<\/dd><\/dl><dl class='gallery-item'>\n\t\t\t<dt class='gallery-icon landscape'>\n\t\t\t\t<a href='https:\/\/www.vaillant.de\/21-grad\/wp-content\/uploads\/2020\/10\/Gartenbalkone-soweit-das-Auge-reicht.-\u00a9HuftonCrow.jpg'><img loading=\"lazy\" decoding=\"async\" width=\"150\" height=\"150\" src=\"https:\/\/www.vaillant.de\/21-grad\/wp-content\/uploads\/2020\/10\/Gartenbalkone-soweit-das-Auge-reicht.-\u00a9HuftonCrow-150x150.jpg\" class=\"attachment-thumbnail size-thumbnail\" alt=\"Gartenbalkone, soweit das Auge reicht. \u00a9Hufton+Crow\" aria-describedby=\"gallery-1-5670\" srcset=\"https:\/\/www.vaillant.de\/21-grad\/wp-content\/uploads\/2020\/10\/Gartenbalkone-soweit-das-Auge-reicht.-\u00a9HuftonCrow-150x150.jpg 150w, https:\/\/www.vaillant.de\/21-grad\/wp-content\/uploads\/2020\/10\/Gartenbalkone-soweit-das-Auge-reicht.-\u00a9HuftonCrow-320x320.jpg 320w, https:\/\/www.vaillant.de\/21-grad\/wp-content\/uploads\/2020\/10\/Gartenbalkone-soweit-das-Auge-reicht.-\u00a9HuftonCrow-125x125.jpg 125w\" sizes=\"auto, (max-width: 150px) 100vw, 150px\" \/><\/a>\n\t\t\t<\/dt>\n\t\t\t\t<dd class='wp-caption-text gallery-caption' id='gallery-1-5670'>\n\t\t\t\tGartenbalkone, soweit das Auge reicht.\n\t\t\t\t<\/dd><\/dl><dl class='gallery-item'>\n\t\t\t<dt class='gallery-icon portrait'>\n\t\t\t\t<a href='https:\/\/www.vaillant.de\/21-grad\/wp-content\/uploads\/2020\/10\/Gru\u0308ne-Hinterho\u0308fe-waren-in-den-Ha\u0308usern-Singapurs-einst-allgegenwa\u0308rtig-sagt-Designer-Thomas-Heatherwick.-CREDIT-Swire-Properties.jpg'><img loading=\"lazy\" decoding=\"async\" width=\"150\" height=\"150\" src=\"https:\/\/www.vaillant.de\/21-grad\/wp-content\/uploads\/2020\/10\/Gru\u0308ne-Hinterho\u0308fe-waren-in-den-Ha\u0308usern-Singapurs-einst-allgegenwa\u0308rtig-sagt-Designer-Thomas-Heatherwick.-CREDIT-Swire-Properties-150x150.jpg\" class=\"attachment-thumbnail size-thumbnail\" alt=\"Gru\u0308ne Hinterho\u0308fe waren in den Ha\u0308usern Singapurs einst allgegenwa\u0308rtig, sagt Designer Thomas Heatherwick. CREDIT Swire Properties\" aria-describedby=\"gallery-1-5671\" srcset=\"https:\/\/www.vaillant.de\/21-grad\/wp-content\/uploads\/2020\/10\/Gru\u0308ne-Hinterho\u0308fe-waren-in-den-Ha\u0308usern-Singapurs-einst-allgegenwa\u0308rtig-sagt-Designer-Thomas-Heatherwick.-CREDIT-Swire-Properties-150x150.jpg 150w, https:\/\/www.vaillant.de\/21-grad\/wp-content\/uploads\/2020\/10\/Gru\u0308ne-Hinterho\u0308fe-waren-in-den-Ha\u0308usern-Singapurs-einst-allgegenwa\u0308rtig-sagt-Designer-Thomas-Heatherwick.-CREDIT-Swire-Properties-320x320.jpg 320w, https:\/\/www.vaillant.de\/21-grad\/wp-content\/uploads\/2020\/10\/Gru\u0308ne-Hinterho\u0308fe-waren-in-den-Ha\u0308usern-Singapurs-einst-allgegenwa\u0308rtig-sagt-Designer-Thomas-Heatherwick.-CREDIT-Swire-Properties-125x125.jpg 125w\" sizes=\"auto, (max-width: 150px) 100vw, 150px\" \/><\/a>\n\t\t\t<\/dt>\n\t\t\t\t<dd class='wp-caption-text gallery-caption' id='gallery-1-5671'>\n\t\t\t\tGru\u0308ne Hinterho\u0308fe waren in den Ha\u0308usern Singapurs einst allgegenwa\u0308rtig, sagt Designer Thomas Heatherwick. \u00a9Swire Properties\n\t\t\t\t<\/dd><\/dl><br style=\"clear: both\" \/><dl class='gallery-item'>\n\t\t\t<dt class='gallery-icon portrait'>\n\t\t\t\t<a href='https:\/\/www.vaillant.de\/21-grad\/wp-content\/uploads\/2020\/10\/Herausragende-gru\u0308ne-Architektur-von-Heatherwick-Studio.-\u00a9HuftonCrow.jpg'><img loading=\"lazy\" decoding=\"async\" width=\"150\" height=\"150\" src=\"https:\/\/www.vaillant.de\/21-grad\/wp-content\/uploads\/2020\/10\/Herausragende-gru\u0308ne-Architektur-von-Heatherwick-Studio.-\u00a9HuftonCrow-150x150.jpg\" class=\"attachment-thumbnail size-thumbnail\" alt=\"Herausragende gru\u0308ne Architektur von Heatherwick Studio. \u00a9Hufton+Crow\" aria-describedby=\"gallery-1-5672\" srcset=\"https:\/\/www.vaillant.de\/21-grad\/wp-content\/uploads\/2020\/10\/Herausragende-gru\u0308ne-Architektur-von-Heatherwick-Studio.-\u00a9HuftonCrow-150x150.jpg 150w, https:\/\/www.vaillant.de\/21-grad\/wp-content\/uploads\/2020\/10\/Herausragende-gru\u0308ne-Architektur-von-Heatherwick-Studio.-\u00a9HuftonCrow-320x320.jpg 320w, https:\/\/www.vaillant.de\/21-grad\/wp-content\/uploads\/2020\/10\/Herausragende-gru\u0308ne-Architektur-von-Heatherwick-Studio.-\u00a9HuftonCrow-125x125.jpg 125w\" sizes=\"auto, (max-width: 150px) 100vw, 150px\" \/><\/a>\n\t\t\t<\/dt>\n\t\t\t\t<dd class='wp-caption-text gallery-caption' id='gallery-1-5672'>\n\t\t\t\tHerausragende gru\u0308ne Architektur von Heatherwick Studio. \n\t\t\t\t<\/dd><\/dl><dl class='gallery-item'>\n\t\t\t<dt class='gallery-icon landscape'>\n\t\t\t\t<a href='https:\/\/www.vaillant.de\/21-grad\/wp-content\/uploads\/2020\/10\/Natu\u0308rliche-Farben-natu\u0308rliche-Materialien.-\u00a9HuftonCrow.jpg'><img loading=\"lazy\" decoding=\"async\" width=\"150\" height=\"150\" src=\"https:\/\/www.vaillant.de\/21-grad\/wp-content\/uploads\/2020\/10\/Natu\u0308rliche-Farben-natu\u0308rliche-Materialien.-\u00a9HuftonCrow-150x150.jpg\" class=\"attachment-thumbnail size-thumbnail\" alt=\"Natu\u0308rliche Farben, natu\u0308rliche Materialien. \u00a9Hufton+Crow\" aria-describedby=\"gallery-1-5673\" srcset=\"https:\/\/www.vaillant.de\/21-grad\/wp-content\/uploads\/2020\/10\/Natu\u0308rliche-Farben-natu\u0308rliche-Materialien.-\u00a9HuftonCrow-150x150.jpg 150w, https:\/\/www.vaillant.de\/21-grad\/wp-content\/uploads\/2020\/10\/Natu\u0308rliche-Farben-natu\u0308rliche-Materialien.-\u00a9HuftonCrow-320x320.jpg 320w, https:\/\/www.vaillant.de\/21-grad\/wp-content\/uploads\/2020\/10\/Natu\u0308rliche-Farben-natu\u0308rliche-Materialien.-\u00a9HuftonCrow-125x125.jpg 125w\" sizes=\"auto, (max-width: 150px) 100vw, 150px\" \/><\/a>\n\t\t\t<\/dt>\n\t\t\t\t<dd class='wp-caption-text gallery-caption' id='gallery-1-5673'>\n\t\t\t\tNatu\u0308rliche Farben, natu\u0308rliche Materialien.\n\t\t\t\t<\/dd><\/dl><dl class='gallery-item'>\n\t\t\t<dt class='gallery-icon landscape'>\n\t\t\t\t<a href='https:\/\/www.vaillant.de\/21-grad\/wp-content\/uploads\/2020\/10\/Natu\u0308rliche-Materialien-pra\u0308gen-auch-die-Wohnra\u0308ume-im-Eden.-\u00a9HuftonCrow.jpg'><img loading=\"lazy\" decoding=\"async\" width=\"150\" height=\"150\" src=\"https:\/\/www.vaillant.de\/21-grad\/wp-content\/uploads\/2020\/10\/Natu\u0308rliche-Materialien-pra\u0308gen-auch-die-Wohnra\u0308ume-im-Eden.-\u00a9HuftonCrow-150x150.jpg\" class=\"attachment-thumbnail size-thumbnail\" alt=\"Natu\u0308rliche Materialien pra\u0308gen auch die Wohnra\u0308ume im Eden. \u00a9Hufton+Crow\" aria-describedby=\"gallery-1-5674\" srcset=\"https:\/\/www.vaillant.de\/21-grad\/wp-content\/uploads\/2020\/10\/Natu\u0308rliche-Materialien-pra\u0308gen-auch-die-Wohnra\u0308ume-im-Eden.-\u00a9HuftonCrow-150x150.jpg 150w, https:\/\/www.vaillant.de\/21-grad\/wp-content\/uploads\/2020\/10\/Natu\u0308rliche-Materialien-pra\u0308gen-auch-die-Wohnra\u0308ume-im-Eden.-\u00a9HuftonCrow-320x320.jpg 320w, https:\/\/www.vaillant.de\/21-grad\/wp-content\/uploads\/2020\/10\/Natu\u0308rliche-Materialien-pra\u0308gen-auch-die-Wohnra\u0308ume-im-Eden.-\u00a9HuftonCrow-125x125.jpg 125w\" sizes=\"auto, (max-width: 150px) 100vw, 150px\" \/><\/a>\n\t\t\t<\/dt>\n\t\t\t\t<dd class='wp-caption-text gallery-caption' id='gallery-1-5674'>\n\t\t\t\tNatu\u0308rliche Materialien pra\u0308gen auch die Wohnra\u0308ume im Eden.\n\t\t\t\t<\/dd><\/dl><dl class='gallery-item'>\n\t\t\t<dt class='gallery-icon landscape'>\n\t\t\t\t<a href='https:\/\/www.vaillant.de\/21-grad\/wp-content\/uploads\/2020\/10\/Eden-ist-ein-Synonym-fu\u0308r-gru\u0308nes-luxurio\u0308ses-Wohnen-in-Singapur.-\u00a9HuftonCrow.jpg'><img loading=\"lazy\" decoding=\"async\" width=\"150\" height=\"150\" src=\"https:\/\/www.vaillant.de\/21-grad\/wp-content\/uploads\/2020\/10\/Eden-ist-ein-Synonym-fu\u0308r-gru\u0308nes-luxurio\u0308ses-Wohnen-in-Singapur.-\u00a9HuftonCrow-150x150.jpg\" class=\"attachment-thumbnail size-thumbnail\" alt=\"Eden ist ein Synonym fu\u0308r gru\u0308nes, luxurio\u0308ses Wohnen in Singapur. \u00a9Hufton+Crow\" aria-describedby=\"gallery-1-5675\" srcset=\"https:\/\/www.vaillant.de\/21-grad\/wp-content\/uploads\/2020\/10\/Eden-ist-ein-Synonym-fu\u0308r-gru\u0308nes-luxurio\u0308ses-Wohnen-in-Singapur.-\u00a9HuftonCrow-150x150.jpg 150w, https:\/\/www.vaillant.de\/21-grad\/wp-content\/uploads\/2020\/10\/Eden-ist-ein-Synonym-fu\u0308r-gru\u0308nes-luxurio\u0308ses-Wohnen-in-Singapur.-\u00a9HuftonCrow-320x320.jpg 320w, https:\/\/www.vaillant.de\/21-grad\/wp-content\/uploads\/2020\/10\/Eden-ist-ein-Synonym-fu\u0308r-gru\u0308nes-luxurio\u0308ses-Wohnen-in-Singapur.-\u00a9HuftonCrow-125x125.jpg 125w\" sizes=\"auto, (max-width: 150px) 100vw, 150px\" \/><\/a>\n\t\t\t<\/dt>\n\t\t\t\t<dd class='wp-caption-text gallery-caption' id='gallery-1-5675'>\n\t\t\t\tEden ist ein Synonym fu\u0308r gru\u0308nes, luxurio\u0308ses Wohnen in Singapur.\n\t\t\t\t<\/dd><\/dl><br style=\"clear: both\" \/>\n\t\t<\/div>\n\n<p>&nbsp;<\/p>\n<p>Fotos. \u00a9Hufton+Crow<\/p>\n<h2>H\u00e4ngende G\u00e4rten spenden Schatten und Privatsph\u00e4re<\/h2>\n<div id=\"attachment_5666\" style=\"width: 277px\" class=\"wp-caption alignleft\"><a href=\"https:\/\/www.vaillant.de\/21-grad\/wp-content\/uploads\/2020\/10\/Gemeinsam-genutzter-Raum-der-zum-Verweilen-einla\u0308dt.-\u00a9HuftonCrow.jpg\"><img loading=\"lazy\" decoding=\"async\" aria-describedby=\"caption-attachment-5666\" class=\"size-medium wp-image-5666\" src=\"https:\/\/www.vaillant.de\/21-grad\/wp-content\/uploads\/2020\/10\/Gemeinsam-genutzter-Raum-der-zum-Verweilen-einla\u0308dt.-\u00a9HuftonCrow-267x232.jpg\" alt=\"Gemeinsam genutzter Raum, der zum Verweilen einla\u0308dt. \u00a9Hufton+Crow\" width=\"267\" height=\"232\" srcset=\"https:\/\/www.vaillant.de\/21-grad\/wp-content\/uploads\/2020\/10\/Gemeinsam-genutzter-Raum-der-zum-Verweilen-einla\u0308dt.-\u00a9HuftonCrow-267x232.jpg 267w, https:\/\/www.vaillant.de\/21-grad\/wp-content\/uploads\/2020\/10\/Gemeinsam-genutzter-Raum-der-zum-Verweilen-einla\u0308dt.-\u00a9HuftonCrow-552x480.jpg 552w, https:\/\/www.vaillant.de\/21-grad\/wp-content\/uploads\/2020\/10\/Gemeinsam-genutzter-Raum-der-zum-Verweilen-einla\u0308dt.-\u00a9HuftonCrow-768x668.jpg 768w, https:\/\/www.vaillant.de\/21-grad\/wp-content\/uploads\/2020\/10\/Gemeinsam-genutzter-Raum-der-zum-Verweilen-einla\u0308dt.-\u00a9HuftonCrow-1536x1336.jpg 1536w, https:\/\/www.vaillant.de\/21-grad\/wp-content\/uploads\/2020\/10\/Gemeinsam-genutzter-Raum-der-zum-Verweilen-einla\u0308dt.-\u00a9HuftonCrow.jpg 2000w\" sizes=\"auto, (max-width: 267px) 100vw, 267px\" \/><\/a><p id=\"caption-attachment-5666\" class=\"wp-caption-text\">Gemeinsam genutzter Raum, der zum Verweilen einla\u0308dt. \u00a9Hufton+Crow<\/p><\/div>\n<p>Einige der 20 Pflanzenarten ranken \u00fcber die Br\u00fcstungen und spenden nicht nur Schatten und Privatsph\u00e4re, sondern pr\u00e4gen auch das Erscheinungsbild der Fassade ganz wesentlich. Das Geb\u00e4ude solle sich entwickeln, wie ein Spr\u00f6ssling, der unter den Stra\u00dfen Wurzeln geschlagen hat und die gr\u00fcne Landschaft Singapurs in den Himmel wachsen l\u00e4sst \u2013 so die Vision der Architekten. Eine sch\u00f6ne Vision, die zur Nachahmung einl\u00e4dt.<\/p>\n<p>&nbsp;<\/p>\n<p>&nbsp;<\/p>\n<div class=\"infobox hint\">Name: \u201eEden\u201c<br \/>\nOrt: Singapur<br \/>\nGr\u00f6\u00dfe: 3.105 m\u00b2<br \/>\nGeb\u00e4udeh\u00f6he: 20 Stockwerke<br \/>\nWohnungen: 20<br \/>\nArchitekt: Heatherwick Studio<\/div>\n","protected":false},"excerpt":{"rendered":"<p>Im \u201eEden\u201c in Singapur verschwimmen die Grenzen zwischen drinnen und drau\u00dfen. Die Lobby gleicht einem tropischen Garten, von dem sich Pflanzen durch eine Reihe von Kronleuchtern nach oben und um den Wohnturm herum winden. Und die Balkone? \u00c4hneln Oasen. Ein Paradebeispiel f\u00fcr gr\u00fcnes Wohnen in der Stadt.<\/p>\n","protected":false},"author":14,"featured_media":5662,"comment_status":"open","ping_status":"open","sticky":false,"template":"","format":"standard","meta":{"footnotes":""},"categories":[5],"tags":[172,169,86,171],"coauthors":[68],"class_list":["post-5660","post","type-post","status-publish","format-standard","has-post-thumbnail","hentry","category-bewusst-und-sein","tag-bauen-und-wohnen","tag-bildergalerien","tag-leben","tag-lifestyle"],"yoast_head":"<!-- This site is optimized with the Yoast SEO plugin v27.4 - https:\/\/yoast.com\/product\/yoast-seo-wordpress\/ -->\n<title>Traumhaftes Wohnen \u2013 \u201eMy Home is my garden\u201d | 21 grad<\/title>\n<meta name=\"description\" content=\"Im \u201eEden\u201c in Singapur verschwimmen die Grenzen zwischen drinnen und drau\u00dfen. Die Lobby gleicht einem Garten, die Balkone Oasen. Sehen Sie selbst!\" \/>\n<meta name=\"robots\" content=\"index, follow, max-snippet:-1, max-image-preview:large, max-video-preview:-1\" \/>\n<link rel=\"canonical\" href=\"https:\/\/www.vaillant.de\/21-grad\/bewusst-und-sein\/traumhaftes-wohnen-my-home-is-my-garden\/\" \/>\n<meta property=\"og:locale\" content=\"de_DE\" \/>\n<meta property=\"og:type\" content=\"article\" \/>\n<meta property=\"og:title\" content=\"Traumhaftes Wohnen \u2013 \u201eMy Home is my garden\u201d | 21 grad\" \/>\n<meta property=\"og:description\" content=\"Im \u201eEden\u201c in Singapur verschwimmen die Grenzen zwischen drinnen und drau\u00dfen. Die Lobby gleicht einem Garten, die Balkone Oasen. Sehen Sie selbst!\" \/>\n<meta property=\"og:url\" content=\"https:\/\/www.vaillant.de\/21-grad\/bewusst-und-sein\/traumhaftes-wohnen-my-home-is-my-garden\/\" \/>\n<meta property=\"og:site_name\" content=\"21 grad\" \/>\n<meta property=\"article:publisher\" content=\"https:\/\/www.facebook.com\/21grad\/\" \/>\n<meta property=\"article:published_time\" content=\"2020-11-10T14:02:12+00:00\" \/>\n<meta property=\"article:modified_time\" content=\"2021-07-22T13:54:10+00:00\" \/>\n<meta property=\"og:image\" content=\"https:\/\/www.vaillant.de\/21-grad\/wp-content\/uploads\/2020\/10\/header-eden.jpg\" \/>\n\t<meta property=\"og:image:width\" content=\"940\" \/>\n\t<meta property=\"og:image:height\" content=\"480\" \/>\n\t<meta property=\"og:image:type\" content=\"image\/jpeg\" \/>\n<meta name=\"author\" content=\"Jacqueline\" \/>\n<meta name=\"twitter:card\" content=\"summary_large_image\" \/>\n<meta name=\"twitter:creator\" content=\"@vaillant_de\" \/>\n<meta name=\"twitter:site\" content=\"@vaillant_de\" \/>\n<meta name=\"twitter:label1\" content=\"Verfasst von\" \/>\n\t<meta name=\"twitter:data1\" content=\"Jacqueline\" \/>\n\t<meta name=\"twitter:label2\" content=\"Gesch\u00e4tzte Lesezeit\" \/>\n\t<meta name=\"twitter:data2\" content=\"2\u00a0Minuten\" \/>\n\t<meta name=\"twitter:label3\" content=\"Written by\" \/>\n\t<meta name=\"twitter:data3\" content=\"Jacqueline\" \/>\n<script type=\"application\/ld+json\" class=\"yoast-schema-graph\">{\"@context\":\"https:\\\/\\\/schema.org\",\"@graph\":[{\"@type\":\"Article\",\"@id\":\"https:\\\/\\\/www.vaillant.de\\\/21-grad\\\/bewusst-und-sein\\\/traumhaftes-wohnen-my-home-is-my-garden\\\/#article\",\"isPartOf\":{\"@id\":\"https:\\\/\\\/www.vaillant.de\\\/21-grad\\\/bewusst-und-sein\\\/traumhaftes-wohnen-my-home-is-my-garden\\\/\"},\"author\":{\"name\":\"Jacqueline\",\"@id\":\"https:\\\/\\\/www.vaillant.de\\\/21-grad\\\/#\\\/schema\\\/person\\\/75a8b4aa6c2491a38cf9116850869d58\"},\"headline\":\"Traumhaftes Wohnen \u2013 \u201eMy Home is my garden\u201d\",\"datePublished\":\"2020-11-10T14:02:12+00:00\",\"dateModified\":\"2021-07-22T13:54:10+00:00\",\"mainEntityOfPage\":{\"@id\":\"https:\\\/\\\/www.vaillant.de\\\/21-grad\\\/bewusst-und-sein\\\/traumhaftes-wohnen-my-home-is-my-garden\\\/\"},\"wordCount\":284,\"commentCount\":0,\"image\":{\"@id\":\"https:\\\/\\\/www.vaillant.de\\\/21-grad\\\/bewusst-und-sein\\\/traumhaftes-wohnen-my-home-is-my-garden\\\/#primaryimage\"},\"thumbnailUrl\":\"https:\\\/\\\/www.vaillant.de\\\/21-grad\\\/wp-content\\\/uploads\\\/2020\\\/10\\\/header-eden.jpg\",\"keywords\":[\"Bauen und Wohnen\",\"Bildergalerien\",\"Leben\",\"Lifestyle\"],\"articleSection\":[\"Bewusst &amp; Sein\"],\"inLanguage\":\"de\",\"potentialAction\":[{\"@type\":\"CommentAction\",\"name\":\"Comment\",\"target\":[\"https:\\\/\\\/www.vaillant.de\\\/21-grad\\\/bewusst-und-sein\\\/traumhaftes-wohnen-my-home-is-my-garden\\\/#respond\"]}]},{\"@type\":\"WebPage\",\"@id\":\"https:\\\/\\\/www.vaillant.de\\\/21-grad\\\/bewusst-und-sein\\\/traumhaftes-wohnen-my-home-is-my-garden\\\/\",\"url\":\"https:\\\/\\\/www.vaillant.de\\\/21-grad\\\/bewusst-und-sein\\\/traumhaftes-wohnen-my-home-is-my-garden\\\/\",\"name\":\"Traumhaftes Wohnen \u2013 \u201eMy Home is my garden\u201d | 21 grad\",\"isPartOf\":{\"@id\":\"https:\\\/\\\/www.vaillant.de\\\/21-grad\\\/#website\"},\"primaryImageOfPage\":{\"@id\":\"https:\\\/\\\/www.vaillant.de\\\/21-grad\\\/bewusst-und-sein\\\/traumhaftes-wohnen-my-home-is-my-garden\\\/#primaryimage\"},\"image\":{\"@id\":\"https:\\\/\\\/www.vaillant.de\\\/21-grad\\\/bewusst-und-sein\\\/traumhaftes-wohnen-my-home-is-my-garden\\\/#primaryimage\"},\"thumbnailUrl\":\"https:\\\/\\\/www.vaillant.de\\\/21-grad\\\/wp-content\\\/uploads\\\/2020\\\/10\\\/header-eden.jpg\",\"datePublished\":\"2020-11-10T14:02:12+00:00\",\"dateModified\":\"2021-07-22T13:54:10+00:00\",\"author\":{\"@id\":\"https:\\\/\\\/www.vaillant.de\\\/21-grad\\\/#\\\/schema\\\/person\\\/75a8b4aa6c2491a38cf9116850869d58\"},\"description\":\"Im \u201eEden\u201c in Singapur verschwimmen die Grenzen zwischen drinnen und drau\u00dfen. Die Lobby gleicht einem Garten, die Balkone Oasen. Sehen Sie selbst!\",\"breadcrumb\":{\"@id\":\"https:\\\/\\\/www.vaillant.de\\\/21-grad\\\/bewusst-und-sein\\\/traumhaftes-wohnen-my-home-is-my-garden\\\/#breadcrumb\"},\"inLanguage\":\"de\",\"potentialAction\":[{\"@type\":\"ReadAction\",\"target\":[\"https:\\\/\\\/www.vaillant.de\\\/21-grad\\\/bewusst-und-sein\\\/traumhaftes-wohnen-my-home-is-my-garden\\\/\"]}]},{\"@type\":\"ImageObject\",\"inLanguage\":\"de\",\"@id\":\"https:\\\/\\\/www.vaillant.de\\\/21-grad\\\/bewusst-und-sein\\\/traumhaftes-wohnen-my-home-is-my-garden\\\/#primaryimage\",\"url\":\"https:\\\/\\\/www.vaillant.de\\\/21-grad\\\/wp-content\\\/uploads\\\/2020\\\/10\\\/header-eden.jpg\",\"contentUrl\":\"https:\\\/\\\/www.vaillant.de\\\/21-grad\\\/wp-content\\\/uploads\\\/2020\\\/10\\\/header-eden.jpg\",\"width\":940,\"height\":480,\"caption\":\"Traumhaftes Wohnen \u2013 \u201eMy Home is my garden\u201d\"},{\"@type\":\"BreadcrumbList\",\"@id\":\"https:\\\/\\\/www.vaillant.de\\\/21-grad\\\/bewusst-und-sein\\\/traumhaftes-wohnen-my-home-is-my-garden\\\/#breadcrumb\",\"itemListElement\":[{\"@type\":\"ListItem\",\"position\":1,\"name\":\"Startseite\",\"item\":\"https:\\\/\\\/www.vaillant.de\\\/21-grad\\\/\"},{\"@type\":\"ListItem\",\"position\":2,\"name\":\"Traumhaftes Wohnen \u2013 \u201eMy Home is my garden\u201d\"}]},{\"@type\":\"WebSite\",\"@id\":\"https:\\\/\\\/www.vaillant.de\\\/21-grad\\\/#website\",\"url\":\"https:\\\/\\\/www.vaillant.de\\\/21-grad\\\/\",\"name\":\"21 grad\",\"description\":\"Der Blog f\u00fcr Menschen, die weiterdenken\",\"potentialAction\":[{\"@type\":\"SearchAction\",\"target\":{\"@type\":\"EntryPoint\",\"urlTemplate\":\"https:\\\/\\\/www.vaillant.de\\\/21-grad\\\/?s={search_term_string}\"},\"query-input\":{\"@type\":\"PropertyValueSpecification\",\"valueRequired\":true,\"valueName\":\"search_term_string\"}}],\"inLanguage\":\"de\"},{\"@type\":\"Person\",\"@id\":\"https:\\\/\\\/www.vaillant.de\\\/21-grad\\\/#\\\/schema\\\/person\\\/75a8b4aa6c2491a38cf9116850869d58\",\"name\":\"Jacqueline\",\"image\":{\"@type\":\"ImageObject\",\"inLanguage\":\"de\",\"@id\":\"https:\\\/\\\/www.vaillant.de\\\/21-grad\\\/wp-content\\\/uploads\\\/2018\\\/06\\\/Portrait-250-125x125.jpgfc8ce6b31ae0347d9e261097d2ccecbb\",\"url\":\"https:\\\/\\\/www.vaillant.de\\\/21-grad\\\/wp-content\\\/uploads\\\/2018\\\/06\\\/Portrait-250-125x125.jpg\",\"contentUrl\":\"https:\\\/\\\/www.vaillant.de\\\/21-grad\\\/wp-content\\\/uploads\\\/2018\\\/06\\\/Portrait-250-125x125.jpg\",\"caption\":\"Jacqueline\"},\"description\":\"In meinem Arbeitsalltag dreht sich alles rund um digitale Themen. Ich sorge f\u00fcr die Auffindbarkeit des Unternehmens im Web, indem ich unsere Webseite immer wieder mit neuen und relevanten Inhalten best\u00fccke. Dabei ist mir besonders wichtig, dass Ihr schnell und einfach an gew\u00fcnschte Informationen gelangt. Nachhaltigkeit F\u00fcr mich bedeutet Nachhaltigkeit, auch im Alltag die Umwelt durch kleine Dinge zu entlasten. Ich fahre deswegen morgens mit dem Bus zur Arbeit, nehme zum Einkaufen meine Baumwollbeutel mit und kaufe bevorzugt Bioprodukte. Interessen In meiner Freizeit verbringe ich gerne viel Zeit mit Freuden, liebe meinen Tanzsport und spiele gerne Brettspiele. Zudem reise ich sehr gerne. Was w\u00fcrdest du tun, wenn du noch einen Tag zu leben h\u00e4ttest? Ich w\u00fcrde etwas Verr\u00fccktes wie einen Fallschirmsprung machen. Und anschlie\u00dfend eine gro\u00dfe Party mit Freunden. Wenn du eine Superkraft h\u00e4ttest, welche w\u00e4re das und warum? Ich w\u00fcrde gerne unter Wasser atmen k\u00f6nnen. Ich liebe die endlosen Weiten des Meeres und k\u00f6nnte den ganzen Tag im und unter Wasser verbringen. Was bringt dich zum l\u00e4cheln? Ein warmer Sommertag mit viel Sonne.\",\"url\":\"https:\\\/\\\/www.vaillant.de\\\/21-grad\\\/autor\\\/jacqueline\\\/\"}]}<\/script>\n<!-- \/ Yoast SEO plugin. -->","yoast_head_json":{"title":"Traumhaftes Wohnen \u2013 \u201eMy Home is my garden\u201d | 21 grad","description":"Im \u201eEden\u201c in Singapur verschwimmen die Grenzen zwischen drinnen und drau\u00dfen. Die Lobby gleicht einem Garten, die Balkone Oasen. Sehen Sie selbst!","robots":{"index":"index","follow":"follow","max-snippet":"max-snippet:-1","max-image-preview":"max-image-preview:large","max-video-preview":"max-video-preview:-1"},"canonical":"https:\/\/www.vaillant.de\/21-grad\/bewusst-und-sein\/traumhaftes-wohnen-my-home-is-my-garden\/","og_locale":"de_DE","og_type":"article","og_title":"Traumhaftes Wohnen \u2013 \u201eMy Home is my garden\u201d | 21 grad","og_description":"Im \u201eEden\u201c in Singapur verschwimmen die Grenzen zwischen drinnen und drau\u00dfen. Die Lobby gleicht einem Garten, die Balkone Oasen. Sehen Sie selbst!","og_url":"https:\/\/www.vaillant.de\/21-grad\/bewusst-und-sein\/traumhaftes-wohnen-my-home-is-my-garden\/","og_site_name":"21 grad","article_publisher":"https:\/\/www.facebook.com\/21grad\/","article_published_time":"2020-11-10T14:02:12+00:00","article_modified_time":"2021-07-22T13:54:10+00:00","og_image":[{"width":940,"height":480,"url":"https:\/\/www.vaillant.de\/21-grad\/wp-content\/uploads\/2020\/10\/header-eden.jpg","type":"image\/jpeg"}],"author":"Jacqueline","twitter_card":"summary_large_image","twitter_creator":"@vaillant_de","twitter_site":"@vaillant_de","twitter_misc":{"Verfasst von":"Jacqueline","Gesch\u00e4tzte Lesezeit":"2\u00a0Minuten","Written by":"Jacqueline"},"schema":{"@context":"https:\/\/schema.org","@graph":[{"@type":"Article","@id":"https:\/\/www.vaillant.de\/21-grad\/bewusst-und-sein\/traumhaftes-wohnen-my-home-is-my-garden\/#article","isPartOf":{"@id":"https:\/\/www.vaillant.de\/21-grad\/bewusst-und-sein\/traumhaftes-wohnen-my-home-is-my-garden\/"},"author":{"name":"Jacqueline","@id":"https:\/\/www.vaillant.de\/21-grad\/#\/schema\/person\/75a8b4aa6c2491a38cf9116850869d58"},"headline":"Traumhaftes Wohnen \u2013 \u201eMy Home is my garden\u201d","datePublished":"2020-11-10T14:02:12+00:00","dateModified":"2021-07-22T13:54:10+00:00","mainEntityOfPage":{"@id":"https:\/\/www.vaillant.de\/21-grad\/bewusst-und-sein\/traumhaftes-wohnen-my-home-is-my-garden\/"},"wordCount":284,"commentCount":0,"image":{"@id":"https:\/\/www.vaillant.de\/21-grad\/bewusst-und-sein\/traumhaftes-wohnen-my-home-is-my-garden\/#primaryimage"},"thumbnailUrl":"https:\/\/www.vaillant.de\/21-grad\/wp-content\/uploads\/2020\/10\/header-eden.jpg","keywords":["Bauen und Wohnen","Bildergalerien","Leben","Lifestyle"],"articleSection":["Bewusst &amp; Sein"],"inLanguage":"de","potentialAction":[{"@type":"CommentAction","name":"Comment","target":["https:\/\/www.vaillant.de\/21-grad\/bewusst-und-sein\/traumhaftes-wohnen-my-home-is-my-garden\/#respond"]}]},{"@type":"WebPage","@id":"https:\/\/www.vaillant.de\/21-grad\/bewusst-und-sein\/traumhaftes-wohnen-my-home-is-my-garden\/","url":"https:\/\/www.vaillant.de\/21-grad\/bewusst-und-sein\/traumhaftes-wohnen-my-home-is-my-garden\/","name":"Traumhaftes Wohnen \u2013 \u201eMy Home is my garden\u201d | 21 grad","isPartOf":{"@id":"https:\/\/www.vaillant.de\/21-grad\/#website"},"primaryImageOfPage":{"@id":"https:\/\/www.vaillant.de\/21-grad\/bewusst-und-sein\/traumhaftes-wohnen-my-home-is-my-garden\/#primaryimage"},"image":{"@id":"https:\/\/www.vaillant.de\/21-grad\/bewusst-und-sein\/traumhaftes-wohnen-my-home-is-my-garden\/#primaryimage"},"thumbnailUrl":"https:\/\/www.vaillant.de\/21-grad\/wp-content\/uploads\/2020\/10\/header-eden.jpg","datePublished":"2020-11-10T14:02:12+00:00","dateModified":"2021-07-22T13:54:10+00:00","author":{"@id":"https:\/\/www.vaillant.de\/21-grad\/#\/schema\/person\/75a8b4aa6c2491a38cf9116850869d58"},"description":"Im \u201eEden\u201c in Singapur verschwimmen die Grenzen zwischen drinnen und drau\u00dfen. Die Lobby gleicht einem Garten, die Balkone Oasen. Sehen Sie selbst!","breadcrumb":{"@id":"https:\/\/www.vaillant.de\/21-grad\/bewusst-und-sein\/traumhaftes-wohnen-my-home-is-my-garden\/#breadcrumb"},"inLanguage":"de","potentialAction":[{"@type":"ReadAction","target":["https:\/\/www.vaillant.de\/21-grad\/bewusst-und-sein\/traumhaftes-wohnen-my-home-is-my-garden\/"]}]},{"@type":"ImageObject","inLanguage":"de","@id":"https:\/\/www.vaillant.de\/21-grad\/bewusst-und-sein\/traumhaftes-wohnen-my-home-is-my-garden\/#primaryimage","url":"https:\/\/www.vaillant.de\/21-grad\/wp-content\/uploads\/2020\/10\/header-eden.jpg","contentUrl":"https:\/\/www.vaillant.de\/21-grad\/wp-content\/uploads\/2020\/10\/header-eden.jpg","width":940,"height":480,"caption":"Traumhaftes Wohnen \u2013 \u201eMy Home is my garden\u201d"},{"@type":"BreadcrumbList","@id":"https:\/\/www.vaillant.de\/21-grad\/bewusst-und-sein\/traumhaftes-wohnen-my-home-is-my-garden\/#breadcrumb","itemListElement":[{"@type":"ListItem","position":1,"name":"Startseite","item":"https:\/\/www.vaillant.de\/21-grad\/"},{"@type":"ListItem","position":2,"name":"Traumhaftes Wohnen \u2013 \u201eMy Home is my garden\u201d"}]},{"@type":"WebSite","@id":"https:\/\/www.vaillant.de\/21-grad\/#website","url":"https:\/\/www.vaillant.de\/21-grad\/","name":"21 grad","description":"Der Blog f\u00fcr Menschen, die weiterdenken","potentialAction":[{"@type":"SearchAction","target":{"@type":"EntryPoint","urlTemplate":"https:\/\/www.vaillant.de\/21-grad\/?s={search_term_string}"},"query-input":{"@type":"PropertyValueSpecification","valueRequired":true,"valueName":"search_term_string"}}],"inLanguage":"de"},{"@type":"Person","@id":"https:\/\/www.vaillant.de\/21-grad\/#\/schema\/person\/75a8b4aa6c2491a38cf9116850869d58","name":"Jacqueline","image":{"@type":"ImageObject","inLanguage":"de","@id":"https:\/\/www.vaillant.de\/21-grad\/wp-content\/uploads\/2018\/06\/Portrait-250-125x125.jpgfc8ce6b31ae0347d9e261097d2ccecbb","url":"https:\/\/www.vaillant.de\/21-grad\/wp-content\/uploads\/2018\/06\/Portrait-250-125x125.jpg","contentUrl":"https:\/\/www.vaillant.de\/21-grad\/wp-content\/uploads\/2018\/06\/Portrait-250-125x125.jpg","caption":"Jacqueline"},"description":"In meinem Arbeitsalltag dreht sich alles rund um digitale Themen. Ich sorge f\u00fcr die Auffindbarkeit des Unternehmens im Web, indem ich unsere Webseite immer wieder mit neuen und relevanten Inhalten best\u00fccke. Dabei ist mir besonders wichtig, dass Ihr schnell und einfach an gew\u00fcnschte Informationen gelangt. Nachhaltigkeit F\u00fcr mich bedeutet Nachhaltigkeit, auch im Alltag die Umwelt durch kleine Dinge zu entlasten. Ich fahre deswegen morgens mit dem Bus zur Arbeit, nehme zum Einkaufen meine Baumwollbeutel mit und kaufe bevorzugt Bioprodukte. Interessen In meiner Freizeit verbringe ich gerne viel Zeit mit Freuden, liebe meinen Tanzsport und spiele gerne Brettspiele. Zudem reise ich sehr gerne. Was w\u00fcrdest du tun, wenn du noch einen Tag zu leben h\u00e4ttest? Ich w\u00fcrde etwas Verr\u00fccktes wie einen Fallschirmsprung machen. Und anschlie\u00dfend eine gro\u00dfe Party mit Freunden. Wenn du eine Superkraft h\u00e4ttest, welche w\u00e4re das und warum? Ich w\u00fcrde gerne unter Wasser atmen k\u00f6nnen. Ich liebe die endlosen Weiten des Meeres und k\u00f6nnte den ganzen Tag im und unter Wasser verbringen. Was bringt dich zum l\u00e4cheln? Ein warmer Sommertag mit viel Sonne.","url":"https:\/\/www.vaillant.de\/21-grad\/autor\/jacqueline\/"}]}},"_links":{"self":[{"href":"https:\/\/www.vaillant.de\/21-grad\/wp-json\/wp\/v2\/posts\/5660","targetHints":{"allow":["GET"]}}],"collection":[{"href":"https:\/\/www.vaillant.de\/21-grad\/wp-json\/wp\/v2\/posts"}],"about":[{"href":"https:\/\/www.vaillant.de\/21-grad\/wp-json\/wp\/v2\/types\/post"}],"author":[{"embeddable":true,"href":"https:\/\/www.vaillant.de\/21-grad\/wp-json\/wp\/v2\/users\/14"}],"replies":[{"embeddable":true,"href":"https:\/\/www.vaillant.de\/21-grad\/wp-json\/wp\/v2\/comments?post=5660"}],"version-history":[{"count":8,"href":"https:\/\/www.vaillant.de\/21-grad\/wp-json\/wp\/v2\/posts\/5660\/revisions"}],"predecessor-version":[{"id":5683,"href":"https:\/\/www.vaillant.de\/21-grad\/wp-json\/wp\/v2\/posts\/5660\/revisions\/5683"}],"wp:featuredmedia":[{"embeddable":true,"href":"https:\/\/www.vaillant.de\/21-grad\/wp-json\/wp\/v2\/media\/5662"}],"wp:attachment":[{"href":"https:\/\/www.vaillant.de\/21-grad\/wp-json\/wp\/v2\/media?parent=5660"}],"wp:term":[{"taxonomy":"category","embeddable":true,"href":"https:\/\/www.vaillant.de\/21-grad\/wp-json\/wp\/v2\/categories?post=5660"},{"taxonomy":"post_tag","embeddable":true,"href":"https:\/\/www.vaillant.de\/21-grad\/wp-json\/wp\/v2\/tags?post=5660"},{"taxonomy":"author","embeddable":true,"href":"https:\/\/www.vaillant.de\/21-grad\/wp-json\/wp\/v2\/coauthors?post=5660"}],"curies":[{"name":"wp","href":"https:\/\/api.w.org\/{rel}","templated":true}]}}