{"id":5694,"date":"2020-11-12T14:46:18","date_gmt":"2020-11-12T13:46:18","guid":{"rendered":"https:\/\/www.vaillant.de\/21-grad\/?p=5694"},"modified":"2026-01-28T09:52:04","modified_gmt":"2026-01-28T08:52:04","slug":"tipps-fuer-einen-nachhaltigen-adventskalender","status":"publish","type":"post","link":"https:\/\/www.vaillant.de\/21-grad\/bewusst-und-sein\/tipps-fuer-einen-nachhaltigen-adventskalender\/","title":{"rendered":"Tipps f\u00fcr einen nachhaltigen Adventskalender"},"content":{"rendered":"<p>Der Schokoladen-Adventskalender ist ein Klassiker. Hinter jedem T\u00fcrchen gibt es ein kleines St\u00fcckchen Schokolade, meist in weihnachtliche Symbole wie Tannenbaum, Geschenk oder Engelchen gegossen. Und diese liegen in einer Schale aus Plastik. Sch\u00f6n anzusehen ist der Kalender nur dank einer bunt bedruckten Papph\u00fclle. Ist der Adventskalender leer, landet er auf dem M\u00fcll.<\/p>\n<h2>Bunter M\u00fcll mit teurem Inhalt<\/h2>\n<div id=\"attachment_5698\" style=\"width: 358px\" class=\"wp-caption alignright\"><a href=\"https:\/\/www.vaillant.de\/21-grad\/wp-content\/uploads\/2020\/11\/advent-calendar-4679538_1920.jpg\"><img loading=\"lazy\" decoding=\"async\" aria-describedby=\"caption-attachment-5698\" class=\"size-medium wp-image-5698\" src=\"https:\/\/www.vaillant.de\/21-grad\/wp-content\/uploads\/2020\/11\/advent-calendar-4679538_1920-348x232.jpg\" alt=\"Nachhaltige Adventskalender\" width=\"348\" height=\"232\" srcset=\"https:\/\/www.vaillant.de\/21-grad\/wp-content\/uploads\/2020\/11\/advent-calendar-4679538_1920-348x232.jpg 348w, https:\/\/www.vaillant.de\/21-grad\/wp-content\/uploads\/2020\/11\/advent-calendar-4679538_1920-720x480.jpg 720w, https:\/\/www.vaillant.de\/21-grad\/wp-content\/uploads\/2020\/11\/advent-calendar-4679538_1920-768x512.jpg 768w, https:\/\/www.vaillant.de\/21-grad\/wp-content\/uploads\/2020\/11\/advent-calendar-4679538_1920-1536x1024.jpg 1536w, https:\/\/www.vaillant.de\/21-grad\/wp-content\/uploads\/2020\/11\/advent-calendar-4679538_1920.jpg 1920w\" sizes=\"auto, (max-width: 348px) 100vw, 348px\" \/><\/a><p id=\"caption-attachment-5698\" class=\"wp-caption-text\">Bild von <a href=\"https:\/\/pixabay.com\/de\/users\/congerdesign-509903\/?utm_source=link-attribution&amp;utm_medium=referral&amp;utm_campaign=image&amp;utm_content=1891261\">congerdesign<\/a> auf <a href=\"https:\/\/pixabay.com\/de\/?utm_source=link-attribution&amp;utm_medium=referral&amp;utm_campaign=image&amp;utm_content=1891261\">Pixabay<\/a><\/p><\/div>\n<p>Die Verbraucherzentrale NRW hat sich Schokoladen-Adventskalender aus dem Supermarkt bereits 2017 etwas genauer angeschaut. Das Ergebnis: Die untersuchten elf Adventskalender bestanden zu 40 bis 60 Prozent aus Verpackung. Abgesehen von dem damit verbundenen M\u00fcllproblem, zahlen die Kunden f\u00fcr die darin enthaltene Schokolade deutlich mehr, teils das Vierfache, im Vergleich zu einem Kauf in normaler Verpackung.<\/p>\n<p>Mittlerweile gibt es eine Bandbreite an verschiedenst best\u00fcckten Adventskalendern: 24 Bier-, Gin- oder Teesorten, Parfumproben, Kosmetikprodukte, Kaffeebohnen, Fu\u00dfballfragen, Saatgut&#8230; Die Auswahl ist gro\u00df. Unterm Strich bleibt auch bei diesen Varianten oft ein M\u00fcllberg zur\u00fcck und g\u00fcnstig sind die wenigsten. Zwar gibt es vertr\u00e4glichere Alternativen in Bio-Qualit\u00e4t oder aus fairem Handel, das Abfallproblem l\u00f6sen sie jedoch nicht.<\/p>\n<h2>Adventskalender: Stimmungsvoller Minimalismus aus dem Handel<\/h2>\n<p>Eine nachhaltigere Variante ist der Nicht-Adventskalender des Naturkosmetikherstellers <a href=\"https:\/\/stop-the-water-while-using-me.com\/de\/shop\/kits\/215\/all-natural-no-advent-calendar-2020\" target=\"_blank\" rel=\"noopener noreferrer\">Stop The Water While Using Me<\/a>. Der klimaneutrale Kalender hat nur sechs T\u00fcrchen mit nat\u00fcrlichen und veganen Kosmetikprodukten. Das letzte T\u00fcrchen wird erst am 1. Januar ge\u00f6ffnet. Dazu gibt es einige Tipps, um frisch und nachhaltig ins Jahr zu starten.<\/p>\n<p>Eine g\u00fcnstigere Alternative ist <a href=\"https:\/\/www.buecher.de\/shop\/mini\/adventskalender-zero\/broschiertes-buch\/products_products\/detail\/prod_id\/56710343\/\" target=\"_blank\" rel=\"noopener noreferrer\">Adventskalender Zero<\/a>. Getreu dem Motto: Verschenken statt ansammeln gibt es in dem Buch jeden Tag Ideen und Hilfestellungen, um das Leben zu entr\u00fcmpeln und zu verschlanken. Eine klare Absage an Kalorien und Konsum gleicherma\u00dfen.<\/p>\n<h2>Der digitale Adventskalender f\u00fcr Freunde und Familie<\/h2>\n<p>Gewinner in Sachen M\u00fcll und Nachhaltigkeit ist der Adventskalender von <a href=\"https:\/\/tuerchen.com\/\" target=\"_blank\" rel=\"noopener noreferrer\">tuerchen.com<\/a>. Der digitale Kalender kann ganz individuell mit Fotos, Videos, Bildern, GIFs und Texten bef\u00fcllt werden. Sogar Hintergrund, Schriftarten und Farben lassen sich den eigenen W\u00fcnschen entsprechend anpassen. Zwar kostet auch jeder Klick im Internet Energie, im Vergleich zu den herk\u00f6mmlichen Adventskalendern schneidet diese Version jedoch enorm gut ab. Die Basisvariante ist kostenlos, es wird allerdings Werbung eingeblendet. F\u00fcr 1,99 Euro gibt es die werbefreie Variante.<\/p>\n<h2>Nachhaltiger Adventskalender selbst gemacht<\/h2>\n<div id=\"attachment_5699\" style=\"width: 282px\" class=\"wp-caption alignleft\"><img loading=\"lazy\" decoding=\"async\" aria-describedby=\"caption-attachment-5699\" class=\" wp-image-5699\" src=\"https:\/\/www.vaillant.de\/21-grad\/wp-content\/uploads\/2020\/11\/advent-calendar-1891261_1920-348x232.jpg\" alt=\"Nachhaltige Adventskalender\" width=\"272\" height=\"181\" srcset=\"https:\/\/www.vaillant.de\/21-grad\/wp-content\/uploads\/2020\/11\/advent-calendar-1891261_1920-348x232.jpg 348w, https:\/\/www.vaillant.de\/21-grad\/wp-content\/uploads\/2020\/11\/advent-calendar-1891261_1920-720x480.jpg 720w, https:\/\/www.vaillant.de\/21-grad\/wp-content\/uploads\/2020\/11\/advent-calendar-1891261_1920-768x512.jpg 768w, https:\/\/www.vaillant.de\/21-grad\/wp-content\/uploads\/2020\/11\/advent-calendar-1891261_1920-1536x1024.jpg 1536w, https:\/\/www.vaillant.de\/21-grad\/wp-content\/uploads\/2020\/11\/advent-calendar-1891261_1920.jpg 1920w\" sizes=\"auto, (max-width: 272px) 100vw, 272px\" \/><p id=\"caption-attachment-5699\" class=\"wp-caption-text\">Bild von <a href=\"https:\/\/pixabay.com\/de\/users\/thorstenf-7677369\/?utm_source=link-attribution&amp;utm_medium=referral&amp;utm_campaign=image&amp;utm_content=4679538\">Thorsten Frenzel<\/a> auf <a href=\"https:\/\/pixabay.com\/de\/?utm_source=link-attribution&amp;utm_medium=referral&amp;utm_campaign=image&amp;utm_content=4679538\">Pixabay<\/a><\/p><\/div>\n<p>Bei einem selbst gemachten Adventskalender hat man erst recht die M\u00f6glichkeit, besonders nachhaltig zu planen und zu werkeln. Ideal sind kleine Stoffs\u00e4ckchen mit Zahlen, die einfach jedes Jahr wiederverwendet werden. Bei Bedarf l\u00e4sst sich dieser Adventskalender sogar im Schonwaschgang reinigen. Solche Adventskalender kann man zudem gut gebraucht kaufen. Das ist nicht nur g\u00fcnstiger, sondern verl\u00e4ngert die Lebensdauer eines altgedienten und bew\u00e4hrten St\u00fcckes ganz im Sinne der Nachhaltigkeit.<\/p>\n<h2>Adventskalender: Nachhaltig dank Upcycling<\/h2>\n<p>Auch \u00fcbers Jahr gesammelte Gl\u00e4ser eignen sich gut f\u00fcr einen Adventskalender. Die Gl\u00e4ser k\u00f6nnen von au\u00dfen bemalt oder beklebt werden. Und ein bunter Papierring von innen sch\u00fctzt vor neugierigen Blicken. Daf\u00fcr braucht es kein neues Designpapier, stattdessen k\u00f6nnt ihr Papierreste und Packpapier versch\u00f6nern und recyceln. Apropos Upcycling: Sogar 24 Klorollen verwandeln sich mit etwas Kreativit\u00e4t und Deko in einen schicken und nachhaltigen Adventskalender.<\/p>\n<h2>Sch\u00f6ne Gaben, Zero Waste<\/h2>\n<p>Die Gaben in einem nachhaltigen Adventskalender sollten m\u00f6glichst wenig Verpackungsm\u00fcll produzieren. Dann seid ihr schon nah dran an einem Zero-Waste-Adventskalender. Hier ein paar Ideen f\u00fcr die Bef\u00fcllung:<\/p>\n<ul>\n<li>selbst gebackene Pl\u00e4tzchen<\/li>\n<li>Botschaften, Zitate, Witze<\/li>\n<li>Seife<\/li>\n<li>Gebasteltes wie Strohsterne, Papierfiguren<\/li>\n<li>festes Shampoo<\/li>\n<li>Gutschein (f\u00fcr Sp\u00fcldienst, Kochen etc.)<\/li>\n<li>(Trocken-)Obst<\/li>\n<li>Bienenwachskerzen<\/li>\n<li>N\u00fcsse<\/li>\n<li>Zeit (f\u00fcr einen Spaziergang, zum Faulenzen)<\/li>\n<li>Blumensamen<\/li>\n<li>Badekugel<\/li>\n<li>besondere Gew\u00fcrze<\/li>\n<\/ul>\n<p>Grunds\u00e4tzlich sind kleine Geschenke gut, die sich verbrauchen und wenig Verpackung haben. Dabei kann man zus\u00e4tzlich auf nat\u00fcrliche Materialien, <a href=\"https:\/\/www.vaillant.de\/21-grad\/bewusst-und-sein\/alles-bio-oder-was-bio-siegel-im-ueberblick\/\" target=\"_blank\" rel=\"noopener noreferrer\">Bio- und Fairtrade-Siegel<\/a> achten.<\/p>\n<p>Wir w\u00fcnschen viel Spa\u00df mit eurem Kalender und einen sch\u00f6nen Advent.<\/p>\n","protected":false},"excerpt":{"rendered":"<p>Ein Adventskalender ist eine sch\u00f6ne Sache. Kinder wie Erwachsene freuen sich \u00fcber den kleinen \u00dcberraschungs-Countdown bis zum gro\u00dfen Fest. Leider produzieren die g\u00e4ngigen Adventskalender aus dem Supermarkt ziemlich viel M\u00fcll. Und seien wir ehrlich: So lecker ist die Schokolade darin oft gar nicht. Wir zeigen, wie es anders geht. <\/p>\n","protected":false},"author":26,"featured_media":5696,"comment_status":"open","ping_status":"open","sticky":false,"template":"","format":"standard","meta":{"footnotes":""},"categories":[5],"tags":[106,86,171,23],"coauthors":[253],"class_list":["post-5694","post","type-post","status-publish","format-standard","has-post-thumbnail","hentry","category-bewusst-und-sein","tag-konsum","tag-leben","tag-lifestyle","tag-nachhaltigkeit"],"yoast_head":"<!-- This site is optimized with the Yoast SEO plugin v27.4 - https:\/\/yoast.com\/product\/yoast-seo-wordpress\/ -->\n<title>Nachhaltige Adventskalender \u2013 DIY und gekauft | 21 Grad<\/title>\n<meta name=\"description\" content=\"Adventskalender aus dem Supermarkt fabrizieren jedes Jahr Unmengen an Verpackungsm\u00fcll. Geht das nicht auch nachhaltiger? Klar, wir zeigen wie.\" \/>\n<meta name=\"robots\" content=\"index, follow, max-snippet:-1, max-image-preview:large, max-video-preview:-1\" \/>\n<link rel=\"canonical\" href=\"https:\/\/www.vaillant.de\/21-grad\/bewusst-und-sein\/tipps-fuer-einen-nachhaltigen-adventskalender\/\" \/>\n<meta property=\"og:locale\" content=\"de_DE\" \/>\n<meta property=\"og:type\" content=\"article\" \/>\n<meta property=\"og:title\" content=\"Nachhaltige Adventskalender \u2013 DIY und gekauft | 21 Grad\" \/>\n<meta property=\"og:description\" content=\"Adventskalender aus dem Supermarkt fabrizieren jedes Jahr Unmengen an Verpackungsm\u00fcll. Geht das nicht auch nachhaltiger? Klar, wir zeigen wie.\" \/>\n<meta property=\"og:url\" content=\"https:\/\/www.vaillant.de\/21-grad\/bewusst-und-sein\/tipps-fuer-einen-nachhaltigen-adventskalender\/\" \/>\n<meta property=\"og:site_name\" content=\"21 grad\" \/>\n<meta property=\"article:publisher\" content=\"https:\/\/www.facebook.com\/21grad\/\" \/>\n<meta property=\"article:published_time\" content=\"2020-11-12T13:46:18+00:00\" \/>\n<meta property=\"article:modified_time\" content=\"2026-01-28T08:52:04+00:00\" \/>\n<meta property=\"og:image\" content=\"https:\/\/www.vaillant.de\/21-grad\/wp-content\/uploads\/2020\/11\/header-coXB9EFuWWg-unsplash.jpg\" \/>\n\t<meta property=\"og:image:width\" content=\"940\" \/>\n\t<meta property=\"og:image:height\" content=\"480\" \/>\n\t<meta property=\"og:image:type\" content=\"image\/jpeg\" \/>\n<meta name=\"author\" content=\"Lorena\" \/>\n<meta name=\"twitter:card\" content=\"summary_large_image\" \/>\n<meta name=\"twitter:creator\" content=\"@vaillant_de\" \/>\n<meta name=\"twitter:site\" content=\"@vaillant_de\" \/>\n<meta name=\"twitter:label1\" content=\"Verfasst von\" \/>\n\t<meta name=\"twitter:data1\" content=\"Lorena\" \/>\n\t<meta name=\"twitter:label2\" content=\"Gesch\u00e4tzte Lesezeit\" \/>\n\t<meta name=\"twitter:data2\" content=\"3\u00a0Minuten\" \/>\n\t<meta name=\"twitter:label3\" content=\"Written by\" \/>\n\t<meta name=\"twitter:data3\" content=\"Lorena\" \/>\n<script type=\"application\/ld+json\" class=\"yoast-schema-graph\">{\"@context\":\"https:\\\/\\\/schema.org\",\"@graph\":[{\"@type\":\"Article\",\"@id\":\"https:\\\/\\\/www.vaillant.de\\\/21-grad\\\/bewusst-und-sein\\\/tipps-fuer-einen-nachhaltigen-adventskalender\\\/#article\",\"isPartOf\":{\"@id\":\"https:\\\/\\\/www.vaillant.de\\\/21-grad\\\/bewusst-und-sein\\\/tipps-fuer-einen-nachhaltigen-adventskalender\\\/\"},\"author\":{\"name\":\"Lorena\",\"@id\":\"https:\\\/\\\/www.vaillant.de\\\/21-grad\\\/#\\\/schema\\\/person\\\/64bb3ed01d8d62d6fc3b965454e1d031\"},\"headline\":\"Tipps f\u00fcr einen nachhaltigen Adventskalender\",\"datePublished\":\"2020-11-12T13:46:18+00:00\",\"dateModified\":\"2026-01-28T08:52:04+00:00\",\"mainEntityOfPage\":{\"@id\":\"https:\\\/\\\/www.vaillant.de\\\/21-grad\\\/bewusst-und-sein\\\/tipps-fuer-einen-nachhaltigen-adventskalender\\\/\"},\"wordCount\":665,\"commentCount\":0,\"image\":{\"@id\":\"https:\\\/\\\/www.vaillant.de\\\/21-grad\\\/bewusst-und-sein\\\/tipps-fuer-einen-nachhaltigen-adventskalender\\\/#primaryimage\"},\"thumbnailUrl\":\"https:\\\/\\\/www.vaillant.de\\\/21-grad\\\/wp-content\\\/uploads\\\/2020\\\/11\\\/header-coXB9EFuWWg-unsplash.jpg\",\"keywords\":[\"Konsum\",\"Leben\",\"Lifestyle\",\"Nachhaltigkeit\"],\"articleSection\":[\"Bewusst &amp; Sein\"],\"inLanguage\":\"de\",\"potentialAction\":[{\"@type\":\"CommentAction\",\"name\":\"Comment\",\"target\":[\"https:\\\/\\\/www.vaillant.de\\\/21-grad\\\/bewusst-und-sein\\\/tipps-fuer-einen-nachhaltigen-adventskalender\\\/#respond\"]}]},{\"@type\":\"WebPage\",\"@id\":\"https:\\\/\\\/www.vaillant.de\\\/21-grad\\\/bewusst-und-sein\\\/tipps-fuer-einen-nachhaltigen-adventskalender\\\/\",\"url\":\"https:\\\/\\\/www.vaillant.de\\\/21-grad\\\/bewusst-und-sein\\\/tipps-fuer-einen-nachhaltigen-adventskalender\\\/\",\"name\":\"Nachhaltige Adventskalender \u2013 DIY und gekauft | 21 Grad\",\"isPartOf\":{\"@id\":\"https:\\\/\\\/www.vaillant.de\\\/21-grad\\\/#website\"},\"primaryImageOfPage\":{\"@id\":\"https:\\\/\\\/www.vaillant.de\\\/21-grad\\\/bewusst-und-sein\\\/tipps-fuer-einen-nachhaltigen-adventskalender\\\/#primaryimage\"},\"image\":{\"@id\":\"https:\\\/\\\/www.vaillant.de\\\/21-grad\\\/bewusst-und-sein\\\/tipps-fuer-einen-nachhaltigen-adventskalender\\\/#primaryimage\"},\"thumbnailUrl\":\"https:\\\/\\\/www.vaillant.de\\\/21-grad\\\/wp-content\\\/uploads\\\/2020\\\/11\\\/header-coXB9EFuWWg-unsplash.jpg\",\"datePublished\":\"2020-11-12T13:46:18+00:00\",\"dateModified\":\"2026-01-28T08:52:04+00:00\",\"author\":{\"@id\":\"https:\\\/\\\/www.vaillant.de\\\/21-grad\\\/#\\\/schema\\\/person\\\/64bb3ed01d8d62d6fc3b965454e1d031\"},\"description\":\"Adventskalender aus dem Supermarkt fabrizieren jedes Jahr Unmengen an Verpackungsm\u00fcll. Geht das nicht auch nachhaltiger? Klar, wir zeigen wie.\",\"breadcrumb\":{\"@id\":\"https:\\\/\\\/www.vaillant.de\\\/21-grad\\\/bewusst-und-sein\\\/tipps-fuer-einen-nachhaltigen-adventskalender\\\/#breadcrumb\"},\"inLanguage\":\"de\",\"potentialAction\":[{\"@type\":\"ReadAction\",\"target\":[\"https:\\\/\\\/www.vaillant.de\\\/21-grad\\\/bewusst-und-sein\\\/tipps-fuer-einen-nachhaltigen-adventskalender\\\/\"]}]},{\"@type\":\"ImageObject\",\"inLanguage\":\"de\",\"@id\":\"https:\\\/\\\/www.vaillant.de\\\/21-grad\\\/bewusst-und-sein\\\/tipps-fuer-einen-nachhaltigen-adventskalender\\\/#primaryimage\",\"url\":\"https:\\\/\\\/www.vaillant.de\\\/21-grad\\\/wp-content\\\/uploads\\\/2020\\\/11\\\/header-coXB9EFuWWg-unsplash.jpg\",\"contentUrl\":\"https:\\\/\\\/www.vaillant.de\\\/21-grad\\\/wp-content\\\/uploads\\\/2020\\\/11\\\/header-coXB9EFuWWg-unsplash.jpg\",\"width\":940,\"height\":480,\"caption\":\"Markus Spiske, Unsplash\"},{\"@type\":\"BreadcrumbList\",\"@id\":\"https:\\\/\\\/www.vaillant.de\\\/21-grad\\\/bewusst-und-sein\\\/tipps-fuer-einen-nachhaltigen-adventskalender\\\/#breadcrumb\",\"itemListElement\":[{\"@type\":\"ListItem\",\"position\":1,\"name\":\"Startseite\",\"item\":\"https:\\\/\\\/www.vaillant.de\\\/21-grad\\\/\"},{\"@type\":\"ListItem\",\"position\":2,\"name\":\"Tipps f\u00fcr einen nachhaltigen Adventskalender\"}]},{\"@type\":\"WebSite\",\"@id\":\"https:\\\/\\\/www.vaillant.de\\\/21-grad\\\/#website\",\"url\":\"https:\\\/\\\/www.vaillant.de\\\/21-grad\\\/\",\"name\":\"21 grad\",\"description\":\"Der Blog f\u00fcr Menschen, die weiterdenken\",\"potentialAction\":[{\"@type\":\"SearchAction\",\"target\":{\"@type\":\"EntryPoint\",\"urlTemplate\":\"https:\\\/\\\/www.vaillant.de\\\/21-grad\\\/?s={search_term_string}\"},\"query-input\":{\"@type\":\"PropertyValueSpecification\",\"valueRequired\":true,\"valueName\":\"search_term_string\"}}],\"inLanguage\":\"de\"},{\"@type\":\"Person\",\"@id\":\"https:\\\/\\\/www.vaillant.de\\\/21-grad\\\/#\\\/schema\\\/person\\\/64bb3ed01d8d62d6fc3b965454e1d031\",\"name\":\"Lorena\",\"image\":{\"@type\":\"ImageObject\",\"inLanguage\":\"de\",\"@id\":\"https:\\\/\\\/www.vaillant.de\\\/21-grad\\\/wp-content\\\/uploads\\\/2025\\\/04\\\/20230502_Vaillant-Mitarbeitershooting-Lennep_0045_MKP_100-125x125.jpg3845af5a66923cc212a0c6c57ae1c3a4\",\"url\":\"https:\\\/\\\/www.vaillant.de\\\/21-grad\\\/wp-content\\\/uploads\\\/2025\\\/04\\\/20230502_Vaillant-Mitarbeitershooting-Lennep_0045_MKP_100-125x125.jpg\",\"contentUrl\":\"https:\\\/\\\/www.vaillant.de\\\/21-grad\\\/wp-content\\\/uploads\\\/2025\\\/04\\\/20230502_Vaillant-Mitarbeitershooting-Lennep_0045_MKP_100-125x125.jpg\",\"caption\":\"Lorena\"},\"description\":\"In meiner Rolle als E-Mail-Marketing-Manager B2C liegt mein Fokus darauf, eine effektive und ansprechende E-Mail-Kommunikation mit unseren Kunden zu gestalten. Von der sorgf\u00e4ltigen Auswahl der relevanten Daten bis hin zur kreativen Erstellung und dem pr\u00e4zisen Versand der E-Mails sorge ich daf\u00fcr, dass unsere Botschaften genau dort ankommen, wo sie sollen. Nachhaltigkeit Nachhaltigkeit ist mir wichtig, und ich versuche, in meinem Alltag bewusst darauf zu achten. Zum Beispiel benutze ich Jutebeutel, wenn ich einkaufen gehe. Au\u00dferdem erledige ich so viel wie m\u00f6glich zu Fu\u00df. Das schont nicht nur die Umwelt, sondern tut auch meiner Gesundheit gut. Beim Einkaufen achte ich darauf, nur die Lebensmittel zu kaufen, die ich tats\u00e4chlich verbrauchen kann. Interessen Ich liebe es, mit Freunden beim Fu\u00dfball unterwegs zu sein, um unsere Mannschaft zu unterst\u00fctzen. In den Bergen f\u00fchle ich mich besonders wohl, sei es beim Skifahren, beim Wandern oder einfach beim Genie\u00dfen der beeindruckenden Aussicht. Dar\u00fcber hinaus finde ich gro\u00dfe Freude am Basteln, wo ich meiner Kreativit\u00e4t freien Lauf lasse, und am Backen, bei dem ich gerne meine Lieblingsrezepte aber auch neue ausprobiere. Was bringt dich auf die Palme? Tickende Uhren k\u00f6nnen mich wahnsinnig machen. Dieses konstante Ger\u00e4usch im Hintergrund, st\u00f6rt meine Konzentration und bringt mich aus der Ruhe.\",\"url\":\"https:\\\/\\\/www.vaillant.de\\\/21-grad\\\/autor\\\/lorena\\\/\"}]}<\/script>\n<!-- \/ Yoast SEO plugin. -->","yoast_head_json":{"title":"Nachhaltige Adventskalender \u2013 DIY und gekauft | 21 Grad","description":"Adventskalender aus dem Supermarkt fabrizieren jedes Jahr Unmengen an Verpackungsm\u00fcll. Geht das nicht auch nachhaltiger? Klar, wir zeigen wie.","robots":{"index":"index","follow":"follow","max-snippet":"max-snippet:-1","max-image-preview":"max-image-preview:large","max-video-preview":"max-video-preview:-1"},"canonical":"https:\/\/www.vaillant.de\/21-grad\/bewusst-und-sein\/tipps-fuer-einen-nachhaltigen-adventskalender\/","og_locale":"de_DE","og_type":"article","og_title":"Nachhaltige Adventskalender \u2013 DIY und gekauft | 21 Grad","og_description":"Adventskalender aus dem Supermarkt fabrizieren jedes Jahr Unmengen an Verpackungsm\u00fcll. Geht das nicht auch nachhaltiger? Klar, wir zeigen wie.","og_url":"https:\/\/www.vaillant.de\/21-grad\/bewusst-und-sein\/tipps-fuer-einen-nachhaltigen-adventskalender\/","og_site_name":"21 grad","article_publisher":"https:\/\/www.facebook.com\/21grad\/","article_published_time":"2020-11-12T13:46:18+00:00","article_modified_time":"2026-01-28T08:52:04+00:00","og_image":[{"width":940,"height":480,"url":"https:\/\/www.vaillant.de\/21-grad\/wp-content\/uploads\/2020\/11\/header-coXB9EFuWWg-unsplash.jpg","type":"image\/jpeg"}],"author":"Lorena","twitter_card":"summary_large_image","twitter_creator":"@vaillant_de","twitter_site":"@vaillant_de","twitter_misc":{"Verfasst von":"Lorena","Gesch\u00e4tzte Lesezeit":"3\u00a0Minuten","Written by":"Lorena"},"schema":{"@context":"https:\/\/schema.org","@graph":[{"@type":"Article","@id":"https:\/\/www.vaillant.de\/21-grad\/bewusst-und-sein\/tipps-fuer-einen-nachhaltigen-adventskalender\/#article","isPartOf":{"@id":"https:\/\/www.vaillant.de\/21-grad\/bewusst-und-sein\/tipps-fuer-einen-nachhaltigen-adventskalender\/"},"author":{"name":"Lorena","@id":"https:\/\/www.vaillant.de\/21-grad\/#\/schema\/person\/64bb3ed01d8d62d6fc3b965454e1d031"},"headline":"Tipps f\u00fcr einen nachhaltigen Adventskalender","datePublished":"2020-11-12T13:46:18+00:00","dateModified":"2026-01-28T08:52:04+00:00","mainEntityOfPage":{"@id":"https:\/\/www.vaillant.de\/21-grad\/bewusst-und-sein\/tipps-fuer-einen-nachhaltigen-adventskalender\/"},"wordCount":665,"commentCount":0,"image":{"@id":"https:\/\/www.vaillant.de\/21-grad\/bewusst-und-sein\/tipps-fuer-einen-nachhaltigen-adventskalender\/#primaryimage"},"thumbnailUrl":"https:\/\/www.vaillant.de\/21-grad\/wp-content\/uploads\/2020\/11\/header-coXB9EFuWWg-unsplash.jpg","keywords":["Konsum","Leben","Lifestyle","Nachhaltigkeit"],"articleSection":["Bewusst &amp; Sein"],"inLanguage":"de","potentialAction":[{"@type":"CommentAction","name":"Comment","target":["https:\/\/www.vaillant.de\/21-grad\/bewusst-und-sein\/tipps-fuer-einen-nachhaltigen-adventskalender\/#respond"]}]},{"@type":"WebPage","@id":"https:\/\/www.vaillant.de\/21-grad\/bewusst-und-sein\/tipps-fuer-einen-nachhaltigen-adventskalender\/","url":"https:\/\/www.vaillant.de\/21-grad\/bewusst-und-sein\/tipps-fuer-einen-nachhaltigen-adventskalender\/","name":"Nachhaltige Adventskalender \u2013 DIY und gekauft | 21 Grad","isPartOf":{"@id":"https:\/\/www.vaillant.de\/21-grad\/#website"},"primaryImageOfPage":{"@id":"https:\/\/www.vaillant.de\/21-grad\/bewusst-und-sein\/tipps-fuer-einen-nachhaltigen-adventskalender\/#primaryimage"},"image":{"@id":"https:\/\/www.vaillant.de\/21-grad\/bewusst-und-sein\/tipps-fuer-einen-nachhaltigen-adventskalender\/#primaryimage"},"thumbnailUrl":"https:\/\/www.vaillant.de\/21-grad\/wp-content\/uploads\/2020\/11\/header-coXB9EFuWWg-unsplash.jpg","datePublished":"2020-11-12T13:46:18+00:00","dateModified":"2026-01-28T08:52:04+00:00","author":{"@id":"https:\/\/www.vaillant.de\/21-grad\/#\/schema\/person\/64bb3ed01d8d62d6fc3b965454e1d031"},"description":"Adventskalender aus dem Supermarkt fabrizieren jedes Jahr Unmengen an Verpackungsm\u00fcll. Geht das nicht auch nachhaltiger? Klar, wir zeigen wie.","breadcrumb":{"@id":"https:\/\/www.vaillant.de\/21-grad\/bewusst-und-sein\/tipps-fuer-einen-nachhaltigen-adventskalender\/#breadcrumb"},"inLanguage":"de","potentialAction":[{"@type":"ReadAction","target":["https:\/\/www.vaillant.de\/21-grad\/bewusst-und-sein\/tipps-fuer-einen-nachhaltigen-adventskalender\/"]}]},{"@type":"ImageObject","inLanguage":"de","@id":"https:\/\/www.vaillant.de\/21-grad\/bewusst-und-sein\/tipps-fuer-einen-nachhaltigen-adventskalender\/#primaryimage","url":"https:\/\/www.vaillant.de\/21-grad\/wp-content\/uploads\/2020\/11\/header-coXB9EFuWWg-unsplash.jpg","contentUrl":"https:\/\/www.vaillant.de\/21-grad\/wp-content\/uploads\/2020\/11\/header-coXB9EFuWWg-unsplash.jpg","width":940,"height":480,"caption":"Markus Spiske, Unsplash"},{"@type":"BreadcrumbList","@id":"https:\/\/www.vaillant.de\/21-grad\/bewusst-und-sein\/tipps-fuer-einen-nachhaltigen-adventskalender\/#breadcrumb","itemListElement":[{"@type":"ListItem","position":1,"name":"Startseite","item":"https:\/\/www.vaillant.de\/21-grad\/"},{"@type":"ListItem","position":2,"name":"Tipps f\u00fcr einen nachhaltigen Adventskalender"}]},{"@type":"WebSite","@id":"https:\/\/www.vaillant.de\/21-grad\/#website","url":"https:\/\/www.vaillant.de\/21-grad\/","name":"21 grad","description":"Der Blog f\u00fcr Menschen, die weiterdenken","potentialAction":[{"@type":"SearchAction","target":{"@type":"EntryPoint","urlTemplate":"https:\/\/www.vaillant.de\/21-grad\/?s={search_term_string}"},"query-input":{"@type":"PropertyValueSpecification","valueRequired":true,"valueName":"search_term_string"}}],"inLanguage":"de"},{"@type":"Person","@id":"https:\/\/www.vaillant.de\/21-grad\/#\/schema\/person\/64bb3ed01d8d62d6fc3b965454e1d031","name":"Lorena","image":{"@type":"ImageObject","inLanguage":"de","@id":"https:\/\/www.vaillant.de\/21-grad\/wp-content\/uploads\/2025\/04\/20230502_Vaillant-Mitarbeitershooting-Lennep_0045_MKP_100-125x125.jpg3845af5a66923cc212a0c6c57ae1c3a4","url":"https:\/\/www.vaillant.de\/21-grad\/wp-content\/uploads\/2025\/04\/20230502_Vaillant-Mitarbeitershooting-Lennep_0045_MKP_100-125x125.jpg","contentUrl":"https:\/\/www.vaillant.de\/21-grad\/wp-content\/uploads\/2025\/04\/20230502_Vaillant-Mitarbeitershooting-Lennep_0045_MKP_100-125x125.jpg","caption":"Lorena"},"description":"In meiner Rolle als E-Mail-Marketing-Manager B2C liegt mein Fokus darauf, eine effektive und ansprechende E-Mail-Kommunikation mit unseren Kunden zu gestalten. Von der sorgf\u00e4ltigen Auswahl der relevanten Daten bis hin zur kreativen Erstellung und dem pr\u00e4zisen Versand der E-Mails sorge ich daf\u00fcr, dass unsere Botschaften genau dort ankommen, wo sie sollen. Nachhaltigkeit Nachhaltigkeit ist mir wichtig, und ich versuche, in meinem Alltag bewusst darauf zu achten. Zum Beispiel benutze ich Jutebeutel, wenn ich einkaufen gehe. Au\u00dferdem erledige ich so viel wie m\u00f6glich zu Fu\u00df. Das schont nicht nur die Umwelt, sondern tut auch meiner Gesundheit gut. Beim Einkaufen achte ich darauf, nur die Lebensmittel zu kaufen, die ich tats\u00e4chlich verbrauchen kann. Interessen Ich liebe es, mit Freunden beim Fu\u00dfball unterwegs zu sein, um unsere Mannschaft zu unterst\u00fctzen. In den Bergen f\u00fchle ich mich besonders wohl, sei es beim Skifahren, beim Wandern oder einfach beim Genie\u00dfen der beeindruckenden Aussicht. Dar\u00fcber hinaus finde ich gro\u00dfe Freude am Basteln, wo ich meiner Kreativit\u00e4t freien Lauf lasse, und am Backen, bei dem ich gerne meine Lieblingsrezepte aber auch neue ausprobiere. Was bringt dich auf die Palme? Tickende Uhren k\u00f6nnen mich wahnsinnig machen. Dieses konstante Ger\u00e4usch im Hintergrund, st\u00f6rt meine Konzentration und bringt mich aus der Ruhe.","url":"https:\/\/www.vaillant.de\/21-grad\/autor\/lorena\/"}]}},"_links":{"self":[{"href":"https:\/\/www.vaillant.de\/21-grad\/wp-json\/wp\/v2\/posts\/5694","targetHints":{"allow":["GET"]}}],"collection":[{"href":"https:\/\/www.vaillant.de\/21-grad\/wp-json\/wp\/v2\/posts"}],"about":[{"href":"https:\/\/www.vaillant.de\/21-grad\/wp-json\/wp\/v2\/types\/post"}],"author":[{"embeddable":true,"href":"https:\/\/www.vaillant.de\/21-grad\/wp-json\/wp\/v2\/users\/26"}],"replies":[{"embeddable":true,"href":"https:\/\/www.vaillant.de\/21-grad\/wp-json\/wp\/v2\/comments?post=5694"}],"version-history":[{"count":5,"href":"https:\/\/www.vaillant.de\/21-grad\/wp-json\/wp\/v2\/posts\/5694\/revisions"}],"predecessor-version":[{"id":5703,"href":"https:\/\/www.vaillant.de\/21-grad\/wp-json\/wp\/v2\/posts\/5694\/revisions\/5703"}],"wp:featuredmedia":[{"embeddable":true,"href":"https:\/\/www.vaillant.de\/21-grad\/wp-json\/wp\/v2\/media\/5696"}],"wp:attachment":[{"href":"https:\/\/www.vaillant.de\/21-grad\/wp-json\/wp\/v2\/media?parent=5694"}],"wp:term":[{"taxonomy":"category","embeddable":true,"href":"https:\/\/www.vaillant.de\/21-grad\/wp-json\/wp\/v2\/categories?post=5694"},{"taxonomy":"post_tag","embeddable":true,"href":"https:\/\/www.vaillant.de\/21-grad\/wp-json\/wp\/v2\/tags?post=5694"},{"taxonomy":"author","embeddable":true,"href":"https:\/\/www.vaillant.de\/21-grad\/wp-json\/wp\/v2\/coauthors?post=5694"}],"curies":[{"name":"wp","href":"https:\/\/api.w.org\/{rel}","templated":true}]}}