{"id":5704,"date":"2020-11-26T13:25:24","date_gmt":"2020-11-26T12:25:24","guid":{"rendered":"https:\/\/www.vaillant.de\/21-grad\/?p=5704"},"modified":"2020-11-26T13:25:24","modified_gmt":"2020-11-26T12:25:24","slug":"das-koennen-virtual-und-augmented-reality-im-handwerk-artikel-3-3","status":"publish","type":"post","link":"https:\/\/www.vaillant.de\/21-grad\/technik-und-trends\/das-koennen-virtual-und-augmented-reality-im-handwerk-artikel-3-3\/","title":{"rendered":"Das k\u00f6nnen Virtual und Augmented Reality im Handwerk (Artikel 3\/3)"},"content":{"rendered":"<h2>Virtuell die richtigen Fliesen ausw\u00e4hlen<\/h2>\n<p>Egal ob Schreiner, Fliesenleger oder Installateur \u2013 Handwerksbetriebe k\u00f6nnen Virtual und Augmented Reality nutzen, um den Ausbau von R\u00e4umen wie beispielsweise dem Badezimmer ganz genau zu planen. Mithilfe der VR-Technologie k\u00f6nnen Handwerker f\u00fcr ihre Kunden ein 3D-Raumerlebnis erzeugen. Die Kunden k\u00f6nnen dann mit einer VR-Brille virtuell in das zuk\u00fcnftige Badezimmer eintauchen, sodass sie bereits vor Baubeginn ganz genau wissen, wie das Ergebnis aussehen wird. B\u00f6se \u00dcberraschungen und aufw\u00e4ndige Nachbesserungen kommen deutlich seltener vor, weil beide Seiten ihre Anforderungen und Erwartungen durch die 3D-Visualisierung realit\u00e4tsnah veranschaulichen k\u00f6nnen. Auch Augmented Reality Apps k\u00f6nnen den Kunden bei der Auswahl von Produkten unterst\u00fctzen, indem er verschiedene Waschbecken direkt bei sich im Badezimmer virtuell platzieren kann. Zeitintensive Besuche in Badausstellungen oder Einrichtungsh\u00e4usern werden dadurch \u00fcberfl\u00fcssig.<\/p>\n<p>Die beiden Technologien erleichtern es Handwerkern, Kunden besser zu beraten, aber auch den Bau sowie die Sanierung und Modernisierung von R\u00e4umen effizienter zu planen. Fachhandwerker k\u00f6nnen das Bauvorhaben mithilfe der Anwendungen ausmessen und virtuell darstellen und so schon vorab testen, ob das neue Waschbecken auf die vorhandenen Anschl\u00fcsse passt. Das spart Zeit und Material.<\/p>\n<h2>Per Datenbrille die Installationsanleitung abrufen<\/h2>\n<p>Nicht nur in der Vorbereitungsphase eines Badezimmerbaus, auch bei der eigentlichen Montage sowie der Reparatur und Wartung k\u00f6nnen die Technologien Handwerker unterst\u00fctzen. Fachkr\u00e4fte k\u00f6nnen mit AR Leitungen oder Kabel, die sich hinter einer Wand befinden, sichtbar machen. Auch Serviceinformationen und Montageanleitungen sowie Geb\u00e4ude- und Installationspl\u00e4ne k\u00f6nnen direkt auf dem Smartphone, Tablet oder einer AR-Brille angezeigt werden und den Fachhandwerker vor Ort durch die notwendigen Schritte f\u00fchren. Der Installateur sieht dann durch virtuelle Pfeile, welche Schrauben er f\u00fcr die Wartung l\u00f6sen muss oder welches die Normwerte f\u00fcr das Ger\u00e4t sind. Ausgedruckte Unterlagen, h\u00e4ndische Dokumentationen und zeitintensives Nachschlagen in Ordnern werden \u00fcberfl\u00fcssig.<\/p>\n<p>Mehr noch: Per Datenbrille kann ein Livebild direkt in den Betrieb \u00fcbertragen werden. So kann ein erfahrener Kollege dem Handwerker vor Ort wertvolle Tipps und Informationen geben. Gerade bei kniffligen Reparaturarbeiten, die beim Kunden durchgef\u00fchrt werden, tragen die Technologien so zu einer gro\u00dfen Zeitersparnis und Qualit\u00e4tssteigerung bei.<\/p>\n<h2>Im 3D-Raum die Waschbeckenmontage \u00fcben<\/h2>\n<p><a href=\"https:\/\/www.vaillant.de\/21-grad\/wp-content\/uploads\/2020\/11\/ar-teil3.jpg\"><img loading=\"lazy\" decoding=\"async\" class=\"alignright size-medium wp-image-5710\" src=\"https:\/\/www.vaillant.de\/21-grad\/wp-content\/uploads\/2020\/11\/ar-teil3-412x232.jpg\" alt=\"Virtual und Augmented Reality im Handwerk\" width=\"412\" height=\"232\" srcset=\"https:\/\/www.vaillant.de\/21-grad\/wp-content\/uploads\/2020\/11\/ar-teil3-412x232.jpg 412w, https:\/\/www.vaillant.de\/21-grad\/wp-content\/uploads\/2020\/11\/ar-teil3-853x480.jpg 853w, https:\/\/www.vaillant.de\/21-grad\/wp-content\/uploads\/2020\/11\/ar-teil3-768x432.jpg 768w, https:\/\/www.vaillant.de\/21-grad\/wp-content\/uploads\/2020\/11\/ar-teil3-1536x864.jpg 1536w, https:\/\/www.vaillant.de\/21-grad\/wp-content\/uploads\/2020\/11\/ar-teil3-2048x1152.jpg 2048w\" sizes=\"auto, (max-width: 412px) 100vw, 412px\" \/><\/a>Mit der Remote-Unterst\u00fctzung mittels AR-Anwendungen besch\u00e4ftigt sich auch das Projekt \u201eARSuL\u201c (Augmented Reality basierter Support f\u00fcr das Lernen im Sanit\u00e4r-Heizung-Klima-Handwerk), an dem sich Vaillant zusammen mit mehreren Hochschulen seit 2017 beteiligt. Das Projekt erforscht, wie Handwerker f\u00fcr die immer komplexer werdenden Anforderungen im Bereich Heizung, Sanit\u00e4r und Klima (SHK) schnell und effektiv qualifiziert werden k\u00f6nnen. AR-Anwendungen k\u00f6nnen dabei nicht nur bei t\u00e4glichen Arbeitsprozessen vor Ort unterst\u00fctzen, sondern auch Trainingsangebote f\u00fcr Fachhandwerker und Auszubildende bereichern. Das im Jahr 2018 in Bayern gegr\u00fcndete Startup craftguide gilt hier als Vorreiter in Deutschland: Es bietet VR- und AR-Schulungen f\u00fcr das SHK-Handwerk an. Teilnehmer k\u00f6nnen beispielsweise virtuell Schritt f\u00fcr Schritt erlernen, wie ein Waschbecken montiert wird. Das Tolle daran: Nutzer k\u00f6nnen die Prozesse so oft sie m\u00f6chten wiederholen und \u00fcben \u2013 und das risikofrei an hochkomplexen Ger\u00e4ten, die sonst h\u00e4ufig zu teuer sind, um sie f\u00fcr Trainingszwecke zu besorgen. Das steigert die Qualit\u00e4t und Attraktivit\u00e4t der Ausbildung.<\/p>\n<h2>Digital mit dem Elektriker und Schreiner zusammenarbeiten<\/h2>\n<p>Augmented und Virtual Reality sind in einigen Handwerksbetrieben bereits Standard, aber l\u00e4ngst nicht in allen. Dabei schlummert gerade in der gewerke\u00fcbergreifenden Zusammenarbeit eine Menge Potenzial, aber auch eine gro\u00dfe Herausforderung. Bislang arbeiten die verschiedenen Gewerke oft mit unterschiedlichen Daten, auf denen die 3D-Visualisierungen basieren. Mit einem einheitlichen und \u00fcbergreifenden System k\u00f6nnten verschiedene Handwerksbetriebe an einem Objekt viel effizienter, pr\u00e4ziser und ressourcenschonender zusammenarbeiten. Dann w\u00fcrde der Fliesenleger zusammen mit dem Schreiner, dem Installateur und dem Elektriker auf ein Datensystem zugreifen, um gemeinsam das Badezimmer zu planen und die handwerklichen Abl\u00e4ufe optimal aufeinander abzustimmen. Das w\u00fcrde Arbeitsprozesse in Zukunft deutlich effizienter gestalten \u2013 f\u00fcr den Fachhandwerker als auch den Kunden.<\/p>\n","protected":false},"excerpt":{"rendered":"<p>Welches Waschbecken passt am besten in mein Badezimmer? Aus Marmor oder doch Keramik? Dazu runde oder eckige Fliesen? Anhand eines Badezimmers zeigen wir euch, wie  virtuelle Realit\u00e4t im Handwerk eingesetzt werden kann. Aber nicht nur f\u00fcr die Planung von R\u00e4umen, sondern auch f\u00fcr viele andere handwerkliche Prozesse bieten Virtual (VR) und Augmented Reality (AR) zahllose M\u00f6glichkeiten. In Teil 3 unserer Serie zeigen wir, wie das Handwerk von den Technologien profitiert.<\/p>\n","protected":false},"author":6,"featured_media":5709,"comment_status":"open","ping_status":"open","sticky":false,"template":"","format":"standard","meta":{"footnotes":""},"categories":[4,183],"tags":[167,86,165],"coauthors":[70],"class_list":["post-5704","post","type-post","status-publish","format-standard","has-post-thumbnail","hentry","category-technik-und-trends","category-partner-beitraege","tag-digitale-trends","tag-leben","tag-zukunftstrends"],"yoast_head":"<!-- This site is optimized with the Yoast SEO plugin v27.4 - https:\/\/yoast.com\/product\/yoast-seo-wordpress\/ -->\n<title>Das k\u00f6nnen Virtual und Augmented Reality im Handwerk | 21 grad<\/title>\n<meta name=\"description\" content=\"Wir zeigen Beispiele aus der Praxis: So profitiert das Fachhandwerk von Augmented und Virtual Reality Anwendungen. | 21 grad\" \/>\n<meta name=\"robots\" content=\"index, follow, max-snippet:-1, max-image-preview:large, max-video-preview:-1\" \/>\n<link rel=\"canonical\" href=\"https:\/\/www.vaillant.de\/21-grad\/technik-und-trends\/das-koennen-virtual-und-augmented-reality-im-handwerk-artikel-3-3\/\" \/>\n<meta property=\"og:locale\" content=\"de_DE\" \/>\n<meta property=\"og:type\" content=\"article\" \/>\n<meta property=\"og:title\" content=\"Das k\u00f6nnen Virtual und Augmented Reality im Handwerk | 21 grad\" \/>\n<meta property=\"og:description\" content=\"Wir zeigen Beispiele aus der Praxis: So profitiert das Fachhandwerk von Augmented und Virtual Reality Anwendungen. | 21 grad\" \/>\n<meta property=\"og:url\" content=\"https:\/\/www.vaillant.de\/21-grad\/technik-und-trends\/das-koennen-virtual-und-augmented-reality-im-handwerk-artikel-3-3\/\" \/>\n<meta property=\"og:site_name\" content=\"21 grad\" \/>\n<meta property=\"article:publisher\" content=\"https:\/\/www.facebook.com\/21grad\/\" \/>\n<meta property=\"article:published_time\" content=\"2020-11-26T12:25:24+00:00\" \/>\n<meta property=\"og:image\" content=\"https:\/\/www.vaillant.de\/21-grad\/wp-content\/uploads\/2020\/11\/header-ar-teil3.jpg\" \/>\n\t<meta property=\"og:image:width\" content=\"940\" \/>\n\t<meta property=\"og:image:height\" content=\"480\" \/>\n\t<meta property=\"og:image:type\" content=\"image\/jpeg\" \/>\n<meta name=\"author\" content=\"Marcus\" \/>\n<meta name=\"twitter:card\" content=\"summary_large_image\" \/>\n<meta name=\"twitter:creator\" content=\"@vaillant_de\" \/>\n<meta name=\"twitter:site\" content=\"@vaillant_de\" \/>\n<meta name=\"twitter:label1\" content=\"Verfasst von\" \/>\n\t<meta name=\"twitter:data1\" content=\"Marcus\" \/>\n\t<meta name=\"twitter:label2\" content=\"Gesch\u00e4tzte Lesezeit\" \/>\n\t<meta name=\"twitter:data2\" content=\"3\u00a0Minuten\" \/>\n\t<meta name=\"twitter:label3\" content=\"Written by\" \/>\n\t<meta name=\"twitter:data3\" content=\"Marcus\" \/>\n<script type=\"application\/ld+json\" class=\"yoast-schema-graph\">{\"@context\":\"https:\\\/\\\/schema.org\",\"@graph\":[{\"@type\":\"Article\",\"@id\":\"https:\\\/\\\/www.vaillant.de\\\/21-grad\\\/technik-und-trends\\\/das-koennen-virtual-und-augmented-reality-im-handwerk-artikel-3-3\\\/#article\",\"isPartOf\":{\"@id\":\"https:\\\/\\\/www.vaillant.de\\\/21-grad\\\/technik-und-trends\\\/das-koennen-virtual-und-augmented-reality-im-handwerk-artikel-3-3\\\/\"},\"author\":{\"name\":\"Marcus\",\"@id\":\"https:\\\/\\\/www.vaillant.de\\\/21-grad\\\/#\\\/schema\\\/person\\\/d79d2ba98cd3da7ae5877706050352da\"},\"headline\":\"Das k\u00f6nnen Virtual und Augmented Reality im Handwerk (Artikel 3\\\/3)\",\"datePublished\":\"2020-11-26T12:25:24+00:00\",\"mainEntityOfPage\":{\"@id\":\"https:\\\/\\\/www.vaillant.de\\\/21-grad\\\/technik-und-trends\\\/das-koennen-virtual-und-augmented-reality-im-handwerk-artikel-3-3\\\/\"},\"wordCount\":674,\"commentCount\":0,\"image\":{\"@id\":\"https:\\\/\\\/www.vaillant.de\\\/21-grad\\\/technik-und-trends\\\/das-koennen-virtual-und-augmented-reality-im-handwerk-artikel-3-3\\\/#primaryimage\"},\"thumbnailUrl\":\"https:\\\/\\\/www.vaillant.de\\\/21-grad\\\/wp-content\\\/uploads\\\/2020\\\/11\\\/header-ar-teil3.jpg\",\"keywords\":[\"digitale Trends\",\"Leben\",\"Zukunftstrends\"],\"articleSection\":[\"Technik &amp; Trends\",\"X-Partner-Beitr\u00e4ge\"],\"inLanguage\":\"de\",\"potentialAction\":[{\"@type\":\"CommentAction\",\"name\":\"Comment\",\"target\":[\"https:\\\/\\\/www.vaillant.de\\\/21-grad\\\/technik-und-trends\\\/das-koennen-virtual-und-augmented-reality-im-handwerk-artikel-3-3\\\/#respond\"]}]},{\"@type\":\"WebPage\",\"@id\":\"https:\\\/\\\/www.vaillant.de\\\/21-grad\\\/technik-und-trends\\\/das-koennen-virtual-und-augmented-reality-im-handwerk-artikel-3-3\\\/\",\"url\":\"https:\\\/\\\/www.vaillant.de\\\/21-grad\\\/technik-und-trends\\\/das-koennen-virtual-und-augmented-reality-im-handwerk-artikel-3-3\\\/\",\"name\":\"Das k\u00f6nnen Virtual und Augmented Reality im Handwerk | 21 grad\",\"isPartOf\":{\"@id\":\"https:\\\/\\\/www.vaillant.de\\\/21-grad\\\/#website\"},\"primaryImageOfPage\":{\"@id\":\"https:\\\/\\\/www.vaillant.de\\\/21-grad\\\/technik-und-trends\\\/das-koennen-virtual-und-augmented-reality-im-handwerk-artikel-3-3\\\/#primaryimage\"},\"image\":{\"@id\":\"https:\\\/\\\/www.vaillant.de\\\/21-grad\\\/technik-und-trends\\\/das-koennen-virtual-und-augmented-reality-im-handwerk-artikel-3-3\\\/#primaryimage\"},\"thumbnailUrl\":\"https:\\\/\\\/www.vaillant.de\\\/21-grad\\\/wp-content\\\/uploads\\\/2020\\\/11\\\/header-ar-teil3.jpg\",\"datePublished\":\"2020-11-26T12:25:24+00:00\",\"author\":{\"@id\":\"https:\\\/\\\/www.vaillant.de\\\/21-grad\\\/#\\\/schema\\\/person\\\/d79d2ba98cd3da7ae5877706050352da\"},\"description\":\"Wir zeigen Beispiele aus der Praxis: So profitiert das Fachhandwerk von Augmented und Virtual Reality Anwendungen. | 21 grad\",\"breadcrumb\":{\"@id\":\"https:\\\/\\\/www.vaillant.de\\\/21-grad\\\/technik-und-trends\\\/das-koennen-virtual-und-augmented-reality-im-handwerk-artikel-3-3\\\/#breadcrumb\"},\"inLanguage\":\"de\",\"potentialAction\":[{\"@type\":\"ReadAction\",\"target\":[\"https:\\\/\\\/www.vaillant.de\\\/21-grad\\\/technik-und-trends\\\/das-koennen-virtual-und-augmented-reality-im-handwerk-artikel-3-3\\\/\"]}]},{\"@type\":\"ImageObject\",\"inLanguage\":\"de\",\"@id\":\"https:\\\/\\\/www.vaillant.de\\\/21-grad\\\/technik-und-trends\\\/das-koennen-virtual-und-augmented-reality-im-handwerk-artikel-3-3\\\/#primaryimage\",\"url\":\"https:\\\/\\\/www.vaillant.de\\\/21-grad\\\/wp-content\\\/uploads\\\/2020\\\/11\\\/header-ar-teil3.jpg\",\"contentUrl\":\"https:\\\/\\\/www.vaillant.de\\\/21-grad\\\/wp-content\\\/uploads\\\/2020\\\/11\\\/header-ar-teil3.jpg\",\"width\":940,\"height\":480,\"caption\":\"Virtual und Augmented Reality im Handwerk\"},{\"@type\":\"BreadcrumbList\",\"@id\":\"https:\\\/\\\/www.vaillant.de\\\/21-grad\\\/technik-und-trends\\\/das-koennen-virtual-und-augmented-reality-im-handwerk-artikel-3-3\\\/#breadcrumb\",\"itemListElement\":[{\"@type\":\"ListItem\",\"position\":1,\"name\":\"Startseite\",\"item\":\"https:\\\/\\\/www.vaillant.de\\\/21-grad\\\/\"},{\"@type\":\"ListItem\",\"position\":2,\"name\":\"Das k\u00f6nnen Virtual und Augmented Reality im Handwerk (Artikel 3\\\/3)\"}]},{\"@type\":\"WebSite\",\"@id\":\"https:\\\/\\\/www.vaillant.de\\\/21-grad\\\/#website\",\"url\":\"https:\\\/\\\/www.vaillant.de\\\/21-grad\\\/\",\"name\":\"21 grad\",\"description\":\"Der Blog f\u00fcr Menschen, die weiterdenken\",\"potentialAction\":[{\"@type\":\"SearchAction\",\"target\":{\"@type\":\"EntryPoint\",\"urlTemplate\":\"https:\\\/\\\/www.vaillant.de\\\/21-grad\\\/?s={search_term_string}\"},\"query-input\":{\"@type\":\"PropertyValueSpecification\",\"valueRequired\":true,\"valueName\":\"search_term_string\"}}],\"inLanguage\":\"de\"},{\"@type\":\"Person\",\"@id\":\"https:\\\/\\\/www.vaillant.de\\\/21-grad\\\/#\\\/schema\\\/person\\\/d79d2ba98cd3da7ae5877706050352da\",\"name\":\"Marcus\",\"image\":{\"@type\":\"ImageObject\",\"inLanguage\":\"de\",\"@id\":\"https:\\\/\\\/www.vaillant.de\\\/21-grad\\\/wp-content\\\/uploads\\\/2026\\\/01\\\/Marcus-125x125.jpg9d3430f1bc55d5a5d47a1162a14ae1af\",\"url\":\"https:\\\/\\\/www.vaillant.de\\\/21-grad\\\/wp-content\\\/uploads\\\/2026\\\/01\\\/Marcus-125x125.jpg\",\"contentUrl\":\"https:\\\/\\\/www.vaillant.de\\\/21-grad\\\/wp-content\\\/uploads\\\/2026\\\/01\\\/Marcus-125x125.jpg\",\"caption\":\"Marcus\"},\"description\":\"Willkommen in der wunderbaren Welt des 21grad Blogs. Als Medien- und Kooperationsmanager bin ich bei Vaillant Deutschland u.a. f\u00fcr unsere Fach- und Branchenkommunikation zust\u00e4ndig. Ich freue mich auf den Dialog mit Euch. :-) Nachhaltigkeit Bewusster Konsum und soziales Engagement liegen mir sehr am Herzen. Zuhause nutze ich \u00d6kostrom und Biogas, bei Lebensmitteln sind mir Labels wie Fair-Trade oder Bio sehr wichtig. Ich bin Sportwart beim Tennisclub Gr\u00fcn-Wei\u00df Lennep und engagiere mich auch f\u00fcr Aktion Mensch oder SOS-Kinderdorf. Interessen Unternehmungen mit Familie und Freunden, Tennis, Rock-Konzerte, Kino, B\u00fccher (z.B. Hornby, Eschbach, Uschmann) Was wolltest du als Kind gerne werden? Um es mit den \u00c4rzten zu sagen: Popstar, Bademeister oder Astronaut Was bringt dich auf die Palme? Menschen, die Schuld immer bei anderen suchen oder auch nat\u00fcrlich eine leckere Kokosnuss Was war der beste Rat, den du jemals erhalten hast? \u201eDenke in L\u00f6sungen, nicht in Problemen.\u201c\",\"url\":\"https:\\\/\\\/www.vaillant.de\\\/21-grad\\\/autor\\\/marcus\\\/\"}]}<\/script>\n<!-- \/ Yoast SEO plugin. -->","yoast_head_json":{"title":"Das k\u00f6nnen Virtual und Augmented Reality im Handwerk | 21 grad","description":"Wir zeigen Beispiele aus der Praxis: So profitiert das Fachhandwerk von Augmented und Virtual Reality Anwendungen. | 21 grad","robots":{"index":"index","follow":"follow","max-snippet":"max-snippet:-1","max-image-preview":"max-image-preview:large","max-video-preview":"max-video-preview:-1"},"canonical":"https:\/\/www.vaillant.de\/21-grad\/technik-und-trends\/das-koennen-virtual-und-augmented-reality-im-handwerk-artikel-3-3\/","og_locale":"de_DE","og_type":"article","og_title":"Das k\u00f6nnen Virtual und Augmented Reality im Handwerk | 21 grad","og_description":"Wir zeigen Beispiele aus der Praxis: So profitiert das Fachhandwerk von Augmented und Virtual Reality Anwendungen. | 21 grad","og_url":"https:\/\/www.vaillant.de\/21-grad\/technik-und-trends\/das-koennen-virtual-und-augmented-reality-im-handwerk-artikel-3-3\/","og_site_name":"21 grad","article_publisher":"https:\/\/www.facebook.com\/21grad\/","article_published_time":"2020-11-26T12:25:24+00:00","og_image":[{"width":940,"height":480,"url":"https:\/\/www.vaillant.de\/21-grad\/wp-content\/uploads\/2020\/11\/header-ar-teil3.jpg","type":"image\/jpeg"}],"author":"Marcus","twitter_card":"summary_large_image","twitter_creator":"@vaillant_de","twitter_site":"@vaillant_de","twitter_misc":{"Verfasst von":"Marcus","Gesch\u00e4tzte Lesezeit":"3\u00a0Minuten","Written by":"Marcus"},"schema":{"@context":"https:\/\/schema.org","@graph":[{"@type":"Article","@id":"https:\/\/www.vaillant.de\/21-grad\/technik-und-trends\/das-koennen-virtual-und-augmented-reality-im-handwerk-artikel-3-3\/#article","isPartOf":{"@id":"https:\/\/www.vaillant.de\/21-grad\/technik-und-trends\/das-koennen-virtual-und-augmented-reality-im-handwerk-artikel-3-3\/"},"author":{"name":"Marcus","@id":"https:\/\/www.vaillant.de\/21-grad\/#\/schema\/person\/d79d2ba98cd3da7ae5877706050352da"},"headline":"Das k\u00f6nnen Virtual und Augmented Reality im Handwerk (Artikel 3\/3)","datePublished":"2020-11-26T12:25:24+00:00","mainEntityOfPage":{"@id":"https:\/\/www.vaillant.de\/21-grad\/technik-und-trends\/das-koennen-virtual-und-augmented-reality-im-handwerk-artikel-3-3\/"},"wordCount":674,"commentCount":0,"image":{"@id":"https:\/\/www.vaillant.de\/21-grad\/technik-und-trends\/das-koennen-virtual-und-augmented-reality-im-handwerk-artikel-3-3\/#primaryimage"},"thumbnailUrl":"https:\/\/www.vaillant.de\/21-grad\/wp-content\/uploads\/2020\/11\/header-ar-teil3.jpg","keywords":["digitale Trends","Leben","Zukunftstrends"],"articleSection":["Technik &amp; Trends","X-Partner-Beitr\u00e4ge"],"inLanguage":"de","potentialAction":[{"@type":"CommentAction","name":"Comment","target":["https:\/\/www.vaillant.de\/21-grad\/technik-und-trends\/das-koennen-virtual-und-augmented-reality-im-handwerk-artikel-3-3\/#respond"]}]},{"@type":"WebPage","@id":"https:\/\/www.vaillant.de\/21-grad\/technik-und-trends\/das-koennen-virtual-und-augmented-reality-im-handwerk-artikel-3-3\/","url":"https:\/\/www.vaillant.de\/21-grad\/technik-und-trends\/das-koennen-virtual-und-augmented-reality-im-handwerk-artikel-3-3\/","name":"Das k\u00f6nnen Virtual und Augmented Reality im Handwerk | 21 grad","isPartOf":{"@id":"https:\/\/www.vaillant.de\/21-grad\/#website"},"primaryImageOfPage":{"@id":"https:\/\/www.vaillant.de\/21-grad\/technik-und-trends\/das-koennen-virtual-und-augmented-reality-im-handwerk-artikel-3-3\/#primaryimage"},"image":{"@id":"https:\/\/www.vaillant.de\/21-grad\/technik-und-trends\/das-koennen-virtual-und-augmented-reality-im-handwerk-artikel-3-3\/#primaryimage"},"thumbnailUrl":"https:\/\/www.vaillant.de\/21-grad\/wp-content\/uploads\/2020\/11\/header-ar-teil3.jpg","datePublished":"2020-11-26T12:25:24+00:00","author":{"@id":"https:\/\/www.vaillant.de\/21-grad\/#\/schema\/person\/d79d2ba98cd3da7ae5877706050352da"},"description":"Wir zeigen Beispiele aus der Praxis: So profitiert das Fachhandwerk von Augmented und Virtual Reality Anwendungen. | 21 grad","breadcrumb":{"@id":"https:\/\/www.vaillant.de\/21-grad\/technik-und-trends\/das-koennen-virtual-und-augmented-reality-im-handwerk-artikel-3-3\/#breadcrumb"},"inLanguage":"de","potentialAction":[{"@type":"ReadAction","target":["https:\/\/www.vaillant.de\/21-grad\/technik-und-trends\/das-koennen-virtual-und-augmented-reality-im-handwerk-artikel-3-3\/"]}]},{"@type":"ImageObject","inLanguage":"de","@id":"https:\/\/www.vaillant.de\/21-grad\/technik-und-trends\/das-koennen-virtual-und-augmented-reality-im-handwerk-artikel-3-3\/#primaryimage","url":"https:\/\/www.vaillant.de\/21-grad\/wp-content\/uploads\/2020\/11\/header-ar-teil3.jpg","contentUrl":"https:\/\/www.vaillant.de\/21-grad\/wp-content\/uploads\/2020\/11\/header-ar-teil3.jpg","width":940,"height":480,"caption":"Virtual und Augmented Reality im Handwerk"},{"@type":"BreadcrumbList","@id":"https:\/\/www.vaillant.de\/21-grad\/technik-und-trends\/das-koennen-virtual-und-augmented-reality-im-handwerk-artikel-3-3\/#breadcrumb","itemListElement":[{"@type":"ListItem","position":1,"name":"Startseite","item":"https:\/\/www.vaillant.de\/21-grad\/"},{"@type":"ListItem","position":2,"name":"Das k\u00f6nnen Virtual und Augmented Reality im Handwerk (Artikel 3\/3)"}]},{"@type":"WebSite","@id":"https:\/\/www.vaillant.de\/21-grad\/#website","url":"https:\/\/www.vaillant.de\/21-grad\/","name":"21 grad","description":"Der Blog f\u00fcr Menschen, die weiterdenken","potentialAction":[{"@type":"SearchAction","target":{"@type":"EntryPoint","urlTemplate":"https:\/\/www.vaillant.de\/21-grad\/?s={search_term_string}"},"query-input":{"@type":"PropertyValueSpecification","valueRequired":true,"valueName":"search_term_string"}}],"inLanguage":"de"},{"@type":"Person","@id":"https:\/\/www.vaillant.de\/21-grad\/#\/schema\/person\/d79d2ba98cd3da7ae5877706050352da","name":"Marcus","image":{"@type":"ImageObject","inLanguage":"de","@id":"https:\/\/www.vaillant.de\/21-grad\/wp-content\/uploads\/2026\/01\/Marcus-125x125.jpg9d3430f1bc55d5a5d47a1162a14ae1af","url":"https:\/\/www.vaillant.de\/21-grad\/wp-content\/uploads\/2026\/01\/Marcus-125x125.jpg","contentUrl":"https:\/\/www.vaillant.de\/21-grad\/wp-content\/uploads\/2026\/01\/Marcus-125x125.jpg","caption":"Marcus"},"description":"Willkommen in der wunderbaren Welt des 21grad Blogs. Als Medien- und Kooperationsmanager bin ich bei Vaillant Deutschland u.a. f\u00fcr unsere Fach- und Branchenkommunikation zust\u00e4ndig. Ich freue mich auf den Dialog mit Euch. :-) Nachhaltigkeit Bewusster Konsum und soziales Engagement liegen mir sehr am Herzen. Zuhause nutze ich \u00d6kostrom und Biogas, bei Lebensmitteln sind mir Labels wie Fair-Trade oder Bio sehr wichtig. Ich bin Sportwart beim Tennisclub Gr\u00fcn-Wei\u00df Lennep und engagiere mich auch f\u00fcr Aktion Mensch oder SOS-Kinderdorf. Interessen Unternehmungen mit Familie und Freunden, Tennis, Rock-Konzerte, Kino, B\u00fccher (z.B. Hornby, Eschbach, Uschmann) Was wolltest du als Kind gerne werden? Um es mit den \u00c4rzten zu sagen: Popstar, Bademeister oder Astronaut Was bringt dich auf die Palme? Menschen, die Schuld immer bei anderen suchen oder auch nat\u00fcrlich eine leckere Kokosnuss Was war der beste Rat, den du jemals erhalten hast? \u201eDenke in L\u00f6sungen, nicht in Problemen.\u201c","url":"https:\/\/www.vaillant.de\/21-grad\/autor\/marcus\/"}]}},"_links":{"self":[{"href":"https:\/\/www.vaillant.de\/21-grad\/wp-json\/wp\/v2\/posts\/5704","targetHints":{"allow":["GET"]}}],"collection":[{"href":"https:\/\/www.vaillant.de\/21-grad\/wp-json\/wp\/v2\/posts"}],"about":[{"href":"https:\/\/www.vaillant.de\/21-grad\/wp-json\/wp\/v2\/types\/post"}],"author":[{"embeddable":true,"href":"https:\/\/www.vaillant.de\/21-grad\/wp-json\/wp\/v2\/users\/6"}],"replies":[{"embeddable":true,"href":"https:\/\/www.vaillant.de\/21-grad\/wp-json\/wp\/v2\/comments?post=5704"}],"version-history":[{"count":5,"href":"https:\/\/www.vaillant.de\/21-grad\/wp-json\/wp\/v2\/posts\/5704\/revisions"}],"predecessor-version":[{"id":5742,"href":"https:\/\/www.vaillant.de\/21-grad\/wp-json\/wp\/v2\/posts\/5704\/revisions\/5742"}],"wp:featuredmedia":[{"embeddable":true,"href":"https:\/\/www.vaillant.de\/21-grad\/wp-json\/wp\/v2\/media\/5709"}],"wp:attachment":[{"href":"https:\/\/www.vaillant.de\/21-grad\/wp-json\/wp\/v2\/media?parent=5704"}],"wp:term":[{"taxonomy":"category","embeddable":true,"href":"https:\/\/www.vaillant.de\/21-grad\/wp-json\/wp\/v2\/categories?post=5704"},{"taxonomy":"post_tag","embeddable":true,"href":"https:\/\/www.vaillant.de\/21-grad\/wp-json\/wp\/v2\/tags?post=5704"},{"taxonomy":"author","embeddable":true,"href":"https:\/\/www.vaillant.de\/21-grad\/wp-json\/wp\/v2\/coauthors?post=5704"}],"curies":[{"name":"wp","href":"https:\/\/api.w.org\/{rel}","templated":true}]}}