{"id":5718,"date":"2020-11-20T13:38:02","date_gmt":"2020-11-20T12:38:02","guid":{"rendered":"https:\/\/www.vaillant.de\/21-grad\/?p=5718"},"modified":"2023-06-06T11:33:49","modified_gmt":"2023-06-06T09:33:49","slug":"waermepumpe-du-bist-wunderbar","status":"publish","type":"post","link":"https:\/\/www.vaillant.de\/21-grad\/rat-und-tat\/waermepumpe-du-bist-wunderbar\/","title":{"rendered":"W\u00e4rmepumpe, du bist wunderbar!"},"content":{"rendered":"<p>Heizt ihr noch, oder k\u00fchlt ihr auch schon? Und genie\u00dft nebenbei maximalen Komfort, bis zu 100 % Unabh\u00e4ngigkeit von fossilen Brennstoffen und das gute Gef\u00fchl, das Klima aktiv zu sch\u00fctzen? Wenn ja, dann geh\u00f6rt eine von 1 Mio. in Deutschland installierten W\u00e4rmepumpen euch!<\/p>\n<h2>Du bist die Nummer 1 im Neubau, im Altbau wirst du es werden<\/h2>\n<p>Warum wir da so sicher sind? Weil du auf ganzer Linie \u00fcberzeugst. Du ziehst in Ein- und Mehrfamilienh\u00e4user, um die Menschen darin zu erw\u00e4rmen. Daf\u00fcr ben\u00f6tigst du weder \u00d6l noch Gas, sondern Umweltw\u00e4rme, die in der Luft, im Grundwasser und im Erdreich gespeichert ist. Umweltw\u00e4rme, die uns die Sonne liefert \u2013 und die du, angetrieben von Strom, auf die gew\u00fcnschte Wohlf\u00fchltemperatur \u201epumpst\u201c \u2013 sogar bei Minusgraden. So kannst du mit 1 kWh Strom 4 kWh W\u00e4rme erzeugen. Wie du das machst, erkl\u00e4rt dieses <a href=\"https:\/\/www.youtube.com\/watch?reload=9&amp;v=rIfTfsKpiNA\" target=\"_blank\" rel=\"noopener noreferrer\">Video<\/a> in weniger als 100 Sekunden. Achtung, Spoiler: Du funktionierst wie ein Schnellkochtopf. Und da der Strom in Deutschland immer gr\u00fcner wird, erzeugst du kaum noch CO2. Kombinieren wir dich mit Photovoltaik, bist du sogar das gr\u00fcnste Heizsystem der Welt. Bravo!<\/p>\n<h2>Deine Geburt war nicht einfach und wir mussten lange auf dich warten<\/h2>\n<p><a href=\"https:\/\/www.vaillant.de\/21-grad\/wp-content\/uploads\/2020\/11\/whywait.jpg\"><img loading=\"lazy\" decoding=\"async\" class=\"alignright size-medium wp-image-5727\" src=\"https:\/\/www.vaillant.de\/21-grad\/wp-content\/uploads\/2020\/11\/whywait-348x232.jpg\" alt=\"\" width=\"348\" height=\"232\" srcset=\"https:\/\/www.vaillant.de\/21-grad\/wp-content\/uploads\/2020\/11\/whywait-348x232.jpg 348w, https:\/\/www.vaillant.de\/21-grad\/wp-content\/uploads\/2020\/11\/whywait-720x480.jpg 720w, https:\/\/www.vaillant.de\/21-grad\/wp-content\/uploads\/2020\/11\/whywait-768x512.jpg 768w, https:\/\/www.vaillant.de\/21-grad\/wp-content\/uploads\/2020\/11\/whywait.jpg 1500w\" sizes=\"auto, (max-width: 348px) 100vw, 348px\" \/><\/a>Auf die Welt gekommen bist du 1834. Der aus den USA stammende Jacob Perkins baute dich, um Eis zu K\u00fchlzwecken herzustellen. Bereits damals warst du im Wesentlichen so ausgestattet, wie wir dich heute kennen: mit einem Kompressor, Kondensator, Verdampfer und Expansionsventil. Und auch wenn dir Lord Kelvin bereits 1852 eine glorreiche Zukunft vorhergesagt hatte, eben weil du zur W\u00e4rmeerzeugung nur wenig Prim\u00e4renergie ben\u00f6tigst, sollte es doch noch rund 85 Jahre dauern, bis du erstmals zur Raumheizung in Betrieb gingst \u2013 n\u00e4mlich in den 1930er Jahren in den USA: als Klimaanlage mit optionaler Raumheizung. Bei uns wurdest du 1968 erstmals von Klemens Oskar Waterkotte in Kombination mit einer Fu\u00dfbodenheizung installiert. Dar\u00fcber hinaus ist nur bekannt, dass du in einem Einfamilienhaus wirktest und Erdw\u00e4rme nutztest.<\/p>\n<h2>Du bist vielf\u00e4ltig und kannst eine Sole\/Wasser-, Wasser\/Wasser- und Luft\/Wasser-W\u00e4rmepumpe sein<\/h2>\n<ul>\n<li>Als Sole\/Wasser-W\u00e4rmepumpe machst du dir die W\u00e4rme des Erdreichs zunutze. Ab einer gewissen Tiefe findest du konstante Temperaturen zwischen 7 und 12 \u00b0C vor, die dir zum Heizen v\u00f6llig ausreichen. Entweder zapfst du die W\u00e4rme mit einer Erdsonde oder einem Erdkollektor an. Weitere Infos findet ihr <a href=\"https:\/\/www.vaillant.de\/heizung\/heizung-verstehen\/technologie-verstehen\/waermepumpe\/erdwaermepumpe\/\" target=\"_blank\" rel=\"noopener noreferrer\">hier<\/a>.<\/li>\n<li>Als Wasser\/Wasser-W\u00e4rmepumpe nutzt du die W\u00e4rme des Grundwassers mithilfe eines Saug- und Schluckbrunnens \u2013 was dir die Untere Wasserbeh\u00f6rde zuvor genehmigt hat. Du entnimmst das 8 bis 12 \u00b0C warme Grundwasser und f\u00fchrst es wieder in den nat\u00fcrlichen Kreislauf zur\u00fcck. Genaueres dazu gibt\u2019s <a href=\"https:\/\/www.vaillant.de\/heizung\/heizung-verstehen\/technologie-verstehen\/waermepumpe\/wasser-wasser-waermepumpe\/\" target=\"_blank\" rel=\"noopener noreferrer\">hier<\/a>.<\/li>\n<li>Als Luft\/Wasser-W\u00e4rmepumpe nutzt die W\u00e4rme der Umgebungsluft \u2013 selbst Au\u00dfentemperaturen bis -20\u00b0 C reichen dir f\u00fcr die W\u00e4rmegewinnung noch aus. Alles, was du daf\u00fcr ben\u00f6tigst, ist eine kleine Fl\u00e4che am Haus zur Aufstellung deiner Au\u00dfeneinheit. Weitere Vorz\u00fcge erfahrt ihr <a href=\"https:\/\/www.vaillant.de\/heizung\/heizung-verstehen\/technologie-verstehen\/waermepumpe\/luft-wasser-waermepumpe\/\" target=\"_blank\" rel=\"noopener noreferrer\">hier<\/a>.<\/li>\n<\/ul>\n<h2>Stimmt es, dass du immer noch mit Vorurteilen zu k\u00e4mpfen hast?<\/h2>\n<p>Leider ja! Du bekommst des \u00d6fteren zu h\u00f6ren, du seiest teuer und sowieso nicht effizient. Und das ist noch lange nicht alles. H\u00f6chste Zeit, mit einigen Vorurteilen aufzur\u00e4umen:<\/p>\n<div class=\"infobox hint\"><strong>1. Irrtum: Du funktionierst nur im Neubau mit Fu\u00dfbodenheizung<\/strong><br \/>\nGrunds\u00e4tzlich eignest du dich besonders gut f\u00fcr eine Fu\u00dfbodenheizung, da diese aufgrund ihrer relativ gro\u00dfen \u00dcbertragungsfl\u00e4che geringe Vorlauftemperaturen ben\u00f6tigt. Du funktionierst aber auch mit Radiatoren (Heizk\u00f6rpern), die h\u00f6here Vorlauftemperaturen haben. Somit eignest du dich sowohl f\u00fcr den <a href=\"https:\/\/www.vaillant.de\/heizung\/heizung-verstehen\/heizung-im-neubau\/\" target=\"_blank\" rel=\"noopener\">Neubau<\/a> als auch als ideale L\u00f6sung f\u00fcr den <a href=\"https:\/\/www.vaillant.de\/heizung\/heizung-verstehen\/technologie-verstehen\/waermepumpe\/waermepumpe-im-altbau\/\" target=\"_blank\" rel=\"noopener\">Altbau<\/a>. Vaillant hat f\u00fcr beides W\u00e4rmepumpen im <a href=\"https:\/\/www.vaillant.de\/heizung\/produkte\/produktgruppen\/waermepumpe\/\" target=\"_blank\" rel=\"noopener noreferrer\">Angebot<\/a>.<\/div>\n<div class=\"infobox hint\"><strong>2. Irrtum: Du bist teuer im Unterhalt<\/strong><br \/>\nDas stimmt nicht \u2013 wenn du richtig geplant und in der passenden Gr\u00f6\u00dfe eingebaut wirst. Au\u00dferdem verursachst du weniger Wartungsaufwand als eine Heizung mit fossilen Energietr\u00e4gern, da bei dir keine Verru\u00dfung durch Abgase entsteht und du einen dauerhaft geschlossenen K\u00e4ltekreis besitzt. Und f\u00fcr alle, die auf Nummer sicher gehen wollen, hat Vaillant den Betriebskostenschutz f\u00fcr W\u00e4rmepumpen entwickelt! <a href=\"https:\/\/www.vaillant.de\/heizung\/heizung-verstehen\/technologie-verstehen\/waermepumpe\/\" target=\"_blank\" rel=\"noopener noreferrer\">Schaut doch mal rein<\/a>!<\/div>\n<div class=\"infobox hint\"><strong>3. Irrtum: Du bist laut<\/strong><br \/>\nGanz im Gegenteil, als moderne Anlage bist du extrem leise. Ein Beispiel: Die Au\u00dfeneinheit der Luft\/Wasser-W\u00e4rmepumpe aroTHERM plus (3 kW und 5 kW) von Vaillant misst auf drei Metern Abstand nur 29 dB(A) \u2013 das ist nicht lauter als ein Bl\u00e4tterrascheln. Und der Luftkollektor aroCOLLECT (5 kW) der flexoTHERM oder flexoCOMPACT ist im Nachtmodus in drei Metern Entfernung mit 23 dB(A) so gut wie gar nicht mehr zu h\u00f6ren. <a href=\"https:\/\/simulator.vaillant.com\/soundbox\/int\/?langs=DE&amp;startlang=DE&amp;products=ATP,ATS,ACL,RCE,VTP&amp;startproduct=ATP&amp;theme=VAI&amp;volume=0#!\/de\" target=\"_blank\" rel=\"noopener noreferrer\">H\u00f6rt selbst<\/a>!<\/div>\n<h2>Die Zeit f\u00fcr dich, liebe W\u00e4rmepumpe, ist g\u00fcnstiger denn je!<\/h2>\n<ul>\n<li>Du machst deine Eigent\u00fcmer <strong>unabh\u00e4ngig von schwankenden \u00d6l- oder Gaspreisen<\/strong><\/li>\n<li>Du sp\u00fclst Bauherren und Sanierern <strong>ordentlich F\u00f6rdermittel<\/strong> in die Kasse. Wirst du gegen eine \u00d6lheizung ausgetauscht, k\u00f6nnen dies bis zu 45 % deines Kaufpreises sein. Und die Mehrwertsteuersenkung bis Ende 2020 macht dich in der Anschaffung nochmals g\u00fcnstiger.<\/li>\n<li>Du sparst 100% fossile Brennstoffe, wenn du mit gr\u00fcnem Strom oder eigenem PV-Strom betrieben wirst<\/li>\n<li>Du entlastest die Umwelt, da du so <strong>deutlich weniger Emissionen<\/strong> produzierst<\/li>\n<li>Du bist <strong>auf ganzer Linie komfortabel<\/strong>, denn du lieferst Wohnw\u00e4rme, optional Warmwasser und K\u00fchlung und kannst zum Beispiel mit Photovoltaik zu einem der klimafreundlichsten Heizsysteme erweitert werden<\/li>\n<li>Du bist <strong>g\u00fcnstig zu betreiben<\/strong>, da du weniger Wartung brauchst<\/li>\n<\/ul>\n<h2>Also #WarumWarten? Denn noch nie war es g\u00fcnstiger, auf eine W\u00e4rmepumpe umzusteigen<\/h2>\n<p>Und noch nie war es wichtiger. F\u00fcr euch und f\u00fcr unser Klima. <a href=\"https:\/\/www.vaillant.de\/heizung\/klima-foerderung\/warum-warten\/\" target=\"_blank\" rel=\"noopener noreferrer\">Jetzt mehr erfahren<\/a> und zur n\u00e4chsten Million stolzer W\u00e4rmepumpenbesitzer geh\u00f6ren.<\/p>\n<a href=\"https:\/\/www.vaillant.de\/21-grad\/wp-content\/uploads\/2020\/11\/DE_181122_Infografik_5-gute-Gruende_NEU_17122020-scaled.jpg\"><img loading=\"lazy\" decoding=\"async\" class=\"alignright wp-image-5735 size-full\" src=\"https:\/\/www.vaillant.de\/21-grad\/wp-content\/uploads\/2020\/11\/DE_181122_Infografik_5-gute-Gruende_NEU_17122020-scaled.jpg\" alt=\"Gr\u00fcnde f\u00fcr eine W\u00e4rmepumpe\" width=\"1810\" height=\"2560\" srcset=\"https:\/\/www.vaillant.de\/21-grad\/wp-content\/uploads\/2020\/11\/DE_181122_Infografik_5-gute-Gruende_NEU_17122020-scaled.jpg 1810w, https:\/\/www.vaillant.de\/21-grad\/wp-content\/uploads\/2020\/11\/DE_181122_Infografik_5-gute-Gruende_NEU_17122020-164x232.jpg 164w, https:\/\/www.vaillant.de\/21-grad\/wp-content\/uploads\/2020\/11\/DE_181122_Infografik_5-gute-Gruende_NEU_17122020-339x480.jpg 339w, https:\/\/www.vaillant.de\/21-grad\/wp-content\/uploads\/2020\/11\/DE_181122_Infografik_5-gute-Gruende_NEU_17122020-768x1086.jpg 768w, https:\/\/www.vaillant.de\/21-grad\/wp-content\/uploads\/2020\/11\/DE_181122_Infografik_5-gute-Gruende_NEU_17122020-1086x1536.jpg 1086w, https:\/\/www.vaillant.de\/21-grad\/wp-content\/uploads\/2020\/11\/DE_181122_Infografik_5-gute-Gruende_NEU_17122020-1448x2048.jpg 1448w\" sizes=\"auto, (max-width: 1810px) 100vw, 1810px\" \/><\/a>\n","protected":false},"excerpt":{"rendered":"<p>Du hast in Deutschland bisher ca. 16 Millionen Tonnen CO2 eingespart. Wie hast du das geschafft? Du hast die frei verf\u00fcgbare Umweltenergie genutzt, um uns tagein tagaus mit nachhaltig erzeugter W\u00e4rme oder K\u00fchle zu versorgen. Kein Wunder, dass du bereits die Herzen von 1.000.000 Menschen erobert hast. Herzlichen Gl\u00fcckwunsch, W\u00e4rmepumpe! <\/p>\n","protected":false},"author":19,"featured_media":5726,"comment_status":"open","ping_status":"open","sticky":false,"template":"","format":"standard","meta":{"footnotes":""},"categories":[2,183],"tags":[166,23],"coauthors":[243],"class_list":["post-5718","post","type-post","status-publish","format-standard","has-post-thumbnail","hentry","category-rat-und-tat","category-partner-beitraege","tag-heiztechnik","tag-nachhaltigkeit"],"yoast_head":"<!-- This site is optimized with the Yoast SEO plugin v27.4 - https:\/\/yoast.com\/product\/yoast-seo-wordpress\/ -->\n<title>W\u00e4rmepumpe, du bist wunderbar! \u2013 eine Hommage | 21 grad<\/title>\n<meta name=\"description\" content=\"Du bist 1.000.000 x in Deutschland installiert und hast uns bisher 16.000.000 t CO2 erspart. Grund genug, dir eine Hommage zu widmen. Jetzt lesen!\" \/>\n<meta name=\"robots\" content=\"index, follow, max-snippet:-1, max-image-preview:large, max-video-preview:-1\" \/>\n<link rel=\"canonical\" href=\"https:\/\/www.vaillant.de\/21-grad\/rat-und-tat\/waermepumpe-du-bist-wunderbar\/\" \/>\n<meta property=\"og:locale\" content=\"de_DE\" \/>\n<meta property=\"og:type\" content=\"article\" \/>\n<meta property=\"og:title\" content=\"W\u00e4rmepumpe, du bist wunderbar! \u2013 eine Hommage | 21 grad\" \/>\n<meta property=\"og:description\" content=\"Du bist 1.000.000 x in Deutschland installiert und hast uns bisher 16.000.000 t CO2 erspart. Grund genug, dir eine Hommage zu widmen. Jetzt lesen!\" \/>\n<meta property=\"og:url\" content=\"https:\/\/www.vaillant.de\/21-grad\/rat-und-tat\/waermepumpe-du-bist-wunderbar\/\" \/>\n<meta property=\"og:site_name\" content=\"21 grad\" \/>\n<meta property=\"article:publisher\" content=\"https:\/\/www.facebook.com\/21grad\/\" \/>\n<meta property=\"article:published_time\" content=\"2020-11-20T12:38:02+00:00\" \/>\n<meta property=\"article:modified_time\" content=\"2023-06-06T09:33:49+00:00\" \/>\n<meta property=\"og:image\" content=\"https:\/\/www.vaillant.de\/21-grad\/wp-content\/uploads\/2020\/11\/header-wp.jpg\" \/>\n\t<meta property=\"og:image:width\" content=\"940\" \/>\n\t<meta property=\"og:image:height\" content=\"480\" \/>\n\t<meta property=\"og:image:type\" content=\"image\/jpeg\" \/>\n<meta name=\"author\" content=\"Tim\" \/>\n<meta name=\"twitter:card\" content=\"summary_large_image\" \/>\n<meta name=\"twitter:creator\" content=\"@vaillant_de\" \/>\n<meta name=\"twitter:site\" content=\"@vaillant_de\" \/>\n<meta name=\"twitter:label1\" content=\"Verfasst von\" \/>\n\t<meta name=\"twitter:data1\" content=\"Tim\" \/>\n\t<meta name=\"twitter:label2\" content=\"Gesch\u00e4tzte Lesezeit\" \/>\n\t<meta name=\"twitter:data2\" content=\"6\u00a0Minuten\" \/>\n\t<meta name=\"twitter:label3\" content=\"Written by\" \/>\n\t<meta name=\"twitter:data3\" content=\"Tim\" \/>\n<script type=\"application\/ld+json\" class=\"yoast-schema-graph\">{\"@context\":\"https:\\\/\\\/schema.org\",\"@graph\":[{\"@type\":\"Article\",\"@id\":\"https:\\\/\\\/www.vaillant.de\\\/21-grad\\\/rat-und-tat\\\/waermepumpe-du-bist-wunderbar\\\/#article\",\"isPartOf\":{\"@id\":\"https:\\\/\\\/www.vaillant.de\\\/21-grad\\\/rat-und-tat\\\/waermepumpe-du-bist-wunderbar\\\/\"},\"author\":{\"name\":\"Tim\",\"@id\":\"https:\\\/\\\/www.vaillant.de\\\/21-grad\\\/#\\\/schema\\\/person\\\/6c5f5a4071f0c7be145a9df11dac0709\"},\"headline\":\"W\u00e4rmepumpe, du bist wunderbar!\",\"datePublished\":\"2020-11-20T12:38:02+00:00\",\"dateModified\":\"2023-06-06T09:33:49+00:00\",\"mainEntityOfPage\":{\"@id\":\"https:\\\/\\\/www.vaillant.de\\\/21-grad\\\/rat-und-tat\\\/waermepumpe-du-bist-wunderbar\\\/\"},\"wordCount\":950,\"commentCount\":17,\"image\":{\"@id\":\"https:\\\/\\\/www.vaillant.de\\\/21-grad\\\/rat-und-tat\\\/waermepumpe-du-bist-wunderbar\\\/#primaryimage\"},\"thumbnailUrl\":\"https:\\\/\\\/www.vaillant.de\\\/21-grad\\\/wp-content\\\/uploads\\\/2020\\\/11\\\/header-wp.jpg\",\"keywords\":[\"Heiztechnik\",\"Nachhaltigkeit\"],\"articleSection\":[\"Rat &amp; Tat\",\"X-Partner-Beitr\u00e4ge\"],\"inLanguage\":\"de\",\"potentialAction\":[{\"@type\":\"CommentAction\",\"name\":\"Comment\",\"target\":[\"https:\\\/\\\/www.vaillant.de\\\/21-grad\\\/rat-und-tat\\\/waermepumpe-du-bist-wunderbar\\\/#respond\"]}]},{\"@type\":\"WebPage\",\"@id\":\"https:\\\/\\\/www.vaillant.de\\\/21-grad\\\/rat-und-tat\\\/waermepumpe-du-bist-wunderbar\\\/\",\"url\":\"https:\\\/\\\/www.vaillant.de\\\/21-grad\\\/rat-und-tat\\\/waermepumpe-du-bist-wunderbar\\\/\",\"name\":\"W\u00e4rmepumpe, du bist wunderbar! \u2013 eine Hommage | 21 grad\",\"isPartOf\":{\"@id\":\"https:\\\/\\\/www.vaillant.de\\\/21-grad\\\/#website\"},\"primaryImageOfPage\":{\"@id\":\"https:\\\/\\\/www.vaillant.de\\\/21-grad\\\/rat-und-tat\\\/waermepumpe-du-bist-wunderbar\\\/#primaryimage\"},\"image\":{\"@id\":\"https:\\\/\\\/www.vaillant.de\\\/21-grad\\\/rat-und-tat\\\/waermepumpe-du-bist-wunderbar\\\/#primaryimage\"},\"thumbnailUrl\":\"https:\\\/\\\/www.vaillant.de\\\/21-grad\\\/wp-content\\\/uploads\\\/2020\\\/11\\\/header-wp.jpg\",\"datePublished\":\"2020-11-20T12:38:02+00:00\",\"dateModified\":\"2023-06-06T09:33:49+00:00\",\"author\":{\"@id\":\"https:\\\/\\\/www.vaillant.de\\\/21-grad\\\/#\\\/schema\\\/person\\\/6c5f5a4071f0c7be145a9df11dac0709\"},\"description\":\"Du bist 1.000.000 x in Deutschland installiert und hast uns bisher 16.000.000 t CO2 erspart. Grund genug, dir eine Hommage zu widmen. Jetzt lesen!\",\"breadcrumb\":{\"@id\":\"https:\\\/\\\/www.vaillant.de\\\/21-grad\\\/rat-und-tat\\\/waermepumpe-du-bist-wunderbar\\\/#breadcrumb\"},\"inLanguage\":\"de\",\"potentialAction\":[{\"@type\":\"ReadAction\",\"target\":[\"https:\\\/\\\/www.vaillant.de\\\/21-grad\\\/rat-und-tat\\\/waermepumpe-du-bist-wunderbar\\\/\"]}]},{\"@type\":\"ImageObject\",\"inLanguage\":\"de\",\"@id\":\"https:\\\/\\\/www.vaillant.de\\\/21-grad\\\/rat-und-tat\\\/waermepumpe-du-bist-wunderbar\\\/#primaryimage\",\"url\":\"https:\\\/\\\/www.vaillant.de\\\/21-grad\\\/wp-content\\\/uploads\\\/2020\\\/11\\\/header-wp.jpg\",\"contentUrl\":\"https:\\\/\\\/www.vaillant.de\\\/21-grad\\\/wp-content\\\/uploads\\\/2020\\\/11\\\/header-wp.jpg\",\"width\":940,\"height\":480,\"caption\":\"W\u00e4rmepumpe, du bist wunderbar!\"},{\"@type\":\"BreadcrumbList\",\"@id\":\"https:\\\/\\\/www.vaillant.de\\\/21-grad\\\/rat-und-tat\\\/waermepumpe-du-bist-wunderbar\\\/#breadcrumb\",\"itemListElement\":[{\"@type\":\"ListItem\",\"position\":1,\"name\":\"Startseite\",\"item\":\"https:\\\/\\\/www.vaillant.de\\\/21-grad\\\/\"},{\"@type\":\"ListItem\",\"position\":2,\"name\":\"W\u00e4rmepumpe, du bist wunderbar!\"}]},{\"@type\":\"WebSite\",\"@id\":\"https:\\\/\\\/www.vaillant.de\\\/21-grad\\\/#website\",\"url\":\"https:\\\/\\\/www.vaillant.de\\\/21-grad\\\/\",\"name\":\"21 grad\",\"description\":\"Der Blog f\u00fcr Menschen, die weiterdenken\",\"potentialAction\":[{\"@type\":\"SearchAction\",\"target\":{\"@type\":\"EntryPoint\",\"urlTemplate\":\"https:\\\/\\\/www.vaillant.de\\\/21-grad\\\/?s={search_term_string}\"},\"query-input\":{\"@type\":\"PropertyValueSpecification\",\"valueRequired\":true,\"valueName\":\"search_term_string\"}}],\"inLanguage\":\"de\"},{\"@type\":\"Person\",\"@id\":\"https:\\\/\\\/www.vaillant.de\\\/21-grad\\\/#\\\/schema\\\/person\\\/6c5f5a4071f0c7be145a9df11dac0709\",\"name\":\"Tim\",\"image\":{\"@type\":\"ImageObject\",\"inLanguage\":\"de\",\"@id\":\"https:\\\/\\\/www.vaillant.de\\\/21-grad\\\/wp-content\\\/uploads\\\/2025\\\/04\\\/20230516_Vaillant-Mitarbeitershooting-Lennep_0005_MKP-1-125x125.jpg9c05c6497faaba75d1eddfe0b2afcc63\",\"url\":\"https:\\\/\\\/www.vaillant.de\\\/21-grad\\\/wp-content\\\/uploads\\\/2025\\\/04\\\/20230516_Vaillant-Mitarbeitershooting-Lennep_0005_MKP-1-125x125.jpg\",\"contentUrl\":\"https:\\\/\\\/www.vaillant.de\\\/21-grad\\\/wp-content\\\/uploads\\\/2025\\\/04\\\/20230516_Vaillant-Mitarbeitershooting-Lennep_0005_MKP-1-125x125.jpg\",\"caption\":\"Tim\"},\"description\":\"Ob Facebook oder Twitter, ob # oder @, ob Like oder Share \u2013 in meinem Arbeitsalltag dreht sich alles um Social Media. Ich sorge daf\u00fcr, dass unsere Zielgruppen sowohl informative als auch unterhaltsame und interaktive Inhalte mit Mehrwert auf unseren Kan\u00e4len finden. Nachhaltigkeit Nachhaltigkeit spielt vor allem in meiner Bewegung eine Rolle, da ich so viele Wege wie m\u00f6glich mit dem Rad zur\u00fccklege, u.a. den Weg zur Arbeit. Meiner Meinung nach wird viel zu oft auf das Auto zur\u00fcckgegriffen, vor allem f\u00fcr unn\u00f6tige Kurzstrecken unter 10 oder sogar weniger Minuten. Interessen Fu\u00dfball, Skifahren, Fitness, Unternehmungen in der Natur, Musik. Was w\u00fcrdest du mit auf eine einsame Insel nehmen? Einen Plattenspieler, ein gutes Buch und einen erfrischenden Drink. Wenn du eine Superkraft h\u00e4ttest, welche w\u00e4re das und warum? Ich w\u00fcrde mit meiner Superkraft gerne den Klimawandel aufhalten, da wir zwar viel reden, aber noch viel zu wenig daf\u00fcr tun.\",\"url\":\"https:\\\/\\\/www.vaillant.de\\\/21-grad\\\/autor\\\/tim\\\/\"}]}<\/script>\n<!-- \/ Yoast SEO plugin. -->","yoast_head_json":{"title":"W\u00e4rmepumpe, du bist wunderbar! \u2013 eine Hommage | 21 grad","description":"Du bist 1.000.000 x in Deutschland installiert und hast uns bisher 16.000.000 t CO2 erspart. Grund genug, dir eine Hommage zu widmen. Jetzt lesen!","robots":{"index":"index","follow":"follow","max-snippet":"max-snippet:-1","max-image-preview":"max-image-preview:large","max-video-preview":"max-video-preview:-1"},"canonical":"https:\/\/www.vaillant.de\/21-grad\/rat-und-tat\/waermepumpe-du-bist-wunderbar\/","og_locale":"de_DE","og_type":"article","og_title":"W\u00e4rmepumpe, du bist wunderbar! \u2013 eine Hommage | 21 grad","og_description":"Du bist 1.000.000 x in Deutschland installiert und hast uns bisher 16.000.000 t CO2 erspart. Grund genug, dir eine Hommage zu widmen. Jetzt lesen!","og_url":"https:\/\/www.vaillant.de\/21-grad\/rat-und-tat\/waermepumpe-du-bist-wunderbar\/","og_site_name":"21 grad","article_publisher":"https:\/\/www.facebook.com\/21grad\/","article_published_time":"2020-11-20T12:38:02+00:00","article_modified_time":"2023-06-06T09:33:49+00:00","og_image":[{"width":940,"height":480,"url":"https:\/\/www.vaillant.de\/21-grad\/wp-content\/uploads\/2020\/11\/header-wp.jpg","type":"image\/jpeg"}],"author":"Tim","twitter_card":"summary_large_image","twitter_creator":"@vaillant_de","twitter_site":"@vaillant_de","twitter_misc":{"Verfasst von":"Tim","Gesch\u00e4tzte Lesezeit":"6\u00a0Minuten","Written by":"Tim"},"schema":{"@context":"https:\/\/schema.org","@graph":[{"@type":"Article","@id":"https:\/\/www.vaillant.de\/21-grad\/rat-und-tat\/waermepumpe-du-bist-wunderbar\/#article","isPartOf":{"@id":"https:\/\/www.vaillant.de\/21-grad\/rat-und-tat\/waermepumpe-du-bist-wunderbar\/"},"author":{"name":"Tim","@id":"https:\/\/www.vaillant.de\/21-grad\/#\/schema\/person\/6c5f5a4071f0c7be145a9df11dac0709"},"headline":"W\u00e4rmepumpe, du bist wunderbar!","datePublished":"2020-11-20T12:38:02+00:00","dateModified":"2023-06-06T09:33:49+00:00","mainEntityOfPage":{"@id":"https:\/\/www.vaillant.de\/21-grad\/rat-und-tat\/waermepumpe-du-bist-wunderbar\/"},"wordCount":950,"commentCount":17,"image":{"@id":"https:\/\/www.vaillant.de\/21-grad\/rat-und-tat\/waermepumpe-du-bist-wunderbar\/#primaryimage"},"thumbnailUrl":"https:\/\/www.vaillant.de\/21-grad\/wp-content\/uploads\/2020\/11\/header-wp.jpg","keywords":["Heiztechnik","Nachhaltigkeit"],"articleSection":["Rat &amp; Tat","X-Partner-Beitr\u00e4ge"],"inLanguage":"de","potentialAction":[{"@type":"CommentAction","name":"Comment","target":["https:\/\/www.vaillant.de\/21-grad\/rat-und-tat\/waermepumpe-du-bist-wunderbar\/#respond"]}]},{"@type":"WebPage","@id":"https:\/\/www.vaillant.de\/21-grad\/rat-und-tat\/waermepumpe-du-bist-wunderbar\/","url":"https:\/\/www.vaillant.de\/21-grad\/rat-und-tat\/waermepumpe-du-bist-wunderbar\/","name":"W\u00e4rmepumpe, du bist wunderbar! \u2013 eine Hommage | 21 grad","isPartOf":{"@id":"https:\/\/www.vaillant.de\/21-grad\/#website"},"primaryImageOfPage":{"@id":"https:\/\/www.vaillant.de\/21-grad\/rat-und-tat\/waermepumpe-du-bist-wunderbar\/#primaryimage"},"image":{"@id":"https:\/\/www.vaillant.de\/21-grad\/rat-und-tat\/waermepumpe-du-bist-wunderbar\/#primaryimage"},"thumbnailUrl":"https:\/\/www.vaillant.de\/21-grad\/wp-content\/uploads\/2020\/11\/header-wp.jpg","datePublished":"2020-11-20T12:38:02+00:00","dateModified":"2023-06-06T09:33:49+00:00","author":{"@id":"https:\/\/www.vaillant.de\/21-grad\/#\/schema\/person\/6c5f5a4071f0c7be145a9df11dac0709"},"description":"Du bist 1.000.000 x in Deutschland installiert und hast uns bisher 16.000.000 t CO2 erspart. Grund genug, dir eine Hommage zu widmen. Jetzt lesen!","breadcrumb":{"@id":"https:\/\/www.vaillant.de\/21-grad\/rat-und-tat\/waermepumpe-du-bist-wunderbar\/#breadcrumb"},"inLanguage":"de","potentialAction":[{"@type":"ReadAction","target":["https:\/\/www.vaillant.de\/21-grad\/rat-und-tat\/waermepumpe-du-bist-wunderbar\/"]}]},{"@type":"ImageObject","inLanguage":"de","@id":"https:\/\/www.vaillant.de\/21-grad\/rat-und-tat\/waermepumpe-du-bist-wunderbar\/#primaryimage","url":"https:\/\/www.vaillant.de\/21-grad\/wp-content\/uploads\/2020\/11\/header-wp.jpg","contentUrl":"https:\/\/www.vaillant.de\/21-grad\/wp-content\/uploads\/2020\/11\/header-wp.jpg","width":940,"height":480,"caption":"W\u00e4rmepumpe, du bist wunderbar!"},{"@type":"BreadcrumbList","@id":"https:\/\/www.vaillant.de\/21-grad\/rat-und-tat\/waermepumpe-du-bist-wunderbar\/#breadcrumb","itemListElement":[{"@type":"ListItem","position":1,"name":"Startseite","item":"https:\/\/www.vaillant.de\/21-grad\/"},{"@type":"ListItem","position":2,"name":"W\u00e4rmepumpe, du bist wunderbar!"}]},{"@type":"WebSite","@id":"https:\/\/www.vaillant.de\/21-grad\/#website","url":"https:\/\/www.vaillant.de\/21-grad\/","name":"21 grad","description":"Der Blog f\u00fcr Menschen, die weiterdenken","potentialAction":[{"@type":"SearchAction","target":{"@type":"EntryPoint","urlTemplate":"https:\/\/www.vaillant.de\/21-grad\/?s={search_term_string}"},"query-input":{"@type":"PropertyValueSpecification","valueRequired":true,"valueName":"search_term_string"}}],"inLanguage":"de"},{"@type":"Person","@id":"https:\/\/www.vaillant.de\/21-grad\/#\/schema\/person\/6c5f5a4071f0c7be145a9df11dac0709","name":"Tim","image":{"@type":"ImageObject","inLanguage":"de","@id":"https:\/\/www.vaillant.de\/21-grad\/wp-content\/uploads\/2025\/04\/20230516_Vaillant-Mitarbeitershooting-Lennep_0005_MKP-1-125x125.jpg9c05c6497faaba75d1eddfe0b2afcc63","url":"https:\/\/www.vaillant.de\/21-grad\/wp-content\/uploads\/2025\/04\/20230516_Vaillant-Mitarbeitershooting-Lennep_0005_MKP-1-125x125.jpg","contentUrl":"https:\/\/www.vaillant.de\/21-grad\/wp-content\/uploads\/2025\/04\/20230516_Vaillant-Mitarbeitershooting-Lennep_0005_MKP-1-125x125.jpg","caption":"Tim"},"description":"Ob Facebook oder Twitter, ob # oder @, ob Like oder Share \u2013 in meinem Arbeitsalltag dreht sich alles um Social Media. Ich sorge daf\u00fcr, dass unsere Zielgruppen sowohl informative als auch unterhaltsame und interaktive Inhalte mit Mehrwert auf unseren Kan\u00e4len finden. Nachhaltigkeit Nachhaltigkeit spielt vor allem in meiner Bewegung eine Rolle, da ich so viele Wege wie m\u00f6glich mit dem Rad zur\u00fccklege, u.a. den Weg zur Arbeit. Meiner Meinung nach wird viel zu oft auf das Auto zur\u00fcckgegriffen, vor allem f\u00fcr unn\u00f6tige Kurzstrecken unter 10 oder sogar weniger Minuten. Interessen Fu\u00dfball, Skifahren, Fitness, Unternehmungen in der Natur, Musik. Was w\u00fcrdest du mit auf eine einsame Insel nehmen? Einen Plattenspieler, ein gutes Buch und einen erfrischenden Drink. Wenn du eine Superkraft h\u00e4ttest, welche w\u00e4re das und warum? Ich w\u00fcrde mit meiner Superkraft gerne den Klimawandel aufhalten, da wir zwar viel reden, aber noch viel zu wenig daf\u00fcr tun.","url":"https:\/\/www.vaillant.de\/21-grad\/autor\/tim\/"}]}},"_links":{"self":[{"href":"https:\/\/www.vaillant.de\/21-grad\/wp-json\/wp\/v2\/posts\/5718","targetHints":{"allow":["GET"]}}],"collection":[{"href":"https:\/\/www.vaillant.de\/21-grad\/wp-json\/wp\/v2\/posts"}],"about":[{"href":"https:\/\/www.vaillant.de\/21-grad\/wp-json\/wp\/v2\/types\/post"}],"author":[{"embeddable":true,"href":"https:\/\/www.vaillant.de\/21-grad\/wp-json\/wp\/v2\/users\/19"}],"replies":[{"embeddable":true,"href":"https:\/\/www.vaillant.de\/21-grad\/wp-json\/wp\/v2\/comments?post=5718"}],"version-history":[{"count":16,"href":"https:\/\/www.vaillant.de\/21-grad\/wp-json\/wp\/v2\/posts\/5718\/revisions"}],"predecessor-version":[{"id":7821,"href":"https:\/\/www.vaillant.de\/21-grad\/wp-json\/wp\/v2\/posts\/5718\/revisions\/7821"}],"wp:featuredmedia":[{"embeddable":true,"href":"https:\/\/www.vaillant.de\/21-grad\/wp-json\/wp\/v2\/media\/5726"}],"wp:attachment":[{"href":"https:\/\/www.vaillant.de\/21-grad\/wp-json\/wp\/v2\/media?parent=5718"}],"wp:term":[{"taxonomy":"category","embeddable":true,"href":"https:\/\/www.vaillant.de\/21-grad\/wp-json\/wp\/v2\/categories?post=5718"},{"taxonomy":"post_tag","embeddable":true,"href":"https:\/\/www.vaillant.de\/21-grad\/wp-json\/wp\/v2\/tags?post=5718"},{"taxonomy":"author","embeddable":true,"href":"https:\/\/www.vaillant.de\/21-grad\/wp-json\/wp\/v2\/coauthors?post=5718"}],"curies":[{"name":"wp","href":"https:\/\/api.w.org\/{rel}","templated":true}]}}