{"id":5783,"date":"2021-01-14T15:59:14","date_gmt":"2021-01-14T14:59:14","guid":{"rendered":"https:\/\/www.vaillant.de\/21-grad\/?p=5783"},"modified":"2021-01-14T15:59:14","modified_gmt":"2021-01-14T14:59:14","slug":"6-wintertipps-so-bleibt-ihr-warm-an-kalten-tagen","status":"publish","type":"post","link":"https:\/\/www.vaillant.de\/21-grad\/rat-und-tat\/6-wintertipps-so-bleibt-ihr-warm-an-kalten-tagen\/","title":{"rendered":"6 Wintertipps: So bleibt ihr warm an kalten Tagen"},"content":{"rendered":"<p>Auch in Deutschland ist es schon richtig kalt geworden. Fast sibirische Verh\u00e4ltnisse gab es am 12. Februar 1929 im oberbayrischen H\u00fcll: Sage und schreibe -47,8 \u00b0C zeigte das Thermometer an, wenn es denn \u00fcberhaupt so weit herunter reichte.<\/p>\n<p><img loading=\"lazy\" decoding=\"async\" class=\" wp-image-1811 alignleft\" src=\"https:\/\/www.vaillant.de\/21-grad\/wp-content\/uploads\/2016\/10\/heizung_kaputt_940-454x232.jpg\" alt=\"\" width=\"283\" height=\"145\" srcset=\"https:\/\/www.vaillant.de\/21-grad\/wp-content\/uploads\/2016\/10\/heizung_kaputt_940-454x232.jpg 454w, https:\/\/www.vaillant.de\/21-grad\/wp-content\/uploads\/2016\/10\/heizung_kaputt_940-768x392.jpg 768w, https:\/\/www.vaillant.de\/21-grad\/wp-content\/uploads\/2016\/10\/heizung_kaputt_940-320x163.jpg 320w, https:\/\/www.vaillant.de\/21-grad\/wp-content\/uploads\/2016\/10\/heizung_kaputt_940-456x232.jpg 456w, https:\/\/www.vaillant.de\/21-grad\/wp-content\/uploads\/2016\/10\/heizung_kaputt_940.jpg 940w\" sizes=\"auto, (max-width: 283px) 100vw, 283px\" \/>An solche Gradzahlen kommen unsere Wintertage schon lange nicht mehr heran. Im Durchschnitt betragen die Temperaturen zwischen Dezember und Februar ein bis drei Grad. Kalt genug, um nach einem Spaziergang ziemlich durchgefroren nach Hause zu kommen. Darum m\u00f6chte man es drinnen m\u00f6glichst warm und gem\u00fctlich haben. Daf\u00fcr kann man einiges tun und dabei noch die Heizkosten schonen. Hier kommen unsere besten Tipps f\u00fcr Winterw\u00e4rme:<\/p>\n<h2>1. K\u00e4lte aussperren<\/h2>\n<p>Kalte Zugluft kann eure Raumtemperatur ordentlich nach unten ziehen. Darum ist es wichtig, darauf zu achten, dass keine Winterluft unkontrolliert ins Haus gelangt. Der Klassiker sind T\u00fcrspalten. Diese k\u00f6nnt ihr einfach mit einer eingerollten Decke auf dem Boden vor der T\u00fcr schlie\u00dfen, gleiches gilt f\u00fcr zugige Fenster. An richtig kalten Tagen k\u00f6nnen alte Schl\u00fcssell\u00f6cher ein Einfallstor f\u00fcr fiese K\u00e4lte sein. Diese einfach abkleben. Wer Rollos hat, sollte sie wie im Sommer m\u00f6glichst herunterfahren. W\u00e4hrend sie im Sommer vor der Hitze sch\u00fctzen, halten sie im Winter die K\u00e4lte au\u00dfen vor.<\/p>\n<h2>2. Gezielt heizen<\/h2>\n<p><img loading=\"lazy\" decoding=\"async\" class=\"wp-image-1967 alignright\" src=\"https:\/\/www.vaillant.de\/21-grad\/wp-content\/uploads\/2016\/12\/thermostat-330x232.jpg\" alt=\"\" width=\"287\" height=\"202\" srcset=\"https:\/\/www.vaillant.de\/21-grad\/wp-content\/uploads\/2016\/12\/thermostat-330x232.jpg 330w, https:\/\/www.vaillant.de\/21-grad\/wp-content\/uploads\/2016\/12\/thermostat.jpg 683w\" sizes=\"auto, (max-width: 287px) 100vw, 287px\" \/>Es ist sinnvoll, die R\u00e4ume zu heizen, in denen sich die Bewohner besonders viel aufhalten. Dazu geh\u00f6rt in der Regel das Wohnzimmer und Kinderzimmer. Wer ganzt\u00e4gig von Zuhause arbeitet, muss nat\u00fcrlich auch das Home Office heizen. Am besten dreht man die Heizung nur entsprechend der Nutzungszeiten auf. Die T\u00fcren sollte man m\u00f6glichst geschlossen halten, damit die W\u00e4rme im jeweiligen Raum bleibt. Die ideale Raumtemperatur liegt bei 18 bis 21 \u00b0C. R\u00e4ume, die nicht stark genutzt werden, k\u00f6nnen auf 16 \u00b0C geheizt werden.<\/p>\n<p>Wer in einem sehr offen geschnittenen Haus wohnt, hat es schwerer, einzelne R\u00e4ume zu heizen. Offene Treppenh\u00e4user oder Durchg\u00e4nge k\u00f6nnen mit Decken oder schweren Vorh\u00e4ngen tempor\u00e4r abgetrennt werden. Das h\u00e4lt die W\u00e4rme in einem Teil des Raumes. Im Fr\u00fchling kann das Winterkleid wieder im Schrank verschwinden.<\/p>\n<h2>3. Das Bett vorw\u00e4rmen<\/h2>\n<p>Eine k\u00fchle Raumtemperatur im Schlafzimmer hat zwei Vorteile: Man schl\u00e4ft besser und spart Heizkosten. In ein kaltes Bett zu steigen, ist aber nicht gerade entspannend. Da hilft ein Klassiker: Einfach das Bett vorab mit einer W\u00e4rmflasche unter der Bettdecke anw\u00e4rmen. Wenn man ins Bett geht, wandert die W\u00e4rmflasche eine Etage nach unten und wird zum angenehmen Fu\u00dfw\u00e4rmer.<\/p>\n<h2><strong>4. F\u00fc\u00dfe warm halten<\/strong><\/h2>\n<p><a href=\"https:\/\/www.vaillant.de\/21-grad\/wp-content\/uploads\/2020\/12\/feet-932346_1920.jpg\"><img loading=\"lazy\" decoding=\"async\" class=\"alignleft size-medium wp-image-5785\" src=\"https:\/\/www.vaillant.de\/21-grad\/wp-content\/uploads\/2020\/12\/feet-932346_1920-310x232.jpg\" alt=\"\" width=\"310\" height=\"232\" srcset=\"https:\/\/www.vaillant.de\/21-grad\/wp-content\/uploads\/2020\/12\/feet-932346_1920-310x232.jpg 310w, https:\/\/www.vaillant.de\/21-grad\/wp-content\/uploads\/2020\/12\/feet-932346_1920-640x480.jpg 640w, https:\/\/www.vaillant.de\/21-grad\/wp-content\/uploads\/2020\/12\/feet-932346_1920-768x576.jpg 768w, https:\/\/www.vaillant.de\/21-grad\/wp-content\/uploads\/2020\/12\/feet-932346_1920-1536x1151.jpg 1536w, https:\/\/www.vaillant.de\/21-grad\/wp-content\/uploads\/2020\/12\/feet-932346_1920.jpg 1920w\" sizes=\"auto, (max-width: 310px) 100vw, 310px\" \/><\/a>Apropos F\u00fc\u00dfe: Gerade Frauen klagen h\u00e4ufig \u00fcber kalte F\u00fc\u00dfe. Das hat etwas damit zu tun, dass sie weniger Muskelmasse haben als M\u00e4nner und damit weniger W\u00e4rme erzeugen. Die Temperatur im Zeh kann sogar bis auf acht Grad fallen. Aber auch f\u00fcr M\u00e4nner gilt, dass sich kalte F\u00fc\u00dfe insgesamt auf das Wohlbefinden auswirken. Denn der Blutdruck f\u00e4llt ab, wenn sich die Blutgef\u00e4\u00dfe in den Gliedma\u00dfen verengen. Der K\u00f6rper versucht so, den restlichen K\u00f6rper warm zu halten. Die F\u00fc\u00dfe werden dann aber noch k\u00e4lter. Darum sollte man versuchen, die F\u00fc\u00dfe immer warm zu halten. Dabei hilft, die F\u00fc\u00dfe beim Sitzen hochzulegen, denn am Boden ist es normalweise am k\u00e4ltesten.<\/p>\n<h2>5. W\u00e4rme von innen<\/h2>\n<p>Ein hei\u00dfer Gl\u00fchwein ist der Inbegriff f\u00fcr winterliche W\u00e4rme. Aber dabei handelt es sich um einen Trugschluss. Der Alkohol sorgt daf\u00fcr, dass sich die Blutgef\u00e4\u00dfe weiten. Das f\u00fchrt kurzfristig zu einer erh\u00f6hten Durchblutung und dem Gef\u00fchl von W\u00e4rme. Aber das entzieht den Organen W\u00e4rme. Daher besonders drau\u00dfen eher auf Alkohol verzichten. Besser sind Tees oder hei\u00dfer Kakao. Auch Suppen und Eint\u00f6pfe wirken wahre W\u00e4rmewunder. Bei den Briten ist zum Fr\u00fchst\u00fcck \u00fcbrigens Porridge, also ein warmer Haferbrei, beliebt. Porridge gibt es in vielen schmackhaften Varianten, besonders zur Winterzeit: Apfel-Zimt, Karamell, Vanille oder sogar Lebkuchen stehen fertig gemixt im Supermarktregal.<\/p>\n<h2>6. Aktiv bleiben<\/h2>\n<p>Langes Sitzen oder Liegen f\u00fchrt dazu, dass der K\u00f6rper herunterf\u00e4hrt und damit weniger Eigenw\u00e4rme produziert. Besser ist es, auch im Haus aktiv zu bleiben. Alle, die Effizienz lieben, nutzen kalte Wintertage, um ordentlich aufzur\u00e4umen. Dabei bleibt man sogar in der Garage oder im Keller warm. Die Hedonisten tanzen vielleicht lieber durch\u2018s Wohnzimmer. Auch eine kleine Runde Sport oder Gymnastik in den eigenen vier W\u00e4nden kurbelt den Kreislauf und damit die k\u00f6rpereigenen Heizk\u00f6rper angenehm an.<\/p>\n<p>Eine sch\u00f6ne Winteratmosph\u00e4re mit Kerzenschein, einem guten Buch und einer molligen Wolldecke tun nat\u00fcrlich ihr \u00dcbriges. Hauptsache, Ihr bleibt warm \u2013 und gesund!<\/p>\n","protected":false},"excerpt":{"rendered":"<p>Ein knackig kalter Winter hat sicherlich seine sch\u00f6nen Seiten. Trotzdem ist man froh, wenn das eigene Zuhause sch\u00f6n warm ist. Denn Dauerfrieren macht nicht nur schlechte Laune, sondern im schlimmsten Fall auch noch krank. Mit unseren Tipps kommt ihr gut durch die k\u00e4ltesten Wintertage.  <\/p>\n","protected":false},"author":14,"featured_media":5786,"comment_status":"open","ping_status":"open","sticky":false,"template":"","format":"standard","meta":{"footnotes":""},"categories":[2,183],"tags":[208,137,86],"coauthors":[68],"class_list":["post-5783","post","type-post","status-publish","format-standard","has-post-thumbnail","hentry","category-rat-und-tat","category-partner-beitraege","tag-heizen","tag-heiztipps","tag-leben"],"yoast_head":"<!-- This site is optimized with the Yoast SEO plugin v27.4 - https:\/\/yoast.com\/product\/yoast-seo-wordpress\/ -->\n<title>W\u00e4rmetipps im Winter | 21 Grad<\/title>\n<meta name=\"description\" content=\"Dauerfrieren macht krank und schlechte Laune. Mit unseren W\u00e4rme-Tipps kommt ihr gut durch die k\u00e4ltesten Wintertage.\" \/>\n<meta name=\"robots\" content=\"index, follow, max-snippet:-1, max-image-preview:large, max-video-preview:-1\" \/>\n<link rel=\"canonical\" href=\"https:\/\/www.vaillant.de\/21-grad\/rat-und-tat\/6-wintertipps-so-bleibt-ihr-warm-an-kalten-tagen\/\" \/>\n<meta property=\"og:locale\" content=\"de_DE\" \/>\n<meta property=\"og:type\" content=\"article\" \/>\n<meta property=\"og:title\" content=\"W\u00e4rmetipps im Winter | 21 Grad\" \/>\n<meta property=\"og:description\" content=\"Dauerfrieren macht krank und schlechte Laune. Mit unseren W\u00e4rme-Tipps kommt ihr gut durch die k\u00e4ltesten Wintertage.\" \/>\n<meta property=\"og:url\" content=\"https:\/\/www.vaillant.de\/21-grad\/rat-und-tat\/6-wintertipps-so-bleibt-ihr-warm-an-kalten-tagen\/\" \/>\n<meta property=\"og:site_name\" content=\"21 grad\" \/>\n<meta property=\"article:publisher\" content=\"https:\/\/www.facebook.com\/21grad\/\" \/>\n<meta property=\"article:published_time\" content=\"2021-01-14T14:59:14+00:00\" \/>\n<meta property=\"og:image\" content=\"https:\/\/www.vaillant.de\/21-grad\/wp-content\/uploads\/2020\/12\/kelly-sikkema-CNjfgzoY8JU-unsplash-small.jpg\" \/>\n\t<meta property=\"og:image:width\" content=\"940\" \/>\n\t<meta property=\"og:image:height\" content=\"611\" \/>\n\t<meta property=\"og:image:type\" content=\"image\/jpeg\" \/>\n<meta name=\"author\" content=\"Jacqueline\" \/>\n<meta name=\"twitter:card\" content=\"summary_large_image\" \/>\n<meta name=\"twitter:creator\" content=\"@vaillant_de\" \/>\n<meta name=\"twitter:site\" content=\"@vaillant_de\" \/>\n<meta name=\"twitter:label1\" content=\"Verfasst von\" \/>\n\t<meta name=\"twitter:data1\" content=\"Jacqueline\" \/>\n\t<meta name=\"twitter:label2\" content=\"Gesch\u00e4tzte Lesezeit\" \/>\n\t<meta name=\"twitter:data2\" content=\"4\u00a0Minuten\" \/>\n\t<meta name=\"twitter:label3\" content=\"Written by\" \/>\n\t<meta name=\"twitter:data3\" content=\"Jacqueline\" \/>\n<script type=\"application\/ld+json\" class=\"yoast-schema-graph\">{\"@context\":\"https:\\\/\\\/schema.org\",\"@graph\":[{\"@type\":\"Article\",\"@id\":\"https:\\\/\\\/www.vaillant.de\\\/21-grad\\\/rat-und-tat\\\/6-wintertipps-so-bleibt-ihr-warm-an-kalten-tagen\\\/#article\",\"isPartOf\":{\"@id\":\"https:\\\/\\\/www.vaillant.de\\\/21-grad\\\/rat-und-tat\\\/6-wintertipps-so-bleibt-ihr-warm-an-kalten-tagen\\\/\"},\"author\":{\"name\":\"Jacqueline\",\"@id\":\"https:\\\/\\\/www.vaillant.de\\\/21-grad\\\/#\\\/schema\\\/person\\\/75a8b4aa6c2491a38cf9116850869d58\"},\"headline\":\"6 Wintertipps: So bleibt ihr warm an kalten Tagen\",\"datePublished\":\"2021-01-14T14:59:14+00:00\",\"mainEntityOfPage\":{\"@id\":\"https:\\\/\\\/www.vaillant.de\\\/21-grad\\\/rat-und-tat\\\/6-wintertipps-so-bleibt-ihr-warm-an-kalten-tagen\\\/\"},\"wordCount\":794,\"commentCount\":1,\"image\":{\"@id\":\"https:\\\/\\\/www.vaillant.de\\\/21-grad\\\/rat-und-tat\\\/6-wintertipps-so-bleibt-ihr-warm-an-kalten-tagen\\\/#primaryimage\"},\"thumbnailUrl\":\"https:\\\/\\\/www.vaillant.de\\\/21-grad\\\/wp-content\\\/uploads\\\/2020\\\/12\\\/kelly-sikkema-CNjfgzoY8JU-unsplash-small.jpg\",\"keywords\":[\"Heizen\",\"Heiztipps\",\"Leben\"],\"articleSection\":[\"Rat &amp; Tat\",\"X-Partner-Beitr\u00e4ge\"],\"inLanguage\":\"de\",\"potentialAction\":[{\"@type\":\"CommentAction\",\"name\":\"Comment\",\"target\":[\"https:\\\/\\\/www.vaillant.de\\\/21-grad\\\/rat-und-tat\\\/6-wintertipps-so-bleibt-ihr-warm-an-kalten-tagen\\\/#respond\"]}]},{\"@type\":\"WebPage\",\"@id\":\"https:\\\/\\\/www.vaillant.de\\\/21-grad\\\/rat-und-tat\\\/6-wintertipps-so-bleibt-ihr-warm-an-kalten-tagen\\\/\",\"url\":\"https:\\\/\\\/www.vaillant.de\\\/21-grad\\\/rat-und-tat\\\/6-wintertipps-so-bleibt-ihr-warm-an-kalten-tagen\\\/\",\"name\":\"W\u00e4rmetipps im Winter | 21 Grad\",\"isPartOf\":{\"@id\":\"https:\\\/\\\/www.vaillant.de\\\/21-grad\\\/#website\"},\"primaryImageOfPage\":{\"@id\":\"https:\\\/\\\/www.vaillant.de\\\/21-grad\\\/rat-und-tat\\\/6-wintertipps-so-bleibt-ihr-warm-an-kalten-tagen\\\/#primaryimage\"},\"image\":{\"@id\":\"https:\\\/\\\/www.vaillant.de\\\/21-grad\\\/rat-und-tat\\\/6-wintertipps-so-bleibt-ihr-warm-an-kalten-tagen\\\/#primaryimage\"},\"thumbnailUrl\":\"https:\\\/\\\/www.vaillant.de\\\/21-grad\\\/wp-content\\\/uploads\\\/2020\\\/12\\\/kelly-sikkema-CNjfgzoY8JU-unsplash-small.jpg\",\"datePublished\":\"2021-01-14T14:59:14+00:00\",\"author\":{\"@id\":\"https:\\\/\\\/www.vaillant.de\\\/21-grad\\\/#\\\/schema\\\/person\\\/75a8b4aa6c2491a38cf9116850869d58\"},\"description\":\"Dauerfrieren macht krank und schlechte Laune. Mit unseren W\u00e4rme-Tipps kommt ihr gut durch die k\u00e4ltesten Wintertage.\",\"breadcrumb\":{\"@id\":\"https:\\\/\\\/www.vaillant.de\\\/21-grad\\\/rat-und-tat\\\/6-wintertipps-so-bleibt-ihr-warm-an-kalten-tagen\\\/#breadcrumb\"},\"inLanguage\":\"de\",\"potentialAction\":[{\"@type\":\"ReadAction\",\"target\":[\"https:\\\/\\\/www.vaillant.de\\\/21-grad\\\/rat-und-tat\\\/6-wintertipps-so-bleibt-ihr-warm-an-kalten-tagen\\\/\"]}]},{\"@type\":\"ImageObject\",\"inLanguage\":\"de\",\"@id\":\"https:\\\/\\\/www.vaillant.de\\\/21-grad\\\/rat-und-tat\\\/6-wintertipps-so-bleibt-ihr-warm-an-kalten-tagen\\\/#primaryimage\",\"url\":\"https:\\\/\\\/www.vaillant.de\\\/21-grad\\\/wp-content\\\/uploads\\\/2020\\\/12\\\/kelly-sikkema-CNjfgzoY8JU-unsplash-small.jpg\",\"contentUrl\":\"https:\\\/\\\/www.vaillant.de\\\/21-grad\\\/wp-content\\\/uploads\\\/2020\\\/12\\\/kelly-sikkema-CNjfgzoY8JU-unsplash-small.jpg\",\"width\":940,\"height\":611},{\"@type\":\"BreadcrumbList\",\"@id\":\"https:\\\/\\\/www.vaillant.de\\\/21-grad\\\/rat-und-tat\\\/6-wintertipps-so-bleibt-ihr-warm-an-kalten-tagen\\\/#breadcrumb\",\"itemListElement\":[{\"@type\":\"ListItem\",\"position\":1,\"name\":\"Startseite\",\"item\":\"https:\\\/\\\/www.vaillant.de\\\/21-grad\\\/\"},{\"@type\":\"ListItem\",\"position\":2,\"name\":\"6 Wintertipps: So bleibt ihr warm an kalten Tagen\"}]},{\"@type\":\"WebSite\",\"@id\":\"https:\\\/\\\/www.vaillant.de\\\/21-grad\\\/#website\",\"url\":\"https:\\\/\\\/www.vaillant.de\\\/21-grad\\\/\",\"name\":\"21 grad\",\"description\":\"Der Blog f\u00fcr Menschen, die weiterdenken\",\"potentialAction\":[{\"@type\":\"SearchAction\",\"target\":{\"@type\":\"EntryPoint\",\"urlTemplate\":\"https:\\\/\\\/www.vaillant.de\\\/21-grad\\\/?s={search_term_string}\"},\"query-input\":{\"@type\":\"PropertyValueSpecification\",\"valueRequired\":true,\"valueName\":\"search_term_string\"}}],\"inLanguage\":\"de\"},{\"@type\":\"Person\",\"@id\":\"https:\\\/\\\/www.vaillant.de\\\/21-grad\\\/#\\\/schema\\\/person\\\/75a8b4aa6c2491a38cf9116850869d58\",\"name\":\"Jacqueline\",\"image\":{\"@type\":\"ImageObject\",\"inLanguage\":\"de\",\"@id\":\"https:\\\/\\\/www.vaillant.de\\\/21-grad\\\/wp-content\\\/uploads\\\/2018\\\/06\\\/Portrait-250-125x125.jpgfc8ce6b31ae0347d9e261097d2ccecbb\",\"url\":\"https:\\\/\\\/www.vaillant.de\\\/21-grad\\\/wp-content\\\/uploads\\\/2018\\\/06\\\/Portrait-250-125x125.jpg\",\"contentUrl\":\"https:\\\/\\\/www.vaillant.de\\\/21-grad\\\/wp-content\\\/uploads\\\/2018\\\/06\\\/Portrait-250-125x125.jpg\",\"caption\":\"Jacqueline\"},\"description\":\"In meinem Arbeitsalltag dreht sich alles rund um digitale Themen. Ich sorge f\u00fcr die Auffindbarkeit des Unternehmens im Web, indem ich unsere Webseite immer wieder mit neuen und relevanten Inhalten best\u00fccke. Dabei ist mir besonders wichtig, dass Ihr schnell und einfach an gew\u00fcnschte Informationen gelangt. Nachhaltigkeit F\u00fcr mich bedeutet Nachhaltigkeit, auch im Alltag die Umwelt durch kleine Dinge zu entlasten. Ich fahre deswegen morgens mit dem Bus zur Arbeit, nehme zum Einkaufen meine Baumwollbeutel mit und kaufe bevorzugt Bioprodukte. Interessen In meiner Freizeit verbringe ich gerne viel Zeit mit Freuden, liebe meinen Tanzsport und spiele gerne Brettspiele. Zudem reise ich sehr gerne. Was w\u00fcrdest du tun, wenn du noch einen Tag zu leben h\u00e4ttest? Ich w\u00fcrde etwas Verr\u00fccktes wie einen Fallschirmsprung machen. Und anschlie\u00dfend eine gro\u00dfe Party mit Freunden. Wenn du eine Superkraft h\u00e4ttest, welche w\u00e4re das und warum? Ich w\u00fcrde gerne unter Wasser atmen k\u00f6nnen. Ich liebe die endlosen Weiten des Meeres und k\u00f6nnte den ganzen Tag im und unter Wasser verbringen. Was bringt dich zum l\u00e4cheln? Ein warmer Sommertag mit viel Sonne.\",\"url\":\"https:\\\/\\\/www.vaillant.de\\\/21-grad\\\/autor\\\/jacqueline\\\/\"}]}<\/script>\n<!-- \/ Yoast SEO plugin. -->","yoast_head_json":{"title":"W\u00e4rmetipps im Winter | 21 Grad","description":"Dauerfrieren macht krank und schlechte Laune. Mit unseren W\u00e4rme-Tipps kommt ihr gut durch die k\u00e4ltesten Wintertage.","robots":{"index":"index","follow":"follow","max-snippet":"max-snippet:-1","max-image-preview":"max-image-preview:large","max-video-preview":"max-video-preview:-1"},"canonical":"https:\/\/www.vaillant.de\/21-grad\/rat-und-tat\/6-wintertipps-so-bleibt-ihr-warm-an-kalten-tagen\/","og_locale":"de_DE","og_type":"article","og_title":"W\u00e4rmetipps im Winter | 21 Grad","og_description":"Dauerfrieren macht krank und schlechte Laune. Mit unseren W\u00e4rme-Tipps kommt ihr gut durch die k\u00e4ltesten Wintertage.","og_url":"https:\/\/www.vaillant.de\/21-grad\/rat-und-tat\/6-wintertipps-so-bleibt-ihr-warm-an-kalten-tagen\/","og_site_name":"21 grad","article_publisher":"https:\/\/www.facebook.com\/21grad\/","article_published_time":"2021-01-14T14:59:14+00:00","og_image":[{"width":940,"height":611,"url":"https:\/\/www.vaillant.de\/21-grad\/wp-content\/uploads\/2020\/12\/kelly-sikkema-CNjfgzoY8JU-unsplash-small.jpg","type":"image\/jpeg"}],"author":"Jacqueline","twitter_card":"summary_large_image","twitter_creator":"@vaillant_de","twitter_site":"@vaillant_de","twitter_misc":{"Verfasst von":"Jacqueline","Gesch\u00e4tzte Lesezeit":"4\u00a0Minuten","Written by":"Jacqueline"},"schema":{"@context":"https:\/\/schema.org","@graph":[{"@type":"Article","@id":"https:\/\/www.vaillant.de\/21-grad\/rat-und-tat\/6-wintertipps-so-bleibt-ihr-warm-an-kalten-tagen\/#article","isPartOf":{"@id":"https:\/\/www.vaillant.de\/21-grad\/rat-und-tat\/6-wintertipps-so-bleibt-ihr-warm-an-kalten-tagen\/"},"author":{"name":"Jacqueline","@id":"https:\/\/www.vaillant.de\/21-grad\/#\/schema\/person\/75a8b4aa6c2491a38cf9116850869d58"},"headline":"6 Wintertipps: So bleibt ihr warm an kalten Tagen","datePublished":"2021-01-14T14:59:14+00:00","mainEntityOfPage":{"@id":"https:\/\/www.vaillant.de\/21-grad\/rat-und-tat\/6-wintertipps-so-bleibt-ihr-warm-an-kalten-tagen\/"},"wordCount":794,"commentCount":1,"image":{"@id":"https:\/\/www.vaillant.de\/21-grad\/rat-und-tat\/6-wintertipps-so-bleibt-ihr-warm-an-kalten-tagen\/#primaryimage"},"thumbnailUrl":"https:\/\/www.vaillant.de\/21-grad\/wp-content\/uploads\/2020\/12\/kelly-sikkema-CNjfgzoY8JU-unsplash-small.jpg","keywords":["Heizen","Heiztipps","Leben"],"articleSection":["Rat &amp; Tat","X-Partner-Beitr\u00e4ge"],"inLanguage":"de","potentialAction":[{"@type":"CommentAction","name":"Comment","target":["https:\/\/www.vaillant.de\/21-grad\/rat-und-tat\/6-wintertipps-so-bleibt-ihr-warm-an-kalten-tagen\/#respond"]}]},{"@type":"WebPage","@id":"https:\/\/www.vaillant.de\/21-grad\/rat-und-tat\/6-wintertipps-so-bleibt-ihr-warm-an-kalten-tagen\/","url":"https:\/\/www.vaillant.de\/21-grad\/rat-und-tat\/6-wintertipps-so-bleibt-ihr-warm-an-kalten-tagen\/","name":"W\u00e4rmetipps im Winter | 21 Grad","isPartOf":{"@id":"https:\/\/www.vaillant.de\/21-grad\/#website"},"primaryImageOfPage":{"@id":"https:\/\/www.vaillant.de\/21-grad\/rat-und-tat\/6-wintertipps-so-bleibt-ihr-warm-an-kalten-tagen\/#primaryimage"},"image":{"@id":"https:\/\/www.vaillant.de\/21-grad\/rat-und-tat\/6-wintertipps-so-bleibt-ihr-warm-an-kalten-tagen\/#primaryimage"},"thumbnailUrl":"https:\/\/www.vaillant.de\/21-grad\/wp-content\/uploads\/2020\/12\/kelly-sikkema-CNjfgzoY8JU-unsplash-small.jpg","datePublished":"2021-01-14T14:59:14+00:00","author":{"@id":"https:\/\/www.vaillant.de\/21-grad\/#\/schema\/person\/75a8b4aa6c2491a38cf9116850869d58"},"description":"Dauerfrieren macht krank und schlechte Laune. Mit unseren W\u00e4rme-Tipps kommt ihr gut durch die k\u00e4ltesten Wintertage.","breadcrumb":{"@id":"https:\/\/www.vaillant.de\/21-grad\/rat-und-tat\/6-wintertipps-so-bleibt-ihr-warm-an-kalten-tagen\/#breadcrumb"},"inLanguage":"de","potentialAction":[{"@type":"ReadAction","target":["https:\/\/www.vaillant.de\/21-grad\/rat-und-tat\/6-wintertipps-so-bleibt-ihr-warm-an-kalten-tagen\/"]}]},{"@type":"ImageObject","inLanguage":"de","@id":"https:\/\/www.vaillant.de\/21-grad\/rat-und-tat\/6-wintertipps-so-bleibt-ihr-warm-an-kalten-tagen\/#primaryimage","url":"https:\/\/www.vaillant.de\/21-grad\/wp-content\/uploads\/2020\/12\/kelly-sikkema-CNjfgzoY8JU-unsplash-small.jpg","contentUrl":"https:\/\/www.vaillant.de\/21-grad\/wp-content\/uploads\/2020\/12\/kelly-sikkema-CNjfgzoY8JU-unsplash-small.jpg","width":940,"height":611},{"@type":"BreadcrumbList","@id":"https:\/\/www.vaillant.de\/21-grad\/rat-und-tat\/6-wintertipps-so-bleibt-ihr-warm-an-kalten-tagen\/#breadcrumb","itemListElement":[{"@type":"ListItem","position":1,"name":"Startseite","item":"https:\/\/www.vaillant.de\/21-grad\/"},{"@type":"ListItem","position":2,"name":"6 Wintertipps: So bleibt ihr warm an kalten Tagen"}]},{"@type":"WebSite","@id":"https:\/\/www.vaillant.de\/21-grad\/#website","url":"https:\/\/www.vaillant.de\/21-grad\/","name":"21 grad","description":"Der Blog f\u00fcr Menschen, die weiterdenken","potentialAction":[{"@type":"SearchAction","target":{"@type":"EntryPoint","urlTemplate":"https:\/\/www.vaillant.de\/21-grad\/?s={search_term_string}"},"query-input":{"@type":"PropertyValueSpecification","valueRequired":true,"valueName":"search_term_string"}}],"inLanguage":"de"},{"@type":"Person","@id":"https:\/\/www.vaillant.de\/21-grad\/#\/schema\/person\/75a8b4aa6c2491a38cf9116850869d58","name":"Jacqueline","image":{"@type":"ImageObject","inLanguage":"de","@id":"https:\/\/www.vaillant.de\/21-grad\/wp-content\/uploads\/2018\/06\/Portrait-250-125x125.jpgfc8ce6b31ae0347d9e261097d2ccecbb","url":"https:\/\/www.vaillant.de\/21-grad\/wp-content\/uploads\/2018\/06\/Portrait-250-125x125.jpg","contentUrl":"https:\/\/www.vaillant.de\/21-grad\/wp-content\/uploads\/2018\/06\/Portrait-250-125x125.jpg","caption":"Jacqueline"},"description":"In meinem Arbeitsalltag dreht sich alles rund um digitale Themen. Ich sorge f\u00fcr die Auffindbarkeit des Unternehmens im Web, indem ich unsere Webseite immer wieder mit neuen und relevanten Inhalten best\u00fccke. Dabei ist mir besonders wichtig, dass Ihr schnell und einfach an gew\u00fcnschte Informationen gelangt. Nachhaltigkeit F\u00fcr mich bedeutet Nachhaltigkeit, auch im Alltag die Umwelt durch kleine Dinge zu entlasten. Ich fahre deswegen morgens mit dem Bus zur Arbeit, nehme zum Einkaufen meine Baumwollbeutel mit und kaufe bevorzugt Bioprodukte. Interessen In meiner Freizeit verbringe ich gerne viel Zeit mit Freuden, liebe meinen Tanzsport und spiele gerne Brettspiele. Zudem reise ich sehr gerne. Was w\u00fcrdest du tun, wenn du noch einen Tag zu leben h\u00e4ttest? Ich w\u00fcrde etwas Verr\u00fccktes wie einen Fallschirmsprung machen. Und anschlie\u00dfend eine gro\u00dfe Party mit Freunden. Wenn du eine Superkraft h\u00e4ttest, welche w\u00e4re das und warum? Ich w\u00fcrde gerne unter Wasser atmen k\u00f6nnen. Ich liebe die endlosen Weiten des Meeres und k\u00f6nnte den ganzen Tag im und unter Wasser verbringen. Was bringt dich zum l\u00e4cheln? Ein warmer Sommertag mit viel Sonne.","url":"https:\/\/www.vaillant.de\/21-grad\/autor\/jacqueline\/"}]}},"_links":{"self":[{"href":"https:\/\/www.vaillant.de\/21-grad\/wp-json\/wp\/v2\/posts\/5783","targetHints":{"allow":["GET"]}}],"collection":[{"href":"https:\/\/www.vaillant.de\/21-grad\/wp-json\/wp\/v2\/posts"}],"about":[{"href":"https:\/\/www.vaillant.de\/21-grad\/wp-json\/wp\/v2\/types\/post"}],"author":[{"embeddable":true,"href":"https:\/\/www.vaillant.de\/21-grad\/wp-json\/wp\/v2\/users\/14"}],"replies":[{"embeddable":true,"href":"https:\/\/www.vaillant.de\/21-grad\/wp-json\/wp\/v2\/comments?post=5783"}],"version-history":[{"count":9,"href":"https:\/\/www.vaillant.de\/21-grad\/wp-json\/wp\/v2\/posts\/5783\/revisions"}],"predecessor-version":[{"id":5835,"href":"https:\/\/www.vaillant.de\/21-grad\/wp-json\/wp\/v2\/posts\/5783\/revisions\/5835"}],"wp:featuredmedia":[{"embeddable":true,"href":"https:\/\/www.vaillant.de\/21-grad\/wp-json\/wp\/v2\/media\/5786"}],"wp:attachment":[{"href":"https:\/\/www.vaillant.de\/21-grad\/wp-json\/wp\/v2\/media?parent=5783"}],"wp:term":[{"taxonomy":"category","embeddable":true,"href":"https:\/\/www.vaillant.de\/21-grad\/wp-json\/wp\/v2\/categories?post=5783"},{"taxonomy":"post_tag","embeddable":true,"href":"https:\/\/www.vaillant.de\/21-grad\/wp-json\/wp\/v2\/tags?post=5783"},{"taxonomy":"author","embeddable":true,"href":"https:\/\/www.vaillant.de\/21-grad\/wp-json\/wp\/v2\/coauthors?post=5783"}],"curies":[{"name":"wp","href":"https:\/\/api.w.org\/{rel}","templated":true}]}}